{"id":171388,"date":"2021-08-02T15:28:35","date_gmt":"2021-08-02T18:28:35","guid":{"rendered":"https:\/\/www.suno.com.br\/noticias\/?p=171388"},"modified":"2021-08-02T15:33:21","modified_gmt":"2021-08-02T18:33:21","slug":"ibovespa-otimista-alta-hypera-hype3","status":"publish","type":"post","link":"https:\/\/www.suno.com.br\/noticias\/ibovespa-otimista-alta-hypera-hype3\/","title":{"rendered":"Ibovespa segue otimismo do exterior e engata alta, puxada por Hypera (HYPE3)"},"content":{"rendered":"<p>No primeiro preg\u00e3o de agosto, o <strong>Ibovespa<\/strong> segue a tend\u00eancia de <a href=\"https:\/\/www.suno.com.br\/noticias\/ibovespa-alta-cenario-exterior-otimista\/\">otimismo vista no exterior e continua em escalada<\/a>, com 1,62% de alta \u00e0s 15h20, aos 123.726 pontos.<\/p>\t<div class=\"wrapper-featured-image\">\n\t\t<figure class=\"spotlightImg\">\n\n\t\t\t<picture>\n\t\t\t\t<source media=\"(max-width: 768px)\" srcset=\"https:\/\/files.sunoresearch.com.br\/n\/uploads\/2021\/03\/a651c83b-hypera.jpg-400x200.webp\">\n\t\t\t\t<img loading=\"lazy\" decoding=\"async\" class=\"newsContent__article__imgCapa lazyloadDisabled \" src=\"https:\/\/files.sunoresearch.com.br\/n\/uploads\/2021\/03\/a651c83b-hypera.jpg-800x450.webp\" width=\"800\" height=\"450\" alt=\"Ibovespa segue otimismo do exterior e engata alta, puxada por Hypera (HYPE3)\" fetchpriority=high \/>\n\t\t\t<\/picture>\n\n\t\t\t<figcaption class=\"wp-caption-text wp-caption-text--show\">Hypera (HYPE3). Foto Divulga\u00e7\u00e3o<\/figcaption>\n\t\t<\/figure>\n\t<\/div>\n\n\n\t<p>\n\t\t<a href=\"https:\/\/lp.suno.com.br\/planilha-controle-gastos\/\" target=\"_blank\" data-element=\"shortcode-suno-banner\" title=\"Banner SUNO, clique e saiba mais\">\n\t\t\t<picture>\n\t\t\t\t<source media=\"(max-width: 500px)\" srcset=\"https:\/\/files.sunoresearch.com.br\/n\/uploads\/2023\/03\/400x300-Planilha-controle-de-gastos.png\">\n\t\t\t\t<img class=\"newsContent__article__imgCapa newsContent__article__imgCapa--banner\"\n\t\t\t\t\tsrc=\"https:\/\/files.sunoresearch.com.br\/n\/uploads\/2023\/03\/1420x240-Planilha-controle-de-gastos.png\"\n\t\t\t\t\tdata-promo-id=\"101751\"\t\t\t\t\t\t\t\t\t\twidth='1420' height='240'\t\t\t\t\talt=\"https:\/\/files.sunoresearch.com.br\/n\/uploads\/2023\/03\/1420x240-Planilha-controle-de-gastos.png\"\n\t\t\t\t>\n\t\t\t<\/picture>\n\t\t<\/a>\n\t<\/p>\n\n\n<p>No Ibovespa, que <a href=\"https:\/\/www.suno.com.br\/noticias\/primeira-previa-ibovespa-inter-bidi4-alpargatas-alpa4-meliuz-cash3\/\">deve ter sua <strong>carteira<\/strong> atualizada em setembro<\/a>, quase n\u00e3o figuram quedas, com alta generalizada em praticamente todos os pap\u00e9is &#8211; com os da <a href=\"https:\/\/www.suno.com.br\/acoes\/hype3\/\"><strong>Hypera<\/strong> (HYPE3)<\/a> a maior delas.<\/p>\n<p>De setembro a dezembro, o \u00edndice deve ter as a\u00e7\u00f5es do <a class=\"suno-keyword\" href=\"https:\/\/www.suno.com.br\/acoes\/BIDI4\/\" target=\"_blank\" rel=\"noopener noreferrer\" data-force=\"yes\" data-priority=\"2\">Inter (BIDI4)<\/a>, da\u00a0<a class=\"suno-keyword\" href=\"https:\/\/www.suno.com.br\/acoes\/ALPA4\/\" target=\"_blank\" rel=\"noopener noreferrer\" data-force=\"yes\" data-priority=\"2\">Alpargatas (ALPA4)<\/a>, do\u00a0<a class=\"suno-keyword\" href=\"https:\/\/www.suno.com.br\/acoes\/BPAN4\/\" target=\"_blank\" rel=\"noopener noreferrer\" data-force=\"yes\" data-priority=\"2\">Banco Pan (BPAN4)<\/a>, da\u00a0<a class=\"suno-keyword\" href=\"https:\/\/www.suno.com.br\/acoes\/CASH3\/\" target=\"_blank\" rel=\"noopener noreferrer\" data-force=\"yes\" data-priority=\"2\">M\u00e9liuz (CASH3)<\/a>\u00a0e da\u00a0<a class=\"suno-keyword\" href=\"https:\/\/www.suno.com.br\/acoes\/RDOR3\/\" target=\"_blank\" rel=\"noopener noreferrer\" data-force=\"yes\" data-priority=\"2\">Rede D\u2019Or (RDOR3)<\/a>\u00a0.<\/p>\n<p>Os indicadores devem contar com a <strong>Balan\u00e7a<\/strong> <strong>Comercial<\/strong> referente ao m\u00eas de julho \u00e0s 15h, ao passo que o mercado ainda digere o PMIs da Europa, em grande parte positivos.<\/p>\n<h3>Os temas que movimentam o Ibovespa hoje<\/h3>\n<ul>\n<li><strong>Hypera<\/strong> lidera altas ap\u00f3s resultado e recomenda\u00e7\u00e3o<\/li>\n<li><b>Petrobras <\/b>diz que n\u00e3o h\u00e1 defini\u00e7\u00e3o sobre vale-g\u00e1s<\/li>\n<li>Mercado eleva estimativa para <strong>infla\u00e7\u00e3o<\/strong><\/li>\n<\/ul>\n<h2>Hypera agrada o mercado e engata alta<\/h2>\n<p>A maior alta do Ibovespa \u00e9 de Hypera, alguns dias ap\u00f3s a farmac\u00eautica reportas seus resultados. Ap\u00f3s seus balan\u00e7o, o mercado firmou progn\u00f3sticos positivos acerca do futuro da companhia.<\/p>\n<p>\u201cA inova\u00e7\u00e3o est\u00e1 atingindo recordes e percebemos um portf\u00f3lio de novos produtos muito forte\u201d, afirmou o Safra.<\/p>\n\n\t<div data-element=\"shortcode-read-more\" class=\"readToo\">\n\t\t\t\t<span class=\"readToo__title\">Leia tamb\u00e9m<\/span>\n\t\t\t\t<ul class=\"readToo__list\">\n\t\t\t<li><a href=\"https:\/\/www.suno.com.br\/noticias\/dolar-alta-risco-exterior-desemprego-30072021\/\">D\u00f3lar inverte sentido e opera em alta, com avers\u00e3o a risco e desemprego<\/a><\/li><li><a href=\"https:\/\/www.suno.com.br\/noticias\/usiminas-usim5-lucro-recorde-2t21-vendas-aco\/\">Usiminas (USIM5) tem lucro recorde no 2T21 com maior volume de vendas de a\u00e7o desde 2014<\/a><\/li>\t\t<\/ul>\n\t<\/div>\n\n\n<p>O <a href=\"https:\/\/www.suno.com.br\/acoes\/bpac11\/\"><strong>BTG Pactual<\/strong> (BPAC11)<\/a> tamb\u00e9m <a href=\"https:\/\/www.suno.com.br\/artigos\/preco-alvo\/\">elevou seu pre\u00e7o-alvo para os pap\u00e9is da companhia de R$ 42 para R$ 45<\/a>.<\/p>\n<p>\u201cEstamos cortando nossas estimativas de margem para os pr\u00f3ximos anos, com margem bruta agora em 65,6% este ano e 68,4% em 2025 (contra 68% e 69,4% antes), mas revisamos nosso crescimento normalizado de vendas para 9,5% no pr\u00f3ximo quatro anos (de 7%). Tamb\u00e9m estamos incluindo o portf\u00f3lio recentemente adquirido da Sanofi em nossas estimativas\u201d, diz o relat\u00f3rio do banco.<\/p>\n<p>Atualmente <a href=\"https:\/\/www.suno.com.br\/artigos\/acoes-ordinarias\/\">as a\u00e7\u00f5es da companhia sobem mais de 5% no Ibovespa<\/a>.<\/p>\n<h2>Petrobras se pronuncia ap\u00f3s fala de Bolsonaro<\/h2>\n<p>A <a href=\"https:\/\/www.suno.com.br\/acoes\/petr4\/\">Petrobras (PETR4)<\/a> informou, nesta segunda (2) que \u201cn\u00e3o h\u00e1 defini\u00e7\u00e3o\u201d sobre a poss\u00edvel implementa\u00e7\u00e3o do<strong> vale-g\u00e1s<\/strong> e da sua participa\u00e7\u00e3o nos programas sociais citados pelo Presidente Jair Bolsonaro (sem partido). Segundo a estatal, a decis\u00e3o fica\u00a0\u201csujeita \u00e0 governan\u00e7a de aprova\u00e7\u00e3o e em conformidade com as pol\u00edticas internas da companhia\u201d.<\/p>\n<p>Isso porque ainda na semana passada, na sexta (30), o presidente citou em entrevista que o Governo Federal deve lan\u00e7ar um programa de vale-g\u00e1s para a popula\u00e7\u00e3o mais carente. Segundo Bolsonaro, h\u00e1 R$ 3 bilh\u00f5es em caixa para bancar o benef\u00edcio.<\/p>\n<p>&#8220;O novo presidente da Petrobras, Silva e Luna, est\u00e1 com uma reserva de aproximadamente R$ 3 bilh\u00f5es para atender realmente esses mais necessitados. Seria um vale-g\u00e1s, seria o equivalente, no que est\u00e1 sendo estudado at\u00e9 agora, a um buj\u00e3o de gra\u00e7a a cada dois meses&#8221;, disse Bolsonaro.<\/p>\n<p>Mas o presidente n\u00e3o revelou qual seria o crit\u00e9rio para definir as fam\u00edlias que teriam direito ao vale.<\/p>\n<h2>Mercado v\u00ea infla\u00e7\u00e3o mais alta<\/h2>\n<p>Apesar das estimativas cada vez mais altas do <a href=\"https:\/\/www.suno.com.br\/artigos\/pib\">Produto Interno Bruto (PIB)<\/a>, os analistas do mercado elevaram para 6,79% a proje\u00e7\u00e3o sobre<a href=\"https:\/\/www.suno.com.br\/artigos\/inflacao\/\">\u00a0infla\u00e7\u00e3o para at\u00e9 o fim de 2021<\/a>.<\/p>\n<p>Trata-se da 17\u00aa semana de alta de proje\u00e7\u00e3o da infla\u00e7\u00e3o.<\/p>\n<p>No relat\u00f3rio &#8220;Focus&#8221; divulgado nesta segunda (2) pelo <a href=\"https:\/\/www.suno.com.br\/artigos\/bacen\">Banco Central (BC<\/a>), constam dados colhidos de mais de 100 institui\u00e7\u00f5es financeiras &#8211; que tamb\u00e9m veem uma Selic a 7% no fim do ano.<\/p>\n\t<p>\n\t\t<a href=\"https:\/\/lp.suno.com.br\/planilha-da-vida-financeira\/\" target=\"_blank\" data-element=\"shortcode-suno-banner\" title=\"Banner SUNO, clique e saiba mais\">\n\t\t\t<picture>\n\t\t\t\t<source media=\"(max-width: 500px)\" srcset=\"https:\/\/files.sunoresearch.com.br\/n\/uploads\/2023\/04\/400x300-Planilha-vida-financeira-true.png\">\n\t\t\t\t<img class=\"newsContent__article__imgCapa newsContent__article__imgCapa--banner\"\n\t\t\t\t\tsrc=\"https:\/\/files.sunoresearch.com.br\/n\/uploads\/2023\/04\/1420x240-Planilha-vida-financeira-true.png\"\n\t\t\t\t\tdata-promo-id=\"106682\"\t\t\t\t\t\t\t\t\t\twidth='1420' height='240'\t\t\t\t\talt=\"https:\/\/files.sunoresearch.com.br\/n\/uploads\/2023\/04\/1420x240-Planilha-vida-financeira-true.png\"\n\t\t\t\t>\n\t\t\t<\/picture>\n\t\t<\/a>\n\t<\/p>\n\n\n<p>Al\u00e9m disso, para 2022, a proje\u00e7\u00e3o do PIB \u00e9 de 2,10% ante 3,81% de infla\u00e7\u00e3o.<\/p>\n<h2>Maiores altas do Ibovespa<\/h2>\n<p>Confira as altas do <strong>\u00edndice Ibovespa<\/strong>, por volta das 15h:<\/p>\n<ul>\n<li><a href=\"https:\/\/www.suno.com.br\/acoes\/hype3\/\"><strong>Hypera <\/strong>(HYPE3)<\/a>: +5,30%<\/li>\n<li><a href=\"https:\/\/www.suno.com.br\/acoes\/WEGE3\/\"><strong>Weg <\/strong>(WEGE3)<\/a>: +4,05%<\/li>\n<li><a href=\"https:\/\/www.suno.com.br\/acoes\/TOTVS3\/\"><strong>TOTV <\/strong>(TOTS3)<\/a>: +4,38%<\/li>\n<li><a href=\"https:\/\/www.suno.com.br\/acoes\/EMBR3\/\"><strong>Embraer <\/strong>(EMBR3)<\/a>: +4,14%<\/li>\n<li><a href=\"https:\/\/www.suno.com.br\/acoes\/FLRY3\/\"><strong>Fleury <\/strong>(FLRY3)<\/a>: +4,11%<\/li>\n<\/ul>\n<h2>Maiores baixas do Ibovespa<\/h2>\n<p>No mesmo hor\u00e1rio, as maiores baixas do Ibovespa eram:<\/p>\n<ul>\n<li><a href=\"https:\/\/www.suno.com.br\/acoes\/BBSE3\/\"><strong>BB Seguridade <\/strong>(BBSE3)<\/a>: -1,44%<\/li>\n<li><a href=\"https:\/\/www.suno.com.br\/acoes\/CSNA3\/\"><strong>Companhia Sider\u00fargica Nacional <\/strong>(CSNA3)<\/a>: -0,66%<\/li>\n<li><a href=\"https:\/\/www.suno.com.br\/acoes\/PETR4\/\"><strong>Petrobras<\/strong> (PETR4)<\/a>: -0,15%<\/li>\n<li><a href=\"https:\/\/www.suno.com.br\/acoes\/PRIO3\/\"><strong>PetroRio<\/strong> (PRIO3)<\/a>: -0,11%<\/li>\n<li><a href=\"https:\/\/www.suno.com.br\/acoes\/NTCO3\/\"><strong>NTCO<\/strong> (NTCO3)<\/a>: -0,06%<\/li>\n<\/ul>\n<h2>Bolsas mundiais<\/h2>\n<p><span style=\"font-weight: 400;\">Al\u00e9m do <strong>\u00edndice Bovespa<\/strong>, confira a cota\u00e7\u00e3o dos principais \u00edndices mundiais nesta tarde:<\/span><\/p>\n<ul>\n<li>S&amp;P 500: -0,01%<\/li>\n<li><a href=\"https:\/\/www.suno.com.br\/artigos\/dax-30\/\">DAX 30<\/a> (Alemanha): +0,16%<\/li>\n<li><a href=\"https:\/\/www.suno.com.br\/artigos\/ftse-100\/\">FTSE 100<\/a> (Inglaterra): +0,70%<\/li>\n<li><a href=\"https:\/\/www.suno.com.br\/artigos\/euro-stoxx-50\/\">Euro Stoxx 50<\/a>: +0,59%<\/li>\n<li>SSE Composite (Xangai): +1,97% (fechada)<\/li>\n<li><a href=\"https:\/\/www.suno.com.br\/artigos\/nikkei-225\/\">Nikkei 225<\/a> (Jap\u00e3o): +1,82% (fechada)<\/li>\n<\/ul>\n<h2>\u00daltima cota\u00e7\u00e3o do Ibovespa<\/h2>\n<p>O <strong>Ibovespa <\/strong>fechou o preg\u00e3o de sexta (30) em queda de 3,08%, a 121.800 pontos.<\/p>\n\t<p>\n\t\t<a href=\"https:\/\/lp.suno.com.br\/planilha-de-controle-de-investimentos\/\" target=\"_blank\" data-element=\"shortcode-suno-banner\" title=\"Banner SUNO, clique e saiba mais\">\n\t\t\t<picture>\n\t\t\t\t<source media=\"(max-width: 500px)\" srcset=\"https:\/\/files.sunoresearch.com.br\/n\/uploads\/2023\/03\/400x300-Controle-de-Investimentos.png\">\n\t\t\t\t<img class=\"newsContent__article__imgCapa newsContent__article__imgCapa--banner\"\n\t\t\t\t\tsrc=\"https:\/\/files.sunoresearch.com.br\/n\/uploads\/2023\/03\/1420x240-Controle-de-Investimentos.png\"\n\t\t\t\t\tdata-promo-id=\"75934\"\t\t\t\t\t\t\t\t\t\twidth='1420' height='240'\t\t\t\t\talt=\"https:\/\/files.sunoresearch.com.br\/n\/uploads\/2023\/03\/1420x240-Controle-de-Investimentos.png\"\n\t\t\t\t>\n\t\t\t<\/picture>\n\t\t<\/a>\n\t<\/p>\n\n\n","protected":false},"excerpt":{"rendered":"<p>No primeiro preg\u00e3o de agosto, o Ibovespa segue a tend\u00eancia de otimismo vista no exterior e continua em escalada, com 1,62% de alta \u00e0s 15h20, aos 123.726 pontos. Usiminas. Foto: divulgacao No Ibovespa, que deve ter sua carteira atualizada em setembro, quase n\u00e3o figuram quedas, com alta generalizada em praticamente todos os pap\u00e9is &#8211; com [&hellip;]<\/p>\n","protected":false},"author":73,"featured_media":130337,"comment_status":"closed","ping_status":"closed","sticky":false,"template":"","format":"standard","meta":[],"categories":[60],"tags":[501,721,595],"suno_strategy":[],"class_list":["post-171388","post","type-post","status-publish","format-standard","has-post-thumbnail","hentry","category-mercado","tag-hypera-pharma-hype3","tag-ibovespa","tag-petrobras-petr4"],"yoast_head":"<!-- This site is optimized with the Yoast SEO plugin v24.4 - https:\/\/yoast.com\/wordpress\/plugins\/seo\/ -->\n<title>Ibovespa segue otimista e engata alta de 2% puxada por Hypera (HYPE3)<\/title>\n<meta name=\"description\" content=\"Ap\u00f3s fechar uma semana de perdas amargas, o Ibovespa segue uma segunda de recupera\u00e7\u00e3o com alta generalizada. Clique aqui e leia mais.\" \/>\n<meta name=\"robots\" content=\"index, follow, max-snippet:-1, max-image-preview:large, max-video-preview:-1\" \/>\n<link rel=\"canonical\" href=\"https:\/\/www.suno.com.br\/noticias\/ibovespa-otimista-alta-hypera-hype3\/\" \/>\n<meta property=\"og:locale\" content=\"pt_BR\" \/>\n<meta property=\"og:type\" content=\"article\" \/>\n<meta property=\"og:title\" content=\"Ibovespa segue otimista e engata alta de 2% puxada por Hypera (HYPE3)\" \/>\n<meta property=\"og:description\" content=\"Ap\u00f3s fechar uma semana de perdas amargas, o Ibovespa segue uma segunda de recupera\u00e7\u00e3o com alta generalizada. Clique aqui e leia mais.\" \/>\n<meta property=\"og:url\" content=\"https:\/\/www.suno.com.br\/noticias\/ibovespa-otimista-alta-hypera-hype3\/\" \/>\n<meta property=\"og:site_name\" content=\"Suno Not\u00edcias\" \/>\n<meta property=\"article:publisher\" content=\"https:\/\/facebook.com\/sunoresearch\" \/>\n<meta property=\"og:image\" content=\"https:\/\/files.sunoresearch.com.br\/n\/uploads\/2021\/03\/a651c83b-hypera.jpg.jpg\" \/>\n\t<meta property=\"og:image:width\" content=\"1200\" \/>\n\t<meta property=\"og:image:height\" content=\"800\" \/>\n\t<meta property=\"og:image:type\" content=\"image\/jpeg\" \/>\n<meta name=\"author\" content=\"Eduardo Vargas\" \/>\n<meta name=\"twitter:card\" content=\"summary_large_image\" \/>\n<meta name=\"twitter:creator\" content=\"@sunoresearch\" \/>\n<meta name=\"twitter:site\" content=\"@sunoresearch\" \/>\n<meta name=\"twitter:label1\" content=\"Escrito por\" \/>\n\t<meta name=\"twitter:data1\" content=\"Eduardo Vargas\" \/>\n\t<meta name=\"twitter:label2\" content=\"Est. tempo de leitura\" \/>\n\t<meta name=\"twitter:data2\" content=\"4 minutos\" \/>\n<script type=\"application\/ld+json\" class=\"yoast-schema-graph\">{\"@context\":\"https:\/\/schema.org\",\"@graph\":[{\"@type\":\"NewsArticle\",\"@id\":\"https:\/\/www.suno.com.br\/noticias\/ibovespa-otimista-alta-hypera-hype3\/#article\",\"isPartOf\":{\"@id\":\"https:\/\/www.suno.com.br\/noticias\/ibovespa-otimista-alta-hypera-hype3\/\"},\"author\":{\"name\":\"Eduardo Vargas\",\"@id\":\"https:\/\/www.suno.com.br\/noticias\/#\/schema\/person\/7f4d362bf3518e76090143ae77bb49a5\"},\"headline\":\"Ibovespa segue otimismo do exterior e engata alta, puxada por Hypera (HYPE3)\",\"datePublished\":\"2021-08-02T18:28:35+00:00\",\"dateModified\":\"2021-08-02T18:33:21+00:00\",\"mainEntityOfPage\":{\"@id\":\"https:\/\/www.suno.com.br\/noticias\/ibovespa-otimista-alta-hypera-hype3\/\"},\"wordCount\":717,\"publisher\":{\"@id\":\"https:\/\/www.suno.com.br\/noticias\/#organization\"},\"image\":{\"@id\":\"https:\/\/www.suno.com.br\/noticias\/ibovespa-otimista-alta-hypera-hype3\/#primaryimage\"},\"thumbnailUrl\":\"https:\/\/files.sunoresearch.com.br\/n\/uploads\/2021\/03\/a651c83b-hypera.jpg-jpg.webp\",\"keywords\":[\"Hypera Pharma (HYPE3)\",\"Ibovespa\",\"Petrobras (PETR4)\"],\"articleSection\":[\"Mercado\"],\"inLanguage\":\"pt-BR\"},{\"@type\":\"WebPage\",\"@id\":\"https:\/\/www.suno.com.br\/noticias\/ibovespa-otimista-alta-hypera-hype3\/\",\"url\":\"https:\/\/www.suno.com.br\/noticias\/ibovespa-otimista-alta-hypera-hype3\/\",\"name\":\"Ibovespa segue otimista e engata alta de 2% puxada por Hypera (HYPE3)\",\"isPartOf\":{\"@id\":\"https:\/\/www.suno.com.br\/noticias\/#website\"},\"primaryImageOfPage\":{\"@id\":\"https:\/\/www.suno.com.br\/noticias\/ibovespa-otimista-alta-hypera-hype3\/#primaryimage\"},\"image\":{\"@id\":\"https:\/\/www.suno.com.br\/noticias\/ibovespa-otimista-alta-hypera-hype3\/#primaryimage\"},\"thumbnailUrl\":\"https:\/\/files.sunoresearch.com.br\/n\/uploads\/2021\/03\/a651c83b-hypera.jpg-jpg.webp\",\"datePublished\":\"2021-08-02T18:28:35+00:00\",\"dateModified\":\"2021-08-02T18:33:21+00:00\",\"description\":\"Ap\u00f3s fechar uma semana de perdas amargas, o Ibovespa segue uma segunda de recupera\u00e7\u00e3o com alta generalizada. Clique aqui e leia mais.\",\"breadcrumb\":{\"@id\":\"https:\/\/www.suno.com.br\/noticias\/ibovespa-otimista-alta-hypera-hype3\/#breadcrumb\"},\"inLanguage\":\"pt-BR\",\"potentialAction\":[{\"@type\":\"ReadAction\",\"target\":[\"https:\/\/www.suno.com.br\/noticias\/ibovespa-otimista-alta-hypera-hype3\/\"]}]},{\"@type\":\"ImageObject\",\"inLanguage\":\"pt-BR\",\"@id\":\"https:\/\/www.suno.com.br\/noticias\/ibovespa-otimista-alta-hypera-hype3\/#primaryimage\",\"url\":\"https:\/\/files.sunoresearch.com.br\/n\/uploads\/2021\/03\/a651c83b-hypera.jpg-jpg.webp\",\"contentUrl\":\"https:\/\/files.sunoresearch.com.br\/n\/uploads\/2021\/03\/a651c83b-hypera.jpg-jpg.webp\",\"width\":1200,\"height\":800,\"caption\":\"Hypera (HYPE3). Foto Divulga\u00e7\u00e3o\"},{\"@type\":\"BreadcrumbList\",\"@id\":\"https:\/\/www.suno.com.br\/noticias\/ibovespa-otimista-alta-hypera-hype3\/#breadcrumb\",\"itemListElement\":[{\"@type\":\"ListItem\",\"position\":1,\"name\":\"Not\u00edcias\",\"item\":\"https:\/\/www.suno.com.br\/noticias\/\"},{\"@type\":\"ListItem\",\"position\":2,\"name\":\"Mercado\",\"item\":\"https:\/\/www.suno.com.br\/noticias\/mercado\/\"},{\"@type\":\"ListItem\",\"position\":3,\"name\":\"Ibovespa segue otimismo do exterior e engata alta, puxada por Hypera (HYPE3)\"}]},{\"@type\":\"WebSite\",\"@id\":\"https:\/\/www.suno.com.br\/noticias\/#website\",\"url\":\"https:\/\/www.suno.com.br\/noticias\/\",\"name\":\"Suno Not\u00edcias\",\"description\":\"Seu portal de informa\u00e7\u00e3o sobre o mundo dos investimentos\",\"publisher\":{\"@id\":\"https:\/\/www.suno.com.br\/noticias\/#organization\"},\"potentialAction\":[{\"@type\":\"SearchAction\",\"target\":{\"@type\":\"EntryPoint\",\"urlTemplate\":\"https:\/\/www.suno.com.br\/noticias\/?s={search_term_string}\"},\"query-input\":{\"@type\":\"PropertyValueSpecification\",\"valueRequired\":true,\"valueName\":\"search_term_string\"}}],\"inLanguage\":\"pt-BR\"},{\"@type\":\"Organization\",\"@id\":\"https:\/\/www.suno.com.br\/noticias\/#organization\",\"name\":\"Suno Not\u00edcias\",\"url\":\"https:\/\/www.suno.com.br\/noticias\/\",\"logo\":{\"@type\":\"ImageObject\",\"inLanguage\":\"pt-BR\",\"@id\":\"https:\/\/www.suno.com.br\/noticias\/#\/schema\/logo\/image\/\",\"url\":\"https:\/\/files.sunoresearch.com.br\/n\/uploads\/2021\/09\/suno-logo.png\",\"contentUrl\":\"https:\/\/files.sunoresearch.com.br\/n\/uploads\/2021\/09\/suno-logo.png\",\"width\":180,\"height\":180,\"caption\":\"Suno Not\u00edcias\"},\"image\":{\"@id\":\"https:\/\/www.suno.com.br\/noticias\/#\/schema\/logo\/image\/\"},\"sameAs\":[\"https:\/\/facebook.com\/sunoresearch\",\"https:\/\/x.com\/sunoresearch\",\"https:\/\/www.instagram.com\/suno\",\"https:\/\/www.linkedin.com\/company\/suno-research\/\",\"https:\/\/www.youtube.com\/c\/sunoresearch\"]},{\"@type\":\"Person\",\"@id\":\"https:\/\/www.suno.com.br\/noticias\/#\/schema\/person\/7f4d362bf3518e76090143ae77bb49a5\",\"name\":\"Eduardo Vargas\",\"image\":{\"@type\":\"ImageObject\",\"inLanguage\":\"pt-BR\",\"@id\":\"https:\/\/www.suno.com.br\/noticias\/#\/schema\/person\/image\/\",\"url\":\"https:\/\/secure.gravatar.com\/avatar\/dac340933427a22924c9f99d1eb2e3f2?s=96&r=g\",\"contentUrl\":\"https:\/\/secure.gravatar.com\/avatar\/dac340933427a22924c9f99d1eb2e3f2?s=96&r=g\",\"caption\":\"Eduardo Vargas\"},\"description\":\"Jornalista formado pela UFSC, cobre macroeconomia, neg\u00f3cios e startups para o Suno Not\u00edcias, escrevendo principalmente not\u00edcias sobre o mercado financeiro e a bolsa de valores. No YouTube e no Instagram, \u00e9 respons\u00e1vel pela produ\u00e7\u00e3o de Reels e Shorts do Suno Not\u00edcias. Anteriormente, trabalhou cobrindo economia e cotidiano no ND+ e para o ND, maior jornal impresso de Santa Catarina. Cursou um semestre letivo de Estudos de M\u00eddia na Universidad de Buenos Aires.\",\"url\":\"https:\/\/www.suno.com.br\/noticias\/author\/eduardo-vargas\/\"}]}<\/script>\n<!-- \/ Yoast SEO plugin. -->","yoast_head_json":{"title":"Ibovespa segue otimista e engata alta de 2% puxada por Hypera (HYPE3)","description":"Ap\u00f3s fechar uma semana de perdas amargas, o Ibovespa segue uma segunda de recupera\u00e7\u00e3o com alta generalizada. Clique aqui e leia mais.","robots":{"index":"index","follow":"follow","max-snippet":"max-snippet:-1","max-image-preview":"max-image-preview:large","max-video-preview":"max-video-preview:-1"},"canonical":"https:\/\/www.suno.com.br\/noticias\/ibovespa-otimista-alta-hypera-hype3\/","og_locale":"pt_BR","og_type":"article","og_title":"Ibovespa segue otimista e engata alta de 2% puxada por Hypera (HYPE3)","og_description":"Ap\u00f3s fechar uma semana de perdas amargas, o Ibovespa segue uma segunda de recupera\u00e7\u00e3o com alta generalizada. Clique aqui e leia mais.","og_url":"https:\/\/www.suno.com.br\/noticias\/ibovespa-otimista-alta-hypera-hype3\/","og_site_name":"Suno Not\u00edcias","article_publisher":"https:\/\/facebook.com\/sunoresearch","og_image":[{"width":1200,"height":800,"url":"https:\/\/files.sunoresearch.com.br\/n\/uploads\/2021\/03\/a651c83b-hypera.jpg.jpg","type":"image\/jpeg"}],"author":"Eduardo Vargas","twitter_card":"summary_large_image","twitter_creator":"@sunoresearch","twitter_site":"@sunoresearch","twitter_misc":{"Escrito por":"Eduardo Vargas","Est. tempo de leitura":"4 minutos"},"schema":{"@context":"https:\/\/schema.org","@graph":[{"@type":"NewsArticle","@id":"https:\/\/www.suno.com.br\/noticias\/ibovespa-otimista-alta-hypera-hype3\/#article","isPartOf":{"@id":"https:\/\/www.suno.com.br\/noticias\/ibovespa-otimista-alta-hypera-hype3\/"},"author":{"name":"Eduardo Vargas","@id":"https:\/\/www.suno.com.br\/noticias\/#\/schema\/person\/7f4d362bf3518e76090143ae77bb49a5"},"headline":"Ibovespa segue otimismo do exterior e engata alta, puxada por Hypera (HYPE3)","datePublished":"2021-08-02T18:28:35+00:00","dateModified":"2021-08-02T18:33:21+00:00","mainEntityOfPage":{"@id":"https:\/\/www.suno.com.br\/noticias\/ibovespa-otimista-alta-hypera-hype3\/"},"wordCount":717,"publisher":{"@id":"https:\/\/www.suno.com.br\/noticias\/#organization"},"image":{"@id":"https:\/\/www.suno.com.br\/noticias\/ibovespa-otimista-alta-hypera-hype3\/#primaryimage"},"thumbnailUrl":"https:\/\/files.sunoresearch.com.br\/n\/uploads\/2021\/03\/a651c83b-hypera.jpg-jpg.webp","keywords":["Hypera Pharma (HYPE3)","Ibovespa","Petrobras (PETR4)"],"articleSection":["Mercado"],"inLanguage":"pt-BR"},{"@type":"WebPage","@id":"https:\/\/www.suno.com.br\/noticias\/ibovespa-otimista-alta-hypera-hype3\/","url":"https:\/\/www.suno.com.br\/noticias\/ibovespa-otimista-alta-hypera-hype3\/","name":"Ibovespa segue otimista e engata alta de 2% puxada por Hypera (HYPE3)","isPartOf":{"@id":"https:\/\/www.suno.com.br\/noticias\/#website"},"primaryImageOfPage":{"@id":"https:\/\/www.suno.com.br\/noticias\/ibovespa-otimista-alta-hypera-hype3\/#primaryimage"},"image":{"@id":"https:\/\/www.suno.com.br\/noticias\/ibovespa-otimista-alta-hypera-hype3\/#primaryimage"},"thumbnailUrl":"https:\/\/files.sunoresearch.com.br\/n\/uploads\/2021\/03\/a651c83b-hypera.jpg-jpg.webp","datePublished":"2021-08-02T18:28:35+00:00","dateModified":"2021-08-02T18:33:21+00:00","description":"Ap\u00f3s fechar uma semana de perdas amargas, o Ibovespa segue uma segunda de recupera\u00e7\u00e3o com alta generalizada. Clique aqui e leia mais.","breadcrumb":{"@id":"https:\/\/www.suno.com.br\/noticias\/ibovespa-otimista-alta-hypera-hype3\/#breadcrumb"},"inLanguage":"pt-BR","potentialAction":[{"@type":"ReadAction","target":["https:\/\/www.suno.com.br\/noticias\/ibovespa-otimista-alta-hypera-hype3\/"]}]},{"@type":"ImageObject","inLanguage":"pt-BR","@id":"https:\/\/www.suno.com.br\/noticias\/ibovespa-otimista-alta-hypera-hype3\/#primaryimage","url":"https:\/\/files.sunoresearch.com.br\/n\/uploads\/2021\/03\/a651c83b-hypera.jpg-jpg.webp","contentUrl":"https:\/\/files.sunoresearch.com.br\/n\/uploads\/2021\/03\/a651c83b-hypera.jpg-jpg.webp","width":1200,"height":800,"caption":"Hypera (HYPE3). Foto Divulga\u00e7\u00e3o"},{"@type":"BreadcrumbList","@id":"https:\/\/www.suno.com.br\/noticias\/ibovespa-otimista-alta-hypera-hype3\/#breadcrumb","itemListElement":[{"@type":"ListItem","position":1,"name":"Not\u00edcias","item":"https:\/\/www.suno.com.br\/noticias\/"},{"@type":"ListItem","position":2,"name":"Mercado","item":"https:\/\/www.suno.com.br\/noticias\/mercado\/"},{"@type":"ListItem","position":3,"name":"Ibovespa segue otimismo do exterior e engata alta, puxada por Hypera (HYPE3)"}]},{"@type":"WebSite","@id":"https:\/\/www.suno.com.br\/noticias\/#website","url":"https:\/\/www.suno.com.br\/noticias\/","name":"Suno Not\u00edcias","description":"Seu portal de informa\u00e7\u00e3o sobre o mundo dos investimentos","publisher":{"@id":"https:\/\/www.suno.com.br\/noticias\/#organization"},"potentialAction":[{"@type":"SearchAction","target":{"@type":"EntryPoint","urlTemplate":"https:\/\/www.suno.com.br\/noticias\/?s={search_term_string}"},"query-input":{"@type":"PropertyValueSpecification","valueRequired":true,"valueName":"search_term_string"}}],"inLanguage":"pt-BR"},{"@type":"Organization","@id":"https:\/\/www.suno.com.br\/noticias\/#organization","name":"Suno Not\u00edcias","url":"https:\/\/www.suno.com.br\/noticias\/","logo":{"@type":"ImageObject","inLanguage":"pt-BR","@id":"https:\/\/www.suno.com.br\/noticias\/#\/schema\/logo\/image\/","url":"https:\/\/files.sunoresearch.com.br\/n\/uploads\/2021\/09\/suno-logo.png","contentUrl":"https:\/\/files.sunoresearch.com.br\/n\/uploads\/2021\/09\/suno-logo.png","width":180,"height":180,"caption":"Suno Not\u00edcias"},"image":{"@id":"https:\/\/www.suno.com.br\/noticias\/#\/schema\/logo\/image\/"},"sameAs":["https:\/\/facebook.com\/sunoresearch","https:\/\/x.com\/sunoresearch","https:\/\/www.instagram.com\/suno","https:\/\/www.linkedin.com\/company\/suno-research\/","https:\/\/www.youtube.com\/c\/sunoresearch"]},{"@type":"Person","@id":"https:\/\/www.suno.com.br\/noticias\/#\/schema\/person\/7f4d362bf3518e76090143ae77bb49a5","name":"Eduardo Vargas","image":{"@type":"ImageObject","inLanguage":"pt-BR","@id":"https:\/\/www.suno.com.br\/noticias\/#\/schema\/person\/image\/","url":"https:\/\/secure.gravatar.com\/avatar\/dac340933427a22924c9f99d1eb2e3f2?s=96&r=g","contentUrl":"https:\/\/secure.gravatar.com\/avatar\/dac340933427a22924c9f99d1eb2e3f2?s=96&r=g","caption":"Eduardo Vargas"},"description":"Jornalista formado pela UFSC, cobre macroeconomia, neg\u00f3cios e startups para o Suno Not\u00edcias, escrevendo principalmente not\u00edcias sobre o mercado financeiro e a bolsa de valores. No YouTube e no Instagram, \u00e9 respons\u00e1vel pela produ\u00e7\u00e3o de Reels e Shorts do Suno Not\u00edcias. Anteriormente, trabalhou cobrindo economia e cotidiano no ND+ e para o ND, maior jornal impresso de Santa Catarina. Cursou um semestre letivo de Estudos de M\u00eddia na Universidad de Buenos Aires.","url":"https:\/\/www.suno.com.br\/noticias\/author\/eduardo-vargas\/"}]}},"default_loop_html":"<div class=\"cardsPage__listCard__boxs\"><div class=\"cardsPage__listCard__boxs__img\"><a href=\"https:\/\/www.suno.com.br\/noticias\/usiminas-usim5-lucro-recorde-2t21-vendas-aco\/\"><img class=\"mask\" src=\"https:\/\/www.suno.com.br\/noticias\/wp-content\/themes\/suno\/resources\/images\/spotlight\/spotlight1img\/bg-mask.png\" alt=\"Image Mask\"\/><img src=\"https:\/\/files.sunoresearch.com.br\/n\/uploads\/2021\/07\/dda85973-usina-de-ipatinga-usiminas-400x200.jpg\" alt=\"Usiminas (USIM5) tem lucro recorde no 2T21 com maior volume de vendas de a\u00e7o desde 2014\"\/><\/a><span class=\"spotlightCategory\"><a href=\"https:\/\/www.suno.com.br\/noticias\/negocios\/\">Neg\u00f3cios<\/a><\/span><\/div><div class=\"cardsPage__listCard__boxs__content\"><a href=\"https:\/\/www.suno.com.br\/noticias\/usiminas-usim5-lucro-recorde-2t21-vendas-aco\/\"><h2 class=\"content__title\">Usiminas (USIM5) tem lucro recorde no 2T21 com maior volume de vendas de a\u00e7o desde 2014<\/h2><\/a><div class=\"newsContent__article__meta\"><div class=\"newsContent__article__meta__authorBox\"><a href=\"https:\/\/www.suno.com.br\/noticias\/author\/monique-lima\/\" class=\"authorBox__avatar noMobi\"><img src=\"https:\/\/secure.gravatar.com\/avatar\/daee7f16d906c2e9ffed236206ca2c30?s=96&#038;r=g\" alt=\"Monique Lima\"><\/a><div class=\"authorBox__name\"><span>por\n\t\t\t<a href=\"https:\/\/www.suno.com.br\/noticias\/author\/monique-lima\/\"><span itemprop=\"author\">Monique Lima<\/span><\/a><\/span><time datetime=\"2021-07-30T08:37:03-03:00\" itemprop=\"datePublished\">30\/07\/2021 08:37<\/time><\/div><\/div><\/div><\/div><\/div>","single_layout":"posts","amp_enabled":true,"_links":{"self":[{"href":"https:\/\/www.suno.com.br\/noticias\/wp-json\/wp\/v2\/posts\/171388"}],"collection":[{"href":"https:\/\/www.suno.com.br\/noticias\/wp-json\/wp\/v2\/posts"}],"about":[{"href":"https:\/\/www.suno.com.br\/noticias\/wp-json\/wp\/v2\/types\/post"}],"author":[{"embeddable":true,"href":"https:\/\/www.suno.com.br\/noticias\/wp-json\/wp\/v2\/users\/73"}],"replies":[{"embeddable":true,"href":"https:\/\/www.suno.com.br\/noticias\/wp-json\/wp\/v2\/comments?post=171388"}],"version-history":[{"count":3,"href":"https:\/\/www.suno.com.br\/noticias\/wp-json\/wp\/v2\/posts\/171388\/revisions"}],"predecessor-version":[{"id":171410,"href":"https:\/\/www.suno.com.br\/noticias\/wp-json\/wp\/v2\/posts\/171388\/revisions\/171410"}],"wp:featuredmedia":[{"embeddable":true,"href":"https:\/\/www.suno.com.br\/noticias\/wp-json\/wp\/v2\/media\/130337"}],"wp:attachment":[{"href":"https:\/\/www.suno.com.br\/noticias\/wp-json\/wp\/v2\/media?parent=171388"}],"wp:term":[{"taxonomy":"category","embeddable":true,"href":"https:\/\/www.suno.com.br\/noticias\/wp-json\/wp\/v2\/categories?post=171388"},{"taxonomy":"post_tag","embeddable":true,"href":"https:\/\/www.suno.com.br\/noticias\/wp-json\/wp\/v2\/tags?post=171388"},{"taxonomy":"suno_strategy","embeddable":true,"href":"https:\/\/www.suno.com.br\/noticias\/wp-json\/wp\/v2\/suno_strategy?post=171388"}],"curies":[{"name":"wp","href":"https:\/\/api.w.org\/{rel}","templated":true}]}}