{"id":17135,"date":"2019-03-04T15:10:42","date_gmt":"2019-03-04T18:10:42","guid":{"rendered":"https:\/\/www.suno.com.br\/noticias\/?p=17135"},"modified":"2021-06-13T23:47:47","modified_gmt":"2021-06-14T02:47:47","slug":"guaido-volta-venezuela-liderar-protestos-maduro","status":"publish","type":"post","link":"https:\/\/www.suno.com.br\/noticias\/guaido-volta-venezuela-liderar-protestos-maduro\/","title":{"rendered":"Guaid\u00f3 volta \u00e0 Venezuela para liderar protestos contra Maduro"},"content":{"rendered":"<p>O autoproclamado presidente interino da Venezuela, <strong>Juan Guaid\u00f3,<\/strong>\u00a0chegou em Caracas nesta segunda-feira (4). O l\u00edder da oposi\u00e7\u00e3o retornou ao pa\u00eds para liderar as manifesta\u00e7\u00f5es contra o regime de <strong>Nicol\u00e1s Maduro.<\/strong><\/p>\t<div class=\"wrapper-featured-image\">\n\t\t<figure class=\"spotlightImg\">\n\n\t\t\t<picture>\n\t\t\t\t<source media=\"(max-width: 768px)\" srcset=\"https:\/\/files.sunoresearch.com.br\/n\/uploads\/2019\/03\/31c44ad7-juan-guaid\u00f33-400x200.webp\">\n\t\t\t\t<img loading=\"lazy\" decoding=\"async\" class=\"newsContent__article__imgCapa lazyloadDisabled newsContent__article__imgCapa--noCaption\" src=\"https:\/\/files.sunoresearch.com.br\/n\/uploads\/2019\/03\/31c44ad7-juan-guaid\u00f33-800x450.webp\" width=\"800\" height=\"450\" alt=\"Guaid\u00f3 volta \u00e0 Venezuela para liderar protestos contra Maduro\" fetchpriority=high \/>\n\t\t\t<\/picture>\n\n\t\t\t<figcaption class=\"wp-caption-text wp-caption-text--hide\">Juan Guaid\u00f3<\/figcaption>\n\t\t<\/figure>\n\t<\/div>\n\n\n<p><strong>Guaid\u00f3<\/strong> aterrissou por volta do meio-dia desta segunda-feira no aeroporto internacional Sim\u00f3n Bol\u00edvar de Maiquet\u00eda. O <strong>presidente interino<\/strong> foi\u00a0foi recebido por uma multid\u00e3o e logo em seguida foi at\u00e9 uma pra\u00e7a na capital da <strong>Venezuela.<\/strong> No local estavam um grupo de seus apoiadores.<\/p>\n<p><a href=\"https:\/\/www.suno.com.br\/noticias\/juan-guaido-anuncia-seu-retorno-venezuela\/\">Saiba mais: Juan Guaid\u00f3 anuncia seu retorno \u00e0 Venezuela\u00a0<\/a><\/p>\n<p>&#8220;Entramos na <strong>Venezuela<\/strong> como cidad\u00e3os livres, que nada nos diga o contr\u00e1rio. J\u00e1 sentindo o sol de La Guaira, o brilho da cidade que nos esperava aqui&#8221;, afirmou <strong>Guaid\u00f3.<\/strong> Sua chegada foi pac\u00edfica e n\u00e3o houve impedimentos por parte do governo para o seu desembarque em solo venezuelano. A TV Venezuela, canal de l\u00edngua espanhola sediada em <strong>Miami,<\/strong> transmitiu sua chegada ao vivo do aeroporto.<\/p>\n<p style=\"text-align: center;\"><iframe loading=\"lazy\" src=\"https:\/\/www.youtube.com\/embed\/2-WmtV8srpA\" width=\"560\" height=\"315\" frameborder=\"0\" allowfullscreen=\"allowfullscreen\"><\/iframe>\n<\/p>\n<p>\u200bNo local estavam presentes os representantes diplom\u00e1ticos da <strong>Alemanha, Holanda, Espanha, Fran\u00e7a<\/strong> e <strong>Chile.<\/strong> &#8220;Viemos para ajudar, para que o seu regresso seja seguro\u201d, afirmou o embaixador alem\u00e3o na <strong>Venezuela,<\/strong> Daniel Maitel Kriener.<\/p>\n<p><a href=\"https:\/\/www.suno.com.br\/noticias\/bolsonaro-aceitaria-conversar-com-maduro\/\">Saiba mais: Bolsonaro: aceitaria conversar com Maduro para alcan\u00e7ar solu\u00e7\u00e3o\u00a0<\/a><\/p>\n<p>O retorno do l\u00edder oposicionista contraria ordem judicial que o proibia de deixar a <strong>Venezuela.<\/strong> Nas \u00faltimas semanas ele esteve na <strong>Col\u00f4mbia,<\/strong> no <strong>Brasil, Paraguai, Argentina<\/strong> e <strong>Equador.<\/strong> Por isso, <strong>Guaid\u00f3<\/strong> volta \u00e0 Venezuela sob forte risco de ser preso.<\/p>\n<p>O presidente interino agradeceu durante seu discurso o apoio dos pa\u00edses vizinhos. Ele pediu que os seus apoiadores n\u00e3o cedam \u00e0 desesperan\u00e7a. &#8220;Hoje a <strong>Venezuela<\/strong> insiste em avan\u00e7ar&#8221;, disse, falando para os manifestantes contr\u00e1rios ao regime de <strong>Maduro,<\/strong> &#8220;Eu sou um humilde funcion\u00e1rio p\u00fablico, n\u00f3s nos deslocamos para a fronteira com milhares de volunt\u00e1rios, juntamente com os deputados da <strong>Assembleia,<\/strong> para conseguir ajuda humanit\u00e1ria. O regime n\u00e3o pode parar as pessoas na rua&#8221;.<\/p>\n<p><a href=\"https:\/\/www.suno.com.br\/noticias\/mourao-maduro-venezuela-diplomatica\/\">Saiba mais: Mour\u00e3o: sa\u00edda de Maduro do poder depende de press\u00e3o diplom\u00e1tica\u00a0<\/a><\/p>\n<h2>Protestos convocados via internet<\/h2>\n<p>No \u00faltimo domingo (3), <strong>Guaid\u00f3<\/strong> convocou protestos nessa semana em toda a <strong>Venezuela.<\/strong> Em uma transmiss\u00e3o ao vivo pela internet, o l\u00edder oposicionista afirmou que participar\u00e1 dos protestos. Al\u00e9m disso, ele teria dado\u00a0disposi\u00e7\u00f5es para aliados internacionais na eventualidade de ser preso.<\/p>\n<p>\u201cSe o usurpador e seus c\u00famplices ousam tentar me deter, ser\u00e1 um dos \u00faltimos erros que estar\u00e1 cometendo. Deixamos um caminho claro, com instru\u00e7\u00f5es claras a serem seguidas por nossos aliados internacionais e irm\u00e3os parlamentares. Estamos muito mais fortes do que nunca e n\u00e3o \u00e9 hora de fraquejar\u201d, afirmou <strong>Guaid\u00f3.<\/strong><\/p>\n<p>O vice-presidente dos <strong>Estados Unidos,<\/strong> Mike Pence postou em seu perfil no Twitter que o retorno seguro do opositor de Maduro \u00e0 <strong>Venezuela<\/strong> \u00e9 da &#8220;mais alta import\u00e2ncia&#8221;. Pence amea\u00e7ou uma &#8220;r\u00e1pida resposta&#8221; caso ocorra qualquer tipo de amea\u00e7a ou intimida\u00e7\u00e3o contra o l\u00edder da oposi\u00e7\u00e3o venezuelana.\u00a0Na \u00faltima sexta-feira, a secret\u00e1ria-adjunta para assuntos do Hemisf\u00e9rio Ocidental do governo americano, Kimberly Breier, afirmou que prender <strong>Guaid\u00f3<\/strong> seria \u201co \u00faltimo erro que o regime cometeria\u201d.<\/p>\n<p>Se <strong>Maduro<\/strong> evitar\u00e1 de de prend\u00ea-lo, provocaria uma forte <strong>rea\u00e7\u00e3o internacional.<\/strong> Entretanto, se ele permanecer no pa\u00eds sem consequ\u00eancias, a autoridade do Poder Judici\u00e1rio da <strong>Venezuela,<\/strong> controlado pelo <strong>regime,<\/strong> seria minada.<\/p>\n<h2>Entenda o caso<\/h2>\n<p><strong>Guaid\u00f3<\/strong> se declarou presidente interino da <strong>Venezuela<\/strong> em janeiro. Ele \u00e9 reconhecido pelos <strong>Estados Unidos<\/strong> e por outros 50 pa\u00edses. Entretanto, <strong>China, R\u00fassia, Ir\u00e3, Cuba<\/strong> e outros pa\u00edses continuam reconhecendo o governo de <strong>Maduro.<\/strong><\/p>\n<p><strong>Guaid\u00f3<\/strong> \u00e9 presidente da <strong>Assembleia Nacional Venezuelana.<\/strong> O \u00f3rg\u00e3o legislativo \u00e9 dominado pelas for\u00e7as de oposi\u00e7\u00e3o, ap\u00f3s a elei\u00e7\u00e3o de 2015. Ele se autoproclamou presidente invocando cl\u00e1usulas da <strong>Constitui\u00e7\u00e3o<\/strong> da <strong>Venezuela.<\/strong> As oposi\u00e7\u00f5es venezuelanas n\u00e3o reconhecem a legitimidade das elei\u00e7\u00f5es presidenciais de 2018, nas quais <strong>Maduro<\/strong> conseguiu se reeleger. Os oposicionistas salientam que o pleito foi fraudado.<\/p>\n<p><a href=\"https:\/\/www.suno.com.br\/noticias\/juan-guaido-brasil-crise-venezuela\/\">Saiba mais: Juan Guaid\u00f3 vem ao Brasil debater crise na Venezuela com Bolsonaro\u00a0<\/a><\/p>\n<p>Na semana passada, <strong>Guaid\u00f3<\/strong> tentou coordenar uma tentativa de levar assist\u00eancia humanit\u00e1ria da <strong>Col\u00f4mbia<\/strong> e do <strong>Brasil<\/strong> at\u00e9 a <strong>Venezuela.<\/strong> Entretanto, as for\u00e7as de seguran\u00e7a leais a <strong>Maduro<\/strong> impediram a passagem dos caminh\u00f5es carregados com os produtos e alimentos. O regime venezuelano acusa Guaid\u00f3 de ser parte de um plano dos <strong>EUA<\/strong> para derrub\u00e1-lo.<\/p>\n","protected":false},"excerpt":{"rendered":"<p>O autoproclamado presidente interino da Venezuela, Juan Guaid\u00f3,\u00a0chegou em Caracas nesta segunda-feira (4). O l\u00edder da oposi\u00e7\u00e3o retornou ao pa\u00eds para liderar as manifesta\u00e7\u00f5es contra o regime de Nicol\u00e1s Maduro. Juan Guaid\u00f3 Guaid\u00f3 aterrissou por volta do meio-dia desta segunda-feira no aeroporto internacional Sim\u00f3n Bol\u00edvar de Maiquet\u00eda. O presidente interino foi\u00a0foi recebido por uma multid\u00e3o [&hellip;]<\/p>\n","protected":false},"author":9,"featured_media":17136,"comment_status":"closed","ping_status":"closed","sticky":false,"template":"","format":"standard","meta":[],"categories":[63],"tags":[793,1125,805,804],"suno_strategy":[],"class_list":["post-17135","post","type-post","status-publish","format-standard","has-post-thumbnail","hentry","category-internacional","tag-estados-unidos-eua","tag-juan-guaido","tag-nicolas-maduro","tag-venezuela"],"yoast_head":"<!-- This site is optimized with the Yoast SEO plugin v24.4 - https:\/\/yoast.com\/wordpress\/plugins\/seo\/ -->\n<title>Guaid\u00f3 volta \u00e0 Venezuela par liderar protestos contra Maduro<\/title>\n<meta name=\"description\" content=\"O autoproclamado presidente interino da Venezuela, Juan Guaid\u00f3, voltou \u00e0 Venezuela nesta segunda-feira (4). Clique aqui para saber mais.\" \/>\n<meta name=\"robots\" content=\"index, follow, max-snippet:-1, max-image-preview:large, max-video-preview:-1\" \/>\n<link rel=\"canonical\" href=\"https:\/\/www.suno.com.br\/noticias\/guaido-volta-venezuela-liderar-protestos-maduro\/\" \/>\n<meta property=\"og:locale\" content=\"pt_BR\" \/>\n<meta property=\"og:type\" content=\"article\" \/>\n<meta property=\"og:title\" content=\"Guaid\u00f3 volta \u00e0 Venezuela par liderar protestos contra Maduro\" \/>\n<meta property=\"og:description\" content=\"O autoproclamado presidente interino da Venezuela, Juan Guaid\u00f3, voltou \u00e0 Venezuela nesta segunda-feira (4). Clique aqui para saber mais.\" \/>\n<meta property=\"og:url\" content=\"https:\/\/www.suno.com.br\/noticias\/guaido-volta-venezuela-liderar-protestos-maduro\/\" \/>\n<meta property=\"og:site_name\" content=\"Suno Not\u00edcias\" \/>\n<meta property=\"article:publisher\" content=\"https:\/\/facebook.com\/sunoresearch\" \/>\n<meta property=\"og:image\" content=\"https:\/\/files.sunoresearch.com.br\/n\/uploads\/2019\/03\/31c44ad7-juan-guaid\u00f33.jpg\" \/>\n\t<meta property=\"og:image:width\" content=\"823\" \/>\n\t<meta property=\"og:image:height\" content=\"549\" \/>\n\t<meta property=\"og:image:type\" content=\"image\/jpeg\" \/>\n<meta name=\"author\" content=\"Carlo Cauti\" \/>\n<meta name=\"twitter:card\" content=\"summary_large_image\" \/>\n<meta name=\"twitter:creator\" content=\"@sunoresearch\" \/>\n<meta name=\"twitter:site\" content=\"@sunoresearch\" \/>\n<meta name=\"twitter:label1\" content=\"Escrito por\" \/>\n\t<meta name=\"twitter:data1\" content=\"Carlo Cauti\" \/>\n\t<meta name=\"twitter:label2\" content=\"Est. tempo de leitura\" \/>\n\t<meta name=\"twitter:data2\" content=\"4 minutos\" \/>\n<script type=\"application\/ld+json\" class=\"yoast-schema-graph\">{\"@context\":\"https:\/\/schema.org\",\"@graph\":[{\"@type\":\"NewsArticle\",\"@id\":\"https:\/\/www.suno.com.br\/noticias\/guaido-volta-venezuela-liderar-protestos-maduro\/#article\",\"isPartOf\":{\"@id\":\"https:\/\/www.suno.com.br\/noticias\/guaido-volta-venezuela-liderar-protestos-maduro\/\"},\"author\":{\"name\":\"Carlo Cauti\",\"@id\":\"https:\/\/www.suno.com.br\/noticias\/#\/schema\/person\/e6e0f723cc177805027f4566c1d5e0c8\"},\"headline\":\"Guaid\u00f3 volta \u00e0 Venezuela para liderar protestos contra Maduro\",\"datePublished\":\"2019-03-04T18:10:42+00:00\",\"dateModified\":\"2021-06-14T02:47:47+00:00\",\"mainEntityOfPage\":{\"@id\":\"https:\/\/www.suno.com.br\/noticias\/guaido-volta-venezuela-liderar-protestos-maduro\/\"},\"wordCount\":752,\"publisher\":{\"@id\":\"https:\/\/www.suno.com.br\/noticias\/#organization\"},\"image\":{\"@id\":\"https:\/\/www.suno.com.br\/noticias\/guaido-volta-venezuela-liderar-protestos-maduro\/#primaryimage\"},\"thumbnailUrl\":\"https:\/\/files.sunoresearch.com.br\/n\/uploads\/2019\/03\/31c44ad7-juan-guaid\u00f33-jpg.webp\",\"keywords\":[\"Estados Unidos (EUA)\",\"Juan Guaid\u00f3\",\"Nicol\u00e1s Maduro\",\"Venezuela\"],\"articleSection\":[\"Internacional\"],\"inLanguage\":\"pt-BR\"},{\"@type\":\"WebPage\",\"@id\":\"https:\/\/www.suno.com.br\/noticias\/guaido-volta-venezuela-liderar-protestos-maduro\/\",\"url\":\"https:\/\/www.suno.com.br\/noticias\/guaido-volta-venezuela-liderar-protestos-maduro\/\",\"name\":\"Guaid\u00f3 volta \u00e0 Venezuela par liderar protestos contra Maduro\",\"isPartOf\":{\"@id\":\"https:\/\/www.suno.com.br\/noticias\/#website\"},\"primaryImageOfPage\":{\"@id\":\"https:\/\/www.suno.com.br\/noticias\/guaido-volta-venezuela-liderar-protestos-maduro\/#primaryimage\"},\"image\":{\"@id\":\"https:\/\/www.suno.com.br\/noticias\/guaido-volta-venezuela-liderar-protestos-maduro\/#primaryimage\"},\"thumbnailUrl\":\"https:\/\/files.sunoresearch.com.br\/n\/uploads\/2019\/03\/31c44ad7-juan-guaid\u00f33-jpg.webp\",\"datePublished\":\"2019-03-04T18:10:42+00:00\",\"dateModified\":\"2021-06-14T02:47:47+00:00\",\"description\":\"O autoproclamado presidente interino da Venezuela, Juan Guaid\u00f3, voltou \u00e0 Venezuela nesta segunda-feira (4). Clique aqui para saber mais.\",\"breadcrumb\":{\"@id\":\"https:\/\/www.suno.com.br\/noticias\/guaido-volta-venezuela-liderar-protestos-maduro\/#breadcrumb\"},\"inLanguage\":\"pt-BR\",\"potentialAction\":[{\"@type\":\"ReadAction\",\"target\":[\"https:\/\/www.suno.com.br\/noticias\/guaido-volta-venezuela-liderar-protestos-maduro\/\"]}]},{\"@type\":\"ImageObject\",\"inLanguage\":\"pt-BR\",\"@id\":\"https:\/\/www.suno.com.br\/noticias\/guaido-volta-venezuela-liderar-protestos-maduro\/#primaryimage\",\"url\":\"https:\/\/files.sunoresearch.com.br\/n\/uploads\/2019\/03\/31c44ad7-juan-guaid\u00f33-jpg.webp\",\"contentUrl\":\"https:\/\/files.sunoresearch.com.br\/n\/uploads\/2019\/03\/31c44ad7-juan-guaid\u00f33-jpg.webp\",\"width\":823,\"height\":549,\"caption\":\"Juan Guaid\u00f3\"},{\"@type\":\"BreadcrumbList\",\"@id\":\"https:\/\/www.suno.com.br\/noticias\/guaido-volta-venezuela-liderar-protestos-maduro\/#breadcrumb\",\"itemListElement\":[{\"@type\":\"ListItem\",\"position\":1,\"name\":\"Not\u00edcias\",\"item\":\"https:\/\/www.suno.com.br\/noticias\/\"},{\"@type\":\"ListItem\",\"position\":2,\"name\":\"Internacional\",\"item\":\"https:\/\/www.suno.com.br\/noticias\/internacional\/\"},{\"@type\":\"ListItem\",\"position\":3,\"name\":\"Guaid\u00f3 volta \u00e0 Venezuela para liderar protestos contra Maduro\"}]},{\"@type\":\"WebSite\",\"@id\":\"https:\/\/www.suno.com.br\/noticias\/#website\",\"url\":\"https:\/\/www.suno.com.br\/noticias\/\",\"name\":\"Suno Not\u00edcias\",\"description\":\"Seu portal de informa\u00e7\u00e3o sobre o mundo dos investimentos\",\"publisher\":{\"@id\":\"https:\/\/www.suno.com.br\/noticias\/#organization\"},\"potentialAction\":[{\"@type\":\"SearchAction\",\"target\":{\"@type\":\"EntryPoint\",\"urlTemplate\":\"https:\/\/www.suno.com.br\/noticias\/?s={search_term_string}\"},\"query-input\":{\"@type\":\"PropertyValueSpecification\",\"valueRequired\":true,\"valueName\":\"search_term_string\"}}],\"inLanguage\":\"pt-BR\"},{\"@type\":\"Organization\",\"@id\":\"https:\/\/www.suno.com.br\/noticias\/#organization\",\"name\":\"Suno Not\u00edcias\",\"url\":\"https:\/\/www.suno.com.br\/noticias\/\",\"logo\":{\"@type\":\"ImageObject\",\"inLanguage\":\"pt-BR\",\"@id\":\"https:\/\/www.suno.com.br\/noticias\/#\/schema\/logo\/image\/\",\"url\":\"https:\/\/files.sunoresearch.com.br\/n\/uploads\/2021\/09\/suno-logo.png\",\"contentUrl\":\"https:\/\/files.sunoresearch.com.br\/n\/uploads\/2021\/09\/suno-logo.png\",\"width\":180,\"height\":180,\"caption\":\"Suno Not\u00edcias\"},\"image\":{\"@id\":\"https:\/\/www.suno.com.br\/noticias\/#\/schema\/logo\/image\/\"},\"sameAs\":[\"https:\/\/facebook.com\/sunoresearch\",\"https:\/\/x.com\/sunoresearch\",\"https:\/\/www.instagram.com\/suno\",\"https:\/\/www.linkedin.com\/company\/suno-research\/\",\"https:\/\/www.youtube.com\/c\/sunoresearch\"]},{\"@type\":\"Person\",\"@id\":\"https:\/\/www.suno.com.br\/noticias\/#\/schema\/person\/e6e0f723cc177805027f4566c1d5e0c8\",\"name\":\"Carlo Cauti\",\"image\":{\"@type\":\"ImageObject\",\"inLanguage\":\"pt-BR\",\"@id\":\"https:\/\/www.suno.com.br\/noticias\/#\/schema\/person\/image\/\",\"url\":\"https:\/\/secure.gravatar.com\/avatar\/3ada9e0bd164c23abd4792a9606d583c?s=96&r=g\",\"contentUrl\":\"https:\/\/secure.gravatar.com\/avatar\/3ada9e0bd164c23abd4792a9606d583c?s=96&r=g\",\"caption\":\"Carlo Cauti\"},\"description\":\"Editor multim\u00eddia do SUNO Not\u00edcias. Italiano, formado em Ci\u00eancias Pol\u00edticas pela universidade LUISS G. Carli de Roma e mestre cum laude em Rela\u00e7\u00f5es Internacionais, Jornalismo Internacional e de Guerra e em Economia Internacional. Concluiu tamb\u00e9m um MBA em Finan\u00e7as na B3. No Brasil, teve passagem por ve\u00edculos como Estad\u00e3o, Globo, Veja e EXAME. e nas ag\u00eancias de not\u00edcias italianas ANSA e NOVA.\",\"url\":\"https:\/\/www.suno.com.br\/noticias\/author\/carlo-cauti\/\"}]}<\/script>\n<!-- \/ Yoast SEO plugin. -->","yoast_head_json":{"title":"Guaid\u00f3 volta \u00e0 Venezuela par liderar protestos contra Maduro","description":"O autoproclamado presidente interino da Venezuela, Juan Guaid\u00f3, voltou \u00e0 Venezuela nesta segunda-feira (4). Clique aqui para saber mais.","robots":{"index":"index","follow":"follow","max-snippet":"max-snippet:-1","max-image-preview":"max-image-preview:large","max-video-preview":"max-video-preview:-1"},"canonical":"https:\/\/www.suno.com.br\/noticias\/guaido-volta-venezuela-liderar-protestos-maduro\/","og_locale":"pt_BR","og_type":"article","og_title":"Guaid\u00f3 volta \u00e0 Venezuela par liderar protestos contra Maduro","og_description":"O autoproclamado presidente interino da Venezuela, Juan Guaid\u00f3, voltou \u00e0 Venezuela nesta segunda-feira (4). Clique aqui para saber mais.","og_url":"https:\/\/www.suno.com.br\/noticias\/guaido-volta-venezuela-liderar-protestos-maduro\/","og_site_name":"Suno Not\u00edcias","article_publisher":"https:\/\/facebook.com\/sunoresearch","og_image":[{"width":823,"height":549,"url":"https:\/\/files.sunoresearch.com.br\/n\/uploads\/2019\/03\/31c44ad7-juan-guaid\u00f33.jpg","type":"image\/jpeg"}],"author":"Carlo Cauti","twitter_card":"summary_large_image","twitter_creator":"@sunoresearch","twitter_site":"@sunoresearch","twitter_misc":{"Escrito por":"Carlo Cauti","Est. tempo de leitura":"4 minutos"},"schema":{"@context":"https:\/\/schema.org","@graph":[{"@type":"NewsArticle","@id":"https:\/\/www.suno.com.br\/noticias\/guaido-volta-venezuela-liderar-protestos-maduro\/#article","isPartOf":{"@id":"https:\/\/www.suno.com.br\/noticias\/guaido-volta-venezuela-liderar-protestos-maduro\/"},"author":{"name":"Carlo Cauti","@id":"https:\/\/www.suno.com.br\/noticias\/#\/schema\/person\/e6e0f723cc177805027f4566c1d5e0c8"},"headline":"Guaid\u00f3 volta \u00e0 Venezuela para liderar protestos contra Maduro","datePublished":"2019-03-04T18:10:42+00:00","dateModified":"2021-06-14T02:47:47+00:00","mainEntityOfPage":{"@id":"https:\/\/www.suno.com.br\/noticias\/guaido-volta-venezuela-liderar-protestos-maduro\/"},"wordCount":752,"publisher":{"@id":"https:\/\/www.suno.com.br\/noticias\/#organization"},"image":{"@id":"https:\/\/www.suno.com.br\/noticias\/guaido-volta-venezuela-liderar-protestos-maduro\/#primaryimage"},"thumbnailUrl":"https:\/\/files.sunoresearch.com.br\/n\/uploads\/2019\/03\/31c44ad7-juan-guaid\u00f33-jpg.webp","keywords":["Estados Unidos (EUA)","Juan Guaid\u00f3","Nicol\u00e1s Maduro","Venezuela"],"articleSection":["Internacional"],"inLanguage":"pt-BR"},{"@type":"WebPage","@id":"https:\/\/www.suno.com.br\/noticias\/guaido-volta-venezuela-liderar-protestos-maduro\/","url":"https:\/\/www.suno.com.br\/noticias\/guaido-volta-venezuela-liderar-protestos-maduro\/","name":"Guaid\u00f3 volta \u00e0 Venezuela par liderar protestos contra Maduro","isPartOf":{"@id":"https:\/\/www.suno.com.br\/noticias\/#website"},"primaryImageOfPage":{"@id":"https:\/\/www.suno.com.br\/noticias\/guaido-volta-venezuela-liderar-protestos-maduro\/#primaryimage"},"image":{"@id":"https:\/\/www.suno.com.br\/noticias\/guaido-volta-venezuela-liderar-protestos-maduro\/#primaryimage"},"thumbnailUrl":"https:\/\/files.sunoresearch.com.br\/n\/uploads\/2019\/03\/31c44ad7-juan-guaid\u00f33-jpg.webp","datePublished":"2019-03-04T18:10:42+00:00","dateModified":"2021-06-14T02:47:47+00:00","description":"O autoproclamado presidente interino da Venezuela, Juan Guaid\u00f3, voltou \u00e0 Venezuela nesta segunda-feira (4). Clique aqui para saber mais.","breadcrumb":{"@id":"https:\/\/www.suno.com.br\/noticias\/guaido-volta-venezuela-liderar-protestos-maduro\/#breadcrumb"},"inLanguage":"pt-BR","potentialAction":[{"@type":"ReadAction","target":["https:\/\/www.suno.com.br\/noticias\/guaido-volta-venezuela-liderar-protestos-maduro\/"]}]},{"@type":"ImageObject","inLanguage":"pt-BR","@id":"https:\/\/www.suno.com.br\/noticias\/guaido-volta-venezuela-liderar-protestos-maduro\/#primaryimage","url":"https:\/\/files.sunoresearch.com.br\/n\/uploads\/2019\/03\/31c44ad7-juan-guaid\u00f33-jpg.webp","contentUrl":"https:\/\/files.sunoresearch.com.br\/n\/uploads\/2019\/03\/31c44ad7-juan-guaid\u00f33-jpg.webp","width":823,"height":549,"caption":"Juan Guaid\u00f3"},{"@type":"BreadcrumbList","@id":"https:\/\/www.suno.com.br\/noticias\/guaido-volta-venezuela-liderar-protestos-maduro\/#breadcrumb","itemListElement":[{"@type":"ListItem","position":1,"name":"Not\u00edcias","item":"https:\/\/www.suno.com.br\/noticias\/"},{"@type":"ListItem","position":2,"name":"Internacional","item":"https:\/\/www.suno.com.br\/noticias\/internacional\/"},{"@type":"ListItem","position":3,"name":"Guaid\u00f3 volta \u00e0 Venezuela para liderar protestos contra Maduro"}]},{"@type":"WebSite","@id":"https:\/\/www.suno.com.br\/noticias\/#website","url":"https:\/\/www.suno.com.br\/noticias\/","name":"Suno Not\u00edcias","description":"Seu portal de informa\u00e7\u00e3o sobre o mundo dos investimentos","publisher":{"@id":"https:\/\/www.suno.com.br\/noticias\/#organization"},"potentialAction":[{"@type":"SearchAction","target":{"@type":"EntryPoint","urlTemplate":"https:\/\/www.suno.com.br\/noticias\/?s={search_term_string}"},"query-input":{"@type":"PropertyValueSpecification","valueRequired":true,"valueName":"search_term_string"}}],"inLanguage":"pt-BR"},{"@type":"Organization","@id":"https:\/\/www.suno.com.br\/noticias\/#organization","name":"Suno Not\u00edcias","url":"https:\/\/www.suno.com.br\/noticias\/","logo":{"@type":"ImageObject","inLanguage":"pt-BR","@id":"https:\/\/www.suno.com.br\/noticias\/#\/schema\/logo\/image\/","url":"https:\/\/files.sunoresearch.com.br\/n\/uploads\/2021\/09\/suno-logo.png","contentUrl":"https:\/\/files.sunoresearch.com.br\/n\/uploads\/2021\/09\/suno-logo.png","width":180,"height":180,"caption":"Suno Not\u00edcias"},"image":{"@id":"https:\/\/www.suno.com.br\/noticias\/#\/schema\/logo\/image\/"},"sameAs":["https:\/\/facebook.com\/sunoresearch","https:\/\/x.com\/sunoresearch","https:\/\/www.instagram.com\/suno","https:\/\/www.linkedin.com\/company\/suno-research\/","https:\/\/www.youtube.com\/c\/sunoresearch"]},{"@type":"Person","@id":"https:\/\/www.suno.com.br\/noticias\/#\/schema\/person\/e6e0f723cc177805027f4566c1d5e0c8","name":"Carlo Cauti","image":{"@type":"ImageObject","inLanguage":"pt-BR","@id":"https:\/\/www.suno.com.br\/noticias\/#\/schema\/person\/image\/","url":"https:\/\/secure.gravatar.com\/avatar\/3ada9e0bd164c23abd4792a9606d583c?s=96&r=g","contentUrl":"https:\/\/secure.gravatar.com\/avatar\/3ada9e0bd164c23abd4792a9606d583c?s=96&r=g","caption":"Carlo Cauti"},"description":"Editor multim\u00eddia do SUNO Not\u00edcias. Italiano, formado em Ci\u00eancias Pol\u00edticas pela universidade LUISS G. Carli de Roma e mestre cum laude em Rela\u00e7\u00f5es Internacionais, Jornalismo Internacional e de Guerra e em Economia Internacional. Concluiu tamb\u00e9m um MBA em Finan\u00e7as na B3. No Brasil, teve passagem por ve\u00edculos como Estad\u00e3o, Globo, Veja e EXAME. e nas ag\u00eancias de not\u00edcias italianas ANSA e NOVA.","url":"https:\/\/www.suno.com.br\/noticias\/author\/carlo-cauti\/"}]}},"default_loop_html":"<div class=\"cardsPage__listCard__boxs\"><div class=\"cardsPage__listCard__boxs__img\"><a href=\"https:\/\/www.suno.com.br\/noticias\/guaido-volta-venezuela-liderar-protestos-maduro\/\"><img class=\"mask\" src=\"https:\/\/www.suno.com.br\/noticias\/wp-content\/themes\/suno\/resources\/images\/spotlight\/spotlight1img\/bg-mask.png\" alt=\"Image Mask\"\/><img src=\"https:\/\/files.sunoresearch.com.br\/n\/uploads\/2019\/03\/31c44ad7-juan-guaid\u00f33-400x200.webp\" alt=\"Guaid\u00f3 volta \u00e0 Venezuela para liderar protestos contra Maduro\"\/><\/a><span class=\"spotlightCategory\"><a href=\"https:\/\/www.suno.com.br\/noticias\/internacional\/\">Internacional<\/a><\/span><\/div><div class=\"cardsPage__listCard__boxs__content\"><a href=\"https:\/\/www.suno.com.br\/noticias\/guaido-volta-venezuela-liderar-protestos-maduro\/\"><h2 class=\"content__title\">Guaid\u00f3 volta \u00e0 Venezuela para liderar protestos contra Maduro<\/h2><\/a><div class=\"newsContent__article__meta\"><div class=\"newsContent__article__meta__authorBox\"><a href=\"https:\/\/www.suno.com.br\/noticias\/author\/carlo-cauti\/\" class=\"authorBox__avatar noMobi\"><img src=\"https:\/\/files.sunoresearch.com.br\/n\/uploads\/2020\/08\/e3745f9a-perfil-carlo-cauti-150x150.webp\" alt=\"Carlo Cauti\"><\/a><div class=\"authorBox__name\"><span>por\n\t\t\t<a href=\"https:\/\/www.suno.com.br\/noticias\/author\/carlo-cauti\/\"><span itemprop=\"author\">Carlo Cauti<\/span><\/a><\/span><time datetime=\"2019-03-04T15:10:42-03:00\" itemprop=\"datePublished\">04\/03\/2019 15:10<\/time><\/div><\/div><\/div><\/div><\/div>","single_layout":"posts","amp_enabled":true,"_links":{"self":[{"href":"https:\/\/www.suno.com.br\/noticias\/wp-json\/wp\/v2\/posts\/17135"}],"collection":[{"href":"https:\/\/www.suno.com.br\/noticias\/wp-json\/wp\/v2\/posts"}],"about":[{"href":"https:\/\/www.suno.com.br\/noticias\/wp-json\/wp\/v2\/types\/post"}],"author":[{"embeddable":true,"href":"https:\/\/www.suno.com.br\/noticias\/wp-json\/wp\/v2\/users\/9"}],"replies":[{"embeddable":true,"href":"https:\/\/www.suno.com.br\/noticias\/wp-json\/wp\/v2\/comments?post=17135"}],"version-history":[{"count":1,"href":"https:\/\/www.suno.com.br\/noticias\/wp-json\/wp\/v2\/posts\/17135\/revisions"}],"predecessor-version":[{"id":157455,"href":"https:\/\/www.suno.com.br\/noticias\/wp-json\/wp\/v2\/posts\/17135\/revisions\/157455"}],"wp:featuredmedia":[{"embeddable":true,"href":"https:\/\/www.suno.com.br\/noticias\/wp-json\/wp\/v2\/media\/17136"}],"wp:attachment":[{"href":"https:\/\/www.suno.com.br\/noticias\/wp-json\/wp\/v2\/media?parent=17135"}],"wp:term":[{"taxonomy":"category","embeddable":true,"href":"https:\/\/www.suno.com.br\/noticias\/wp-json\/wp\/v2\/categories?post=17135"},{"taxonomy":"post_tag","embeddable":true,"href":"https:\/\/www.suno.com.br\/noticias\/wp-json\/wp\/v2\/tags?post=17135"},{"taxonomy":"suno_strategy","embeddable":true,"href":"https:\/\/www.suno.com.br\/noticias\/wp-json\/wp\/v2\/suno_strategy?post=17135"}],"curies":[{"name":"wp","href":"https:\/\/api.w.org\/{rel}","templated":true}]}}