{"id":171333,"date":"2021-08-02T12:55:37","date_gmt":"2021-08-02T15:55:37","guid":{"rendered":"https:\/\/www.suno.com.br\/noticias\/?p=171333"},"modified":"2021-08-02T12:55:37","modified_gmt":"2021-08-02T15:55:37","slug":"china-pior-surto-coronavirus-wuhan-covid-19","status":"publish","type":"post","link":"https:\/\/www.suno.com.br\/noticias\/china-pior-surto-coronavirus-wuhan-covid-19\/","title":{"rendered":"China tem pior surto de Coronav\u00edrus desde o in\u00edcio da pandemia em Wuhan"},"content":{"rendered":"<p>Neste in\u00edcio de agosto de 2021, a China vive o pior surto do novo <strong>coronav\u00edrus<\/strong> desde <a href=\"https:\/\/www.suno.com.br\/noticias\/tags\/pandemia\/\">o surgimento da doen\u00e7a em Wuhan<\/a>, segundo comunicado feito pela m\u00eddia estatal do pa\u00eds.<\/p>\t<div class=\"wrapper-featured-image\">\n\t\t<figure class=\"spotlightImg\">\n\n\t\t\t<picture>\n\t\t\t\t<source media=\"(max-width: 768px)\" srcset=\"https:\/\/files.sunoresearch.com.br\/n\/uploads\/2021\/08\/8fbb2d2b-coronavirus-4810201_1920-400x200.jpg\">\n\t\t\t\t<img loading=\"lazy\" decoding=\"async\" class=\"newsContent__article__imgCapa lazyloadDisabled \" src=\"https:\/\/files.sunoresearch.com.br\/n\/uploads\/2021\/08\/8fbb2d2b-coronavirus-4810201_1920-800x450.jpg\" width=\"800\" height=\"450\" alt=\"China tem pior surto de Coronav\u00edrus desde o in\u00edcio da pandemia em Wuhan\" fetchpriority=high \/>\n\t\t\t<\/picture>\n\n\t\t\t<figcaption class=\"wp-caption-text wp-caption-text--show\">Surto de coronav\u00edrus Foto: Pixabay<\/figcaption>\n\t\t<\/figure>\n\t<\/div>\n\n\n\t<p>\n\t\t<a href=\"https:\/\/lp.suno.com.br\/planilha-controle-gastos\/\" target=\"_blank\" data-element=\"shortcode-suno-banner\" title=\"Banner SUNO, clique e saiba mais\">\n\t\t\t<picture>\n\t\t\t\t<source media=\"(max-width: 500px)\" srcset=\"https:\/\/files.sunoresearch.com.br\/n\/uploads\/2023\/03\/400x300-Planilha-controle-de-gastos.png\">\n\t\t\t\t<img class=\"newsContent__article__imgCapa newsContent__article__imgCapa--banner\"\n\t\t\t\t\tsrc=\"https:\/\/files.sunoresearch.com.br\/n\/uploads\/2023\/03\/1420x240-Planilha-controle-de-gastos.png\"\n\t\t\t\t\tdata-promo-id=\"101751\"\t\t\t\t\t\t\t\t\t\twidth='1420' height='240'\t\t\t\t\talt=\"https:\/\/files.sunoresearch.com.br\/n\/uploads\/2023\/03\/1420x240-Planilha-controle-de-gastos.png\"\n\t\t\t\t>\n\t\t\t<\/picture>\n\t\t<\/a>\n\t<\/p>\n\n\n<p>Os ve\u00edculos governamentais dizem que este surto de coronav\u00edrus foi iniciado na cidade de Nanjing, leste do pa\u00eds, e j\u00e1 se espalhou para cinco prov\u00edncias.<\/p>\n<p>O v\u00edrus foi identificado no aeroporto Lukou, em Nanjing, no dia 20 de julho, e quase 200 pessoas foram infectadas desde ent\u00e3o. Com o ocorrido, houve a suspens\u00e3o de todos os voos que saem de Nanjing at\u00e9 o dia 11 de agosto.<\/p>\n<p>Al\u00e9m disso, <a href=\"https:\/\/www.suno.com.br\/noticias\/tags\/china\/\">as autoridades de sa\u00fade da regi\u00e3o<\/a> iniciaram uma testagem em massa logo ap\u00f3s receberem cr\u00edticas por causa de uma poss\u00edvel falha na vigil\u00e2ncia e na conten\u00e7\u00e3o da <strong>pandemia<\/strong>.<\/p>\n<p>De acordo com a ag\u00eancia Xinhua News, do governo da China, todos os 9,3 milh\u00f5es de moradores de Nanjing ser\u00e3o testados.<\/p>\n<h2>Ao identificar surto de coronav\u00edrus, metr\u00f4 foi suspenso<\/h2>\n<p>Ainda em 22 de julho, conforme informa\u00e7\u00f5es da Ag\u00eancia Reuters, a cidade de Nanjing j\u00e1 havia suspendido uma linha de metr\u00f4 ap\u00f3s a alta de casos na regi\u00e3o.<\/p>\n\t<div data-element=\"shortcode-read-more\" class=\"knowMore\">\n\t\t\t\t<span class=\"knowMore__title\">Leia mais<\/span>\n\t\t\t\t<a class=\"knowMore__link\" href=\"https:\/\/www.suno.com.br\/noticias\/china-regulacoes-praticas-anticompetitivas\/\">\n\t\t\tChina imp\u00f5e regula\u00e7\u00f5es contra &quot;pr\u00e1ticas anticompetitivas&quot;\t\t<\/a>\n\t<\/div>\n\n\n<p>Dos que testaram positivo, 9 de 11 eram trabalhadores do aeroporto de Lukou em Nanjing<\/p>\n<p>\u00c0 \u00e9poca, <a href=\"https:\/\/www.suno.com.br\/noticias\/bilionario-critico-governo-chines-condenado-prisao\/\">as autoridades de Nanjing disseram que ao suspenderem a linha de metr\u00f4.<\/a> que liga o aeroporto a uma esta\u00e7\u00e3o de trem, exigiam outras duas linhas para ignorar as esta\u00e7\u00f5es localizadas em \u00e1reas de maior risco de v\u00edrus.<\/p>\n<p>Al\u00e9m dos 12 pacientes locais suspeitos de contamina\u00e7\u00e3o, outros 38 pacientes encontrados entre viajantes que chegaram foram notificados em 21 de julho. A China havia notificado 18 novos casos assintom\u00e1ticos, que n\u00e3o classificou como casos confirmados, ante 23 no dia anterior.<\/p>\n\t<p>\n\t\t<a href=\"https:\/\/lp.suno.com.br\/planilha-da-vida-financeira\/\" target=\"_blank\" data-element=\"shortcode-suno-banner\" title=\"Banner SUNO, clique e saiba mais\">\n\t\t\t<picture>\n\t\t\t\t<source media=\"(max-width: 500px)\" srcset=\"https:\/\/files.sunoresearch.com.br\/n\/uploads\/2023\/04\/400x300-Planilha-vida-financeira-true.png\">\n\t\t\t\t<img class=\"newsContent__article__imgCapa newsContent__article__imgCapa--banner\"\n\t\t\t\t\tsrc=\"https:\/\/files.sunoresearch.com.br\/n\/uploads\/2023\/04\/1420x240-Planilha-vida-financeira-true.png\"\n\t\t\t\t\tdata-promo-id=\"106682\"\t\t\t\t\t\t\t\t\t\twidth='1420' height='240'\t\t\t\t\talt=\"https:\/\/files.sunoresearch.com.br\/n\/uploads\/2023\/04\/1420x240-Planilha-vida-financeira-true.png\"\n\t\t\t\t>\n\t\t\t<\/picture>\n\t\t<\/a>\n\t<\/p>\n\n\n<h2>China tem 93 mil casos de Covid-19<\/h2>\n<p>Atualmente, segundo a Universidade Johns Hopkins, h\u00e1 um acumulado de 105.149 casos de coronav\u00edrus identificados na China, e cerca de 87 mil j\u00e1 est\u00e3o recuperados.<\/p>\n<figure id=\"attachment_171344\" aria-describedby=\"caption-attachment-171344\" style=\"width: 1183px\" class=\"wp-caption aligncenter\"><img loading=\"lazy\" decoding=\"async\" class=\"size-full wp-image-171344\" src=\"https:\/\/storage.googleapis.com\/wp-noticias\/2021\/08\/1e238773-casos-china.png\" alt=\"Casos de coronav\u00edrus na China - Foto: Reprodu\u00e7\u00e3o\/Universidade Johns Hopkins\" width=\"1183\" height=\"451\" srcset=\"https:\/\/files.sunoresearch.com.br\/n\/uploads\/2021\/08\/1e238773-casos-china.png 1183w, https:\/\/files.sunoresearch.com.br\/n\/uploads\/2021\/08\/1e238773-casos-china-300x114.png 300w, https:\/\/files.sunoresearch.com.br\/n\/uploads\/2021\/08\/1e238773-casos-china-1024x390.png 1024w, https:\/\/files.sunoresearch.com.br\/n\/uploads\/2021\/08\/1e238773-casos-china-768x293.png 768w, https:\/\/files.sunoresearch.com.br\/n\/uploads\/2021\/08\/1e238773-casos-china-150x57.png 150w\" sizes=\"(max-width: 1183px) 100vw, 1183px\" \/><figcaption id=\"caption-attachment-171344\" class=\"wp-caption-text\">Casos de coronav\u00edrus na China &#8211; Foto: Reprodu\u00e7\u00e3o\/Universidade Johns Hopkins<\/figcaption><\/figure>\n<p>Assim, o pa\u00eds que foi o ber\u00e7o da pandemia demonstra <a href=\"https:\/\/www.suno.com.br\/artigos\/analise-grafica\/\">um gr\u00e1fico de queda brusca no cont\u00e1gio<\/a>, agora revisto com o novo surto de <strong>coronav\u00edrus<\/strong> identificado na prov\u00edncia de Jiangsu.<\/p>\n\t<p>\n\t\t<a href=\"https:\/\/lp.suno.com.br\/planilha-de-controle-de-investimentos\/\" target=\"_blank\" data-element=\"shortcode-suno-banner\" title=\"Banner SUNO, clique e saiba mais\">\n\t\t\t<picture>\n\t\t\t\t<source media=\"(max-width: 500px)\" srcset=\"https:\/\/files.sunoresearch.com.br\/n\/uploads\/2023\/03\/400x300-Controle-de-Investimentos.png\">\n\t\t\t\t<img class=\"newsContent__article__imgCapa newsContent__article__imgCapa--banner\"\n\t\t\t\t\tsrc=\"https:\/\/files.sunoresearch.com.br\/n\/uploads\/2023\/03\/1420x240-Controle-de-Investimentos.png\"\n\t\t\t\t\tdata-promo-id=\"75934\"\t\t\t\t\t\t\t\t\t\twidth='1420' height='240'\t\t\t\t\talt=\"https:\/\/files.sunoresearch.com.br\/n\/uploads\/2023\/03\/1420x240-Controle-de-Investimentos.png\"\n\t\t\t\t>\n\t\t\t<\/picture>\n\t\t<\/a>\n\t<\/p>\n\n\n","protected":false},"excerpt":{"rendered":"<p>Neste in\u00edcio de agosto de 2021, a China vive o pior surto do novo coronav\u00edrus desde o surgimento da doen\u00e7a em Wuhan, segundo comunicado feito pela m\u00eddia estatal do pa\u00eds. Surto de coronav\u00edrus Foto: Pixabay Os ve\u00edculos governamentais dizem que este surto de coronav\u00edrus foi iniciado na cidade de Nanjing, leste do pa\u00eds, e j\u00e1 [&hellip;]<\/p>\n","protected":false},"author":73,"featured_media":171347,"comment_status":"closed","ping_status":"closed","sticky":false,"template":"","format":"standard","meta":[],"categories":[63],"tags":[711,2487,5255,2748],"suno_strategy":[],"class_list":["post-171333","post","type-post","status-publish","format-standard","has-post-thumbnail","hentry","category-internacional","tag-china","tag-coronavirus","tag-covid-19","tag-pandemia"],"yoast_head":"<!-- This site is optimized with the Yoast SEO plugin v24.4 - https:\/\/yoast.com\/wordpress\/plugins\/seo\/ -->\n<title>China tem pior surto de Coronav\u00edrus desde Wuhan<\/title>\n<meta name=\"description\" content=\"Segundo informe da m\u00eddia estatal da China, surto de coronav\u00edrus se deu ap\u00f3s contamina\u00e7\u00e3o em aeroporto. Clique aqui e leia mais.\" \/>\n<meta name=\"robots\" content=\"index, follow, max-snippet:-1, max-image-preview:large, max-video-preview:-1\" \/>\n<link rel=\"canonical\" href=\"https:\/\/www.suno.com.br\/noticias\/china-pior-surto-coronavirus-wuhan-covid-19\/\" \/>\n<meta property=\"og:locale\" content=\"pt_BR\" \/>\n<meta property=\"og:type\" content=\"article\" \/>\n<meta property=\"og:title\" content=\"China tem pior surto de Coronav\u00edrus desde Wuhan\" \/>\n<meta property=\"og:description\" content=\"Segundo informe da m\u00eddia estatal da China, surto de coronav\u00edrus se deu ap\u00f3s contamina\u00e7\u00e3o em aeroporto. Clique aqui e leia mais.\" \/>\n<meta property=\"og:url\" content=\"https:\/\/www.suno.com.br\/noticias\/china-pior-surto-coronavirus-wuhan-covid-19\/\" \/>\n<meta property=\"og:site_name\" content=\"Suno Not\u00edcias\" \/>\n<meta property=\"article:publisher\" content=\"https:\/\/facebook.com\/sunoresearch\" \/>\n<meta property=\"og:image\" content=\"https:\/\/files.sunoresearch.com.br\/n\/uploads\/2021\/08\/8fbb2d2b-coronavirus-4810201_1920.jpg\" \/>\n\t<meta property=\"og:image:width\" content=\"1920\" \/>\n\t<meta property=\"og:image:height\" content=\"1280\" \/>\n\t<meta property=\"og:image:type\" content=\"image\/jpeg\" \/>\n<meta name=\"author\" content=\"Eduardo Vargas\" \/>\n<meta name=\"twitter:card\" content=\"summary_large_image\" \/>\n<meta name=\"twitter:creator\" content=\"@sunoresearch\" \/>\n<meta name=\"twitter:site\" content=\"@sunoresearch\" \/>\n<meta name=\"twitter:label1\" content=\"Escrito por\" \/>\n\t<meta name=\"twitter:data1\" content=\"Eduardo Vargas\" \/>\n\t<meta name=\"twitter:label2\" content=\"Est. tempo de leitura\" \/>\n\t<meta name=\"twitter:data2\" content=\"2 minutos\" \/>\n<script type=\"application\/ld+json\" class=\"yoast-schema-graph\">{\"@context\":\"https:\/\/schema.org\",\"@graph\":[{\"@type\":\"NewsArticle\",\"@id\":\"https:\/\/www.suno.com.br\/noticias\/china-pior-surto-coronavirus-wuhan-covid-19\/#article\",\"isPartOf\":{\"@id\":\"https:\/\/www.suno.com.br\/noticias\/china-pior-surto-coronavirus-wuhan-covid-19\/\"},\"author\":{\"name\":\"Eduardo Vargas\",\"@id\":\"https:\/\/www.suno.com.br\/noticias\/#\/schema\/person\/7f4d362bf3518e76090143ae77bb49a5\"},\"headline\":\"China tem pior surto de Coronav\u00edrus desde o in\u00edcio da pandemia em Wuhan\",\"datePublished\":\"2021-08-02T15:55:37+00:00\",\"mainEntityOfPage\":{\"@id\":\"https:\/\/www.suno.com.br\/noticias\/china-pior-surto-coronavirus-wuhan-covid-19\/\"},\"wordCount\":418,\"publisher\":{\"@id\":\"https:\/\/www.suno.com.br\/noticias\/#organization\"},\"image\":{\"@id\":\"https:\/\/www.suno.com.br\/noticias\/china-pior-surto-coronavirus-wuhan-covid-19\/#primaryimage\"},\"thumbnailUrl\":\"https:\/\/files.sunoresearch.com.br\/n\/uploads\/2021\/08\/8fbb2d2b-coronavirus-4810201_1920.jpg\",\"keywords\":[\"China\",\"coronav\u00edrus\",\"covid-19\",\"pandemia\"],\"articleSection\":[\"Internacional\"],\"inLanguage\":\"pt-BR\"},{\"@type\":\"WebPage\",\"@id\":\"https:\/\/www.suno.com.br\/noticias\/china-pior-surto-coronavirus-wuhan-covid-19\/\",\"url\":\"https:\/\/www.suno.com.br\/noticias\/china-pior-surto-coronavirus-wuhan-covid-19\/\",\"name\":\"China tem pior surto de Coronav\u00edrus desde Wuhan\",\"isPartOf\":{\"@id\":\"https:\/\/www.suno.com.br\/noticias\/#website\"},\"primaryImageOfPage\":{\"@id\":\"https:\/\/www.suno.com.br\/noticias\/china-pior-surto-coronavirus-wuhan-covid-19\/#primaryimage\"},\"image\":{\"@id\":\"https:\/\/www.suno.com.br\/noticias\/china-pior-surto-coronavirus-wuhan-covid-19\/#primaryimage\"},\"thumbnailUrl\":\"https:\/\/files.sunoresearch.com.br\/n\/uploads\/2021\/08\/8fbb2d2b-coronavirus-4810201_1920.jpg\",\"datePublished\":\"2021-08-02T15:55:37+00:00\",\"description\":\"Segundo informe da m\u00eddia estatal da China, surto de coronav\u00edrus se deu ap\u00f3s contamina\u00e7\u00e3o em aeroporto. Clique aqui e leia mais.\",\"breadcrumb\":{\"@id\":\"https:\/\/www.suno.com.br\/noticias\/china-pior-surto-coronavirus-wuhan-covid-19\/#breadcrumb\"},\"inLanguage\":\"pt-BR\",\"potentialAction\":[{\"@type\":\"ReadAction\",\"target\":[\"https:\/\/www.suno.com.br\/noticias\/china-pior-surto-coronavirus-wuhan-covid-19\/\"]}]},{\"@type\":\"ImageObject\",\"inLanguage\":\"pt-BR\",\"@id\":\"https:\/\/www.suno.com.br\/noticias\/china-pior-surto-coronavirus-wuhan-covid-19\/#primaryimage\",\"url\":\"https:\/\/files.sunoresearch.com.br\/n\/uploads\/2021\/08\/8fbb2d2b-coronavirus-4810201_1920.jpg\",\"contentUrl\":\"https:\/\/files.sunoresearch.com.br\/n\/uploads\/2021\/08\/8fbb2d2b-coronavirus-4810201_1920.jpg\",\"width\":1920,\"height\":1280,\"caption\":\"Surto de coronav\u00edrus Foto: Pixabay\"},{\"@type\":\"BreadcrumbList\",\"@id\":\"https:\/\/www.suno.com.br\/noticias\/china-pior-surto-coronavirus-wuhan-covid-19\/#breadcrumb\",\"itemListElement\":[{\"@type\":\"ListItem\",\"position\":1,\"name\":\"Not\u00edcias\",\"item\":\"https:\/\/www.suno.com.br\/noticias\/\"},{\"@type\":\"ListItem\",\"position\":2,\"name\":\"Internacional\",\"item\":\"https:\/\/www.suno.com.br\/noticias\/internacional\/\"},{\"@type\":\"ListItem\",\"position\":3,\"name\":\"China tem pior surto de Coronav\u00edrus desde o in\u00edcio da pandemia em Wuhan\"}]},{\"@type\":\"WebSite\",\"@id\":\"https:\/\/www.suno.com.br\/noticias\/#website\",\"url\":\"https:\/\/www.suno.com.br\/noticias\/\",\"name\":\"Suno Not\u00edcias\",\"description\":\"Seu portal de informa\u00e7\u00e3o sobre o mundo dos investimentos\",\"publisher\":{\"@id\":\"https:\/\/www.suno.com.br\/noticias\/#organization\"},\"potentialAction\":[{\"@type\":\"SearchAction\",\"target\":{\"@type\":\"EntryPoint\",\"urlTemplate\":\"https:\/\/www.suno.com.br\/noticias\/?s={search_term_string}\"},\"query-input\":{\"@type\":\"PropertyValueSpecification\",\"valueRequired\":true,\"valueName\":\"search_term_string\"}}],\"inLanguage\":\"pt-BR\"},{\"@type\":\"Organization\",\"@id\":\"https:\/\/www.suno.com.br\/noticias\/#organization\",\"name\":\"Suno Not\u00edcias\",\"url\":\"https:\/\/www.suno.com.br\/noticias\/\",\"logo\":{\"@type\":\"ImageObject\",\"inLanguage\":\"pt-BR\",\"@id\":\"https:\/\/www.suno.com.br\/noticias\/#\/schema\/logo\/image\/\",\"url\":\"https:\/\/files.sunoresearch.com.br\/n\/uploads\/2021\/09\/suno-logo.png\",\"contentUrl\":\"https:\/\/files.sunoresearch.com.br\/n\/uploads\/2021\/09\/suno-logo.png\",\"width\":180,\"height\":180,\"caption\":\"Suno Not\u00edcias\"},\"image\":{\"@id\":\"https:\/\/www.suno.com.br\/noticias\/#\/schema\/logo\/image\/\"},\"sameAs\":[\"https:\/\/facebook.com\/sunoresearch\",\"https:\/\/x.com\/sunoresearch\",\"https:\/\/www.instagram.com\/suno\",\"https:\/\/www.linkedin.com\/company\/suno-research\/\",\"https:\/\/www.youtube.com\/c\/sunoresearch\"]},{\"@type\":\"Person\",\"@id\":\"https:\/\/www.suno.com.br\/noticias\/#\/schema\/person\/7f4d362bf3518e76090143ae77bb49a5\",\"name\":\"Eduardo Vargas\",\"image\":{\"@type\":\"ImageObject\",\"inLanguage\":\"pt-BR\",\"@id\":\"https:\/\/www.suno.com.br\/noticias\/#\/schema\/person\/image\/\",\"url\":\"https:\/\/secure.gravatar.com\/avatar\/dac340933427a22924c9f99d1eb2e3f2?s=96&r=g\",\"contentUrl\":\"https:\/\/secure.gravatar.com\/avatar\/dac340933427a22924c9f99d1eb2e3f2?s=96&r=g\",\"caption\":\"Eduardo Vargas\"},\"description\":\"Jornalista formado pela UFSC, cobre macroeconomia, neg\u00f3cios e startups para o Suno Not\u00edcias, escrevendo principalmente not\u00edcias sobre o mercado financeiro e a bolsa de valores. No YouTube e no Instagram, \u00e9 respons\u00e1vel pela produ\u00e7\u00e3o de Reels e Shorts do Suno Not\u00edcias. Anteriormente, trabalhou cobrindo economia e cotidiano no ND+ e para o ND, maior jornal impresso de Santa Catarina. Cursou um semestre letivo de Estudos de M\u00eddia na Universidad de Buenos Aires.\",\"url\":\"https:\/\/www.suno.com.br\/noticias\/author\/eduardo-vargas\/\"}]}<\/script>\n<!-- \/ Yoast SEO plugin. -->","yoast_head_json":{"title":"China tem pior surto de Coronav\u00edrus desde Wuhan","description":"Segundo informe da m\u00eddia estatal da China, surto de coronav\u00edrus se deu ap\u00f3s contamina\u00e7\u00e3o em aeroporto. Clique aqui e leia mais.","robots":{"index":"index","follow":"follow","max-snippet":"max-snippet:-1","max-image-preview":"max-image-preview:large","max-video-preview":"max-video-preview:-1"},"canonical":"https:\/\/www.suno.com.br\/noticias\/china-pior-surto-coronavirus-wuhan-covid-19\/","og_locale":"pt_BR","og_type":"article","og_title":"China tem pior surto de Coronav\u00edrus desde Wuhan","og_description":"Segundo informe da m\u00eddia estatal da China, surto de coronav\u00edrus se deu ap\u00f3s contamina\u00e7\u00e3o em aeroporto. Clique aqui e leia mais.","og_url":"https:\/\/www.suno.com.br\/noticias\/china-pior-surto-coronavirus-wuhan-covid-19\/","og_site_name":"Suno Not\u00edcias","article_publisher":"https:\/\/facebook.com\/sunoresearch","og_image":[{"width":1920,"height":1280,"url":"https:\/\/files.sunoresearch.com.br\/n\/uploads\/2021\/08\/8fbb2d2b-coronavirus-4810201_1920.jpg","type":"image\/jpeg"}],"author":"Eduardo Vargas","twitter_card":"summary_large_image","twitter_creator":"@sunoresearch","twitter_site":"@sunoresearch","twitter_misc":{"Escrito por":"Eduardo Vargas","Est. tempo de leitura":"2 minutos"},"schema":{"@context":"https:\/\/schema.org","@graph":[{"@type":"NewsArticle","@id":"https:\/\/www.suno.com.br\/noticias\/china-pior-surto-coronavirus-wuhan-covid-19\/#article","isPartOf":{"@id":"https:\/\/www.suno.com.br\/noticias\/china-pior-surto-coronavirus-wuhan-covid-19\/"},"author":{"name":"Eduardo Vargas","@id":"https:\/\/www.suno.com.br\/noticias\/#\/schema\/person\/7f4d362bf3518e76090143ae77bb49a5"},"headline":"China tem pior surto de Coronav\u00edrus desde o in\u00edcio da pandemia em Wuhan","datePublished":"2021-08-02T15:55:37+00:00","mainEntityOfPage":{"@id":"https:\/\/www.suno.com.br\/noticias\/china-pior-surto-coronavirus-wuhan-covid-19\/"},"wordCount":418,"publisher":{"@id":"https:\/\/www.suno.com.br\/noticias\/#organization"},"image":{"@id":"https:\/\/www.suno.com.br\/noticias\/china-pior-surto-coronavirus-wuhan-covid-19\/#primaryimage"},"thumbnailUrl":"https:\/\/files.sunoresearch.com.br\/n\/uploads\/2021\/08\/8fbb2d2b-coronavirus-4810201_1920.jpg","keywords":["China","coronav\u00edrus","covid-19","pandemia"],"articleSection":["Internacional"],"inLanguage":"pt-BR"},{"@type":"WebPage","@id":"https:\/\/www.suno.com.br\/noticias\/china-pior-surto-coronavirus-wuhan-covid-19\/","url":"https:\/\/www.suno.com.br\/noticias\/china-pior-surto-coronavirus-wuhan-covid-19\/","name":"China tem pior surto de Coronav\u00edrus desde Wuhan","isPartOf":{"@id":"https:\/\/www.suno.com.br\/noticias\/#website"},"primaryImageOfPage":{"@id":"https:\/\/www.suno.com.br\/noticias\/china-pior-surto-coronavirus-wuhan-covid-19\/#primaryimage"},"image":{"@id":"https:\/\/www.suno.com.br\/noticias\/china-pior-surto-coronavirus-wuhan-covid-19\/#primaryimage"},"thumbnailUrl":"https:\/\/files.sunoresearch.com.br\/n\/uploads\/2021\/08\/8fbb2d2b-coronavirus-4810201_1920.jpg","datePublished":"2021-08-02T15:55:37+00:00","description":"Segundo informe da m\u00eddia estatal da China, surto de coronav\u00edrus se deu ap\u00f3s contamina\u00e7\u00e3o em aeroporto. Clique aqui e leia mais.","breadcrumb":{"@id":"https:\/\/www.suno.com.br\/noticias\/china-pior-surto-coronavirus-wuhan-covid-19\/#breadcrumb"},"inLanguage":"pt-BR","potentialAction":[{"@type":"ReadAction","target":["https:\/\/www.suno.com.br\/noticias\/china-pior-surto-coronavirus-wuhan-covid-19\/"]}]},{"@type":"ImageObject","inLanguage":"pt-BR","@id":"https:\/\/www.suno.com.br\/noticias\/china-pior-surto-coronavirus-wuhan-covid-19\/#primaryimage","url":"https:\/\/files.sunoresearch.com.br\/n\/uploads\/2021\/08\/8fbb2d2b-coronavirus-4810201_1920.jpg","contentUrl":"https:\/\/files.sunoresearch.com.br\/n\/uploads\/2021\/08\/8fbb2d2b-coronavirus-4810201_1920.jpg","width":1920,"height":1280,"caption":"Surto de coronav\u00edrus Foto: Pixabay"},{"@type":"BreadcrumbList","@id":"https:\/\/www.suno.com.br\/noticias\/china-pior-surto-coronavirus-wuhan-covid-19\/#breadcrumb","itemListElement":[{"@type":"ListItem","position":1,"name":"Not\u00edcias","item":"https:\/\/www.suno.com.br\/noticias\/"},{"@type":"ListItem","position":2,"name":"Internacional","item":"https:\/\/www.suno.com.br\/noticias\/internacional\/"},{"@type":"ListItem","position":3,"name":"China tem pior surto de Coronav\u00edrus desde o in\u00edcio da pandemia em Wuhan"}]},{"@type":"WebSite","@id":"https:\/\/www.suno.com.br\/noticias\/#website","url":"https:\/\/www.suno.com.br\/noticias\/","name":"Suno Not\u00edcias","description":"Seu portal de informa\u00e7\u00e3o sobre o mundo dos investimentos","publisher":{"@id":"https:\/\/www.suno.com.br\/noticias\/#organization"},"potentialAction":[{"@type":"SearchAction","target":{"@type":"EntryPoint","urlTemplate":"https:\/\/www.suno.com.br\/noticias\/?s={search_term_string}"},"query-input":{"@type":"PropertyValueSpecification","valueRequired":true,"valueName":"search_term_string"}}],"inLanguage":"pt-BR"},{"@type":"Organization","@id":"https:\/\/www.suno.com.br\/noticias\/#organization","name":"Suno Not\u00edcias","url":"https:\/\/www.suno.com.br\/noticias\/","logo":{"@type":"ImageObject","inLanguage":"pt-BR","@id":"https:\/\/www.suno.com.br\/noticias\/#\/schema\/logo\/image\/","url":"https:\/\/files.sunoresearch.com.br\/n\/uploads\/2021\/09\/suno-logo.png","contentUrl":"https:\/\/files.sunoresearch.com.br\/n\/uploads\/2021\/09\/suno-logo.png","width":180,"height":180,"caption":"Suno Not\u00edcias"},"image":{"@id":"https:\/\/www.suno.com.br\/noticias\/#\/schema\/logo\/image\/"},"sameAs":["https:\/\/facebook.com\/sunoresearch","https:\/\/x.com\/sunoresearch","https:\/\/www.instagram.com\/suno","https:\/\/www.linkedin.com\/company\/suno-research\/","https:\/\/www.youtube.com\/c\/sunoresearch"]},{"@type":"Person","@id":"https:\/\/www.suno.com.br\/noticias\/#\/schema\/person\/7f4d362bf3518e76090143ae77bb49a5","name":"Eduardo Vargas","image":{"@type":"ImageObject","inLanguage":"pt-BR","@id":"https:\/\/www.suno.com.br\/noticias\/#\/schema\/person\/image\/","url":"https:\/\/secure.gravatar.com\/avatar\/dac340933427a22924c9f99d1eb2e3f2?s=96&r=g","contentUrl":"https:\/\/secure.gravatar.com\/avatar\/dac340933427a22924c9f99d1eb2e3f2?s=96&r=g","caption":"Eduardo Vargas"},"description":"Jornalista formado pela UFSC, cobre macroeconomia, neg\u00f3cios e startups para o Suno Not\u00edcias, escrevendo principalmente not\u00edcias sobre o mercado financeiro e a bolsa de valores. No YouTube e no Instagram, \u00e9 respons\u00e1vel pela produ\u00e7\u00e3o de Reels e Shorts do Suno Not\u00edcias. Anteriormente, trabalhou cobrindo economia e cotidiano no ND+ e para o ND, maior jornal impresso de Santa Catarina. Cursou um semestre letivo de Estudos de M\u00eddia na Universidad de Buenos Aires.","url":"https:\/\/www.suno.com.br\/noticias\/author\/eduardo-vargas\/"}]}},"default_loop_html":"<div class=\"cardsPage__listCard__boxs\"><div class=\"cardsPage__listCard__boxs__img\"><a href=\"https:\/\/www.suno.com.br\/noticias\/china-pior-surto-coronavirus-wuhan-covid-19\/\"><img class=\"mask\" src=\"https:\/\/www.suno.com.br\/noticias\/wp-content\/themes\/suno\/resources\/images\/spotlight\/spotlight1img\/bg-mask.png\" alt=\"Image Mask\"\/><img src=\"https:\/\/files.sunoresearch.com.br\/n\/uploads\/2021\/08\/8fbb2d2b-coronavirus-4810201_1920-400x200.jpg\" alt=\"China tem pior surto de Coronav\u00edrus desde o in\u00edcio da pandemia em Wuhan\"\/><\/a><span class=\"spotlightCategory\"><a href=\"https:\/\/www.suno.com.br\/noticias\/internacional\/\">Internacional<\/a><\/span><\/div><div class=\"cardsPage__listCard__boxs__content\"><a href=\"https:\/\/www.suno.com.br\/noticias\/china-pior-surto-coronavirus-wuhan-covid-19\/\"><h2 class=\"content__title\">China tem pior surto de Coronav\u00edrus desde o in\u00edcio da pandemia em Wuhan<\/h2><\/a><div class=\"newsContent__article__meta\"><div class=\"newsContent__article__meta__authorBox\"><a href=\"https:\/\/www.suno.com.br\/noticias\/author\/eduardo-vargas\/\" class=\"authorBox__avatar noMobi\"><img src=\"https:\/\/secure.gravatar.com\/avatar\/dac340933427a22924c9f99d1eb2e3f2?s=96&#038;r=g\" alt=\"Eduardo Vargas\"><\/a><div class=\"authorBox__name\"><span>por\n\t\t\t<a href=\"https:\/\/www.suno.com.br\/noticias\/author\/eduardo-vargas\/\"><span itemprop=\"author\">Eduardo Vargas<\/span><\/a><\/span><time datetime=\"2021-08-02T12:55:37-03:00\" itemprop=\"datePublished\">02\/08\/2021 12:55<\/time><\/div><\/div><\/div><\/div><\/div>","single_layout":"posts","amp_enabled":true,"_links":{"self":[{"href":"https:\/\/www.suno.com.br\/noticias\/wp-json\/wp\/v2\/posts\/171333"}],"collection":[{"href":"https:\/\/www.suno.com.br\/noticias\/wp-json\/wp\/v2\/posts"}],"about":[{"href":"https:\/\/www.suno.com.br\/noticias\/wp-json\/wp\/v2\/types\/post"}],"author":[{"embeddable":true,"href":"https:\/\/www.suno.com.br\/noticias\/wp-json\/wp\/v2\/users\/73"}],"replies":[{"embeddable":true,"href":"https:\/\/www.suno.com.br\/noticias\/wp-json\/wp\/v2\/comments?post=171333"}],"version-history":[{"count":3,"href":"https:\/\/www.suno.com.br\/noticias\/wp-json\/wp\/v2\/posts\/171333\/revisions"}],"predecessor-version":[{"id":171361,"href":"https:\/\/www.suno.com.br\/noticias\/wp-json\/wp\/v2\/posts\/171333\/revisions\/171361"}],"wp:featuredmedia":[{"embeddable":true,"href":"https:\/\/www.suno.com.br\/noticias\/wp-json\/wp\/v2\/media\/171347"}],"wp:attachment":[{"href":"https:\/\/www.suno.com.br\/noticias\/wp-json\/wp\/v2\/media?parent=171333"}],"wp:term":[{"taxonomy":"category","embeddable":true,"href":"https:\/\/www.suno.com.br\/noticias\/wp-json\/wp\/v2\/categories?post=171333"},{"taxonomy":"post_tag","embeddable":true,"href":"https:\/\/www.suno.com.br\/noticias\/wp-json\/wp\/v2\/tags?post=171333"},{"taxonomy":"suno_strategy","embeddable":true,"href":"https:\/\/www.suno.com.br\/noticias\/wp-json\/wp\/v2\/suno_strategy?post=171333"}],"curies":[{"name":"wp","href":"https:\/\/api.w.org\/{rel}","templated":true}]}}