{"id":17113,"date":"2019-03-03T12:28:34","date_gmt":"2019-03-03T15:28:34","guid":{"rendered":"https:\/\/www.suno.com.br\/noticias\/?p=17113"},"modified":"2019-03-04T15:10:53","modified_gmt":"2019-03-04T18:10:53","slug":"juan-guaido-anuncia-seu-retorno-venezuela","status":"publish","type":"post","link":"https:\/\/www.suno.com.br\/noticias\/juan-guaido-anuncia-seu-retorno-venezuela\/","title":{"rendered":"Juan Guaid\u00f3 anuncia seu retorno \u00e0 Venezuela"},"content":{"rendered":"<p>O autoproclamado presidente interino da Venezuela, <strong>Juan Guaid\u00f3,<\/strong> anunciou na noite de s\u00e1bado (2) que retornar\u00e1 ao seu pa\u00eds. O pol\u00edtico informou de sua volta ap\u00f3s a conclus\u00e3o de uma visita ao <strong>Equador.<\/strong> Entretanto, o l\u00edder oposicionista n\u00e3o informou sobre a data exata de sua volta.<\/p>\t<div class=\"wrapper-featured-image\">\n\t\t<figure class=\"spotlightImg\">\n\n\t\t\t<picture>\n\t\t\t\t<source media=\"(max-width: 768px)\" srcset=\"https:\/\/files.sunoresearch.com.br\/n\/uploads\/2019\/03\/92b834d4-juan-guaid\u00f32-400x200.webp\">\n\t\t\t\t<img loading=\"lazy\" decoding=\"async\" class=\"newsContent__article__imgCapa lazyloadDisabled newsContent__article__imgCapa--noCaption\" src=\"https:\/\/files.sunoresearch.com.br\/n\/uploads\/2019\/03\/92b834d4-juan-guaid\u00f32-800x450.webp\" width=\"800\" height=\"450\" alt=\"Juan Guaid\u00f3 anuncia seu retorno \u00e0 Venezuela\" fetchpriority=high \/>\n\t\t\t<\/picture>\n\n\t\t\t<figcaption class=\"wp-caption-text wp-caption-text--hide\">Juan Guaid\u00f3<\/figcaption>\n\t\t<\/figure>\n\t<\/div>\n\n\n<p><strong>Guaid\u00f3<\/strong> realizou nos \u00faltimos dias uma s\u00e9rie de viagens na <strong>America do Sul.<\/strong> Entre os pa\u00edses visitados est\u00e1 tamb\u00e9m o <strong>Brasil,<\/strong> que o reconhece como legitimo governante da <strong>Venezuela.<\/strong> O pol\u00edtico tamb\u00e9m visitou a <strong>Col\u00f4mbia, Argentina, Paraguay<\/strong> e o <strong>Equador.<\/strong><\/p>\n<p><a href=\"https:\/\/www.suno.com.br\/noticias\/bolsonaro-aceitaria-conversar-com-maduro\/\">Saiba mais: Bolsonaro: aceitaria conversar com Maduro para alcan\u00e7ar solu\u00e7\u00e3o\u00a0<\/a><\/p>\n<p>As viagens do presidente interino na regi\u00e3o foram realizadas na tentativa de obter apoio pol\u00edtico dos pa\u00edses vizinhos. O l\u00edder oposicionista tenta aumentar a press\u00e3o sobre o <strong>governo<\/strong> de <strong>Nicol\u00e1s Maduro.<\/strong> A maioria dos governos da <strong>Am\u00e9rica do Sul<\/strong> reconhece <strong>Guaid\u00f3<\/strong> como presidente legitimo da <strong>Venezuela.<\/strong><\/p>\n<p>A poss\u00edvel volta de <strong>Guaid\u00f3<\/strong> em seu pa\u00eds abriria um confronto com o governo de <strong>Maduro,<\/strong> que ele tenta derrubar. O pol\u00edtico da oposi\u00e7\u00e3o j\u00e1 foi amea\u00e7ado v\u00e1rias vezes de pris\u00e3o pelo <strong>Executivo<\/strong> bolivariano.<\/p>\n<p>O presidente interino convocou mobiliza\u00e7\u00f5es para esta segunda-feira (4) e ter\u00e7a-feira (5) na\u00a0<strong>Venezuela.<\/strong> As manifesta\u00e7\u00f5es contra o <strong>regime<\/strong> de <strong>Maduro<\/strong> ser\u00e3o realizadas nos mesmos dias das celebra\u00e7\u00f5es do Carnaval venezuelano.<\/p>\n<p><a href=\"https:\/\/www.suno.com.br\/noticias\/mourao-maduro-venezuela-diplomatica\/\">Saiba mais: Mour\u00e3o: sa\u00edda de Maduro do poder depende de press\u00e3o diplom\u00e1tica\u00a0<\/a><\/p>\n<p>Segundo o porta-voz de Guaid\u00f3, Edward Rodriguez, o <strong>l\u00edder oposicionista<\/strong> poderia voltar na Venezuela na segunda-feira. Em seu perfil no Twitter, <strong>Guaid\u00f3<\/strong> escreveu que ele e seus seguidores tinham pouco a comemorar e muito a fazer. O presidente interino salientou\u00a0que pretende levar adiante uma <strong>transi\u00e7\u00e3o pac\u00edfica<\/strong> que permita \u00e0 <strong>Venezuela<\/strong> superar sua <strong>crise pol\u00edtica e<\/strong><br \/>\n<strong>humanit\u00e1ria.<\/strong><\/p>\n<h2>Entenda o caso<\/h2>\n<p><strong>Guaid\u00f3<\/strong> se declarou presidente interino da <strong>Venezuela<\/strong> em janeiro. Ele \u00e9 reconhecido pelos <strong>Estados Unidos<\/strong> e por outros 50 pa\u00edses. Entretanto, <strong>China, R\u00fassia, Ir\u00e3, Cuba<\/strong> e outros pa\u00edses continuam reconhecendo o governo de <strong>Maduro.<\/strong><\/p>\n<p><strong>Guaid\u00f3<\/strong> \u00e9 presidente da <strong>Assembleia Nacional Venezuelana.<\/strong> O \u00f3rg\u00e3o legislativo \u00e9 dominado pelas for\u00e7as de oposi\u00e7\u00e3o, ap\u00f3s a elei\u00e7\u00e3o de 2015. Ele se autoproclamou presidente invocando cl\u00e1usulas da <strong>Constitui\u00e7\u00e3o<\/strong> da <strong>Venezuela.<\/strong> As oposi\u00e7\u00f5es venezuelanas n\u00e3o reconhecem a legitimidade das elei\u00e7\u00f5es presidenciais de 2018, nas quais <strong>Maduro<\/strong> conseguiu se reeleger. Os oposicionistas salientam que o pleito foi fraudado.<\/p>\n<p><a href=\"https:\/\/www.suno.com.br\/noticias\/juan-guaido-brasil-crise-venezuela\/\">Saiba mais: Juan Guaid\u00f3 vem ao Brasil debater crise na Venezuela com Bolsonaro\u00a0<\/a><\/p>\n<p>Na semana passada, <strong>Guaid\u00f3<\/strong> tentou coordenar uma tentativa de levar assist\u00eancia humanit\u00e1ria da <strong>Col\u00f4mbia<\/strong> e do <strong>Brasil<\/strong> at\u00e9 a <strong>Venezuela.<\/strong> Entretanto, as for\u00e7as de seguran\u00e7a leais a <strong>Maduro<\/strong> impediram a passagem dos caminh\u00f5es carregados com os produtos e alimentos. O regime venezuelano acusa Guaid\u00f3 de ser parte de um plano dos <strong>EUA<\/strong> para derrub\u00e1-lo.<\/p>\n","protected":false},"excerpt":{"rendered":"<p>O autoproclamado presidente interino da Venezuela, Juan Guaid\u00f3, anunciou na noite de s\u00e1bado (2) que retornar\u00e1 ao seu pa\u00eds. O pol\u00edtico informou de sua volta ap\u00f3s a conclus\u00e3o de uma visita ao Equador. Entretanto, o l\u00edder oposicionista n\u00e3o informou sobre a data exata de sua volta. Juan Guaid\u00f3 Guaid\u00f3 realizou nos \u00faltimos dias uma s\u00e9rie [&hellip;]<\/p>\n","protected":false},"author":9,"featured_media":17137,"comment_status":"closed","ping_status":"closed","sticky":false,"template":"","format":"standard","meta":[],"categories":[63],"tags":[1125,805,804],"suno_strategy":[],"class_list":["post-17113","post","type-post","status-publish","format-standard","has-post-thumbnail","hentry","category-internacional","tag-juan-guaido","tag-nicolas-maduro","tag-venezuela"],"yoast_head":"<!-- This site is optimized with the Yoast SEO plugin v24.4 - https:\/\/yoast.com\/wordpress\/plugins\/seo\/ -->\n<title>L\u00edder oposicionista Juan Guaid\u00f3 anuncia seu retorno \u00e0 Venezuela<\/title>\n<meta name=\"description\" content=\"O autoproclamado presidente interino da Venezuela, Juan Guaid\u00f3, anunciou que retornar\u00e1 ao seu pa\u00eds. Clique aqui para saber mais.\" \/>\n<meta name=\"robots\" content=\"index, follow, max-snippet:-1, max-image-preview:large, max-video-preview:-1\" \/>\n<link rel=\"canonical\" href=\"https:\/\/www.suno.com.br\/noticias\/juan-guaido-anuncia-seu-retorno-venezuela\/\" \/>\n<meta property=\"og:locale\" content=\"pt_BR\" \/>\n<meta property=\"og:type\" content=\"article\" \/>\n<meta property=\"og:title\" content=\"L\u00edder oposicionista Juan Guaid\u00f3 anuncia seu retorno \u00e0 Venezuela\" \/>\n<meta property=\"og:description\" content=\"O autoproclamado presidente interino da Venezuela, Juan Guaid\u00f3, anunciou que retornar\u00e1 ao seu pa\u00eds. Clique aqui para saber mais.\" \/>\n<meta property=\"og:url\" content=\"https:\/\/www.suno.com.br\/noticias\/juan-guaido-anuncia-seu-retorno-venezuela\/\" \/>\n<meta property=\"og:site_name\" content=\"Suno Not\u00edcias\" \/>\n<meta property=\"article:publisher\" content=\"https:\/\/facebook.com\/sunoresearch\" \/>\n<meta property=\"og:image\" content=\"https:\/\/files.sunoresearch.com.br\/n\/uploads\/2019\/03\/92b834d4-juan-guaid\u00f32.jpg\" \/>\n\t<meta property=\"og:image:width\" content=\"1008\" \/>\n\t<meta property=\"og:image:height\" content=\"672\" \/>\n\t<meta property=\"og:image:type\" content=\"image\/jpeg\" \/>\n<meta name=\"author\" content=\"Carlo Cauti\" \/>\n<meta name=\"twitter:card\" content=\"summary_large_image\" \/>\n<meta name=\"twitter:creator\" content=\"@sunoresearch\" \/>\n<meta name=\"twitter:site\" content=\"@sunoresearch\" \/>\n<meta name=\"twitter:label1\" content=\"Escrito por\" \/>\n\t<meta name=\"twitter:data1\" content=\"Carlo Cauti\" \/>\n\t<meta name=\"twitter:label2\" content=\"Est. tempo de leitura\" \/>\n\t<meta name=\"twitter:data2\" content=\"2 minutos\" \/>\n<script type=\"application\/ld+json\" class=\"yoast-schema-graph\">{\"@context\":\"https:\/\/schema.org\",\"@graph\":[{\"@type\":\"NewsArticle\",\"@id\":\"https:\/\/www.suno.com.br\/noticias\/juan-guaido-anuncia-seu-retorno-venezuela\/#article\",\"isPartOf\":{\"@id\":\"https:\/\/www.suno.com.br\/noticias\/juan-guaido-anuncia-seu-retorno-venezuela\/\"},\"author\":{\"name\":\"Carlo Cauti\",\"@id\":\"https:\/\/www.suno.com.br\/noticias\/#\/schema\/person\/e6e0f723cc177805027f4566c1d5e0c8\"},\"headline\":\"Juan Guaid\u00f3 anuncia seu retorno \u00e0 Venezuela\",\"datePublished\":\"2019-03-03T15:28:34+00:00\",\"dateModified\":\"2019-03-04T18:10:53+00:00\",\"mainEntityOfPage\":{\"@id\":\"https:\/\/www.suno.com.br\/noticias\/juan-guaido-anuncia-seu-retorno-venezuela\/\"},\"wordCount\":496,\"publisher\":{\"@id\":\"https:\/\/www.suno.com.br\/noticias\/#organization\"},\"image\":{\"@id\":\"https:\/\/www.suno.com.br\/noticias\/juan-guaido-anuncia-seu-retorno-venezuela\/#primaryimage\"},\"thumbnailUrl\":\"https:\/\/files.sunoresearch.com.br\/n\/uploads\/2019\/03\/92b834d4-juan-guaid\u00f32-jpg.webp\",\"keywords\":[\"Juan Guaid\u00f3\",\"Nicol\u00e1s Maduro\",\"Venezuela\"],\"articleSection\":[\"Internacional\"],\"inLanguage\":\"pt-BR\"},{\"@type\":\"WebPage\",\"@id\":\"https:\/\/www.suno.com.br\/noticias\/juan-guaido-anuncia-seu-retorno-venezuela\/\",\"url\":\"https:\/\/www.suno.com.br\/noticias\/juan-guaido-anuncia-seu-retorno-venezuela\/\",\"name\":\"L\u00edder oposicionista Juan Guaid\u00f3 anuncia seu retorno \u00e0 Venezuela\",\"isPartOf\":{\"@id\":\"https:\/\/www.suno.com.br\/noticias\/#website\"},\"primaryImageOfPage\":{\"@id\":\"https:\/\/www.suno.com.br\/noticias\/juan-guaido-anuncia-seu-retorno-venezuela\/#primaryimage\"},\"image\":{\"@id\":\"https:\/\/www.suno.com.br\/noticias\/juan-guaido-anuncia-seu-retorno-venezuela\/#primaryimage\"},\"thumbnailUrl\":\"https:\/\/files.sunoresearch.com.br\/n\/uploads\/2019\/03\/92b834d4-juan-guaid\u00f32-jpg.webp\",\"datePublished\":\"2019-03-03T15:28:34+00:00\",\"dateModified\":\"2019-03-04T18:10:53+00:00\",\"description\":\"O autoproclamado presidente interino da Venezuela, Juan Guaid\u00f3, anunciou que retornar\u00e1 ao seu pa\u00eds. Clique aqui para saber mais.\",\"breadcrumb\":{\"@id\":\"https:\/\/www.suno.com.br\/noticias\/juan-guaido-anuncia-seu-retorno-venezuela\/#breadcrumb\"},\"inLanguage\":\"pt-BR\",\"potentialAction\":[{\"@type\":\"ReadAction\",\"target\":[\"https:\/\/www.suno.com.br\/noticias\/juan-guaido-anuncia-seu-retorno-venezuela\/\"]}]},{\"@type\":\"ImageObject\",\"inLanguage\":\"pt-BR\",\"@id\":\"https:\/\/www.suno.com.br\/noticias\/juan-guaido-anuncia-seu-retorno-venezuela\/#primaryimage\",\"url\":\"https:\/\/files.sunoresearch.com.br\/n\/uploads\/2019\/03\/92b834d4-juan-guaid\u00f32-jpg.webp\",\"contentUrl\":\"https:\/\/files.sunoresearch.com.br\/n\/uploads\/2019\/03\/92b834d4-juan-guaid\u00f32-jpg.webp\",\"width\":1008,\"height\":672,\"caption\":\"Juan Guaid\u00f3\"},{\"@type\":\"BreadcrumbList\",\"@id\":\"https:\/\/www.suno.com.br\/noticias\/juan-guaido-anuncia-seu-retorno-venezuela\/#breadcrumb\",\"itemListElement\":[{\"@type\":\"ListItem\",\"position\":1,\"name\":\"Not\u00edcias\",\"item\":\"https:\/\/www.suno.com.br\/noticias\/\"},{\"@type\":\"ListItem\",\"position\":2,\"name\":\"Internacional\",\"item\":\"https:\/\/www.suno.com.br\/noticias\/internacional\/\"},{\"@type\":\"ListItem\",\"position\":3,\"name\":\"Juan Guaid\u00f3 anuncia seu retorno \u00e0 Venezuela\"}]},{\"@type\":\"WebSite\",\"@id\":\"https:\/\/www.suno.com.br\/noticias\/#website\",\"url\":\"https:\/\/www.suno.com.br\/noticias\/\",\"name\":\"Suno Not\u00edcias\",\"description\":\"Seu portal de informa\u00e7\u00e3o sobre o mundo dos investimentos\",\"publisher\":{\"@id\":\"https:\/\/www.suno.com.br\/noticias\/#organization\"},\"potentialAction\":[{\"@type\":\"SearchAction\",\"target\":{\"@type\":\"EntryPoint\",\"urlTemplate\":\"https:\/\/www.suno.com.br\/noticias\/?s={search_term_string}\"},\"query-input\":{\"@type\":\"PropertyValueSpecification\",\"valueRequired\":true,\"valueName\":\"search_term_string\"}}],\"inLanguage\":\"pt-BR\"},{\"@type\":\"Organization\",\"@id\":\"https:\/\/www.suno.com.br\/noticias\/#organization\",\"name\":\"Suno Not\u00edcias\",\"url\":\"https:\/\/www.suno.com.br\/noticias\/\",\"logo\":{\"@type\":\"ImageObject\",\"inLanguage\":\"pt-BR\",\"@id\":\"https:\/\/www.suno.com.br\/noticias\/#\/schema\/logo\/image\/\",\"url\":\"https:\/\/files.sunoresearch.com.br\/n\/uploads\/2021\/09\/suno-logo.png\",\"contentUrl\":\"https:\/\/files.sunoresearch.com.br\/n\/uploads\/2021\/09\/suno-logo.png\",\"width\":180,\"height\":180,\"caption\":\"Suno Not\u00edcias\"},\"image\":{\"@id\":\"https:\/\/www.suno.com.br\/noticias\/#\/schema\/logo\/image\/\"},\"sameAs\":[\"https:\/\/facebook.com\/sunoresearch\",\"https:\/\/x.com\/sunoresearch\",\"https:\/\/www.instagram.com\/suno\",\"https:\/\/www.linkedin.com\/company\/suno-research\/\",\"https:\/\/www.youtube.com\/c\/sunoresearch\"]},{\"@type\":\"Person\",\"@id\":\"https:\/\/www.suno.com.br\/noticias\/#\/schema\/person\/e6e0f723cc177805027f4566c1d5e0c8\",\"name\":\"Carlo Cauti\",\"image\":{\"@type\":\"ImageObject\",\"inLanguage\":\"pt-BR\",\"@id\":\"https:\/\/www.suno.com.br\/noticias\/#\/schema\/person\/image\/\",\"url\":\"https:\/\/secure.gravatar.com\/avatar\/3ada9e0bd164c23abd4792a9606d583c?s=96&r=g\",\"contentUrl\":\"https:\/\/secure.gravatar.com\/avatar\/3ada9e0bd164c23abd4792a9606d583c?s=96&r=g\",\"caption\":\"Carlo Cauti\"},\"description\":\"Editor multim\u00eddia do SUNO Not\u00edcias. Italiano, formado em Ci\u00eancias Pol\u00edticas pela universidade LUISS G. Carli de Roma e mestre cum laude em Rela\u00e7\u00f5es Internacionais, Jornalismo Internacional e de Guerra e em Economia Internacional. Concluiu tamb\u00e9m um MBA em Finan\u00e7as na B3. No Brasil, teve passagem por ve\u00edculos como Estad\u00e3o, Globo, Veja e EXAME. e nas ag\u00eancias de not\u00edcias italianas ANSA e NOVA.\",\"url\":\"https:\/\/www.suno.com.br\/noticias\/author\/carlo-cauti\/\"}]}<\/script>\n<!-- \/ Yoast SEO plugin. -->","yoast_head_json":{"title":"L\u00edder oposicionista Juan Guaid\u00f3 anuncia seu retorno \u00e0 Venezuela","description":"O autoproclamado presidente interino da Venezuela, Juan Guaid\u00f3, anunciou que retornar\u00e1 ao seu pa\u00eds. Clique aqui para saber mais.","robots":{"index":"index","follow":"follow","max-snippet":"max-snippet:-1","max-image-preview":"max-image-preview:large","max-video-preview":"max-video-preview:-1"},"canonical":"https:\/\/www.suno.com.br\/noticias\/juan-guaido-anuncia-seu-retorno-venezuela\/","og_locale":"pt_BR","og_type":"article","og_title":"L\u00edder oposicionista Juan Guaid\u00f3 anuncia seu retorno \u00e0 Venezuela","og_description":"O autoproclamado presidente interino da Venezuela, Juan Guaid\u00f3, anunciou que retornar\u00e1 ao seu pa\u00eds. Clique aqui para saber mais.","og_url":"https:\/\/www.suno.com.br\/noticias\/juan-guaido-anuncia-seu-retorno-venezuela\/","og_site_name":"Suno Not\u00edcias","article_publisher":"https:\/\/facebook.com\/sunoresearch","og_image":[{"width":1008,"height":672,"url":"https:\/\/files.sunoresearch.com.br\/n\/uploads\/2019\/03\/92b834d4-juan-guaid\u00f32.jpg","type":"image\/jpeg"}],"author":"Carlo Cauti","twitter_card":"summary_large_image","twitter_creator":"@sunoresearch","twitter_site":"@sunoresearch","twitter_misc":{"Escrito por":"Carlo Cauti","Est. tempo de leitura":"2 minutos"},"schema":{"@context":"https:\/\/schema.org","@graph":[{"@type":"NewsArticle","@id":"https:\/\/www.suno.com.br\/noticias\/juan-guaido-anuncia-seu-retorno-venezuela\/#article","isPartOf":{"@id":"https:\/\/www.suno.com.br\/noticias\/juan-guaido-anuncia-seu-retorno-venezuela\/"},"author":{"name":"Carlo Cauti","@id":"https:\/\/www.suno.com.br\/noticias\/#\/schema\/person\/e6e0f723cc177805027f4566c1d5e0c8"},"headline":"Juan Guaid\u00f3 anuncia seu retorno \u00e0 Venezuela","datePublished":"2019-03-03T15:28:34+00:00","dateModified":"2019-03-04T18:10:53+00:00","mainEntityOfPage":{"@id":"https:\/\/www.suno.com.br\/noticias\/juan-guaido-anuncia-seu-retorno-venezuela\/"},"wordCount":496,"publisher":{"@id":"https:\/\/www.suno.com.br\/noticias\/#organization"},"image":{"@id":"https:\/\/www.suno.com.br\/noticias\/juan-guaido-anuncia-seu-retorno-venezuela\/#primaryimage"},"thumbnailUrl":"https:\/\/files.sunoresearch.com.br\/n\/uploads\/2019\/03\/92b834d4-juan-guaid\u00f32-jpg.webp","keywords":["Juan Guaid\u00f3","Nicol\u00e1s Maduro","Venezuela"],"articleSection":["Internacional"],"inLanguage":"pt-BR"},{"@type":"WebPage","@id":"https:\/\/www.suno.com.br\/noticias\/juan-guaido-anuncia-seu-retorno-venezuela\/","url":"https:\/\/www.suno.com.br\/noticias\/juan-guaido-anuncia-seu-retorno-venezuela\/","name":"L\u00edder oposicionista Juan Guaid\u00f3 anuncia seu retorno \u00e0 Venezuela","isPartOf":{"@id":"https:\/\/www.suno.com.br\/noticias\/#website"},"primaryImageOfPage":{"@id":"https:\/\/www.suno.com.br\/noticias\/juan-guaido-anuncia-seu-retorno-venezuela\/#primaryimage"},"image":{"@id":"https:\/\/www.suno.com.br\/noticias\/juan-guaido-anuncia-seu-retorno-venezuela\/#primaryimage"},"thumbnailUrl":"https:\/\/files.sunoresearch.com.br\/n\/uploads\/2019\/03\/92b834d4-juan-guaid\u00f32-jpg.webp","datePublished":"2019-03-03T15:28:34+00:00","dateModified":"2019-03-04T18:10:53+00:00","description":"O autoproclamado presidente interino da Venezuela, Juan Guaid\u00f3, anunciou que retornar\u00e1 ao seu pa\u00eds. Clique aqui para saber mais.","breadcrumb":{"@id":"https:\/\/www.suno.com.br\/noticias\/juan-guaido-anuncia-seu-retorno-venezuela\/#breadcrumb"},"inLanguage":"pt-BR","potentialAction":[{"@type":"ReadAction","target":["https:\/\/www.suno.com.br\/noticias\/juan-guaido-anuncia-seu-retorno-venezuela\/"]}]},{"@type":"ImageObject","inLanguage":"pt-BR","@id":"https:\/\/www.suno.com.br\/noticias\/juan-guaido-anuncia-seu-retorno-venezuela\/#primaryimage","url":"https:\/\/files.sunoresearch.com.br\/n\/uploads\/2019\/03\/92b834d4-juan-guaid\u00f32-jpg.webp","contentUrl":"https:\/\/files.sunoresearch.com.br\/n\/uploads\/2019\/03\/92b834d4-juan-guaid\u00f32-jpg.webp","width":1008,"height":672,"caption":"Juan Guaid\u00f3"},{"@type":"BreadcrumbList","@id":"https:\/\/www.suno.com.br\/noticias\/juan-guaido-anuncia-seu-retorno-venezuela\/#breadcrumb","itemListElement":[{"@type":"ListItem","position":1,"name":"Not\u00edcias","item":"https:\/\/www.suno.com.br\/noticias\/"},{"@type":"ListItem","position":2,"name":"Internacional","item":"https:\/\/www.suno.com.br\/noticias\/internacional\/"},{"@type":"ListItem","position":3,"name":"Juan Guaid\u00f3 anuncia seu retorno \u00e0 Venezuela"}]},{"@type":"WebSite","@id":"https:\/\/www.suno.com.br\/noticias\/#website","url":"https:\/\/www.suno.com.br\/noticias\/","name":"Suno Not\u00edcias","description":"Seu portal de informa\u00e7\u00e3o sobre o mundo dos investimentos","publisher":{"@id":"https:\/\/www.suno.com.br\/noticias\/#organization"},"potentialAction":[{"@type":"SearchAction","target":{"@type":"EntryPoint","urlTemplate":"https:\/\/www.suno.com.br\/noticias\/?s={search_term_string}"},"query-input":{"@type":"PropertyValueSpecification","valueRequired":true,"valueName":"search_term_string"}}],"inLanguage":"pt-BR"},{"@type":"Organization","@id":"https:\/\/www.suno.com.br\/noticias\/#organization","name":"Suno Not\u00edcias","url":"https:\/\/www.suno.com.br\/noticias\/","logo":{"@type":"ImageObject","inLanguage":"pt-BR","@id":"https:\/\/www.suno.com.br\/noticias\/#\/schema\/logo\/image\/","url":"https:\/\/files.sunoresearch.com.br\/n\/uploads\/2021\/09\/suno-logo.png","contentUrl":"https:\/\/files.sunoresearch.com.br\/n\/uploads\/2021\/09\/suno-logo.png","width":180,"height":180,"caption":"Suno Not\u00edcias"},"image":{"@id":"https:\/\/www.suno.com.br\/noticias\/#\/schema\/logo\/image\/"},"sameAs":["https:\/\/facebook.com\/sunoresearch","https:\/\/x.com\/sunoresearch","https:\/\/www.instagram.com\/suno","https:\/\/www.linkedin.com\/company\/suno-research\/","https:\/\/www.youtube.com\/c\/sunoresearch"]},{"@type":"Person","@id":"https:\/\/www.suno.com.br\/noticias\/#\/schema\/person\/e6e0f723cc177805027f4566c1d5e0c8","name":"Carlo Cauti","image":{"@type":"ImageObject","inLanguage":"pt-BR","@id":"https:\/\/www.suno.com.br\/noticias\/#\/schema\/person\/image\/","url":"https:\/\/secure.gravatar.com\/avatar\/3ada9e0bd164c23abd4792a9606d583c?s=96&r=g","contentUrl":"https:\/\/secure.gravatar.com\/avatar\/3ada9e0bd164c23abd4792a9606d583c?s=96&r=g","caption":"Carlo Cauti"},"description":"Editor multim\u00eddia do SUNO Not\u00edcias. Italiano, formado em Ci\u00eancias Pol\u00edticas pela universidade LUISS G. Carli de Roma e mestre cum laude em Rela\u00e7\u00f5es Internacionais, Jornalismo Internacional e de Guerra e em Economia Internacional. Concluiu tamb\u00e9m um MBA em Finan\u00e7as na B3. No Brasil, teve passagem por ve\u00edculos como Estad\u00e3o, Globo, Veja e EXAME. e nas ag\u00eancias de not\u00edcias italianas ANSA e NOVA.","url":"https:\/\/www.suno.com.br\/noticias\/author\/carlo-cauti\/"}]}},"default_loop_html":"<div class=\"cardsPage__listCard__boxs\"><div class=\"cardsPage__listCard__boxs__img\"><a href=\"https:\/\/www.suno.com.br\/noticias\/juan-guaido-anuncia-seu-retorno-venezuela\/\"><img class=\"mask\" src=\"https:\/\/www.suno.com.br\/noticias\/wp-content\/themes\/suno\/resources\/images\/spotlight\/spotlight1img\/bg-mask.png\" alt=\"Image Mask\"\/><img src=\"https:\/\/files.sunoresearch.com.br\/n\/uploads\/2019\/03\/92b834d4-juan-guaid\u00f32-400x200.webp\" alt=\"Juan Guaid\u00f3 anuncia seu retorno \u00e0 Venezuela\"\/><\/a><span class=\"spotlightCategory\"><a href=\"https:\/\/www.suno.com.br\/noticias\/internacional\/\">Internacional<\/a><\/span><\/div><div class=\"cardsPage__listCard__boxs__content\"><a href=\"https:\/\/www.suno.com.br\/noticias\/juan-guaido-anuncia-seu-retorno-venezuela\/\"><h2 class=\"content__title\">Juan Guaid\u00f3 anuncia seu retorno \u00e0 Venezuela<\/h2><\/a><div class=\"newsContent__article__meta\"><div class=\"newsContent__article__meta__authorBox\"><a href=\"https:\/\/www.suno.com.br\/noticias\/author\/carlo-cauti\/\" class=\"authorBox__avatar noMobi\"><img src=\"https:\/\/files.sunoresearch.com.br\/n\/uploads\/2020\/08\/e3745f9a-perfil-carlo-cauti-150x150.webp\" alt=\"Carlo Cauti\"><\/a><div class=\"authorBox__name\"><span>por\n\t\t\t<a href=\"https:\/\/www.suno.com.br\/noticias\/author\/carlo-cauti\/\"><span itemprop=\"author\">Carlo Cauti<\/span><\/a><\/span><time datetime=\"2019-03-03T12:28:34-03:00\" itemprop=\"datePublished\">03\/03\/2019 12:28<\/time><\/div><\/div><\/div><\/div><\/div>","single_layout":"posts","amp_enabled":true,"_links":{"self":[{"href":"https:\/\/www.suno.com.br\/noticias\/wp-json\/wp\/v2\/posts\/17113"}],"collection":[{"href":"https:\/\/www.suno.com.br\/noticias\/wp-json\/wp\/v2\/posts"}],"about":[{"href":"https:\/\/www.suno.com.br\/noticias\/wp-json\/wp\/v2\/types\/post"}],"author":[{"embeddable":true,"href":"https:\/\/www.suno.com.br\/noticias\/wp-json\/wp\/v2\/users\/9"}],"replies":[{"embeddable":true,"href":"https:\/\/www.suno.com.br\/noticias\/wp-json\/wp\/v2\/comments?post=17113"}],"version-history":[{"count":0,"href":"https:\/\/www.suno.com.br\/noticias\/wp-json\/wp\/v2\/posts\/17113\/revisions"}],"wp:featuredmedia":[{"embeddable":true,"href":"https:\/\/www.suno.com.br\/noticias\/wp-json\/wp\/v2\/media\/17137"}],"wp:attachment":[{"href":"https:\/\/www.suno.com.br\/noticias\/wp-json\/wp\/v2\/media?parent=17113"}],"wp:term":[{"taxonomy":"category","embeddable":true,"href":"https:\/\/www.suno.com.br\/noticias\/wp-json\/wp\/v2\/categories?post=17113"},{"taxonomy":"post_tag","embeddable":true,"href":"https:\/\/www.suno.com.br\/noticias\/wp-json\/wp\/v2\/tags?post=17113"},{"taxonomy":"suno_strategy","embeddable":true,"href":"https:\/\/www.suno.com.br\/noticias\/wp-json\/wp\/v2\/suno_strategy?post=17113"}],"curies":[{"name":"wp","href":"https:\/\/api.w.org\/{rel}","templated":true}]}}