{"id":171122,"date":"2021-07-31T13:01:35","date_gmt":"2021-07-31T16:01:35","guid":{"rendered":"https:\/\/www.suno.com.br\/noticias\/?p=171122"},"modified":"2021-07-31T13:01:35","modified_gmt":"2021-07-31T16:01:35","slug":"conta-luz-bandeira-dois-aneel","status":"publish","type":"post","link":"https:\/\/www.suno.com.br\/noticias\/conta-luz-bandeira-dois-aneel\/","title":{"rendered":"Conta de luz segue em patamar mais caro em agosto"},"content":{"rendered":"<p>A <strong>conta de luz<\/strong> seguir\u00e1 com a bandeira dois em agosto, no segundo patamar, a maior sobretaxa sobre o valor da energia no sistema de <a class=\"suno-keyword\" href=\"https:\/\/www.suno.com.br\/artigos\/bandeiras-tarifarias\/\" target=\"_blank\" rel=\"noopener noreferrer\" data-force=\"no\" data-priority=\"1\">bandeiras tarif\u00e1rias<\/a>. Com o an\u00fancio da Ag\u00eancia Nacional de Energia El\u00e9trica (Aneel), os consumidores v\u00e3o continuar pagando uma taxa adicional de R$ 9,49 a cada 100 quilowatts-hora (kWh) nas contas de luz.<\/p>\t<div class=\"wrapper-featured-image\">\n\t\t<figure class=\"spotlightImg\">\n\n\t\t\t<picture>\n\t\t\t\t<source media=\"(max-width: 768px)\" srcset=\"https:\/\/files.sunoresearch.com.br\/n\/uploads\/2021\/06\/3bc077fc-energiaagencia_brasil170912_mca7694-400x200.jpg\">\n\t\t\t\t<img loading=\"lazy\" decoding=\"async\" class=\"newsContent__article__imgCapa lazyloadDisabled \" src=\"https:\/\/files.sunoresearch.com.br\/n\/uploads\/2021\/06\/3bc077fc-energiaagencia_brasil170912_mca7694-800x450.jpg\" width=\"800\" height=\"450\" alt=\"Conta de luz segue em patamar mais caro em agosto\" fetchpriority=high \/>\n\t\t\t<\/picture>\n\n\t\t\t<figcaption class=\"wp-caption-text wp-caption-text--show\">Aumento da conta de luz nos \u00faltimos anos\u00a0 resulta do crescimento de encargos e subs\u00eddios (desconto a um setor ou um grupo, com custo dividido com os demais), da necessidade de usar termoel\u00e9tricas, que geram energia mais cara, e do modelo de contrata\u00e7\u00e3o de energiaFoto: Marcello Casal Jr\/Ag\u00eancia Brasil<\/figcaption>\n\t\t<\/figure>\n\t<\/div>\n\n\n\t<p>\n\t\t<a href=\"https:\/\/lp.suno.com.br\/planilha-controle-gastos\/\" target=\"_blank\" data-element=\"shortcode-suno-banner\" title=\"Banner SUNO, clique e saiba mais\">\n\t\t\t<picture>\n\t\t\t\t<source media=\"(max-width: 500px)\" srcset=\"https:\/\/files.sunoresearch.com.br\/n\/uploads\/2023\/03\/400x300-Planilha-controle-de-gastos.png\">\n\t\t\t\t<img class=\"newsContent__article__imgCapa newsContent__article__imgCapa--banner\"\n\t\t\t\t\tsrc=\"https:\/\/files.sunoresearch.com.br\/n\/uploads\/2023\/03\/1420x240-Planilha-controle-de-gastos.png\"\n\t\t\t\t\tdata-promo-id=\"101751\"\t\t\t\t\t\t\t\t\t\twidth='1420' height='240'\t\t\t\t\talt=\"https:\/\/files.sunoresearch.com.br\/n\/uploads\/2023\/03\/1420x240-Planilha-controle-de-gastos.png\"\n\t\t\t\t>\n\t\t\t<\/picture>\n\t\t<\/a>\n\t<\/p>\n\n\n<p>Segundo a ag\u00eancia reguladora, as aflu\u00eancias, ou seja, a quantidade de \u00e1gua que chega nas principais <strong>bacias hidrogr\u00e1ficas<\/strong> do <strong>sistema el\u00e9trico<\/strong> em julho, &#8220;continuam entre as mais cr\u00edticas&#8221; da s\u00e9rie hist\u00f3rica. As perspectivas s\u00e3o de que a situa\u00e7\u00e3o seja semelhante em agosto.<\/p>\n<p>&#8220;Agosto inicia-se com igual perspectiva hidrol\u00f3gica, com os principais reservat\u00f3rios do <strong>SIN<\/strong> em n\u00edveis consideravelmente baixos para essa \u00e9poca do ano. Essa conjuntura sinaliza horizonte com reduzida capacidade de produ\u00e7\u00e3o hidrel\u00e9trica e necessidade de acionamento m\u00e1ximo dos <strong>recursos termel\u00e9tricos<\/strong>&#8220;, diz a nota.<\/p>\n<p>\u00c9 o terceiro m\u00eas consecutivo em que a <strong>bandeira vermelha 2<\/strong> \u00e9 acionada devido ao aumento nos <strong>custos de gera\u00e7\u00e3o de energia<\/strong>. Diante dos baixos n\u00edveis dos reservat\u00f3rios das <strong>hidrel\u00e9tricas<\/strong>, o governo autorizou o maior uso de <strong>termel\u00e9tricas<\/strong> para garantir o abastecimento no Pa\u00eds. O Minist\u00e9rio de Minas e Energia (MME) estima que o uso dessas usinas deve custar R$ 13,1 bilh\u00f5es at\u00e9 novembro.<\/p>\n<p>A situa\u00e7\u00e3o levou a ag\u00eancia a reajustar o valor da taxa adicional paga pelos consumidores via conta de luz. Em 29 de junho, a diretoria da Aneel <a href=\"https:\/\/www.suno.com.br\/noticias\/aneel-contraria-area-tecnica-reajuste-conta-de-luz\/\">aprovou um aumento de 52%<\/a> na taxa da bandeira vermelha 2 &#8211; que passou de R$ 6,24 para R$ 9,49 a cada 100 kWh.<\/p>\n\t<p>\n\t\t<a href=\"https:\/\/lp.suno.com.br\/planilha-da-vida-financeira\/\" target=\"_blank\" data-element=\"shortcode-suno-banner\" title=\"Banner SUNO, clique e saiba mais\">\n\t\t\t<picture>\n\t\t\t\t<source media=\"(max-width: 500px)\" srcset=\"https:\/\/files.sunoresearch.com.br\/n\/uploads\/2023\/04\/400x300-Planilha-vida-financeira-true.png\">\n\t\t\t\t<img class=\"newsContent__article__imgCapa newsContent__article__imgCapa--banner\"\n\t\t\t\t\tsrc=\"https:\/\/files.sunoresearch.com.br\/n\/uploads\/2023\/04\/1420x240-Planilha-vida-financeira-true.png\"\n\t\t\t\t\tdata-promo-id=\"106682\"\t\t\t\t\t\t\t\t\t\twidth='1420' height='240'\t\t\t\t\talt=\"https:\/\/files.sunoresearch.com.br\/n\/uploads\/2023\/04\/1420x240-Planilha-vida-financeira-true.png\"\n\t\t\t\t>\n\t\t\t<\/picture>\n\t\t<\/a>\n\t<\/p>\n\n\n<p>O valor, por\u00e9m, pode ser ainda mais alto nos pr\u00f3ximos meses. O \u00f3rg\u00e3o analisa uma proposta que prev\u00ea que a taxa cobrada na bandeira vermelha patamar 2 pode chegar at\u00e9 R$ 11,50. A decis\u00e3o final ser\u00e1 da diretoria colegiada do \u00f3rg\u00e3o, que ainda n\u00e3o tem previs\u00e3o para analisar o processo.<\/p>\n<p>O <strong>sistema de bandeiras tarif\u00e1rias<\/strong> foi criado em 2015 e sinaliza ao consumidor na conta de luz o custo da gera\u00e7\u00e3o de energia el\u00e9trica no Pa\u00eds. Na pr\u00e1tica, as cores e modalidades &#8211; verde, amarela ou vermelha &#8211; indicam se haver\u00e1 ou n\u00e3o cobran\u00e7a extra nas contas de luz.<\/p>\n<p>A bandeira verde, quando n\u00e3o h\u00e1 cobran\u00e7a adicional na <strong>conta de luz<\/strong>, significa que o custo para produzir energia est\u00e1 baixo. O acionamento das bandeiras amarela e vermelha representa um aumento no custo da gera\u00e7\u00e3o e a necessidade de acionamento de t\u00e9rmicas, o que est\u00e1 ligado principalmente ao volume dos reservat\u00f3rios e das chuvas.<\/p>\n\t<p>\n\t\t<a href=\"https:\/\/lp.suno.com.br\/planilha-de-controle-de-investimentos\/\" target=\"_blank\" data-element=\"shortcode-suno-banner\" title=\"Banner SUNO, clique e saiba mais\">\n\t\t\t<picture>\n\t\t\t\t<source media=\"(max-width: 500px)\" srcset=\"https:\/\/files.sunoresearch.com.br\/n\/uploads\/2023\/03\/400x300-Controle-de-Investimentos.png\">\n\t\t\t\t<img class=\"newsContent__article__imgCapa newsContent__article__imgCapa--banner\"\n\t\t\t\t\tsrc=\"https:\/\/files.sunoresearch.com.br\/n\/uploads\/2023\/03\/1420x240-Controle-de-Investimentos.png\"\n\t\t\t\t\tdata-promo-id=\"75934\"\t\t\t\t\t\t\t\t\t\twidth='1420' height='240'\t\t\t\t\talt=\"https:\/\/files.sunoresearch.com.br\/n\/uploads\/2023\/03\/1420x240-Controle-de-Investimentos.png\"\n\t\t\t\t>\n\t\t\t<\/picture>\n\t\t<\/a>\n\t<\/p>\n\n\n","protected":false},"excerpt":{"rendered":"<p>A conta de luz seguir\u00e1 com a bandeira dois em agosto, no segundo patamar, a maior sobretaxa sobre o valor da energia no sistema de bandeiras tarif\u00e1rias. Com o an\u00fancio da Ag\u00eancia Nacional de Energia El\u00e9trica (Aneel), os consumidores v\u00e3o continuar pagando uma taxa adicional de R$ 9,49 a cada 100 quilowatts-hora (kWh) nas contas [&hellip;]<\/p>\n","protected":false},"author":43,"featured_media":158271,"comment_status":"closed","ping_status":"closed","sticky":false,"template":"","format":"standard","meta":[],"categories":[64],"tags":[896,2153],"suno_strategy":[],"class_list":["post-171122","post","type-post","status-publish","format-standard","has-post-thumbnail","hentry","category-negocios","tag-aneel","tag-energia-eletrica"],"yoast_head":"<!-- This site is optimized with the Yoast SEO plugin v24.4 - https:\/\/yoast.com\/wordpress\/plugins\/seo\/ -->\n<title>Conta de luz segue em patamar mais caro em agosto<\/title>\n<meta name=\"description\" content=\"Com poucas chuvas, conta de luz seguir\u00e1 no patamar mais caro de bandeiras tarif\u00e1rias no pr\u00f3ximo m\u00eas. Clique e saiba mais!\" \/>\n<meta name=\"robots\" content=\"index, follow, max-snippet:-1, max-image-preview:large, max-video-preview:-1\" \/>\n<link rel=\"canonical\" href=\"https:\/\/www.suno.com.br\/noticias\/conta-luz-bandeira-dois-aneel\/\" \/>\n<meta property=\"og:locale\" content=\"pt_BR\" \/>\n<meta property=\"og:type\" content=\"article\" \/>\n<meta property=\"og:title\" content=\"Conta de luz segue em patamar mais caro em agosto\" \/>\n<meta property=\"og:description\" content=\"Com poucas chuvas, conta de luz seguir\u00e1 no patamar mais caro de bandeiras tarif\u00e1rias no pr\u00f3ximo m\u00eas. Clique e saiba mais!\" \/>\n<meta property=\"og:url\" content=\"https:\/\/www.suno.com.br\/noticias\/conta-luz-bandeira-dois-aneel\/\" \/>\n<meta property=\"og:site_name\" content=\"Suno Not\u00edcias\" \/>\n<meta property=\"article:publisher\" content=\"https:\/\/facebook.com\/sunoresearch\" \/>\n<meta property=\"article:author\" content=\"https:\/\/www.facebook.com\/sunonoticias\/\" \/>\n<meta property=\"og:image\" content=\"https:\/\/files.sunoresearch.com.br\/n\/uploads\/2021\/06\/3bc077fc-energiaagencia_brasil170912_mca7694-scaled.jpg\" \/>\n\t<meta property=\"og:image:width\" content=\"2560\" \/>\n\t<meta property=\"og:image:height\" content=\"1713\" \/>\n\t<meta property=\"og:image:type\" content=\"image\/jpeg\" \/>\n<meta name=\"author\" content=\"Reda\u00e7\u00e3o Suno Not\u00edcias\" \/>\n<meta name=\"twitter:card\" content=\"summary_large_image\" \/>\n<meta name=\"twitter:creator\" content=\"@https:\/\/twitter.com\/sunoresearch\" \/>\n<meta name=\"twitter:site\" content=\"@sunoresearch\" \/>\n<meta name=\"twitter:label1\" content=\"Escrito por\" \/>\n\t<meta name=\"twitter:data1\" content=\"Reda\u00e7\u00e3o Suno Not\u00edcias\" \/>\n\t<meta name=\"twitter:label2\" content=\"Est. tempo de leitura\" \/>\n\t<meta name=\"twitter:data2\" content=\"2 minutos\" \/>\n<script type=\"application\/ld+json\" class=\"yoast-schema-graph\">{\"@context\":\"https:\/\/schema.org\",\"@graph\":[{\"@type\":\"NewsArticle\",\"@id\":\"https:\/\/www.suno.com.br\/noticias\/conta-luz-bandeira-dois-aneel\/#article\",\"isPartOf\":{\"@id\":\"https:\/\/www.suno.com.br\/noticias\/conta-luz-bandeira-dois-aneel\/\"},\"author\":{\"name\":\"Reda\u00e7\u00e3o Suno Not\u00edcias\",\"@id\":\"https:\/\/www.suno.com.br\/noticias\/#\/schema\/person\/c1b1bd3727fa852bd045e9dbff3673ea\"},\"headline\":\"Conta de luz segue em patamar mais caro em agosto\",\"datePublished\":\"2021-07-31T16:01:35+00:00\",\"mainEntityOfPage\":{\"@id\":\"https:\/\/www.suno.com.br\/noticias\/conta-luz-bandeira-dois-aneel\/\"},\"wordCount\":464,\"publisher\":{\"@id\":\"https:\/\/www.suno.com.br\/noticias\/#organization\"},\"image\":{\"@id\":\"https:\/\/www.suno.com.br\/noticias\/conta-luz-bandeira-dois-aneel\/#primaryimage\"},\"thumbnailUrl\":\"https:\/\/files.sunoresearch.com.br\/n\/uploads\/2021\/06\/3bc077fc-energiaagencia_brasil170912_mca7694-scaled.jpg\",\"keywords\":[\"Aneel\",\"energia el\u00e9trica\"],\"articleSection\":[\"Neg\u00f3cios\"],\"inLanguage\":\"pt-BR\"},{\"@type\":\"WebPage\",\"@id\":\"https:\/\/www.suno.com.br\/noticias\/conta-luz-bandeira-dois-aneel\/\",\"url\":\"https:\/\/www.suno.com.br\/noticias\/conta-luz-bandeira-dois-aneel\/\",\"name\":\"Conta de luz segue em patamar mais caro em agosto\",\"isPartOf\":{\"@id\":\"https:\/\/www.suno.com.br\/noticias\/#website\"},\"primaryImageOfPage\":{\"@id\":\"https:\/\/www.suno.com.br\/noticias\/conta-luz-bandeira-dois-aneel\/#primaryimage\"},\"image\":{\"@id\":\"https:\/\/www.suno.com.br\/noticias\/conta-luz-bandeira-dois-aneel\/#primaryimage\"},\"thumbnailUrl\":\"https:\/\/files.sunoresearch.com.br\/n\/uploads\/2021\/06\/3bc077fc-energiaagencia_brasil170912_mca7694-scaled.jpg\",\"datePublished\":\"2021-07-31T16:01:35+00:00\",\"description\":\"Com poucas chuvas, conta de luz seguir\u00e1 no patamar mais caro de bandeiras tarif\u00e1rias no pr\u00f3ximo m\u00eas. Clique e saiba mais!\",\"breadcrumb\":{\"@id\":\"https:\/\/www.suno.com.br\/noticias\/conta-luz-bandeira-dois-aneel\/#breadcrumb\"},\"inLanguage\":\"pt-BR\",\"potentialAction\":[{\"@type\":\"ReadAction\",\"target\":[\"https:\/\/www.suno.com.br\/noticias\/conta-luz-bandeira-dois-aneel\/\"]}]},{\"@type\":\"ImageObject\",\"inLanguage\":\"pt-BR\",\"@id\":\"https:\/\/www.suno.com.br\/noticias\/conta-luz-bandeira-dois-aneel\/#primaryimage\",\"url\":\"https:\/\/files.sunoresearch.com.br\/n\/uploads\/2021\/06\/3bc077fc-energiaagencia_brasil170912_mca7694-scaled.jpg\",\"contentUrl\":\"https:\/\/files.sunoresearch.com.br\/n\/uploads\/2021\/06\/3bc077fc-energiaagencia_brasil170912_mca7694-scaled.jpg\",\"width\":2560,\"height\":1713,\"caption\":\"Aumento da conta de luz nos \u00faltimos anos\u00a0 resulta do crescimento de encargos e subs\u00eddios (desconto a um setor ou um grupo, com custo dividido com os demais), da necessidade de usar termoel\u00e9tricas, que geram energia mais cara, e do modelo de contrata\u00e7\u00e3o de energiaFoto: Marcello Casal Jr\/Ag\u00eancia Brasil\"},{\"@type\":\"BreadcrumbList\",\"@id\":\"https:\/\/www.suno.com.br\/noticias\/conta-luz-bandeira-dois-aneel\/#breadcrumb\",\"itemListElement\":[{\"@type\":\"ListItem\",\"position\":1,\"name\":\"Not\u00edcias\",\"item\":\"https:\/\/www.suno.com.br\/noticias\/\"},{\"@type\":\"ListItem\",\"position\":2,\"name\":\"Neg\u00f3cios\",\"item\":\"https:\/\/www.suno.com.br\/noticias\/negocios\/\"},{\"@type\":\"ListItem\",\"position\":3,\"name\":\"Conta de luz segue em patamar mais caro em agosto\"}]},{\"@type\":\"WebSite\",\"@id\":\"https:\/\/www.suno.com.br\/noticias\/#website\",\"url\":\"https:\/\/www.suno.com.br\/noticias\/\",\"name\":\"Suno Not\u00edcias\",\"description\":\"Seu portal de informa\u00e7\u00e3o sobre o mundo dos investimentos\",\"publisher\":{\"@id\":\"https:\/\/www.suno.com.br\/noticias\/#organization\"},\"potentialAction\":[{\"@type\":\"SearchAction\",\"target\":{\"@type\":\"EntryPoint\",\"urlTemplate\":\"https:\/\/www.suno.com.br\/noticias\/?s={search_term_string}\"},\"query-input\":{\"@type\":\"PropertyValueSpecification\",\"valueRequired\":true,\"valueName\":\"search_term_string\"}}],\"inLanguage\":\"pt-BR\"},{\"@type\":\"Organization\",\"@id\":\"https:\/\/www.suno.com.br\/noticias\/#organization\",\"name\":\"Suno Not\u00edcias\",\"url\":\"https:\/\/www.suno.com.br\/noticias\/\",\"logo\":{\"@type\":\"ImageObject\",\"inLanguage\":\"pt-BR\",\"@id\":\"https:\/\/www.suno.com.br\/noticias\/#\/schema\/logo\/image\/\",\"url\":\"https:\/\/files.sunoresearch.com.br\/n\/uploads\/2021\/09\/suno-logo.png\",\"contentUrl\":\"https:\/\/files.sunoresearch.com.br\/n\/uploads\/2021\/09\/suno-logo.png\",\"width\":180,\"height\":180,\"caption\":\"Suno Not\u00edcias\"},\"image\":{\"@id\":\"https:\/\/www.suno.com.br\/noticias\/#\/schema\/logo\/image\/\"},\"sameAs\":[\"https:\/\/facebook.com\/sunoresearch\",\"https:\/\/x.com\/sunoresearch\",\"https:\/\/www.instagram.com\/suno\",\"https:\/\/www.linkedin.com\/company\/suno-research\/\",\"https:\/\/www.youtube.com\/c\/sunoresearch\"]},{\"@type\":\"Person\",\"@id\":\"https:\/\/www.suno.com.br\/noticias\/#\/schema\/person\/c1b1bd3727fa852bd045e9dbff3673ea\",\"name\":\"Reda\u00e7\u00e3o Suno Not\u00edcias\",\"image\":{\"@type\":\"ImageObject\",\"inLanguage\":\"pt-BR\",\"@id\":\"https:\/\/www.suno.com.br\/noticias\/#\/schema\/person\/image\/\",\"url\":\"https:\/\/secure.gravatar.com\/avatar\/b8104b9b5a71985d5238ee59fbe418af?s=96&r=g\",\"contentUrl\":\"https:\/\/secure.gravatar.com\/avatar\/b8104b9b5a71985d5238ee59fbe418af?s=96&r=g\",\"caption\":\"Reda\u00e7\u00e3o Suno Not\u00edcias\"},\"description\":\"O Suno Not\u00edcias \u00e9 um portal de informa\u00e7\u00f5es sobre Mercado Financeiro, Pol\u00edtica, Neg\u00f3cios, Economia e Finan\u00e7as Pessoais.\",\"sameAs\":[\"https:\/\/www.suno.com.br\/noticias\",\"https:\/\/www.facebook.com\/sunonoticias\/\",\"https:\/\/www.instagram.com\/sunonoticias\/\",\"https:\/\/x.com\/https:\/\/twitter.com\/sunoresearch\",\"https:\/\/www.youtube.com\/sunonoticias\"],\"url\":\"https:\/\/www.suno.com.br\/noticias\/author\/redacao-suno\/\"}]}<\/script>\n<!-- \/ Yoast SEO plugin. -->","yoast_head_json":{"title":"Conta de luz segue em patamar mais caro em agosto","description":"Com poucas chuvas, conta de luz seguir\u00e1 no patamar mais caro de bandeiras tarif\u00e1rias no pr\u00f3ximo m\u00eas. Clique e saiba mais!","robots":{"index":"index","follow":"follow","max-snippet":"max-snippet:-1","max-image-preview":"max-image-preview:large","max-video-preview":"max-video-preview:-1"},"canonical":"https:\/\/www.suno.com.br\/noticias\/conta-luz-bandeira-dois-aneel\/","og_locale":"pt_BR","og_type":"article","og_title":"Conta de luz segue em patamar mais caro em agosto","og_description":"Com poucas chuvas, conta de luz seguir\u00e1 no patamar mais caro de bandeiras tarif\u00e1rias no pr\u00f3ximo m\u00eas. Clique e saiba mais!","og_url":"https:\/\/www.suno.com.br\/noticias\/conta-luz-bandeira-dois-aneel\/","og_site_name":"Suno Not\u00edcias","article_publisher":"https:\/\/facebook.com\/sunoresearch","article_author":"https:\/\/www.facebook.com\/sunonoticias\/","og_image":[{"width":2560,"height":1713,"url":"https:\/\/files.sunoresearch.com.br\/n\/uploads\/2021\/06\/3bc077fc-energiaagencia_brasil170912_mca7694-scaled.jpg","type":"image\/jpeg"}],"author":"Reda\u00e7\u00e3o Suno Not\u00edcias","twitter_card":"summary_large_image","twitter_creator":"@https:\/\/twitter.com\/sunoresearch","twitter_site":"@sunoresearch","twitter_misc":{"Escrito por":"Reda\u00e7\u00e3o Suno Not\u00edcias","Est. tempo de leitura":"2 minutos"},"schema":{"@context":"https:\/\/schema.org","@graph":[{"@type":"NewsArticle","@id":"https:\/\/www.suno.com.br\/noticias\/conta-luz-bandeira-dois-aneel\/#article","isPartOf":{"@id":"https:\/\/www.suno.com.br\/noticias\/conta-luz-bandeira-dois-aneel\/"},"author":{"name":"Reda\u00e7\u00e3o Suno Not\u00edcias","@id":"https:\/\/www.suno.com.br\/noticias\/#\/schema\/person\/c1b1bd3727fa852bd045e9dbff3673ea"},"headline":"Conta de luz segue em patamar mais caro em agosto","datePublished":"2021-07-31T16:01:35+00:00","mainEntityOfPage":{"@id":"https:\/\/www.suno.com.br\/noticias\/conta-luz-bandeira-dois-aneel\/"},"wordCount":464,"publisher":{"@id":"https:\/\/www.suno.com.br\/noticias\/#organization"},"image":{"@id":"https:\/\/www.suno.com.br\/noticias\/conta-luz-bandeira-dois-aneel\/#primaryimage"},"thumbnailUrl":"https:\/\/files.sunoresearch.com.br\/n\/uploads\/2021\/06\/3bc077fc-energiaagencia_brasil170912_mca7694-scaled.jpg","keywords":["Aneel","energia el\u00e9trica"],"articleSection":["Neg\u00f3cios"],"inLanguage":"pt-BR"},{"@type":"WebPage","@id":"https:\/\/www.suno.com.br\/noticias\/conta-luz-bandeira-dois-aneel\/","url":"https:\/\/www.suno.com.br\/noticias\/conta-luz-bandeira-dois-aneel\/","name":"Conta de luz segue em patamar mais caro em agosto","isPartOf":{"@id":"https:\/\/www.suno.com.br\/noticias\/#website"},"primaryImageOfPage":{"@id":"https:\/\/www.suno.com.br\/noticias\/conta-luz-bandeira-dois-aneel\/#primaryimage"},"image":{"@id":"https:\/\/www.suno.com.br\/noticias\/conta-luz-bandeira-dois-aneel\/#primaryimage"},"thumbnailUrl":"https:\/\/files.sunoresearch.com.br\/n\/uploads\/2021\/06\/3bc077fc-energiaagencia_brasil170912_mca7694-scaled.jpg","datePublished":"2021-07-31T16:01:35+00:00","description":"Com poucas chuvas, conta de luz seguir\u00e1 no patamar mais caro de bandeiras tarif\u00e1rias no pr\u00f3ximo m\u00eas. Clique e saiba mais!","breadcrumb":{"@id":"https:\/\/www.suno.com.br\/noticias\/conta-luz-bandeira-dois-aneel\/#breadcrumb"},"inLanguage":"pt-BR","potentialAction":[{"@type":"ReadAction","target":["https:\/\/www.suno.com.br\/noticias\/conta-luz-bandeira-dois-aneel\/"]}]},{"@type":"ImageObject","inLanguage":"pt-BR","@id":"https:\/\/www.suno.com.br\/noticias\/conta-luz-bandeira-dois-aneel\/#primaryimage","url":"https:\/\/files.sunoresearch.com.br\/n\/uploads\/2021\/06\/3bc077fc-energiaagencia_brasil170912_mca7694-scaled.jpg","contentUrl":"https:\/\/files.sunoresearch.com.br\/n\/uploads\/2021\/06\/3bc077fc-energiaagencia_brasil170912_mca7694-scaled.jpg","width":2560,"height":1713,"caption":"Aumento da conta de luz nos \u00faltimos anos\u00a0 resulta do crescimento de encargos e subs\u00eddios (desconto a um setor ou um grupo, com custo dividido com os demais), da necessidade de usar termoel\u00e9tricas, que geram energia mais cara, e do modelo de contrata\u00e7\u00e3o de energiaFoto: Marcello Casal Jr\/Ag\u00eancia Brasil"},{"@type":"BreadcrumbList","@id":"https:\/\/www.suno.com.br\/noticias\/conta-luz-bandeira-dois-aneel\/#breadcrumb","itemListElement":[{"@type":"ListItem","position":1,"name":"Not\u00edcias","item":"https:\/\/www.suno.com.br\/noticias\/"},{"@type":"ListItem","position":2,"name":"Neg\u00f3cios","item":"https:\/\/www.suno.com.br\/noticias\/negocios\/"},{"@type":"ListItem","position":3,"name":"Conta de luz segue em patamar mais caro em agosto"}]},{"@type":"WebSite","@id":"https:\/\/www.suno.com.br\/noticias\/#website","url":"https:\/\/www.suno.com.br\/noticias\/","name":"Suno Not\u00edcias","description":"Seu portal de informa\u00e7\u00e3o sobre o mundo dos investimentos","publisher":{"@id":"https:\/\/www.suno.com.br\/noticias\/#organization"},"potentialAction":[{"@type":"SearchAction","target":{"@type":"EntryPoint","urlTemplate":"https:\/\/www.suno.com.br\/noticias\/?s={search_term_string}"},"query-input":{"@type":"PropertyValueSpecification","valueRequired":true,"valueName":"search_term_string"}}],"inLanguage":"pt-BR"},{"@type":"Organization","@id":"https:\/\/www.suno.com.br\/noticias\/#organization","name":"Suno Not\u00edcias","url":"https:\/\/www.suno.com.br\/noticias\/","logo":{"@type":"ImageObject","inLanguage":"pt-BR","@id":"https:\/\/www.suno.com.br\/noticias\/#\/schema\/logo\/image\/","url":"https:\/\/files.sunoresearch.com.br\/n\/uploads\/2021\/09\/suno-logo.png","contentUrl":"https:\/\/files.sunoresearch.com.br\/n\/uploads\/2021\/09\/suno-logo.png","width":180,"height":180,"caption":"Suno Not\u00edcias"},"image":{"@id":"https:\/\/www.suno.com.br\/noticias\/#\/schema\/logo\/image\/"},"sameAs":["https:\/\/facebook.com\/sunoresearch","https:\/\/x.com\/sunoresearch","https:\/\/www.instagram.com\/suno","https:\/\/www.linkedin.com\/company\/suno-research\/","https:\/\/www.youtube.com\/c\/sunoresearch"]},{"@type":"Person","@id":"https:\/\/www.suno.com.br\/noticias\/#\/schema\/person\/c1b1bd3727fa852bd045e9dbff3673ea","name":"Reda\u00e7\u00e3o Suno Not\u00edcias","image":{"@type":"ImageObject","inLanguage":"pt-BR","@id":"https:\/\/www.suno.com.br\/noticias\/#\/schema\/person\/image\/","url":"https:\/\/secure.gravatar.com\/avatar\/b8104b9b5a71985d5238ee59fbe418af?s=96&r=g","contentUrl":"https:\/\/secure.gravatar.com\/avatar\/b8104b9b5a71985d5238ee59fbe418af?s=96&r=g","caption":"Reda\u00e7\u00e3o Suno Not\u00edcias"},"description":"O Suno Not\u00edcias \u00e9 um portal de informa\u00e7\u00f5es sobre Mercado Financeiro, Pol\u00edtica, Neg\u00f3cios, Economia e Finan\u00e7as Pessoais.","sameAs":["https:\/\/www.suno.com.br\/noticias","https:\/\/www.facebook.com\/sunonoticias\/","https:\/\/www.instagram.com\/sunonoticias\/","https:\/\/x.com\/https:\/\/twitter.com\/sunoresearch","https:\/\/www.youtube.com\/sunonoticias"],"url":"https:\/\/www.suno.com.br\/noticias\/author\/redacao-suno\/"}]}},"default_loop_html":"<div class=\"cardsPage__listCard__boxs\"><div class=\"cardsPage__listCard__boxs__img\"><a href=\"https:\/\/www.suno.com.br\/noticias\/conta-luz-bandeira-dois-aneel\/\"><img class=\"mask\" src=\"https:\/\/www.suno.com.br\/noticias\/wp-content\/themes\/suno\/resources\/images\/spotlight\/spotlight1img\/bg-mask.png\" alt=\"Image Mask\"\/><img src=\"https:\/\/files.sunoresearch.com.br\/n\/uploads\/2021\/06\/3bc077fc-energiaagencia_brasil170912_mca7694-400x200.jpg\" alt=\"Conta de luz segue em patamar mais caro em agosto\"\/><\/a><span class=\"spotlightCategory\"><a href=\"https:\/\/www.suno.com.br\/noticias\/negocios\/\">Neg\u00f3cios<\/a><\/span><\/div><div class=\"cardsPage__listCard__boxs__content\"><a href=\"https:\/\/www.suno.com.br\/noticias\/conta-luz-bandeira-dois-aneel\/\"><h2 class=\"content__title\">Conta de luz segue em patamar mais caro em agosto<\/h2><\/a><div class=\"newsContent__article__meta\"><div class=\"newsContent__article__meta__authorBox\"><a href=\"https:\/\/www.suno.com.br\/noticias\/author\/redacao-suno\/\" class=\"authorBox__avatar noMobi\"><img src=\"https:\/\/files.sunoresearch.com.br\/n\/uploads\/2020\/08\/0ace682d-redacao-1-150x150.webp\" alt=\"Reda\u00e7\u00e3o Suno Not\u00edcias\"><\/a><div class=\"authorBox__name\"><span>por\n\t\t\t<a href=\"https:\/\/www.suno.com.br\/noticias\/author\/redacao-suno\/\"><span itemprop=\"author\">Reda\u00e7\u00e3o Suno Not\u00edcias<\/span><\/a><\/span><time datetime=\"2021-07-31T13:01:35-03:00\" itemprop=\"datePublished\">31\/07\/2021 13:01<\/time><\/div><\/div><\/div><\/div><\/div>","single_layout":"posts","amp_enabled":true,"_links":{"self":[{"href":"https:\/\/www.suno.com.br\/noticias\/wp-json\/wp\/v2\/posts\/171122"}],"collection":[{"href":"https:\/\/www.suno.com.br\/noticias\/wp-json\/wp\/v2\/posts"}],"about":[{"href":"https:\/\/www.suno.com.br\/noticias\/wp-json\/wp\/v2\/types\/post"}],"author":[{"embeddable":true,"href":"https:\/\/www.suno.com.br\/noticias\/wp-json\/wp\/v2\/users\/43"}],"replies":[{"embeddable":true,"href":"https:\/\/www.suno.com.br\/noticias\/wp-json\/wp\/v2\/comments?post=171122"}],"version-history":[{"count":2,"href":"https:\/\/www.suno.com.br\/noticias\/wp-json\/wp\/v2\/posts\/171122\/revisions"}],"predecessor-version":[{"id":171181,"href":"https:\/\/www.suno.com.br\/noticias\/wp-json\/wp\/v2\/posts\/171122\/revisions\/171181"}],"wp:featuredmedia":[{"embeddable":true,"href":"https:\/\/www.suno.com.br\/noticias\/wp-json\/wp\/v2\/media\/158271"}],"wp:attachment":[{"href":"https:\/\/www.suno.com.br\/noticias\/wp-json\/wp\/v2\/media?parent=171122"}],"wp:term":[{"taxonomy":"category","embeddable":true,"href":"https:\/\/www.suno.com.br\/noticias\/wp-json\/wp\/v2\/categories?post=171122"},{"taxonomy":"post_tag","embeddable":true,"href":"https:\/\/www.suno.com.br\/noticias\/wp-json\/wp\/v2\/tags?post=171122"},{"taxonomy":"suno_strategy","embeddable":true,"href":"https:\/\/www.suno.com.br\/noticias\/wp-json\/wp\/v2\/suno_strategy?post=171122"}],"curies":[{"name":"wp","href":"https:\/\/api.w.org\/{rel}","templated":true}]}}