{"id":17059,"date":"2019-03-01T17:58:54","date_gmt":"2019-03-01T20:58:54","guid":{"rendered":"https:\/\/www.suno.com.br\/noticias\/?p=17059"},"modified":"2021-06-13T23:47:57","modified_gmt":"2021-06-14T02:47:57","slug":"dolar-alta-apos-discurso-powell","status":"publish","type":"post","link":"https:\/\/www.suno.com.br\/noticias\/dolar-alta-apos-discurso-powell\/","title":{"rendered":"D\u00f3lar fecha semana em alta ap\u00f3s discurso de Jerome Powell"},"content":{"rendered":"<p>O d\u00f3lar fechou a semana pr\u00e9-carnaval em alta. Nesta sexta-feira (1), a moeda norte-americana subiu +0,725%\u00a0sendo avaliada em R$ 3,7803.<\/p>\t<div class=\"wrapper-featured-image\">\n\t\t<figure class=\"spotlightImg\">\n\n\t\t\t<picture>\n\t\t\t\t<source media=\"(max-width: 768px)\" srcset=\"https:\/\/files.sunoresearch.com.br\/n\/uploads\/2018\/11\/65112397-d\u00f3lar-400x200.webp\">\n\t\t\t\t<img loading=\"lazy\" decoding=\"async\" class=\"newsContent__article__imgCapa lazyloadDisabled newsContent__article__imgCapa--noCaption\" src=\"https:\/\/files.sunoresearch.com.br\/n\/uploads\/2018\/11\/65112397-d\u00f3lar-jpg.webp\" width=\"800\" height=\"450\" alt=\"D\u00f3lar fecha semana em alta ap\u00f3s discurso de Jerome Powell\" fetchpriority=high \/>\n\t\t\t<\/picture>\n\n\t\t\t<figcaption class=\"wp-caption-text wp-caption-text--hide\">Na \u00faltima sess\u00e3o, quarta-feira (2), o d\u00f3lar encerrou o preg\u00e3o em queda de 0,49%, cotado em R$ 5,3586.<\/figcaption>\n\t\t<\/figure>\n\t<\/div>\n\n\n<p>O <strong>d\u00f3lar<\/strong> operou todo a sess\u00e3o em alta. A pior marca da <strong>moeda<\/strong> foi na abertura do preg\u00e3o, onde registrou R$\u00a03,74. A partir disso, o d\u00f3lar passou a subir at\u00e9 atingir a sua principal marca do dia R$\u00a03,7909 \u00e0s 12h30.<\/p>\n<p>Outras moedas:<\/p>\n<ul>\n<li><strong>Euro<\/strong>: alta de +0,539% (R$ 4,2937);<\/li>\n<li><strong>Libra<\/strong>: alta de +0,129% (R$ 4,9856).<\/li>\n<\/ul>\n<p>Principais assuntos que movimentaram o mercado nesta sexta:<\/p>\n<ul>\n<li><strong>Reforma da Previd\u00eancia;<\/strong><\/li>\n<li><strong>Discurso de Jerome Powell;<\/strong><\/li>\n<li><strong>EUA e China;<\/strong><\/li>\n<li><strong>Movimenta\u00e7\u00e3o do Banco Central.<\/strong><\/li>\n<\/ul>\n<h2>Reforma da Previd\u00eancia<\/h2>\n<p>O presidente Jair Bolsonaro afirmou, na \u00faltima quinta-feira (28),que pode negociar alguns pontos da reforma da Previd\u00eancia. A declara\u00e7\u00e3o foi feita em uma reuni\u00e3o com jornalistas.<\/p>\n<p>No entanto, entre os pontos negoci\u00e1veis est\u00e1 a idade m\u00ednima para aposentadoria de mulheres que passaria de 62 para 60 anos. Essa \u00e9 a primeira vez que o presidente <strong>Jair Bolsonaro<\/strong> fala em reduzir a idade m\u00ednima de sua <strong>reforma da Previd\u00eancia<\/strong>, que j\u00e1 tramita no <strong>Congresso Nacional<\/strong>.<\/p>\n<p><a href=\"https:\/\/www.suno.com.br\/noticias\/pontos-reforma-previdencia-negociaveis\/\">Saiba mais:\u00a0Alguns pontos da reforma da Previd\u00eancia s\u00e3o negoci\u00e1veis, diz Bolsonaro<\/a><\/p>\n<p>Al\u00e9m disso, o presidente ainda afirmou que poder\u00e3o ser realizadas concess\u00f5es no <strong>Benef\u00edcio de Presta\u00e7\u00e3o Continuada (BPC)<\/strong>. Dessa forma, o benef\u00edcio que \u00e9 pago \u00e0 idosos, deficientes de baixa renda e no percentual de pens\u00e3o por morte, passaria de 60% para 70%.<\/p>\n<p>&#8220;Eu acho que d\u00e1 para cortar um pouco de gordura e chegar a um bom termo&#8221;, disse o presidente.<\/p>\n<h2>Discurso de Jerome Powell<\/h2>\n<p>O presidente do <a href=\"https:\/\/www.suno.com.br\/artigos\/fed\/\">Federal Reserve (Fed, banco central dos EUA)<\/a>, Jerome Powell, falou na \u00faltima quinta-feira (28) sobre um novo motivo para que n\u00e3o haja o aumento de juros.<\/p>\n<p><a href=\"https:\/\/www.suno.com.br\/noticias\/salarios-inflacao-jerome-powell\/\">Saiba mais:\u00a0Aumento de sal\u00e1rios n\u00e3o vai aumentar infla\u00e7\u00e3o, diz Jerome Powell<\/a><\/p>\n<p>De acordo com <strong>Jerome Powell<\/strong>, o aumento da produtividade do \u00faltimo ano faz com que um aumento de sal\u00e1rios n\u00e3o gere riscos de aumento da <strong>infla\u00e7\u00e3o<\/strong>.<\/p>\n<p>&#8220;Os sinais de uma press\u00e3o de alta sobre a infla\u00e7\u00e3o parecem fracos, apesar do mercado de trabalho forte&#8221;, disse o presidente do <strong>Fed<\/strong>, ponderando o 4% de <strong>desemprego<\/strong> a os aumentos de sal\u00e1rios.<\/p>\n<h2>EUA e China<\/h2>\n<p>O mercado as not\u00edcias relacionadas a um poss\u00edvel acordo entre <strong>Estados Unidos<\/strong> e <strong>China<\/strong>. Isso porque o presidente norte-americano, <strong>Donald Trump<\/strong>, amea\u00e7ou desistir de um acordo comercial, caso n\u00e3o fosse bom o suficiente.<\/p>\n<p>Em contrapartida, o assessor econ\u00f4mico da Casa Branca Larry Kudlow, disse, na \u00faltima quinta-feira (28) \u00e0 CNBC, que o progresso das negocia\u00e7\u00f5es na \u00faltima semana &#8220;foi fant\u00e1stico&#8221;. Al\u00e9m disso, ele ainda afirmou que os pa\u00edses est\u00e3o caminhando para um <strong>acordo<\/strong> memor\u00e1vel e hist\u00f3rico.<\/p>\n<h2>Movimenta\u00e7\u00e3o do Banco Central<\/h2>\n<p>Nesta sexta-feira (1), o <strong>Banco Central<\/strong> iniciou a venda de seus 14,5 mil <a href=\"https:\/\/www.suno.com.br\/artigos\/swap-cambial\/\">swaps cambiais tradicionais<\/a>. Os swaps equivalem \u00e0 venda futura de d\u00f3lares.<\/p>\n<p>No entanto, no primeiro dia de leil\u00e3o dos pap\u00e9is foram rolados US$ 725 milh\u00f5es dos US$ 12,321 bilh\u00f5es com vencimento em abril.<\/p>\n<h2>\u00daltima cota\u00e7\u00e3o<\/h2>\n<p>Na \u00faltima quinta-feira (28),\u00a0\u00faltimo dia de fevereiro, o <strong>d\u00f3lar<\/strong> registrou uma alta de 0,609% sendo cotada em R$ 3,7531.<\/p>\n","protected":false},"excerpt":{"rendered":"<p>O d\u00f3lar fechou a semana pr\u00e9-carnaval em alta. Nesta sexta-feira (1), a moeda norte-americana subiu +0,725%\u00a0sendo avaliada em R$ 3,7803. Na \u00faltima sess\u00e3o, quarta-feira (2), o d\u00f3lar encerrou o preg\u00e3o em queda de 0,49%, cotado em R$ 5,3586. O d\u00f3lar operou todo a sess\u00e3o em alta. A pior marca da moeda foi na abertura do [&hellip;]<\/p>\n","protected":false},"author":11,"featured_media":7153,"comment_status":"closed","ping_status":"closed","sticky":false,"template":"","format":"standard","meta":[],"categories":[60],"tags":[711,326,793,719,940],"suno_strategy":[],"class_list":["post-17059","post","type-post","status-publish","format-standard","has-post-thumbnail","hentry","category-mercado","tag-china","tag-dolar","tag-estados-unidos-eua","tag-jair-bolsonaro","tag-reforma-da-previdencia"],"yoast_head":"<!-- This site is optimized with the Yoast SEO plugin v24.4 - https:\/\/yoast.com\/wordpress\/plugins\/seo\/ -->\n<title>D\u00f3lar fecha semana em alta ap\u00f3s discurso de Jerome Powell<\/title>\n<meta name=\"description\" content=\"Na \u00faltima quinta (28), o d\u00f3lar fechou a sess\u00e3o com alta de 0,609%; Jerome Powell falou sobre o aumento de sal\u00e1rios. Clique para saber mais.\" \/>\n<meta name=\"robots\" content=\"index, follow, max-snippet:-1, max-image-preview:large, max-video-preview:-1\" \/>\n<link rel=\"canonical\" href=\"https:\/\/www.suno.com.br\/noticias\/dolar-alta-apos-discurso-powell\/\" \/>\n<meta property=\"og:locale\" content=\"pt_BR\" \/>\n<meta property=\"og:type\" content=\"article\" \/>\n<meta property=\"og:title\" content=\"D\u00f3lar fecha semana em alta ap\u00f3s discurso de Jerome Powell\" \/>\n<meta property=\"og:description\" content=\"Na \u00faltima quinta (28), o d\u00f3lar fechou a sess\u00e3o com alta de 0,609%; Jerome Powell falou sobre o aumento de sal\u00e1rios. Clique para saber mais.\" \/>\n<meta property=\"og:url\" content=\"https:\/\/www.suno.com.br\/noticias\/dolar-alta-apos-discurso-powell\/\" \/>\n<meta property=\"og:site_name\" content=\"Suno Not\u00edcias\" \/>\n<meta property=\"article:publisher\" content=\"https:\/\/facebook.com\/sunoresearch\" \/>\n<meta property=\"og:image\" content=\"https:\/\/files.sunoresearch.com.br\/n\/uploads\/2018\/11\/65112397-d\u00f3lar.jpg\" \/>\n\t<meta property=\"og:image:width\" content=\"615\" \/>\n\t<meta property=\"og:image:height\" content=\"410\" \/>\n\t<meta property=\"og:image:type\" content=\"image\/jpeg\" \/>\n<meta name=\"author\" content=\"Renan Bandeira\" \/>\n<meta name=\"twitter:card\" content=\"summary_large_image\" \/>\n<meta name=\"twitter:creator\" content=\"@sunoresearch\" \/>\n<meta name=\"twitter:site\" content=\"@sunoresearch\" \/>\n<meta name=\"twitter:label1\" content=\"Escrito por\" \/>\n\t<meta name=\"twitter:data1\" content=\"Renan Bandeira\" \/>\n\t<meta name=\"twitter:label2\" content=\"Est. tempo de leitura\" \/>\n\t<meta name=\"twitter:data2\" content=\"3 minutos\" \/>\n<script type=\"application\/ld+json\" class=\"yoast-schema-graph\">{\"@context\":\"https:\/\/schema.org\",\"@graph\":[{\"@type\":\"NewsArticle\",\"@id\":\"https:\/\/www.suno.com.br\/noticias\/dolar-alta-apos-discurso-powell\/#article\",\"isPartOf\":{\"@id\":\"https:\/\/www.suno.com.br\/noticias\/dolar-alta-apos-discurso-powell\/\"},\"author\":{\"name\":\"Renan Bandeira\",\"@id\":\"https:\/\/www.suno.com.br\/noticias\/#\/schema\/person\/fc144a1c6108bd1dcd43784e88a3c138\"},\"headline\":\"D\u00f3lar fecha semana em alta ap\u00f3s discurso de Jerome Powell\",\"datePublished\":\"2019-03-01T20:58:54+00:00\",\"dateModified\":\"2021-06-14T02:47:57+00:00\",\"mainEntityOfPage\":{\"@id\":\"https:\/\/www.suno.com.br\/noticias\/dolar-alta-apos-discurso-powell\/\"},\"wordCount\":544,\"publisher\":{\"@id\":\"https:\/\/www.suno.com.br\/noticias\/#organization\"},\"image\":{\"@id\":\"https:\/\/www.suno.com.br\/noticias\/dolar-alta-apos-discurso-powell\/#primaryimage\"},\"thumbnailUrl\":\"https:\/\/files.sunoresearch.com.br\/n\/uploads\/2018\/11\/65112397-d\u00f3lar-jpg.webp\",\"keywords\":[\"China\",\"d\u00f3lar\",\"Estados Unidos (EUA)\",\"Jair Bolsonaro\",\"Reforma da Previd\u00eancia\"],\"articleSection\":[\"Mercado\"],\"inLanguage\":\"pt-BR\"},{\"@type\":\"WebPage\",\"@id\":\"https:\/\/www.suno.com.br\/noticias\/dolar-alta-apos-discurso-powell\/\",\"url\":\"https:\/\/www.suno.com.br\/noticias\/dolar-alta-apos-discurso-powell\/\",\"name\":\"D\u00f3lar fecha semana em alta ap\u00f3s discurso de Jerome Powell\",\"isPartOf\":{\"@id\":\"https:\/\/www.suno.com.br\/noticias\/#website\"},\"primaryImageOfPage\":{\"@id\":\"https:\/\/www.suno.com.br\/noticias\/dolar-alta-apos-discurso-powell\/#primaryimage\"},\"image\":{\"@id\":\"https:\/\/www.suno.com.br\/noticias\/dolar-alta-apos-discurso-powell\/#primaryimage\"},\"thumbnailUrl\":\"https:\/\/files.sunoresearch.com.br\/n\/uploads\/2018\/11\/65112397-d\u00f3lar-jpg.webp\",\"datePublished\":\"2019-03-01T20:58:54+00:00\",\"dateModified\":\"2021-06-14T02:47:57+00:00\",\"description\":\"Na \u00faltima quinta (28), o d\u00f3lar fechou a sess\u00e3o com alta de 0,609%; Jerome Powell falou sobre o aumento de sal\u00e1rios. Clique para saber mais.\",\"breadcrumb\":{\"@id\":\"https:\/\/www.suno.com.br\/noticias\/dolar-alta-apos-discurso-powell\/#breadcrumb\"},\"inLanguage\":\"pt-BR\",\"potentialAction\":[{\"@type\":\"ReadAction\",\"target\":[\"https:\/\/www.suno.com.br\/noticias\/dolar-alta-apos-discurso-powell\/\"]}]},{\"@type\":\"ImageObject\",\"inLanguage\":\"pt-BR\",\"@id\":\"https:\/\/www.suno.com.br\/noticias\/dolar-alta-apos-discurso-powell\/#primaryimage\",\"url\":\"https:\/\/files.sunoresearch.com.br\/n\/uploads\/2018\/11\/65112397-d\u00f3lar-jpg.webp\",\"contentUrl\":\"https:\/\/files.sunoresearch.com.br\/n\/uploads\/2018\/11\/65112397-d\u00f3lar-jpg.webp\",\"width\":615,\"height\":410,\"caption\":\"Na \u00faltima sess\u00e3o, quarta-feira (2), o d\u00f3lar encerrou o preg\u00e3o em queda de 0,49%, cotado em R$ 5,3586.\"},{\"@type\":\"BreadcrumbList\",\"@id\":\"https:\/\/www.suno.com.br\/noticias\/dolar-alta-apos-discurso-powell\/#breadcrumb\",\"itemListElement\":[{\"@type\":\"ListItem\",\"position\":1,\"name\":\"Not\u00edcias\",\"item\":\"https:\/\/www.suno.com.br\/noticias\/\"},{\"@type\":\"ListItem\",\"position\":2,\"name\":\"Mercado\",\"item\":\"https:\/\/www.suno.com.br\/noticias\/mercado\/\"},{\"@type\":\"ListItem\",\"position\":3,\"name\":\"D\u00f3lar fecha semana em alta ap\u00f3s discurso de Jerome Powell\"}]},{\"@type\":\"WebSite\",\"@id\":\"https:\/\/www.suno.com.br\/noticias\/#website\",\"url\":\"https:\/\/www.suno.com.br\/noticias\/\",\"name\":\"Suno Not\u00edcias\",\"description\":\"Seu portal de informa\u00e7\u00e3o sobre o mundo dos investimentos\",\"publisher\":{\"@id\":\"https:\/\/www.suno.com.br\/noticias\/#organization\"},\"potentialAction\":[{\"@type\":\"SearchAction\",\"target\":{\"@type\":\"EntryPoint\",\"urlTemplate\":\"https:\/\/www.suno.com.br\/noticias\/?s={search_term_string}\"},\"query-input\":{\"@type\":\"PropertyValueSpecification\",\"valueRequired\":true,\"valueName\":\"search_term_string\"}}],\"inLanguage\":\"pt-BR\"},{\"@type\":\"Organization\",\"@id\":\"https:\/\/www.suno.com.br\/noticias\/#organization\",\"name\":\"Suno Not\u00edcias\",\"url\":\"https:\/\/www.suno.com.br\/noticias\/\",\"logo\":{\"@type\":\"ImageObject\",\"inLanguage\":\"pt-BR\",\"@id\":\"https:\/\/www.suno.com.br\/noticias\/#\/schema\/logo\/image\/\",\"url\":\"https:\/\/files.sunoresearch.com.br\/n\/uploads\/2021\/09\/suno-logo.png\",\"contentUrl\":\"https:\/\/files.sunoresearch.com.br\/n\/uploads\/2021\/09\/suno-logo.png\",\"width\":180,\"height\":180,\"caption\":\"Suno Not\u00edcias\"},\"image\":{\"@id\":\"https:\/\/www.suno.com.br\/noticias\/#\/schema\/logo\/image\/\"},\"sameAs\":[\"https:\/\/facebook.com\/sunoresearch\",\"https:\/\/x.com\/sunoresearch\",\"https:\/\/www.instagram.com\/suno\",\"https:\/\/www.linkedin.com\/company\/suno-research\/\",\"https:\/\/www.youtube.com\/c\/sunoresearch\"]},{\"@type\":\"Person\",\"@id\":\"https:\/\/www.suno.com.br\/noticias\/#\/schema\/person\/fc144a1c6108bd1dcd43784e88a3c138\",\"name\":\"Renan Bandeira\",\"image\":{\"@type\":\"ImageObject\",\"inLanguage\":\"pt-BR\",\"@id\":\"https:\/\/www.suno.com.br\/noticias\/#\/schema\/person\/image\/\",\"url\":\"https:\/\/secure.gravatar.com\/avatar\/68359cdb608f14f11bbefcb78f3fc747?s=96&r=g\",\"contentUrl\":\"https:\/\/secure.gravatar.com\/avatar\/68359cdb608f14f11bbefcb78f3fc747?s=96&r=g\",\"caption\":\"Renan Bandeira\"},\"description\":\"Renan Bandeira escreve sobre pol\u00edtica e economia para o portal da Suno Research. Antes da Suno, trabalhou em uma rede de televis\u00e3o, onde fazia reportagens sobre os mesmos temas. Estuda na Universidade Metodista de S\u00e3o Paulo.\",\"url\":\"https:\/\/www.suno.com.br\/noticias\/author\/renan-bandeira\/\"}]}<\/script>\n<!-- \/ Yoast SEO plugin. -->","yoast_head_json":{"title":"D\u00f3lar fecha semana em alta ap\u00f3s discurso de Jerome Powell","description":"Na \u00faltima quinta (28), o d\u00f3lar fechou a sess\u00e3o com alta de 0,609%; Jerome Powell falou sobre o aumento de sal\u00e1rios. Clique para saber mais.","robots":{"index":"index","follow":"follow","max-snippet":"max-snippet:-1","max-image-preview":"max-image-preview:large","max-video-preview":"max-video-preview:-1"},"canonical":"https:\/\/www.suno.com.br\/noticias\/dolar-alta-apos-discurso-powell\/","og_locale":"pt_BR","og_type":"article","og_title":"D\u00f3lar fecha semana em alta ap\u00f3s discurso de Jerome Powell","og_description":"Na \u00faltima quinta (28), o d\u00f3lar fechou a sess\u00e3o com alta de 0,609%; Jerome Powell falou sobre o aumento de sal\u00e1rios. Clique para saber mais.","og_url":"https:\/\/www.suno.com.br\/noticias\/dolar-alta-apos-discurso-powell\/","og_site_name":"Suno Not\u00edcias","article_publisher":"https:\/\/facebook.com\/sunoresearch","og_image":[{"width":615,"height":410,"url":"https:\/\/files.sunoresearch.com.br\/n\/uploads\/2018\/11\/65112397-d\u00f3lar.jpg","type":"image\/jpeg"}],"author":"Renan Bandeira","twitter_card":"summary_large_image","twitter_creator":"@sunoresearch","twitter_site":"@sunoresearch","twitter_misc":{"Escrito por":"Renan Bandeira","Est. tempo de leitura":"3 minutos"},"schema":{"@context":"https:\/\/schema.org","@graph":[{"@type":"NewsArticle","@id":"https:\/\/www.suno.com.br\/noticias\/dolar-alta-apos-discurso-powell\/#article","isPartOf":{"@id":"https:\/\/www.suno.com.br\/noticias\/dolar-alta-apos-discurso-powell\/"},"author":{"name":"Renan Bandeira","@id":"https:\/\/www.suno.com.br\/noticias\/#\/schema\/person\/fc144a1c6108bd1dcd43784e88a3c138"},"headline":"D\u00f3lar fecha semana em alta ap\u00f3s discurso de Jerome Powell","datePublished":"2019-03-01T20:58:54+00:00","dateModified":"2021-06-14T02:47:57+00:00","mainEntityOfPage":{"@id":"https:\/\/www.suno.com.br\/noticias\/dolar-alta-apos-discurso-powell\/"},"wordCount":544,"publisher":{"@id":"https:\/\/www.suno.com.br\/noticias\/#organization"},"image":{"@id":"https:\/\/www.suno.com.br\/noticias\/dolar-alta-apos-discurso-powell\/#primaryimage"},"thumbnailUrl":"https:\/\/files.sunoresearch.com.br\/n\/uploads\/2018\/11\/65112397-d\u00f3lar-jpg.webp","keywords":["China","d\u00f3lar","Estados Unidos (EUA)","Jair Bolsonaro","Reforma da Previd\u00eancia"],"articleSection":["Mercado"],"inLanguage":"pt-BR"},{"@type":"WebPage","@id":"https:\/\/www.suno.com.br\/noticias\/dolar-alta-apos-discurso-powell\/","url":"https:\/\/www.suno.com.br\/noticias\/dolar-alta-apos-discurso-powell\/","name":"D\u00f3lar fecha semana em alta ap\u00f3s discurso de Jerome Powell","isPartOf":{"@id":"https:\/\/www.suno.com.br\/noticias\/#website"},"primaryImageOfPage":{"@id":"https:\/\/www.suno.com.br\/noticias\/dolar-alta-apos-discurso-powell\/#primaryimage"},"image":{"@id":"https:\/\/www.suno.com.br\/noticias\/dolar-alta-apos-discurso-powell\/#primaryimage"},"thumbnailUrl":"https:\/\/files.sunoresearch.com.br\/n\/uploads\/2018\/11\/65112397-d\u00f3lar-jpg.webp","datePublished":"2019-03-01T20:58:54+00:00","dateModified":"2021-06-14T02:47:57+00:00","description":"Na \u00faltima quinta (28), o d\u00f3lar fechou a sess\u00e3o com alta de 0,609%; Jerome Powell falou sobre o aumento de sal\u00e1rios. Clique para saber mais.","breadcrumb":{"@id":"https:\/\/www.suno.com.br\/noticias\/dolar-alta-apos-discurso-powell\/#breadcrumb"},"inLanguage":"pt-BR","potentialAction":[{"@type":"ReadAction","target":["https:\/\/www.suno.com.br\/noticias\/dolar-alta-apos-discurso-powell\/"]}]},{"@type":"ImageObject","inLanguage":"pt-BR","@id":"https:\/\/www.suno.com.br\/noticias\/dolar-alta-apos-discurso-powell\/#primaryimage","url":"https:\/\/files.sunoresearch.com.br\/n\/uploads\/2018\/11\/65112397-d\u00f3lar-jpg.webp","contentUrl":"https:\/\/files.sunoresearch.com.br\/n\/uploads\/2018\/11\/65112397-d\u00f3lar-jpg.webp","width":615,"height":410,"caption":"Na \u00faltima sess\u00e3o, quarta-feira (2), o d\u00f3lar encerrou o preg\u00e3o em queda de 0,49%, cotado em R$ 5,3586."},{"@type":"BreadcrumbList","@id":"https:\/\/www.suno.com.br\/noticias\/dolar-alta-apos-discurso-powell\/#breadcrumb","itemListElement":[{"@type":"ListItem","position":1,"name":"Not\u00edcias","item":"https:\/\/www.suno.com.br\/noticias\/"},{"@type":"ListItem","position":2,"name":"Mercado","item":"https:\/\/www.suno.com.br\/noticias\/mercado\/"},{"@type":"ListItem","position":3,"name":"D\u00f3lar fecha semana em alta ap\u00f3s discurso de Jerome Powell"}]},{"@type":"WebSite","@id":"https:\/\/www.suno.com.br\/noticias\/#website","url":"https:\/\/www.suno.com.br\/noticias\/","name":"Suno Not\u00edcias","description":"Seu portal de informa\u00e7\u00e3o sobre o mundo dos investimentos","publisher":{"@id":"https:\/\/www.suno.com.br\/noticias\/#organization"},"potentialAction":[{"@type":"SearchAction","target":{"@type":"EntryPoint","urlTemplate":"https:\/\/www.suno.com.br\/noticias\/?s={search_term_string}"},"query-input":{"@type":"PropertyValueSpecification","valueRequired":true,"valueName":"search_term_string"}}],"inLanguage":"pt-BR"},{"@type":"Organization","@id":"https:\/\/www.suno.com.br\/noticias\/#organization","name":"Suno Not\u00edcias","url":"https:\/\/www.suno.com.br\/noticias\/","logo":{"@type":"ImageObject","inLanguage":"pt-BR","@id":"https:\/\/www.suno.com.br\/noticias\/#\/schema\/logo\/image\/","url":"https:\/\/files.sunoresearch.com.br\/n\/uploads\/2021\/09\/suno-logo.png","contentUrl":"https:\/\/files.sunoresearch.com.br\/n\/uploads\/2021\/09\/suno-logo.png","width":180,"height":180,"caption":"Suno Not\u00edcias"},"image":{"@id":"https:\/\/www.suno.com.br\/noticias\/#\/schema\/logo\/image\/"},"sameAs":["https:\/\/facebook.com\/sunoresearch","https:\/\/x.com\/sunoresearch","https:\/\/www.instagram.com\/suno","https:\/\/www.linkedin.com\/company\/suno-research\/","https:\/\/www.youtube.com\/c\/sunoresearch"]},{"@type":"Person","@id":"https:\/\/www.suno.com.br\/noticias\/#\/schema\/person\/fc144a1c6108bd1dcd43784e88a3c138","name":"Renan Bandeira","image":{"@type":"ImageObject","inLanguage":"pt-BR","@id":"https:\/\/www.suno.com.br\/noticias\/#\/schema\/person\/image\/","url":"https:\/\/secure.gravatar.com\/avatar\/68359cdb608f14f11bbefcb78f3fc747?s=96&r=g","contentUrl":"https:\/\/secure.gravatar.com\/avatar\/68359cdb608f14f11bbefcb78f3fc747?s=96&r=g","caption":"Renan Bandeira"},"description":"Renan Bandeira escreve sobre pol\u00edtica e economia para o portal da Suno Research. Antes da Suno, trabalhou em uma rede de televis\u00e3o, onde fazia reportagens sobre os mesmos temas. Estuda na Universidade Metodista de S\u00e3o Paulo.","url":"https:\/\/www.suno.com.br\/noticias\/author\/renan-bandeira\/"}]}},"default_loop_html":"<div class=\"cardsPage__listCard__boxs\"><div class=\"cardsPage__listCard__boxs__img\"><a href=\"https:\/\/www.suno.com.br\/noticias\/dolar-alta-apos-discurso-powell\/\"><img class=\"mask\" src=\"https:\/\/www.suno.com.br\/noticias\/wp-content\/themes\/suno\/resources\/images\/spotlight\/spotlight1img\/bg-mask.png\" alt=\"Image Mask\"\/><img src=\"https:\/\/files.sunoresearch.com.br\/n\/uploads\/2018\/11\/65112397-d\u00f3lar-400x200.webp\" alt=\"D\u00f3lar fecha semana em alta ap\u00f3s discurso de Jerome Powell\"\/><\/a><span class=\"spotlightCategory\"><a href=\"https:\/\/www.suno.com.br\/noticias\/mercado\/\">Mercado<\/a><\/span><\/div><div class=\"cardsPage__listCard__boxs__content\"><a href=\"https:\/\/www.suno.com.br\/noticias\/dolar-alta-apos-discurso-powell\/\"><h2 class=\"content__title\">D\u00f3lar fecha semana em alta ap\u00f3s discurso de Jerome Powell<\/h2><\/a><div class=\"newsContent__article__meta\"><div class=\"newsContent__article__meta__authorBox\"><a href=\"https:\/\/www.suno.com.br\/noticias\/author\/renan-bandeira\/\" class=\"authorBox__avatar noMobi\"><img src=\"https:\/\/secure.gravatar.com\/avatar\/68359cdb608f14f11bbefcb78f3fc747?s=96&#038;r=g\" alt=\"Renan Bandeira\"><\/a><div class=\"authorBox__name\"><span>por\n\t\t\t<a href=\"https:\/\/www.suno.com.br\/noticias\/author\/renan-bandeira\/\"><span itemprop=\"author\">Renan Bandeira<\/span><\/a><\/span><time datetime=\"2019-03-01T17:58:54-03:00\" itemprop=\"datePublished\">01\/03\/2019 17:58<\/time><\/div><\/div><\/div><\/div><\/div>","single_layout":"posts","amp_enabled":true,"_links":{"self":[{"href":"https:\/\/www.suno.com.br\/noticias\/wp-json\/wp\/v2\/posts\/17059"}],"collection":[{"href":"https:\/\/www.suno.com.br\/noticias\/wp-json\/wp\/v2\/posts"}],"about":[{"href":"https:\/\/www.suno.com.br\/noticias\/wp-json\/wp\/v2\/types\/post"}],"author":[{"embeddable":true,"href":"https:\/\/www.suno.com.br\/noticias\/wp-json\/wp\/v2\/users\/11"}],"replies":[{"embeddable":true,"href":"https:\/\/www.suno.com.br\/noticias\/wp-json\/wp\/v2\/comments?post=17059"}],"version-history":[{"count":1,"href":"https:\/\/www.suno.com.br\/noticias\/wp-json\/wp\/v2\/posts\/17059\/revisions"}],"predecessor-version":[{"id":157459,"href":"https:\/\/www.suno.com.br\/noticias\/wp-json\/wp\/v2\/posts\/17059\/revisions\/157459"}],"wp:featuredmedia":[{"embeddable":true,"href":"https:\/\/www.suno.com.br\/noticias\/wp-json\/wp\/v2\/media\/7153"}],"wp:attachment":[{"href":"https:\/\/www.suno.com.br\/noticias\/wp-json\/wp\/v2\/media?parent=17059"}],"wp:term":[{"taxonomy":"category","embeddable":true,"href":"https:\/\/www.suno.com.br\/noticias\/wp-json\/wp\/v2\/categories?post=17059"},{"taxonomy":"post_tag","embeddable":true,"href":"https:\/\/www.suno.com.br\/noticias\/wp-json\/wp\/v2\/tags?post=17059"},{"taxonomy":"suno_strategy","embeddable":true,"href":"https:\/\/www.suno.com.br\/noticias\/wp-json\/wp\/v2\/suno_strategy?post=17059"}],"curies":[{"name":"wp","href":"https:\/\/api.w.org\/{rel}","templated":true}]}}