{"id":170524,"date":"2021-07-29T13:48:02","date_gmt":"2021-07-29T16:48:02","guid":{"rendered":"https:\/\/www.suno.com.br\/noticias\/?p=170524"},"modified":"2021-07-29T13:48:02","modified_gmt":"2021-07-29T16:48:02","slug":"bilionario-critico-governo-chines-condenado-prisao","status":"publish","type":"post","link":"https:\/\/www.suno.com.br\/noticias\/bilionario-critico-governo-chines-condenado-prisao\/","title":{"rendered":"Bilion\u00e1rio chin\u00eas cr\u00edtico do governo \u00e9 condenado a 18 anos de pris\u00e3o"},"content":{"rendered":"<p>O <strong>bilion\u00e1rio chin\u00eas<\/strong> Sun Dawu, <a href=\"https:\/\/www.suno.com.br\/noticias\/tags\/china\">cr\u00edtico do governo da China<\/a>, foi condenado a 18 anos de pris\u00e3o pelo governo chin\u00eas ap\u00f3s &#8220;provocar brigas e problemas&#8221;.<\/p>\t<div class=\"wrapper-featured-image\">\n\t\t<figure class=\"spotlightImg\">\n\n\t\t\t<picture>\n\t\t\t\t<source media=\"(max-width: 768px)\" srcset=\"https:\/\/files.sunoresearch.com.br\/n\/uploads\/2021\/07\/9f087410-slkdlsdk-400x200.jpg\">\n\t\t\t\t<img loading=\"lazy\" decoding=\"async\" class=\"newsContent__article__imgCapa lazyloadDisabled \" src=\"https:\/\/files.sunoresearch.com.br\/n\/uploads\/2021\/07\/9f087410-slkdlsdk-800x450.jpg\" width=\"800\" height=\"450\" alt=\"Bilion\u00e1rio chin\u00eas cr\u00edtico do governo \u00e9 condenado a 18 anos de pris\u00e3o\" fetchpriority=high \/>\n\t\t\t<\/picture>\n\n\t\t\t<figcaption class=\"wp-caption-text wp-caption-text--show\">Senten\u00e7a de bilion\u00e1rio chin\u00eas vem em meio a ofensiva do governo contra o setor privado - Foto: Reprodu\u00e7\u00e3o<\/figcaption>\n\t\t<\/figure>\n\t<\/div>\n\n\n\t<p>\n\t\t<a href=\"\" target=\"_blank\" data-element=\"shortcode-suno-banner\" title=\"Banner SUNO, clique e saiba mais\">\n\t\t\t<picture>\n\t\t\t\t<source media=\"(max-width: 500px)\" srcset=\"\">\n\t\t\t\t<img class=\"newsContent__article__imgCapa newsContent__article__imgCapa--banner\"\n\t\t\t\t\tsrc=\"\"\n\t\t\t\t\tdata-promo-id=\"77030\"\t\t\t\t\t\t\t\t\t\t\t\t\t\t\talt=\"\"\n\t\t\t\t>\n\t\t\t<\/picture>\n\t\t<\/a>\n\t<\/p>\n\n\n<p>O <strong>Sun Dawu<\/strong> \u00e9 do ramo da <strong>agricultura<\/strong>, sendo dono da Hebei Dawu Agricultural and Animal Husbandry Group, com cerca de 9 mil colaboradores envolvidos na produ\u00e7\u00e3o de prote\u00ednas.<\/p>\n<p>Anteriormente, em mar\u00e7o, ele j\u00e1 havia sido <strong>preso<\/strong>. Segundo uma conta oficial do governo no WeChat, Dawu foi preso por &#8220;reunir uma multid\u00e3o para atacar as institui\u00e7\u00f5es do estado, obstruindo o servi\u00e7o p\u00fablico, provocando brigas e provocando problemas, interrompendo a produ\u00e7\u00e3o e opera\u00e7\u00e3o, conduzindo com\u00e9rcio coercitivo, minera\u00e7\u00e3o ilegal, ocupa\u00e7\u00e3o ilegal de terras agr\u00edcolas, absor\u00e7\u00e3o ilegal de dep\u00f3sitos p\u00fablicos&#8221;.<\/p>\n<p>Al\u00e9m da pris\u00e3o, <strong>Dawu<\/strong> recebeu uma multa de 3,11 milh\u00f5es de yuans (US$ 480.000). Juntamente com ele, 19 executivos de sua empresa foram presos e familiares, <a href=\"https:\/\/www.suno.com.br\/noticias\/china-construindo-grande-muralha-digital\/\">que tiveram senten\u00e7as que variam de 15 meses at\u00e9 12 anos de deten\u00e7\u00e3o<\/a>.<\/p>\n<p>Na condena\u00e7\u00e3o, o <strong>governo da China<\/strong> tamb\u00e9m sentenciou sua esposa e seus filhos \u00e0 <strong>pris\u00e3o<\/strong>.<\/p>\n<p><a href=\"https:\/\/www.suno.com.br\/noticias\/china-mercado-estimulos-compulsorio\/\">O empres\u00e1rio j\u00e1 estava em lit\u00edgio com o pr\u00f3prio <strong>governo<\/strong><\/a> por causa das \u00e1reas e j\u00e1 havia ficado na mira do Partido Comunicas Chin\u00eas com suas cr\u00edticas p\u00fablicas logo depois de um surto de febre su\u00edna que dizimou boa parte do rebanho chin\u00eas.<\/p>\n\t<p>\n\t\t<a href=\"\" target=\"_blank\" data-element=\"shortcode-suno-banner\" title=\"Banner SUNO, clique e saiba mais\">\n\t\t\t<picture>\n\t\t\t\t<source media=\"(max-width: 500px)\" srcset=\"\">\n\t\t\t\t<img class=\"newsContent__article__imgCapa newsContent__article__imgCapa--banner\"\n\t\t\t\t\tsrc=\"\"\n\t\t\t\t\tdata-promo-id=\"92668\"\t\t\t\t\t\t\t\t\t\t\t\t\t\t\talt=\"\"\n\t\t\t\t>\n\t\t\t<\/picture>\n\t\t<\/a>\n\t<\/p>\n\n\n<h2>H\u00e1 semanas, CHRD j\u00e1 havia citado ofensiva contra bilion\u00e1rio chin\u00eas<\/h2>\n<p>Ainda em 14 de julho, o grupo de defesa dos Defensores dos Direitos Humanos da China (<strong>CHRD<\/strong>) citou que Sun estava sendo levado a julgamento &#8220;como uma tentativa descarada de punir Sun por seu apoio aos direitos humanos&#8221;.<\/p>\n<p>&#8220;Sun Dawu fez contribui\u00e7\u00f5es extraordin\u00e1rias para melhorar a vida dos cidad\u00e3os chineses que vivem na <strong>China<\/strong> rural. Seu apoio aos defensores de direitos foi uma extens\u00e3o de sua preocupa\u00e7\u00e3o com o bem-estar das pessoas \u00e0 margem da economia chinesa&#8221;, disse Ramona Li, pesquisadora s\u00eanior e defender o CHRD, em um comunicado na \u00e9poca.<\/p>\n<p>A senten\u00e7a do <strong>bilion\u00e1rio chin\u00eas<\/strong>, assim, entoa uma ofensiva do governo chin\u00eas para reprimir empresas privadas, j\u00e1 que em conjunto de diretrizes divulgado em 2020 o governo citou que o setor precisava de <a href=\"https:\/\/www.suno.com.br\/noticias\/china-regulacoes-praticas-anticompetitivas\/\">&#8220;pessoas politicamente sens\u00edveis&#8221; que &#8220;ouvissem o partido com firmeza&#8221;<\/a>.<\/p>\n\t<p>\n\t\t<a href=\"https:\/\/lp.suno.com.br\/planilha-de-controle-de-investimentos\/\" target=\"_blank\" data-element=\"shortcode-suno-banner\" title=\"Banner SUNO, clique e saiba mais\">\n\t\t\t<picture>\n\t\t\t\t<source media=\"(max-width: 500px)\" srcset=\"https:\/\/files.sunoresearch.com.br\/n\/uploads\/2023\/03\/400x300-Controle-de-Investimentos.png\">\n\t\t\t\t<img class=\"newsContent__article__imgCapa newsContent__article__imgCapa--banner\"\n\t\t\t\t\tsrc=\"https:\/\/files.sunoresearch.com.br\/n\/uploads\/2023\/03\/1420x240-Controle-de-Investimentos.png\"\n\t\t\t\t\tdata-promo-id=\"75934\"\t\t\t\t\t\t\t\t\t\twidth='1420' height='240'\t\t\t\t\talt=\"https:\/\/files.sunoresearch.com.br\/n\/uploads\/2023\/03\/1420x240-Controle-de-Investimentos.png\"\n\t\t\t\t>\n\t\t\t<\/picture>\n\t\t<\/a>\n\t<\/p>\n\n\n","protected":false},"excerpt":{"rendered":"<p>O bilion\u00e1rio chin\u00eas Sun Dawu, cr\u00edtico do governo da China, foi condenado a 18 anos de pris\u00e3o pelo governo chin\u00eas ap\u00f3s &#8220;provocar brigas e problemas&#8221;. Senten\u00e7a de bilion\u00e1rio chin\u00eas vem em meio a ofensiva do governo contra o setor privado &#8211; Foto: Reprodu\u00e7\u00e3o O Sun Dawu \u00e9 do ramo da agricultura, sendo dono da Hebei [&hellip;]<\/p>\n","protected":false},"author":73,"featured_media":170554,"comment_status":"closed","ping_status":"closed","sticky":false,"template":"","format":"standard","meta":[],"categories":[63],"tags":[711],"suno_strategy":[],"class_list":["post-170524","post","type-post","status-publish","format-standard","has-post-thumbnail","hentry","category-internacional","tag-china"],"yoast_head":"<!-- This site is optimized with the Yoast SEO plugin v24.4 - https:\/\/yoast.com\/wordpress\/plugins\/seo\/ -->\n<title>Bilion\u00e1rio chin\u00eas cr\u00edtico do governo \u00e9 condenado a 18 anos de pris\u00e3o<\/title>\n<meta name=\"description\" content=\"A senten\u00e7a do bilion\u00e1rio, assim, entoa uma ofensiva do governo chin\u00eas para reprimir empresas privadas. Clique aqui e leia mais.\" \/>\n<meta name=\"robots\" content=\"index, follow, max-snippet:-1, max-image-preview:large, max-video-preview:-1\" \/>\n<link rel=\"canonical\" href=\"https:\/\/www.suno.com.br\/noticias\/bilionario-critico-governo-chines-condenado-prisao\/\" \/>\n<meta property=\"og:locale\" content=\"pt_BR\" \/>\n<meta property=\"og:type\" content=\"article\" \/>\n<meta property=\"og:title\" content=\"Bilion\u00e1rio chin\u00eas cr\u00edtico do governo \u00e9 condenado a 18 anos de pris\u00e3o\" \/>\n<meta property=\"og:description\" content=\"A senten\u00e7a do bilion\u00e1rio, assim, entoa uma ofensiva do governo chin\u00eas para reprimir empresas privadas. Clique aqui e leia mais.\" \/>\n<meta property=\"og:url\" content=\"https:\/\/www.suno.com.br\/noticias\/bilionario-critico-governo-chines-condenado-prisao\/\" \/>\n<meta property=\"og:site_name\" content=\"Suno Not\u00edcias\" \/>\n<meta property=\"article:publisher\" content=\"https:\/\/facebook.com\/sunoresearch\" \/>\n<meta property=\"og:image\" content=\"https:\/\/files.sunoresearch.com.br\/n\/uploads\/2021\/07\/9f087410-slkdlsdk.jpg\" \/>\n\t<meta property=\"og:image:width\" content=\"1224\" \/>\n\t<meta property=\"og:image:height\" content=\"710\" \/>\n\t<meta property=\"og:image:type\" content=\"image\/jpeg\" \/>\n<meta name=\"author\" content=\"Eduardo Vargas\" \/>\n<meta name=\"twitter:card\" content=\"summary_large_image\" \/>\n<meta name=\"twitter:creator\" content=\"@sunoresearch\" \/>\n<meta name=\"twitter:site\" content=\"@sunoresearch\" \/>\n<meta name=\"twitter:label1\" content=\"Escrito por\" \/>\n\t<meta name=\"twitter:data1\" content=\"Eduardo Vargas\" \/>\n\t<meta name=\"twitter:label2\" content=\"Est. tempo de leitura\" \/>\n\t<meta name=\"twitter:data2\" content=\"2 minutos\" \/>\n<script type=\"application\/ld+json\" class=\"yoast-schema-graph\">{\"@context\":\"https:\/\/schema.org\",\"@graph\":[{\"@type\":\"NewsArticle\",\"@id\":\"https:\/\/www.suno.com.br\/noticias\/bilionario-critico-governo-chines-condenado-prisao\/#article\",\"isPartOf\":{\"@id\":\"https:\/\/www.suno.com.br\/noticias\/bilionario-critico-governo-chines-condenado-prisao\/\"},\"author\":{\"name\":\"Eduardo Vargas\",\"@id\":\"https:\/\/www.suno.com.br\/noticias\/#\/schema\/person\/7f4d362bf3518e76090143ae77bb49a5\"},\"headline\":\"Bilion\u00e1rio chin\u00eas cr\u00edtico do governo \u00e9 condenado a 18 anos de pris\u00e3o\",\"datePublished\":\"2021-07-29T16:48:02+00:00\",\"mainEntityOfPage\":{\"@id\":\"https:\/\/www.suno.com.br\/noticias\/bilionario-critico-governo-chines-condenado-prisao\/\"},\"wordCount\":414,\"publisher\":{\"@id\":\"https:\/\/www.suno.com.br\/noticias\/#organization\"},\"image\":{\"@id\":\"https:\/\/www.suno.com.br\/noticias\/bilionario-critico-governo-chines-condenado-prisao\/#primaryimage\"},\"thumbnailUrl\":\"https:\/\/files.sunoresearch.com.br\/n\/uploads\/2021\/07\/9f087410-slkdlsdk.jpg\",\"keywords\":[\"China\"],\"articleSection\":[\"Internacional\"],\"inLanguage\":\"pt-BR\"},{\"@type\":\"WebPage\",\"@id\":\"https:\/\/www.suno.com.br\/noticias\/bilionario-critico-governo-chines-condenado-prisao\/\",\"url\":\"https:\/\/www.suno.com.br\/noticias\/bilionario-critico-governo-chines-condenado-prisao\/\",\"name\":\"Bilion\u00e1rio chin\u00eas cr\u00edtico do governo \u00e9 condenado a 18 anos de pris\u00e3o\",\"isPartOf\":{\"@id\":\"https:\/\/www.suno.com.br\/noticias\/#website\"},\"primaryImageOfPage\":{\"@id\":\"https:\/\/www.suno.com.br\/noticias\/bilionario-critico-governo-chines-condenado-prisao\/#primaryimage\"},\"image\":{\"@id\":\"https:\/\/www.suno.com.br\/noticias\/bilionario-critico-governo-chines-condenado-prisao\/#primaryimage\"},\"thumbnailUrl\":\"https:\/\/files.sunoresearch.com.br\/n\/uploads\/2021\/07\/9f087410-slkdlsdk.jpg\",\"datePublished\":\"2021-07-29T16:48:02+00:00\",\"description\":\"A senten\u00e7a do bilion\u00e1rio, assim, entoa uma ofensiva do governo chin\u00eas para reprimir empresas privadas. Clique aqui e leia mais.\",\"breadcrumb\":{\"@id\":\"https:\/\/www.suno.com.br\/noticias\/bilionario-critico-governo-chines-condenado-prisao\/#breadcrumb\"},\"inLanguage\":\"pt-BR\",\"potentialAction\":[{\"@type\":\"ReadAction\",\"target\":[\"https:\/\/www.suno.com.br\/noticias\/bilionario-critico-governo-chines-condenado-prisao\/\"]}]},{\"@type\":\"ImageObject\",\"inLanguage\":\"pt-BR\",\"@id\":\"https:\/\/www.suno.com.br\/noticias\/bilionario-critico-governo-chines-condenado-prisao\/#primaryimage\",\"url\":\"https:\/\/files.sunoresearch.com.br\/n\/uploads\/2021\/07\/9f087410-slkdlsdk.jpg\",\"contentUrl\":\"https:\/\/files.sunoresearch.com.br\/n\/uploads\/2021\/07\/9f087410-slkdlsdk.jpg\",\"width\":1224,\"height\":710,\"caption\":\"Senten\u00e7a de bilion\u00e1rio chin\u00eas vem em meio a ofensiva do governo contra o setor privado - Foto: Reprodu\u00e7\u00e3o\"},{\"@type\":\"BreadcrumbList\",\"@id\":\"https:\/\/www.suno.com.br\/noticias\/bilionario-critico-governo-chines-condenado-prisao\/#breadcrumb\",\"itemListElement\":[{\"@type\":\"ListItem\",\"position\":1,\"name\":\"Not\u00edcias\",\"item\":\"https:\/\/www.suno.com.br\/noticias\/\"},{\"@type\":\"ListItem\",\"position\":2,\"name\":\"Internacional\",\"item\":\"https:\/\/www.suno.com.br\/noticias\/internacional\/\"},{\"@type\":\"ListItem\",\"position\":3,\"name\":\"Bilion\u00e1rio chin\u00eas cr\u00edtico do governo \u00e9 condenado a 18 anos de pris\u00e3o\"}]},{\"@type\":\"WebSite\",\"@id\":\"https:\/\/www.suno.com.br\/noticias\/#website\",\"url\":\"https:\/\/www.suno.com.br\/noticias\/\",\"name\":\"Suno Not\u00edcias\",\"description\":\"Seu portal de informa\u00e7\u00e3o sobre o mundo dos investimentos\",\"publisher\":{\"@id\":\"https:\/\/www.suno.com.br\/noticias\/#organization\"},\"potentialAction\":[{\"@type\":\"SearchAction\",\"target\":{\"@type\":\"EntryPoint\",\"urlTemplate\":\"https:\/\/www.suno.com.br\/noticias\/?s={search_term_string}\"},\"query-input\":{\"@type\":\"PropertyValueSpecification\",\"valueRequired\":true,\"valueName\":\"search_term_string\"}}],\"inLanguage\":\"pt-BR\"},{\"@type\":\"Organization\",\"@id\":\"https:\/\/www.suno.com.br\/noticias\/#organization\",\"name\":\"Suno Not\u00edcias\",\"url\":\"https:\/\/www.suno.com.br\/noticias\/\",\"logo\":{\"@type\":\"ImageObject\",\"inLanguage\":\"pt-BR\",\"@id\":\"https:\/\/www.suno.com.br\/noticias\/#\/schema\/logo\/image\/\",\"url\":\"https:\/\/files.sunoresearch.com.br\/n\/uploads\/2021\/09\/suno-logo.png\",\"contentUrl\":\"https:\/\/files.sunoresearch.com.br\/n\/uploads\/2021\/09\/suno-logo.png\",\"width\":180,\"height\":180,\"caption\":\"Suno Not\u00edcias\"},\"image\":{\"@id\":\"https:\/\/www.suno.com.br\/noticias\/#\/schema\/logo\/image\/\"},\"sameAs\":[\"https:\/\/facebook.com\/sunoresearch\",\"https:\/\/x.com\/sunoresearch\",\"https:\/\/www.instagram.com\/suno\",\"https:\/\/www.linkedin.com\/company\/suno-research\/\",\"https:\/\/www.youtube.com\/c\/sunoresearch\"]},{\"@type\":\"Person\",\"@id\":\"https:\/\/www.suno.com.br\/noticias\/#\/schema\/person\/7f4d362bf3518e76090143ae77bb49a5\",\"name\":\"Eduardo Vargas\",\"image\":{\"@type\":\"ImageObject\",\"inLanguage\":\"pt-BR\",\"@id\":\"https:\/\/www.suno.com.br\/noticias\/#\/schema\/person\/image\/\",\"url\":\"https:\/\/secure.gravatar.com\/avatar\/dac340933427a22924c9f99d1eb2e3f2?s=96&r=g\",\"contentUrl\":\"https:\/\/secure.gravatar.com\/avatar\/dac340933427a22924c9f99d1eb2e3f2?s=96&r=g\",\"caption\":\"Eduardo Vargas\"},\"description\":\"Jornalista formado pela UFSC, cobre macroeconomia, neg\u00f3cios e startups para o Suno Not\u00edcias, escrevendo principalmente not\u00edcias sobre o mercado financeiro e a bolsa de valores. No YouTube e no Instagram, \u00e9 respons\u00e1vel pela produ\u00e7\u00e3o de Reels e Shorts do Suno Not\u00edcias. Anteriormente, trabalhou cobrindo economia e cotidiano no ND+ e para o ND, maior jornal impresso de Santa Catarina. Cursou um semestre letivo de Estudos de M\u00eddia na Universidad de Buenos Aires.\",\"url\":\"https:\/\/www.suno.com.br\/noticias\/author\/eduardo-vargas\/\"}]}<\/script>\n<!-- \/ Yoast SEO plugin. -->","yoast_head_json":{"title":"Bilion\u00e1rio chin\u00eas cr\u00edtico do governo \u00e9 condenado a 18 anos de pris\u00e3o","description":"A senten\u00e7a do bilion\u00e1rio, assim, entoa uma ofensiva do governo chin\u00eas para reprimir empresas privadas. Clique aqui e leia mais.","robots":{"index":"index","follow":"follow","max-snippet":"max-snippet:-1","max-image-preview":"max-image-preview:large","max-video-preview":"max-video-preview:-1"},"canonical":"https:\/\/www.suno.com.br\/noticias\/bilionario-critico-governo-chines-condenado-prisao\/","og_locale":"pt_BR","og_type":"article","og_title":"Bilion\u00e1rio chin\u00eas cr\u00edtico do governo \u00e9 condenado a 18 anos de pris\u00e3o","og_description":"A senten\u00e7a do bilion\u00e1rio, assim, entoa uma ofensiva do governo chin\u00eas para reprimir empresas privadas. Clique aqui e leia mais.","og_url":"https:\/\/www.suno.com.br\/noticias\/bilionario-critico-governo-chines-condenado-prisao\/","og_site_name":"Suno Not\u00edcias","article_publisher":"https:\/\/facebook.com\/sunoresearch","og_image":[{"width":1224,"height":710,"url":"https:\/\/files.sunoresearch.com.br\/n\/uploads\/2021\/07\/9f087410-slkdlsdk.jpg","type":"image\/jpeg"}],"author":"Eduardo Vargas","twitter_card":"summary_large_image","twitter_creator":"@sunoresearch","twitter_site":"@sunoresearch","twitter_misc":{"Escrito por":"Eduardo Vargas","Est. tempo de leitura":"2 minutos"},"schema":{"@context":"https:\/\/schema.org","@graph":[{"@type":"NewsArticle","@id":"https:\/\/www.suno.com.br\/noticias\/bilionario-critico-governo-chines-condenado-prisao\/#article","isPartOf":{"@id":"https:\/\/www.suno.com.br\/noticias\/bilionario-critico-governo-chines-condenado-prisao\/"},"author":{"name":"Eduardo Vargas","@id":"https:\/\/www.suno.com.br\/noticias\/#\/schema\/person\/7f4d362bf3518e76090143ae77bb49a5"},"headline":"Bilion\u00e1rio chin\u00eas cr\u00edtico do governo \u00e9 condenado a 18 anos de pris\u00e3o","datePublished":"2021-07-29T16:48:02+00:00","mainEntityOfPage":{"@id":"https:\/\/www.suno.com.br\/noticias\/bilionario-critico-governo-chines-condenado-prisao\/"},"wordCount":414,"publisher":{"@id":"https:\/\/www.suno.com.br\/noticias\/#organization"},"image":{"@id":"https:\/\/www.suno.com.br\/noticias\/bilionario-critico-governo-chines-condenado-prisao\/#primaryimage"},"thumbnailUrl":"https:\/\/files.sunoresearch.com.br\/n\/uploads\/2021\/07\/9f087410-slkdlsdk.jpg","keywords":["China"],"articleSection":["Internacional"],"inLanguage":"pt-BR"},{"@type":"WebPage","@id":"https:\/\/www.suno.com.br\/noticias\/bilionario-critico-governo-chines-condenado-prisao\/","url":"https:\/\/www.suno.com.br\/noticias\/bilionario-critico-governo-chines-condenado-prisao\/","name":"Bilion\u00e1rio chin\u00eas cr\u00edtico do governo \u00e9 condenado a 18 anos de pris\u00e3o","isPartOf":{"@id":"https:\/\/www.suno.com.br\/noticias\/#website"},"primaryImageOfPage":{"@id":"https:\/\/www.suno.com.br\/noticias\/bilionario-critico-governo-chines-condenado-prisao\/#primaryimage"},"image":{"@id":"https:\/\/www.suno.com.br\/noticias\/bilionario-critico-governo-chines-condenado-prisao\/#primaryimage"},"thumbnailUrl":"https:\/\/files.sunoresearch.com.br\/n\/uploads\/2021\/07\/9f087410-slkdlsdk.jpg","datePublished":"2021-07-29T16:48:02+00:00","description":"A senten\u00e7a do bilion\u00e1rio, assim, entoa uma ofensiva do governo chin\u00eas para reprimir empresas privadas. Clique aqui e leia mais.","breadcrumb":{"@id":"https:\/\/www.suno.com.br\/noticias\/bilionario-critico-governo-chines-condenado-prisao\/#breadcrumb"},"inLanguage":"pt-BR","potentialAction":[{"@type":"ReadAction","target":["https:\/\/www.suno.com.br\/noticias\/bilionario-critico-governo-chines-condenado-prisao\/"]}]},{"@type":"ImageObject","inLanguage":"pt-BR","@id":"https:\/\/www.suno.com.br\/noticias\/bilionario-critico-governo-chines-condenado-prisao\/#primaryimage","url":"https:\/\/files.sunoresearch.com.br\/n\/uploads\/2021\/07\/9f087410-slkdlsdk.jpg","contentUrl":"https:\/\/files.sunoresearch.com.br\/n\/uploads\/2021\/07\/9f087410-slkdlsdk.jpg","width":1224,"height":710,"caption":"Senten\u00e7a de bilion\u00e1rio chin\u00eas vem em meio a ofensiva do governo contra o setor privado - Foto: Reprodu\u00e7\u00e3o"},{"@type":"BreadcrumbList","@id":"https:\/\/www.suno.com.br\/noticias\/bilionario-critico-governo-chines-condenado-prisao\/#breadcrumb","itemListElement":[{"@type":"ListItem","position":1,"name":"Not\u00edcias","item":"https:\/\/www.suno.com.br\/noticias\/"},{"@type":"ListItem","position":2,"name":"Internacional","item":"https:\/\/www.suno.com.br\/noticias\/internacional\/"},{"@type":"ListItem","position":3,"name":"Bilion\u00e1rio chin\u00eas cr\u00edtico do governo \u00e9 condenado a 18 anos de pris\u00e3o"}]},{"@type":"WebSite","@id":"https:\/\/www.suno.com.br\/noticias\/#website","url":"https:\/\/www.suno.com.br\/noticias\/","name":"Suno Not\u00edcias","description":"Seu portal de informa\u00e7\u00e3o sobre o mundo dos investimentos","publisher":{"@id":"https:\/\/www.suno.com.br\/noticias\/#organization"},"potentialAction":[{"@type":"SearchAction","target":{"@type":"EntryPoint","urlTemplate":"https:\/\/www.suno.com.br\/noticias\/?s={search_term_string}"},"query-input":{"@type":"PropertyValueSpecification","valueRequired":true,"valueName":"search_term_string"}}],"inLanguage":"pt-BR"},{"@type":"Organization","@id":"https:\/\/www.suno.com.br\/noticias\/#organization","name":"Suno Not\u00edcias","url":"https:\/\/www.suno.com.br\/noticias\/","logo":{"@type":"ImageObject","inLanguage":"pt-BR","@id":"https:\/\/www.suno.com.br\/noticias\/#\/schema\/logo\/image\/","url":"https:\/\/files.sunoresearch.com.br\/n\/uploads\/2021\/09\/suno-logo.png","contentUrl":"https:\/\/files.sunoresearch.com.br\/n\/uploads\/2021\/09\/suno-logo.png","width":180,"height":180,"caption":"Suno Not\u00edcias"},"image":{"@id":"https:\/\/www.suno.com.br\/noticias\/#\/schema\/logo\/image\/"},"sameAs":["https:\/\/facebook.com\/sunoresearch","https:\/\/x.com\/sunoresearch","https:\/\/www.instagram.com\/suno","https:\/\/www.linkedin.com\/company\/suno-research\/","https:\/\/www.youtube.com\/c\/sunoresearch"]},{"@type":"Person","@id":"https:\/\/www.suno.com.br\/noticias\/#\/schema\/person\/7f4d362bf3518e76090143ae77bb49a5","name":"Eduardo Vargas","image":{"@type":"ImageObject","inLanguage":"pt-BR","@id":"https:\/\/www.suno.com.br\/noticias\/#\/schema\/person\/image\/","url":"https:\/\/secure.gravatar.com\/avatar\/dac340933427a22924c9f99d1eb2e3f2?s=96&r=g","contentUrl":"https:\/\/secure.gravatar.com\/avatar\/dac340933427a22924c9f99d1eb2e3f2?s=96&r=g","caption":"Eduardo Vargas"},"description":"Jornalista formado pela UFSC, cobre macroeconomia, neg\u00f3cios e startups para o Suno Not\u00edcias, escrevendo principalmente not\u00edcias sobre o mercado financeiro e a bolsa de valores. No YouTube e no Instagram, \u00e9 respons\u00e1vel pela produ\u00e7\u00e3o de Reels e Shorts do Suno Not\u00edcias. Anteriormente, trabalhou cobrindo economia e cotidiano no ND+ e para o ND, maior jornal impresso de Santa Catarina. Cursou um semestre letivo de Estudos de M\u00eddia na Universidad de Buenos Aires.","url":"https:\/\/www.suno.com.br\/noticias\/author\/eduardo-vargas\/"}]}},"default_loop_html":"<div class=\"cardsPage__listCard__boxs\"><div class=\"cardsPage__listCard__boxs__img\"><a href=\"https:\/\/www.suno.com.br\/noticias\/bilionario-critico-governo-chines-condenado-prisao\/\"><img class=\"mask\" src=\"https:\/\/www.suno.com.br\/noticias\/wp-content\/themes\/suno\/resources\/images\/spotlight\/spotlight1img\/bg-mask.png\" alt=\"Image Mask\"\/><img src=\"https:\/\/files.sunoresearch.com.br\/n\/uploads\/2021\/07\/9f087410-slkdlsdk-400x200.jpg\" alt=\"Bilion\u00e1rio chin\u00eas cr\u00edtico do governo \u00e9 condenado a 18 anos de pris\u00e3o\"\/><\/a><span class=\"spotlightCategory\"><a href=\"https:\/\/www.suno.com.br\/noticias\/internacional\/\">Internacional<\/a><\/span><\/div><div class=\"cardsPage__listCard__boxs__content\"><a href=\"https:\/\/www.suno.com.br\/noticias\/bilionario-critico-governo-chines-condenado-prisao\/\"><h2 class=\"content__title\">Bilion\u00e1rio chin\u00eas cr\u00edtico do governo \u00e9 condenado a 18 anos de pris\u00e3o<\/h2><\/a><div class=\"newsContent__article__meta\"><div class=\"newsContent__article__meta__authorBox\"><a href=\"https:\/\/www.suno.com.br\/noticias\/author\/eduardo-vargas\/\" class=\"authorBox__avatar noMobi\"><img src=\"https:\/\/secure.gravatar.com\/avatar\/dac340933427a22924c9f99d1eb2e3f2?s=96&#038;r=g\" alt=\"Eduardo Vargas\"><\/a><div class=\"authorBox__name\"><span>por\n\t\t\t<a href=\"https:\/\/www.suno.com.br\/noticias\/author\/eduardo-vargas\/\"><span itemprop=\"author\">Eduardo Vargas<\/span><\/a><\/span><time datetime=\"2021-07-29T13:48:02-03:00\" itemprop=\"datePublished\">29\/07\/2021 13:48<\/time><\/div><\/div><\/div><\/div><\/div>","single_layout":"posts","amp_enabled":true,"_links":{"self":[{"href":"https:\/\/www.suno.com.br\/noticias\/wp-json\/wp\/v2\/posts\/170524"}],"collection":[{"href":"https:\/\/www.suno.com.br\/noticias\/wp-json\/wp\/v2\/posts"}],"about":[{"href":"https:\/\/www.suno.com.br\/noticias\/wp-json\/wp\/v2\/types\/post"}],"author":[{"embeddable":true,"href":"https:\/\/www.suno.com.br\/noticias\/wp-json\/wp\/v2\/users\/73"}],"replies":[{"embeddable":true,"href":"https:\/\/www.suno.com.br\/noticias\/wp-json\/wp\/v2\/comments?post=170524"}],"version-history":[{"count":3,"href":"https:\/\/www.suno.com.br\/noticias\/wp-json\/wp\/v2\/posts\/170524\/revisions"}],"predecessor-version":[{"id":170564,"href":"https:\/\/www.suno.com.br\/noticias\/wp-json\/wp\/v2\/posts\/170524\/revisions\/170564"}],"wp:featuredmedia":[{"embeddable":true,"href":"https:\/\/www.suno.com.br\/noticias\/wp-json\/wp\/v2\/media\/170554"}],"wp:attachment":[{"href":"https:\/\/www.suno.com.br\/noticias\/wp-json\/wp\/v2\/media?parent=170524"}],"wp:term":[{"taxonomy":"category","embeddable":true,"href":"https:\/\/www.suno.com.br\/noticias\/wp-json\/wp\/v2\/categories?post=170524"},{"taxonomy":"post_tag","embeddable":true,"href":"https:\/\/www.suno.com.br\/noticias\/wp-json\/wp\/v2\/tags?post=170524"},{"taxonomy":"suno_strategy","embeddable":true,"href":"https:\/\/www.suno.com.br\/noticias\/wp-json\/wp\/v2\/suno_strategy?post=170524"}],"curies":[{"name":"wp","href":"https:\/\/api.w.org\/{rel}","templated":true}]}}