{"id":17051,"date":"2019-03-01T15:06:52","date_gmt":"2019-03-01T18:06:52","guid":{"rendered":"https:\/\/www.suno.com.br\/noticias\/?p=17051"},"modified":"2019-03-01T15:06:52","modified_gmt":"2019-03-01T18:06:52","slug":"salarios-inflacao-jerome-powell","status":"publish","type":"post","link":"https:\/\/www.suno.com.br\/noticias\/salarios-inflacao-jerome-powell\/","title":{"rendered":"Aumento de sal\u00e1rios n\u00e3o vai aumentar infla\u00e7\u00e3o, diz Jerome Powell"},"content":{"rendered":"<p>O presidente do <a href=\"https:\/\/www.suno.com.br\/artigos\/fed\/\">Federal Reserve (Fed, banco central dos EUA)<\/a>, Jerome Powell, falou na \u00faltima quinta-feira (28) sobre um novo motivo para que n\u00e3o haja o aumento de juros.<\/p>\t<div class=\"wrapper-featured-image\">\n\t\t<figure class=\"spotlightImg\">\n\n\t\t\t<picture>\n\t\t\t\t<source media=\"(max-width: 768px)\" srcset=\"https:\/\/files.sunoresearch.com.br\/n\/uploads\/2019\/03\/8a09e76f-jerome-powell-400x200.webp\">\n\t\t\t\t<img loading=\"lazy\" decoding=\"async\" class=\"newsContent__article__imgCapa lazyloadDisabled newsContent__article__imgCapa--noCaption\" src=\"https:\/\/files.sunoresearch.com.br\/n\/uploads\/2019\/03\/8a09e76f-jerome-powell-jpg.webp\" width=\"800\" height=\"450\" alt=\"Aumento de sal\u00e1rios n\u00e3o vai aumentar infla\u00e7\u00e3o, diz Jerome Powell\" fetchpriority=high \/>\n\t\t\t<\/picture>\n\n\t\t\t<figcaption class=\"wp-caption-text wp-caption-text--hide\">Jerome Powell <\/figcaption>\n\t\t<\/figure>\n\t<\/div>\n\n\n<p>De acordo com <strong>Jerome Powell<\/strong>, o aumento da produtividade do \u00faltimo ano faz com que um aumento de sal\u00e1rios n\u00e3o gere riscos de aumento da <strong>infla\u00e7\u00e3o<\/strong>.<\/p>\n<p>&#8220;Os sinais de uma press\u00e3o de alta sobre a infla\u00e7\u00e3o parecem fracos, apesar do mercado de trabalho forte&#8221;, disse o presidente do <strong>Fed<\/strong>, ponderando o 4% de <strong>desemprego<\/strong> a os aumentos de sal\u00e1rios.<\/p>\n<p>Por conta da volta dos trabalhadores afastados ao <strong>mercado<\/strong> somada a melhoria da <strong>produtividade<\/strong> em 2018, a economia poder\u00e1 gerar novos empregos todos os meses e tamb\u00e9m sustentar os sal\u00e1rios mais altos, sem que corre risco de uma alta na infla\u00e7\u00e3o, que faria o <strong>Federal Reserve<\/strong> aumentar os juros novamente.<\/p>\n<p>&#8220;Mais empregos ocupados e sal\u00e1rios em ascens\u00e3o est\u00e3o atraindo mais pessoas para a for\u00e7a de trabalho&#8221;, disse Powell. Al\u00e9m disso, o presidente do banco afirmou que a &#8220;produtividade em ascens\u00e3o permite que os sal\u00e1rios aumentem sem criar press\u00f5es inflacion\u00e1rias&#8221;.<\/p>\n<p><a href=\"https:\/\/www.suno.com.br\/noticias\/fed-vai-parar-reduzir-carteira-bonus\/\">Saiba mais:\u00a0Fed vai parar de reduzir carteira de b\u00f4nus em 2019, diz presidente<\/a><\/p>\n<p><a href=\"https:\/\/www.suno.com.br\/noticias\/fed-vai-seguir-paciente-aumento-juros\/\">Saiba mais:\u00a0Fed vai seguir \u2018paciente\u2019 sobre novo aumento de juros, diz presidente<\/a><\/p>\n<h2>Fed mais paciente<\/h2>\n<p>Na \u00faltima quinta, Powell falou sobre o Federal Reserve tomar uma postura mais paciente em rela\u00e7\u00e3o ao aumento de juros.<\/p>\n<p>A abordagem foi adotada em janeiro, onde foram suspensos faixas de aumento dos juros por tr\u00eas anos, por conta dos temores das <strong>economias global e norte-americana<\/strong> sobre a <strong>infla\u00e7\u00e3o<\/strong> n\u00e3o estar seguindo as estimativas de 2%, estipuladas pelo Fed.<\/p>\n<p>Investidores do mercado acreditam que o banco central norte-americano n\u00e3o far\u00e1 mais altera\u00e7\u00f5es nos <strong>juros<\/strong>. No entanto, acreditam que possa haver um recuo do juros.<\/p>\n<p>De acordo com <strong>Jerome Powell<\/strong>, na \u00faltima ter\u00e7a-feira (26) mesmo com crescimento s\u00f3lido e a gera\u00e7\u00e3o de empregos, a <strong>infla\u00e7\u00e3o<\/strong> seguir\u00e1 abaixo dos 2%.<\/p>\n","protected":false},"excerpt":{"rendered":"<p>O presidente do Federal Reserve (Fed, banco central dos EUA), Jerome Powell, falou na \u00faltima quinta-feira (28) sobre um novo motivo para que n\u00e3o haja o aumento de juros. Jerome Powell De acordo com Jerome Powell, o aumento da produtividade do \u00faltimo ano faz com que um aumento de sal\u00e1rios n\u00e3o gere riscos de aumento [&hellip;]<\/p>\n","protected":false},"author":11,"featured_media":17052,"comment_status":"closed","ping_status":"closed","sticky":false,"template":"","format":"standard","meta":[],"categories":[63],"tags":[776],"suno_strategy":[],"class_list":["post-17051","post","type-post","status-publish","format-standard","has-post-thumbnail","hentry","category-internacional","tag-federal-reseve-fed"],"yoast_head":"<!-- This site is optimized with the Yoast SEO plugin v24.4 - https:\/\/yoast.com\/wordpress\/plugins\/seo\/ -->\n<title>Aumento de sal\u00e1rios n\u00e3o vai aumentar infla\u00e7\u00e3o, diz Jerome Powell<\/title>\n<meta name=\"description\" content=\"Jerome Powell afirmou que a infla\u00e7\u00e3o seguir\u00e1 abaixo dos 2%; Investidores acreditam que o Fed pode diminuir o percentual. Clique e saiba mais.\" \/>\n<meta name=\"robots\" content=\"index, follow, max-snippet:-1, max-image-preview:large, max-video-preview:-1\" \/>\n<link rel=\"canonical\" href=\"https:\/\/www.suno.com.br\/noticias\/salarios-inflacao-jerome-powell\/\" \/>\n<meta property=\"og:locale\" content=\"pt_BR\" \/>\n<meta property=\"og:type\" content=\"article\" \/>\n<meta property=\"og:title\" content=\"Aumento de sal\u00e1rios n\u00e3o vai aumentar infla\u00e7\u00e3o, diz Jerome Powell\" \/>\n<meta property=\"og:description\" content=\"Jerome Powell afirmou que a infla\u00e7\u00e3o seguir\u00e1 abaixo dos 2%; Investidores acreditam que o Fed pode diminuir o percentual. Clique e saiba mais.\" \/>\n<meta property=\"og:url\" content=\"https:\/\/www.suno.com.br\/noticias\/salarios-inflacao-jerome-powell\/\" \/>\n<meta property=\"og:site_name\" content=\"Suno Not\u00edcias\" \/>\n<meta property=\"article:publisher\" content=\"https:\/\/facebook.com\/sunoresearch\" \/>\n<meta property=\"og:image\" content=\"https:\/\/files.sunoresearch.com.br\/n\/uploads\/2019\/03\/8a09e76f-jerome-powell.jpg\" \/>\n\t<meta property=\"og:image:width\" content=\"768\" \/>\n\t<meta property=\"og:image:height\" content=\"512\" \/>\n\t<meta property=\"og:image:type\" content=\"image\/jpeg\" \/>\n<meta name=\"author\" content=\"Renan Bandeira\" \/>\n<meta name=\"twitter:card\" content=\"summary_large_image\" \/>\n<meta name=\"twitter:creator\" content=\"@sunoresearch\" \/>\n<meta name=\"twitter:site\" content=\"@sunoresearch\" \/>\n<meta name=\"twitter:label1\" content=\"Escrito por\" \/>\n\t<meta name=\"twitter:data1\" content=\"Renan Bandeira\" \/>\n\t<meta name=\"twitter:label2\" content=\"Est. tempo de leitura\" \/>\n\t<meta name=\"twitter:data2\" content=\"2 minutos\" \/>\n<script type=\"application\/ld+json\" class=\"yoast-schema-graph\">{\"@context\":\"https:\/\/schema.org\",\"@graph\":[{\"@type\":\"NewsArticle\",\"@id\":\"https:\/\/www.suno.com.br\/noticias\/salarios-inflacao-jerome-powell\/#article\",\"isPartOf\":{\"@id\":\"https:\/\/www.suno.com.br\/noticias\/salarios-inflacao-jerome-powell\/\"},\"author\":{\"name\":\"Renan Bandeira\",\"@id\":\"https:\/\/www.suno.com.br\/noticias\/#\/schema\/person\/fc144a1c6108bd1dcd43784e88a3c138\"},\"headline\":\"Aumento de sal\u00e1rios n\u00e3o vai aumentar infla\u00e7\u00e3o, diz Jerome Powell\",\"datePublished\":\"2019-03-01T18:06:52+00:00\",\"mainEntityOfPage\":{\"@id\":\"https:\/\/www.suno.com.br\/noticias\/salarios-inflacao-jerome-powell\/\"},\"wordCount\":351,\"publisher\":{\"@id\":\"https:\/\/www.suno.com.br\/noticias\/#organization\"},\"image\":{\"@id\":\"https:\/\/www.suno.com.br\/noticias\/salarios-inflacao-jerome-powell\/#primaryimage\"},\"thumbnailUrl\":\"https:\/\/files.sunoresearch.com.br\/n\/uploads\/2019\/03\/8a09e76f-jerome-powell-jpg.webp\",\"keywords\":[\"Federal Reserve (FED)\"],\"articleSection\":[\"Internacional\"],\"inLanguage\":\"pt-BR\"},{\"@type\":\"WebPage\",\"@id\":\"https:\/\/www.suno.com.br\/noticias\/salarios-inflacao-jerome-powell\/\",\"url\":\"https:\/\/www.suno.com.br\/noticias\/salarios-inflacao-jerome-powell\/\",\"name\":\"Aumento de sal\u00e1rios n\u00e3o vai aumentar infla\u00e7\u00e3o, diz Jerome Powell\",\"isPartOf\":{\"@id\":\"https:\/\/www.suno.com.br\/noticias\/#website\"},\"primaryImageOfPage\":{\"@id\":\"https:\/\/www.suno.com.br\/noticias\/salarios-inflacao-jerome-powell\/#primaryimage\"},\"image\":{\"@id\":\"https:\/\/www.suno.com.br\/noticias\/salarios-inflacao-jerome-powell\/#primaryimage\"},\"thumbnailUrl\":\"https:\/\/files.sunoresearch.com.br\/n\/uploads\/2019\/03\/8a09e76f-jerome-powell-jpg.webp\",\"datePublished\":\"2019-03-01T18:06:52+00:00\",\"description\":\"Jerome Powell afirmou que a infla\u00e7\u00e3o seguir\u00e1 abaixo dos 2%; Investidores acreditam que o Fed pode diminuir o percentual. Clique e saiba mais.\",\"breadcrumb\":{\"@id\":\"https:\/\/www.suno.com.br\/noticias\/salarios-inflacao-jerome-powell\/#breadcrumb\"},\"inLanguage\":\"pt-BR\",\"potentialAction\":[{\"@type\":\"ReadAction\",\"target\":[\"https:\/\/www.suno.com.br\/noticias\/salarios-inflacao-jerome-powell\/\"]}]},{\"@type\":\"ImageObject\",\"inLanguage\":\"pt-BR\",\"@id\":\"https:\/\/www.suno.com.br\/noticias\/salarios-inflacao-jerome-powell\/#primaryimage\",\"url\":\"https:\/\/files.sunoresearch.com.br\/n\/uploads\/2019\/03\/8a09e76f-jerome-powell-jpg.webp\",\"contentUrl\":\"https:\/\/files.sunoresearch.com.br\/n\/uploads\/2019\/03\/8a09e76f-jerome-powell-jpg.webp\",\"width\":768,\"height\":512,\"caption\":\"Jerome Powell\"},{\"@type\":\"BreadcrumbList\",\"@id\":\"https:\/\/www.suno.com.br\/noticias\/salarios-inflacao-jerome-powell\/#breadcrumb\",\"itemListElement\":[{\"@type\":\"ListItem\",\"position\":1,\"name\":\"Not\u00edcias\",\"item\":\"https:\/\/www.suno.com.br\/noticias\/\"},{\"@type\":\"ListItem\",\"position\":2,\"name\":\"Internacional\",\"item\":\"https:\/\/www.suno.com.br\/noticias\/internacional\/\"},{\"@type\":\"ListItem\",\"position\":3,\"name\":\"Aumento de sal\u00e1rios n\u00e3o vai aumentar infla\u00e7\u00e3o, diz Jerome Powell\"}]},{\"@type\":\"WebSite\",\"@id\":\"https:\/\/www.suno.com.br\/noticias\/#website\",\"url\":\"https:\/\/www.suno.com.br\/noticias\/\",\"name\":\"Suno Not\u00edcias\",\"description\":\"Seu portal de informa\u00e7\u00e3o sobre o mundo dos investimentos\",\"publisher\":{\"@id\":\"https:\/\/www.suno.com.br\/noticias\/#organization\"},\"potentialAction\":[{\"@type\":\"SearchAction\",\"target\":{\"@type\":\"EntryPoint\",\"urlTemplate\":\"https:\/\/www.suno.com.br\/noticias\/?s={search_term_string}\"},\"query-input\":{\"@type\":\"PropertyValueSpecification\",\"valueRequired\":true,\"valueName\":\"search_term_string\"}}],\"inLanguage\":\"pt-BR\"},{\"@type\":\"Organization\",\"@id\":\"https:\/\/www.suno.com.br\/noticias\/#organization\",\"name\":\"Suno Not\u00edcias\",\"url\":\"https:\/\/www.suno.com.br\/noticias\/\",\"logo\":{\"@type\":\"ImageObject\",\"inLanguage\":\"pt-BR\",\"@id\":\"https:\/\/www.suno.com.br\/noticias\/#\/schema\/logo\/image\/\",\"url\":\"https:\/\/files.sunoresearch.com.br\/n\/uploads\/2021\/09\/suno-logo.png\",\"contentUrl\":\"https:\/\/files.sunoresearch.com.br\/n\/uploads\/2021\/09\/suno-logo.png\",\"width\":180,\"height\":180,\"caption\":\"Suno Not\u00edcias\"},\"image\":{\"@id\":\"https:\/\/www.suno.com.br\/noticias\/#\/schema\/logo\/image\/\"},\"sameAs\":[\"https:\/\/facebook.com\/sunoresearch\",\"https:\/\/x.com\/sunoresearch\",\"https:\/\/www.instagram.com\/suno\",\"https:\/\/www.linkedin.com\/company\/suno-research\/\",\"https:\/\/www.youtube.com\/c\/sunoresearch\"]},{\"@type\":\"Person\",\"@id\":\"https:\/\/www.suno.com.br\/noticias\/#\/schema\/person\/fc144a1c6108bd1dcd43784e88a3c138\",\"name\":\"Renan Bandeira\",\"image\":{\"@type\":\"ImageObject\",\"inLanguage\":\"pt-BR\",\"@id\":\"https:\/\/www.suno.com.br\/noticias\/#\/schema\/person\/image\/\",\"url\":\"https:\/\/secure.gravatar.com\/avatar\/68359cdb608f14f11bbefcb78f3fc747?s=96&r=g\",\"contentUrl\":\"https:\/\/secure.gravatar.com\/avatar\/68359cdb608f14f11bbefcb78f3fc747?s=96&r=g\",\"caption\":\"Renan Bandeira\"},\"description\":\"Renan Bandeira escreve sobre pol\u00edtica e economia para o portal da Suno Research. Antes da Suno, trabalhou em uma rede de televis\u00e3o, onde fazia reportagens sobre os mesmos temas. Estuda na Universidade Metodista de S\u00e3o Paulo.\",\"url\":\"https:\/\/www.suno.com.br\/noticias\/author\/renan-bandeira\/\"}]}<\/script>\n<!-- \/ Yoast SEO plugin. -->","yoast_head_json":{"title":"Aumento de sal\u00e1rios n\u00e3o vai aumentar infla\u00e7\u00e3o, diz Jerome Powell","description":"Jerome Powell afirmou que a infla\u00e7\u00e3o seguir\u00e1 abaixo dos 2%; Investidores acreditam que o Fed pode diminuir o percentual. Clique e saiba mais.","robots":{"index":"index","follow":"follow","max-snippet":"max-snippet:-1","max-image-preview":"max-image-preview:large","max-video-preview":"max-video-preview:-1"},"canonical":"https:\/\/www.suno.com.br\/noticias\/salarios-inflacao-jerome-powell\/","og_locale":"pt_BR","og_type":"article","og_title":"Aumento de sal\u00e1rios n\u00e3o vai aumentar infla\u00e7\u00e3o, diz Jerome Powell","og_description":"Jerome Powell afirmou que a infla\u00e7\u00e3o seguir\u00e1 abaixo dos 2%; Investidores acreditam que o Fed pode diminuir o percentual. Clique e saiba mais.","og_url":"https:\/\/www.suno.com.br\/noticias\/salarios-inflacao-jerome-powell\/","og_site_name":"Suno Not\u00edcias","article_publisher":"https:\/\/facebook.com\/sunoresearch","og_image":[{"width":768,"height":512,"url":"https:\/\/files.sunoresearch.com.br\/n\/uploads\/2019\/03\/8a09e76f-jerome-powell.jpg","type":"image\/jpeg"}],"author":"Renan Bandeira","twitter_card":"summary_large_image","twitter_creator":"@sunoresearch","twitter_site":"@sunoresearch","twitter_misc":{"Escrito por":"Renan Bandeira","Est. tempo de leitura":"2 minutos"},"schema":{"@context":"https:\/\/schema.org","@graph":[{"@type":"NewsArticle","@id":"https:\/\/www.suno.com.br\/noticias\/salarios-inflacao-jerome-powell\/#article","isPartOf":{"@id":"https:\/\/www.suno.com.br\/noticias\/salarios-inflacao-jerome-powell\/"},"author":{"name":"Renan Bandeira","@id":"https:\/\/www.suno.com.br\/noticias\/#\/schema\/person\/fc144a1c6108bd1dcd43784e88a3c138"},"headline":"Aumento de sal\u00e1rios n\u00e3o vai aumentar infla\u00e7\u00e3o, diz Jerome Powell","datePublished":"2019-03-01T18:06:52+00:00","mainEntityOfPage":{"@id":"https:\/\/www.suno.com.br\/noticias\/salarios-inflacao-jerome-powell\/"},"wordCount":351,"publisher":{"@id":"https:\/\/www.suno.com.br\/noticias\/#organization"},"image":{"@id":"https:\/\/www.suno.com.br\/noticias\/salarios-inflacao-jerome-powell\/#primaryimage"},"thumbnailUrl":"https:\/\/files.sunoresearch.com.br\/n\/uploads\/2019\/03\/8a09e76f-jerome-powell-jpg.webp","keywords":["Federal Reserve (FED)"],"articleSection":["Internacional"],"inLanguage":"pt-BR"},{"@type":"WebPage","@id":"https:\/\/www.suno.com.br\/noticias\/salarios-inflacao-jerome-powell\/","url":"https:\/\/www.suno.com.br\/noticias\/salarios-inflacao-jerome-powell\/","name":"Aumento de sal\u00e1rios n\u00e3o vai aumentar infla\u00e7\u00e3o, diz Jerome Powell","isPartOf":{"@id":"https:\/\/www.suno.com.br\/noticias\/#website"},"primaryImageOfPage":{"@id":"https:\/\/www.suno.com.br\/noticias\/salarios-inflacao-jerome-powell\/#primaryimage"},"image":{"@id":"https:\/\/www.suno.com.br\/noticias\/salarios-inflacao-jerome-powell\/#primaryimage"},"thumbnailUrl":"https:\/\/files.sunoresearch.com.br\/n\/uploads\/2019\/03\/8a09e76f-jerome-powell-jpg.webp","datePublished":"2019-03-01T18:06:52+00:00","description":"Jerome Powell afirmou que a infla\u00e7\u00e3o seguir\u00e1 abaixo dos 2%; Investidores acreditam que o Fed pode diminuir o percentual. Clique e saiba mais.","breadcrumb":{"@id":"https:\/\/www.suno.com.br\/noticias\/salarios-inflacao-jerome-powell\/#breadcrumb"},"inLanguage":"pt-BR","potentialAction":[{"@type":"ReadAction","target":["https:\/\/www.suno.com.br\/noticias\/salarios-inflacao-jerome-powell\/"]}]},{"@type":"ImageObject","inLanguage":"pt-BR","@id":"https:\/\/www.suno.com.br\/noticias\/salarios-inflacao-jerome-powell\/#primaryimage","url":"https:\/\/files.sunoresearch.com.br\/n\/uploads\/2019\/03\/8a09e76f-jerome-powell-jpg.webp","contentUrl":"https:\/\/files.sunoresearch.com.br\/n\/uploads\/2019\/03\/8a09e76f-jerome-powell-jpg.webp","width":768,"height":512,"caption":"Jerome Powell"},{"@type":"BreadcrumbList","@id":"https:\/\/www.suno.com.br\/noticias\/salarios-inflacao-jerome-powell\/#breadcrumb","itemListElement":[{"@type":"ListItem","position":1,"name":"Not\u00edcias","item":"https:\/\/www.suno.com.br\/noticias\/"},{"@type":"ListItem","position":2,"name":"Internacional","item":"https:\/\/www.suno.com.br\/noticias\/internacional\/"},{"@type":"ListItem","position":3,"name":"Aumento de sal\u00e1rios n\u00e3o vai aumentar infla\u00e7\u00e3o, diz Jerome Powell"}]},{"@type":"WebSite","@id":"https:\/\/www.suno.com.br\/noticias\/#website","url":"https:\/\/www.suno.com.br\/noticias\/","name":"Suno Not\u00edcias","description":"Seu portal de informa\u00e7\u00e3o sobre o mundo dos investimentos","publisher":{"@id":"https:\/\/www.suno.com.br\/noticias\/#organization"},"potentialAction":[{"@type":"SearchAction","target":{"@type":"EntryPoint","urlTemplate":"https:\/\/www.suno.com.br\/noticias\/?s={search_term_string}"},"query-input":{"@type":"PropertyValueSpecification","valueRequired":true,"valueName":"search_term_string"}}],"inLanguage":"pt-BR"},{"@type":"Organization","@id":"https:\/\/www.suno.com.br\/noticias\/#organization","name":"Suno Not\u00edcias","url":"https:\/\/www.suno.com.br\/noticias\/","logo":{"@type":"ImageObject","inLanguage":"pt-BR","@id":"https:\/\/www.suno.com.br\/noticias\/#\/schema\/logo\/image\/","url":"https:\/\/files.sunoresearch.com.br\/n\/uploads\/2021\/09\/suno-logo.png","contentUrl":"https:\/\/files.sunoresearch.com.br\/n\/uploads\/2021\/09\/suno-logo.png","width":180,"height":180,"caption":"Suno Not\u00edcias"},"image":{"@id":"https:\/\/www.suno.com.br\/noticias\/#\/schema\/logo\/image\/"},"sameAs":["https:\/\/facebook.com\/sunoresearch","https:\/\/x.com\/sunoresearch","https:\/\/www.instagram.com\/suno","https:\/\/www.linkedin.com\/company\/suno-research\/","https:\/\/www.youtube.com\/c\/sunoresearch"]},{"@type":"Person","@id":"https:\/\/www.suno.com.br\/noticias\/#\/schema\/person\/fc144a1c6108bd1dcd43784e88a3c138","name":"Renan Bandeira","image":{"@type":"ImageObject","inLanguage":"pt-BR","@id":"https:\/\/www.suno.com.br\/noticias\/#\/schema\/person\/image\/","url":"https:\/\/secure.gravatar.com\/avatar\/68359cdb608f14f11bbefcb78f3fc747?s=96&r=g","contentUrl":"https:\/\/secure.gravatar.com\/avatar\/68359cdb608f14f11bbefcb78f3fc747?s=96&r=g","caption":"Renan Bandeira"},"description":"Renan Bandeira escreve sobre pol\u00edtica e economia para o portal da Suno Research. Antes da Suno, trabalhou em uma rede de televis\u00e3o, onde fazia reportagens sobre os mesmos temas. Estuda na Universidade Metodista de S\u00e3o Paulo.","url":"https:\/\/www.suno.com.br\/noticias\/author\/renan-bandeira\/"}]}},"default_loop_html":"<div class=\"cardsPage__listCard__boxs\"><div class=\"cardsPage__listCard__boxs__img\"><a href=\"https:\/\/www.suno.com.br\/noticias\/salarios-inflacao-jerome-powell\/\"><img class=\"mask\" src=\"https:\/\/www.suno.com.br\/noticias\/wp-content\/themes\/suno\/resources\/images\/spotlight\/spotlight1img\/bg-mask.png\" alt=\"Image Mask\"\/><img src=\"https:\/\/files.sunoresearch.com.br\/n\/uploads\/2019\/03\/8a09e76f-jerome-powell-400x200.webp\" alt=\"Aumento de sal\u00e1rios n\u00e3o vai aumentar infla\u00e7\u00e3o, diz Jerome Powell\"\/><\/a><span class=\"spotlightCategory\"><a href=\"https:\/\/www.suno.com.br\/noticias\/internacional\/\">Internacional<\/a><\/span><\/div><div class=\"cardsPage__listCard__boxs__content\"><a href=\"https:\/\/www.suno.com.br\/noticias\/salarios-inflacao-jerome-powell\/\"><h2 class=\"content__title\">Aumento de sal\u00e1rios n\u00e3o vai aumentar infla\u00e7\u00e3o, diz Jerome Powell<\/h2><\/a><div class=\"newsContent__article__meta\"><div class=\"newsContent__article__meta__authorBox\"><a href=\"https:\/\/www.suno.com.br\/noticias\/author\/renan-bandeira\/\" class=\"authorBox__avatar noMobi\"><img src=\"https:\/\/secure.gravatar.com\/avatar\/68359cdb608f14f11bbefcb78f3fc747?s=96&#038;r=g\" alt=\"Renan Bandeira\"><\/a><div class=\"authorBox__name\"><span>por\n\t\t\t<a href=\"https:\/\/www.suno.com.br\/noticias\/author\/renan-bandeira\/\"><span itemprop=\"author\">Renan Bandeira<\/span><\/a><\/span><time datetime=\"2019-03-01T15:06:52-03:00\" itemprop=\"datePublished\">01\/03\/2019 15:06<\/time><\/div><\/div><\/div><\/div><\/div>","single_layout":"posts","amp_enabled":true,"_links":{"self":[{"href":"https:\/\/www.suno.com.br\/noticias\/wp-json\/wp\/v2\/posts\/17051"}],"collection":[{"href":"https:\/\/www.suno.com.br\/noticias\/wp-json\/wp\/v2\/posts"}],"about":[{"href":"https:\/\/www.suno.com.br\/noticias\/wp-json\/wp\/v2\/types\/post"}],"author":[{"embeddable":true,"href":"https:\/\/www.suno.com.br\/noticias\/wp-json\/wp\/v2\/users\/11"}],"replies":[{"embeddable":true,"href":"https:\/\/www.suno.com.br\/noticias\/wp-json\/wp\/v2\/comments?post=17051"}],"version-history":[{"count":0,"href":"https:\/\/www.suno.com.br\/noticias\/wp-json\/wp\/v2\/posts\/17051\/revisions"}],"wp:featuredmedia":[{"embeddable":true,"href":"https:\/\/www.suno.com.br\/noticias\/wp-json\/wp\/v2\/media\/17052"}],"wp:attachment":[{"href":"https:\/\/www.suno.com.br\/noticias\/wp-json\/wp\/v2\/media?parent=17051"}],"wp:term":[{"taxonomy":"category","embeddable":true,"href":"https:\/\/www.suno.com.br\/noticias\/wp-json\/wp\/v2\/categories?post=17051"},{"taxonomy":"post_tag","embeddable":true,"href":"https:\/\/www.suno.com.br\/noticias\/wp-json\/wp\/v2\/tags?post=17051"},{"taxonomy":"suno_strategy","embeddable":true,"href":"https:\/\/www.suno.com.br\/noticias\/wp-json\/wp\/v2\/suno_strategy?post=17051"}],"curies":[{"name":"wp","href":"https:\/\/api.w.org\/{rel}","templated":true}]}}