{"id":17043,"date":"2019-03-01T14:29:56","date_gmt":"2019-03-01T17:29:56","guid":{"rendered":"https:\/\/www.suno.com.br\/noticias\/?p=17043"},"modified":"2019-03-01T14:29:56","modified_gmt":"2019-03-01T17:29:56","slug":"venda-veiculos-novos-alta","status":"publish","type":"post","link":"https:\/\/www.suno.com.br\/noticias\/venda-veiculos-novos-alta\/","title":{"rendered":"Venda de ve\u00edculos novos registrou uma alta de 26,6% em fevereiro"},"content":{"rendered":"<p>A venda de ve\u00edculos novos registrou um crescimento de 26,6% em fevereiro de 2019, quando comparado ao mesmo m\u00eas do ano anterior, segundo dados divulgados pela Federa\u00e7\u00e3o Nacional da Distribui\u00e7\u00e3o de Ve\u00edculos Automotores (Fenabrave), nesta sexta-feira (1).<\/p>\t<div class=\"wrapper-featured-image\">\n\t\t<figure class=\"spotlightImg\">\n\n\t\t\t<picture>\n\t\t\t\t<source media=\"(max-width: 768px)\" srcset=\"https:\/\/files.sunoresearch.com.br\/n\/uploads\/2019\/03\/e3bda5d9-venda-de-ve\u00edculos-400x200.webp\">\n\t\t\t\t<img loading=\"lazy\" decoding=\"async\" class=\"newsContent__article__imgCapa lazyloadDisabled newsContent__article__imgCapa--noCaption\" src=\"https:\/\/files.sunoresearch.com.br\/n\/uploads\/2019\/03\/e3bda5d9-venda-de-ve\u00edculos.jpg\" width=\"800\" height=\"450\" alt=\"Venda de ve\u00edculos novos registrou uma alta de 26,6% em fevereiro\" fetchpriority=high \/>\n\t\t\t<\/picture>\n\n\t\t\t<figcaption class=\"wp-caption-text wp-caption-text--hide\">Mercado de ve\u00edculos tem aumento de 3,89%, aponta Fenabrave<\/figcaption>\n\t\t<\/figure>\n\t<\/div>\n\n\n<p>De acordo com a <strong>Fenabrave<\/strong>, a <strong>venda de ve\u00edculos<\/strong> novos totalizou 198.653 unidades. No entanto, s\u00e3o contabilizados: autom\u00f3veis, comerciais leves, caminh\u00f5es e \u00f4nibus, comercializados no \u00faltimo m\u00eas.<\/p>\n<p>Em fevereiro de 2018, foram vendidos 156.880 ve\u00edculos. No entanto, as vendas de fevereiro de 2019, quando comparadas a janeiro deste ano, apontam um queda de 0,57%.<\/p>\n<p>&#8220;Estamos atravessando mais uma etapa da recupera\u00e7\u00e3o do Setor, visualizando a continuidade da queda na inadimpl\u00eancia, um crescimento, ainda que modesto, na gera\u00e7\u00e3o de empregos, o controle da infla\u00e7\u00e3o e das taxas de juros, a confian\u00e7a do consumidor e do empres\u00e1rio em alta e, ainda, o aumento na oferta de cr\u00e9dito&#8221;, disse Alarico Assump\u00e7\u00e3o J\u00fanior, presidente da entidade.<\/p>\n<p><a href=\"https:\/\/www.suno.com.br\/noticias\/vendas-veiculos-crescem-janeiro-fenabrave\/\">Saiba mais:\u00a0Vendas de ve\u00edculos crescem 10,4% em janeiro, diz a Fenabrave<\/a><\/p>\n<p><a href=\"https:\/\/www.suno.com.br\/noticias\/venda-de-veiculos-novos-cresce-146-em-2018\/\">Saiba mais:\u00a0Venda de ve\u00edculos novos cresce 14,6% em 2018<\/a><\/p>\n<h2>Ve\u00edculos novos em janeiro<\/h2>\n<p>De acordo com a Fenabrave, as vendas de ve\u00edculos novos mantiveram ritmo de crescimento em janeiro. No entanto, 199,7 mil ve\u00edculos foram licenciados em todo o Brasil.<\/p>\n<p>Dessa forma, as <strong>vendas de ve\u00edculos<\/strong> cresceram 10,24% quando comparado ao mesmo m\u00eas do ano passado.<\/p>\n<p>Para o c\u00e1lculo, s\u00e3o somadas as vendas de <strong>carros<\/strong>, comerciais leves, <strong>caminh\u00f5es<\/strong> e <strong>\u00f4nibus<\/strong>. Entretanto, as vendas em janeiro deste ano, comparada com janeiro de 2017, tiveram os seguintes dados:<\/p>\n<ul>\n<li>Carros e comerciais leves: alta de 8,67% (190,7 mil unidades vendidas);<\/li>\n<li>Caminh\u00f5es: alta de 50,9% (6,9 mil unidades vendidas);<\/li>\n<li>\u00d4nibus: alta de 89,5% (2,1 mil unidades vendidas);<\/li>\n<\/ul>\n<h2>N\u00fameros do primeiro bimestre<\/h2>\n<p>Durante o primeiro bimestre deste ano, foram comercializados 398.441 ve\u00edculos no Brasil, um crescimento de 17,8% quando comparado ao mesmo per\u00edodo de 2018, onde haviam sido vendidos 338.125 unidades.<\/p>\n<h2>Previs\u00f5es para este ano<\/h2>\n<p>Para 2019,\u00a0a <strong>Fenabrave<\/strong> prefere manter suas expectativas moderadas. Entretanto, a federa\u00e7\u00e3o aponta para um poss\u00edvel crescimento em torno de 10,1% em rela\u00e7\u00e3o a 2018.<\/p>\n<p>Al\u00e9m disso, a entidade acredita que os segmentos de autom\u00f3veis e comerciais leves subir\u00e3o 11%. Enquanto os caminh\u00f5es crescer\u00e3o 15,4% e os \u00f4nibus 17,9%.<\/p>\n<p>De acordo com\u00a0Alarico Assump\u00e7\u00e3o J\u00fanior, presidente da <strong>Fenabrave<\/strong>, o futuro do <strong>mercado automotivo<\/strong> e as <strong>vendas de ve\u00edculos<\/strong> em 2019 depender\u00e3o \u201cdos rumos a serem dados pelo novo governo de <strong>Jair Bolsonaro<\/strong>, como a aprova\u00e7\u00e3o das reformas necess\u00e1rias\u201d.<\/p>\n","protected":false},"excerpt":{"rendered":"<p>A venda de ve\u00edculos novos registrou um crescimento de 26,6% em fevereiro de 2019, quando comparado ao mesmo m\u00eas do ano anterior, segundo dados divulgados pela Federa\u00e7\u00e3o Nacional da Distribui\u00e7\u00e3o de Ve\u00edculos Automotores (Fenabrave), nesta sexta-feira (1). Mercado de ve\u00edculos tem aumento de 3,89%, aponta Fenabrave De acordo com a Fenabrave, a venda de ve\u00edculos [&hellip;]<\/p>\n","protected":false},"author":11,"featured_media":17049,"comment_status":"closed","ping_status":"closed","sticky":false,"template":"","format":"standard","meta":[],"categories":[60],"tags":[918],"suno_strategy":[],"class_list":["post-17043","post","type-post","status-publish","format-standard","has-post-thumbnail","hentry","category-mercado","tag-fenabrave"],"yoast_head":"<!-- This site is optimized with the Yoast SEO plugin v24.4 - https:\/\/yoast.com\/wordpress\/plugins\/seo\/ -->\n<title>Venda de ve\u00edculos novos registrou uma alta de 26,6% em fevereiro<\/title>\n<meta name=\"description\" content=\"A Fenabrave estima um crescimento de 10,1% na venda de ve\u00edculos novos para 2019; Fevereiro comercializou 198.653 unidades. Clique e saiba mais.\" \/>\n<meta name=\"robots\" content=\"index, follow, max-snippet:-1, max-image-preview:large, max-video-preview:-1\" \/>\n<link rel=\"canonical\" href=\"https:\/\/www.suno.com.br\/noticias\/venda-veiculos-novos-alta\/\" \/>\n<meta property=\"og:locale\" content=\"pt_BR\" \/>\n<meta property=\"og:type\" content=\"article\" \/>\n<meta property=\"og:title\" content=\"Venda de ve\u00edculos novos registrou uma alta de 26,6% em fevereiro\" \/>\n<meta property=\"og:description\" content=\"A Fenabrave estima um crescimento de 10,1% na venda de ve\u00edculos novos para 2019; Fevereiro comercializou 198.653 unidades. Clique e saiba mais.\" \/>\n<meta property=\"og:url\" content=\"https:\/\/www.suno.com.br\/noticias\/venda-veiculos-novos-alta\/\" \/>\n<meta property=\"og:site_name\" content=\"Suno Not\u00edcias\" \/>\n<meta property=\"article:publisher\" content=\"https:\/\/facebook.com\/sunoresearch\" \/>\n<meta property=\"og:image\" content=\"https:\/\/files.sunoresearch.com.br\/n\/uploads\/2019\/03\/e3bda5d9-venda-de-ve\u00edculos.jpg\" \/>\n\t<meta property=\"og:image:width\" content=\"1100\" \/>\n\t<meta property=\"og:image:height\" content=\"370\" \/>\n\t<meta property=\"og:image:type\" content=\"image\/jpeg\" \/>\n<meta name=\"author\" content=\"Renan Bandeira\" \/>\n<meta name=\"twitter:card\" content=\"summary_large_image\" \/>\n<meta name=\"twitter:creator\" content=\"@sunoresearch\" \/>\n<meta name=\"twitter:site\" content=\"@sunoresearch\" \/>\n<meta name=\"twitter:label1\" content=\"Escrito por\" \/>\n\t<meta name=\"twitter:data1\" content=\"Renan Bandeira\" \/>\n\t<meta name=\"twitter:label2\" content=\"Est. tempo de leitura\" \/>\n\t<meta name=\"twitter:data2\" content=\"2 minutos\" \/>\n<script type=\"application\/ld+json\" class=\"yoast-schema-graph\">{\"@context\":\"https:\/\/schema.org\",\"@graph\":[{\"@type\":\"NewsArticle\",\"@id\":\"https:\/\/www.suno.com.br\/noticias\/venda-veiculos-novos-alta\/#article\",\"isPartOf\":{\"@id\":\"https:\/\/www.suno.com.br\/noticias\/venda-veiculos-novos-alta\/\"},\"author\":{\"name\":\"Renan Bandeira\",\"@id\":\"https:\/\/www.suno.com.br\/noticias\/#\/schema\/person\/fc144a1c6108bd1dcd43784e88a3c138\"},\"headline\":\"Venda de ve\u00edculos novos registrou uma alta de 26,6% em fevereiro\",\"datePublished\":\"2019-03-01T17:29:56+00:00\",\"mainEntityOfPage\":{\"@id\":\"https:\/\/www.suno.com.br\/noticias\/venda-veiculos-novos-alta\/\"},\"wordCount\":429,\"publisher\":{\"@id\":\"https:\/\/www.suno.com.br\/noticias\/#organization\"},\"image\":{\"@id\":\"https:\/\/www.suno.com.br\/noticias\/venda-veiculos-novos-alta\/#primaryimage\"},\"thumbnailUrl\":\"https:\/\/files.sunoresearch.com.br\/n\/uploads\/2019\/03\/e3bda5d9-venda-de-ve\u00edculos.jpg\",\"keywords\":[\"Fenabrave\"],\"articleSection\":[\"Mercado\"],\"inLanguage\":\"pt-BR\"},{\"@type\":\"WebPage\",\"@id\":\"https:\/\/www.suno.com.br\/noticias\/venda-veiculos-novos-alta\/\",\"url\":\"https:\/\/www.suno.com.br\/noticias\/venda-veiculos-novos-alta\/\",\"name\":\"Venda de ve\u00edculos novos registrou uma alta de 26,6% em fevereiro\",\"isPartOf\":{\"@id\":\"https:\/\/www.suno.com.br\/noticias\/#website\"},\"primaryImageOfPage\":{\"@id\":\"https:\/\/www.suno.com.br\/noticias\/venda-veiculos-novos-alta\/#primaryimage\"},\"image\":{\"@id\":\"https:\/\/www.suno.com.br\/noticias\/venda-veiculos-novos-alta\/#primaryimage\"},\"thumbnailUrl\":\"https:\/\/files.sunoresearch.com.br\/n\/uploads\/2019\/03\/e3bda5d9-venda-de-ve\u00edculos.jpg\",\"datePublished\":\"2019-03-01T17:29:56+00:00\",\"description\":\"A Fenabrave estima um crescimento de 10,1% na venda de ve\u00edculos novos para 2019; Fevereiro comercializou 198.653 unidades. Clique e saiba mais.\",\"breadcrumb\":{\"@id\":\"https:\/\/www.suno.com.br\/noticias\/venda-veiculos-novos-alta\/#breadcrumb\"},\"inLanguage\":\"pt-BR\",\"potentialAction\":[{\"@type\":\"ReadAction\",\"target\":[\"https:\/\/www.suno.com.br\/noticias\/venda-veiculos-novos-alta\/\"]}]},{\"@type\":\"ImageObject\",\"inLanguage\":\"pt-BR\",\"@id\":\"https:\/\/www.suno.com.br\/noticias\/venda-veiculos-novos-alta\/#primaryimage\",\"url\":\"https:\/\/files.sunoresearch.com.br\/n\/uploads\/2019\/03\/e3bda5d9-venda-de-ve\u00edculos.jpg\",\"contentUrl\":\"https:\/\/files.sunoresearch.com.br\/n\/uploads\/2019\/03\/e3bda5d9-venda-de-ve\u00edculos.jpg\",\"width\":1100,\"height\":370,\"caption\":\"Mercado de ve\u00edculos tem aumento de 3,89%, aponta Fenabrave\"},{\"@type\":\"BreadcrumbList\",\"@id\":\"https:\/\/www.suno.com.br\/noticias\/venda-veiculos-novos-alta\/#breadcrumb\",\"itemListElement\":[{\"@type\":\"ListItem\",\"position\":1,\"name\":\"Not\u00edcias\",\"item\":\"https:\/\/www.suno.com.br\/noticias\/\"},{\"@type\":\"ListItem\",\"position\":2,\"name\":\"Mercado\",\"item\":\"https:\/\/www.suno.com.br\/noticias\/mercado\/\"},{\"@type\":\"ListItem\",\"position\":3,\"name\":\"Venda de ve\u00edculos novos registrou uma alta de 26,6% em fevereiro\"}]},{\"@type\":\"WebSite\",\"@id\":\"https:\/\/www.suno.com.br\/noticias\/#website\",\"url\":\"https:\/\/www.suno.com.br\/noticias\/\",\"name\":\"Suno Not\u00edcias\",\"description\":\"Seu portal de informa\u00e7\u00e3o sobre o mundo dos investimentos\",\"publisher\":{\"@id\":\"https:\/\/www.suno.com.br\/noticias\/#organization\"},\"potentialAction\":[{\"@type\":\"SearchAction\",\"target\":{\"@type\":\"EntryPoint\",\"urlTemplate\":\"https:\/\/www.suno.com.br\/noticias\/?s={search_term_string}\"},\"query-input\":{\"@type\":\"PropertyValueSpecification\",\"valueRequired\":true,\"valueName\":\"search_term_string\"}}],\"inLanguage\":\"pt-BR\"},{\"@type\":\"Organization\",\"@id\":\"https:\/\/www.suno.com.br\/noticias\/#organization\",\"name\":\"Suno Not\u00edcias\",\"url\":\"https:\/\/www.suno.com.br\/noticias\/\",\"logo\":{\"@type\":\"ImageObject\",\"inLanguage\":\"pt-BR\",\"@id\":\"https:\/\/www.suno.com.br\/noticias\/#\/schema\/logo\/image\/\",\"url\":\"https:\/\/files.sunoresearch.com.br\/n\/uploads\/2021\/09\/suno-logo.png\",\"contentUrl\":\"https:\/\/files.sunoresearch.com.br\/n\/uploads\/2021\/09\/suno-logo.png\",\"width\":180,\"height\":180,\"caption\":\"Suno Not\u00edcias\"},\"image\":{\"@id\":\"https:\/\/www.suno.com.br\/noticias\/#\/schema\/logo\/image\/\"},\"sameAs\":[\"https:\/\/facebook.com\/sunoresearch\",\"https:\/\/x.com\/sunoresearch\",\"https:\/\/www.instagram.com\/suno\",\"https:\/\/www.linkedin.com\/company\/suno-research\/\",\"https:\/\/www.youtube.com\/c\/sunoresearch\"]},{\"@type\":\"Person\",\"@id\":\"https:\/\/www.suno.com.br\/noticias\/#\/schema\/person\/fc144a1c6108bd1dcd43784e88a3c138\",\"name\":\"Renan Bandeira\",\"image\":{\"@type\":\"ImageObject\",\"inLanguage\":\"pt-BR\",\"@id\":\"https:\/\/www.suno.com.br\/noticias\/#\/schema\/person\/image\/\",\"url\":\"https:\/\/secure.gravatar.com\/avatar\/68359cdb608f14f11bbefcb78f3fc747?s=96&r=g\",\"contentUrl\":\"https:\/\/secure.gravatar.com\/avatar\/68359cdb608f14f11bbefcb78f3fc747?s=96&r=g\",\"caption\":\"Renan Bandeira\"},\"description\":\"Renan Bandeira escreve sobre pol\u00edtica e economia para o portal da Suno Research. Antes da Suno, trabalhou em uma rede de televis\u00e3o, onde fazia reportagens sobre os mesmos temas. Estuda na Universidade Metodista de S\u00e3o Paulo.\",\"url\":\"https:\/\/www.suno.com.br\/noticias\/author\/renan-bandeira\/\"}]}<\/script>\n<!-- \/ Yoast SEO plugin. -->","yoast_head_json":{"title":"Venda de ve\u00edculos novos registrou uma alta de 26,6% em fevereiro","description":"A Fenabrave estima um crescimento de 10,1% na venda de ve\u00edculos novos para 2019; Fevereiro comercializou 198.653 unidades. Clique e saiba mais.","robots":{"index":"index","follow":"follow","max-snippet":"max-snippet:-1","max-image-preview":"max-image-preview:large","max-video-preview":"max-video-preview:-1"},"canonical":"https:\/\/www.suno.com.br\/noticias\/venda-veiculos-novos-alta\/","og_locale":"pt_BR","og_type":"article","og_title":"Venda de ve\u00edculos novos registrou uma alta de 26,6% em fevereiro","og_description":"A Fenabrave estima um crescimento de 10,1% na venda de ve\u00edculos novos para 2019; Fevereiro comercializou 198.653 unidades. Clique e saiba mais.","og_url":"https:\/\/www.suno.com.br\/noticias\/venda-veiculos-novos-alta\/","og_site_name":"Suno Not\u00edcias","article_publisher":"https:\/\/facebook.com\/sunoresearch","og_image":[{"width":1100,"height":370,"url":"https:\/\/files.sunoresearch.com.br\/n\/uploads\/2019\/03\/e3bda5d9-venda-de-ve\u00edculos.jpg","type":"image\/jpeg"}],"author":"Renan Bandeira","twitter_card":"summary_large_image","twitter_creator":"@sunoresearch","twitter_site":"@sunoresearch","twitter_misc":{"Escrito por":"Renan Bandeira","Est. tempo de leitura":"2 minutos"},"schema":{"@context":"https:\/\/schema.org","@graph":[{"@type":"NewsArticle","@id":"https:\/\/www.suno.com.br\/noticias\/venda-veiculos-novos-alta\/#article","isPartOf":{"@id":"https:\/\/www.suno.com.br\/noticias\/venda-veiculos-novos-alta\/"},"author":{"name":"Renan Bandeira","@id":"https:\/\/www.suno.com.br\/noticias\/#\/schema\/person\/fc144a1c6108bd1dcd43784e88a3c138"},"headline":"Venda de ve\u00edculos novos registrou uma alta de 26,6% em fevereiro","datePublished":"2019-03-01T17:29:56+00:00","mainEntityOfPage":{"@id":"https:\/\/www.suno.com.br\/noticias\/venda-veiculos-novos-alta\/"},"wordCount":429,"publisher":{"@id":"https:\/\/www.suno.com.br\/noticias\/#organization"},"image":{"@id":"https:\/\/www.suno.com.br\/noticias\/venda-veiculos-novos-alta\/#primaryimage"},"thumbnailUrl":"https:\/\/files.sunoresearch.com.br\/n\/uploads\/2019\/03\/e3bda5d9-venda-de-ve\u00edculos.jpg","keywords":["Fenabrave"],"articleSection":["Mercado"],"inLanguage":"pt-BR"},{"@type":"WebPage","@id":"https:\/\/www.suno.com.br\/noticias\/venda-veiculos-novos-alta\/","url":"https:\/\/www.suno.com.br\/noticias\/venda-veiculos-novos-alta\/","name":"Venda de ve\u00edculos novos registrou uma alta de 26,6% em fevereiro","isPartOf":{"@id":"https:\/\/www.suno.com.br\/noticias\/#website"},"primaryImageOfPage":{"@id":"https:\/\/www.suno.com.br\/noticias\/venda-veiculos-novos-alta\/#primaryimage"},"image":{"@id":"https:\/\/www.suno.com.br\/noticias\/venda-veiculos-novos-alta\/#primaryimage"},"thumbnailUrl":"https:\/\/files.sunoresearch.com.br\/n\/uploads\/2019\/03\/e3bda5d9-venda-de-ve\u00edculos.jpg","datePublished":"2019-03-01T17:29:56+00:00","description":"A Fenabrave estima um crescimento de 10,1% na venda de ve\u00edculos novos para 2019; Fevereiro comercializou 198.653 unidades. Clique e saiba mais.","breadcrumb":{"@id":"https:\/\/www.suno.com.br\/noticias\/venda-veiculos-novos-alta\/#breadcrumb"},"inLanguage":"pt-BR","potentialAction":[{"@type":"ReadAction","target":["https:\/\/www.suno.com.br\/noticias\/venda-veiculos-novos-alta\/"]}]},{"@type":"ImageObject","inLanguage":"pt-BR","@id":"https:\/\/www.suno.com.br\/noticias\/venda-veiculos-novos-alta\/#primaryimage","url":"https:\/\/files.sunoresearch.com.br\/n\/uploads\/2019\/03\/e3bda5d9-venda-de-ve\u00edculos.jpg","contentUrl":"https:\/\/files.sunoresearch.com.br\/n\/uploads\/2019\/03\/e3bda5d9-venda-de-ve\u00edculos.jpg","width":1100,"height":370,"caption":"Mercado de ve\u00edculos tem aumento de 3,89%, aponta Fenabrave"},{"@type":"BreadcrumbList","@id":"https:\/\/www.suno.com.br\/noticias\/venda-veiculos-novos-alta\/#breadcrumb","itemListElement":[{"@type":"ListItem","position":1,"name":"Not\u00edcias","item":"https:\/\/www.suno.com.br\/noticias\/"},{"@type":"ListItem","position":2,"name":"Mercado","item":"https:\/\/www.suno.com.br\/noticias\/mercado\/"},{"@type":"ListItem","position":3,"name":"Venda de ve\u00edculos novos registrou uma alta de 26,6% em fevereiro"}]},{"@type":"WebSite","@id":"https:\/\/www.suno.com.br\/noticias\/#website","url":"https:\/\/www.suno.com.br\/noticias\/","name":"Suno Not\u00edcias","description":"Seu portal de informa\u00e7\u00e3o sobre o mundo dos investimentos","publisher":{"@id":"https:\/\/www.suno.com.br\/noticias\/#organization"},"potentialAction":[{"@type":"SearchAction","target":{"@type":"EntryPoint","urlTemplate":"https:\/\/www.suno.com.br\/noticias\/?s={search_term_string}"},"query-input":{"@type":"PropertyValueSpecification","valueRequired":true,"valueName":"search_term_string"}}],"inLanguage":"pt-BR"},{"@type":"Organization","@id":"https:\/\/www.suno.com.br\/noticias\/#organization","name":"Suno Not\u00edcias","url":"https:\/\/www.suno.com.br\/noticias\/","logo":{"@type":"ImageObject","inLanguage":"pt-BR","@id":"https:\/\/www.suno.com.br\/noticias\/#\/schema\/logo\/image\/","url":"https:\/\/files.sunoresearch.com.br\/n\/uploads\/2021\/09\/suno-logo.png","contentUrl":"https:\/\/files.sunoresearch.com.br\/n\/uploads\/2021\/09\/suno-logo.png","width":180,"height":180,"caption":"Suno Not\u00edcias"},"image":{"@id":"https:\/\/www.suno.com.br\/noticias\/#\/schema\/logo\/image\/"},"sameAs":["https:\/\/facebook.com\/sunoresearch","https:\/\/x.com\/sunoresearch","https:\/\/www.instagram.com\/suno","https:\/\/www.linkedin.com\/company\/suno-research\/","https:\/\/www.youtube.com\/c\/sunoresearch"]},{"@type":"Person","@id":"https:\/\/www.suno.com.br\/noticias\/#\/schema\/person\/fc144a1c6108bd1dcd43784e88a3c138","name":"Renan Bandeira","image":{"@type":"ImageObject","inLanguage":"pt-BR","@id":"https:\/\/www.suno.com.br\/noticias\/#\/schema\/person\/image\/","url":"https:\/\/secure.gravatar.com\/avatar\/68359cdb608f14f11bbefcb78f3fc747?s=96&r=g","contentUrl":"https:\/\/secure.gravatar.com\/avatar\/68359cdb608f14f11bbefcb78f3fc747?s=96&r=g","caption":"Renan Bandeira"},"description":"Renan Bandeira escreve sobre pol\u00edtica e economia para o portal da Suno Research. Antes da Suno, trabalhou em uma rede de televis\u00e3o, onde fazia reportagens sobre os mesmos temas. Estuda na Universidade Metodista de S\u00e3o Paulo.","url":"https:\/\/www.suno.com.br\/noticias\/author\/renan-bandeira\/"}]}},"default_loop_html":"<div class=\"cardsPage__listCard__boxs\"><div class=\"cardsPage__listCard__boxs__img\"><a href=\"https:\/\/www.suno.com.br\/noticias\/venda-veiculos-novos-alta\/\"><img class=\"mask\" src=\"https:\/\/www.suno.com.br\/noticias\/wp-content\/themes\/suno\/resources\/images\/spotlight\/spotlight1img\/bg-mask.png\" alt=\"Image Mask\"\/><img src=\"https:\/\/files.sunoresearch.com.br\/n\/uploads\/2019\/03\/e3bda5d9-venda-de-ve\u00edculos-400x200.webp\" alt=\"Venda de ve\u00edculos novos registrou uma alta de 26,6% em fevereiro\"\/><\/a><span class=\"spotlightCategory\"><a href=\"https:\/\/www.suno.com.br\/noticias\/mercado\/\">Mercado<\/a><\/span><\/div><div class=\"cardsPage__listCard__boxs__content\"><a href=\"https:\/\/www.suno.com.br\/noticias\/venda-veiculos-novos-alta\/\"><h2 class=\"content__title\">Venda de ve\u00edculos novos registrou uma alta de 26,6% em fevereiro<\/h2><\/a><div class=\"newsContent__article__meta\"><div class=\"newsContent__article__meta__authorBox\"><a href=\"https:\/\/www.suno.com.br\/noticias\/author\/renan-bandeira\/\" class=\"authorBox__avatar noMobi\"><img src=\"https:\/\/secure.gravatar.com\/avatar\/68359cdb608f14f11bbefcb78f3fc747?s=96&#038;r=g\" alt=\"Renan Bandeira\"><\/a><div class=\"authorBox__name\"><span>por\n\t\t\t<a href=\"https:\/\/www.suno.com.br\/noticias\/author\/renan-bandeira\/\"><span itemprop=\"author\">Renan Bandeira<\/span><\/a><\/span><time datetime=\"2019-03-01T14:29:56-03:00\" itemprop=\"datePublished\">01\/03\/2019 14:29<\/time><\/div><\/div><\/div><\/div><\/div>","single_layout":"posts","amp_enabled":true,"_links":{"self":[{"href":"https:\/\/www.suno.com.br\/noticias\/wp-json\/wp\/v2\/posts\/17043"}],"collection":[{"href":"https:\/\/www.suno.com.br\/noticias\/wp-json\/wp\/v2\/posts"}],"about":[{"href":"https:\/\/www.suno.com.br\/noticias\/wp-json\/wp\/v2\/types\/post"}],"author":[{"embeddable":true,"href":"https:\/\/www.suno.com.br\/noticias\/wp-json\/wp\/v2\/users\/11"}],"replies":[{"embeddable":true,"href":"https:\/\/www.suno.com.br\/noticias\/wp-json\/wp\/v2\/comments?post=17043"}],"version-history":[{"count":0,"href":"https:\/\/www.suno.com.br\/noticias\/wp-json\/wp\/v2\/posts\/17043\/revisions"}],"wp:featuredmedia":[{"embeddable":true,"href":"https:\/\/www.suno.com.br\/noticias\/wp-json\/wp\/v2\/media\/17049"}],"wp:attachment":[{"href":"https:\/\/www.suno.com.br\/noticias\/wp-json\/wp\/v2\/media?parent=17043"}],"wp:term":[{"taxonomy":"category","embeddable":true,"href":"https:\/\/www.suno.com.br\/noticias\/wp-json\/wp\/v2\/categories?post=17043"},{"taxonomy":"post_tag","embeddable":true,"href":"https:\/\/www.suno.com.br\/noticias\/wp-json\/wp\/v2\/tags?post=17043"},{"taxonomy":"suno_strategy","embeddable":true,"href":"https:\/\/www.suno.com.br\/noticias\/wp-json\/wp\/v2\/suno_strategy?post=17043"}],"curies":[{"name":"wp","href":"https:\/\/api.w.org\/{rel}","templated":true}]}}