{"id":17035,"date":"2019-03-01T13:25:57","date_gmt":"2019-03-01T16:25:57","guid":{"rendered":"https:\/\/www.suno.com.br\/noticias\/?p=17035"},"modified":"2019-03-01T13:25:57","modified_gmt":"2019-03-01T16:25:57","slug":"ans-suspende-venda-46-planos-saude","status":"publish","type":"post","link":"https:\/\/www.suno.com.br\/noticias\/ans-suspende-venda-46-planos-saude\/","title":{"rendered":"ANS suspende venda de 46 planos de sa\u00fade de 13 operadoras no Pa\u00eds"},"content":{"rendered":"<p>A Ag\u00eancia Nacional de Sa\u00fade (ANS) suspendeu temporariamente a venda de 46 planos de sa\u00fade. Juntos, eles atendem aproximadamente 570 mil benefici\u00e1rios. A medida foi anunciada nesta sexta (1\u00ba).<\/p>\t<div class=\"wrapper-featured-image\">\n\t\t<figure class=\"spotlightImg\">\n\n\t\t\t<picture>\n\t\t\t\t<source media=\"(max-width: 768px)\" srcset=\"https:\/\/files.sunoresearch.com.br\/n\/uploads\/2018\/11\/e04df0d8-plano-de-saude-400x200.webp\">\n\t\t\t\t<img loading=\"lazy\" decoding=\"async\" class=\"newsContent__article__imgCapa lazyloadDisabled newsContent__article__imgCapa--noCaption\" src=\"https:\/\/files.sunoresearch.com.br\/n\/uploads\/2018\/11\/e04df0d8-plano-de-saude-800x450.webp\" width=\"800\" height=\"450\" alt=\"ANS suspende venda de 46 planos de sa\u00fade de 13 operadoras no Pa\u00eds\" fetchpriority=high \/>\n\t\t\t<\/picture>\n\n\t\t\t<figcaption class=\"wp-caption-text wp-caption-text--hide\">sanar<\/figcaption>\n\t\t<\/figure>\n\t<\/div>\n\n\n<p>A partir do dia 11 de mar\u00e7o, esses <strong>planos<\/strong> n\u00e3o poder\u00e3o ser <strong>vendidos<\/strong> ou receber <strong>novos clientes.<\/strong> A <strong>suspens\u00e3o<\/strong> da <strong>comercializa\u00e7\u00e3o<\/strong> dos <strong>planos<\/strong> pela <strong>ANS<\/strong> \u00e9 uma <strong>medida preventiva<\/strong> e faz parte do <strong>Programa de Monitoramento da Garantia de Atendimento<\/strong>. O objetivo \u00e9 melhorar o acesso do cidad\u00e3o aos servi\u00e7os contratados.<\/p>\n<p><a href=\"https:\/\/www.suno.com.br\/noticias\/imposto-renda-regra-dependentes\/\">Saiba mais: Imposto de Renda tem nova regra para dependentes<\/a><\/p>\n<p>As <strong>operadoras<\/strong> que tiveram seus <strong>planos suspensos<\/strong> pela <strong>ag\u00eancia<\/strong> s\u00e3o:<\/p>\n<ul>\n<li>Salutar Sa\u00fade Seguradora S\/A: 9 planos<\/li>\n<li>Unimed Norte\/Nordeste-Federa\u00e7\u00e3o Interfederativa das Sociedades Cooperativas de Trabalho M\u00e9dico: 4 planos<\/li>\n<li>Caixa de Previd\u00eancia e Assist\u00eancia dos Servidores da Funda\u00e7\u00e3o Nacional de Sa\u00fade &#8211; Capesesp: 1 plano<\/li>\n<li>AMI &#8211; Assist\u00eancia M\u00e9dica Infantil Ltda: 5 planos<\/li>\n<li>Unimed Natal Soc. Coop. de Trab. M\u00e9dico: 2 planos<\/li>\n<li>Unimed Vale do A\u00e7o Cooperativa de Trabalho M\u00e9dico: 2 planos<\/li>\n<li>Unimed-Rio Cooperativa de Trabalho M\u00e9dico do Rio de Janeiro: 11 planos<\/li>\n<li>Ameplan Assist\u00eancia M\u00e9dica Planejada Ltda: 5 planos<\/li>\n<li>Ameno Assist\u00eancia M\u00e9dica Ltda: 2 planos<\/li>\n<li>Postal Sa\u00fade Caixa de Assist\u00eancia e Sa\u00fade dos Empregados dos Correios: 1 plano<\/li>\n<li>Coopus Planos de Sa\u00fade Ltda: 1 plano<\/li>\n<li>Hospital Bom Samaritano S\/S Ltda: 2 planos<\/li>\n<li>Halsa Opeadora de Medicina de Grupo Ltda: 1 plano<\/li>\n<\/ul>\n<p><a href=\"https:\/\/www.suno.com.br\/noticias\/febraban-alerta-fraudes-cartoes-carnaval\/\">Saiba mais: Febraban alerta foli\u00f5es sobre fraudes envolvendo cart\u00f5es no carnaval<\/a><\/p>\n<p>Os <strong>crit\u00e9rios<\/strong> de <strong>suspens\u00e3o<\/strong> foram baseados em <strong>reclama\u00e7\u00f5es<\/strong> e <strong>queixas<\/strong> recebidas entre 1\u00ba de outubro e 31 de dezembro de 2018. No total, o \u00f3rg\u00e3o recebeu 19.186 <strong>reclama\u00e7\u00f5es,<\/strong> das quais 15.821 foram consideradas para a an\u00e1lise do programa &#8211; excluindo as duplicidades. As <strong>queixas<\/strong> envolviam <strong>coberturas dos planos<\/strong>, <strong>prazos m\u00e1ximos de atendimento<\/strong>, <strong>redes de profissionais<\/strong>, entre outros. Os <strong>planos<\/strong> que entrar\u00e3o na <strong>proibi\u00e7\u00e3o<\/strong> da <strong>ANS<\/strong> s\u00f3 poder\u00e3o voltar a ser comercializados quando eles apresentarem melhorias.<\/p>\n<p>Na divulga\u00e7\u00e3o dos 49 <strong>planos suspensos,<\/strong> a <strong>ag\u00eancia<\/strong> tamb\u00e9m liberou a <strong>comercializa\u00e7\u00e3o<\/strong> de sete outros que haviam sido <strong>suspensos<\/strong> num ciclo anterior. Estes poder\u00e3o voltar a ser vendidos a partir de 11 de mar\u00e7o.<\/p>\n<p><a href=\"https:\/\/www.suno.com.br\/noticias\/brasileiros-investimentos-3-mi-cresce\/\">Saiba mais: Brasileiros com investimentos de mais de R$ 3 mi crescem 2,5% em 2018<\/a><\/p>\n<p>Os n\u00fameros da <strong>suspens\u00e3o<\/strong> da <strong>ANS:<\/strong><\/p>\n<ul>\n<li>46 planos com comercializa\u00e7\u00e3o suspensa<\/li>\n<li>13 operadoras com planos suspensos<\/li>\n<li>569.650 consumidores protegidos<\/li>\n<li>7 planos reativados<\/li>\n<li>2 operadoras com reativa\u00e7\u00e3o parcial de planos (7 produtos)<\/li>\n<\/ul>\n<p>Por fim, a <strong>ANS<\/strong> informa que os <strong>benefici\u00e1rios<\/strong> tamb\u00e9m podem <a href=\"http:\/\/www.ans.gov.br\/\">consultar informa\u00e7\u00f5es do monitoramento<\/a> por <strong>operadora,<\/strong> conferindo o hist\u00f3rico das empresas e verificando, em cada ciclo, se ela teve <strong>planos suspensos<\/strong> ou <strong>reativados.<\/strong><\/p>\n","protected":false},"excerpt":{"rendered":"<p>A Ag\u00eancia Nacional de Sa\u00fade (ANS) suspendeu temporariamente a venda de 46 planos de sa\u00fade. Juntos, eles atendem aproximadamente 570 mil benefici\u00e1rios. A medida foi anunciada nesta sexta (1\u00ba). sanar A partir do dia 11 de mar\u00e7o, esses planos n\u00e3o poder\u00e3o ser vendidos ou receber novos clientes. A suspens\u00e3o da comercializa\u00e7\u00e3o dos planos pela ANS [&hellip;]<\/p>\n","protected":false},"author":13,"featured_media":6372,"comment_status":"closed","ping_status":"closed","sticky":false,"template":"","format":"standard","meta":[],"categories":[65],"tags":[1208],"suno_strategy":[],"class_list":["post-17035","post","type-post","status-publish","format-standard","has-post-thumbnail","hentry","category-financas-pessoais","tag-ans"],"yoast_head":"<!-- This site is optimized with the Yoast SEO plugin v24.4 - https:\/\/yoast.com\/wordpress\/plugins\/seo\/ -->\n<title>ANS suspende venda de 46 planos de sa\u00fade de 13 operadoras no Pa\u00eds<\/title>\n<meta name=\"description\" content=\"A Ag\u00eancia Nacional de Sa\u00fade suspendeu temporariamente a venda de 46 planos de sa\u00fade, que atendem cerca de 570 mil pessoas. Clique e saiba mais\" \/>\n<meta name=\"robots\" content=\"index, follow, max-snippet:-1, max-image-preview:large, max-video-preview:-1\" \/>\n<link rel=\"canonical\" href=\"https:\/\/www.suno.com.br\/noticias\/ans-suspende-venda-46-planos-saude\/\" \/>\n<meta property=\"og:locale\" content=\"pt_BR\" \/>\n<meta property=\"og:type\" content=\"article\" \/>\n<meta property=\"og:title\" content=\"ANS suspende venda de 46 planos de sa\u00fade de 13 operadoras no Pa\u00eds\" \/>\n<meta property=\"og:description\" content=\"A Ag\u00eancia Nacional de Sa\u00fade suspendeu temporariamente a venda de 46 planos de sa\u00fade, que atendem cerca de 570 mil pessoas. Clique e saiba mais\" \/>\n<meta property=\"og:url\" content=\"https:\/\/www.suno.com.br\/noticias\/ans-suspende-venda-46-planos-saude\/\" \/>\n<meta property=\"og:site_name\" content=\"Suno Not\u00edcias\" \/>\n<meta property=\"article:publisher\" content=\"https:\/\/facebook.com\/sunoresearch\" \/>\n<meta property=\"og:image\" content=\"https:\/\/files.sunoresearch.com.br\/n\/uploads\/2018\/11\/e04df0d8-plano-de-saude.jpg\" \/>\n\t<meta property=\"og:image:width\" content=\"1920\" \/>\n\t<meta property=\"og:image:height\" content=\"1204\" \/>\n\t<meta property=\"og:image:type\" content=\"image\/jpeg\" \/>\n<meta name=\"author\" content=\"Guilherme Caetano\" \/>\n<meta name=\"twitter:card\" content=\"summary_large_image\" \/>\n<meta name=\"twitter:creator\" content=\"@sunoresearch\" \/>\n<meta name=\"twitter:site\" content=\"@sunoresearch\" \/>\n<meta name=\"twitter:label1\" content=\"Escrito por\" \/>\n\t<meta name=\"twitter:data1\" content=\"Guilherme Caetano\" \/>\n\t<meta name=\"twitter:label2\" content=\"Est. tempo de leitura\" \/>\n\t<meta name=\"twitter:data2\" content=\"2 minutos\" \/>\n<script type=\"application\/ld+json\" class=\"yoast-schema-graph\">{\"@context\":\"https:\/\/schema.org\",\"@graph\":[{\"@type\":\"NewsArticle\",\"@id\":\"https:\/\/www.suno.com.br\/noticias\/ans-suspende-venda-46-planos-saude\/#article\",\"isPartOf\":{\"@id\":\"https:\/\/www.suno.com.br\/noticias\/ans-suspende-venda-46-planos-saude\/\"},\"author\":{\"name\":\"Guilherme Caetano\",\"@id\":\"https:\/\/www.suno.com.br\/noticias\/#\/schema\/person\/0d0c9687cd2f600c564f25980c140de9\"},\"headline\":\"ANS suspende venda de 46 planos de sa\u00fade de 13 operadoras no Pa\u00eds\",\"datePublished\":\"2019-03-01T16:25:57+00:00\",\"mainEntityOfPage\":{\"@id\":\"https:\/\/www.suno.com.br\/noticias\/ans-suspende-venda-46-planos-saude\/\"},\"wordCount\":460,\"publisher\":{\"@id\":\"https:\/\/www.suno.com.br\/noticias\/#organization\"},\"image\":{\"@id\":\"https:\/\/www.suno.com.br\/noticias\/ans-suspende-venda-46-planos-saude\/#primaryimage\"},\"thumbnailUrl\":\"https:\/\/files.sunoresearch.com.br\/n\/uploads\/2018\/11\/e04df0d8-plano-de-saude-jpg.webp\",\"keywords\":[\"ANS\"],\"articleSection\":[\"Finan\u00e7as Pessoais\"],\"inLanguage\":\"pt-BR\"},{\"@type\":\"WebPage\",\"@id\":\"https:\/\/www.suno.com.br\/noticias\/ans-suspende-venda-46-planos-saude\/\",\"url\":\"https:\/\/www.suno.com.br\/noticias\/ans-suspende-venda-46-planos-saude\/\",\"name\":\"ANS suspende venda de 46 planos de sa\u00fade de 13 operadoras no Pa\u00eds\",\"isPartOf\":{\"@id\":\"https:\/\/www.suno.com.br\/noticias\/#website\"},\"primaryImageOfPage\":{\"@id\":\"https:\/\/www.suno.com.br\/noticias\/ans-suspende-venda-46-planos-saude\/#primaryimage\"},\"image\":{\"@id\":\"https:\/\/www.suno.com.br\/noticias\/ans-suspende-venda-46-planos-saude\/#primaryimage\"},\"thumbnailUrl\":\"https:\/\/files.sunoresearch.com.br\/n\/uploads\/2018\/11\/e04df0d8-plano-de-saude-jpg.webp\",\"datePublished\":\"2019-03-01T16:25:57+00:00\",\"description\":\"A Ag\u00eancia Nacional de Sa\u00fade suspendeu temporariamente a venda de 46 planos de sa\u00fade, que atendem cerca de 570 mil pessoas. Clique e saiba mais\",\"breadcrumb\":{\"@id\":\"https:\/\/www.suno.com.br\/noticias\/ans-suspende-venda-46-planos-saude\/#breadcrumb\"},\"inLanguage\":\"pt-BR\",\"potentialAction\":[{\"@type\":\"ReadAction\",\"target\":[\"https:\/\/www.suno.com.br\/noticias\/ans-suspende-venda-46-planos-saude\/\"]}]},{\"@type\":\"ImageObject\",\"inLanguage\":\"pt-BR\",\"@id\":\"https:\/\/www.suno.com.br\/noticias\/ans-suspende-venda-46-planos-saude\/#primaryimage\",\"url\":\"https:\/\/files.sunoresearch.com.br\/n\/uploads\/2018\/11\/e04df0d8-plano-de-saude-jpg.webp\",\"contentUrl\":\"https:\/\/files.sunoresearch.com.br\/n\/uploads\/2018\/11\/e04df0d8-plano-de-saude-jpg.webp\",\"width\":1920,\"height\":1204,\"caption\":\"sanar\"},{\"@type\":\"BreadcrumbList\",\"@id\":\"https:\/\/www.suno.com.br\/noticias\/ans-suspende-venda-46-planos-saude\/#breadcrumb\",\"itemListElement\":[{\"@type\":\"ListItem\",\"position\":1,\"name\":\"Not\u00edcias\",\"item\":\"https:\/\/www.suno.com.br\/noticias\/\"},{\"@type\":\"ListItem\",\"position\":2,\"name\":\"Finan\u00e7as Pessoais\",\"item\":\"https:\/\/www.suno.com.br\/noticias\/financas-pessoais\/\"},{\"@type\":\"ListItem\",\"position\":3,\"name\":\"ANS suspende venda de 46 planos de sa\u00fade de 13 operadoras no Pa\u00eds\"}]},{\"@type\":\"WebSite\",\"@id\":\"https:\/\/www.suno.com.br\/noticias\/#website\",\"url\":\"https:\/\/www.suno.com.br\/noticias\/\",\"name\":\"Suno Not\u00edcias\",\"description\":\"Seu portal de informa\u00e7\u00e3o sobre o mundo dos investimentos\",\"publisher\":{\"@id\":\"https:\/\/www.suno.com.br\/noticias\/#organization\"},\"potentialAction\":[{\"@type\":\"SearchAction\",\"target\":{\"@type\":\"EntryPoint\",\"urlTemplate\":\"https:\/\/www.suno.com.br\/noticias\/?s={search_term_string}\"},\"query-input\":{\"@type\":\"PropertyValueSpecification\",\"valueRequired\":true,\"valueName\":\"search_term_string\"}}],\"inLanguage\":\"pt-BR\"},{\"@type\":\"Organization\",\"@id\":\"https:\/\/www.suno.com.br\/noticias\/#organization\",\"name\":\"Suno Not\u00edcias\",\"url\":\"https:\/\/www.suno.com.br\/noticias\/\",\"logo\":{\"@type\":\"ImageObject\",\"inLanguage\":\"pt-BR\",\"@id\":\"https:\/\/www.suno.com.br\/noticias\/#\/schema\/logo\/image\/\",\"url\":\"https:\/\/files.sunoresearch.com.br\/n\/uploads\/2021\/09\/suno-logo.png\",\"contentUrl\":\"https:\/\/files.sunoresearch.com.br\/n\/uploads\/2021\/09\/suno-logo.png\",\"width\":180,\"height\":180,\"caption\":\"Suno Not\u00edcias\"},\"image\":{\"@id\":\"https:\/\/www.suno.com.br\/noticias\/#\/schema\/logo\/image\/\"},\"sameAs\":[\"https:\/\/facebook.com\/sunoresearch\",\"https:\/\/x.com\/sunoresearch\",\"https:\/\/www.instagram.com\/suno\",\"https:\/\/www.linkedin.com\/company\/suno-research\/\",\"https:\/\/www.youtube.com\/c\/sunoresearch\"]},{\"@type\":\"Person\",\"@id\":\"https:\/\/www.suno.com.br\/noticias\/#\/schema\/person\/0d0c9687cd2f600c564f25980c140de9\",\"name\":\"Guilherme Caetano\",\"image\":{\"@type\":\"ImageObject\",\"inLanguage\":\"pt-BR\",\"@id\":\"https:\/\/www.suno.com.br\/noticias\/#\/schema\/person\/image\/\",\"url\":\"https:\/\/secure.gravatar.com\/avatar\/e48357351a01702a0d19307070e081bf?s=96&r=g\",\"contentUrl\":\"https:\/\/secure.gravatar.com\/avatar\/e48357351a01702a0d19307070e081bf?s=96&r=g\",\"caption\":\"Guilherme Caetano\"},\"description\":\"Formado em jornalismo pela Escola de Comunica\u00e7\u00f5es e Artes da USP, Guilherme Caetano escreve para o portal de not\u00edcias da Suno Research. Passou pelas reda\u00e7\u00f5es da Folha de S.Paulo e da revista \u00c9poca.\",\"url\":\"https:\/\/www.suno.com.br\/noticias\/author\/guilherme-caetano\/\"}]}<\/script>\n<!-- \/ Yoast SEO plugin. -->","yoast_head_json":{"title":"ANS suspende venda de 46 planos de sa\u00fade de 13 operadoras no Pa\u00eds","description":"A Ag\u00eancia Nacional de Sa\u00fade suspendeu temporariamente a venda de 46 planos de sa\u00fade, que atendem cerca de 570 mil pessoas. Clique e saiba mais","robots":{"index":"index","follow":"follow","max-snippet":"max-snippet:-1","max-image-preview":"max-image-preview:large","max-video-preview":"max-video-preview:-1"},"canonical":"https:\/\/www.suno.com.br\/noticias\/ans-suspende-venda-46-planos-saude\/","og_locale":"pt_BR","og_type":"article","og_title":"ANS suspende venda de 46 planos de sa\u00fade de 13 operadoras no Pa\u00eds","og_description":"A Ag\u00eancia Nacional de Sa\u00fade suspendeu temporariamente a venda de 46 planos de sa\u00fade, que atendem cerca de 570 mil pessoas. Clique e saiba mais","og_url":"https:\/\/www.suno.com.br\/noticias\/ans-suspende-venda-46-planos-saude\/","og_site_name":"Suno Not\u00edcias","article_publisher":"https:\/\/facebook.com\/sunoresearch","og_image":[{"width":1920,"height":1204,"url":"https:\/\/files.sunoresearch.com.br\/n\/uploads\/2018\/11\/e04df0d8-plano-de-saude.jpg","type":"image\/jpeg"}],"author":"Guilherme Caetano","twitter_card":"summary_large_image","twitter_creator":"@sunoresearch","twitter_site":"@sunoresearch","twitter_misc":{"Escrito por":"Guilherme Caetano","Est. tempo de leitura":"2 minutos"},"schema":{"@context":"https:\/\/schema.org","@graph":[{"@type":"NewsArticle","@id":"https:\/\/www.suno.com.br\/noticias\/ans-suspende-venda-46-planos-saude\/#article","isPartOf":{"@id":"https:\/\/www.suno.com.br\/noticias\/ans-suspende-venda-46-planos-saude\/"},"author":{"name":"Guilherme Caetano","@id":"https:\/\/www.suno.com.br\/noticias\/#\/schema\/person\/0d0c9687cd2f600c564f25980c140de9"},"headline":"ANS suspende venda de 46 planos de sa\u00fade de 13 operadoras no Pa\u00eds","datePublished":"2019-03-01T16:25:57+00:00","mainEntityOfPage":{"@id":"https:\/\/www.suno.com.br\/noticias\/ans-suspende-venda-46-planos-saude\/"},"wordCount":460,"publisher":{"@id":"https:\/\/www.suno.com.br\/noticias\/#organization"},"image":{"@id":"https:\/\/www.suno.com.br\/noticias\/ans-suspende-venda-46-planos-saude\/#primaryimage"},"thumbnailUrl":"https:\/\/files.sunoresearch.com.br\/n\/uploads\/2018\/11\/e04df0d8-plano-de-saude-jpg.webp","keywords":["ANS"],"articleSection":["Finan\u00e7as Pessoais"],"inLanguage":"pt-BR"},{"@type":"WebPage","@id":"https:\/\/www.suno.com.br\/noticias\/ans-suspende-venda-46-planos-saude\/","url":"https:\/\/www.suno.com.br\/noticias\/ans-suspende-venda-46-planos-saude\/","name":"ANS suspende venda de 46 planos de sa\u00fade de 13 operadoras no Pa\u00eds","isPartOf":{"@id":"https:\/\/www.suno.com.br\/noticias\/#website"},"primaryImageOfPage":{"@id":"https:\/\/www.suno.com.br\/noticias\/ans-suspende-venda-46-planos-saude\/#primaryimage"},"image":{"@id":"https:\/\/www.suno.com.br\/noticias\/ans-suspende-venda-46-planos-saude\/#primaryimage"},"thumbnailUrl":"https:\/\/files.sunoresearch.com.br\/n\/uploads\/2018\/11\/e04df0d8-plano-de-saude-jpg.webp","datePublished":"2019-03-01T16:25:57+00:00","description":"A Ag\u00eancia Nacional de Sa\u00fade suspendeu temporariamente a venda de 46 planos de sa\u00fade, que atendem cerca de 570 mil pessoas. Clique e saiba mais","breadcrumb":{"@id":"https:\/\/www.suno.com.br\/noticias\/ans-suspende-venda-46-planos-saude\/#breadcrumb"},"inLanguage":"pt-BR","potentialAction":[{"@type":"ReadAction","target":["https:\/\/www.suno.com.br\/noticias\/ans-suspende-venda-46-planos-saude\/"]}]},{"@type":"ImageObject","inLanguage":"pt-BR","@id":"https:\/\/www.suno.com.br\/noticias\/ans-suspende-venda-46-planos-saude\/#primaryimage","url":"https:\/\/files.sunoresearch.com.br\/n\/uploads\/2018\/11\/e04df0d8-plano-de-saude-jpg.webp","contentUrl":"https:\/\/files.sunoresearch.com.br\/n\/uploads\/2018\/11\/e04df0d8-plano-de-saude-jpg.webp","width":1920,"height":1204,"caption":"sanar"},{"@type":"BreadcrumbList","@id":"https:\/\/www.suno.com.br\/noticias\/ans-suspende-venda-46-planos-saude\/#breadcrumb","itemListElement":[{"@type":"ListItem","position":1,"name":"Not\u00edcias","item":"https:\/\/www.suno.com.br\/noticias\/"},{"@type":"ListItem","position":2,"name":"Finan\u00e7as Pessoais","item":"https:\/\/www.suno.com.br\/noticias\/financas-pessoais\/"},{"@type":"ListItem","position":3,"name":"ANS suspende venda de 46 planos de sa\u00fade de 13 operadoras no Pa\u00eds"}]},{"@type":"WebSite","@id":"https:\/\/www.suno.com.br\/noticias\/#website","url":"https:\/\/www.suno.com.br\/noticias\/","name":"Suno Not\u00edcias","description":"Seu portal de informa\u00e7\u00e3o sobre o mundo dos investimentos","publisher":{"@id":"https:\/\/www.suno.com.br\/noticias\/#organization"},"potentialAction":[{"@type":"SearchAction","target":{"@type":"EntryPoint","urlTemplate":"https:\/\/www.suno.com.br\/noticias\/?s={search_term_string}"},"query-input":{"@type":"PropertyValueSpecification","valueRequired":true,"valueName":"search_term_string"}}],"inLanguage":"pt-BR"},{"@type":"Organization","@id":"https:\/\/www.suno.com.br\/noticias\/#organization","name":"Suno Not\u00edcias","url":"https:\/\/www.suno.com.br\/noticias\/","logo":{"@type":"ImageObject","inLanguage":"pt-BR","@id":"https:\/\/www.suno.com.br\/noticias\/#\/schema\/logo\/image\/","url":"https:\/\/files.sunoresearch.com.br\/n\/uploads\/2021\/09\/suno-logo.png","contentUrl":"https:\/\/files.sunoresearch.com.br\/n\/uploads\/2021\/09\/suno-logo.png","width":180,"height":180,"caption":"Suno Not\u00edcias"},"image":{"@id":"https:\/\/www.suno.com.br\/noticias\/#\/schema\/logo\/image\/"},"sameAs":["https:\/\/facebook.com\/sunoresearch","https:\/\/x.com\/sunoresearch","https:\/\/www.instagram.com\/suno","https:\/\/www.linkedin.com\/company\/suno-research\/","https:\/\/www.youtube.com\/c\/sunoresearch"]},{"@type":"Person","@id":"https:\/\/www.suno.com.br\/noticias\/#\/schema\/person\/0d0c9687cd2f600c564f25980c140de9","name":"Guilherme Caetano","image":{"@type":"ImageObject","inLanguage":"pt-BR","@id":"https:\/\/www.suno.com.br\/noticias\/#\/schema\/person\/image\/","url":"https:\/\/secure.gravatar.com\/avatar\/e48357351a01702a0d19307070e081bf?s=96&r=g","contentUrl":"https:\/\/secure.gravatar.com\/avatar\/e48357351a01702a0d19307070e081bf?s=96&r=g","caption":"Guilherme Caetano"},"description":"Formado em jornalismo pela Escola de Comunica\u00e7\u00f5es e Artes da USP, Guilherme Caetano escreve para o portal de not\u00edcias da Suno Research. Passou pelas reda\u00e7\u00f5es da Folha de S.Paulo e da revista \u00c9poca.","url":"https:\/\/www.suno.com.br\/noticias\/author\/guilherme-caetano\/"}]}},"default_loop_html":"<div class=\"cardsPage__listCard__boxs\"><div class=\"cardsPage__listCard__boxs__img\"><a href=\"https:\/\/www.suno.com.br\/noticias\/ans-suspende-venda-46-planos-saude\/\"><img class=\"mask\" src=\"https:\/\/www.suno.com.br\/noticias\/wp-content\/themes\/suno\/resources\/images\/spotlight\/spotlight1img\/bg-mask.png\" alt=\"Image Mask\"\/><img src=\"https:\/\/files.sunoresearch.com.br\/n\/uploads\/2018\/11\/e04df0d8-plano-de-saude-400x200.webp\" alt=\"ANS suspende venda de 46 planos de sa\u00fade de 13 operadoras no Pa\u00eds\"\/><\/a><span class=\"spotlightCategory\"><a href=\"https:\/\/www.suno.com.br\/noticias\/financas-pessoais\/\">Finan\u00e7as Pessoais<\/a><\/span><\/div><div class=\"cardsPage__listCard__boxs__content\"><a href=\"https:\/\/www.suno.com.br\/noticias\/ans-suspende-venda-46-planos-saude\/\"><h2 class=\"content__title\">ANS suspende venda de 46 planos de sa\u00fade de 13 operadoras no Pa\u00eds<\/h2><\/a><div class=\"newsContent__article__meta\"><div class=\"newsContent__article__meta__authorBox\"><a href=\"https:\/\/www.suno.com.br\/noticias\/author\/guilherme-caetano\/\" class=\"authorBox__avatar noMobi\"><img src=\"https:\/\/secure.gravatar.com\/avatar\/e48357351a01702a0d19307070e081bf?s=96&#038;r=g\" alt=\"Guilherme Caetano\"><\/a><div class=\"authorBox__name\"><span>por\n\t\t\t<a href=\"https:\/\/www.suno.com.br\/noticias\/author\/guilherme-caetano\/\"><span itemprop=\"author\">Guilherme Caetano<\/span><\/a><\/span><time datetime=\"2019-03-01T13:25:57-03:00\" itemprop=\"datePublished\">01\/03\/2019 13:25<\/time><\/div><\/div><\/div><\/div><\/div>","single_layout":"posts","amp_enabled":true,"_links":{"self":[{"href":"https:\/\/www.suno.com.br\/noticias\/wp-json\/wp\/v2\/posts\/17035"}],"collection":[{"href":"https:\/\/www.suno.com.br\/noticias\/wp-json\/wp\/v2\/posts"}],"about":[{"href":"https:\/\/www.suno.com.br\/noticias\/wp-json\/wp\/v2\/types\/post"}],"author":[{"embeddable":true,"href":"https:\/\/www.suno.com.br\/noticias\/wp-json\/wp\/v2\/users\/13"}],"replies":[{"embeddable":true,"href":"https:\/\/www.suno.com.br\/noticias\/wp-json\/wp\/v2\/comments?post=17035"}],"version-history":[{"count":0,"href":"https:\/\/www.suno.com.br\/noticias\/wp-json\/wp\/v2\/posts\/17035\/revisions"}],"wp:featuredmedia":[{"embeddable":true,"href":"https:\/\/www.suno.com.br\/noticias\/wp-json\/wp\/v2\/media\/6372"}],"wp:attachment":[{"href":"https:\/\/www.suno.com.br\/noticias\/wp-json\/wp\/v2\/media?parent=17035"}],"wp:term":[{"taxonomy":"category","embeddable":true,"href":"https:\/\/www.suno.com.br\/noticias\/wp-json\/wp\/v2\/categories?post=17035"},{"taxonomy":"post_tag","embeddable":true,"href":"https:\/\/www.suno.com.br\/noticias\/wp-json\/wp\/v2\/tags?post=17035"},{"taxonomy":"suno_strategy","embeddable":true,"href":"https:\/\/www.suno.com.br\/noticias\/wp-json\/wp\/v2\/suno_strategy?post=17035"}],"curies":[{"name":"wp","href":"https:\/\/api.w.org\/{rel}","templated":true}]}}