{"id":170332,"date":"2021-07-28T22:12:25","date_gmt":"2021-07-29T01:12:25","guid":{"rendered":"https:\/\/www.suno.com.br\/noticias\/?p=170332"},"modified":"2021-07-28T22:12:25","modified_gmt":"2021-07-29T01:12:25","slug":"guedes-simples-nacional-taxacao-dividendos","status":"publish","type":"post","link":"https:\/\/www.suno.com.br\/noticias\/guedes-simples-nacional-taxacao-dividendos\/","title":{"rendered":"Guedes: empresas do Simples Nacional continuam livres de tributos sobre dividendos"},"content":{"rendered":"<p>O ministro da Economia <strong><a class=\"suno-keyword\" href=\"https:\/\/www.suno.com.br\/tudo-sobre\/paulo-guedes\/\" target=\"_blank\" rel=\"noopener noreferrer\" data-force=\"no\" data-priority=\"2\">Paulo Guedes<\/a><\/strong> afirmou, nesta quarta (28), que as empresas do <strong>Simples Nacional<\/strong> v\u00e3o continuar livres de tributos sobre dividendos. No fim da manh\u00e3, ele se reuniu com o deputado Celso Sabino (PSDB-BA), relator da segunda fase da reforma tribut\u00e1ria na C\u00e2mara dos Deputados.<\/p>\t<div class=\"wrapper-featured-image\">\n\t\t<figure class=\"spotlightImg\">\n\n\t\t\t<picture>\n\t\t\t\t<source media=\"(max-width: 768px)\" srcset=\"https:\/\/files.sunoresearch.com.br\/n\/uploads\/2021\/03\/7c7882d5-paulo-guedes-foto-najara-araujo-camara-dos-deputados-400x200.webp\">\n\t\t\t\t<img loading=\"lazy\" decoding=\"async\" class=\"newsContent__article__imgCapa lazyloadDisabled \" src=\"https:\/\/files.sunoresearch.com.br\/n\/uploads\/2021\/03\/7c7882d5-paulo-guedes-foto-najara-araujo-camara-dos-deputados-800x450.webp\" width=\"800\" height=\"450\" alt=\"Guedes: empresas do Simples Nacional continuam livres de tributos sobre dividendos\" fetchpriority=high \/>\n\t\t\t<\/picture>\n\n\t\t\t<figcaption class=\"wp-caption-text wp-caption-text--show\">Guedes tem se reunido com o MME e o Presidente da Petrobras recentemente, para discutir solu\u00e7\u00f5es para alta da gasolina - Foto: Najara Araujo, C\u00e2mara dos Deputados.<\/figcaption>\n\t\t<\/figure>\n\t<\/div>\n\n\n<p>Segundo ele, a proposta de <a href=\"https:\/\/www.suno.com.br\/noticias\/guedes-entrega-reforma-tributaria-ir-maior-taxacao-dvidendos\/\"><strong>reforma tribut\u00e1ria<\/strong><\/a> em tramita\u00e7\u00e3o no Congresso pretende fazer com que os super-ricos paguem mais impostos.<img decoding=\"async\" style=\"width: 1px; height: 1px;\" src=\"https:\/\/agenciabrasil.ebc.com.br\/ebc.png?id=1416638&amp;o=rss\" \/><img decoding=\"async\" style=\"width: 1px; height: 1px;\" src=\"https:\/\/agenciabrasil.ebc.com.br\/ebc.gif?id=1416638&amp;o=rss\" \/>Guedes confirmou a isen\u00e7\u00e3o para as empresas de menor porte do Simples Nacional em r\u00e1pida entrevista na portaria do Minist\u00e9rio da Economia.<\/p>\n\t<p>\n\t\t<a href=\"https:\/\/lp.suno.com.br\/planilha-controle-gastos\/\" target=\"_blank\" data-element=\"shortcode-suno-banner\" title=\"Banner SUNO, clique e saiba mais\">\n\t\t\t<picture>\n\t\t\t\t<source media=\"(max-width: 500px)\" srcset=\"https:\/\/files.sunoresearch.com.br\/n\/uploads\/2023\/03\/400x300-Planilha-controle-de-gastos.png\">\n\t\t\t\t<img class=\"newsContent__article__imgCapa newsContent__article__imgCapa--banner\"\n\t\t\t\t\tsrc=\"https:\/\/files.sunoresearch.com.br\/n\/uploads\/2023\/03\/1420x240-Planilha-controle-de-gastos.png\"\n\t\t\t\t\tdata-promo-id=\"101751\"\t\t\t\t\t\t\t\t\t\twidth='1420' height='240'\t\t\t\t\talt=\"https:\/\/files.sunoresearch.com.br\/n\/uploads\/2023\/03\/1420x240-Planilha-controle-de-gastos.png\"\n\t\t\t\t>\n\t\t\t<\/picture>\n\t\t<\/a>\n\t<\/p>\n\n\n<h2>Ministro nega mudan\u00e7as sobre fim da dedu\u00e7\u00e3o de JCP<\/h2>\n<p>O ministro tamb\u00e9m negou que haja mudan\u00e7as em rela\u00e7\u00e3o ao fim da dedu\u00e7\u00e3o dos <a class=\"suno-keyword\" href=\"https:\/\/www.suno.com.br\/artigos\/entenda-o-jcp\/\" target=\"_blank\" rel=\"noopener noreferrer\" data-force=\"no\" data-priority=\"1\">Juros sobre Capital Pr\u00f3prio<\/a> (JCP) do Imposto de Renda Pessoa Jur\u00eddica. Ao enviar a proposta ao Congresso, a <strong>equipe econ\u00f4mica<\/strong> havia informado que o benef\u00edcio fiscal se mostrou ineficaz para capitalizar empresas e estimular investimentos.<\/p>\n\n\t<div data-element=\"shortcode-read-more\" class=\"readToo\">\n\t\t\t\t<span class=\"readToo__title\">Leia mais<\/span>\n\t\t\t\t<ul class=\"readToo__list\">\n\t\t\t<li><a href=\"https:\/\/www.suno.com.br\/noticias\/superar-patamar-pib-2015-guedes\/\">Guedes diz que pa\u00eds vai superar at\u00e9 fim do ano o patamar do PIB de 2015<\/a><\/li><li><a href=\"https:\/\/www.suno.com.br\/noticias\/reforma-tributaria-fundos-imobiliarios-fiis-paulo-guedes\/\">Tiramos FIIs da reforma tribut\u00e1ria para n\u00e3o destruir a ind\u00fastria, diz Guedes<\/a><\/li>\t\t<\/ul>\n\t<\/div>\n\n\n<p>\u201cH\u00e1 25 anos, os cidad\u00e3os mais ricos do Brasil n\u00e3o pagam o <strong>Imposto de Renda<\/strong> sobre <strong>lucros e dividendos. <\/strong>N\u00f3s justamente colocamos esse imposto. Estamos dizendo: os super-ricos v\u00e3o pagar esses impostos e vamos justamente aliviar 32 milh\u00f5es de assalariados contribuintes que pagavam e est\u00e3o pagando menos. Os super-ricos pagam mais\u201d, afirmou Guedes.<\/p>\n\t<p>\n\t\t<a href=\"https:\/\/lp.suno.com.br\/planilha-de-controle-de-investimentos\/\" target=\"_blank\" data-element=\"shortcode-suno-banner\" title=\"Banner SUNO, clique e saiba mais\">\n\t\t\t<picture>\n\t\t\t\t<source media=\"(max-width: 500px)\" srcset=\"https:\/\/files.sunoresearch.com.br\/n\/uploads\/2023\/03\/400x300-Controle-de-Investimentos.png\">\n\t\t\t\t<img class=\"newsContent__article__imgCapa newsContent__article__imgCapa--banner\"\n\t\t\t\t\tsrc=\"https:\/\/files.sunoresearch.com.br\/n\/uploads\/2023\/03\/1420x240-Controle-de-Investimentos.png\"\n\t\t\t\t\tdata-promo-id=\"75934\"\t\t\t\t\t\t\t\t\t\twidth='1420' height='240'\t\t\t\t\talt=\"https:\/\/files.sunoresearch.com.br\/n\/uploads\/2023\/03\/1420x240-Controle-de-Investimentos.png\"\n\t\t\t\t>\n\t\t\t<\/picture>\n\t\t<\/a>\n\t<\/p>\n\n\n<p>Os dividendos s\u00e3o a parcela dos lucros que as empresas distribuem aos acionistas. Desde 1995, essa <a class=\"suno-keyword\" href=\"https:\/\/www.suno.com.br\/artigos\/fonte-de-renda\/\" target=\"_blank\" rel=\"noopener noreferrer\" data-force=\"no\" data-priority=\"1\">fonte de renda<\/a> \u00e9 isenta de impostos. Enviada ao Congresso no fim\u00a0de junho, a\u00a0segunda\u00a0fase da reforma tribut\u00e1ria prev\u00ea a cobran\u00e7a de 20% de Imposto de Renda sobre os dividendos.<\/p>\n<p>At\u00e9\u00a0hoje, tanto o texto original como o parecer preliminar de Sabino previam que apenas dividendos inferiores a R$ 20 mil por m\u00eas continuariam isentos.<\/p>\n<p>Com a decis\u00e3o de\u00a0hoje, pequenas empresas que fazem parte do Simples e eventualmente distribuam mais de R$ 20 mil em dividendos por m\u00eas continuar\u00e3o isentas. A medida tamb\u00e9m beneficiar\u00e1 <strong>profissionais aut\u00f4nomos<\/strong>, como m\u00e9dicos e advogados, que recebem como pessoa jur\u00eddica.<\/p>\n\t<p>\n\t\t<a href=\"\" target=\"_blank\" data-element=\"shortcode-suno-banner\" title=\"Banner SUNO, clique e saiba mais\">\n\t\t\t<picture>\n\t\t\t\t<source media=\"(max-width: 500px)\" srcset=\"\">\n\t\t\t\t<img class=\"newsContent__article__imgCapa newsContent__article__imgCapa--banner\"\n\t\t\t\t\tsrc=\"\"\n\t\t\t\t\tdata-promo-id=\"89005\"\t\t\t\t\t\t\t\t\t\t\t\t\t\t\talt=\"\"\n\t\t\t\t>\n\t\t\t<\/picture>\n\t\t<\/a>\n\t<\/p>\n\n\n<h2>Guedes fala em compensa\u00e7\u00f5es<\/h2>\n<p>O ministro refutou o argumento de que a taxa\u00e7\u00e3o dos dividendos e o fim da dedu\u00e7\u00e3o do JCP aumentem a <a class=\"suno-keyword\" href=\"https:\/\/www.suno.com.br\/artigos\/carga-tributaria\/\" target=\"_blank\" rel=\"noopener noreferrer\" data-force=\"no\" data-priority=\"1\">carga tribut\u00e1ria<\/a> das empresas. Apresentado h\u00e1 duas semanas, o parecer de Sabino reduzir\u00e1 o peso dos impostos sobre as empresas, ao reduzir a al\u00edquota do Imposto de Renda Pessoa Jur\u00eddica, de 15% para 5% no primeiro ano e de 5% para 2,5% no segundo ano.<\/p>\n<p>Na avalia\u00e7\u00e3o de Guedes, a queda no Imposto de Renda das empresas significar\u00e1 a redu\u00e7\u00e3o da carga tribut\u00e1ria de 34% para 24%, chegando a n\u00edveis semelhantes aos da <strong>Organiza\u00e7\u00e3o para a Coopera\u00e7\u00e3o e Desenvolvimento Econ\u00f4mico<\/strong> (OCDE).<\/p>\n\t<p>\n\t\t<a href=\"\" target=\"_blank\" data-element=\"shortcode-suno-banner\" title=\"Banner SUNO, clique e saiba mais\">\n\t\t\t<picture>\n\t\t\t\t<source media=\"(max-width: 500px)\" srcset=\"\">\n\t\t\t\t<img class=\"newsContent__article__imgCapa newsContent__article__imgCapa--banner\"\n\t\t\t\t\tsrc=\"\"\n\t\t\t\t\tdata-promo-id=\"77053\"\t\t\t\t\t\t\t\t\t\t\t\t\t\t\talt=\"\"\n\t\t\t\t>\n\t\t\t<\/picture>\n\t\t<\/a>\n\t<\/p>\n\n\n<p>Em rela\u00e7\u00e3o \u00e0 queda de R$ 20 bilh\u00f5es a R$ 30 bilh\u00f5es na arrecada\u00e7\u00e3o prevista com a reforma, o ministro diz que o crescimento das <strong>receitas do governo<\/strong> decorrente da recupera\u00e7\u00e3o da economia poder\u00e1 reduzir a zero o impacto sobre as contas p\u00fablicas.<\/p>\n<p>\u201cNa relatoria dele [de Sabino] est\u00e1 prevista at\u00e9 uma queda de R$ 30 bilh\u00f5es [na arrecada\u00e7\u00e3o]. O que est\u00e1 acontecendo \u00e9 que o Brasil est\u00e1 crescendo mais r\u00e1pido, a arrecada\u00e7\u00e3o est\u00e1 vindo mais forte e n\u00f3s estamos transformando isso justamente nessa folga de R$ 30 bilh\u00f5es que haveria\u201d, concluiu <strong>Guedes<\/strong>.<\/p>\n<p><em><strong>(Com informa\u00e7\u00f5es da Ag\u00eancia Brasil)<\/strong><\/em><\/p>\n","protected":false},"excerpt":{"rendered":"<p>O ministro da Economia Paulo Guedes afirmou, nesta quarta (28), que as empresas do Simples Nacional v\u00e3o continuar livres de tributos sobre dividendos. No fim da manh\u00e3, ele se reuniu com o deputado Celso Sabino (PSDB-BA), relator da segunda fase da reforma tribut\u00e1ria na C\u00e2mara dos Deputados. Guedes tem se reunido com o MME e [&hellip;]<\/p>\n","protected":false},"author":43,"featured_media":130412,"comment_status":"closed","ping_status":"closed","sticky":false,"template":"","format":"standard","meta":[],"categories":[62],"tags":[295,303,796,1286,880],"suno_strategy":[],"class_list":["post-170332","post","type-post","status-publish","format-standard","has-post-thumbnail","hentry","category-economia","tag-dividendos","tag-imposto-de-renda","tag-paulo-guedes","tag-reforma-tributaria","tag-simples-nacional"],"yoast_head":"<!-- This site is optimized with the Yoast SEO plugin v24.4 - https:\/\/yoast.com\/wordpress\/plugins\/seo\/ -->\n<title>Guedes: empresas do Simples seguem livres de tributos sobre dividendos<\/title>\n<meta name=\"description\" content=\"Guedes afirmo que as empresas do Simples Nacional v\u00e3o continuar livres de tributos sobre dividendos. Leia mais sobre Guedes\" \/>\n<meta name=\"robots\" content=\"index, follow, max-snippet:-1, max-image-preview:large, max-video-preview:-1\" \/>\n<link rel=\"canonical\" href=\"https:\/\/www.suno.com.br\/noticias\/guedes-simples-nacional-taxacao-dividendos\/\" \/>\n<meta property=\"og:locale\" content=\"pt_BR\" \/>\n<meta property=\"og:type\" content=\"article\" \/>\n<meta property=\"og:title\" content=\"Guedes: empresas do Simples seguem livres de tributos sobre dividendos\" \/>\n<meta property=\"og:description\" content=\"Guedes afirmo que as empresas do Simples Nacional v\u00e3o continuar livres de tributos sobre dividendos. Leia mais sobre Guedes\" \/>\n<meta property=\"og:url\" content=\"https:\/\/www.suno.com.br\/noticias\/guedes-simples-nacional-taxacao-dividendos\/\" \/>\n<meta property=\"og:site_name\" content=\"Suno Not\u00edcias\" \/>\n<meta property=\"article:publisher\" content=\"https:\/\/facebook.com\/sunoresearch\" \/>\n<meta property=\"article:author\" content=\"https:\/\/www.facebook.com\/sunonoticias\/\" \/>\n<meta property=\"og:image\" content=\"https:\/\/files.sunoresearch.com.br\/n\/uploads\/2021\/03\/7c7882d5-paulo-guedes-foto-najara-araujo-camara-dos-deputados.jpg\" \/>\n\t<meta property=\"og:image:width\" content=\"1200\" \/>\n\t<meta property=\"og:image:height\" content=\"800\" \/>\n\t<meta property=\"og:image:type\" content=\"image\/jpeg\" \/>\n<meta name=\"author\" content=\"Reda\u00e7\u00e3o Suno Not\u00edcias\" \/>\n<meta name=\"twitter:card\" content=\"summary_large_image\" \/>\n<meta name=\"twitter:creator\" content=\"@https:\/\/twitter.com\/sunoresearch\" \/>\n<meta name=\"twitter:site\" content=\"@sunoresearch\" \/>\n<meta name=\"twitter:label1\" content=\"Escrito por\" \/>\n\t<meta name=\"twitter:data1\" content=\"Reda\u00e7\u00e3o Suno Not\u00edcias\" \/>\n\t<meta name=\"twitter:label2\" content=\"Est. tempo de leitura\" \/>\n\t<meta name=\"twitter:data2\" content=\"3 minutos\" \/>\n<script type=\"application\/ld+json\" class=\"yoast-schema-graph\">{\"@context\":\"https:\/\/schema.org\",\"@graph\":[{\"@type\":\"NewsArticle\",\"@id\":\"https:\/\/www.suno.com.br\/noticias\/guedes-simples-nacional-taxacao-dividendos\/#article\",\"isPartOf\":{\"@id\":\"https:\/\/www.suno.com.br\/noticias\/guedes-simples-nacional-taxacao-dividendos\/\"},\"author\":{\"name\":\"Reda\u00e7\u00e3o Suno Not\u00edcias\",\"@id\":\"https:\/\/www.suno.com.br\/noticias\/#\/schema\/person\/c1b1bd3727fa852bd045e9dbff3673ea\"},\"headline\":\"Guedes: empresas do Simples Nacional continuam livres de tributos sobre dividendos\",\"datePublished\":\"2021-07-29T01:12:25+00:00\",\"mainEntityOfPage\":{\"@id\":\"https:\/\/www.suno.com.br\/noticias\/guedes-simples-nacional-taxacao-dividendos\/\"},\"wordCount\":589,\"publisher\":{\"@id\":\"https:\/\/www.suno.com.br\/noticias\/#organization\"},\"image\":{\"@id\":\"https:\/\/www.suno.com.br\/noticias\/guedes-simples-nacional-taxacao-dividendos\/#primaryimage\"},\"thumbnailUrl\":\"https:\/\/files.sunoresearch.com.br\/n\/uploads\/2021\/03\/7c7882d5-paulo-guedes-foto-najara-araujo-camara-dos-deputados-jpg.webp\",\"keywords\":[\"dividendos\",\"Imposto de Renda\",\"Paulo Guedes\",\"reforma tribut\u00e1ria\",\"Simples Nacional\"],\"articleSection\":[\"Economia\"],\"inLanguage\":\"pt-BR\"},{\"@type\":\"WebPage\",\"@id\":\"https:\/\/www.suno.com.br\/noticias\/guedes-simples-nacional-taxacao-dividendos\/\",\"url\":\"https:\/\/www.suno.com.br\/noticias\/guedes-simples-nacional-taxacao-dividendos\/\",\"name\":\"Guedes: empresas do Simples seguem livres de tributos sobre dividendos\",\"isPartOf\":{\"@id\":\"https:\/\/www.suno.com.br\/noticias\/#website\"},\"primaryImageOfPage\":{\"@id\":\"https:\/\/www.suno.com.br\/noticias\/guedes-simples-nacional-taxacao-dividendos\/#primaryimage\"},\"image\":{\"@id\":\"https:\/\/www.suno.com.br\/noticias\/guedes-simples-nacional-taxacao-dividendos\/#primaryimage\"},\"thumbnailUrl\":\"https:\/\/files.sunoresearch.com.br\/n\/uploads\/2021\/03\/7c7882d5-paulo-guedes-foto-najara-araujo-camara-dos-deputados-jpg.webp\",\"datePublished\":\"2021-07-29T01:12:25+00:00\",\"description\":\"Guedes afirmo que as empresas do Simples Nacional v\u00e3o continuar livres de tributos sobre dividendos. Leia mais sobre Guedes\",\"breadcrumb\":{\"@id\":\"https:\/\/www.suno.com.br\/noticias\/guedes-simples-nacional-taxacao-dividendos\/#breadcrumb\"},\"inLanguage\":\"pt-BR\",\"potentialAction\":[{\"@type\":\"ReadAction\",\"target\":[\"https:\/\/www.suno.com.br\/noticias\/guedes-simples-nacional-taxacao-dividendos\/\"]}]},{\"@type\":\"ImageObject\",\"inLanguage\":\"pt-BR\",\"@id\":\"https:\/\/www.suno.com.br\/noticias\/guedes-simples-nacional-taxacao-dividendos\/#primaryimage\",\"url\":\"https:\/\/files.sunoresearch.com.br\/n\/uploads\/2021\/03\/7c7882d5-paulo-guedes-foto-najara-araujo-camara-dos-deputados-jpg.webp\",\"contentUrl\":\"https:\/\/files.sunoresearch.com.br\/n\/uploads\/2021\/03\/7c7882d5-paulo-guedes-foto-najara-araujo-camara-dos-deputados-jpg.webp\",\"width\":1200,\"height\":800,\"caption\":\"Guedes tem se reunido com o MME e o Presidente da Petrobras recentemente, para discutir solu\u00e7\u00f5es para alta da gasolina - Foto: Najara Araujo, C\u00e2mara dos Deputados.\"},{\"@type\":\"BreadcrumbList\",\"@id\":\"https:\/\/www.suno.com.br\/noticias\/guedes-simples-nacional-taxacao-dividendos\/#breadcrumb\",\"itemListElement\":[{\"@type\":\"ListItem\",\"position\":1,\"name\":\"Not\u00edcias\",\"item\":\"https:\/\/www.suno.com.br\/noticias\/\"},{\"@type\":\"ListItem\",\"position\":2,\"name\":\"Economia\",\"item\":\"https:\/\/www.suno.com.br\/noticias\/economia\/\"},{\"@type\":\"ListItem\",\"position\":3,\"name\":\"Guedes: empresas do Simples Nacional continuam livres de tributos sobre dividendos\"}]},{\"@type\":\"WebSite\",\"@id\":\"https:\/\/www.suno.com.br\/noticias\/#website\",\"url\":\"https:\/\/www.suno.com.br\/noticias\/\",\"name\":\"Suno Not\u00edcias\",\"description\":\"Seu portal de informa\u00e7\u00e3o sobre o mundo dos investimentos\",\"publisher\":{\"@id\":\"https:\/\/www.suno.com.br\/noticias\/#organization\"},\"potentialAction\":[{\"@type\":\"SearchAction\",\"target\":{\"@type\":\"EntryPoint\",\"urlTemplate\":\"https:\/\/www.suno.com.br\/noticias\/?s={search_term_string}\"},\"query-input\":{\"@type\":\"PropertyValueSpecification\",\"valueRequired\":true,\"valueName\":\"search_term_string\"}}],\"inLanguage\":\"pt-BR\"},{\"@type\":\"Organization\",\"@id\":\"https:\/\/www.suno.com.br\/noticias\/#organization\",\"name\":\"Suno Not\u00edcias\",\"url\":\"https:\/\/www.suno.com.br\/noticias\/\",\"logo\":{\"@type\":\"ImageObject\",\"inLanguage\":\"pt-BR\",\"@id\":\"https:\/\/www.suno.com.br\/noticias\/#\/schema\/logo\/image\/\",\"url\":\"https:\/\/files.sunoresearch.com.br\/n\/uploads\/2021\/09\/suno-logo.png\",\"contentUrl\":\"https:\/\/files.sunoresearch.com.br\/n\/uploads\/2021\/09\/suno-logo.png\",\"width\":180,\"height\":180,\"caption\":\"Suno Not\u00edcias\"},\"image\":{\"@id\":\"https:\/\/www.suno.com.br\/noticias\/#\/schema\/logo\/image\/\"},\"sameAs\":[\"https:\/\/facebook.com\/sunoresearch\",\"https:\/\/x.com\/sunoresearch\",\"https:\/\/www.instagram.com\/suno\",\"https:\/\/www.linkedin.com\/company\/suno-research\/\",\"https:\/\/www.youtube.com\/c\/sunoresearch\"]},{\"@type\":\"Person\",\"@id\":\"https:\/\/www.suno.com.br\/noticias\/#\/schema\/person\/c1b1bd3727fa852bd045e9dbff3673ea\",\"name\":\"Reda\u00e7\u00e3o Suno Not\u00edcias\",\"image\":{\"@type\":\"ImageObject\",\"inLanguage\":\"pt-BR\",\"@id\":\"https:\/\/www.suno.com.br\/noticias\/#\/schema\/person\/image\/\",\"url\":\"https:\/\/secure.gravatar.com\/avatar\/b8104b9b5a71985d5238ee59fbe418af?s=96&r=g\",\"contentUrl\":\"https:\/\/secure.gravatar.com\/avatar\/b8104b9b5a71985d5238ee59fbe418af?s=96&r=g\",\"caption\":\"Reda\u00e7\u00e3o Suno Not\u00edcias\"},\"description\":\"O Suno Not\u00edcias \u00e9 um portal de informa\u00e7\u00f5es sobre Mercado Financeiro, Pol\u00edtica, Neg\u00f3cios, Economia e Finan\u00e7as Pessoais.\",\"sameAs\":[\"https:\/\/www.suno.com.br\/noticias\",\"https:\/\/www.facebook.com\/sunonoticias\/\",\"https:\/\/www.instagram.com\/sunonoticias\/\",\"https:\/\/x.com\/https:\/\/twitter.com\/sunoresearch\",\"https:\/\/www.youtube.com\/sunonoticias\"],\"url\":\"https:\/\/www.suno.com.br\/noticias\/author\/redacao-suno\/\"}]}<\/script>\n<!-- \/ Yoast SEO plugin. -->","yoast_head_json":{"title":"Guedes: empresas do Simples seguem livres de tributos sobre dividendos","description":"Guedes afirmo que as empresas do Simples Nacional v\u00e3o continuar livres de tributos sobre dividendos. Leia mais sobre Guedes","robots":{"index":"index","follow":"follow","max-snippet":"max-snippet:-1","max-image-preview":"max-image-preview:large","max-video-preview":"max-video-preview:-1"},"canonical":"https:\/\/www.suno.com.br\/noticias\/guedes-simples-nacional-taxacao-dividendos\/","og_locale":"pt_BR","og_type":"article","og_title":"Guedes: empresas do Simples seguem livres de tributos sobre dividendos","og_description":"Guedes afirmo que as empresas do Simples Nacional v\u00e3o continuar livres de tributos sobre dividendos. Leia mais sobre Guedes","og_url":"https:\/\/www.suno.com.br\/noticias\/guedes-simples-nacional-taxacao-dividendos\/","og_site_name":"Suno Not\u00edcias","article_publisher":"https:\/\/facebook.com\/sunoresearch","article_author":"https:\/\/www.facebook.com\/sunonoticias\/","og_image":[{"width":1200,"height":800,"url":"https:\/\/files.sunoresearch.com.br\/n\/uploads\/2021\/03\/7c7882d5-paulo-guedes-foto-najara-araujo-camara-dos-deputados.jpg","type":"image\/jpeg"}],"author":"Reda\u00e7\u00e3o Suno Not\u00edcias","twitter_card":"summary_large_image","twitter_creator":"@https:\/\/twitter.com\/sunoresearch","twitter_site":"@sunoresearch","twitter_misc":{"Escrito por":"Reda\u00e7\u00e3o Suno Not\u00edcias","Est. tempo de leitura":"3 minutos"},"schema":{"@context":"https:\/\/schema.org","@graph":[{"@type":"NewsArticle","@id":"https:\/\/www.suno.com.br\/noticias\/guedes-simples-nacional-taxacao-dividendos\/#article","isPartOf":{"@id":"https:\/\/www.suno.com.br\/noticias\/guedes-simples-nacional-taxacao-dividendos\/"},"author":{"name":"Reda\u00e7\u00e3o Suno Not\u00edcias","@id":"https:\/\/www.suno.com.br\/noticias\/#\/schema\/person\/c1b1bd3727fa852bd045e9dbff3673ea"},"headline":"Guedes: empresas do Simples Nacional continuam livres de tributos sobre dividendos","datePublished":"2021-07-29T01:12:25+00:00","mainEntityOfPage":{"@id":"https:\/\/www.suno.com.br\/noticias\/guedes-simples-nacional-taxacao-dividendos\/"},"wordCount":589,"publisher":{"@id":"https:\/\/www.suno.com.br\/noticias\/#organization"},"image":{"@id":"https:\/\/www.suno.com.br\/noticias\/guedes-simples-nacional-taxacao-dividendos\/#primaryimage"},"thumbnailUrl":"https:\/\/files.sunoresearch.com.br\/n\/uploads\/2021\/03\/7c7882d5-paulo-guedes-foto-najara-araujo-camara-dos-deputados-jpg.webp","keywords":["dividendos","Imposto de Renda","Paulo Guedes","reforma tribut\u00e1ria","Simples Nacional"],"articleSection":["Economia"],"inLanguage":"pt-BR"},{"@type":"WebPage","@id":"https:\/\/www.suno.com.br\/noticias\/guedes-simples-nacional-taxacao-dividendos\/","url":"https:\/\/www.suno.com.br\/noticias\/guedes-simples-nacional-taxacao-dividendos\/","name":"Guedes: empresas do Simples seguem livres de tributos sobre dividendos","isPartOf":{"@id":"https:\/\/www.suno.com.br\/noticias\/#website"},"primaryImageOfPage":{"@id":"https:\/\/www.suno.com.br\/noticias\/guedes-simples-nacional-taxacao-dividendos\/#primaryimage"},"image":{"@id":"https:\/\/www.suno.com.br\/noticias\/guedes-simples-nacional-taxacao-dividendos\/#primaryimage"},"thumbnailUrl":"https:\/\/files.sunoresearch.com.br\/n\/uploads\/2021\/03\/7c7882d5-paulo-guedes-foto-najara-araujo-camara-dos-deputados-jpg.webp","datePublished":"2021-07-29T01:12:25+00:00","description":"Guedes afirmo que as empresas do Simples Nacional v\u00e3o continuar livres de tributos sobre dividendos. Leia mais sobre Guedes","breadcrumb":{"@id":"https:\/\/www.suno.com.br\/noticias\/guedes-simples-nacional-taxacao-dividendos\/#breadcrumb"},"inLanguage":"pt-BR","potentialAction":[{"@type":"ReadAction","target":["https:\/\/www.suno.com.br\/noticias\/guedes-simples-nacional-taxacao-dividendos\/"]}]},{"@type":"ImageObject","inLanguage":"pt-BR","@id":"https:\/\/www.suno.com.br\/noticias\/guedes-simples-nacional-taxacao-dividendos\/#primaryimage","url":"https:\/\/files.sunoresearch.com.br\/n\/uploads\/2021\/03\/7c7882d5-paulo-guedes-foto-najara-araujo-camara-dos-deputados-jpg.webp","contentUrl":"https:\/\/files.sunoresearch.com.br\/n\/uploads\/2021\/03\/7c7882d5-paulo-guedes-foto-najara-araujo-camara-dos-deputados-jpg.webp","width":1200,"height":800,"caption":"Guedes tem se reunido com o MME e o Presidente da Petrobras recentemente, para discutir solu\u00e7\u00f5es para alta da gasolina - Foto: Najara Araujo, C\u00e2mara dos Deputados."},{"@type":"BreadcrumbList","@id":"https:\/\/www.suno.com.br\/noticias\/guedes-simples-nacional-taxacao-dividendos\/#breadcrumb","itemListElement":[{"@type":"ListItem","position":1,"name":"Not\u00edcias","item":"https:\/\/www.suno.com.br\/noticias\/"},{"@type":"ListItem","position":2,"name":"Economia","item":"https:\/\/www.suno.com.br\/noticias\/economia\/"},{"@type":"ListItem","position":3,"name":"Guedes: empresas do Simples Nacional continuam livres de tributos sobre dividendos"}]},{"@type":"WebSite","@id":"https:\/\/www.suno.com.br\/noticias\/#website","url":"https:\/\/www.suno.com.br\/noticias\/","name":"Suno Not\u00edcias","description":"Seu portal de informa\u00e7\u00e3o sobre o mundo dos investimentos","publisher":{"@id":"https:\/\/www.suno.com.br\/noticias\/#organization"},"potentialAction":[{"@type":"SearchAction","target":{"@type":"EntryPoint","urlTemplate":"https:\/\/www.suno.com.br\/noticias\/?s={search_term_string}"},"query-input":{"@type":"PropertyValueSpecification","valueRequired":true,"valueName":"search_term_string"}}],"inLanguage":"pt-BR"},{"@type":"Organization","@id":"https:\/\/www.suno.com.br\/noticias\/#organization","name":"Suno Not\u00edcias","url":"https:\/\/www.suno.com.br\/noticias\/","logo":{"@type":"ImageObject","inLanguage":"pt-BR","@id":"https:\/\/www.suno.com.br\/noticias\/#\/schema\/logo\/image\/","url":"https:\/\/files.sunoresearch.com.br\/n\/uploads\/2021\/09\/suno-logo.png","contentUrl":"https:\/\/files.sunoresearch.com.br\/n\/uploads\/2021\/09\/suno-logo.png","width":180,"height":180,"caption":"Suno Not\u00edcias"},"image":{"@id":"https:\/\/www.suno.com.br\/noticias\/#\/schema\/logo\/image\/"},"sameAs":["https:\/\/facebook.com\/sunoresearch","https:\/\/x.com\/sunoresearch","https:\/\/www.instagram.com\/suno","https:\/\/www.linkedin.com\/company\/suno-research\/","https:\/\/www.youtube.com\/c\/sunoresearch"]},{"@type":"Person","@id":"https:\/\/www.suno.com.br\/noticias\/#\/schema\/person\/c1b1bd3727fa852bd045e9dbff3673ea","name":"Reda\u00e7\u00e3o Suno Not\u00edcias","image":{"@type":"ImageObject","inLanguage":"pt-BR","@id":"https:\/\/www.suno.com.br\/noticias\/#\/schema\/person\/image\/","url":"https:\/\/secure.gravatar.com\/avatar\/b8104b9b5a71985d5238ee59fbe418af?s=96&r=g","contentUrl":"https:\/\/secure.gravatar.com\/avatar\/b8104b9b5a71985d5238ee59fbe418af?s=96&r=g","caption":"Reda\u00e7\u00e3o Suno Not\u00edcias"},"description":"O Suno Not\u00edcias \u00e9 um portal de informa\u00e7\u00f5es sobre Mercado Financeiro, Pol\u00edtica, Neg\u00f3cios, Economia e Finan\u00e7as Pessoais.","sameAs":["https:\/\/www.suno.com.br\/noticias","https:\/\/www.facebook.com\/sunonoticias\/","https:\/\/www.instagram.com\/sunonoticias\/","https:\/\/x.com\/https:\/\/twitter.com\/sunoresearch","https:\/\/www.youtube.com\/sunonoticias"],"url":"https:\/\/www.suno.com.br\/noticias\/author\/redacao-suno\/"}]}},"default_loop_html":"<div class=\"cardsPage__listCard__boxs\"><div class=\"cardsPage__listCard__boxs__img\"><a href=\"https:\/\/www.suno.com.br\/noticias\/reforma-tributaria-fundos-imobiliarios-fiis-paulo-guedes\/\"><img class=\"mask\" src=\"https:\/\/www.suno.com.br\/noticias\/wp-content\/themes\/suno\/resources\/images\/spotlight\/spotlight1img\/bg-mask.png\" alt=\"Image Mask\"\/><img src=\"https:\/\/files.sunoresearch.com.br\/n\/uploads\/2021\/03\/7c7882d5-paulo-guedes-foto-najara-araujo-camara-dos-deputados-400x200.webp\" alt=\"Tiramos FIIs da reforma tribut\u00e1ria para n\u00e3o destruir a ind\u00fastria, diz Guedes\"\/><\/a><span class=\"spotlightCategory\"><a href=\"https:\/\/www.suno.com.br\/noticias\/economia\/\">Economia<\/a><\/span><\/div><div class=\"cardsPage__listCard__boxs__content\"><a href=\"https:\/\/www.suno.com.br\/noticias\/reforma-tributaria-fundos-imobiliarios-fiis-paulo-guedes\/\"><h2 class=\"content__title\">Tiramos FIIs da reforma tribut\u00e1ria para n\u00e3o destruir a ind\u00fastria, diz Guedes<\/h2><\/a><div class=\"newsContent__article__meta\"><div class=\"newsContent__article__meta__authorBox\"><a href=\"https:\/\/www.suno.com.br\/noticias\/author\/jader-lazarini\/\" class=\"authorBox__avatar noMobi\"><img src=\"https:\/\/files.sunoresearch.com.br\/n\/uploads\/2021\/01\/178e6598-foto-perfil-2-150x150.jpg\" alt=\"Jader Lazarini\"><\/a><div class=\"authorBox__name\"><span>por\n\t\t\t<a href=\"https:\/\/www.suno.com.br\/noticias\/author\/jader-lazarini\/\"><span itemprop=\"author\">Jader Lazarini<\/span><\/a><\/span><time datetime=\"2021-07-14T15:48:41-03:00\" itemprop=\"datePublished\">14\/07\/2021 15:48<\/time><\/div><\/div><\/div><\/div><\/div>","single_layout":"posts","amp_enabled":true,"_links":{"self":[{"href":"https:\/\/www.suno.com.br\/noticias\/wp-json\/wp\/v2\/posts\/170332"}],"collection":[{"href":"https:\/\/www.suno.com.br\/noticias\/wp-json\/wp\/v2\/posts"}],"about":[{"href":"https:\/\/www.suno.com.br\/noticias\/wp-json\/wp\/v2\/types\/post"}],"author":[{"embeddable":true,"href":"https:\/\/www.suno.com.br\/noticias\/wp-json\/wp\/v2\/users\/43"}],"replies":[{"embeddable":true,"href":"https:\/\/www.suno.com.br\/noticias\/wp-json\/wp\/v2\/comments?post=170332"}],"version-history":[{"count":2,"href":"https:\/\/www.suno.com.br\/noticias\/wp-json\/wp\/v2\/posts\/170332\/revisions"}],"predecessor-version":[{"id":170343,"href":"https:\/\/www.suno.com.br\/noticias\/wp-json\/wp\/v2\/posts\/170332\/revisions\/170343"}],"wp:featuredmedia":[{"embeddable":true,"href":"https:\/\/www.suno.com.br\/noticias\/wp-json\/wp\/v2\/media\/130412"}],"wp:attachment":[{"href":"https:\/\/www.suno.com.br\/noticias\/wp-json\/wp\/v2\/media?parent=170332"}],"wp:term":[{"taxonomy":"category","embeddable":true,"href":"https:\/\/www.suno.com.br\/noticias\/wp-json\/wp\/v2\/categories?post=170332"},{"taxonomy":"post_tag","embeddable":true,"href":"https:\/\/www.suno.com.br\/noticias\/wp-json\/wp\/v2\/tags?post=170332"},{"taxonomy":"suno_strategy","embeddable":true,"href":"https:\/\/www.suno.com.br\/noticias\/wp-json\/wp\/v2\/suno_strategy?post=170332"}],"curies":[{"name":"wp","href":"https:\/\/api.w.org\/{rel}","templated":true}]}}