{"id":17027,"date":"2019-03-01T12:24:18","date_gmt":"2019-03-01T15:24:18","guid":{"rendered":"https:\/\/www.suno.com.br\/noticias\/?p=17027"},"modified":"2021-06-13T23:21:59","modified_gmt":"2021-06-14T02:21:59","slug":"justica-suspende-venda-farmais-pharma","status":"publish","type":"post","link":"https:\/\/www.suno.com.br\/noticias\/justica-suspende-venda-farmais-pharma\/","title":{"rendered":"Venda da Farmais, da BR Pharma, \u00e9 suspensa pela Justi\u00e7a"},"content":{"rendered":"<p>A venda da rede de drogarias Farmais foi suspensa nesta sexta-feira (01) pela <strong>Justi\u00e7a.<\/strong> A opera\u00e7\u00e3o de venda faz parte do processo de recupera\u00e7\u00e3o judicial da <strong>BR Pharma,<\/strong> controladora da rede.<\/p>\t<div class=\"wrapper-featured-image\">\n\t\t<figure class=\"spotlightImg\">\n\n\t\t\t<picture>\n\t\t\t\t<source media=\"(max-width: 768px)\" srcset=\"https:\/\/files.sunoresearch.com.br\/n\/uploads\/2019\/03\/3ebf5589-br-pharma-400x200.webp\">\n\t\t\t\t<img loading=\"lazy\" decoding=\"async\" class=\"newsContent__article__imgCapa lazyloadDisabled newsContent__article__imgCapa--noCaption\" src=\"https:\/\/files.sunoresearch.com.br\/n\/uploads\/2019\/03\/3ebf5589-br-pharma-800x450.webp\" width=\"800\" height=\"450\" alt=\"Venda da Farmais, da BR Pharma, \u00e9 suspensa pela Justi\u00e7a\" fetchpriority=high \/>\n\t\t\t<\/picture>\n\n\t\t\t<figcaption class=\"wp-caption-text wp-caption-text--hide\">BR Pharma<\/figcaption>\n\t\t<\/figure>\n\t<\/div>\n\n\n<p>Os leil\u00f5es de venda da <strong>Farmais,<\/strong> que seriam realizados neste m\u00eas, foram suspensos. O\u00a0<strong>plano de recupera\u00e7\u00e3o<\/strong> judicial da <strong>BR Pharma,<\/strong> homologado judicialmente em 27 de novembro de 2018, previa a venda da controlada.<\/p>\n<p><a href=\"https:\/\/www.suno.com.br\/noticias\/raia-drogasil-compra-onofre-cvs\/\">Saiba mais: Raia Drogasil compra a rede de farm\u00e1cias Onofre e CVS deixa o Brasil\u00a0<\/a><\/p>\n<p>O anuncio dos leil\u00f5es da <strong>Farmais<\/strong> tinha sido feito no dia 14 de fevereiro. A empresa tentou leiloar a rede de drogarias j\u00e1 no dia 24 de janeiro, sem sucesso.<\/p>\n<p>A <strong>Br Pharma<\/strong> informou em nota que tomou conhecimento na \u00faltima quinta-feira (28) da decis\u00e3o da 1\u00aa C\u00e2mara Reservada de Direito Empresarial do <strong>Tribunal de Justi\u00e7a<\/strong> do Estado de S\u00e3o Paulo. O Tribunal concedeu efeito suspensivo ao agravo interposto contra a homologa\u00e7\u00e3o do plano de <strong>recupera\u00e7\u00e3o judicial.<\/strong><\/p>\n<h2>Venda por cobrir d\u00edvida<\/h2>\n<p>A decis\u00e3o de vender a rede de franquias <strong>Farmais,<\/strong> que t\u00eam cerca de 400 pontos, faz parte da estrat\u00e9gia da <strong>BR Pharma<\/strong> de cobrir parte das d\u00edvidas dos credores. A empresa est\u00e1 em <strong>recupera\u00e7\u00e3o judicial<\/strong> desde janeiro de 2018, com uma d\u00edvida bruta que atinge R$ 1,2 bilh\u00e3o.<\/p>\n<p>A rede <strong>Farmais<\/strong> \u00e9 a \u00fanica em opera\u00e7\u00e3o do grupo <strong>BR Pharma.<\/strong> As farm\u00e1cias das redes <strong>Sant\u2019ana<\/strong> e <strong>Big Bem<\/strong> deixaram de funcionar no ano passado. Entretanto, a Farmais enfrenta problemas de receita.<\/p>\n<p><a href=\"https:\/\/www.suno.com.br\/noticias\/farmacias-eua-vender-onofre-brasil\/\">Saiba mais:\u00a0Maior rede de farm\u00e1cias dos EUA avalia vender a Onofre e deixar o Brasil\u00a0<\/a><\/p>\n<p>Caso consiga vender a Farmais, a BR Pharma n\u00e3o ter\u00e1 mais lojas para operar. Seus centros de distribui\u00e7\u00e3o tamb\u00e9m foram vendidos em junho de 2018. Um destino amargo para a empresa que queria ser a maior rede de farm\u00e1cias do Brasil.\u00a0A empresa chegou a ter mais 1.200 unidades e um faturamento de R$ 3,5 bilh\u00f5es.<\/p>\n<p>A <strong>BR Pharma<\/strong> foi criada em 2009 pelo banco <strong>BTG Pactual,<\/strong> mas foi vendida em abril de 2017 para a Lyon Capital pelo valor simb\u00f3lico de 1.000 reais. O fundador da <strong>Lyon,<\/strong>\u00a0Paulo Remy, ex-presidente da construtora WTorre, <strong>assumiu<\/strong> o comando da empresa.<\/p>\n<p>No terceiro trimestre de 2018 a <strong>BR Pharma<\/strong> registrou um preju\u00edzo l\u00edquido de R$ 12,3 milh\u00f5es. Mais um resultado negativo ap\u00f3s o preju\u00edzo de R$ 1 bilh\u00e3o registrado um ano antes.<\/p>\n","protected":false},"excerpt":{"rendered":"<p>A venda da rede de drogarias Farmais foi suspensa nesta sexta-feira (01) pela Justi\u00e7a. A opera\u00e7\u00e3o de venda faz parte do processo de recupera\u00e7\u00e3o judicial da BR Pharma, controladora da rede. BR Pharma Os leil\u00f5es de venda da Farmais, que seriam realizados neste m\u00eas, foram suspensos. O\u00a0plano de recupera\u00e7\u00e3o judicial da BR Pharma, homologado judicialmente [&hellip;]<\/p>\n","protected":false},"author":9,"featured_media":17031,"comment_status":"closed","ping_status":"closed","sticky":false,"template":"","format":"standard","meta":[],"categories":[64],"tags":[390,1777],"suno_strategy":[],"class_list":["post-17027","post","type-post","status-publish","format-standard","has-post-thumbnail","hentry","category-negocios","tag-br-pharma","tag-industria-farmaceutica"],"yoast_head":"<!-- This site is optimized with the Yoast SEO plugin v24.4 - https:\/\/yoast.com\/wordpress\/plugins\/seo\/ -->\n<title>Venda da Farmais, da BR Pharma, \u00e9 suspensa pela Justi\u00e7a<\/title>\n<meta name=\"description\" content=\"A venda da rede de drogarias Farmais foi suspensa nesta sexta-feira (01) pela Justi\u00e7a. Clique aqui para saber mais.\" \/>\n<meta name=\"robots\" content=\"index, follow, max-snippet:-1, max-image-preview:large, max-video-preview:-1\" \/>\n<link rel=\"canonical\" href=\"https:\/\/www.suno.com.br\/noticias\/justica-suspende-venda-farmais-pharma\/\" \/>\n<meta property=\"og:locale\" content=\"pt_BR\" \/>\n<meta property=\"og:type\" content=\"article\" \/>\n<meta property=\"og:title\" content=\"Venda da Farmais, da BR Pharma, \u00e9 suspensa pela Justi\u00e7a\" \/>\n<meta property=\"og:description\" content=\"A venda da rede de drogarias Farmais foi suspensa nesta sexta-feira (01) pela Justi\u00e7a. Clique aqui para saber mais.\" \/>\n<meta property=\"og:url\" content=\"https:\/\/www.suno.com.br\/noticias\/justica-suspende-venda-farmais-pharma\/\" \/>\n<meta property=\"og:site_name\" content=\"Suno Not\u00edcias\" \/>\n<meta property=\"article:publisher\" content=\"https:\/\/facebook.com\/sunoresearch\" \/>\n<meta property=\"og:image\" content=\"https:\/\/files.sunoresearch.com.br\/n\/uploads\/2019\/03\/3ebf5589-br-pharma.jpg\" \/>\n\t<meta property=\"og:image:width\" content=\"806\" \/>\n\t<meta property=\"og:image:height\" content=\"522\" \/>\n\t<meta property=\"og:image:type\" content=\"image\/jpeg\" \/>\n<meta name=\"author\" content=\"Carlo Cauti\" \/>\n<meta name=\"twitter:card\" content=\"summary_large_image\" \/>\n<meta name=\"twitter:creator\" content=\"@sunoresearch\" \/>\n<meta name=\"twitter:site\" content=\"@sunoresearch\" \/>\n<meta name=\"twitter:label1\" content=\"Escrito por\" \/>\n\t<meta name=\"twitter:data1\" content=\"Carlo Cauti\" \/>\n\t<meta name=\"twitter:label2\" content=\"Est. tempo de leitura\" \/>\n\t<meta name=\"twitter:data2\" content=\"2 minutos\" \/>\n<script type=\"application\/ld+json\" class=\"yoast-schema-graph\">{\"@context\":\"https:\/\/schema.org\",\"@graph\":[{\"@type\":\"NewsArticle\",\"@id\":\"https:\/\/www.suno.com.br\/noticias\/justica-suspende-venda-farmais-pharma\/#article\",\"isPartOf\":{\"@id\":\"https:\/\/www.suno.com.br\/noticias\/justica-suspende-venda-farmais-pharma\/\"},\"author\":{\"name\":\"Carlo Cauti\",\"@id\":\"https:\/\/www.suno.com.br\/noticias\/#\/schema\/person\/e6e0f723cc177805027f4566c1d5e0c8\"},\"headline\":\"Venda da Farmais, da BR Pharma, \u00e9 suspensa pela Justi\u00e7a\",\"datePublished\":\"2019-03-01T15:24:18+00:00\",\"dateModified\":\"2021-06-14T02:21:59+00:00\",\"mainEntityOfPage\":{\"@id\":\"https:\/\/www.suno.com.br\/noticias\/justica-suspende-venda-farmais-pharma\/\"},\"wordCount\":416,\"publisher\":{\"@id\":\"https:\/\/www.suno.com.br\/noticias\/#organization\"},\"image\":{\"@id\":\"https:\/\/www.suno.com.br\/noticias\/justica-suspende-venda-farmais-pharma\/#primaryimage\"},\"thumbnailUrl\":\"https:\/\/files.sunoresearch.com.br\/n\/uploads\/2019\/03\/3ebf5589-br-pharma-jpg.webp\",\"keywords\":[\"BR Pharma\",\"ind\u00fastria farmac\u00eautica\"],\"articleSection\":[\"Neg\u00f3cios\"],\"inLanguage\":\"pt-BR\"},{\"@type\":\"WebPage\",\"@id\":\"https:\/\/www.suno.com.br\/noticias\/justica-suspende-venda-farmais-pharma\/\",\"url\":\"https:\/\/www.suno.com.br\/noticias\/justica-suspende-venda-farmais-pharma\/\",\"name\":\"Venda da Farmais, da BR Pharma, \u00e9 suspensa pela Justi\u00e7a\",\"isPartOf\":{\"@id\":\"https:\/\/www.suno.com.br\/noticias\/#website\"},\"primaryImageOfPage\":{\"@id\":\"https:\/\/www.suno.com.br\/noticias\/justica-suspende-venda-farmais-pharma\/#primaryimage\"},\"image\":{\"@id\":\"https:\/\/www.suno.com.br\/noticias\/justica-suspende-venda-farmais-pharma\/#primaryimage\"},\"thumbnailUrl\":\"https:\/\/files.sunoresearch.com.br\/n\/uploads\/2019\/03\/3ebf5589-br-pharma-jpg.webp\",\"datePublished\":\"2019-03-01T15:24:18+00:00\",\"dateModified\":\"2021-06-14T02:21:59+00:00\",\"description\":\"A venda da rede de drogarias Farmais foi suspensa nesta sexta-feira (01) pela Justi\u00e7a. Clique aqui para saber mais.\",\"breadcrumb\":{\"@id\":\"https:\/\/www.suno.com.br\/noticias\/justica-suspende-venda-farmais-pharma\/#breadcrumb\"},\"inLanguage\":\"pt-BR\",\"potentialAction\":[{\"@type\":\"ReadAction\",\"target\":[\"https:\/\/www.suno.com.br\/noticias\/justica-suspende-venda-farmais-pharma\/\"]}]},{\"@type\":\"ImageObject\",\"inLanguage\":\"pt-BR\",\"@id\":\"https:\/\/www.suno.com.br\/noticias\/justica-suspende-venda-farmais-pharma\/#primaryimage\",\"url\":\"https:\/\/files.sunoresearch.com.br\/n\/uploads\/2019\/03\/3ebf5589-br-pharma-jpg.webp\",\"contentUrl\":\"https:\/\/files.sunoresearch.com.br\/n\/uploads\/2019\/03\/3ebf5589-br-pharma-jpg.webp\",\"width\":806,\"height\":522,\"caption\":\"BR Pharma\"},{\"@type\":\"BreadcrumbList\",\"@id\":\"https:\/\/www.suno.com.br\/noticias\/justica-suspende-venda-farmais-pharma\/#breadcrumb\",\"itemListElement\":[{\"@type\":\"ListItem\",\"position\":1,\"name\":\"Not\u00edcias\",\"item\":\"https:\/\/www.suno.com.br\/noticias\/\"},{\"@type\":\"ListItem\",\"position\":2,\"name\":\"Neg\u00f3cios\",\"item\":\"https:\/\/www.suno.com.br\/noticias\/negocios\/\"},{\"@type\":\"ListItem\",\"position\":3,\"name\":\"Venda da Farmais, da BR Pharma, \u00e9 suspensa pela Justi\u00e7a\"}]},{\"@type\":\"WebSite\",\"@id\":\"https:\/\/www.suno.com.br\/noticias\/#website\",\"url\":\"https:\/\/www.suno.com.br\/noticias\/\",\"name\":\"Suno Not\u00edcias\",\"description\":\"Seu portal de informa\u00e7\u00e3o sobre o mundo dos investimentos\",\"publisher\":{\"@id\":\"https:\/\/www.suno.com.br\/noticias\/#organization\"},\"potentialAction\":[{\"@type\":\"SearchAction\",\"target\":{\"@type\":\"EntryPoint\",\"urlTemplate\":\"https:\/\/www.suno.com.br\/noticias\/?s={search_term_string}\"},\"query-input\":{\"@type\":\"PropertyValueSpecification\",\"valueRequired\":true,\"valueName\":\"search_term_string\"}}],\"inLanguage\":\"pt-BR\"},{\"@type\":\"Organization\",\"@id\":\"https:\/\/www.suno.com.br\/noticias\/#organization\",\"name\":\"Suno Not\u00edcias\",\"url\":\"https:\/\/www.suno.com.br\/noticias\/\",\"logo\":{\"@type\":\"ImageObject\",\"inLanguage\":\"pt-BR\",\"@id\":\"https:\/\/www.suno.com.br\/noticias\/#\/schema\/logo\/image\/\",\"url\":\"https:\/\/files.sunoresearch.com.br\/n\/uploads\/2021\/09\/suno-logo.png\",\"contentUrl\":\"https:\/\/files.sunoresearch.com.br\/n\/uploads\/2021\/09\/suno-logo.png\",\"width\":180,\"height\":180,\"caption\":\"Suno Not\u00edcias\"},\"image\":{\"@id\":\"https:\/\/www.suno.com.br\/noticias\/#\/schema\/logo\/image\/\"},\"sameAs\":[\"https:\/\/facebook.com\/sunoresearch\",\"https:\/\/x.com\/sunoresearch\",\"https:\/\/www.instagram.com\/suno\",\"https:\/\/www.linkedin.com\/company\/suno-research\/\",\"https:\/\/www.youtube.com\/c\/sunoresearch\"]},{\"@type\":\"Person\",\"@id\":\"https:\/\/www.suno.com.br\/noticias\/#\/schema\/person\/e6e0f723cc177805027f4566c1d5e0c8\",\"name\":\"Carlo Cauti\",\"image\":{\"@type\":\"ImageObject\",\"inLanguage\":\"pt-BR\",\"@id\":\"https:\/\/www.suno.com.br\/noticias\/#\/schema\/person\/image\/\",\"url\":\"https:\/\/secure.gravatar.com\/avatar\/3ada9e0bd164c23abd4792a9606d583c?s=96&r=g\",\"contentUrl\":\"https:\/\/secure.gravatar.com\/avatar\/3ada9e0bd164c23abd4792a9606d583c?s=96&r=g\",\"caption\":\"Carlo Cauti\"},\"description\":\"Editor multim\u00eddia do SUNO Not\u00edcias. Italiano, formado em Ci\u00eancias Pol\u00edticas pela universidade LUISS G. Carli de Roma e mestre cum laude em Rela\u00e7\u00f5es Internacionais, Jornalismo Internacional e de Guerra e em Economia Internacional. Concluiu tamb\u00e9m um MBA em Finan\u00e7as na B3. No Brasil, teve passagem por ve\u00edculos como Estad\u00e3o, Globo, Veja e EXAME. e nas ag\u00eancias de not\u00edcias italianas ANSA e NOVA.\",\"url\":\"https:\/\/www.suno.com.br\/noticias\/author\/carlo-cauti\/\"}]}<\/script>\n<!-- \/ Yoast SEO plugin. -->","yoast_head_json":{"title":"Venda da Farmais, da BR Pharma, \u00e9 suspensa pela Justi\u00e7a","description":"A venda da rede de drogarias Farmais foi suspensa nesta sexta-feira (01) pela Justi\u00e7a. Clique aqui para saber mais.","robots":{"index":"index","follow":"follow","max-snippet":"max-snippet:-1","max-image-preview":"max-image-preview:large","max-video-preview":"max-video-preview:-1"},"canonical":"https:\/\/www.suno.com.br\/noticias\/justica-suspende-venda-farmais-pharma\/","og_locale":"pt_BR","og_type":"article","og_title":"Venda da Farmais, da BR Pharma, \u00e9 suspensa pela Justi\u00e7a","og_description":"A venda da rede de drogarias Farmais foi suspensa nesta sexta-feira (01) pela Justi\u00e7a. Clique aqui para saber mais.","og_url":"https:\/\/www.suno.com.br\/noticias\/justica-suspende-venda-farmais-pharma\/","og_site_name":"Suno Not\u00edcias","article_publisher":"https:\/\/facebook.com\/sunoresearch","og_image":[{"width":806,"height":522,"url":"https:\/\/files.sunoresearch.com.br\/n\/uploads\/2019\/03\/3ebf5589-br-pharma.jpg","type":"image\/jpeg"}],"author":"Carlo Cauti","twitter_card":"summary_large_image","twitter_creator":"@sunoresearch","twitter_site":"@sunoresearch","twitter_misc":{"Escrito por":"Carlo Cauti","Est. tempo de leitura":"2 minutos"},"schema":{"@context":"https:\/\/schema.org","@graph":[{"@type":"NewsArticle","@id":"https:\/\/www.suno.com.br\/noticias\/justica-suspende-venda-farmais-pharma\/#article","isPartOf":{"@id":"https:\/\/www.suno.com.br\/noticias\/justica-suspende-venda-farmais-pharma\/"},"author":{"name":"Carlo Cauti","@id":"https:\/\/www.suno.com.br\/noticias\/#\/schema\/person\/e6e0f723cc177805027f4566c1d5e0c8"},"headline":"Venda da Farmais, da BR Pharma, \u00e9 suspensa pela Justi\u00e7a","datePublished":"2019-03-01T15:24:18+00:00","dateModified":"2021-06-14T02:21:59+00:00","mainEntityOfPage":{"@id":"https:\/\/www.suno.com.br\/noticias\/justica-suspende-venda-farmais-pharma\/"},"wordCount":416,"publisher":{"@id":"https:\/\/www.suno.com.br\/noticias\/#organization"},"image":{"@id":"https:\/\/www.suno.com.br\/noticias\/justica-suspende-venda-farmais-pharma\/#primaryimage"},"thumbnailUrl":"https:\/\/files.sunoresearch.com.br\/n\/uploads\/2019\/03\/3ebf5589-br-pharma-jpg.webp","keywords":["BR Pharma","ind\u00fastria farmac\u00eautica"],"articleSection":["Neg\u00f3cios"],"inLanguage":"pt-BR"},{"@type":"WebPage","@id":"https:\/\/www.suno.com.br\/noticias\/justica-suspende-venda-farmais-pharma\/","url":"https:\/\/www.suno.com.br\/noticias\/justica-suspende-venda-farmais-pharma\/","name":"Venda da Farmais, da BR Pharma, \u00e9 suspensa pela Justi\u00e7a","isPartOf":{"@id":"https:\/\/www.suno.com.br\/noticias\/#website"},"primaryImageOfPage":{"@id":"https:\/\/www.suno.com.br\/noticias\/justica-suspende-venda-farmais-pharma\/#primaryimage"},"image":{"@id":"https:\/\/www.suno.com.br\/noticias\/justica-suspende-venda-farmais-pharma\/#primaryimage"},"thumbnailUrl":"https:\/\/files.sunoresearch.com.br\/n\/uploads\/2019\/03\/3ebf5589-br-pharma-jpg.webp","datePublished":"2019-03-01T15:24:18+00:00","dateModified":"2021-06-14T02:21:59+00:00","description":"A venda da rede de drogarias Farmais foi suspensa nesta sexta-feira (01) pela Justi\u00e7a. Clique aqui para saber mais.","breadcrumb":{"@id":"https:\/\/www.suno.com.br\/noticias\/justica-suspende-venda-farmais-pharma\/#breadcrumb"},"inLanguage":"pt-BR","potentialAction":[{"@type":"ReadAction","target":["https:\/\/www.suno.com.br\/noticias\/justica-suspende-venda-farmais-pharma\/"]}]},{"@type":"ImageObject","inLanguage":"pt-BR","@id":"https:\/\/www.suno.com.br\/noticias\/justica-suspende-venda-farmais-pharma\/#primaryimage","url":"https:\/\/files.sunoresearch.com.br\/n\/uploads\/2019\/03\/3ebf5589-br-pharma-jpg.webp","contentUrl":"https:\/\/files.sunoresearch.com.br\/n\/uploads\/2019\/03\/3ebf5589-br-pharma-jpg.webp","width":806,"height":522,"caption":"BR Pharma"},{"@type":"BreadcrumbList","@id":"https:\/\/www.suno.com.br\/noticias\/justica-suspende-venda-farmais-pharma\/#breadcrumb","itemListElement":[{"@type":"ListItem","position":1,"name":"Not\u00edcias","item":"https:\/\/www.suno.com.br\/noticias\/"},{"@type":"ListItem","position":2,"name":"Neg\u00f3cios","item":"https:\/\/www.suno.com.br\/noticias\/negocios\/"},{"@type":"ListItem","position":3,"name":"Venda da Farmais, da BR Pharma, \u00e9 suspensa pela Justi\u00e7a"}]},{"@type":"WebSite","@id":"https:\/\/www.suno.com.br\/noticias\/#website","url":"https:\/\/www.suno.com.br\/noticias\/","name":"Suno Not\u00edcias","description":"Seu portal de informa\u00e7\u00e3o sobre o mundo dos investimentos","publisher":{"@id":"https:\/\/www.suno.com.br\/noticias\/#organization"},"potentialAction":[{"@type":"SearchAction","target":{"@type":"EntryPoint","urlTemplate":"https:\/\/www.suno.com.br\/noticias\/?s={search_term_string}"},"query-input":{"@type":"PropertyValueSpecification","valueRequired":true,"valueName":"search_term_string"}}],"inLanguage":"pt-BR"},{"@type":"Organization","@id":"https:\/\/www.suno.com.br\/noticias\/#organization","name":"Suno Not\u00edcias","url":"https:\/\/www.suno.com.br\/noticias\/","logo":{"@type":"ImageObject","inLanguage":"pt-BR","@id":"https:\/\/www.suno.com.br\/noticias\/#\/schema\/logo\/image\/","url":"https:\/\/files.sunoresearch.com.br\/n\/uploads\/2021\/09\/suno-logo.png","contentUrl":"https:\/\/files.sunoresearch.com.br\/n\/uploads\/2021\/09\/suno-logo.png","width":180,"height":180,"caption":"Suno Not\u00edcias"},"image":{"@id":"https:\/\/www.suno.com.br\/noticias\/#\/schema\/logo\/image\/"},"sameAs":["https:\/\/facebook.com\/sunoresearch","https:\/\/x.com\/sunoresearch","https:\/\/www.instagram.com\/suno","https:\/\/www.linkedin.com\/company\/suno-research\/","https:\/\/www.youtube.com\/c\/sunoresearch"]},{"@type":"Person","@id":"https:\/\/www.suno.com.br\/noticias\/#\/schema\/person\/e6e0f723cc177805027f4566c1d5e0c8","name":"Carlo Cauti","image":{"@type":"ImageObject","inLanguage":"pt-BR","@id":"https:\/\/www.suno.com.br\/noticias\/#\/schema\/person\/image\/","url":"https:\/\/secure.gravatar.com\/avatar\/3ada9e0bd164c23abd4792a9606d583c?s=96&r=g","contentUrl":"https:\/\/secure.gravatar.com\/avatar\/3ada9e0bd164c23abd4792a9606d583c?s=96&r=g","caption":"Carlo Cauti"},"description":"Editor multim\u00eddia do SUNO Not\u00edcias. Italiano, formado em Ci\u00eancias Pol\u00edticas pela universidade LUISS G. Carli de Roma e mestre cum laude em Rela\u00e7\u00f5es Internacionais, Jornalismo Internacional e de Guerra e em Economia Internacional. Concluiu tamb\u00e9m um MBA em Finan\u00e7as na B3. No Brasil, teve passagem por ve\u00edculos como Estad\u00e3o, Globo, Veja e EXAME. e nas ag\u00eancias de not\u00edcias italianas ANSA e NOVA.","url":"https:\/\/www.suno.com.br\/noticias\/author\/carlo-cauti\/"}]}},"default_loop_html":"<div class=\"cardsPage__listCard__boxs\"><div class=\"cardsPage__listCard__boxs__img\"><a href=\"https:\/\/www.suno.com.br\/noticias\/justica-suspende-venda-farmais-pharma\/\"><img class=\"mask\" src=\"https:\/\/www.suno.com.br\/noticias\/wp-content\/themes\/suno\/resources\/images\/spotlight\/spotlight1img\/bg-mask.png\" alt=\"Image Mask\"\/><img src=\"https:\/\/files.sunoresearch.com.br\/n\/uploads\/2019\/03\/3ebf5589-br-pharma-400x200.webp\" alt=\"Venda da Farmais, da BR Pharma, \u00e9 suspensa pela Justi\u00e7a\"\/><\/a><span class=\"spotlightCategory\"><a href=\"https:\/\/www.suno.com.br\/noticias\/negocios\/\">Neg\u00f3cios<\/a><\/span><\/div><div class=\"cardsPage__listCard__boxs__content\"><a href=\"https:\/\/www.suno.com.br\/noticias\/justica-suspende-venda-farmais-pharma\/\"><h2 class=\"content__title\">Venda da Farmais, da BR Pharma, \u00e9 suspensa pela Justi\u00e7a<\/h2><\/a><div class=\"newsContent__article__meta\"><div class=\"newsContent__article__meta__authorBox\"><a href=\"https:\/\/www.suno.com.br\/noticias\/author\/carlo-cauti\/\" class=\"authorBox__avatar noMobi\"><img src=\"https:\/\/files.sunoresearch.com.br\/n\/uploads\/2020\/08\/e3745f9a-perfil-carlo-cauti-150x150.webp\" alt=\"Carlo Cauti\"><\/a><div class=\"authorBox__name\"><span>por\n\t\t\t<a href=\"https:\/\/www.suno.com.br\/noticias\/author\/carlo-cauti\/\"><span itemprop=\"author\">Carlo Cauti<\/span><\/a><\/span><time datetime=\"2019-03-01T12:24:18-03:00\" itemprop=\"datePublished\">01\/03\/2019 12:24<\/time><\/div><\/div><\/div><\/div><\/div>","single_layout":"posts","amp_enabled":true,"_links":{"self":[{"href":"https:\/\/www.suno.com.br\/noticias\/wp-json\/wp\/v2\/posts\/17027"}],"collection":[{"href":"https:\/\/www.suno.com.br\/noticias\/wp-json\/wp\/v2\/posts"}],"about":[{"href":"https:\/\/www.suno.com.br\/noticias\/wp-json\/wp\/v2\/types\/post"}],"author":[{"embeddable":true,"href":"https:\/\/www.suno.com.br\/noticias\/wp-json\/wp\/v2\/users\/9"}],"replies":[{"embeddable":true,"href":"https:\/\/www.suno.com.br\/noticias\/wp-json\/wp\/v2\/comments?post=17027"}],"version-history":[{"count":1,"href":"https:\/\/www.suno.com.br\/noticias\/wp-json\/wp\/v2\/posts\/17027\/revisions"}],"predecessor-version":[{"id":156687,"href":"https:\/\/www.suno.com.br\/noticias\/wp-json\/wp\/v2\/posts\/17027\/revisions\/156687"}],"wp:featuredmedia":[{"embeddable":true,"href":"https:\/\/www.suno.com.br\/noticias\/wp-json\/wp\/v2\/media\/17031"}],"wp:attachment":[{"href":"https:\/\/www.suno.com.br\/noticias\/wp-json\/wp\/v2\/media?parent=17027"}],"wp:term":[{"taxonomy":"category","embeddable":true,"href":"https:\/\/www.suno.com.br\/noticias\/wp-json\/wp\/v2\/categories?post=17027"},{"taxonomy":"post_tag","embeddable":true,"href":"https:\/\/www.suno.com.br\/noticias\/wp-json\/wp\/v2\/tags?post=17027"},{"taxonomy":"suno_strategy","embeddable":true,"href":"https:\/\/www.suno.com.br\/noticias\/wp-json\/wp\/v2\/suno_strategy?post=17027"}],"curies":[{"name":"wp","href":"https:\/\/api.w.org\/{rel}","templated":true}]}}