{"id":17026,"date":"2019-03-01T12:48:55","date_gmt":"2019-03-01T15:48:55","guid":{"rendered":"https:\/\/www.suno.com.br\/noticias\/?p=17026"},"modified":"2019-03-01T12:48:55","modified_gmt":"2019-03-01T15:48:55","slug":"cni-emprego-na-industria-cresce-pelo-3o-mes-consecutivo","status":"publish","type":"post","link":"https:\/\/www.suno.com.br\/noticias\/cni-emprego-na-industria-cresce-pelo-3o-mes-consecutivo\/","title":{"rendered":"CNI: emprego na ind\u00fastria cresce pelo 3\u00ba m\u00eas consecutivo"},"content":{"rendered":"<p>A <strong>Confedera\u00e7\u00e3o Nacional da Ind\u00fastria<\/strong> (CNI) informou que o emprego no <strong>setor industrial<\/strong> cresceu\u00a00,4% em janeiro em compara\u00e7\u00e3o a dezembro. O resultado positivo \u00e9 calculado na\u00a0<strong>pesquisa peri\u00f3dica Indicadores Industriais,<\/strong> uma s\u00e9rie livre de influ\u00eancias sazonais.<\/p>\t<div class=\"wrapper-featured-image\">\n\t\t<figure class=\"spotlightImg\">\n\n\t\t\t<picture>\n\t\t\t\t<source media=\"(max-width: 768px)\" srcset=\"https:\/\/files.sunoresearch.com.br\/n\/uploads\/2018\/11\/22c2df9c-industria-400x200.webp\">\n\t\t\t\t<img loading=\"lazy\" decoding=\"async\" class=\"newsContent__article__imgCapa lazyloadDisabled newsContent__article__imgCapa--noCaption\" src=\"https:\/\/files.sunoresearch.com.br\/n\/uploads\/2018\/11\/22c2df9c-industria-800x450.webp\" width=\"800\" height=\"450\" alt=\"CNI: emprego na ind\u00fastria cresce pelo 3\u00ba m\u00eas consecutivo\" fetchpriority=high \/>\n\t\t\t<\/picture>\n\n\t\t\t<figcaption class=\"wp-caption-text wp-caption-text--hide\">CNI<\/figcaption>\n\t\t<\/figure>\n\t<\/div>\n\n\n<p>Esse \u00e9 o terceiro m\u00eas de crescimento consecutivo para o trabalho no <strong>setor industrial.<\/strong> Segundo a <strong>CNI,<\/strong> os n\u00fameros de janeiro confirmam a trajet\u00f3ria de recupera\u00e7\u00e3o da ind\u00fastria,\u00a0com o aumento do <strong>emprego,<\/strong> das horas trabalhadas na produ\u00e7\u00e3o e no n\u00edvel de <strong>utiliza\u00e7\u00e3o da capacidade.<\/strong> Em compara\u00e7\u00e3o a janeiro de 2018, o emprego no setor industrial aumentou de 0,5%.<\/p>\n<p><a href=\"https:\/\/www.suno.com.br\/noticias\/paulo-afonso-ferreira-presidente-cni\/\">Saiba mais: Paulo Afonso Ferreira ser\u00e1 o presidente interino da CNI\u00a0<\/a><\/p>\n<p>Por sua vez, as horas trabalhadas aumentaram 1,5% em janeiro em compara\u00e7\u00e3o a dezembro, na s\u00e9rie de dados dessazonalizados. O resultado foi parecido com aquele registrado em compara\u00e7\u00e3o com janeiro de 2018, quando a alta foi de 1,4%.<\/p>\n<p><a href=\"https:\/\/www.suno.com.br\/noticias\/cni-acordos-comerciais-vantajosos\/\">Saiba mais: CNI: novos acordos comerciais poderiam ser vantajosos ao Brasil\u00a0<\/a><\/p>\n<p>Al\u00e9m disso, o n\u00edvel de utiliza\u00e7\u00e3o da <strong>capacidade instalada<\/strong> aumentou 0,7 ponto percentual em compara\u00e7\u00e3o com dezembro, e 0,2 ponto percentual em compara\u00e7\u00e3o com janeiro 2018. No primeiro m\u00eas de 2019, a utiliza\u00e7\u00e3o da capacidade instalada chegou a 78,3% em janeiro.<\/p>\n<h2>Queda nos sal\u00e1rios e no faturamento<\/h2>\n<p>Entretanto, segundo a pesquisa da <strong>CNI,<\/strong> o <strong>faturamento,<\/strong> a massa real de sal\u00e1rios e o rendimento m\u00e9dio do trabalhador da <strong>ind\u00fastria<\/strong> recuaram em janeiro. Esses indicadores\u00a0continuam abaixo de quanto registrado em janeiro de 2018.<\/p>\n<p><a href=\"https:\/\/www.suno.com.br\/noticias\/presidente-cni-atrair-investimentos-2019\/\">Saiba mais: Presidente da CNI diz que Pa\u00eds voltar\u00e1 a atrair investimentos em 2019\u00a0<\/a><\/p>\n<p>Em compara\u00e7\u00e3o a <strong>dezembro,<\/strong> o faturamento se reduziu 2% na s\u00e9rie com ajuste sazonal, al\u00e9m de uma queda de 0,2% a quanto registrado em janeiro de 2018. Al\u00e9m disso, a massa real de sal\u00e1rios registrou uma redu\u00e7\u00e3o de 1,2% na compara\u00e7\u00e3o com dezembro, com o ajuste sazonal. No m\u00eas anterior tinha sido registrado um aumento de 2,1%, parcialmente revertido com essa queda.<\/p>\n<p>Segundo a <strong>CNI,<\/strong> mesmo em rela\u00e7\u00e3o a janeiro do ano passado foi registrada uma queda da massa real de <strong>sal\u00e1rios,<\/strong> de 0,9%. O rendimento m\u00e9dio real dos trabalhadores se contraiu de 2,4% em janeiro em compara\u00e7\u00e3o a dezembro, tamb\u00e9m na s\u00e9rie dessazonalizada, sendo 1,4% menor do que o registrado em janeiro de 2018.<\/p>\n","protected":false},"excerpt":{"rendered":"<p>A Confedera\u00e7\u00e3o Nacional da Ind\u00fastria (CNI) informou que o emprego no setor industrial cresceu\u00a00,4% em janeiro em compara\u00e7\u00e3o a dezembro. O resultado positivo \u00e9 calculado na\u00a0pesquisa peri\u00f3dica Indicadores Industriais, uma s\u00e9rie livre de influ\u00eancias sazonais. CNI Esse \u00e9 o terceiro m\u00eas de crescimento consecutivo para o trabalho no setor industrial. Segundo a CNI, os n\u00fameros [&hellip;]<\/p>\n","protected":false},"author":9,"featured_media":7413,"comment_status":"closed","ping_status":"closed","sticky":false,"template":"","format":"standard","meta":[],"categories":[60],"tags":[878,820],"suno_strategy":[],"class_list":["post-17026","post","type-post","status-publish","format-standard","has-post-thumbnail","hentry","category-mercado","tag-cni","tag-producao-industrial"],"yoast_head":"<!-- This site is optimized with the Yoast SEO plugin v24.4 - https:\/\/yoast.com\/wordpress\/plugins\/seo\/ -->\n<title>CNI: emprego na ind\u00fastria cresce em janeiro pelo 3\u00ba m\u00eas consecutivo<\/title>\n<meta name=\"description\" content=\"A CNI informou que o emprego no setor industrial cresceu\u00a00,4% em janeiro em compara\u00e7\u00e3o a dezembro. Clique aqui para saber mais.\" \/>\n<meta name=\"robots\" content=\"index, follow, max-snippet:-1, max-image-preview:large, max-video-preview:-1\" \/>\n<link rel=\"canonical\" href=\"https:\/\/www.suno.com.br\/noticias\/cni-emprego-na-industria-cresce-pelo-3o-mes-consecutivo\/\" \/>\n<meta property=\"og:locale\" content=\"pt_BR\" \/>\n<meta property=\"og:type\" content=\"article\" \/>\n<meta property=\"og:title\" content=\"CNI: emprego na ind\u00fastria cresce em janeiro pelo 3\u00ba m\u00eas consecutivo\" \/>\n<meta property=\"og:description\" content=\"A CNI informou que o emprego no setor industrial cresceu\u00a00,4% em janeiro em compara\u00e7\u00e3o a dezembro. Clique aqui para saber mais.\" \/>\n<meta property=\"og:url\" content=\"https:\/\/www.suno.com.br\/noticias\/cni-emprego-na-industria-cresce-pelo-3o-mes-consecutivo\/\" \/>\n<meta property=\"og:site_name\" content=\"Suno Not\u00edcias\" \/>\n<meta property=\"article:publisher\" content=\"https:\/\/facebook.com\/sunoresearch\" \/>\n<meta property=\"og:image\" content=\"https:\/\/files.sunoresearch.com.br\/n\/uploads\/2018\/11\/22c2df9c-industria.jpg\" \/>\n\t<meta property=\"og:image:width\" content=\"960\" \/>\n\t<meta property=\"og:image:height\" content=\"539\" \/>\n\t<meta property=\"og:image:type\" content=\"image\/jpeg\" \/>\n<meta name=\"author\" content=\"Carlo Cauti\" \/>\n<meta name=\"twitter:card\" content=\"summary_large_image\" \/>\n<meta name=\"twitter:creator\" content=\"@sunoresearch\" \/>\n<meta name=\"twitter:site\" content=\"@sunoresearch\" \/>\n<meta name=\"twitter:label1\" content=\"Escrito por\" \/>\n\t<meta name=\"twitter:data1\" content=\"Carlo Cauti\" \/>\n\t<meta name=\"twitter:label2\" content=\"Est. tempo de leitura\" \/>\n\t<meta name=\"twitter:data2\" content=\"2 minutos\" \/>\n<script type=\"application\/ld+json\" class=\"yoast-schema-graph\">{\"@context\":\"https:\/\/schema.org\",\"@graph\":[{\"@type\":\"NewsArticle\",\"@id\":\"https:\/\/www.suno.com.br\/noticias\/cni-emprego-na-industria-cresce-pelo-3o-mes-consecutivo\/#article\",\"isPartOf\":{\"@id\":\"https:\/\/www.suno.com.br\/noticias\/cni-emprego-na-industria-cresce-pelo-3o-mes-consecutivo\/\"},\"author\":{\"name\":\"Carlo Cauti\",\"@id\":\"https:\/\/www.suno.com.br\/noticias\/#\/schema\/person\/e6e0f723cc177805027f4566c1d5e0c8\"},\"headline\":\"CNI: emprego na ind\u00fastria cresce pelo 3\u00ba m\u00eas consecutivo\",\"datePublished\":\"2019-03-01T15:48:55+00:00\",\"mainEntityOfPage\":{\"@id\":\"https:\/\/www.suno.com.br\/noticias\/cni-emprego-na-industria-cresce-pelo-3o-mes-consecutivo\/\"},\"wordCount\":397,\"publisher\":{\"@id\":\"https:\/\/www.suno.com.br\/noticias\/#organization\"},\"image\":{\"@id\":\"https:\/\/www.suno.com.br\/noticias\/cni-emprego-na-industria-cresce-pelo-3o-mes-consecutivo\/#primaryimage\"},\"thumbnailUrl\":\"https:\/\/files.sunoresearch.com.br\/n\/uploads\/2018\/11\/22c2df9c-industria-jpg.webp\",\"keywords\":[\"CNI\",\"produ\u00e7\u00e3o industrial\"],\"articleSection\":[\"Mercado\"],\"inLanguage\":\"pt-BR\"},{\"@type\":\"WebPage\",\"@id\":\"https:\/\/www.suno.com.br\/noticias\/cni-emprego-na-industria-cresce-pelo-3o-mes-consecutivo\/\",\"url\":\"https:\/\/www.suno.com.br\/noticias\/cni-emprego-na-industria-cresce-pelo-3o-mes-consecutivo\/\",\"name\":\"CNI: emprego na ind\u00fastria cresce em janeiro pelo 3\u00ba m\u00eas consecutivo\",\"isPartOf\":{\"@id\":\"https:\/\/www.suno.com.br\/noticias\/#website\"},\"primaryImageOfPage\":{\"@id\":\"https:\/\/www.suno.com.br\/noticias\/cni-emprego-na-industria-cresce-pelo-3o-mes-consecutivo\/#primaryimage\"},\"image\":{\"@id\":\"https:\/\/www.suno.com.br\/noticias\/cni-emprego-na-industria-cresce-pelo-3o-mes-consecutivo\/#primaryimage\"},\"thumbnailUrl\":\"https:\/\/files.sunoresearch.com.br\/n\/uploads\/2018\/11\/22c2df9c-industria-jpg.webp\",\"datePublished\":\"2019-03-01T15:48:55+00:00\",\"description\":\"A CNI informou que o emprego no setor industrial cresceu\u00a00,4% em janeiro em compara\u00e7\u00e3o a dezembro. Clique aqui para saber mais.\",\"breadcrumb\":{\"@id\":\"https:\/\/www.suno.com.br\/noticias\/cni-emprego-na-industria-cresce-pelo-3o-mes-consecutivo\/#breadcrumb\"},\"inLanguage\":\"pt-BR\",\"potentialAction\":[{\"@type\":\"ReadAction\",\"target\":[\"https:\/\/www.suno.com.br\/noticias\/cni-emprego-na-industria-cresce-pelo-3o-mes-consecutivo\/\"]}]},{\"@type\":\"ImageObject\",\"inLanguage\":\"pt-BR\",\"@id\":\"https:\/\/www.suno.com.br\/noticias\/cni-emprego-na-industria-cresce-pelo-3o-mes-consecutivo\/#primaryimage\",\"url\":\"https:\/\/files.sunoresearch.com.br\/n\/uploads\/2018\/11\/22c2df9c-industria-jpg.webp\",\"contentUrl\":\"https:\/\/files.sunoresearch.com.br\/n\/uploads\/2018\/11\/22c2df9c-industria-jpg.webp\",\"width\":960,\"height\":539,\"caption\":\"CNI\"},{\"@type\":\"BreadcrumbList\",\"@id\":\"https:\/\/www.suno.com.br\/noticias\/cni-emprego-na-industria-cresce-pelo-3o-mes-consecutivo\/#breadcrumb\",\"itemListElement\":[{\"@type\":\"ListItem\",\"position\":1,\"name\":\"Not\u00edcias\",\"item\":\"https:\/\/www.suno.com.br\/noticias\/\"},{\"@type\":\"ListItem\",\"position\":2,\"name\":\"Mercado\",\"item\":\"https:\/\/www.suno.com.br\/noticias\/mercado\/\"},{\"@type\":\"ListItem\",\"position\":3,\"name\":\"CNI: emprego na ind\u00fastria cresce pelo 3\u00ba m\u00eas consecutivo\"}]},{\"@type\":\"WebSite\",\"@id\":\"https:\/\/www.suno.com.br\/noticias\/#website\",\"url\":\"https:\/\/www.suno.com.br\/noticias\/\",\"name\":\"Suno Not\u00edcias\",\"description\":\"Seu portal de informa\u00e7\u00e3o sobre o mundo dos investimentos\",\"publisher\":{\"@id\":\"https:\/\/www.suno.com.br\/noticias\/#organization\"},\"potentialAction\":[{\"@type\":\"SearchAction\",\"target\":{\"@type\":\"EntryPoint\",\"urlTemplate\":\"https:\/\/www.suno.com.br\/noticias\/?s={search_term_string}\"},\"query-input\":{\"@type\":\"PropertyValueSpecification\",\"valueRequired\":true,\"valueName\":\"search_term_string\"}}],\"inLanguage\":\"pt-BR\"},{\"@type\":\"Organization\",\"@id\":\"https:\/\/www.suno.com.br\/noticias\/#organization\",\"name\":\"Suno Not\u00edcias\",\"url\":\"https:\/\/www.suno.com.br\/noticias\/\",\"logo\":{\"@type\":\"ImageObject\",\"inLanguage\":\"pt-BR\",\"@id\":\"https:\/\/www.suno.com.br\/noticias\/#\/schema\/logo\/image\/\",\"url\":\"https:\/\/files.sunoresearch.com.br\/n\/uploads\/2021\/09\/suno-logo.png\",\"contentUrl\":\"https:\/\/files.sunoresearch.com.br\/n\/uploads\/2021\/09\/suno-logo.png\",\"width\":180,\"height\":180,\"caption\":\"Suno Not\u00edcias\"},\"image\":{\"@id\":\"https:\/\/www.suno.com.br\/noticias\/#\/schema\/logo\/image\/\"},\"sameAs\":[\"https:\/\/facebook.com\/sunoresearch\",\"https:\/\/x.com\/sunoresearch\",\"https:\/\/www.instagram.com\/suno\",\"https:\/\/www.linkedin.com\/company\/suno-research\/\",\"https:\/\/www.youtube.com\/c\/sunoresearch\"]},{\"@type\":\"Person\",\"@id\":\"https:\/\/www.suno.com.br\/noticias\/#\/schema\/person\/e6e0f723cc177805027f4566c1d5e0c8\",\"name\":\"Carlo Cauti\",\"image\":{\"@type\":\"ImageObject\",\"inLanguage\":\"pt-BR\",\"@id\":\"https:\/\/www.suno.com.br\/noticias\/#\/schema\/person\/image\/\",\"url\":\"https:\/\/secure.gravatar.com\/avatar\/3ada9e0bd164c23abd4792a9606d583c?s=96&r=g\",\"contentUrl\":\"https:\/\/secure.gravatar.com\/avatar\/3ada9e0bd164c23abd4792a9606d583c?s=96&r=g\",\"caption\":\"Carlo Cauti\"},\"description\":\"Editor multim\u00eddia do SUNO Not\u00edcias. Italiano, formado em Ci\u00eancias Pol\u00edticas pela universidade LUISS G. Carli de Roma e mestre cum laude em Rela\u00e7\u00f5es Internacionais, Jornalismo Internacional e de Guerra e em Economia Internacional. Concluiu tamb\u00e9m um MBA em Finan\u00e7as na B3. No Brasil, teve passagem por ve\u00edculos como Estad\u00e3o, Globo, Veja e EXAME. e nas ag\u00eancias de not\u00edcias italianas ANSA e NOVA.\",\"url\":\"https:\/\/www.suno.com.br\/noticias\/author\/carlo-cauti\/\"}]}<\/script>\n<!-- \/ Yoast SEO plugin. -->","yoast_head_json":{"title":"CNI: emprego na ind\u00fastria cresce em janeiro pelo 3\u00ba m\u00eas consecutivo","description":"A CNI informou que o emprego no setor industrial cresceu\u00a00,4% em janeiro em compara\u00e7\u00e3o a dezembro. Clique aqui para saber mais.","robots":{"index":"index","follow":"follow","max-snippet":"max-snippet:-1","max-image-preview":"max-image-preview:large","max-video-preview":"max-video-preview:-1"},"canonical":"https:\/\/www.suno.com.br\/noticias\/cni-emprego-na-industria-cresce-pelo-3o-mes-consecutivo\/","og_locale":"pt_BR","og_type":"article","og_title":"CNI: emprego na ind\u00fastria cresce em janeiro pelo 3\u00ba m\u00eas consecutivo","og_description":"A CNI informou que o emprego no setor industrial cresceu\u00a00,4% em janeiro em compara\u00e7\u00e3o a dezembro. Clique aqui para saber mais.","og_url":"https:\/\/www.suno.com.br\/noticias\/cni-emprego-na-industria-cresce-pelo-3o-mes-consecutivo\/","og_site_name":"Suno Not\u00edcias","article_publisher":"https:\/\/facebook.com\/sunoresearch","og_image":[{"width":960,"height":539,"url":"https:\/\/files.sunoresearch.com.br\/n\/uploads\/2018\/11\/22c2df9c-industria.jpg","type":"image\/jpeg"}],"author":"Carlo Cauti","twitter_card":"summary_large_image","twitter_creator":"@sunoresearch","twitter_site":"@sunoresearch","twitter_misc":{"Escrito por":"Carlo Cauti","Est. tempo de leitura":"2 minutos"},"schema":{"@context":"https:\/\/schema.org","@graph":[{"@type":"NewsArticle","@id":"https:\/\/www.suno.com.br\/noticias\/cni-emprego-na-industria-cresce-pelo-3o-mes-consecutivo\/#article","isPartOf":{"@id":"https:\/\/www.suno.com.br\/noticias\/cni-emprego-na-industria-cresce-pelo-3o-mes-consecutivo\/"},"author":{"name":"Carlo Cauti","@id":"https:\/\/www.suno.com.br\/noticias\/#\/schema\/person\/e6e0f723cc177805027f4566c1d5e0c8"},"headline":"CNI: emprego na ind\u00fastria cresce pelo 3\u00ba m\u00eas consecutivo","datePublished":"2019-03-01T15:48:55+00:00","mainEntityOfPage":{"@id":"https:\/\/www.suno.com.br\/noticias\/cni-emprego-na-industria-cresce-pelo-3o-mes-consecutivo\/"},"wordCount":397,"publisher":{"@id":"https:\/\/www.suno.com.br\/noticias\/#organization"},"image":{"@id":"https:\/\/www.suno.com.br\/noticias\/cni-emprego-na-industria-cresce-pelo-3o-mes-consecutivo\/#primaryimage"},"thumbnailUrl":"https:\/\/files.sunoresearch.com.br\/n\/uploads\/2018\/11\/22c2df9c-industria-jpg.webp","keywords":["CNI","produ\u00e7\u00e3o industrial"],"articleSection":["Mercado"],"inLanguage":"pt-BR"},{"@type":"WebPage","@id":"https:\/\/www.suno.com.br\/noticias\/cni-emprego-na-industria-cresce-pelo-3o-mes-consecutivo\/","url":"https:\/\/www.suno.com.br\/noticias\/cni-emprego-na-industria-cresce-pelo-3o-mes-consecutivo\/","name":"CNI: emprego na ind\u00fastria cresce em janeiro pelo 3\u00ba m\u00eas consecutivo","isPartOf":{"@id":"https:\/\/www.suno.com.br\/noticias\/#website"},"primaryImageOfPage":{"@id":"https:\/\/www.suno.com.br\/noticias\/cni-emprego-na-industria-cresce-pelo-3o-mes-consecutivo\/#primaryimage"},"image":{"@id":"https:\/\/www.suno.com.br\/noticias\/cni-emprego-na-industria-cresce-pelo-3o-mes-consecutivo\/#primaryimage"},"thumbnailUrl":"https:\/\/files.sunoresearch.com.br\/n\/uploads\/2018\/11\/22c2df9c-industria-jpg.webp","datePublished":"2019-03-01T15:48:55+00:00","description":"A CNI informou que o emprego no setor industrial cresceu\u00a00,4% em janeiro em compara\u00e7\u00e3o a dezembro. Clique aqui para saber mais.","breadcrumb":{"@id":"https:\/\/www.suno.com.br\/noticias\/cni-emprego-na-industria-cresce-pelo-3o-mes-consecutivo\/#breadcrumb"},"inLanguage":"pt-BR","potentialAction":[{"@type":"ReadAction","target":["https:\/\/www.suno.com.br\/noticias\/cni-emprego-na-industria-cresce-pelo-3o-mes-consecutivo\/"]}]},{"@type":"ImageObject","inLanguage":"pt-BR","@id":"https:\/\/www.suno.com.br\/noticias\/cni-emprego-na-industria-cresce-pelo-3o-mes-consecutivo\/#primaryimage","url":"https:\/\/files.sunoresearch.com.br\/n\/uploads\/2018\/11\/22c2df9c-industria-jpg.webp","contentUrl":"https:\/\/files.sunoresearch.com.br\/n\/uploads\/2018\/11\/22c2df9c-industria-jpg.webp","width":960,"height":539,"caption":"CNI"},{"@type":"BreadcrumbList","@id":"https:\/\/www.suno.com.br\/noticias\/cni-emprego-na-industria-cresce-pelo-3o-mes-consecutivo\/#breadcrumb","itemListElement":[{"@type":"ListItem","position":1,"name":"Not\u00edcias","item":"https:\/\/www.suno.com.br\/noticias\/"},{"@type":"ListItem","position":2,"name":"Mercado","item":"https:\/\/www.suno.com.br\/noticias\/mercado\/"},{"@type":"ListItem","position":3,"name":"CNI: emprego na ind\u00fastria cresce pelo 3\u00ba m\u00eas consecutivo"}]},{"@type":"WebSite","@id":"https:\/\/www.suno.com.br\/noticias\/#website","url":"https:\/\/www.suno.com.br\/noticias\/","name":"Suno Not\u00edcias","description":"Seu portal de informa\u00e7\u00e3o sobre o mundo dos investimentos","publisher":{"@id":"https:\/\/www.suno.com.br\/noticias\/#organization"},"potentialAction":[{"@type":"SearchAction","target":{"@type":"EntryPoint","urlTemplate":"https:\/\/www.suno.com.br\/noticias\/?s={search_term_string}"},"query-input":{"@type":"PropertyValueSpecification","valueRequired":true,"valueName":"search_term_string"}}],"inLanguage":"pt-BR"},{"@type":"Organization","@id":"https:\/\/www.suno.com.br\/noticias\/#organization","name":"Suno Not\u00edcias","url":"https:\/\/www.suno.com.br\/noticias\/","logo":{"@type":"ImageObject","inLanguage":"pt-BR","@id":"https:\/\/www.suno.com.br\/noticias\/#\/schema\/logo\/image\/","url":"https:\/\/files.sunoresearch.com.br\/n\/uploads\/2021\/09\/suno-logo.png","contentUrl":"https:\/\/files.sunoresearch.com.br\/n\/uploads\/2021\/09\/suno-logo.png","width":180,"height":180,"caption":"Suno Not\u00edcias"},"image":{"@id":"https:\/\/www.suno.com.br\/noticias\/#\/schema\/logo\/image\/"},"sameAs":["https:\/\/facebook.com\/sunoresearch","https:\/\/x.com\/sunoresearch","https:\/\/www.instagram.com\/suno","https:\/\/www.linkedin.com\/company\/suno-research\/","https:\/\/www.youtube.com\/c\/sunoresearch"]},{"@type":"Person","@id":"https:\/\/www.suno.com.br\/noticias\/#\/schema\/person\/e6e0f723cc177805027f4566c1d5e0c8","name":"Carlo Cauti","image":{"@type":"ImageObject","inLanguage":"pt-BR","@id":"https:\/\/www.suno.com.br\/noticias\/#\/schema\/person\/image\/","url":"https:\/\/secure.gravatar.com\/avatar\/3ada9e0bd164c23abd4792a9606d583c?s=96&r=g","contentUrl":"https:\/\/secure.gravatar.com\/avatar\/3ada9e0bd164c23abd4792a9606d583c?s=96&r=g","caption":"Carlo Cauti"},"description":"Editor multim\u00eddia do SUNO Not\u00edcias. Italiano, formado em Ci\u00eancias Pol\u00edticas pela universidade LUISS G. Carli de Roma e mestre cum laude em Rela\u00e7\u00f5es Internacionais, Jornalismo Internacional e de Guerra e em Economia Internacional. Concluiu tamb\u00e9m um MBA em Finan\u00e7as na B3. No Brasil, teve passagem por ve\u00edculos como Estad\u00e3o, Globo, Veja e EXAME. e nas ag\u00eancias de not\u00edcias italianas ANSA e NOVA.","url":"https:\/\/www.suno.com.br\/noticias\/author\/carlo-cauti\/"}]}},"default_loop_html":"<div class=\"cardsPage__listCard__boxs\"><div class=\"cardsPage__listCard__boxs__img\"><a href=\"https:\/\/www.suno.com.br\/noticias\/cni-emprego-na-industria-cresce-pelo-3o-mes-consecutivo\/\"><img class=\"mask\" src=\"https:\/\/www.suno.com.br\/noticias\/wp-content\/themes\/suno\/resources\/images\/spotlight\/spotlight1img\/bg-mask.png\" alt=\"Image Mask\"\/><img src=\"https:\/\/files.sunoresearch.com.br\/n\/uploads\/2018\/11\/22c2df9c-industria-400x200.webp\" alt=\"CNI: emprego na ind\u00fastria cresce pelo 3\u00ba m\u00eas consecutivo\"\/><\/a><span class=\"spotlightCategory\"><a href=\"https:\/\/www.suno.com.br\/noticias\/mercado\/\">Mercado<\/a><\/span><\/div><div class=\"cardsPage__listCard__boxs__content\"><a href=\"https:\/\/www.suno.com.br\/noticias\/cni-emprego-na-industria-cresce-pelo-3o-mes-consecutivo\/\"><h2 class=\"content__title\">CNI: emprego na ind\u00fastria cresce pelo 3\u00ba m\u00eas consecutivo<\/h2><\/a><div class=\"newsContent__article__meta\"><div class=\"newsContent__article__meta__authorBox\"><a href=\"https:\/\/www.suno.com.br\/noticias\/author\/carlo-cauti\/\" class=\"authorBox__avatar noMobi\"><img src=\"https:\/\/files.sunoresearch.com.br\/n\/uploads\/2020\/08\/e3745f9a-perfil-carlo-cauti-150x150.webp\" alt=\"Carlo Cauti\"><\/a><div class=\"authorBox__name\"><span>por\n\t\t\t<a href=\"https:\/\/www.suno.com.br\/noticias\/author\/carlo-cauti\/\"><span itemprop=\"author\">Carlo Cauti<\/span><\/a><\/span><time datetime=\"2019-03-01T12:48:55-03:00\" itemprop=\"datePublished\">01\/03\/2019 12:48<\/time><\/div><\/div><\/div><\/div><\/div>","single_layout":"posts","amp_enabled":true,"_links":{"self":[{"href":"https:\/\/www.suno.com.br\/noticias\/wp-json\/wp\/v2\/posts\/17026"}],"collection":[{"href":"https:\/\/www.suno.com.br\/noticias\/wp-json\/wp\/v2\/posts"}],"about":[{"href":"https:\/\/www.suno.com.br\/noticias\/wp-json\/wp\/v2\/types\/post"}],"author":[{"embeddable":true,"href":"https:\/\/www.suno.com.br\/noticias\/wp-json\/wp\/v2\/users\/9"}],"replies":[{"embeddable":true,"href":"https:\/\/www.suno.com.br\/noticias\/wp-json\/wp\/v2\/comments?post=17026"}],"version-history":[{"count":0,"href":"https:\/\/www.suno.com.br\/noticias\/wp-json\/wp\/v2\/posts\/17026\/revisions"}],"wp:featuredmedia":[{"embeddable":true,"href":"https:\/\/www.suno.com.br\/noticias\/wp-json\/wp\/v2\/media\/7413"}],"wp:attachment":[{"href":"https:\/\/www.suno.com.br\/noticias\/wp-json\/wp\/v2\/media?parent=17026"}],"wp:term":[{"taxonomy":"category","embeddable":true,"href":"https:\/\/www.suno.com.br\/noticias\/wp-json\/wp\/v2\/categories?post=17026"},{"taxonomy":"post_tag","embeddable":true,"href":"https:\/\/www.suno.com.br\/noticias\/wp-json\/wp\/v2\/tags?post=17026"},{"taxonomy":"suno_strategy","embeddable":true,"href":"https:\/\/www.suno.com.br\/noticias\/wp-json\/wp\/v2\/suno_strategy?post=17026"}],"curies":[{"name":"wp","href":"https:\/\/api.w.org\/{rel}","templated":true}]}}