{"id":170239,"date":"2021-07-28T16:53:59","date_gmt":"2021-07-28T19:53:59","guid":{"rendered":"https:\/\/www.suno.com.br\/noticias\/?p=170239"},"modified":"2021-07-28T16:58:53","modified_gmt":"2021-07-28T19:58:53","slug":"tim-tims3-processa-c6-bank","status":"publish","type":"post","link":"https:\/\/www.suno.com.br\/noticias\/tim-tims3-processa-c6-bank\/","title":{"rendered":"TIM (TIMS3) abre processo contra C6 Bank; parceria entre empresas est\u00e1 amea\u00e7ada"},"content":{"rendered":"<p>A parceria entre o <strong>C6 Bank<\/strong> e a Tim (<a href=\"https:\/\/www.suno.com.br\/acoes\/tims3\/\" target=\"_blank\" rel=\"noopener noreferrer\">TIMS3<\/a>) passa por um momento delicado. Em seu <strong><a href=\"https:\/\/www.suno.com.br\/noticias\/tim-tims3-lucro-liquido-2t21\/\">relat\u00f3rio do segundo trimestre<\/a><\/strong>, a empresa de telecomunica\u00e7\u00f5es informou que abriu um processo no Centro de Arbitragem e Media\u00e7\u00e3o da C\u00e2mara de Com\u00e9rcio Brasil-Canad\u00e1 para rever cl\u00e1usulas contratuais.<\/p>\t<div class=\"wrapper-featured-image\">\n\t\t<figure class=\"spotlightImg\">\n\n\t\t\t<picture>\n\t\t\t\t<source media=\"(max-width: 768px)\" srcset=\"https:\/\/files.sunoresearch.com.br\/n\/uploads\/2021\/07\/ad3a9065-tim-c6-divulgacao-400x200.jpeg\">\n\t\t\t\t<img loading=\"lazy\" decoding=\"async\" class=\"newsContent__article__imgCapa lazyloadDisabled \" src=\"https:\/\/files.sunoresearch.com.br\/n\/uploads\/2021\/07\/ad3a9065-tim-c6-divulgacao-800x450.jpeg\" width=\"800\" height=\"450\" alt=\"TIM (TIMS3) abre processo contra C6 Bank; parceria entre empresas est\u00e1 amea\u00e7ada\" fetchpriority=high \/>\n\t\t\t<\/picture>\n\n\t\t\t<figcaption class=\"wp-caption-text wp-caption-text--show\">Tim tem 10 dias oara apresentar defesa contra processo do governo. Foto: Divulga\u00e7\u00e3o<\/figcaption>\n\t\t<\/figure>\n\t<\/div>\n\n\n\t<p>\n\t\t<a href=\"https:\/\/lp.suno.com.br\/planilha-controle-gastos\/\" target=\"_blank\" data-element=\"shortcode-suno-banner\" title=\"Banner SUNO, clique e saiba mais\">\n\t\t\t<picture>\n\t\t\t\t<source media=\"(max-width: 500px)\" srcset=\"https:\/\/files.sunoresearch.com.br\/n\/uploads\/2023\/03\/400x300-Planilha-controle-de-gastos.png\">\n\t\t\t\t<img class=\"newsContent__article__imgCapa newsContent__article__imgCapa--banner\"\n\t\t\t\t\tsrc=\"https:\/\/files.sunoresearch.com.br\/n\/uploads\/2023\/03\/1420x240-Planilha-controle-de-gastos.png\"\n\t\t\t\t\tdata-promo-id=\"101751\"\t\t\t\t\t\t\t\t\t\twidth='1420' height='240'\t\t\t\t\talt=\"https:\/\/files.sunoresearch.com.br\/n\/uploads\/2023\/03\/1420x240-Planilha-controle-de-gastos.png\"\n\t\t\t\t>\n\t\t\t<\/picture>\n\t\t<\/a>\n\t<\/p>\n\n\n<p>A a\u00e7\u00e3o contra o C6 Bank e a <strong>Carbon Holding<\/strong>, controladora da institui\u00e7\u00e3o financeira, n\u00e3o foi detalhada no relat\u00f3rio. A <strong>Tim<\/strong> se limita a dizer que \u00e9 necess\u00e1rio discutir a interpreta\u00e7\u00e3o de determinadas cl\u00e1usulas.<\/p>\n<p>Se n\u00e3o houver acordo, a parceria pode ser desfeita sem a aquisi\u00e7\u00e3o de participa\u00e7\u00e3o acion\u00e1ria da Tim no banco e com a cobran\u00e7a de uma multa.<\/p>\n<h2><strong>Parceria C6 Bank e Tim<\/strong><\/h2>\n<p>A parceria entre as empresas teve in\u00edcio em mar\u00e7o do ano passado. Foi o primeiro caso de consolida\u00e7\u00e3o da estrat\u00e9gia que a <strong>operadora de telefonia<\/strong> chama de &#8220;<em>customer platform<\/em>&#8220;.<\/p>\n<p>Neste plano, a Tim disponibiliza sua base de clientes e seus canais de comunica\u00e7\u00e3o e vendas para ajudar o parceiro a escalar o seu neg\u00f3cio. Em troca, o C6 Bank paga uma comiss\u00e3o e cede participa\u00e7\u00e3o acion\u00e1ria no <strong><a class=\"suno-keyword\" href=\"https:\/\/www.suno.com.br\/artigos\/banco-digital\/\" target=\"_blank\" rel=\"noopener noreferrer\" data-force=\"no\" data-priority=\"2\">banco digital<\/a><\/strong>.<\/p>\n\t<div data-element=\"shortcode-read-more\" class=\"knowMore\">\n\t\t\t\t<a class=\"knowMore__link\" href=\"https:\/\/www.suno.com.br\/noticias\/c6-bank-aporte-investidores\/\">\n\t\t\tCarbon Holding: C6 Bank recebe aporte de R$ 1,3 bilh\u00e3o\t\t<\/a>\n\t<\/div>\n\n\n<p>Em pouco mais de um ano, a Tim levou cerca de 3 milh\u00f5es de novos correntistas para o <strong>C6<\/strong> e garantiu 2,9% de participa\u00e7\u00e3o acion\u00e1ria na <strong>institui\u00e7\u00e3o financeira<\/strong>.<\/p>\n<p>O acordo impacta positivamente a operadora tamb\u00e9m: no segundo trimestre deste ano, a Tim diminuiu seu preju\u00edzo no <a class=\"suno-keyword\" href=\"https:\/\/www.suno.com.br\/artigos\/resultado-financeiro\/\" target=\"_blank\" rel=\"noopener noreferrer\" data-force=\"no\" data-priority=\"1\">resultado financeiro<\/a> l\u00edquido em R$ 232 milh\u00f5es, na compara\u00e7\u00e3o anual. Com isso, a operadora ficou apenas R$ 36 mih\u00f5es no negativo.<\/p>\n\t<p>\n\t\t<a href=\"https:\/\/lp.suno.com.br\/planilha-da-vida-financeira\/\" target=\"_blank\" data-element=\"shortcode-suno-banner\" title=\"Banner SUNO, clique e saiba mais\">\n\t\t\t<picture>\n\t\t\t\t<source media=\"(max-width: 500px)\" srcset=\"https:\/\/files.sunoresearch.com.br\/n\/uploads\/2023\/04\/400x300-Planilha-vida-financeira-true.png\">\n\t\t\t\t<img class=\"newsContent__article__imgCapa newsContent__article__imgCapa--banner\"\n\t\t\t\t\tsrc=\"https:\/\/files.sunoresearch.com.br\/n\/uploads\/2023\/04\/1420x240-Planilha-vida-financeira-true.png\"\n\t\t\t\t\tdata-promo-id=\"106682\"\t\t\t\t\t\t\t\t\t\twidth='1420' height='240'\t\t\t\t\talt=\"https:\/\/files.sunoresearch.com.br\/n\/uploads\/2023\/04\/1420x240-Planilha-vida-financeira-true.png\"\n\t\t\t\t>\n\t\t\t<\/picture>\n\t\t<\/a>\n\t<\/p>\n\n\n<p>De acordo com o relat\u00f3rio, uma das raz\u00f5es para essa melhora foi a parceria com o C6 Bank, devido justamente a <a href=\"https:\/\/www.suno.com.br\/noticias\/tim-tims3-banco-c6-participacao-capital\/\" target=\"_blank\" rel=\"noopener noreferrer\">participa\u00e7\u00e3o no capital social do banco<\/a>.<\/p>\n<p>A estrat\u00e9gia &#8220;<em>customer platform<\/em>&#8221; da TIM continua com outros setores. Recentemente, a empresa fechou um acordo similar com a Kroton para oferecer cursos EaD via celular para seus assinantes.<\/p>\n<p>Procurado pelo SUNO Not\u00edcias, o <strong>C6 Bank<\/strong> disse que n\u00e3o vai comentar o assunto.<\/p>\n\t<p>\n\t\t<a href=\"https:\/\/lp.suno.com.br\/planilha-de-controle-de-investimentos\/\" target=\"_blank\" data-element=\"shortcode-suno-banner\" title=\"Banner SUNO, clique e saiba mais\">\n\t\t\t<picture>\n\t\t\t\t<source media=\"(max-width: 500px)\" srcset=\"https:\/\/files.sunoresearch.com.br\/n\/uploads\/2023\/03\/400x300-Controle-de-Investimentos.png\">\n\t\t\t\t<img class=\"newsContent__article__imgCapa newsContent__article__imgCapa--banner\"\n\t\t\t\t\tsrc=\"https:\/\/files.sunoresearch.com.br\/n\/uploads\/2023\/03\/1420x240-Controle-de-Investimentos.png\"\n\t\t\t\t\tdata-promo-id=\"75934\"\t\t\t\t\t\t\t\t\t\twidth='1420' height='240'\t\t\t\t\talt=\"https:\/\/files.sunoresearch.com.br\/n\/uploads\/2023\/03\/1420x240-Controle-de-Investimentos.png\"\n\t\t\t\t>\n\t\t\t<\/picture>\n\t\t<\/a>\n\t<\/p>\n\n\n","protected":false},"excerpt":{"rendered":"<p>Em relat\u00f3rio, a Tim se limitou a dizer que gostaria de discutir determinadas cl\u00e1usulas do contrato. <\/p>\n","protected":false},"author":102,"featured_media":170247,"comment_status":"closed","ping_status":"closed","sticky":false,"template":"","format":"standard","meta":[],"categories":[64],"tags":[1806,663],"suno_strategy":[],"class_list":["post-170239","post","type-post","status-publish","format-standard","has-post-thumbnail","hentry","category-negocios","tag-c6-bank","tag-tim-tims3"],"yoast_head":"<!-- This site is optimized with the Yoast SEO plugin v24.4 - https:\/\/yoast.com\/wordpress\/plugins\/seo\/ -->\n<title>TIM (TIMS3) abre processo contra C6 Bank e parceria fica amea\u00e7ada<\/title>\n<meta name=\"description\" content=\"Ao abrir processo contra o C6 Bank, Tim afirma que deseja discutir determinadas cl\u00e1usulas da parceria com o banco digital. Entenda aqui.\" \/>\n<meta name=\"robots\" content=\"index, follow, max-snippet:-1, max-image-preview:large, max-video-preview:-1\" \/>\n<link rel=\"canonical\" href=\"https:\/\/www.suno.com.br\/noticias\/tim-tims3-processa-c6-bank\/\" \/>\n<meta property=\"og:locale\" content=\"pt_BR\" \/>\n<meta property=\"og:type\" content=\"article\" \/>\n<meta property=\"og:title\" content=\"TIM (TIMS3) abre processo contra C6 Bank e parceria fica amea\u00e7ada\" \/>\n<meta property=\"og:description\" content=\"Ao abrir processo contra o C6 Bank, Tim afirma que deseja discutir determinadas cl\u00e1usulas da parceria com o banco digital. Entenda aqui.\" \/>\n<meta property=\"og:url\" content=\"https:\/\/www.suno.com.br\/noticias\/tim-tims3-processa-c6-bank\/\" \/>\n<meta property=\"og:site_name\" content=\"Suno Not\u00edcias\" \/>\n<meta property=\"article:publisher\" content=\"https:\/\/facebook.com\/sunoresearch\" \/>\n<meta property=\"og:image\" content=\"https:\/\/files.sunoresearch.com.br\/n\/uploads\/2021\/07\/ad3a9065-tim-c6-divulgacao.jpeg\" \/>\n\t<meta property=\"og:image:width\" content=\"1200\" \/>\n\t<meta property=\"og:image:height\" content=\"720\" \/>\n\t<meta property=\"og:image:type\" content=\"image\/jpeg\" \/>\n<meta name=\"author\" content=\"Monique Lima\" \/>\n<meta name=\"twitter:card\" content=\"summary_large_image\" \/>\n<meta name=\"twitter:creator\" content=\"@sunoresearch\" \/>\n<meta name=\"twitter:site\" content=\"@sunoresearch\" \/>\n<meta name=\"twitter:label1\" content=\"Escrito por\" \/>\n\t<meta name=\"twitter:data1\" content=\"Monique Lima\" \/>\n\t<meta name=\"twitter:label2\" content=\"Est. tempo de leitura\" \/>\n\t<meta name=\"twitter:data2\" content=\"2 minutos\" \/>\n<script type=\"application\/ld+json\" class=\"yoast-schema-graph\">{\"@context\":\"https:\/\/schema.org\",\"@graph\":[{\"@type\":\"NewsArticle\",\"@id\":\"https:\/\/www.suno.com.br\/noticias\/tim-tims3-processa-c6-bank\/#article\",\"isPartOf\":{\"@id\":\"https:\/\/www.suno.com.br\/noticias\/tim-tims3-processa-c6-bank\/\"},\"author\":{\"name\":\"Monique Lima\",\"@id\":\"https:\/\/www.suno.com.br\/noticias\/#\/schema\/person\/d712329319cc9b10f254d02d654cb36a\"},\"headline\":\"TIM (TIMS3) abre processo contra C6 Bank; parceria entre empresas est\u00e1 amea\u00e7ada\",\"datePublished\":\"2021-07-28T19:53:59+00:00\",\"dateModified\":\"2021-07-28T19:58:53+00:00\",\"mainEntityOfPage\":{\"@id\":\"https:\/\/www.suno.com.br\/noticias\/tim-tims3-processa-c6-bank\/\"},\"wordCount\":381,\"publisher\":{\"@id\":\"https:\/\/www.suno.com.br\/noticias\/#organization\"},\"image\":{\"@id\":\"https:\/\/www.suno.com.br\/noticias\/tim-tims3-processa-c6-bank\/#primaryimage\"},\"thumbnailUrl\":\"https:\/\/files.sunoresearch.com.br\/n\/uploads\/2021\/07\/ad3a9065-tim-c6-divulgacao.jpeg\",\"keywords\":[\"C6 Bank\",\"TIM (TIMS3)\"],\"articleSection\":[\"Neg\u00f3cios\"],\"inLanguage\":\"pt-BR\"},{\"@type\":\"WebPage\",\"@id\":\"https:\/\/www.suno.com.br\/noticias\/tim-tims3-processa-c6-bank\/\",\"url\":\"https:\/\/www.suno.com.br\/noticias\/tim-tims3-processa-c6-bank\/\",\"name\":\"TIM (TIMS3) abre processo contra C6 Bank e parceria fica amea\u00e7ada\",\"isPartOf\":{\"@id\":\"https:\/\/www.suno.com.br\/noticias\/#website\"},\"primaryImageOfPage\":{\"@id\":\"https:\/\/www.suno.com.br\/noticias\/tim-tims3-processa-c6-bank\/#primaryimage\"},\"image\":{\"@id\":\"https:\/\/www.suno.com.br\/noticias\/tim-tims3-processa-c6-bank\/#primaryimage\"},\"thumbnailUrl\":\"https:\/\/files.sunoresearch.com.br\/n\/uploads\/2021\/07\/ad3a9065-tim-c6-divulgacao.jpeg\",\"datePublished\":\"2021-07-28T19:53:59+00:00\",\"dateModified\":\"2021-07-28T19:58:53+00:00\",\"description\":\"Ao abrir processo contra o C6 Bank, Tim afirma que deseja discutir determinadas cl\u00e1usulas da parceria com o banco digital. Entenda aqui.\",\"breadcrumb\":{\"@id\":\"https:\/\/www.suno.com.br\/noticias\/tim-tims3-processa-c6-bank\/#breadcrumb\"},\"inLanguage\":\"pt-BR\",\"potentialAction\":[{\"@type\":\"ReadAction\",\"target\":[\"https:\/\/www.suno.com.br\/noticias\/tim-tims3-processa-c6-bank\/\"]}]},{\"@type\":\"ImageObject\",\"inLanguage\":\"pt-BR\",\"@id\":\"https:\/\/www.suno.com.br\/noticias\/tim-tims3-processa-c6-bank\/#primaryimage\",\"url\":\"https:\/\/files.sunoresearch.com.br\/n\/uploads\/2021\/07\/ad3a9065-tim-c6-divulgacao.jpeg\",\"contentUrl\":\"https:\/\/files.sunoresearch.com.br\/n\/uploads\/2021\/07\/ad3a9065-tim-c6-divulgacao.jpeg\",\"width\":1200,\"height\":720,\"caption\":\"Tim tem 10 dias oara apresentar defesa contra processo do governo. Foto: Divulga\u00e7\u00e3o\"},{\"@type\":\"BreadcrumbList\",\"@id\":\"https:\/\/www.suno.com.br\/noticias\/tim-tims3-processa-c6-bank\/#breadcrumb\",\"itemListElement\":[{\"@type\":\"ListItem\",\"position\":1,\"name\":\"Not\u00edcias\",\"item\":\"https:\/\/www.suno.com.br\/noticias\/\"},{\"@type\":\"ListItem\",\"position\":2,\"name\":\"Neg\u00f3cios\",\"item\":\"https:\/\/www.suno.com.br\/noticias\/negocios\/\"},{\"@type\":\"ListItem\",\"position\":3,\"name\":\"TIM (TIMS3) abre processo contra C6 Bank; parceria entre empresas est\u00e1 amea\u00e7ada\"}]},{\"@type\":\"WebSite\",\"@id\":\"https:\/\/www.suno.com.br\/noticias\/#website\",\"url\":\"https:\/\/www.suno.com.br\/noticias\/\",\"name\":\"Suno Not\u00edcias\",\"description\":\"Seu portal de informa\u00e7\u00e3o sobre o mundo dos investimentos\",\"publisher\":{\"@id\":\"https:\/\/www.suno.com.br\/noticias\/#organization\"},\"potentialAction\":[{\"@type\":\"SearchAction\",\"target\":{\"@type\":\"EntryPoint\",\"urlTemplate\":\"https:\/\/www.suno.com.br\/noticias\/?s={search_term_string}\"},\"query-input\":{\"@type\":\"PropertyValueSpecification\",\"valueRequired\":true,\"valueName\":\"search_term_string\"}}],\"inLanguage\":\"pt-BR\"},{\"@type\":\"Organization\",\"@id\":\"https:\/\/www.suno.com.br\/noticias\/#organization\",\"name\":\"Suno Not\u00edcias\",\"url\":\"https:\/\/www.suno.com.br\/noticias\/\",\"logo\":{\"@type\":\"ImageObject\",\"inLanguage\":\"pt-BR\",\"@id\":\"https:\/\/www.suno.com.br\/noticias\/#\/schema\/logo\/image\/\",\"url\":\"https:\/\/files.sunoresearch.com.br\/n\/uploads\/2021\/09\/suno-logo.png\",\"contentUrl\":\"https:\/\/files.sunoresearch.com.br\/n\/uploads\/2021\/09\/suno-logo.png\",\"width\":180,\"height\":180,\"caption\":\"Suno Not\u00edcias\"},\"image\":{\"@id\":\"https:\/\/www.suno.com.br\/noticias\/#\/schema\/logo\/image\/\"},\"sameAs\":[\"https:\/\/facebook.com\/sunoresearch\",\"https:\/\/x.com\/sunoresearch\",\"https:\/\/www.instagram.com\/suno\",\"https:\/\/www.linkedin.com\/company\/suno-research\/\",\"https:\/\/www.youtube.com\/c\/sunoresearch\"]},{\"@type\":\"Person\",\"@id\":\"https:\/\/www.suno.com.br\/noticias\/#\/schema\/person\/d712329319cc9b10f254d02d654cb36a\",\"name\":\"Monique Lima\",\"image\":{\"@type\":\"ImageObject\",\"inLanguage\":\"pt-BR\",\"@id\":\"https:\/\/www.suno.com.br\/noticias\/#\/schema\/person\/image\/\",\"url\":\"https:\/\/secure.gravatar.com\/avatar\/daee7f16d906c2e9ffed236206ca2c30?s=96&r=g\",\"contentUrl\":\"https:\/\/secure.gravatar.com\/avatar\/daee7f16d906c2e9ffed236206ca2c30?s=96&r=g\",\"caption\":\"Monique Lima\"},\"description\":\"Rep\u00f3rter de Mercado no Suno Not\u00edcias, \u00e9 jornalista com experi\u00eancia na cobertura de economia, empreendedorismo, finan\u00e7as pessoais, mercado financeiro, carreira e recursos humanos. Formada em Jornalismo pela Universidade Paulista, teve experi\u00eancias em ve\u00edculos de comunica\u00e7\u00e3o como a Ag\u00eancia TradeMap, Revista Voc\u00ea S\/A e Revista Voc\u00ea RH, as duas \u00faltimas publica\u00e7\u00f5es da Editora Abril. No Suno Not\u00edcias, fala sobre as principais not\u00edcias de Fundos Imobili\u00e1rios, Fiagro, Startups e empresas listadas na Bolsa.\",\"url\":\"https:\/\/www.suno.com.br\/noticias\/author\/monique-lima\/\"}]}<\/script>\n<!-- \/ Yoast SEO plugin. -->","yoast_head_json":{"title":"TIM (TIMS3) abre processo contra C6 Bank e parceria fica amea\u00e7ada","description":"Ao abrir processo contra o C6 Bank, Tim afirma que deseja discutir determinadas cl\u00e1usulas da parceria com o banco digital. Entenda aqui.","robots":{"index":"index","follow":"follow","max-snippet":"max-snippet:-1","max-image-preview":"max-image-preview:large","max-video-preview":"max-video-preview:-1"},"canonical":"https:\/\/www.suno.com.br\/noticias\/tim-tims3-processa-c6-bank\/","og_locale":"pt_BR","og_type":"article","og_title":"TIM (TIMS3) abre processo contra C6 Bank e parceria fica amea\u00e7ada","og_description":"Ao abrir processo contra o C6 Bank, Tim afirma que deseja discutir determinadas cl\u00e1usulas da parceria com o banco digital. Entenda aqui.","og_url":"https:\/\/www.suno.com.br\/noticias\/tim-tims3-processa-c6-bank\/","og_site_name":"Suno Not\u00edcias","article_publisher":"https:\/\/facebook.com\/sunoresearch","og_image":[{"width":1200,"height":720,"url":"https:\/\/files.sunoresearch.com.br\/n\/uploads\/2021\/07\/ad3a9065-tim-c6-divulgacao.jpeg","type":"image\/jpeg"}],"author":"Monique Lima","twitter_card":"summary_large_image","twitter_creator":"@sunoresearch","twitter_site":"@sunoresearch","twitter_misc":{"Escrito por":"Monique Lima","Est. tempo de leitura":"2 minutos"},"schema":{"@context":"https:\/\/schema.org","@graph":[{"@type":"NewsArticle","@id":"https:\/\/www.suno.com.br\/noticias\/tim-tims3-processa-c6-bank\/#article","isPartOf":{"@id":"https:\/\/www.suno.com.br\/noticias\/tim-tims3-processa-c6-bank\/"},"author":{"name":"Monique Lima","@id":"https:\/\/www.suno.com.br\/noticias\/#\/schema\/person\/d712329319cc9b10f254d02d654cb36a"},"headline":"TIM (TIMS3) abre processo contra C6 Bank; parceria entre empresas est\u00e1 amea\u00e7ada","datePublished":"2021-07-28T19:53:59+00:00","dateModified":"2021-07-28T19:58:53+00:00","mainEntityOfPage":{"@id":"https:\/\/www.suno.com.br\/noticias\/tim-tims3-processa-c6-bank\/"},"wordCount":381,"publisher":{"@id":"https:\/\/www.suno.com.br\/noticias\/#organization"},"image":{"@id":"https:\/\/www.suno.com.br\/noticias\/tim-tims3-processa-c6-bank\/#primaryimage"},"thumbnailUrl":"https:\/\/files.sunoresearch.com.br\/n\/uploads\/2021\/07\/ad3a9065-tim-c6-divulgacao.jpeg","keywords":["C6 Bank","TIM (TIMS3)"],"articleSection":["Neg\u00f3cios"],"inLanguage":"pt-BR"},{"@type":"WebPage","@id":"https:\/\/www.suno.com.br\/noticias\/tim-tims3-processa-c6-bank\/","url":"https:\/\/www.suno.com.br\/noticias\/tim-tims3-processa-c6-bank\/","name":"TIM (TIMS3) abre processo contra C6 Bank e parceria fica amea\u00e7ada","isPartOf":{"@id":"https:\/\/www.suno.com.br\/noticias\/#website"},"primaryImageOfPage":{"@id":"https:\/\/www.suno.com.br\/noticias\/tim-tims3-processa-c6-bank\/#primaryimage"},"image":{"@id":"https:\/\/www.suno.com.br\/noticias\/tim-tims3-processa-c6-bank\/#primaryimage"},"thumbnailUrl":"https:\/\/files.sunoresearch.com.br\/n\/uploads\/2021\/07\/ad3a9065-tim-c6-divulgacao.jpeg","datePublished":"2021-07-28T19:53:59+00:00","dateModified":"2021-07-28T19:58:53+00:00","description":"Ao abrir processo contra o C6 Bank, Tim afirma que deseja discutir determinadas cl\u00e1usulas da parceria com o banco digital. Entenda aqui.","breadcrumb":{"@id":"https:\/\/www.suno.com.br\/noticias\/tim-tims3-processa-c6-bank\/#breadcrumb"},"inLanguage":"pt-BR","potentialAction":[{"@type":"ReadAction","target":["https:\/\/www.suno.com.br\/noticias\/tim-tims3-processa-c6-bank\/"]}]},{"@type":"ImageObject","inLanguage":"pt-BR","@id":"https:\/\/www.suno.com.br\/noticias\/tim-tims3-processa-c6-bank\/#primaryimage","url":"https:\/\/files.sunoresearch.com.br\/n\/uploads\/2021\/07\/ad3a9065-tim-c6-divulgacao.jpeg","contentUrl":"https:\/\/files.sunoresearch.com.br\/n\/uploads\/2021\/07\/ad3a9065-tim-c6-divulgacao.jpeg","width":1200,"height":720,"caption":"Tim tem 10 dias oara apresentar defesa contra processo do governo. Foto: Divulga\u00e7\u00e3o"},{"@type":"BreadcrumbList","@id":"https:\/\/www.suno.com.br\/noticias\/tim-tims3-processa-c6-bank\/#breadcrumb","itemListElement":[{"@type":"ListItem","position":1,"name":"Not\u00edcias","item":"https:\/\/www.suno.com.br\/noticias\/"},{"@type":"ListItem","position":2,"name":"Neg\u00f3cios","item":"https:\/\/www.suno.com.br\/noticias\/negocios\/"},{"@type":"ListItem","position":3,"name":"TIM (TIMS3) abre processo contra C6 Bank; parceria entre empresas est\u00e1 amea\u00e7ada"}]},{"@type":"WebSite","@id":"https:\/\/www.suno.com.br\/noticias\/#website","url":"https:\/\/www.suno.com.br\/noticias\/","name":"Suno Not\u00edcias","description":"Seu portal de informa\u00e7\u00e3o sobre o mundo dos investimentos","publisher":{"@id":"https:\/\/www.suno.com.br\/noticias\/#organization"},"potentialAction":[{"@type":"SearchAction","target":{"@type":"EntryPoint","urlTemplate":"https:\/\/www.suno.com.br\/noticias\/?s={search_term_string}"},"query-input":{"@type":"PropertyValueSpecification","valueRequired":true,"valueName":"search_term_string"}}],"inLanguage":"pt-BR"},{"@type":"Organization","@id":"https:\/\/www.suno.com.br\/noticias\/#organization","name":"Suno Not\u00edcias","url":"https:\/\/www.suno.com.br\/noticias\/","logo":{"@type":"ImageObject","inLanguage":"pt-BR","@id":"https:\/\/www.suno.com.br\/noticias\/#\/schema\/logo\/image\/","url":"https:\/\/files.sunoresearch.com.br\/n\/uploads\/2021\/09\/suno-logo.png","contentUrl":"https:\/\/files.sunoresearch.com.br\/n\/uploads\/2021\/09\/suno-logo.png","width":180,"height":180,"caption":"Suno Not\u00edcias"},"image":{"@id":"https:\/\/www.suno.com.br\/noticias\/#\/schema\/logo\/image\/"},"sameAs":["https:\/\/facebook.com\/sunoresearch","https:\/\/x.com\/sunoresearch","https:\/\/www.instagram.com\/suno","https:\/\/www.linkedin.com\/company\/suno-research\/","https:\/\/www.youtube.com\/c\/sunoresearch"]},{"@type":"Person","@id":"https:\/\/www.suno.com.br\/noticias\/#\/schema\/person\/d712329319cc9b10f254d02d654cb36a","name":"Monique Lima","image":{"@type":"ImageObject","inLanguage":"pt-BR","@id":"https:\/\/www.suno.com.br\/noticias\/#\/schema\/person\/image\/","url":"https:\/\/secure.gravatar.com\/avatar\/daee7f16d906c2e9ffed236206ca2c30?s=96&r=g","contentUrl":"https:\/\/secure.gravatar.com\/avatar\/daee7f16d906c2e9ffed236206ca2c30?s=96&r=g","caption":"Monique Lima"},"description":"Rep\u00f3rter de Mercado no Suno Not\u00edcias, \u00e9 jornalista com experi\u00eancia na cobertura de economia, empreendedorismo, finan\u00e7as pessoais, mercado financeiro, carreira e recursos humanos. Formada em Jornalismo pela Universidade Paulista, teve experi\u00eancias em ve\u00edculos de comunica\u00e7\u00e3o como a Ag\u00eancia TradeMap, Revista Voc\u00ea S\/A e Revista Voc\u00ea RH, as duas \u00faltimas publica\u00e7\u00f5es da Editora Abril. No Suno Not\u00edcias, fala sobre as principais not\u00edcias de Fundos Imobili\u00e1rios, Fiagro, Startups e empresas listadas na Bolsa.","url":"https:\/\/www.suno.com.br\/noticias\/author\/monique-lima\/"}]}},"default_loop_html":"<div class=\"cardsPage__listCard__boxs\"><div class=\"cardsPage__listCard__boxs__img\"><a href=\"https:\/\/www.suno.com.br\/noticias\/tim-tims3-processa-c6-bank\/\"><img class=\"mask\" src=\"https:\/\/www.suno.com.br\/noticias\/wp-content\/themes\/suno\/resources\/images\/spotlight\/spotlight1img\/bg-mask.png\" alt=\"Image Mask\"\/><img src=\"https:\/\/files.sunoresearch.com.br\/n\/uploads\/2021\/07\/ad3a9065-tim-c6-divulgacao-400x200.jpeg\" alt=\"TIM (TIMS3) abre processo contra C6 Bank; parceria entre empresas est\u00e1 amea\u00e7ada\"\/><\/a><span class=\"spotlightCategory\"><a href=\"https:\/\/www.suno.com.br\/noticias\/negocios\/\">Neg\u00f3cios<\/a><\/span><\/div><div class=\"cardsPage__listCard__boxs__content\"><a href=\"https:\/\/www.suno.com.br\/noticias\/tim-tims3-processa-c6-bank\/\"><h2 class=\"content__title\">TIM (TIMS3) abre processo contra C6 Bank; parceria entre empresas est\u00e1 amea\u00e7ada<\/h2><\/a><div class=\"newsContent__article__meta\"><div class=\"newsContent__article__meta__authorBox\"><a href=\"https:\/\/www.suno.com.br\/noticias\/author\/monique-lima\/\" class=\"authorBox__avatar noMobi\"><img src=\"https:\/\/secure.gravatar.com\/avatar\/daee7f16d906c2e9ffed236206ca2c30?s=96&#038;r=g\" alt=\"Monique Lima\"><\/a><div class=\"authorBox__name\"><span>por\n\t\t\t<a href=\"https:\/\/www.suno.com.br\/noticias\/author\/monique-lima\/\"><span itemprop=\"author\">Monique Lima<\/span><\/a><\/span><time datetime=\"2021-07-28T16:53:59-03:00\" itemprop=\"datePublished\">28\/07\/2021 16:53<\/time><\/div><\/div><\/div><\/div><\/div>","single_layout":"posts","amp_enabled":true,"_links":{"self":[{"href":"https:\/\/www.suno.com.br\/noticias\/wp-json\/wp\/v2\/posts\/170239"}],"collection":[{"href":"https:\/\/www.suno.com.br\/noticias\/wp-json\/wp\/v2\/posts"}],"about":[{"href":"https:\/\/www.suno.com.br\/noticias\/wp-json\/wp\/v2\/types\/post"}],"author":[{"embeddable":true,"href":"https:\/\/www.suno.com.br\/noticias\/wp-json\/wp\/v2\/users\/102"}],"replies":[{"embeddable":true,"href":"https:\/\/www.suno.com.br\/noticias\/wp-json\/wp\/v2\/comments?post=170239"}],"version-history":[{"count":3,"href":"https:\/\/www.suno.com.br\/noticias\/wp-json\/wp\/v2\/posts\/170239\/revisions"}],"predecessor-version":[{"id":170278,"href":"https:\/\/www.suno.com.br\/noticias\/wp-json\/wp\/v2\/posts\/170239\/revisions\/170278"}],"wp:featuredmedia":[{"embeddable":true,"href":"https:\/\/www.suno.com.br\/noticias\/wp-json\/wp\/v2\/media\/170247"}],"wp:attachment":[{"href":"https:\/\/www.suno.com.br\/noticias\/wp-json\/wp\/v2\/media?parent=170239"}],"wp:term":[{"taxonomy":"category","embeddable":true,"href":"https:\/\/www.suno.com.br\/noticias\/wp-json\/wp\/v2\/categories?post=170239"},{"taxonomy":"post_tag","embeddable":true,"href":"https:\/\/www.suno.com.br\/noticias\/wp-json\/wp\/v2\/tags?post=170239"},{"taxonomy":"suno_strategy","embeddable":true,"href":"https:\/\/www.suno.com.br\/noticias\/wp-json\/wp\/v2\/suno_strategy?post=170239"}],"curies":[{"name":"wp","href":"https:\/\/api.w.org\/{rel}","templated":true}]}}