{"id":170082,"date":"2021-07-28T10:28:14","date_gmt":"2021-07-28T13:28:14","guid":{"rendered":"https:\/\/www.suno.com.br\/noticias\/?p=170082"},"modified":"2021-07-28T10:30:22","modified_gmt":"2021-07-28T13:30:22","slug":"tc-trade3-estreia-b3-ipo","status":"publish","type":"post","link":"https:\/\/www.suno.com.br\/noticias\/tc-trade3-estreia-b3-ipo\/","title":{"rendered":"TC (TRAD3) abre em alta de 14% em estreia na B3; IPO levanta R$ 607 milh\u00f5es"},"content":{"rendered":"<p>O <strong>TC<\/strong> (TRAD3) estreou em forte alta na B3 nesta quarta-feira (28). Em sua <a href=\"https:\/\/www.suno.com.br\/artigos\/ipo\/\">oferta p\u00fablica inicial de a\u00e7\u00f5es (IPO<\/a>, na sigla em ingl\u00eas), as a\u00e7\u00f5es da empresa operavam com um avan\u00e7o de 14,54%, negociadas a R$ 10,86, por volta das 10h23.<\/p>\t<div class=\"wrapper-featured-image\">\n\t\t<figure class=\"spotlightImg\">\n\n\t\t\t<picture>\n\t\t\t\t<source media=\"(max-width: 768px)\" srcset=\"https:\/\/files.sunoresearch.com.br\/n\/uploads\/2021\/05\/d1f9a579-tc_card_loja_750x516px_easy-resize.com_-400x200.webp\">\n\t\t\t\t<img loading=\"lazy\" decoding=\"async\" class=\"newsContent__article__imgCapa lazyloadDisabled \" src=\"https:\/\/files.sunoresearch.com.br\/n\/uploads\/2021\/05\/d1f9a579-tc_card_loja_750x516px_easy-resize.com_-800x450.webp\" width=\"800\" height=\"450\" alt=\"TC (TRAD3) abre em alta de 14% em estreia na B3; IPO levanta R$ 607 milh\u00f5es\" fetchpriority=high \/>\n\t\t\t<\/picture>\n\n\t\t\t<figcaption class=\"wp-caption-text wp-caption-text--show\">TC (TRAD3) emitiu nota negando conhecimento das investiga\u00e7\u00f5es e citando que &#039;mant\u00e9m padr\u00f5es de governan\u00e7a&#039; - Foto: Reprodu\u00e7\u00e3o\/TC<\/figcaption>\n\t\t<\/figure>\n\t<\/div>\n\n\n\t<p>\n\t\t<a href=\"https:\/\/lp.suno.com.br\/planilha-controle-gastos\/\" target=\"_blank\" data-element=\"shortcode-suno-banner\" title=\"Banner SUNO, clique e saiba mais\">\n\t\t\t<picture>\n\t\t\t\t<source media=\"(max-width: 500px)\" srcset=\"https:\/\/files.sunoresearch.com.br\/n\/uploads\/2023\/03\/400x300-Planilha-controle-de-gastos.png\">\n\t\t\t\t<img class=\"newsContent__article__imgCapa newsContent__article__imgCapa--banner\"\n\t\t\t\t\tsrc=\"https:\/\/files.sunoresearch.com.br\/n\/uploads\/2023\/03\/1420x240-Planilha-controle-de-gastos.png\"\n\t\t\t\t\tdata-promo-id=\"101751\"\t\t\t\t\t\t\t\t\t\twidth='1420' height='240'\t\t\t\t\talt=\"https:\/\/files.sunoresearch.com.br\/n\/uploads\/2023\/03\/1420x240-Planilha-controle-de-gastos.png\"\n\t\t\t\t>\n\t\t\t<\/picture>\n\t\t<\/a>\n\t<\/p>\n\n\n<p>Na \u00faltima segunda-feira (26), o TC precificou suas a\u00e7\u00f5es em R$ 9,50 cada, pouco acima do piso da faixa indicativa, apresentada no prospecto preliminar arquivado na <a href=\"https:\/\/www.suno.com.br\/artigos\/cvm\/\">Comiss\u00e3o de Valores Mobili\u00e1rios (<strong>CVM<\/strong>)<\/a>. Com isso, a <a href=\"https:\/\/www.suno.com.br\/artigos\/ipo\/\"><strong>abertura de capital<\/strong> <\/a>da plataforma movimentou R$ 606,9 milh\u00f5es.<\/p>\n<p>A empresa vem ao mercado avaliada em R$ 2,7 bilh\u00f5es. A oferta prim\u00e1ria vendeu 63.888.889 pap\u00e9is, considerando a oferta base e a\u00e7\u00f5es suplementares. Esse montante ir\u00e1 para o caixa da empresa, uma vez que o lote adicional n\u00e3o foi exercido.<\/p>\n<p>A plataforma social para investidores pretende utilizar os recursos l\u00edquidos provenientes da oferta da seguinte forma:<\/p>\n<ul>\n<li>Realiza\u00e7\u00e3o de aquisi\u00e7\u00f5es estrat\u00e9gicas;<\/li>\n<li>Investimentos em desenvolvimento e aprimoramento da plataforma do TC;<\/li>\n<li>Investimentos em marketing.<\/li>\n<\/ul>\n<p>A opera\u00e7\u00e3o foi coordenada pelo <a href=\"https:\/\/www.suno.com.br\/acoes\/bpac11\/\">BTG Pactual (BPAC11)<\/a> e <a href=\"https:\/\/www.suno.com.br\/acoes\/modl11\/\">Banco Modal (MODL11)<\/a>. A empresa foi listada no <strong>Novo Mercado<\/strong>, mais alto n\u00edvel de governan\u00e7a corporativa da B3.<\/p>\n\t<div data-element=\"shortcode-read-more\" class=\"knowMore\">\n\t\t\t\t<span class=\"knowMore__title\">Saiba mais<\/span>\n\t\t\t\t<a class=\"knowMore__link\" href=\"https:\/\/www.suno.com.br\/noticias\/armac-arml3-estreia-b3-ipo\/\">\n\t\t\tArmac (ARML3) estreia em alta de 16% na B3; IPO movimenta R$ 1,6 bilh\u00e3o\t\t<\/a>\n\t<\/div>\n\n\n<h2>Sum\u00e1rio do TC<\/h2>\n<p>Fundado em 2015, o TC, antigo <strong>Traders Club<\/strong>, \u00e9 uma plataforma social para investidores da Am\u00e9rica Latina, com mais de 470 mil usu\u00e1rios.<\/p>\n\t<p>\n\t\t<a href=\"https:\/\/lp.suno.com.br\/planilha-da-vida-financeira\/\" target=\"_blank\" data-element=\"shortcode-suno-banner\" title=\"Banner SUNO, clique e saiba mais\">\n\t\t\t<picture>\n\t\t\t\t<source media=\"(max-width: 500px)\" srcset=\"https:\/\/files.sunoresearch.com.br\/n\/uploads\/2023\/04\/400x300-Planilha-vida-financeira-true.png\">\n\t\t\t\t<img class=\"newsContent__article__imgCapa newsContent__article__imgCapa--banner\"\n\t\t\t\t\tsrc=\"https:\/\/files.sunoresearch.com.br\/n\/uploads\/2023\/04\/1420x240-Planilha-vida-financeira-true.png\"\n\t\t\t\t\tdata-promo-id=\"106682\"\t\t\t\t\t\t\t\t\t\twidth='1420' height='240'\t\t\t\t\talt=\"https:\/\/files.sunoresearch.com.br\/n\/uploads\/2023\/04\/1420x240-Planilha-vida-financeira-true.png\"\n\t\t\t\t>\n\t\t\t<\/picture>\n\t\t<\/a>\n\t<\/p>\n\n\n<p>A plataforma infotech possui features sociais, como espa\u00e7o para f\u00f3runs de discuss\u00e3o e postagem de Trade Ideas, al\u00e9m de features t\u00e9cnicas e informacionais, incluindo um <em>feed<\/em> de not\u00edcias de mercado, estat\u00edsticas em tempo real, ferramentas anal\u00edticas e conte\u00fado educacional dedicado para suportar discuss\u00f5es, an\u00e1lises e decis\u00f5es de investimento dos usu\u00e1rios.<\/p>\n<p>A base de usu\u00e1rios da plataforma cresceu cerca de 24 vezes entre 31 de mar\u00e7o de 2018 e 30 de abril de 2021, representando uma <a class=\"suno-keyword\" href=\"https:\/\/www.suno.com.br\/artigos\/cagr\/\" target=\"_blank\" rel=\"noopener noreferrer\" data-force=\"no\" data-priority=\"2\">taxa de crescimento anual composta (CAGR)<\/a> de 179%. At\u00e9 abril, eram 75 mil usu\u00e1rios pagantes.<\/p>\n<p>A receita l\u00edquida do <strong>TC<\/strong> saiu de R$ 5,01 milh\u00f5es, em 2019, para R$ 40,12 milh\u00f5es, em 2020. Na mesma compara\u00e7\u00e3o, o lucro l\u00edquido da empresa avan\u00e7ou de R$ 414 mil para R$ 13,15 milh\u00f5es.<\/p>\n\t<p>\n\t\t<a href=\"https:\/\/lp.suno.com.br\/planilha-de-controle-de-investimentos\/\" target=\"_blank\" data-element=\"shortcode-suno-banner\" title=\"Banner SUNO, clique e saiba mais\">\n\t\t\t<picture>\n\t\t\t\t<source media=\"(max-width: 500px)\" srcset=\"https:\/\/files.sunoresearch.com.br\/n\/uploads\/2023\/03\/400x300-Controle-de-Investimentos.png\">\n\t\t\t\t<img class=\"newsContent__article__imgCapa newsContent__article__imgCapa--banner\"\n\t\t\t\t\tsrc=\"https:\/\/files.sunoresearch.com.br\/n\/uploads\/2023\/03\/1420x240-Controle-de-Investimentos.png\"\n\t\t\t\t\tdata-promo-id=\"75934\"\t\t\t\t\t\t\t\t\t\twidth='1420' height='240'\t\t\t\t\talt=\"https:\/\/files.sunoresearch.com.br\/n\/uploads\/2023\/03\/1420x240-Controle-de-Investimentos.png\"\n\t\t\t\t>\n\t\t\t<\/picture>\n\t\t<\/a>\n\t<\/p>\n\n\n","protected":false},"excerpt":{"rendered":"<p>O TC (TRAD3) estreou em forte alta na B3 nesta quarta-feira (28). Em sua oferta p\u00fablica inicial de a\u00e7\u00f5es (IPO, na sigla em ingl\u00eas), as a\u00e7\u00f5es da empresa operavam com um avan\u00e7o de 14,54%, negociadas a R$ 10,86, por volta das 10h23. TC (TRAD3) emitiu nota negando conhecimento das investiga\u00e7\u00f5es e citando que &#039;mant\u00e9m padr\u00f5es [&hellip;]<\/p>\n","protected":false},"author":24,"featured_media":149612,"comment_status":"closed","ping_status":"closed","sticky":false,"template":"","format":"standard","meta":[],"categories":[64],"tags":[1937,319,106323],"suno_strategy":[],"class_list":["post-170082","post","type-post","status-publish","format-standard","has-post-thumbnail","hentry","category-negocios","tag-bolsa-de-valores-de-sao-paulo-b3","tag-ipo-oferta-inicial-de-acoes","tag-traders-club-trad3"],"yoast_head":"<!-- This site is optimized with the Yoast SEO plugin v24.4 - https:\/\/yoast.com\/wordpress\/plugins\/seo\/ -->\n<title>TC (TRAD3) abre em alta de 14% em estreia na B3<\/title>\n<meta name=\"description\" content=\"O TC (TRAD3) estreou em alta na B3 nesta quarta-feira (28). O IPO da empresa movimentou R$ 607 milh\u00f5es. Clique aqui e saiba mais.\" \/>\n<meta name=\"robots\" content=\"index, follow, max-snippet:-1, max-image-preview:large, max-video-preview:-1\" \/>\n<link rel=\"canonical\" href=\"https:\/\/www.suno.com.br\/noticias\/tc-trade3-estreia-b3-ipo\/\" \/>\n<meta property=\"og:locale\" content=\"pt_BR\" \/>\n<meta property=\"og:type\" content=\"article\" \/>\n<meta property=\"og:title\" content=\"TC (TRAD3) abre em alta de 14% em estreia na B3\" \/>\n<meta property=\"og:description\" content=\"O TC (TRAD3) estreou em alta na B3 nesta quarta-feira (28). O IPO da empresa movimentou R$ 607 milh\u00f5es. Clique aqui e saiba mais.\" \/>\n<meta property=\"og:url\" content=\"https:\/\/www.suno.com.br\/noticias\/tc-trade3-estreia-b3-ipo\/\" \/>\n<meta property=\"og:site_name\" content=\"Suno Not\u00edcias\" \/>\n<meta property=\"article:publisher\" content=\"https:\/\/facebook.com\/sunoresearch\" \/>\n<meta property=\"og:image\" content=\"https:\/\/files.sunoresearch.com.br\/n\/uploads\/2021\/05\/d1f9a579-tc_card_loja_750x516px_easy-resize.com_.jpg\" \/>\n\t<meta property=\"og:image:width\" content=\"1280\" \/>\n\t<meta property=\"og:image:height\" content=\"881\" \/>\n\t<meta property=\"og:image:type\" content=\"image\/jpeg\" \/>\n<meta name=\"author\" content=\"Jader Lazarini\" \/>\n<meta name=\"twitter:card\" content=\"summary_large_image\" \/>\n<meta name=\"twitter:creator\" content=\"@sunoresearch\" \/>\n<meta name=\"twitter:site\" content=\"@sunoresearch\" \/>\n<meta name=\"twitter:label1\" content=\"Escrito por\" \/>\n\t<meta name=\"twitter:data1\" content=\"Jader Lazarini\" \/>\n\t<meta name=\"twitter:label2\" content=\"Est. tempo de leitura\" \/>\n\t<meta name=\"twitter:data2\" content=\"2 minutos\" \/>\n<script type=\"application\/ld+json\" class=\"yoast-schema-graph\">{\"@context\":\"https:\/\/schema.org\",\"@graph\":[{\"@type\":\"NewsArticle\",\"@id\":\"https:\/\/www.suno.com.br\/noticias\/tc-trade3-estreia-b3-ipo\/#article\",\"isPartOf\":{\"@id\":\"https:\/\/www.suno.com.br\/noticias\/tc-trade3-estreia-b3-ipo\/\"},\"author\":{\"name\":\"Jader Lazarini\",\"@id\":\"https:\/\/www.suno.com.br\/noticias\/#\/schema\/person\/918d79de1f0281f01599b93f9ea6e23f\"},\"headline\":\"TC (TRAD3) abre em alta de 14% em estreia na B3; IPO levanta R$ 607 milh\u00f5es\",\"datePublished\":\"2021-07-28T13:28:14+00:00\",\"dateModified\":\"2021-07-28T13:30:22+00:00\",\"mainEntityOfPage\":{\"@id\":\"https:\/\/www.suno.com.br\/noticias\/tc-trade3-estreia-b3-ipo\/\"},\"wordCount\":389,\"publisher\":{\"@id\":\"https:\/\/www.suno.com.br\/noticias\/#organization\"},\"image\":{\"@id\":\"https:\/\/www.suno.com.br\/noticias\/tc-trade3-estreia-b3-ipo\/#primaryimage\"},\"thumbnailUrl\":\"https:\/\/files.sunoresearch.com.br\/n\/uploads\/2021\/05\/d1f9a579-tc_card_loja_750x516px_easy-resize.com_-jpg.webp\",\"keywords\":[\"Bolsa de Valores de S\u00e3o Paulo (B3)\",\"IPO (Oferta Inicial de A\u00e7\u00f5es)\",\"Traders Club (TRAD3)\"],\"articleSection\":[\"Neg\u00f3cios\"],\"inLanguage\":\"pt-BR\"},{\"@type\":\"WebPage\",\"@id\":\"https:\/\/www.suno.com.br\/noticias\/tc-trade3-estreia-b3-ipo\/\",\"url\":\"https:\/\/www.suno.com.br\/noticias\/tc-trade3-estreia-b3-ipo\/\",\"name\":\"TC (TRAD3) abre em alta de 14% em estreia na B3\",\"isPartOf\":{\"@id\":\"https:\/\/www.suno.com.br\/noticias\/#website\"},\"primaryImageOfPage\":{\"@id\":\"https:\/\/www.suno.com.br\/noticias\/tc-trade3-estreia-b3-ipo\/#primaryimage\"},\"image\":{\"@id\":\"https:\/\/www.suno.com.br\/noticias\/tc-trade3-estreia-b3-ipo\/#primaryimage\"},\"thumbnailUrl\":\"https:\/\/files.sunoresearch.com.br\/n\/uploads\/2021\/05\/d1f9a579-tc_card_loja_750x516px_easy-resize.com_-jpg.webp\",\"datePublished\":\"2021-07-28T13:28:14+00:00\",\"dateModified\":\"2021-07-28T13:30:22+00:00\",\"description\":\"O TC (TRAD3) estreou em alta na B3 nesta quarta-feira (28). O IPO da empresa movimentou R$ 607 milh\u00f5es. Clique aqui e saiba mais.\",\"breadcrumb\":{\"@id\":\"https:\/\/www.suno.com.br\/noticias\/tc-trade3-estreia-b3-ipo\/#breadcrumb\"},\"inLanguage\":\"pt-BR\",\"potentialAction\":[{\"@type\":\"ReadAction\",\"target\":[\"https:\/\/www.suno.com.br\/noticias\/tc-trade3-estreia-b3-ipo\/\"]}]},{\"@type\":\"ImageObject\",\"inLanguage\":\"pt-BR\",\"@id\":\"https:\/\/www.suno.com.br\/noticias\/tc-trade3-estreia-b3-ipo\/#primaryimage\",\"url\":\"https:\/\/files.sunoresearch.com.br\/n\/uploads\/2021\/05\/d1f9a579-tc_card_loja_750x516px_easy-resize.com_-jpg.webp\",\"contentUrl\":\"https:\/\/files.sunoresearch.com.br\/n\/uploads\/2021\/05\/d1f9a579-tc_card_loja_750x516px_easy-resize.com_-jpg.webp\",\"width\":1280,\"height\":881,\"caption\":\"TC (TRAD3) emitiu nota negando conhecimento das investiga\u00e7\u00f5es e citando que 'mant\u00e9m padr\u00f5es de governan\u00e7a' - Foto: Reprodu\u00e7\u00e3o\/TC\"},{\"@type\":\"BreadcrumbList\",\"@id\":\"https:\/\/www.suno.com.br\/noticias\/tc-trade3-estreia-b3-ipo\/#breadcrumb\",\"itemListElement\":[{\"@type\":\"ListItem\",\"position\":1,\"name\":\"Not\u00edcias\",\"item\":\"https:\/\/www.suno.com.br\/noticias\/\"},{\"@type\":\"ListItem\",\"position\":2,\"name\":\"Neg\u00f3cios\",\"item\":\"https:\/\/www.suno.com.br\/noticias\/negocios\/\"},{\"@type\":\"ListItem\",\"position\":3,\"name\":\"TC (TRAD3) abre em alta de 14% em estreia na B3; IPO levanta R$ 607 milh\u00f5es\"}]},{\"@type\":\"WebSite\",\"@id\":\"https:\/\/www.suno.com.br\/noticias\/#website\",\"url\":\"https:\/\/www.suno.com.br\/noticias\/\",\"name\":\"Suno Not\u00edcias\",\"description\":\"Seu portal de informa\u00e7\u00e3o sobre o mundo dos investimentos\",\"publisher\":{\"@id\":\"https:\/\/www.suno.com.br\/noticias\/#organization\"},\"potentialAction\":[{\"@type\":\"SearchAction\",\"target\":{\"@type\":\"EntryPoint\",\"urlTemplate\":\"https:\/\/www.suno.com.br\/noticias\/?s={search_term_string}\"},\"query-input\":{\"@type\":\"PropertyValueSpecification\",\"valueRequired\":true,\"valueName\":\"search_term_string\"}}],\"inLanguage\":\"pt-BR\"},{\"@type\":\"Organization\",\"@id\":\"https:\/\/www.suno.com.br\/noticias\/#organization\",\"name\":\"Suno Not\u00edcias\",\"url\":\"https:\/\/www.suno.com.br\/noticias\/\",\"logo\":{\"@type\":\"ImageObject\",\"inLanguage\":\"pt-BR\",\"@id\":\"https:\/\/www.suno.com.br\/noticias\/#\/schema\/logo\/image\/\",\"url\":\"https:\/\/files.sunoresearch.com.br\/n\/uploads\/2021\/09\/suno-logo.png\",\"contentUrl\":\"https:\/\/files.sunoresearch.com.br\/n\/uploads\/2021\/09\/suno-logo.png\",\"width\":180,\"height\":180,\"caption\":\"Suno Not\u00edcias\"},\"image\":{\"@id\":\"https:\/\/www.suno.com.br\/noticias\/#\/schema\/logo\/image\/\"},\"sameAs\":[\"https:\/\/facebook.com\/sunoresearch\",\"https:\/\/x.com\/sunoresearch\",\"https:\/\/www.instagram.com\/suno\",\"https:\/\/www.linkedin.com\/company\/suno-research\/\",\"https:\/\/www.youtube.com\/c\/sunoresearch\"]},{\"@type\":\"Person\",\"@id\":\"https:\/\/www.suno.com.br\/noticias\/#\/schema\/person\/918d79de1f0281f01599b93f9ea6e23f\",\"name\":\"Jader Lazarini\",\"image\":{\"@type\":\"ImageObject\",\"inLanguage\":\"pt-BR\",\"@id\":\"https:\/\/www.suno.com.br\/noticias\/#\/schema\/person\/image\/\",\"url\":\"https:\/\/secure.gravatar.com\/avatar\/3c1ad8caa51589841baeb923fcddea97?s=96&r=g\",\"contentUrl\":\"https:\/\/secure.gravatar.com\/avatar\/3c1ad8caa51589841baeb923fcddea97?s=96&r=g\",\"caption\":\"Jader Lazarini\"},\"description\":\"Jader Lazarini escreve sobre investimentos, finan\u00e7as, economia e neg\u00f3cios. \u00c9 bacharel em Rela\u00e7\u00f5es Internacionais e analista CNPI (2619).\",\"url\":\"https:\/\/www.suno.com.br\/noticias\/author\/jader-lazarini\/\"}]}<\/script>\n<!-- \/ Yoast SEO plugin. -->","yoast_head_json":{"title":"TC (TRAD3) abre em alta de 14% em estreia na B3","description":"O TC (TRAD3) estreou em alta na B3 nesta quarta-feira (28). O IPO da empresa movimentou R$ 607 milh\u00f5es. Clique aqui e saiba mais.","robots":{"index":"index","follow":"follow","max-snippet":"max-snippet:-1","max-image-preview":"max-image-preview:large","max-video-preview":"max-video-preview:-1"},"canonical":"https:\/\/www.suno.com.br\/noticias\/tc-trade3-estreia-b3-ipo\/","og_locale":"pt_BR","og_type":"article","og_title":"TC (TRAD3) abre em alta de 14% em estreia na B3","og_description":"O TC (TRAD3) estreou em alta na B3 nesta quarta-feira (28). O IPO da empresa movimentou R$ 607 milh\u00f5es. Clique aqui e saiba mais.","og_url":"https:\/\/www.suno.com.br\/noticias\/tc-trade3-estreia-b3-ipo\/","og_site_name":"Suno Not\u00edcias","article_publisher":"https:\/\/facebook.com\/sunoresearch","og_image":[{"width":1280,"height":881,"url":"https:\/\/files.sunoresearch.com.br\/n\/uploads\/2021\/05\/d1f9a579-tc_card_loja_750x516px_easy-resize.com_.jpg","type":"image\/jpeg"}],"author":"Jader Lazarini","twitter_card":"summary_large_image","twitter_creator":"@sunoresearch","twitter_site":"@sunoresearch","twitter_misc":{"Escrito por":"Jader Lazarini","Est. tempo de leitura":"2 minutos"},"schema":{"@context":"https:\/\/schema.org","@graph":[{"@type":"NewsArticle","@id":"https:\/\/www.suno.com.br\/noticias\/tc-trade3-estreia-b3-ipo\/#article","isPartOf":{"@id":"https:\/\/www.suno.com.br\/noticias\/tc-trade3-estreia-b3-ipo\/"},"author":{"name":"Jader Lazarini","@id":"https:\/\/www.suno.com.br\/noticias\/#\/schema\/person\/918d79de1f0281f01599b93f9ea6e23f"},"headline":"TC (TRAD3) abre em alta de 14% em estreia na B3; IPO levanta R$ 607 milh\u00f5es","datePublished":"2021-07-28T13:28:14+00:00","dateModified":"2021-07-28T13:30:22+00:00","mainEntityOfPage":{"@id":"https:\/\/www.suno.com.br\/noticias\/tc-trade3-estreia-b3-ipo\/"},"wordCount":389,"publisher":{"@id":"https:\/\/www.suno.com.br\/noticias\/#organization"},"image":{"@id":"https:\/\/www.suno.com.br\/noticias\/tc-trade3-estreia-b3-ipo\/#primaryimage"},"thumbnailUrl":"https:\/\/files.sunoresearch.com.br\/n\/uploads\/2021\/05\/d1f9a579-tc_card_loja_750x516px_easy-resize.com_-jpg.webp","keywords":["Bolsa de Valores de S\u00e3o Paulo (B3)","IPO (Oferta Inicial de A\u00e7\u00f5es)","Traders Club (TRAD3)"],"articleSection":["Neg\u00f3cios"],"inLanguage":"pt-BR"},{"@type":"WebPage","@id":"https:\/\/www.suno.com.br\/noticias\/tc-trade3-estreia-b3-ipo\/","url":"https:\/\/www.suno.com.br\/noticias\/tc-trade3-estreia-b3-ipo\/","name":"TC (TRAD3) abre em alta de 14% em estreia na B3","isPartOf":{"@id":"https:\/\/www.suno.com.br\/noticias\/#website"},"primaryImageOfPage":{"@id":"https:\/\/www.suno.com.br\/noticias\/tc-trade3-estreia-b3-ipo\/#primaryimage"},"image":{"@id":"https:\/\/www.suno.com.br\/noticias\/tc-trade3-estreia-b3-ipo\/#primaryimage"},"thumbnailUrl":"https:\/\/files.sunoresearch.com.br\/n\/uploads\/2021\/05\/d1f9a579-tc_card_loja_750x516px_easy-resize.com_-jpg.webp","datePublished":"2021-07-28T13:28:14+00:00","dateModified":"2021-07-28T13:30:22+00:00","description":"O TC (TRAD3) estreou em alta na B3 nesta quarta-feira (28). O IPO da empresa movimentou R$ 607 milh\u00f5es. Clique aqui e saiba mais.","breadcrumb":{"@id":"https:\/\/www.suno.com.br\/noticias\/tc-trade3-estreia-b3-ipo\/#breadcrumb"},"inLanguage":"pt-BR","potentialAction":[{"@type":"ReadAction","target":["https:\/\/www.suno.com.br\/noticias\/tc-trade3-estreia-b3-ipo\/"]}]},{"@type":"ImageObject","inLanguage":"pt-BR","@id":"https:\/\/www.suno.com.br\/noticias\/tc-trade3-estreia-b3-ipo\/#primaryimage","url":"https:\/\/files.sunoresearch.com.br\/n\/uploads\/2021\/05\/d1f9a579-tc_card_loja_750x516px_easy-resize.com_-jpg.webp","contentUrl":"https:\/\/files.sunoresearch.com.br\/n\/uploads\/2021\/05\/d1f9a579-tc_card_loja_750x516px_easy-resize.com_-jpg.webp","width":1280,"height":881,"caption":"TC (TRAD3) emitiu nota negando conhecimento das investiga\u00e7\u00f5es e citando que 'mant\u00e9m padr\u00f5es de governan\u00e7a' - Foto: Reprodu\u00e7\u00e3o\/TC"},{"@type":"BreadcrumbList","@id":"https:\/\/www.suno.com.br\/noticias\/tc-trade3-estreia-b3-ipo\/#breadcrumb","itemListElement":[{"@type":"ListItem","position":1,"name":"Not\u00edcias","item":"https:\/\/www.suno.com.br\/noticias\/"},{"@type":"ListItem","position":2,"name":"Neg\u00f3cios","item":"https:\/\/www.suno.com.br\/noticias\/negocios\/"},{"@type":"ListItem","position":3,"name":"TC (TRAD3) abre em alta de 14% em estreia na B3; IPO levanta R$ 607 milh\u00f5es"}]},{"@type":"WebSite","@id":"https:\/\/www.suno.com.br\/noticias\/#website","url":"https:\/\/www.suno.com.br\/noticias\/","name":"Suno Not\u00edcias","description":"Seu portal de informa\u00e7\u00e3o sobre o mundo dos investimentos","publisher":{"@id":"https:\/\/www.suno.com.br\/noticias\/#organization"},"potentialAction":[{"@type":"SearchAction","target":{"@type":"EntryPoint","urlTemplate":"https:\/\/www.suno.com.br\/noticias\/?s={search_term_string}"},"query-input":{"@type":"PropertyValueSpecification","valueRequired":true,"valueName":"search_term_string"}}],"inLanguage":"pt-BR"},{"@type":"Organization","@id":"https:\/\/www.suno.com.br\/noticias\/#organization","name":"Suno Not\u00edcias","url":"https:\/\/www.suno.com.br\/noticias\/","logo":{"@type":"ImageObject","inLanguage":"pt-BR","@id":"https:\/\/www.suno.com.br\/noticias\/#\/schema\/logo\/image\/","url":"https:\/\/files.sunoresearch.com.br\/n\/uploads\/2021\/09\/suno-logo.png","contentUrl":"https:\/\/files.sunoresearch.com.br\/n\/uploads\/2021\/09\/suno-logo.png","width":180,"height":180,"caption":"Suno Not\u00edcias"},"image":{"@id":"https:\/\/www.suno.com.br\/noticias\/#\/schema\/logo\/image\/"},"sameAs":["https:\/\/facebook.com\/sunoresearch","https:\/\/x.com\/sunoresearch","https:\/\/www.instagram.com\/suno","https:\/\/www.linkedin.com\/company\/suno-research\/","https:\/\/www.youtube.com\/c\/sunoresearch"]},{"@type":"Person","@id":"https:\/\/www.suno.com.br\/noticias\/#\/schema\/person\/918d79de1f0281f01599b93f9ea6e23f","name":"Jader Lazarini","image":{"@type":"ImageObject","inLanguage":"pt-BR","@id":"https:\/\/www.suno.com.br\/noticias\/#\/schema\/person\/image\/","url":"https:\/\/secure.gravatar.com\/avatar\/3c1ad8caa51589841baeb923fcddea97?s=96&r=g","contentUrl":"https:\/\/secure.gravatar.com\/avatar\/3c1ad8caa51589841baeb923fcddea97?s=96&r=g","caption":"Jader Lazarini"},"description":"Jader Lazarini escreve sobre investimentos, finan\u00e7as, economia e neg\u00f3cios. \u00c9 bacharel em Rela\u00e7\u00f5es Internacionais e analista CNPI (2619).","url":"https:\/\/www.suno.com.br\/noticias\/author\/jader-lazarini\/"}]}},"default_loop_html":"<div class=\"cardsPage__listCard__boxs\"><div class=\"cardsPage__listCard__boxs__img\"><a href=\"https:\/\/www.suno.com.br\/noticias\/tc-trade3-estreia-b3-ipo\/\"><img class=\"mask\" src=\"https:\/\/www.suno.com.br\/noticias\/wp-content\/themes\/suno\/resources\/images\/spotlight\/spotlight1img\/bg-mask.png\" alt=\"Image Mask\"\/><img src=\"https:\/\/files.sunoresearch.com.br\/n\/uploads\/2021\/05\/d1f9a579-tc_card_loja_750x516px_easy-resize.com_-400x200.webp\" alt=\"TC (TRAD3) abre em alta de 14% em estreia na B3; IPO levanta R$ 607 milh\u00f5es\"\/><\/a><span class=\"spotlightCategory\"><a href=\"https:\/\/www.suno.com.br\/noticias\/negocios\/\">Neg\u00f3cios<\/a><\/span><\/div><div class=\"cardsPage__listCard__boxs__content\"><a href=\"https:\/\/www.suno.com.br\/noticias\/tc-trade3-estreia-b3-ipo\/\"><h2 class=\"content__title\">TC (TRAD3) abre em alta de 14% em estreia na B3; IPO levanta R$ 607 milh\u00f5es<\/h2><\/a><div class=\"newsContent__article__meta\"><div class=\"newsContent__article__meta__authorBox\"><a href=\"https:\/\/www.suno.com.br\/noticias\/author\/jader-lazarini\/\" class=\"authorBox__avatar noMobi\"><img src=\"https:\/\/files.sunoresearch.com.br\/n\/uploads\/2021\/01\/178e6598-foto-perfil-2-150x150.jpg\" alt=\"Jader Lazarini\"><\/a><div class=\"authorBox__name\"><span>por\n\t\t\t<a href=\"https:\/\/www.suno.com.br\/noticias\/author\/jader-lazarini\/\"><span itemprop=\"author\">Jader Lazarini<\/span><\/a><\/span><time datetime=\"2021-07-28T10:28:14-03:00\" itemprop=\"datePublished\">28\/07\/2021 10:28<\/time><\/div><\/div><\/div><\/div><\/div>","single_layout":"posts","amp_enabled":true,"_links":{"self":[{"href":"https:\/\/www.suno.com.br\/noticias\/wp-json\/wp\/v2\/posts\/170082"}],"collection":[{"href":"https:\/\/www.suno.com.br\/noticias\/wp-json\/wp\/v2\/posts"}],"about":[{"href":"https:\/\/www.suno.com.br\/noticias\/wp-json\/wp\/v2\/types\/post"}],"author":[{"embeddable":true,"href":"https:\/\/www.suno.com.br\/noticias\/wp-json\/wp\/v2\/users\/24"}],"replies":[{"embeddable":true,"href":"https:\/\/www.suno.com.br\/noticias\/wp-json\/wp\/v2\/comments?post=170082"}],"version-history":[{"count":3,"href":"https:\/\/www.suno.com.br\/noticias\/wp-json\/wp\/v2\/posts\/170082\/revisions"}],"predecessor-version":[{"id":170100,"href":"https:\/\/www.suno.com.br\/noticias\/wp-json\/wp\/v2\/posts\/170082\/revisions\/170100"}],"wp:featuredmedia":[{"embeddable":true,"href":"https:\/\/www.suno.com.br\/noticias\/wp-json\/wp\/v2\/media\/149612"}],"wp:attachment":[{"href":"https:\/\/www.suno.com.br\/noticias\/wp-json\/wp\/v2\/media?parent=170082"}],"wp:term":[{"taxonomy":"category","embeddable":true,"href":"https:\/\/www.suno.com.br\/noticias\/wp-json\/wp\/v2\/categories?post=170082"},{"taxonomy":"post_tag","embeddable":true,"href":"https:\/\/www.suno.com.br\/noticias\/wp-json\/wp\/v2\/tags?post=170082"},{"taxonomy":"suno_strategy","embeddable":true,"href":"https:\/\/www.suno.com.br\/noticias\/wp-json\/wp\/v2\/suno_strategy?post=170082"}],"curies":[{"name":"wp","href":"https:\/\/api.w.org\/{rel}","templated":true}]}}