{"id":170021,"date":"2021-07-28T15:09:03","date_gmt":"2021-07-28T18:09:03","guid":{"rendered":"https:\/\/www.suno.com.br\/noticias\/?p=170021"},"modified":"2021-07-28T15:09:03","modified_gmt":"2021-07-28T18:09:03","slug":"bolsonaro-recria-ministerio-do-trabalho","status":"publish","type":"post","link":"https:\/\/www.suno.com.br\/noticias\/bolsonaro-recria-ministerio-do-trabalho\/","title":{"rendered":"Bolsonaro recria Minist\u00e9rio do Trabalho e avan\u00e7a na reforma ministerial"},"content":{"rendered":"<p><a href=\"https:\/\/www.suno.com.br\/noticias\/bolsonaro-diz-que-senador-ciro-nogueira-assumira-comando-da-casa-civil\/\">Conforme expectativas recentes sobre a reforma ministerial<\/a>, o o presidente Jair Bolsonaro (sem partido) recriou o <strong>Minist\u00e9rio do Trabalho<\/strong> e Previd\u00eancia por meio de uma Medida Provis\u00f3ria (MP).<\/p>\t<div class=\"wrapper-featured-image\">\n\t\t<figure class=\"spotlightImg\">\n\n\t\t\t<picture>\n\t\t\t\t<source media=\"(max-width: 768px)\" srcset=\"https:\/\/files.sunoresearch.com.br\/n\/uploads\/2021\/03\/7417be8e-jair-bolsonaro-foto-isac-nobrega-pr-400x200.webp\">\n\t\t\t\t<img loading=\"lazy\" decoding=\"async\" class=\"newsContent__article__imgCapa lazyloadDisabled \" src=\"https:\/\/files.sunoresearch.com.br\/n\/uploads\/2021\/03\/7417be8e-jair-bolsonaro-foto-isac-nobrega-pr-800x450.webp\" width=\"800\" height=\"450\" alt=\"Bolsonaro recria Minist\u00e9rio do Trabalho e avan\u00e7a na reforma ministerial\" fetchpriority=high \/>\n\t\t\t<\/picture>\n\n\t\t\t<figcaption class=\"wp-caption-text wp-caption-text--show\">Medida sobre o diesel j\u00e1 havia sido aprovada previamente, mas foi formalizada somente hoje no DOU - Foto: Isac N\u00f3brega PR<\/figcaption>\n\t\t<\/figure>\n\t<\/div>\n\n\n\t<p>\n\t\t<a href=\"https:\/\/lp.suno.com.br\/planilha-controle-gastos\/\" target=\"_blank\" data-element=\"shortcode-suno-banner\" title=\"Banner SUNO, clique e saiba mais\">\n\t\t\t<picture>\n\t\t\t\t<source media=\"(max-width: 500px)\" srcset=\"https:\/\/files.sunoresearch.com.br\/n\/uploads\/2023\/03\/400x300-Planilha-controle-de-gastos.png\">\n\t\t\t\t<img class=\"newsContent__article__imgCapa newsContent__article__imgCapa--banner\"\n\t\t\t\t\tsrc=\"https:\/\/files.sunoresearch.com.br\/n\/uploads\/2023\/03\/1420x240-Planilha-controle-de-gastos.png\"\n\t\t\t\t\tdata-promo-id=\"101751\"\t\t\t\t\t\t\t\t\t\twidth='1420' height='240'\t\t\t\t\talt=\"https:\/\/files.sunoresearch.com.br\/n\/uploads\/2023\/03\/1420x240-Planilha-controle-de-gastos.png\"\n\t\t\t\t>\n\t\t\t<\/picture>\n\t\t<\/a>\n\t<\/p>\n\n\n<p>Agora, o Minist\u00e9rio do Trabalho ter\u00e1 sob seu guarda-chuva o Fundo de Garantia do Tempo de Servi\u00e7o (<strong>FGTS<\/strong>) e Fundo de Amparo ao Trabalhador (<strong>FAT<\/strong>).<\/p>\n<p>A decis\u00e3o consta na edi\u00e7\u00e3o desta quarta-feira (28) do Di\u00e1rio Oficial da Uni\u00e3o (DOU) em se\u00e7\u00e3o publicada depois da que trazia a nomea\u00e7\u00e3o do ministro <strong>Onyx<\/strong> <strong>Lorenzoni<\/strong> para comandar nova pasta, mas que n\u00e3o informava sua cria\u00e7\u00e3o.<\/p>\n\t<div data-element=\"shortcode-read-more\" class=\"knowMore\">\n\t\t\t\t<span class=\"knowMore__title\">Leia mais<\/span>\n\t\t\t\t<a class=\"knowMore__link\" href=\"https:\/\/www.suno.com.br\/noticias\/bolsonaro-diz-que-senador-ciro-nogueira-assumira-comando-da-casa-civil\/\">\n\t\t\tBolsonaro diz que senador Ciro Nogueira assumir\u00e1 comando da Casa Civil\t\t<\/a>\n\t<\/div>\n\n\n<p>A MP precisa ser aprovada pelo <strong>Congresso<\/strong> Nacional dentro de 60 dias, seu prazo de vig\u00eancia, prorrog\u00e1vel uma vez por igual per\u00edodo, sob pena de perder validade.<\/p>\n<p>De acordo com o texto publicado no DOU, o Conselho Curador do FGTS e o Conselho Deliberativo do FAT v\u00e3o integrar o novo Minist\u00e9rio do Trabalho e Previd\u00eancia, \u00f3rg\u00e3os cobi\u00e7ados e que agora saem da al\u00e7ada do ministro da Economia, <a class=\"suno-keyword\" href=\"https:\/\/www.suno.com.br\/tudo-sobre\/paulo-guedes\/\" target=\"_blank\" rel=\"noopener noreferrer\" data-force=\"no\" data-priority=\"2\">Paulo Guedes<\/a>.<\/p>\n\t<p>\n\t\t<a href=\"https:\/\/lp.suno.com.br\/planilha-da-vida-financeira\/\" target=\"_blank\" data-element=\"shortcode-suno-banner\" title=\"Banner SUNO, clique e saiba mais\">\n\t\t\t<picture>\n\t\t\t\t<source media=\"(max-width: 500px)\" srcset=\"https:\/\/files.sunoresearch.com.br\/n\/uploads\/2023\/04\/400x300-Planilha-vida-financeira-true.png\">\n\t\t\t\t<img class=\"newsContent__article__imgCapa newsContent__article__imgCapa--banner\"\n\t\t\t\t\tsrc=\"https:\/\/files.sunoresearch.com.br\/n\/uploads\/2023\/04\/1420x240-Planilha-vida-financeira-true.png\"\n\t\t\t\t\tdata-promo-id=\"106682\"\t\t\t\t\t\t\t\t\t\twidth='1420' height='240'\t\t\t\t\talt=\"https:\/\/files.sunoresearch.com.br\/n\/uploads\/2023\/04\/1420x240-Planilha-vida-financeira-true.png\"\n\t\t\t\t>\n\t\t\t<\/picture>\n\t\t<\/a>\n\t<\/p>\n\n\n<h2>Al\u00e9m do Minist\u00e9rio do Trabalho, governo muda Casa Civil<\/h2>\n<p>Al\u00e9m da mudan\u00e7a oficializada hoje, no \u00faltimo dia 22 foi anunciado que o senador Ciro Nogueira (PP-PI) vai assumir a Casa Civil da Presid\u00eancia Rep\u00fablica, em uma reforma ministerial que deve acontecer na semana que vem.<\/p>\n<p>&#8220;Est\u00e1 praticamente certo. Vamos botar um senador aqui na Casa Civil que pode manter um di\u00e1logo melhor com o parlamento brasileiro&#8221;, disse Bolsonaro em entrevista \u00e0 R\u00e1dio Banda B.<\/p>\n<p>&#8220;A princ\u00edpio \u00e9 ele [Ciro Nogueira], conversei com ele j\u00e1, ele aceitou. Ele est\u00e1 em recesso, chega \u00e0 <strong>Bras\u00edlia<\/strong> na segunda-feira (2), converso com ele, acertamos os ponteiros. E a gente toca o barco. \u00c9 uma pessoa que eu conhe\u00e7o h\u00e1 muito tempo, ele chegou em 95 na C\u00e2mara, eu cheguei em 91&#8243;, explicou.<\/p>\n<p>Na ocasi\u00e3o o presidente tamb\u00e9m havia confirmado a recria\u00e7\u00e3o do <strong>Minist\u00e9rio do Trabalho<\/strong> e Previd\u00eancia, que, no in\u00edcio do governo, foi agrupado com outros quatro minist\u00e9rios para a cria\u00e7\u00e3o do <a class=\"suno-keyword\" href=\"https:\/\/www.suno.com.br\/artigos\/ministerio-da-economia\/\" target=\"_blank\" rel=\"noopener noreferrer\" data-force=\"no\" data-priority=\"3\">Minist\u00e9rio da Economia<\/a>, sob o comando do ministro Paulo Guedes.<\/p>\n<p><em><strong>Com informa\u00e7\u00f5es do Estad\u00e3o Conte\u00fado<\/strong><\/em><\/p>\n\t<p>\n\t\t<a href=\"https:\/\/lp.suno.com.br\/planilha-de-controle-de-investimentos\/\" target=\"_blank\" data-element=\"shortcode-suno-banner\" title=\"Banner SUNO, clique e saiba mais\">\n\t\t\t<picture>\n\t\t\t\t<source media=\"(max-width: 500px)\" srcset=\"https:\/\/files.sunoresearch.com.br\/n\/uploads\/2023\/03\/400x300-Controle-de-Investimentos.png\">\n\t\t\t\t<img class=\"newsContent__article__imgCapa newsContent__article__imgCapa--banner\"\n\t\t\t\t\tsrc=\"https:\/\/files.sunoresearch.com.br\/n\/uploads\/2023\/03\/1420x240-Controle-de-Investimentos.png\"\n\t\t\t\t\tdata-promo-id=\"75934\"\t\t\t\t\t\t\t\t\t\twidth='1420' height='240'\t\t\t\t\talt=\"https:\/\/files.sunoresearch.com.br\/n\/uploads\/2023\/03\/1420x240-Controle-de-Investimentos.png\"\n\t\t\t\t>\n\t\t\t<\/picture>\n\t\t<\/a>\n\t<\/p>\n\n\n","protected":false},"excerpt":{"rendered":"<p>Conforme expectativas recentes sobre a reforma ministerial, o o presidente Jair Bolsonaro (sem partido) recriou o Minist\u00e9rio do Trabalho e Previd\u00eancia por meio de uma Medida Provis\u00f3ria (MP). Medida sobre o diesel j\u00e1 havia sido aprovada previamente, mas foi formalizada somente hoje no DOU &#8211; Foto: Isac N\u00f3brega PR Agora, o Minist\u00e9rio do Trabalho ter\u00e1 [&hellip;]<\/p>\n","protected":false},"author":73,"featured_media":137091,"comment_status":"closed","ping_status":"closed","sticky":false,"template":"","format":"standard","meta":[],"categories":[61],"tags":[106444,901,719,909,939,796],"suno_strategy":[],"class_list":["post-170021","post","type-post","status-publish","format-standard","has-post-thumbnail","hentry","category-politica","tag-agencias","tag-congresso-nacional","tag-jair-bolsonaro","tag-ministerio-da-economia","tag-onyx-lorenzoni","tag-paulo-guedes"],"yoast_head":"<!-- This site is optimized with the Yoast SEO plugin v24.4 - https:\/\/yoast.com\/wordpress\/plugins\/seo\/ -->\n<title>Bolsonaro recria Minist\u00e9rio do Trabalho e concretiza reforma ministerial<\/title>\n<meta name=\"description\" content=\"Al\u00e9m do Minist\u00e9rio do Trabalho, j\u00e1 oficializado, Bolsonaro antecipou mudan\u00e7as na Casa Civil. Clique aqui e leia mais.\" \/>\n<meta name=\"robots\" content=\"index, follow, max-snippet:-1, max-image-preview:large, max-video-preview:-1\" \/>\n<link rel=\"canonical\" href=\"https:\/\/www.suno.com.br\/noticias\/bolsonaro-recria-ministerio-do-trabalho\/\" \/>\n<meta property=\"og:locale\" content=\"pt_BR\" \/>\n<meta property=\"og:type\" content=\"article\" \/>\n<meta property=\"og:title\" content=\"Bolsonaro recria Minist\u00e9rio do Trabalho e concretiza reforma ministerial\" \/>\n<meta property=\"og:description\" content=\"Al\u00e9m do Minist\u00e9rio do Trabalho, j\u00e1 oficializado, Bolsonaro antecipou mudan\u00e7as na Casa Civil. Clique aqui e leia mais.\" \/>\n<meta property=\"og:url\" content=\"https:\/\/www.suno.com.br\/noticias\/bolsonaro-recria-ministerio-do-trabalho\/\" \/>\n<meta property=\"og:site_name\" content=\"Suno Not\u00edcias\" \/>\n<meta property=\"article:publisher\" content=\"https:\/\/facebook.com\/sunoresearch\" \/>\n<meta property=\"og:image\" content=\"https:\/\/files.sunoresearch.com.br\/n\/uploads\/2021\/03\/7417be8e-jair-bolsonaro-foto-isac-nobrega-pr.jpg\" \/>\n\t<meta property=\"og:image:width\" content=\"1200\" \/>\n\t<meta property=\"og:image:height\" content=\"800\" \/>\n\t<meta property=\"og:image:type\" content=\"image\/jpeg\" \/>\n<meta name=\"author\" content=\"Eduardo Vargas\" \/>\n<meta name=\"twitter:card\" content=\"summary_large_image\" \/>\n<meta name=\"twitter:creator\" content=\"@sunoresearch\" \/>\n<meta name=\"twitter:site\" content=\"@sunoresearch\" \/>\n<meta name=\"twitter:label1\" content=\"Escrito por\" \/>\n\t<meta name=\"twitter:data1\" content=\"Eduardo Vargas\" \/>\n\t<meta name=\"twitter:label2\" content=\"Est. tempo de leitura\" \/>\n\t<meta name=\"twitter:data2\" content=\"2 minutos\" \/>\n<script type=\"application\/ld+json\" class=\"yoast-schema-graph\">{\"@context\":\"https:\/\/schema.org\",\"@graph\":[{\"@type\":\"NewsArticle\",\"@id\":\"https:\/\/www.suno.com.br\/noticias\/bolsonaro-recria-ministerio-do-trabalho\/#article\",\"isPartOf\":{\"@id\":\"https:\/\/www.suno.com.br\/noticias\/bolsonaro-recria-ministerio-do-trabalho\/\"},\"author\":{\"name\":\"Eduardo Vargas\",\"@id\":\"https:\/\/www.suno.com.br\/noticias\/#\/schema\/person\/7f4d362bf3518e76090143ae77bb49a5\"},\"headline\":\"Bolsonaro recria Minist\u00e9rio do Trabalho e avan\u00e7a na reforma ministerial\",\"datePublished\":\"2021-07-28T18:09:03+00:00\",\"mainEntityOfPage\":{\"@id\":\"https:\/\/www.suno.com.br\/noticias\/bolsonaro-recria-ministerio-do-trabalho\/\"},\"wordCount\":396,\"publisher\":{\"@id\":\"https:\/\/www.suno.com.br\/noticias\/#organization\"},\"image\":{\"@id\":\"https:\/\/www.suno.com.br\/noticias\/bolsonaro-recria-ministerio-do-trabalho\/#primaryimage\"},\"thumbnailUrl\":\"https:\/\/files.sunoresearch.com.br\/n\/uploads\/2021\/03\/7417be8e-jair-bolsonaro-foto-isac-nobrega-pr-jpg.webp\",\"keywords\":[\"Ag\u00eancias\",\"Congresso Nacional\",\"Jair Bolsonaro\",\"Minist\u00e9rio da Economia\",\"Onyx Lorenzoni\",\"Paulo Guedes\"],\"articleSection\":[\"Pol\u00edtica\"],\"inLanguage\":\"pt-BR\"},{\"@type\":\"WebPage\",\"@id\":\"https:\/\/www.suno.com.br\/noticias\/bolsonaro-recria-ministerio-do-trabalho\/\",\"url\":\"https:\/\/www.suno.com.br\/noticias\/bolsonaro-recria-ministerio-do-trabalho\/\",\"name\":\"Bolsonaro recria Minist\u00e9rio do Trabalho e concretiza reforma ministerial\",\"isPartOf\":{\"@id\":\"https:\/\/www.suno.com.br\/noticias\/#website\"},\"primaryImageOfPage\":{\"@id\":\"https:\/\/www.suno.com.br\/noticias\/bolsonaro-recria-ministerio-do-trabalho\/#primaryimage\"},\"image\":{\"@id\":\"https:\/\/www.suno.com.br\/noticias\/bolsonaro-recria-ministerio-do-trabalho\/#primaryimage\"},\"thumbnailUrl\":\"https:\/\/files.sunoresearch.com.br\/n\/uploads\/2021\/03\/7417be8e-jair-bolsonaro-foto-isac-nobrega-pr-jpg.webp\",\"datePublished\":\"2021-07-28T18:09:03+00:00\",\"description\":\"Al\u00e9m do Minist\u00e9rio do Trabalho, j\u00e1 oficializado, Bolsonaro antecipou mudan\u00e7as na Casa Civil. Clique aqui e leia mais.\",\"breadcrumb\":{\"@id\":\"https:\/\/www.suno.com.br\/noticias\/bolsonaro-recria-ministerio-do-trabalho\/#breadcrumb\"},\"inLanguage\":\"pt-BR\",\"potentialAction\":[{\"@type\":\"ReadAction\",\"target\":[\"https:\/\/www.suno.com.br\/noticias\/bolsonaro-recria-ministerio-do-trabalho\/\"]}]},{\"@type\":\"ImageObject\",\"inLanguage\":\"pt-BR\",\"@id\":\"https:\/\/www.suno.com.br\/noticias\/bolsonaro-recria-ministerio-do-trabalho\/#primaryimage\",\"url\":\"https:\/\/files.sunoresearch.com.br\/n\/uploads\/2021\/03\/7417be8e-jair-bolsonaro-foto-isac-nobrega-pr-jpg.webp\",\"contentUrl\":\"https:\/\/files.sunoresearch.com.br\/n\/uploads\/2021\/03\/7417be8e-jair-bolsonaro-foto-isac-nobrega-pr-jpg.webp\",\"width\":1200,\"height\":800,\"caption\":\"Medida sobre o diesel j\u00e1 havia sido aprovada previamente, mas foi formalizada somente hoje no DOU - Foto: Isac N\u00f3brega PR\"},{\"@type\":\"BreadcrumbList\",\"@id\":\"https:\/\/www.suno.com.br\/noticias\/bolsonaro-recria-ministerio-do-trabalho\/#breadcrumb\",\"itemListElement\":[{\"@type\":\"ListItem\",\"position\":1,\"name\":\"Not\u00edcias\",\"item\":\"https:\/\/www.suno.com.br\/noticias\/\"},{\"@type\":\"ListItem\",\"position\":2,\"name\":\"Pol\u00edtica\",\"item\":\"https:\/\/www.suno.com.br\/noticias\/politica\/\"},{\"@type\":\"ListItem\",\"position\":3,\"name\":\"Bolsonaro recria Minist\u00e9rio do Trabalho e avan\u00e7a na reforma ministerial\"}]},{\"@type\":\"WebSite\",\"@id\":\"https:\/\/www.suno.com.br\/noticias\/#website\",\"url\":\"https:\/\/www.suno.com.br\/noticias\/\",\"name\":\"Suno Not\u00edcias\",\"description\":\"Seu portal de informa\u00e7\u00e3o sobre o mundo dos investimentos\",\"publisher\":{\"@id\":\"https:\/\/www.suno.com.br\/noticias\/#organization\"},\"potentialAction\":[{\"@type\":\"SearchAction\",\"target\":{\"@type\":\"EntryPoint\",\"urlTemplate\":\"https:\/\/www.suno.com.br\/noticias\/?s={search_term_string}\"},\"query-input\":{\"@type\":\"PropertyValueSpecification\",\"valueRequired\":true,\"valueName\":\"search_term_string\"}}],\"inLanguage\":\"pt-BR\"},{\"@type\":\"Organization\",\"@id\":\"https:\/\/www.suno.com.br\/noticias\/#organization\",\"name\":\"Suno Not\u00edcias\",\"url\":\"https:\/\/www.suno.com.br\/noticias\/\",\"logo\":{\"@type\":\"ImageObject\",\"inLanguage\":\"pt-BR\",\"@id\":\"https:\/\/www.suno.com.br\/noticias\/#\/schema\/logo\/image\/\",\"url\":\"https:\/\/files.sunoresearch.com.br\/n\/uploads\/2021\/09\/suno-logo.png\",\"contentUrl\":\"https:\/\/files.sunoresearch.com.br\/n\/uploads\/2021\/09\/suno-logo.png\",\"width\":180,\"height\":180,\"caption\":\"Suno Not\u00edcias\"},\"image\":{\"@id\":\"https:\/\/www.suno.com.br\/noticias\/#\/schema\/logo\/image\/\"},\"sameAs\":[\"https:\/\/facebook.com\/sunoresearch\",\"https:\/\/x.com\/sunoresearch\",\"https:\/\/www.instagram.com\/suno\",\"https:\/\/www.linkedin.com\/company\/suno-research\/\",\"https:\/\/www.youtube.com\/c\/sunoresearch\"]},{\"@type\":\"Person\",\"@id\":\"https:\/\/www.suno.com.br\/noticias\/#\/schema\/person\/7f4d362bf3518e76090143ae77bb49a5\",\"name\":\"Eduardo Vargas\",\"image\":{\"@type\":\"ImageObject\",\"inLanguage\":\"pt-BR\",\"@id\":\"https:\/\/www.suno.com.br\/noticias\/#\/schema\/person\/image\/\",\"url\":\"https:\/\/secure.gravatar.com\/avatar\/dac340933427a22924c9f99d1eb2e3f2?s=96&r=g\",\"contentUrl\":\"https:\/\/secure.gravatar.com\/avatar\/dac340933427a22924c9f99d1eb2e3f2?s=96&r=g\",\"caption\":\"Eduardo Vargas\"},\"description\":\"Jornalista formado pela UFSC, cobre macroeconomia, neg\u00f3cios e startups para o Suno Not\u00edcias, escrevendo principalmente not\u00edcias sobre o mercado financeiro e a bolsa de valores. No YouTube e no Instagram, \u00e9 respons\u00e1vel pela produ\u00e7\u00e3o de Reels e Shorts do Suno Not\u00edcias. Anteriormente, trabalhou cobrindo economia e cotidiano no ND+ e para o ND, maior jornal impresso de Santa Catarina. Cursou um semestre letivo de Estudos de M\u00eddia na Universidad de Buenos Aires.\",\"url\":\"https:\/\/www.suno.com.br\/noticias\/author\/eduardo-vargas\/\"}]}<\/script>\n<!-- \/ Yoast SEO plugin. -->","yoast_head_json":{"title":"Bolsonaro recria Minist\u00e9rio do Trabalho e concretiza reforma ministerial","description":"Al\u00e9m do Minist\u00e9rio do Trabalho, j\u00e1 oficializado, Bolsonaro antecipou mudan\u00e7as na Casa Civil. Clique aqui e leia mais.","robots":{"index":"index","follow":"follow","max-snippet":"max-snippet:-1","max-image-preview":"max-image-preview:large","max-video-preview":"max-video-preview:-1"},"canonical":"https:\/\/www.suno.com.br\/noticias\/bolsonaro-recria-ministerio-do-trabalho\/","og_locale":"pt_BR","og_type":"article","og_title":"Bolsonaro recria Minist\u00e9rio do Trabalho e concretiza reforma ministerial","og_description":"Al\u00e9m do Minist\u00e9rio do Trabalho, j\u00e1 oficializado, Bolsonaro antecipou mudan\u00e7as na Casa Civil. Clique aqui e leia mais.","og_url":"https:\/\/www.suno.com.br\/noticias\/bolsonaro-recria-ministerio-do-trabalho\/","og_site_name":"Suno Not\u00edcias","article_publisher":"https:\/\/facebook.com\/sunoresearch","og_image":[{"width":1200,"height":800,"url":"https:\/\/files.sunoresearch.com.br\/n\/uploads\/2021\/03\/7417be8e-jair-bolsonaro-foto-isac-nobrega-pr.jpg","type":"image\/jpeg"}],"author":"Eduardo Vargas","twitter_card":"summary_large_image","twitter_creator":"@sunoresearch","twitter_site":"@sunoresearch","twitter_misc":{"Escrito por":"Eduardo Vargas","Est. tempo de leitura":"2 minutos"},"schema":{"@context":"https:\/\/schema.org","@graph":[{"@type":"NewsArticle","@id":"https:\/\/www.suno.com.br\/noticias\/bolsonaro-recria-ministerio-do-trabalho\/#article","isPartOf":{"@id":"https:\/\/www.suno.com.br\/noticias\/bolsonaro-recria-ministerio-do-trabalho\/"},"author":{"name":"Eduardo Vargas","@id":"https:\/\/www.suno.com.br\/noticias\/#\/schema\/person\/7f4d362bf3518e76090143ae77bb49a5"},"headline":"Bolsonaro recria Minist\u00e9rio do Trabalho e avan\u00e7a na reforma ministerial","datePublished":"2021-07-28T18:09:03+00:00","mainEntityOfPage":{"@id":"https:\/\/www.suno.com.br\/noticias\/bolsonaro-recria-ministerio-do-trabalho\/"},"wordCount":396,"publisher":{"@id":"https:\/\/www.suno.com.br\/noticias\/#organization"},"image":{"@id":"https:\/\/www.suno.com.br\/noticias\/bolsonaro-recria-ministerio-do-trabalho\/#primaryimage"},"thumbnailUrl":"https:\/\/files.sunoresearch.com.br\/n\/uploads\/2021\/03\/7417be8e-jair-bolsonaro-foto-isac-nobrega-pr-jpg.webp","keywords":["Ag\u00eancias","Congresso Nacional","Jair Bolsonaro","Minist\u00e9rio da Economia","Onyx Lorenzoni","Paulo Guedes"],"articleSection":["Pol\u00edtica"],"inLanguage":"pt-BR"},{"@type":"WebPage","@id":"https:\/\/www.suno.com.br\/noticias\/bolsonaro-recria-ministerio-do-trabalho\/","url":"https:\/\/www.suno.com.br\/noticias\/bolsonaro-recria-ministerio-do-trabalho\/","name":"Bolsonaro recria Minist\u00e9rio do Trabalho e concretiza reforma ministerial","isPartOf":{"@id":"https:\/\/www.suno.com.br\/noticias\/#website"},"primaryImageOfPage":{"@id":"https:\/\/www.suno.com.br\/noticias\/bolsonaro-recria-ministerio-do-trabalho\/#primaryimage"},"image":{"@id":"https:\/\/www.suno.com.br\/noticias\/bolsonaro-recria-ministerio-do-trabalho\/#primaryimage"},"thumbnailUrl":"https:\/\/files.sunoresearch.com.br\/n\/uploads\/2021\/03\/7417be8e-jair-bolsonaro-foto-isac-nobrega-pr-jpg.webp","datePublished":"2021-07-28T18:09:03+00:00","description":"Al\u00e9m do Minist\u00e9rio do Trabalho, j\u00e1 oficializado, Bolsonaro antecipou mudan\u00e7as na Casa Civil. Clique aqui e leia mais.","breadcrumb":{"@id":"https:\/\/www.suno.com.br\/noticias\/bolsonaro-recria-ministerio-do-trabalho\/#breadcrumb"},"inLanguage":"pt-BR","potentialAction":[{"@type":"ReadAction","target":["https:\/\/www.suno.com.br\/noticias\/bolsonaro-recria-ministerio-do-trabalho\/"]}]},{"@type":"ImageObject","inLanguage":"pt-BR","@id":"https:\/\/www.suno.com.br\/noticias\/bolsonaro-recria-ministerio-do-trabalho\/#primaryimage","url":"https:\/\/files.sunoresearch.com.br\/n\/uploads\/2021\/03\/7417be8e-jair-bolsonaro-foto-isac-nobrega-pr-jpg.webp","contentUrl":"https:\/\/files.sunoresearch.com.br\/n\/uploads\/2021\/03\/7417be8e-jair-bolsonaro-foto-isac-nobrega-pr-jpg.webp","width":1200,"height":800,"caption":"Medida sobre o diesel j\u00e1 havia sido aprovada previamente, mas foi formalizada somente hoje no DOU - Foto: Isac N\u00f3brega PR"},{"@type":"BreadcrumbList","@id":"https:\/\/www.suno.com.br\/noticias\/bolsonaro-recria-ministerio-do-trabalho\/#breadcrumb","itemListElement":[{"@type":"ListItem","position":1,"name":"Not\u00edcias","item":"https:\/\/www.suno.com.br\/noticias\/"},{"@type":"ListItem","position":2,"name":"Pol\u00edtica","item":"https:\/\/www.suno.com.br\/noticias\/politica\/"},{"@type":"ListItem","position":3,"name":"Bolsonaro recria Minist\u00e9rio do Trabalho e avan\u00e7a na reforma ministerial"}]},{"@type":"WebSite","@id":"https:\/\/www.suno.com.br\/noticias\/#website","url":"https:\/\/www.suno.com.br\/noticias\/","name":"Suno Not\u00edcias","description":"Seu portal de informa\u00e7\u00e3o sobre o mundo dos investimentos","publisher":{"@id":"https:\/\/www.suno.com.br\/noticias\/#organization"},"potentialAction":[{"@type":"SearchAction","target":{"@type":"EntryPoint","urlTemplate":"https:\/\/www.suno.com.br\/noticias\/?s={search_term_string}"},"query-input":{"@type":"PropertyValueSpecification","valueRequired":true,"valueName":"search_term_string"}}],"inLanguage":"pt-BR"},{"@type":"Organization","@id":"https:\/\/www.suno.com.br\/noticias\/#organization","name":"Suno Not\u00edcias","url":"https:\/\/www.suno.com.br\/noticias\/","logo":{"@type":"ImageObject","inLanguage":"pt-BR","@id":"https:\/\/www.suno.com.br\/noticias\/#\/schema\/logo\/image\/","url":"https:\/\/files.sunoresearch.com.br\/n\/uploads\/2021\/09\/suno-logo.png","contentUrl":"https:\/\/files.sunoresearch.com.br\/n\/uploads\/2021\/09\/suno-logo.png","width":180,"height":180,"caption":"Suno Not\u00edcias"},"image":{"@id":"https:\/\/www.suno.com.br\/noticias\/#\/schema\/logo\/image\/"},"sameAs":["https:\/\/facebook.com\/sunoresearch","https:\/\/x.com\/sunoresearch","https:\/\/www.instagram.com\/suno","https:\/\/www.linkedin.com\/company\/suno-research\/","https:\/\/www.youtube.com\/c\/sunoresearch"]},{"@type":"Person","@id":"https:\/\/www.suno.com.br\/noticias\/#\/schema\/person\/7f4d362bf3518e76090143ae77bb49a5","name":"Eduardo Vargas","image":{"@type":"ImageObject","inLanguage":"pt-BR","@id":"https:\/\/www.suno.com.br\/noticias\/#\/schema\/person\/image\/","url":"https:\/\/secure.gravatar.com\/avatar\/dac340933427a22924c9f99d1eb2e3f2?s=96&r=g","contentUrl":"https:\/\/secure.gravatar.com\/avatar\/dac340933427a22924c9f99d1eb2e3f2?s=96&r=g","caption":"Eduardo Vargas"},"description":"Jornalista formado pela UFSC, cobre macroeconomia, neg\u00f3cios e startups para o Suno Not\u00edcias, escrevendo principalmente not\u00edcias sobre o mercado financeiro e a bolsa de valores. No YouTube e no Instagram, \u00e9 respons\u00e1vel pela produ\u00e7\u00e3o de Reels e Shorts do Suno Not\u00edcias. Anteriormente, trabalhou cobrindo economia e cotidiano no ND+ e para o ND, maior jornal impresso de Santa Catarina. Cursou um semestre letivo de Estudos de M\u00eddia na Universidad de Buenos Aires.","url":"https:\/\/www.suno.com.br\/noticias\/author\/eduardo-vargas\/"}]}},"default_loop_html":"<div class=\"cardsPage__listCard__boxs\"><div class=\"cardsPage__listCard__boxs__img\"><a href=\"https:\/\/www.suno.com.br\/noticias\/bolsonaro-recria-ministerio-do-trabalho\/\"><img class=\"mask\" src=\"https:\/\/www.suno.com.br\/noticias\/wp-content\/themes\/suno\/resources\/images\/spotlight\/spotlight1img\/bg-mask.png\" alt=\"Image Mask\"\/><img src=\"https:\/\/files.sunoresearch.com.br\/n\/uploads\/2021\/03\/7417be8e-jair-bolsonaro-foto-isac-nobrega-pr-400x200.webp\" alt=\"Bolsonaro recria Minist\u00e9rio do Trabalho e avan\u00e7a na reforma ministerial\"\/><\/a><span class=\"spotlightCategory\"><a href=\"https:\/\/www.suno.com.br\/noticias\/politica\/\">Pol\u00edtica<\/a><\/span><\/div><div class=\"cardsPage__listCard__boxs__content\"><a href=\"https:\/\/www.suno.com.br\/noticias\/bolsonaro-recria-ministerio-do-trabalho\/\"><h2 class=\"content__title\">Bolsonaro recria Minist\u00e9rio do Trabalho e avan\u00e7a na reforma ministerial<\/h2><\/a><div class=\"newsContent__article__meta\"><div class=\"newsContent__article__meta__authorBox\"><a href=\"https:\/\/www.suno.com.br\/noticias\/author\/eduardo-vargas\/\" class=\"authorBox__avatar noMobi\"><img src=\"https:\/\/secure.gravatar.com\/avatar\/dac340933427a22924c9f99d1eb2e3f2?s=96&#038;r=g\" alt=\"Eduardo Vargas\"><\/a><div class=\"authorBox__name\"><span>por\n\t\t\t<a href=\"https:\/\/www.suno.com.br\/noticias\/author\/eduardo-vargas\/\"><span itemprop=\"author\">Eduardo Vargas<\/span><\/a><\/span><time datetime=\"2021-07-28T15:09:03-03:00\" itemprop=\"datePublished\">28\/07\/2021 15:09<\/time><\/div><\/div><\/div><\/div><\/div>","single_layout":"posts","amp_enabled":true,"_links":{"self":[{"href":"https:\/\/www.suno.com.br\/noticias\/wp-json\/wp\/v2\/posts\/170021"}],"collection":[{"href":"https:\/\/www.suno.com.br\/noticias\/wp-json\/wp\/v2\/posts"}],"about":[{"href":"https:\/\/www.suno.com.br\/noticias\/wp-json\/wp\/v2\/types\/post"}],"author":[{"embeddable":true,"href":"https:\/\/www.suno.com.br\/noticias\/wp-json\/wp\/v2\/users\/73"}],"replies":[{"embeddable":true,"href":"https:\/\/www.suno.com.br\/noticias\/wp-json\/wp\/v2\/comments?post=170021"}],"version-history":[{"count":4,"href":"https:\/\/www.suno.com.br\/noticias\/wp-json\/wp\/v2\/posts\/170021\/revisions"}],"predecessor-version":[{"id":170230,"href":"https:\/\/www.suno.com.br\/noticias\/wp-json\/wp\/v2\/posts\/170021\/revisions\/170230"}],"wp:featuredmedia":[{"embeddable":true,"href":"https:\/\/www.suno.com.br\/noticias\/wp-json\/wp\/v2\/media\/137091"}],"wp:attachment":[{"href":"https:\/\/www.suno.com.br\/noticias\/wp-json\/wp\/v2\/media?parent=170021"}],"wp:term":[{"taxonomy":"category","embeddable":true,"href":"https:\/\/www.suno.com.br\/noticias\/wp-json\/wp\/v2\/categories?post=170021"},{"taxonomy":"post_tag","embeddable":true,"href":"https:\/\/www.suno.com.br\/noticias\/wp-json\/wp\/v2\/tags?post=170021"},{"taxonomy":"suno_strategy","embeddable":true,"href":"https:\/\/www.suno.com.br\/noticias\/wp-json\/wp\/v2\/suno_strategy?post=170021"}],"curies":[{"name":"wp","href":"https:\/\/api.w.org\/{rel}","templated":true}]}}