{"id":16990,"date":"2019-03-01T09:16:40","date_gmt":"2019-03-01T12:16:40","guid":{"rendered":"https:\/\/www.suno.com.br\/noticias\/?p=16990"},"modified":"2021-06-21T05:22:00","modified_gmt":"2021-06-21T08:22:00","slug":"joseph-safra-lemann-ranking-forbes","status":"publish","type":"post","link":"https:\/\/www.suno.com.br\/noticias\/joseph-safra-lemann-ranking-forbes\/","title":{"rendered":"Joseph Safra passa Jorge Paulo Lemann em ranking bilion\u00e1rio da Forbes"},"content":{"rendered":"<p>O <strong>ranking<\/strong> dos nomes <strong>mais ricos<\/strong> do mundo, que pode ser acompanhado no <a href=\"https:\/\/www.forbes.com\/billionaires\/list\/#version:realtime\" rel=\"nofollow\">site<\/a> da revista &#8220;Forbes&#8221;, sofreu uma mudan\u00e7a brasileira no in\u00edcio deste ano.<strong>\u00a0<a href=\"https:\/\/www.suno.com.br\/tudo-sobre\/jorge-paulo-lemann\/\">Jorge Paulo Lemann<\/a><\/strong>, que esteve no <strong>topo<\/strong> da <strong>lista brasileira<\/strong> pelos \u00faltimos seis anos, perdeu o posto para<strong> <a href=\"https:\/\/www.suno.com.br\/tudo-sobre\/joseph-safra\/\">Joseph Safra<\/a><\/strong>, propriet\u00e1rio do <a href=\"https:\/\/www.suno.com.br\/artigos\/safra-empresas\/\">Banco Safra<\/a>.<\/p>\t<div class=\"wrapper-featured-image\">\n\t\t<figure class=\"spotlightImg\">\n\n\t\t\t<picture>\n\t\t\t\t<source media=\"(max-width: 768px)\" srcset=\"https:\/\/files.sunoresearch.com.br\/n\/uploads\/2019\/03\/d14cece5-rico-400x200.webp\">\n\t\t\t\t<img loading=\"lazy\" decoding=\"async\" class=\"newsContent__article__imgCapa lazyloadDisabled newsContent__article__imgCapa--noCaption\" src=\"https:\/\/files.sunoresearch.com.br\/n\/uploads\/2019\/03\/d14cece5-rico-800x450.webp\" width=\"800\" height=\"450\" alt=\"Joseph Safra passa Jorge Paulo Lemann em ranking bilion\u00e1rio da Forbes\" fetchpriority=high \/>\n\t\t\t<\/picture>\n\n\t\t\t<figcaption class=\"wp-caption-text wp-caption-text--hide\">Joseph Safra superou o bilion\u00e1rio Jorge Paulo Lemann na nova lista de bilion\u00e1rios brasileiros da &quot;Forbes&quot;<\/figcaption>\n\t\t<\/figure>\n\t<\/div>\n\n\n<p>Enquanto <strong>Lemann<\/strong> acumula, no momento, US$ 22,4 bilh\u00f5es, <strong>Safra<\/strong>, que \u00e9 considerado o <strong>banqueiro mais rico<\/strong> do mundo, soma US$ 25,2 bilh\u00f5es.<\/p>\n<p>Conforme o ranking dos mais ricos, <strong>Lemann<\/strong> perdeu US$ 5 bilh\u00f5es entre a data atual, e aquela de mar\u00e7o de 2018, quando a lista dos<strong>\u00a0\u201cMaiores Bilion\u00e1rios do Mundo\u201d<\/strong> foi publicada.<\/p>\n<p>Os s\u00f3cios-fundadores de <strong>Lemann<\/strong> na 3G Capital, empresa de <strong><a href=\"https:\/\/www.suno.com.br\/artigos\/fundos-private-equity\/\">private equity<\/a><\/strong>, tamb\u00e9m ca\u00edram no <strong>levantamento<\/strong> da &#8220;Forbes&#8221; de nomes mais ricos. Confira o montante de cada um, atualmente:<\/p>\n<ul>\n<li><a href=\"https:\/\/www.suno.com.br\/tudo-sobre\/marcel-herrmann-telles\/\">Marcel Herrmann Telles<\/a>: US$ 9,6 bilh\u00f5es (no levantamento de 2018, o montante era de US$ 14 bilh\u00f5es);<\/li>\n<li><a href=\"https:\/\/www.suno.com.br\/tudo-sobre\/carlos-alberto-sicupira\/\">Carlos Alberto Sicupira<\/a>: US$ 8,5 bilh\u00f5es\u00a0(no levantamento de 2018, o montante era de US$ 12 bilh\u00f5es).<\/li>\n<\/ul>\n<p>A <strong>3G Capital<\/strong> est\u00e1 envolvida no controle de gigantes como <strong>AB InBev<\/strong>, <strong>Burger King<\/strong> e <strong>Kraft Heinz<\/strong>.<\/p>\n<p>Desde 2016, a fortuna de <strong>Lemann<\/strong> obteve <strong>crescimento cont\u00ednuo<\/strong>, acumulando US$ 8 bilh\u00f5es no per\u00edodo at\u00e9 mar\u00e7o de 2018, quando o <strong>ac\u00famulo<\/strong> totalizou US$ 27,4 bilh\u00f5es.<\/p>\n<p>No \u00faltimo ano, a revista &#8220;Forbes&#8221; contabilizou <strong>42 bilion\u00e1rios brasileiros<\/strong>. Lemann, ent\u00e3o, estava no posto de 29\u00aa pessoa mais rica do mundo.<\/p>\n<p>Nesta sexta-feira (1\u00ba), <strong>Safra<\/strong> ocupa a<strong> 31\u00aa posi\u00e7\u00e3o<\/strong> da lista geral dos mais ricos, enquanto <strong>Lemann<\/strong> est\u00e1 na<strong> 37\u00aa posi\u00e7\u00e3o<\/strong>.<\/p>\n<p>No primeiro lugar da lista est\u00e1 <strong><a href=\"https:\/\/www.suno.com.br\/artigos\/jeff-bezos-ceo-e-fundador-da-amazon\/\">Jeff Bezos<\/a><\/strong>, o CEO da <strong>Amazon<\/strong>. A <strong>publica\u00e7\u00e3o oficial<\/strong> da lista no ano de 2019 deve ocorrer ainda neste m\u00eas.<\/p>\n<p><a href=\"https:\/\/www.suno.com.br\/noticias\/kraft-heinz-transferencia-3g-capital\/\">Saiba mais &#8211;\u00a0Kraft Heinz enfrenta processo por transfer\u00eancia de a\u00e7\u00f5es feita pela 3G\u00a0<\/a><\/p>\n<p><a href=\"https:\/\/www.suno.com.br\/noticias\/lucro-liquido-ab-inbev-2018\/\">Saiba mais &#8211;\u00a0Lucro l\u00edquido da AB InBev recua 85% no 4\u00ba trimestre de 2018<\/a><\/p>\n<h2>3G Capital e Kraft Heinz<\/h2>\n<p>A Kraft Heinz enfrenta um <strong>novo processo<\/strong> que investiga as causas da transfer\u00eancia de US$ 1,23 bilh\u00e3o em a\u00e7\u00f5es, feita pela<strong> <a href=\"https:\/\/www.suno.com.br\/artigos\/3g-capital\/\">3G Capital<\/a><\/strong>, \u00e0 <strong>gigante dos alimentos<\/strong>.<\/p>\n<p>A <strong>transfer\u00eancia<\/strong> foi feita seis meses antes de a<strong> Kraft Heinz<\/strong> divulgar que recebeu uma <strong>intima\u00e7\u00e3o<\/strong> do <strong>SEC<\/strong> (<a href=\"https:\/\/www.suno.com.br\/artigos\/sec\/\">U.S. Securities and Exchange Commission<\/a>).<\/p>\n<p>\u00d3rg\u00e3o regulador do mercado norte-americano, a SEC intimou a gigante dos alimentos em <strong>outubro<\/strong> de 2018.<\/p>\n<p>Contudo, a <strong>informa\u00e7\u00e3o<\/strong> apenas tornou-se <strong>p\u00fablica<\/strong> na semana passada. Foi quando a companhia divulgou o <strong>balan\u00e7o financeiro<\/strong> do quarto trimestre de 2018.<\/p>\n<p>A <strong>3G Capital<\/strong>\u00a0controla a<strong> Kraft Heinz<\/strong>, e foi fundada pelos <strong>investidores<\/strong>:<\/p>\n<ul>\n<li>Alex Behring<\/li>\n<li>Carlos Alberto Sicupira<\/li>\n<li>Jorge Paulo Lemann<\/li>\n<li>Marcel Herrmann Telles<\/li>\n<\/ul>\n<p>A proposta de <strong>a\u00e7\u00e3o coletiva<\/strong>, divulgada na \u00faltima quarta-feira (27), \u00e9 do acionista <strong>Steve Walling<\/strong>. A informa\u00e7\u00e3o foi divulgada pela ag\u00eancia &#8220;Reuters&#8221;.<\/p>\n<p>O investidor acusa a Kraft Heinz, o CEO da <strong>gigante dos alimentos<\/strong> Bernard Hees, a <strong>3G Capital<\/strong> e outros <strong>acionistas<\/strong>. A alega\u00e7\u00e3o \u00e9 de que os <strong>r\u00e9us<\/strong> ocultaram <strong>danos<\/strong> \u00e0 algumas das maiores marcas da companhia.<\/p>\n<p>Al\u00e9m disso, <strong>Steve Walling<\/strong> tamb\u00e9m acusa os <strong>r\u00e9us<\/strong> de serem &#8220;motivados&#8221; a se envolver em <strong>conduta impr\u00f3pria<\/strong>. Assim, supostamente os acusados teriam permitido que a<strong> 3G Capital<\/strong>, fundo de brasileiros que constam entre os mais ricos do mundo, vendesse US$ 1,23 bilh\u00e3o em <strong>a\u00e7\u00f5es<\/strong> em agosto, a pre\u00e7os artificialmente inflacionados.<\/p>\n","protected":false},"excerpt":{"rendered":"<p>O ranking dos nomes mais ricos do mundo, que pode ser acompanhado no site da revista &#8220;Forbes&#8221;, sofreu uma mudan\u00e7a brasileira no in\u00edcio deste ano.\u00a0Jorge Paulo Lemann, que esteve no topo da lista brasileira pelos \u00faltimos seis anos, perdeu o posto para Joseph Safra, propriet\u00e1rio do Banco Safra. Joseph Safra superou o bilion\u00e1rio Jorge Paulo [&hellip;]<\/p>\n","protected":false},"author":12,"featured_media":16992,"comment_status":"closed","ping_status":"closed","sticky":false,"template":"","format":"standard","meta":[],"categories":[60],"tags":[1190,1072,1518,383,1189],"suno_strategy":[],"class_list":["post-16990","post","type-post","status-publish","format-standard","has-post-thumbnail","hentry","category-mercado","tag-3g-capital","tag-ab-inbev-abud34","tag-banco-safra","tag-burger-king-brasil-bkbr3","tag-kraft-heinz-khcb34"],"yoast_head":"<!-- This site is optimized with the Yoast SEO plugin v24.4 - https:\/\/yoast.com\/wordpress\/plugins\/seo\/ -->\n<title>Joseph Safra passa Jorge Paulo Lemann em ranking bilion\u00e1rio da Forbes<\/title>\n<meta name=\"description\" content=\"Jorge Paulo Lemann, que estava no topo da lista brasileira da Forbes, perdeu o posto para Joseph Safra.\u00a0Clique para saber mais.\" \/>\n<meta name=\"robots\" content=\"index, follow, max-snippet:-1, max-image-preview:large, max-video-preview:-1\" \/>\n<link rel=\"canonical\" href=\"https:\/\/www.suno.com.br\/noticias\/joseph-safra-lemann-ranking-forbes\/\" \/>\n<meta property=\"og:locale\" content=\"pt_BR\" \/>\n<meta property=\"og:type\" content=\"article\" \/>\n<meta property=\"og:title\" content=\"Joseph Safra passa Jorge Paulo Lemann em ranking bilion\u00e1rio da Forbes\" \/>\n<meta property=\"og:description\" content=\"Jorge Paulo Lemann, que estava no topo da lista brasileira da Forbes, perdeu o posto para Joseph Safra.\u00a0Clique para saber mais.\" \/>\n<meta property=\"og:url\" content=\"https:\/\/www.suno.com.br\/noticias\/joseph-safra-lemann-ranking-forbes\/\" \/>\n<meta property=\"og:site_name\" content=\"Suno Not\u00edcias\" \/>\n<meta property=\"article:publisher\" content=\"https:\/\/facebook.com\/sunoresearch\" \/>\n<meta property=\"og:image\" content=\"https:\/\/files.sunoresearch.com.br\/n\/uploads\/2019\/03\/d14cece5-rico.jpg\" \/>\n\t<meta property=\"og:image:width\" content=\"1200\" \/>\n\t<meta property=\"og:image:height\" content=\"787\" \/>\n\t<meta property=\"og:image:type\" content=\"image\/jpeg\" \/>\n<meta name=\"author\" content=\"Amanda Gushiken\" \/>\n<meta name=\"twitter:card\" content=\"summary_large_image\" \/>\n<meta name=\"twitter:creator\" content=\"@sunoresearch\" \/>\n<meta name=\"twitter:site\" content=\"@sunoresearch\" \/>\n<meta name=\"twitter:label1\" content=\"Escrito por\" \/>\n\t<meta name=\"twitter:data1\" content=\"Amanda Gushiken\" \/>\n\t<meta name=\"twitter:label2\" content=\"Est. tempo de leitura\" \/>\n\t<meta name=\"twitter:data2\" content=\"3 minutos\" \/>\n<script type=\"application\/ld+json\" class=\"yoast-schema-graph\">{\"@context\":\"https:\/\/schema.org\",\"@graph\":[{\"@type\":\"NewsArticle\",\"@id\":\"https:\/\/www.suno.com.br\/noticias\/joseph-safra-lemann-ranking-forbes\/#article\",\"isPartOf\":{\"@id\":\"https:\/\/www.suno.com.br\/noticias\/joseph-safra-lemann-ranking-forbes\/\"},\"author\":{\"name\":\"Amanda Gushiken\",\"@id\":\"https:\/\/www.suno.com.br\/noticias\/#\/schema\/person\/a5b06fa4e879d8e8e119c6ed3cd630d1\"},\"headline\":\"Joseph Safra passa Jorge Paulo Lemann em ranking bilion\u00e1rio da Forbes\",\"datePublished\":\"2019-03-01T12:16:40+00:00\",\"dateModified\":\"2021-06-21T08:22:00+00:00\",\"mainEntityOfPage\":{\"@id\":\"https:\/\/www.suno.com.br\/noticias\/joseph-safra-lemann-ranking-forbes\/\"},\"wordCount\":559,\"publisher\":{\"@id\":\"https:\/\/www.suno.com.br\/noticias\/#organization\"},\"image\":{\"@id\":\"https:\/\/www.suno.com.br\/noticias\/joseph-safra-lemann-ranking-forbes\/#primaryimage\"},\"thumbnailUrl\":\"https:\/\/files.sunoresearch.com.br\/n\/uploads\/2019\/03\/d14cece5-rico-jpg.webp\",\"keywords\":[\"3G Capital\",\"Ab Inbev (ABUD34)\",\"Banco Safra\",\"Burger King Brasil (BKBR3)\",\"Kraft Heinz (KHCB34)\"],\"articleSection\":[\"Mercado\"],\"inLanguage\":\"pt-BR\"},{\"@type\":\"WebPage\",\"@id\":\"https:\/\/www.suno.com.br\/noticias\/joseph-safra-lemann-ranking-forbes\/\",\"url\":\"https:\/\/www.suno.com.br\/noticias\/joseph-safra-lemann-ranking-forbes\/\",\"name\":\"Joseph Safra passa Jorge Paulo Lemann em ranking bilion\u00e1rio da Forbes\",\"isPartOf\":{\"@id\":\"https:\/\/www.suno.com.br\/noticias\/#website\"},\"primaryImageOfPage\":{\"@id\":\"https:\/\/www.suno.com.br\/noticias\/joseph-safra-lemann-ranking-forbes\/#primaryimage\"},\"image\":{\"@id\":\"https:\/\/www.suno.com.br\/noticias\/joseph-safra-lemann-ranking-forbes\/#primaryimage\"},\"thumbnailUrl\":\"https:\/\/files.sunoresearch.com.br\/n\/uploads\/2019\/03\/d14cece5-rico-jpg.webp\",\"datePublished\":\"2019-03-01T12:16:40+00:00\",\"dateModified\":\"2021-06-21T08:22:00+00:00\",\"description\":\"Jorge Paulo Lemann, que estava no topo da lista brasileira da Forbes, perdeu o posto para Joseph Safra.\u00a0Clique para saber mais.\",\"breadcrumb\":{\"@id\":\"https:\/\/www.suno.com.br\/noticias\/joseph-safra-lemann-ranking-forbes\/#breadcrumb\"},\"inLanguage\":\"pt-BR\",\"potentialAction\":[{\"@type\":\"ReadAction\",\"target\":[\"https:\/\/www.suno.com.br\/noticias\/joseph-safra-lemann-ranking-forbes\/\"]}]},{\"@type\":\"ImageObject\",\"inLanguage\":\"pt-BR\",\"@id\":\"https:\/\/www.suno.com.br\/noticias\/joseph-safra-lemann-ranking-forbes\/#primaryimage\",\"url\":\"https:\/\/files.sunoresearch.com.br\/n\/uploads\/2019\/03\/d14cece5-rico-jpg.webp\",\"contentUrl\":\"https:\/\/files.sunoresearch.com.br\/n\/uploads\/2019\/03\/d14cece5-rico-jpg.webp\",\"width\":1200,\"height\":787,\"caption\":\"Joseph Safra superou o bilion\u00e1rio Jorge Paulo Lemann na nova lista de bilion\u00e1rios brasileiros da \\\"Forbes\\\"\"},{\"@type\":\"BreadcrumbList\",\"@id\":\"https:\/\/www.suno.com.br\/noticias\/joseph-safra-lemann-ranking-forbes\/#breadcrumb\",\"itemListElement\":[{\"@type\":\"ListItem\",\"position\":1,\"name\":\"Not\u00edcias\",\"item\":\"https:\/\/www.suno.com.br\/noticias\/\"},{\"@type\":\"ListItem\",\"position\":2,\"name\":\"Mercado\",\"item\":\"https:\/\/www.suno.com.br\/noticias\/mercado\/\"},{\"@type\":\"ListItem\",\"position\":3,\"name\":\"Joseph Safra passa Jorge Paulo Lemann em ranking bilion\u00e1rio da Forbes\"}]},{\"@type\":\"WebSite\",\"@id\":\"https:\/\/www.suno.com.br\/noticias\/#website\",\"url\":\"https:\/\/www.suno.com.br\/noticias\/\",\"name\":\"Suno Not\u00edcias\",\"description\":\"Seu portal de informa\u00e7\u00e3o sobre o mundo dos investimentos\",\"publisher\":{\"@id\":\"https:\/\/www.suno.com.br\/noticias\/#organization\"},\"potentialAction\":[{\"@type\":\"SearchAction\",\"target\":{\"@type\":\"EntryPoint\",\"urlTemplate\":\"https:\/\/www.suno.com.br\/noticias\/?s={search_term_string}\"},\"query-input\":{\"@type\":\"PropertyValueSpecification\",\"valueRequired\":true,\"valueName\":\"search_term_string\"}}],\"inLanguage\":\"pt-BR\"},{\"@type\":\"Organization\",\"@id\":\"https:\/\/www.suno.com.br\/noticias\/#organization\",\"name\":\"Suno Not\u00edcias\",\"url\":\"https:\/\/www.suno.com.br\/noticias\/\",\"logo\":{\"@type\":\"ImageObject\",\"inLanguage\":\"pt-BR\",\"@id\":\"https:\/\/www.suno.com.br\/noticias\/#\/schema\/logo\/image\/\",\"url\":\"https:\/\/files.sunoresearch.com.br\/n\/uploads\/2021\/09\/suno-logo.png\",\"contentUrl\":\"https:\/\/files.sunoresearch.com.br\/n\/uploads\/2021\/09\/suno-logo.png\",\"width\":180,\"height\":180,\"caption\":\"Suno Not\u00edcias\"},\"image\":{\"@id\":\"https:\/\/www.suno.com.br\/noticias\/#\/schema\/logo\/image\/\"},\"sameAs\":[\"https:\/\/facebook.com\/sunoresearch\",\"https:\/\/x.com\/sunoresearch\",\"https:\/\/www.instagram.com\/suno\",\"https:\/\/www.linkedin.com\/company\/suno-research\/\",\"https:\/\/www.youtube.com\/c\/sunoresearch\"]},{\"@type\":\"Person\",\"@id\":\"https:\/\/www.suno.com.br\/noticias\/#\/schema\/person\/a5b06fa4e879d8e8e119c6ed3cd630d1\",\"name\":\"Amanda Gushiken\",\"image\":{\"@type\":\"ImageObject\",\"inLanguage\":\"pt-BR\",\"@id\":\"https:\/\/www.suno.com.br\/noticias\/#\/schema\/person\/image\/\",\"url\":\"https:\/\/secure.gravatar.com\/avatar\/ecd84705e6b65e3685ae80d725501fbe?s=96&r=g\",\"contentUrl\":\"https:\/\/secure.gravatar.com\/avatar\/ecd84705e6b65e3685ae80d725501fbe?s=96&r=g\",\"caption\":\"Amanda Gushiken\"},\"description\":\"Amanda Sayuri Gushiken escreve sobre finan\u00e7as e neg\u00f3cios para o portal Suno Not\u00edcias. Antes, trabalhou selecionando not\u00edcias da imprensa para clientes do mercado financeiro. Tamb\u00e9m desenvolveu pesquisa acad\u00eamica pela Universidade Anhembi Morumbi na \u00e1rea de Teorias da Comunica\u00e7\u00e3o e \u00e9 fot\u00f3grafa nas horas vagas.\",\"url\":\"https:\/\/www.suno.com.br\/noticias\/author\/amanda\/\"}]}<\/script>\n<!-- \/ Yoast SEO plugin. -->","yoast_head_json":{"title":"Joseph Safra passa Jorge Paulo Lemann em ranking bilion\u00e1rio da Forbes","description":"Jorge Paulo Lemann, que estava no topo da lista brasileira da Forbes, perdeu o posto para Joseph Safra.\u00a0Clique para saber mais.","robots":{"index":"index","follow":"follow","max-snippet":"max-snippet:-1","max-image-preview":"max-image-preview:large","max-video-preview":"max-video-preview:-1"},"canonical":"https:\/\/www.suno.com.br\/noticias\/joseph-safra-lemann-ranking-forbes\/","og_locale":"pt_BR","og_type":"article","og_title":"Joseph Safra passa Jorge Paulo Lemann em ranking bilion\u00e1rio da Forbes","og_description":"Jorge Paulo Lemann, que estava no topo da lista brasileira da Forbes, perdeu o posto para Joseph Safra.\u00a0Clique para saber mais.","og_url":"https:\/\/www.suno.com.br\/noticias\/joseph-safra-lemann-ranking-forbes\/","og_site_name":"Suno Not\u00edcias","article_publisher":"https:\/\/facebook.com\/sunoresearch","og_image":[{"width":1200,"height":787,"url":"https:\/\/files.sunoresearch.com.br\/n\/uploads\/2019\/03\/d14cece5-rico.jpg","type":"image\/jpeg"}],"author":"Amanda Gushiken","twitter_card":"summary_large_image","twitter_creator":"@sunoresearch","twitter_site":"@sunoresearch","twitter_misc":{"Escrito por":"Amanda Gushiken","Est. tempo de leitura":"3 minutos"},"schema":{"@context":"https:\/\/schema.org","@graph":[{"@type":"NewsArticle","@id":"https:\/\/www.suno.com.br\/noticias\/joseph-safra-lemann-ranking-forbes\/#article","isPartOf":{"@id":"https:\/\/www.suno.com.br\/noticias\/joseph-safra-lemann-ranking-forbes\/"},"author":{"name":"Amanda Gushiken","@id":"https:\/\/www.suno.com.br\/noticias\/#\/schema\/person\/a5b06fa4e879d8e8e119c6ed3cd630d1"},"headline":"Joseph Safra passa Jorge Paulo Lemann em ranking bilion\u00e1rio da Forbes","datePublished":"2019-03-01T12:16:40+00:00","dateModified":"2021-06-21T08:22:00+00:00","mainEntityOfPage":{"@id":"https:\/\/www.suno.com.br\/noticias\/joseph-safra-lemann-ranking-forbes\/"},"wordCount":559,"publisher":{"@id":"https:\/\/www.suno.com.br\/noticias\/#organization"},"image":{"@id":"https:\/\/www.suno.com.br\/noticias\/joseph-safra-lemann-ranking-forbes\/#primaryimage"},"thumbnailUrl":"https:\/\/files.sunoresearch.com.br\/n\/uploads\/2019\/03\/d14cece5-rico-jpg.webp","keywords":["3G Capital","Ab Inbev (ABUD34)","Banco Safra","Burger King Brasil (BKBR3)","Kraft Heinz (KHCB34)"],"articleSection":["Mercado"],"inLanguage":"pt-BR"},{"@type":"WebPage","@id":"https:\/\/www.suno.com.br\/noticias\/joseph-safra-lemann-ranking-forbes\/","url":"https:\/\/www.suno.com.br\/noticias\/joseph-safra-lemann-ranking-forbes\/","name":"Joseph Safra passa Jorge Paulo Lemann em ranking bilion\u00e1rio da Forbes","isPartOf":{"@id":"https:\/\/www.suno.com.br\/noticias\/#website"},"primaryImageOfPage":{"@id":"https:\/\/www.suno.com.br\/noticias\/joseph-safra-lemann-ranking-forbes\/#primaryimage"},"image":{"@id":"https:\/\/www.suno.com.br\/noticias\/joseph-safra-lemann-ranking-forbes\/#primaryimage"},"thumbnailUrl":"https:\/\/files.sunoresearch.com.br\/n\/uploads\/2019\/03\/d14cece5-rico-jpg.webp","datePublished":"2019-03-01T12:16:40+00:00","dateModified":"2021-06-21T08:22:00+00:00","description":"Jorge Paulo Lemann, que estava no topo da lista brasileira da Forbes, perdeu o posto para Joseph Safra.\u00a0Clique para saber mais.","breadcrumb":{"@id":"https:\/\/www.suno.com.br\/noticias\/joseph-safra-lemann-ranking-forbes\/#breadcrumb"},"inLanguage":"pt-BR","potentialAction":[{"@type":"ReadAction","target":["https:\/\/www.suno.com.br\/noticias\/joseph-safra-lemann-ranking-forbes\/"]}]},{"@type":"ImageObject","inLanguage":"pt-BR","@id":"https:\/\/www.suno.com.br\/noticias\/joseph-safra-lemann-ranking-forbes\/#primaryimage","url":"https:\/\/files.sunoresearch.com.br\/n\/uploads\/2019\/03\/d14cece5-rico-jpg.webp","contentUrl":"https:\/\/files.sunoresearch.com.br\/n\/uploads\/2019\/03\/d14cece5-rico-jpg.webp","width":1200,"height":787,"caption":"Joseph Safra superou o bilion\u00e1rio Jorge Paulo Lemann na nova lista de bilion\u00e1rios brasileiros da \"Forbes\""},{"@type":"BreadcrumbList","@id":"https:\/\/www.suno.com.br\/noticias\/joseph-safra-lemann-ranking-forbes\/#breadcrumb","itemListElement":[{"@type":"ListItem","position":1,"name":"Not\u00edcias","item":"https:\/\/www.suno.com.br\/noticias\/"},{"@type":"ListItem","position":2,"name":"Mercado","item":"https:\/\/www.suno.com.br\/noticias\/mercado\/"},{"@type":"ListItem","position":3,"name":"Joseph Safra passa Jorge Paulo Lemann em ranking bilion\u00e1rio da Forbes"}]},{"@type":"WebSite","@id":"https:\/\/www.suno.com.br\/noticias\/#website","url":"https:\/\/www.suno.com.br\/noticias\/","name":"Suno Not\u00edcias","description":"Seu portal de informa\u00e7\u00e3o sobre o mundo dos investimentos","publisher":{"@id":"https:\/\/www.suno.com.br\/noticias\/#organization"},"potentialAction":[{"@type":"SearchAction","target":{"@type":"EntryPoint","urlTemplate":"https:\/\/www.suno.com.br\/noticias\/?s={search_term_string}"},"query-input":{"@type":"PropertyValueSpecification","valueRequired":true,"valueName":"search_term_string"}}],"inLanguage":"pt-BR"},{"@type":"Organization","@id":"https:\/\/www.suno.com.br\/noticias\/#organization","name":"Suno Not\u00edcias","url":"https:\/\/www.suno.com.br\/noticias\/","logo":{"@type":"ImageObject","inLanguage":"pt-BR","@id":"https:\/\/www.suno.com.br\/noticias\/#\/schema\/logo\/image\/","url":"https:\/\/files.sunoresearch.com.br\/n\/uploads\/2021\/09\/suno-logo.png","contentUrl":"https:\/\/files.sunoresearch.com.br\/n\/uploads\/2021\/09\/suno-logo.png","width":180,"height":180,"caption":"Suno Not\u00edcias"},"image":{"@id":"https:\/\/www.suno.com.br\/noticias\/#\/schema\/logo\/image\/"},"sameAs":["https:\/\/facebook.com\/sunoresearch","https:\/\/x.com\/sunoresearch","https:\/\/www.instagram.com\/suno","https:\/\/www.linkedin.com\/company\/suno-research\/","https:\/\/www.youtube.com\/c\/sunoresearch"]},{"@type":"Person","@id":"https:\/\/www.suno.com.br\/noticias\/#\/schema\/person\/a5b06fa4e879d8e8e119c6ed3cd630d1","name":"Amanda Gushiken","image":{"@type":"ImageObject","inLanguage":"pt-BR","@id":"https:\/\/www.suno.com.br\/noticias\/#\/schema\/person\/image\/","url":"https:\/\/secure.gravatar.com\/avatar\/ecd84705e6b65e3685ae80d725501fbe?s=96&r=g","contentUrl":"https:\/\/secure.gravatar.com\/avatar\/ecd84705e6b65e3685ae80d725501fbe?s=96&r=g","caption":"Amanda Gushiken"},"description":"Amanda Sayuri Gushiken escreve sobre finan\u00e7as e neg\u00f3cios para o portal Suno Not\u00edcias. Antes, trabalhou selecionando not\u00edcias da imprensa para clientes do mercado financeiro. Tamb\u00e9m desenvolveu pesquisa acad\u00eamica pela Universidade Anhembi Morumbi na \u00e1rea de Teorias da Comunica\u00e7\u00e3o e \u00e9 fot\u00f3grafa nas horas vagas.","url":"https:\/\/www.suno.com.br\/noticias\/author\/amanda\/"}]}},"default_loop_html":"<div class=\"cardsPage__listCard__boxs\"><div class=\"cardsPage__listCard__boxs__img\"><a href=\"https:\/\/www.suno.com.br\/noticias\/joseph-safra-lemann-ranking-forbes\/\"><img class=\"mask\" src=\"https:\/\/www.suno.com.br\/noticias\/wp-content\/themes\/suno\/resources\/images\/spotlight\/spotlight1img\/bg-mask.png\" alt=\"Image Mask\"\/><img src=\"https:\/\/files.sunoresearch.com.br\/n\/uploads\/2019\/03\/d14cece5-rico-400x200.webp\" alt=\"Joseph Safra passa Jorge Paulo Lemann em ranking bilion\u00e1rio da Forbes\"\/><\/a><span class=\"spotlightCategory\"><a href=\"https:\/\/www.suno.com.br\/noticias\/mercado\/\">Mercado<\/a><\/span><\/div><div class=\"cardsPage__listCard__boxs__content\"><a href=\"https:\/\/www.suno.com.br\/noticias\/joseph-safra-lemann-ranking-forbes\/\"><h2 class=\"content__title\">Joseph Safra passa Jorge Paulo Lemann em ranking bilion\u00e1rio da Forbes<\/h2><\/a><div class=\"newsContent__article__meta\"><div class=\"newsContent__article__meta__authorBox\"><a href=\"https:\/\/www.suno.com.br\/noticias\/author\/amanda\/\" class=\"authorBox__avatar noMobi\"><img src=\"https:\/\/files.sunoresearch.com.br\/n\/uploads\/2018\/11\/c6ad30be-amanda-150x150.webp\" alt=\"Amanda Gushiken\"><\/a><div class=\"authorBox__name\"><span>por\n\t\t\t<a href=\"https:\/\/www.suno.com.br\/noticias\/author\/amanda\/\"><span itemprop=\"author\">Amanda Gushiken<\/span><\/a><\/span><time datetime=\"2019-03-01T09:16:40-03:00\" itemprop=\"datePublished\">01\/03\/2019 09:16<\/time><\/div><\/div><\/div><\/div><\/div>","single_layout":"posts","amp_enabled":true,"_links":{"self":[{"href":"https:\/\/www.suno.com.br\/noticias\/wp-json\/wp\/v2\/posts\/16990"}],"collection":[{"href":"https:\/\/www.suno.com.br\/noticias\/wp-json\/wp\/v2\/posts"}],"about":[{"href":"https:\/\/www.suno.com.br\/noticias\/wp-json\/wp\/v2\/types\/post"}],"author":[{"embeddable":true,"href":"https:\/\/www.suno.com.br\/noticias\/wp-json\/wp\/v2\/users\/12"}],"replies":[{"embeddable":true,"href":"https:\/\/www.suno.com.br\/noticias\/wp-json\/wp\/v2\/comments?post=16990"}],"version-history":[{"count":1,"href":"https:\/\/www.suno.com.br\/noticias\/wp-json\/wp\/v2\/posts\/16990\/revisions"}],"predecessor-version":[{"id":159512,"href":"https:\/\/www.suno.com.br\/noticias\/wp-json\/wp\/v2\/posts\/16990\/revisions\/159512"}],"wp:featuredmedia":[{"embeddable":true,"href":"https:\/\/www.suno.com.br\/noticias\/wp-json\/wp\/v2\/media\/16992"}],"wp:attachment":[{"href":"https:\/\/www.suno.com.br\/noticias\/wp-json\/wp\/v2\/media?parent=16990"}],"wp:term":[{"taxonomy":"category","embeddable":true,"href":"https:\/\/www.suno.com.br\/noticias\/wp-json\/wp\/v2\/categories?post=16990"},{"taxonomy":"post_tag","embeddable":true,"href":"https:\/\/www.suno.com.br\/noticias\/wp-json\/wp\/v2\/tags?post=16990"},{"taxonomy":"suno_strategy","embeddable":true,"href":"https:\/\/www.suno.com.br\/noticias\/wp-json\/wp\/v2\/suno_strategy?post=16990"}],"curies":[{"name":"wp","href":"https:\/\/api.w.org\/{rel}","templated":true}]}}