{"id":16986,"date":"2019-03-01T08:25:52","date_gmt":"2019-03-01T11:25:52","guid":{"rendered":"https:\/\/www.suno.com.br\/noticias\/?p=16986"},"modified":"2019-03-01T08:37:50","modified_gmt":"2019-03-01T11:37:50","slug":"kraft-heinz-transferencia-3g-capital","status":"publish","type":"post","link":"https:\/\/www.suno.com.br\/noticias\/kraft-heinz-transferencia-3g-capital\/","title":{"rendered":"Kraft Heinz enfrenta processo por transfer\u00eancia de a\u00e7\u00f5es feita pela 3G"},"content":{"rendered":"<p>A Kraft Heinz enfrenta um <strong>novo processo<\/strong> que investiga as causas da transfer\u00eancia de US$ 1,23 bilh\u00e3o em a\u00e7\u00f5es, feita pela<strong> <a href=\"https:\/\/www.suno.com.br\/artigos\/3g-capital\/\">3G Capital<\/a><\/strong>, \u00e0 <strong>gigante dos alimentos<\/strong>.<\/p>\t<div class=\"wrapper-featured-image\">\n\t\t<figure class=\"spotlightImg\">\n\n\t\t\t<picture>\n\t\t\t\t<source media=\"(max-width: 768px)\" srcset=\"https:\/\/files.sunoresearch.com.br\/n\/uploads\/2019\/02\/a49985e4-kraft-heinz-400x200.webp\">\n\t\t\t\t<img loading=\"lazy\" decoding=\"async\" class=\"newsContent__article__imgCapa lazyloadDisabled newsContent__article__imgCapa--noCaption\" src=\"https:\/\/files.sunoresearch.com.br\/n\/uploads\/2019\/02\/a49985e4-kraft-heinz-800x450.webp\" width=\"800\" height=\"450\" alt=\"Kraft Heinz enfrenta processo por transfer\u00eancia de a\u00e7\u00f5es feita pela 3G\" fetchpriority=high \/>\n\t\t\t<\/picture>\n\n\t\t\t<figcaption class=\"wp-caption-text wp-caption-text--hide\">Produtos da Kraft Heinz. (divulga\u00e7\u00e3o)<\/figcaption>\n\t\t<\/figure>\n\t<\/div>\n\n\n<p>A <strong>transfer\u00eancia<\/strong> foi feita seis meses antes de a<strong> Kraft Heinz<\/strong> divulgar que recebeu uma <strong>intima\u00e7\u00e3o<\/strong> do <strong>SEC<\/strong> (<a href=\"https:\/\/www.suno.com.br\/artigos\/sec\/\">U.S. Securities and Exchange Commission<\/a>).<\/p>\n<p>\u00d3rg\u00e3o regulador do mercado norte-americano, a SEC intimou a gigante dos alimentos em <strong>outubro<\/strong> de 2018.<\/p>\n<p>Contudo, a <strong>informa\u00e7\u00e3o<\/strong> apenas tornou-se <strong>p\u00fablica<\/strong> na semana passada, quando a companhia divulgou o <strong>balan\u00e7o financeiro<\/strong> do quarto trimestre de 2018.<\/p>\n<p>A <strong>3G Capital<\/strong> \u00e9 uma empresa\u00a0de <strong><a href=\"https:\/\/www.suno.com.br\/artigos\/fundos-private-equity\/\">private equity<\/a><\/strong> que controla a<strong> Kraft Heinz<\/strong>, e foi fundada pelos <strong>investidores<\/strong>:<\/p>\n<ul>\n<li>Alex Behring<\/li>\n<li><a href=\"https:\/\/www.suno.com.br\/tudo-sobre\/carlos-alberto-sicupira\/\">Carlos Alberto Sicupira\u00a0<\/a><\/li>\n<li><a href=\"https:\/\/www.suno.com.br\/tudo-sobre\/jorge-paulo-lemann\/\">Jorge Paulo Lemann<\/a><\/li>\n<li><a href=\"https:\/\/www.suno.com.br\/tudo-sobre\/marcel-herrmann-telles\/\"> Marcel Herrmann Telles<\/a><\/li>\n<\/ul>\n<p>A proposta de <strong>a\u00e7\u00e3o coletiva<\/strong>, divulgada na \u00faltima quarta-feira (27), \u00e9 do acionista <strong>Steve Walling<\/strong>. A informa\u00e7\u00e3o foi divulgada pela ag\u00eancia &#8220;Reuters&#8221;.<\/p>\n<p>O investidor acusa a Kraft Heinz, o CEO da <strong>gigante dos alimentos<\/strong> Bernard Hees, a <strong>3G Capital<\/strong> e outros <strong>acionistas<\/strong>. A alega\u00e7\u00e3o \u00e9 de que os <strong>r\u00e9us<\/strong> ocultaram <strong>danos<\/strong> \u00e0 algumas das maiores marcas da companhia.<\/p>\n<p><a href=\"https:\/\/www.suno.com.br\/noticias\/berkshire-hathaway-perda-kraft-heinz\/\">Saiba mais &#8211;\u00a0Berkshire Hathaway tem preju\u00edzo no 4\u00ba tri com queda da Kraft Heinz<\/a><\/p>\n<p>Al\u00e9m disso, <strong>Steve Walling<\/strong> tamb\u00e9m acusa os <strong>r\u00e9us<\/strong> de serem &#8220;motivados&#8221; a se envolver em <strong>conduta impr\u00f3pria<\/strong>. Assim, supostamente os acusados teriam permitido que a<strong> 3G Capital<\/strong> vendesse US$ 1,23 bilh\u00e3o em <strong>a\u00e7\u00f5es<\/strong> em agosto, a pre\u00e7os artificialmente inflacionados.<\/p>\n<p>Apesar da<strong> <a href=\"https:\/\/www.suno.com.br\/artigos\/berkshire-hathaway-uma-excelente-empresa-para-ser-socio\/\">Berkshire Hathaway<\/a><\/strong>\u00a0ser acionista controladora da<strong> Kraft Heinz<\/strong>, a empresa do CEO <a href=\"https:\/\/www.suno.com.br\/artigos\/especial-warren-buffett\/\">Warren Buffett<\/a>, e o pr\u00f3prio n\u00e3o s\u00e3o <strong>r\u00e9us<\/strong> no caso.<\/p>\n<p>No per\u00edodo no qual ocorreu a <strong>transfer\u00eancia<\/strong>, a 3G Capital declarou que havia transferido 20,63 milh\u00f5es de a\u00e7\u00f5es da <strong>Kraft Heinz<\/strong>, no valor de US$ 59,83 cada uma, para uma entidade nomeada HK3 18 LP.<\/p>\n<p><strong>Bernard Hees<\/strong> afirmou \u00e0 Reuters, em 7 de setembro de 2018, que a <strong>transfer\u00eancia<\/strong> fora feita em nome de <strong>investidores institucionais<\/strong> que tinham uma &#8220;janela para <a href=\"https:\/\/www.suno.com.br\/artigos\/liquidez\/\">liquidez<\/a>&#8221; e estavam saindo de um <strong>fundo<\/strong> da 3G Capital.<\/p>\n<p><a href=\"https:\/\/www.suno.com.br\/noticias\/acoes-kraft-heinz-despencam-nova-york\/\">Saiba mais &#8211;\u00a0A\u00e7\u00f5es da Kraft Heinz despencam 27% em Nova York ap\u00f3s intima\u00e7\u00e3o da SEC<\/a><\/p>\n<h2>Kraft Heinz e SEC<\/h2>\n<p>Junto com seus <strong>resultados<\/strong> do quarto trimestre de 2018, a <strong>Kraft Heinz<\/strong> informou, na semana passada, que foi intimada pela <strong>SEC,<\/strong>\u00a0em outubro de 2018.<\/p>\n<p>Al\u00e9m disso, a <strong>Kraft Heinz<\/strong> anunciou um corte de US$15,4 bilh\u00f5es no valor das marcas <strong>Kraft<\/strong> e <strong>Oscar Mayer.<\/strong>\u00a0Tamb\u00e9m foi anunciada uma perda no quarto trimestre, chegando a US$ 12,6 bilh\u00f5es. E um corte de seu <a href=\"https:\/\/www.suno.com.br\/dividendos\/\">dividendo<\/a> por <strong>a\u00e7\u00e3o<\/strong> para US$ 40 centavos.<\/p>\n<p>O mercado esperava um <strong>dividendo<\/strong> de US$ 62,5 centavos por a\u00e7\u00e3o. Segundo analistas, esse corte sinalizaria como a press\u00e3o sobre o\u00a0caixa da empresa continua intenso.<\/p>\n<p>No acumulado de 2018, a <strong>Kraft Heinz<\/strong> registrou um <strong>lucro<\/strong> de US$ 0,84 por a\u00e7\u00e3o e uma receita de US$ 6,89 bilh\u00f5es. Um resultado aqu\u00e9m das expectativas do mercado, que previa um lucro de US$ 0,94 e uma receita de US$ 6,93 bilh\u00f5es.<\/p>\n<p>A <strong>Kraft Heinz<\/strong> salientou estar cooperando plenamente com a <strong>SEC<\/strong> e informou ter lan\u00e7ado uma investiga\u00e7\u00e3o interna ap\u00f3s receber a intima\u00e7\u00e3o.\u00a0&#8220;A empresa est\u00e1 no processo de implementar certas melhorias em seus controles internos para mitigar a probabilidade de isso ocorrer no futuro e tomou outras medidas corretivas&#8221;, informou a gigante dos alimentos.<\/p>\n<p>A intima\u00e7\u00e3o da <strong>SEC<\/strong> seria relacionada \u00e0s \u201cpol\u00edticas cont\u00e1beis, procedimentos e controles internos\u201d nas aquisi\u00e7\u00f5es. Ap\u00f3s a notifica\u00e7\u00e3o, a <strong>Kraft Heinz<\/strong> teria modificado o \u201ccusto dos produtos vendidos\u201d em US $ 25 milh\u00f5es. Entretanto, a empresa considerou que o aumento era \u201cimaterial para o quarto trimestre de 2018 e os trimestres j\u00e1 reportados de 2018 e 2017\u201d.<\/p>\n","protected":false},"excerpt":{"rendered":"<p>A Kraft Heinz enfrenta um novo processo que investiga as causas da transfer\u00eancia de US$ 1,23 bilh\u00e3o em a\u00e7\u00f5es, feita pela 3G Capital, \u00e0 gigante dos alimentos. Produtos da Kraft Heinz. (divulga\u00e7\u00e3o) A transfer\u00eancia foi feita seis meses antes de a Kraft Heinz divulgar que recebeu uma intima\u00e7\u00e3o do SEC (U.S. Securities and Exchange Commission). [&hellip;]<\/p>\n","protected":false},"author":12,"featured_media":16284,"comment_status":"closed","ping_status":"closed","sticky":false,"template":"","format":"standard","meta":[],"categories":[64],"tags":[1189],"suno_strategy":[],"class_list":["post-16986","post","type-post","status-publish","format-standard","has-post-thumbnail","hentry","category-negocios","tag-kraft-heinz-khcb34"],"yoast_head":"<!-- This site is optimized with the Yoast SEO plugin v24.4 - https:\/\/yoast.com\/wordpress\/plugins\/seo\/ -->\n<title>Kraft Heinz enfrenta processo por transfer\u00eancia de a\u00e7\u00f5es feita pela 3G<\/title>\n<meta name=\"description\" content=\"A Kraft Heinz enfrenta um novo processo por transfer\u00eancia de US$ 1,23 bilh\u00e3o em a\u00e7\u00f5es, feita pela 3G Capital. Clique para saber mais.\" \/>\n<meta name=\"robots\" content=\"index, follow, max-snippet:-1, max-image-preview:large, max-video-preview:-1\" \/>\n<link rel=\"canonical\" href=\"https:\/\/www.suno.com.br\/noticias\/kraft-heinz-transferencia-3g-capital\/\" \/>\n<meta property=\"og:locale\" content=\"pt_BR\" \/>\n<meta property=\"og:type\" content=\"article\" \/>\n<meta property=\"og:title\" content=\"Kraft Heinz enfrenta processo por transfer\u00eancia de a\u00e7\u00f5es feita pela 3G\" \/>\n<meta property=\"og:description\" content=\"A Kraft Heinz enfrenta um novo processo por transfer\u00eancia de US$ 1,23 bilh\u00e3o em a\u00e7\u00f5es, feita pela 3G Capital. Clique para saber mais.\" \/>\n<meta property=\"og:url\" content=\"https:\/\/www.suno.com.br\/noticias\/kraft-heinz-transferencia-3g-capital\/\" \/>\n<meta property=\"og:site_name\" content=\"Suno Not\u00edcias\" \/>\n<meta property=\"article:publisher\" content=\"https:\/\/facebook.com\/sunoresearch\" \/>\n<meta property=\"og:image\" content=\"https:\/\/files.sunoresearch.com.br\/n\/uploads\/2019\/02\/a49985e4-kraft-heinz.jpg\" \/>\n\t<meta property=\"og:image:width\" content=\"890\" \/>\n\t<meta property=\"og:image:height\" content=\"501\" \/>\n\t<meta property=\"og:image:type\" content=\"image\/jpeg\" \/>\n<meta name=\"author\" content=\"Amanda Gushiken\" \/>\n<meta name=\"twitter:card\" content=\"summary_large_image\" \/>\n<meta name=\"twitter:creator\" content=\"@sunoresearch\" \/>\n<meta name=\"twitter:site\" content=\"@sunoresearch\" \/>\n<meta name=\"twitter:label1\" content=\"Escrito por\" \/>\n\t<meta name=\"twitter:data1\" content=\"Amanda Gushiken\" \/>\n\t<meta name=\"twitter:label2\" content=\"Est. tempo de leitura\" \/>\n\t<meta name=\"twitter:data2\" content=\"3 minutos\" \/>\n<script type=\"application\/ld+json\" class=\"yoast-schema-graph\">{\"@context\":\"https:\/\/schema.org\",\"@graph\":[{\"@type\":\"NewsArticle\",\"@id\":\"https:\/\/www.suno.com.br\/noticias\/kraft-heinz-transferencia-3g-capital\/#article\",\"isPartOf\":{\"@id\":\"https:\/\/www.suno.com.br\/noticias\/kraft-heinz-transferencia-3g-capital\/\"},\"author\":{\"name\":\"Amanda Gushiken\",\"@id\":\"https:\/\/www.suno.com.br\/noticias\/#\/schema\/person\/a5b06fa4e879d8e8e119c6ed3cd630d1\"},\"headline\":\"Kraft Heinz enfrenta processo por transfer\u00eancia de a\u00e7\u00f5es feita pela 3G\",\"datePublished\":\"2019-03-01T11:25:52+00:00\",\"dateModified\":\"2019-03-01T11:37:50+00:00\",\"mainEntityOfPage\":{\"@id\":\"https:\/\/www.suno.com.br\/noticias\/kraft-heinz-transferencia-3g-capital\/\"},\"wordCount\":629,\"publisher\":{\"@id\":\"https:\/\/www.suno.com.br\/noticias\/#organization\"},\"image\":{\"@id\":\"https:\/\/www.suno.com.br\/noticias\/kraft-heinz-transferencia-3g-capital\/#primaryimage\"},\"thumbnailUrl\":\"https:\/\/files.sunoresearch.com.br\/n\/uploads\/2019\/02\/a49985e4-kraft-heinz-jpg.webp\",\"keywords\":[\"Kraft Heinz (KHCB34)\"],\"articleSection\":[\"Neg\u00f3cios\"],\"inLanguage\":\"pt-BR\"},{\"@type\":\"WebPage\",\"@id\":\"https:\/\/www.suno.com.br\/noticias\/kraft-heinz-transferencia-3g-capital\/\",\"url\":\"https:\/\/www.suno.com.br\/noticias\/kraft-heinz-transferencia-3g-capital\/\",\"name\":\"Kraft Heinz enfrenta processo por transfer\u00eancia de a\u00e7\u00f5es feita pela 3G\",\"isPartOf\":{\"@id\":\"https:\/\/www.suno.com.br\/noticias\/#website\"},\"primaryImageOfPage\":{\"@id\":\"https:\/\/www.suno.com.br\/noticias\/kraft-heinz-transferencia-3g-capital\/#primaryimage\"},\"image\":{\"@id\":\"https:\/\/www.suno.com.br\/noticias\/kraft-heinz-transferencia-3g-capital\/#primaryimage\"},\"thumbnailUrl\":\"https:\/\/files.sunoresearch.com.br\/n\/uploads\/2019\/02\/a49985e4-kraft-heinz-jpg.webp\",\"datePublished\":\"2019-03-01T11:25:52+00:00\",\"dateModified\":\"2019-03-01T11:37:50+00:00\",\"description\":\"A Kraft Heinz enfrenta um novo processo por transfer\u00eancia de US$ 1,23 bilh\u00e3o em a\u00e7\u00f5es, feita pela 3G Capital. Clique para saber mais.\",\"breadcrumb\":{\"@id\":\"https:\/\/www.suno.com.br\/noticias\/kraft-heinz-transferencia-3g-capital\/#breadcrumb\"},\"inLanguage\":\"pt-BR\",\"potentialAction\":[{\"@type\":\"ReadAction\",\"target\":[\"https:\/\/www.suno.com.br\/noticias\/kraft-heinz-transferencia-3g-capital\/\"]}]},{\"@type\":\"ImageObject\",\"inLanguage\":\"pt-BR\",\"@id\":\"https:\/\/www.suno.com.br\/noticias\/kraft-heinz-transferencia-3g-capital\/#primaryimage\",\"url\":\"https:\/\/files.sunoresearch.com.br\/n\/uploads\/2019\/02\/a49985e4-kraft-heinz-jpg.webp\",\"contentUrl\":\"https:\/\/files.sunoresearch.com.br\/n\/uploads\/2019\/02\/a49985e4-kraft-heinz-jpg.webp\",\"width\":890,\"height\":501,\"caption\":\"Produtos da Kraft Heinz. (divulga\u00e7\u00e3o)\"},{\"@type\":\"BreadcrumbList\",\"@id\":\"https:\/\/www.suno.com.br\/noticias\/kraft-heinz-transferencia-3g-capital\/#breadcrumb\",\"itemListElement\":[{\"@type\":\"ListItem\",\"position\":1,\"name\":\"Not\u00edcias\",\"item\":\"https:\/\/www.suno.com.br\/noticias\/\"},{\"@type\":\"ListItem\",\"position\":2,\"name\":\"Neg\u00f3cios\",\"item\":\"https:\/\/www.suno.com.br\/noticias\/negocios\/\"},{\"@type\":\"ListItem\",\"position\":3,\"name\":\"Kraft Heinz enfrenta processo por transfer\u00eancia de a\u00e7\u00f5es feita pela 3G\"}]},{\"@type\":\"WebSite\",\"@id\":\"https:\/\/www.suno.com.br\/noticias\/#website\",\"url\":\"https:\/\/www.suno.com.br\/noticias\/\",\"name\":\"Suno Not\u00edcias\",\"description\":\"Seu portal de informa\u00e7\u00e3o sobre o mundo dos investimentos\",\"publisher\":{\"@id\":\"https:\/\/www.suno.com.br\/noticias\/#organization\"},\"potentialAction\":[{\"@type\":\"SearchAction\",\"target\":{\"@type\":\"EntryPoint\",\"urlTemplate\":\"https:\/\/www.suno.com.br\/noticias\/?s={search_term_string}\"},\"query-input\":{\"@type\":\"PropertyValueSpecification\",\"valueRequired\":true,\"valueName\":\"search_term_string\"}}],\"inLanguage\":\"pt-BR\"},{\"@type\":\"Organization\",\"@id\":\"https:\/\/www.suno.com.br\/noticias\/#organization\",\"name\":\"Suno Not\u00edcias\",\"url\":\"https:\/\/www.suno.com.br\/noticias\/\",\"logo\":{\"@type\":\"ImageObject\",\"inLanguage\":\"pt-BR\",\"@id\":\"https:\/\/www.suno.com.br\/noticias\/#\/schema\/logo\/image\/\",\"url\":\"https:\/\/files.sunoresearch.com.br\/n\/uploads\/2021\/09\/suno-logo.png\",\"contentUrl\":\"https:\/\/files.sunoresearch.com.br\/n\/uploads\/2021\/09\/suno-logo.png\",\"width\":180,\"height\":180,\"caption\":\"Suno Not\u00edcias\"},\"image\":{\"@id\":\"https:\/\/www.suno.com.br\/noticias\/#\/schema\/logo\/image\/\"},\"sameAs\":[\"https:\/\/facebook.com\/sunoresearch\",\"https:\/\/x.com\/sunoresearch\",\"https:\/\/www.instagram.com\/suno\",\"https:\/\/www.linkedin.com\/company\/suno-research\/\",\"https:\/\/www.youtube.com\/c\/sunoresearch\"]},{\"@type\":\"Person\",\"@id\":\"https:\/\/www.suno.com.br\/noticias\/#\/schema\/person\/a5b06fa4e879d8e8e119c6ed3cd630d1\",\"name\":\"Amanda Gushiken\",\"image\":{\"@type\":\"ImageObject\",\"inLanguage\":\"pt-BR\",\"@id\":\"https:\/\/www.suno.com.br\/noticias\/#\/schema\/person\/image\/\",\"url\":\"https:\/\/secure.gravatar.com\/avatar\/ecd84705e6b65e3685ae80d725501fbe?s=96&r=g\",\"contentUrl\":\"https:\/\/secure.gravatar.com\/avatar\/ecd84705e6b65e3685ae80d725501fbe?s=96&r=g\",\"caption\":\"Amanda Gushiken\"},\"description\":\"Amanda Sayuri Gushiken escreve sobre finan\u00e7as e neg\u00f3cios para o portal Suno Not\u00edcias. Antes, trabalhou selecionando not\u00edcias da imprensa para clientes do mercado financeiro. Tamb\u00e9m desenvolveu pesquisa acad\u00eamica pela Universidade Anhembi Morumbi na \u00e1rea de Teorias da Comunica\u00e7\u00e3o e \u00e9 fot\u00f3grafa nas horas vagas.\",\"url\":\"https:\/\/www.suno.com.br\/noticias\/author\/amanda\/\"}]}<\/script>\n<!-- \/ Yoast SEO plugin. -->","yoast_head_json":{"title":"Kraft Heinz enfrenta processo por transfer\u00eancia de a\u00e7\u00f5es feita pela 3G","description":"A Kraft Heinz enfrenta um novo processo por transfer\u00eancia de US$ 1,23 bilh\u00e3o em a\u00e7\u00f5es, feita pela 3G Capital. Clique para saber mais.","robots":{"index":"index","follow":"follow","max-snippet":"max-snippet:-1","max-image-preview":"max-image-preview:large","max-video-preview":"max-video-preview:-1"},"canonical":"https:\/\/www.suno.com.br\/noticias\/kraft-heinz-transferencia-3g-capital\/","og_locale":"pt_BR","og_type":"article","og_title":"Kraft Heinz enfrenta processo por transfer\u00eancia de a\u00e7\u00f5es feita pela 3G","og_description":"A Kraft Heinz enfrenta um novo processo por transfer\u00eancia de US$ 1,23 bilh\u00e3o em a\u00e7\u00f5es, feita pela 3G Capital. Clique para saber mais.","og_url":"https:\/\/www.suno.com.br\/noticias\/kraft-heinz-transferencia-3g-capital\/","og_site_name":"Suno Not\u00edcias","article_publisher":"https:\/\/facebook.com\/sunoresearch","og_image":[{"width":890,"height":501,"url":"https:\/\/files.sunoresearch.com.br\/n\/uploads\/2019\/02\/a49985e4-kraft-heinz.jpg","type":"image\/jpeg"}],"author":"Amanda Gushiken","twitter_card":"summary_large_image","twitter_creator":"@sunoresearch","twitter_site":"@sunoresearch","twitter_misc":{"Escrito por":"Amanda Gushiken","Est. tempo de leitura":"3 minutos"},"schema":{"@context":"https:\/\/schema.org","@graph":[{"@type":"NewsArticle","@id":"https:\/\/www.suno.com.br\/noticias\/kraft-heinz-transferencia-3g-capital\/#article","isPartOf":{"@id":"https:\/\/www.suno.com.br\/noticias\/kraft-heinz-transferencia-3g-capital\/"},"author":{"name":"Amanda Gushiken","@id":"https:\/\/www.suno.com.br\/noticias\/#\/schema\/person\/a5b06fa4e879d8e8e119c6ed3cd630d1"},"headline":"Kraft Heinz enfrenta processo por transfer\u00eancia de a\u00e7\u00f5es feita pela 3G","datePublished":"2019-03-01T11:25:52+00:00","dateModified":"2019-03-01T11:37:50+00:00","mainEntityOfPage":{"@id":"https:\/\/www.suno.com.br\/noticias\/kraft-heinz-transferencia-3g-capital\/"},"wordCount":629,"publisher":{"@id":"https:\/\/www.suno.com.br\/noticias\/#organization"},"image":{"@id":"https:\/\/www.suno.com.br\/noticias\/kraft-heinz-transferencia-3g-capital\/#primaryimage"},"thumbnailUrl":"https:\/\/files.sunoresearch.com.br\/n\/uploads\/2019\/02\/a49985e4-kraft-heinz-jpg.webp","keywords":["Kraft Heinz (KHCB34)"],"articleSection":["Neg\u00f3cios"],"inLanguage":"pt-BR"},{"@type":"WebPage","@id":"https:\/\/www.suno.com.br\/noticias\/kraft-heinz-transferencia-3g-capital\/","url":"https:\/\/www.suno.com.br\/noticias\/kraft-heinz-transferencia-3g-capital\/","name":"Kraft Heinz enfrenta processo por transfer\u00eancia de a\u00e7\u00f5es feita pela 3G","isPartOf":{"@id":"https:\/\/www.suno.com.br\/noticias\/#website"},"primaryImageOfPage":{"@id":"https:\/\/www.suno.com.br\/noticias\/kraft-heinz-transferencia-3g-capital\/#primaryimage"},"image":{"@id":"https:\/\/www.suno.com.br\/noticias\/kraft-heinz-transferencia-3g-capital\/#primaryimage"},"thumbnailUrl":"https:\/\/files.sunoresearch.com.br\/n\/uploads\/2019\/02\/a49985e4-kraft-heinz-jpg.webp","datePublished":"2019-03-01T11:25:52+00:00","dateModified":"2019-03-01T11:37:50+00:00","description":"A Kraft Heinz enfrenta um novo processo por transfer\u00eancia de US$ 1,23 bilh\u00e3o em a\u00e7\u00f5es, feita pela 3G Capital. Clique para saber mais.","breadcrumb":{"@id":"https:\/\/www.suno.com.br\/noticias\/kraft-heinz-transferencia-3g-capital\/#breadcrumb"},"inLanguage":"pt-BR","potentialAction":[{"@type":"ReadAction","target":["https:\/\/www.suno.com.br\/noticias\/kraft-heinz-transferencia-3g-capital\/"]}]},{"@type":"ImageObject","inLanguage":"pt-BR","@id":"https:\/\/www.suno.com.br\/noticias\/kraft-heinz-transferencia-3g-capital\/#primaryimage","url":"https:\/\/files.sunoresearch.com.br\/n\/uploads\/2019\/02\/a49985e4-kraft-heinz-jpg.webp","contentUrl":"https:\/\/files.sunoresearch.com.br\/n\/uploads\/2019\/02\/a49985e4-kraft-heinz-jpg.webp","width":890,"height":501,"caption":"Produtos da Kraft Heinz. (divulga\u00e7\u00e3o)"},{"@type":"BreadcrumbList","@id":"https:\/\/www.suno.com.br\/noticias\/kraft-heinz-transferencia-3g-capital\/#breadcrumb","itemListElement":[{"@type":"ListItem","position":1,"name":"Not\u00edcias","item":"https:\/\/www.suno.com.br\/noticias\/"},{"@type":"ListItem","position":2,"name":"Neg\u00f3cios","item":"https:\/\/www.suno.com.br\/noticias\/negocios\/"},{"@type":"ListItem","position":3,"name":"Kraft Heinz enfrenta processo por transfer\u00eancia de a\u00e7\u00f5es feita pela 3G"}]},{"@type":"WebSite","@id":"https:\/\/www.suno.com.br\/noticias\/#website","url":"https:\/\/www.suno.com.br\/noticias\/","name":"Suno Not\u00edcias","description":"Seu portal de informa\u00e7\u00e3o sobre o mundo dos investimentos","publisher":{"@id":"https:\/\/www.suno.com.br\/noticias\/#organization"},"potentialAction":[{"@type":"SearchAction","target":{"@type":"EntryPoint","urlTemplate":"https:\/\/www.suno.com.br\/noticias\/?s={search_term_string}"},"query-input":{"@type":"PropertyValueSpecification","valueRequired":true,"valueName":"search_term_string"}}],"inLanguage":"pt-BR"},{"@type":"Organization","@id":"https:\/\/www.suno.com.br\/noticias\/#organization","name":"Suno Not\u00edcias","url":"https:\/\/www.suno.com.br\/noticias\/","logo":{"@type":"ImageObject","inLanguage":"pt-BR","@id":"https:\/\/www.suno.com.br\/noticias\/#\/schema\/logo\/image\/","url":"https:\/\/files.sunoresearch.com.br\/n\/uploads\/2021\/09\/suno-logo.png","contentUrl":"https:\/\/files.sunoresearch.com.br\/n\/uploads\/2021\/09\/suno-logo.png","width":180,"height":180,"caption":"Suno Not\u00edcias"},"image":{"@id":"https:\/\/www.suno.com.br\/noticias\/#\/schema\/logo\/image\/"},"sameAs":["https:\/\/facebook.com\/sunoresearch","https:\/\/x.com\/sunoresearch","https:\/\/www.instagram.com\/suno","https:\/\/www.linkedin.com\/company\/suno-research\/","https:\/\/www.youtube.com\/c\/sunoresearch"]},{"@type":"Person","@id":"https:\/\/www.suno.com.br\/noticias\/#\/schema\/person\/a5b06fa4e879d8e8e119c6ed3cd630d1","name":"Amanda Gushiken","image":{"@type":"ImageObject","inLanguage":"pt-BR","@id":"https:\/\/www.suno.com.br\/noticias\/#\/schema\/person\/image\/","url":"https:\/\/secure.gravatar.com\/avatar\/ecd84705e6b65e3685ae80d725501fbe?s=96&r=g","contentUrl":"https:\/\/secure.gravatar.com\/avatar\/ecd84705e6b65e3685ae80d725501fbe?s=96&r=g","caption":"Amanda Gushiken"},"description":"Amanda Sayuri Gushiken escreve sobre finan\u00e7as e neg\u00f3cios para o portal Suno Not\u00edcias. Antes, trabalhou selecionando not\u00edcias da imprensa para clientes do mercado financeiro. Tamb\u00e9m desenvolveu pesquisa acad\u00eamica pela Universidade Anhembi Morumbi na \u00e1rea de Teorias da Comunica\u00e7\u00e3o e \u00e9 fot\u00f3grafa nas horas vagas.","url":"https:\/\/www.suno.com.br\/noticias\/author\/amanda\/"}]}},"default_loop_html":"<div class=\"cardsPage__listCard__boxs\"><div class=\"cardsPage__listCard__boxs__img\"><a href=\"https:\/\/www.suno.com.br\/noticias\/kraft-heinz-transferencia-3g-capital\/\"><img class=\"mask\" src=\"https:\/\/www.suno.com.br\/noticias\/wp-content\/themes\/suno\/resources\/images\/spotlight\/spotlight1img\/bg-mask.png\" alt=\"Image Mask\"\/><img src=\"https:\/\/files.sunoresearch.com.br\/n\/uploads\/2019\/02\/a49985e4-kraft-heinz-400x200.webp\" alt=\"Kraft Heinz enfrenta processo por transfer\u00eancia de a\u00e7\u00f5es feita pela 3G\"\/><\/a><span class=\"spotlightCategory\"><a href=\"https:\/\/www.suno.com.br\/noticias\/negocios\/\">Neg\u00f3cios<\/a><\/span><\/div><div class=\"cardsPage__listCard__boxs__content\"><a href=\"https:\/\/www.suno.com.br\/noticias\/kraft-heinz-transferencia-3g-capital\/\"><h2 class=\"content__title\">Kraft Heinz enfrenta processo por transfer\u00eancia de a\u00e7\u00f5es feita pela 3G<\/h2><\/a><div class=\"newsContent__article__meta\"><div class=\"newsContent__article__meta__authorBox\"><a href=\"https:\/\/www.suno.com.br\/noticias\/author\/amanda\/\" class=\"authorBox__avatar noMobi\"><img src=\"https:\/\/files.sunoresearch.com.br\/n\/uploads\/2018\/11\/c6ad30be-amanda-150x150.webp\" alt=\"Amanda Gushiken\"><\/a><div class=\"authorBox__name\"><span>por\n\t\t\t<a href=\"https:\/\/www.suno.com.br\/noticias\/author\/amanda\/\"><span itemprop=\"author\">Amanda Gushiken<\/span><\/a><\/span><time datetime=\"2019-03-01T08:25:52-03:00\" itemprop=\"datePublished\">01\/03\/2019 08:25<\/time><\/div><\/div><\/div><\/div><\/div>","single_layout":"posts","amp_enabled":true,"_links":{"self":[{"href":"https:\/\/www.suno.com.br\/noticias\/wp-json\/wp\/v2\/posts\/16986"}],"collection":[{"href":"https:\/\/www.suno.com.br\/noticias\/wp-json\/wp\/v2\/posts"}],"about":[{"href":"https:\/\/www.suno.com.br\/noticias\/wp-json\/wp\/v2\/types\/post"}],"author":[{"embeddable":true,"href":"https:\/\/www.suno.com.br\/noticias\/wp-json\/wp\/v2\/users\/12"}],"replies":[{"embeddable":true,"href":"https:\/\/www.suno.com.br\/noticias\/wp-json\/wp\/v2\/comments?post=16986"}],"version-history":[{"count":0,"href":"https:\/\/www.suno.com.br\/noticias\/wp-json\/wp\/v2\/posts\/16986\/revisions"}],"wp:featuredmedia":[{"embeddable":true,"href":"https:\/\/www.suno.com.br\/noticias\/wp-json\/wp\/v2\/media\/16284"}],"wp:attachment":[{"href":"https:\/\/www.suno.com.br\/noticias\/wp-json\/wp\/v2\/media?parent=16986"}],"wp:term":[{"taxonomy":"category","embeddable":true,"href":"https:\/\/www.suno.com.br\/noticias\/wp-json\/wp\/v2\/categories?post=16986"},{"taxonomy":"post_tag","embeddable":true,"href":"https:\/\/www.suno.com.br\/noticias\/wp-json\/wp\/v2\/tags?post=16986"},{"taxonomy":"suno_strategy","embeddable":true,"href":"https:\/\/www.suno.com.br\/noticias\/wp-json\/wp\/v2\/suno_strategy?post=16986"}],"curies":[{"name":"wp","href":"https:\/\/api.w.org\/{rel}","templated":true}]}}