{"id":16961,"date":"2019-02-28T19:12:08","date_gmt":"2019-02-28T22:12:08","guid":{"rendered":"https:\/\/www.suno.com.br\/noticias\/?p=16961"},"modified":"2021-06-01T22:06:58","modified_gmt":"2021-06-02T01:06:58","slug":"carnaval-procurar-emprego-pesquisa","status":"publish","type":"post","link":"https:\/\/www.suno.com.br\/noticias\/carnaval-procurar-emprego-pesquisa\/","title":{"rendered":"48% v\u00e3o aproveitar carnaval para procurar emprego, segundo pesquisa"},"content":{"rendered":"<p>Segundo uma pesquisa realizada pelo site de classificados de emprego Catho, 48% dos quase 11 mil respondentes disseram que v\u00e3o aproveitar o carnaval para procurar emprego.<\/p>\t<div class=\"wrapper-featured-image\">\n\t\t<figure class=\"spotlightImg\">\n\n\t\t\t<picture>\n\t\t\t\t<source media=\"(max-width: 768px)\" srcset=\"https:\/\/files.sunoresearch.com.br\/n\/uploads\/2019\/02\/14cce8cc-carnaval-400x200.webp\">\n\t\t\t\t<img loading=\"lazy\" decoding=\"async\" class=\"newsContent__article__imgCapa lazyloadDisabled newsContent__article__imgCapa--noCaption\" src=\"https:\/\/files.sunoresearch.com.br\/n\/uploads\/2019\/02\/14cce8cc-carnaval-jpg.webp\" width=\"800\" height=\"450\" alt=\"48% v\u00e3o aproveitar carnaval para procurar emprego, segundo pesquisa\" fetchpriority=high \/>\n\t\t\t<\/picture>\n\n\t\t\t<figcaption class=\"wp-caption-text wp-caption-text--hide\">carnaval<\/figcaption>\n\t\t<\/figure>\n\t<\/div>\n\n\n<p>Os motivos mais mencionados para deixar a folia no <strong>carnaval<\/strong> de lado em busca de <strong>trabalho<\/strong> s\u00e3o:<\/p>\n<ul>\n<li>Para <strong>57%<\/strong>, o fato\u00a0 de ser <strong>carnaval<\/strong> interfere;<\/li>\n<li>Para <strong>16%<\/strong>, procurar <strong>emprego<\/strong> durante o feriado mostra ao <strong>empregador<\/strong> que o candidato est\u00e1 realmente interessado;<\/li>\n<li>Para <strong>14%<\/strong>, existe a vontade de come\u00e7ar o ano <strong>empregado;<\/strong><\/li>\n<li>Para <strong>7%<\/strong>, h\u00e1 maior disponibilidade durante essa data;<\/li>\n<li>Para <strong>6%<\/strong>, o <strong>carnaval<\/strong> \u00e9 um per\u00edodo de menor <strong>concorr\u00eancia.<\/strong><\/li>\n<\/ul>\n<p><a href=\"https:\/\/www.suno.com.br\/noticias\/brasil-cria-vagas-formais-janeiro\/\">Saiba mais: Brasil cria 34,3 mil empregos formais em janeiro, 56% menos que em 2018<\/a><\/p>\n<p><a href=\"https:\/\/www.suno.com.br\/noticias\/carnaval-movimentar-bilhoes-cnc\/\">Saiba mais: Carnaval deve movimentar R$ 6,78 bilh\u00f5es em 2019, segundo CNC<\/a><\/p>\n<p>Entre os que n\u00e3o v\u00e3o procurar emprego no carnaval:<\/p>\n<ul>\n<li><strong>27%<\/strong> v\u00e3o ficar em casa;<\/li>\n<li><strong>10%<\/strong> v\u00e3o estudar ou fazer cursos;<\/li>\n<li><strong>6%<\/strong> v\u00e3o viajar;<\/li>\n<li><strong>2%<\/strong> v\u00e3o assistir s\u00e9ries;<\/li>\n<li><strong>1%<\/strong> vai aproveitar o carnaval;<\/li>\n<li><strong>6%<\/strong> v\u00e3o aproveitar o feriado de outra forma.<\/li>\n<\/ul>\n<p>Dos quase 11 mil respondentes da pesquisa da Catho, 77% est\u00e3o desempregados, entre os quais:<\/p>\n<ul>\n<li><strong>44%<\/strong> est\u00e3o sem emprego h\u00e1 quase seis meses;<\/li>\n<li><strong>20%<\/strong>, h\u00e1 quase um ano;<\/li>\n<li><strong>18%,<\/strong> h\u00e1 mais de tr\u00eas anos;<\/li>\n<li><strong>13%<\/strong>, h\u00e1 quase dois anos;<\/li>\n<li><strong>5%<\/strong>, h\u00e1 quase tr\u00eas anos.<\/li>\n<\/ul>\n<p>Quando se leva em considera\u00e7\u00e3o apenas os respondentes <strong>desempregados<\/strong> h\u00e1 quase tr\u00eas anos, 90% disseram que o <strong>carnaval<\/strong> \u00e9 uma boa hora para se procurar <strong>emprego.<\/strong><\/p>\n<p>A gerente da <strong>Catho<\/strong> Bianca Machado, ouvida pelo G1, disse ser natural num momento em que 77% dos respondentes est\u00e3o <strong>desempregados<\/strong> que esses profissionais busquem um novo <strong>emprego.<\/strong> De acordo com ela, &#8220;a pesquisa reflete a realidade do <strong>mercado brasileiro.<\/strong> [De] <strong>Profissionais<\/strong> com seis meses ou mais <strong>desempregados<\/strong> e que precisam de est\u00edmulo com urg\u00eancia. Segundo a pesquisa, eles acreditam que a melhor \u00e9poca do ano para procurar <strong>emprego<\/strong> \u00e9 o in\u00edcio do ano, e, mesmo que tenham que abrir m\u00e3o do feriado de <strong>carnaval,<\/strong> vale o esfor\u00e7o&#8221;.<\/p>\n<h2>Desemprego voltou a subir<\/h2>\n<p>Na \u00faltima quarta (27), o <a href=\"https:\/\/www.ibge.gov.br\/\">Instituto Brasileiro de Geografia e Estat\u00edstica <strong>(IBGE)<\/strong><\/a> divulgou que o <a href=\"https:\/\/www.suno.com.br\/artigos\/indice-de-desemprego\/\">desemprego no Brasil<\/a> chegou a 12% da for\u00e7a de trabalho no trimestre m\u00f3vel encerrado em janeiro.<\/p>\n<p>Segundo o <strong>IBGE,<\/strong> o <strong>desemprego<\/strong> no Brasil atinge hoje 12,7 milh\u00f5es de pessoas. \u00c9 o maior n\u00famero de <strong>desempregados<\/strong> desde agosto de 2018. No trimestre encerrado em dezembro de 2018, a taxa de desemprego tinha sido de 11,6%, atingindo 12,2 milh\u00f5es de brasileiros.<\/p>\n<p>Esse aumento no trimestre encerrado em janeiro \u00e9 parte de um movimento comum no in\u00edcio de ano. Isso porque janeiro \u00e9 um m\u00eas em que muitos trabalhadores tempor\u00e1rios s\u00e3o dispensados.<\/p>\n<p>Na compara\u00e7\u00e3o com o trimestre anterior (de agosto a outubro), a taxa de <strong>desemprego<\/strong> aumentou 0,3 ponto percentual, aumentando de 318 mil pessoas o contingente de <strong>desempregados.<\/strong><\/p>\n","protected":false},"excerpt":{"rendered":"<p>Segundo uma pesquisa realizada pelo site de classificados de emprego Catho, 48% dos quase 11 mil respondentes disseram que v\u00e3o aproveitar o carnaval para procurar emprego. carnaval Os motivos mais mencionados para deixar a folia no carnaval de lado em busca de trabalho s\u00e3o: Para 57%, o fato\u00a0 de ser carnaval interfere; Para 16%, procurar [&hellip;]<\/p>\n","protected":false},"author":13,"featured_media":15513,"comment_status":"closed","ping_status":"closed","sticky":false,"template":"","format":"standard","meta":[],"categories":[60],"tags":[1296,821],"suno_strategy":[],"class_list":["post-16961","post","type-post","status-publish","format-standard","has-post-thumbnail","hentry","category-mercado","tag-desemprego","tag-ibge"],"yoast_head":"<!-- This site is optimized with the Yoast SEO plugin v24.4 - https:\/\/yoast.com\/wordpress\/plugins\/seo\/ -->\n<title>48% v\u00e3o aproveitar carnaval para procurar emprego, segundo pesquisa<\/title>\n<meta name=\"description\" content=\"Quase metade dos 11 mil respondentes de pesquisa da Catho v\u00e3o aproveitar o carnaval para procurar emprego. Clique para saber mais.\" \/>\n<meta name=\"robots\" content=\"index, follow, max-snippet:-1, max-image-preview:large, max-video-preview:-1\" \/>\n<link rel=\"canonical\" href=\"https:\/\/www.suno.com.br\/noticias\/carnaval-procurar-emprego-pesquisa\/\" \/>\n<meta property=\"og:locale\" content=\"pt_BR\" \/>\n<meta property=\"og:type\" content=\"article\" \/>\n<meta property=\"og:title\" content=\"48% v\u00e3o aproveitar carnaval para procurar emprego, segundo pesquisa\" \/>\n<meta property=\"og:description\" content=\"Quase metade dos 11 mil respondentes de pesquisa da Catho v\u00e3o aproveitar o carnaval para procurar emprego. Clique para saber mais.\" \/>\n<meta property=\"og:url\" content=\"https:\/\/www.suno.com.br\/noticias\/carnaval-procurar-emprego-pesquisa\/\" \/>\n<meta property=\"og:site_name\" content=\"Suno Not\u00edcias\" \/>\n<meta property=\"article:publisher\" content=\"https:\/\/facebook.com\/sunoresearch\" \/>\n<meta property=\"og:image\" content=\"https:\/\/files.sunoresearch.com.br\/n\/uploads\/2019\/02\/14cce8cc-carnaval.jpg\" \/>\n\t<meta property=\"og:image:width\" content=\"720\" \/>\n\t<meta property=\"og:image:height\" content=\"460\" \/>\n\t<meta property=\"og:image:type\" content=\"image\/jpeg\" \/>\n<meta name=\"author\" content=\"Guilherme Caetano\" \/>\n<meta name=\"twitter:card\" content=\"summary_large_image\" \/>\n<meta name=\"twitter:creator\" content=\"@sunoresearch\" \/>\n<meta name=\"twitter:site\" content=\"@sunoresearch\" \/>\n<meta name=\"twitter:label1\" content=\"Escrito por\" \/>\n\t<meta name=\"twitter:data1\" content=\"Guilherme Caetano\" \/>\n\t<meta name=\"twitter:label2\" content=\"Est. tempo de leitura\" \/>\n\t<meta name=\"twitter:data2\" content=\"2 minutos\" \/>\n<script type=\"application\/ld+json\" class=\"yoast-schema-graph\">{\"@context\":\"https:\/\/schema.org\",\"@graph\":[{\"@type\":\"NewsArticle\",\"@id\":\"https:\/\/www.suno.com.br\/noticias\/carnaval-procurar-emprego-pesquisa\/#article\",\"isPartOf\":{\"@id\":\"https:\/\/www.suno.com.br\/noticias\/carnaval-procurar-emprego-pesquisa\/\"},\"author\":{\"name\":\"Guilherme Caetano\",\"@id\":\"https:\/\/www.suno.com.br\/noticias\/#\/schema\/person\/0d0c9687cd2f600c564f25980c140de9\"},\"headline\":\"48% v\u00e3o aproveitar carnaval para procurar emprego, segundo pesquisa\",\"datePublished\":\"2019-02-28T22:12:08+00:00\",\"dateModified\":\"2021-06-02T01:06:58+00:00\",\"mainEntityOfPage\":{\"@id\":\"https:\/\/www.suno.com.br\/noticias\/carnaval-procurar-emprego-pesquisa\/\"},\"wordCount\":459,\"publisher\":{\"@id\":\"https:\/\/www.suno.com.br\/noticias\/#organization\"},\"image\":{\"@id\":\"https:\/\/www.suno.com.br\/noticias\/carnaval-procurar-emprego-pesquisa\/#primaryimage\"},\"thumbnailUrl\":\"https:\/\/files.sunoresearch.com.br\/n\/uploads\/2019\/02\/14cce8cc-carnaval-jpg.webp\",\"keywords\":[\"Desemprego\",\"IBGE\"],\"articleSection\":[\"Mercado\"],\"inLanguage\":\"pt-BR\"},{\"@type\":\"WebPage\",\"@id\":\"https:\/\/www.suno.com.br\/noticias\/carnaval-procurar-emprego-pesquisa\/\",\"url\":\"https:\/\/www.suno.com.br\/noticias\/carnaval-procurar-emprego-pesquisa\/\",\"name\":\"48% v\u00e3o aproveitar carnaval para procurar emprego, segundo pesquisa\",\"isPartOf\":{\"@id\":\"https:\/\/www.suno.com.br\/noticias\/#website\"},\"primaryImageOfPage\":{\"@id\":\"https:\/\/www.suno.com.br\/noticias\/carnaval-procurar-emprego-pesquisa\/#primaryimage\"},\"image\":{\"@id\":\"https:\/\/www.suno.com.br\/noticias\/carnaval-procurar-emprego-pesquisa\/#primaryimage\"},\"thumbnailUrl\":\"https:\/\/files.sunoresearch.com.br\/n\/uploads\/2019\/02\/14cce8cc-carnaval-jpg.webp\",\"datePublished\":\"2019-02-28T22:12:08+00:00\",\"dateModified\":\"2021-06-02T01:06:58+00:00\",\"description\":\"Quase metade dos 11 mil respondentes de pesquisa da Catho v\u00e3o aproveitar o carnaval para procurar emprego. Clique para saber mais.\",\"breadcrumb\":{\"@id\":\"https:\/\/www.suno.com.br\/noticias\/carnaval-procurar-emprego-pesquisa\/#breadcrumb\"},\"inLanguage\":\"pt-BR\",\"potentialAction\":[{\"@type\":\"ReadAction\",\"target\":[\"https:\/\/www.suno.com.br\/noticias\/carnaval-procurar-emprego-pesquisa\/\"]}]},{\"@type\":\"ImageObject\",\"inLanguage\":\"pt-BR\",\"@id\":\"https:\/\/www.suno.com.br\/noticias\/carnaval-procurar-emprego-pesquisa\/#primaryimage\",\"url\":\"https:\/\/files.sunoresearch.com.br\/n\/uploads\/2019\/02\/14cce8cc-carnaval-jpg.webp\",\"contentUrl\":\"https:\/\/files.sunoresearch.com.br\/n\/uploads\/2019\/02\/14cce8cc-carnaval-jpg.webp\",\"width\":720,\"height\":460,\"caption\":\"carnaval\"},{\"@type\":\"BreadcrumbList\",\"@id\":\"https:\/\/www.suno.com.br\/noticias\/carnaval-procurar-emprego-pesquisa\/#breadcrumb\",\"itemListElement\":[{\"@type\":\"ListItem\",\"position\":1,\"name\":\"Not\u00edcias\",\"item\":\"https:\/\/www.suno.com.br\/noticias\/\"},{\"@type\":\"ListItem\",\"position\":2,\"name\":\"Mercado\",\"item\":\"https:\/\/www.suno.com.br\/noticias\/mercado\/\"},{\"@type\":\"ListItem\",\"position\":3,\"name\":\"48% v\u00e3o aproveitar carnaval para procurar emprego, segundo pesquisa\"}]},{\"@type\":\"WebSite\",\"@id\":\"https:\/\/www.suno.com.br\/noticias\/#website\",\"url\":\"https:\/\/www.suno.com.br\/noticias\/\",\"name\":\"Suno Not\u00edcias\",\"description\":\"Seu portal de informa\u00e7\u00e3o sobre o mundo dos investimentos\",\"publisher\":{\"@id\":\"https:\/\/www.suno.com.br\/noticias\/#organization\"},\"potentialAction\":[{\"@type\":\"SearchAction\",\"target\":{\"@type\":\"EntryPoint\",\"urlTemplate\":\"https:\/\/www.suno.com.br\/noticias\/?s={search_term_string}\"},\"query-input\":{\"@type\":\"PropertyValueSpecification\",\"valueRequired\":true,\"valueName\":\"search_term_string\"}}],\"inLanguage\":\"pt-BR\"},{\"@type\":\"Organization\",\"@id\":\"https:\/\/www.suno.com.br\/noticias\/#organization\",\"name\":\"Suno Not\u00edcias\",\"url\":\"https:\/\/www.suno.com.br\/noticias\/\",\"logo\":{\"@type\":\"ImageObject\",\"inLanguage\":\"pt-BR\",\"@id\":\"https:\/\/www.suno.com.br\/noticias\/#\/schema\/logo\/image\/\",\"url\":\"https:\/\/files.sunoresearch.com.br\/n\/uploads\/2021\/09\/suno-logo.png\",\"contentUrl\":\"https:\/\/files.sunoresearch.com.br\/n\/uploads\/2021\/09\/suno-logo.png\",\"width\":180,\"height\":180,\"caption\":\"Suno Not\u00edcias\"},\"image\":{\"@id\":\"https:\/\/www.suno.com.br\/noticias\/#\/schema\/logo\/image\/\"},\"sameAs\":[\"https:\/\/facebook.com\/sunoresearch\",\"https:\/\/x.com\/sunoresearch\",\"https:\/\/www.instagram.com\/suno\",\"https:\/\/www.linkedin.com\/company\/suno-research\/\",\"https:\/\/www.youtube.com\/c\/sunoresearch\"]},{\"@type\":\"Person\",\"@id\":\"https:\/\/www.suno.com.br\/noticias\/#\/schema\/person\/0d0c9687cd2f600c564f25980c140de9\",\"name\":\"Guilherme Caetano\",\"image\":{\"@type\":\"ImageObject\",\"inLanguage\":\"pt-BR\",\"@id\":\"https:\/\/www.suno.com.br\/noticias\/#\/schema\/person\/image\/\",\"url\":\"https:\/\/secure.gravatar.com\/avatar\/e48357351a01702a0d19307070e081bf?s=96&r=g\",\"contentUrl\":\"https:\/\/secure.gravatar.com\/avatar\/e48357351a01702a0d19307070e081bf?s=96&r=g\",\"caption\":\"Guilherme Caetano\"},\"description\":\"Formado em jornalismo pela Escola de Comunica\u00e7\u00f5es e Artes da USP, Guilherme Caetano escreve para o portal de not\u00edcias da Suno Research. Passou pelas reda\u00e7\u00f5es da Folha de S.Paulo e da revista \u00c9poca.\",\"url\":\"https:\/\/www.suno.com.br\/noticias\/author\/guilherme-caetano\/\"}]}<\/script>\n<!-- \/ Yoast SEO plugin. -->","yoast_head_json":{"title":"48% v\u00e3o aproveitar carnaval para procurar emprego, segundo pesquisa","description":"Quase metade dos 11 mil respondentes de pesquisa da Catho v\u00e3o aproveitar o carnaval para procurar emprego. Clique para saber mais.","robots":{"index":"index","follow":"follow","max-snippet":"max-snippet:-1","max-image-preview":"max-image-preview:large","max-video-preview":"max-video-preview:-1"},"canonical":"https:\/\/www.suno.com.br\/noticias\/carnaval-procurar-emprego-pesquisa\/","og_locale":"pt_BR","og_type":"article","og_title":"48% v\u00e3o aproveitar carnaval para procurar emprego, segundo pesquisa","og_description":"Quase metade dos 11 mil respondentes de pesquisa da Catho v\u00e3o aproveitar o carnaval para procurar emprego. Clique para saber mais.","og_url":"https:\/\/www.suno.com.br\/noticias\/carnaval-procurar-emprego-pesquisa\/","og_site_name":"Suno Not\u00edcias","article_publisher":"https:\/\/facebook.com\/sunoresearch","og_image":[{"width":720,"height":460,"url":"https:\/\/files.sunoresearch.com.br\/n\/uploads\/2019\/02\/14cce8cc-carnaval.jpg","type":"image\/jpeg"}],"author":"Guilherme Caetano","twitter_card":"summary_large_image","twitter_creator":"@sunoresearch","twitter_site":"@sunoresearch","twitter_misc":{"Escrito por":"Guilherme Caetano","Est. tempo de leitura":"2 minutos"},"schema":{"@context":"https:\/\/schema.org","@graph":[{"@type":"NewsArticle","@id":"https:\/\/www.suno.com.br\/noticias\/carnaval-procurar-emprego-pesquisa\/#article","isPartOf":{"@id":"https:\/\/www.suno.com.br\/noticias\/carnaval-procurar-emprego-pesquisa\/"},"author":{"name":"Guilherme Caetano","@id":"https:\/\/www.suno.com.br\/noticias\/#\/schema\/person\/0d0c9687cd2f600c564f25980c140de9"},"headline":"48% v\u00e3o aproveitar carnaval para procurar emprego, segundo pesquisa","datePublished":"2019-02-28T22:12:08+00:00","dateModified":"2021-06-02T01:06:58+00:00","mainEntityOfPage":{"@id":"https:\/\/www.suno.com.br\/noticias\/carnaval-procurar-emprego-pesquisa\/"},"wordCount":459,"publisher":{"@id":"https:\/\/www.suno.com.br\/noticias\/#organization"},"image":{"@id":"https:\/\/www.suno.com.br\/noticias\/carnaval-procurar-emprego-pesquisa\/#primaryimage"},"thumbnailUrl":"https:\/\/files.sunoresearch.com.br\/n\/uploads\/2019\/02\/14cce8cc-carnaval-jpg.webp","keywords":["Desemprego","IBGE"],"articleSection":["Mercado"],"inLanguage":"pt-BR"},{"@type":"WebPage","@id":"https:\/\/www.suno.com.br\/noticias\/carnaval-procurar-emprego-pesquisa\/","url":"https:\/\/www.suno.com.br\/noticias\/carnaval-procurar-emprego-pesquisa\/","name":"48% v\u00e3o aproveitar carnaval para procurar emprego, segundo pesquisa","isPartOf":{"@id":"https:\/\/www.suno.com.br\/noticias\/#website"},"primaryImageOfPage":{"@id":"https:\/\/www.suno.com.br\/noticias\/carnaval-procurar-emprego-pesquisa\/#primaryimage"},"image":{"@id":"https:\/\/www.suno.com.br\/noticias\/carnaval-procurar-emprego-pesquisa\/#primaryimage"},"thumbnailUrl":"https:\/\/files.sunoresearch.com.br\/n\/uploads\/2019\/02\/14cce8cc-carnaval-jpg.webp","datePublished":"2019-02-28T22:12:08+00:00","dateModified":"2021-06-02T01:06:58+00:00","description":"Quase metade dos 11 mil respondentes de pesquisa da Catho v\u00e3o aproveitar o carnaval para procurar emprego. Clique para saber mais.","breadcrumb":{"@id":"https:\/\/www.suno.com.br\/noticias\/carnaval-procurar-emprego-pesquisa\/#breadcrumb"},"inLanguage":"pt-BR","potentialAction":[{"@type":"ReadAction","target":["https:\/\/www.suno.com.br\/noticias\/carnaval-procurar-emprego-pesquisa\/"]}]},{"@type":"ImageObject","inLanguage":"pt-BR","@id":"https:\/\/www.suno.com.br\/noticias\/carnaval-procurar-emprego-pesquisa\/#primaryimage","url":"https:\/\/files.sunoresearch.com.br\/n\/uploads\/2019\/02\/14cce8cc-carnaval-jpg.webp","contentUrl":"https:\/\/files.sunoresearch.com.br\/n\/uploads\/2019\/02\/14cce8cc-carnaval-jpg.webp","width":720,"height":460,"caption":"carnaval"},{"@type":"BreadcrumbList","@id":"https:\/\/www.suno.com.br\/noticias\/carnaval-procurar-emprego-pesquisa\/#breadcrumb","itemListElement":[{"@type":"ListItem","position":1,"name":"Not\u00edcias","item":"https:\/\/www.suno.com.br\/noticias\/"},{"@type":"ListItem","position":2,"name":"Mercado","item":"https:\/\/www.suno.com.br\/noticias\/mercado\/"},{"@type":"ListItem","position":3,"name":"48% v\u00e3o aproveitar carnaval para procurar emprego, segundo pesquisa"}]},{"@type":"WebSite","@id":"https:\/\/www.suno.com.br\/noticias\/#website","url":"https:\/\/www.suno.com.br\/noticias\/","name":"Suno Not\u00edcias","description":"Seu portal de informa\u00e7\u00e3o sobre o mundo dos investimentos","publisher":{"@id":"https:\/\/www.suno.com.br\/noticias\/#organization"},"potentialAction":[{"@type":"SearchAction","target":{"@type":"EntryPoint","urlTemplate":"https:\/\/www.suno.com.br\/noticias\/?s={search_term_string}"},"query-input":{"@type":"PropertyValueSpecification","valueRequired":true,"valueName":"search_term_string"}}],"inLanguage":"pt-BR"},{"@type":"Organization","@id":"https:\/\/www.suno.com.br\/noticias\/#organization","name":"Suno Not\u00edcias","url":"https:\/\/www.suno.com.br\/noticias\/","logo":{"@type":"ImageObject","inLanguage":"pt-BR","@id":"https:\/\/www.suno.com.br\/noticias\/#\/schema\/logo\/image\/","url":"https:\/\/files.sunoresearch.com.br\/n\/uploads\/2021\/09\/suno-logo.png","contentUrl":"https:\/\/files.sunoresearch.com.br\/n\/uploads\/2021\/09\/suno-logo.png","width":180,"height":180,"caption":"Suno Not\u00edcias"},"image":{"@id":"https:\/\/www.suno.com.br\/noticias\/#\/schema\/logo\/image\/"},"sameAs":["https:\/\/facebook.com\/sunoresearch","https:\/\/x.com\/sunoresearch","https:\/\/www.instagram.com\/suno","https:\/\/www.linkedin.com\/company\/suno-research\/","https:\/\/www.youtube.com\/c\/sunoresearch"]},{"@type":"Person","@id":"https:\/\/www.suno.com.br\/noticias\/#\/schema\/person\/0d0c9687cd2f600c564f25980c140de9","name":"Guilherme Caetano","image":{"@type":"ImageObject","inLanguage":"pt-BR","@id":"https:\/\/www.suno.com.br\/noticias\/#\/schema\/person\/image\/","url":"https:\/\/secure.gravatar.com\/avatar\/e48357351a01702a0d19307070e081bf?s=96&r=g","contentUrl":"https:\/\/secure.gravatar.com\/avatar\/e48357351a01702a0d19307070e081bf?s=96&r=g","caption":"Guilherme Caetano"},"description":"Formado em jornalismo pela Escola de Comunica\u00e7\u00f5es e Artes da USP, Guilherme Caetano escreve para o portal de not\u00edcias da Suno Research. Passou pelas reda\u00e7\u00f5es da Folha de S.Paulo e da revista \u00c9poca.","url":"https:\/\/www.suno.com.br\/noticias\/author\/guilherme-caetano\/"}]}},"default_loop_html":"<div class=\"cardsPage__listCard__boxs\"><div class=\"cardsPage__listCard__boxs__img\"><a href=\"https:\/\/www.suno.com.br\/noticias\/carnaval-procurar-emprego-pesquisa\/\"><img class=\"mask\" src=\"https:\/\/www.suno.com.br\/noticias\/wp-content\/themes\/suno\/resources\/images\/spotlight\/spotlight1img\/bg-mask.png\" alt=\"Image Mask\"\/><img src=\"https:\/\/files.sunoresearch.com.br\/n\/uploads\/2019\/02\/14cce8cc-carnaval-400x200.webp\" alt=\"48% v\u00e3o aproveitar carnaval para procurar emprego, segundo pesquisa\"\/><\/a><span class=\"spotlightCategory\"><a href=\"https:\/\/www.suno.com.br\/noticias\/mercado\/\">Mercado<\/a><\/span><\/div><div class=\"cardsPage__listCard__boxs__content\"><a href=\"https:\/\/www.suno.com.br\/noticias\/carnaval-procurar-emprego-pesquisa\/\"><h2 class=\"content__title\">48% v\u00e3o aproveitar carnaval para procurar emprego, segundo pesquisa<\/h2><\/a><div class=\"newsContent__article__meta\"><div class=\"newsContent__article__meta__authorBox\"><a href=\"https:\/\/www.suno.com.br\/noticias\/author\/guilherme-caetano\/\" class=\"authorBox__avatar noMobi\"><img src=\"https:\/\/secure.gravatar.com\/avatar\/e48357351a01702a0d19307070e081bf?s=96&#038;r=g\" alt=\"Guilherme Caetano\"><\/a><div class=\"authorBox__name\"><span>por\n\t\t\t<a href=\"https:\/\/www.suno.com.br\/noticias\/author\/guilherme-caetano\/\"><span itemprop=\"author\">Guilherme Caetano<\/span><\/a><\/span><time datetime=\"2019-02-28T19:12:08-03:00\" itemprop=\"datePublished\">28\/02\/2019 19:12<\/time><\/div><\/div><\/div><\/div><\/div>","single_layout":"posts","amp_enabled":true,"_links":{"self":[{"href":"https:\/\/www.suno.com.br\/noticias\/wp-json\/wp\/v2\/posts\/16961"}],"collection":[{"href":"https:\/\/www.suno.com.br\/noticias\/wp-json\/wp\/v2\/posts"}],"about":[{"href":"https:\/\/www.suno.com.br\/noticias\/wp-json\/wp\/v2\/types\/post"}],"author":[{"embeddable":true,"href":"https:\/\/www.suno.com.br\/noticias\/wp-json\/wp\/v2\/users\/13"}],"replies":[{"embeddable":true,"href":"https:\/\/www.suno.com.br\/noticias\/wp-json\/wp\/v2\/comments?post=16961"}],"version-history":[{"count":1,"href":"https:\/\/www.suno.com.br\/noticias\/wp-json\/wp\/v2\/posts\/16961\/revisions"}],"predecessor-version":[{"id":153941,"href":"https:\/\/www.suno.com.br\/noticias\/wp-json\/wp\/v2\/posts\/16961\/revisions\/153941"}],"wp:featuredmedia":[{"embeddable":true,"href":"https:\/\/www.suno.com.br\/noticias\/wp-json\/wp\/v2\/media\/15513"}],"wp:attachment":[{"href":"https:\/\/www.suno.com.br\/noticias\/wp-json\/wp\/v2\/media?parent=16961"}],"wp:term":[{"taxonomy":"category","embeddable":true,"href":"https:\/\/www.suno.com.br\/noticias\/wp-json\/wp\/v2\/categories?post=16961"},{"taxonomy":"post_tag","embeddable":true,"href":"https:\/\/www.suno.com.br\/noticias\/wp-json\/wp\/v2\/tags?post=16961"},{"taxonomy":"suno_strategy","embeddable":true,"href":"https:\/\/www.suno.com.br\/noticias\/wp-json\/wp\/v2\/suno_strategy?post=16961"}],"curies":[{"name":"wp","href":"https:\/\/api.w.org\/{rel}","templated":true}]}}