{"id":169287,"date":"2021-07-26T10:50:09","date_gmt":"2021-07-26T13:50:09","guid":{"rendered":"https:\/\/www.suno.com.br\/noticias\/?p=169287"},"modified":"2021-07-26T10:50:09","modified_gmt":"2021-07-26T13:50:09","slug":"livetech-lvtc3-ipo-b3","status":"publish","type":"post","link":"https:\/\/www.suno.com.br\/noticias\/livetech-lvtc3-ipo-b3\/","title":{"rendered":"Livetech (LVTC3) abre em leve alta em IPO na B3; IPO levanta R$ 450 milh\u00f5es"},"content":{"rendered":"<p>A <strong>Livetech<\/strong> (LVTC3) estreou em leve alta na B3 nesta segunda-feira (26). Em sua <a href=\"https:\/\/www.suno.com.br\/artigos\/ipo\/\">oferta p\u00fablica inicial de a\u00e7\u00f5es (IPO<\/a>, na sigla em ingl\u00eas), as a\u00e7\u00f5es da empresa abriram com um avan\u00e7o de 1,98%, negociados a R$ 23,66, por volta das 10h30.<\/p>\t<div class=\"wrapper-featured-image\">\n\t\t<figure class=\"spotlightImg\">\n\n\t\t\t<picture>\n\t\t\t\t<source media=\"(max-width: 768px)\" srcset=\"https:\/\/files.sunoresearch.com.br\/n\/uploads\/2021\/07\/da17cbd9-home-office-5400420_1920-400x200.jpg\">\n\t\t\t\t<img loading=\"lazy\" decoding=\"async\" class=\"newsContent__article__imgCapa lazyloadDisabled \" src=\"https:\/\/files.sunoresearch.com.br\/n\/uploads\/2021\/07\/da17cbd9-home-office-5400420_1920-800x450.jpg\" width=\"800\" height=\"450\" alt=\"Livetech (LVTC3) abre em leve alta em IPO na B3; IPO levanta R$ 450 milh\u00f5es\" fetchpriority=high \/>\n\t\t\t<\/picture>\n\n\t\t\t<figcaption class=\"wp-caption-text wp-caption-text--show\">Livetech (LVTC3). Foto: Pixabay<\/figcaption>\n\t\t<\/figure>\n\t<\/div>\n\n\n\t<p>\n\t\t<a href=\"https:\/\/lp.suno.com.br\/planilha-controle-gastos\/\" target=\"_blank\" data-element=\"shortcode-suno-banner\" title=\"Banner SUNO, clique e saiba mais\">\n\t\t\t<picture>\n\t\t\t\t<source media=\"(max-width: 500px)\" srcset=\"https:\/\/files.sunoresearch.com.br\/n\/uploads\/2023\/03\/400x300-Planilha-controle-de-gastos.png\">\n\t\t\t\t<img class=\"newsContent__article__imgCapa newsContent__article__imgCapa--banner\"\n\t\t\t\t\tsrc=\"https:\/\/files.sunoresearch.com.br\/n\/uploads\/2023\/03\/1420x240-Planilha-controle-de-gastos.png\"\n\t\t\t\t\tdata-promo-id=\"101751\"\t\t\t\t\t\t\t\t\t\twidth='1420' height='240'\t\t\t\t\talt=\"https:\/\/files.sunoresearch.com.br\/n\/uploads\/2023\/03\/1420x240-Planilha-controle-de-gastos.png\"\n\t\t\t\t>\n\t\t\t<\/picture>\n\t\t<\/a>\n\t<\/p>\n\n\n<p>Na \u00faltima quinta-feira (22), a Livetech precificou suas a\u00e7\u00f5es em R$ 23,20 cada, no piso da faixa indicativa, apresentada no prospecto preliminar arquivado na <a href=\"https:\/\/www.suno.com.br\/artigos\/cvm\/\">Comiss\u00e3o de Valores Mobili\u00e1rios (<strong>CVM<\/strong>)<\/a>. A faixa j\u00e1 havia sido reduzida, que antes ia de R$ 25,75 a R$ 31,25.<\/p>\n<p>A <a class=\"suno-keyword\" href=\"https:\/\/www.suno.com.br\/artigos\/oferta-restrita\/\" target=\"_blank\" rel=\"noopener noreferrer\" data-force=\"no\" data-priority=\"1\">oferta foi restrita<\/a>, ou seja, destinada apenas a investidores profissionais, com base na Instru\u00e7\u00e3o 476 da CVM. A opera\u00e7\u00e3o consistiu na distribui\u00e7\u00e3o de 19,4 milh\u00f5es de pap\u00e9is, movimentando R$ 450 milh\u00f5es.<\/p>\n<p>Com a capta\u00e7\u00e3o de recursos, o novo capital social da companhia passa a ser de e R$ 311,70 milh\u00f5es dividido em 64,19 milh\u00f5es de a\u00e7\u00f5es ordin\u00e1rias. De acordo com o prospecto, a companhia pretende utilizar os recursos l\u00edquidos da seguinte forma:<\/p>\n<ul>\n<li>Capex para aquisi\u00e7\u00e3o de equipamentos destinados a loca\u00e7\u00e3o;<\/li>\n<li>Potenciais <strong>aquisi\u00e7\u00f5es de empresas<\/strong> (M&amp;As).<\/li>\n<\/ul>\n\t<div data-element=\"shortcode-read-more\" class=\"knowMore\">\n\t\t\t\t<span class=\"knowMore__title\">Saiba mais<\/span>\n\t\t\t\t<a class=\"knowMore__link\" href=\"https:\/\/www.suno.com.br\/noticias\/agrogalaxy-agxy3-ipo-b3\/\">\n\t\t\tAgrogalaxy (AGXY3) estreia em forte queda na B3; IPO movimenta R$ 350 milh\u00f5es\t\t<\/a>\n\t<\/div>\n\n\n<h2>Sum\u00e1rio da Livetech<\/h2>\n<p>Fundada em 2003, a Livetech \u00e9 uma empresa de fornecimento customizado de solu\u00e7\u00f5es de tecnologia da informa\u00e7\u00e3o e comunica\u00e7\u00e3o de alta complexidade para uma variada gama de clientes no Brasil, Panam\u00e1, Col\u00f4mbia e Estados Unidos.<\/p>\n\t<p>\n\t\t<a href=\"https:\/\/lp.suno.com.br\/planilha-da-vida-financeira\/\" target=\"_blank\" data-element=\"shortcode-suno-banner\" title=\"Banner SUNO, clique e saiba mais\">\n\t\t\t<picture>\n\t\t\t\t<source media=\"(max-width: 500px)\" srcset=\"https:\/\/files.sunoresearch.com.br\/n\/uploads\/2023\/04\/400x300-Planilha-vida-financeira-true.png\">\n\t\t\t\t<img class=\"newsContent__article__imgCapa newsContent__article__imgCapa--banner\"\n\t\t\t\t\tsrc=\"https:\/\/files.sunoresearch.com.br\/n\/uploads\/2023\/04\/1420x240-Planilha-vida-financeira-true.png\"\n\t\t\t\t\tdata-promo-id=\"106682\"\t\t\t\t\t\t\t\t\t\twidth='1420' height='240'\t\t\t\t\talt=\"https:\/\/files.sunoresearch.com.br\/n\/uploads\/2023\/04\/1420x240-Planilha-vida-financeira-true.png\"\n\t\t\t\t>\n\t\t\t<\/picture>\n\t\t<\/a>\n\t<\/p>\n\n\n<p>No documento, a companhia se apresenta como l\u00edder em solu\u00e7\u00f5es para<strong> internet banda larga<\/strong>, seguran\u00e7a eletr\u00f4nica, infraestrutura de redes, ciberseguran\u00e7a, telefonia via internet, redes wi-fi e energia solar.<\/p>\n<p>A Livetech registrou <a class=\"suno-keyword\" href=\"https:\/\/www.suno.com.br\/artigos\/o-que-receita-liquida\/\" target=\"_blank\" rel=\"noopener noreferrer\" data-force=\"no\" data-priority=\"1\">receita l\u00edquida<\/a> de R$ 718 milh\u00f5es em 2020, contra R$ 507 milh\u00f5es de 2019. J\u00e1 as vendas totais somaram R$ 1,003 bilh\u00e3o no ano passado, ante R$ 724 milh\u00f5es de 2019.<\/p>\n<p>O <a class=\"suno-keyword\" href=\"https:\/\/www.suno.com.br\/artigos\/ebitda-ajustado\/\" target=\"_blank\" rel=\"noopener noreferrer\" data-force=\"no\" data-priority=\"1\">Ebitda ajustado<\/a> totalizou R$ 231 milh\u00f5es no ano passado, ante R$ 122 milh\u00f5es do ano imediatamente anterior. Enquanto a <a class=\"suno-keyword\" href=\"https:\/\/www.suno.com.br\/artigos\/margem-ebitda\/\" target=\"_blank\" rel=\"noopener noreferrer\" data-force=\"no\" data-priority=\"1\">margem Ebitda<\/a> ajustada subiu de 24% para 32%. O <a class=\"suno-keyword\" href=\"https:\/\/www.suno.com.br\/artigos\/lucro-liquido\/\" target=\"_blank\" rel=\"noopener noreferrer\" data-force=\"no\" data-priority=\"1\">lucro l\u00edquido<\/a> ajustado ficou em R$ 78 milh\u00f5es em 2020, ante R$ 22 milh\u00f5es de 2019.<\/p>\n<p>Do lado do endividamento, a <strong>Livetech<\/strong> viu seu indicador <a class=\"suno-keyword\" href=\"https:\/\/www.suno.com.br\/artigos\/alavancagem-financeira\/\" target=\"_blank\" rel=\"noopener noreferrer\" data-force=\"no\" data-priority=\"1\">Alavancagem financeira<\/a> (<a class=\"suno-keyword\" href=\"https:\/\/www.suno.com.br\/artigos\/divida-liquida\/\" target=\"_blank\" rel=\"noopener noreferrer\" data-force=\"no\" data-priority=\"1\">D\u00edvida L\u00edquida<\/a>\/EBITDA Ajustado) sair de 2,7x no final de 2019 para 1,8x no final do ano passado.<\/p>\n\t<p>\n\t\t<a href=\"https:\/\/lp.suno.com.br\/planilha-de-controle-de-investimentos\/\" target=\"_blank\" data-element=\"shortcode-suno-banner\" title=\"Banner SUNO, clique e saiba mais\">\n\t\t\t<picture>\n\t\t\t\t<source media=\"(max-width: 500px)\" srcset=\"https:\/\/files.sunoresearch.com.br\/n\/uploads\/2023\/03\/400x300-Controle-de-Investimentos.png\">\n\t\t\t\t<img class=\"newsContent__article__imgCapa newsContent__article__imgCapa--banner\"\n\t\t\t\t\tsrc=\"https:\/\/files.sunoresearch.com.br\/n\/uploads\/2023\/03\/1420x240-Controle-de-Investimentos.png\"\n\t\t\t\t\tdata-promo-id=\"75934\"\t\t\t\t\t\t\t\t\t\twidth='1420' height='240'\t\t\t\t\talt=\"https:\/\/files.sunoresearch.com.br\/n\/uploads\/2023\/03\/1420x240-Controle-de-Investimentos.png\"\n\t\t\t\t>\n\t\t\t<\/picture>\n\t\t<\/a>\n\t<\/p>\n\n\n","protected":false},"excerpt":{"rendered":"<p>A Livetech (LVTC3) estreou em leve alta na B3 nesta segunda-feira (26). Em sua oferta p\u00fablica inicial de a\u00e7\u00f5es (IPO, na sigla em ingl\u00eas), as a\u00e7\u00f5es da empresa abriram com um avan\u00e7o de 1,98%, negociados a R$ 23,66, por volta das 10h30. Livetech (LVTC3). Foto: Pixabay Na \u00faltima quinta-feira (22), a Livetech precificou suas a\u00e7\u00f5es [&hellip;]<\/p>\n","protected":false},"author":24,"featured_media":168630,"comment_status":"closed","ping_status":"closed","sticky":false,"template":"","format":"standard","meta":[],"categories":[64],"tags":[1937,319,106756,1134],"suno_strategy":[],"class_list":["post-169287","post","type-post","status-publish","format-standard","has-post-thumbnail","hentry","category-negocios","tag-bolsa-de-valores-de-sao-paulo-b3","tag-ipo-oferta-inicial-de-acoes","tag-livetech-lvtc3","tag-tecnologia"],"yoast_head":"<!-- This site is optimized with the Yoast SEO plugin v24.4 - https:\/\/yoast.com\/wordpress\/plugins\/seo\/ -->\n<title>Livetech (LVTC3) abre em leve alta em IPO; IPO levanta R$ 450 milh\u00f5es<\/title>\n<meta name=\"description\" content=\"A Livetech (LVTC3) estreou em leve alta na B3 nesta segunda-feira (26). O IPO movimentou R$ 450 milh\u00f5es. Clique aqui e saiba mais.\" \/>\n<meta name=\"robots\" content=\"index, follow, max-snippet:-1, max-image-preview:large, max-video-preview:-1\" \/>\n<link rel=\"canonical\" href=\"https:\/\/www.suno.com.br\/noticias\/livetech-lvtc3-ipo-b3\/\" \/>\n<meta property=\"og:locale\" content=\"pt_BR\" \/>\n<meta property=\"og:type\" content=\"article\" \/>\n<meta property=\"og:title\" content=\"Livetech (LVTC3) abre em leve alta em IPO; IPO levanta R$ 450 milh\u00f5es\" \/>\n<meta property=\"og:description\" content=\"A Livetech (LVTC3) estreou em leve alta na B3 nesta segunda-feira (26). O IPO movimentou R$ 450 milh\u00f5es. Clique aqui e saiba mais.\" \/>\n<meta property=\"og:url\" content=\"https:\/\/www.suno.com.br\/noticias\/livetech-lvtc3-ipo-b3\/\" \/>\n<meta property=\"og:site_name\" content=\"Suno Not\u00edcias\" \/>\n<meta property=\"article:publisher\" content=\"https:\/\/facebook.com\/sunoresearch\" \/>\n<meta property=\"og:image\" content=\"https:\/\/files.sunoresearch.com.br\/n\/uploads\/2021\/07\/da17cbd9-home-office-5400420_1920.jpg\" \/>\n\t<meta property=\"og:image:width\" content=\"1920\" \/>\n\t<meta property=\"og:image:height\" content=\"1280\" \/>\n\t<meta property=\"og:image:type\" content=\"image\/jpeg\" \/>\n<meta name=\"author\" content=\"Jader Lazarini\" \/>\n<meta name=\"twitter:card\" content=\"summary_large_image\" \/>\n<meta name=\"twitter:creator\" content=\"@sunoresearch\" \/>\n<meta name=\"twitter:site\" content=\"@sunoresearch\" \/>\n<meta name=\"twitter:label1\" content=\"Escrito por\" \/>\n\t<meta name=\"twitter:data1\" content=\"Jader Lazarini\" \/>\n\t<meta name=\"twitter:label2\" content=\"Est. tempo de leitura\" \/>\n\t<meta name=\"twitter:data2\" content=\"2 minutos\" \/>\n<script type=\"application\/ld+json\" class=\"yoast-schema-graph\">{\"@context\":\"https:\/\/schema.org\",\"@graph\":[{\"@type\":\"NewsArticle\",\"@id\":\"https:\/\/www.suno.com.br\/noticias\/livetech-lvtc3-ipo-b3\/#article\",\"isPartOf\":{\"@id\":\"https:\/\/www.suno.com.br\/noticias\/livetech-lvtc3-ipo-b3\/\"},\"author\":{\"name\":\"Jader Lazarini\",\"@id\":\"https:\/\/www.suno.com.br\/noticias\/#\/schema\/person\/918d79de1f0281f01599b93f9ea6e23f\"},\"headline\":\"Livetech (LVTC3) abre em leve alta em IPO na B3; IPO levanta R$ 450 milh\u00f5es\",\"datePublished\":\"2021-07-26T13:50:09+00:00\",\"mainEntityOfPage\":{\"@id\":\"https:\/\/www.suno.com.br\/noticias\/livetech-lvtc3-ipo-b3\/\"},\"wordCount\":394,\"publisher\":{\"@id\":\"https:\/\/www.suno.com.br\/noticias\/#organization\"},\"image\":{\"@id\":\"https:\/\/www.suno.com.br\/noticias\/livetech-lvtc3-ipo-b3\/#primaryimage\"},\"thumbnailUrl\":\"https:\/\/files.sunoresearch.com.br\/n\/uploads\/2021\/07\/da17cbd9-home-office-5400420_1920.jpg\",\"keywords\":[\"Bolsa de Valores de S\u00e3o Paulo (B3)\",\"IPO (Oferta Inicial de A\u00e7\u00f5es)\",\"Livetech (LVTC3)\",\"Tecnologia\"],\"articleSection\":[\"Neg\u00f3cios\"],\"inLanguage\":\"pt-BR\"},{\"@type\":\"WebPage\",\"@id\":\"https:\/\/www.suno.com.br\/noticias\/livetech-lvtc3-ipo-b3\/\",\"url\":\"https:\/\/www.suno.com.br\/noticias\/livetech-lvtc3-ipo-b3\/\",\"name\":\"Livetech (LVTC3) abre em leve alta em IPO; IPO levanta R$ 450 milh\u00f5es\",\"isPartOf\":{\"@id\":\"https:\/\/www.suno.com.br\/noticias\/#website\"},\"primaryImageOfPage\":{\"@id\":\"https:\/\/www.suno.com.br\/noticias\/livetech-lvtc3-ipo-b3\/#primaryimage\"},\"image\":{\"@id\":\"https:\/\/www.suno.com.br\/noticias\/livetech-lvtc3-ipo-b3\/#primaryimage\"},\"thumbnailUrl\":\"https:\/\/files.sunoresearch.com.br\/n\/uploads\/2021\/07\/da17cbd9-home-office-5400420_1920.jpg\",\"datePublished\":\"2021-07-26T13:50:09+00:00\",\"description\":\"A Livetech (LVTC3) estreou em leve alta na B3 nesta segunda-feira (26). O IPO movimentou R$ 450 milh\u00f5es. Clique aqui e saiba mais.\",\"breadcrumb\":{\"@id\":\"https:\/\/www.suno.com.br\/noticias\/livetech-lvtc3-ipo-b3\/#breadcrumb\"},\"inLanguage\":\"pt-BR\",\"potentialAction\":[{\"@type\":\"ReadAction\",\"target\":[\"https:\/\/www.suno.com.br\/noticias\/livetech-lvtc3-ipo-b3\/\"]}]},{\"@type\":\"ImageObject\",\"inLanguage\":\"pt-BR\",\"@id\":\"https:\/\/www.suno.com.br\/noticias\/livetech-lvtc3-ipo-b3\/#primaryimage\",\"url\":\"https:\/\/files.sunoresearch.com.br\/n\/uploads\/2021\/07\/da17cbd9-home-office-5400420_1920.jpg\",\"contentUrl\":\"https:\/\/files.sunoresearch.com.br\/n\/uploads\/2021\/07\/da17cbd9-home-office-5400420_1920.jpg\",\"width\":1920,\"height\":1280,\"caption\":\"Livetech (LVTC3). Foto: Pixabay\"},{\"@type\":\"BreadcrumbList\",\"@id\":\"https:\/\/www.suno.com.br\/noticias\/livetech-lvtc3-ipo-b3\/#breadcrumb\",\"itemListElement\":[{\"@type\":\"ListItem\",\"position\":1,\"name\":\"Not\u00edcias\",\"item\":\"https:\/\/www.suno.com.br\/noticias\/\"},{\"@type\":\"ListItem\",\"position\":2,\"name\":\"Neg\u00f3cios\",\"item\":\"https:\/\/www.suno.com.br\/noticias\/negocios\/\"},{\"@type\":\"ListItem\",\"position\":3,\"name\":\"Livetech (LVTC3) abre em leve alta em IPO na B3; IPO levanta R$ 450 milh\u00f5es\"}]},{\"@type\":\"WebSite\",\"@id\":\"https:\/\/www.suno.com.br\/noticias\/#website\",\"url\":\"https:\/\/www.suno.com.br\/noticias\/\",\"name\":\"Suno Not\u00edcias\",\"description\":\"Seu portal de informa\u00e7\u00e3o sobre o mundo dos investimentos\",\"publisher\":{\"@id\":\"https:\/\/www.suno.com.br\/noticias\/#organization\"},\"potentialAction\":[{\"@type\":\"SearchAction\",\"target\":{\"@type\":\"EntryPoint\",\"urlTemplate\":\"https:\/\/www.suno.com.br\/noticias\/?s={search_term_string}\"},\"query-input\":{\"@type\":\"PropertyValueSpecification\",\"valueRequired\":true,\"valueName\":\"search_term_string\"}}],\"inLanguage\":\"pt-BR\"},{\"@type\":\"Organization\",\"@id\":\"https:\/\/www.suno.com.br\/noticias\/#organization\",\"name\":\"Suno Not\u00edcias\",\"url\":\"https:\/\/www.suno.com.br\/noticias\/\",\"logo\":{\"@type\":\"ImageObject\",\"inLanguage\":\"pt-BR\",\"@id\":\"https:\/\/www.suno.com.br\/noticias\/#\/schema\/logo\/image\/\",\"url\":\"https:\/\/files.sunoresearch.com.br\/n\/uploads\/2021\/09\/suno-logo.png\",\"contentUrl\":\"https:\/\/files.sunoresearch.com.br\/n\/uploads\/2021\/09\/suno-logo.png\",\"width\":180,\"height\":180,\"caption\":\"Suno Not\u00edcias\"},\"image\":{\"@id\":\"https:\/\/www.suno.com.br\/noticias\/#\/schema\/logo\/image\/\"},\"sameAs\":[\"https:\/\/facebook.com\/sunoresearch\",\"https:\/\/x.com\/sunoresearch\",\"https:\/\/www.instagram.com\/suno\",\"https:\/\/www.linkedin.com\/company\/suno-research\/\",\"https:\/\/www.youtube.com\/c\/sunoresearch\"]},{\"@type\":\"Person\",\"@id\":\"https:\/\/www.suno.com.br\/noticias\/#\/schema\/person\/918d79de1f0281f01599b93f9ea6e23f\",\"name\":\"Jader Lazarini\",\"image\":{\"@type\":\"ImageObject\",\"inLanguage\":\"pt-BR\",\"@id\":\"https:\/\/www.suno.com.br\/noticias\/#\/schema\/person\/image\/\",\"url\":\"https:\/\/secure.gravatar.com\/avatar\/3c1ad8caa51589841baeb923fcddea97?s=96&r=g\",\"contentUrl\":\"https:\/\/secure.gravatar.com\/avatar\/3c1ad8caa51589841baeb923fcddea97?s=96&r=g\",\"caption\":\"Jader Lazarini\"},\"description\":\"Jader Lazarini escreve sobre investimentos, finan\u00e7as, economia e neg\u00f3cios. \u00c9 bacharel em Rela\u00e7\u00f5es Internacionais e analista CNPI (2619).\",\"url\":\"https:\/\/www.suno.com.br\/noticias\/author\/jader-lazarini\/\"}]}<\/script>\n<!-- \/ Yoast SEO plugin. -->","yoast_head_json":{"title":"Livetech (LVTC3) abre em leve alta em IPO; IPO levanta R$ 450 milh\u00f5es","description":"A Livetech (LVTC3) estreou em leve alta na B3 nesta segunda-feira (26). O IPO movimentou R$ 450 milh\u00f5es. Clique aqui e saiba mais.","robots":{"index":"index","follow":"follow","max-snippet":"max-snippet:-1","max-image-preview":"max-image-preview:large","max-video-preview":"max-video-preview:-1"},"canonical":"https:\/\/www.suno.com.br\/noticias\/livetech-lvtc3-ipo-b3\/","og_locale":"pt_BR","og_type":"article","og_title":"Livetech (LVTC3) abre em leve alta em IPO; IPO levanta R$ 450 milh\u00f5es","og_description":"A Livetech (LVTC3) estreou em leve alta na B3 nesta segunda-feira (26). O IPO movimentou R$ 450 milh\u00f5es. Clique aqui e saiba mais.","og_url":"https:\/\/www.suno.com.br\/noticias\/livetech-lvtc3-ipo-b3\/","og_site_name":"Suno Not\u00edcias","article_publisher":"https:\/\/facebook.com\/sunoresearch","og_image":[{"width":1920,"height":1280,"url":"https:\/\/files.sunoresearch.com.br\/n\/uploads\/2021\/07\/da17cbd9-home-office-5400420_1920.jpg","type":"image\/jpeg"}],"author":"Jader Lazarini","twitter_card":"summary_large_image","twitter_creator":"@sunoresearch","twitter_site":"@sunoresearch","twitter_misc":{"Escrito por":"Jader Lazarini","Est. tempo de leitura":"2 minutos"},"schema":{"@context":"https:\/\/schema.org","@graph":[{"@type":"NewsArticle","@id":"https:\/\/www.suno.com.br\/noticias\/livetech-lvtc3-ipo-b3\/#article","isPartOf":{"@id":"https:\/\/www.suno.com.br\/noticias\/livetech-lvtc3-ipo-b3\/"},"author":{"name":"Jader Lazarini","@id":"https:\/\/www.suno.com.br\/noticias\/#\/schema\/person\/918d79de1f0281f01599b93f9ea6e23f"},"headline":"Livetech (LVTC3) abre em leve alta em IPO na B3; IPO levanta R$ 450 milh\u00f5es","datePublished":"2021-07-26T13:50:09+00:00","mainEntityOfPage":{"@id":"https:\/\/www.suno.com.br\/noticias\/livetech-lvtc3-ipo-b3\/"},"wordCount":394,"publisher":{"@id":"https:\/\/www.suno.com.br\/noticias\/#organization"},"image":{"@id":"https:\/\/www.suno.com.br\/noticias\/livetech-lvtc3-ipo-b3\/#primaryimage"},"thumbnailUrl":"https:\/\/files.sunoresearch.com.br\/n\/uploads\/2021\/07\/da17cbd9-home-office-5400420_1920.jpg","keywords":["Bolsa de Valores de S\u00e3o Paulo (B3)","IPO (Oferta Inicial de A\u00e7\u00f5es)","Livetech (LVTC3)","Tecnologia"],"articleSection":["Neg\u00f3cios"],"inLanguage":"pt-BR"},{"@type":"WebPage","@id":"https:\/\/www.suno.com.br\/noticias\/livetech-lvtc3-ipo-b3\/","url":"https:\/\/www.suno.com.br\/noticias\/livetech-lvtc3-ipo-b3\/","name":"Livetech (LVTC3) abre em leve alta em IPO; IPO levanta R$ 450 milh\u00f5es","isPartOf":{"@id":"https:\/\/www.suno.com.br\/noticias\/#website"},"primaryImageOfPage":{"@id":"https:\/\/www.suno.com.br\/noticias\/livetech-lvtc3-ipo-b3\/#primaryimage"},"image":{"@id":"https:\/\/www.suno.com.br\/noticias\/livetech-lvtc3-ipo-b3\/#primaryimage"},"thumbnailUrl":"https:\/\/files.sunoresearch.com.br\/n\/uploads\/2021\/07\/da17cbd9-home-office-5400420_1920.jpg","datePublished":"2021-07-26T13:50:09+00:00","description":"A Livetech (LVTC3) estreou em leve alta na B3 nesta segunda-feira (26). O IPO movimentou R$ 450 milh\u00f5es. Clique aqui e saiba mais.","breadcrumb":{"@id":"https:\/\/www.suno.com.br\/noticias\/livetech-lvtc3-ipo-b3\/#breadcrumb"},"inLanguage":"pt-BR","potentialAction":[{"@type":"ReadAction","target":["https:\/\/www.suno.com.br\/noticias\/livetech-lvtc3-ipo-b3\/"]}]},{"@type":"ImageObject","inLanguage":"pt-BR","@id":"https:\/\/www.suno.com.br\/noticias\/livetech-lvtc3-ipo-b3\/#primaryimage","url":"https:\/\/files.sunoresearch.com.br\/n\/uploads\/2021\/07\/da17cbd9-home-office-5400420_1920.jpg","contentUrl":"https:\/\/files.sunoresearch.com.br\/n\/uploads\/2021\/07\/da17cbd9-home-office-5400420_1920.jpg","width":1920,"height":1280,"caption":"Livetech (LVTC3). Foto: Pixabay"},{"@type":"BreadcrumbList","@id":"https:\/\/www.suno.com.br\/noticias\/livetech-lvtc3-ipo-b3\/#breadcrumb","itemListElement":[{"@type":"ListItem","position":1,"name":"Not\u00edcias","item":"https:\/\/www.suno.com.br\/noticias\/"},{"@type":"ListItem","position":2,"name":"Neg\u00f3cios","item":"https:\/\/www.suno.com.br\/noticias\/negocios\/"},{"@type":"ListItem","position":3,"name":"Livetech (LVTC3) abre em leve alta em IPO na B3; IPO levanta R$ 450 milh\u00f5es"}]},{"@type":"WebSite","@id":"https:\/\/www.suno.com.br\/noticias\/#website","url":"https:\/\/www.suno.com.br\/noticias\/","name":"Suno Not\u00edcias","description":"Seu portal de informa\u00e7\u00e3o sobre o mundo dos investimentos","publisher":{"@id":"https:\/\/www.suno.com.br\/noticias\/#organization"},"potentialAction":[{"@type":"SearchAction","target":{"@type":"EntryPoint","urlTemplate":"https:\/\/www.suno.com.br\/noticias\/?s={search_term_string}"},"query-input":{"@type":"PropertyValueSpecification","valueRequired":true,"valueName":"search_term_string"}}],"inLanguage":"pt-BR"},{"@type":"Organization","@id":"https:\/\/www.suno.com.br\/noticias\/#organization","name":"Suno Not\u00edcias","url":"https:\/\/www.suno.com.br\/noticias\/","logo":{"@type":"ImageObject","inLanguage":"pt-BR","@id":"https:\/\/www.suno.com.br\/noticias\/#\/schema\/logo\/image\/","url":"https:\/\/files.sunoresearch.com.br\/n\/uploads\/2021\/09\/suno-logo.png","contentUrl":"https:\/\/files.sunoresearch.com.br\/n\/uploads\/2021\/09\/suno-logo.png","width":180,"height":180,"caption":"Suno Not\u00edcias"},"image":{"@id":"https:\/\/www.suno.com.br\/noticias\/#\/schema\/logo\/image\/"},"sameAs":["https:\/\/facebook.com\/sunoresearch","https:\/\/x.com\/sunoresearch","https:\/\/www.instagram.com\/suno","https:\/\/www.linkedin.com\/company\/suno-research\/","https:\/\/www.youtube.com\/c\/sunoresearch"]},{"@type":"Person","@id":"https:\/\/www.suno.com.br\/noticias\/#\/schema\/person\/918d79de1f0281f01599b93f9ea6e23f","name":"Jader Lazarini","image":{"@type":"ImageObject","inLanguage":"pt-BR","@id":"https:\/\/www.suno.com.br\/noticias\/#\/schema\/person\/image\/","url":"https:\/\/secure.gravatar.com\/avatar\/3c1ad8caa51589841baeb923fcddea97?s=96&r=g","contentUrl":"https:\/\/secure.gravatar.com\/avatar\/3c1ad8caa51589841baeb923fcddea97?s=96&r=g","caption":"Jader Lazarini"},"description":"Jader Lazarini escreve sobre investimentos, finan\u00e7as, economia e neg\u00f3cios. \u00c9 bacharel em Rela\u00e7\u00f5es Internacionais e analista CNPI (2619).","url":"https:\/\/www.suno.com.br\/noticias\/author\/jader-lazarini\/"}]}},"default_loop_html":"<div class=\"cardsPage__listCard__boxs\"><div class=\"cardsPage__listCard__boxs__img\"><a href=\"https:\/\/www.suno.com.br\/noticias\/livetech-lvtc3-ipo-b3\/\"><img class=\"mask\" src=\"https:\/\/www.suno.com.br\/noticias\/wp-content\/themes\/suno\/resources\/images\/spotlight\/spotlight1img\/bg-mask.png\" alt=\"Image Mask\"\/><img src=\"https:\/\/files.sunoresearch.com.br\/n\/uploads\/2021\/07\/da17cbd9-home-office-5400420_1920-400x200.jpg\" alt=\"Livetech (LVTC3) abre em leve alta em IPO na B3; IPO levanta R$ 450 milh\u00f5es\"\/><\/a><span class=\"spotlightCategory\"><a href=\"https:\/\/www.suno.com.br\/noticias\/negocios\/\">Neg\u00f3cios<\/a><\/span><\/div><div class=\"cardsPage__listCard__boxs__content\"><a href=\"https:\/\/www.suno.com.br\/noticias\/livetech-lvtc3-ipo-b3\/\"><h2 class=\"content__title\">Livetech (LVTC3) abre em leve alta em IPO na B3; IPO levanta R$ 450 milh\u00f5es<\/h2><\/a><div class=\"newsContent__article__meta\"><div class=\"newsContent__article__meta__authorBox\"><a href=\"https:\/\/www.suno.com.br\/noticias\/author\/jader-lazarini\/\" class=\"authorBox__avatar noMobi\"><img src=\"https:\/\/files.sunoresearch.com.br\/n\/uploads\/2021\/01\/178e6598-foto-perfil-2-150x150.jpg\" alt=\"Jader Lazarini\"><\/a><div class=\"authorBox__name\"><span>por\n\t\t\t<a href=\"https:\/\/www.suno.com.br\/noticias\/author\/jader-lazarini\/\"><span itemprop=\"author\">Jader Lazarini<\/span><\/a><\/span><time datetime=\"2021-07-26T10:50:09-03:00\" itemprop=\"datePublished\">26\/07\/2021 10:50<\/time><\/div><\/div><\/div><\/div><\/div>","single_layout":"posts","amp_enabled":true,"_links":{"self":[{"href":"https:\/\/www.suno.com.br\/noticias\/wp-json\/wp\/v2\/posts\/169287"}],"collection":[{"href":"https:\/\/www.suno.com.br\/noticias\/wp-json\/wp\/v2\/posts"}],"about":[{"href":"https:\/\/www.suno.com.br\/noticias\/wp-json\/wp\/v2\/types\/post"}],"author":[{"embeddable":true,"href":"https:\/\/www.suno.com.br\/noticias\/wp-json\/wp\/v2\/users\/24"}],"replies":[{"embeddable":true,"href":"https:\/\/www.suno.com.br\/noticias\/wp-json\/wp\/v2\/comments?post=169287"}],"version-history":[{"count":1,"href":"https:\/\/www.suno.com.br\/noticias\/wp-json\/wp\/v2\/posts\/169287\/revisions"}],"predecessor-version":[{"id":169291,"href":"https:\/\/www.suno.com.br\/noticias\/wp-json\/wp\/v2\/posts\/169287\/revisions\/169291"}],"wp:featuredmedia":[{"embeddable":true,"href":"https:\/\/www.suno.com.br\/noticias\/wp-json\/wp\/v2\/media\/168630"}],"wp:attachment":[{"href":"https:\/\/www.suno.com.br\/noticias\/wp-json\/wp\/v2\/media?parent=169287"}],"wp:term":[{"taxonomy":"category","embeddable":true,"href":"https:\/\/www.suno.com.br\/noticias\/wp-json\/wp\/v2\/categories?post=169287"},{"taxonomy":"post_tag","embeddable":true,"href":"https:\/\/www.suno.com.br\/noticias\/wp-json\/wp\/v2\/tags?post=169287"},{"taxonomy":"suno_strategy","embeddable":true,"href":"https:\/\/www.suno.com.br\/noticias\/wp-json\/wp\/v2\/suno_strategy?post=169287"}],"curies":[{"name":"wp","href":"https:\/\/api.w.org\/{rel}","templated":true}]}}