{"id":16917,"date":"2019-02-28T15:50:28","date_gmt":"2019-02-28T18:50:28","guid":{"rendered":"https:\/\/www.suno.com.br\/noticias\/?p=16917"},"modified":"2019-02-28T15:50:28","modified_gmt":"2019-02-28T18:50:28","slug":"paulo-afonso-ferreira-presidente-cni","status":"publish","type":"post","link":"https:\/\/www.suno.com.br\/noticias\/paulo-afonso-ferreira-presidente-cni\/","title":{"rendered":"Paulo Afonso Ferreira ser\u00e1 o presidente interino da CNI"},"content":{"rendered":"<p>O engenheiro Paulo Afonso Ferreira ser\u00e1 o presidente interino da Confedera\u00e7\u00e3o Nacional da Ind\u00fastria (CNI). Ferreira foi escolhido nesta quinta-feira (28).<\/p>\t<div class=\"wrapper-featured-image\">\n\t\t<figure class=\"spotlightImg\">\n\n\t\t\t<picture>\n\t\t\t\t<source media=\"(max-width: 768px)\" srcset=\"https:\/\/files.sunoresearch.com.br\/n\/uploads\/2019\/02\/5e3bec6f-paulo-afonso-ferreira-400x200.webp\">\n\t\t\t\t<img loading=\"lazy\" decoding=\"async\" class=\"newsContent__article__imgCapa lazyloadDisabled newsContent__article__imgCapa--noCaption\" src=\"https:\/\/files.sunoresearch.com.br\/n\/uploads\/2019\/02\/5e3bec6f-paulo-afonso-ferreira-800x450.webp\" width=\"800\" height=\"450\" alt=\"Paulo Afonso Ferreira ser\u00e1 o presidente interino da CNI\" fetchpriority=high \/>\n\t\t\t<\/picture>\n\n\t\t\t<figcaption class=\"wp-caption-text wp-caption-text--hide\">Paulo Afonso Ferreira ser\u00e1 o presidente interino da CNI<\/figcaption>\n\t\t<\/figure>\n\t<\/div>\n\n\n<p>De acordo com a <strong>CNI<\/strong>, <strong>Paulo Afonso Ferreira<\/strong> ser\u00e1 presidente enquanto Robson Andrade ficar afastado do cargo. Al\u00e9m disso, a entidade ainda informou que a vota\u00e7\u00e3o para eleger <strong>Afonso Ferreira<\/strong> foi un\u00e2nime, recebendo 25 votos favor\u00e1veis dos presentes da reuni\u00e3o do Conselho de Representantes da CNI.<\/p>\n<p>\u201cO Brasil precisa recuperar o caminho do <strong>crescimento da economia<\/strong> e da gera\u00e7\u00e3o de empregos. A CNI continuar\u00e1 na defesa da agenda de competitividade do pa\u00eds, que inclui as <strong>reformas tribut\u00e1ria e da Previd\u00eancia,<\/strong> a redu\u00e7\u00e3o da burocracia e a maior efici\u00eancia do Estado\u201d, afirmou o presidente interino.<\/p>\n<p><a href=\"https:\/\/www.suno.com.br\/noticias\/justica-solta-presidente-da-cni\/\">Saiba mais:\u00a0Justi\u00e7a solta presidente da CNI<\/a><\/p>\n<p><a href=\"https:\/\/www.suno.com.br\/noticias\/cni-escolhera-substituto-presidente\/\">Saiba mais:\u00a0Conselho do CNI escolher\u00e1 substituto tempor\u00e1rio de presidente afastado<\/a><\/p>\n<h2>Entenda o caso<\/h2>\n<p>Acusado de corrup\u00e7\u00e3o, Robson Braga de Andrade foi preso na \u00faltima ter\u00e7a-feira (19) pela Pol\u00edcia Federal.<\/p>\n<p>A Opera\u00e7\u00e3o Fantoche, da Pol\u00edcia Federal, investiga supostas irregularidades envolvendo\u00a0o <strong>Minist\u00e9rio do Turismo<\/strong> e entidades do &#8220;<strong>Sistema<\/strong> <strong>S&#8221;<\/strong>. O presidente da <strong>CNI<\/strong> foi preso em <strong>S\u00e3o Paulo<\/strong> e teve a pris\u00e3o tempor\u00e1ria decretada por cinco dias.<\/p>\n<p>Na opera\u00e7\u00e3o, foram expedidos mandados de pris\u00e3o dos presidentes das <strong>Federa\u00e7\u00f5es das Ind\u00fastrias<\/strong> dos estados de Pernambuco, Alagoas e Para\u00edba. Al\u00e9m disso, empres\u00e1rios e advogados tamb\u00e9m foram presos.<\/p>\n<p>Mas a pris\u00e3o n\u00e3o demorou muito tempo e ainda na ter\u00e7a, a\u00a0<strong>Justi\u00e7a federal<\/strong> de <strong>Pernambuco<\/strong> determinou a libera\u00e7\u00e3o do presidente da CNI, <strong>Robson Braga de Andrade<\/strong>.<\/p>\n<p>No entanto, a decis\u00e3o de liberar Andrade chegou ap\u00f3s um pedido da <strong>Pol\u00edcia Federal<\/strong>. Al\u00e9m dele foram liberados outro 4 presos.<\/p>\n<p>Mesmo assim, Andrade est\u00e1 afastado do cargo de <strong>presidente<\/strong> da <strong>CNI<\/strong> por 90 dias. Agora, a confedera\u00e7\u00e3o busca um substituto tempor\u00e1rio para o cargo.<\/p>\n<h2>Paulo Afonso Ferreira<\/h2>\n<p>Ferreira \u00e9 engenheiro e atua nos ramos empresariais de constru\u00e7\u00e3o, atividades imobili\u00e1rias e agroind\u00fastria.<\/p>\n<p>De acordo com a <strong>CNI<\/strong>, o presidente interino <strong>Paulo Afonso Ferreira<\/strong> \u00e9 vice-presidente executivo da entidade na regi\u00e3o Centro-Oeste e presidente do Conselho de Assuntos Legislativos.<\/p>\n","protected":false},"excerpt":{"rendered":"<p>O engenheiro Paulo Afonso Ferreira ser\u00e1 o presidente interino da Confedera\u00e7\u00e3o Nacional da Ind\u00fastria (CNI). Ferreira foi escolhido nesta quinta-feira (28). Paulo Afonso Ferreira ser\u00e1 o presidente interino da CNI De acordo com a CNI, Paulo Afonso Ferreira ser\u00e1 presidente enquanto Robson Andrade ficar afastado do cargo. Al\u00e9m disso, a entidade ainda informou que a [&hellip;]<\/p>\n","protected":false},"author":11,"featured_media":16926,"comment_status":"closed","ping_status":"closed","sticky":false,"template":"","format":"standard","meta":[],"categories":[61],"tags":[878],"suno_strategy":[],"class_list":["post-16917","post","type-post","status-publish","format-standard","has-post-thumbnail","hentry","category-politica","tag-cni"],"yoast_head":"<!-- This site is optimized with the Yoast SEO plugin v24.4 - https:\/\/yoast.com\/wordpress\/plugins\/seo\/ -->\n<title>Paulo Afonso Ferreira ser\u00e1 o presidente interino da CNI<\/title>\n<meta name=\"description\" content=\"Paulo Afonso Ferreira recebeu o voto dos 25 participantes da reuni\u00e3o da CNI; Afonso Ferreira \u00e9 engenheiro formado. Clique para saber mais.\" \/>\n<meta name=\"robots\" content=\"index, follow, max-snippet:-1, max-image-preview:large, max-video-preview:-1\" \/>\n<link rel=\"canonical\" href=\"https:\/\/www.suno.com.br\/noticias\/paulo-afonso-ferreira-presidente-cni\/\" \/>\n<meta property=\"og:locale\" content=\"pt_BR\" \/>\n<meta property=\"og:type\" content=\"article\" \/>\n<meta property=\"og:title\" content=\"Paulo Afonso Ferreira ser\u00e1 o presidente interino da CNI\" \/>\n<meta property=\"og:description\" content=\"Paulo Afonso Ferreira recebeu o voto dos 25 participantes da reuni\u00e3o da CNI; Afonso Ferreira \u00e9 engenheiro formado. Clique para saber mais.\" \/>\n<meta property=\"og:url\" content=\"https:\/\/www.suno.com.br\/noticias\/paulo-afonso-ferreira-presidente-cni\/\" \/>\n<meta property=\"og:site_name\" content=\"Suno Not\u00edcias\" \/>\n<meta property=\"article:publisher\" content=\"https:\/\/facebook.com\/sunoresearch\" \/>\n<meta property=\"og:image\" content=\"https:\/\/files.sunoresearch.com.br\/n\/uploads\/2019\/02\/5e3bec6f-paulo-afonso-ferreira.jpg\" \/>\n\t<meta property=\"og:image:width\" content=\"1292\" \/>\n\t<meta property=\"og:image:height\" content=\"735\" \/>\n\t<meta property=\"og:image:type\" content=\"image\/jpeg\" \/>\n<meta name=\"author\" content=\"Renan Bandeira\" \/>\n<meta name=\"twitter:card\" content=\"summary_large_image\" \/>\n<meta name=\"twitter:creator\" content=\"@sunoresearch\" \/>\n<meta name=\"twitter:site\" content=\"@sunoresearch\" \/>\n<meta name=\"twitter:label1\" content=\"Escrito por\" \/>\n\t<meta name=\"twitter:data1\" content=\"Renan Bandeira\" \/>\n\t<meta name=\"twitter:label2\" content=\"Est. tempo de leitura\" \/>\n\t<meta name=\"twitter:data2\" content=\"2 minutos\" \/>\n<script type=\"application\/ld+json\" class=\"yoast-schema-graph\">{\"@context\":\"https:\/\/schema.org\",\"@graph\":[{\"@type\":\"NewsArticle\",\"@id\":\"https:\/\/www.suno.com.br\/noticias\/paulo-afonso-ferreira-presidente-cni\/#article\",\"isPartOf\":{\"@id\":\"https:\/\/www.suno.com.br\/noticias\/paulo-afonso-ferreira-presidente-cni\/\"},\"author\":{\"name\":\"Renan Bandeira\",\"@id\":\"https:\/\/www.suno.com.br\/noticias\/#\/schema\/person\/fc144a1c6108bd1dcd43784e88a3c138\"},\"headline\":\"Paulo Afonso Ferreira ser\u00e1 o presidente interino da CNI\",\"datePublished\":\"2019-02-28T18:50:28+00:00\",\"mainEntityOfPage\":{\"@id\":\"https:\/\/www.suno.com.br\/noticias\/paulo-afonso-ferreira-presidente-cni\/\"},\"wordCount\":381,\"publisher\":{\"@id\":\"https:\/\/www.suno.com.br\/noticias\/#organization\"},\"image\":{\"@id\":\"https:\/\/www.suno.com.br\/noticias\/paulo-afonso-ferreira-presidente-cni\/#primaryimage\"},\"thumbnailUrl\":\"https:\/\/files.sunoresearch.com.br\/n\/uploads\/2019\/02\/5e3bec6f-paulo-afonso-ferreira-jpg.webp\",\"keywords\":[\"CNI\"],\"articleSection\":[\"Pol\u00edtica\"],\"inLanguage\":\"pt-BR\"},{\"@type\":\"WebPage\",\"@id\":\"https:\/\/www.suno.com.br\/noticias\/paulo-afonso-ferreira-presidente-cni\/\",\"url\":\"https:\/\/www.suno.com.br\/noticias\/paulo-afonso-ferreira-presidente-cni\/\",\"name\":\"Paulo Afonso Ferreira ser\u00e1 o presidente interino da CNI\",\"isPartOf\":{\"@id\":\"https:\/\/www.suno.com.br\/noticias\/#website\"},\"primaryImageOfPage\":{\"@id\":\"https:\/\/www.suno.com.br\/noticias\/paulo-afonso-ferreira-presidente-cni\/#primaryimage\"},\"image\":{\"@id\":\"https:\/\/www.suno.com.br\/noticias\/paulo-afonso-ferreira-presidente-cni\/#primaryimage\"},\"thumbnailUrl\":\"https:\/\/files.sunoresearch.com.br\/n\/uploads\/2019\/02\/5e3bec6f-paulo-afonso-ferreira-jpg.webp\",\"datePublished\":\"2019-02-28T18:50:28+00:00\",\"description\":\"Paulo Afonso Ferreira recebeu o voto dos 25 participantes da reuni\u00e3o da CNI; Afonso Ferreira \u00e9 engenheiro formado. Clique para saber mais.\",\"breadcrumb\":{\"@id\":\"https:\/\/www.suno.com.br\/noticias\/paulo-afonso-ferreira-presidente-cni\/#breadcrumb\"},\"inLanguage\":\"pt-BR\",\"potentialAction\":[{\"@type\":\"ReadAction\",\"target\":[\"https:\/\/www.suno.com.br\/noticias\/paulo-afonso-ferreira-presidente-cni\/\"]}]},{\"@type\":\"ImageObject\",\"inLanguage\":\"pt-BR\",\"@id\":\"https:\/\/www.suno.com.br\/noticias\/paulo-afonso-ferreira-presidente-cni\/#primaryimage\",\"url\":\"https:\/\/files.sunoresearch.com.br\/n\/uploads\/2019\/02\/5e3bec6f-paulo-afonso-ferreira-jpg.webp\",\"contentUrl\":\"https:\/\/files.sunoresearch.com.br\/n\/uploads\/2019\/02\/5e3bec6f-paulo-afonso-ferreira-jpg.webp\",\"width\":1292,\"height\":735,\"caption\":\"Paulo Afonso Ferreira ser\u00e1 o presidente interino da CNI\"},{\"@type\":\"BreadcrumbList\",\"@id\":\"https:\/\/www.suno.com.br\/noticias\/paulo-afonso-ferreira-presidente-cni\/#breadcrumb\",\"itemListElement\":[{\"@type\":\"ListItem\",\"position\":1,\"name\":\"Not\u00edcias\",\"item\":\"https:\/\/www.suno.com.br\/noticias\/\"},{\"@type\":\"ListItem\",\"position\":2,\"name\":\"Pol\u00edtica\",\"item\":\"https:\/\/www.suno.com.br\/noticias\/politica\/\"},{\"@type\":\"ListItem\",\"position\":3,\"name\":\"Paulo Afonso Ferreira ser\u00e1 o presidente interino da CNI\"}]},{\"@type\":\"WebSite\",\"@id\":\"https:\/\/www.suno.com.br\/noticias\/#website\",\"url\":\"https:\/\/www.suno.com.br\/noticias\/\",\"name\":\"Suno Not\u00edcias\",\"description\":\"Seu portal de informa\u00e7\u00e3o sobre o mundo dos investimentos\",\"publisher\":{\"@id\":\"https:\/\/www.suno.com.br\/noticias\/#organization\"},\"potentialAction\":[{\"@type\":\"SearchAction\",\"target\":{\"@type\":\"EntryPoint\",\"urlTemplate\":\"https:\/\/www.suno.com.br\/noticias\/?s={search_term_string}\"},\"query-input\":{\"@type\":\"PropertyValueSpecification\",\"valueRequired\":true,\"valueName\":\"search_term_string\"}}],\"inLanguage\":\"pt-BR\"},{\"@type\":\"Organization\",\"@id\":\"https:\/\/www.suno.com.br\/noticias\/#organization\",\"name\":\"Suno Not\u00edcias\",\"url\":\"https:\/\/www.suno.com.br\/noticias\/\",\"logo\":{\"@type\":\"ImageObject\",\"inLanguage\":\"pt-BR\",\"@id\":\"https:\/\/www.suno.com.br\/noticias\/#\/schema\/logo\/image\/\",\"url\":\"https:\/\/files.sunoresearch.com.br\/n\/uploads\/2021\/09\/suno-logo.png\",\"contentUrl\":\"https:\/\/files.sunoresearch.com.br\/n\/uploads\/2021\/09\/suno-logo.png\",\"width\":180,\"height\":180,\"caption\":\"Suno Not\u00edcias\"},\"image\":{\"@id\":\"https:\/\/www.suno.com.br\/noticias\/#\/schema\/logo\/image\/\"},\"sameAs\":[\"https:\/\/facebook.com\/sunoresearch\",\"https:\/\/x.com\/sunoresearch\",\"https:\/\/www.instagram.com\/suno\",\"https:\/\/www.linkedin.com\/company\/suno-research\/\",\"https:\/\/www.youtube.com\/c\/sunoresearch\"]},{\"@type\":\"Person\",\"@id\":\"https:\/\/www.suno.com.br\/noticias\/#\/schema\/person\/fc144a1c6108bd1dcd43784e88a3c138\",\"name\":\"Renan Bandeira\",\"image\":{\"@type\":\"ImageObject\",\"inLanguage\":\"pt-BR\",\"@id\":\"https:\/\/www.suno.com.br\/noticias\/#\/schema\/person\/image\/\",\"url\":\"https:\/\/secure.gravatar.com\/avatar\/68359cdb608f14f11bbefcb78f3fc747?s=96&r=g\",\"contentUrl\":\"https:\/\/secure.gravatar.com\/avatar\/68359cdb608f14f11bbefcb78f3fc747?s=96&r=g\",\"caption\":\"Renan Bandeira\"},\"description\":\"Renan Bandeira escreve sobre pol\u00edtica e economia para o portal da Suno Research. Antes da Suno, trabalhou em uma rede de televis\u00e3o, onde fazia reportagens sobre os mesmos temas. Estuda na Universidade Metodista de S\u00e3o Paulo.\",\"url\":\"https:\/\/www.suno.com.br\/noticias\/author\/renan-bandeira\/\"}]}<\/script>\n<!-- \/ Yoast SEO plugin. -->","yoast_head_json":{"title":"Paulo Afonso Ferreira ser\u00e1 o presidente interino da CNI","description":"Paulo Afonso Ferreira recebeu o voto dos 25 participantes da reuni\u00e3o da CNI; Afonso Ferreira \u00e9 engenheiro formado. Clique para saber mais.","robots":{"index":"index","follow":"follow","max-snippet":"max-snippet:-1","max-image-preview":"max-image-preview:large","max-video-preview":"max-video-preview:-1"},"canonical":"https:\/\/www.suno.com.br\/noticias\/paulo-afonso-ferreira-presidente-cni\/","og_locale":"pt_BR","og_type":"article","og_title":"Paulo Afonso Ferreira ser\u00e1 o presidente interino da CNI","og_description":"Paulo Afonso Ferreira recebeu o voto dos 25 participantes da reuni\u00e3o da CNI; Afonso Ferreira \u00e9 engenheiro formado. Clique para saber mais.","og_url":"https:\/\/www.suno.com.br\/noticias\/paulo-afonso-ferreira-presidente-cni\/","og_site_name":"Suno Not\u00edcias","article_publisher":"https:\/\/facebook.com\/sunoresearch","og_image":[{"width":1292,"height":735,"url":"https:\/\/files.sunoresearch.com.br\/n\/uploads\/2019\/02\/5e3bec6f-paulo-afonso-ferreira.jpg","type":"image\/jpeg"}],"author":"Renan Bandeira","twitter_card":"summary_large_image","twitter_creator":"@sunoresearch","twitter_site":"@sunoresearch","twitter_misc":{"Escrito por":"Renan Bandeira","Est. tempo de leitura":"2 minutos"},"schema":{"@context":"https:\/\/schema.org","@graph":[{"@type":"NewsArticle","@id":"https:\/\/www.suno.com.br\/noticias\/paulo-afonso-ferreira-presidente-cni\/#article","isPartOf":{"@id":"https:\/\/www.suno.com.br\/noticias\/paulo-afonso-ferreira-presidente-cni\/"},"author":{"name":"Renan Bandeira","@id":"https:\/\/www.suno.com.br\/noticias\/#\/schema\/person\/fc144a1c6108bd1dcd43784e88a3c138"},"headline":"Paulo Afonso Ferreira ser\u00e1 o presidente interino da CNI","datePublished":"2019-02-28T18:50:28+00:00","mainEntityOfPage":{"@id":"https:\/\/www.suno.com.br\/noticias\/paulo-afonso-ferreira-presidente-cni\/"},"wordCount":381,"publisher":{"@id":"https:\/\/www.suno.com.br\/noticias\/#organization"},"image":{"@id":"https:\/\/www.suno.com.br\/noticias\/paulo-afonso-ferreira-presidente-cni\/#primaryimage"},"thumbnailUrl":"https:\/\/files.sunoresearch.com.br\/n\/uploads\/2019\/02\/5e3bec6f-paulo-afonso-ferreira-jpg.webp","keywords":["CNI"],"articleSection":["Pol\u00edtica"],"inLanguage":"pt-BR"},{"@type":"WebPage","@id":"https:\/\/www.suno.com.br\/noticias\/paulo-afonso-ferreira-presidente-cni\/","url":"https:\/\/www.suno.com.br\/noticias\/paulo-afonso-ferreira-presidente-cni\/","name":"Paulo Afonso Ferreira ser\u00e1 o presidente interino da CNI","isPartOf":{"@id":"https:\/\/www.suno.com.br\/noticias\/#website"},"primaryImageOfPage":{"@id":"https:\/\/www.suno.com.br\/noticias\/paulo-afonso-ferreira-presidente-cni\/#primaryimage"},"image":{"@id":"https:\/\/www.suno.com.br\/noticias\/paulo-afonso-ferreira-presidente-cni\/#primaryimage"},"thumbnailUrl":"https:\/\/files.sunoresearch.com.br\/n\/uploads\/2019\/02\/5e3bec6f-paulo-afonso-ferreira-jpg.webp","datePublished":"2019-02-28T18:50:28+00:00","description":"Paulo Afonso Ferreira recebeu o voto dos 25 participantes da reuni\u00e3o da CNI; Afonso Ferreira \u00e9 engenheiro formado. Clique para saber mais.","breadcrumb":{"@id":"https:\/\/www.suno.com.br\/noticias\/paulo-afonso-ferreira-presidente-cni\/#breadcrumb"},"inLanguage":"pt-BR","potentialAction":[{"@type":"ReadAction","target":["https:\/\/www.suno.com.br\/noticias\/paulo-afonso-ferreira-presidente-cni\/"]}]},{"@type":"ImageObject","inLanguage":"pt-BR","@id":"https:\/\/www.suno.com.br\/noticias\/paulo-afonso-ferreira-presidente-cni\/#primaryimage","url":"https:\/\/files.sunoresearch.com.br\/n\/uploads\/2019\/02\/5e3bec6f-paulo-afonso-ferreira-jpg.webp","contentUrl":"https:\/\/files.sunoresearch.com.br\/n\/uploads\/2019\/02\/5e3bec6f-paulo-afonso-ferreira-jpg.webp","width":1292,"height":735,"caption":"Paulo Afonso Ferreira ser\u00e1 o presidente interino da CNI"},{"@type":"BreadcrumbList","@id":"https:\/\/www.suno.com.br\/noticias\/paulo-afonso-ferreira-presidente-cni\/#breadcrumb","itemListElement":[{"@type":"ListItem","position":1,"name":"Not\u00edcias","item":"https:\/\/www.suno.com.br\/noticias\/"},{"@type":"ListItem","position":2,"name":"Pol\u00edtica","item":"https:\/\/www.suno.com.br\/noticias\/politica\/"},{"@type":"ListItem","position":3,"name":"Paulo Afonso Ferreira ser\u00e1 o presidente interino da CNI"}]},{"@type":"WebSite","@id":"https:\/\/www.suno.com.br\/noticias\/#website","url":"https:\/\/www.suno.com.br\/noticias\/","name":"Suno Not\u00edcias","description":"Seu portal de informa\u00e7\u00e3o sobre o mundo dos investimentos","publisher":{"@id":"https:\/\/www.suno.com.br\/noticias\/#organization"},"potentialAction":[{"@type":"SearchAction","target":{"@type":"EntryPoint","urlTemplate":"https:\/\/www.suno.com.br\/noticias\/?s={search_term_string}"},"query-input":{"@type":"PropertyValueSpecification","valueRequired":true,"valueName":"search_term_string"}}],"inLanguage":"pt-BR"},{"@type":"Organization","@id":"https:\/\/www.suno.com.br\/noticias\/#organization","name":"Suno Not\u00edcias","url":"https:\/\/www.suno.com.br\/noticias\/","logo":{"@type":"ImageObject","inLanguage":"pt-BR","@id":"https:\/\/www.suno.com.br\/noticias\/#\/schema\/logo\/image\/","url":"https:\/\/files.sunoresearch.com.br\/n\/uploads\/2021\/09\/suno-logo.png","contentUrl":"https:\/\/files.sunoresearch.com.br\/n\/uploads\/2021\/09\/suno-logo.png","width":180,"height":180,"caption":"Suno Not\u00edcias"},"image":{"@id":"https:\/\/www.suno.com.br\/noticias\/#\/schema\/logo\/image\/"},"sameAs":["https:\/\/facebook.com\/sunoresearch","https:\/\/x.com\/sunoresearch","https:\/\/www.instagram.com\/suno","https:\/\/www.linkedin.com\/company\/suno-research\/","https:\/\/www.youtube.com\/c\/sunoresearch"]},{"@type":"Person","@id":"https:\/\/www.suno.com.br\/noticias\/#\/schema\/person\/fc144a1c6108bd1dcd43784e88a3c138","name":"Renan Bandeira","image":{"@type":"ImageObject","inLanguage":"pt-BR","@id":"https:\/\/www.suno.com.br\/noticias\/#\/schema\/person\/image\/","url":"https:\/\/secure.gravatar.com\/avatar\/68359cdb608f14f11bbefcb78f3fc747?s=96&r=g","contentUrl":"https:\/\/secure.gravatar.com\/avatar\/68359cdb608f14f11bbefcb78f3fc747?s=96&r=g","caption":"Renan Bandeira"},"description":"Renan Bandeira escreve sobre pol\u00edtica e economia para o portal da Suno Research. Antes da Suno, trabalhou em uma rede de televis\u00e3o, onde fazia reportagens sobre os mesmos temas. Estuda na Universidade Metodista de S\u00e3o Paulo.","url":"https:\/\/www.suno.com.br\/noticias\/author\/renan-bandeira\/"}]}},"default_loop_html":"<div class=\"cardsPage__listCard__boxs\"><div class=\"cardsPage__listCard__boxs__img\"><a href=\"https:\/\/www.suno.com.br\/noticias\/paulo-afonso-ferreira-presidente-cni\/\"><img class=\"mask\" src=\"https:\/\/www.suno.com.br\/noticias\/wp-content\/themes\/suno\/resources\/images\/spotlight\/spotlight1img\/bg-mask.png\" alt=\"Image Mask\"\/><img src=\"https:\/\/files.sunoresearch.com.br\/n\/uploads\/2019\/02\/5e3bec6f-paulo-afonso-ferreira-400x200.webp\" alt=\"Paulo Afonso Ferreira ser\u00e1 o presidente interino da CNI\"\/><\/a><span class=\"spotlightCategory\"><a href=\"https:\/\/www.suno.com.br\/noticias\/politica\/\">Pol\u00edtica<\/a><\/span><\/div><div class=\"cardsPage__listCard__boxs__content\"><a href=\"https:\/\/www.suno.com.br\/noticias\/paulo-afonso-ferreira-presidente-cni\/\"><h2 class=\"content__title\">Paulo Afonso Ferreira ser\u00e1 o presidente interino da CNI<\/h2><\/a><div class=\"newsContent__article__meta\"><div class=\"newsContent__article__meta__authorBox\"><a href=\"https:\/\/www.suno.com.br\/noticias\/author\/renan-bandeira\/\" class=\"authorBox__avatar noMobi\"><img src=\"https:\/\/secure.gravatar.com\/avatar\/68359cdb608f14f11bbefcb78f3fc747?s=96&#038;r=g\" alt=\"Renan Bandeira\"><\/a><div class=\"authorBox__name\"><span>por\n\t\t\t<a href=\"https:\/\/www.suno.com.br\/noticias\/author\/renan-bandeira\/\"><span itemprop=\"author\">Renan Bandeira<\/span><\/a><\/span><time datetime=\"2019-02-28T15:50:28-03:00\" itemprop=\"datePublished\">28\/02\/2019 15:50<\/time><\/div><\/div><\/div><\/div><\/div>","single_layout":"posts","amp_enabled":true,"_links":{"self":[{"href":"https:\/\/www.suno.com.br\/noticias\/wp-json\/wp\/v2\/posts\/16917"}],"collection":[{"href":"https:\/\/www.suno.com.br\/noticias\/wp-json\/wp\/v2\/posts"}],"about":[{"href":"https:\/\/www.suno.com.br\/noticias\/wp-json\/wp\/v2\/types\/post"}],"author":[{"embeddable":true,"href":"https:\/\/www.suno.com.br\/noticias\/wp-json\/wp\/v2\/users\/11"}],"replies":[{"embeddable":true,"href":"https:\/\/www.suno.com.br\/noticias\/wp-json\/wp\/v2\/comments?post=16917"}],"version-history":[{"count":0,"href":"https:\/\/www.suno.com.br\/noticias\/wp-json\/wp\/v2\/posts\/16917\/revisions"}],"wp:featuredmedia":[{"embeddable":true,"href":"https:\/\/www.suno.com.br\/noticias\/wp-json\/wp\/v2\/media\/16926"}],"wp:attachment":[{"href":"https:\/\/www.suno.com.br\/noticias\/wp-json\/wp\/v2\/media?parent=16917"}],"wp:term":[{"taxonomy":"category","embeddable":true,"href":"https:\/\/www.suno.com.br\/noticias\/wp-json\/wp\/v2\/categories?post=16917"},{"taxonomy":"post_tag","embeddable":true,"href":"https:\/\/www.suno.com.br\/noticias\/wp-json\/wp\/v2\/tags?post=16917"},{"taxonomy":"suno_strategy","embeddable":true,"href":"https:\/\/www.suno.com.br\/noticias\/wp-json\/wp\/v2\/suno_strategy?post=16917"}],"curies":[{"name":"wp","href":"https:\/\/api.w.org\/{rel}","templated":true}]}}