{"id":16913,"date":"2019-02-28T15:08:48","date_gmt":"2019-02-28T18:08:48","guid":{"rendered":"https:\/\/www.suno.com.br\/noticias\/?p=16913"},"modified":"2019-02-28T15:08:48","modified_gmt":"2019-02-28T18:08:48","slug":"setor-publico-superavit-primario-janeiro","status":"publish","type":"post","link":"https:\/\/www.suno.com.br\/noticias\/setor-publico-superavit-primario-janeiro\/","title":{"rendered":"Setor p\u00fablico registra super\u00e1vit prim\u00e1rio de R$ 46,9 bi em janeiro"},"content":{"rendered":"<p>As contas do setor p\u00fablico consolidado tiveram um super\u00e1vit prim\u00e1rio de R$ 46,897 bilh\u00f5es em janeiro. As contas englobam <a href=\"http:\/\/www.brasil.gov.br\/\">governo federal<\/a>, estados, munic\u00edpios e empresas estatais. Os dados foram divulgados nesta quinta (28) pelo Banco Central.<\/p>\t<div class=\"wrapper-featured-image\">\n\t\t<figure class=\"spotlightImg\">\n\n\t\t\t<picture>\n\t\t\t\t<source media=\"(max-width: 768px)\" srcset=\"https:\/\/files.sunoresearch.com.br\/n\/uploads\/2019\/01\/1c090212-contas-p\u00fablicas-400x200.webp\">\n\t\t\t\t<img loading=\"lazy\" decoding=\"async\" class=\"newsContent__article__imgCapa lazyloadDisabled newsContent__article__imgCapa--noCaption\" src=\"https:\/\/files.sunoresearch.com.br\/n\/uploads\/2019\/01\/1c090212-contas-p\u00fablicas-jpg.webp\" width=\"800\" height=\"450\" alt=\"Setor p\u00fablico registra super\u00e1vit prim\u00e1rio de R$ 46,9 bi em janeiro\" fetchpriority=high \/>\n\t\t\t<\/picture>\n\n\t\t\t<figcaption class=\"wp-caption-text wp-caption-text--hide\">Tesouro Direto<\/figcaption>\n\t\t<\/figure>\n\t<\/div>\n\n\n<p><strong>Super\u00e1vit<\/strong> \u00e9 o recurso atrav\u00e9s do qual o governo consegue economizar para poder pagar os juros da <strong>d\u00edvida p\u00fablica.<\/strong> O Estado consegue <strong>arrecadar<\/strong> por meio de <strong>diferentes fontes,<\/strong> como <strong>impostos, tributos, taxas, contribui\u00e7\u00f5es sociais, dividendos<\/strong> de empresas p\u00fablicas, entre outros. Se essas <strong>receitas<\/strong> forem maiores do que as <strong>despesas,<\/strong> tirando os gastos com pagamento dos juros da d\u00edvida, o governo tem <a href=\"https:\/\/www.suno.com.br\/artigos\/superavit-primario\/\"><strong>resultado positivo<\/strong><\/a> no or\u00e7amento, ou seja, <strong>super\u00e1vit prim\u00e1rio.<\/strong><\/p>\n<p><a href=\"https:\/\/www.suno.com.br\/noticias\/ibge-pib-do-brasil-cresce-2018\/\">Saiba mais: IBGE: PIB do Brasil cresce 1,1% em 2018<\/a><\/p>\n<p>O <strong>resultado<\/strong> \u00e9 o segundo melhor para o m\u00eas de <strong>janeiro<\/strong> dos \u00faltimos sete anos, perdendo apenas para o <strong>super\u00e1vit prim\u00e1rio<\/strong> alcan\u00e7ado em 2018, de R$ 46,94 bilh\u00f5es. A <strong>arrecada\u00e7\u00e3o<\/strong> daquele m\u00eas contou com recebimentos extras do <strong>Refis<\/strong> (programa de parcelamento do governo), diferentemente do ocorrido no m\u00eas passado.<\/p>\n<ul>\n<li><strong>2013:<\/strong> R$ 30,251 bilh\u00f5es<\/li>\n<li><strong>2014:<\/strong> R$ 19,921 bilh\u00f5es<\/li>\n<li><strong>2015:<\/strong> R$ 21,062 bilh\u00f5es<\/li>\n<li><strong>2016:<\/strong> R$ 27,912 bilh\u00f5es<\/li>\n<li><strong>2017:<\/strong> R$ 36,712 bilh\u00f5es<\/li>\n<li><strong>2018:<\/strong> R$ 46,940 bilh\u00f5es<\/li>\n<li><strong>2019:<\/strong> R$ 46, 897 bilh\u00f5es<\/li>\n<\/ul>\n<p><a href=\"https:\/\/www.suno.com.br\/noticias\/governo-estados-ajuste-fiscal\/\">Saiba mais: Governo planeja programa para ajudar estados no ajuste fiscal<\/a><\/p>\n<p>Dentro desse montante, o <strong>governo federal<\/strong> foi respons\u00e1vel por um <strong>super\u00e1vit<\/strong> prim\u00e1rio de R$ 35,607 bilh\u00f5es. Os estados contribu\u00edram com R$ 10,783 bilh\u00f5es. As empresas estatais, por sua vez, tiveram resultado positivo de R$ 507 milh\u00f5es.<\/p>\n<p>As contas de janeiro de 2019 s\u00e3o bem diferentes das do restante do ano. Em 2018, o Brasil teve um <strong>d\u00e9ficit prim\u00e1rio<\/strong> de R$ 108 bilh\u00f5es (cerca de 1,57% do <strong>Produto Interno Bruto<\/strong>). H\u00e1 cinco anos o Pa\u00eds registra um <strong>rombo fiscal<\/strong> em suas contas.<\/p>\n<p><a href=\"https:\/\/www.suno.com.br\/noticias\/volume-credito-bancario-recua\/\">Saiba mais: Volume total do cr\u00e9dito banc\u00e1rio recua 0,9% em janeiro, diz BC<\/a><\/p>\n<p>O secret\u00e1rio do <strong>Tesouro Nacional, Mansueto Almeida,<\/strong> afirmou ser normal que os meses de janeiro sejam destacados pelo <strong>super\u00e1vit,<\/strong> mesmo que o acumulado do ano registre <strong>resultados negativos.<\/strong> O motivo \u00e9 a <strong>concentra\u00e7\u00e3o de receitas<\/strong> (pagamento de tributos pelas empresas) e a <strong>n\u00e3o transfer\u00eancia aos estados e munic\u00edpios<\/strong>.<\/p>\n<p>O <strong>or\u00e7amento<\/strong> aprovado pelo <strong>Congresso<\/strong> para 2019 permite ao setor p\u00fablico registrar um <strong>d\u00e9ficit prim\u00e1rio<\/strong> de at\u00e9 R$ 132 bilh\u00f5es. Essa conta tamb\u00e9m n\u00e3o inclui os gastos com pagamento de juros da d\u00edvida.<\/p>\n","protected":false},"excerpt":{"rendered":"<p>As contas do setor p\u00fablico consolidado tiveram um super\u00e1vit prim\u00e1rio de R$ 46,897 bilh\u00f5es em janeiro. As contas englobam governo federal, estados, munic\u00edpios e empresas estatais. Os dados foram divulgados nesta quinta (28) pelo Banco Central. Tesouro Direto Super\u00e1vit \u00e9 o recurso atrav\u00e9s do qual o governo consegue economizar para poder pagar os juros da [&hellip;]<\/p>\n","protected":false},"author":13,"featured_media":13714,"comment_status":"closed","ping_status":"closed","sticky":false,"template":"","format":"standard","meta":[],"categories":[62],"tags":[740,1128],"suno_strategy":[],"class_list":["post-16913","post","type-post","status-publish","format-standard","has-post-thumbnail","hentry","category-economia","tag-economia","tag-orcamento-publico"],"yoast_head":"<!-- This site is optimized with the Yoast SEO plugin v24.4 - https:\/\/yoast.com\/wordpress\/plugins\/seo\/ -->\n<title>Setor p\u00fablico registra super\u00e1vit prim\u00e1rio de R$ 46,9 bi em janeiro<\/title>\n<meta name=\"description\" content=\"As contas do setor p\u00fablico consolidado tiveram um super\u00e1vit prim\u00e1rio de R$ 46,897 bilh\u00f5es em janeiro. Clique para saber mais.\" \/>\n<meta name=\"robots\" content=\"index, follow, max-snippet:-1, max-image-preview:large, max-video-preview:-1\" \/>\n<link rel=\"canonical\" href=\"https:\/\/www.suno.com.br\/noticias\/setor-publico-superavit-primario-janeiro\/\" \/>\n<meta property=\"og:locale\" content=\"pt_BR\" \/>\n<meta property=\"og:type\" content=\"article\" \/>\n<meta property=\"og:title\" content=\"Setor p\u00fablico registra super\u00e1vit prim\u00e1rio de R$ 46,9 bi em janeiro\" \/>\n<meta property=\"og:description\" content=\"As contas do setor p\u00fablico consolidado tiveram um super\u00e1vit prim\u00e1rio de R$ 46,897 bilh\u00f5es em janeiro. Clique para saber mais.\" \/>\n<meta property=\"og:url\" content=\"https:\/\/www.suno.com.br\/noticias\/setor-publico-superavit-primario-janeiro\/\" \/>\n<meta property=\"og:site_name\" content=\"Suno Not\u00edcias\" \/>\n<meta property=\"article:publisher\" content=\"https:\/\/facebook.com\/sunoresearch\" \/>\n<meta property=\"og:image\" content=\"https:\/\/files.sunoresearch.com.br\/n\/uploads\/2019\/01\/1c090212-contas-p\u00fablicas.jpg\" \/>\n\t<meta property=\"og:image:width\" content=\"1100\" \/>\n\t<meta property=\"og:image:height\" content=\"370\" \/>\n\t<meta property=\"og:image:type\" content=\"image\/jpeg\" \/>\n<meta name=\"author\" content=\"Guilherme Caetano\" \/>\n<meta name=\"twitter:card\" content=\"summary_large_image\" \/>\n<meta name=\"twitter:creator\" content=\"@sunoresearch\" \/>\n<meta name=\"twitter:site\" content=\"@sunoresearch\" \/>\n<meta name=\"twitter:label1\" content=\"Escrito por\" \/>\n\t<meta name=\"twitter:data1\" content=\"Guilherme Caetano\" \/>\n\t<meta name=\"twitter:label2\" content=\"Est. tempo de leitura\" \/>\n\t<meta name=\"twitter:data2\" content=\"2 minutos\" \/>\n<script type=\"application\/ld+json\" class=\"yoast-schema-graph\">{\"@context\":\"https:\/\/schema.org\",\"@graph\":[{\"@type\":\"NewsArticle\",\"@id\":\"https:\/\/www.suno.com.br\/noticias\/setor-publico-superavit-primario-janeiro\/#article\",\"isPartOf\":{\"@id\":\"https:\/\/www.suno.com.br\/noticias\/setor-publico-superavit-primario-janeiro\/\"},\"author\":{\"name\":\"Guilherme Caetano\",\"@id\":\"https:\/\/www.suno.com.br\/noticias\/#\/schema\/person\/0d0c9687cd2f600c564f25980c140de9\"},\"headline\":\"Setor p\u00fablico registra super\u00e1vit prim\u00e1rio de R$ 46,9 bi em janeiro\",\"datePublished\":\"2019-02-28T18:08:48+00:00\",\"mainEntityOfPage\":{\"@id\":\"https:\/\/www.suno.com.br\/noticias\/setor-publico-superavit-primario-janeiro\/\"},\"wordCount\":416,\"publisher\":{\"@id\":\"https:\/\/www.suno.com.br\/noticias\/#organization\"},\"image\":{\"@id\":\"https:\/\/www.suno.com.br\/noticias\/setor-publico-superavit-primario-janeiro\/#primaryimage\"},\"thumbnailUrl\":\"https:\/\/files.sunoresearch.com.br\/n\/uploads\/2019\/01\/1c090212-contas-p\u00fablicas-jpg.webp\",\"keywords\":[\"Economia\",\"Or\u00e7amento P\u00fablico\"],\"articleSection\":[\"Economia\"],\"inLanguage\":\"pt-BR\"},{\"@type\":\"WebPage\",\"@id\":\"https:\/\/www.suno.com.br\/noticias\/setor-publico-superavit-primario-janeiro\/\",\"url\":\"https:\/\/www.suno.com.br\/noticias\/setor-publico-superavit-primario-janeiro\/\",\"name\":\"Setor p\u00fablico registra super\u00e1vit prim\u00e1rio de R$ 46,9 bi em janeiro\",\"isPartOf\":{\"@id\":\"https:\/\/www.suno.com.br\/noticias\/#website\"},\"primaryImageOfPage\":{\"@id\":\"https:\/\/www.suno.com.br\/noticias\/setor-publico-superavit-primario-janeiro\/#primaryimage\"},\"image\":{\"@id\":\"https:\/\/www.suno.com.br\/noticias\/setor-publico-superavit-primario-janeiro\/#primaryimage\"},\"thumbnailUrl\":\"https:\/\/files.sunoresearch.com.br\/n\/uploads\/2019\/01\/1c090212-contas-p\u00fablicas-jpg.webp\",\"datePublished\":\"2019-02-28T18:08:48+00:00\",\"description\":\"As contas do setor p\u00fablico consolidado tiveram um super\u00e1vit prim\u00e1rio de R$ 46,897 bilh\u00f5es em janeiro. Clique para saber mais.\",\"breadcrumb\":{\"@id\":\"https:\/\/www.suno.com.br\/noticias\/setor-publico-superavit-primario-janeiro\/#breadcrumb\"},\"inLanguage\":\"pt-BR\",\"potentialAction\":[{\"@type\":\"ReadAction\",\"target\":[\"https:\/\/www.suno.com.br\/noticias\/setor-publico-superavit-primario-janeiro\/\"]}]},{\"@type\":\"ImageObject\",\"inLanguage\":\"pt-BR\",\"@id\":\"https:\/\/www.suno.com.br\/noticias\/setor-publico-superavit-primario-janeiro\/#primaryimage\",\"url\":\"https:\/\/files.sunoresearch.com.br\/n\/uploads\/2019\/01\/1c090212-contas-p\u00fablicas-jpg.webp\",\"contentUrl\":\"https:\/\/files.sunoresearch.com.br\/n\/uploads\/2019\/01\/1c090212-contas-p\u00fablicas-jpg.webp\",\"width\":1100,\"height\":370,\"caption\":\"Tesouro Direto\"},{\"@type\":\"BreadcrumbList\",\"@id\":\"https:\/\/www.suno.com.br\/noticias\/setor-publico-superavit-primario-janeiro\/#breadcrumb\",\"itemListElement\":[{\"@type\":\"ListItem\",\"position\":1,\"name\":\"Not\u00edcias\",\"item\":\"https:\/\/www.suno.com.br\/noticias\/\"},{\"@type\":\"ListItem\",\"position\":2,\"name\":\"Economia\",\"item\":\"https:\/\/www.suno.com.br\/noticias\/economia\/\"},{\"@type\":\"ListItem\",\"position\":3,\"name\":\"Setor p\u00fablico registra super\u00e1vit prim\u00e1rio de R$ 46,9 bi em janeiro\"}]},{\"@type\":\"WebSite\",\"@id\":\"https:\/\/www.suno.com.br\/noticias\/#website\",\"url\":\"https:\/\/www.suno.com.br\/noticias\/\",\"name\":\"Suno Not\u00edcias\",\"description\":\"Seu portal de informa\u00e7\u00e3o sobre o mundo dos investimentos\",\"publisher\":{\"@id\":\"https:\/\/www.suno.com.br\/noticias\/#organization\"},\"potentialAction\":[{\"@type\":\"SearchAction\",\"target\":{\"@type\":\"EntryPoint\",\"urlTemplate\":\"https:\/\/www.suno.com.br\/noticias\/?s={search_term_string}\"},\"query-input\":{\"@type\":\"PropertyValueSpecification\",\"valueRequired\":true,\"valueName\":\"search_term_string\"}}],\"inLanguage\":\"pt-BR\"},{\"@type\":\"Organization\",\"@id\":\"https:\/\/www.suno.com.br\/noticias\/#organization\",\"name\":\"Suno Not\u00edcias\",\"url\":\"https:\/\/www.suno.com.br\/noticias\/\",\"logo\":{\"@type\":\"ImageObject\",\"inLanguage\":\"pt-BR\",\"@id\":\"https:\/\/www.suno.com.br\/noticias\/#\/schema\/logo\/image\/\",\"url\":\"https:\/\/files.sunoresearch.com.br\/n\/uploads\/2021\/09\/suno-logo.png\",\"contentUrl\":\"https:\/\/files.sunoresearch.com.br\/n\/uploads\/2021\/09\/suno-logo.png\",\"width\":180,\"height\":180,\"caption\":\"Suno Not\u00edcias\"},\"image\":{\"@id\":\"https:\/\/www.suno.com.br\/noticias\/#\/schema\/logo\/image\/\"},\"sameAs\":[\"https:\/\/facebook.com\/sunoresearch\",\"https:\/\/x.com\/sunoresearch\",\"https:\/\/www.instagram.com\/suno\",\"https:\/\/www.linkedin.com\/company\/suno-research\/\",\"https:\/\/www.youtube.com\/c\/sunoresearch\"]},{\"@type\":\"Person\",\"@id\":\"https:\/\/www.suno.com.br\/noticias\/#\/schema\/person\/0d0c9687cd2f600c564f25980c140de9\",\"name\":\"Guilherme Caetano\",\"image\":{\"@type\":\"ImageObject\",\"inLanguage\":\"pt-BR\",\"@id\":\"https:\/\/www.suno.com.br\/noticias\/#\/schema\/person\/image\/\",\"url\":\"https:\/\/secure.gravatar.com\/avatar\/e48357351a01702a0d19307070e081bf?s=96&r=g\",\"contentUrl\":\"https:\/\/secure.gravatar.com\/avatar\/e48357351a01702a0d19307070e081bf?s=96&r=g\",\"caption\":\"Guilherme Caetano\"},\"description\":\"Formado em jornalismo pela Escola de Comunica\u00e7\u00f5es e Artes da USP, Guilherme Caetano escreve para o portal de not\u00edcias da Suno Research. Passou pelas reda\u00e7\u00f5es da Folha de S.Paulo e da revista \u00c9poca.\",\"url\":\"https:\/\/www.suno.com.br\/noticias\/author\/guilherme-caetano\/\"}]}<\/script>\n<!-- \/ Yoast SEO plugin. -->","yoast_head_json":{"title":"Setor p\u00fablico registra super\u00e1vit prim\u00e1rio de R$ 46,9 bi em janeiro","description":"As contas do setor p\u00fablico consolidado tiveram um super\u00e1vit prim\u00e1rio de R$ 46,897 bilh\u00f5es em janeiro. Clique para saber mais.","robots":{"index":"index","follow":"follow","max-snippet":"max-snippet:-1","max-image-preview":"max-image-preview:large","max-video-preview":"max-video-preview:-1"},"canonical":"https:\/\/www.suno.com.br\/noticias\/setor-publico-superavit-primario-janeiro\/","og_locale":"pt_BR","og_type":"article","og_title":"Setor p\u00fablico registra super\u00e1vit prim\u00e1rio de R$ 46,9 bi em janeiro","og_description":"As contas do setor p\u00fablico consolidado tiveram um super\u00e1vit prim\u00e1rio de R$ 46,897 bilh\u00f5es em janeiro. Clique para saber mais.","og_url":"https:\/\/www.suno.com.br\/noticias\/setor-publico-superavit-primario-janeiro\/","og_site_name":"Suno Not\u00edcias","article_publisher":"https:\/\/facebook.com\/sunoresearch","og_image":[{"width":1100,"height":370,"url":"https:\/\/files.sunoresearch.com.br\/n\/uploads\/2019\/01\/1c090212-contas-p\u00fablicas.jpg","type":"image\/jpeg"}],"author":"Guilherme Caetano","twitter_card":"summary_large_image","twitter_creator":"@sunoresearch","twitter_site":"@sunoresearch","twitter_misc":{"Escrito por":"Guilherme Caetano","Est. tempo de leitura":"2 minutos"},"schema":{"@context":"https:\/\/schema.org","@graph":[{"@type":"NewsArticle","@id":"https:\/\/www.suno.com.br\/noticias\/setor-publico-superavit-primario-janeiro\/#article","isPartOf":{"@id":"https:\/\/www.suno.com.br\/noticias\/setor-publico-superavit-primario-janeiro\/"},"author":{"name":"Guilherme Caetano","@id":"https:\/\/www.suno.com.br\/noticias\/#\/schema\/person\/0d0c9687cd2f600c564f25980c140de9"},"headline":"Setor p\u00fablico registra super\u00e1vit prim\u00e1rio de R$ 46,9 bi em janeiro","datePublished":"2019-02-28T18:08:48+00:00","mainEntityOfPage":{"@id":"https:\/\/www.suno.com.br\/noticias\/setor-publico-superavit-primario-janeiro\/"},"wordCount":416,"publisher":{"@id":"https:\/\/www.suno.com.br\/noticias\/#organization"},"image":{"@id":"https:\/\/www.suno.com.br\/noticias\/setor-publico-superavit-primario-janeiro\/#primaryimage"},"thumbnailUrl":"https:\/\/files.sunoresearch.com.br\/n\/uploads\/2019\/01\/1c090212-contas-p\u00fablicas-jpg.webp","keywords":["Economia","Or\u00e7amento P\u00fablico"],"articleSection":["Economia"],"inLanguage":"pt-BR"},{"@type":"WebPage","@id":"https:\/\/www.suno.com.br\/noticias\/setor-publico-superavit-primario-janeiro\/","url":"https:\/\/www.suno.com.br\/noticias\/setor-publico-superavit-primario-janeiro\/","name":"Setor p\u00fablico registra super\u00e1vit prim\u00e1rio de R$ 46,9 bi em janeiro","isPartOf":{"@id":"https:\/\/www.suno.com.br\/noticias\/#website"},"primaryImageOfPage":{"@id":"https:\/\/www.suno.com.br\/noticias\/setor-publico-superavit-primario-janeiro\/#primaryimage"},"image":{"@id":"https:\/\/www.suno.com.br\/noticias\/setor-publico-superavit-primario-janeiro\/#primaryimage"},"thumbnailUrl":"https:\/\/files.sunoresearch.com.br\/n\/uploads\/2019\/01\/1c090212-contas-p\u00fablicas-jpg.webp","datePublished":"2019-02-28T18:08:48+00:00","description":"As contas do setor p\u00fablico consolidado tiveram um super\u00e1vit prim\u00e1rio de R$ 46,897 bilh\u00f5es em janeiro. Clique para saber mais.","breadcrumb":{"@id":"https:\/\/www.suno.com.br\/noticias\/setor-publico-superavit-primario-janeiro\/#breadcrumb"},"inLanguage":"pt-BR","potentialAction":[{"@type":"ReadAction","target":["https:\/\/www.suno.com.br\/noticias\/setor-publico-superavit-primario-janeiro\/"]}]},{"@type":"ImageObject","inLanguage":"pt-BR","@id":"https:\/\/www.suno.com.br\/noticias\/setor-publico-superavit-primario-janeiro\/#primaryimage","url":"https:\/\/files.sunoresearch.com.br\/n\/uploads\/2019\/01\/1c090212-contas-p\u00fablicas-jpg.webp","contentUrl":"https:\/\/files.sunoresearch.com.br\/n\/uploads\/2019\/01\/1c090212-contas-p\u00fablicas-jpg.webp","width":1100,"height":370,"caption":"Tesouro Direto"},{"@type":"BreadcrumbList","@id":"https:\/\/www.suno.com.br\/noticias\/setor-publico-superavit-primario-janeiro\/#breadcrumb","itemListElement":[{"@type":"ListItem","position":1,"name":"Not\u00edcias","item":"https:\/\/www.suno.com.br\/noticias\/"},{"@type":"ListItem","position":2,"name":"Economia","item":"https:\/\/www.suno.com.br\/noticias\/economia\/"},{"@type":"ListItem","position":3,"name":"Setor p\u00fablico registra super\u00e1vit prim\u00e1rio de R$ 46,9 bi em janeiro"}]},{"@type":"WebSite","@id":"https:\/\/www.suno.com.br\/noticias\/#website","url":"https:\/\/www.suno.com.br\/noticias\/","name":"Suno Not\u00edcias","description":"Seu portal de informa\u00e7\u00e3o sobre o mundo dos investimentos","publisher":{"@id":"https:\/\/www.suno.com.br\/noticias\/#organization"},"potentialAction":[{"@type":"SearchAction","target":{"@type":"EntryPoint","urlTemplate":"https:\/\/www.suno.com.br\/noticias\/?s={search_term_string}"},"query-input":{"@type":"PropertyValueSpecification","valueRequired":true,"valueName":"search_term_string"}}],"inLanguage":"pt-BR"},{"@type":"Organization","@id":"https:\/\/www.suno.com.br\/noticias\/#organization","name":"Suno Not\u00edcias","url":"https:\/\/www.suno.com.br\/noticias\/","logo":{"@type":"ImageObject","inLanguage":"pt-BR","@id":"https:\/\/www.suno.com.br\/noticias\/#\/schema\/logo\/image\/","url":"https:\/\/files.sunoresearch.com.br\/n\/uploads\/2021\/09\/suno-logo.png","contentUrl":"https:\/\/files.sunoresearch.com.br\/n\/uploads\/2021\/09\/suno-logo.png","width":180,"height":180,"caption":"Suno Not\u00edcias"},"image":{"@id":"https:\/\/www.suno.com.br\/noticias\/#\/schema\/logo\/image\/"},"sameAs":["https:\/\/facebook.com\/sunoresearch","https:\/\/x.com\/sunoresearch","https:\/\/www.instagram.com\/suno","https:\/\/www.linkedin.com\/company\/suno-research\/","https:\/\/www.youtube.com\/c\/sunoresearch"]},{"@type":"Person","@id":"https:\/\/www.suno.com.br\/noticias\/#\/schema\/person\/0d0c9687cd2f600c564f25980c140de9","name":"Guilherme Caetano","image":{"@type":"ImageObject","inLanguage":"pt-BR","@id":"https:\/\/www.suno.com.br\/noticias\/#\/schema\/person\/image\/","url":"https:\/\/secure.gravatar.com\/avatar\/e48357351a01702a0d19307070e081bf?s=96&r=g","contentUrl":"https:\/\/secure.gravatar.com\/avatar\/e48357351a01702a0d19307070e081bf?s=96&r=g","caption":"Guilherme Caetano"},"description":"Formado em jornalismo pela Escola de Comunica\u00e7\u00f5es e Artes da USP, Guilherme Caetano escreve para o portal de not\u00edcias da Suno Research. Passou pelas reda\u00e7\u00f5es da Folha de S.Paulo e da revista \u00c9poca.","url":"https:\/\/www.suno.com.br\/noticias\/author\/guilherme-caetano\/"}]}},"default_loop_html":"<div class=\"cardsPage__listCard__boxs\"><div class=\"cardsPage__listCard__boxs__img\"><a href=\"https:\/\/www.suno.com.br\/noticias\/setor-publico-superavit-primario-janeiro\/\"><img class=\"mask\" src=\"https:\/\/www.suno.com.br\/noticias\/wp-content\/themes\/suno\/resources\/images\/spotlight\/spotlight1img\/bg-mask.png\" alt=\"Image Mask\"\/><img src=\"https:\/\/files.sunoresearch.com.br\/n\/uploads\/2019\/01\/1c090212-contas-p\u00fablicas-400x200.webp\" alt=\"Setor p\u00fablico registra super\u00e1vit prim\u00e1rio de R$ 46,9 bi em janeiro\"\/><\/a><span class=\"spotlightCategory\"><a href=\"https:\/\/www.suno.com.br\/noticias\/economia\/\">Economia<\/a><\/span><\/div><div class=\"cardsPage__listCard__boxs__content\"><a href=\"https:\/\/www.suno.com.br\/noticias\/setor-publico-superavit-primario-janeiro\/\"><h2 class=\"content__title\">Setor p\u00fablico registra super\u00e1vit prim\u00e1rio de R$ 46,9 bi em janeiro<\/h2><\/a><div class=\"newsContent__article__meta\"><div class=\"newsContent__article__meta__authorBox\"><a href=\"https:\/\/www.suno.com.br\/noticias\/author\/guilherme-caetano\/\" class=\"authorBox__avatar noMobi\"><img src=\"https:\/\/secure.gravatar.com\/avatar\/e48357351a01702a0d19307070e081bf?s=96&#038;r=g\" alt=\"Guilherme Caetano\"><\/a><div class=\"authorBox__name\"><span>por\n\t\t\t<a href=\"https:\/\/www.suno.com.br\/noticias\/author\/guilherme-caetano\/\"><span itemprop=\"author\">Guilherme Caetano<\/span><\/a><\/span><time datetime=\"2019-02-28T15:08:48-03:00\" itemprop=\"datePublished\">28\/02\/2019 15:08<\/time><\/div><\/div><\/div><\/div><\/div>","single_layout":"posts","amp_enabled":true,"_links":{"self":[{"href":"https:\/\/www.suno.com.br\/noticias\/wp-json\/wp\/v2\/posts\/16913"}],"collection":[{"href":"https:\/\/www.suno.com.br\/noticias\/wp-json\/wp\/v2\/posts"}],"about":[{"href":"https:\/\/www.suno.com.br\/noticias\/wp-json\/wp\/v2\/types\/post"}],"author":[{"embeddable":true,"href":"https:\/\/www.suno.com.br\/noticias\/wp-json\/wp\/v2\/users\/13"}],"replies":[{"embeddable":true,"href":"https:\/\/www.suno.com.br\/noticias\/wp-json\/wp\/v2\/comments?post=16913"}],"version-history":[{"count":0,"href":"https:\/\/www.suno.com.br\/noticias\/wp-json\/wp\/v2\/posts\/16913\/revisions"}],"wp:featuredmedia":[{"embeddable":true,"href":"https:\/\/www.suno.com.br\/noticias\/wp-json\/wp\/v2\/media\/13714"}],"wp:attachment":[{"href":"https:\/\/www.suno.com.br\/noticias\/wp-json\/wp\/v2\/media?parent=16913"}],"wp:term":[{"taxonomy":"category","embeddable":true,"href":"https:\/\/www.suno.com.br\/noticias\/wp-json\/wp\/v2\/categories?post=16913"},{"taxonomy":"post_tag","embeddable":true,"href":"https:\/\/www.suno.com.br\/noticias\/wp-json\/wp\/v2\/tags?post=16913"},{"taxonomy":"suno_strategy","embeddable":true,"href":"https:\/\/www.suno.com.br\/noticias\/wp-json\/wp\/v2\/suno_strategy?post=16913"}],"curies":[{"name":"wp","href":"https:\/\/api.w.org\/{rel}","templated":true}]}}