{"id":16912,"date":"2019-02-28T14:47:12","date_gmt":"2019-02-28T17:47:12","guid":{"rendered":"https:\/\/www.suno.com.br\/noticias\/?p=16912"},"modified":"2019-02-28T14:47:12","modified_gmt":"2019-02-28T17:47:12","slug":"bolsonaro-aceitaria-conversar-com-maduro","status":"publish","type":"post","link":"https:\/\/www.suno.com.br\/noticias\/bolsonaro-aceitaria-conversar-com-maduro\/","title":{"rendered":"Bolsonaro: aceitaria conversar com Maduro para alcan\u00e7ar solu\u00e7\u00e3o"},"content":{"rendered":"<p>O presidente <strong>Jair Bolsonaro<\/strong> declarou nesta quinta-feira (28) que aceitaria conversar com o presidente da Venezuela,\u00a0<strong>Nicol\u00e1sMaduro.<\/strong> O mandat\u00e1rio brasileiro explicou que encontraria seu hom\u00f3logo venezuelano para tentar encontrar uma solu\u00e7\u00e3o a crise no pa\u00eds vizinho.<\/p>\t<div class=\"wrapper-featured-image\">\n\t\t<figure class=\"spotlightImg\">\n\n\t\t\t<picture>\n\t\t\t\t<source media=\"(max-width: 768px)\" srcset=\"https:\/\/files.sunoresearch.com.br\/n\/uploads\/2019\/02\/44d94063-guaid\u00f3-400x200.webp\">\n\t\t\t\t<img loading=\"lazy\" decoding=\"async\" class=\"newsContent__article__imgCapa lazyloadDisabled newsContent__article__imgCapa--noCaption\" src=\"https:\/\/files.sunoresearch.com.br\/n\/uploads\/2019\/02\/44d94063-guaid\u00f3-800x450.webp\" width=\"800\" height=\"450\" alt=\"Bolsonaro: aceitaria conversar com Maduro para alcan\u00e7ar solu\u00e7\u00e3o\" fetchpriority=high \/>\n\t\t\t<\/picture>\n\n\t\t\t<figcaption class=\"wp-caption-text wp-caption-text--hide\">O presidente autodeclarado da Venezuela, Juan Guaid\u00f3<\/figcaption>\n\t\t<\/figure>\n\t<\/div>\n\n\n<p>Entretanto, <strong>Bolsonaro<\/strong> disse que negociaria com <strong>Maduro<\/strong> somente no caso em que ele esteja disposto\u00a0a tratar do restabelecimento da democracia na <strong>Venezuela.<\/strong><\/p>\n<p><a href=\"https:\/\/www.suno.com.br\/noticias\/mourao-maduro-venezuela-diplomatica\/\">Saiba mais: Mour\u00e3o: sa\u00edda de Maduro do poder depende de press\u00e3o diplom\u00e1tica<\/a><\/p>\n<p>O presidente brasileiro explicou essa inten\u00e7\u00e3o para um grupo de jornalistas recebidos no <strong>Pal\u00e1cio do Planalto<\/strong>. No encontro n\u00e3o foi autorizada a grava\u00e7\u00e3o.<\/p>\n<p><a href=\"https:\/\/www.suno.com.br\/noticias\/maduro-fecha-fronteira-brasil\/\">Saiba mais: Maduro fecha a fronteira da Venezuela com o Brasil<\/a><\/p>\n<h2>Guaid\u00f3 no Brasil<\/h2>\n<p>Na tarde desta quinta-feira, <strong>Bolsonaro<\/strong> receber\u00e1 o autoproclamado presidente da <strong>Venezuela,<\/strong> <strong>Juan Guaid\u00f3<\/strong>. O oposicionista, presidente da Assembleia Nacional venezuelana, chegou ao Brasil na madrugada vindo da Col\u00f4mbia.<\/p>\n<p><span style=\"font-size: 1.21429rem;\">O encontro \u00e9 classificado como uma visita pessoal e n\u00e3o de Estado. Guaid\u00f3 agradecer\u00e1 Bolsonaro pelo apoio na tentativa de levar ajuda humanit\u00e1ria na Venezuela. Al\u00e9m disso, os dois tratar\u00e3o de uma poss\u00edvel transi\u00e7\u00e3o pol\u00edtica no pa\u00eds.\u00a0<\/span><\/p>\n<p><a href=\"https:\/\/www.suno.com.br\/noticias\/juan-guaido-brasil-crise-venezuela\/\">Saiba mais: Juan Guaid\u00f3 vem ao Brasil debater crise na Venezuela com Bolsonaro\u00a0<\/a><\/p>\n<p>Guaid\u00f3 tamb\u00e9m ser\u00e1 recebido pelo ministro das Rela\u00e7\u00f5es Exteriores, Ernesto Ara\u00fajo, no Pal\u00e1cio do Itamaraty. Est\u00e1 previsto um pronunciamento \u00e0 imprensa brasileira.<\/p>\n<p>De acordo com o jornal El Nacional, al\u00e9m do Brasil,\u00a0<strong>Guaid\u00f3<\/strong> pretende visitar v\u00e1rios pa\u00edses para tratar da <strong>crise venezuelana.<\/strong> O autoproclamado presidente considera tr\u00eas hip\u00f3teses:<\/p>\n<ul>\n<li>Enfrentar o regime de <strong>Maduro<\/strong> entrando por Maiquet\u00eda. &#8220;Se algo acontecer comigo, a rea\u00e7\u00e3o internacional seria imensa&#8221;, declarou na Col\u00f4mbia;<\/li>\n<li>Voltar \u00e0 <strong>Venezuela<\/strong> como entrou, por trilhas clandestinas da fronteira entre <strong>Venezuela<\/strong> e <strong>Col\u00f4mbia,<\/strong> na regi\u00e3o de C\u00facuta. Essa alternativa \u00e9 considerada perigosa, pois muitos guerrilheiros, coletivos e for\u00e7as de seguran\u00e7a do <strong>chavismo<\/strong> na regi\u00e3o;<\/li>\n<li>Entrar pela fronteira brasileira.<\/li>\n<\/ul>\n<p>O vice-presidente da Rep\u00fablica, <strong>Hamilton Mour\u00e3o,<\/strong> disse na \u00faltima ter\u00e7a (26) que a sa\u00edda do ditador venezuelano <strong>Nicol\u00e1s Maduro<\/strong> depende de press\u00f5es diplom\u00e1ticas. O vice-presidente excluiu qualquer hip\u00f3tese de interven\u00e7\u00e3o militar no pa\u00eds vizinho.<\/p>\n<p><a href=\"https:\/\/www.suno.com.br\/noticias\/plano-emergencial-maduro-corte-energia\/\">Saiba mais: Governo tem plano emergencial caso Maduro corte energia de Roraima<\/a><\/p>\n<p>Segundo <strong>Mour\u00e3o,<\/strong> haver\u00e1 mais negocia\u00e7\u00e3o para que o ditador da <strong>Venezuela<\/strong> deixe o poder. \u201cO governo vai continuar naquilo que n\u00f3s j\u00e1 colocamos. A nossa posi\u00e7\u00e3o \u00e9 usar a diplomacia como m\u00e9todo, e as press\u00f5es pol\u00edticas e econ\u00f4micas necess\u00e1rias at\u00e9 que o senhor <strong>Nicol\u00e1s Maduro<\/strong> compreenda que \u00e9 hora de ele se retirar\u201d, disse o vice-presidente.<\/p>\n","protected":false},"excerpt":{"rendered":"<p>O presidente Jair Bolsonaro declarou nesta quinta-feira (28) que aceitaria conversar com o presidente da Venezuela,\u00a0Nicol\u00e1sMaduro. O mandat\u00e1rio brasileiro explicou que encontraria seu hom\u00f3logo venezuelano para tentar encontrar uma solu\u00e7\u00e3o a crise no pa\u00eds vizinho. O presidente autodeclarado da Venezuela, Juan Guaid\u00f3 Entretanto, Bolsonaro disse que negociaria com Maduro somente no caso em que ele [&hellip;]<\/p>\n","protected":false},"author":9,"featured_media":13998,"comment_status":"closed","ping_status":"closed","sticky":false,"template":"","format":"standard","meta":[],"categories":[63],"tags":[719,1125,805,804],"suno_strategy":[],"class_list":["post-16912","post","type-post","status-publish","format-standard","has-post-thumbnail","hentry","category-internacional","tag-jair-bolsonaro","tag-juan-guaido","tag-nicolas-maduro","tag-venezuela"],"yoast_head":"<!-- This site is optimized with the Yoast SEO plugin v24.4 - https:\/\/yoast.com\/wordpress\/plugins\/seo\/ -->\n<title>Bolsonaro: aceitaria conversar com Maduro para solu\u00e7\u00e3o na Venezuela<\/title>\n<meta name=\"description\" content=\"O presidente Jair Bolsonaro declarou que aceitaria conversar com o presidente da Venezuela,\u00a0Nicol\u00e1sMaduro. Clique aqui para saber mais.\" \/>\n<meta name=\"robots\" content=\"index, follow, max-snippet:-1, max-image-preview:large, max-video-preview:-1\" \/>\n<link rel=\"canonical\" href=\"https:\/\/www.suno.com.br\/noticias\/bolsonaro-aceitaria-conversar-com-maduro\/\" \/>\n<meta property=\"og:locale\" content=\"pt_BR\" \/>\n<meta property=\"og:type\" content=\"article\" \/>\n<meta property=\"og:title\" content=\"Bolsonaro: aceitaria conversar com Maduro para solu\u00e7\u00e3o na Venezuela\" \/>\n<meta property=\"og:description\" content=\"O presidente Jair Bolsonaro declarou que aceitaria conversar com o presidente da Venezuela,\u00a0Nicol\u00e1sMaduro. Clique aqui para saber mais.\" \/>\n<meta property=\"og:url\" content=\"https:\/\/www.suno.com.br\/noticias\/bolsonaro-aceitaria-conversar-com-maduro\/\" \/>\n<meta property=\"og:site_name\" content=\"Suno Not\u00edcias\" \/>\n<meta property=\"article:publisher\" content=\"https:\/\/facebook.com\/sunoresearch\" \/>\n<meta property=\"og:image\" content=\"https:\/\/files.sunoresearch.com.br\/n\/uploads\/2019\/02\/44d94063-guaid\u00f3.jpg\" \/>\n\t<meta property=\"og:image:width\" content=\"1078\" \/>\n\t<meta property=\"og:image:height\" content=\"606\" \/>\n\t<meta property=\"og:image:type\" content=\"image\/jpeg\" \/>\n<meta name=\"author\" content=\"Carlo Cauti\" \/>\n<meta name=\"twitter:card\" content=\"summary_large_image\" \/>\n<meta name=\"twitter:creator\" content=\"@sunoresearch\" \/>\n<meta name=\"twitter:site\" content=\"@sunoresearch\" \/>\n<meta name=\"twitter:label1\" content=\"Escrito por\" \/>\n\t<meta name=\"twitter:data1\" content=\"Carlo Cauti\" \/>\n\t<meta name=\"twitter:label2\" content=\"Est. tempo de leitura\" \/>\n\t<meta name=\"twitter:data2\" content=\"2 minutos\" \/>\n<script type=\"application\/ld+json\" class=\"yoast-schema-graph\">{\"@context\":\"https:\/\/schema.org\",\"@graph\":[{\"@type\":\"NewsArticle\",\"@id\":\"https:\/\/www.suno.com.br\/noticias\/bolsonaro-aceitaria-conversar-com-maduro\/#article\",\"isPartOf\":{\"@id\":\"https:\/\/www.suno.com.br\/noticias\/bolsonaro-aceitaria-conversar-com-maduro\/\"},\"author\":{\"name\":\"Carlo Cauti\",\"@id\":\"https:\/\/www.suno.com.br\/noticias\/#\/schema\/person\/e6e0f723cc177805027f4566c1d5e0c8\"},\"headline\":\"Bolsonaro: aceitaria conversar com Maduro para alcan\u00e7ar solu\u00e7\u00e3o\",\"datePublished\":\"2019-02-28T17:47:12+00:00\",\"mainEntityOfPage\":{\"@id\":\"https:\/\/www.suno.com.br\/noticias\/bolsonaro-aceitaria-conversar-com-maduro\/\"},\"wordCount\":457,\"publisher\":{\"@id\":\"https:\/\/www.suno.com.br\/noticias\/#organization\"},\"image\":{\"@id\":\"https:\/\/www.suno.com.br\/noticias\/bolsonaro-aceitaria-conversar-com-maduro\/#primaryimage\"},\"thumbnailUrl\":\"https:\/\/files.sunoresearch.com.br\/n\/uploads\/2019\/02\/44d94063-guaid\u00f3-jpg.webp\",\"keywords\":[\"Jair Bolsonaro\",\"Juan Guaid\u00f3\",\"Nicol\u00e1s Maduro\",\"Venezuela\"],\"articleSection\":[\"Internacional\"],\"inLanguage\":\"pt-BR\"},{\"@type\":\"WebPage\",\"@id\":\"https:\/\/www.suno.com.br\/noticias\/bolsonaro-aceitaria-conversar-com-maduro\/\",\"url\":\"https:\/\/www.suno.com.br\/noticias\/bolsonaro-aceitaria-conversar-com-maduro\/\",\"name\":\"Bolsonaro: aceitaria conversar com Maduro para solu\u00e7\u00e3o na Venezuela\",\"isPartOf\":{\"@id\":\"https:\/\/www.suno.com.br\/noticias\/#website\"},\"primaryImageOfPage\":{\"@id\":\"https:\/\/www.suno.com.br\/noticias\/bolsonaro-aceitaria-conversar-com-maduro\/#primaryimage\"},\"image\":{\"@id\":\"https:\/\/www.suno.com.br\/noticias\/bolsonaro-aceitaria-conversar-com-maduro\/#primaryimage\"},\"thumbnailUrl\":\"https:\/\/files.sunoresearch.com.br\/n\/uploads\/2019\/02\/44d94063-guaid\u00f3-jpg.webp\",\"datePublished\":\"2019-02-28T17:47:12+00:00\",\"description\":\"O presidente Jair Bolsonaro declarou que aceitaria conversar com o presidente da Venezuela,\u00a0Nicol\u00e1sMaduro. Clique aqui para saber mais.\",\"breadcrumb\":{\"@id\":\"https:\/\/www.suno.com.br\/noticias\/bolsonaro-aceitaria-conversar-com-maduro\/#breadcrumb\"},\"inLanguage\":\"pt-BR\",\"potentialAction\":[{\"@type\":\"ReadAction\",\"target\":[\"https:\/\/www.suno.com.br\/noticias\/bolsonaro-aceitaria-conversar-com-maduro\/\"]}]},{\"@type\":\"ImageObject\",\"inLanguage\":\"pt-BR\",\"@id\":\"https:\/\/www.suno.com.br\/noticias\/bolsonaro-aceitaria-conversar-com-maduro\/#primaryimage\",\"url\":\"https:\/\/files.sunoresearch.com.br\/n\/uploads\/2019\/02\/44d94063-guaid\u00f3-jpg.webp\",\"contentUrl\":\"https:\/\/files.sunoresearch.com.br\/n\/uploads\/2019\/02\/44d94063-guaid\u00f3-jpg.webp\",\"width\":1078,\"height\":606,\"caption\":\"O presidente autodeclarado da Venezuela, Juan Guaid\u00f3\"},{\"@type\":\"BreadcrumbList\",\"@id\":\"https:\/\/www.suno.com.br\/noticias\/bolsonaro-aceitaria-conversar-com-maduro\/#breadcrumb\",\"itemListElement\":[{\"@type\":\"ListItem\",\"position\":1,\"name\":\"Not\u00edcias\",\"item\":\"https:\/\/www.suno.com.br\/noticias\/\"},{\"@type\":\"ListItem\",\"position\":2,\"name\":\"Internacional\",\"item\":\"https:\/\/www.suno.com.br\/noticias\/internacional\/\"},{\"@type\":\"ListItem\",\"position\":3,\"name\":\"Bolsonaro: aceitaria conversar com Maduro para alcan\u00e7ar solu\u00e7\u00e3o\"}]},{\"@type\":\"WebSite\",\"@id\":\"https:\/\/www.suno.com.br\/noticias\/#website\",\"url\":\"https:\/\/www.suno.com.br\/noticias\/\",\"name\":\"Suno Not\u00edcias\",\"description\":\"Seu portal de informa\u00e7\u00e3o sobre o mundo dos investimentos\",\"publisher\":{\"@id\":\"https:\/\/www.suno.com.br\/noticias\/#organization\"},\"potentialAction\":[{\"@type\":\"SearchAction\",\"target\":{\"@type\":\"EntryPoint\",\"urlTemplate\":\"https:\/\/www.suno.com.br\/noticias\/?s={search_term_string}\"},\"query-input\":{\"@type\":\"PropertyValueSpecification\",\"valueRequired\":true,\"valueName\":\"search_term_string\"}}],\"inLanguage\":\"pt-BR\"},{\"@type\":\"Organization\",\"@id\":\"https:\/\/www.suno.com.br\/noticias\/#organization\",\"name\":\"Suno Not\u00edcias\",\"url\":\"https:\/\/www.suno.com.br\/noticias\/\",\"logo\":{\"@type\":\"ImageObject\",\"inLanguage\":\"pt-BR\",\"@id\":\"https:\/\/www.suno.com.br\/noticias\/#\/schema\/logo\/image\/\",\"url\":\"https:\/\/files.sunoresearch.com.br\/n\/uploads\/2021\/09\/suno-logo.png\",\"contentUrl\":\"https:\/\/files.sunoresearch.com.br\/n\/uploads\/2021\/09\/suno-logo.png\",\"width\":180,\"height\":180,\"caption\":\"Suno Not\u00edcias\"},\"image\":{\"@id\":\"https:\/\/www.suno.com.br\/noticias\/#\/schema\/logo\/image\/\"},\"sameAs\":[\"https:\/\/facebook.com\/sunoresearch\",\"https:\/\/x.com\/sunoresearch\",\"https:\/\/www.instagram.com\/suno\",\"https:\/\/www.linkedin.com\/company\/suno-research\/\",\"https:\/\/www.youtube.com\/c\/sunoresearch\"]},{\"@type\":\"Person\",\"@id\":\"https:\/\/www.suno.com.br\/noticias\/#\/schema\/person\/e6e0f723cc177805027f4566c1d5e0c8\",\"name\":\"Carlo Cauti\",\"image\":{\"@type\":\"ImageObject\",\"inLanguage\":\"pt-BR\",\"@id\":\"https:\/\/www.suno.com.br\/noticias\/#\/schema\/person\/image\/\",\"url\":\"https:\/\/secure.gravatar.com\/avatar\/3ada9e0bd164c23abd4792a9606d583c?s=96&r=g\",\"contentUrl\":\"https:\/\/secure.gravatar.com\/avatar\/3ada9e0bd164c23abd4792a9606d583c?s=96&r=g\",\"caption\":\"Carlo Cauti\"},\"description\":\"Editor multim\u00eddia do SUNO Not\u00edcias. Italiano, formado em Ci\u00eancias Pol\u00edticas pela universidade LUISS G. Carli de Roma e mestre cum laude em Rela\u00e7\u00f5es Internacionais, Jornalismo Internacional e de Guerra e em Economia Internacional. Concluiu tamb\u00e9m um MBA em Finan\u00e7as na B3. No Brasil, teve passagem por ve\u00edculos como Estad\u00e3o, Globo, Veja e EXAME. e nas ag\u00eancias de not\u00edcias italianas ANSA e NOVA.\",\"url\":\"https:\/\/www.suno.com.br\/noticias\/author\/carlo-cauti\/\"}]}<\/script>\n<!-- \/ Yoast SEO plugin. -->","yoast_head_json":{"title":"Bolsonaro: aceitaria conversar com Maduro para solu\u00e7\u00e3o na Venezuela","description":"O presidente Jair Bolsonaro declarou que aceitaria conversar com o presidente da Venezuela,\u00a0Nicol\u00e1sMaduro. Clique aqui para saber mais.","robots":{"index":"index","follow":"follow","max-snippet":"max-snippet:-1","max-image-preview":"max-image-preview:large","max-video-preview":"max-video-preview:-1"},"canonical":"https:\/\/www.suno.com.br\/noticias\/bolsonaro-aceitaria-conversar-com-maduro\/","og_locale":"pt_BR","og_type":"article","og_title":"Bolsonaro: aceitaria conversar com Maduro para solu\u00e7\u00e3o na Venezuela","og_description":"O presidente Jair Bolsonaro declarou que aceitaria conversar com o presidente da Venezuela,\u00a0Nicol\u00e1sMaduro. Clique aqui para saber mais.","og_url":"https:\/\/www.suno.com.br\/noticias\/bolsonaro-aceitaria-conversar-com-maduro\/","og_site_name":"Suno Not\u00edcias","article_publisher":"https:\/\/facebook.com\/sunoresearch","og_image":[{"width":1078,"height":606,"url":"https:\/\/files.sunoresearch.com.br\/n\/uploads\/2019\/02\/44d94063-guaid\u00f3.jpg","type":"image\/jpeg"}],"author":"Carlo Cauti","twitter_card":"summary_large_image","twitter_creator":"@sunoresearch","twitter_site":"@sunoresearch","twitter_misc":{"Escrito por":"Carlo Cauti","Est. tempo de leitura":"2 minutos"},"schema":{"@context":"https:\/\/schema.org","@graph":[{"@type":"NewsArticle","@id":"https:\/\/www.suno.com.br\/noticias\/bolsonaro-aceitaria-conversar-com-maduro\/#article","isPartOf":{"@id":"https:\/\/www.suno.com.br\/noticias\/bolsonaro-aceitaria-conversar-com-maduro\/"},"author":{"name":"Carlo Cauti","@id":"https:\/\/www.suno.com.br\/noticias\/#\/schema\/person\/e6e0f723cc177805027f4566c1d5e0c8"},"headline":"Bolsonaro: aceitaria conversar com Maduro para alcan\u00e7ar solu\u00e7\u00e3o","datePublished":"2019-02-28T17:47:12+00:00","mainEntityOfPage":{"@id":"https:\/\/www.suno.com.br\/noticias\/bolsonaro-aceitaria-conversar-com-maduro\/"},"wordCount":457,"publisher":{"@id":"https:\/\/www.suno.com.br\/noticias\/#organization"},"image":{"@id":"https:\/\/www.suno.com.br\/noticias\/bolsonaro-aceitaria-conversar-com-maduro\/#primaryimage"},"thumbnailUrl":"https:\/\/files.sunoresearch.com.br\/n\/uploads\/2019\/02\/44d94063-guaid\u00f3-jpg.webp","keywords":["Jair Bolsonaro","Juan Guaid\u00f3","Nicol\u00e1s Maduro","Venezuela"],"articleSection":["Internacional"],"inLanguage":"pt-BR"},{"@type":"WebPage","@id":"https:\/\/www.suno.com.br\/noticias\/bolsonaro-aceitaria-conversar-com-maduro\/","url":"https:\/\/www.suno.com.br\/noticias\/bolsonaro-aceitaria-conversar-com-maduro\/","name":"Bolsonaro: aceitaria conversar com Maduro para solu\u00e7\u00e3o na Venezuela","isPartOf":{"@id":"https:\/\/www.suno.com.br\/noticias\/#website"},"primaryImageOfPage":{"@id":"https:\/\/www.suno.com.br\/noticias\/bolsonaro-aceitaria-conversar-com-maduro\/#primaryimage"},"image":{"@id":"https:\/\/www.suno.com.br\/noticias\/bolsonaro-aceitaria-conversar-com-maduro\/#primaryimage"},"thumbnailUrl":"https:\/\/files.sunoresearch.com.br\/n\/uploads\/2019\/02\/44d94063-guaid\u00f3-jpg.webp","datePublished":"2019-02-28T17:47:12+00:00","description":"O presidente Jair Bolsonaro declarou que aceitaria conversar com o presidente da Venezuela,\u00a0Nicol\u00e1sMaduro. Clique aqui para saber mais.","breadcrumb":{"@id":"https:\/\/www.suno.com.br\/noticias\/bolsonaro-aceitaria-conversar-com-maduro\/#breadcrumb"},"inLanguage":"pt-BR","potentialAction":[{"@type":"ReadAction","target":["https:\/\/www.suno.com.br\/noticias\/bolsonaro-aceitaria-conversar-com-maduro\/"]}]},{"@type":"ImageObject","inLanguage":"pt-BR","@id":"https:\/\/www.suno.com.br\/noticias\/bolsonaro-aceitaria-conversar-com-maduro\/#primaryimage","url":"https:\/\/files.sunoresearch.com.br\/n\/uploads\/2019\/02\/44d94063-guaid\u00f3-jpg.webp","contentUrl":"https:\/\/files.sunoresearch.com.br\/n\/uploads\/2019\/02\/44d94063-guaid\u00f3-jpg.webp","width":1078,"height":606,"caption":"O presidente autodeclarado da Venezuela, Juan Guaid\u00f3"},{"@type":"BreadcrumbList","@id":"https:\/\/www.suno.com.br\/noticias\/bolsonaro-aceitaria-conversar-com-maduro\/#breadcrumb","itemListElement":[{"@type":"ListItem","position":1,"name":"Not\u00edcias","item":"https:\/\/www.suno.com.br\/noticias\/"},{"@type":"ListItem","position":2,"name":"Internacional","item":"https:\/\/www.suno.com.br\/noticias\/internacional\/"},{"@type":"ListItem","position":3,"name":"Bolsonaro: aceitaria conversar com Maduro para alcan\u00e7ar solu\u00e7\u00e3o"}]},{"@type":"WebSite","@id":"https:\/\/www.suno.com.br\/noticias\/#website","url":"https:\/\/www.suno.com.br\/noticias\/","name":"Suno Not\u00edcias","description":"Seu portal de informa\u00e7\u00e3o sobre o mundo dos investimentos","publisher":{"@id":"https:\/\/www.suno.com.br\/noticias\/#organization"},"potentialAction":[{"@type":"SearchAction","target":{"@type":"EntryPoint","urlTemplate":"https:\/\/www.suno.com.br\/noticias\/?s={search_term_string}"},"query-input":{"@type":"PropertyValueSpecification","valueRequired":true,"valueName":"search_term_string"}}],"inLanguage":"pt-BR"},{"@type":"Organization","@id":"https:\/\/www.suno.com.br\/noticias\/#organization","name":"Suno Not\u00edcias","url":"https:\/\/www.suno.com.br\/noticias\/","logo":{"@type":"ImageObject","inLanguage":"pt-BR","@id":"https:\/\/www.suno.com.br\/noticias\/#\/schema\/logo\/image\/","url":"https:\/\/files.sunoresearch.com.br\/n\/uploads\/2021\/09\/suno-logo.png","contentUrl":"https:\/\/files.sunoresearch.com.br\/n\/uploads\/2021\/09\/suno-logo.png","width":180,"height":180,"caption":"Suno Not\u00edcias"},"image":{"@id":"https:\/\/www.suno.com.br\/noticias\/#\/schema\/logo\/image\/"},"sameAs":["https:\/\/facebook.com\/sunoresearch","https:\/\/x.com\/sunoresearch","https:\/\/www.instagram.com\/suno","https:\/\/www.linkedin.com\/company\/suno-research\/","https:\/\/www.youtube.com\/c\/sunoresearch"]},{"@type":"Person","@id":"https:\/\/www.suno.com.br\/noticias\/#\/schema\/person\/e6e0f723cc177805027f4566c1d5e0c8","name":"Carlo Cauti","image":{"@type":"ImageObject","inLanguage":"pt-BR","@id":"https:\/\/www.suno.com.br\/noticias\/#\/schema\/person\/image\/","url":"https:\/\/secure.gravatar.com\/avatar\/3ada9e0bd164c23abd4792a9606d583c?s=96&r=g","contentUrl":"https:\/\/secure.gravatar.com\/avatar\/3ada9e0bd164c23abd4792a9606d583c?s=96&r=g","caption":"Carlo Cauti"},"description":"Editor multim\u00eddia do SUNO Not\u00edcias. Italiano, formado em Ci\u00eancias Pol\u00edticas pela universidade LUISS G. Carli de Roma e mestre cum laude em Rela\u00e7\u00f5es Internacionais, Jornalismo Internacional e de Guerra e em Economia Internacional. Concluiu tamb\u00e9m um MBA em Finan\u00e7as na B3. No Brasil, teve passagem por ve\u00edculos como Estad\u00e3o, Globo, Veja e EXAME. e nas ag\u00eancias de not\u00edcias italianas ANSA e NOVA.","url":"https:\/\/www.suno.com.br\/noticias\/author\/carlo-cauti\/"}]}},"default_loop_html":"<div class=\"cardsPage__listCard__boxs\"><div class=\"cardsPage__listCard__boxs__img\"><a href=\"https:\/\/www.suno.com.br\/noticias\/bolsonaro-aceitaria-conversar-com-maduro\/\"><img class=\"mask\" src=\"https:\/\/www.suno.com.br\/noticias\/wp-content\/themes\/suno\/resources\/images\/spotlight\/spotlight1img\/bg-mask.png\" alt=\"Image Mask\"\/><img src=\"https:\/\/files.sunoresearch.com.br\/n\/uploads\/2019\/02\/44d94063-guaid\u00f3-400x200.webp\" alt=\"Bolsonaro: aceitaria conversar com Maduro para alcan\u00e7ar solu\u00e7\u00e3o\"\/><\/a><span class=\"spotlightCategory\"><a href=\"https:\/\/www.suno.com.br\/noticias\/internacional\/\">Internacional<\/a><\/span><\/div><div class=\"cardsPage__listCard__boxs__content\"><a href=\"https:\/\/www.suno.com.br\/noticias\/bolsonaro-aceitaria-conversar-com-maduro\/\"><h2 class=\"content__title\">Bolsonaro: aceitaria conversar com Maduro para alcan\u00e7ar solu\u00e7\u00e3o<\/h2><\/a><div class=\"newsContent__article__meta\"><div class=\"newsContent__article__meta__authorBox\"><a href=\"https:\/\/www.suno.com.br\/noticias\/author\/carlo-cauti\/\" class=\"authorBox__avatar noMobi\"><img src=\"https:\/\/files.sunoresearch.com.br\/n\/uploads\/2020\/08\/e3745f9a-perfil-carlo-cauti-150x150.webp\" alt=\"Carlo Cauti\"><\/a><div class=\"authorBox__name\"><span>por\n\t\t\t<a href=\"https:\/\/www.suno.com.br\/noticias\/author\/carlo-cauti\/\"><span itemprop=\"author\">Carlo Cauti<\/span><\/a><\/span><time datetime=\"2019-02-28T14:47:12-03:00\" itemprop=\"datePublished\">28\/02\/2019 14:47<\/time><\/div><\/div><\/div><\/div><\/div>","single_layout":"posts","amp_enabled":true,"_links":{"self":[{"href":"https:\/\/www.suno.com.br\/noticias\/wp-json\/wp\/v2\/posts\/16912"}],"collection":[{"href":"https:\/\/www.suno.com.br\/noticias\/wp-json\/wp\/v2\/posts"}],"about":[{"href":"https:\/\/www.suno.com.br\/noticias\/wp-json\/wp\/v2\/types\/post"}],"author":[{"embeddable":true,"href":"https:\/\/www.suno.com.br\/noticias\/wp-json\/wp\/v2\/users\/9"}],"replies":[{"embeddable":true,"href":"https:\/\/www.suno.com.br\/noticias\/wp-json\/wp\/v2\/comments?post=16912"}],"version-history":[{"count":0,"href":"https:\/\/www.suno.com.br\/noticias\/wp-json\/wp\/v2\/posts\/16912\/revisions"}],"wp:featuredmedia":[{"embeddable":true,"href":"https:\/\/www.suno.com.br\/noticias\/wp-json\/wp\/v2\/media\/13998"}],"wp:attachment":[{"href":"https:\/\/www.suno.com.br\/noticias\/wp-json\/wp\/v2\/media?parent=16912"}],"wp:term":[{"taxonomy":"category","embeddable":true,"href":"https:\/\/www.suno.com.br\/noticias\/wp-json\/wp\/v2\/categories?post=16912"},{"taxonomy":"post_tag","embeddable":true,"href":"https:\/\/www.suno.com.br\/noticias\/wp-json\/wp\/v2\/tags?post=16912"},{"taxonomy":"suno_strategy","embeddable":true,"href":"https:\/\/www.suno.com.br\/noticias\/wp-json\/wp\/v2\/suno_strategy?post=16912"}],"curies":[{"name":"wp","href":"https:\/\/api.w.org\/{rel}","templated":true}]}}