{"id":16903,"date":"2019-02-28T13:39:13","date_gmt":"2019-02-28T16:39:13","guid":{"rendered":"https:\/\/www.suno.com.br\/noticias\/?p=16903"},"modified":"2019-02-28T13:39:13","modified_gmt":"2019-02-28T16:39:13","slug":"brf-novo-prejuizo-2018-perdas-somam","status":"publish","type":"post","link":"https:\/\/www.suno.com.br\/noticias\/brf-novo-prejuizo-2018-perdas-somam\/","title":{"rendered":"BRF tem novo preju\u00edzo em 2018 e perdas somam R$ 4,466 bilh\u00f5es"},"content":{"rendered":"<p>A BRF registrou um preju\u00edzo l\u00edquido de R$ 4,466 bilh\u00f5es em 2018, perdas 306% maiores do que as aferidas em 2017. Naquele ano o preju\u00edzo foi de R$ 1,099 bilh\u00e3o. O balan\u00e7o financeiro foi divulgado nesta quinta (28).<\/p>\t<div class=\"wrapper-featured-image\">\n\t\t<figure class=\"spotlightImg\">\n\n\t\t\t<picture>\n\t\t\t\t<source media=\"(max-width: 768px)\" srcset=\"https:\/\/files.sunoresearch.com.br\/n\/uploads\/2018\/12\/bf4d63f8-planta-da-brf-400x200.webp\">\n\t\t\t\t<img loading=\"lazy\" decoding=\"async\" class=\"newsContent__article__imgCapa lazyloadDisabled newsContent__article__imgCapa--noCaption\" src=\"https:\/\/files.sunoresearch.com.br\/n\/uploads\/2018\/12\/bf4d63f8-planta-da-brf-jpg.webp\" width=\"800\" height=\"450\" alt=\"BRF tem novo preju\u00edzo em 2018 e perdas somam R$ 4,466 bilh\u00f5es\" fetchpriority=high \/>\n\t\t\t<\/picture>\n\n\t\t\t<figcaption class=\"wp-caption-text wp-caption-text--hide\">BRF (BRFS3) tem unidade interditada por 15 dias pela Justi\u00e7a <\/figcaption>\n\t\t<\/figure>\n\t<\/div>\n\n\n<p>Os <strong>resultados trimestrais<\/strong> da <strong>BRF<\/strong> tamb\u00e9m pioraram. O <strong>preju\u00edzo<\/strong> no \u00faltimo trimestre do ano foi de R$ 2,125 bilh\u00f5es, tendo uma alta de 171% em rela\u00e7\u00e3o ao mesmo per\u00edodo do ano anterior, quando as <strong>perdas<\/strong> somaram R$ 784 milh\u00f5es.<\/p>\n<p><a href=\"https:\/\/www.suno.com.br\/noticias\/anvisa-proibe-comercializacao-lotes-carne-brf\/\">Saiba mais: Anvisa pro\u00edbe venda de lotes de carna da Perdig\u00e3o, marca da BRF<\/a><\/p>\n<p>O <a href=\"https:\/\/www.suno.com.br\/artigos\/tag\/brfs3\/\"><strong>presidente<\/strong> da companhia, <\/a><strong>Pedro Parente,<\/strong> afirmou que 2018 &#8220;foi o ano mais <strong>desafiador<\/strong> de 10 anos de hist\u00f3ria da <strong>BRF&#8221;. &#8220;Medidas protecionistas<\/strong> que fecharam importantes <strong>mercados importadores,<\/strong> a press\u00e3o de <strong>custos<\/strong> em um <strong>mercado dom\u00e9stico<\/strong> onde n\u00e3o foi poss\u00edvel repassar pre\u00e7os e a <strong>greve dos caminhoneiros<\/strong> est\u00e3o entre os principais elementos externos deste per\u00edodo&#8221;, declarou.<\/p>\n<p>A <strong>Opera\u00e7\u00e3o Trapa\u00e7a,<\/strong> a\u00e7\u00e3o da <strong>Pol\u00edcia Federal<\/strong> que resultou na pris\u00e3o do ex-presidente global da empresa, <strong>Pedro de Andrade Faria<\/strong>, foi mencionada como um &#8220;desafio&#8221; pela <strong>BRF<\/strong> em comunicado oficial.<\/p>\n<p><a href=\"https:\/\/www.suno.com.br\/noticias\/brf-recall-carne-salmonela\/\">Saiba mais: BRF faz recall de 464,3 toneladas de carne por risco de salmonela<\/a><\/p>\n<p>&#8220;Os desdobramentos da <strong>Opera\u00e7\u00e3o Trapa\u00e7a<\/strong> levaram \u00e0 exclus\u00e3o de 12 plantas da <strong>BRF<\/strong> da lista de estabelecimentos aprovados para exportar para a <strong>Uni\u00e3o Europeia,<\/strong> um important\u00edssimo mercado para a Companhia. Tamb\u00e9m sofremos com a imposi\u00e7\u00e3o repentina de <strong>tarifas antidumping<\/strong> pela <strong>China,<\/strong> fruto do recrudescimento das <strong>tens\u00f5es comerciais<\/strong> que dominaram a pauta internacional durante o ano de 2018, e a continuidade da suspens\u00e3o de importa\u00e7\u00e3o de <strong>su\u00ednos<\/strong> pela <strong>R\u00fassia<\/strong> imposta ao final de 2017 e que perdurou por todo o ano&#8221;, diz a nota.<\/p>\n<p><a href=\"https:\/\/www.suno.com.br\/noticias\/brf-meta-desinvestimento-venda-ativos\/\">Saiba mais: BRF n\u00e3o alcan\u00e7a meta de desinvestimento e encerra venda de ativos<\/a><\/p>\n<h2>Os lotes da Perdig\u00e3o proibidos pela Anvisa<\/h2>\n<p>O \u00faltimo baque \u00e0 companhia foi em 14 de fevereiro, quando a Anvisa proibiu a venda de lotes de <strong>carne de frango<\/strong> da <strong>Perdig\u00e3o.<\/strong> A decis\u00e3o da ag\u00eancia foi tomada depois do\u00a0recall volunt\u00e1rio da BRF, dona da marca. A preocupa\u00e7\u00e3o\u00a0\u00e9 de que os lotes estejam contaminados com a bact\u00e9ria <strong>Salmonella enteritidis<\/strong>.<\/p>\n<p>A empresa informou que \u201ca decis\u00e3o de <strong>recolher<\/strong> todos os lotes, ao inv\u00e9s de partes da produ\u00e7\u00e3o afetadas, segue o princ\u00edpio da <strong>precau\u00e7\u00e3o<\/strong> e o compromisso da companhia\u00a0com <strong>Seguran\u00e7a Alimentar, Qualidade<\/strong> e <strong>Transpar\u00eancia\u201d.<\/strong><\/p>\n<p>O recall ocorre cerca de um ano ap\u00f3s a deflagra\u00e7\u00e3o da <strong>Opera\u00e7\u00e3o Trapa\u00e7a,<\/strong> investiga\u00e7\u00e3o iniciada pela <strong>Pol\u00edcia Federal<\/strong>\u00a0<strong>(PF).<\/strong> A opera\u00e7\u00e3o tamb\u00e9m apura supostas\u00a0<span style=\"font-size: 1.21429rem;\"><strong>fraudes<\/strong> cometidas por ex-funcion\u00e1rios da <strong>BRF<\/strong> para burlar os testes de <strong>salmonela.<\/strong>\u00a0<\/span><\/p>\n<p>A <strong>Opera\u00e7\u00e3o Trapa\u00e7a<\/strong> levou a <strong>Uni\u00e3o Europeia<\/strong> (UE) a proibir a BRF de exportar <strong>carne de frango<\/strong> em seu territ\u00f3rio. Por causa da opera\u00e7\u00e3o, a <strong>empresa<\/strong> <a href=\"https:\/\/www.suno.com.br\/noticias\/brf-investigacao-carne-fraca\/\">estaria negociando um\u00a0acordo de leni\u00eancia<\/a> com o <strong>Minist\u00e9rio P\u00fablico Federal (MPU)<\/strong> e <strong>Controladoria-Geral da Uni\u00e3o (CGU<\/strong>). Esse seria o primeiro acordo em que uma empresa reconhece sua responsabilidade em crimes contra a sa\u00fade p\u00fablica.<\/p>\n","protected":false},"excerpt":{"rendered":"<p>A BRF registrou um preju\u00edzo l\u00edquido de R$ 4,466 bilh\u00f5es em 2018, perdas 306% maiores do que as aferidas em 2017. Naquele ano o preju\u00edzo foi de R$ 1,099 bilh\u00e3o. O balan\u00e7o financeiro foi divulgado nesta quinta (28). BRF (BRFS3) tem unidade interditada por 15 dias pela Justi\u00e7a Os resultados trimestrais da BRF tamb\u00e9m pioraram. [&hellip;]<\/p>\n","protected":false},"author":13,"featured_media":8111,"comment_status":"closed","ping_status":"closed","sticky":false,"template":"","format":"standard","meta":[],"categories":[64],"tags":[1029,397],"suno_strategy":[],"class_list":["post-16903","post","type-post","status-publish","format-standard","has-post-thumbnail","hentry","category-negocios","tag-balancos-trimestrais","tag-brf-brfs3"],"yoast_head":"<!-- This site is optimized with the Yoast SEO plugin v24.4 - https:\/\/yoast.com\/wordpress\/plugins\/seo\/ -->\n<title>BRF tem novo preju\u00edzo em 2018 e perdas somam R$ 4,466 bilh\u00f5es<\/title>\n<meta name=\"description\" content=\"A BRF registrou um preju\u00edzo l\u00edquido de R$ 4,466 bilh\u00f5es em 2018, perdas 306% maiores do que as aferidas em 2017. Clique e saiba mais.\" \/>\n<meta name=\"robots\" content=\"index, follow, max-snippet:-1, max-image-preview:large, max-video-preview:-1\" \/>\n<link rel=\"canonical\" href=\"https:\/\/www.suno.com.br\/noticias\/brf-novo-prejuizo-2018-perdas-somam\/\" \/>\n<meta property=\"og:locale\" content=\"pt_BR\" \/>\n<meta property=\"og:type\" content=\"article\" \/>\n<meta property=\"og:title\" content=\"BRF tem novo preju\u00edzo em 2018 e perdas somam R$ 4,466 bilh\u00f5es\" \/>\n<meta property=\"og:description\" content=\"A BRF registrou um preju\u00edzo l\u00edquido de R$ 4,466 bilh\u00f5es em 2018, perdas 306% maiores do que as aferidas em 2017. Clique e saiba mais.\" \/>\n<meta property=\"og:url\" content=\"https:\/\/www.suno.com.br\/noticias\/brf-novo-prejuizo-2018-perdas-somam\/\" \/>\n<meta property=\"og:site_name\" content=\"Suno Not\u00edcias\" \/>\n<meta property=\"article:publisher\" content=\"https:\/\/facebook.com\/sunoresearch\" \/>\n<meta property=\"og:image\" content=\"https:\/\/files.sunoresearch.com.br\/n\/uploads\/2018\/12\/bf4d63f8-planta-da-brf.jpg\" \/>\n\t<meta property=\"og:image:width\" content=\"997\" \/>\n\t<meta property=\"og:image:height\" content=\"385\" \/>\n\t<meta property=\"og:image:type\" content=\"image\/jpeg\" \/>\n<meta name=\"author\" content=\"Guilherme Caetano\" \/>\n<meta name=\"twitter:card\" content=\"summary_large_image\" \/>\n<meta name=\"twitter:creator\" content=\"@sunoresearch\" \/>\n<meta name=\"twitter:site\" content=\"@sunoresearch\" \/>\n<meta name=\"twitter:label1\" content=\"Escrito por\" \/>\n\t<meta name=\"twitter:data1\" content=\"Guilherme Caetano\" \/>\n\t<meta name=\"twitter:label2\" content=\"Est. tempo de leitura\" \/>\n\t<meta name=\"twitter:data2\" content=\"3 minutos\" \/>\n<script type=\"application\/ld+json\" class=\"yoast-schema-graph\">{\"@context\":\"https:\/\/schema.org\",\"@graph\":[{\"@type\":\"NewsArticle\",\"@id\":\"https:\/\/www.suno.com.br\/noticias\/brf-novo-prejuizo-2018-perdas-somam\/#article\",\"isPartOf\":{\"@id\":\"https:\/\/www.suno.com.br\/noticias\/brf-novo-prejuizo-2018-perdas-somam\/\"},\"author\":{\"name\":\"Guilherme Caetano\",\"@id\":\"https:\/\/www.suno.com.br\/noticias\/#\/schema\/person\/0d0c9687cd2f600c564f25980c140de9\"},\"headline\":\"BRF tem novo preju\u00edzo em 2018 e perdas somam R$ 4,466 bilh\u00f5es\",\"datePublished\":\"2019-02-28T16:39:13+00:00\",\"mainEntityOfPage\":{\"@id\":\"https:\/\/www.suno.com.br\/noticias\/brf-novo-prejuizo-2018-perdas-somam\/\"},\"wordCount\":546,\"publisher\":{\"@id\":\"https:\/\/www.suno.com.br\/noticias\/#organization\"},\"image\":{\"@id\":\"https:\/\/www.suno.com.br\/noticias\/brf-novo-prejuizo-2018-perdas-somam\/#primaryimage\"},\"thumbnailUrl\":\"https:\/\/files.sunoresearch.com.br\/n\/uploads\/2018\/12\/bf4d63f8-planta-da-brf-jpg.webp\",\"keywords\":[\"balan\u00e7os trimestrais\",\"BRF (BRFS3)\"],\"articleSection\":[\"Neg\u00f3cios\"],\"inLanguage\":\"pt-BR\"},{\"@type\":\"WebPage\",\"@id\":\"https:\/\/www.suno.com.br\/noticias\/brf-novo-prejuizo-2018-perdas-somam\/\",\"url\":\"https:\/\/www.suno.com.br\/noticias\/brf-novo-prejuizo-2018-perdas-somam\/\",\"name\":\"BRF tem novo preju\u00edzo em 2018 e perdas somam R$ 4,466 bilh\u00f5es\",\"isPartOf\":{\"@id\":\"https:\/\/www.suno.com.br\/noticias\/#website\"},\"primaryImageOfPage\":{\"@id\":\"https:\/\/www.suno.com.br\/noticias\/brf-novo-prejuizo-2018-perdas-somam\/#primaryimage\"},\"image\":{\"@id\":\"https:\/\/www.suno.com.br\/noticias\/brf-novo-prejuizo-2018-perdas-somam\/#primaryimage\"},\"thumbnailUrl\":\"https:\/\/files.sunoresearch.com.br\/n\/uploads\/2018\/12\/bf4d63f8-planta-da-brf-jpg.webp\",\"datePublished\":\"2019-02-28T16:39:13+00:00\",\"description\":\"A BRF registrou um preju\u00edzo l\u00edquido de R$ 4,466 bilh\u00f5es em 2018, perdas 306% maiores do que as aferidas em 2017. Clique e saiba mais.\",\"breadcrumb\":{\"@id\":\"https:\/\/www.suno.com.br\/noticias\/brf-novo-prejuizo-2018-perdas-somam\/#breadcrumb\"},\"inLanguage\":\"pt-BR\",\"potentialAction\":[{\"@type\":\"ReadAction\",\"target\":[\"https:\/\/www.suno.com.br\/noticias\/brf-novo-prejuizo-2018-perdas-somam\/\"]}]},{\"@type\":\"ImageObject\",\"inLanguage\":\"pt-BR\",\"@id\":\"https:\/\/www.suno.com.br\/noticias\/brf-novo-prejuizo-2018-perdas-somam\/#primaryimage\",\"url\":\"https:\/\/files.sunoresearch.com.br\/n\/uploads\/2018\/12\/bf4d63f8-planta-da-brf-jpg.webp\",\"contentUrl\":\"https:\/\/files.sunoresearch.com.br\/n\/uploads\/2018\/12\/bf4d63f8-planta-da-brf-jpg.webp\",\"width\":997,\"height\":385,\"caption\":\"BRF (BRFS3) tem unidade interditada por 15 dias pela Justi\u00e7a\"},{\"@type\":\"BreadcrumbList\",\"@id\":\"https:\/\/www.suno.com.br\/noticias\/brf-novo-prejuizo-2018-perdas-somam\/#breadcrumb\",\"itemListElement\":[{\"@type\":\"ListItem\",\"position\":1,\"name\":\"Not\u00edcias\",\"item\":\"https:\/\/www.suno.com.br\/noticias\/\"},{\"@type\":\"ListItem\",\"position\":2,\"name\":\"Neg\u00f3cios\",\"item\":\"https:\/\/www.suno.com.br\/noticias\/negocios\/\"},{\"@type\":\"ListItem\",\"position\":3,\"name\":\"BRF tem novo preju\u00edzo em 2018 e perdas somam R$ 4,466 bilh\u00f5es\"}]},{\"@type\":\"WebSite\",\"@id\":\"https:\/\/www.suno.com.br\/noticias\/#website\",\"url\":\"https:\/\/www.suno.com.br\/noticias\/\",\"name\":\"Suno Not\u00edcias\",\"description\":\"Seu portal de informa\u00e7\u00e3o sobre o mundo dos investimentos\",\"publisher\":{\"@id\":\"https:\/\/www.suno.com.br\/noticias\/#organization\"},\"potentialAction\":[{\"@type\":\"SearchAction\",\"target\":{\"@type\":\"EntryPoint\",\"urlTemplate\":\"https:\/\/www.suno.com.br\/noticias\/?s={search_term_string}\"},\"query-input\":{\"@type\":\"PropertyValueSpecification\",\"valueRequired\":true,\"valueName\":\"search_term_string\"}}],\"inLanguage\":\"pt-BR\"},{\"@type\":\"Organization\",\"@id\":\"https:\/\/www.suno.com.br\/noticias\/#organization\",\"name\":\"Suno Not\u00edcias\",\"url\":\"https:\/\/www.suno.com.br\/noticias\/\",\"logo\":{\"@type\":\"ImageObject\",\"inLanguage\":\"pt-BR\",\"@id\":\"https:\/\/www.suno.com.br\/noticias\/#\/schema\/logo\/image\/\",\"url\":\"https:\/\/files.sunoresearch.com.br\/n\/uploads\/2021\/09\/suno-logo.png\",\"contentUrl\":\"https:\/\/files.sunoresearch.com.br\/n\/uploads\/2021\/09\/suno-logo.png\",\"width\":180,\"height\":180,\"caption\":\"Suno Not\u00edcias\"},\"image\":{\"@id\":\"https:\/\/www.suno.com.br\/noticias\/#\/schema\/logo\/image\/\"},\"sameAs\":[\"https:\/\/facebook.com\/sunoresearch\",\"https:\/\/x.com\/sunoresearch\",\"https:\/\/www.instagram.com\/suno\",\"https:\/\/www.linkedin.com\/company\/suno-research\/\",\"https:\/\/www.youtube.com\/c\/sunoresearch\"]},{\"@type\":\"Person\",\"@id\":\"https:\/\/www.suno.com.br\/noticias\/#\/schema\/person\/0d0c9687cd2f600c564f25980c140de9\",\"name\":\"Guilherme Caetano\",\"image\":{\"@type\":\"ImageObject\",\"inLanguage\":\"pt-BR\",\"@id\":\"https:\/\/www.suno.com.br\/noticias\/#\/schema\/person\/image\/\",\"url\":\"https:\/\/secure.gravatar.com\/avatar\/e48357351a01702a0d19307070e081bf?s=96&r=g\",\"contentUrl\":\"https:\/\/secure.gravatar.com\/avatar\/e48357351a01702a0d19307070e081bf?s=96&r=g\",\"caption\":\"Guilherme Caetano\"},\"description\":\"Formado em jornalismo pela Escola de Comunica\u00e7\u00f5es e Artes da USP, Guilherme Caetano escreve para o portal de not\u00edcias da Suno Research. Passou pelas reda\u00e7\u00f5es da Folha de S.Paulo e da revista \u00c9poca.\",\"url\":\"https:\/\/www.suno.com.br\/noticias\/author\/guilherme-caetano\/\"}]}<\/script>\n<!-- \/ Yoast SEO plugin. -->","yoast_head_json":{"title":"BRF tem novo preju\u00edzo em 2018 e perdas somam R$ 4,466 bilh\u00f5es","description":"A BRF registrou um preju\u00edzo l\u00edquido de R$ 4,466 bilh\u00f5es em 2018, perdas 306% maiores do que as aferidas em 2017. Clique e saiba mais.","robots":{"index":"index","follow":"follow","max-snippet":"max-snippet:-1","max-image-preview":"max-image-preview:large","max-video-preview":"max-video-preview:-1"},"canonical":"https:\/\/www.suno.com.br\/noticias\/brf-novo-prejuizo-2018-perdas-somam\/","og_locale":"pt_BR","og_type":"article","og_title":"BRF tem novo preju\u00edzo em 2018 e perdas somam R$ 4,466 bilh\u00f5es","og_description":"A BRF registrou um preju\u00edzo l\u00edquido de R$ 4,466 bilh\u00f5es em 2018, perdas 306% maiores do que as aferidas em 2017. Clique e saiba mais.","og_url":"https:\/\/www.suno.com.br\/noticias\/brf-novo-prejuizo-2018-perdas-somam\/","og_site_name":"Suno Not\u00edcias","article_publisher":"https:\/\/facebook.com\/sunoresearch","og_image":[{"width":997,"height":385,"url":"https:\/\/files.sunoresearch.com.br\/n\/uploads\/2018\/12\/bf4d63f8-planta-da-brf.jpg","type":"image\/jpeg"}],"author":"Guilherme Caetano","twitter_card":"summary_large_image","twitter_creator":"@sunoresearch","twitter_site":"@sunoresearch","twitter_misc":{"Escrito por":"Guilherme Caetano","Est. tempo de leitura":"3 minutos"},"schema":{"@context":"https:\/\/schema.org","@graph":[{"@type":"NewsArticle","@id":"https:\/\/www.suno.com.br\/noticias\/brf-novo-prejuizo-2018-perdas-somam\/#article","isPartOf":{"@id":"https:\/\/www.suno.com.br\/noticias\/brf-novo-prejuizo-2018-perdas-somam\/"},"author":{"name":"Guilherme Caetano","@id":"https:\/\/www.suno.com.br\/noticias\/#\/schema\/person\/0d0c9687cd2f600c564f25980c140de9"},"headline":"BRF tem novo preju\u00edzo em 2018 e perdas somam R$ 4,466 bilh\u00f5es","datePublished":"2019-02-28T16:39:13+00:00","mainEntityOfPage":{"@id":"https:\/\/www.suno.com.br\/noticias\/brf-novo-prejuizo-2018-perdas-somam\/"},"wordCount":546,"publisher":{"@id":"https:\/\/www.suno.com.br\/noticias\/#organization"},"image":{"@id":"https:\/\/www.suno.com.br\/noticias\/brf-novo-prejuizo-2018-perdas-somam\/#primaryimage"},"thumbnailUrl":"https:\/\/files.sunoresearch.com.br\/n\/uploads\/2018\/12\/bf4d63f8-planta-da-brf-jpg.webp","keywords":["balan\u00e7os trimestrais","BRF (BRFS3)"],"articleSection":["Neg\u00f3cios"],"inLanguage":"pt-BR"},{"@type":"WebPage","@id":"https:\/\/www.suno.com.br\/noticias\/brf-novo-prejuizo-2018-perdas-somam\/","url":"https:\/\/www.suno.com.br\/noticias\/brf-novo-prejuizo-2018-perdas-somam\/","name":"BRF tem novo preju\u00edzo em 2018 e perdas somam R$ 4,466 bilh\u00f5es","isPartOf":{"@id":"https:\/\/www.suno.com.br\/noticias\/#website"},"primaryImageOfPage":{"@id":"https:\/\/www.suno.com.br\/noticias\/brf-novo-prejuizo-2018-perdas-somam\/#primaryimage"},"image":{"@id":"https:\/\/www.suno.com.br\/noticias\/brf-novo-prejuizo-2018-perdas-somam\/#primaryimage"},"thumbnailUrl":"https:\/\/files.sunoresearch.com.br\/n\/uploads\/2018\/12\/bf4d63f8-planta-da-brf-jpg.webp","datePublished":"2019-02-28T16:39:13+00:00","description":"A BRF registrou um preju\u00edzo l\u00edquido de R$ 4,466 bilh\u00f5es em 2018, perdas 306% maiores do que as aferidas em 2017. Clique e saiba mais.","breadcrumb":{"@id":"https:\/\/www.suno.com.br\/noticias\/brf-novo-prejuizo-2018-perdas-somam\/#breadcrumb"},"inLanguage":"pt-BR","potentialAction":[{"@type":"ReadAction","target":["https:\/\/www.suno.com.br\/noticias\/brf-novo-prejuizo-2018-perdas-somam\/"]}]},{"@type":"ImageObject","inLanguage":"pt-BR","@id":"https:\/\/www.suno.com.br\/noticias\/brf-novo-prejuizo-2018-perdas-somam\/#primaryimage","url":"https:\/\/files.sunoresearch.com.br\/n\/uploads\/2018\/12\/bf4d63f8-planta-da-brf-jpg.webp","contentUrl":"https:\/\/files.sunoresearch.com.br\/n\/uploads\/2018\/12\/bf4d63f8-planta-da-brf-jpg.webp","width":997,"height":385,"caption":"BRF (BRFS3) tem unidade interditada por 15 dias pela Justi\u00e7a"},{"@type":"BreadcrumbList","@id":"https:\/\/www.suno.com.br\/noticias\/brf-novo-prejuizo-2018-perdas-somam\/#breadcrumb","itemListElement":[{"@type":"ListItem","position":1,"name":"Not\u00edcias","item":"https:\/\/www.suno.com.br\/noticias\/"},{"@type":"ListItem","position":2,"name":"Neg\u00f3cios","item":"https:\/\/www.suno.com.br\/noticias\/negocios\/"},{"@type":"ListItem","position":3,"name":"BRF tem novo preju\u00edzo em 2018 e perdas somam R$ 4,466 bilh\u00f5es"}]},{"@type":"WebSite","@id":"https:\/\/www.suno.com.br\/noticias\/#website","url":"https:\/\/www.suno.com.br\/noticias\/","name":"Suno Not\u00edcias","description":"Seu portal de informa\u00e7\u00e3o sobre o mundo dos investimentos","publisher":{"@id":"https:\/\/www.suno.com.br\/noticias\/#organization"},"potentialAction":[{"@type":"SearchAction","target":{"@type":"EntryPoint","urlTemplate":"https:\/\/www.suno.com.br\/noticias\/?s={search_term_string}"},"query-input":{"@type":"PropertyValueSpecification","valueRequired":true,"valueName":"search_term_string"}}],"inLanguage":"pt-BR"},{"@type":"Organization","@id":"https:\/\/www.suno.com.br\/noticias\/#organization","name":"Suno Not\u00edcias","url":"https:\/\/www.suno.com.br\/noticias\/","logo":{"@type":"ImageObject","inLanguage":"pt-BR","@id":"https:\/\/www.suno.com.br\/noticias\/#\/schema\/logo\/image\/","url":"https:\/\/files.sunoresearch.com.br\/n\/uploads\/2021\/09\/suno-logo.png","contentUrl":"https:\/\/files.sunoresearch.com.br\/n\/uploads\/2021\/09\/suno-logo.png","width":180,"height":180,"caption":"Suno Not\u00edcias"},"image":{"@id":"https:\/\/www.suno.com.br\/noticias\/#\/schema\/logo\/image\/"},"sameAs":["https:\/\/facebook.com\/sunoresearch","https:\/\/x.com\/sunoresearch","https:\/\/www.instagram.com\/suno","https:\/\/www.linkedin.com\/company\/suno-research\/","https:\/\/www.youtube.com\/c\/sunoresearch"]},{"@type":"Person","@id":"https:\/\/www.suno.com.br\/noticias\/#\/schema\/person\/0d0c9687cd2f600c564f25980c140de9","name":"Guilherme Caetano","image":{"@type":"ImageObject","inLanguage":"pt-BR","@id":"https:\/\/www.suno.com.br\/noticias\/#\/schema\/person\/image\/","url":"https:\/\/secure.gravatar.com\/avatar\/e48357351a01702a0d19307070e081bf?s=96&r=g","contentUrl":"https:\/\/secure.gravatar.com\/avatar\/e48357351a01702a0d19307070e081bf?s=96&r=g","caption":"Guilherme Caetano"},"description":"Formado em jornalismo pela Escola de Comunica\u00e7\u00f5es e Artes da USP, Guilherme Caetano escreve para o portal de not\u00edcias da Suno Research. Passou pelas reda\u00e7\u00f5es da Folha de S.Paulo e da revista \u00c9poca.","url":"https:\/\/www.suno.com.br\/noticias\/author\/guilherme-caetano\/"}]}},"default_loop_html":"<div class=\"cardsPage__listCard__boxs\"><div class=\"cardsPage__listCard__boxs__img\"><a href=\"https:\/\/www.suno.com.br\/noticias\/brf-novo-prejuizo-2018-perdas-somam\/\"><img class=\"mask\" src=\"https:\/\/www.suno.com.br\/noticias\/wp-content\/themes\/suno\/resources\/images\/spotlight\/spotlight1img\/bg-mask.png\" alt=\"Image Mask\"\/><img src=\"https:\/\/files.sunoresearch.com.br\/n\/uploads\/2018\/12\/bf4d63f8-planta-da-brf-400x200.webp\" alt=\"BRF tem novo preju\u00edzo em 2018 e perdas somam R$ 4,466 bilh\u00f5es\"\/><\/a><span class=\"spotlightCategory\"><a href=\"https:\/\/www.suno.com.br\/noticias\/negocios\/\">Neg\u00f3cios<\/a><\/span><\/div><div class=\"cardsPage__listCard__boxs__content\"><a href=\"https:\/\/www.suno.com.br\/noticias\/brf-novo-prejuizo-2018-perdas-somam\/\"><h2 class=\"content__title\">BRF tem novo preju\u00edzo em 2018 e perdas somam R$ 4,466 bilh\u00f5es<\/h2><\/a><div class=\"newsContent__article__meta\"><div class=\"newsContent__article__meta__authorBox\"><a href=\"https:\/\/www.suno.com.br\/noticias\/author\/guilherme-caetano\/\" class=\"authorBox__avatar noMobi\"><img src=\"https:\/\/secure.gravatar.com\/avatar\/e48357351a01702a0d19307070e081bf?s=96&#038;r=g\" alt=\"Guilherme Caetano\"><\/a><div class=\"authorBox__name\"><span>por\n\t\t\t<a href=\"https:\/\/www.suno.com.br\/noticias\/author\/guilherme-caetano\/\"><span itemprop=\"author\">Guilherme Caetano<\/span><\/a><\/span><time datetime=\"2019-02-28T13:39:13-03:00\" itemprop=\"datePublished\">28\/02\/2019 13:39<\/time><\/div><\/div><\/div><\/div><\/div>","single_layout":"posts","amp_enabled":true,"_links":{"self":[{"href":"https:\/\/www.suno.com.br\/noticias\/wp-json\/wp\/v2\/posts\/16903"}],"collection":[{"href":"https:\/\/www.suno.com.br\/noticias\/wp-json\/wp\/v2\/posts"}],"about":[{"href":"https:\/\/www.suno.com.br\/noticias\/wp-json\/wp\/v2\/types\/post"}],"author":[{"embeddable":true,"href":"https:\/\/www.suno.com.br\/noticias\/wp-json\/wp\/v2\/users\/13"}],"replies":[{"embeddable":true,"href":"https:\/\/www.suno.com.br\/noticias\/wp-json\/wp\/v2\/comments?post=16903"}],"version-history":[{"count":0,"href":"https:\/\/www.suno.com.br\/noticias\/wp-json\/wp\/v2\/posts\/16903\/revisions"}],"wp:featuredmedia":[{"embeddable":true,"href":"https:\/\/www.suno.com.br\/noticias\/wp-json\/wp\/v2\/media\/8111"}],"wp:attachment":[{"href":"https:\/\/www.suno.com.br\/noticias\/wp-json\/wp\/v2\/media?parent=16903"}],"wp:term":[{"taxonomy":"category","embeddable":true,"href":"https:\/\/www.suno.com.br\/noticias\/wp-json\/wp\/v2\/categories?post=16903"},{"taxonomy":"post_tag","embeddable":true,"href":"https:\/\/www.suno.com.br\/noticias\/wp-json\/wp\/v2\/tags?post=16903"},{"taxonomy":"suno_strategy","embeddable":true,"href":"https:\/\/www.suno.com.br\/noticias\/wp-json\/wp\/v2\/suno_strategy?post=16903"}],"curies":[{"name":"wp","href":"https:\/\/api.w.org\/{rel}","templated":true}]}}