{"id":168609,"date":"2021-07-23T15:24:56","date_gmt":"2021-07-23T18:24:56","guid":{"rendered":"https:\/\/www.suno.com.br\/noticias\/?p=168609"},"modified":"2021-07-23T15:24:56","modified_gmt":"2021-07-23T18:24:56","slug":"bolsa-familia-300-media-nao-esta-garantido","status":"publish","type":"post","link":"https:\/\/www.suno.com.br\/noticias\/bolsa-familia-300-media-nao-esta-garantido\/","title":{"rendered":"Novo Bolsa Fam\u00edlia n\u00e3o est\u00e1 garantido, afirma economista da IFI"},"content":{"rendered":"<p>O <strong>Bolsa Fam\u00edlia<\/strong> n\u00e3o est\u00e1 garantido, mesmo com uma poss\u00edvel folga no <a class=\"suno-keyword\" href=\"https:\/\/www.suno.com.br\/artigos\/teto-de-gastos\/\" target=\"_blank\" rel=\"noopener noreferrer\" data-force=\"no\" data-priority=\"1\">teto de gastos<\/a> e com o aumento da arrecada\u00e7\u00e3o federal, segundo an\u00e1lise do diretor executivo da Institui\u00e7\u00e3o Fiscal Independente (IFI) do Senado, Felipe Salto.<\/p>\t<div class=\"wrapper-featured-image\">\n\t\t<figure class=\"spotlightImg\">\n\n\t\t\t<picture>\n\t\t\t\t<source media=\"(max-width: 768px)\" srcset=\"https:\/\/files.sunoresearch.com.br\/n\/uploads\/2019\/09\/63986d42-caixaa-400x200.webp\">\n\t\t\t\t<img loading=\"lazy\" decoding=\"async\" class=\"newsContent__article__imgCapa lazyloadDisabled \" src=\"https:\/\/files.sunoresearch.com.br\/n\/uploads\/2019\/09\/63986d42-caixaa-800x450.webp\" width=\"800\" height=\"450\" alt=\"Novo Bolsa Fam\u00edlia n\u00e3o est\u00e1 garantido, afirma economista da IFI\" fetchpriority=high \/>\n\t\t\t<\/picture>\n\n\t\t\t<figcaption class=\"wp-caption-text wp-caption-text--show\">O novo Bolsa Fam\u00edlia foi anunciado pelo presidente Bolsonaro ainda em junho - Foto: Divulga\u00e7\u00e3o<\/figcaption>\n\t\t<\/figure>\n\t<\/div>\n\n\n\t<p>\n\t\t<a href=\"https:\/\/lp.suno.com.br\/planilha-controle-gastos\/\" target=\"_blank\" data-element=\"shortcode-suno-banner\" title=\"Banner SUNO, clique e saiba mais\">\n\t\t\t<picture>\n\t\t\t\t<source media=\"(max-width: 500px)\" srcset=\"https:\/\/files.sunoresearch.com.br\/n\/uploads\/2023\/03\/400x300-Planilha-controle-de-gastos.png\">\n\t\t\t\t<img class=\"newsContent__article__imgCapa newsContent__article__imgCapa--banner\"\n\t\t\t\t\tsrc=\"https:\/\/files.sunoresearch.com.br\/n\/uploads\/2023\/03\/1420x240-Planilha-controle-de-gastos.png\"\n\t\t\t\t\tdata-promo-id=\"101751\"\t\t\t\t\t\t\t\t\t\twidth='1420' height='240'\t\t\t\t\talt=\"https:\/\/files.sunoresearch.com.br\/n\/uploads\/2023\/03\/1420x240-Planilha-controle-de-gastos.png\"\n\t\t\t\t>\n\t\t\t<\/picture>\n\t\t<\/a>\n\t<\/p>\n\n\n<p>Durante a entrevista, ele destacou que, mesmo com o espa\u00e7o, poder\u00e1 faltar dinheiro para viabilizar a promessa do presidente <strong>Jair<\/strong> <strong>Bolsonaro<\/strong> (sem partido) de ampliar o <a href=\"https:\/\/www.suno.com.br\/noticias\/tags\/bolsa-familia\/\">programa Bolsa Fam\u00edlia<\/a> do valor m\u00e9dio de R$ 190 para R$ 300.<\/p>\n<p>Salto tamb\u00e9m avaliou que, apesar de haver uma folga na regra que impede que as <strong>despesas<\/strong> cres\u00e7am em ritmo superior \u00e0 infla\u00e7\u00e3o em 2022, o espa\u00e7o para ampliar investimentos \u00e9 ilus\u00f3rio e impulsionado por fatores negativos, como o avan\u00e7o da infla\u00e7\u00e3o.<\/p>\n\t<div data-element=\"shortcode-read-more\" class=\"knowMore\">\n\t\t\t\t<span class=\"knowMore__title\">Leia mais<\/span>\n\t\t\t\t<a class=\"knowMore__link\" href=\"https:\/\/www.suno.com.br\/noticias\/financas-motivo-estresse-familias\/\">\n\t\t\tFinan\u00e7as s\u00e3o motivo de estresse em 58,4% das fam\u00edlias\t\t<\/a>\n\t<\/div>\n\n\n<p>Em relat\u00f3rio recente, a IFI calcula que o espa\u00e7o para amplia\u00e7\u00e3o de despesas em 2022 ser\u00e1 de R$ 47,3 bilh\u00f5es, <a href=\"https:\/\/www.suno.com.br\/artigos\/ipca\/\">mas pode diminuir caso a <strong>infla\u00e7\u00e3o<\/strong> de dezembro<\/a>, que baliza outros benef\u00edcios sociais, avance.<\/p>\n<p>Em um dos cen\u00e1rios mais extremos, caso a infla\u00e7\u00e3o ultrapasse a proje\u00e7\u00e3o para dezembro do INPC &#8211; atualmente estimado em 5,8% &#8211; em 1,5 ponto porcentual, esse espa\u00e7o cairia para R$ 28 bilh\u00f5es. Segundo Salto, h\u00e1 uma incerteza muito grande sobre os <a class=\"suno-keyword\" href=\"https:\/\/www.suno.com.br\/artigos\/indices-de-inflacao\/\" target=\"_blank\" rel=\"noopener noreferrer\" data-force=\"no\" data-priority=\"1\">\u00edndices de infla\u00e7\u00e3o<\/a>, notadamente, o INPC (que corrige o sal\u00e1rio m\u00ednimo) e o <strong>IPCA<\/strong> (\u00edndice oficial).<\/p>\n\t<p>\n\t\t<a href=\"https:\/\/lp.suno.com.br\/planilha-da-vida-financeira\/\" target=\"_blank\" data-element=\"shortcode-suno-banner\" title=\"Banner SUNO, clique e saiba mais\">\n\t\t\t<picture>\n\t\t\t\t<source media=\"(max-width: 500px)\" srcset=\"https:\/\/files.sunoresearch.com.br\/n\/uploads\/2023\/04\/400x300-Planilha-vida-financeira-true.png\">\n\t\t\t\t<img class=\"newsContent__article__imgCapa newsContent__article__imgCapa--banner\"\n\t\t\t\t\tsrc=\"https:\/\/files.sunoresearch.com.br\/n\/uploads\/2023\/04\/1420x240-Planilha-vida-financeira-true.png\"\n\t\t\t\t\tdata-promo-id=\"106682\"\t\t\t\t\t\t\t\t\t\twidth='1420' height='240'\t\t\t\t\talt=\"https:\/\/files.sunoresearch.com.br\/n\/uploads\/2023\/04\/1420x240-Planilha-vida-financeira-true.png\"\n\t\t\t\t>\n\t\t\t<\/picture>\n\t\t<\/a>\n\t<\/p>\n\n\n<h2>Governo Federal anunciou novo Bolsa Fam\u00edlia em junho<\/h2>\n<p>O presidente Jair Bolsonaro declarou, no dia 15 de junho, que o novo\u00a0Bolsa Fam\u00edlia\u00a0pagar\u00e1 R$ 300 em m\u00e9dia para os <strong>benefici\u00e1rios<\/strong> do programa. Em entrevista \u00e0\u00a0<i>SIC TV<\/i>, afiliada da\u00a0<i>TV Record<\/i>\u00a0em Rond\u00f4nia, ele citou que a infla\u00e7\u00e3o de produtos que comp\u00f5em a cesta b\u00e1sica ficou \u201cem torno de 14%\u201d, e alguns itens chegaram a subir 50%.<\/p>\n<p>\u201cO<strong> Bolsa Fam\u00edlia<\/strong>, a ideia \u00e9 dar um aumento de 50% para ele em dezembro, para sair de m\u00e9dia de R$ 190, um pouco mais de 50% seria (<i>o aumento<\/i>), para R$ 300. \u00c9 isso que est\u00e1 praticamente acertado aqui\u201d, disse o presidente.<\/p>\n<p><strong><em>Com informa\u00e7\u00f5es do Estad\u00e3o Conte\u00fado<\/em><\/strong><\/p>\n\t<p>\n\t\t<a href=\"https:\/\/lp.suno.com.br\/planilha-de-controle-de-investimentos\/\" target=\"_blank\" data-element=\"shortcode-suno-banner\" title=\"Banner SUNO, clique e saiba mais\">\n\t\t\t<picture>\n\t\t\t\t<source media=\"(max-width: 500px)\" srcset=\"https:\/\/files.sunoresearch.com.br\/n\/uploads\/2023\/03\/400x300-Controle-de-Investimentos.png\">\n\t\t\t\t<img class=\"newsContent__article__imgCapa newsContent__article__imgCapa--banner\"\n\t\t\t\t\tsrc=\"https:\/\/files.sunoresearch.com.br\/n\/uploads\/2023\/03\/1420x240-Controle-de-Investimentos.png\"\n\t\t\t\t\tdata-promo-id=\"75934\"\t\t\t\t\t\t\t\t\t\twidth='1420' height='240'\t\t\t\t\talt=\"https:\/\/files.sunoresearch.com.br\/n\/uploads\/2023\/03\/1420x240-Controle-de-Investimentos.png\"\n\t\t\t\t>\n\t\t\t<\/picture>\n\t\t<\/a>\n\t<\/p>\n\n\n","protected":false},"excerpt":{"rendered":"<p>O Bolsa Fam\u00edlia n\u00e3o est\u00e1 garantido, mesmo com uma poss\u00edvel folga no teto de gastos e com o aumento da arrecada\u00e7\u00e3o federal, segundo an\u00e1lise do diretor executivo da Institui\u00e7\u00e3o Fiscal Independente (IFI) do Senado, Felipe Salto. O novo Bolsa Fam\u00edlia foi anunciado pelo presidente Bolsonaro ainda em junho &#8211; Foto: Divulga\u00e7\u00e3o Durante a entrevista, ele [&hellip;]<\/p>\n","protected":false},"author":73,"featured_media":36300,"comment_status":"closed","ping_status":"closed","sticky":false,"template":"","format":"standard","meta":[],"categories":[62],"tags":[106444,17139,774,1556,719],"suno_strategy":[],"class_list":["post-168609","post","type-post","status-publish","format-standard","has-post-thumbnail","hentry","category-economia","tag-agencias","tag-auxilio-emergencial","tag-bolsa-familia","tag-governo-federal","tag-jair-bolsonaro"],"yoast_head":"<!-- This site is optimized with the Yoast SEO plugin v24.4 - https:\/\/yoast.com\/wordpress\/plugins\/seo\/ -->\n<title>Novo Bolsa Fam\u00edlia n\u00e3o est\u00e1 garantido, afirma economista<\/title>\n<meta name=\"description\" content=\"Mesmo com folga no or\u00e7amento, poder\u00e3o faltar recursos para ampliar o Bolsa Fam\u00edlia, analisa o economista do IFI. Clique aqui e leia mais.\" \/>\n<meta name=\"robots\" content=\"index, follow, max-snippet:-1, max-image-preview:large, max-video-preview:-1\" \/>\n<link rel=\"canonical\" href=\"https:\/\/www.suno.com.br\/noticias\/bolsa-familia-300-media-nao-esta-garantido\/\" \/>\n<meta property=\"og:locale\" content=\"pt_BR\" \/>\n<meta property=\"og:type\" content=\"article\" \/>\n<meta property=\"og:title\" content=\"Novo Bolsa Fam\u00edlia n\u00e3o est\u00e1 garantido, afirma economista\" \/>\n<meta property=\"og:description\" content=\"Mesmo com folga no or\u00e7amento, poder\u00e3o faltar recursos para ampliar o Bolsa Fam\u00edlia, analisa o economista do IFI. Clique aqui e leia mais.\" \/>\n<meta property=\"og:url\" content=\"https:\/\/www.suno.com.br\/noticias\/bolsa-familia-300-media-nao-esta-garantido\/\" \/>\n<meta property=\"og:site_name\" content=\"Suno Not\u00edcias\" \/>\n<meta property=\"article:publisher\" content=\"https:\/\/facebook.com\/sunoresearch\" \/>\n<meta property=\"og:image\" content=\"https:\/\/files.sunoresearch.com.br\/n\/uploads\/2019\/09\/63986d42-caixaa.jpg\" \/>\n\t<meta property=\"og:image:width\" content=\"2845\" \/>\n\t<meta property=\"og:image:height\" content=\"2845\" \/>\n\t<meta property=\"og:image:type\" content=\"image\/jpeg\" \/>\n<meta name=\"author\" content=\"Eduardo Vargas\" \/>\n<meta name=\"twitter:card\" content=\"summary_large_image\" \/>\n<meta name=\"twitter:creator\" content=\"@sunoresearch\" \/>\n<meta name=\"twitter:site\" content=\"@sunoresearch\" \/>\n<meta name=\"twitter:label1\" content=\"Escrito por\" \/>\n\t<meta name=\"twitter:data1\" content=\"Eduardo Vargas\" \/>\n\t<meta name=\"twitter:label2\" content=\"Est. tempo de leitura\" \/>\n\t<meta name=\"twitter:data2\" content=\"2 minutos\" \/>\n<script type=\"application\/ld+json\" class=\"yoast-schema-graph\">{\"@context\":\"https:\/\/schema.org\",\"@graph\":[{\"@type\":\"NewsArticle\",\"@id\":\"https:\/\/www.suno.com.br\/noticias\/bolsa-familia-300-media-nao-esta-garantido\/#article\",\"isPartOf\":{\"@id\":\"https:\/\/www.suno.com.br\/noticias\/bolsa-familia-300-media-nao-esta-garantido\/\"},\"author\":{\"name\":\"Eduardo Vargas\",\"@id\":\"https:\/\/www.suno.com.br\/noticias\/#\/schema\/person\/7f4d362bf3518e76090143ae77bb49a5\"},\"headline\":\"Novo Bolsa Fam\u00edlia n\u00e3o est\u00e1 garantido, afirma economista da IFI\",\"datePublished\":\"2021-07-23T18:24:56+00:00\",\"mainEntityOfPage\":{\"@id\":\"https:\/\/www.suno.com.br\/noticias\/bolsa-familia-300-media-nao-esta-garantido\/\"},\"wordCount\":373,\"publisher\":{\"@id\":\"https:\/\/www.suno.com.br\/noticias\/#organization\"},\"image\":{\"@id\":\"https:\/\/www.suno.com.br\/noticias\/bolsa-familia-300-media-nao-esta-garantido\/#primaryimage\"},\"thumbnailUrl\":\"https:\/\/files.sunoresearch.com.br\/n\/uploads\/2019\/09\/63986d42-caixaa-scaled.webp\",\"keywords\":[\"Ag\u00eancias\",\"aux\u00edlio emergencial\",\"Bolsa Fam\u00edlia\",\"governo federal\",\"Jair Bolsonaro\"],\"articleSection\":[\"Economia\"],\"inLanguage\":\"pt-BR\"},{\"@type\":\"WebPage\",\"@id\":\"https:\/\/www.suno.com.br\/noticias\/bolsa-familia-300-media-nao-esta-garantido\/\",\"url\":\"https:\/\/www.suno.com.br\/noticias\/bolsa-familia-300-media-nao-esta-garantido\/\",\"name\":\"Novo Bolsa Fam\u00edlia n\u00e3o est\u00e1 garantido, afirma economista\",\"isPartOf\":{\"@id\":\"https:\/\/www.suno.com.br\/noticias\/#website\"},\"primaryImageOfPage\":{\"@id\":\"https:\/\/www.suno.com.br\/noticias\/bolsa-familia-300-media-nao-esta-garantido\/#primaryimage\"},\"image\":{\"@id\":\"https:\/\/www.suno.com.br\/noticias\/bolsa-familia-300-media-nao-esta-garantido\/#primaryimage\"},\"thumbnailUrl\":\"https:\/\/files.sunoresearch.com.br\/n\/uploads\/2019\/09\/63986d42-caixaa-scaled.webp\",\"datePublished\":\"2021-07-23T18:24:56+00:00\",\"description\":\"Mesmo com folga no or\u00e7amento, poder\u00e3o faltar recursos para ampliar o Bolsa Fam\u00edlia, analisa o economista do IFI. Clique aqui e leia mais.\",\"breadcrumb\":{\"@id\":\"https:\/\/www.suno.com.br\/noticias\/bolsa-familia-300-media-nao-esta-garantido\/#breadcrumb\"},\"inLanguage\":\"pt-BR\",\"potentialAction\":[{\"@type\":\"ReadAction\",\"target\":[\"https:\/\/www.suno.com.br\/noticias\/bolsa-familia-300-media-nao-esta-garantido\/\"]}]},{\"@type\":\"ImageObject\",\"inLanguage\":\"pt-BR\",\"@id\":\"https:\/\/www.suno.com.br\/noticias\/bolsa-familia-300-media-nao-esta-garantido\/#primaryimage\",\"url\":\"https:\/\/files.sunoresearch.com.br\/n\/uploads\/2019\/09\/63986d42-caixaa-scaled.webp\",\"contentUrl\":\"https:\/\/files.sunoresearch.com.br\/n\/uploads\/2019\/09\/63986d42-caixaa-scaled.webp\",\"width\":2560,\"height\":2560,\"caption\":\"O novo Bolsa Fam\u00edlia foi anunciado pelo presidente Bolsonaro ainda em junho - Foto: Divulga\u00e7\u00e3o\"},{\"@type\":\"BreadcrumbList\",\"@id\":\"https:\/\/www.suno.com.br\/noticias\/bolsa-familia-300-media-nao-esta-garantido\/#breadcrumb\",\"itemListElement\":[{\"@type\":\"ListItem\",\"position\":1,\"name\":\"Not\u00edcias\",\"item\":\"https:\/\/www.suno.com.br\/noticias\/\"},{\"@type\":\"ListItem\",\"position\":2,\"name\":\"Economia\",\"item\":\"https:\/\/www.suno.com.br\/noticias\/economia\/\"},{\"@type\":\"ListItem\",\"position\":3,\"name\":\"Novo Bolsa Fam\u00edlia n\u00e3o est\u00e1 garantido, afirma economista da IFI\"}]},{\"@type\":\"WebSite\",\"@id\":\"https:\/\/www.suno.com.br\/noticias\/#website\",\"url\":\"https:\/\/www.suno.com.br\/noticias\/\",\"name\":\"Suno Not\u00edcias\",\"description\":\"Seu portal de informa\u00e7\u00e3o sobre o mundo dos investimentos\",\"publisher\":{\"@id\":\"https:\/\/www.suno.com.br\/noticias\/#organization\"},\"potentialAction\":[{\"@type\":\"SearchAction\",\"target\":{\"@type\":\"EntryPoint\",\"urlTemplate\":\"https:\/\/www.suno.com.br\/noticias\/?s={search_term_string}\"},\"query-input\":{\"@type\":\"PropertyValueSpecification\",\"valueRequired\":true,\"valueName\":\"search_term_string\"}}],\"inLanguage\":\"pt-BR\"},{\"@type\":\"Organization\",\"@id\":\"https:\/\/www.suno.com.br\/noticias\/#organization\",\"name\":\"Suno Not\u00edcias\",\"url\":\"https:\/\/www.suno.com.br\/noticias\/\",\"logo\":{\"@type\":\"ImageObject\",\"inLanguage\":\"pt-BR\",\"@id\":\"https:\/\/www.suno.com.br\/noticias\/#\/schema\/logo\/image\/\",\"url\":\"https:\/\/files.sunoresearch.com.br\/n\/uploads\/2021\/09\/suno-logo.png\",\"contentUrl\":\"https:\/\/files.sunoresearch.com.br\/n\/uploads\/2021\/09\/suno-logo.png\",\"width\":180,\"height\":180,\"caption\":\"Suno Not\u00edcias\"},\"image\":{\"@id\":\"https:\/\/www.suno.com.br\/noticias\/#\/schema\/logo\/image\/\"},\"sameAs\":[\"https:\/\/facebook.com\/sunoresearch\",\"https:\/\/x.com\/sunoresearch\",\"https:\/\/www.instagram.com\/suno\",\"https:\/\/www.linkedin.com\/company\/suno-research\/\",\"https:\/\/www.youtube.com\/c\/sunoresearch\"]},{\"@type\":\"Person\",\"@id\":\"https:\/\/www.suno.com.br\/noticias\/#\/schema\/person\/7f4d362bf3518e76090143ae77bb49a5\",\"name\":\"Eduardo Vargas\",\"image\":{\"@type\":\"ImageObject\",\"inLanguage\":\"pt-BR\",\"@id\":\"https:\/\/www.suno.com.br\/noticias\/#\/schema\/person\/image\/\",\"url\":\"https:\/\/secure.gravatar.com\/avatar\/dac340933427a22924c9f99d1eb2e3f2?s=96&r=g\",\"contentUrl\":\"https:\/\/secure.gravatar.com\/avatar\/dac340933427a22924c9f99d1eb2e3f2?s=96&r=g\",\"caption\":\"Eduardo Vargas\"},\"description\":\"Jornalista formado pela UFSC, cobre macroeconomia, neg\u00f3cios e startups para o Suno Not\u00edcias, escrevendo principalmente not\u00edcias sobre o mercado financeiro e a bolsa de valores. No YouTube e no Instagram, \u00e9 respons\u00e1vel pela produ\u00e7\u00e3o de Reels e Shorts do Suno Not\u00edcias. Anteriormente, trabalhou cobrindo economia e cotidiano no ND+ e para o ND, maior jornal impresso de Santa Catarina. Cursou um semestre letivo de Estudos de M\u00eddia na Universidad de Buenos Aires.\",\"url\":\"https:\/\/www.suno.com.br\/noticias\/author\/eduardo-vargas\/\"}]}<\/script>\n<!-- \/ Yoast SEO plugin. -->","yoast_head_json":{"title":"Novo Bolsa Fam\u00edlia n\u00e3o est\u00e1 garantido, afirma economista","description":"Mesmo com folga no or\u00e7amento, poder\u00e3o faltar recursos para ampliar o Bolsa Fam\u00edlia, analisa o economista do IFI. Clique aqui e leia mais.","robots":{"index":"index","follow":"follow","max-snippet":"max-snippet:-1","max-image-preview":"max-image-preview:large","max-video-preview":"max-video-preview:-1"},"canonical":"https:\/\/www.suno.com.br\/noticias\/bolsa-familia-300-media-nao-esta-garantido\/","og_locale":"pt_BR","og_type":"article","og_title":"Novo Bolsa Fam\u00edlia n\u00e3o est\u00e1 garantido, afirma economista","og_description":"Mesmo com folga no or\u00e7amento, poder\u00e3o faltar recursos para ampliar o Bolsa Fam\u00edlia, analisa o economista do IFI. Clique aqui e leia mais.","og_url":"https:\/\/www.suno.com.br\/noticias\/bolsa-familia-300-media-nao-esta-garantido\/","og_site_name":"Suno Not\u00edcias","article_publisher":"https:\/\/facebook.com\/sunoresearch","og_image":[{"width":2845,"height":2845,"url":"https:\/\/files.sunoresearch.com.br\/n\/uploads\/2019\/09\/63986d42-caixaa.jpg","type":"image\/jpeg"}],"author":"Eduardo Vargas","twitter_card":"summary_large_image","twitter_creator":"@sunoresearch","twitter_site":"@sunoresearch","twitter_misc":{"Escrito por":"Eduardo Vargas","Est. tempo de leitura":"2 minutos"},"schema":{"@context":"https:\/\/schema.org","@graph":[{"@type":"NewsArticle","@id":"https:\/\/www.suno.com.br\/noticias\/bolsa-familia-300-media-nao-esta-garantido\/#article","isPartOf":{"@id":"https:\/\/www.suno.com.br\/noticias\/bolsa-familia-300-media-nao-esta-garantido\/"},"author":{"name":"Eduardo Vargas","@id":"https:\/\/www.suno.com.br\/noticias\/#\/schema\/person\/7f4d362bf3518e76090143ae77bb49a5"},"headline":"Novo Bolsa Fam\u00edlia n\u00e3o est\u00e1 garantido, afirma economista da IFI","datePublished":"2021-07-23T18:24:56+00:00","mainEntityOfPage":{"@id":"https:\/\/www.suno.com.br\/noticias\/bolsa-familia-300-media-nao-esta-garantido\/"},"wordCount":373,"publisher":{"@id":"https:\/\/www.suno.com.br\/noticias\/#organization"},"image":{"@id":"https:\/\/www.suno.com.br\/noticias\/bolsa-familia-300-media-nao-esta-garantido\/#primaryimage"},"thumbnailUrl":"https:\/\/files.sunoresearch.com.br\/n\/uploads\/2019\/09\/63986d42-caixaa-scaled.webp","keywords":["Ag\u00eancias","aux\u00edlio emergencial","Bolsa Fam\u00edlia","governo federal","Jair Bolsonaro"],"articleSection":["Economia"],"inLanguage":"pt-BR"},{"@type":"WebPage","@id":"https:\/\/www.suno.com.br\/noticias\/bolsa-familia-300-media-nao-esta-garantido\/","url":"https:\/\/www.suno.com.br\/noticias\/bolsa-familia-300-media-nao-esta-garantido\/","name":"Novo Bolsa Fam\u00edlia n\u00e3o est\u00e1 garantido, afirma economista","isPartOf":{"@id":"https:\/\/www.suno.com.br\/noticias\/#website"},"primaryImageOfPage":{"@id":"https:\/\/www.suno.com.br\/noticias\/bolsa-familia-300-media-nao-esta-garantido\/#primaryimage"},"image":{"@id":"https:\/\/www.suno.com.br\/noticias\/bolsa-familia-300-media-nao-esta-garantido\/#primaryimage"},"thumbnailUrl":"https:\/\/files.sunoresearch.com.br\/n\/uploads\/2019\/09\/63986d42-caixaa-scaled.webp","datePublished":"2021-07-23T18:24:56+00:00","description":"Mesmo com folga no or\u00e7amento, poder\u00e3o faltar recursos para ampliar o Bolsa Fam\u00edlia, analisa o economista do IFI. Clique aqui e leia mais.","breadcrumb":{"@id":"https:\/\/www.suno.com.br\/noticias\/bolsa-familia-300-media-nao-esta-garantido\/#breadcrumb"},"inLanguage":"pt-BR","potentialAction":[{"@type":"ReadAction","target":["https:\/\/www.suno.com.br\/noticias\/bolsa-familia-300-media-nao-esta-garantido\/"]}]},{"@type":"ImageObject","inLanguage":"pt-BR","@id":"https:\/\/www.suno.com.br\/noticias\/bolsa-familia-300-media-nao-esta-garantido\/#primaryimage","url":"https:\/\/files.sunoresearch.com.br\/n\/uploads\/2019\/09\/63986d42-caixaa-scaled.webp","contentUrl":"https:\/\/files.sunoresearch.com.br\/n\/uploads\/2019\/09\/63986d42-caixaa-scaled.webp","width":2560,"height":2560,"caption":"O novo Bolsa Fam\u00edlia foi anunciado pelo presidente Bolsonaro ainda em junho - Foto: Divulga\u00e7\u00e3o"},{"@type":"BreadcrumbList","@id":"https:\/\/www.suno.com.br\/noticias\/bolsa-familia-300-media-nao-esta-garantido\/#breadcrumb","itemListElement":[{"@type":"ListItem","position":1,"name":"Not\u00edcias","item":"https:\/\/www.suno.com.br\/noticias\/"},{"@type":"ListItem","position":2,"name":"Economia","item":"https:\/\/www.suno.com.br\/noticias\/economia\/"},{"@type":"ListItem","position":3,"name":"Novo Bolsa Fam\u00edlia n\u00e3o est\u00e1 garantido, afirma economista da IFI"}]},{"@type":"WebSite","@id":"https:\/\/www.suno.com.br\/noticias\/#website","url":"https:\/\/www.suno.com.br\/noticias\/","name":"Suno Not\u00edcias","description":"Seu portal de informa\u00e7\u00e3o sobre o mundo dos investimentos","publisher":{"@id":"https:\/\/www.suno.com.br\/noticias\/#organization"},"potentialAction":[{"@type":"SearchAction","target":{"@type":"EntryPoint","urlTemplate":"https:\/\/www.suno.com.br\/noticias\/?s={search_term_string}"},"query-input":{"@type":"PropertyValueSpecification","valueRequired":true,"valueName":"search_term_string"}}],"inLanguage":"pt-BR"},{"@type":"Organization","@id":"https:\/\/www.suno.com.br\/noticias\/#organization","name":"Suno Not\u00edcias","url":"https:\/\/www.suno.com.br\/noticias\/","logo":{"@type":"ImageObject","inLanguage":"pt-BR","@id":"https:\/\/www.suno.com.br\/noticias\/#\/schema\/logo\/image\/","url":"https:\/\/files.sunoresearch.com.br\/n\/uploads\/2021\/09\/suno-logo.png","contentUrl":"https:\/\/files.sunoresearch.com.br\/n\/uploads\/2021\/09\/suno-logo.png","width":180,"height":180,"caption":"Suno Not\u00edcias"},"image":{"@id":"https:\/\/www.suno.com.br\/noticias\/#\/schema\/logo\/image\/"},"sameAs":["https:\/\/facebook.com\/sunoresearch","https:\/\/x.com\/sunoresearch","https:\/\/www.instagram.com\/suno","https:\/\/www.linkedin.com\/company\/suno-research\/","https:\/\/www.youtube.com\/c\/sunoresearch"]},{"@type":"Person","@id":"https:\/\/www.suno.com.br\/noticias\/#\/schema\/person\/7f4d362bf3518e76090143ae77bb49a5","name":"Eduardo Vargas","image":{"@type":"ImageObject","inLanguage":"pt-BR","@id":"https:\/\/www.suno.com.br\/noticias\/#\/schema\/person\/image\/","url":"https:\/\/secure.gravatar.com\/avatar\/dac340933427a22924c9f99d1eb2e3f2?s=96&r=g","contentUrl":"https:\/\/secure.gravatar.com\/avatar\/dac340933427a22924c9f99d1eb2e3f2?s=96&r=g","caption":"Eduardo Vargas"},"description":"Jornalista formado pela UFSC, cobre macroeconomia, neg\u00f3cios e startups para o Suno Not\u00edcias, escrevendo principalmente not\u00edcias sobre o mercado financeiro e a bolsa de valores. No YouTube e no Instagram, \u00e9 respons\u00e1vel pela produ\u00e7\u00e3o de Reels e Shorts do Suno Not\u00edcias. Anteriormente, trabalhou cobrindo economia e cotidiano no ND+ e para o ND, maior jornal impresso de Santa Catarina. Cursou um semestre letivo de Estudos de M\u00eddia na Universidad de Buenos Aires.","url":"https:\/\/www.suno.com.br\/noticias\/author\/eduardo-vargas\/"}]}},"default_loop_html":"<div class=\"cardsPage__listCard__boxs\"><div class=\"cardsPage__listCard__boxs__img\"><a href=\"https:\/\/www.suno.com.br\/noticias\/bolsa-familia-300-media-nao-esta-garantido\/\"><img class=\"mask\" src=\"https:\/\/www.suno.com.br\/noticias\/wp-content\/themes\/suno\/resources\/images\/spotlight\/spotlight1img\/bg-mask.png\" alt=\"Image Mask\"\/><img src=\"https:\/\/files.sunoresearch.com.br\/n\/uploads\/2019\/09\/63986d42-caixaa-400x200.webp\" alt=\"Novo Bolsa Fam\u00edlia n\u00e3o est\u00e1 garantido, afirma economista da IFI\"\/><\/a><span class=\"spotlightCategory\"><a href=\"https:\/\/www.suno.com.br\/noticias\/economia\/\">Economia<\/a><\/span><\/div><div class=\"cardsPage__listCard__boxs__content\"><a href=\"https:\/\/www.suno.com.br\/noticias\/bolsa-familia-300-media-nao-esta-garantido\/\"><h2 class=\"content__title\">Novo Bolsa Fam\u00edlia n\u00e3o est\u00e1 garantido, afirma economista da IFI<\/h2><\/a><div class=\"newsContent__article__meta\"><div class=\"newsContent__article__meta__authorBox\"><a href=\"https:\/\/www.suno.com.br\/noticias\/author\/eduardo-vargas\/\" class=\"authorBox__avatar noMobi\"><img src=\"https:\/\/secure.gravatar.com\/avatar\/dac340933427a22924c9f99d1eb2e3f2?s=96&#038;r=g\" alt=\"Eduardo Vargas\"><\/a><div class=\"authorBox__name\"><span>por\n\t\t\t<a href=\"https:\/\/www.suno.com.br\/noticias\/author\/eduardo-vargas\/\"><span itemprop=\"author\">Eduardo Vargas<\/span><\/a><\/span><time datetime=\"2021-07-23T15:24:56-03:00\" itemprop=\"datePublished\">23\/07\/2021 15:24<\/time><\/div><\/div><\/div><\/div><\/div>","single_layout":"posts","amp_enabled":true,"_links":{"self":[{"href":"https:\/\/www.suno.com.br\/noticias\/wp-json\/wp\/v2\/posts\/168609"}],"collection":[{"href":"https:\/\/www.suno.com.br\/noticias\/wp-json\/wp\/v2\/posts"}],"about":[{"href":"https:\/\/www.suno.com.br\/noticias\/wp-json\/wp\/v2\/types\/post"}],"author":[{"embeddable":true,"href":"https:\/\/www.suno.com.br\/noticias\/wp-json\/wp\/v2\/users\/73"}],"replies":[{"embeddable":true,"href":"https:\/\/www.suno.com.br\/noticias\/wp-json\/wp\/v2\/comments?post=168609"}],"version-history":[{"count":4,"href":"https:\/\/www.suno.com.br\/noticias\/wp-json\/wp\/v2\/posts\/168609\/revisions"}],"predecessor-version":[{"id":168825,"href":"https:\/\/www.suno.com.br\/noticias\/wp-json\/wp\/v2\/posts\/168609\/revisions\/168825"}],"wp:featuredmedia":[{"embeddable":true,"href":"https:\/\/www.suno.com.br\/noticias\/wp-json\/wp\/v2\/media\/36300"}],"wp:attachment":[{"href":"https:\/\/www.suno.com.br\/noticias\/wp-json\/wp\/v2\/media?parent=168609"}],"wp:term":[{"taxonomy":"category","embeddable":true,"href":"https:\/\/www.suno.com.br\/noticias\/wp-json\/wp\/v2\/categories?post=168609"},{"taxonomy":"post_tag","embeddable":true,"href":"https:\/\/www.suno.com.br\/noticias\/wp-json\/wp\/v2\/tags?post=168609"},{"taxonomy":"suno_strategy","embeddable":true,"href":"https:\/\/www.suno.com.br\/noticias\/wp-json\/wp\/v2\/suno_strategy?post=168609"}],"curies":[{"name":"wp","href":"https:\/\/api.w.org\/{rel}","templated":true}]}}