{"id":168607,"date":"2021-07-23T09:09:09","date_gmt":"2021-07-23T12:09:09","guid":{"rendered":"https:\/\/www.suno.com.br\/noticias\/?p=168607"},"modified":"2021-07-23T09:09:09","modified_gmt":"2021-07-23T12:09:09","slug":"caoa-direito-fabricar-carros-hyundai","status":"publish","type":"post","link":"https:\/\/www.suno.com.br\/noticias\/caoa-direito-fabricar-carros-hyundai\/","title":{"rendered":"Grupo Caoa vence disputa e vai fabricar carros da Hyundai por mais 10 anos"},"content":{"rendered":"<p>O Grupo Caoa, <a href=\"https:\/\/www.suno.com.br\/noticias\/tags\/setor-automotivo\/\">brasileiro e do setor automobil\u00edstico<\/a>, obteve o direito de renovar o contrato de produ\u00e7\u00e3o e distribui\u00e7\u00e3o por mais 10 anos com a <strong>Hyundai<\/strong>. A decis\u00e3o foi tomada em um tribunal arbitral em Frankfurt, na Alemanha, e divulgada nesta quinta-feira (22).<\/p>\t<div class=\"wrapper-featured-image\">\n\t\t<figure class=\"spotlightImg\">\n\n\t\t\t<picture>\n\t\t\t\t<source media=\"(max-width: 768px)\" srcset=\"https:\/\/files.sunoresearch.com.br\/n\/uploads\/2021\/07\/56affb5a-hyundai-5505817_1920-400x200.jpg\">\n\t\t\t\t<img loading=\"lazy\" decoding=\"async\" class=\"newsContent__article__imgCapa lazyloadDisabled \" src=\"https:\/\/files.sunoresearch.com.br\/n\/uploads\/2021\/07\/56affb5a-hyundai-5505817_1920-800x450.jpg\" width=\"800\" height=\"450\" alt=\"Grupo Caoa vence disputa e vai fabricar carros da Hyundai por mais 10 anos\" fetchpriority=high \/>\n\t\t\t<\/picture>\n\n\t\t\t<figcaption class=\"wp-caption-text wp-caption-text--show\">Segundo o da Caoa Chery, a inten\u00e7\u00e3o \u00e9 manter a unidade fechada at\u00e9 2025, per\u00edodo em que a f\u00e1brica ser\u00e1 preparada para produzir apenas autom\u00f3veis h\u00edbridos e el\u00e9tricos.- Foto: Pixabay<\/figcaption>\n\t\t<\/figure>\n\t<\/div>\n\n\n\t<p>\n\t\t<a href=\"https:\/\/lp.suno.com.br\/planilha-controle-gastos\/\" target=\"_blank\" data-element=\"shortcode-suno-banner\" title=\"Banner SUNO, clique e saiba mais\">\n\t\t\t<picture>\n\t\t\t\t<source media=\"(max-width: 500px)\" srcset=\"https:\/\/files.sunoresearch.com.br\/n\/uploads\/2023\/03\/400x300-Planilha-controle-de-gastos.png\">\n\t\t\t\t<img class=\"newsContent__article__imgCapa newsContent__article__imgCapa--banner\"\n\t\t\t\t\tsrc=\"https:\/\/files.sunoresearch.com.br\/n\/uploads\/2023\/03\/1420x240-Planilha-controle-de-gastos.png\"\n\t\t\t\t\tdata-promo-id=\"101751\"\t\t\t\t\t\t\t\t\t\twidth='1420' height='240'\t\t\t\t\talt=\"https:\/\/files.sunoresearch.com.br\/n\/uploads\/2023\/03\/1420x240-Planilha-controle-de-gastos.png\"\n\t\t\t\t>\n\t\t\t<\/picture>\n\t\t<\/a>\n\t<\/p>\n\n\n<p>A disputa come\u00e7ou em meados de 2018, quando a Hyundai Motors decidiu pelo <a href=\"https:\/\/www.suno.com.br\/artigos\/o-que-e-arbitragem\/\">rompimento do contrato<\/a> que garantia ao <strong>Grupo Caoa<\/strong> a possibilidade de importar e <strong>fabricar ve\u00edculos<\/strong> da empresa coreana por um per\u00edodo de 20 anos.<\/p>\n<p>No contrato, era previsto que a <strong>renova\u00e7\u00e3o<\/strong> seria autom\u00e1tica ao fim dos 10 primeiros anos &#8211; em prazo que venceu no dia 30 de abril de 2018. Contudo, 18 dias antes a Hyundai havia comunicado que iria decidir <a href=\"https:\/\/www.suno.com.br\/artigos\/contratualismo\/\">pelo rompimento do contrato<\/a>.<\/p>\n<p>Na ocasi\u00e3o, o advogado do Grupo Caoa, <strong>S\u00e9rgio Bermudes<\/strong>, havia dito que a companhia coreana n\u00e3o apresentou nenhuma justificativa para o rompimento e tamb\u00e9m prop\u00f4s um novo prazo de validade para o acordo, de dois anos.<\/p>\n\t<div data-element=\"shortcode-read-more\" class=\"knowMore\">\n\t\t\t\t<span class=\"knowMore__title\">Leia mais<\/span>\n\t\t\t\t<a class=\"knowMore__link\" href=\"https:\/\/www.suno.com.br\/noticias\/apple-hyundai-parceria-carro\/\">\n\t\t\tApple e Hyundai Motor negociam parceria para desenvolver carro el\u00e9trico\t\t<\/a>\n\t<\/div>\n\n\n<p>Em entrevista ao Jornal do Carro, do Estado de S. Paulo, o advogado tamb\u00e9m afirmou que a &#8220;Hyundai havia percebido o potencial do <strong>mercado<\/strong> <strong>brasileiro<\/strong> e o trabalho que a Caoa fez no Pa\u00eds&#8221;.<\/p>\n<p>Atualmente, o Grupo Caoa \u00e9 distribuidor das marcas\u00a0<strong>Subaru<\/strong>, Hyundai e <strong>Chery<\/strong> no Brasil.<\/p>\n<p>O fundador e presidente do conselho do grupo Caoa, Carlos Alberto de Oliveira Andrade, confirmou que a Hyundai pretendia, de fato, manter a parceria, por\u00e9m com contratos de dura\u00e7\u00e3o reduzida, segundo informa\u00e7\u00e3o dada ao jornal Valor Econ\u00f4mico.<\/p>\n\t<p>\n\t\t<a href=\"https:\/\/lp.suno.com.br\/planilha-da-vida-financeira\/\" target=\"_blank\" data-element=\"shortcode-suno-banner\" title=\"Banner SUNO, clique e saiba mais\">\n\t\t\t<picture>\n\t\t\t\t<source media=\"(max-width: 500px)\" srcset=\"https:\/\/files.sunoresearch.com.br\/n\/uploads\/2023\/04\/400x300-Planilha-vida-financeira-true.png\">\n\t\t\t\t<img class=\"newsContent__article__imgCapa newsContent__article__imgCapa--banner\"\n\t\t\t\t\tsrc=\"https:\/\/files.sunoresearch.com.br\/n\/uploads\/2023\/04\/1420x240-Planilha-vida-financeira-true.png\"\n\t\t\t\t\tdata-promo-id=\"106682\"\t\t\t\t\t\t\t\t\t\twidth='1420' height='240'\t\t\t\t\talt=\"https:\/\/files.sunoresearch.com.br\/n\/uploads\/2023\/04\/1420x240-Planilha-vida-financeira-true.png\"\n\t\t\t\t>\n\t\t\t<\/picture>\n\t\t<\/a>\n\t<\/p>\n\n\n<h2>Hyundai retomou produ\u00e7\u00e3o em Piracicaba<\/h2>\n<p>Depois de ficar dez dias completamente parada, a f\u00e1brica da automobil\u00edstica coreana em <strong>Piracicaba<\/strong>, no interior de <strong>S\u00e3o<\/strong> <strong>Paulo<\/strong>, retomou ontem a produ\u00e7\u00e3o em um turno. A retomada se deu nesta segunda-feira (19), com a antecipa\u00e7\u00e3o do retorno, que era previsto apenas para o dia 26.<\/p>\n<p>O terceiro turno da f\u00e1brica da <strong>Hyundai<\/strong>, onde s\u00e3o montados os modelos HB20 e Creta, <a href=\"https:\/\/www.suno.com.br\/noticias\/hyundai-suspende-producao-piracicaba-nesta-semana\/\">estava suspenso desde o dia 31 de maio<\/a>, enquanto o expediente da tarde, no segundo turno, ficou com a produ\u00e7\u00e3o interrompida por quase um m\u00eas.<\/p>\n\t<p>\n\t\t<a href=\"https:\/\/lp.suno.com.br\/planilha-de-controle-de-investimentos\/\" target=\"_blank\" data-element=\"shortcode-suno-banner\" title=\"Banner SUNO, clique e saiba mais\">\n\t\t\t<picture>\n\t\t\t\t<source media=\"(max-width: 500px)\" srcset=\"https:\/\/files.sunoresearch.com.br\/n\/uploads\/2023\/03\/400x300-Controle-de-Investimentos.png\">\n\t\t\t\t<img class=\"newsContent__article__imgCapa newsContent__article__imgCapa--banner\"\n\t\t\t\t\tsrc=\"https:\/\/files.sunoresearch.com.br\/n\/uploads\/2023\/03\/1420x240-Controle-de-Investimentos.png\"\n\t\t\t\t\tdata-promo-id=\"75934\"\t\t\t\t\t\t\t\t\t\twidth='1420' height='240'\t\t\t\t\talt=\"https:\/\/files.sunoresearch.com.br\/n\/uploads\/2023\/03\/1420x240-Controle-de-Investimentos.png\"\n\t\t\t\t>\n\t\t\t<\/picture>\n\t\t<\/a>\n\t<\/p>\n\n\n","protected":false},"excerpt":{"rendered":"<p>O Grupo Caoa, brasileiro e do setor automobil\u00edstico, obteve o direito de renovar o contrato de produ\u00e7\u00e3o e distribui\u00e7\u00e3o por mais 10 anos com a Hyundai. A decis\u00e3o foi tomada em um tribunal arbitral em Frankfurt, na Alemanha, e divulgada nesta quinta-feira (22). Segundo o da Caoa Chery, a inten\u00e7\u00e3o \u00e9 manter a unidade fechada [&hellip;]<\/p>\n","protected":false},"author":73,"featured_media":168624,"comment_status":"closed","ping_status":"closed","sticky":false,"template":"","format":"standard","meta":[],"categories":[64],"tags":[935,1232,1525,843,941],"suno_strategy":[],"class_list":["post-168607","post","type-post","status-publish","format-standard","has-post-thumbnail","hentry","category-negocios","tag-caoa-chery","tag-hyundai","tag-industria","tag-sao-paulo","tag-setor-automotivo"],"yoast_head":"<!-- This site is optimized with the Yoast SEO plugin v24.4 - https:\/\/yoast.com\/wordpress\/plugins\/seo\/ -->\n<title>Caoa ganha direito de fabricar carros da Hyundai por mais 10 anos<\/title>\n<meta name=\"description\" content=\"Ao ganha a\u00e7\u00e3o no tribunal arbitral em Frankfurt, o grupo brasileiro Caoa consolida a parceria com a Hyundai. Clique aqui e leia mais.\" \/>\n<meta name=\"robots\" content=\"index, follow, max-snippet:-1, max-image-preview:large, max-video-preview:-1\" \/>\n<link rel=\"canonical\" href=\"https:\/\/www.suno.com.br\/noticias\/caoa-direito-fabricar-carros-hyundai\/\" \/>\n<meta property=\"og:locale\" content=\"pt_BR\" \/>\n<meta property=\"og:type\" content=\"article\" \/>\n<meta property=\"og:title\" content=\"Caoa ganha direito de fabricar carros da Hyundai por mais 10 anos\" \/>\n<meta property=\"og:description\" content=\"Ao ganha a\u00e7\u00e3o no tribunal arbitral em Frankfurt, o grupo brasileiro Caoa consolida a parceria com a Hyundai. Clique aqui e leia mais.\" \/>\n<meta property=\"og:url\" content=\"https:\/\/www.suno.com.br\/noticias\/caoa-direito-fabricar-carros-hyundai\/\" \/>\n<meta property=\"og:site_name\" content=\"Suno Not\u00edcias\" \/>\n<meta property=\"article:publisher\" content=\"https:\/\/facebook.com\/sunoresearch\" \/>\n<meta property=\"og:image\" content=\"https:\/\/files.sunoresearch.com.br\/n\/uploads\/2021\/07\/56affb5a-hyundai-5505817_1920.jpg\" \/>\n\t<meta property=\"og:image:width\" content=\"1920\" \/>\n\t<meta property=\"og:image:height\" content=\"1282\" \/>\n\t<meta property=\"og:image:type\" content=\"image\/jpeg\" \/>\n<meta name=\"author\" content=\"Eduardo Vargas\" \/>\n<meta name=\"twitter:card\" content=\"summary_large_image\" \/>\n<meta name=\"twitter:creator\" content=\"@sunoresearch\" \/>\n<meta name=\"twitter:site\" content=\"@sunoresearch\" \/>\n<meta name=\"twitter:label1\" content=\"Escrito por\" \/>\n\t<meta name=\"twitter:data1\" content=\"Eduardo Vargas\" \/>\n\t<meta name=\"twitter:label2\" content=\"Est. tempo de leitura\" \/>\n\t<meta name=\"twitter:data2\" content=\"2 minutos\" \/>\n<script type=\"application\/ld+json\" class=\"yoast-schema-graph\">{\"@context\":\"https:\/\/schema.org\",\"@graph\":[{\"@type\":\"NewsArticle\",\"@id\":\"https:\/\/www.suno.com.br\/noticias\/caoa-direito-fabricar-carros-hyundai\/#article\",\"isPartOf\":{\"@id\":\"https:\/\/www.suno.com.br\/noticias\/caoa-direito-fabricar-carros-hyundai\/\"},\"author\":{\"name\":\"Eduardo Vargas\",\"@id\":\"https:\/\/www.suno.com.br\/noticias\/#\/schema\/person\/7f4d362bf3518e76090143ae77bb49a5\"},\"headline\":\"Grupo Caoa vence disputa e vai fabricar carros da Hyundai por mais 10 anos\",\"datePublished\":\"2021-07-23T12:09:09+00:00\",\"mainEntityOfPage\":{\"@id\":\"https:\/\/www.suno.com.br\/noticias\/caoa-direito-fabricar-carros-hyundai\/\"},\"wordCount\":381,\"publisher\":{\"@id\":\"https:\/\/www.suno.com.br\/noticias\/#organization\"},\"image\":{\"@id\":\"https:\/\/www.suno.com.br\/noticias\/caoa-direito-fabricar-carros-hyundai\/#primaryimage\"},\"thumbnailUrl\":\"https:\/\/files.sunoresearch.com.br\/n\/uploads\/2021\/07\/56affb5a-hyundai-5505817_1920.jpg\",\"keywords\":[\"Caoa Chery\",\"Hyundai\",\"ind\u00fastria\",\"S\u00e3o Paulo\",\"setor automotivo\"],\"articleSection\":[\"Neg\u00f3cios\"],\"inLanguage\":\"pt-BR\"},{\"@type\":\"WebPage\",\"@id\":\"https:\/\/www.suno.com.br\/noticias\/caoa-direito-fabricar-carros-hyundai\/\",\"url\":\"https:\/\/www.suno.com.br\/noticias\/caoa-direito-fabricar-carros-hyundai\/\",\"name\":\"Caoa ganha direito de fabricar carros da Hyundai por mais 10 anos\",\"isPartOf\":{\"@id\":\"https:\/\/www.suno.com.br\/noticias\/#website\"},\"primaryImageOfPage\":{\"@id\":\"https:\/\/www.suno.com.br\/noticias\/caoa-direito-fabricar-carros-hyundai\/#primaryimage\"},\"image\":{\"@id\":\"https:\/\/www.suno.com.br\/noticias\/caoa-direito-fabricar-carros-hyundai\/#primaryimage\"},\"thumbnailUrl\":\"https:\/\/files.sunoresearch.com.br\/n\/uploads\/2021\/07\/56affb5a-hyundai-5505817_1920.jpg\",\"datePublished\":\"2021-07-23T12:09:09+00:00\",\"description\":\"Ao ganha a\u00e7\u00e3o no tribunal arbitral em Frankfurt, o grupo brasileiro Caoa consolida a parceria com a Hyundai. Clique aqui e leia mais.\",\"breadcrumb\":{\"@id\":\"https:\/\/www.suno.com.br\/noticias\/caoa-direito-fabricar-carros-hyundai\/#breadcrumb\"},\"inLanguage\":\"pt-BR\",\"potentialAction\":[{\"@type\":\"ReadAction\",\"target\":[\"https:\/\/www.suno.com.br\/noticias\/caoa-direito-fabricar-carros-hyundai\/\"]}]},{\"@type\":\"ImageObject\",\"inLanguage\":\"pt-BR\",\"@id\":\"https:\/\/www.suno.com.br\/noticias\/caoa-direito-fabricar-carros-hyundai\/#primaryimage\",\"url\":\"https:\/\/files.sunoresearch.com.br\/n\/uploads\/2021\/07\/56affb5a-hyundai-5505817_1920.jpg\",\"contentUrl\":\"https:\/\/files.sunoresearch.com.br\/n\/uploads\/2021\/07\/56affb5a-hyundai-5505817_1920.jpg\",\"width\":1920,\"height\":1282,\"caption\":\"Segundo o da Caoa Chery, a inten\u00e7\u00e3o \u00e9 manter a unidade fechada at\u00e9 2025, per\u00edodo em que a f\u00e1brica ser\u00e1 preparada para produzir apenas autom\u00f3veis h\u00edbridos e el\u00e9tricos.- Foto: Pixabay\"},{\"@type\":\"BreadcrumbList\",\"@id\":\"https:\/\/www.suno.com.br\/noticias\/caoa-direito-fabricar-carros-hyundai\/#breadcrumb\",\"itemListElement\":[{\"@type\":\"ListItem\",\"position\":1,\"name\":\"Not\u00edcias\",\"item\":\"https:\/\/www.suno.com.br\/noticias\/\"},{\"@type\":\"ListItem\",\"position\":2,\"name\":\"Neg\u00f3cios\",\"item\":\"https:\/\/www.suno.com.br\/noticias\/negocios\/\"},{\"@type\":\"ListItem\",\"position\":3,\"name\":\"Grupo Caoa vence disputa e vai fabricar carros da Hyundai por mais 10 anos\"}]},{\"@type\":\"WebSite\",\"@id\":\"https:\/\/www.suno.com.br\/noticias\/#website\",\"url\":\"https:\/\/www.suno.com.br\/noticias\/\",\"name\":\"Suno Not\u00edcias\",\"description\":\"Seu portal de informa\u00e7\u00e3o sobre o mundo dos investimentos\",\"publisher\":{\"@id\":\"https:\/\/www.suno.com.br\/noticias\/#organization\"},\"potentialAction\":[{\"@type\":\"SearchAction\",\"target\":{\"@type\":\"EntryPoint\",\"urlTemplate\":\"https:\/\/www.suno.com.br\/noticias\/?s={search_term_string}\"},\"query-input\":{\"@type\":\"PropertyValueSpecification\",\"valueRequired\":true,\"valueName\":\"search_term_string\"}}],\"inLanguage\":\"pt-BR\"},{\"@type\":\"Organization\",\"@id\":\"https:\/\/www.suno.com.br\/noticias\/#organization\",\"name\":\"Suno Not\u00edcias\",\"url\":\"https:\/\/www.suno.com.br\/noticias\/\",\"logo\":{\"@type\":\"ImageObject\",\"inLanguage\":\"pt-BR\",\"@id\":\"https:\/\/www.suno.com.br\/noticias\/#\/schema\/logo\/image\/\",\"url\":\"https:\/\/files.sunoresearch.com.br\/n\/uploads\/2021\/09\/suno-logo.png\",\"contentUrl\":\"https:\/\/files.sunoresearch.com.br\/n\/uploads\/2021\/09\/suno-logo.png\",\"width\":180,\"height\":180,\"caption\":\"Suno Not\u00edcias\"},\"image\":{\"@id\":\"https:\/\/www.suno.com.br\/noticias\/#\/schema\/logo\/image\/\"},\"sameAs\":[\"https:\/\/facebook.com\/sunoresearch\",\"https:\/\/x.com\/sunoresearch\",\"https:\/\/www.instagram.com\/suno\",\"https:\/\/www.linkedin.com\/company\/suno-research\/\",\"https:\/\/www.youtube.com\/c\/sunoresearch\"]},{\"@type\":\"Person\",\"@id\":\"https:\/\/www.suno.com.br\/noticias\/#\/schema\/person\/7f4d362bf3518e76090143ae77bb49a5\",\"name\":\"Eduardo Vargas\",\"image\":{\"@type\":\"ImageObject\",\"inLanguage\":\"pt-BR\",\"@id\":\"https:\/\/www.suno.com.br\/noticias\/#\/schema\/person\/image\/\",\"url\":\"https:\/\/secure.gravatar.com\/avatar\/dac340933427a22924c9f99d1eb2e3f2?s=96&r=g\",\"contentUrl\":\"https:\/\/secure.gravatar.com\/avatar\/dac340933427a22924c9f99d1eb2e3f2?s=96&r=g\",\"caption\":\"Eduardo Vargas\"},\"description\":\"Jornalista formado pela UFSC, cobre macroeconomia, neg\u00f3cios e startups para o Suno Not\u00edcias, escrevendo principalmente not\u00edcias sobre o mercado financeiro e a bolsa de valores. No YouTube e no Instagram, \u00e9 respons\u00e1vel pela produ\u00e7\u00e3o de Reels e Shorts do Suno Not\u00edcias. Anteriormente, trabalhou cobrindo economia e cotidiano no ND+ e para o ND, maior jornal impresso de Santa Catarina. Cursou um semestre letivo de Estudos de M\u00eddia na Universidad de Buenos Aires.\",\"url\":\"https:\/\/www.suno.com.br\/noticias\/author\/eduardo-vargas\/\"}]}<\/script>\n<!-- \/ Yoast SEO plugin. -->","yoast_head_json":{"title":"Caoa ganha direito de fabricar carros da Hyundai por mais 10 anos","description":"Ao ganha a\u00e7\u00e3o no tribunal arbitral em Frankfurt, o grupo brasileiro Caoa consolida a parceria com a Hyundai. Clique aqui e leia mais.","robots":{"index":"index","follow":"follow","max-snippet":"max-snippet:-1","max-image-preview":"max-image-preview:large","max-video-preview":"max-video-preview:-1"},"canonical":"https:\/\/www.suno.com.br\/noticias\/caoa-direito-fabricar-carros-hyundai\/","og_locale":"pt_BR","og_type":"article","og_title":"Caoa ganha direito de fabricar carros da Hyundai por mais 10 anos","og_description":"Ao ganha a\u00e7\u00e3o no tribunal arbitral em Frankfurt, o grupo brasileiro Caoa consolida a parceria com a Hyundai. Clique aqui e leia mais.","og_url":"https:\/\/www.suno.com.br\/noticias\/caoa-direito-fabricar-carros-hyundai\/","og_site_name":"Suno Not\u00edcias","article_publisher":"https:\/\/facebook.com\/sunoresearch","og_image":[{"width":1920,"height":1282,"url":"https:\/\/files.sunoresearch.com.br\/n\/uploads\/2021\/07\/56affb5a-hyundai-5505817_1920.jpg","type":"image\/jpeg"}],"author":"Eduardo Vargas","twitter_card":"summary_large_image","twitter_creator":"@sunoresearch","twitter_site":"@sunoresearch","twitter_misc":{"Escrito por":"Eduardo Vargas","Est. tempo de leitura":"2 minutos"},"schema":{"@context":"https:\/\/schema.org","@graph":[{"@type":"NewsArticle","@id":"https:\/\/www.suno.com.br\/noticias\/caoa-direito-fabricar-carros-hyundai\/#article","isPartOf":{"@id":"https:\/\/www.suno.com.br\/noticias\/caoa-direito-fabricar-carros-hyundai\/"},"author":{"name":"Eduardo Vargas","@id":"https:\/\/www.suno.com.br\/noticias\/#\/schema\/person\/7f4d362bf3518e76090143ae77bb49a5"},"headline":"Grupo Caoa vence disputa e vai fabricar carros da Hyundai por mais 10 anos","datePublished":"2021-07-23T12:09:09+00:00","mainEntityOfPage":{"@id":"https:\/\/www.suno.com.br\/noticias\/caoa-direito-fabricar-carros-hyundai\/"},"wordCount":381,"publisher":{"@id":"https:\/\/www.suno.com.br\/noticias\/#organization"},"image":{"@id":"https:\/\/www.suno.com.br\/noticias\/caoa-direito-fabricar-carros-hyundai\/#primaryimage"},"thumbnailUrl":"https:\/\/files.sunoresearch.com.br\/n\/uploads\/2021\/07\/56affb5a-hyundai-5505817_1920.jpg","keywords":["Caoa Chery","Hyundai","ind\u00fastria","S\u00e3o Paulo","setor automotivo"],"articleSection":["Neg\u00f3cios"],"inLanguage":"pt-BR"},{"@type":"WebPage","@id":"https:\/\/www.suno.com.br\/noticias\/caoa-direito-fabricar-carros-hyundai\/","url":"https:\/\/www.suno.com.br\/noticias\/caoa-direito-fabricar-carros-hyundai\/","name":"Caoa ganha direito de fabricar carros da Hyundai por mais 10 anos","isPartOf":{"@id":"https:\/\/www.suno.com.br\/noticias\/#website"},"primaryImageOfPage":{"@id":"https:\/\/www.suno.com.br\/noticias\/caoa-direito-fabricar-carros-hyundai\/#primaryimage"},"image":{"@id":"https:\/\/www.suno.com.br\/noticias\/caoa-direito-fabricar-carros-hyundai\/#primaryimage"},"thumbnailUrl":"https:\/\/files.sunoresearch.com.br\/n\/uploads\/2021\/07\/56affb5a-hyundai-5505817_1920.jpg","datePublished":"2021-07-23T12:09:09+00:00","description":"Ao ganha a\u00e7\u00e3o no tribunal arbitral em Frankfurt, o grupo brasileiro Caoa consolida a parceria com a Hyundai. Clique aqui e leia mais.","breadcrumb":{"@id":"https:\/\/www.suno.com.br\/noticias\/caoa-direito-fabricar-carros-hyundai\/#breadcrumb"},"inLanguage":"pt-BR","potentialAction":[{"@type":"ReadAction","target":["https:\/\/www.suno.com.br\/noticias\/caoa-direito-fabricar-carros-hyundai\/"]}]},{"@type":"ImageObject","inLanguage":"pt-BR","@id":"https:\/\/www.suno.com.br\/noticias\/caoa-direito-fabricar-carros-hyundai\/#primaryimage","url":"https:\/\/files.sunoresearch.com.br\/n\/uploads\/2021\/07\/56affb5a-hyundai-5505817_1920.jpg","contentUrl":"https:\/\/files.sunoresearch.com.br\/n\/uploads\/2021\/07\/56affb5a-hyundai-5505817_1920.jpg","width":1920,"height":1282,"caption":"Segundo o da Caoa Chery, a inten\u00e7\u00e3o \u00e9 manter a unidade fechada at\u00e9 2025, per\u00edodo em que a f\u00e1brica ser\u00e1 preparada para produzir apenas autom\u00f3veis h\u00edbridos e el\u00e9tricos.- Foto: Pixabay"},{"@type":"BreadcrumbList","@id":"https:\/\/www.suno.com.br\/noticias\/caoa-direito-fabricar-carros-hyundai\/#breadcrumb","itemListElement":[{"@type":"ListItem","position":1,"name":"Not\u00edcias","item":"https:\/\/www.suno.com.br\/noticias\/"},{"@type":"ListItem","position":2,"name":"Neg\u00f3cios","item":"https:\/\/www.suno.com.br\/noticias\/negocios\/"},{"@type":"ListItem","position":3,"name":"Grupo Caoa vence disputa e vai fabricar carros da Hyundai por mais 10 anos"}]},{"@type":"WebSite","@id":"https:\/\/www.suno.com.br\/noticias\/#website","url":"https:\/\/www.suno.com.br\/noticias\/","name":"Suno Not\u00edcias","description":"Seu portal de informa\u00e7\u00e3o sobre o mundo dos investimentos","publisher":{"@id":"https:\/\/www.suno.com.br\/noticias\/#organization"},"potentialAction":[{"@type":"SearchAction","target":{"@type":"EntryPoint","urlTemplate":"https:\/\/www.suno.com.br\/noticias\/?s={search_term_string}"},"query-input":{"@type":"PropertyValueSpecification","valueRequired":true,"valueName":"search_term_string"}}],"inLanguage":"pt-BR"},{"@type":"Organization","@id":"https:\/\/www.suno.com.br\/noticias\/#organization","name":"Suno Not\u00edcias","url":"https:\/\/www.suno.com.br\/noticias\/","logo":{"@type":"ImageObject","inLanguage":"pt-BR","@id":"https:\/\/www.suno.com.br\/noticias\/#\/schema\/logo\/image\/","url":"https:\/\/files.sunoresearch.com.br\/n\/uploads\/2021\/09\/suno-logo.png","contentUrl":"https:\/\/files.sunoresearch.com.br\/n\/uploads\/2021\/09\/suno-logo.png","width":180,"height":180,"caption":"Suno Not\u00edcias"},"image":{"@id":"https:\/\/www.suno.com.br\/noticias\/#\/schema\/logo\/image\/"},"sameAs":["https:\/\/facebook.com\/sunoresearch","https:\/\/x.com\/sunoresearch","https:\/\/www.instagram.com\/suno","https:\/\/www.linkedin.com\/company\/suno-research\/","https:\/\/www.youtube.com\/c\/sunoresearch"]},{"@type":"Person","@id":"https:\/\/www.suno.com.br\/noticias\/#\/schema\/person\/7f4d362bf3518e76090143ae77bb49a5","name":"Eduardo Vargas","image":{"@type":"ImageObject","inLanguage":"pt-BR","@id":"https:\/\/www.suno.com.br\/noticias\/#\/schema\/person\/image\/","url":"https:\/\/secure.gravatar.com\/avatar\/dac340933427a22924c9f99d1eb2e3f2?s=96&r=g","contentUrl":"https:\/\/secure.gravatar.com\/avatar\/dac340933427a22924c9f99d1eb2e3f2?s=96&r=g","caption":"Eduardo Vargas"},"description":"Jornalista formado pela UFSC, cobre macroeconomia, neg\u00f3cios e startups para o Suno Not\u00edcias, escrevendo principalmente not\u00edcias sobre o mercado financeiro e a bolsa de valores. No YouTube e no Instagram, \u00e9 respons\u00e1vel pela produ\u00e7\u00e3o de Reels e Shorts do Suno Not\u00edcias. Anteriormente, trabalhou cobrindo economia e cotidiano no ND+ e para o ND, maior jornal impresso de Santa Catarina. Cursou um semestre letivo de Estudos de M\u00eddia na Universidad de Buenos Aires.","url":"https:\/\/www.suno.com.br\/noticias\/author\/eduardo-vargas\/"}]}},"default_loop_html":"<div class=\"cardsPage__listCard__boxs\"><div class=\"cardsPage__listCard__boxs__img\"><a href=\"https:\/\/www.suno.com.br\/noticias\/caoa-direito-fabricar-carros-hyundai\/\"><img class=\"mask\" src=\"https:\/\/www.suno.com.br\/noticias\/wp-content\/themes\/suno\/resources\/images\/spotlight\/spotlight1img\/bg-mask.png\" alt=\"Image Mask\"\/><img src=\"https:\/\/files.sunoresearch.com.br\/n\/uploads\/2021\/07\/56affb5a-hyundai-5505817_1920-400x200.jpg\" alt=\"Grupo Caoa vence disputa e vai fabricar carros da Hyundai por mais 10 anos\"\/><\/a><span class=\"spotlightCategory\"><a href=\"https:\/\/www.suno.com.br\/noticias\/negocios\/\">Neg\u00f3cios<\/a><\/span><\/div><div class=\"cardsPage__listCard__boxs__content\"><a href=\"https:\/\/www.suno.com.br\/noticias\/caoa-direito-fabricar-carros-hyundai\/\"><h2 class=\"content__title\">Grupo Caoa vence disputa e vai fabricar carros da Hyundai por mais 10 anos<\/h2><\/a><div class=\"newsContent__article__meta\"><div class=\"newsContent__article__meta__authorBox\"><a href=\"https:\/\/www.suno.com.br\/noticias\/author\/eduardo-vargas\/\" class=\"authorBox__avatar noMobi\"><img src=\"https:\/\/secure.gravatar.com\/avatar\/dac340933427a22924c9f99d1eb2e3f2?s=96&#038;r=g\" alt=\"Eduardo Vargas\"><\/a><div class=\"authorBox__name\"><span>por\n\t\t\t<a href=\"https:\/\/www.suno.com.br\/noticias\/author\/eduardo-vargas\/\"><span itemprop=\"author\">Eduardo Vargas<\/span><\/a><\/span><time datetime=\"2021-07-23T09:09:09-03:00\" itemprop=\"datePublished\">23\/07\/2021 09:09<\/time><\/div><\/div><\/div><\/div><\/div>","single_layout":"posts","amp_enabled":true,"_links":{"self":[{"href":"https:\/\/www.suno.com.br\/noticias\/wp-json\/wp\/v2\/posts\/168607"}],"collection":[{"href":"https:\/\/www.suno.com.br\/noticias\/wp-json\/wp\/v2\/posts"}],"about":[{"href":"https:\/\/www.suno.com.br\/noticias\/wp-json\/wp\/v2\/types\/post"}],"author":[{"embeddable":true,"href":"https:\/\/www.suno.com.br\/noticias\/wp-json\/wp\/v2\/users\/73"}],"replies":[{"embeddable":true,"href":"https:\/\/www.suno.com.br\/noticias\/wp-json\/wp\/v2\/comments?post=168607"}],"version-history":[{"count":3,"href":"https:\/\/www.suno.com.br\/noticias\/wp-json\/wp\/v2\/posts\/168607\/revisions"}],"predecessor-version":[{"id":168635,"href":"https:\/\/www.suno.com.br\/noticias\/wp-json\/wp\/v2\/posts\/168607\/revisions\/168635"}],"wp:featuredmedia":[{"embeddable":true,"href":"https:\/\/www.suno.com.br\/noticias\/wp-json\/wp\/v2\/media\/168624"}],"wp:attachment":[{"href":"https:\/\/www.suno.com.br\/noticias\/wp-json\/wp\/v2\/media?parent=168607"}],"wp:term":[{"taxonomy":"category","embeddable":true,"href":"https:\/\/www.suno.com.br\/noticias\/wp-json\/wp\/v2\/categories?post=168607"},{"taxonomy":"post_tag","embeddable":true,"href":"https:\/\/www.suno.com.br\/noticias\/wp-json\/wp\/v2\/tags?post=168607"},{"taxonomy":"suno_strategy","embeddable":true,"href":"https:\/\/www.suno.com.br\/noticias\/wp-json\/wp\/v2\/suno_strategy?post=168607"}],"curies":[{"name":"wp","href":"https:\/\/api.w.org\/{rel}","templated":true}]}}