{"id":168121,"date":"2021-07-22T11:30:03","date_gmt":"2021-07-22T14:30:03","guid":{"rendered":"https:\/\/www.suno.com.br\/noticias\/?p=168121"},"modified":"2021-07-22T15:08:02","modified_gmt":"2021-07-22T18:08:02","slug":"btg-pactual-bpac11-aposta-agronegocio","status":"publish","type":"post","link":"https:\/\/www.suno.com.br\/noticias\/btg-pactual-bpac11-aposta-agronegocio\/","title":{"rendered":"Fundos do BTG Pactual (BPAC11) apostam R$ 950 milh\u00f5es no agroneg\u00f3cio"},"content":{"rendered":"<p>O <a href=\"https:\/\/www.suno.com.br\/acoes\/bpac11\/\"><strong>BTG Pactual<\/strong> (BPAC11)<\/a>, maior banco de investimento da Am\u00e9rica Latina, deu seus primeiro passos no agroneg\u00f3cio neste ano. Os trabalhos dos fundos geridos pelo banco parecem estar dando certo, e a institui\u00e7\u00e3o quer acelerar os investimentos no setor.<\/p>\t<div class=\"wrapper-featured-image\">\n\t\t<figure class=\"spotlightImg\">\n\n\t\t\t<picture>\n\t\t\t\t<source media=\"(max-width: 768px)\" srcset=\"https:\/\/files.sunoresearch.com.br\/n\/uploads\/2021\/07\/e7217861-soybean-1831703_1920-400x200.jpg\">\n\t\t\t\t<img loading=\"lazy\" decoding=\"async\" class=\"newsContent__article__imgCapa lazyloadDisabled \" src=\"https:\/\/files.sunoresearch.com.br\/n\/uploads\/2021\/07\/e7217861-soybean-1831703_1920-800x450.jpg\" width=\"800\" height=\"450\" alt=\"Fundos do BTG Pactual (BPAC11) apostam R$ 950 milh\u00f5es no agroneg\u00f3cio\" fetchpriority=high \/>\n\t\t\t<\/picture>\n\n\t\t\t<figcaption class=\"wp-caption-text wp-caption-text--show\">Lucro da Kepler Webler cresce 243,3%. Foto: Pixabay<\/figcaption>\n\t\t<\/figure>\n\t<\/div>\n\n\n\t<p>\n\t\t<a href=\"https:\/\/lp.suno.com.br\/planilha-controle-gastos\/\" target=\"_blank\" data-element=\"shortcode-suno-banner\" title=\"Banner SUNO, clique e saiba mais\">\n\t\t\t<picture>\n\t\t\t\t<source media=\"(max-width: 500px)\" srcset=\"https:\/\/files.sunoresearch.com.br\/n\/uploads\/2023\/03\/400x300-Planilha-controle-de-gastos.png\">\n\t\t\t\t<img class=\"newsContent__article__imgCapa newsContent__article__imgCapa--banner\"\n\t\t\t\t\tsrc=\"https:\/\/files.sunoresearch.com.br\/n\/uploads\/2023\/03\/1420x240-Planilha-controle-de-gastos.png\"\n\t\t\t\t\tdata-promo-id=\"101751\"\t\t\t\t\t\t\t\t\t\twidth='1420' height='240'\t\t\t\t\talt=\"https:\/\/files.sunoresearch.com.br\/n\/uploads\/2023\/03\/1420x240-Planilha-controle-de-gastos.png\"\n\t\t\t\t>\n\t\t\t<\/picture>\n\t\t<\/a>\n\t<\/p>\n\n\n<p>Em entrevista ao <em>NeoFeed<\/em>, o banco revelou que de fevereiro a maio foram realizadas 11 aquisi\u00e7\u00f5es relacionadas ao <strong>agroneg\u00f3cio <\/strong>pelos seus fundos, que somaram R$ 555 milh\u00f5es. O BTG Pactual comprou desde o maior armaz\u00e9m de gr\u00e3os da Am\u00e9rica latina at\u00e9 um terminal portu\u00e1rio.<\/p>\n<p>Os passos do banco sobre o segmento que <a href=\"https:\/\/www.suno.com.br\/noticias\/ofertas-3tentos-tten-bolsa-agronegocio\/\">cada vez est\u00e1 mais pr\u00f3ximo da Faria Lima<\/a> come\u00e7aram em janeiro deste ano, com o lan\u00e7amento do <a href=\"https:\/\/www.suno.com.br\/artigos\/o-guia-definitivo-de-fundos-imobiliarios\/\">fundo imobili\u00e1rio<\/a> BTG Pactual Agro Log\u00edstica, o <strong>BTAL11<\/strong>. O fundo, que levantou R$ 598 milh\u00f5es junto ao mercado, j\u00e1 \u00e9 negociado na B3 e est\u00e1 pagando seus devidos proventos.<\/p>\n<p>Na pr\u00f3xima quarta-feira (28) passar\u00e1 a ser negociado o BTG Pactual Terras Agr\u00edcolas, o <strong>BTRA11<\/strong>, que movimentou R$ 350 milh\u00f5es.<\/p>\n<p>S\u00e3o quase R$ 950 milh\u00f5es em ativos para a explora\u00e7\u00e3o do setor que deve corresponder a 30% do <a href=\"https:\/\/www.suno.com.br\/artigos\/pib-produto-interno-bruto\/\">Produto Interno Bruto (<strong>PIB<\/strong>)<\/a> do Brasil neste ano, segundo a Confedera\u00e7\u00e3o da Agricultura e Pecu\u00e1ria do Brasil (CNA).<\/p>\n<p>De acordo com <strong>Michel Wurman<\/strong>, s\u00f3cio do BTG e respons\u00e1vel pela \u00e1rea imobili\u00e1ria da institui\u00e7\u00e3o, mais neg\u00f3cios est\u00e3o por vir. Na entrevista ao <em>NeoFeed<\/em>, o executivo disse que nos pr\u00f3ximos dois meses os FIIs devem investir at\u00e9 R$ 350 milh\u00f5es na compra de 12 mil a 15 mil hectares de terra.<\/p>\n\t<div data-element=\"shortcode-read-more\" class=\"knowMore\">\n\t\t\t\t<span class=\"knowMore__title\">Leia tamb\u00e9m<\/span>\n\t\t\t\t<a class=\"knowMore__link\" href=\"https:\/\/www.suno.com.br\/noticias\/btg-bpac11-fundo-cannabis-aporte-r-100\/\">\n\t\t\tBTG (BPAC11) lan\u00e7a fundo de Cannabis com aporte inicial de R$ 100\t\t<\/a>\n\t<\/div>\n\n\n<p>A meta do banco \u00e9 fomentar o setor e colher os frutos em seus neg\u00f3cios. Hoje, o BTG possui cerca de R$ 15 bilh\u00f5es em <strong>ativos imobili\u00e1rios<\/strong> sob gest\u00e3o, sendo que o agro n\u00e3o representa nem 10% do total.<\/p>\n<p>Para Wurman, \u00e9 fact\u00edvel que em at\u00e9 sete anos o agro corresponda a R$ 10 bilh\u00f5es dos ativos geridos pelo BTG.<\/p>\n<h2>BTG Pactual enxerga oportunidades com FIIs do agro<\/h2>\n<p>Na entrevista ao <em>NeoFeed<\/em>, o executivo mostrou que a ideia por tr\u00e1s dos investimentos \u00e9 tornar os <strong>FIIs<\/strong> do agro numa &#8220;m\u00e1quina de neg\u00f3cios&#8221; para o banco, a exemplo do que ocorre com outros fundos da institui\u00e7\u00e3o.<\/p>\n\t<p>\n\t\t<a href=\"https:\/\/lp.suno.com.br\/planilha-da-vida-financeira\/\" target=\"_blank\" data-element=\"shortcode-suno-banner\" title=\"Banner SUNO, clique e saiba mais\">\n\t\t\t<picture>\n\t\t\t\t<source media=\"(max-width: 500px)\" srcset=\"https:\/\/files.sunoresearch.com.br\/n\/uploads\/2023\/04\/400x300-Planilha-vida-financeira-true.png\">\n\t\t\t\t<img class=\"newsContent__article__imgCapa newsContent__article__imgCapa--banner\"\n\t\t\t\t\tsrc=\"https:\/\/files.sunoresearch.com.br\/n\/uploads\/2023\/04\/1420x240-Planilha-vida-financeira-true.png\"\n\t\t\t\t\tdata-promo-id=\"106682\"\t\t\t\t\t\t\t\t\t\twidth='1420' height='240'\t\t\t\t\talt=\"https:\/\/files.sunoresearch.com.br\/n\/uploads\/2023\/04\/1420x240-Planilha-vida-financeira-true.png\"\n\t\t\t\t>\n\t\t\t<\/picture>\n\t\t<\/a>\n\t<\/p>\n\n\n<p>O BTAL11 promete um dividendo anual entre 8% e 8,5% para os investidores. O BRTA11, por sua vez, \u00e9 mais agressivo: a promessa fica entre 9% e 9,5%. O momento do lan\u00e7amento \u00e9 prop\u00edcio, uma vez que a ind\u00fastria de FIIs ensaia uma recupera\u00e7\u00e3o ap\u00f3s a <a href=\"https:\/\/www.suno.com.br\/noticias\/reforma-tributaria-fundos-imobiliarios-fiis-paulo-guedes\/\">confirma\u00e7\u00e3o de que os dividendos n\u00e3o ser\u00e3o tributados<\/a>.<\/p>\n<p>Atualmente, dos 353<strong> fundos imobili\u00e1rios<\/strong> listados na B3, a maior parte fica com shopping centers, galp\u00f5es log\u00edsticos e lajes corporativas.<\/p>\n<p>O crescimento do n\u00famero de investidores em FIIs, de 300 mil em 2019 para 1,4 milh\u00e3o neste ano, tem aberto a porta da ind\u00fastria para outros setores.<\/p>\n<p>O <strong>BTG Pactual<\/strong> n\u00e3o foi o primeiro a entrar nesse mercado. Recentemente, gestoras como Quasar e Riza Asset tamb\u00e9m captaram recursos para operar no agro. Contudo, a fama de formador de mercado do banco de <a href=\"https:\/\/www.suno.com.br\/tudo-sobre\/andre-esteves\/\">Andr\u00e9 Esteves<\/a> pode acelerar o crescimento do setor.<\/p>\n\t<p>\n\t\t<a href=\"https:\/\/lp.suno.com.br\/planilha-de-controle-de-investimentos\/\" target=\"_blank\" data-element=\"shortcode-suno-banner\" title=\"Banner SUNO, clique e saiba mais\">\n\t\t\t<picture>\n\t\t\t\t<source media=\"(max-width: 500px)\" srcset=\"https:\/\/files.sunoresearch.com.br\/n\/uploads\/2023\/03\/400x300-Controle-de-Investimentos.png\">\n\t\t\t\t<img class=\"newsContent__article__imgCapa newsContent__article__imgCapa--banner\"\n\t\t\t\t\tsrc=\"https:\/\/files.sunoresearch.com.br\/n\/uploads\/2023\/03\/1420x240-Controle-de-Investimentos.png\"\n\t\t\t\t\tdata-promo-id=\"75934\"\t\t\t\t\t\t\t\t\t\twidth='1420' height='240'\t\t\t\t\talt=\"https:\/\/files.sunoresearch.com.br\/n\/uploads\/2023\/03\/1420x240-Controle-de-Investimentos.png\"\n\t\t\t\t>\n\t\t\t<\/picture>\n\t\t<\/a>\n\t<\/p>\n\n\n","protected":false},"excerpt":{"rendered":"<p>O BTG Pactual (BPAC11), maior banco de investimento da Am\u00e9rica Latina, deu seus primeiro passos no agroneg\u00f3cio neste ano. Os trabalhos dos fundos geridos pelo banco parecem estar dando certo, e a institui\u00e7\u00e3o quer acelerar os investimentos no setor. Lucro da Kepler Webler cresce 243,3%. Foto: Pixabay Em entrevista ao NeoFeed, o banco revelou que [&hellip;]<\/p>\n","protected":false},"author":24,"featured_media":168134,"comment_status":"closed","ping_status":"closed","sticky":false,"template":"","format":"standard","meta":[],"categories":[64],"tags":[1121,399],"suno_strategy":[],"class_list":["post-168121","post","type-post","status-publish","format-standard","has-post-thumbnail","hentry","category-negocios","tag-agronegocio","tag-btg-pactual-bpac11-bpac3-bpac5"],"yoast_head":"<!-- This site is optimized with the Yoast SEO plugin v24.4 - https:\/\/yoast.com\/wordpress\/plugins\/seo\/ -->\n<title>Fundos do BTG Pactual (BPAC11) apostam R$ 950 mi no agroneg\u00f3cio<\/title>\n<meta name=\"description\" content=\"O BTG Pactual (BPAC11) deu seus primeiro passos no agroneg\u00f3cio neste ano. Agora, os investimentos devem aumentar. Clique e saiba mais.\" \/>\n<meta name=\"robots\" content=\"index, follow, max-snippet:-1, max-image-preview:large, max-video-preview:-1\" \/>\n<link rel=\"canonical\" href=\"https:\/\/www.suno.com.br\/noticias\/btg-pactual-bpac11-aposta-agronegocio\/\" \/>\n<meta property=\"og:locale\" content=\"pt_BR\" \/>\n<meta property=\"og:type\" content=\"article\" \/>\n<meta property=\"og:title\" content=\"Fundos do BTG Pactual (BPAC11) apostam R$ 950 mi no agroneg\u00f3cio\" \/>\n<meta property=\"og:description\" content=\"O BTG Pactual (BPAC11) deu seus primeiro passos no agroneg\u00f3cio neste ano. Agora, os investimentos devem aumentar. Clique e saiba mais.\" \/>\n<meta property=\"og:url\" content=\"https:\/\/www.suno.com.br\/noticias\/btg-pactual-bpac11-aposta-agronegocio\/\" \/>\n<meta property=\"og:site_name\" content=\"Suno Not\u00edcias\" \/>\n<meta property=\"article:publisher\" content=\"https:\/\/facebook.com\/sunoresearch\" \/>\n<meta property=\"og:image\" content=\"https:\/\/files.sunoresearch.com.br\/n\/uploads\/2021\/07\/e7217861-soybean-1831703_1920.jpg\" \/>\n\t<meta property=\"og:image:width\" content=\"1920\" \/>\n\t<meta property=\"og:image:height\" content=\"1285\" \/>\n\t<meta property=\"og:image:type\" content=\"image\/jpeg\" \/>\n<meta name=\"author\" content=\"Jader Lazarini\" \/>\n<meta name=\"twitter:card\" content=\"summary_large_image\" \/>\n<meta name=\"twitter:creator\" content=\"@sunoresearch\" \/>\n<meta name=\"twitter:site\" content=\"@sunoresearch\" \/>\n<meta name=\"twitter:label1\" content=\"Escrito por\" \/>\n\t<meta name=\"twitter:data1\" content=\"Jader Lazarini\" \/>\n\t<meta name=\"twitter:label2\" content=\"Est. tempo de leitura\" \/>\n\t<meta name=\"twitter:data2\" content=\"3 minutos\" \/>\n<script type=\"application\/ld+json\" class=\"yoast-schema-graph\">{\"@context\":\"https:\/\/schema.org\",\"@graph\":[{\"@type\":\"NewsArticle\",\"@id\":\"https:\/\/www.suno.com.br\/noticias\/btg-pactual-bpac11-aposta-agronegocio\/#article\",\"isPartOf\":{\"@id\":\"https:\/\/www.suno.com.br\/noticias\/btg-pactual-bpac11-aposta-agronegocio\/\"},\"author\":{\"name\":\"Jader Lazarini\",\"@id\":\"https:\/\/www.suno.com.br\/noticias\/#\/schema\/person\/918d79de1f0281f01599b93f9ea6e23f\"},\"headline\":\"Fundos do BTG Pactual (BPAC11) apostam R$ 950 milh\u00f5es no agroneg\u00f3cio\",\"datePublished\":\"2021-07-22T14:30:03+00:00\",\"dateModified\":\"2021-07-22T18:08:02+00:00\",\"mainEntityOfPage\":{\"@id\":\"https:\/\/www.suno.com.br\/noticias\/btg-pactual-bpac11-aposta-agronegocio\/\"},\"wordCount\":554,\"publisher\":{\"@id\":\"https:\/\/www.suno.com.br\/noticias\/#organization\"},\"image\":{\"@id\":\"https:\/\/www.suno.com.br\/noticias\/btg-pactual-bpac11-aposta-agronegocio\/#primaryimage\"},\"thumbnailUrl\":\"https:\/\/files.sunoresearch.com.br\/n\/uploads\/2021\/07\/e7217861-soybean-1831703_1920.jpg\",\"keywords\":[\"Agroneg\u00f3cio\",\"BTG Pactual (BPAC11\/BPAC3\/BPAC5)\"],\"articleSection\":[\"Neg\u00f3cios\"],\"inLanguage\":\"pt-BR\"},{\"@type\":\"WebPage\",\"@id\":\"https:\/\/www.suno.com.br\/noticias\/btg-pactual-bpac11-aposta-agronegocio\/\",\"url\":\"https:\/\/www.suno.com.br\/noticias\/btg-pactual-bpac11-aposta-agronegocio\/\",\"name\":\"Fundos do BTG Pactual (BPAC11) apostam R$ 950 mi no agroneg\u00f3cio\",\"isPartOf\":{\"@id\":\"https:\/\/www.suno.com.br\/noticias\/#website\"},\"primaryImageOfPage\":{\"@id\":\"https:\/\/www.suno.com.br\/noticias\/btg-pactual-bpac11-aposta-agronegocio\/#primaryimage\"},\"image\":{\"@id\":\"https:\/\/www.suno.com.br\/noticias\/btg-pactual-bpac11-aposta-agronegocio\/#primaryimage\"},\"thumbnailUrl\":\"https:\/\/files.sunoresearch.com.br\/n\/uploads\/2021\/07\/e7217861-soybean-1831703_1920.jpg\",\"datePublished\":\"2021-07-22T14:30:03+00:00\",\"dateModified\":\"2021-07-22T18:08:02+00:00\",\"description\":\"O BTG Pactual (BPAC11) deu seus primeiro passos no agroneg\u00f3cio neste ano. Agora, os investimentos devem aumentar. Clique e saiba mais.\",\"breadcrumb\":{\"@id\":\"https:\/\/www.suno.com.br\/noticias\/btg-pactual-bpac11-aposta-agronegocio\/#breadcrumb\"},\"inLanguage\":\"pt-BR\",\"potentialAction\":[{\"@type\":\"ReadAction\",\"target\":[\"https:\/\/www.suno.com.br\/noticias\/btg-pactual-bpac11-aposta-agronegocio\/\"]}]},{\"@type\":\"ImageObject\",\"inLanguage\":\"pt-BR\",\"@id\":\"https:\/\/www.suno.com.br\/noticias\/btg-pactual-bpac11-aposta-agronegocio\/#primaryimage\",\"url\":\"https:\/\/files.sunoresearch.com.br\/n\/uploads\/2021\/07\/e7217861-soybean-1831703_1920.jpg\",\"contentUrl\":\"https:\/\/files.sunoresearch.com.br\/n\/uploads\/2021\/07\/e7217861-soybean-1831703_1920.jpg\",\"width\":1920,\"height\":1285,\"caption\":\"Lucro da Kepler Webler cresce 243,3%. Foto: Pixabay\"},{\"@type\":\"BreadcrumbList\",\"@id\":\"https:\/\/www.suno.com.br\/noticias\/btg-pactual-bpac11-aposta-agronegocio\/#breadcrumb\",\"itemListElement\":[{\"@type\":\"ListItem\",\"position\":1,\"name\":\"Not\u00edcias\",\"item\":\"https:\/\/www.suno.com.br\/noticias\/\"},{\"@type\":\"ListItem\",\"position\":2,\"name\":\"Neg\u00f3cios\",\"item\":\"https:\/\/www.suno.com.br\/noticias\/negocios\/\"},{\"@type\":\"ListItem\",\"position\":3,\"name\":\"Fundos do BTG Pactual (BPAC11) apostam R$ 950 milh\u00f5es no agroneg\u00f3cio\"}]},{\"@type\":\"WebSite\",\"@id\":\"https:\/\/www.suno.com.br\/noticias\/#website\",\"url\":\"https:\/\/www.suno.com.br\/noticias\/\",\"name\":\"Suno Not\u00edcias\",\"description\":\"Seu portal de informa\u00e7\u00e3o sobre o mundo dos investimentos\",\"publisher\":{\"@id\":\"https:\/\/www.suno.com.br\/noticias\/#organization\"},\"potentialAction\":[{\"@type\":\"SearchAction\",\"target\":{\"@type\":\"EntryPoint\",\"urlTemplate\":\"https:\/\/www.suno.com.br\/noticias\/?s={search_term_string}\"},\"query-input\":{\"@type\":\"PropertyValueSpecification\",\"valueRequired\":true,\"valueName\":\"search_term_string\"}}],\"inLanguage\":\"pt-BR\"},{\"@type\":\"Organization\",\"@id\":\"https:\/\/www.suno.com.br\/noticias\/#organization\",\"name\":\"Suno Not\u00edcias\",\"url\":\"https:\/\/www.suno.com.br\/noticias\/\",\"logo\":{\"@type\":\"ImageObject\",\"inLanguage\":\"pt-BR\",\"@id\":\"https:\/\/www.suno.com.br\/noticias\/#\/schema\/logo\/image\/\",\"url\":\"https:\/\/files.sunoresearch.com.br\/n\/uploads\/2021\/09\/suno-logo.png\",\"contentUrl\":\"https:\/\/files.sunoresearch.com.br\/n\/uploads\/2021\/09\/suno-logo.png\",\"width\":180,\"height\":180,\"caption\":\"Suno Not\u00edcias\"},\"image\":{\"@id\":\"https:\/\/www.suno.com.br\/noticias\/#\/schema\/logo\/image\/\"},\"sameAs\":[\"https:\/\/facebook.com\/sunoresearch\",\"https:\/\/x.com\/sunoresearch\",\"https:\/\/www.instagram.com\/suno\",\"https:\/\/www.linkedin.com\/company\/suno-research\/\",\"https:\/\/www.youtube.com\/c\/sunoresearch\"]},{\"@type\":\"Person\",\"@id\":\"https:\/\/www.suno.com.br\/noticias\/#\/schema\/person\/918d79de1f0281f01599b93f9ea6e23f\",\"name\":\"Jader Lazarini\",\"image\":{\"@type\":\"ImageObject\",\"inLanguage\":\"pt-BR\",\"@id\":\"https:\/\/www.suno.com.br\/noticias\/#\/schema\/person\/image\/\",\"url\":\"https:\/\/secure.gravatar.com\/avatar\/3c1ad8caa51589841baeb923fcddea97?s=96&r=g\",\"contentUrl\":\"https:\/\/secure.gravatar.com\/avatar\/3c1ad8caa51589841baeb923fcddea97?s=96&r=g\",\"caption\":\"Jader Lazarini\"},\"description\":\"Jader Lazarini escreve sobre investimentos, finan\u00e7as, economia e neg\u00f3cios. \u00c9 bacharel em Rela\u00e7\u00f5es Internacionais e analista CNPI (2619).\",\"url\":\"https:\/\/www.suno.com.br\/noticias\/author\/jader-lazarini\/\"}]}<\/script>\n<!-- \/ Yoast SEO plugin. -->","yoast_head_json":{"title":"Fundos do BTG Pactual (BPAC11) apostam R$ 950 mi no agroneg\u00f3cio","description":"O BTG Pactual (BPAC11) deu seus primeiro passos no agroneg\u00f3cio neste ano. Agora, os investimentos devem aumentar. Clique e saiba mais.","robots":{"index":"index","follow":"follow","max-snippet":"max-snippet:-1","max-image-preview":"max-image-preview:large","max-video-preview":"max-video-preview:-1"},"canonical":"https:\/\/www.suno.com.br\/noticias\/btg-pactual-bpac11-aposta-agronegocio\/","og_locale":"pt_BR","og_type":"article","og_title":"Fundos do BTG Pactual (BPAC11) apostam R$ 950 mi no agroneg\u00f3cio","og_description":"O BTG Pactual (BPAC11) deu seus primeiro passos no agroneg\u00f3cio neste ano. Agora, os investimentos devem aumentar. Clique e saiba mais.","og_url":"https:\/\/www.suno.com.br\/noticias\/btg-pactual-bpac11-aposta-agronegocio\/","og_site_name":"Suno Not\u00edcias","article_publisher":"https:\/\/facebook.com\/sunoresearch","og_image":[{"width":1920,"height":1285,"url":"https:\/\/files.sunoresearch.com.br\/n\/uploads\/2021\/07\/e7217861-soybean-1831703_1920.jpg","type":"image\/jpeg"}],"author":"Jader Lazarini","twitter_card":"summary_large_image","twitter_creator":"@sunoresearch","twitter_site":"@sunoresearch","twitter_misc":{"Escrito por":"Jader Lazarini","Est. tempo de leitura":"3 minutos"},"schema":{"@context":"https:\/\/schema.org","@graph":[{"@type":"NewsArticle","@id":"https:\/\/www.suno.com.br\/noticias\/btg-pactual-bpac11-aposta-agronegocio\/#article","isPartOf":{"@id":"https:\/\/www.suno.com.br\/noticias\/btg-pactual-bpac11-aposta-agronegocio\/"},"author":{"name":"Jader Lazarini","@id":"https:\/\/www.suno.com.br\/noticias\/#\/schema\/person\/918d79de1f0281f01599b93f9ea6e23f"},"headline":"Fundos do BTG Pactual (BPAC11) apostam R$ 950 milh\u00f5es no agroneg\u00f3cio","datePublished":"2021-07-22T14:30:03+00:00","dateModified":"2021-07-22T18:08:02+00:00","mainEntityOfPage":{"@id":"https:\/\/www.suno.com.br\/noticias\/btg-pactual-bpac11-aposta-agronegocio\/"},"wordCount":554,"publisher":{"@id":"https:\/\/www.suno.com.br\/noticias\/#organization"},"image":{"@id":"https:\/\/www.suno.com.br\/noticias\/btg-pactual-bpac11-aposta-agronegocio\/#primaryimage"},"thumbnailUrl":"https:\/\/files.sunoresearch.com.br\/n\/uploads\/2021\/07\/e7217861-soybean-1831703_1920.jpg","keywords":["Agroneg\u00f3cio","BTG Pactual (BPAC11\/BPAC3\/BPAC5)"],"articleSection":["Neg\u00f3cios"],"inLanguage":"pt-BR"},{"@type":"WebPage","@id":"https:\/\/www.suno.com.br\/noticias\/btg-pactual-bpac11-aposta-agronegocio\/","url":"https:\/\/www.suno.com.br\/noticias\/btg-pactual-bpac11-aposta-agronegocio\/","name":"Fundos do BTG Pactual (BPAC11) apostam R$ 950 mi no agroneg\u00f3cio","isPartOf":{"@id":"https:\/\/www.suno.com.br\/noticias\/#website"},"primaryImageOfPage":{"@id":"https:\/\/www.suno.com.br\/noticias\/btg-pactual-bpac11-aposta-agronegocio\/#primaryimage"},"image":{"@id":"https:\/\/www.suno.com.br\/noticias\/btg-pactual-bpac11-aposta-agronegocio\/#primaryimage"},"thumbnailUrl":"https:\/\/files.sunoresearch.com.br\/n\/uploads\/2021\/07\/e7217861-soybean-1831703_1920.jpg","datePublished":"2021-07-22T14:30:03+00:00","dateModified":"2021-07-22T18:08:02+00:00","description":"O BTG Pactual (BPAC11) deu seus primeiro passos no agroneg\u00f3cio neste ano. Agora, os investimentos devem aumentar. Clique e saiba mais.","breadcrumb":{"@id":"https:\/\/www.suno.com.br\/noticias\/btg-pactual-bpac11-aposta-agronegocio\/#breadcrumb"},"inLanguage":"pt-BR","potentialAction":[{"@type":"ReadAction","target":["https:\/\/www.suno.com.br\/noticias\/btg-pactual-bpac11-aposta-agronegocio\/"]}]},{"@type":"ImageObject","inLanguage":"pt-BR","@id":"https:\/\/www.suno.com.br\/noticias\/btg-pactual-bpac11-aposta-agronegocio\/#primaryimage","url":"https:\/\/files.sunoresearch.com.br\/n\/uploads\/2021\/07\/e7217861-soybean-1831703_1920.jpg","contentUrl":"https:\/\/files.sunoresearch.com.br\/n\/uploads\/2021\/07\/e7217861-soybean-1831703_1920.jpg","width":1920,"height":1285,"caption":"Lucro da Kepler Webler cresce 243,3%. Foto: Pixabay"},{"@type":"BreadcrumbList","@id":"https:\/\/www.suno.com.br\/noticias\/btg-pactual-bpac11-aposta-agronegocio\/#breadcrumb","itemListElement":[{"@type":"ListItem","position":1,"name":"Not\u00edcias","item":"https:\/\/www.suno.com.br\/noticias\/"},{"@type":"ListItem","position":2,"name":"Neg\u00f3cios","item":"https:\/\/www.suno.com.br\/noticias\/negocios\/"},{"@type":"ListItem","position":3,"name":"Fundos do BTG Pactual (BPAC11) apostam R$ 950 milh\u00f5es no agroneg\u00f3cio"}]},{"@type":"WebSite","@id":"https:\/\/www.suno.com.br\/noticias\/#website","url":"https:\/\/www.suno.com.br\/noticias\/","name":"Suno Not\u00edcias","description":"Seu portal de informa\u00e7\u00e3o sobre o mundo dos investimentos","publisher":{"@id":"https:\/\/www.suno.com.br\/noticias\/#organization"},"potentialAction":[{"@type":"SearchAction","target":{"@type":"EntryPoint","urlTemplate":"https:\/\/www.suno.com.br\/noticias\/?s={search_term_string}"},"query-input":{"@type":"PropertyValueSpecification","valueRequired":true,"valueName":"search_term_string"}}],"inLanguage":"pt-BR"},{"@type":"Organization","@id":"https:\/\/www.suno.com.br\/noticias\/#organization","name":"Suno Not\u00edcias","url":"https:\/\/www.suno.com.br\/noticias\/","logo":{"@type":"ImageObject","inLanguage":"pt-BR","@id":"https:\/\/www.suno.com.br\/noticias\/#\/schema\/logo\/image\/","url":"https:\/\/files.sunoresearch.com.br\/n\/uploads\/2021\/09\/suno-logo.png","contentUrl":"https:\/\/files.sunoresearch.com.br\/n\/uploads\/2021\/09\/suno-logo.png","width":180,"height":180,"caption":"Suno Not\u00edcias"},"image":{"@id":"https:\/\/www.suno.com.br\/noticias\/#\/schema\/logo\/image\/"},"sameAs":["https:\/\/facebook.com\/sunoresearch","https:\/\/x.com\/sunoresearch","https:\/\/www.instagram.com\/suno","https:\/\/www.linkedin.com\/company\/suno-research\/","https:\/\/www.youtube.com\/c\/sunoresearch"]},{"@type":"Person","@id":"https:\/\/www.suno.com.br\/noticias\/#\/schema\/person\/918d79de1f0281f01599b93f9ea6e23f","name":"Jader Lazarini","image":{"@type":"ImageObject","inLanguage":"pt-BR","@id":"https:\/\/www.suno.com.br\/noticias\/#\/schema\/person\/image\/","url":"https:\/\/secure.gravatar.com\/avatar\/3c1ad8caa51589841baeb923fcddea97?s=96&r=g","contentUrl":"https:\/\/secure.gravatar.com\/avatar\/3c1ad8caa51589841baeb923fcddea97?s=96&r=g","caption":"Jader Lazarini"},"description":"Jader Lazarini escreve sobre investimentos, finan\u00e7as, economia e neg\u00f3cios. \u00c9 bacharel em Rela\u00e7\u00f5es Internacionais e analista CNPI (2619).","url":"https:\/\/www.suno.com.br\/noticias\/author\/jader-lazarini\/"}]}},"default_loop_html":"<div class=\"cardsPage__listCard__boxs\"><div class=\"cardsPage__listCard__boxs__img\"><a href=\"https:\/\/www.suno.com.br\/noticias\/btg-pactual-bpac11-aposta-agronegocio\/\"><img class=\"mask\" src=\"https:\/\/www.suno.com.br\/noticias\/wp-content\/themes\/suno\/resources\/images\/spotlight\/spotlight1img\/bg-mask.png\" alt=\"Image Mask\"\/><img src=\"https:\/\/files.sunoresearch.com.br\/n\/uploads\/2021\/07\/e7217861-soybean-1831703_1920-400x200.jpg\" alt=\"Fundos do BTG Pactual (BPAC11) apostam R$ 950 milh\u00f5es no agroneg\u00f3cio\"\/><\/a><span class=\"spotlightCategory\"><a href=\"https:\/\/www.suno.com.br\/noticias\/negocios\/\">Neg\u00f3cios<\/a><\/span><\/div><div class=\"cardsPage__listCard__boxs__content\"><a href=\"https:\/\/www.suno.com.br\/noticias\/btg-pactual-bpac11-aposta-agronegocio\/\"><h2 class=\"content__title\">Fundos do BTG Pactual (BPAC11) apostam R$ 950 milh\u00f5es no agroneg\u00f3cio<\/h2><\/a><div class=\"newsContent__article__meta\"><div class=\"newsContent__article__meta__authorBox\"><a href=\"https:\/\/www.suno.com.br\/noticias\/author\/jader-lazarini\/\" class=\"authorBox__avatar noMobi\"><img src=\"https:\/\/files.sunoresearch.com.br\/n\/uploads\/2021\/01\/178e6598-foto-perfil-2-150x150.jpg\" alt=\"Jader Lazarini\"><\/a><div class=\"authorBox__name\"><span>por\n\t\t\t<a href=\"https:\/\/www.suno.com.br\/noticias\/author\/jader-lazarini\/\"><span itemprop=\"author\">Jader Lazarini<\/span><\/a><\/span><time datetime=\"2021-07-22T11:30:03-03:00\" itemprop=\"datePublished\">22\/07\/2021 11:30<\/time><\/div><\/div><\/div><\/div><\/div>","single_layout":"posts","amp_enabled":true,"_links":{"self":[{"href":"https:\/\/www.suno.com.br\/noticias\/wp-json\/wp\/v2\/posts\/168121"}],"collection":[{"href":"https:\/\/www.suno.com.br\/noticias\/wp-json\/wp\/v2\/posts"}],"about":[{"href":"https:\/\/www.suno.com.br\/noticias\/wp-json\/wp\/v2\/types\/post"}],"author":[{"embeddable":true,"href":"https:\/\/www.suno.com.br\/noticias\/wp-json\/wp\/v2\/users\/24"}],"replies":[{"embeddable":true,"href":"https:\/\/www.suno.com.br\/noticias\/wp-json\/wp\/v2\/comments?post=168121"}],"version-history":[{"count":3,"href":"https:\/\/www.suno.com.br\/noticias\/wp-json\/wp\/v2\/posts\/168121\/revisions"}],"predecessor-version":[{"id":168286,"href":"https:\/\/www.suno.com.br\/noticias\/wp-json\/wp\/v2\/posts\/168121\/revisions\/168286"}],"wp:featuredmedia":[{"embeddable":true,"href":"https:\/\/www.suno.com.br\/noticias\/wp-json\/wp\/v2\/media\/168134"}],"wp:attachment":[{"href":"https:\/\/www.suno.com.br\/noticias\/wp-json\/wp\/v2\/media?parent=168121"}],"wp:term":[{"taxonomy":"category","embeddable":true,"href":"https:\/\/www.suno.com.br\/noticias\/wp-json\/wp\/v2\/categories?post=168121"},{"taxonomy":"post_tag","embeddable":true,"href":"https:\/\/www.suno.com.br\/noticias\/wp-json\/wp\/v2\/tags?post=168121"},{"taxonomy":"suno_strategy","embeddable":true,"href":"https:\/\/www.suno.com.br\/noticias\/wp-json\/wp\/v2\/suno_strategy?post=168121"}],"curies":[{"name":"wp","href":"https:\/\/api.w.org\/{rel}","templated":true}]}}