{"id":168062,"date":"2021-07-22T09:39:30","date_gmt":"2021-07-22T12:39:30","guid":{"rendered":"https:\/\/www.suno.com.br\/noticias\/?p=168062"},"modified":"2021-07-22T09:39:30","modified_gmt":"2021-07-22T12:39:30","slug":"ipo-raizen-raiz4-grandes-fundos-internacionais","status":"publish","type":"post","link":"https:\/\/www.suno.com.br\/noticias\/ipo-raizen-raiz4-grandes-fundos-internacionais\/","title":{"rendered":"IPO da Ra\u00edzen (RAIZ4) chama aten\u00e7\u00e3o de grandes fundos internacionais, diz jornal"},"content":{"rendered":"<p>A\u00a0<strong>Ra\u00edzen <\/strong>(RAIZ4),\u00a0<a class=\"suno-keyword\" href=\"https:\/\/www.suno.com.br\/artigos\/joint-venture\/\" target=\"_blank\" rel=\"noopener noreferrer\" data-force=\"no\" data-priority=\"2\">joint venture<\/a>\u00a0entre<a href=\"https:\/\/www.suno.com.br\/acoes\/csan3\/\">\u00a0Cosan (CSAN3)<\/a> e Shell na \u00e1rea de distribui\u00e7\u00e3o de combust\u00edveis, est\u00e1 atraindo a aten\u00e7\u00e3o de grandes fundos internacionais para a sua oferta p\u00fablica inicial de a\u00e7\u00f5es (IPO, em ingl\u00eas). A Ra\u00edzen pode fazer o maior IPO do ano no Brasil, com oferta acima de R$ 8 bilh\u00f5es.<\/p>\t<div class=\"wrapper-featured-image\">\n\t\t<figure class=\"spotlightImg\">\n\n\t\t\t<picture>\n\t\t\t\t<source media=\"(max-width: 768px)\" srcset=\"https:\/\/files.sunoresearch.com.br\/n\/uploads\/2021\/03\/e24e1db1-totem-rondonopolis-400x200.webp\">\n\t\t\t\t<img loading=\"lazy\" decoding=\"async\" class=\"newsContent__article__imgCapa lazyloadDisabled \" src=\"https:\/\/files.sunoresearch.com.br\/n\/uploads\/2021\/03\/e24e1db1-totem-rondonopolis-800x450.webp\" width=\"800\" height=\"450\" alt=\"IPO da Ra\u00edzen (RAIZ4) chama aten\u00e7\u00e3o de grandes fundos internacionais, diz jornal\" fetchpriority=high \/>\n\t\t\t<\/picture>\n\n\t\t\t<figcaption class=\"wp-caption-text wp-caption-text--show\">Ra\u00edzen (RAIZ4) - Foto: Divulga\u00e7\u00e3o <\/figcaption>\n\t\t<\/figure>\n\t<\/div>\n\n\n\t<p>\n\t\t<a href=\"https:\/\/lp.suno.com.br\/planilha-controle-gastos\/\" target=\"_blank\" data-element=\"shortcode-suno-banner\" title=\"Banner SUNO, clique e saiba mais\">\n\t\t\t<picture>\n\t\t\t\t<source media=\"(max-width: 500px)\" srcset=\"https:\/\/files.sunoresearch.com.br\/n\/uploads\/2023\/03\/400x300-Planilha-controle-de-gastos.png\">\n\t\t\t\t<img class=\"newsContent__article__imgCapa newsContent__article__imgCapa--banner\"\n\t\t\t\t\tsrc=\"https:\/\/files.sunoresearch.com.br\/n\/uploads\/2023\/03\/1420x240-Planilha-controle-de-gastos.png\"\n\t\t\t\t\tdata-promo-id=\"101751\"\t\t\t\t\t\t\t\t\t\twidth='1420' height='240'\t\t\t\t\talt=\"https:\/\/files.sunoresearch.com.br\/n\/uploads\/2023\/03\/1420x240-Planilha-controle-de-gastos.png\"\n\t\t\t\t>\n\t\t\t<\/picture>\n\t\t<\/a>\n\t<\/p>\n\n\n<p>Segundo o jornal <em>O Estado de S.Paulo<\/em>, al\u00e9m dos investidores internacionais, est\u00e3o de olho tamb\u00e9m na <strong>oferta da Ra\u00edzen<\/strong> os fundos estrangeiros especializados em energia e gestores voltados \u00e0 <strong>transi\u00e7\u00e3o energ\u00e9tica<\/strong> de matriz f\u00f3ssil para renov\u00e1vel.<\/p>\n<p>Esses fundos de transi\u00e7\u00e3o energ\u00e9tica est\u00e3o crescendo cada vez mais nos Estados Unidos e na Europa e j\u00e1 superam US$ 200 bilh\u00f5es.<\/p>\n<p>Outros investidores que possuem interesse na oferta s\u00e3o aqueles dedicados \u00e0 tem\u00e1tica ESG.\u00a0O <strong>IPO da Ra\u00edzen<\/strong> chama a aten\u00e7\u00e3o dos investidores internacionais pois no Brasil n\u00e3o h\u00e1 esse grau de profundidade com a tem\u00e1tica ambiental, como \u00e9 no exterior.\u00a0 Com essa realidade, os bancos tem ressaltado nas apresenta\u00e7\u00f5es a pegada &#8220;carbon free&#8221; da empresa, buscando valer at\u00e9 US$ 20 bilh\u00f5es.<\/p>\n\t<p>\n\t\t<a href=\"https:\/\/lp.suno.com.br\/planilha-da-vida-financeira\/\" target=\"_blank\" data-element=\"shortcode-suno-banner\" title=\"Banner SUNO, clique e saiba mais\">\n\t\t\t<picture>\n\t\t\t\t<source media=\"(max-width: 500px)\" srcset=\"https:\/\/files.sunoresearch.com.br\/n\/uploads\/2023\/04\/400x300-Planilha-vida-financeira-true.png\">\n\t\t\t\t<img class=\"newsContent__article__imgCapa newsContent__article__imgCapa--banner\"\n\t\t\t\t\tsrc=\"https:\/\/files.sunoresearch.com.br\/n\/uploads\/2023\/04\/1420x240-Planilha-vida-financeira-true.png\"\n\t\t\t\t\tdata-promo-id=\"106682\"\t\t\t\t\t\t\t\t\t\twidth='1420' height='240'\t\t\t\t\talt=\"https:\/\/files.sunoresearch.com.br\/n\/uploads\/2023\/04\/1420x240-Planilha-vida-financeira-true.png\"\n\t\t\t\t>\n\t\t\t<\/picture>\n\t\t<\/a>\n\t<\/p>\n\n\n<p>Conforme informou o site <em>Exame<\/em> na semana passada, a Ra\u00edzen deve chegar ao mercado de capitais praticamente j\u00e1 vendida. Ou seja, o mercado deve acompanha agora apenas a venda do lote extra.<\/p>\n<h2>Ra\u00edzen estreia na B3 no dia 5 de agosto<\/h2>\n<p>Segundo o prospecto da Ra\u00edzen, a oferta consistir\u00e1 na<strong>\u00a0distribui\u00e7\u00e3o p\u00fablica prim\u00e1ria<\/strong> de, inicialmente, 810,8 milh\u00f5es de novas a\u00e7\u00f5es a serem emitidas pela companhia.<\/p>\n<p>O\u00a0<strong>pre\u00e7o por a\u00e7\u00e3o<\/strong>\u00a0ser\u00e1 fixado no dia 3 de agosto e o in\u00edcio de negocia\u00e7\u00e3o dos pap\u00e9is na B3 est\u00e1 estimado para acontecer dois dias depois, 5 de agosto.<\/p>\n<p>A Ra\u00edzen solicitou o registro <strong>N\u00edvel 2<\/strong> da bolsa brasileira. A oferta ser\u00e1 de\u00a0<a class=\"suno-keyword\" href=\"https:\/\/www.suno.com.br\/artigos\/acoes-preferenciais\/\" target=\"_blank\" rel=\"noopener noreferrer\" data-force=\"no\" data-priority=\"1\">a\u00e7\u00f5es preferenciais<\/a>, sem direito a voto, mas com prefer\u00eancia no pagamento de dividendos. O <a class=\"suno-keyword\" href=\"https:\/\/www.suno.com.br\/acoes\/BPAC11\/\" target=\"_blank\" rel=\"noopener noreferrer\" data-force=\"yes\" data-priority=\"2\">BTG Pactual (BPAC11)<\/a> \u00e9 o coordenador l\u00edder. Haver\u00e1 atua\u00e7\u00e3o tamb\u00e9m do Citi, Bank of America e Credit Suisse.<\/p>\n<p>Tamb\u00e9m participam\u00a0<a href=\"https:\/\/www.suno.com.br\/acoes\/bbdc4\/\">Bradesco BBI (BBDC4)<\/a>, JP Morgan,\u00a0<a class=\"suno-keyword\" href=\"https:\/\/www.suno.com.br\/acoes\/SANB11\/\" target=\"_blank\" rel=\"noopener noreferrer\" data-force=\"yes\" data-priority=\"2\">Santander (SANB11)<\/a>, XP, HSBC, Morgan Stanley, Safra e Scotiabank.<\/p>\n<p>De acordo com o prospecto, a companhia pretende utilizar os\u00a0<strong>recursos l\u00edquidos<\/strong>\u00a0provenientes da oferta para:<\/p>\n<ul>\n<li>constru\u00e7\u00e3o de novas plantas para expandir a produ\u00e7\u00e3o de produtos renov\u00e1veis e capacidade de comercializa\u00e7\u00e3o;<\/li>\n<li>investimentos em efici\u00eancia e produtividade nos parques de bioenergia da empresa;<\/li>\n<li>investimentos em infraestrutura de armazenagem e log\u00edstica para suportar o crescimento de volume comercializado de renov\u00e1veis e a\u00e7\u00facar.<\/li>\n<\/ul>\n<p>A oferta da <strong>Ra\u00edzen<\/strong> deve buscar investidores interessados no tema de sustentabilidade<strong>,<\/strong>\u00a0principalmente ao mostrar ao mercado a presen\u00e7a da companhia no setor de biocombust\u00edveis.<\/p>\n\t<p>\n\t\t<a href=\"https:\/\/lp.suno.com.br\/planilha-de-controle-de-investimentos\/\" target=\"_blank\" data-element=\"shortcode-suno-banner\" title=\"Banner SUNO, clique e saiba mais\">\n\t\t\t<picture>\n\t\t\t\t<source media=\"(max-width: 500px)\" srcset=\"https:\/\/files.sunoresearch.com.br\/n\/uploads\/2023\/03\/400x300-Controle-de-Investimentos.png\">\n\t\t\t\t<img class=\"newsContent__article__imgCapa newsContent__article__imgCapa--banner\"\n\t\t\t\t\tsrc=\"https:\/\/files.sunoresearch.com.br\/n\/uploads\/2023\/03\/1420x240-Controle-de-Investimentos.png\"\n\t\t\t\t\tdata-promo-id=\"75934\"\t\t\t\t\t\t\t\t\t\twidth='1420' height='240'\t\t\t\t\talt=\"https:\/\/files.sunoresearch.com.br\/n\/uploads\/2023\/03\/1420x240-Controle-de-Investimentos.png\"\n\t\t\t\t>\n\t\t\t<\/picture>\n\t\t<\/a>\n\t<\/p>\n\n\n","protected":false},"excerpt":{"rendered":"<p>A\u00a0Ra\u00edzen (RAIZ4),\u00a0joint venture\u00a0entre\u00a0Cosan (CSAN3) e Shell na \u00e1rea de distribui\u00e7\u00e3o de combust\u00edveis, est\u00e1 atraindo a aten\u00e7\u00e3o de grandes fundos internacionais para a sua oferta p\u00fablica inicial de a\u00e7\u00f5es (IPO, em ingl\u00eas). A Ra\u00edzen pode fazer o maior IPO do ano no Brasil, com oferta acima de R$ 8 bilh\u00f5es. Ra\u00edzen (RAIZ4) &#8211; Foto: Divulga\u00e7\u00e3o Segundo [&hellip;]<\/p>\n","protected":false},"author":15,"featured_media":136166,"comment_status":"closed","ping_status":"closed","sticky":false,"template":"","format":"standard","meta":[],"categories":[64],"tags":[319,106933],"suno_strategy":[],"class_list":["post-168062","post","type-post","status-publish","format-standard","has-post-thumbnail","hentry","category-negocios","tag-ipo-oferta-inicial-de-acoes","tag-raizen-raiz4"],"yoast_head":"<!-- This site is optimized with the Yoast SEO plugin v24.4 - https:\/\/yoast.com\/wordpress\/plugins\/seo\/ -->\n<title>IPO da Ra\u00edzen (RAIZ4) chama aten\u00e7\u00e3o de grandes fundos internacionais<\/title>\n<meta name=\"description\" content=\"A\u00a0Ra\u00edzen (RAIZ4), est\u00e1 atraindo a aten\u00e7\u00e3o de grandes fundos internacionais para a sua oferta p\u00fablica inicial de a\u00e7\u00f5es (IPO). Clique aqui\" \/>\n<meta name=\"robots\" content=\"index, follow, max-snippet:-1, max-image-preview:large, max-video-preview:-1\" \/>\n<link rel=\"canonical\" href=\"https:\/\/www.suno.com.br\/noticias\/ipo-raizen-raiz4-grandes-fundos-internacionais\/\" \/>\n<meta property=\"og:locale\" content=\"pt_BR\" \/>\n<meta property=\"og:type\" content=\"article\" \/>\n<meta property=\"og:title\" content=\"IPO da Ra\u00edzen (RAIZ4) chama aten\u00e7\u00e3o de grandes fundos internacionais\" \/>\n<meta property=\"og:description\" content=\"A\u00a0Ra\u00edzen (RAIZ4), est\u00e1 atraindo a aten\u00e7\u00e3o de grandes fundos internacionais para a sua oferta p\u00fablica inicial de a\u00e7\u00f5es (IPO). Clique aqui\" \/>\n<meta property=\"og:url\" content=\"https:\/\/www.suno.com.br\/noticias\/ipo-raizen-raiz4-grandes-fundos-internacionais\/\" \/>\n<meta property=\"og:site_name\" content=\"Suno Not\u00edcias\" \/>\n<meta property=\"article:publisher\" content=\"https:\/\/facebook.com\/sunoresearch\" \/>\n<meta property=\"og:image\" content=\"https:\/\/files.sunoresearch.com.br\/n\/uploads\/2021\/03\/e24e1db1-totem-rondonopolis.jpg\" \/>\n\t<meta property=\"og:image:width\" content=\"2505\" \/>\n\t<meta property=\"og:image:height\" content=\"1670\" \/>\n\t<meta property=\"og:image:type\" content=\"image\/jpeg\" \/>\n<meta name=\"author\" content=\"Poliana Santos\" \/>\n<meta name=\"twitter:card\" content=\"summary_large_image\" \/>\n<meta name=\"twitter:creator\" content=\"@sunoresearch\" \/>\n<meta name=\"twitter:site\" content=\"@sunoresearch\" \/>\n<meta name=\"twitter:label1\" content=\"Escrito por\" \/>\n\t<meta name=\"twitter:data1\" content=\"Poliana Santos\" \/>\n\t<meta name=\"twitter:label2\" content=\"Est. tempo de leitura\" \/>\n\t<meta name=\"twitter:data2\" content=\"2 minutos\" \/>\n<script type=\"application\/ld+json\" class=\"yoast-schema-graph\">{\"@context\":\"https:\/\/schema.org\",\"@graph\":[{\"@type\":\"NewsArticle\",\"@id\":\"https:\/\/www.suno.com.br\/noticias\/ipo-raizen-raiz4-grandes-fundos-internacionais\/#article\",\"isPartOf\":{\"@id\":\"https:\/\/www.suno.com.br\/noticias\/ipo-raizen-raiz4-grandes-fundos-internacionais\/\"},\"author\":{\"name\":\"Poliana Santos\",\"@id\":\"https:\/\/www.suno.com.br\/noticias\/#\/schema\/person\/02ec1f752758247878a2bf4abee1aeda\"},\"headline\":\"IPO da Ra\u00edzen (RAIZ4) chama aten\u00e7\u00e3o de grandes fundos internacionais, diz jornal\",\"datePublished\":\"2021-07-22T12:39:30+00:00\",\"mainEntityOfPage\":{\"@id\":\"https:\/\/www.suno.com.br\/noticias\/ipo-raizen-raiz4-grandes-fundos-internacionais\/\"},\"wordCount\":488,\"publisher\":{\"@id\":\"https:\/\/www.suno.com.br\/noticias\/#organization\"},\"image\":{\"@id\":\"https:\/\/www.suno.com.br\/noticias\/ipo-raizen-raiz4-grandes-fundos-internacionais\/#primaryimage\"},\"thumbnailUrl\":\"https:\/\/files.sunoresearch.com.br\/n\/uploads\/2021\/03\/e24e1db1-totem-rondonopolis-jpg.webp\",\"keywords\":[\"IPO (Oferta Inicial de A\u00e7\u00f5es)\",\"Ra\u00edzen (RAIZ4)\"],\"articleSection\":[\"Neg\u00f3cios\"],\"inLanguage\":\"pt-BR\"},{\"@type\":\"WebPage\",\"@id\":\"https:\/\/www.suno.com.br\/noticias\/ipo-raizen-raiz4-grandes-fundos-internacionais\/\",\"url\":\"https:\/\/www.suno.com.br\/noticias\/ipo-raizen-raiz4-grandes-fundos-internacionais\/\",\"name\":\"IPO da Ra\u00edzen (RAIZ4) chama aten\u00e7\u00e3o de grandes fundos internacionais\",\"isPartOf\":{\"@id\":\"https:\/\/www.suno.com.br\/noticias\/#website\"},\"primaryImageOfPage\":{\"@id\":\"https:\/\/www.suno.com.br\/noticias\/ipo-raizen-raiz4-grandes-fundos-internacionais\/#primaryimage\"},\"image\":{\"@id\":\"https:\/\/www.suno.com.br\/noticias\/ipo-raizen-raiz4-grandes-fundos-internacionais\/#primaryimage\"},\"thumbnailUrl\":\"https:\/\/files.sunoresearch.com.br\/n\/uploads\/2021\/03\/e24e1db1-totem-rondonopolis-jpg.webp\",\"datePublished\":\"2021-07-22T12:39:30+00:00\",\"description\":\"A\u00a0Ra\u00edzen (RAIZ4), est\u00e1 atraindo a aten\u00e7\u00e3o de grandes fundos internacionais para a sua oferta p\u00fablica inicial de a\u00e7\u00f5es (IPO). Clique aqui\",\"breadcrumb\":{\"@id\":\"https:\/\/www.suno.com.br\/noticias\/ipo-raizen-raiz4-grandes-fundos-internacionais\/#breadcrumb\"},\"inLanguage\":\"pt-BR\",\"potentialAction\":[{\"@type\":\"ReadAction\",\"target\":[\"https:\/\/www.suno.com.br\/noticias\/ipo-raizen-raiz4-grandes-fundos-internacionais\/\"]}]},{\"@type\":\"ImageObject\",\"inLanguage\":\"pt-BR\",\"@id\":\"https:\/\/www.suno.com.br\/noticias\/ipo-raizen-raiz4-grandes-fundos-internacionais\/#primaryimage\",\"url\":\"https:\/\/files.sunoresearch.com.br\/n\/uploads\/2021\/03\/e24e1db1-totem-rondonopolis-jpg.webp\",\"contentUrl\":\"https:\/\/files.sunoresearch.com.br\/n\/uploads\/2021\/03\/e24e1db1-totem-rondonopolis-jpg.webp\",\"width\":2505,\"height\":1670,\"caption\":\"Ra\u00edzen (RAIZ4) - Foto: Divulga\u00e7\u00e3o\"},{\"@type\":\"BreadcrumbList\",\"@id\":\"https:\/\/www.suno.com.br\/noticias\/ipo-raizen-raiz4-grandes-fundos-internacionais\/#breadcrumb\",\"itemListElement\":[{\"@type\":\"ListItem\",\"position\":1,\"name\":\"Not\u00edcias\",\"item\":\"https:\/\/www.suno.com.br\/noticias\/\"},{\"@type\":\"ListItem\",\"position\":2,\"name\":\"Neg\u00f3cios\",\"item\":\"https:\/\/www.suno.com.br\/noticias\/negocios\/\"},{\"@type\":\"ListItem\",\"position\":3,\"name\":\"IPO da Ra\u00edzen (RAIZ4) chama aten\u00e7\u00e3o de grandes fundos internacionais, diz jornal\"}]},{\"@type\":\"WebSite\",\"@id\":\"https:\/\/www.suno.com.br\/noticias\/#website\",\"url\":\"https:\/\/www.suno.com.br\/noticias\/\",\"name\":\"Suno Not\u00edcias\",\"description\":\"Seu portal de informa\u00e7\u00e3o sobre o mundo dos investimentos\",\"publisher\":{\"@id\":\"https:\/\/www.suno.com.br\/noticias\/#organization\"},\"potentialAction\":[{\"@type\":\"SearchAction\",\"target\":{\"@type\":\"EntryPoint\",\"urlTemplate\":\"https:\/\/www.suno.com.br\/noticias\/?s={search_term_string}\"},\"query-input\":{\"@type\":\"PropertyValueSpecification\",\"valueRequired\":true,\"valueName\":\"search_term_string\"}}],\"inLanguage\":\"pt-BR\"},{\"@type\":\"Organization\",\"@id\":\"https:\/\/www.suno.com.br\/noticias\/#organization\",\"name\":\"Suno Not\u00edcias\",\"url\":\"https:\/\/www.suno.com.br\/noticias\/\",\"logo\":{\"@type\":\"ImageObject\",\"inLanguage\":\"pt-BR\",\"@id\":\"https:\/\/www.suno.com.br\/noticias\/#\/schema\/logo\/image\/\",\"url\":\"https:\/\/files.sunoresearch.com.br\/n\/uploads\/2021\/09\/suno-logo.png\",\"contentUrl\":\"https:\/\/files.sunoresearch.com.br\/n\/uploads\/2021\/09\/suno-logo.png\",\"width\":180,\"height\":180,\"caption\":\"Suno Not\u00edcias\"},\"image\":{\"@id\":\"https:\/\/www.suno.com.br\/noticias\/#\/schema\/logo\/image\/\"},\"sameAs\":[\"https:\/\/facebook.com\/sunoresearch\",\"https:\/\/x.com\/sunoresearch\",\"https:\/\/www.instagram.com\/suno\",\"https:\/\/www.linkedin.com\/company\/suno-research\/\",\"https:\/\/www.youtube.com\/c\/sunoresearch\"]},{\"@type\":\"Person\",\"@id\":\"https:\/\/www.suno.com.br\/noticias\/#\/schema\/person\/02ec1f752758247878a2bf4abee1aeda\",\"name\":\"Poliana Santos\",\"image\":{\"@type\":\"ImageObject\",\"inLanguage\":\"pt-BR\",\"@id\":\"https:\/\/www.suno.com.br\/noticias\/#\/schema\/person\/image\/\",\"url\":\"https:\/\/secure.gravatar.com\/avatar\/0645bd32f23d87b2130f2b2dff1d3f8d?s=96&r=g\",\"contentUrl\":\"https:\/\/secure.gravatar.com\/avatar\/0645bd32f23d87b2130f2b2dff1d3f8d?s=96&r=g\",\"caption\":\"Poliana Santos\"},\"description\":\"Rep\u00f3rter no Suno Not\u00edcias, com cobertura em mercado financeiro, economia, finan\u00e7as pessoais, renda fixa e varejo. Jornalista formada pela Faculdade C\u00e1sper L\u00edbero e possui passagem na R\u00e1dio Gazeta AM com a produ\u00e7\u00e3o de conte\u00fado sobre economia, pol\u00edtica, sa\u00fade, moda e m\u00fasica. Possui certificado de conclus\u00e3o do curso de An\u00e1lise de Balan\u00e7os pela Funda\u00e7\u00e3o Bradesco, Agenda Brasil pela FAAP, Educa\u00e7\u00e3o Pol\u00edtica por Alexandre Garcia e do Tesouro Direto e Mercado de A\u00e7\u00f5es pela B3.\",\"url\":\"https:\/\/www.suno.com.br\/noticias\/author\/poliana-santos\/\"}]}<\/script>\n<!-- \/ Yoast SEO plugin. -->","yoast_head_json":{"title":"IPO da Ra\u00edzen (RAIZ4) chama aten\u00e7\u00e3o de grandes fundos internacionais","description":"A\u00a0Ra\u00edzen (RAIZ4), est\u00e1 atraindo a aten\u00e7\u00e3o de grandes fundos internacionais para a sua oferta p\u00fablica inicial de a\u00e7\u00f5es (IPO). Clique aqui","robots":{"index":"index","follow":"follow","max-snippet":"max-snippet:-1","max-image-preview":"max-image-preview:large","max-video-preview":"max-video-preview:-1"},"canonical":"https:\/\/www.suno.com.br\/noticias\/ipo-raizen-raiz4-grandes-fundos-internacionais\/","og_locale":"pt_BR","og_type":"article","og_title":"IPO da Ra\u00edzen (RAIZ4) chama aten\u00e7\u00e3o de grandes fundos internacionais","og_description":"A\u00a0Ra\u00edzen (RAIZ4), est\u00e1 atraindo a aten\u00e7\u00e3o de grandes fundos internacionais para a sua oferta p\u00fablica inicial de a\u00e7\u00f5es (IPO). Clique aqui","og_url":"https:\/\/www.suno.com.br\/noticias\/ipo-raizen-raiz4-grandes-fundos-internacionais\/","og_site_name":"Suno Not\u00edcias","article_publisher":"https:\/\/facebook.com\/sunoresearch","og_image":[{"width":2505,"height":1670,"url":"https:\/\/files.sunoresearch.com.br\/n\/uploads\/2021\/03\/e24e1db1-totem-rondonopolis.jpg","type":"image\/jpeg"}],"author":"Poliana Santos","twitter_card":"summary_large_image","twitter_creator":"@sunoresearch","twitter_site":"@sunoresearch","twitter_misc":{"Escrito por":"Poliana Santos","Est. tempo de leitura":"2 minutos"},"schema":{"@context":"https:\/\/schema.org","@graph":[{"@type":"NewsArticle","@id":"https:\/\/www.suno.com.br\/noticias\/ipo-raizen-raiz4-grandes-fundos-internacionais\/#article","isPartOf":{"@id":"https:\/\/www.suno.com.br\/noticias\/ipo-raizen-raiz4-grandes-fundos-internacionais\/"},"author":{"name":"Poliana Santos","@id":"https:\/\/www.suno.com.br\/noticias\/#\/schema\/person\/02ec1f752758247878a2bf4abee1aeda"},"headline":"IPO da Ra\u00edzen (RAIZ4) chama aten\u00e7\u00e3o de grandes fundos internacionais, diz jornal","datePublished":"2021-07-22T12:39:30+00:00","mainEntityOfPage":{"@id":"https:\/\/www.suno.com.br\/noticias\/ipo-raizen-raiz4-grandes-fundos-internacionais\/"},"wordCount":488,"publisher":{"@id":"https:\/\/www.suno.com.br\/noticias\/#organization"},"image":{"@id":"https:\/\/www.suno.com.br\/noticias\/ipo-raizen-raiz4-grandes-fundos-internacionais\/#primaryimage"},"thumbnailUrl":"https:\/\/files.sunoresearch.com.br\/n\/uploads\/2021\/03\/e24e1db1-totem-rondonopolis-jpg.webp","keywords":["IPO (Oferta Inicial de A\u00e7\u00f5es)","Ra\u00edzen (RAIZ4)"],"articleSection":["Neg\u00f3cios"],"inLanguage":"pt-BR"},{"@type":"WebPage","@id":"https:\/\/www.suno.com.br\/noticias\/ipo-raizen-raiz4-grandes-fundos-internacionais\/","url":"https:\/\/www.suno.com.br\/noticias\/ipo-raizen-raiz4-grandes-fundos-internacionais\/","name":"IPO da Ra\u00edzen (RAIZ4) chama aten\u00e7\u00e3o de grandes fundos internacionais","isPartOf":{"@id":"https:\/\/www.suno.com.br\/noticias\/#website"},"primaryImageOfPage":{"@id":"https:\/\/www.suno.com.br\/noticias\/ipo-raizen-raiz4-grandes-fundos-internacionais\/#primaryimage"},"image":{"@id":"https:\/\/www.suno.com.br\/noticias\/ipo-raizen-raiz4-grandes-fundos-internacionais\/#primaryimage"},"thumbnailUrl":"https:\/\/files.sunoresearch.com.br\/n\/uploads\/2021\/03\/e24e1db1-totem-rondonopolis-jpg.webp","datePublished":"2021-07-22T12:39:30+00:00","description":"A\u00a0Ra\u00edzen (RAIZ4), est\u00e1 atraindo a aten\u00e7\u00e3o de grandes fundos internacionais para a sua oferta p\u00fablica inicial de a\u00e7\u00f5es (IPO). Clique aqui","breadcrumb":{"@id":"https:\/\/www.suno.com.br\/noticias\/ipo-raizen-raiz4-grandes-fundos-internacionais\/#breadcrumb"},"inLanguage":"pt-BR","potentialAction":[{"@type":"ReadAction","target":["https:\/\/www.suno.com.br\/noticias\/ipo-raizen-raiz4-grandes-fundos-internacionais\/"]}]},{"@type":"ImageObject","inLanguage":"pt-BR","@id":"https:\/\/www.suno.com.br\/noticias\/ipo-raizen-raiz4-grandes-fundos-internacionais\/#primaryimage","url":"https:\/\/files.sunoresearch.com.br\/n\/uploads\/2021\/03\/e24e1db1-totem-rondonopolis-jpg.webp","contentUrl":"https:\/\/files.sunoresearch.com.br\/n\/uploads\/2021\/03\/e24e1db1-totem-rondonopolis-jpg.webp","width":2505,"height":1670,"caption":"Ra\u00edzen (RAIZ4) - Foto: Divulga\u00e7\u00e3o"},{"@type":"BreadcrumbList","@id":"https:\/\/www.suno.com.br\/noticias\/ipo-raizen-raiz4-grandes-fundos-internacionais\/#breadcrumb","itemListElement":[{"@type":"ListItem","position":1,"name":"Not\u00edcias","item":"https:\/\/www.suno.com.br\/noticias\/"},{"@type":"ListItem","position":2,"name":"Neg\u00f3cios","item":"https:\/\/www.suno.com.br\/noticias\/negocios\/"},{"@type":"ListItem","position":3,"name":"IPO da Ra\u00edzen (RAIZ4) chama aten\u00e7\u00e3o de grandes fundos internacionais, diz jornal"}]},{"@type":"WebSite","@id":"https:\/\/www.suno.com.br\/noticias\/#website","url":"https:\/\/www.suno.com.br\/noticias\/","name":"Suno Not\u00edcias","description":"Seu portal de informa\u00e7\u00e3o sobre o mundo dos investimentos","publisher":{"@id":"https:\/\/www.suno.com.br\/noticias\/#organization"},"potentialAction":[{"@type":"SearchAction","target":{"@type":"EntryPoint","urlTemplate":"https:\/\/www.suno.com.br\/noticias\/?s={search_term_string}"},"query-input":{"@type":"PropertyValueSpecification","valueRequired":true,"valueName":"search_term_string"}}],"inLanguage":"pt-BR"},{"@type":"Organization","@id":"https:\/\/www.suno.com.br\/noticias\/#organization","name":"Suno Not\u00edcias","url":"https:\/\/www.suno.com.br\/noticias\/","logo":{"@type":"ImageObject","inLanguage":"pt-BR","@id":"https:\/\/www.suno.com.br\/noticias\/#\/schema\/logo\/image\/","url":"https:\/\/files.sunoresearch.com.br\/n\/uploads\/2021\/09\/suno-logo.png","contentUrl":"https:\/\/files.sunoresearch.com.br\/n\/uploads\/2021\/09\/suno-logo.png","width":180,"height":180,"caption":"Suno Not\u00edcias"},"image":{"@id":"https:\/\/www.suno.com.br\/noticias\/#\/schema\/logo\/image\/"},"sameAs":["https:\/\/facebook.com\/sunoresearch","https:\/\/x.com\/sunoresearch","https:\/\/www.instagram.com\/suno","https:\/\/www.linkedin.com\/company\/suno-research\/","https:\/\/www.youtube.com\/c\/sunoresearch"]},{"@type":"Person","@id":"https:\/\/www.suno.com.br\/noticias\/#\/schema\/person\/02ec1f752758247878a2bf4abee1aeda","name":"Poliana Santos","image":{"@type":"ImageObject","inLanguage":"pt-BR","@id":"https:\/\/www.suno.com.br\/noticias\/#\/schema\/person\/image\/","url":"https:\/\/secure.gravatar.com\/avatar\/0645bd32f23d87b2130f2b2dff1d3f8d?s=96&r=g","contentUrl":"https:\/\/secure.gravatar.com\/avatar\/0645bd32f23d87b2130f2b2dff1d3f8d?s=96&r=g","caption":"Poliana Santos"},"description":"Rep\u00f3rter no Suno Not\u00edcias, com cobertura em mercado financeiro, economia, finan\u00e7as pessoais, renda fixa e varejo. Jornalista formada pela Faculdade C\u00e1sper L\u00edbero e possui passagem na R\u00e1dio Gazeta AM com a produ\u00e7\u00e3o de conte\u00fado sobre economia, pol\u00edtica, sa\u00fade, moda e m\u00fasica. Possui certificado de conclus\u00e3o do curso de An\u00e1lise de Balan\u00e7os pela Funda\u00e7\u00e3o Bradesco, Agenda Brasil pela FAAP, Educa\u00e7\u00e3o Pol\u00edtica por Alexandre Garcia e do Tesouro Direto e Mercado de A\u00e7\u00f5es pela B3.","url":"https:\/\/www.suno.com.br\/noticias\/author\/poliana-santos\/"}]}},"default_loop_html":"<div class=\"cardsPage__listCard__boxs\"><div class=\"cardsPage__listCard__boxs__img\"><a href=\"https:\/\/www.suno.com.br\/noticias\/ipo-raizen-raiz4-grandes-fundos-internacionais\/\"><img class=\"mask\" src=\"https:\/\/www.suno.com.br\/noticias\/wp-content\/themes\/suno\/resources\/images\/spotlight\/spotlight1img\/bg-mask.png\" alt=\"Image Mask\"\/><img src=\"https:\/\/files.sunoresearch.com.br\/n\/uploads\/2021\/03\/e24e1db1-totem-rondonopolis-400x200.webp\" alt=\"IPO da Ra\u00edzen (RAIZ4) chama aten\u00e7\u00e3o de grandes fundos internacionais, diz jornal\"\/><\/a><span class=\"spotlightCategory\"><a href=\"https:\/\/www.suno.com.br\/noticias\/negocios\/\">Neg\u00f3cios<\/a><\/span><\/div><div class=\"cardsPage__listCard__boxs__content\"><a href=\"https:\/\/www.suno.com.br\/noticias\/ipo-raizen-raiz4-grandes-fundos-internacionais\/\"><h2 class=\"content__title\">IPO da Ra\u00edzen (RAIZ4) chama aten\u00e7\u00e3o de grandes fundos internacionais, diz jornal<\/h2><\/a><div class=\"newsContent__article__meta\"><div class=\"newsContent__article__meta__authorBox\"><a href=\"https:\/\/www.suno.com.br\/noticias\/author\/poliana-santos\/\" class=\"authorBox__avatar noMobi\"><img src=\"https:\/\/files.sunoresearch.com.br\/n\/uploads\/2020\/08\/7ef34026-whatsapp-image-2020-08-03-at-12.37.57-150x150.webp\" alt=\"Poliana Santos\"><\/a><div class=\"authorBox__name\"><span>por\n\t\t\t<a href=\"https:\/\/www.suno.com.br\/noticias\/author\/poliana-santos\/\"><span itemprop=\"author\">Poliana Santos<\/span><\/a><\/span><time datetime=\"2021-07-22T09:39:30-03:00\" itemprop=\"datePublished\">22\/07\/2021 09:39<\/time><\/div><\/div><\/div><\/div><\/div>","single_layout":"posts","amp_enabled":true,"_links":{"self":[{"href":"https:\/\/www.suno.com.br\/noticias\/wp-json\/wp\/v2\/posts\/168062"}],"collection":[{"href":"https:\/\/www.suno.com.br\/noticias\/wp-json\/wp\/v2\/posts"}],"about":[{"href":"https:\/\/www.suno.com.br\/noticias\/wp-json\/wp\/v2\/types\/post"}],"author":[{"embeddable":true,"href":"https:\/\/www.suno.com.br\/noticias\/wp-json\/wp\/v2\/users\/15"}],"replies":[{"embeddable":true,"href":"https:\/\/www.suno.com.br\/noticias\/wp-json\/wp\/v2\/comments?post=168062"}],"version-history":[{"count":3,"href":"https:\/\/www.suno.com.br\/noticias\/wp-json\/wp\/v2\/posts\/168062\/revisions"}],"predecessor-version":[{"id":168092,"href":"https:\/\/www.suno.com.br\/noticias\/wp-json\/wp\/v2\/posts\/168062\/revisions\/168092"}],"wp:featuredmedia":[{"embeddable":true,"href":"https:\/\/www.suno.com.br\/noticias\/wp-json\/wp\/v2\/media\/136166"}],"wp:attachment":[{"href":"https:\/\/www.suno.com.br\/noticias\/wp-json\/wp\/v2\/media?parent=168062"}],"wp:term":[{"taxonomy":"category","embeddable":true,"href":"https:\/\/www.suno.com.br\/noticias\/wp-json\/wp\/v2\/categories?post=168062"},{"taxonomy":"post_tag","embeddable":true,"href":"https:\/\/www.suno.com.br\/noticias\/wp-json\/wp\/v2\/tags?post=168062"},{"taxonomy":"suno_strategy","embeddable":true,"href":"https:\/\/www.suno.com.br\/noticias\/wp-json\/wp\/v2\/suno_strategy?post=168062"}],"curies":[{"name":"wp","href":"https:\/\/api.w.org\/{rel}","templated":true}]}}