{"id":167816,"date":"2021-07-21T15:22:20","date_gmt":"2021-07-21T18:22:20","guid":{"rendered":"https:\/\/www.suno.com.br\/noticias\/?p=167816"},"modified":"2021-07-21T15:22:20","modified_gmt":"2021-07-21T18:22:20","slug":"privalia-prav3-suspende-ipo-devido-a-volatilidade-do-mercado","status":"publish","type":"post","link":"https:\/\/www.suno.com.br\/noticias\/privalia-prav3-suspende-ipo-devido-a-volatilidade-do-mercado\/","title":{"rendered":"Privalia (PRAV3) suspende IPO devido \u00e0 volatilidade do mercado"},"content":{"rendered":"<p>A <strong>Privalia<\/strong> (PRAV3) decidiu suspender sua abertura de capital (IPO, em ingl\u00eas) que estava prevista para estrear na B3 nesta quarta-feira (21) em raz\u00e3o da &#8220;volatilidade das condi\u00e7\u00f5es de mercado verificadas nos \u00faltimos dias&#8221;.<\/p>\t<div class=\"wrapper-featured-image\">\n\t\t<figure class=\"spotlightImg\">\n\n\t\t\t<picture>\n\t\t\t\t<source media=\"(max-width: 768px)\" srcset=\"https:\/\/files.sunoresearch.com.br\/n\/uploads\/2021\/06\/37d64a30-outlet-virtual-privalia-fatura-r18-milhao-com-loja-pop-up-400x200.webp\">\n\t\t\t\t<img loading=\"lazy\" decoding=\"async\" class=\"newsContent__article__imgCapa lazyloadDisabled \" src=\"https:\/\/files.sunoresearch.com.br\/n\/uploads\/2021\/06\/37d64a30-outlet-virtual-privalia-fatura-r18-milhao-com-loja-pop-up-800x450.webp\" width=\"800\" height=\"450\" alt=\"Privalia (PRAV3) suspende IPO devido \u00e0 volatilidade do mercado\" fetchpriority=high \/>\n\t\t\t<\/picture>\n\n\t\t\t<figcaption class=\"wp-caption-text wp-caption-text--show\">Foto: Divulga\u00e7\u00e3o Privalia<\/figcaption>\n\t\t<\/figure>\n\t<\/div>\n\n\n\t<p>\n\t\t<a href=\"https:\/\/lp.suno.com.br\/planilha-controle-gastos\/\" target=\"_blank\" data-element=\"shortcode-suno-banner\" title=\"Banner SUNO, clique e saiba mais\">\n\t\t\t<picture>\n\t\t\t\t<source media=\"(max-width: 500px)\" srcset=\"https:\/\/files.sunoresearch.com.br\/n\/uploads\/2023\/03\/400x300-Planilha-controle-de-gastos.png\">\n\t\t\t\t<img class=\"newsContent__article__imgCapa newsContent__article__imgCapa--banner\"\n\t\t\t\t\tsrc=\"https:\/\/files.sunoresearch.com.br\/n\/uploads\/2023\/03\/1420x240-Planilha-controle-de-gastos.png\"\n\t\t\t\t\tdata-promo-id=\"101751\"\t\t\t\t\t\t\t\t\t\twidth='1420' height='240'\t\t\t\t\talt=\"https:\/\/files.sunoresearch.com.br\/n\/uploads\/2023\/03\/1420x240-Planilha-controle-de-gastos.png\"\n\t\t\t\t>\n\t\t\t<\/picture>\n\t\t<\/a>\n\t<\/p>\n\n\n<p>A <a class=\"suno-keyword\" href=\"https:\/\/www.suno.com.br\/artigos\/oferta-restrita\/\" target=\"_blank\" rel=\"noopener noreferrer\" data-force=\"no\" data-priority=\"1\">oferta restrita<\/a> consistia na distribui\u00e7\u00e3o prim\u00e1ria de 23.235.551 novas a\u00e7\u00f5es a serem emitidas pela Privalia; e secund\u00e1ria de, inicialmente, 20.348.837 pap\u00e9is de titularidade da Privalia VA. No contexto da opera\u00e7\u00e3o, a varejista online havia definido a faixa indicativa de pre\u00e7o de subscri\u00e7\u00e3o ou aquisi\u00e7\u00e3o por papel entre R$ 16,30 e R$ 18,10.<\/p>\n<p>Com base no\u00a0<a class=\"suno-keyword\" href=\"https:\/\/www.suno.com.br\/artigos\/preco-medio\/\" target=\"_blank\" rel=\"noopener noreferrer\" data-force=\"no\" data-priority=\"1\">pre\u00e7o m\u00e9dio<\/a>\u00a0da faixa indicativa, de R$17,20, e na venda da oferta base, o montante total do\u00a0<strong>IPO da Privalia<\/strong>\u00a0seria de R$ 749 milh\u00f5es. O valor subiria para R$ 1,01 bilh\u00e3o, considerando a totalidade das a\u00e7\u00f5es adicionais e suplementares.<\/p>\n<p>Os recursos l\u00edquidos oriundos da oferta prim\u00e1ria seriam destinados para:<\/p>\n<ul>\n<li>aquisi\u00e7\u00e3o de ativos do <a class=\"suno-keyword\" href=\"https:\/\/www.suno.com.br\/artigos\/acionista-controlador\/\" target=\"_blank\" rel=\"noopener noreferrer\" data-force=\"no\" data-priority=\"1\">acionista controlador<\/a>;<\/li>\n<li>transfer\u00eancia da plataforma de e-commerce do acionista controlador;<\/li>\n<li>investimento em marketing;<\/li>\n<li>refor\u00e7o do capital de giro;<\/li>\n<li>potenciais aquisi\u00e7\u00f5es de neg\u00f3cios (M&amp;A).<\/li>\n<\/ul>\n\t<p>\n\t\t<a href=\"https:\/\/lp.suno.com.br\/planilha-da-vida-financeira\/\" target=\"_blank\" data-element=\"shortcode-suno-banner\" title=\"Banner SUNO, clique e saiba mais\">\n\t\t\t<picture>\n\t\t\t\t<source media=\"(max-width: 500px)\" srcset=\"https:\/\/files.sunoresearch.com.br\/n\/uploads\/2023\/04\/400x300-Planilha-vida-financeira-true.png\">\n\t\t\t\t<img class=\"newsContent__article__imgCapa newsContent__article__imgCapa--banner\"\n\t\t\t\t\tsrc=\"https:\/\/files.sunoresearch.com.br\/n\/uploads\/2023\/04\/1420x240-Planilha-vida-financeira-true.png\"\n\t\t\t\t\tdata-promo-id=\"106682\"\t\t\t\t\t\t\t\t\t\twidth='1420' height='240'\t\t\t\t\talt=\"https:\/\/files.sunoresearch.com.br\/n\/uploads\/2023\/04\/1420x240-Planilha-vida-financeira-true.png\"\n\t\t\t\t>\n\t\t\t<\/picture>\n\t\t<\/a>\n\t<\/p>\n\n\n<p>O <a class=\"suno-keyword\" href=\"https:\/\/www.suno.com.br\/acoes\/BPAC11\/\" target=\"_blank\" rel=\"noopener noreferrer\" data-force=\"yes\" data-priority=\"2\">BTG Pactual (BPAC11)<\/a>, o qual era lider da coordena\u00e7\u00e3o do IPO, tinha se comprometido a efetuar um investimento necess\u00e1rio ao atingimento de uma participa\u00e7\u00e3o no capital social equivalente a 5%. Ita\u00fa BBA (Agente Estabilizador); J.P. Morgan; Credit Suisse seriam os demais coordenadores da opera\u00e7\u00e3o.<\/p>\n<h2>Sobre a Privalia<\/h2>\n<p>A Privalia se coloca como um outlet online, com\u00a0 mais de 1.500 marcas parceiras e uma base de 15,2 milh\u00f5es de membros cadastrados.<\/p>\n<p>A companhia atua em 10 verticais, incluindo beleza, kids, pets, home &amp; decor, food &amp; beverage.<\/p>\n<p>Os consumidores ativos da <strong>Privalia<\/strong> realizam, em m\u00e9dia, quatro visitas por semana \u00e0 plataforma e navegam por quase 90 minutos por m\u00eas no aplicativo mobile e no site, sendo que 88% das navega\u00e7\u00f5es s\u00e3o via mobile. No total, somamos quase meio milh\u00e3o de visitas di\u00e1rias.<\/p>\n\t<p>\n\t\t<a href=\"https:\/\/lp.suno.com.br\/planilha-de-controle-de-investimentos\/\" target=\"_blank\" data-element=\"shortcode-suno-banner\" title=\"Banner SUNO, clique e saiba mais\">\n\t\t\t<picture>\n\t\t\t\t<source media=\"(max-width: 500px)\" srcset=\"https:\/\/files.sunoresearch.com.br\/n\/uploads\/2023\/03\/400x300-Controle-de-Investimentos.png\">\n\t\t\t\t<img class=\"newsContent__article__imgCapa newsContent__article__imgCapa--banner\"\n\t\t\t\t\tsrc=\"https:\/\/files.sunoresearch.com.br\/n\/uploads\/2023\/03\/1420x240-Controle-de-Investimentos.png\"\n\t\t\t\t\tdata-promo-id=\"75934\"\t\t\t\t\t\t\t\t\t\twidth='1420' height='240'\t\t\t\t\talt=\"https:\/\/files.sunoresearch.com.br\/n\/uploads\/2023\/03\/1420x240-Controle-de-Investimentos.png\"\n\t\t\t\t>\n\t\t\t<\/picture>\n\t\t<\/a>\n\t<\/p>\n\n\n","protected":false},"excerpt":{"rendered":"<p>A Privalia (PRAV3) decidiu suspender sua abertura de capital (IPO, em ingl\u00eas) que estava prevista para estrear na B3 nesta quarta-feira (21) em raz\u00e3o da &#8220;volatilidade das condi\u00e7\u00f5es de mercado verificadas nos \u00faltimos dias&#8221;. Foto: Divulga\u00e7\u00e3o Privalia A oferta restrita consistia na distribui\u00e7\u00e3o prim\u00e1ria de 23.235.551 novas a\u00e7\u00f5es a serem emitidas pela Privalia; e secund\u00e1ria [&hellip;]<\/p>\n","protected":false},"author":15,"featured_media":159993,"comment_status":"closed","ping_status":"closed","sticky":false,"template":"","format":"standard","meta":[],"categories":[64],"tags":[319,106602],"suno_strategy":[],"class_list":["post-167816","post","type-post","status-publish","format-standard","has-post-thumbnail","hentry","category-negocios","tag-ipo-oferta-inicial-de-acoes","tag-privalia-prva3"],"yoast_head":"<!-- This site is optimized with the Yoast SEO plugin v24.4 - https:\/\/yoast.com\/wordpress\/plugins\/seo\/ -->\n<title>Privalia (PRAV3) suspende IPO devido \u00e0 volatilidade do mercado<\/title>\n<meta name=\"description\" content=\"A Privalia (PRAV3) decidiu suspender sua abertura de capital (IPO, em ingl\u00eas) que estava prevista para estrear na B3 hoje. Clique aqui\" \/>\n<meta name=\"robots\" content=\"index, follow, max-snippet:-1, max-image-preview:large, max-video-preview:-1\" \/>\n<link rel=\"canonical\" href=\"https:\/\/www.suno.com.br\/noticias\/privalia-prav3-suspende-ipo-devido-a-volatilidade-do-mercado\/\" \/>\n<meta property=\"og:locale\" content=\"pt_BR\" \/>\n<meta property=\"og:type\" content=\"article\" \/>\n<meta property=\"og:title\" content=\"Privalia (PRAV3) suspende IPO devido \u00e0 volatilidade do mercado\" \/>\n<meta property=\"og:description\" content=\"A Privalia (PRAV3) decidiu suspender sua abertura de capital (IPO, em ingl\u00eas) que estava prevista para estrear na B3 hoje. Clique aqui\" \/>\n<meta property=\"og:url\" content=\"https:\/\/www.suno.com.br\/noticias\/privalia-prav3-suspende-ipo-devido-a-volatilidade-do-mercado\/\" \/>\n<meta property=\"og:site_name\" content=\"Suno Not\u00edcias\" \/>\n<meta property=\"article:publisher\" content=\"https:\/\/facebook.com\/sunoresearch\" \/>\n<meta property=\"og:image\" content=\"https:\/\/files.sunoresearch.com.br\/n\/uploads\/2021\/06\/37d64a30-outlet-virtual-privalia-fatura-r18-milhao-com-loja-pop-up.jpeg\" \/>\n\t<meta property=\"og:image:width\" content=\"1204\" \/>\n\t<meta property=\"og:image:height\" content=\"636\" \/>\n\t<meta property=\"og:image:type\" content=\"image\/jpeg\" \/>\n<meta name=\"author\" content=\"Poliana Santos\" \/>\n<meta name=\"twitter:card\" content=\"summary_large_image\" \/>\n<meta name=\"twitter:creator\" content=\"@sunoresearch\" \/>\n<meta name=\"twitter:site\" content=\"@sunoresearch\" \/>\n<meta name=\"twitter:label1\" content=\"Escrito por\" \/>\n\t<meta name=\"twitter:data1\" content=\"Poliana Santos\" \/>\n\t<meta name=\"twitter:label2\" content=\"Est. tempo de leitura\" \/>\n\t<meta name=\"twitter:data2\" content=\"2 minutos\" \/>\n<script type=\"application\/ld+json\" class=\"yoast-schema-graph\">{\"@context\":\"https:\/\/schema.org\",\"@graph\":[{\"@type\":\"NewsArticle\",\"@id\":\"https:\/\/www.suno.com.br\/noticias\/privalia-prav3-suspende-ipo-devido-a-volatilidade-do-mercado\/#article\",\"isPartOf\":{\"@id\":\"https:\/\/www.suno.com.br\/noticias\/privalia-prav3-suspende-ipo-devido-a-volatilidade-do-mercado\/\"},\"author\":{\"name\":\"Poliana Santos\",\"@id\":\"https:\/\/www.suno.com.br\/noticias\/#\/schema\/person\/02ec1f752758247878a2bf4abee1aeda\"},\"headline\":\"Privalia (PRAV3) suspende IPO devido \u00e0 volatilidade do mercado\",\"datePublished\":\"2021-07-21T18:22:20+00:00\",\"mainEntityOfPage\":{\"@id\":\"https:\/\/www.suno.com.br\/noticias\/privalia-prav3-suspende-ipo-devido-a-volatilidade-do-mercado\/\"},\"wordCount\":340,\"publisher\":{\"@id\":\"https:\/\/www.suno.com.br\/noticias\/#organization\"},\"image\":{\"@id\":\"https:\/\/www.suno.com.br\/noticias\/privalia-prav3-suspende-ipo-devido-a-volatilidade-do-mercado\/#primaryimage\"},\"thumbnailUrl\":\"https:\/\/files.sunoresearch.com.br\/n\/uploads\/2021\/06\/37d64a30-outlet-virtual-privalia-fatura-r18-milhao-com-loja-pop-up-jpeg.webp\",\"keywords\":[\"IPO (Oferta Inicial de A\u00e7\u00f5es)\",\"Privalia (PRVA3)\"],\"articleSection\":[\"Neg\u00f3cios\"],\"inLanguage\":\"pt-BR\"},{\"@type\":\"WebPage\",\"@id\":\"https:\/\/www.suno.com.br\/noticias\/privalia-prav3-suspende-ipo-devido-a-volatilidade-do-mercado\/\",\"url\":\"https:\/\/www.suno.com.br\/noticias\/privalia-prav3-suspende-ipo-devido-a-volatilidade-do-mercado\/\",\"name\":\"Privalia (PRAV3) suspende IPO devido \u00e0 volatilidade do mercado\",\"isPartOf\":{\"@id\":\"https:\/\/www.suno.com.br\/noticias\/#website\"},\"primaryImageOfPage\":{\"@id\":\"https:\/\/www.suno.com.br\/noticias\/privalia-prav3-suspende-ipo-devido-a-volatilidade-do-mercado\/#primaryimage\"},\"image\":{\"@id\":\"https:\/\/www.suno.com.br\/noticias\/privalia-prav3-suspende-ipo-devido-a-volatilidade-do-mercado\/#primaryimage\"},\"thumbnailUrl\":\"https:\/\/files.sunoresearch.com.br\/n\/uploads\/2021\/06\/37d64a30-outlet-virtual-privalia-fatura-r18-milhao-com-loja-pop-up-jpeg.webp\",\"datePublished\":\"2021-07-21T18:22:20+00:00\",\"description\":\"A Privalia (PRAV3) decidiu suspender sua abertura de capital (IPO, em ingl\u00eas) que estava prevista para estrear na B3 hoje. Clique aqui\",\"breadcrumb\":{\"@id\":\"https:\/\/www.suno.com.br\/noticias\/privalia-prav3-suspende-ipo-devido-a-volatilidade-do-mercado\/#breadcrumb\"},\"inLanguage\":\"pt-BR\",\"potentialAction\":[{\"@type\":\"ReadAction\",\"target\":[\"https:\/\/www.suno.com.br\/noticias\/privalia-prav3-suspende-ipo-devido-a-volatilidade-do-mercado\/\"]}]},{\"@type\":\"ImageObject\",\"inLanguage\":\"pt-BR\",\"@id\":\"https:\/\/www.suno.com.br\/noticias\/privalia-prav3-suspende-ipo-devido-a-volatilidade-do-mercado\/#primaryimage\",\"url\":\"https:\/\/files.sunoresearch.com.br\/n\/uploads\/2021\/06\/37d64a30-outlet-virtual-privalia-fatura-r18-milhao-com-loja-pop-up-jpeg.webp\",\"contentUrl\":\"https:\/\/files.sunoresearch.com.br\/n\/uploads\/2021\/06\/37d64a30-outlet-virtual-privalia-fatura-r18-milhao-com-loja-pop-up-jpeg.webp\",\"width\":1204,\"height\":636,\"caption\":\"Foto: Divulga\u00e7\u00e3o Privalia\"},{\"@type\":\"BreadcrumbList\",\"@id\":\"https:\/\/www.suno.com.br\/noticias\/privalia-prav3-suspende-ipo-devido-a-volatilidade-do-mercado\/#breadcrumb\",\"itemListElement\":[{\"@type\":\"ListItem\",\"position\":1,\"name\":\"Not\u00edcias\",\"item\":\"https:\/\/www.suno.com.br\/noticias\/\"},{\"@type\":\"ListItem\",\"position\":2,\"name\":\"Neg\u00f3cios\",\"item\":\"https:\/\/www.suno.com.br\/noticias\/negocios\/\"},{\"@type\":\"ListItem\",\"position\":3,\"name\":\"Privalia (PRAV3) suspende IPO devido \u00e0 volatilidade do mercado\"}]},{\"@type\":\"WebSite\",\"@id\":\"https:\/\/www.suno.com.br\/noticias\/#website\",\"url\":\"https:\/\/www.suno.com.br\/noticias\/\",\"name\":\"Suno Not\u00edcias\",\"description\":\"Seu portal de informa\u00e7\u00e3o sobre o mundo dos investimentos\",\"publisher\":{\"@id\":\"https:\/\/www.suno.com.br\/noticias\/#organization\"},\"potentialAction\":[{\"@type\":\"SearchAction\",\"target\":{\"@type\":\"EntryPoint\",\"urlTemplate\":\"https:\/\/www.suno.com.br\/noticias\/?s={search_term_string}\"},\"query-input\":{\"@type\":\"PropertyValueSpecification\",\"valueRequired\":true,\"valueName\":\"search_term_string\"}}],\"inLanguage\":\"pt-BR\"},{\"@type\":\"Organization\",\"@id\":\"https:\/\/www.suno.com.br\/noticias\/#organization\",\"name\":\"Suno Not\u00edcias\",\"url\":\"https:\/\/www.suno.com.br\/noticias\/\",\"logo\":{\"@type\":\"ImageObject\",\"inLanguage\":\"pt-BR\",\"@id\":\"https:\/\/www.suno.com.br\/noticias\/#\/schema\/logo\/image\/\",\"url\":\"https:\/\/files.sunoresearch.com.br\/n\/uploads\/2021\/09\/suno-logo.png\",\"contentUrl\":\"https:\/\/files.sunoresearch.com.br\/n\/uploads\/2021\/09\/suno-logo.png\",\"width\":180,\"height\":180,\"caption\":\"Suno Not\u00edcias\"},\"image\":{\"@id\":\"https:\/\/www.suno.com.br\/noticias\/#\/schema\/logo\/image\/\"},\"sameAs\":[\"https:\/\/facebook.com\/sunoresearch\",\"https:\/\/x.com\/sunoresearch\",\"https:\/\/www.instagram.com\/suno\",\"https:\/\/www.linkedin.com\/company\/suno-research\/\",\"https:\/\/www.youtube.com\/c\/sunoresearch\"]},{\"@type\":\"Person\",\"@id\":\"https:\/\/www.suno.com.br\/noticias\/#\/schema\/person\/02ec1f752758247878a2bf4abee1aeda\",\"name\":\"Poliana Santos\",\"image\":{\"@type\":\"ImageObject\",\"inLanguage\":\"pt-BR\",\"@id\":\"https:\/\/www.suno.com.br\/noticias\/#\/schema\/person\/image\/\",\"url\":\"https:\/\/secure.gravatar.com\/avatar\/0645bd32f23d87b2130f2b2dff1d3f8d?s=96&r=g\",\"contentUrl\":\"https:\/\/secure.gravatar.com\/avatar\/0645bd32f23d87b2130f2b2dff1d3f8d?s=96&r=g\",\"caption\":\"Poliana Santos\"},\"description\":\"Rep\u00f3rter no Suno Not\u00edcias, com cobertura em mercado financeiro, economia, finan\u00e7as pessoais, renda fixa e varejo. Jornalista formada pela Faculdade C\u00e1sper L\u00edbero e possui passagem na R\u00e1dio Gazeta AM com a produ\u00e7\u00e3o de conte\u00fado sobre economia, pol\u00edtica, sa\u00fade, moda e m\u00fasica. Possui certificado de conclus\u00e3o do curso de An\u00e1lise de Balan\u00e7os pela Funda\u00e7\u00e3o Bradesco, Agenda Brasil pela FAAP, Educa\u00e7\u00e3o Pol\u00edtica por Alexandre Garcia e do Tesouro Direto e Mercado de A\u00e7\u00f5es pela B3.\",\"url\":\"https:\/\/www.suno.com.br\/noticias\/author\/poliana-santos\/\"}]}<\/script>\n<!-- \/ Yoast SEO plugin. -->","yoast_head_json":{"title":"Privalia (PRAV3) suspende IPO devido \u00e0 volatilidade do mercado","description":"A Privalia (PRAV3) decidiu suspender sua abertura de capital (IPO, em ingl\u00eas) que estava prevista para estrear na B3 hoje. Clique aqui","robots":{"index":"index","follow":"follow","max-snippet":"max-snippet:-1","max-image-preview":"max-image-preview:large","max-video-preview":"max-video-preview:-1"},"canonical":"https:\/\/www.suno.com.br\/noticias\/privalia-prav3-suspende-ipo-devido-a-volatilidade-do-mercado\/","og_locale":"pt_BR","og_type":"article","og_title":"Privalia (PRAV3) suspende IPO devido \u00e0 volatilidade do mercado","og_description":"A Privalia (PRAV3) decidiu suspender sua abertura de capital (IPO, em ingl\u00eas) que estava prevista para estrear na B3 hoje. Clique aqui","og_url":"https:\/\/www.suno.com.br\/noticias\/privalia-prav3-suspende-ipo-devido-a-volatilidade-do-mercado\/","og_site_name":"Suno Not\u00edcias","article_publisher":"https:\/\/facebook.com\/sunoresearch","og_image":[{"width":1204,"height":636,"url":"https:\/\/files.sunoresearch.com.br\/n\/uploads\/2021\/06\/37d64a30-outlet-virtual-privalia-fatura-r18-milhao-com-loja-pop-up.jpeg","type":"image\/jpeg"}],"author":"Poliana Santos","twitter_card":"summary_large_image","twitter_creator":"@sunoresearch","twitter_site":"@sunoresearch","twitter_misc":{"Escrito por":"Poliana Santos","Est. tempo de leitura":"2 minutos"},"schema":{"@context":"https:\/\/schema.org","@graph":[{"@type":"NewsArticle","@id":"https:\/\/www.suno.com.br\/noticias\/privalia-prav3-suspende-ipo-devido-a-volatilidade-do-mercado\/#article","isPartOf":{"@id":"https:\/\/www.suno.com.br\/noticias\/privalia-prav3-suspende-ipo-devido-a-volatilidade-do-mercado\/"},"author":{"name":"Poliana Santos","@id":"https:\/\/www.suno.com.br\/noticias\/#\/schema\/person\/02ec1f752758247878a2bf4abee1aeda"},"headline":"Privalia (PRAV3) suspende IPO devido \u00e0 volatilidade do mercado","datePublished":"2021-07-21T18:22:20+00:00","mainEntityOfPage":{"@id":"https:\/\/www.suno.com.br\/noticias\/privalia-prav3-suspende-ipo-devido-a-volatilidade-do-mercado\/"},"wordCount":340,"publisher":{"@id":"https:\/\/www.suno.com.br\/noticias\/#organization"},"image":{"@id":"https:\/\/www.suno.com.br\/noticias\/privalia-prav3-suspende-ipo-devido-a-volatilidade-do-mercado\/#primaryimage"},"thumbnailUrl":"https:\/\/files.sunoresearch.com.br\/n\/uploads\/2021\/06\/37d64a30-outlet-virtual-privalia-fatura-r18-milhao-com-loja-pop-up-jpeg.webp","keywords":["IPO (Oferta Inicial de A\u00e7\u00f5es)","Privalia (PRVA3)"],"articleSection":["Neg\u00f3cios"],"inLanguage":"pt-BR"},{"@type":"WebPage","@id":"https:\/\/www.suno.com.br\/noticias\/privalia-prav3-suspende-ipo-devido-a-volatilidade-do-mercado\/","url":"https:\/\/www.suno.com.br\/noticias\/privalia-prav3-suspende-ipo-devido-a-volatilidade-do-mercado\/","name":"Privalia (PRAV3) suspende IPO devido \u00e0 volatilidade do mercado","isPartOf":{"@id":"https:\/\/www.suno.com.br\/noticias\/#website"},"primaryImageOfPage":{"@id":"https:\/\/www.suno.com.br\/noticias\/privalia-prav3-suspende-ipo-devido-a-volatilidade-do-mercado\/#primaryimage"},"image":{"@id":"https:\/\/www.suno.com.br\/noticias\/privalia-prav3-suspende-ipo-devido-a-volatilidade-do-mercado\/#primaryimage"},"thumbnailUrl":"https:\/\/files.sunoresearch.com.br\/n\/uploads\/2021\/06\/37d64a30-outlet-virtual-privalia-fatura-r18-milhao-com-loja-pop-up-jpeg.webp","datePublished":"2021-07-21T18:22:20+00:00","description":"A Privalia (PRAV3) decidiu suspender sua abertura de capital (IPO, em ingl\u00eas) que estava prevista para estrear na B3 hoje. Clique aqui","breadcrumb":{"@id":"https:\/\/www.suno.com.br\/noticias\/privalia-prav3-suspende-ipo-devido-a-volatilidade-do-mercado\/#breadcrumb"},"inLanguage":"pt-BR","potentialAction":[{"@type":"ReadAction","target":["https:\/\/www.suno.com.br\/noticias\/privalia-prav3-suspende-ipo-devido-a-volatilidade-do-mercado\/"]}]},{"@type":"ImageObject","inLanguage":"pt-BR","@id":"https:\/\/www.suno.com.br\/noticias\/privalia-prav3-suspende-ipo-devido-a-volatilidade-do-mercado\/#primaryimage","url":"https:\/\/files.sunoresearch.com.br\/n\/uploads\/2021\/06\/37d64a30-outlet-virtual-privalia-fatura-r18-milhao-com-loja-pop-up-jpeg.webp","contentUrl":"https:\/\/files.sunoresearch.com.br\/n\/uploads\/2021\/06\/37d64a30-outlet-virtual-privalia-fatura-r18-milhao-com-loja-pop-up-jpeg.webp","width":1204,"height":636,"caption":"Foto: Divulga\u00e7\u00e3o Privalia"},{"@type":"BreadcrumbList","@id":"https:\/\/www.suno.com.br\/noticias\/privalia-prav3-suspende-ipo-devido-a-volatilidade-do-mercado\/#breadcrumb","itemListElement":[{"@type":"ListItem","position":1,"name":"Not\u00edcias","item":"https:\/\/www.suno.com.br\/noticias\/"},{"@type":"ListItem","position":2,"name":"Neg\u00f3cios","item":"https:\/\/www.suno.com.br\/noticias\/negocios\/"},{"@type":"ListItem","position":3,"name":"Privalia (PRAV3) suspende IPO devido \u00e0 volatilidade do mercado"}]},{"@type":"WebSite","@id":"https:\/\/www.suno.com.br\/noticias\/#website","url":"https:\/\/www.suno.com.br\/noticias\/","name":"Suno Not\u00edcias","description":"Seu portal de informa\u00e7\u00e3o sobre o mundo dos investimentos","publisher":{"@id":"https:\/\/www.suno.com.br\/noticias\/#organization"},"potentialAction":[{"@type":"SearchAction","target":{"@type":"EntryPoint","urlTemplate":"https:\/\/www.suno.com.br\/noticias\/?s={search_term_string}"},"query-input":{"@type":"PropertyValueSpecification","valueRequired":true,"valueName":"search_term_string"}}],"inLanguage":"pt-BR"},{"@type":"Organization","@id":"https:\/\/www.suno.com.br\/noticias\/#organization","name":"Suno Not\u00edcias","url":"https:\/\/www.suno.com.br\/noticias\/","logo":{"@type":"ImageObject","inLanguage":"pt-BR","@id":"https:\/\/www.suno.com.br\/noticias\/#\/schema\/logo\/image\/","url":"https:\/\/files.sunoresearch.com.br\/n\/uploads\/2021\/09\/suno-logo.png","contentUrl":"https:\/\/files.sunoresearch.com.br\/n\/uploads\/2021\/09\/suno-logo.png","width":180,"height":180,"caption":"Suno Not\u00edcias"},"image":{"@id":"https:\/\/www.suno.com.br\/noticias\/#\/schema\/logo\/image\/"},"sameAs":["https:\/\/facebook.com\/sunoresearch","https:\/\/x.com\/sunoresearch","https:\/\/www.instagram.com\/suno","https:\/\/www.linkedin.com\/company\/suno-research\/","https:\/\/www.youtube.com\/c\/sunoresearch"]},{"@type":"Person","@id":"https:\/\/www.suno.com.br\/noticias\/#\/schema\/person\/02ec1f752758247878a2bf4abee1aeda","name":"Poliana Santos","image":{"@type":"ImageObject","inLanguage":"pt-BR","@id":"https:\/\/www.suno.com.br\/noticias\/#\/schema\/person\/image\/","url":"https:\/\/secure.gravatar.com\/avatar\/0645bd32f23d87b2130f2b2dff1d3f8d?s=96&r=g","contentUrl":"https:\/\/secure.gravatar.com\/avatar\/0645bd32f23d87b2130f2b2dff1d3f8d?s=96&r=g","caption":"Poliana Santos"},"description":"Rep\u00f3rter no Suno Not\u00edcias, com cobertura em mercado financeiro, economia, finan\u00e7as pessoais, renda fixa e varejo. Jornalista formada pela Faculdade C\u00e1sper L\u00edbero e possui passagem na R\u00e1dio Gazeta AM com a produ\u00e7\u00e3o de conte\u00fado sobre economia, pol\u00edtica, sa\u00fade, moda e m\u00fasica. Possui certificado de conclus\u00e3o do curso de An\u00e1lise de Balan\u00e7os pela Funda\u00e7\u00e3o Bradesco, Agenda Brasil pela FAAP, Educa\u00e7\u00e3o Pol\u00edtica por Alexandre Garcia e do Tesouro Direto e Mercado de A\u00e7\u00f5es pela B3.","url":"https:\/\/www.suno.com.br\/noticias\/author\/poliana-santos\/"}]}},"default_loop_html":"<div class=\"cardsPage__listCard__boxs\"><div class=\"cardsPage__listCard__boxs__img\"><a href=\"https:\/\/www.suno.com.br\/noticias\/privalia-prav3-suspende-ipo-devido-a-volatilidade-do-mercado\/\"><img class=\"mask\" src=\"https:\/\/www.suno.com.br\/noticias\/wp-content\/themes\/suno\/resources\/images\/spotlight\/spotlight1img\/bg-mask.png\" alt=\"Image Mask\"\/><img src=\"https:\/\/files.sunoresearch.com.br\/n\/uploads\/2021\/06\/37d64a30-outlet-virtual-privalia-fatura-r18-milhao-com-loja-pop-up-400x200.webp\" alt=\"Privalia (PRAV3) suspende IPO devido \u00e0 volatilidade do mercado\"\/><\/a><span class=\"spotlightCategory\"><a href=\"https:\/\/www.suno.com.br\/noticias\/negocios\/\">Neg\u00f3cios<\/a><\/span><\/div><div class=\"cardsPage__listCard__boxs__content\"><a href=\"https:\/\/www.suno.com.br\/noticias\/privalia-prav3-suspende-ipo-devido-a-volatilidade-do-mercado\/\"><h2 class=\"content__title\">Privalia (PRAV3) suspende IPO devido \u00e0 volatilidade do mercado<\/h2><\/a><div class=\"newsContent__article__meta\"><div class=\"newsContent__article__meta__authorBox\"><a href=\"https:\/\/www.suno.com.br\/noticias\/author\/poliana-santos\/\" class=\"authorBox__avatar noMobi\"><img src=\"https:\/\/files.sunoresearch.com.br\/n\/uploads\/2020\/08\/7ef34026-whatsapp-image-2020-08-03-at-12.37.57-150x150.webp\" alt=\"Poliana Santos\"><\/a><div class=\"authorBox__name\"><span>por\n\t\t\t<a href=\"https:\/\/www.suno.com.br\/noticias\/author\/poliana-santos\/\"><span itemprop=\"author\">Poliana Santos<\/span><\/a><\/span><time datetime=\"2021-07-21T15:22:20-03:00\" itemprop=\"datePublished\">21\/07\/2021 15:22<\/time><\/div><\/div><\/div><\/div><\/div>","single_layout":"posts","amp_enabled":true,"_links":{"self":[{"href":"https:\/\/www.suno.com.br\/noticias\/wp-json\/wp\/v2\/posts\/167816"}],"collection":[{"href":"https:\/\/www.suno.com.br\/noticias\/wp-json\/wp\/v2\/posts"}],"about":[{"href":"https:\/\/www.suno.com.br\/noticias\/wp-json\/wp\/v2\/types\/post"}],"author":[{"embeddable":true,"href":"https:\/\/www.suno.com.br\/noticias\/wp-json\/wp\/v2\/users\/15"}],"replies":[{"embeddable":true,"href":"https:\/\/www.suno.com.br\/noticias\/wp-json\/wp\/v2\/comments?post=167816"}],"version-history":[{"count":2,"href":"https:\/\/www.suno.com.br\/noticias\/wp-json\/wp\/v2\/posts\/167816\/revisions"}],"predecessor-version":[{"id":167832,"href":"https:\/\/www.suno.com.br\/noticias\/wp-json\/wp\/v2\/posts\/167816\/revisions\/167832"}],"wp:featuredmedia":[{"embeddable":true,"href":"https:\/\/www.suno.com.br\/noticias\/wp-json\/wp\/v2\/media\/159993"}],"wp:attachment":[{"href":"https:\/\/www.suno.com.br\/noticias\/wp-json\/wp\/v2\/media?parent=167816"}],"wp:term":[{"taxonomy":"category","embeddable":true,"href":"https:\/\/www.suno.com.br\/noticias\/wp-json\/wp\/v2\/categories?post=167816"},{"taxonomy":"post_tag","embeddable":true,"href":"https:\/\/www.suno.com.br\/noticias\/wp-json\/wp\/v2\/tags?post=167816"},{"taxonomy":"suno_strategy","embeddable":true,"href":"https:\/\/www.suno.com.br\/noticias\/wp-json\/wp\/v2\/suno_strategy?post=167816"}],"curies":[{"name":"wp","href":"https:\/\/api.w.org\/{rel}","templated":true}]}}