{"id":167625,"date":"2021-07-21T09:25:56","date_gmt":"2021-07-21T12:25:56","guid":{"rendered":"https:\/\/www.suno.com.br\/noticias\/?p=167625"},"modified":"2021-07-21T09:32:10","modified_gmt":"2021-07-21T12:32:10","slug":"sp-500-nasdaq-alta-covid-19-balancos-21072021","status":"publish","type":"post","link":"https:\/\/www.suno.com.br\/noticias\/sp-500-nasdaq-alta-covid-19-balancos-21072021\/","title":{"rendered":"S&#038;P 500 amplia alta, mas mercado digere avan\u00e7o da pandemia nos EUA"},"content":{"rendered":"<p>O <strong>S&amp;P 500<\/strong> opera em leve alta na manh\u00e3 desta quarta-feira (21), ampliando o campo positivo instaurado na v\u00e9spera. Ontem, o maior \u00edndice acion\u00e1rio norte-americano subiu 1,52%, maior alta di\u00e1ria desde 1\u00ba de fevereiro.<\/p>\t<div class=\"wrapper-featured-image\">\n\t\t<figure class=\"spotlightImg\">\n\n\t\t\t<picture>\n\t\t\t\t<source media=\"(max-width: 768px)\" srcset=\"https:\/\/files.sunoresearch.com.br\/n\/uploads\/2021\/04\/98e5165b-blur-1853262_1280-400x200.webp\">\n\t\t\t\t<img loading=\"lazy\" decoding=\"async\" class=\"newsContent__article__imgCapa lazyloadDisabled \" src=\"https:\/\/files.sunoresearch.com.br\/n\/uploads\/2021\/04\/98e5165b-blur-1853262_1280-800x450.webp\" width=\"800\" height=\"450\" alt=\"S&#038;P 500 amplia alta, mas mercado digere avan\u00e7o da pandemia nos EUA\" fetchpriority=high \/>\n\t\t\t<\/picture>\n\n\t\t\t<figcaption class=\"wp-caption-text wp-caption-text--show\">S&amp;P 500. Foto: Pixabay.<\/figcaption>\n\t\t<\/figure>\n\t<\/div>\n\n\n\t<p>\n\t\t<a href=\"https:\/\/lp.suno.com.br\/planilha-controle-gastos\/\" target=\"_blank\" data-element=\"shortcode-suno-banner\" title=\"Banner SUNO, clique e saiba mais\">\n\t\t\t<picture>\n\t\t\t\t<source media=\"(max-width: 500px)\" srcset=\"https:\/\/files.sunoresearch.com.br\/n\/uploads\/2023\/03\/400x300-Planilha-controle-de-gastos.png\">\n\t\t\t\t<img class=\"newsContent__article__imgCapa newsContent__article__imgCapa--banner\"\n\t\t\t\t\tsrc=\"https:\/\/files.sunoresearch.com.br\/n\/uploads\/2023\/03\/1420x240-Planilha-controle-de-gastos.png\"\n\t\t\t\t\tdata-promo-id=\"101751\"\t\t\t\t\t\t\t\t\t\twidth='1420' height='240'\t\t\t\t\talt=\"https:\/\/files.sunoresearch.com.br\/n\/uploads\/2023\/03\/1420x240-Planilha-controle-de-gastos.png\"\n\t\t\t\t>\n\t\t\t<\/picture>\n\t\t<\/a>\n\t<\/p>\n\n\n<p>Por volta das 9h, o <a href=\"https:\/\/www.suno.com.br\/artigos\/sp-500\/\">S&amp;P 500<\/a> subia 0,10%, para 4.319,88 pontos. A <a href=\"https:\/\/www.suno.com.br\/artigos\/nasdaq\/\"><strong>Nasdaq<\/strong>, por sua vez<\/a>, recua 0,28%, para 14.682,75 pontos. O principal ponto de aten\u00e7\u00e3o do mercado \u00e9 sobre o avan\u00e7o da pandemia nos Estados Unidos.<\/p>\n<p>Cerca de 25 mil novos casos est\u00e3o sendo reportados por dia, o equivalente a um aumento de 70% em rela\u00e7\u00e3o \u00e0 \u00faltima semana. Aproximadamente 97% das interna\u00e7\u00f5es graves s\u00e3o de pessoas que n\u00e3o se vacinaram.<\/p>\n<p>A variante <strong>Delta<\/strong>, cepa mais contagiosa da Covid-19, corresponde a 80% dos novos casos da doen\u00e7a no pa\u00eds. As mortes est\u00e3o em 211 na m\u00e9dia m\u00f3vel, embora ainda muito distantes do pico de 3 mil do in\u00edcio do ano.<\/p>\n<p>Por outro lado, as boas not\u00edcias v\u00eam dos balan\u00e7os corporativos. A temporada de resultados, iniciada na \u00faltima semana pelos bancos, <a href=\"https:\/\/www.suno.com.br\/noticias\/bancos-eua-2t21-recuperacao-economica\/\">j\u00e1 havia trazido boas perspectivas<\/a>, que v\u00eam se confirmando com as demais empresas.<\/p>\n\n\t<div data-element=\"shortcode-read-more\" class=\"readToo\">\n\t\t\t\t<span class=\"readToo__title\">Saiba mais<\/span>\n\t\t\t\t<ul class=\"readToo__list\">\n\t\t\t<li><a href=\"https:\/\/www.suno.com.br\/noticias\/producao-petroleo-recorde-bacia-santos\/\">Petr\u00f3leo: produ\u00e7\u00e3o supera recorde na Bacia de Santos, diz ANP<\/a><\/li><li><a href=\"https:\/\/www.suno.com.br\/noticias\/biden-ve-inflacao-temporaria-e-comemora-crescimento-acelerado\/\">Biden v\u00ea infla\u00e7\u00e3o tempor\u00e1ria e comemora crescimento acelerado<\/a><\/li>\t\t<\/ul>\n\t<\/div>\n\n\n<p>Segundo a <em>FactSet<\/em>, cerca de 85% das 60 integrantes do S&amp;P 500 reportaram n\u00fameros acima das expectativas dos analistas. Ontem, foi a vez da <strong>Netflix<\/strong>, <a href=\"https:\/\/www.suno.com.br\/noticias\/netflix-nflx34-registra-lucro-liquido-us-1353-bi-2tri-dobro\/\">que quase dobrou o lucro<\/a> mas decepcionou no n\u00famero de novos assinantes.<\/p>\n<p>Hoje, divulgar\u00e3o resultados Coca-Cola, Johnson &amp; Johnson, Verizon e Whirpool.<\/p>\n<p>&#8220;As principais Bolsas internacionais est\u00e3o firmando a recupera\u00e7\u00e3o que vimos ontem. Isso sugere que a realiza\u00e7\u00e3o de pre\u00e7os na segunda foi algo pontual&#8221;, comenta <strong>Roberto Padovani<\/strong>, economista do Banco BV. &#8220;A agenda econ\u00f4mica \u00e9 leve e o dia deve ser de busca por risco.&#8221;<\/p>\n<p>No mercado de t\u00edtulos, o rendimento das <strong>Treasuries<\/strong> de 10 anos avan\u00e7am ap\u00f3s atingirem o menor patamar desde mar\u00e7o no in\u00edcio desta semana. O d\u00f3lar tamb\u00e9m mostra uma tend\u00eancia de fortalecimento nesta manh\u00e3.<\/p>\n<p>Amanh\u00e3, o <a href=\"https:\/\/www.suno.com.br\/artigos\/bce\/\">Banco Central Europeu (<strong>BCE<\/strong>)<\/a> definir\u00e1 sua taxa de juros. \u00c9 amplamente esperado que a autoridade monet\u00e1ria central europeia mantenha a pol\u00edtica monet\u00e1ria acomodat\u00edcia.<\/p>\n\t<p>\n\t\t<a href=\"\" target=\"_blank\" data-element=\"shortcode-suno-banner\" title=\"Banner SUNO, clique e saiba mais\">\n\t\t\t<picture>\n\t\t\t\t<source media=\"(max-width: 500px)\" srcset=\"\">\n\t\t\t\t<img class=\"newsContent__article__imgCapa newsContent__article__imgCapa--banner\"\n\t\t\t\t\tsrc=\"\"\n\t\t\t\t\tdata-promo-id=\"92668\"\t\t\t\t\t\t\t\t\t\t\t\t\t\t\talt=\"\"\n\t\t\t\t>\n\t\t\t<\/picture>\n\t\t<\/a>\n\t<\/p>\n\n\n<h2>S&amp;P 500 e as bolsas mundiais<\/h2>\n<p>Confira o desempenho das principais bolsas mundiais por volta das 9h18:<\/p>\n<ul>\n<li>S&amp;P 500 futuro: +0,17%<\/li>\n<li>Nasdaq futuro: -0,23%<\/li>\n<li><a href=\"https:\/\/www.suno.com.br\/artigos\/dax-30\/\">DAX 30<\/a> (Alemanha): +0,68%<\/li>\n<li><a href=\"https:\/\/www.suno.com.br\/artigos\/ftse-100\/\">FTSE 100<\/a> (Inglaterra): +1,48%<\/li>\n<li><a href=\"https:\/\/www.suno.com.br\/artigos\/euro-stoxx-50\/\">Euro Stoxx 50<\/a>: +1,16%<\/li>\n<li>SSE Composite (Xangai): +0,73% (fechada)<\/li>\n<li><a href=\"https:\/\/www.suno.com.br\/artigos\/nikkei-225\/\">Nikkei 225<\/a> (Jap\u00e3o): +0,58% (fechada)<\/li>\n<\/ul>\n<p>A primeira metade de julho foi majoritariamente positiva para os mercados internacionais, embora atentos \u00e0s variantes da Covid-19. O <strong>S&amp;P 500<\/strong> e as bolsas, entretanto, ainda digerem o desdobramento das press\u00f5es inflacion\u00e1rias norte-americanas e a recupera\u00e7\u00e3o econ\u00f4mica global.<\/p>\n\t<p>\n\t\t<a href=\"https:\/\/lp.suno.com.br\/planilha-de-controle-de-investimentos\/\" target=\"_blank\" data-element=\"shortcode-suno-banner\" title=\"Banner SUNO, clique e saiba mais\">\n\t\t\t<picture>\n\t\t\t\t<source media=\"(max-width: 500px)\" srcset=\"https:\/\/files.sunoresearch.com.br\/n\/uploads\/2023\/03\/400x300-Controle-de-Investimentos.png\">\n\t\t\t\t<img class=\"newsContent__article__imgCapa newsContent__article__imgCapa--banner\"\n\t\t\t\t\tsrc=\"https:\/\/files.sunoresearch.com.br\/n\/uploads\/2023\/03\/1420x240-Controle-de-Investimentos.png\"\n\t\t\t\t\tdata-promo-id=\"75934\"\t\t\t\t\t\t\t\t\t\twidth='1420' height='240'\t\t\t\t\talt=\"https:\/\/files.sunoresearch.com.br\/n\/uploads\/2023\/03\/1420x240-Controle-de-Investimentos.png\"\n\t\t\t\t>\n\t\t\t<\/picture>\n\t\t<\/a>\n\t<\/p>\n\n\n","protected":false},"excerpt":{"rendered":"<p>O S&amp;P 500 opera em leve alta na manh\u00e3 desta quarta-feira (21), ampliando o campo positivo instaurado na v\u00e9spera. Ontem, o maior \u00edndice acion\u00e1rio norte-americano subiu 1,52%, maior alta di\u00e1ria desde 1\u00ba de fevereiro. Estados Unidos devem ter crescimento lento e juros elevados mais tempo. Foto: Reprodu\u00e7\u00e3o Instagram Por volta das 9h, o S&amp;P 500 [&hellip;]<\/p>\n","protected":false},"author":24,"featured_media":137755,"comment_status":"closed","ping_status":"closed","sticky":false,"template":"","format":"standard","meta":[],"categories":[60],"tags":[1029,5255,105816,964,2667],"suno_strategy":[],"class_list":["post-167625","post","type-post","status-publish","format-standard","has-post-thumbnail","hentry","category-mercado","tag-balancos-trimestrais","tag-covid-19","tag-especialistas","tag-nasdaq","tag-sp-500"],"yoast_head":"<!-- This site is optimized with the Yoast SEO plugin v24.4 - https:\/\/yoast.com\/wordpress\/plugins\/seo\/ -->\n<title>S&amp;P 500 amplia alta, mas mercado digere avan\u00e7o da pandemia nos EUA<\/title>\n<meta name=\"description\" content=\"O S&amp;P 500 opera em leve alta na manh\u00e3 desta quarta-feira (21), ampliando o campo positivo instaurado na v\u00e9spera. Clique e saiba mais.\" \/>\n<meta name=\"robots\" content=\"index, follow, max-snippet:-1, max-image-preview:large, max-video-preview:-1\" \/>\n<link rel=\"canonical\" href=\"https:\/\/www.suno.com.br\/noticias\/sp-500-nasdaq-alta-covid-19-balancos-21072021\/\" \/>\n<meta property=\"og:locale\" content=\"pt_BR\" \/>\n<meta property=\"og:type\" content=\"article\" \/>\n<meta property=\"og:title\" content=\"S&amp;P 500 amplia alta, mas mercado digere avan\u00e7o da pandemia nos EUA\" \/>\n<meta property=\"og:description\" content=\"O S&amp;P 500 opera em leve alta na manh\u00e3 desta quarta-feira (21), ampliando o campo positivo instaurado na v\u00e9spera. Clique e saiba mais.\" \/>\n<meta property=\"og:url\" content=\"https:\/\/www.suno.com.br\/noticias\/sp-500-nasdaq-alta-covid-19-balancos-21072021\/\" \/>\n<meta property=\"og:site_name\" content=\"Suno Not\u00edcias\" \/>\n<meta property=\"article:publisher\" content=\"https:\/\/facebook.com\/sunoresearch\" \/>\n<meta property=\"og:image\" content=\"https:\/\/files.sunoresearch.com.br\/n\/uploads\/2021\/04\/98e5165b-blur-1853262_1280.jpg\" \/>\n\t<meta property=\"og:image:width\" content=\"1280\" \/>\n\t<meta property=\"og:image:height\" content=\"960\" \/>\n\t<meta property=\"og:image:type\" content=\"image\/jpeg\" \/>\n<meta name=\"author\" content=\"Jader Lazarini\" \/>\n<meta name=\"twitter:card\" content=\"summary_large_image\" \/>\n<meta name=\"twitter:creator\" content=\"@sunoresearch\" \/>\n<meta name=\"twitter:site\" content=\"@sunoresearch\" \/>\n<meta name=\"twitter:label1\" content=\"Escrito por\" \/>\n\t<meta name=\"twitter:data1\" content=\"Jader Lazarini\" \/>\n\t<meta name=\"twitter:label2\" content=\"Est. tempo de leitura\" \/>\n\t<meta name=\"twitter:data2\" content=\"2 minutos\" \/>\n<script type=\"application\/ld+json\" class=\"yoast-schema-graph\">{\"@context\":\"https:\/\/schema.org\",\"@graph\":[{\"@type\":\"NewsArticle\",\"@id\":\"https:\/\/www.suno.com.br\/noticias\/sp-500-nasdaq-alta-covid-19-balancos-21072021\/#article\",\"isPartOf\":{\"@id\":\"https:\/\/www.suno.com.br\/noticias\/sp-500-nasdaq-alta-covid-19-balancos-21072021\/\"},\"author\":{\"name\":\"Jader Lazarini\",\"@id\":\"https:\/\/www.suno.com.br\/noticias\/#\/schema\/person\/918d79de1f0281f01599b93f9ea6e23f\"},\"headline\":\"S&#038;P 500 amplia alta, mas mercado digere avan\u00e7o da pandemia nos EUA\",\"datePublished\":\"2021-07-21T12:25:56+00:00\",\"dateModified\":\"2021-07-21T12:32:10+00:00\",\"mainEntityOfPage\":{\"@id\":\"https:\/\/www.suno.com.br\/noticias\/sp-500-nasdaq-alta-covid-19-balancos-21072021\/\"},\"wordCount\":462,\"publisher\":{\"@id\":\"https:\/\/www.suno.com.br\/noticias\/#organization\"},\"image\":{\"@id\":\"https:\/\/www.suno.com.br\/noticias\/sp-500-nasdaq-alta-covid-19-balancos-21072021\/#primaryimage\"},\"thumbnailUrl\":\"https:\/\/files.sunoresearch.com.br\/n\/uploads\/2021\/04\/98e5165b-blur-1853262_1280-jpg.webp\",\"keywords\":[\"balan\u00e7os trimestrais\",\"covid-19\",\"Especialistas\",\"Nasdaq\",\"S&amp;P 500\"],\"articleSection\":[\"Mercado\"],\"inLanguage\":\"pt-BR\"},{\"@type\":\"WebPage\",\"@id\":\"https:\/\/www.suno.com.br\/noticias\/sp-500-nasdaq-alta-covid-19-balancos-21072021\/\",\"url\":\"https:\/\/www.suno.com.br\/noticias\/sp-500-nasdaq-alta-covid-19-balancos-21072021\/\",\"name\":\"S&P 500 amplia alta, mas mercado digere avan\u00e7o da pandemia nos EUA\",\"isPartOf\":{\"@id\":\"https:\/\/www.suno.com.br\/noticias\/#website\"},\"primaryImageOfPage\":{\"@id\":\"https:\/\/www.suno.com.br\/noticias\/sp-500-nasdaq-alta-covid-19-balancos-21072021\/#primaryimage\"},\"image\":{\"@id\":\"https:\/\/www.suno.com.br\/noticias\/sp-500-nasdaq-alta-covid-19-balancos-21072021\/#primaryimage\"},\"thumbnailUrl\":\"https:\/\/files.sunoresearch.com.br\/n\/uploads\/2021\/04\/98e5165b-blur-1853262_1280-jpg.webp\",\"datePublished\":\"2021-07-21T12:25:56+00:00\",\"dateModified\":\"2021-07-21T12:32:10+00:00\",\"description\":\"O S&P 500 opera em leve alta na manh\u00e3 desta quarta-feira (21), ampliando o campo positivo instaurado na v\u00e9spera. Clique e saiba mais.\",\"breadcrumb\":{\"@id\":\"https:\/\/www.suno.com.br\/noticias\/sp-500-nasdaq-alta-covid-19-balancos-21072021\/#breadcrumb\"},\"inLanguage\":\"pt-BR\",\"potentialAction\":[{\"@type\":\"ReadAction\",\"target\":[\"https:\/\/www.suno.com.br\/noticias\/sp-500-nasdaq-alta-covid-19-balancos-21072021\/\"]}]},{\"@type\":\"ImageObject\",\"inLanguage\":\"pt-BR\",\"@id\":\"https:\/\/www.suno.com.br\/noticias\/sp-500-nasdaq-alta-covid-19-balancos-21072021\/#primaryimage\",\"url\":\"https:\/\/files.sunoresearch.com.br\/n\/uploads\/2021\/04\/98e5165b-blur-1853262_1280-jpg.webp\",\"contentUrl\":\"https:\/\/files.sunoresearch.com.br\/n\/uploads\/2021\/04\/98e5165b-blur-1853262_1280-jpg.webp\",\"width\":1280,\"height\":960,\"caption\":\"S&P 500. Foto: Pixabay.\"},{\"@type\":\"BreadcrumbList\",\"@id\":\"https:\/\/www.suno.com.br\/noticias\/sp-500-nasdaq-alta-covid-19-balancos-21072021\/#breadcrumb\",\"itemListElement\":[{\"@type\":\"ListItem\",\"position\":1,\"name\":\"Not\u00edcias\",\"item\":\"https:\/\/www.suno.com.br\/noticias\/\"},{\"@type\":\"ListItem\",\"position\":2,\"name\":\"Mercado\",\"item\":\"https:\/\/www.suno.com.br\/noticias\/mercado\/\"},{\"@type\":\"ListItem\",\"position\":3,\"name\":\"S&#038;P 500 amplia alta, mas mercado digere avan\u00e7o da pandemia nos EUA\"}]},{\"@type\":\"WebSite\",\"@id\":\"https:\/\/www.suno.com.br\/noticias\/#website\",\"url\":\"https:\/\/www.suno.com.br\/noticias\/\",\"name\":\"Suno Not\u00edcias\",\"description\":\"Seu portal de informa\u00e7\u00e3o sobre o mundo dos investimentos\",\"publisher\":{\"@id\":\"https:\/\/www.suno.com.br\/noticias\/#organization\"},\"potentialAction\":[{\"@type\":\"SearchAction\",\"target\":{\"@type\":\"EntryPoint\",\"urlTemplate\":\"https:\/\/www.suno.com.br\/noticias\/?s={search_term_string}\"},\"query-input\":{\"@type\":\"PropertyValueSpecification\",\"valueRequired\":true,\"valueName\":\"search_term_string\"}}],\"inLanguage\":\"pt-BR\"},{\"@type\":\"Organization\",\"@id\":\"https:\/\/www.suno.com.br\/noticias\/#organization\",\"name\":\"Suno Not\u00edcias\",\"url\":\"https:\/\/www.suno.com.br\/noticias\/\",\"logo\":{\"@type\":\"ImageObject\",\"inLanguage\":\"pt-BR\",\"@id\":\"https:\/\/www.suno.com.br\/noticias\/#\/schema\/logo\/image\/\",\"url\":\"https:\/\/files.sunoresearch.com.br\/n\/uploads\/2021\/09\/suno-logo.png\",\"contentUrl\":\"https:\/\/files.sunoresearch.com.br\/n\/uploads\/2021\/09\/suno-logo.png\",\"width\":180,\"height\":180,\"caption\":\"Suno Not\u00edcias\"},\"image\":{\"@id\":\"https:\/\/www.suno.com.br\/noticias\/#\/schema\/logo\/image\/\"},\"sameAs\":[\"https:\/\/facebook.com\/sunoresearch\",\"https:\/\/x.com\/sunoresearch\",\"https:\/\/www.instagram.com\/suno\",\"https:\/\/www.linkedin.com\/company\/suno-research\/\",\"https:\/\/www.youtube.com\/c\/sunoresearch\"]},{\"@type\":\"Person\",\"@id\":\"https:\/\/www.suno.com.br\/noticias\/#\/schema\/person\/918d79de1f0281f01599b93f9ea6e23f\",\"name\":\"Jader Lazarini\",\"image\":{\"@type\":\"ImageObject\",\"inLanguage\":\"pt-BR\",\"@id\":\"https:\/\/www.suno.com.br\/noticias\/#\/schema\/person\/image\/\",\"url\":\"https:\/\/secure.gravatar.com\/avatar\/3c1ad8caa51589841baeb923fcddea97?s=96&r=g\",\"contentUrl\":\"https:\/\/secure.gravatar.com\/avatar\/3c1ad8caa51589841baeb923fcddea97?s=96&r=g\",\"caption\":\"Jader Lazarini\"},\"description\":\"Jader Lazarini escreve sobre investimentos, finan\u00e7as, economia e neg\u00f3cios. \u00c9 bacharel em Rela\u00e7\u00f5es Internacionais e analista CNPI (2619).\",\"url\":\"https:\/\/www.suno.com.br\/noticias\/author\/jader-lazarini\/\"}]}<\/script>\n<!-- \/ Yoast SEO plugin. -->","yoast_head_json":{"title":"S&P 500 amplia alta, mas mercado digere avan\u00e7o da pandemia nos EUA","description":"O S&P 500 opera em leve alta na manh\u00e3 desta quarta-feira (21), ampliando o campo positivo instaurado na v\u00e9spera. Clique e saiba mais.","robots":{"index":"index","follow":"follow","max-snippet":"max-snippet:-1","max-image-preview":"max-image-preview:large","max-video-preview":"max-video-preview:-1"},"canonical":"https:\/\/www.suno.com.br\/noticias\/sp-500-nasdaq-alta-covid-19-balancos-21072021\/","og_locale":"pt_BR","og_type":"article","og_title":"S&P 500 amplia alta, mas mercado digere avan\u00e7o da pandemia nos EUA","og_description":"O S&P 500 opera em leve alta na manh\u00e3 desta quarta-feira (21), ampliando o campo positivo instaurado na v\u00e9spera. Clique e saiba mais.","og_url":"https:\/\/www.suno.com.br\/noticias\/sp-500-nasdaq-alta-covid-19-balancos-21072021\/","og_site_name":"Suno Not\u00edcias","article_publisher":"https:\/\/facebook.com\/sunoresearch","og_image":[{"width":1280,"height":960,"url":"https:\/\/files.sunoresearch.com.br\/n\/uploads\/2021\/04\/98e5165b-blur-1853262_1280.jpg","type":"image\/jpeg"}],"author":"Jader Lazarini","twitter_card":"summary_large_image","twitter_creator":"@sunoresearch","twitter_site":"@sunoresearch","twitter_misc":{"Escrito por":"Jader Lazarini","Est. tempo de leitura":"2 minutos"},"schema":{"@context":"https:\/\/schema.org","@graph":[{"@type":"NewsArticle","@id":"https:\/\/www.suno.com.br\/noticias\/sp-500-nasdaq-alta-covid-19-balancos-21072021\/#article","isPartOf":{"@id":"https:\/\/www.suno.com.br\/noticias\/sp-500-nasdaq-alta-covid-19-balancos-21072021\/"},"author":{"name":"Jader Lazarini","@id":"https:\/\/www.suno.com.br\/noticias\/#\/schema\/person\/918d79de1f0281f01599b93f9ea6e23f"},"headline":"S&#038;P 500 amplia alta, mas mercado digere avan\u00e7o da pandemia nos EUA","datePublished":"2021-07-21T12:25:56+00:00","dateModified":"2021-07-21T12:32:10+00:00","mainEntityOfPage":{"@id":"https:\/\/www.suno.com.br\/noticias\/sp-500-nasdaq-alta-covid-19-balancos-21072021\/"},"wordCount":462,"publisher":{"@id":"https:\/\/www.suno.com.br\/noticias\/#organization"},"image":{"@id":"https:\/\/www.suno.com.br\/noticias\/sp-500-nasdaq-alta-covid-19-balancos-21072021\/#primaryimage"},"thumbnailUrl":"https:\/\/files.sunoresearch.com.br\/n\/uploads\/2021\/04\/98e5165b-blur-1853262_1280-jpg.webp","keywords":["balan\u00e7os trimestrais","covid-19","Especialistas","Nasdaq","S&amp;P 500"],"articleSection":["Mercado"],"inLanguage":"pt-BR"},{"@type":"WebPage","@id":"https:\/\/www.suno.com.br\/noticias\/sp-500-nasdaq-alta-covid-19-balancos-21072021\/","url":"https:\/\/www.suno.com.br\/noticias\/sp-500-nasdaq-alta-covid-19-balancos-21072021\/","name":"S&P 500 amplia alta, mas mercado digere avan\u00e7o da pandemia nos EUA","isPartOf":{"@id":"https:\/\/www.suno.com.br\/noticias\/#website"},"primaryImageOfPage":{"@id":"https:\/\/www.suno.com.br\/noticias\/sp-500-nasdaq-alta-covid-19-balancos-21072021\/#primaryimage"},"image":{"@id":"https:\/\/www.suno.com.br\/noticias\/sp-500-nasdaq-alta-covid-19-balancos-21072021\/#primaryimage"},"thumbnailUrl":"https:\/\/files.sunoresearch.com.br\/n\/uploads\/2021\/04\/98e5165b-blur-1853262_1280-jpg.webp","datePublished":"2021-07-21T12:25:56+00:00","dateModified":"2021-07-21T12:32:10+00:00","description":"O S&P 500 opera em leve alta na manh\u00e3 desta quarta-feira (21), ampliando o campo positivo instaurado na v\u00e9spera. Clique e saiba mais.","breadcrumb":{"@id":"https:\/\/www.suno.com.br\/noticias\/sp-500-nasdaq-alta-covid-19-balancos-21072021\/#breadcrumb"},"inLanguage":"pt-BR","potentialAction":[{"@type":"ReadAction","target":["https:\/\/www.suno.com.br\/noticias\/sp-500-nasdaq-alta-covid-19-balancos-21072021\/"]}]},{"@type":"ImageObject","inLanguage":"pt-BR","@id":"https:\/\/www.suno.com.br\/noticias\/sp-500-nasdaq-alta-covid-19-balancos-21072021\/#primaryimage","url":"https:\/\/files.sunoresearch.com.br\/n\/uploads\/2021\/04\/98e5165b-blur-1853262_1280-jpg.webp","contentUrl":"https:\/\/files.sunoresearch.com.br\/n\/uploads\/2021\/04\/98e5165b-blur-1853262_1280-jpg.webp","width":1280,"height":960,"caption":"S&P 500. Foto: Pixabay."},{"@type":"BreadcrumbList","@id":"https:\/\/www.suno.com.br\/noticias\/sp-500-nasdaq-alta-covid-19-balancos-21072021\/#breadcrumb","itemListElement":[{"@type":"ListItem","position":1,"name":"Not\u00edcias","item":"https:\/\/www.suno.com.br\/noticias\/"},{"@type":"ListItem","position":2,"name":"Mercado","item":"https:\/\/www.suno.com.br\/noticias\/mercado\/"},{"@type":"ListItem","position":3,"name":"S&#038;P 500 amplia alta, mas mercado digere avan\u00e7o da pandemia nos EUA"}]},{"@type":"WebSite","@id":"https:\/\/www.suno.com.br\/noticias\/#website","url":"https:\/\/www.suno.com.br\/noticias\/","name":"Suno Not\u00edcias","description":"Seu portal de informa\u00e7\u00e3o sobre o mundo dos investimentos","publisher":{"@id":"https:\/\/www.suno.com.br\/noticias\/#organization"},"potentialAction":[{"@type":"SearchAction","target":{"@type":"EntryPoint","urlTemplate":"https:\/\/www.suno.com.br\/noticias\/?s={search_term_string}"},"query-input":{"@type":"PropertyValueSpecification","valueRequired":true,"valueName":"search_term_string"}}],"inLanguage":"pt-BR"},{"@type":"Organization","@id":"https:\/\/www.suno.com.br\/noticias\/#organization","name":"Suno Not\u00edcias","url":"https:\/\/www.suno.com.br\/noticias\/","logo":{"@type":"ImageObject","inLanguage":"pt-BR","@id":"https:\/\/www.suno.com.br\/noticias\/#\/schema\/logo\/image\/","url":"https:\/\/files.sunoresearch.com.br\/n\/uploads\/2021\/09\/suno-logo.png","contentUrl":"https:\/\/files.sunoresearch.com.br\/n\/uploads\/2021\/09\/suno-logo.png","width":180,"height":180,"caption":"Suno Not\u00edcias"},"image":{"@id":"https:\/\/www.suno.com.br\/noticias\/#\/schema\/logo\/image\/"},"sameAs":["https:\/\/facebook.com\/sunoresearch","https:\/\/x.com\/sunoresearch","https:\/\/www.instagram.com\/suno","https:\/\/www.linkedin.com\/company\/suno-research\/","https:\/\/www.youtube.com\/c\/sunoresearch"]},{"@type":"Person","@id":"https:\/\/www.suno.com.br\/noticias\/#\/schema\/person\/918d79de1f0281f01599b93f9ea6e23f","name":"Jader Lazarini","image":{"@type":"ImageObject","inLanguage":"pt-BR","@id":"https:\/\/www.suno.com.br\/noticias\/#\/schema\/person\/image\/","url":"https:\/\/secure.gravatar.com\/avatar\/3c1ad8caa51589841baeb923fcddea97?s=96&r=g","contentUrl":"https:\/\/secure.gravatar.com\/avatar\/3c1ad8caa51589841baeb923fcddea97?s=96&r=g","caption":"Jader Lazarini"},"description":"Jader Lazarini escreve sobre investimentos, finan\u00e7as, economia e neg\u00f3cios. \u00c9 bacharel em Rela\u00e7\u00f5es Internacionais e analista CNPI (2619).","url":"https:\/\/www.suno.com.br\/noticias\/author\/jader-lazarini\/"}]}},"default_loop_html":"<div class=\"cardsPage__listCard__boxs\"><div class=\"cardsPage__listCard__boxs__img\"><a href=\"https:\/\/www.suno.com.br\/noticias\/biden-ve-inflacao-temporaria-e-comemora-crescimento-acelerado\/\"><img class=\"mask\" src=\"https:\/\/www.suno.com.br\/noticias\/wp-content\/themes\/suno\/resources\/images\/spotlight\/spotlight1img\/bg-mask.png\" alt=\"Image Mask\"\/><img src=\"https:\/\/files.sunoresearch.com.br\/n\/uploads\/2021\/06\/4cf2a26b-whatsapp-image-2021-05-05-at-20.18.59-400x200.webp\" alt=\"Biden v\u00ea infla\u00e7\u00e3o tempor\u00e1ria e comemora crescimento acelerado\"\/><\/a><span class=\"spotlightCategory\"><a href=\"https:\/\/www.suno.com.br\/noticias\/internacional\/\">Internacional<\/a><\/span><\/div><div class=\"cardsPage__listCard__boxs__content\"><a href=\"https:\/\/www.suno.com.br\/noticias\/biden-ve-inflacao-temporaria-e-comemora-crescimento-acelerado\/\"><h2 class=\"content__title\">Biden v\u00ea infla\u00e7\u00e3o tempor\u00e1ria e comemora crescimento acelerado<\/h2><\/a><div class=\"newsContent__article__meta\"><div class=\"newsContent__article__meta__authorBox\"><a href=\"https:\/\/www.suno.com.br\/noticias\/author\/jader-lazarini\/\" class=\"authorBox__avatar noMobi\"><img src=\"https:\/\/files.sunoresearch.com.br\/n\/uploads\/2021\/01\/178e6598-foto-perfil-2-150x150.jpg\" alt=\"Jader Lazarini\"><\/a><div class=\"authorBox__name\"><span>por\n\t\t\t<a href=\"https:\/\/www.suno.com.br\/noticias\/author\/jader-lazarini\/\"><span itemprop=\"author\">Jader Lazarini<\/span><\/a><\/span><time datetime=\"2021-07-19T15:29:48-03:00\" itemprop=\"datePublished\">19\/07\/2021 15:29<\/time><\/div><\/div><\/div><\/div><\/div>","single_layout":"posts","amp_enabled":true,"_links":{"self":[{"href":"https:\/\/www.suno.com.br\/noticias\/wp-json\/wp\/v2\/posts\/167625"}],"collection":[{"href":"https:\/\/www.suno.com.br\/noticias\/wp-json\/wp\/v2\/posts"}],"about":[{"href":"https:\/\/www.suno.com.br\/noticias\/wp-json\/wp\/v2\/types\/post"}],"author":[{"embeddable":true,"href":"https:\/\/www.suno.com.br\/noticias\/wp-json\/wp\/v2\/users\/24"}],"replies":[{"embeddable":true,"href":"https:\/\/www.suno.com.br\/noticias\/wp-json\/wp\/v2\/comments?post=167625"}],"version-history":[{"count":3,"href":"https:\/\/www.suno.com.br\/noticias\/wp-json\/wp\/v2\/posts\/167625\/revisions"}],"predecessor-version":[{"id":167657,"href":"https:\/\/www.suno.com.br\/noticias\/wp-json\/wp\/v2\/posts\/167625\/revisions\/167657"}],"wp:featuredmedia":[{"embeddable":true,"href":"https:\/\/www.suno.com.br\/noticias\/wp-json\/wp\/v2\/media\/137755"}],"wp:attachment":[{"href":"https:\/\/www.suno.com.br\/noticias\/wp-json\/wp\/v2\/media?parent=167625"}],"wp:term":[{"taxonomy":"category","embeddable":true,"href":"https:\/\/www.suno.com.br\/noticias\/wp-json\/wp\/v2\/categories?post=167625"},{"taxonomy":"post_tag","embeddable":true,"href":"https:\/\/www.suno.com.br\/noticias\/wp-json\/wp\/v2\/tags?post=167625"},{"taxonomy":"suno_strategy","embeddable":true,"href":"https:\/\/www.suno.com.br\/noticias\/wp-json\/wp\/v2\/suno_strategy?post=167625"}],"curies":[{"name":"wp","href":"https:\/\/api.w.org\/{rel}","templated":true}]}}