{"id":16739,"date":"2019-02-27T09:41:38","date_gmt":"2019-02-27T12:41:38","guid":{"rendered":"https:\/\/www.suno.com.br\/noticias\/?p=16739"},"modified":"2021-06-13T23:42:41","modified_gmt":"2021-06-14T02:42:41","slug":"caixa-prepara-reservas-contra-calote-imobiliario","status":"publish","type":"post","link":"https:\/\/www.suno.com.br\/noticias\/caixa-prepara-reservas-contra-calote-imobiliario\/","title":{"rendered":"Caixa prepara at\u00e9 R$ 7 bi de reservas contra calotes imobili\u00e1rios"},"content":{"rendered":"<p>A Caixa Econ\u00f4mica Federal est\u00e1 preparando uma reserva de at\u00e9 R$ 7 bilh\u00f5es contra eventuais <strong>calotes imobili\u00e1rios.<\/strong> A\u00a0provis\u00e3o extraordin\u00e1ria tamb\u00e9m dever\u00e1 cobrir a\u00a0desvaloriza\u00e7\u00e3o de im\u00f3veis que foram retomados pelo banco.<\/p>\t<div class=\"wrapper-featured-image\">\n\t\t<figure class=\"spotlightImg\">\n\n\t\t\t<picture>\n\t\t\t\t<source media=\"(max-width: 768px)\" srcset=\"https:\/\/files.sunoresearch.com.br\/n\/uploads\/2019\/02\/48ca5d78-caixa-econ\u00f4mica-federal-400x200.webp\">\n\t\t\t\t<img loading=\"lazy\" decoding=\"async\" class=\"newsContent__article__imgCapa lazyloadDisabled newsContent__article__imgCapa--noCaption\" src=\"https:\/\/files.sunoresearch.com.br\/n\/uploads\/2019\/02\/48ca5d78-caixa-econ\u00f4mica-federal-800x450.webp\" width=\"800\" height=\"450\" alt=\"Caixa prepara at\u00e9 R$ 7 bi de reservas contra calotes imobili\u00e1rios\" fetchpriority=high \/>\n\t\t\t<\/picture>\n\n\t\t\t<figcaption class=\"wp-caption-text wp-caption-text--hide\">Caixa Econ\u00f4mica Federal<\/figcaption>\n\t\t<\/figure>\n\t<\/div>\n\n\n<p>A decis\u00e3o de preparar essa <strong>reserva extraordin\u00e1ria<\/strong> foi um pedido do presidente da <strong>Caixa Econ\u00f4mica Federal,<\/strong> Pedro Guimar\u00e3es. A informa\u00e7\u00e3o \u00e9 da ag\u00eancia Reuters. O executivo pediu a\u00a0ado\u00e7\u00e3o de uma abordagem cont\u00e1bil mais conservadora em rela\u00e7\u00e3o a poss\u00edveis preju\u00edzos derivantes do setor. A Caixa \u00e9 o <strong>maior financiador imobili\u00e1rio<\/strong> do <strong>Brasil,<\/strong> tendo registrado em setembro uma carteira de R$ 440 bilh\u00f5es em empr\u00e9stimos.<\/p>\n<p><iframe loading=\"lazy\" src=\"https:\/\/www.youtube.com\/embed\/YujDsDqQfFo\" width=\"560\" height=\"315\" frameborder=\"0\" allowfullscreen=\"allowfullscreen\"><\/iframe><\/p>\n<p><a href=\"https:\/\/www.suno.com.br\/noticias\/caixa-federal-entrar-mercado-maquininhas\/\">Saiba mais: Caixa Federal vai entrar no mercado das \u2018maquininhas\u2019, diz presidente\u00a0<\/a><\/p>\n<p>Desse total, cerca de 6,6% seriam <strong>opera\u00e7\u00f5es imobili\u00e1rias<\/strong> classificadas pelo banco com ratings de &#8220;D&#8221; a &#8220;H&#8221;. Essas opera\u00e7\u00f5es t\u00eam maior chance de n\u00e3o pagamento pelos tomadores de empr\u00e9stimos. A <strong>Caixa<\/strong> j\u00e1 det\u00eam\u00a0uma carteira de R$ 10 bilh\u00f5es de &#8220;bens n\u00e3o de uso pr\u00f3prio&#8221;. Esses bens s\u00e3o im\u00f3veis retomados por <strong>inadimpl\u00eancia<\/strong> do mutu\u00e1rio. Um valor em aumento em rela\u00e7\u00e3o a um ano antes, quando o montante tinha sido de R$ 7 bilh\u00f5es.<\/p>\n<p>Caso a reserva de R$ 7 bilh\u00f5es seja efetivada, o lucro anual da <strong>Caixa<\/strong> acabar\u00e1 sendo reduzido para menos de R$ 10 bilh\u00f5es. Nos primeiros tr\u00eas trimestres de 2018, o lucro l\u00edquido do banco estatal tinha sido de R$ 11,5 bilh\u00f5es, com previs\u00e3o de crescimento para R$ 16 bilh\u00f5es at\u00e9 dezembro.<\/p>\n<h2>Setor complicado<\/h2>\n<p>Nos \u00faltimos anos, os governo federais que se sucederam utilizaram a <strong>Caixa<\/strong> para tentar estimular a economia nacional. O banco come\u00e7ou a oferecer <strong>empr\u00e9stimos<\/strong> mais baratos, ganhando cada vez mais participa\u00e7\u00e3o no mercado de cr\u00e9dito. Uma expans\u00e3o que ocorria enquanto os rivais privados se retraiam.<\/p>\n<p><a href=\"https:\/\/www.suno.com.br\/noticias\/10668-2\/\">Saiba mais: Novo chefe da Caixa Econ\u00f4mica Federal sinaliza entrada no consignado e microcr\u00e9dito\u00a0<\/a><\/p>\n<p>Entretanto, a partir da crise econ\u00f4mica de 2015-2016, a <strong>Caixa Econ\u00f4mica Federal<\/strong> foi for\u00e7ada a reduzir drasticamente suas concess\u00f5es de financiamento. Al\u00e9m disso, come\u00e7ou a elevar suas provis\u00f5es para perdas com calotes e a se concentrar em segmentos considerados de menor risco, como o <strong>imobili\u00e1rio.<\/strong><\/p>\n<p>Mesmo assim,\u00a0 a <strong>Caixa<\/strong> come\u00e7ou a registrar perdas maiores com o setor imobili\u00e1rio. Um problema devido em parte a desvaloriza\u00e7\u00e3o dos im\u00f3veis que foram retomados por inadimpl\u00eancia. Em 2018 o banco tentou vender, sem \u00eaxito, lotes de im\u00f3veis retomados para grandes investidores.<\/p>\n<h2>Decis\u00e3o cria pol\u00eamica<\/h2>\n<p>A decis\u00e3o de criar a reserva extraordin\u00e1ria gerou insatisfa\u00e7\u00e3o entre os executivos da <strong>Caixa.<\/strong> A ordem de\u00a0Guimar\u00e3es \u00e9 considerada como uma desautoriza\u00e7\u00e3o \u00e0s pr\u00e1ticas adotadas at\u00e9 o fim de 2018. Uma gest\u00e3o que tinha o aval de auditores independentes, do <strong>Banco Central<\/strong> e do <strong>Tribunal de Contas da Uni\u00e3o (TCU).<\/strong><\/p>\n<p>Al\u00e9m disso, a reserva extraordin\u00e1ria se transformar\u00e1 em uma redu\u00e7\u00e3o da participa\u00e7\u00e3o dos lucros distribu\u00edda aos empregados.<\/p>\n<p>A <strong>Caixa Econ\u00f4mica Federal<\/strong> ainda n\u00e3o divulgou seu balan\u00e7o de 2018. \u00c9 o \u00fanico grande banco brasileiro que ainda n\u00e3o publicou suas demonstra\u00e7\u00f5es cont\u00e1beis do ano passado. E n\u00e3o foi indicada uma data para que os n\u00fameros sejam divulgados.<\/p>\n<p><a href=\"https:\/\/www.suno.com.br\/noticias\/caixa-loterias-gestora-cartoes-seguros\/\">Saiba mais: Caixa quer vender loterias, gestora, cart\u00f5es e seguros at\u00e9 2020\u00a0<\/a><\/p>\n<p>Entretanto, a decis\u00e3o de Guimar\u00e3es tenta alinhar as pr\u00e1ticas da <strong>Caixa Econ\u00f4mica Federal<\/strong> \u00e0s utilizadas pelos bancos privados. Uma medida preparat\u00f3ria para a venda parcial de ativos do <strong>banco.<\/strong> Entre os neg\u00f3cios que poderiam ser cedidos, est\u00e3o os <strong>bra\u00e7os de seguros,<\/strong> de <strong>cart\u00f5es<\/strong> e de <strong>gest\u00e3o de recursos.<\/strong><\/p>\n","protected":false},"excerpt":{"rendered":"<p>A Caixa Econ\u00f4mica Federal est\u00e1 preparando uma reserva de at\u00e9 R$ 7 bilh\u00f5es contra eventuais calotes imobili\u00e1rios. A\u00a0provis\u00e3o extraordin\u00e1ria tamb\u00e9m dever\u00e1 cobrir a\u00a0desvaloriza\u00e7\u00e3o de im\u00f3veis que foram retomados pelo banco. Caixa Econ\u00f4mica Federal A decis\u00e3o de preparar essa reserva extraordin\u00e1ria foi um pedido do presidente da Caixa Econ\u00f4mica Federal, Pedro Guimar\u00e3es. A informa\u00e7\u00e3o \u00e9 da [&hellip;]<\/p>\n","protected":false},"author":9,"featured_media":16741,"comment_status":"closed","ping_status":"closed","sticky":false,"template":"","format":"standard","meta":[],"categories":[64],"tags":[1199,837,1904],"suno_strategy":[],"class_list":["post-16739","post","type-post","status-publish","format-standard","has-post-thumbnail","hentry","category-negocios","tag-caixa-economica-federal-cef","tag-inadimplencia","tag-mercado-imobiliario"],"yoast_head":"<!-- This site is optimized with the Yoast SEO plugin v24.4 - https:\/\/yoast.com\/wordpress\/plugins\/seo\/ -->\n<title>Caixa prepara at\u00e9 R$ 7 bi de reservas contra calote imobili\u00e1rio<\/title>\n<meta name=\"description\" content=\"A Caixa Econ\u00f4mica Federal est\u00e1 preparando uma reserva de at\u00e9 R$ 7 bilh\u00f5es contra eventuais calotes imobili\u00e1rios.Clique aqui para saber mais.\" \/>\n<meta name=\"robots\" content=\"index, follow, max-snippet:-1, max-image-preview:large, max-video-preview:-1\" \/>\n<link rel=\"canonical\" href=\"https:\/\/www.suno.com.br\/noticias\/caixa-prepara-reservas-contra-calote-imobiliario\/\" \/>\n<meta property=\"og:locale\" content=\"pt_BR\" \/>\n<meta property=\"og:type\" content=\"article\" \/>\n<meta property=\"og:title\" content=\"Caixa prepara at\u00e9 R$ 7 bi de reservas contra calote imobili\u00e1rio\" \/>\n<meta property=\"og:description\" content=\"A Caixa Econ\u00f4mica Federal est\u00e1 preparando uma reserva de at\u00e9 R$ 7 bilh\u00f5es contra eventuais calotes imobili\u00e1rios.Clique aqui para saber mais.\" \/>\n<meta property=\"og:url\" content=\"https:\/\/www.suno.com.br\/noticias\/caixa-prepara-reservas-contra-calote-imobiliario\/\" \/>\n<meta property=\"og:site_name\" content=\"Suno Not\u00edcias\" \/>\n<meta property=\"article:publisher\" content=\"https:\/\/facebook.com\/sunoresearch\" \/>\n<meta property=\"og:image\" content=\"https:\/\/files.sunoresearch.com.br\/n\/uploads\/2019\/02\/48ca5d78-caixa-econ\u00f4mica-federal.jpg\" \/>\n\t<meta property=\"og:image:width\" content=\"1600\" \/>\n\t<meta property=\"og:image:height\" content=\"1188\" \/>\n\t<meta property=\"og:image:type\" content=\"image\/jpeg\" \/>\n<meta name=\"author\" content=\"Carlo Cauti\" \/>\n<meta name=\"twitter:card\" content=\"summary_large_image\" \/>\n<meta name=\"twitter:creator\" content=\"@sunoresearch\" \/>\n<meta name=\"twitter:site\" content=\"@sunoresearch\" \/>\n<meta name=\"twitter:label1\" content=\"Escrito por\" \/>\n\t<meta name=\"twitter:data1\" content=\"Carlo Cauti\" \/>\n\t<meta name=\"twitter:label2\" content=\"Est. tempo de leitura\" \/>\n\t<meta name=\"twitter:data2\" content=\"3 minutos\" \/>\n<script type=\"application\/ld+json\" class=\"yoast-schema-graph\">{\"@context\":\"https:\/\/schema.org\",\"@graph\":[{\"@type\":\"NewsArticle\",\"@id\":\"https:\/\/www.suno.com.br\/noticias\/caixa-prepara-reservas-contra-calote-imobiliario\/#article\",\"isPartOf\":{\"@id\":\"https:\/\/www.suno.com.br\/noticias\/caixa-prepara-reservas-contra-calote-imobiliario\/\"},\"author\":{\"name\":\"Carlo Cauti\",\"@id\":\"https:\/\/www.suno.com.br\/noticias\/#\/schema\/person\/e6e0f723cc177805027f4566c1d5e0c8\"},\"headline\":\"Caixa prepara at\u00e9 R$ 7 bi de reservas contra calotes imobili\u00e1rios\",\"datePublished\":\"2019-02-27T12:41:38+00:00\",\"dateModified\":\"2021-06-14T02:42:41+00:00\",\"mainEntityOfPage\":{\"@id\":\"https:\/\/www.suno.com.br\/noticias\/caixa-prepara-reservas-contra-calote-imobiliario\/\"},\"wordCount\":643,\"publisher\":{\"@id\":\"https:\/\/www.suno.com.br\/noticias\/#organization\"},\"image\":{\"@id\":\"https:\/\/www.suno.com.br\/noticias\/caixa-prepara-reservas-contra-calote-imobiliario\/#primaryimage\"},\"thumbnailUrl\":\"https:\/\/files.sunoresearch.com.br\/n\/uploads\/2019\/02\/48ca5d78-caixa-econ\u00f4mica-federal-jpg.webp\",\"keywords\":[\"Caixa Econ\u00f4mica Federal (CEF)\",\"Inadimpl\u00eancia\",\"mercado imobili\u00e1rio\"],\"articleSection\":[\"Neg\u00f3cios\"],\"inLanguage\":\"pt-BR\"},{\"@type\":\"WebPage\",\"@id\":\"https:\/\/www.suno.com.br\/noticias\/caixa-prepara-reservas-contra-calote-imobiliario\/\",\"url\":\"https:\/\/www.suno.com.br\/noticias\/caixa-prepara-reservas-contra-calote-imobiliario\/\",\"name\":\"Caixa prepara at\u00e9 R$ 7 bi de reservas contra calote imobili\u00e1rio\",\"isPartOf\":{\"@id\":\"https:\/\/www.suno.com.br\/noticias\/#website\"},\"primaryImageOfPage\":{\"@id\":\"https:\/\/www.suno.com.br\/noticias\/caixa-prepara-reservas-contra-calote-imobiliario\/#primaryimage\"},\"image\":{\"@id\":\"https:\/\/www.suno.com.br\/noticias\/caixa-prepara-reservas-contra-calote-imobiliario\/#primaryimage\"},\"thumbnailUrl\":\"https:\/\/files.sunoresearch.com.br\/n\/uploads\/2019\/02\/48ca5d78-caixa-econ\u00f4mica-federal-jpg.webp\",\"datePublished\":\"2019-02-27T12:41:38+00:00\",\"dateModified\":\"2021-06-14T02:42:41+00:00\",\"description\":\"A Caixa Econ\u00f4mica Federal est\u00e1 preparando uma reserva de at\u00e9 R$ 7 bilh\u00f5es contra eventuais calotes imobili\u00e1rios.Clique aqui para saber mais.\",\"breadcrumb\":{\"@id\":\"https:\/\/www.suno.com.br\/noticias\/caixa-prepara-reservas-contra-calote-imobiliario\/#breadcrumb\"},\"inLanguage\":\"pt-BR\",\"potentialAction\":[{\"@type\":\"ReadAction\",\"target\":[\"https:\/\/www.suno.com.br\/noticias\/caixa-prepara-reservas-contra-calote-imobiliario\/\"]}]},{\"@type\":\"ImageObject\",\"inLanguage\":\"pt-BR\",\"@id\":\"https:\/\/www.suno.com.br\/noticias\/caixa-prepara-reservas-contra-calote-imobiliario\/#primaryimage\",\"url\":\"https:\/\/files.sunoresearch.com.br\/n\/uploads\/2019\/02\/48ca5d78-caixa-econ\u00f4mica-federal-jpg.webp\",\"contentUrl\":\"https:\/\/files.sunoresearch.com.br\/n\/uploads\/2019\/02\/48ca5d78-caixa-econ\u00f4mica-federal-jpg.webp\",\"width\":1600,\"height\":1188,\"caption\":\"Caixa Econ\u00f4mica Federal\"},{\"@type\":\"BreadcrumbList\",\"@id\":\"https:\/\/www.suno.com.br\/noticias\/caixa-prepara-reservas-contra-calote-imobiliario\/#breadcrumb\",\"itemListElement\":[{\"@type\":\"ListItem\",\"position\":1,\"name\":\"Not\u00edcias\",\"item\":\"https:\/\/www.suno.com.br\/noticias\/\"},{\"@type\":\"ListItem\",\"position\":2,\"name\":\"Neg\u00f3cios\",\"item\":\"https:\/\/www.suno.com.br\/noticias\/negocios\/\"},{\"@type\":\"ListItem\",\"position\":3,\"name\":\"Caixa prepara at\u00e9 R$ 7 bi de reservas contra calotes imobili\u00e1rios\"}]},{\"@type\":\"WebSite\",\"@id\":\"https:\/\/www.suno.com.br\/noticias\/#website\",\"url\":\"https:\/\/www.suno.com.br\/noticias\/\",\"name\":\"Suno Not\u00edcias\",\"description\":\"Seu portal de informa\u00e7\u00e3o sobre o mundo dos investimentos\",\"publisher\":{\"@id\":\"https:\/\/www.suno.com.br\/noticias\/#organization\"},\"potentialAction\":[{\"@type\":\"SearchAction\",\"target\":{\"@type\":\"EntryPoint\",\"urlTemplate\":\"https:\/\/www.suno.com.br\/noticias\/?s={search_term_string}\"},\"query-input\":{\"@type\":\"PropertyValueSpecification\",\"valueRequired\":true,\"valueName\":\"search_term_string\"}}],\"inLanguage\":\"pt-BR\"},{\"@type\":\"Organization\",\"@id\":\"https:\/\/www.suno.com.br\/noticias\/#organization\",\"name\":\"Suno Not\u00edcias\",\"url\":\"https:\/\/www.suno.com.br\/noticias\/\",\"logo\":{\"@type\":\"ImageObject\",\"inLanguage\":\"pt-BR\",\"@id\":\"https:\/\/www.suno.com.br\/noticias\/#\/schema\/logo\/image\/\",\"url\":\"https:\/\/files.sunoresearch.com.br\/n\/uploads\/2021\/09\/suno-logo.png\",\"contentUrl\":\"https:\/\/files.sunoresearch.com.br\/n\/uploads\/2021\/09\/suno-logo.png\",\"width\":180,\"height\":180,\"caption\":\"Suno Not\u00edcias\"},\"image\":{\"@id\":\"https:\/\/www.suno.com.br\/noticias\/#\/schema\/logo\/image\/\"},\"sameAs\":[\"https:\/\/facebook.com\/sunoresearch\",\"https:\/\/x.com\/sunoresearch\",\"https:\/\/www.instagram.com\/suno\",\"https:\/\/www.linkedin.com\/company\/suno-research\/\",\"https:\/\/www.youtube.com\/c\/sunoresearch\"]},{\"@type\":\"Person\",\"@id\":\"https:\/\/www.suno.com.br\/noticias\/#\/schema\/person\/e6e0f723cc177805027f4566c1d5e0c8\",\"name\":\"Carlo Cauti\",\"image\":{\"@type\":\"ImageObject\",\"inLanguage\":\"pt-BR\",\"@id\":\"https:\/\/www.suno.com.br\/noticias\/#\/schema\/person\/image\/\",\"url\":\"https:\/\/secure.gravatar.com\/avatar\/3ada9e0bd164c23abd4792a9606d583c?s=96&r=g\",\"contentUrl\":\"https:\/\/secure.gravatar.com\/avatar\/3ada9e0bd164c23abd4792a9606d583c?s=96&r=g\",\"caption\":\"Carlo Cauti\"},\"description\":\"Editor multim\u00eddia do SUNO Not\u00edcias. Italiano, formado em Ci\u00eancias Pol\u00edticas pela universidade LUISS G. Carli de Roma e mestre cum laude em Rela\u00e7\u00f5es Internacionais, Jornalismo Internacional e de Guerra e em Economia Internacional. Concluiu tamb\u00e9m um MBA em Finan\u00e7as na B3. No Brasil, teve passagem por ve\u00edculos como Estad\u00e3o, Globo, Veja e EXAME. e nas ag\u00eancias de not\u00edcias italianas ANSA e NOVA.\",\"url\":\"https:\/\/www.suno.com.br\/noticias\/author\/carlo-cauti\/\"}]}<\/script>\n<!-- \/ Yoast SEO plugin. -->","yoast_head_json":{"title":"Caixa prepara at\u00e9 R$ 7 bi de reservas contra calote imobili\u00e1rio","description":"A Caixa Econ\u00f4mica Federal est\u00e1 preparando uma reserva de at\u00e9 R$ 7 bilh\u00f5es contra eventuais calotes imobili\u00e1rios.Clique aqui para saber mais.","robots":{"index":"index","follow":"follow","max-snippet":"max-snippet:-1","max-image-preview":"max-image-preview:large","max-video-preview":"max-video-preview:-1"},"canonical":"https:\/\/www.suno.com.br\/noticias\/caixa-prepara-reservas-contra-calote-imobiliario\/","og_locale":"pt_BR","og_type":"article","og_title":"Caixa prepara at\u00e9 R$ 7 bi de reservas contra calote imobili\u00e1rio","og_description":"A Caixa Econ\u00f4mica Federal est\u00e1 preparando uma reserva de at\u00e9 R$ 7 bilh\u00f5es contra eventuais calotes imobili\u00e1rios.Clique aqui para saber mais.","og_url":"https:\/\/www.suno.com.br\/noticias\/caixa-prepara-reservas-contra-calote-imobiliario\/","og_site_name":"Suno Not\u00edcias","article_publisher":"https:\/\/facebook.com\/sunoresearch","og_image":[{"width":1600,"height":1188,"url":"https:\/\/files.sunoresearch.com.br\/n\/uploads\/2019\/02\/48ca5d78-caixa-econ\u00f4mica-federal.jpg","type":"image\/jpeg"}],"author":"Carlo Cauti","twitter_card":"summary_large_image","twitter_creator":"@sunoresearch","twitter_site":"@sunoresearch","twitter_misc":{"Escrito por":"Carlo Cauti","Est. tempo de leitura":"3 minutos"},"schema":{"@context":"https:\/\/schema.org","@graph":[{"@type":"NewsArticle","@id":"https:\/\/www.suno.com.br\/noticias\/caixa-prepara-reservas-contra-calote-imobiliario\/#article","isPartOf":{"@id":"https:\/\/www.suno.com.br\/noticias\/caixa-prepara-reservas-contra-calote-imobiliario\/"},"author":{"name":"Carlo Cauti","@id":"https:\/\/www.suno.com.br\/noticias\/#\/schema\/person\/e6e0f723cc177805027f4566c1d5e0c8"},"headline":"Caixa prepara at\u00e9 R$ 7 bi de reservas contra calotes imobili\u00e1rios","datePublished":"2019-02-27T12:41:38+00:00","dateModified":"2021-06-14T02:42:41+00:00","mainEntityOfPage":{"@id":"https:\/\/www.suno.com.br\/noticias\/caixa-prepara-reservas-contra-calote-imobiliario\/"},"wordCount":643,"publisher":{"@id":"https:\/\/www.suno.com.br\/noticias\/#organization"},"image":{"@id":"https:\/\/www.suno.com.br\/noticias\/caixa-prepara-reservas-contra-calote-imobiliario\/#primaryimage"},"thumbnailUrl":"https:\/\/files.sunoresearch.com.br\/n\/uploads\/2019\/02\/48ca5d78-caixa-econ\u00f4mica-federal-jpg.webp","keywords":["Caixa Econ\u00f4mica Federal (CEF)","Inadimpl\u00eancia","mercado imobili\u00e1rio"],"articleSection":["Neg\u00f3cios"],"inLanguage":"pt-BR"},{"@type":"WebPage","@id":"https:\/\/www.suno.com.br\/noticias\/caixa-prepara-reservas-contra-calote-imobiliario\/","url":"https:\/\/www.suno.com.br\/noticias\/caixa-prepara-reservas-contra-calote-imobiliario\/","name":"Caixa prepara at\u00e9 R$ 7 bi de reservas contra calote imobili\u00e1rio","isPartOf":{"@id":"https:\/\/www.suno.com.br\/noticias\/#website"},"primaryImageOfPage":{"@id":"https:\/\/www.suno.com.br\/noticias\/caixa-prepara-reservas-contra-calote-imobiliario\/#primaryimage"},"image":{"@id":"https:\/\/www.suno.com.br\/noticias\/caixa-prepara-reservas-contra-calote-imobiliario\/#primaryimage"},"thumbnailUrl":"https:\/\/files.sunoresearch.com.br\/n\/uploads\/2019\/02\/48ca5d78-caixa-econ\u00f4mica-federal-jpg.webp","datePublished":"2019-02-27T12:41:38+00:00","dateModified":"2021-06-14T02:42:41+00:00","description":"A Caixa Econ\u00f4mica Federal est\u00e1 preparando uma reserva de at\u00e9 R$ 7 bilh\u00f5es contra eventuais calotes imobili\u00e1rios.Clique aqui para saber mais.","breadcrumb":{"@id":"https:\/\/www.suno.com.br\/noticias\/caixa-prepara-reservas-contra-calote-imobiliario\/#breadcrumb"},"inLanguage":"pt-BR","potentialAction":[{"@type":"ReadAction","target":["https:\/\/www.suno.com.br\/noticias\/caixa-prepara-reservas-contra-calote-imobiliario\/"]}]},{"@type":"ImageObject","inLanguage":"pt-BR","@id":"https:\/\/www.suno.com.br\/noticias\/caixa-prepara-reservas-contra-calote-imobiliario\/#primaryimage","url":"https:\/\/files.sunoresearch.com.br\/n\/uploads\/2019\/02\/48ca5d78-caixa-econ\u00f4mica-federal-jpg.webp","contentUrl":"https:\/\/files.sunoresearch.com.br\/n\/uploads\/2019\/02\/48ca5d78-caixa-econ\u00f4mica-federal-jpg.webp","width":1600,"height":1188,"caption":"Caixa Econ\u00f4mica Federal"},{"@type":"BreadcrumbList","@id":"https:\/\/www.suno.com.br\/noticias\/caixa-prepara-reservas-contra-calote-imobiliario\/#breadcrumb","itemListElement":[{"@type":"ListItem","position":1,"name":"Not\u00edcias","item":"https:\/\/www.suno.com.br\/noticias\/"},{"@type":"ListItem","position":2,"name":"Neg\u00f3cios","item":"https:\/\/www.suno.com.br\/noticias\/negocios\/"},{"@type":"ListItem","position":3,"name":"Caixa prepara at\u00e9 R$ 7 bi de reservas contra calotes imobili\u00e1rios"}]},{"@type":"WebSite","@id":"https:\/\/www.suno.com.br\/noticias\/#website","url":"https:\/\/www.suno.com.br\/noticias\/","name":"Suno Not\u00edcias","description":"Seu portal de informa\u00e7\u00e3o sobre o mundo dos investimentos","publisher":{"@id":"https:\/\/www.suno.com.br\/noticias\/#organization"},"potentialAction":[{"@type":"SearchAction","target":{"@type":"EntryPoint","urlTemplate":"https:\/\/www.suno.com.br\/noticias\/?s={search_term_string}"},"query-input":{"@type":"PropertyValueSpecification","valueRequired":true,"valueName":"search_term_string"}}],"inLanguage":"pt-BR"},{"@type":"Organization","@id":"https:\/\/www.suno.com.br\/noticias\/#organization","name":"Suno Not\u00edcias","url":"https:\/\/www.suno.com.br\/noticias\/","logo":{"@type":"ImageObject","inLanguage":"pt-BR","@id":"https:\/\/www.suno.com.br\/noticias\/#\/schema\/logo\/image\/","url":"https:\/\/files.sunoresearch.com.br\/n\/uploads\/2021\/09\/suno-logo.png","contentUrl":"https:\/\/files.sunoresearch.com.br\/n\/uploads\/2021\/09\/suno-logo.png","width":180,"height":180,"caption":"Suno Not\u00edcias"},"image":{"@id":"https:\/\/www.suno.com.br\/noticias\/#\/schema\/logo\/image\/"},"sameAs":["https:\/\/facebook.com\/sunoresearch","https:\/\/x.com\/sunoresearch","https:\/\/www.instagram.com\/suno","https:\/\/www.linkedin.com\/company\/suno-research\/","https:\/\/www.youtube.com\/c\/sunoresearch"]},{"@type":"Person","@id":"https:\/\/www.suno.com.br\/noticias\/#\/schema\/person\/e6e0f723cc177805027f4566c1d5e0c8","name":"Carlo Cauti","image":{"@type":"ImageObject","inLanguage":"pt-BR","@id":"https:\/\/www.suno.com.br\/noticias\/#\/schema\/person\/image\/","url":"https:\/\/secure.gravatar.com\/avatar\/3ada9e0bd164c23abd4792a9606d583c?s=96&r=g","contentUrl":"https:\/\/secure.gravatar.com\/avatar\/3ada9e0bd164c23abd4792a9606d583c?s=96&r=g","caption":"Carlo Cauti"},"description":"Editor multim\u00eddia do SUNO Not\u00edcias. Italiano, formado em Ci\u00eancias Pol\u00edticas pela universidade LUISS G. Carli de Roma e mestre cum laude em Rela\u00e7\u00f5es Internacionais, Jornalismo Internacional e de Guerra e em Economia Internacional. Concluiu tamb\u00e9m um MBA em Finan\u00e7as na B3. No Brasil, teve passagem por ve\u00edculos como Estad\u00e3o, Globo, Veja e EXAME. e nas ag\u00eancias de not\u00edcias italianas ANSA e NOVA.","url":"https:\/\/www.suno.com.br\/noticias\/author\/carlo-cauti\/"}]}},"default_loop_html":"<div class=\"cardsPage__listCard__boxs\"><div class=\"cardsPage__listCard__boxs__img\"><a href=\"https:\/\/www.suno.com.br\/noticias\/caixa-prepara-reservas-contra-calote-imobiliario\/\"><img class=\"mask\" src=\"https:\/\/www.suno.com.br\/noticias\/wp-content\/themes\/suno\/resources\/images\/spotlight\/spotlight1img\/bg-mask.png\" alt=\"Image Mask\"\/><img src=\"https:\/\/files.sunoresearch.com.br\/n\/uploads\/2019\/02\/48ca5d78-caixa-econ\u00f4mica-federal-400x200.webp\" alt=\"Caixa prepara at\u00e9 R$ 7 bi de reservas contra calotes imobili\u00e1rios\"\/><\/a><span class=\"spotlightCategory\"><a href=\"https:\/\/www.suno.com.br\/noticias\/negocios\/\">Neg\u00f3cios<\/a><\/span><\/div><div class=\"cardsPage__listCard__boxs__content\"><a href=\"https:\/\/www.suno.com.br\/noticias\/caixa-prepara-reservas-contra-calote-imobiliario\/\"><h2 class=\"content__title\">Caixa prepara at\u00e9 R$ 7 bi de reservas contra calotes imobili\u00e1rios<\/h2><\/a><div class=\"newsContent__article__meta\"><div class=\"newsContent__article__meta__authorBox\"><a href=\"https:\/\/www.suno.com.br\/noticias\/author\/carlo-cauti\/\" class=\"authorBox__avatar noMobi\"><img src=\"https:\/\/files.sunoresearch.com.br\/n\/uploads\/2020\/08\/e3745f9a-perfil-carlo-cauti-150x150.webp\" alt=\"Carlo Cauti\"><\/a><div class=\"authorBox__name\"><span>por\n\t\t\t<a href=\"https:\/\/www.suno.com.br\/noticias\/author\/carlo-cauti\/\"><span itemprop=\"author\">Carlo Cauti<\/span><\/a><\/span><time datetime=\"2019-02-27T09:41:38-03:00\" itemprop=\"datePublished\">27\/02\/2019 09:41<\/time><\/div><\/div><\/div><\/div><\/div>","single_layout":"posts","amp_enabled":true,"_links":{"self":[{"href":"https:\/\/www.suno.com.br\/noticias\/wp-json\/wp\/v2\/posts\/16739"}],"collection":[{"href":"https:\/\/www.suno.com.br\/noticias\/wp-json\/wp\/v2\/posts"}],"about":[{"href":"https:\/\/www.suno.com.br\/noticias\/wp-json\/wp\/v2\/types\/post"}],"author":[{"embeddable":true,"href":"https:\/\/www.suno.com.br\/noticias\/wp-json\/wp\/v2\/users\/9"}],"replies":[{"embeddable":true,"href":"https:\/\/www.suno.com.br\/noticias\/wp-json\/wp\/v2\/comments?post=16739"}],"version-history":[{"count":1,"href":"https:\/\/www.suno.com.br\/noticias\/wp-json\/wp\/v2\/posts\/16739\/revisions"}],"predecessor-version":[{"id":157223,"href":"https:\/\/www.suno.com.br\/noticias\/wp-json\/wp\/v2\/posts\/16739\/revisions\/157223"}],"wp:featuredmedia":[{"embeddable":true,"href":"https:\/\/www.suno.com.br\/noticias\/wp-json\/wp\/v2\/media\/16741"}],"wp:attachment":[{"href":"https:\/\/www.suno.com.br\/noticias\/wp-json\/wp\/v2\/media?parent=16739"}],"wp:term":[{"taxonomy":"category","embeddable":true,"href":"https:\/\/www.suno.com.br\/noticias\/wp-json\/wp\/v2\/categories?post=16739"},{"taxonomy":"post_tag","embeddable":true,"href":"https:\/\/www.suno.com.br\/noticias\/wp-json\/wp\/v2\/tags?post=16739"},{"taxonomy":"suno_strategy","embeddable":true,"href":"https:\/\/www.suno.com.br\/noticias\/wp-json\/wp\/v2\/suno_strategy?post=16739"}],"curies":[{"name":"wp","href":"https:\/\/api.w.org\/{rel}","templated":true}]}}