{"id":167375,"date":"2021-07-20T15:31:45","date_gmt":"2021-07-20T18:31:45","guid":{"rendered":"https:\/\/www.suno.com.br\/noticias\/?p=167375"},"modified":"2021-07-20T15:31:45","modified_gmt":"2021-07-20T18:31:45","slug":"horizonte-americanas-amer3-divide-analistas","status":"publish","type":"post","link":"https:\/\/www.suno.com.br\/noticias\/horizonte-americanas-amer3-divide-analistas\/","title":{"rendered":"Ap\u00f3s fus\u00e3o, novo horizonte da Americanas S.A. (AMER3) divide analistas"},"content":{"rendered":"<p>Conclu\u00edda a combina\u00e7\u00e3o de neg\u00f3cios entre <a class=\"suno-keyword\" href=\"https:\/\/www.suno.com.br\/acoes\/LAME4\/\" target=\"_blank\" rel=\"noopener noreferrer\" data-force=\"yes\" data-priority=\"2\">Lojas Americanas (LAME4)<\/a> e <a class=\"suno-keyword\" href=\"https:\/\/www.suno.com.br\/acoes\/BTOW3\/\" target=\"_blank\" rel=\"noopener noreferrer\" data-force=\"yes\" data-priority=\"2\">B2W (BTOW3)<\/a>, analistas iniciaram a cobertura de <strong>Americanas S.A.<\/strong> (AMER3), companhia resultante da fus\u00e3o, com teses distintas de investimentos.<\/p>\t<div class=\"wrapper-featured-image\">\n\t\t<figure class=\"spotlightImg\">\n\n\t\t\t<picture>\n\t\t\t\t<source media=\"(max-width: 768px)\" srcset=\"https:\/\/files.sunoresearch.com.br\/n\/uploads\/2021\/06\/f0c26e6c-bbb21-1-e1622672015642-400x200.webp\">\n\t\t\t\t<img loading=\"lazy\" decoding=\"async\" class=\"newsContent__article__imgCapa lazyloadDisabled \" src=\"https:\/\/files.sunoresearch.com.br\/n\/uploads\/2021\/06\/f0c26e6c-bbb21-1-e1622672015642-800x450.webp\" width=\"800\" height=\"450\" alt=\"Ap\u00f3s fus\u00e3o, novo horizonte da Americanas S.A. (AMER3) divide analistas\" fetchpriority=high \/>\n\t\t\t<\/picture>\n\n\t\t\t<figcaption class=\"wp-caption-text wp-caption-text--show\">Juliette, embaixadora da Americanas (AMER3) - Foto: Divulga\u00e7\u00e3o<\/figcaption>\n\t\t<\/figure>\n\t<\/div>\n\n\n\t<p>\n\t\t<a href=\"https:\/\/lp.suno.com.br\/planilha-controle-gastos\/\" target=\"_blank\" data-element=\"shortcode-suno-banner\" title=\"Banner SUNO, clique e saiba mais\">\n\t\t\t<picture>\n\t\t\t\t<source media=\"(max-width: 500px)\" srcset=\"https:\/\/files.sunoresearch.com.br\/n\/uploads\/2023\/03\/400x300-Planilha-controle-de-gastos.png\">\n\t\t\t\t<img class=\"newsContent__article__imgCapa newsContent__article__imgCapa--banner\"\n\t\t\t\t\tsrc=\"https:\/\/files.sunoresearch.com.br\/n\/uploads\/2023\/03\/1420x240-Planilha-controle-de-gastos.png\"\n\t\t\t\t\tdata-promo-id=\"101751\"\t\t\t\t\t\t\t\t\t\twidth='1420' height='240'\t\t\t\t\talt=\"https:\/\/files.sunoresearch.com.br\/n\/uploads\/2023\/03\/1420x240-Planilha-controle-de-gastos.png\"\n\t\t\t\t>\n\t\t\t<\/picture>\n\t\t<\/a>\n\t<\/p>\n\n\n<p>A Americanas reuniu as lojas f\u00edsica da <strong>Lojas<\/strong> <strong>Americanas<\/strong>, al\u00e9m de uma participa\u00e7\u00e3o de 57% na Ame Digital, com o e-commerce da <strong>B2W.<\/strong> As a\u00e7\u00f5es da \u00faltima passaram a ser negociadas na Bolsa de Valores de S\u00e3o Paulo (B3) com o ticker &#8220;<strong>AMER3<\/strong>&#8220;. Os pap\u00e9is LAME3 e LAME4 tornaram-se um ve\u00edculo de investimento com participa\u00e7\u00e3o somente na nova companhia.<\/p>\n<p>O racional por tr\u00e1s da opera\u00e7\u00e3o reside no longo hist\u00f3rico de proximidade entre a Lojas Americanas e a B2W, um la\u00e7o estreitado nos \u00faltimos anos com a cria\u00e7\u00e3o da Let&#8217;s e da Ame Digital, ressaltaram os analistas do <strong>Goldman Sachs <\/strong>em relat\u00f3rio. A separa\u00e7\u00e3o jur\u00eddica e financeira, no entanto, limitava a integra\u00e7\u00e3o.<\/p>\n\t<div data-element=\"shortcode-read-more\" class=\"knowMore\">\n\t\t\t\t<span class=\"knowMore__title\">Leia mais<\/span>\n\t\t\t\t<a class=\"knowMore__link\" href=\"https:\/\/www.suno.com.br\/noticias\/acao-americanas-amer3-despenca-estreia-b3\/\">\n\t\t\tIbovespa: a\u00e7\u00e3o da Americanas (AMER3) despenca 8,94% em estreia\t\t<\/a>\n\t<\/div>\n\n\n<p>&#8220;A combina\u00e7\u00e3o deve, portanto, criar maior efici\u00eancia em log\u00edstica e atendimento, estoques, dados do cliente, fornecimento, inova\u00e7\u00e3o e financiamento. Al\u00e9m disso, desbloquear\u00e1 certas <a href=\"https:\/\/www.suno.com.br\/artigos\/sinergias\/\">sinergias fiscais<\/a> e simplificar\u00e1 a contabilidade e a governan\u00e7a,&#8221; escreveram Irma Sgarz, Felipe Rached e Chandru Ravikumar.<\/p>\n<p>Na vis\u00e3o dos analistas, a expectativa de crescimento do mercado relativamente baixa. Acreditam que uma execu\u00e7\u00e3o aprimorada, medida pela acelera\u00e7\u00e3o do crescimento do volume bruto de mercadoria (GMV), aliada a um grau de disciplina na gera\u00e7\u00e3o de margem e <a class=\"suno-keyword\" href=\"https:\/\/www.suno.com.br\/artigos\/fluxo-de-caixa\/\" target=\"_blank\" rel=\"noopener noreferrer\" data-force=\"no\" data-priority=\"2\">fluxo de caixa<\/a>, \u00e9 a receita para o avan\u00e7o do papel. A hist\u00f3ria, apesar disso, continua um &#8220;pague para ver&#8221;, segundo eles.<\/p>\n<p>O Goldman tem recomenda\u00e7\u00e3o de Compra para Americanas, com pre\u00e7o-alvo de R$ 77, um potencial de valoriza\u00e7\u00e3o de 24%.<\/p>\n<h2>Ativa n\u00e3o v\u00ea rela\u00e7\u00e3o risco-retorno atrativa em Americanas<\/h2>\n<p>Em relat\u00f3rio, a <strong>Ativa Investimentos <\/strong>reconheceu a elimina\u00e7\u00e3o de quest\u00f5es burocr\u00e1ticas e o ganho de agilidade para o gerenciamento e a procura de M&amp;A. Outro ponto destacado pela corretora foi a presen\u00e7a de sinergias, com fim de poss\u00edveis <em>overlaps <\/em>entre as opera\u00e7\u00f5es.<\/p>\n\t<p>\n\t\t<a href=\"https:\/\/lp.suno.com.br\/planilha-da-vida-financeira\/\" target=\"_blank\" data-element=\"shortcode-suno-banner\" title=\"Banner SUNO, clique e saiba mais\">\n\t\t\t<picture>\n\t\t\t\t<source media=\"(max-width: 500px)\" srcset=\"https:\/\/files.sunoresearch.com.br\/n\/uploads\/2023\/04\/400x300-Planilha-vida-financeira-true.png\">\n\t\t\t\t<img class=\"newsContent__article__imgCapa newsContent__article__imgCapa--banner\"\n\t\t\t\t\tsrc=\"https:\/\/files.sunoresearch.com.br\/n\/uploads\/2023\/04\/1420x240-Planilha-vida-financeira-true.png\"\n\t\t\t\t\tdata-promo-id=\"106682\"\t\t\t\t\t\t\t\t\t\twidth='1420' height='240'\t\t\t\t\talt=\"https:\/\/files.sunoresearch.com.br\/n\/uploads\/2023\/04\/1420x240-Planilha-vida-financeira-true.png\"\n\t\t\t\t>\n\t\t\t<\/picture>\n\t\t<\/a>\n\t<\/p>\n\n\n<p>Mesmo assim, a Ativa disse n\u00e3o enxergar uma rela\u00e7\u00e3o entre <a href=\"https:\/\/www.suno.com.br\/artigos\/risco-e-retorno-segundo-seth-klarman\/\">risco e retorno<\/a> atrativa para a tese de investimento da nova companhia.<\/p>\n<p>A corretora tem recomenda\u00e7\u00e3o Neutra para <strong>Americanas<\/strong>, com target de R$ 73,10, upside de 18,1%.<\/p>\n\t<p>\n\t\t<a href=\"https:\/\/lp.suno.com.br\/planilha-de-controle-de-investimentos\/\" target=\"_blank\" data-element=\"shortcode-suno-banner\" title=\"Banner SUNO, clique e saiba mais\">\n\t\t\t<picture>\n\t\t\t\t<source media=\"(max-width: 500px)\" srcset=\"https:\/\/files.sunoresearch.com.br\/n\/uploads\/2023\/03\/400x300-Controle-de-Investimentos.png\">\n\t\t\t\t<img class=\"newsContent__article__imgCapa newsContent__article__imgCapa--banner\"\n\t\t\t\t\tsrc=\"https:\/\/files.sunoresearch.com.br\/n\/uploads\/2023\/03\/1420x240-Controle-de-Investimentos.png\"\n\t\t\t\t\tdata-promo-id=\"75934\"\t\t\t\t\t\t\t\t\t\twidth='1420' height='240'\t\t\t\t\talt=\"https:\/\/files.sunoresearch.com.br\/n\/uploads\/2023\/03\/1420x240-Controle-de-Investimentos.png\"\n\t\t\t\t>\n\t\t\t<\/picture>\n\t\t<\/a>\n\t<\/p>\n\n\n","protected":false},"excerpt":{"rendered":"<p>Conclu\u00edda a combina\u00e7\u00e3o de neg\u00f3cios entre Lojas Americanas (LAME4) e B2W (BTOW3), analistas iniciaram a cobertura de Americanas S.A. (AMER3), companhia resultante da fus\u00e3o, com teses distintas de investimentos. Juliette, embaixadora da Americanas (AMER3) &#8211; Foto: Divulga\u00e7\u00e3o A Americanas reuniu as lojas f\u00edsica da Lojas Americanas, al\u00e9m de uma participa\u00e7\u00e3o de 57% na Ame Digital, [&hellip;]<\/p>\n","protected":false},"author":35,"featured_media":154303,"comment_status":"closed","ping_status":"closed","sticky":false,"template":"","format":"standard","meta":[],"categories":[64],"tags":[106605,105844,1831,105816,775,539],"suno_strategy":[],"class_list":["post-167375","post","type-post","status-publish","format-standard","has-post-thumbnail","hentry","category-negocios","tag-americanas-s-a-amer3","tag-ativa","tag-b2w-digital-btow3","tag-especialistas","tag-goldman-sachs-gsgi34","tag-lojas-americanas-lame3-lame4"],"yoast_head":"<!-- This site is optimized with the Yoast SEO plugin v24.4 - https:\/\/yoast.com\/wordpress\/plugins\/seo\/ -->\n<title>Ap\u00f3s fus\u00e3o, novo horizonte da Americanas S.A. (AMER3) divide analistas<\/title>\n<meta name=\"description\" content=\"Analistas divergem quanto \u00e0s perspectivas para Americanas S.A. (AMER3), resultante da fus\u00e3o entre Lojas Americanas (LAME4) e B2W (BTOW3).\" \/>\n<meta name=\"robots\" content=\"index, follow, max-snippet:-1, max-image-preview:large, max-video-preview:-1\" \/>\n<link rel=\"canonical\" href=\"https:\/\/www.suno.com.br\/noticias\/horizonte-americanas-amer3-divide-analistas\/\" \/>\n<meta property=\"og:locale\" content=\"pt_BR\" \/>\n<meta property=\"og:type\" content=\"article\" \/>\n<meta property=\"og:title\" content=\"Ap\u00f3s fus\u00e3o, novo horizonte da Americanas S.A. (AMER3) divide analistas\" \/>\n<meta property=\"og:description\" content=\"Analistas divergem quanto \u00e0s perspectivas para Americanas S.A. (AMER3), resultante da fus\u00e3o entre Lojas Americanas (LAME4) e B2W (BTOW3).\" \/>\n<meta property=\"og:url\" content=\"https:\/\/www.suno.com.br\/noticias\/horizonte-americanas-amer3-divide-analistas\/\" \/>\n<meta property=\"og:site_name\" content=\"Suno Not\u00edcias\" \/>\n<meta property=\"article:publisher\" content=\"https:\/\/facebook.com\/sunoresearch\" \/>\n<meta property=\"og:image\" content=\"https:\/\/files.sunoresearch.com.br\/n\/uploads\/2021\/06\/f0c26e6c-bbb21-1-e1622672015642.jpg\" \/>\n\t<meta property=\"og:image:width\" content=\"1200\" \/>\n\t<meta property=\"og:image:height\" content=\"816\" \/>\n\t<meta property=\"og:image:type\" content=\"image\/jpeg\" \/>\n<meta name=\"author\" content=\"Arthur Guimar\u00e3es\" \/>\n<meta name=\"twitter:card\" content=\"summary_large_image\" \/>\n<meta name=\"twitter:creator\" content=\"@sunoresearch\" \/>\n<meta name=\"twitter:site\" content=\"@sunoresearch\" \/>\n<meta name=\"twitter:label1\" content=\"Escrito por\" \/>\n\t<meta name=\"twitter:data1\" content=\"Arthur Guimar\u00e3es\" \/>\n\t<meta name=\"twitter:label2\" content=\"Est. tempo de leitura\" \/>\n\t<meta name=\"twitter:data2\" content=\"2 minutos\" \/>\n<script type=\"application\/ld+json\" class=\"yoast-schema-graph\">{\"@context\":\"https:\/\/schema.org\",\"@graph\":[{\"@type\":\"NewsArticle\",\"@id\":\"https:\/\/www.suno.com.br\/noticias\/horizonte-americanas-amer3-divide-analistas\/#article\",\"isPartOf\":{\"@id\":\"https:\/\/www.suno.com.br\/noticias\/horizonte-americanas-amer3-divide-analistas\/\"},\"author\":{\"name\":\"Arthur Guimar\u00e3es\",\"@id\":\"https:\/\/www.suno.com.br\/noticias\/#\/schema\/person\/053a750a709a263919a20f976caae91c\"},\"headline\":\"Ap\u00f3s fus\u00e3o, novo horizonte da Americanas S.A. (AMER3) divide analistas\",\"datePublished\":\"2021-07-20T18:31:45+00:00\",\"mainEntityOfPage\":{\"@id\":\"https:\/\/www.suno.com.br\/noticias\/horizonte-americanas-amer3-divide-analistas\/\"},\"wordCount\":425,\"publisher\":{\"@id\":\"https:\/\/www.suno.com.br\/noticias\/#organization\"},\"image\":{\"@id\":\"https:\/\/www.suno.com.br\/noticias\/horizonte-americanas-amer3-divide-analistas\/#primaryimage\"},\"thumbnailUrl\":\"https:\/\/files.sunoresearch.com.br\/n\/uploads\/2021\/06\/f0c26e6c-bbb21-1-e1622672015642-jpg.webp\",\"keywords\":[\"Americanas (AMER3)\",\"Ativa\",\"B2W Digital (BTOW3)\",\"Especialistas\",\"Goldman Sachs (GSGI34)\",\"Lojas Americanas (LAME3\/LAME4)\"],\"articleSection\":[\"Neg\u00f3cios\"],\"inLanguage\":\"pt-BR\"},{\"@type\":\"WebPage\",\"@id\":\"https:\/\/www.suno.com.br\/noticias\/horizonte-americanas-amer3-divide-analistas\/\",\"url\":\"https:\/\/www.suno.com.br\/noticias\/horizonte-americanas-amer3-divide-analistas\/\",\"name\":\"Ap\u00f3s fus\u00e3o, novo horizonte da Americanas S.A. (AMER3) divide analistas\",\"isPartOf\":{\"@id\":\"https:\/\/www.suno.com.br\/noticias\/#website\"},\"primaryImageOfPage\":{\"@id\":\"https:\/\/www.suno.com.br\/noticias\/horizonte-americanas-amer3-divide-analistas\/#primaryimage\"},\"image\":{\"@id\":\"https:\/\/www.suno.com.br\/noticias\/horizonte-americanas-amer3-divide-analistas\/#primaryimage\"},\"thumbnailUrl\":\"https:\/\/files.sunoresearch.com.br\/n\/uploads\/2021\/06\/f0c26e6c-bbb21-1-e1622672015642-jpg.webp\",\"datePublished\":\"2021-07-20T18:31:45+00:00\",\"description\":\"Analistas divergem quanto \u00e0s perspectivas para Americanas S.A. (AMER3), resultante da fus\u00e3o entre Lojas Americanas (LAME4) e B2W (BTOW3).\",\"breadcrumb\":{\"@id\":\"https:\/\/www.suno.com.br\/noticias\/horizonte-americanas-amer3-divide-analistas\/#breadcrumb\"},\"inLanguage\":\"pt-BR\",\"potentialAction\":[{\"@type\":\"ReadAction\",\"target\":[\"https:\/\/www.suno.com.br\/noticias\/horizonte-americanas-amer3-divide-analistas\/\"]}]},{\"@type\":\"ImageObject\",\"inLanguage\":\"pt-BR\",\"@id\":\"https:\/\/www.suno.com.br\/noticias\/horizonte-americanas-amer3-divide-analistas\/#primaryimage\",\"url\":\"https:\/\/files.sunoresearch.com.br\/n\/uploads\/2021\/06\/f0c26e6c-bbb21-1-e1622672015642-jpg.webp\",\"contentUrl\":\"https:\/\/files.sunoresearch.com.br\/n\/uploads\/2021\/06\/f0c26e6c-bbb21-1-e1622672015642-jpg.webp\",\"width\":1200,\"height\":816,\"caption\":\"Juliette, embaixadora da Americanas (AMER3) - Foto: Divulga\u00e7\u00e3o\"},{\"@type\":\"BreadcrumbList\",\"@id\":\"https:\/\/www.suno.com.br\/noticias\/horizonte-americanas-amer3-divide-analistas\/#breadcrumb\",\"itemListElement\":[{\"@type\":\"ListItem\",\"position\":1,\"name\":\"Not\u00edcias\",\"item\":\"https:\/\/www.suno.com.br\/noticias\/\"},{\"@type\":\"ListItem\",\"position\":2,\"name\":\"Neg\u00f3cios\",\"item\":\"https:\/\/www.suno.com.br\/noticias\/negocios\/\"},{\"@type\":\"ListItem\",\"position\":3,\"name\":\"Ap\u00f3s fus\u00e3o, novo horizonte da Americanas S.A. (AMER3) divide analistas\"}]},{\"@type\":\"WebSite\",\"@id\":\"https:\/\/www.suno.com.br\/noticias\/#website\",\"url\":\"https:\/\/www.suno.com.br\/noticias\/\",\"name\":\"Suno Not\u00edcias\",\"description\":\"Seu portal de informa\u00e7\u00e3o sobre o mundo dos investimentos\",\"publisher\":{\"@id\":\"https:\/\/www.suno.com.br\/noticias\/#organization\"},\"potentialAction\":[{\"@type\":\"SearchAction\",\"target\":{\"@type\":\"EntryPoint\",\"urlTemplate\":\"https:\/\/www.suno.com.br\/noticias\/?s={search_term_string}\"},\"query-input\":{\"@type\":\"PropertyValueSpecification\",\"valueRequired\":true,\"valueName\":\"search_term_string\"}}],\"inLanguage\":\"pt-BR\"},{\"@type\":\"Organization\",\"@id\":\"https:\/\/www.suno.com.br\/noticias\/#organization\",\"name\":\"Suno Not\u00edcias\",\"url\":\"https:\/\/www.suno.com.br\/noticias\/\",\"logo\":{\"@type\":\"ImageObject\",\"inLanguage\":\"pt-BR\",\"@id\":\"https:\/\/www.suno.com.br\/noticias\/#\/schema\/logo\/image\/\",\"url\":\"https:\/\/files.sunoresearch.com.br\/n\/uploads\/2021\/09\/suno-logo.png\",\"contentUrl\":\"https:\/\/files.sunoresearch.com.br\/n\/uploads\/2021\/09\/suno-logo.png\",\"width\":180,\"height\":180,\"caption\":\"Suno Not\u00edcias\"},\"image\":{\"@id\":\"https:\/\/www.suno.com.br\/noticias\/#\/schema\/logo\/image\/\"},\"sameAs\":[\"https:\/\/facebook.com\/sunoresearch\",\"https:\/\/x.com\/sunoresearch\",\"https:\/\/www.instagram.com\/suno\",\"https:\/\/www.linkedin.com\/company\/suno-research\/\",\"https:\/\/www.youtube.com\/c\/sunoresearch\"]},{\"@type\":\"Person\",\"@id\":\"https:\/\/www.suno.com.br\/noticias\/#\/schema\/person\/053a750a709a263919a20f976caae91c\",\"name\":\"Arthur Guimar\u00e3es\",\"image\":{\"@type\":\"ImageObject\",\"inLanguage\":\"pt-BR\",\"@id\":\"https:\/\/www.suno.com.br\/noticias\/#\/schema\/person\/image\/\",\"url\":\"https:\/\/secure.gravatar.com\/avatar\/1affd86a11209ae09eb6dd3bcad3e96c?s=96&r=g\",\"contentUrl\":\"https:\/\/secure.gravatar.com\/avatar\/1affd86a11209ae09eb6dd3bcad3e96c?s=96&r=g\",\"caption\":\"Arthur Guimar\u00e3es\"},\"description\":\"Arthur Guimar\u00e3es escreve sobre pol\u00edtica, economia e neg\u00f3cios para o portal de not\u00edcias da Suno Research. Atualmente, \u00e9 estudante de jornalismo pela Faculdade C\u00e1sper L\u00edbero.\",\"url\":\"https:\/\/www.suno.com.br\/noticias\/author\/arthur-guimaraes\/\"}]}<\/script>\n<!-- \/ Yoast SEO plugin. -->","yoast_head_json":{"title":"Ap\u00f3s fus\u00e3o, novo horizonte da Americanas S.A. (AMER3) divide analistas","description":"Analistas divergem quanto \u00e0s perspectivas para Americanas S.A. (AMER3), resultante da fus\u00e3o entre Lojas Americanas (LAME4) e B2W (BTOW3).","robots":{"index":"index","follow":"follow","max-snippet":"max-snippet:-1","max-image-preview":"max-image-preview:large","max-video-preview":"max-video-preview:-1"},"canonical":"https:\/\/www.suno.com.br\/noticias\/horizonte-americanas-amer3-divide-analistas\/","og_locale":"pt_BR","og_type":"article","og_title":"Ap\u00f3s fus\u00e3o, novo horizonte da Americanas S.A. (AMER3) divide analistas","og_description":"Analistas divergem quanto \u00e0s perspectivas para Americanas S.A. (AMER3), resultante da fus\u00e3o entre Lojas Americanas (LAME4) e B2W (BTOW3).","og_url":"https:\/\/www.suno.com.br\/noticias\/horizonte-americanas-amer3-divide-analistas\/","og_site_name":"Suno Not\u00edcias","article_publisher":"https:\/\/facebook.com\/sunoresearch","og_image":[{"width":1200,"height":816,"url":"https:\/\/files.sunoresearch.com.br\/n\/uploads\/2021\/06\/f0c26e6c-bbb21-1-e1622672015642.jpg","type":"image\/jpeg"}],"author":"Arthur Guimar\u00e3es","twitter_card":"summary_large_image","twitter_creator":"@sunoresearch","twitter_site":"@sunoresearch","twitter_misc":{"Escrito por":"Arthur Guimar\u00e3es","Est. tempo de leitura":"2 minutos"},"schema":{"@context":"https:\/\/schema.org","@graph":[{"@type":"NewsArticle","@id":"https:\/\/www.suno.com.br\/noticias\/horizonte-americanas-amer3-divide-analistas\/#article","isPartOf":{"@id":"https:\/\/www.suno.com.br\/noticias\/horizonte-americanas-amer3-divide-analistas\/"},"author":{"name":"Arthur Guimar\u00e3es","@id":"https:\/\/www.suno.com.br\/noticias\/#\/schema\/person\/053a750a709a263919a20f976caae91c"},"headline":"Ap\u00f3s fus\u00e3o, novo horizonte da Americanas S.A. (AMER3) divide analistas","datePublished":"2021-07-20T18:31:45+00:00","mainEntityOfPage":{"@id":"https:\/\/www.suno.com.br\/noticias\/horizonte-americanas-amer3-divide-analistas\/"},"wordCount":425,"publisher":{"@id":"https:\/\/www.suno.com.br\/noticias\/#organization"},"image":{"@id":"https:\/\/www.suno.com.br\/noticias\/horizonte-americanas-amer3-divide-analistas\/#primaryimage"},"thumbnailUrl":"https:\/\/files.sunoresearch.com.br\/n\/uploads\/2021\/06\/f0c26e6c-bbb21-1-e1622672015642-jpg.webp","keywords":["Americanas (AMER3)","Ativa","B2W Digital (BTOW3)","Especialistas","Goldman Sachs (GSGI34)","Lojas Americanas (LAME3\/LAME4)"],"articleSection":["Neg\u00f3cios"],"inLanguage":"pt-BR"},{"@type":"WebPage","@id":"https:\/\/www.suno.com.br\/noticias\/horizonte-americanas-amer3-divide-analistas\/","url":"https:\/\/www.suno.com.br\/noticias\/horizonte-americanas-amer3-divide-analistas\/","name":"Ap\u00f3s fus\u00e3o, novo horizonte da Americanas S.A. (AMER3) divide analistas","isPartOf":{"@id":"https:\/\/www.suno.com.br\/noticias\/#website"},"primaryImageOfPage":{"@id":"https:\/\/www.suno.com.br\/noticias\/horizonte-americanas-amer3-divide-analistas\/#primaryimage"},"image":{"@id":"https:\/\/www.suno.com.br\/noticias\/horizonte-americanas-amer3-divide-analistas\/#primaryimage"},"thumbnailUrl":"https:\/\/files.sunoresearch.com.br\/n\/uploads\/2021\/06\/f0c26e6c-bbb21-1-e1622672015642-jpg.webp","datePublished":"2021-07-20T18:31:45+00:00","description":"Analistas divergem quanto \u00e0s perspectivas para Americanas S.A. (AMER3), resultante da fus\u00e3o entre Lojas Americanas (LAME4) e B2W (BTOW3).","breadcrumb":{"@id":"https:\/\/www.suno.com.br\/noticias\/horizonte-americanas-amer3-divide-analistas\/#breadcrumb"},"inLanguage":"pt-BR","potentialAction":[{"@type":"ReadAction","target":["https:\/\/www.suno.com.br\/noticias\/horizonte-americanas-amer3-divide-analistas\/"]}]},{"@type":"ImageObject","inLanguage":"pt-BR","@id":"https:\/\/www.suno.com.br\/noticias\/horizonte-americanas-amer3-divide-analistas\/#primaryimage","url":"https:\/\/files.sunoresearch.com.br\/n\/uploads\/2021\/06\/f0c26e6c-bbb21-1-e1622672015642-jpg.webp","contentUrl":"https:\/\/files.sunoresearch.com.br\/n\/uploads\/2021\/06\/f0c26e6c-bbb21-1-e1622672015642-jpg.webp","width":1200,"height":816,"caption":"Juliette, embaixadora da Americanas (AMER3) - Foto: Divulga\u00e7\u00e3o"},{"@type":"BreadcrumbList","@id":"https:\/\/www.suno.com.br\/noticias\/horizonte-americanas-amer3-divide-analistas\/#breadcrumb","itemListElement":[{"@type":"ListItem","position":1,"name":"Not\u00edcias","item":"https:\/\/www.suno.com.br\/noticias\/"},{"@type":"ListItem","position":2,"name":"Neg\u00f3cios","item":"https:\/\/www.suno.com.br\/noticias\/negocios\/"},{"@type":"ListItem","position":3,"name":"Ap\u00f3s fus\u00e3o, novo horizonte da Americanas S.A. (AMER3) divide analistas"}]},{"@type":"WebSite","@id":"https:\/\/www.suno.com.br\/noticias\/#website","url":"https:\/\/www.suno.com.br\/noticias\/","name":"Suno Not\u00edcias","description":"Seu portal de informa\u00e7\u00e3o sobre o mundo dos investimentos","publisher":{"@id":"https:\/\/www.suno.com.br\/noticias\/#organization"},"potentialAction":[{"@type":"SearchAction","target":{"@type":"EntryPoint","urlTemplate":"https:\/\/www.suno.com.br\/noticias\/?s={search_term_string}"},"query-input":{"@type":"PropertyValueSpecification","valueRequired":true,"valueName":"search_term_string"}}],"inLanguage":"pt-BR"},{"@type":"Organization","@id":"https:\/\/www.suno.com.br\/noticias\/#organization","name":"Suno Not\u00edcias","url":"https:\/\/www.suno.com.br\/noticias\/","logo":{"@type":"ImageObject","inLanguage":"pt-BR","@id":"https:\/\/www.suno.com.br\/noticias\/#\/schema\/logo\/image\/","url":"https:\/\/files.sunoresearch.com.br\/n\/uploads\/2021\/09\/suno-logo.png","contentUrl":"https:\/\/files.sunoresearch.com.br\/n\/uploads\/2021\/09\/suno-logo.png","width":180,"height":180,"caption":"Suno Not\u00edcias"},"image":{"@id":"https:\/\/www.suno.com.br\/noticias\/#\/schema\/logo\/image\/"},"sameAs":["https:\/\/facebook.com\/sunoresearch","https:\/\/x.com\/sunoresearch","https:\/\/www.instagram.com\/suno","https:\/\/www.linkedin.com\/company\/suno-research\/","https:\/\/www.youtube.com\/c\/sunoresearch"]},{"@type":"Person","@id":"https:\/\/www.suno.com.br\/noticias\/#\/schema\/person\/053a750a709a263919a20f976caae91c","name":"Arthur Guimar\u00e3es","image":{"@type":"ImageObject","inLanguage":"pt-BR","@id":"https:\/\/www.suno.com.br\/noticias\/#\/schema\/person\/image\/","url":"https:\/\/secure.gravatar.com\/avatar\/1affd86a11209ae09eb6dd3bcad3e96c?s=96&r=g","contentUrl":"https:\/\/secure.gravatar.com\/avatar\/1affd86a11209ae09eb6dd3bcad3e96c?s=96&r=g","caption":"Arthur Guimar\u00e3es"},"description":"Arthur Guimar\u00e3es escreve sobre pol\u00edtica, economia e neg\u00f3cios para o portal de not\u00edcias da Suno Research. Atualmente, \u00e9 estudante de jornalismo pela Faculdade C\u00e1sper L\u00edbero.","url":"https:\/\/www.suno.com.br\/noticias\/author\/arthur-guimaraes\/"}]}},"default_loop_html":"<div class=\"cardsPage__listCard__boxs\"><div class=\"cardsPage__listCard__boxs__img\"><a href=\"https:\/\/www.suno.com.br\/noticias\/horizonte-americanas-amer3-divide-analistas\/\"><img class=\"mask\" src=\"https:\/\/www.suno.com.br\/noticias\/wp-content\/themes\/suno\/resources\/images\/spotlight\/spotlight1img\/bg-mask.png\" alt=\"Image Mask\"\/><img src=\"https:\/\/files.sunoresearch.com.br\/n\/uploads\/2021\/06\/f0c26e6c-bbb21-1-e1622672015642-400x200.webp\" alt=\"Ap\u00f3s fus\u00e3o, novo horizonte da Americanas S.A. (AMER3) divide analistas\"\/><\/a><span class=\"spotlightCategory\"><a href=\"https:\/\/www.suno.com.br\/noticias\/negocios\/\">Neg\u00f3cios<\/a><\/span><\/div><div class=\"cardsPage__listCard__boxs__content\"><a href=\"https:\/\/www.suno.com.br\/noticias\/horizonte-americanas-amer3-divide-analistas\/\"><h2 class=\"content__title\">Ap\u00f3s fus\u00e3o, novo horizonte da Americanas S.A. (AMER3) divide analistas<\/h2><\/a><div class=\"newsContent__article__meta\"><div class=\"newsContent__article__meta__authorBox\"><a href=\"https:\/\/www.suno.com.br\/noticias\/author\/arthur-guimaraes\/\" class=\"authorBox__avatar noMobi\"><img src=\"https:\/\/files.sunoresearch.com.br\/n\/uploads\/2020\/02\/dfb40897-eu-150x150.webp\" alt=\"Arthur Guimar\u00e3es\"><\/a><div class=\"authorBox__name\"><span>por\n\t\t\t<a href=\"https:\/\/www.suno.com.br\/noticias\/author\/arthur-guimaraes\/\"><span itemprop=\"author\">Arthur Guimar\u00e3es<\/span><\/a><\/span><time datetime=\"2021-07-20T15:31:45-03:00\" itemprop=\"datePublished\">20\/07\/2021 15:31<\/time><\/div><\/div><\/div><\/div><\/div>","single_layout":"posts","amp_enabled":true,"_links":{"self":[{"href":"https:\/\/www.suno.com.br\/noticias\/wp-json\/wp\/v2\/posts\/167375"}],"collection":[{"href":"https:\/\/www.suno.com.br\/noticias\/wp-json\/wp\/v2\/posts"}],"about":[{"href":"https:\/\/www.suno.com.br\/noticias\/wp-json\/wp\/v2\/types\/post"}],"author":[{"embeddable":true,"href":"https:\/\/www.suno.com.br\/noticias\/wp-json\/wp\/v2\/users\/35"}],"replies":[{"embeddable":true,"href":"https:\/\/www.suno.com.br\/noticias\/wp-json\/wp\/v2\/comments?post=167375"}],"version-history":[{"count":2,"href":"https:\/\/www.suno.com.br\/noticias\/wp-json\/wp\/v2\/posts\/167375\/revisions"}],"predecessor-version":[{"id":167400,"href":"https:\/\/www.suno.com.br\/noticias\/wp-json\/wp\/v2\/posts\/167375\/revisions\/167400"}],"wp:featuredmedia":[{"embeddable":true,"href":"https:\/\/www.suno.com.br\/noticias\/wp-json\/wp\/v2\/media\/154303"}],"wp:attachment":[{"href":"https:\/\/www.suno.com.br\/noticias\/wp-json\/wp\/v2\/media?parent=167375"}],"wp:term":[{"taxonomy":"category","embeddable":true,"href":"https:\/\/www.suno.com.br\/noticias\/wp-json\/wp\/v2\/categories?post=167375"},{"taxonomy":"post_tag","embeddable":true,"href":"https:\/\/www.suno.com.br\/noticias\/wp-json\/wp\/v2\/tags?post=167375"},{"taxonomy":"suno_strategy","embeddable":true,"href":"https:\/\/www.suno.com.br\/noticias\/wp-json\/wp\/v2\/suno_strategy?post=167375"}],"curies":[{"name":"wp","href":"https:\/\/api.w.org\/{rel}","templated":true}]}}