{"id":167233,"date":"2021-07-20T11:21:32","date_gmt":"2021-07-20T14:21:32","guid":{"rendered":"https:\/\/www.suno.com.br\/noticias\/?p=167233"},"modified":"2021-07-20T11:21:32","modified_gmt":"2021-07-20T14:21:32","slug":"escassez-pecas-montadoras-carros-caros","status":"publish","type":"post","link":"https:\/\/www.suno.com.br\/noticias\/escassez-pecas-montadoras-carros-caros\/","title":{"rendered":"Com escassez global de pe\u00e7as, montadoras de carros priorizam modelos mais caros"},"content":{"rendered":"<p>Em face da<a href=\"https:\/\/www.suno.com.br\/artigos\/liberalismo-economico\/\"> escassez global de pe\u00e7as e componentes<\/a>, a decis\u00e3o das montadoras de direcionar os poucos materiais dispon\u00edveis para a produ\u00e7\u00e3o de <strong>carros<\/strong> mais caros inverteu a pir\u00e2mide do mercado de ve\u00edculos novos no Brasil.<\/p>\t<div class=\"wrapper-featured-image\">\n\t\t<figure class=\"spotlightImg\">\n\n\t\t\t<picture>\n\t\t\t\t<source media=\"(max-width: 768px)\" srcset=\"https:\/\/files.sunoresearch.com.br\/n\/uploads\/2021\/06\/52b13b07-taxis-1209542_1280-400x200.webp\">\n\t\t\t\t<img loading=\"lazy\" decoding=\"async\" class=\"newsContent__article__imgCapa lazyloadDisabled \" src=\"https:\/\/files.sunoresearch.com.br\/n\/uploads\/2021\/06\/52b13b07-taxis-1209542_1280-800x450.webp\" width=\"800\" height=\"450\" alt=\"Com escassez global de pe\u00e7as, montadoras de carros priorizam modelos mais caros\" fetchpriority=high \/>\n\t\t\t<\/picture>\n\n\t\t\t<figcaption class=\"wp-caption-text wp-caption-text--show\">Carro - Foto: Piaxabay<\/figcaption>\n\t\t<\/figure>\n\t<\/div>\n\n\n\t<p>\n\t\t<a href=\"https:\/\/lp.suno.com.br\/planilha-controle-gastos\/\" target=\"_blank\" data-element=\"shortcode-suno-banner\" title=\"Banner SUNO, clique e saiba mais\">\n\t\t\t<picture>\n\t\t\t\t<source media=\"(max-width: 500px)\" srcset=\"https:\/\/files.sunoresearch.com.br\/n\/uploads\/2023\/03\/400x300-Planilha-controle-de-gastos.png\">\n\t\t\t\t<img class=\"newsContent__article__imgCapa newsContent__article__imgCapa--banner\"\n\t\t\t\t\tsrc=\"https:\/\/files.sunoresearch.com.br\/n\/uploads\/2023\/03\/1420x240-Planilha-controle-de-gastos.png\"\n\t\t\t\t\tdata-promo-id=\"101751\"\t\t\t\t\t\t\t\t\t\twidth='1420' height='240'\t\t\t\t\talt=\"https:\/\/files.sunoresearch.com.br\/n\/uploads\/2023\/03\/1420x240-Planilha-controle-de-gastos.png\"\n\t\t\t\t>\n\t\t\t<\/picture>\n\t\t<\/a>\n\t<\/p>\n\n\n<p>Os <strong>carros<\/strong> populares, <a href=\"https:\/\/www.suno.com.br\/artigos\/tabela-fipe\/\">que no passado estiveram na base dos melhores anos das vendas de autom\u00f3veis<\/a>, hoje t\u00eam uma parcela m\u00ednima da produ\u00e7\u00e3o da ind\u00fastria. O protagonismo \u00e9 dos modelos mais caros, em especial dos utilit\u00e1rios esportivos (os SUVs, na sigla em ingl\u00eas).<\/p>\n<p>De acordo com levantamento feito pela consultoria Jato Dynamics, 68% dos carros vendidos no Pa\u00eds atualmente custam acima de <strong>R$ 70 mil<\/strong>, enquanto os ve\u00edculos abaixo desse valor representam os demais 32%.<\/p>\n<p>At\u00e9 tr\u00eas anos atr\u00e1s, a situa\u00e7\u00e3o era inversa. Os <strong>ve\u00edculos<\/strong> com pre\u00e7o acima de R$ 70 mil eram 40% do mercado.<\/p>\n\t<div data-element=\"shortcode-read-more\" class=\"knowMore\">\n\t\t\t\t<span class=\"knowMore__title\">Leia mais<\/span>\n\t\t\t\t<a class=\"knowMore__link\" href=\"https:\/\/www.suno.com.br\/noticias\/justica-absolve-lula-incentivos-fiscais-montadoras\/\">\n\t\t\tJusti\u00e7a absolve Lula em a\u00e7\u00e3o sobre incentivos fiscais a montadoras\t\t<\/a>\n\t<\/div>\n\n\n<p><a href=\"https:\/\/www.suno.com.br\/artigos\/franquia-de-seguro\/\">A mudan\u00e7a de portf\u00f3lio das <strong>montadoras<\/strong><\/a> j\u00e1 vem ocorrendo h\u00e1 quatro anos, em parte por causa da introdu\u00e7\u00e3o de tecnologias exigidas por regula\u00e7\u00e3o, que s\u00e3o mais caras.<\/p>\n<p>As <strong>fabricantes<\/strong> tamb\u00e9m fizeram uma reorienta\u00e7\u00e3o. Em vez de apostar no volume, preferiram buscar <a href=\"https:\/\/www.suno.com.br\/artigos\/meta-fiscal\/\">o reequil\u00edbrio financeiro<\/a> com produtos voltados ao p\u00fablico que pode pagar por maior conforto, espa\u00e7o, conectividade, <a href=\"https:\/\/www.suno.com.br\/artigos\/tipos-de-industrias\/\">seguran\u00e7a e efici\u00eancia dos <strong>autom\u00f3veis<\/strong><\/a>.<\/p>\n<p><a href=\"https:\/\/www.suno.com.br\/noticias\/tags\/pandemia\/\">A pandemia introduziu um novo elemento \u00e0 equa\u00e7\u00e3o<\/a>, ao obrigar a ind\u00fastria a ser ainda mais seletiva em raz\u00e3o da falta de pe\u00e7as \u00e0 disposi\u00e7\u00e3o.<\/p>\n<p>Conforme o estudo da Jato, feito com base <a href=\"https:\/\/www.suno.com.br\/artigos\/gmv\/\">nos volumes de vendas de janeiro a junho deste ano<\/a>, os carros que custam menos de R$ 50 mil, os mais baratos do mercado e que se resumem a subcompactos, representam agora s\u00f3 3% das vendas.<\/p>\n<h2>Carros de R$ 50 a 70 mil perderam fatia de mercado<\/h2>\n<p>O <a href=\"https:\/\/www.suno.com.br\/artigos\/industria-de-transformacao\/\">segmento formado por carros de R$ 50 mil a R$ 70 mil<\/a> tamb\u00e9m perdeu participa\u00e7\u00e3o. Ele \u00e9 ocupado por grande parte dos modelos de entrada das montadoras. Hoje, representa 29% das vendas, menos do que os 36% do ano passado.<\/p>\n<p>\u00c9 justamente nas duas faixas acima que est\u00e3o posicionados modelos produzidos em f\u00e1bricas que pararam por per\u00edodos mais prolongados desde o in\u00edcio da crise de abastecimento de pe\u00e7as, agravada nos \u00faltimos meses pela falta de componentes eletr\u00f4nicos no mundo inteiro.<\/p>\n<p>A f\u00e1brica do Onix, da <strong>GM<\/strong> &#8211; em tempos normais, o modelo mais popular do Brasil -, est\u00e1 parada desde mar\u00e7o.<\/p>\n\t<p>\n\t\t<a href=\"https:\/\/lp.suno.com.br\/planilha-da-vida-financeira\/\" target=\"_blank\" data-element=\"shortcode-suno-banner\" title=\"Banner SUNO, clique e saiba mais\">\n\t\t\t<picture>\n\t\t\t\t<source media=\"(max-width: 500px)\" srcset=\"https:\/\/files.sunoresearch.com.br\/n\/uploads\/2023\/04\/400x300-Planilha-vida-financeira-true.png\">\n\t\t\t\t<img class=\"newsContent__article__imgCapa newsContent__article__imgCapa--banner\"\n\t\t\t\t\tsrc=\"https:\/\/files.sunoresearch.com.br\/n\/uploads\/2023\/04\/1420x240-Planilha-vida-financeira-true.png\"\n\t\t\t\t\tdata-promo-id=\"106682\"\t\t\t\t\t\t\t\t\t\twidth='1420' height='240'\t\t\t\t\talt=\"https:\/\/files.sunoresearch.com.br\/n\/uploads\/2023\/04\/1420x240-Planilha-vida-financeira-true.png\"\n\t\t\t\t>\n\t\t\t<\/picture>\n\t\t<\/a>\n\t<\/p>\n\n\n<p>Neste m\u00eas, foi interrompida, por alguns dias ao mesmo tempo, <a href=\"https:\/\/www.suno.com.br\/artigos\/global-sourcing\/\">a produ\u00e7\u00e3o tanto do <strong>Gol<\/strong> quanto do <strong>HB20<\/strong> em f\u00e1bricas da Volkswagen e da Hyundai, no interior paulista<\/a>.<\/p>\n<p>A Fiat, marca l\u00edder em vendas no ano, vem alternando f\u00e9rias a grupos de mil trabalhadores em Betim (MG), onde s\u00e3o montados modelos como Uno e Argo, al\u00e9m do Mobi, o subcompacto que disputa com o Renault Kwid <a href=\"https:\/\/www.suno.com.br\/artigos\/ticket-medio\/\">o posto de carro mais barato do Brasil<\/a>.<\/p>\n<p>&#8220;A falta de semicondutores est\u00e1 afetando o segmento de entrada porque o foco da ind\u00fastria est\u00e1 na rentabilidade. Os pre\u00e7os est\u00e3o, em m\u00e9dia, muito altos&#8221;, diz o diretor de Desenvolvimento de Neg\u00f3cios da Jato, Milad Kalume Neto.<\/p>\n<h2>Faixa de Valores<\/h2>\n<p>O <a class=\"suno-keyword\" href=\"https:\/\/www.suno.com.br\/artigos\/preco-medio\/\" target=\"_blank\" rel=\"noopener noreferrer\" data-force=\"no\" data-priority=\"1\">pre\u00e7o m\u00e9dio<\/a> dos carros vendidos no Brasil gira hoje na faixa de R$ 90 mil a R$ 95 mil. Em 2012, no auge das vendas, eles custavam em m\u00e9dia R$ 63 mil, segundo a Bright Consulting, em valores j\u00e1 corrigidos pela <a class=\"suno-keyword\" href=\"https:\/\/www.suno.com.br\/artigos\/inflacao-acumulada\/\" target=\"_blank\" rel=\"noopener noreferrer\" data-force=\"no\" data-priority=\"1\">infla\u00e7\u00e3o acumulada<\/a>.<\/p>\n<p>Os definidos pela Jato Dynamics como <strong>carros<\/strong> populares, caso de <a href=\"https:\/\/statusinvest.com.br\/bdrs\/gmco34\">Onix<\/a>, Gol, Mobi e Fox, representaram menos de 2% das vendas da ind\u00fastria nos \u00faltimos tr\u00eas meses. <a href=\"https:\/\/www.suno.com.br\/artigos\/toyotismo\/\">Por outro lado, os SUVs, que tiveram 32% das vendas no segundo trimestre<\/a>, formam, junto com as picapes (18%), metade do mercado.<\/p>\n<p><em><strong>As informa\u00e7\u00f5es s\u00e3o do jornal O Estado de S. Paulo<\/strong><\/em><\/p>\n\t<p>\n\t\t<a href=\"https:\/\/lp.suno.com.br\/planilha-de-controle-de-investimentos\/\" target=\"_blank\" data-element=\"shortcode-suno-banner\" title=\"Banner SUNO, clique e saiba mais\">\n\t\t\t<picture>\n\t\t\t\t<source media=\"(max-width: 500px)\" srcset=\"https:\/\/files.sunoresearch.com.br\/n\/uploads\/2023\/03\/400x300-Controle-de-Investimentos.png\">\n\t\t\t\t<img class=\"newsContent__article__imgCapa newsContent__article__imgCapa--banner\"\n\t\t\t\t\tsrc=\"https:\/\/files.sunoresearch.com.br\/n\/uploads\/2023\/03\/1420x240-Controle-de-Investimentos.png\"\n\t\t\t\t\tdata-promo-id=\"75934\"\t\t\t\t\t\t\t\t\t\twidth='1420' height='240'\t\t\t\t\talt=\"https:\/\/files.sunoresearch.com.br\/n\/uploads\/2023\/03\/1420x240-Controle-de-Investimentos.png\"\n\t\t\t\t>\n\t\t\t<\/picture>\n\t\t<\/a>\n\t<\/p>\n\n\n","protected":false},"excerpt":{"rendered":"<p>Em face da escassez global de pe\u00e7as e componentes, a decis\u00e3o das montadoras de direcionar os poucos materiais dispon\u00edveis para a produ\u00e7\u00e3o de carros mais caros inverteu a pir\u00e2mide do mercado de ve\u00edculos novos no Brasil. Carro &#8211; Foto: Piaxabay Os carros populares, que no passado estiveram na base dos melhores anos das vendas de [&hellip;]<\/p>\n","protected":false},"author":73,"featured_media":161023,"comment_status":"closed","ping_status":"closed","sticky":false,"template":"","format":"standard","meta":[],"categories":[64],"tags":[106444,58204,1376,1525],"suno_strategy":[],"class_list":["post-167233","post","type-post","status-publish","format-standard","has-post-thumbnail","hentry","category-negocios","tag-agencias","tag-carros-autonomos","tag-carros-eletricos","tag-industria"],"yoast_head":"<!-- This site is optimized with the Yoast SEO plugin v24.4 - https:\/\/yoast.com\/wordpress\/plugins\/seo\/ -->\n<title>Com escassez global de pe\u00e7as, montadoras priorizam carros caros<\/title>\n<meta name=\"description\" content=\"Os definidos pela como carros populares, representaram menos de 2% das vendas da ind\u00fastria nos \u00faltimos tr\u00eas meses. Clique aqui e leia mais.\" \/>\n<meta name=\"robots\" content=\"index, follow, max-snippet:-1, max-image-preview:large, max-video-preview:-1\" \/>\n<link rel=\"canonical\" href=\"https:\/\/www.suno.com.br\/noticias\/escassez-pecas-montadoras-carros-caros\/\" \/>\n<meta property=\"og:locale\" content=\"pt_BR\" \/>\n<meta property=\"og:type\" content=\"article\" \/>\n<meta property=\"og:title\" content=\"Com escassez global de pe\u00e7as, montadoras priorizam carros caros\" \/>\n<meta property=\"og:description\" content=\"Os definidos pela como carros populares, representaram menos de 2% das vendas da ind\u00fastria nos \u00faltimos tr\u00eas meses. Clique aqui e leia mais.\" \/>\n<meta property=\"og:url\" content=\"https:\/\/www.suno.com.br\/noticias\/escassez-pecas-montadoras-carros-caros\/\" \/>\n<meta property=\"og:site_name\" content=\"Suno Not\u00edcias\" \/>\n<meta property=\"article:publisher\" content=\"https:\/\/facebook.com\/sunoresearch\" \/>\n<meta property=\"og:image\" content=\"https:\/\/files.sunoresearch.com.br\/n\/uploads\/2021\/06\/52b13b07-taxis-1209542_1280.jpg\" \/>\n\t<meta property=\"og:image:width\" content=\"1280\" \/>\n\t<meta property=\"og:image:height\" content=\"853\" \/>\n\t<meta property=\"og:image:type\" content=\"image\/jpeg\" \/>\n<meta name=\"author\" content=\"Eduardo Vargas\" \/>\n<meta name=\"twitter:card\" content=\"summary_large_image\" \/>\n<meta name=\"twitter:creator\" content=\"@sunoresearch\" \/>\n<meta name=\"twitter:site\" content=\"@sunoresearch\" \/>\n<meta name=\"twitter:label1\" content=\"Escrito por\" \/>\n\t<meta name=\"twitter:data1\" content=\"Eduardo Vargas\" \/>\n\t<meta name=\"twitter:label2\" content=\"Est. tempo de leitura\" \/>\n\t<meta name=\"twitter:data2\" content=\"3 minutos\" \/>\n<script type=\"application\/ld+json\" class=\"yoast-schema-graph\">{\"@context\":\"https:\/\/schema.org\",\"@graph\":[{\"@type\":\"NewsArticle\",\"@id\":\"https:\/\/www.suno.com.br\/noticias\/escassez-pecas-montadoras-carros-caros\/#article\",\"isPartOf\":{\"@id\":\"https:\/\/www.suno.com.br\/noticias\/escassez-pecas-montadoras-carros-caros\/\"},\"author\":{\"name\":\"Eduardo Vargas\",\"@id\":\"https:\/\/www.suno.com.br\/noticias\/#\/schema\/person\/7f4d362bf3518e76090143ae77bb49a5\"},\"headline\":\"Com escassez global de pe\u00e7as, montadoras de carros priorizam modelos mais caros\",\"datePublished\":\"2021-07-20T14:21:32+00:00\",\"mainEntityOfPage\":{\"@id\":\"https:\/\/www.suno.com.br\/noticias\/escassez-pecas-montadoras-carros-caros\/\"},\"wordCount\":665,\"publisher\":{\"@id\":\"https:\/\/www.suno.com.br\/noticias\/#organization\"},\"image\":{\"@id\":\"https:\/\/www.suno.com.br\/noticias\/escassez-pecas-montadoras-carros-caros\/#primaryimage\"},\"thumbnailUrl\":\"https:\/\/files.sunoresearch.com.br\/n\/uploads\/2021\/06\/52b13b07-taxis-1209542_1280-jpg.webp\",\"keywords\":[\"Ag\u00eancias\",\"carros aut\u00f4nomos\",\"carros el\u00e9tricos\",\"ind\u00fastria\"],\"articleSection\":[\"Neg\u00f3cios\"],\"inLanguage\":\"pt-BR\"},{\"@type\":\"WebPage\",\"@id\":\"https:\/\/www.suno.com.br\/noticias\/escassez-pecas-montadoras-carros-caros\/\",\"url\":\"https:\/\/www.suno.com.br\/noticias\/escassez-pecas-montadoras-carros-caros\/\",\"name\":\"Com escassez global de pe\u00e7as, montadoras priorizam carros caros\",\"isPartOf\":{\"@id\":\"https:\/\/www.suno.com.br\/noticias\/#website\"},\"primaryImageOfPage\":{\"@id\":\"https:\/\/www.suno.com.br\/noticias\/escassez-pecas-montadoras-carros-caros\/#primaryimage\"},\"image\":{\"@id\":\"https:\/\/www.suno.com.br\/noticias\/escassez-pecas-montadoras-carros-caros\/#primaryimage\"},\"thumbnailUrl\":\"https:\/\/files.sunoresearch.com.br\/n\/uploads\/2021\/06\/52b13b07-taxis-1209542_1280-jpg.webp\",\"datePublished\":\"2021-07-20T14:21:32+00:00\",\"description\":\"Os definidos pela como carros populares, representaram menos de 2% das vendas da ind\u00fastria nos \u00faltimos tr\u00eas meses. Clique aqui e leia mais.\",\"breadcrumb\":{\"@id\":\"https:\/\/www.suno.com.br\/noticias\/escassez-pecas-montadoras-carros-caros\/#breadcrumb\"},\"inLanguage\":\"pt-BR\",\"potentialAction\":[{\"@type\":\"ReadAction\",\"target\":[\"https:\/\/www.suno.com.br\/noticias\/escassez-pecas-montadoras-carros-caros\/\"]}]},{\"@type\":\"ImageObject\",\"inLanguage\":\"pt-BR\",\"@id\":\"https:\/\/www.suno.com.br\/noticias\/escassez-pecas-montadoras-carros-caros\/#primaryimage\",\"url\":\"https:\/\/files.sunoresearch.com.br\/n\/uploads\/2021\/06\/52b13b07-taxis-1209542_1280-jpg.webp\",\"contentUrl\":\"https:\/\/files.sunoresearch.com.br\/n\/uploads\/2021\/06\/52b13b07-taxis-1209542_1280-jpg.webp\",\"width\":1280,\"height\":853,\"caption\":\"Carro - Foto: Piaxabay\"},{\"@type\":\"BreadcrumbList\",\"@id\":\"https:\/\/www.suno.com.br\/noticias\/escassez-pecas-montadoras-carros-caros\/#breadcrumb\",\"itemListElement\":[{\"@type\":\"ListItem\",\"position\":1,\"name\":\"Not\u00edcias\",\"item\":\"https:\/\/www.suno.com.br\/noticias\/\"},{\"@type\":\"ListItem\",\"position\":2,\"name\":\"Neg\u00f3cios\",\"item\":\"https:\/\/www.suno.com.br\/noticias\/negocios\/\"},{\"@type\":\"ListItem\",\"position\":3,\"name\":\"Com escassez global de pe\u00e7as, montadoras de carros priorizam modelos mais caros\"}]},{\"@type\":\"WebSite\",\"@id\":\"https:\/\/www.suno.com.br\/noticias\/#website\",\"url\":\"https:\/\/www.suno.com.br\/noticias\/\",\"name\":\"Suno Not\u00edcias\",\"description\":\"Seu portal de informa\u00e7\u00e3o sobre o mundo dos investimentos\",\"publisher\":{\"@id\":\"https:\/\/www.suno.com.br\/noticias\/#organization\"},\"potentialAction\":[{\"@type\":\"SearchAction\",\"target\":{\"@type\":\"EntryPoint\",\"urlTemplate\":\"https:\/\/www.suno.com.br\/noticias\/?s={search_term_string}\"},\"query-input\":{\"@type\":\"PropertyValueSpecification\",\"valueRequired\":true,\"valueName\":\"search_term_string\"}}],\"inLanguage\":\"pt-BR\"},{\"@type\":\"Organization\",\"@id\":\"https:\/\/www.suno.com.br\/noticias\/#organization\",\"name\":\"Suno Not\u00edcias\",\"url\":\"https:\/\/www.suno.com.br\/noticias\/\",\"logo\":{\"@type\":\"ImageObject\",\"inLanguage\":\"pt-BR\",\"@id\":\"https:\/\/www.suno.com.br\/noticias\/#\/schema\/logo\/image\/\",\"url\":\"https:\/\/files.sunoresearch.com.br\/n\/uploads\/2021\/09\/suno-logo.png\",\"contentUrl\":\"https:\/\/files.sunoresearch.com.br\/n\/uploads\/2021\/09\/suno-logo.png\",\"width\":180,\"height\":180,\"caption\":\"Suno Not\u00edcias\"},\"image\":{\"@id\":\"https:\/\/www.suno.com.br\/noticias\/#\/schema\/logo\/image\/\"},\"sameAs\":[\"https:\/\/facebook.com\/sunoresearch\",\"https:\/\/x.com\/sunoresearch\",\"https:\/\/www.instagram.com\/suno\",\"https:\/\/www.linkedin.com\/company\/suno-research\/\",\"https:\/\/www.youtube.com\/c\/sunoresearch\"]},{\"@type\":\"Person\",\"@id\":\"https:\/\/www.suno.com.br\/noticias\/#\/schema\/person\/7f4d362bf3518e76090143ae77bb49a5\",\"name\":\"Eduardo Vargas\",\"image\":{\"@type\":\"ImageObject\",\"inLanguage\":\"pt-BR\",\"@id\":\"https:\/\/www.suno.com.br\/noticias\/#\/schema\/person\/image\/\",\"url\":\"https:\/\/secure.gravatar.com\/avatar\/dac340933427a22924c9f99d1eb2e3f2?s=96&r=g\",\"contentUrl\":\"https:\/\/secure.gravatar.com\/avatar\/dac340933427a22924c9f99d1eb2e3f2?s=96&r=g\",\"caption\":\"Eduardo Vargas\"},\"description\":\"Jornalista formado pela UFSC, cobre macroeconomia, neg\u00f3cios e startups para o Suno Not\u00edcias, escrevendo principalmente not\u00edcias sobre o mercado financeiro e a bolsa de valores. No YouTube e no Instagram, \u00e9 respons\u00e1vel pela produ\u00e7\u00e3o de Reels e Shorts do Suno Not\u00edcias. Anteriormente, trabalhou cobrindo economia e cotidiano no ND+ e para o ND, maior jornal impresso de Santa Catarina. Cursou um semestre letivo de Estudos de M\u00eddia na Universidad de Buenos Aires.\",\"url\":\"https:\/\/www.suno.com.br\/noticias\/author\/eduardo-vargas\/\"}]}<\/script>\n<!-- \/ Yoast SEO plugin. -->","yoast_head_json":{"title":"Com escassez global de pe\u00e7as, montadoras priorizam carros caros","description":"Os definidos pela como carros populares, representaram menos de 2% das vendas da ind\u00fastria nos \u00faltimos tr\u00eas meses. Clique aqui e leia mais.","robots":{"index":"index","follow":"follow","max-snippet":"max-snippet:-1","max-image-preview":"max-image-preview:large","max-video-preview":"max-video-preview:-1"},"canonical":"https:\/\/www.suno.com.br\/noticias\/escassez-pecas-montadoras-carros-caros\/","og_locale":"pt_BR","og_type":"article","og_title":"Com escassez global de pe\u00e7as, montadoras priorizam carros caros","og_description":"Os definidos pela como carros populares, representaram menos de 2% das vendas da ind\u00fastria nos \u00faltimos tr\u00eas meses. Clique aqui e leia mais.","og_url":"https:\/\/www.suno.com.br\/noticias\/escassez-pecas-montadoras-carros-caros\/","og_site_name":"Suno Not\u00edcias","article_publisher":"https:\/\/facebook.com\/sunoresearch","og_image":[{"width":1280,"height":853,"url":"https:\/\/files.sunoresearch.com.br\/n\/uploads\/2021\/06\/52b13b07-taxis-1209542_1280.jpg","type":"image\/jpeg"}],"author":"Eduardo Vargas","twitter_card":"summary_large_image","twitter_creator":"@sunoresearch","twitter_site":"@sunoresearch","twitter_misc":{"Escrito por":"Eduardo Vargas","Est. tempo de leitura":"3 minutos"},"schema":{"@context":"https:\/\/schema.org","@graph":[{"@type":"NewsArticle","@id":"https:\/\/www.suno.com.br\/noticias\/escassez-pecas-montadoras-carros-caros\/#article","isPartOf":{"@id":"https:\/\/www.suno.com.br\/noticias\/escassez-pecas-montadoras-carros-caros\/"},"author":{"name":"Eduardo Vargas","@id":"https:\/\/www.suno.com.br\/noticias\/#\/schema\/person\/7f4d362bf3518e76090143ae77bb49a5"},"headline":"Com escassez global de pe\u00e7as, montadoras de carros priorizam modelos mais caros","datePublished":"2021-07-20T14:21:32+00:00","mainEntityOfPage":{"@id":"https:\/\/www.suno.com.br\/noticias\/escassez-pecas-montadoras-carros-caros\/"},"wordCount":665,"publisher":{"@id":"https:\/\/www.suno.com.br\/noticias\/#organization"},"image":{"@id":"https:\/\/www.suno.com.br\/noticias\/escassez-pecas-montadoras-carros-caros\/#primaryimage"},"thumbnailUrl":"https:\/\/files.sunoresearch.com.br\/n\/uploads\/2021\/06\/52b13b07-taxis-1209542_1280-jpg.webp","keywords":["Ag\u00eancias","carros aut\u00f4nomos","carros el\u00e9tricos","ind\u00fastria"],"articleSection":["Neg\u00f3cios"],"inLanguage":"pt-BR"},{"@type":"WebPage","@id":"https:\/\/www.suno.com.br\/noticias\/escassez-pecas-montadoras-carros-caros\/","url":"https:\/\/www.suno.com.br\/noticias\/escassez-pecas-montadoras-carros-caros\/","name":"Com escassez global de pe\u00e7as, montadoras priorizam carros caros","isPartOf":{"@id":"https:\/\/www.suno.com.br\/noticias\/#website"},"primaryImageOfPage":{"@id":"https:\/\/www.suno.com.br\/noticias\/escassez-pecas-montadoras-carros-caros\/#primaryimage"},"image":{"@id":"https:\/\/www.suno.com.br\/noticias\/escassez-pecas-montadoras-carros-caros\/#primaryimage"},"thumbnailUrl":"https:\/\/files.sunoresearch.com.br\/n\/uploads\/2021\/06\/52b13b07-taxis-1209542_1280-jpg.webp","datePublished":"2021-07-20T14:21:32+00:00","description":"Os definidos pela como carros populares, representaram menos de 2% das vendas da ind\u00fastria nos \u00faltimos tr\u00eas meses. Clique aqui e leia mais.","breadcrumb":{"@id":"https:\/\/www.suno.com.br\/noticias\/escassez-pecas-montadoras-carros-caros\/#breadcrumb"},"inLanguage":"pt-BR","potentialAction":[{"@type":"ReadAction","target":["https:\/\/www.suno.com.br\/noticias\/escassez-pecas-montadoras-carros-caros\/"]}]},{"@type":"ImageObject","inLanguage":"pt-BR","@id":"https:\/\/www.suno.com.br\/noticias\/escassez-pecas-montadoras-carros-caros\/#primaryimage","url":"https:\/\/files.sunoresearch.com.br\/n\/uploads\/2021\/06\/52b13b07-taxis-1209542_1280-jpg.webp","contentUrl":"https:\/\/files.sunoresearch.com.br\/n\/uploads\/2021\/06\/52b13b07-taxis-1209542_1280-jpg.webp","width":1280,"height":853,"caption":"Carro - Foto: Piaxabay"},{"@type":"BreadcrumbList","@id":"https:\/\/www.suno.com.br\/noticias\/escassez-pecas-montadoras-carros-caros\/#breadcrumb","itemListElement":[{"@type":"ListItem","position":1,"name":"Not\u00edcias","item":"https:\/\/www.suno.com.br\/noticias\/"},{"@type":"ListItem","position":2,"name":"Neg\u00f3cios","item":"https:\/\/www.suno.com.br\/noticias\/negocios\/"},{"@type":"ListItem","position":3,"name":"Com escassez global de pe\u00e7as, montadoras de carros priorizam modelos mais caros"}]},{"@type":"WebSite","@id":"https:\/\/www.suno.com.br\/noticias\/#website","url":"https:\/\/www.suno.com.br\/noticias\/","name":"Suno Not\u00edcias","description":"Seu portal de informa\u00e7\u00e3o sobre o mundo dos investimentos","publisher":{"@id":"https:\/\/www.suno.com.br\/noticias\/#organization"},"potentialAction":[{"@type":"SearchAction","target":{"@type":"EntryPoint","urlTemplate":"https:\/\/www.suno.com.br\/noticias\/?s={search_term_string}"},"query-input":{"@type":"PropertyValueSpecification","valueRequired":true,"valueName":"search_term_string"}}],"inLanguage":"pt-BR"},{"@type":"Organization","@id":"https:\/\/www.suno.com.br\/noticias\/#organization","name":"Suno Not\u00edcias","url":"https:\/\/www.suno.com.br\/noticias\/","logo":{"@type":"ImageObject","inLanguage":"pt-BR","@id":"https:\/\/www.suno.com.br\/noticias\/#\/schema\/logo\/image\/","url":"https:\/\/files.sunoresearch.com.br\/n\/uploads\/2021\/09\/suno-logo.png","contentUrl":"https:\/\/files.sunoresearch.com.br\/n\/uploads\/2021\/09\/suno-logo.png","width":180,"height":180,"caption":"Suno Not\u00edcias"},"image":{"@id":"https:\/\/www.suno.com.br\/noticias\/#\/schema\/logo\/image\/"},"sameAs":["https:\/\/facebook.com\/sunoresearch","https:\/\/x.com\/sunoresearch","https:\/\/www.instagram.com\/suno","https:\/\/www.linkedin.com\/company\/suno-research\/","https:\/\/www.youtube.com\/c\/sunoresearch"]},{"@type":"Person","@id":"https:\/\/www.suno.com.br\/noticias\/#\/schema\/person\/7f4d362bf3518e76090143ae77bb49a5","name":"Eduardo Vargas","image":{"@type":"ImageObject","inLanguage":"pt-BR","@id":"https:\/\/www.suno.com.br\/noticias\/#\/schema\/person\/image\/","url":"https:\/\/secure.gravatar.com\/avatar\/dac340933427a22924c9f99d1eb2e3f2?s=96&r=g","contentUrl":"https:\/\/secure.gravatar.com\/avatar\/dac340933427a22924c9f99d1eb2e3f2?s=96&r=g","caption":"Eduardo Vargas"},"description":"Jornalista formado pela UFSC, cobre macroeconomia, neg\u00f3cios e startups para o Suno Not\u00edcias, escrevendo principalmente not\u00edcias sobre o mercado financeiro e a bolsa de valores. No YouTube e no Instagram, \u00e9 respons\u00e1vel pela produ\u00e7\u00e3o de Reels e Shorts do Suno Not\u00edcias. Anteriormente, trabalhou cobrindo economia e cotidiano no ND+ e para o ND, maior jornal impresso de Santa Catarina. Cursou um semestre letivo de Estudos de M\u00eddia na Universidad de Buenos Aires.","url":"https:\/\/www.suno.com.br\/noticias\/author\/eduardo-vargas\/"}]}},"default_loop_html":"<div class=\"cardsPage__listCard__boxs\"><div class=\"cardsPage__listCard__boxs__img\"><a href=\"https:\/\/www.suno.com.br\/noticias\/escassez-pecas-montadoras-carros-caros\/\"><img class=\"mask\" src=\"https:\/\/www.suno.com.br\/noticias\/wp-content\/themes\/suno\/resources\/images\/spotlight\/spotlight1img\/bg-mask.png\" alt=\"Image Mask\"\/><img src=\"https:\/\/files.sunoresearch.com.br\/n\/uploads\/2021\/06\/52b13b07-taxis-1209542_1280-400x200.webp\" alt=\"Com escassez global de pe\u00e7as, montadoras de carros priorizam modelos mais caros\"\/><\/a><span class=\"spotlightCategory\"><a href=\"https:\/\/www.suno.com.br\/noticias\/negocios\/\">Neg\u00f3cios<\/a><\/span><\/div><div class=\"cardsPage__listCard__boxs__content\"><a href=\"https:\/\/www.suno.com.br\/noticias\/escassez-pecas-montadoras-carros-caros\/\"><h2 class=\"content__title\">Com escassez global de pe\u00e7as, montadoras de carros priorizam modelos mais caros<\/h2><\/a><div class=\"newsContent__article__meta\"><div class=\"newsContent__article__meta__authorBox\"><a href=\"https:\/\/www.suno.com.br\/noticias\/author\/eduardo-vargas\/\" class=\"authorBox__avatar noMobi\"><img src=\"https:\/\/secure.gravatar.com\/avatar\/dac340933427a22924c9f99d1eb2e3f2?s=96&#038;r=g\" alt=\"Eduardo Vargas\"><\/a><div class=\"authorBox__name\"><span>por\n\t\t\t<a href=\"https:\/\/www.suno.com.br\/noticias\/author\/eduardo-vargas\/\"><span itemprop=\"author\">Eduardo Vargas<\/span><\/a><\/span><time datetime=\"2021-07-20T11:21:32-03:00\" itemprop=\"datePublished\">20\/07\/2021 11:21<\/time><\/div><\/div><\/div><\/div><\/div>","single_layout":"posts","amp_enabled":true,"_links":{"self":[{"href":"https:\/\/www.suno.com.br\/noticias\/wp-json\/wp\/v2\/posts\/167233"}],"collection":[{"href":"https:\/\/www.suno.com.br\/noticias\/wp-json\/wp\/v2\/posts"}],"about":[{"href":"https:\/\/www.suno.com.br\/noticias\/wp-json\/wp\/v2\/types\/post"}],"author":[{"embeddable":true,"href":"https:\/\/www.suno.com.br\/noticias\/wp-json\/wp\/v2\/users\/73"}],"replies":[{"embeddable":true,"href":"https:\/\/www.suno.com.br\/noticias\/wp-json\/wp\/v2\/comments?post=167233"}],"version-history":[{"count":3,"href":"https:\/\/www.suno.com.br\/noticias\/wp-json\/wp\/v2\/posts\/167233\/revisions"}],"predecessor-version":[{"id":167284,"href":"https:\/\/www.suno.com.br\/noticias\/wp-json\/wp\/v2\/posts\/167233\/revisions\/167284"}],"wp:featuredmedia":[{"embeddable":true,"href":"https:\/\/www.suno.com.br\/noticias\/wp-json\/wp\/v2\/media\/161023"}],"wp:attachment":[{"href":"https:\/\/www.suno.com.br\/noticias\/wp-json\/wp\/v2\/media?parent=167233"}],"wp:term":[{"taxonomy":"category","embeddable":true,"href":"https:\/\/www.suno.com.br\/noticias\/wp-json\/wp\/v2\/categories?post=167233"},{"taxonomy":"post_tag","embeddable":true,"href":"https:\/\/www.suno.com.br\/noticias\/wp-json\/wp\/v2\/tags?post=167233"},{"taxonomy":"suno_strategy","embeddable":true,"href":"https:\/\/www.suno.com.br\/noticias\/wp-json\/wp\/v2\/suno_strategy?post=167233"}],"curies":[{"name":"wp","href":"https:\/\/api.w.org\/{rel}","templated":true}]}}