{"id":16708,"date":"2019-02-26T20:16:01","date_gmt":"2019-02-26T23:16:01","guid":{"rendered":"https:\/\/www.suno.com.br\/noticias\/?p=16708"},"modified":"2019-02-26T22:49:27","modified_gmt":"2019-02-27T01:49:27","slug":"mourao-maduro-venezuela-diplomatica","status":"publish","type":"post","link":"https:\/\/www.suno.com.br\/noticias\/mourao-maduro-venezuela-diplomatica\/","title":{"rendered":"Mour\u00e3o: sa\u00edda de Maduro do poder depende de press\u00e3o diplom\u00e1tica"},"content":{"rendered":"<p>O vice-presidente da Rep\u00fablica, Hamilton Mour\u00e3o, disse nesta ter\u00e7a-feira (26) que a sa\u00edda do ditador venezuelano Nicol\u00e1s Maduro depende de press\u00f5es diplom\u00e1ticas.<\/p>\t<div class=\"wrapper-featured-image\">\n\t\t<figure class=\"spotlightImg\">\n\n\t\t\t<picture>\n\t\t\t\t<source media=\"(max-width: 768px)\" srcset=\"https:\/\/files.sunoresearch.com.br\/n\/uploads\/2019\/02\/58de1d2f-mour\u00e3o-2-400x200.webp\">\n\t\t\t\t<img loading=\"lazy\" decoding=\"async\" class=\"newsContent__article__imgCapa lazyloadDisabled newsContent__article__imgCapa--noCaption\" src=\"https:\/\/files.sunoresearch.com.br\/n\/uploads\/2019\/02\/58de1d2f-mour\u00e3o-2-800x450.webp\" width=\"800\" height=\"450\" alt=\"Mour\u00e3o: sa\u00edda de Maduro do poder depende de press\u00e3o diplom\u00e1tica\" fetchpriority=high \/>\n\t\t\t<\/picture>\n\n\t\t\t<figcaption class=\"wp-caption-text wp-caption-text--hide\">O vice-presidente Hamilton Mour\u00e3o diz que a reforma da Previd\u00eancia dos militares vai economizar R$ 13 bilh\u00f5es em 10 anos<\/figcaption>\n\t\t<\/figure>\n\t<\/div>\n\n\n<p>Segundo <strong>Mour\u00e3o<\/strong>, haver\u00e1 mais negocia\u00e7\u00e3o para que o venezuelano deixe o poder. \u201cO governo vai continuar naquilo que n\u00f3s j\u00e1 colocamos. A nossa posi\u00e7\u00e3o \u00e9 usar a diplomacia como m\u00e9todo, e as press\u00f5es pol\u00edticas e econ\u00f4micas necess\u00e1rias at\u00e9 que o senhor <strong>Nicol\u00e1s Maduro<\/strong> compreenda que \u00e9 hora de ele se retirar\u201d, disse o vice-presidente.<\/p>\n<p><a href=\"https:\/\/www.suno.com.br\/noticias\/exercito-venezuela-confronto-brasil\/\">Saiba mais: Ex\u00e9rcito e venezuelanos entram em confronto na fronteira do Brasil<\/a><\/p>\n<p><strong>Mour\u00e3o<\/strong>, que atuou na <strong>Venezuela<\/strong> quando era <strong>militar<\/strong> da ativa, disse que havia muitos integrantes das <strong>For\u00e7as Armadas venezuelanas<\/strong> &#8220;contr\u00e1rios \u00e0s ideias&#8221; do presidente <strong>Hugo Ch\u00e1vez<\/strong>, que morreu em 2013. \u201cOutros est\u00e3o em situa\u00e7\u00e3o complicada porque n\u00e3o concordam com o que est\u00e1 ocorrendo, s\u00e3o oficiais que quase est\u00e3o reformados.\u201d<\/p>\n<h2>Medidas extremas<\/h2>\n<p>Na \u00faltima segunda-feira (25), <strong>Mour\u00e3o<\/strong> reafirmou que o Brasil n\u00e3o pode tomar nenhuma <strong>medida extrema.<\/strong> Al\u00e9m disso, o vice-presidente chamou o governo de Maduro de &#8220;criminoso&#8221;.<\/p>\n<p><a href=\"https:\/\/www.suno.com.br\/noticias\/venezuela-sem-medidas-extremas-mourao\/\">Saiba mais &#8211; Venezuela: Democracia deve vir sem qualquer medida extrema, diz Mour\u00e3o<\/a><\/p>\n<p>&#8220;O <strong>Brasil<\/strong> acredita que \u00e9 poss\u00edvel fazer a <strong>Venezuela<\/strong> voltar ao conv\u00edvio democr\u00e1tico das <strong>Am\u00e9ricas<\/strong>, sem qualquer medida extrema que nos confunda, enquanto na\u00e7\u00f5es <strong>democr\u00e1ticas,<\/strong> com aqueles que ser\u00e3o julgados pela hist\u00f3ria como agressores, invasores e violadores das soberanias nacionais&#8221;, declarou.<\/p>\n<h2>Plano de aposentadoria de militares<\/h2>\n<p>Al\u00e9m de falar da situa\u00e7\u00e3o da Venezuela, <strong>Mour\u00e3o<\/strong> tamb\u00e9m fez declara\u00e7\u00f5es sobre a proposta do <strong>plano de aposentadoria dos militares<\/strong>. De acordo com o vice-presidente, o projeto ser\u00e1 via<strong> projeto de lei<\/strong> e n\u00e3o por <strong>medida provis\u00f3ria<\/strong> (MP). A ideia da <strong>MP<\/strong> foi levantada pelo l\u00edder do governo na <strong>C\u00e2mara dos Deputados<\/strong>, Major Vitor Hugo.<\/p>\n<p>\u201cVi que o l\u00edder do governo andou falando isso da\u00ed. Na realidade ela [a reforma dos militares] pode ser mandada por medida provis\u00f3ria, mas vai ser votada e encaminhada via projeto de lei, s\u00e3o cinco leis a serem alteradas\u201d, disse.<\/p>\n<p>Nesta ter\u00e7a-feira, o\u00a0<strong>secret\u00e1rio especial de Previd\u00eancia e Trabalho<\/strong>, <strong>Rog\u00e9rio Marinho<\/strong>, afirmou que o <strong>plano de aposentadoria<\/strong> de militares ser\u00e1 enviada at\u00e9 o dia 20 de mar\u00e7o.\u00a0&#8220;O compromisso feito pelo <strong>presidente da Rep\u00fablica<\/strong> vai ser cumprido. Dia 20 de mar\u00e7o, at\u00e9 o dia 21 de mar\u00e7o, chegar\u00e1 ao <strong>Congresso Nacional<\/strong> o projeto que reestrutura a assist\u00eancia dos militares&#8221;, declarou Marinho.<\/p>\n<p><a href=\"https:\/\/www.suno.com.br\/noticias\/aposentadoria-dos-militares-camara\/\">Saiba mais: Projeto de aposentadoria dos militares ser\u00e1 enviado \u00e0 C\u00e2mara at\u00e9 o dia 20 de mar\u00e7o<\/a><\/p>\n<p>O presidente da C\u00e2mara, Rodrigo Maia, disse que h\u00e1 uma preocupa\u00e7\u00e3o entre os parlamentares da casa com a situa\u00e7\u00e3o dos <strong>militares<\/strong>. &#8220;Avisei <strong>Onyx Lorenzoni<\/strong>, ministro da <strong>Casa Civil<\/strong> que havia inc\u00f4modo em rela\u00e7\u00e3o ao <strong>PL<\/strong> <strong>dos militares.<\/strong><\/p>\n","protected":false},"excerpt":{"rendered":"<p>O vice-presidente da Rep\u00fablica, Hamilton Mour\u00e3o, disse nesta ter\u00e7a-feira (26) que a sa\u00edda do ditador venezuelano Nicol\u00e1s Maduro depende de press\u00f5es diplom\u00e1ticas. O vice-presidente Hamilton Mour\u00e3o diz que a reforma da Previd\u00eancia dos militares vai economizar R$ 13 bilh\u00f5es em 10 anos Segundo Mour\u00e3o, haver\u00e1 mais negocia\u00e7\u00e3o para que o venezuelano deixe o poder. \u201cO [&hellip;]<\/p>\n","protected":false},"author":14,"featured_media":16716,"comment_status":"closed","ping_status":"closed","sticky":false,"template":"","format":"standard","meta":[],"categories":[63],"tags":[1019,805,804],"suno_strategy":[],"class_list":["post-16708","post","type-post","status-publish","format-standard","has-post-thumbnail","hentry","category-internacional","tag-hamilton-mourao","tag-nicolas-maduro","tag-venezuela"],"yoast_head":"<!-- This site is optimized with the Yoast SEO plugin v24.4 - https:\/\/yoast.com\/wordpress\/plugins\/seo\/ -->\n<title>Mour\u00e3o: sa\u00edda de Maduro de poder depende de press\u00e3o diplom\u00e1tica<\/title>\n<meta name=\"description\" content=\"Segundo Mour\u00e3o, haver\u00e1 mais negocia\u00e7\u00e3o diplom\u00e1tica para que o venezuelano sa\u00eda do poder. Clique para saber mais.\" \/>\n<meta name=\"robots\" content=\"index, follow, max-snippet:-1, max-image-preview:large, max-video-preview:-1\" \/>\n<link rel=\"canonical\" href=\"https:\/\/www.suno.com.br\/noticias\/mourao-maduro-venezuela-diplomatica\/\" \/>\n<meta property=\"og:locale\" content=\"pt_BR\" \/>\n<meta property=\"og:type\" content=\"article\" \/>\n<meta property=\"og:title\" content=\"Mour\u00e3o: sa\u00edda de Maduro de poder depende de press\u00e3o diplom\u00e1tica\" \/>\n<meta property=\"og:description\" content=\"Segundo Mour\u00e3o, haver\u00e1 mais negocia\u00e7\u00e3o diplom\u00e1tica para que o venezuelano sa\u00eda do poder. Clique para saber mais.\" \/>\n<meta property=\"og:url\" content=\"https:\/\/www.suno.com.br\/noticias\/mourao-maduro-venezuela-diplomatica\/\" \/>\n<meta property=\"og:site_name\" content=\"Suno Not\u00edcias\" \/>\n<meta property=\"article:publisher\" content=\"https:\/\/facebook.com\/sunoresearch\" \/>\n<meta property=\"og:image\" content=\"https:\/\/files.sunoresearch.com.br\/n\/uploads\/2019\/02\/58de1d2f-mour\u00e3o-2.jpg\" \/>\n\t<meta property=\"og:image:width\" content=\"1140\" \/>\n\t<meta property=\"og:image:height\" content=\"760\" \/>\n\t<meta property=\"og:image:type\" content=\"image\/jpeg\" \/>\n<meta name=\"author\" content=\"Renan Dantas\" \/>\n<meta name=\"twitter:card\" content=\"summary_large_image\" \/>\n<meta name=\"twitter:creator\" content=\"@sunoresearch\" \/>\n<meta name=\"twitter:site\" content=\"@sunoresearch\" \/>\n<meta name=\"twitter:label1\" content=\"Escrito por\" \/>\n\t<meta name=\"twitter:data1\" content=\"Renan Dantas\" \/>\n\t<meta name=\"twitter:label2\" content=\"Est. tempo de leitura\" \/>\n\t<meta name=\"twitter:data2\" content=\"2 minutos\" \/>\n<script type=\"application\/ld+json\" class=\"yoast-schema-graph\">{\"@context\":\"https:\/\/schema.org\",\"@graph\":[{\"@type\":\"NewsArticle\",\"@id\":\"https:\/\/www.suno.com.br\/noticias\/mourao-maduro-venezuela-diplomatica\/#article\",\"isPartOf\":{\"@id\":\"https:\/\/www.suno.com.br\/noticias\/mourao-maduro-venezuela-diplomatica\/\"},\"author\":{\"name\":\"Renan Dantas\",\"@id\":\"https:\/\/www.suno.com.br\/noticias\/#\/schema\/person\/3f7693d5795a3f6d5ce15309ee785699\"},\"headline\":\"Mour\u00e3o: sa\u00edda de Maduro do poder depende de press\u00e3o diplom\u00e1tica\",\"datePublished\":\"2019-02-26T23:16:01+00:00\",\"dateModified\":\"2019-02-27T01:49:27+00:00\",\"mainEntityOfPage\":{\"@id\":\"https:\/\/www.suno.com.br\/noticias\/mourao-maduro-venezuela-diplomatica\/\"},\"wordCount\":504,\"publisher\":{\"@id\":\"https:\/\/www.suno.com.br\/noticias\/#organization\"},\"image\":{\"@id\":\"https:\/\/www.suno.com.br\/noticias\/mourao-maduro-venezuela-diplomatica\/#primaryimage\"},\"thumbnailUrl\":\"https:\/\/files.sunoresearch.com.br\/n\/uploads\/2019\/02\/58de1d2f-mour\u00e3o-2-jpg.webp\",\"keywords\":[\"Hamilton Mour\u00e3o\",\"Nicol\u00e1s Maduro\",\"Venezuela\"],\"articleSection\":[\"Internacional\"],\"inLanguage\":\"pt-BR\"},{\"@type\":\"WebPage\",\"@id\":\"https:\/\/www.suno.com.br\/noticias\/mourao-maduro-venezuela-diplomatica\/\",\"url\":\"https:\/\/www.suno.com.br\/noticias\/mourao-maduro-venezuela-diplomatica\/\",\"name\":\"Mour\u00e3o: sa\u00edda de Maduro de poder depende de press\u00e3o diplom\u00e1tica\",\"isPartOf\":{\"@id\":\"https:\/\/www.suno.com.br\/noticias\/#website\"},\"primaryImageOfPage\":{\"@id\":\"https:\/\/www.suno.com.br\/noticias\/mourao-maduro-venezuela-diplomatica\/#primaryimage\"},\"image\":{\"@id\":\"https:\/\/www.suno.com.br\/noticias\/mourao-maduro-venezuela-diplomatica\/#primaryimage\"},\"thumbnailUrl\":\"https:\/\/files.sunoresearch.com.br\/n\/uploads\/2019\/02\/58de1d2f-mour\u00e3o-2-jpg.webp\",\"datePublished\":\"2019-02-26T23:16:01+00:00\",\"dateModified\":\"2019-02-27T01:49:27+00:00\",\"description\":\"Segundo Mour\u00e3o, haver\u00e1 mais negocia\u00e7\u00e3o diplom\u00e1tica para que o venezuelano sa\u00eda do poder. Clique para saber mais.\",\"breadcrumb\":{\"@id\":\"https:\/\/www.suno.com.br\/noticias\/mourao-maduro-venezuela-diplomatica\/#breadcrumb\"},\"inLanguage\":\"pt-BR\",\"potentialAction\":[{\"@type\":\"ReadAction\",\"target\":[\"https:\/\/www.suno.com.br\/noticias\/mourao-maduro-venezuela-diplomatica\/\"]}]},{\"@type\":\"ImageObject\",\"inLanguage\":\"pt-BR\",\"@id\":\"https:\/\/www.suno.com.br\/noticias\/mourao-maduro-venezuela-diplomatica\/#primaryimage\",\"url\":\"https:\/\/files.sunoresearch.com.br\/n\/uploads\/2019\/02\/58de1d2f-mour\u00e3o-2-jpg.webp\",\"contentUrl\":\"https:\/\/files.sunoresearch.com.br\/n\/uploads\/2019\/02\/58de1d2f-mour\u00e3o-2-jpg.webp\",\"width\":1140,\"height\":760,\"caption\":\"O vice-presidente Hamilton Mour\u00e3o diz que a reforma da Previd\u00eancia dos militares vai economizar R$ 13 bilh\u00f5es em 10 anos\"},{\"@type\":\"BreadcrumbList\",\"@id\":\"https:\/\/www.suno.com.br\/noticias\/mourao-maduro-venezuela-diplomatica\/#breadcrumb\",\"itemListElement\":[{\"@type\":\"ListItem\",\"position\":1,\"name\":\"Not\u00edcias\",\"item\":\"https:\/\/www.suno.com.br\/noticias\/\"},{\"@type\":\"ListItem\",\"position\":2,\"name\":\"Internacional\",\"item\":\"https:\/\/www.suno.com.br\/noticias\/internacional\/\"},{\"@type\":\"ListItem\",\"position\":3,\"name\":\"Mour\u00e3o: sa\u00edda de Maduro do poder depende de press\u00e3o diplom\u00e1tica\"}]},{\"@type\":\"WebSite\",\"@id\":\"https:\/\/www.suno.com.br\/noticias\/#website\",\"url\":\"https:\/\/www.suno.com.br\/noticias\/\",\"name\":\"Suno Not\u00edcias\",\"description\":\"Seu portal de informa\u00e7\u00e3o sobre o mundo dos investimentos\",\"publisher\":{\"@id\":\"https:\/\/www.suno.com.br\/noticias\/#organization\"},\"potentialAction\":[{\"@type\":\"SearchAction\",\"target\":{\"@type\":\"EntryPoint\",\"urlTemplate\":\"https:\/\/www.suno.com.br\/noticias\/?s={search_term_string}\"},\"query-input\":{\"@type\":\"PropertyValueSpecification\",\"valueRequired\":true,\"valueName\":\"search_term_string\"}}],\"inLanguage\":\"pt-BR\"},{\"@type\":\"Organization\",\"@id\":\"https:\/\/www.suno.com.br\/noticias\/#organization\",\"name\":\"Suno Not\u00edcias\",\"url\":\"https:\/\/www.suno.com.br\/noticias\/\",\"logo\":{\"@type\":\"ImageObject\",\"inLanguage\":\"pt-BR\",\"@id\":\"https:\/\/www.suno.com.br\/noticias\/#\/schema\/logo\/image\/\",\"url\":\"https:\/\/files.sunoresearch.com.br\/n\/uploads\/2021\/09\/suno-logo.png\",\"contentUrl\":\"https:\/\/files.sunoresearch.com.br\/n\/uploads\/2021\/09\/suno-logo.png\",\"width\":180,\"height\":180,\"caption\":\"Suno Not\u00edcias\"},\"image\":{\"@id\":\"https:\/\/www.suno.com.br\/noticias\/#\/schema\/logo\/image\/\"},\"sameAs\":[\"https:\/\/facebook.com\/sunoresearch\",\"https:\/\/x.com\/sunoresearch\",\"https:\/\/www.instagram.com\/suno\",\"https:\/\/www.linkedin.com\/company\/suno-research\/\",\"https:\/\/www.youtube.com\/c\/sunoresearch\"]},{\"@type\":\"Person\",\"@id\":\"https:\/\/www.suno.com.br\/noticias\/#\/schema\/person\/3f7693d5795a3f6d5ce15309ee785699\",\"name\":\"Renan Dantas\",\"image\":{\"@type\":\"ImageObject\",\"inLanguage\":\"pt-BR\",\"@id\":\"https:\/\/www.suno.com.br\/noticias\/#\/schema\/person\/image\/\",\"url\":\"https:\/\/secure.gravatar.com\/avatar\/1787b83e7484a08e51d62ac8b41c8396?s=96&r=g\",\"contentUrl\":\"https:\/\/secure.gravatar.com\/avatar\/1787b83e7484a08e51d62ac8b41c8396?s=96&r=g\",\"caption\":\"Renan Dantas\"},\"description\":\"Escreve sobre pol\u00edtica e mercado financeiro para o portal Suno Not\u00edcias. Antes, atuou na assessoria de comunica\u00e7\u00e3o do Minist\u00e9rio P\u00fablico do Trabalho e na R\u00e1dio Mackenzie, onde apresentava e produzia um programa sobre artistas da m\u00fasica brasileira. \u00c9 estudante na Universidade Presbiteriana Mackenzie.\",\"url\":\"https:\/\/www.suno.com.br\/noticias\/author\/renan-dantas\/\"}]}<\/script>\n<!-- \/ Yoast SEO plugin. -->","yoast_head_json":{"title":"Mour\u00e3o: sa\u00edda de Maduro de poder depende de press\u00e3o diplom\u00e1tica","description":"Segundo Mour\u00e3o, haver\u00e1 mais negocia\u00e7\u00e3o diplom\u00e1tica para que o venezuelano sa\u00eda do poder. Clique para saber mais.","robots":{"index":"index","follow":"follow","max-snippet":"max-snippet:-1","max-image-preview":"max-image-preview:large","max-video-preview":"max-video-preview:-1"},"canonical":"https:\/\/www.suno.com.br\/noticias\/mourao-maduro-venezuela-diplomatica\/","og_locale":"pt_BR","og_type":"article","og_title":"Mour\u00e3o: sa\u00edda de Maduro de poder depende de press\u00e3o diplom\u00e1tica","og_description":"Segundo Mour\u00e3o, haver\u00e1 mais negocia\u00e7\u00e3o diplom\u00e1tica para que o venezuelano sa\u00eda do poder. Clique para saber mais.","og_url":"https:\/\/www.suno.com.br\/noticias\/mourao-maduro-venezuela-diplomatica\/","og_site_name":"Suno Not\u00edcias","article_publisher":"https:\/\/facebook.com\/sunoresearch","og_image":[{"width":1140,"height":760,"url":"https:\/\/files.sunoresearch.com.br\/n\/uploads\/2019\/02\/58de1d2f-mour\u00e3o-2.jpg","type":"image\/jpeg"}],"author":"Renan Dantas","twitter_card":"summary_large_image","twitter_creator":"@sunoresearch","twitter_site":"@sunoresearch","twitter_misc":{"Escrito por":"Renan Dantas","Est. tempo de leitura":"2 minutos"},"schema":{"@context":"https:\/\/schema.org","@graph":[{"@type":"NewsArticle","@id":"https:\/\/www.suno.com.br\/noticias\/mourao-maduro-venezuela-diplomatica\/#article","isPartOf":{"@id":"https:\/\/www.suno.com.br\/noticias\/mourao-maduro-venezuela-diplomatica\/"},"author":{"name":"Renan Dantas","@id":"https:\/\/www.suno.com.br\/noticias\/#\/schema\/person\/3f7693d5795a3f6d5ce15309ee785699"},"headline":"Mour\u00e3o: sa\u00edda de Maduro do poder depende de press\u00e3o diplom\u00e1tica","datePublished":"2019-02-26T23:16:01+00:00","dateModified":"2019-02-27T01:49:27+00:00","mainEntityOfPage":{"@id":"https:\/\/www.suno.com.br\/noticias\/mourao-maduro-venezuela-diplomatica\/"},"wordCount":504,"publisher":{"@id":"https:\/\/www.suno.com.br\/noticias\/#organization"},"image":{"@id":"https:\/\/www.suno.com.br\/noticias\/mourao-maduro-venezuela-diplomatica\/#primaryimage"},"thumbnailUrl":"https:\/\/files.sunoresearch.com.br\/n\/uploads\/2019\/02\/58de1d2f-mour\u00e3o-2-jpg.webp","keywords":["Hamilton Mour\u00e3o","Nicol\u00e1s Maduro","Venezuela"],"articleSection":["Internacional"],"inLanguage":"pt-BR"},{"@type":"WebPage","@id":"https:\/\/www.suno.com.br\/noticias\/mourao-maduro-venezuela-diplomatica\/","url":"https:\/\/www.suno.com.br\/noticias\/mourao-maduro-venezuela-diplomatica\/","name":"Mour\u00e3o: sa\u00edda de Maduro de poder depende de press\u00e3o diplom\u00e1tica","isPartOf":{"@id":"https:\/\/www.suno.com.br\/noticias\/#website"},"primaryImageOfPage":{"@id":"https:\/\/www.suno.com.br\/noticias\/mourao-maduro-venezuela-diplomatica\/#primaryimage"},"image":{"@id":"https:\/\/www.suno.com.br\/noticias\/mourao-maduro-venezuela-diplomatica\/#primaryimage"},"thumbnailUrl":"https:\/\/files.sunoresearch.com.br\/n\/uploads\/2019\/02\/58de1d2f-mour\u00e3o-2-jpg.webp","datePublished":"2019-02-26T23:16:01+00:00","dateModified":"2019-02-27T01:49:27+00:00","description":"Segundo Mour\u00e3o, haver\u00e1 mais negocia\u00e7\u00e3o diplom\u00e1tica para que o venezuelano sa\u00eda do poder. Clique para saber mais.","breadcrumb":{"@id":"https:\/\/www.suno.com.br\/noticias\/mourao-maduro-venezuela-diplomatica\/#breadcrumb"},"inLanguage":"pt-BR","potentialAction":[{"@type":"ReadAction","target":["https:\/\/www.suno.com.br\/noticias\/mourao-maduro-venezuela-diplomatica\/"]}]},{"@type":"ImageObject","inLanguage":"pt-BR","@id":"https:\/\/www.suno.com.br\/noticias\/mourao-maduro-venezuela-diplomatica\/#primaryimage","url":"https:\/\/files.sunoresearch.com.br\/n\/uploads\/2019\/02\/58de1d2f-mour\u00e3o-2-jpg.webp","contentUrl":"https:\/\/files.sunoresearch.com.br\/n\/uploads\/2019\/02\/58de1d2f-mour\u00e3o-2-jpg.webp","width":1140,"height":760,"caption":"O vice-presidente Hamilton Mour\u00e3o diz que a reforma da Previd\u00eancia dos militares vai economizar R$ 13 bilh\u00f5es em 10 anos"},{"@type":"BreadcrumbList","@id":"https:\/\/www.suno.com.br\/noticias\/mourao-maduro-venezuela-diplomatica\/#breadcrumb","itemListElement":[{"@type":"ListItem","position":1,"name":"Not\u00edcias","item":"https:\/\/www.suno.com.br\/noticias\/"},{"@type":"ListItem","position":2,"name":"Internacional","item":"https:\/\/www.suno.com.br\/noticias\/internacional\/"},{"@type":"ListItem","position":3,"name":"Mour\u00e3o: sa\u00edda de Maduro do poder depende de press\u00e3o diplom\u00e1tica"}]},{"@type":"WebSite","@id":"https:\/\/www.suno.com.br\/noticias\/#website","url":"https:\/\/www.suno.com.br\/noticias\/","name":"Suno Not\u00edcias","description":"Seu portal de informa\u00e7\u00e3o sobre o mundo dos investimentos","publisher":{"@id":"https:\/\/www.suno.com.br\/noticias\/#organization"},"potentialAction":[{"@type":"SearchAction","target":{"@type":"EntryPoint","urlTemplate":"https:\/\/www.suno.com.br\/noticias\/?s={search_term_string}"},"query-input":{"@type":"PropertyValueSpecification","valueRequired":true,"valueName":"search_term_string"}}],"inLanguage":"pt-BR"},{"@type":"Organization","@id":"https:\/\/www.suno.com.br\/noticias\/#organization","name":"Suno Not\u00edcias","url":"https:\/\/www.suno.com.br\/noticias\/","logo":{"@type":"ImageObject","inLanguage":"pt-BR","@id":"https:\/\/www.suno.com.br\/noticias\/#\/schema\/logo\/image\/","url":"https:\/\/files.sunoresearch.com.br\/n\/uploads\/2021\/09\/suno-logo.png","contentUrl":"https:\/\/files.sunoresearch.com.br\/n\/uploads\/2021\/09\/suno-logo.png","width":180,"height":180,"caption":"Suno Not\u00edcias"},"image":{"@id":"https:\/\/www.suno.com.br\/noticias\/#\/schema\/logo\/image\/"},"sameAs":["https:\/\/facebook.com\/sunoresearch","https:\/\/x.com\/sunoresearch","https:\/\/www.instagram.com\/suno","https:\/\/www.linkedin.com\/company\/suno-research\/","https:\/\/www.youtube.com\/c\/sunoresearch"]},{"@type":"Person","@id":"https:\/\/www.suno.com.br\/noticias\/#\/schema\/person\/3f7693d5795a3f6d5ce15309ee785699","name":"Renan Dantas","image":{"@type":"ImageObject","inLanguage":"pt-BR","@id":"https:\/\/www.suno.com.br\/noticias\/#\/schema\/person\/image\/","url":"https:\/\/secure.gravatar.com\/avatar\/1787b83e7484a08e51d62ac8b41c8396?s=96&r=g","contentUrl":"https:\/\/secure.gravatar.com\/avatar\/1787b83e7484a08e51d62ac8b41c8396?s=96&r=g","caption":"Renan Dantas"},"description":"Escreve sobre pol\u00edtica e mercado financeiro para o portal Suno Not\u00edcias. Antes, atuou na assessoria de comunica\u00e7\u00e3o do Minist\u00e9rio P\u00fablico do Trabalho e na R\u00e1dio Mackenzie, onde apresentava e produzia um programa sobre artistas da m\u00fasica brasileira. \u00c9 estudante na Universidade Presbiteriana Mackenzie.","url":"https:\/\/www.suno.com.br\/noticias\/author\/renan-dantas\/"}]}},"default_loop_html":"<div class=\"cardsPage__listCard__boxs\"><div class=\"cardsPage__listCard__boxs__img\"><a href=\"https:\/\/www.suno.com.br\/noticias\/mourao-maduro-venezuela-diplomatica\/\"><img class=\"mask\" src=\"https:\/\/www.suno.com.br\/noticias\/wp-content\/themes\/suno\/resources\/images\/spotlight\/spotlight1img\/bg-mask.png\" alt=\"Image Mask\"\/><img src=\"https:\/\/files.sunoresearch.com.br\/n\/uploads\/2019\/02\/58de1d2f-mour\u00e3o-2-400x200.webp\" alt=\"Mour\u00e3o: sa\u00edda de Maduro do poder depende de press\u00e3o diplom\u00e1tica\"\/><\/a><span class=\"spotlightCategory\"><a href=\"https:\/\/www.suno.com.br\/noticias\/internacional\/\">Internacional<\/a><\/span><\/div><div class=\"cardsPage__listCard__boxs__content\"><a href=\"https:\/\/www.suno.com.br\/noticias\/mourao-maduro-venezuela-diplomatica\/\"><h2 class=\"content__title\">Mour\u00e3o: sa\u00edda de Maduro do poder depende de press\u00e3o diplom\u00e1tica<\/h2><\/a><div class=\"newsContent__article__meta\"><div class=\"newsContent__article__meta__authorBox\"><a href=\"https:\/\/www.suno.com.br\/noticias\/author\/renan-dantas\/\" class=\"authorBox__avatar noMobi\"><img src=\"https:\/\/secure.gravatar.com\/avatar\/1787b83e7484a08e51d62ac8b41c8396?s=96&#038;r=g\" alt=\"Renan Dantas\"><\/a><div class=\"authorBox__name\"><span>por\n\t\t\t<a href=\"https:\/\/www.suno.com.br\/noticias\/author\/renan-dantas\/\"><span itemprop=\"author\">Renan Dantas<\/span><\/a><\/span><time datetime=\"2019-02-26T20:16:01-03:00\" itemprop=\"datePublished\">26\/02\/2019 20:16<\/time><\/div><\/div><\/div><\/div><\/div>","single_layout":"posts","amp_enabled":true,"_links":{"self":[{"href":"https:\/\/www.suno.com.br\/noticias\/wp-json\/wp\/v2\/posts\/16708"}],"collection":[{"href":"https:\/\/www.suno.com.br\/noticias\/wp-json\/wp\/v2\/posts"}],"about":[{"href":"https:\/\/www.suno.com.br\/noticias\/wp-json\/wp\/v2\/types\/post"}],"author":[{"embeddable":true,"href":"https:\/\/www.suno.com.br\/noticias\/wp-json\/wp\/v2\/users\/14"}],"replies":[{"embeddable":true,"href":"https:\/\/www.suno.com.br\/noticias\/wp-json\/wp\/v2\/comments?post=16708"}],"version-history":[{"count":0,"href":"https:\/\/www.suno.com.br\/noticias\/wp-json\/wp\/v2\/posts\/16708\/revisions"}],"wp:featuredmedia":[{"embeddable":true,"href":"https:\/\/www.suno.com.br\/noticias\/wp-json\/wp\/v2\/media\/16716"}],"wp:attachment":[{"href":"https:\/\/www.suno.com.br\/noticias\/wp-json\/wp\/v2\/media?parent=16708"}],"wp:term":[{"taxonomy":"category","embeddable":true,"href":"https:\/\/www.suno.com.br\/noticias\/wp-json\/wp\/v2\/categories?post=16708"},{"taxonomy":"post_tag","embeddable":true,"href":"https:\/\/www.suno.com.br\/noticias\/wp-json\/wp\/v2\/tags?post=16708"},{"taxonomy":"suno_strategy","embeddable":true,"href":"https:\/\/www.suno.com.br\/noticias\/wp-json\/wp\/v2\/suno_strategy?post=16708"}],"curies":[{"name":"wp","href":"https:\/\/api.w.org\/{rel}","templated":true}]}}