{"id":16707,"date":"2019-02-26T19:35:54","date_gmt":"2019-02-26T22:35:54","guid":{"rendered":"https:\/\/www.suno.com.br\/noticias\/?p=16707"},"modified":"2019-02-26T19:35:54","modified_gmt":"2019-02-26T22:35:54","slug":"caoa-admite-interesse-fabrica-ford","status":"publish","type":"post","link":"https:\/\/www.suno.com.br\/noticias\/caoa-admite-interesse-fabrica-ford\/","title":{"rendered":"Caoa admite interesse para a f\u00e1brica da Ford"},"content":{"rendered":"<p>A <strong>Caoa<\/strong> admitiu nesta ter\u00e7a-feira (26) que est\u00e1 negociando para a compra da f\u00e1brica da Ford de\u00a0<strong>S\u00e3o Bernardo do Campo (SP)<\/strong>. As negocia\u00e7\u00f5es estariam sendo levadas adiante junto com a montadora norte-americana e o governo do estado de <strong>S\u00e3o Paulo.<\/strong><\/p>\t<div class=\"wrapper-featured-image\">\n\t\t<figure class=\"spotlightImg\">\n\n\t\t\t<picture>\n\t\t\t\t<source media=\"(max-width: 768px)\" srcset=\"https:\/\/files.sunoresearch.com.br\/n\/uploads\/2019\/02\/fc2f7664-ford-s\u00e3o-bernardo-do-campo-400x200.webp\">\n\t\t\t\t<img loading=\"lazy\" decoding=\"async\" class=\"newsContent__article__imgCapa lazyloadDisabled newsContent__article__imgCapa--noCaption\" src=\"https:\/\/files.sunoresearch.com.br\/n\/uploads\/2019\/02\/fc2f7664-ford-s\u00e3o-bernardo-do-campo.jpg\" width=\"800\" height=\"450\" alt=\"Caoa admite interesse para a f\u00e1brica da Ford\" fetchpriority=high \/>\n\t\t\t<\/picture>\n\n\t\t\t<figcaption class=\"wp-caption-text wp-caption-text--hide\">Ford S\u00e3o Bernardo do Campo<\/figcaption>\n\t\t<\/figure>\n\t<\/div>\n\n\n<p><a href=\"https:\/\/www.suno.com.br\/noticias\/ford-motivos-fechamento-unidade-sbc\/\">Saiba mais:\u00a0Ford: 3 motivos que levaram ao fechamento da unidade de S\u00e3o Bernardo<\/a><\/p>\n<p>Na manh\u00e3 desta ter\u00e7a-feira o governador de S\u00e3o Paulo, <strong>Jo\u00e3o Doria,<\/strong> tinha admitido que tr\u00eas empresas estavam interessadas na planta da <strong>Ford.<\/strong> Entretanto, ele n\u00e3o revelou nome, salientando apenas que duas eram multinacionais e uma era brasileira.<\/p>\n<p>A <strong>Associa\u00e7\u00e3o Nacional dos Fabricantes de Ve\u00edculos Automotores (Anfavea),<\/strong> tem apenas duas montadoras brasileiras. A <strong>Caoa<\/strong> e a <strong>Agrale.<\/strong> Entretanto, a Agrale, que produz caminh\u00f5es, tratores e utilit\u00e1rios, negou qualquer interesse pela f\u00e1brica da Ford.<\/p>\n<p>A <strong>Caoa<\/strong> j\u00e1 \u00e9 uma produtora de ve\u00edculos, tendo uma planta pr\u00f3pria em <strong>An\u00e1polis,<\/strong> no interior de <strong>Goi\u00e1s.<\/strong> Ela produzi ve\u00edculos da marca sul-coreana <strong>Hyundai.<\/strong> Al\u00e9m disso, ela tem uma planta em Jacare\u00ed, no interior de <strong>S\u00e3o Paulo,<\/strong> onde produz ve\u00edculos da marca chinesa <strong>Chery,<\/strong> detendo 51% das opera\u00e7\u00f5es.<\/p>\n<h2>Tentativa dos sindicatos de reverter o fechamento<\/h2>\n<p>Nesta ter\u00e7a-feira, a reuni\u00e3o entre o <strong>Sindicato dos Metal\u00fargicos do ABC<\/strong> e a dire\u00e7\u00e3o mundial da <strong>Ford<\/strong> foi marcada para o dia 7 de mar\u00e7o. O objetivo do encontro \u00e9 reverter a decis\u00e3o de fechar a f\u00e1brica de\u00a0<strong>S\u00e3o Bernardo do Campo<\/strong>.<\/p>\n<p><a href=\"https:\/\/www.suno.com.br\/noticias\/ford-sindicato-reunem-marco\/\">Saiba mais: Ford: Sindicato e dire\u00e7\u00e3o mundial da empresa se re\u00fanem em 7 de mar\u00e7o\u00a0<\/a><\/p>\n<h2>Entenda o caso<\/h2>\n<p>Na \u00faltima ter\u00e7a-feira (19), a <strong>Ford<\/strong> anunciou o fechamento de sua f\u00e1brica em <strong>S\u00e3o Bernardo do Campo<\/strong>.<\/p>\n<p>A montadora norte-americana informou que vai sair do mercado de caminh\u00f5es. De acordo com a <strong>Ford,<\/strong> essa medida \u00e9 uma dos passos para &#8220;o retorno a lucratividade sustent\u00e1vel de suas opera\u00e7\u00f5es na <strong>Am\u00e9rica do Sul&#8221;.<\/strong><\/p>\n<p>O fechamento da planta na <strong>Grande S\u00e3o Paulo<\/strong> dever\u00e1 ocorrer ao longo de 2019. Hoje a f\u00e1brica de <strong>S\u00e3o Bernardo<\/strong> produz caminh\u00f5es e o modelo <strong>Fiesta.\u00a0<\/strong>Segundo a Ford, o custo dessa opera\u00e7\u00e3o ser\u00e1 de cerca US$ 460 milh\u00f5es, entre indeniza\u00e7\u00f5es trabalhistas, de concession\u00e1rias e de fornecedores, al\u00e9m da deprecia\u00e7\u00e3o de ativos.<\/p>\n<h3>Consequ\u00eancias do fechamento<\/h3>\n<p>O fechamento da f\u00e1brica da Ford em <strong>S\u00e3o Bernardo<\/strong>\u00a0pode afetar 24 mil trabalhadores. Um n\u00famero quase dez vezes maior do que as 2,8 mil demiss\u00f5es anunciadas pela montadora norte-americana.<\/p>\n<p>O c\u00e1lculo foi realizado pelo <strong>Departamento Intersindical de Estat\u00edstica e Estudos Socioecon\u00f4micos (Dieese)<\/strong> e pelo\u00a0<strong>Sindicato dos Metal\u00fargicos do ABC<\/strong>.<\/p>\n<p>De acordo com o <strong>Dieese<\/strong>, distribuidores e fornecedores da planta de <strong>S\u00e3o Bernardo<\/strong> acabar\u00e3o falindo nos pr\u00f3ximos meses. Isso por causa da impossibilidade de substituir a demanda de produtos e servi\u00e7os da <strong>Ford.<\/strong> Esse efeito cascata, segundo o Dieese, \u00e9 ainda dif\u00edcil de mesurar com precis\u00e3o.<\/p>\n<p><a href=\"https:\/\/www.suno.com.br\/noticias\/fechamento-fabrica-ford-trabalhadores\/\">Saiba mais:\u00a0Fechamento de f\u00e1brica da Ford afeta at\u00e9 24 mil trabalhadores<\/a><\/p>\n<p>Entretanto, a <strong>montadora<\/strong> norte-americana j\u00e1 deixou claro que n\u00e3o remanejar\u00e1\u00a0praticamente nenhum funcion\u00e1rio.<\/p>\n<p>Isso porque unidades da <strong>Ford<\/strong> em Taubat\u00e9 (SP) e Cama\u00e7ari (BA) j\u00e1 t\u00eam seu org\u00e2nico completo. Al\u00e9m disso, a <strong>nova f\u00e1brica<\/strong> na Bahia seria distante demais para realizar um reajuste de <strong>funcion\u00e1rios paulistas<\/strong>.<\/p>\n","protected":false},"excerpt":{"rendered":"<p>A Caoa admitiu nesta ter\u00e7a-feira (26) que est\u00e1 negociando para a compra da f\u00e1brica da Ford de\u00a0S\u00e3o Bernardo do Campo (SP). As negocia\u00e7\u00f5es estariam sendo levadas adiante junto com a montadora norte-americana e o governo do estado de S\u00e3o Paulo. Ford S\u00e3o Bernardo do Campo Saiba mais:\u00a0Ford: 3 motivos que levaram ao fechamento da unidade [&hellip;]<\/p>\n","protected":false},"author":9,"featured_media":16711,"comment_status":"closed","ping_status":"closed","sticky":false,"template":"","format":"standard","meta":[],"categories":[64],"tags":[935,870,941],"suno_strategy":[],"class_list":["post-16707","post","type-post","status-publish","format-standard","has-post-thumbnail","hentry","category-negocios","tag-caoa-chery","tag-ford-fdmo34","tag-setor-automotivo"],"yoast_head":"<!-- This site is optimized with the Yoast SEO plugin v24.4 - https:\/\/yoast.com\/wordpress\/plugins\/seo\/ -->\n<title>Caoa admite interesse para a f\u00e1brica da Ford em S\u00e3o Bernardo<\/title>\n<meta name=\"description\" content=\"A Caoa admitiu que est\u00e1 negociando para a compra da f\u00e1brica da Ford de\u00a0S\u00e3o Bernardo do Campo (SP). Clique aqui para saber mais.\" \/>\n<meta name=\"robots\" content=\"index, follow, max-snippet:-1, max-image-preview:large, max-video-preview:-1\" \/>\n<link rel=\"canonical\" href=\"https:\/\/www.suno.com.br\/noticias\/caoa-admite-interesse-fabrica-ford\/\" \/>\n<meta property=\"og:locale\" content=\"pt_BR\" \/>\n<meta property=\"og:type\" content=\"article\" \/>\n<meta property=\"og:title\" content=\"Caoa admite interesse para a f\u00e1brica da Ford em S\u00e3o Bernardo\" \/>\n<meta property=\"og:description\" content=\"A Caoa admitiu que est\u00e1 negociando para a compra da f\u00e1brica da Ford de\u00a0S\u00e3o Bernardo do Campo (SP). Clique aqui para saber mais.\" \/>\n<meta property=\"og:url\" content=\"https:\/\/www.suno.com.br\/noticias\/caoa-admite-interesse-fabrica-ford\/\" \/>\n<meta property=\"og:site_name\" content=\"Suno Not\u00edcias\" \/>\n<meta property=\"article:publisher\" content=\"https:\/\/facebook.com\/sunoresearch\" \/>\n<meta property=\"og:image\" content=\"https:\/\/files.sunoresearch.com.br\/n\/uploads\/2019\/02\/fc2f7664-ford-s\u00e3o-bernardo-do-campo.jpg\" \/>\n\t<meta property=\"og:image:width\" content=\"620\" \/>\n\t<meta property=\"og:image:height\" content=\"273\" \/>\n\t<meta property=\"og:image:type\" content=\"image\/jpeg\" \/>\n<meta name=\"author\" content=\"Carlo Cauti\" \/>\n<meta name=\"twitter:card\" content=\"summary_large_image\" \/>\n<meta name=\"twitter:creator\" content=\"@sunoresearch\" \/>\n<meta name=\"twitter:site\" content=\"@sunoresearch\" \/>\n<meta name=\"twitter:label1\" content=\"Escrito por\" \/>\n\t<meta name=\"twitter:data1\" content=\"Carlo Cauti\" \/>\n\t<meta name=\"twitter:label2\" content=\"Est. tempo de leitura\" \/>\n\t<meta name=\"twitter:data2\" content=\"3 minutos\" \/>\n<script type=\"application\/ld+json\" class=\"yoast-schema-graph\">{\"@context\":\"https:\/\/schema.org\",\"@graph\":[{\"@type\":\"NewsArticle\",\"@id\":\"https:\/\/www.suno.com.br\/noticias\/caoa-admite-interesse-fabrica-ford\/#article\",\"isPartOf\":{\"@id\":\"https:\/\/www.suno.com.br\/noticias\/caoa-admite-interesse-fabrica-ford\/\"},\"author\":{\"name\":\"Carlo Cauti\",\"@id\":\"https:\/\/www.suno.com.br\/noticias\/#\/schema\/person\/e6e0f723cc177805027f4566c1d5e0c8\"},\"headline\":\"Caoa admite interesse para a f\u00e1brica da Ford\",\"datePublished\":\"2019-02-26T22:35:54+00:00\",\"mainEntityOfPage\":{\"@id\":\"https:\/\/www.suno.com.br\/noticias\/caoa-admite-interesse-fabrica-ford\/\"},\"wordCount\":575,\"publisher\":{\"@id\":\"https:\/\/www.suno.com.br\/noticias\/#organization\"},\"image\":{\"@id\":\"https:\/\/www.suno.com.br\/noticias\/caoa-admite-interesse-fabrica-ford\/#primaryimage\"},\"thumbnailUrl\":\"https:\/\/files.sunoresearch.com.br\/n\/uploads\/2019\/02\/fc2f7664-ford-s\u00e3o-bernardo-do-campo.jpg\",\"keywords\":[\"Caoa Chery\",\"Ford (FDMO34)\",\"setor automotivo\"],\"articleSection\":[\"Neg\u00f3cios\"],\"inLanguage\":\"pt-BR\"},{\"@type\":\"WebPage\",\"@id\":\"https:\/\/www.suno.com.br\/noticias\/caoa-admite-interesse-fabrica-ford\/\",\"url\":\"https:\/\/www.suno.com.br\/noticias\/caoa-admite-interesse-fabrica-ford\/\",\"name\":\"Caoa admite interesse para a f\u00e1brica da Ford em S\u00e3o Bernardo\",\"isPartOf\":{\"@id\":\"https:\/\/www.suno.com.br\/noticias\/#website\"},\"primaryImageOfPage\":{\"@id\":\"https:\/\/www.suno.com.br\/noticias\/caoa-admite-interesse-fabrica-ford\/#primaryimage\"},\"image\":{\"@id\":\"https:\/\/www.suno.com.br\/noticias\/caoa-admite-interesse-fabrica-ford\/#primaryimage\"},\"thumbnailUrl\":\"https:\/\/files.sunoresearch.com.br\/n\/uploads\/2019\/02\/fc2f7664-ford-s\u00e3o-bernardo-do-campo.jpg\",\"datePublished\":\"2019-02-26T22:35:54+00:00\",\"description\":\"A Caoa admitiu que est\u00e1 negociando para a compra da f\u00e1brica da Ford de\u00a0S\u00e3o Bernardo do Campo (SP). Clique aqui para saber mais.\",\"breadcrumb\":{\"@id\":\"https:\/\/www.suno.com.br\/noticias\/caoa-admite-interesse-fabrica-ford\/#breadcrumb\"},\"inLanguage\":\"pt-BR\",\"potentialAction\":[{\"@type\":\"ReadAction\",\"target\":[\"https:\/\/www.suno.com.br\/noticias\/caoa-admite-interesse-fabrica-ford\/\"]}]},{\"@type\":\"ImageObject\",\"inLanguage\":\"pt-BR\",\"@id\":\"https:\/\/www.suno.com.br\/noticias\/caoa-admite-interesse-fabrica-ford\/#primaryimage\",\"url\":\"https:\/\/files.sunoresearch.com.br\/n\/uploads\/2019\/02\/fc2f7664-ford-s\u00e3o-bernardo-do-campo.jpg\",\"contentUrl\":\"https:\/\/files.sunoresearch.com.br\/n\/uploads\/2019\/02\/fc2f7664-ford-s\u00e3o-bernardo-do-campo.jpg\",\"width\":620,\"height\":273,\"caption\":\"Ford S\u00e3o Bernardo do Campo\"},{\"@type\":\"BreadcrumbList\",\"@id\":\"https:\/\/www.suno.com.br\/noticias\/caoa-admite-interesse-fabrica-ford\/#breadcrumb\",\"itemListElement\":[{\"@type\":\"ListItem\",\"position\":1,\"name\":\"Not\u00edcias\",\"item\":\"https:\/\/www.suno.com.br\/noticias\/\"},{\"@type\":\"ListItem\",\"position\":2,\"name\":\"Neg\u00f3cios\",\"item\":\"https:\/\/www.suno.com.br\/noticias\/negocios\/\"},{\"@type\":\"ListItem\",\"position\":3,\"name\":\"Caoa admite interesse para a f\u00e1brica da Ford\"}]},{\"@type\":\"WebSite\",\"@id\":\"https:\/\/www.suno.com.br\/noticias\/#website\",\"url\":\"https:\/\/www.suno.com.br\/noticias\/\",\"name\":\"Suno Not\u00edcias\",\"description\":\"Seu portal de informa\u00e7\u00e3o sobre o mundo dos investimentos\",\"publisher\":{\"@id\":\"https:\/\/www.suno.com.br\/noticias\/#organization\"},\"potentialAction\":[{\"@type\":\"SearchAction\",\"target\":{\"@type\":\"EntryPoint\",\"urlTemplate\":\"https:\/\/www.suno.com.br\/noticias\/?s={search_term_string}\"},\"query-input\":{\"@type\":\"PropertyValueSpecification\",\"valueRequired\":true,\"valueName\":\"search_term_string\"}}],\"inLanguage\":\"pt-BR\"},{\"@type\":\"Organization\",\"@id\":\"https:\/\/www.suno.com.br\/noticias\/#organization\",\"name\":\"Suno Not\u00edcias\",\"url\":\"https:\/\/www.suno.com.br\/noticias\/\",\"logo\":{\"@type\":\"ImageObject\",\"inLanguage\":\"pt-BR\",\"@id\":\"https:\/\/www.suno.com.br\/noticias\/#\/schema\/logo\/image\/\",\"url\":\"https:\/\/files.sunoresearch.com.br\/n\/uploads\/2021\/09\/suno-logo.png\",\"contentUrl\":\"https:\/\/files.sunoresearch.com.br\/n\/uploads\/2021\/09\/suno-logo.png\",\"width\":180,\"height\":180,\"caption\":\"Suno Not\u00edcias\"},\"image\":{\"@id\":\"https:\/\/www.suno.com.br\/noticias\/#\/schema\/logo\/image\/\"},\"sameAs\":[\"https:\/\/facebook.com\/sunoresearch\",\"https:\/\/x.com\/sunoresearch\",\"https:\/\/www.instagram.com\/suno\",\"https:\/\/www.linkedin.com\/company\/suno-research\/\",\"https:\/\/www.youtube.com\/c\/sunoresearch\"]},{\"@type\":\"Person\",\"@id\":\"https:\/\/www.suno.com.br\/noticias\/#\/schema\/person\/e6e0f723cc177805027f4566c1d5e0c8\",\"name\":\"Carlo Cauti\",\"image\":{\"@type\":\"ImageObject\",\"inLanguage\":\"pt-BR\",\"@id\":\"https:\/\/www.suno.com.br\/noticias\/#\/schema\/person\/image\/\",\"url\":\"https:\/\/secure.gravatar.com\/avatar\/3ada9e0bd164c23abd4792a9606d583c?s=96&r=g\",\"contentUrl\":\"https:\/\/secure.gravatar.com\/avatar\/3ada9e0bd164c23abd4792a9606d583c?s=96&r=g\",\"caption\":\"Carlo Cauti\"},\"description\":\"Editor multim\u00eddia do SUNO Not\u00edcias. Italiano, formado em Ci\u00eancias Pol\u00edticas pela universidade LUISS G. Carli de Roma e mestre cum laude em Rela\u00e7\u00f5es Internacionais, Jornalismo Internacional e de Guerra e em Economia Internacional. Concluiu tamb\u00e9m um MBA em Finan\u00e7as na B3. No Brasil, teve passagem por ve\u00edculos como Estad\u00e3o, Globo, Veja e EXAME. e nas ag\u00eancias de not\u00edcias italianas ANSA e NOVA.\",\"url\":\"https:\/\/www.suno.com.br\/noticias\/author\/carlo-cauti\/\"}]}<\/script>\n<!-- \/ Yoast SEO plugin. -->","yoast_head_json":{"title":"Caoa admite interesse para a f\u00e1brica da Ford em S\u00e3o Bernardo","description":"A Caoa admitiu que est\u00e1 negociando para a compra da f\u00e1brica da Ford de\u00a0S\u00e3o Bernardo do Campo (SP). Clique aqui para saber mais.","robots":{"index":"index","follow":"follow","max-snippet":"max-snippet:-1","max-image-preview":"max-image-preview:large","max-video-preview":"max-video-preview:-1"},"canonical":"https:\/\/www.suno.com.br\/noticias\/caoa-admite-interesse-fabrica-ford\/","og_locale":"pt_BR","og_type":"article","og_title":"Caoa admite interesse para a f\u00e1brica da Ford em S\u00e3o Bernardo","og_description":"A Caoa admitiu que est\u00e1 negociando para a compra da f\u00e1brica da Ford de\u00a0S\u00e3o Bernardo do Campo (SP). Clique aqui para saber mais.","og_url":"https:\/\/www.suno.com.br\/noticias\/caoa-admite-interesse-fabrica-ford\/","og_site_name":"Suno Not\u00edcias","article_publisher":"https:\/\/facebook.com\/sunoresearch","og_image":[{"width":620,"height":273,"url":"https:\/\/files.sunoresearch.com.br\/n\/uploads\/2019\/02\/fc2f7664-ford-s\u00e3o-bernardo-do-campo.jpg","type":"image\/jpeg"}],"author":"Carlo Cauti","twitter_card":"summary_large_image","twitter_creator":"@sunoresearch","twitter_site":"@sunoresearch","twitter_misc":{"Escrito por":"Carlo Cauti","Est. tempo de leitura":"3 minutos"},"schema":{"@context":"https:\/\/schema.org","@graph":[{"@type":"NewsArticle","@id":"https:\/\/www.suno.com.br\/noticias\/caoa-admite-interesse-fabrica-ford\/#article","isPartOf":{"@id":"https:\/\/www.suno.com.br\/noticias\/caoa-admite-interesse-fabrica-ford\/"},"author":{"name":"Carlo Cauti","@id":"https:\/\/www.suno.com.br\/noticias\/#\/schema\/person\/e6e0f723cc177805027f4566c1d5e0c8"},"headline":"Caoa admite interesse para a f\u00e1brica da Ford","datePublished":"2019-02-26T22:35:54+00:00","mainEntityOfPage":{"@id":"https:\/\/www.suno.com.br\/noticias\/caoa-admite-interesse-fabrica-ford\/"},"wordCount":575,"publisher":{"@id":"https:\/\/www.suno.com.br\/noticias\/#organization"},"image":{"@id":"https:\/\/www.suno.com.br\/noticias\/caoa-admite-interesse-fabrica-ford\/#primaryimage"},"thumbnailUrl":"https:\/\/files.sunoresearch.com.br\/n\/uploads\/2019\/02\/fc2f7664-ford-s\u00e3o-bernardo-do-campo.jpg","keywords":["Caoa Chery","Ford (FDMO34)","setor automotivo"],"articleSection":["Neg\u00f3cios"],"inLanguage":"pt-BR"},{"@type":"WebPage","@id":"https:\/\/www.suno.com.br\/noticias\/caoa-admite-interesse-fabrica-ford\/","url":"https:\/\/www.suno.com.br\/noticias\/caoa-admite-interesse-fabrica-ford\/","name":"Caoa admite interesse para a f\u00e1brica da Ford em S\u00e3o Bernardo","isPartOf":{"@id":"https:\/\/www.suno.com.br\/noticias\/#website"},"primaryImageOfPage":{"@id":"https:\/\/www.suno.com.br\/noticias\/caoa-admite-interesse-fabrica-ford\/#primaryimage"},"image":{"@id":"https:\/\/www.suno.com.br\/noticias\/caoa-admite-interesse-fabrica-ford\/#primaryimage"},"thumbnailUrl":"https:\/\/files.sunoresearch.com.br\/n\/uploads\/2019\/02\/fc2f7664-ford-s\u00e3o-bernardo-do-campo.jpg","datePublished":"2019-02-26T22:35:54+00:00","description":"A Caoa admitiu que est\u00e1 negociando para a compra da f\u00e1brica da Ford de\u00a0S\u00e3o Bernardo do Campo (SP). Clique aqui para saber mais.","breadcrumb":{"@id":"https:\/\/www.suno.com.br\/noticias\/caoa-admite-interesse-fabrica-ford\/#breadcrumb"},"inLanguage":"pt-BR","potentialAction":[{"@type":"ReadAction","target":["https:\/\/www.suno.com.br\/noticias\/caoa-admite-interesse-fabrica-ford\/"]}]},{"@type":"ImageObject","inLanguage":"pt-BR","@id":"https:\/\/www.suno.com.br\/noticias\/caoa-admite-interesse-fabrica-ford\/#primaryimage","url":"https:\/\/files.sunoresearch.com.br\/n\/uploads\/2019\/02\/fc2f7664-ford-s\u00e3o-bernardo-do-campo.jpg","contentUrl":"https:\/\/files.sunoresearch.com.br\/n\/uploads\/2019\/02\/fc2f7664-ford-s\u00e3o-bernardo-do-campo.jpg","width":620,"height":273,"caption":"Ford S\u00e3o Bernardo do Campo"},{"@type":"BreadcrumbList","@id":"https:\/\/www.suno.com.br\/noticias\/caoa-admite-interesse-fabrica-ford\/#breadcrumb","itemListElement":[{"@type":"ListItem","position":1,"name":"Not\u00edcias","item":"https:\/\/www.suno.com.br\/noticias\/"},{"@type":"ListItem","position":2,"name":"Neg\u00f3cios","item":"https:\/\/www.suno.com.br\/noticias\/negocios\/"},{"@type":"ListItem","position":3,"name":"Caoa admite interesse para a f\u00e1brica da Ford"}]},{"@type":"WebSite","@id":"https:\/\/www.suno.com.br\/noticias\/#website","url":"https:\/\/www.suno.com.br\/noticias\/","name":"Suno Not\u00edcias","description":"Seu portal de informa\u00e7\u00e3o sobre o mundo dos investimentos","publisher":{"@id":"https:\/\/www.suno.com.br\/noticias\/#organization"},"potentialAction":[{"@type":"SearchAction","target":{"@type":"EntryPoint","urlTemplate":"https:\/\/www.suno.com.br\/noticias\/?s={search_term_string}"},"query-input":{"@type":"PropertyValueSpecification","valueRequired":true,"valueName":"search_term_string"}}],"inLanguage":"pt-BR"},{"@type":"Organization","@id":"https:\/\/www.suno.com.br\/noticias\/#organization","name":"Suno Not\u00edcias","url":"https:\/\/www.suno.com.br\/noticias\/","logo":{"@type":"ImageObject","inLanguage":"pt-BR","@id":"https:\/\/www.suno.com.br\/noticias\/#\/schema\/logo\/image\/","url":"https:\/\/files.sunoresearch.com.br\/n\/uploads\/2021\/09\/suno-logo.png","contentUrl":"https:\/\/files.sunoresearch.com.br\/n\/uploads\/2021\/09\/suno-logo.png","width":180,"height":180,"caption":"Suno Not\u00edcias"},"image":{"@id":"https:\/\/www.suno.com.br\/noticias\/#\/schema\/logo\/image\/"},"sameAs":["https:\/\/facebook.com\/sunoresearch","https:\/\/x.com\/sunoresearch","https:\/\/www.instagram.com\/suno","https:\/\/www.linkedin.com\/company\/suno-research\/","https:\/\/www.youtube.com\/c\/sunoresearch"]},{"@type":"Person","@id":"https:\/\/www.suno.com.br\/noticias\/#\/schema\/person\/e6e0f723cc177805027f4566c1d5e0c8","name":"Carlo Cauti","image":{"@type":"ImageObject","inLanguage":"pt-BR","@id":"https:\/\/www.suno.com.br\/noticias\/#\/schema\/person\/image\/","url":"https:\/\/secure.gravatar.com\/avatar\/3ada9e0bd164c23abd4792a9606d583c?s=96&r=g","contentUrl":"https:\/\/secure.gravatar.com\/avatar\/3ada9e0bd164c23abd4792a9606d583c?s=96&r=g","caption":"Carlo Cauti"},"description":"Editor multim\u00eddia do SUNO Not\u00edcias. Italiano, formado em Ci\u00eancias Pol\u00edticas pela universidade LUISS G. Carli de Roma e mestre cum laude em Rela\u00e7\u00f5es Internacionais, Jornalismo Internacional e de Guerra e em Economia Internacional. Concluiu tamb\u00e9m um MBA em Finan\u00e7as na B3. No Brasil, teve passagem por ve\u00edculos como Estad\u00e3o, Globo, Veja e EXAME. e nas ag\u00eancias de not\u00edcias italianas ANSA e NOVA.","url":"https:\/\/www.suno.com.br\/noticias\/author\/carlo-cauti\/"}]}},"default_loop_html":"<div class=\"cardsPage__listCard__boxs\"><div class=\"cardsPage__listCard__boxs__img\"><a href=\"https:\/\/www.suno.com.br\/noticias\/caoa-admite-interesse-fabrica-ford\/\"><img class=\"mask\" src=\"https:\/\/www.suno.com.br\/noticias\/wp-content\/themes\/suno\/resources\/images\/spotlight\/spotlight1img\/bg-mask.png\" alt=\"Image Mask\"\/><img src=\"https:\/\/files.sunoresearch.com.br\/n\/uploads\/2019\/02\/fc2f7664-ford-s\u00e3o-bernardo-do-campo-400x200.webp\" alt=\"Caoa admite interesse para a f\u00e1brica da Ford\"\/><\/a><span class=\"spotlightCategory\"><a href=\"https:\/\/www.suno.com.br\/noticias\/negocios\/\">Neg\u00f3cios<\/a><\/span><\/div><div class=\"cardsPage__listCard__boxs__content\"><a href=\"https:\/\/www.suno.com.br\/noticias\/caoa-admite-interesse-fabrica-ford\/\"><h2 class=\"content__title\">Caoa admite interesse para a f\u00e1brica da Ford<\/h2><\/a><div class=\"newsContent__article__meta\"><div class=\"newsContent__article__meta__authorBox\"><a href=\"https:\/\/www.suno.com.br\/noticias\/author\/carlo-cauti\/\" class=\"authorBox__avatar noMobi\"><img src=\"https:\/\/files.sunoresearch.com.br\/n\/uploads\/2020\/08\/e3745f9a-perfil-carlo-cauti-150x150.webp\" alt=\"Carlo Cauti\"><\/a><div class=\"authorBox__name\"><span>por\n\t\t\t<a href=\"https:\/\/www.suno.com.br\/noticias\/author\/carlo-cauti\/\"><span itemprop=\"author\">Carlo Cauti<\/span><\/a><\/span><time datetime=\"2019-02-26T19:35:54-03:00\" itemprop=\"datePublished\">26\/02\/2019 19:35<\/time><\/div><\/div><\/div><\/div><\/div>","single_layout":"posts","amp_enabled":true,"_links":{"self":[{"href":"https:\/\/www.suno.com.br\/noticias\/wp-json\/wp\/v2\/posts\/16707"}],"collection":[{"href":"https:\/\/www.suno.com.br\/noticias\/wp-json\/wp\/v2\/posts"}],"about":[{"href":"https:\/\/www.suno.com.br\/noticias\/wp-json\/wp\/v2\/types\/post"}],"author":[{"embeddable":true,"href":"https:\/\/www.suno.com.br\/noticias\/wp-json\/wp\/v2\/users\/9"}],"replies":[{"embeddable":true,"href":"https:\/\/www.suno.com.br\/noticias\/wp-json\/wp\/v2\/comments?post=16707"}],"version-history":[{"count":0,"href":"https:\/\/www.suno.com.br\/noticias\/wp-json\/wp\/v2\/posts\/16707\/revisions"}],"wp:featuredmedia":[{"embeddable":true,"href":"https:\/\/www.suno.com.br\/noticias\/wp-json\/wp\/v2\/media\/16711"}],"wp:attachment":[{"href":"https:\/\/www.suno.com.br\/noticias\/wp-json\/wp\/v2\/media?parent=16707"}],"wp:term":[{"taxonomy":"category","embeddable":true,"href":"https:\/\/www.suno.com.br\/noticias\/wp-json\/wp\/v2\/categories?post=16707"},{"taxonomy":"post_tag","embeddable":true,"href":"https:\/\/www.suno.com.br\/noticias\/wp-json\/wp\/v2\/tags?post=16707"},{"taxonomy":"suno_strategy","embeddable":true,"href":"https:\/\/www.suno.com.br\/noticias\/wp-json\/wp\/v2\/suno_strategy?post=16707"}],"curies":[{"name":"wp","href":"https:\/\/api.w.org\/{rel}","templated":true}]}}