{"id":167020,"date":"2021-07-19T15:29:48","date_gmt":"2021-07-19T18:29:48","guid":{"rendered":"https:\/\/www.suno.com.br\/noticias\/?p=167020"},"modified":"2021-07-19T15:29:58","modified_gmt":"2021-07-19T18:29:58","slug":"biden-ve-inflacao-temporaria-e-comemora-crescimento-acelerado","status":"publish","type":"post","link":"https:\/\/www.suno.com.br\/noticias\/biden-ve-inflacao-temporaria-e-comemora-crescimento-acelerado\/","title":{"rendered":"Biden v\u00ea infla\u00e7\u00e3o tempor\u00e1ria e comemora crescimento acelerado"},"content":{"rendered":"<p>O presidente dos Estados Unidos, Joe Biden, comemorou o patamar de recupera\u00e7\u00e3o da economia norte-americana. Em discurso realizado nesta segunda-feira (19), o mandat\u00e1rio tamb\u00e9m comentou sobre a <strong>infla\u00e7\u00e3o<\/strong>, que enxerga ser tempor\u00e1ria.<\/p>\t<div class=\"wrapper-featured-image\">\n\t\t<figure class=\"spotlightImg\">\n\n\t\t\t<picture>\n\t\t\t\t<source media=\"(max-width: 768px)\" srcset=\"https:\/\/files.sunoresearch.com.br\/n\/uploads\/2021\/06\/4cf2a26b-whatsapp-image-2021-05-05-at-20.18.59-400x200.webp\">\n\t\t\t\t<img loading=\"lazy\" decoding=\"async\" class=\"newsContent__article__imgCapa lazyloadDisabled \" src=\"https:\/\/files.sunoresearch.com.br\/n\/uploads\/2021\/06\/4cf2a26b-whatsapp-image-2021-05-05-at-20.18.59-800x450.webp\" width=\"800\" height=\"450\" alt=\"Biden v\u00ea infla\u00e7\u00e3o tempor\u00e1ria e comemora crescimento acelerado\" fetchpriority=high \/>\n\t\t\t<\/picture>\n\n\t\t\t<figcaption class=\"wp-caption-text wp-caption-text--show\">Estados Unidos devem ter crescimento lento e juros elevados mais tempo. Foto: Reprodu\u00e7\u00e3o Instagram<\/figcaption>\n\t\t<\/figure>\n\t<\/div>\n\n\n\t<p>\n\t\t<a href=\"https:\/\/lp.suno.com.br\/planilha-controle-gastos\/\" target=\"_blank\" data-element=\"shortcode-suno-banner\" title=\"Banner SUNO, clique e saiba mais\">\n\t\t\t<picture>\n\t\t\t\t<source media=\"(max-width: 500px)\" srcset=\"https:\/\/files.sunoresearch.com.br\/n\/uploads\/2023\/03\/400x300-Planilha-controle-de-gastos.png\">\n\t\t\t\t<img class=\"newsContent__article__imgCapa newsContent__article__imgCapa--banner\"\n\t\t\t\t\tsrc=\"https:\/\/files.sunoresearch.com.br\/n\/uploads\/2023\/03\/1420x240-Planilha-controle-de-gastos.png\"\n\t\t\t\t\tdata-promo-id=\"101751\"\t\t\t\t\t\t\t\t\t\twidth='1420' height='240'\t\t\t\t\talt=\"https:\/\/files.sunoresearch.com.br\/n\/uploads\/2023\/03\/1420x240-Planilha-controle-de-gastos.png\"\n\t\t\t\t>\n\t\t\t<\/picture>\n\t\t<\/a>\n\t<\/p>\n\n\n<p>Antes de comentar sobre a infla\u00e7\u00e3o, <strong>Biden<\/strong> lembrou que analistas agora projetam crescimento de &#8220;7% ou mais&#8221; para a economia estadunidense, com crescimento de <strong>gera\u00e7\u00e3o de empregos<\/strong> &#8220;em n\u00edveis recordes&#8221;.<\/p>\n<p>O l\u00edder tamb\u00e9m citou os recordes recentes nos mercados acion\u00e1rios, embora tenha comentado que para ele este n\u00e3o \u00e9 o principal a se observar no quadro, aproveitando para criticar o foco a seu ver excessivo nas Bolsas do ex-presidente <a class=\"suno-keyword\" href=\"https:\/\/www.suno.com.br\/tudo-sobre\/donald-trump\/\" target=\"_blank\" rel=\"noopener noreferrer\" data-force=\"no\" data-priority=\"2\">Donald Trump<\/a>.<\/p>\n<p>Biden voltou a insistir na import\u00e2ncia da <strong>vacina\u00e7\u00e3o<\/strong>. Como tem feito em suas apari\u00e7\u00f5es recentes, ele destacou o alto \u00edndice de vacinados, mas alertou aqueles que ainda n\u00e3o receberam o imunizante, &#8220;especialmente com a variante delta, mais contagiosa&#8221;.<\/p>\n<p>&#8220;A \u00fanica maneira de superar esse v\u00edrus \u00e9 se mais americanos se vacinarem&#8221;, ressaltou.<\/p>\n<h2>&#8216;Fen\u00f4meno transit\u00f3rio&#8217;<\/h2>\n<p>O presidente americano tamb\u00e9m voltou a reafirmar a posi\u00e7\u00e3o de seu governo de que a alta dos \u00faltimos meses dos pre\u00e7os \u00e9 um fen\u00f4meno transit\u00f3rio, fruto da reabertura econ\u00f4mica, citando problemas na cadeia de produ\u00e7\u00e3o que devem ser solucionados adiante.<\/p>\n<p>Segundo ele, cerca de 60% da alta dos pre\u00e7os dos \u00faltimos meses \u00e9 fruto de efeitos transit\u00f3rios.<\/p>\n<p>De qualquer modo, ele disse que sua administra\u00e7\u00e3o segue vigilante sobre qualquer resposta necess\u00e1ria a esse quadro e tamb\u00e9m reafirmou a independ\u00eancia do <a href=\"https:\/\/www.suno.com.br\/artigos\/fed\/\">Federal Reserve (Fed)<\/a> para agir, caso seja necess\u00e1rio para conter o movimento dos pre\u00e7os.<\/p>\n\t<div data-element=\"shortcode-read-more\" class=\"knowMore\">\n\t\t\t\t<span class=\"knowMore__title\">Saiba mais<\/span>\n\t\t\t\t<a class=\"knowMore__link\" href=\"https:\/\/www.suno.com.br\/noticias\/inflacao-futuro-preocupacao-crises-bc-mercado\/\">\n\t\t\tPreocupa\u00e7\u00e3o com infla\u00e7\u00e3o cresce, mas mercado acredita em &quot;ciclo tempor\u00e1rio&quot;\t\t<\/a>\n\t<\/div>\n\n\n<p>Biden novamente defendeu que o Congresso apoie o <strong>pacote de gastos<\/strong> com infraestrutura defendido por seu governo. Segundo ele, melhorias na infraestrutura, por exemplo em estradas, ajudam a conter os pre\u00e7os dos produtos e a aumentar a produtividade da economia, melhorando o quadro da infla\u00e7\u00e3o.<\/p>\n<p>O presidente americano tamb\u00e9m foi questionado por jornalistas no evento sobre o Facebook. Ele afirmou esperar que a rede social atue contra pessoas que distribuem desinforma\u00e7\u00e3o sobre vacinas.<\/p>\n<p>Ele diz que n\u00e3o acusava diretamente o <a href=\"https:\/\/statusinvest.com.br\/bdrs\/fbok34\"><strong>Facebook<\/strong> (FBOK34)<\/a> por &#8220;matar pessoas&#8221;, mas pediu que a empresa fa\u00e7a algo sobre aqueles que veiculam desinforma\u00e7\u00e3o.<\/p>\n<p>Questionado sobre o papel da China em ciberataques, Biden n\u00e3o quis se alongar no assunto, dizendo que ainda receber\u00e1 mais informa\u00e7\u00f5es de sua equipe. Pressionado a comentar o tema pelos jornalistas presentes, ele disse que aparentemente hackers chineses n\u00e3o atuariam com o apoio expl\u00edcito de Pequim, como ocorreria no caso da R\u00fassia.<\/p>\n\t<p>\n\t\t<a href=\"\" target=\"_blank\" data-element=\"shortcode-suno-banner\" title=\"Banner SUNO, clique e saiba mais\">\n\t\t\t<picture>\n\t\t\t\t<source media=\"(max-width: 500px)\" srcset=\"\">\n\t\t\t\t<img class=\"newsContent__article__imgCapa newsContent__article__imgCapa--banner\"\n\t\t\t\t\tsrc=\"\"\n\t\t\t\t\tdata-promo-id=\"92668\"\t\t\t\t\t\t\t\t\t\t\t\t\t\t\talt=\"\"\n\t\t\t\t>\n\t\t\t<\/picture>\n\t\t<\/a>\n\t<\/p>\n\n\n<h2>Infla\u00e7\u00e3o est\u00e1 &#8216;bem acima&#8217; da meta, diz Powell<\/h2>\n<p>O presidente do <strong>Fed<\/strong>, Jerome Powell, reconheceu que a infla\u00e7\u00e3o est\u00e1 &#8220;bem acima&#8221; do que a institui\u00e7\u00e3o esperava e que a autoridade monet\u00e1ria enfretar\u00e1 desafios. A declara\u00e7\u00e3o foi dada na \u00faltima quinta-feira (15), em depoimento no Comit\u00ea Banc\u00e1rio do Senado.<\/p>\n<p>Contudo, Powell disse que, se o car\u00e1ter tempor\u00e1rio da escala dos pre\u00e7os se confirmar, n\u00e3o h\u00e1 motivos para tomar novas medidas. &#8220;Infla\u00e7\u00e3o que temos agora n\u00e3o est\u00e1 moderadamente acima de 2%, est\u00e1 bem acima&#8221;, comentou o l\u00edder do Fed, que acrescentou que &#8220;n\u00e3o est\u00e1 confort\u00e1vel&#8221; com o movimento.<\/p>\n<p>Os pre\u00e7os subiram 0,9% em junho ante maio nos Estados Unidos, <a href=\"https:\/\/www.suno.com.br\/noticias\/inflacao-eua-junho-alta-anual\/\">atingindo a marca de 5,4% em 12 meses<\/a>. A meta do BC norte-americano \u00e9 de uma <strong>infla\u00e7\u00e3o<\/strong> de 2% ao ano.<\/p>\n<p><em>(Com informa\u00e7\u00f5es do Estad\u00e3o Conte\u00fado)<\/em><\/p>\n\t<p>\n\t\t<a href=\"https:\/\/lp.suno.com.br\/planilha-de-controle-de-investimentos\/\" target=\"_blank\" data-element=\"shortcode-suno-banner\" title=\"Banner SUNO, clique e saiba mais\">\n\t\t\t<picture>\n\t\t\t\t<source media=\"(max-width: 500px)\" srcset=\"https:\/\/files.sunoresearch.com.br\/n\/uploads\/2023\/03\/400x300-Controle-de-Investimentos.png\">\n\t\t\t\t<img class=\"newsContent__article__imgCapa newsContent__article__imgCapa--banner\"\n\t\t\t\t\tsrc=\"https:\/\/files.sunoresearch.com.br\/n\/uploads\/2023\/03\/1420x240-Controle-de-Investimentos.png\"\n\t\t\t\t\tdata-promo-id=\"75934\"\t\t\t\t\t\t\t\t\t\twidth='1420' height='240'\t\t\t\t\talt=\"https:\/\/files.sunoresearch.com.br\/n\/uploads\/2023\/03\/1420x240-Controle-de-Investimentos.png\"\n\t\t\t\t>\n\t\t\t<\/picture>\n\t\t<\/a>\n\t<\/p>\n\n\n","protected":false},"excerpt":{"rendered":"<p>O presidente dos Estados Unidos, Joe Biden, comemorou o patamar de recupera\u00e7\u00e3o da economia norte-americana. Em discurso realizado nesta segunda-feira (19), o mandat\u00e1rio tamb\u00e9m comentou sobre a infla\u00e7\u00e3o, que enxerga ser tempor\u00e1ria. Estados Unidos devem ter crescimento lento e juros elevados mais tempo. Foto: Reprodu\u00e7\u00e3o Instagram Antes de comentar sobre a infla\u00e7\u00e3o, Biden lembrou que [&hellip;]<\/p>\n","protected":false},"author":24,"featured_media":154641,"comment_status":"closed","ping_status":"closed","sticky":false,"template":"","format":"standard","meta":[],"categories":[63],"tags":[740,793,850,73481,807],"suno_strategy":[],"class_list":["post-167020","post","type-post","status-publish","format-standard","has-post-thumbnail","hentry","category-internacional","tag-economia","tag-estados-unidos-eua","tag-inflacao","tag-joe-biden","tag-produto-interno-bruto-pib"],"yoast_head":"<!-- This site is optimized with the Yoast SEO plugin v24.4 - https:\/\/yoast.com\/wordpress\/plugins\/seo\/ -->\n<title>Biden v\u00ea infla\u00e7\u00e3o tempor\u00e1ria e comemora crescimento acelerado<\/title>\n<meta name=\"description\" content=\"O presidente dos EUA, Joe Biden, comemorou o patamar de recupera\u00e7\u00e3o da economia norte-americana e disse que a infla\u00e7\u00e3o \u00e9 tempor\u00e1ria. Confira.\" \/>\n<meta name=\"robots\" content=\"index, follow, max-snippet:-1, max-image-preview:large, max-video-preview:-1\" \/>\n<link rel=\"canonical\" href=\"https:\/\/www.suno.com.br\/noticias\/biden-ve-inflacao-temporaria-e-comemora-crescimento-acelerado\/\" \/>\n<meta property=\"og:locale\" content=\"pt_BR\" \/>\n<meta property=\"og:type\" content=\"article\" \/>\n<meta property=\"og:title\" content=\"Biden v\u00ea infla\u00e7\u00e3o tempor\u00e1ria e comemora crescimento acelerado\" \/>\n<meta property=\"og:description\" content=\"O presidente dos EUA, Joe Biden, comemorou o patamar de recupera\u00e7\u00e3o da economia norte-americana e disse que a infla\u00e7\u00e3o \u00e9 tempor\u00e1ria. Confira.\" \/>\n<meta property=\"og:url\" content=\"https:\/\/www.suno.com.br\/noticias\/biden-ve-inflacao-temporaria-e-comemora-crescimento-acelerado\/\" \/>\n<meta property=\"og:site_name\" content=\"Suno Not\u00edcias\" \/>\n<meta property=\"article:publisher\" content=\"https:\/\/facebook.com\/sunoresearch\" \/>\n<meta property=\"og:image\" content=\"https:\/\/files.sunoresearch.com.br\/n\/uploads\/2021\/06\/4cf2a26b-whatsapp-image-2021-05-05-at-20.18.59.jpg\" \/>\n\t<meta property=\"og:image:width\" content=\"1200\" \/>\n\t<meta property=\"og:image:height\" content=\"770\" \/>\n\t<meta property=\"og:image:type\" content=\"image\/jpeg\" \/>\n<meta name=\"author\" content=\"Jader Lazarini\" \/>\n<meta name=\"twitter:card\" content=\"summary_large_image\" \/>\n<meta name=\"twitter:creator\" content=\"@sunoresearch\" \/>\n<meta name=\"twitter:site\" content=\"@sunoresearch\" \/>\n<meta name=\"twitter:label1\" content=\"Escrito por\" \/>\n\t<meta name=\"twitter:data1\" content=\"Jader Lazarini\" \/>\n\t<meta name=\"twitter:label2\" content=\"Est. tempo de leitura\" \/>\n\t<meta name=\"twitter:data2\" content=\"3 minutos\" \/>\n<script type=\"application\/ld+json\" class=\"yoast-schema-graph\">{\"@context\":\"https:\/\/schema.org\",\"@graph\":[{\"@type\":\"NewsArticle\",\"@id\":\"https:\/\/www.suno.com.br\/noticias\/biden-ve-inflacao-temporaria-e-comemora-crescimento-acelerado\/#article\",\"isPartOf\":{\"@id\":\"https:\/\/www.suno.com.br\/noticias\/biden-ve-inflacao-temporaria-e-comemora-crescimento-acelerado\/\"},\"author\":{\"name\":\"Jader Lazarini\",\"@id\":\"https:\/\/www.suno.com.br\/noticias\/#\/schema\/person\/918d79de1f0281f01599b93f9ea6e23f\"},\"headline\":\"Biden v\u00ea infla\u00e7\u00e3o tempor\u00e1ria e comemora crescimento acelerado\",\"datePublished\":\"2021-07-19T18:29:48+00:00\",\"dateModified\":\"2021-07-19T18:29:58+00:00\",\"mainEntityOfPage\":{\"@id\":\"https:\/\/www.suno.com.br\/noticias\/biden-ve-inflacao-temporaria-e-comemora-crescimento-acelerado\/\"},\"wordCount\":611,\"publisher\":{\"@id\":\"https:\/\/www.suno.com.br\/noticias\/#organization\"},\"image\":{\"@id\":\"https:\/\/www.suno.com.br\/noticias\/biden-ve-inflacao-temporaria-e-comemora-crescimento-acelerado\/#primaryimage\"},\"thumbnailUrl\":\"https:\/\/files.sunoresearch.com.br\/n\/uploads\/2021\/06\/4cf2a26b-whatsapp-image-2021-05-05-at-20.18.59-jpg.webp\",\"keywords\":[\"Economia\",\"Estados Unidos (EUA)\",\"infla\u00e7\u00e3o\",\"Joe Biden\",\"Produto Interno Bruto (PIB)\"],\"articleSection\":[\"Internacional\"],\"inLanguage\":\"pt-BR\"},{\"@type\":\"WebPage\",\"@id\":\"https:\/\/www.suno.com.br\/noticias\/biden-ve-inflacao-temporaria-e-comemora-crescimento-acelerado\/\",\"url\":\"https:\/\/www.suno.com.br\/noticias\/biden-ve-inflacao-temporaria-e-comemora-crescimento-acelerado\/\",\"name\":\"Biden v\u00ea infla\u00e7\u00e3o tempor\u00e1ria e comemora crescimento acelerado\",\"isPartOf\":{\"@id\":\"https:\/\/www.suno.com.br\/noticias\/#website\"},\"primaryImageOfPage\":{\"@id\":\"https:\/\/www.suno.com.br\/noticias\/biden-ve-inflacao-temporaria-e-comemora-crescimento-acelerado\/#primaryimage\"},\"image\":{\"@id\":\"https:\/\/www.suno.com.br\/noticias\/biden-ve-inflacao-temporaria-e-comemora-crescimento-acelerado\/#primaryimage\"},\"thumbnailUrl\":\"https:\/\/files.sunoresearch.com.br\/n\/uploads\/2021\/06\/4cf2a26b-whatsapp-image-2021-05-05-at-20.18.59-jpg.webp\",\"datePublished\":\"2021-07-19T18:29:48+00:00\",\"dateModified\":\"2021-07-19T18:29:58+00:00\",\"description\":\"O presidente dos EUA, Joe Biden, comemorou o patamar de recupera\u00e7\u00e3o da economia norte-americana e disse que a infla\u00e7\u00e3o \u00e9 tempor\u00e1ria. Confira.\",\"breadcrumb\":{\"@id\":\"https:\/\/www.suno.com.br\/noticias\/biden-ve-inflacao-temporaria-e-comemora-crescimento-acelerado\/#breadcrumb\"},\"inLanguage\":\"pt-BR\",\"potentialAction\":[{\"@type\":\"ReadAction\",\"target\":[\"https:\/\/www.suno.com.br\/noticias\/biden-ve-inflacao-temporaria-e-comemora-crescimento-acelerado\/\"]}]},{\"@type\":\"ImageObject\",\"inLanguage\":\"pt-BR\",\"@id\":\"https:\/\/www.suno.com.br\/noticias\/biden-ve-inflacao-temporaria-e-comemora-crescimento-acelerado\/#primaryimage\",\"url\":\"https:\/\/files.sunoresearch.com.br\/n\/uploads\/2021\/06\/4cf2a26b-whatsapp-image-2021-05-05-at-20.18.59-jpg.webp\",\"contentUrl\":\"https:\/\/files.sunoresearch.com.br\/n\/uploads\/2021\/06\/4cf2a26b-whatsapp-image-2021-05-05-at-20.18.59-jpg.webp\",\"width\":1200,\"height\":770,\"caption\":\"Estados Unidos devem ter crescimento lento e juros elevados mais tempo. Foto: Reprodu\u00e7\u00e3o Instagram\"},{\"@type\":\"BreadcrumbList\",\"@id\":\"https:\/\/www.suno.com.br\/noticias\/biden-ve-inflacao-temporaria-e-comemora-crescimento-acelerado\/#breadcrumb\",\"itemListElement\":[{\"@type\":\"ListItem\",\"position\":1,\"name\":\"Not\u00edcias\",\"item\":\"https:\/\/www.suno.com.br\/noticias\/\"},{\"@type\":\"ListItem\",\"position\":2,\"name\":\"Internacional\",\"item\":\"https:\/\/www.suno.com.br\/noticias\/internacional\/\"},{\"@type\":\"ListItem\",\"position\":3,\"name\":\"Biden v\u00ea infla\u00e7\u00e3o tempor\u00e1ria e comemora crescimento acelerado\"}]},{\"@type\":\"WebSite\",\"@id\":\"https:\/\/www.suno.com.br\/noticias\/#website\",\"url\":\"https:\/\/www.suno.com.br\/noticias\/\",\"name\":\"Suno Not\u00edcias\",\"description\":\"Seu portal de informa\u00e7\u00e3o sobre o mundo dos investimentos\",\"publisher\":{\"@id\":\"https:\/\/www.suno.com.br\/noticias\/#organization\"},\"potentialAction\":[{\"@type\":\"SearchAction\",\"target\":{\"@type\":\"EntryPoint\",\"urlTemplate\":\"https:\/\/www.suno.com.br\/noticias\/?s={search_term_string}\"},\"query-input\":{\"@type\":\"PropertyValueSpecification\",\"valueRequired\":true,\"valueName\":\"search_term_string\"}}],\"inLanguage\":\"pt-BR\"},{\"@type\":\"Organization\",\"@id\":\"https:\/\/www.suno.com.br\/noticias\/#organization\",\"name\":\"Suno Not\u00edcias\",\"url\":\"https:\/\/www.suno.com.br\/noticias\/\",\"logo\":{\"@type\":\"ImageObject\",\"inLanguage\":\"pt-BR\",\"@id\":\"https:\/\/www.suno.com.br\/noticias\/#\/schema\/logo\/image\/\",\"url\":\"https:\/\/files.sunoresearch.com.br\/n\/uploads\/2021\/09\/suno-logo.png\",\"contentUrl\":\"https:\/\/files.sunoresearch.com.br\/n\/uploads\/2021\/09\/suno-logo.png\",\"width\":180,\"height\":180,\"caption\":\"Suno Not\u00edcias\"},\"image\":{\"@id\":\"https:\/\/www.suno.com.br\/noticias\/#\/schema\/logo\/image\/\"},\"sameAs\":[\"https:\/\/facebook.com\/sunoresearch\",\"https:\/\/x.com\/sunoresearch\",\"https:\/\/www.instagram.com\/suno\",\"https:\/\/www.linkedin.com\/company\/suno-research\/\",\"https:\/\/www.youtube.com\/c\/sunoresearch\"]},{\"@type\":\"Person\",\"@id\":\"https:\/\/www.suno.com.br\/noticias\/#\/schema\/person\/918d79de1f0281f01599b93f9ea6e23f\",\"name\":\"Jader Lazarini\",\"image\":{\"@type\":\"ImageObject\",\"inLanguage\":\"pt-BR\",\"@id\":\"https:\/\/www.suno.com.br\/noticias\/#\/schema\/person\/image\/\",\"url\":\"https:\/\/secure.gravatar.com\/avatar\/3c1ad8caa51589841baeb923fcddea97?s=96&r=g\",\"contentUrl\":\"https:\/\/secure.gravatar.com\/avatar\/3c1ad8caa51589841baeb923fcddea97?s=96&r=g\",\"caption\":\"Jader Lazarini\"},\"description\":\"Jader Lazarini escreve sobre investimentos, finan\u00e7as, economia e neg\u00f3cios. \u00c9 bacharel em Rela\u00e7\u00f5es Internacionais e analista CNPI (2619).\",\"url\":\"https:\/\/www.suno.com.br\/noticias\/author\/jader-lazarini\/\"}]}<\/script>\n<!-- \/ Yoast SEO plugin. -->","yoast_head_json":{"title":"Biden v\u00ea infla\u00e7\u00e3o tempor\u00e1ria e comemora crescimento acelerado","description":"O presidente dos EUA, Joe Biden, comemorou o patamar de recupera\u00e7\u00e3o da economia norte-americana e disse que a infla\u00e7\u00e3o \u00e9 tempor\u00e1ria. Confira.","robots":{"index":"index","follow":"follow","max-snippet":"max-snippet:-1","max-image-preview":"max-image-preview:large","max-video-preview":"max-video-preview:-1"},"canonical":"https:\/\/www.suno.com.br\/noticias\/biden-ve-inflacao-temporaria-e-comemora-crescimento-acelerado\/","og_locale":"pt_BR","og_type":"article","og_title":"Biden v\u00ea infla\u00e7\u00e3o tempor\u00e1ria e comemora crescimento acelerado","og_description":"O presidente dos EUA, Joe Biden, comemorou o patamar de recupera\u00e7\u00e3o da economia norte-americana e disse que a infla\u00e7\u00e3o \u00e9 tempor\u00e1ria. Confira.","og_url":"https:\/\/www.suno.com.br\/noticias\/biden-ve-inflacao-temporaria-e-comemora-crescimento-acelerado\/","og_site_name":"Suno Not\u00edcias","article_publisher":"https:\/\/facebook.com\/sunoresearch","og_image":[{"width":1200,"height":770,"url":"https:\/\/files.sunoresearch.com.br\/n\/uploads\/2021\/06\/4cf2a26b-whatsapp-image-2021-05-05-at-20.18.59.jpg","type":"image\/jpeg"}],"author":"Jader Lazarini","twitter_card":"summary_large_image","twitter_creator":"@sunoresearch","twitter_site":"@sunoresearch","twitter_misc":{"Escrito por":"Jader Lazarini","Est. tempo de leitura":"3 minutos"},"schema":{"@context":"https:\/\/schema.org","@graph":[{"@type":"NewsArticle","@id":"https:\/\/www.suno.com.br\/noticias\/biden-ve-inflacao-temporaria-e-comemora-crescimento-acelerado\/#article","isPartOf":{"@id":"https:\/\/www.suno.com.br\/noticias\/biden-ve-inflacao-temporaria-e-comemora-crescimento-acelerado\/"},"author":{"name":"Jader Lazarini","@id":"https:\/\/www.suno.com.br\/noticias\/#\/schema\/person\/918d79de1f0281f01599b93f9ea6e23f"},"headline":"Biden v\u00ea infla\u00e7\u00e3o tempor\u00e1ria e comemora crescimento acelerado","datePublished":"2021-07-19T18:29:48+00:00","dateModified":"2021-07-19T18:29:58+00:00","mainEntityOfPage":{"@id":"https:\/\/www.suno.com.br\/noticias\/biden-ve-inflacao-temporaria-e-comemora-crescimento-acelerado\/"},"wordCount":611,"publisher":{"@id":"https:\/\/www.suno.com.br\/noticias\/#organization"},"image":{"@id":"https:\/\/www.suno.com.br\/noticias\/biden-ve-inflacao-temporaria-e-comemora-crescimento-acelerado\/#primaryimage"},"thumbnailUrl":"https:\/\/files.sunoresearch.com.br\/n\/uploads\/2021\/06\/4cf2a26b-whatsapp-image-2021-05-05-at-20.18.59-jpg.webp","keywords":["Economia","Estados Unidos (EUA)","infla\u00e7\u00e3o","Joe Biden","Produto Interno Bruto (PIB)"],"articleSection":["Internacional"],"inLanguage":"pt-BR"},{"@type":"WebPage","@id":"https:\/\/www.suno.com.br\/noticias\/biden-ve-inflacao-temporaria-e-comemora-crescimento-acelerado\/","url":"https:\/\/www.suno.com.br\/noticias\/biden-ve-inflacao-temporaria-e-comemora-crescimento-acelerado\/","name":"Biden v\u00ea infla\u00e7\u00e3o tempor\u00e1ria e comemora crescimento acelerado","isPartOf":{"@id":"https:\/\/www.suno.com.br\/noticias\/#website"},"primaryImageOfPage":{"@id":"https:\/\/www.suno.com.br\/noticias\/biden-ve-inflacao-temporaria-e-comemora-crescimento-acelerado\/#primaryimage"},"image":{"@id":"https:\/\/www.suno.com.br\/noticias\/biden-ve-inflacao-temporaria-e-comemora-crescimento-acelerado\/#primaryimage"},"thumbnailUrl":"https:\/\/files.sunoresearch.com.br\/n\/uploads\/2021\/06\/4cf2a26b-whatsapp-image-2021-05-05-at-20.18.59-jpg.webp","datePublished":"2021-07-19T18:29:48+00:00","dateModified":"2021-07-19T18:29:58+00:00","description":"O presidente dos EUA, Joe Biden, comemorou o patamar de recupera\u00e7\u00e3o da economia norte-americana e disse que a infla\u00e7\u00e3o \u00e9 tempor\u00e1ria. Confira.","breadcrumb":{"@id":"https:\/\/www.suno.com.br\/noticias\/biden-ve-inflacao-temporaria-e-comemora-crescimento-acelerado\/#breadcrumb"},"inLanguage":"pt-BR","potentialAction":[{"@type":"ReadAction","target":["https:\/\/www.suno.com.br\/noticias\/biden-ve-inflacao-temporaria-e-comemora-crescimento-acelerado\/"]}]},{"@type":"ImageObject","inLanguage":"pt-BR","@id":"https:\/\/www.suno.com.br\/noticias\/biden-ve-inflacao-temporaria-e-comemora-crescimento-acelerado\/#primaryimage","url":"https:\/\/files.sunoresearch.com.br\/n\/uploads\/2021\/06\/4cf2a26b-whatsapp-image-2021-05-05-at-20.18.59-jpg.webp","contentUrl":"https:\/\/files.sunoresearch.com.br\/n\/uploads\/2021\/06\/4cf2a26b-whatsapp-image-2021-05-05-at-20.18.59-jpg.webp","width":1200,"height":770,"caption":"Estados Unidos devem ter crescimento lento e juros elevados mais tempo. Foto: Reprodu\u00e7\u00e3o Instagram"},{"@type":"BreadcrumbList","@id":"https:\/\/www.suno.com.br\/noticias\/biden-ve-inflacao-temporaria-e-comemora-crescimento-acelerado\/#breadcrumb","itemListElement":[{"@type":"ListItem","position":1,"name":"Not\u00edcias","item":"https:\/\/www.suno.com.br\/noticias\/"},{"@type":"ListItem","position":2,"name":"Internacional","item":"https:\/\/www.suno.com.br\/noticias\/internacional\/"},{"@type":"ListItem","position":3,"name":"Biden v\u00ea infla\u00e7\u00e3o tempor\u00e1ria e comemora crescimento acelerado"}]},{"@type":"WebSite","@id":"https:\/\/www.suno.com.br\/noticias\/#website","url":"https:\/\/www.suno.com.br\/noticias\/","name":"Suno Not\u00edcias","description":"Seu portal de informa\u00e7\u00e3o sobre o mundo dos investimentos","publisher":{"@id":"https:\/\/www.suno.com.br\/noticias\/#organization"},"potentialAction":[{"@type":"SearchAction","target":{"@type":"EntryPoint","urlTemplate":"https:\/\/www.suno.com.br\/noticias\/?s={search_term_string}"},"query-input":{"@type":"PropertyValueSpecification","valueRequired":true,"valueName":"search_term_string"}}],"inLanguage":"pt-BR"},{"@type":"Organization","@id":"https:\/\/www.suno.com.br\/noticias\/#organization","name":"Suno Not\u00edcias","url":"https:\/\/www.suno.com.br\/noticias\/","logo":{"@type":"ImageObject","inLanguage":"pt-BR","@id":"https:\/\/www.suno.com.br\/noticias\/#\/schema\/logo\/image\/","url":"https:\/\/files.sunoresearch.com.br\/n\/uploads\/2021\/09\/suno-logo.png","contentUrl":"https:\/\/files.sunoresearch.com.br\/n\/uploads\/2021\/09\/suno-logo.png","width":180,"height":180,"caption":"Suno Not\u00edcias"},"image":{"@id":"https:\/\/www.suno.com.br\/noticias\/#\/schema\/logo\/image\/"},"sameAs":["https:\/\/facebook.com\/sunoresearch","https:\/\/x.com\/sunoresearch","https:\/\/www.instagram.com\/suno","https:\/\/www.linkedin.com\/company\/suno-research\/","https:\/\/www.youtube.com\/c\/sunoresearch"]},{"@type":"Person","@id":"https:\/\/www.suno.com.br\/noticias\/#\/schema\/person\/918d79de1f0281f01599b93f9ea6e23f","name":"Jader Lazarini","image":{"@type":"ImageObject","inLanguage":"pt-BR","@id":"https:\/\/www.suno.com.br\/noticias\/#\/schema\/person\/image\/","url":"https:\/\/secure.gravatar.com\/avatar\/3c1ad8caa51589841baeb923fcddea97?s=96&r=g","contentUrl":"https:\/\/secure.gravatar.com\/avatar\/3c1ad8caa51589841baeb923fcddea97?s=96&r=g","caption":"Jader Lazarini"},"description":"Jader Lazarini escreve sobre investimentos, finan\u00e7as, economia e neg\u00f3cios. \u00c9 bacharel em Rela\u00e7\u00f5es Internacionais e analista CNPI (2619).","url":"https:\/\/www.suno.com.br\/noticias\/author\/jader-lazarini\/"}]}},"default_loop_html":"<div class=\"cardsPage__listCard__boxs\"><div class=\"cardsPage__listCard__boxs__img\"><a href=\"https:\/\/www.suno.com.br\/noticias\/biden-ve-inflacao-temporaria-e-comemora-crescimento-acelerado\/\"><img class=\"mask\" src=\"https:\/\/www.suno.com.br\/noticias\/wp-content\/themes\/suno\/resources\/images\/spotlight\/spotlight1img\/bg-mask.png\" alt=\"Image Mask\"\/><img src=\"https:\/\/files.sunoresearch.com.br\/n\/uploads\/2021\/06\/4cf2a26b-whatsapp-image-2021-05-05-at-20.18.59-400x200.webp\" alt=\"Biden v\u00ea infla\u00e7\u00e3o tempor\u00e1ria e comemora crescimento acelerado\"\/><\/a><span class=\"spotlightCategory\"><a href=\"https:\/\/www.suno.com.br\/noticias\/internacional\/\">Internacional<\/a><\/span><\/div><div class=\"cardsPage__listCard__boxs__content\"><a href=\"https:\/\/www.suno.com.br\/noticias\/biden-ve-inflacao-temporaria-e-comemora-crescimento-acelerado\/\"><h2 class=\"content__title\">Biden v\u00ea infla\u00e7\u00e3o tempor\u00e1ria e comemora crescimento acelerado<\/h2><\/a><div class=\"newsContent__article__meta\"><div class=\"newsContent__article__meta__authorBox\"><a href=\"https:\/\/www.suno.com.br\/noticias\/author\/jader-lazarini\/\" class=\"authorBox__avatar noMobi\"><img src=\"https:\/\/files.sunoresearch.com.br\/n\/uploads\/2021\/01\/178e6598-foto-perfil-2-150x150.jpg\" alt=\"Jader Lazarini\"><\/a><div class=\"authorBox__name\"><span>por\n\t\t\t<a href=\"https:\/\/www.suno.com.br\/noticias\/author\/jader-lazarini\/\"><span itemprop=\"author\">Jader Lazarini<\/span><\/a><\/span><time datetime=\"2021-07-19T15:29:48-03:00\" itemprop=\"datePublished\">19\/07\/2021 15:29<\/time><\/div><\/div><\/div><\/div><\/div>","single_layout":"posts","amp_enabled":true,"_links":{"self":[{"href":"https:\/\/www.suno.com.br\/noticias\/wp-json\/wp\/v2\/posts\/167020"}],"collection":[{"href":"https:\/\/www.suno.com.br\/noticias\/wp-json\/wp\/v2\/posts"}],"about":[{"href":"https:\/\/www.suno.com.br\/noticias\/wp-json\/wp\/v2\/types\/post"}],"author":[{"embeddable":true,"href":"https:\/\/www.suno.com.br\/noticias\/wp-json\/wp\/v2\/users\/24"}],"replies":[{"embeddable":true,"href":"https:\/\/www.suno.com.br\/noticias\/wp-json\/wp\/v2\/comments?post=167020"}],"version-history":[{"count":3,"href":"https:\/\/www.suno.com.br\/noticias\/wp-json\/wp\/v2\/posts\/167020\/revisions"}],"predecessor-version":[{"id":167057,"href":"https:\/\/www.suno.com.br\/noticias\/wp-json\/wp\/v2\/posts\/167020\/revisions\/167057"}],"wp:featuredmedia":[{"embeddable":true,"href":"https:\/\/www.suno.com.br\/noticias\/wp-json\/wp\/v2\/media\/154641"}],"wp:attachment":[{"href":"https:\/\/www.suno.com.br\/noticias\/wp-json\/wp\/v2\/media?parent=167020"}],"wp:term":[{"taxonomy":"category","embeddable":true,"href":"https:\/\/www.suno.com.br\/noticias\/wp-json\/wp\/v2\/categories?post=167020"},{"taxonomy":"post_tag","embeddable":true,"href":"https:\/\/www.suno.com.br\/noticias\/wp-json\/wp\/v2\/tags?post=167020"},{"taxonomy":"suno_strategy","embeddable":true,"href":"https:\/\/www.suno.com.br\/noticias\/wp-json\/wp\/v2\/suno_strategy?post=167020"}],"curies":[{"name":"wp","href":"https:\/\/api.w.org\/{rel}","templated":true}]}}