{"id":166665,"date":"2021-07-16T16:25:51","date_gmt":"2021-07-16T19:25:51","guid":{"rendered":"https:\/\/www.suno.com.br\/noticias\/?p=166665"},"modified":"2021-07-16T18:02:04","modified_gmt":"2021-07-16T21:02:04","slug":"mitre-mtre3-tem-potencial-de-alta-safra","status":"publish","type":"post","link":"https:\/\/www.suno.com.br\/noticias\/mitre-mtre3-tem-potencial-de-alta-safra\/","title":{"rendered":"Mitre (MTRE3) tem potencial de alta de 50%, prev\u00ea Safra"},"content":{"rendered":"<p>O Safra iniciou nesta quinta-feira (15) a cobertura da construtora <a class=\"suno-keyword\" href=\"https:\/\/www.suno.com.br\/acoes\/MTRE3\/\" target=\"_blank\" rel=\"noopener noreferrer\" data-force=\"yes\" data-priority=\"2\"><strong>Mitre<\/strong> (MTRE3)<\/a> com classifica\u00e7\u00e3o de compra e pre\u00e7o-alvo de R$ 17,80 para as a\u00e7\u00f5es da companhia em 2022, o que corresponde a um salto potencial de 50%.<\/p>\t<div class=\"wrapper-featured-image\">\n\t\t<figure class=\"spotlightImg\">\n\n\t\t\t<picture>\n\t\t\t\t<source media=\"(max-width: 768px)\" srcset=\"https:\/\/files.sunoresearch.com.br\/n\/uploads\/2021\/07\/b4a052f4-mitre-400x200.jpg\">\n\t\t\t\t<img loading=\"lazy\" decoding=\"async\" class=\"newsContent__article__imgCapa lazyloadDisabled \" src=\"https:\/\/files.sunoresearch.com.br\/n\/uploads\/2021\/07\/b4a052f4-mitre-800x450.jpg\" width=\"800\" height=\"450\" alt=\"Mitre (MTRE3) tem potencial de alta de 50%, prev\u00ea Safra\" fetchpriority=high \/>\n\t\t\t<\/picture>\n\n\t\t\t<figcaption class=\"wp-caption-text wp-caption-text--show\">Mitre. Foto: Reprodu\u00e7\u00e3o Facebook<\/figcaption>\n\t\t<\/figure>\n\t<\/div>\n\n\n\t<p>\n\t\t<a href=\"https:\/\/lp.suno.com.br\/planilha-controle-gastos\/\" target=\"_blank\" data-element=\"shortcode-suno-banner\" title=\"Banner SUNO, clique e saiba mais\">\n\t\t\t<picture>\n\t\t\t\t<source media=\"(max-width: 500px)\" srcset=\"https:\/\/files.sunoresearch.com.br\/n\/uploads\/2023\/03\/400x300-Planilha-controle-de-gastos.png\">\n\t\t\t\t<img class=\"newsContent__article__imgCapa newsContent__article__imgCapa--banner\"\n\t\t\t\t\tsrc=\"https:\/\/files.sunoresearch.com.br\/n\/uploads\/2023\/03\/1420x240-Planilha-controle-de-gastos.png\"\n\t\t\t\t\tdata-promo-id=\"101751\"\t\t\t\t\t\t\t\t\t\twidth='1420' height='240'\t\t\t\t\talt=\"https:\/\/files.sunoresearch.com.br\/n\/uploads\/2023\/03\/1420x240-Planilha-controle-de-gastos.png\"\n\t\t\t\t>\n\t\t\t<\/picture>\n\t\t<\/a>\n\t<\/p>\n\n\n<p>O <strong>Safra<\/strong> ainda avalia que a Mitre pode entregar um Retorno sobre o Patrim\u00f4nio l\u00edquido (ROE) de 5,8% esse ano e de 16% no ano que vem.<\/p>\n<p>O banco destaca que atualmente, a construtora est\u00e1 negociando a um m\u00faltiplo de 1,2 vezes Pre\u00e7o\/ <a class=\"suno-keyword\" href=\"https:\/\/www.suno.com.br\/artigos\/valor-patrimonial-por-acao\/\" target=\"_blank\" rel=\"noopener noreferrer\" data-force=\"no\" data-priority=\"1\">Valor Patrimonial por A\u00e7\u00e3o<\/a> (<strong>VPA<\/strong>) para 2021 e para 2022, &#8220;em linha com a m\u00e9dia de seus pares no segmento de m\u00e9dia\/alta renda&#8221;, aponta o relat\u00f3rio.<\/p>\n<p>Al\u00e9m disso, o banco continua confiante no desempenho dos players de m\u00e9dia e alta renda, frente a expans\u00e3o do <strong>cr\u00e9dito imobili\u00e1rio<\/strong> e a disputa entre grandes bancos por clientes de <a class=\"suno-keyword\" href=\"https:\/\/www.suno.com.br\/artigos\/longo-prazo\/\" target=\"_blank\" rel=\"noopener noreferrer\" data-force=\"no\" data-priority=\"1\">longo prazo<\/a>.<\/p>\n<p>&#8220;Destacamos tamb\u00e9m que as carteiras de receb\u00edveis da maioria das construtoras de m\u00e9dia\/alta renda tendem a funcionar como um hedge contra a infla\u00e7\u00e3o da constru\u00e7\u00e3o, uma vez que seus receb\u00edveis s\u00e3o corrigidos em grande parte pelos <a class=\"suno-keyword\" href=\"https:\/\/www.suno.com.br\/artigos\/indices-de-inflacao\/\" target=\"_blank\" rel=\"noopener noreferrer\" data-force=\"no\" data-priority=\"1\">\u00edndices de infla\u00e7\u00e3o<\/a> INCC ou IGP-DI&#8221;.<\/p>\n\t<p>\n\t\t<a href=\"https:\/\/lp.suno.com.br\/planilha-da-vida-financeira\/\" target=\"_blank\" data-element=\"shortcode-suno-banner\" title=\"Banner SUNO, clique e saiba mais\">\n\t\t\t<picture>\n\t\t\t\t<source media=\"(max-width: 500px)\" srcset=\"https:\/\/files.sunoresearch.com.br\/n\/uploads\/2023\/04\/400x300-Planilha-vida-financeira-true.png\">\n\t\t\t\t<img class=\"newsContent__article__imgCapa newsContent__article__imgCapa--banner\"\n\t\t\t\t\tsrc=\"https:\/\/files.sunoresearch.com.br\/n\/uploads\/2023\/04\/1420x240-Planilha-vida-financeira-true.png\"\n\t\t\t\t\tdata-promo-id=\"106682\"\t\t\t\t\t\t\t\t\t\twidth='1420' height='240'\t\t\t\t\talt=\"https:\/\/files.sunoresearch.com.br\/n\/uploads\/2023\/04\/1420x240-Planilha-vida-financeira-true.png\"\n\t\t\t\t>\n\t\t\t<\/picture>\n\t\t<\/a>\n\t<\/p>\n\n\n<p>Na vis\u00e3o do Safra, a defasagem de lan\u00e7amentos nos segmentos de m\u00e9dia e alta renda desde 2015 causou uma demanda reprimida, e isso deve apoiar as vendas e os lan\u00e7amentos das empresas no curto e m\u00e9dio prazo.<\/p>\n\t<div data-element=\"shortcode-read-more\" class=\"knowMore\">\n\t\t\t\t<span class=\"knowMore__title\">Veja tamb\u00e9m<\/span>\n\t\t\t\t<a class=\"knowMore__link\" href=\"https:\/\/www.suno.com.br\/noticias\/mitre-mtre3-vendas-liquidas-avancam-2t21\/\">\n\t\t\tMitre (MTRE3): Vendas l\u00edquidas avan\u00e7am 442,7% no 2T21\t\t<\/a>\n\t<\/div>\n\n\n<p>&#8220;E embora os volumes de estoque continuem crescendo na cidade de S\u00e3o Paulo, entendemos que a ind\u00fastria est\u00e1 mantendo os lan\u00e7amentos em n\u00edveis saud\u00e1veis, pois os estoques ainda est\u00e3o abaixo das vendas anuais. Em nossa opini\u00e3o, os ventos \u00e0 frente seguem favor\u00e1veis, principalmente considerando o maior <a class=\"suno-keyword\" href=\"https:\/\/www.suno.com.br\/artigos\/poder-de-compra\/\" target=\"_blank\" rel=\"noopener noreferrer\" data-force=\"no\" data-priority=\"1\">poder de compra<\/a> devido \u00e0s baixas taxas de juros e a crescente demanda reprimida por novas resid\u00eancias desde 2015&#8243;, aponta o banco.<\/p>\n<h2>Cota\u00e7\u00e3o da Mitre (MTRE3)<\/h2>\n<p>Nesta exta-feira (16), a a\u00e7\u00e3o da <strong>Mitre (MTRE3)<\/strong> fechou em queda de 0,74%, valendo R$ 12,11. No ano, o papel da construtora e incorporadora acumula queda de 28,76%, frente ao fechamento a R$ 17,00 ao final de dezembro do ano passado.<\/p>\n\t<p>\n\t\t<a href=\"https:\/\/lp.suno.com.br\/planilha-de-controle-de-investimentos\/\" target=\"_blank\" data-element=\"shortcode-suno-banner\" title=\"Banner SUNO, clique e saiba mais\">\n\t\t\t<picture>\n\t\t\t\t<source media=\"(max-width: 500px)\" srcset=\"https:\/\/files.sunoresearch.com.br\/n\/uploads\/2023\/03\/400x300-Controle-de-Investimentos.png\">\n\t\t\t\t<img class=\"newsContent__article__imgCapa newsContent__article__imgCapa--banner\"\n\t\t\t\t\tsrc=\"https:\/\/files.sunoresearch.com.br\/n\/uploads\/2023\/03\/1420x240-Controle-de-Investimentos.png\"\n\t\t\t\t\tdata-promo-id=\"75934\"\t\t\t\t\t\t\t\t\t\twidth='1420' height='240'\t\t\t\t\talt=\"https:\/\/files.sunoresearch.com.br\/n\/uploads\/2023\/03\/1420x240-Controle-de-Investimentos.png\"\n\t\t\t\t>\n\t\t\t<\/picture>\n\t\t<\/a>\n\t<\/p>\n\n\n","protected":false},"excerpt":{"rendered":"<p>O Safra iniciou nesta quinta-feira (15) a cobertura da construtora Mitre (MTRE3) com classifica\u00e7\u00e3o de compra e pre\u00e7o-alvo de R$ 17,80 para as a\u00e7\u00f5es da companhia em 2022, o que corresponde a um salto potencial de 50%. Mitre. Foto: Reprodu\u00e7\u00e3o Facebook O Safra ainda avalia que a Mitre pode entregar um Retorno sobre o Patrim\u00f4nio [&hellip;]<\/p>\n","protected":false},"author":39,"featured_media":166693,"comment_status":"closed","ping_status":"closed","sticky":false,"template":"","format":"standard","meta":[],"categories":[64],"tags":[1518,105816,2315],"suno_strategy":[],"class_list":["post-166665","post","type-post","status-publish","format-standard","has-post-thumbnail","hentry","category-negocios","tag-banco-safra","tag-especialistas","tag-mitre-mtre3"],"yoast_head":"<!-- This site is optimized with the Yoast SEO plugin v24.4 - https:\/\/yoast.com\/wordpress\/plugins\/seo\/ -->\n<title>Mitre (MTRE3) tem potencial de alta de 50%, prev\u00ea Safra<\/title>\n<meta name=\"description\" content=\"O Safra iniciou a cobertura da construtora Mitre (MTRE3) com classifica\u00e7\u00e3o de compra e pre\u00e7o-alvo de R$ 17,80. Clique aqui e saiba mais!\" \/>\n<meta name=\"robots\" content=\"index, follow, max-snippet:-1, max-image-preview:large, max-video-preview:-1\" \/>\n<link rel=\"canonical\" href=\"https:\/\/www.suno.com.br\/noticias\/mitre-mtre3-tem-potencial-de-alta-safra\/\" \/>\n<meta property=\"og:locale\" content=\"pt_BR\" \/>\n<meta property=\"og:type\" content=\"article\" \/>\n<meta property=\"og:title\" content=\"Mitre (MTRE3) tem potencial de alta de 50%, prev\u00ea Safra\" \/>\n<meta property=\"og:description\" content=\"O Safra iniciou a cobertura da construtora Mitre (MTRE3) com classifica\u00e7\u00e3o de compra e pre\u00e7o-alvo de R$ 17,80. Clique aqui e saiba mais!\" \/>\n<meta property=\"og:url\" content=\"https:\/\/www.suno.com.br\/noticias\/mitre-mtre3-tem-potencial-de-alta-safra\/\" \/>\n<meta property=\"og:site_name\" content=\"Suno Not\u00edcias\" \/>\n<meta property=\"article:publisher\" content=\"https:\/\/facebook.com\/sunoresearch\" \/>\n<meta property=\"og:image\" content=\"https:\/\/files.sunoresearch.com.br\/n\/uploads\/2021\/07\/b4a052f4-mitre.jpg\" \/>\n\t<meta property=\"og:image:width\" content=\"1419\" \/>\n\t<meta property=\"og:image:height\" content=\"650\" \/>\n\t<meta property=\"og:image:type\" content=\"image\/jpeg\" \/>\n<meta name=\"author\" content=\"Laura Moutinho\" \/>\n<meta name=\"twitter:card\" content=\"summary_large_image\" \/>\n<meta name=\"twitter:creator\" content=\"@sunoresearch\" \/>\n<meta name=\"twitter:site\" content=\"@sunoresearch\" \/>\n<meta name=\"twitter:label1\" content=\"Escrito por\" \/>\n\t<meta name=\"twitter:data1\" content=\"Laura Moutinho\" \/>\n\t<meta name=\"twitter:label2\" content=\"Est. tempo de leitura\" \/>\n\t<meta name=\"twitter:data2\" content=\"2 minutos\" \/>\n<script type=\"application\/ld+json\" class=\"yoast-schema-graph\">{\"@context\":\"https:\/\/schema.org\",\"@graph\":[{\"@type\":\"NewsArticle\",\"@id\":\"https:\/\/www.suno.com.br\/noticias\/mitre-mtre3-tem-potencial-de-alta-safra\/#article\",\"isPartOf\":{\"@id\":\"https:\/\/www.suno.com.br\/noticias\/mitre-mtre3-tem-potencial-de-alta-safra\/\"},\"author\":{\"name\":\"Laura Moutinho\",\"@id\":\"https:\/\/www.suno.com.br\/noticias\/#\/schema\/person\/3df0d2808748b74496efe5dbeaef2c72\"},\"headline\":\"Mitre (MTRE3) tem potencial de alta de 50%, prev\u00ea Safra\",\"datePublished\":\"2021-07-16T19:25:51+00:00\",\"dateModified\":\"2021-07-16T21:02:04+00:00\",\"mainEntityOfPage\":{\"@id\":\"https:\/\/www.suno.com.br\/noticias\/mitre-mtre3-tem-potencial-de-alta-safra\/\"},\"wordCount\":381,\"publisher\":{\"@id\":\"https:\/\/www.suno.com.br\/noticias\/#organization\"},\"image\":{\"@id\":\"https:\/\/www.suno.com.br\/noticias\/mitre-mtre3-tem-potencial-de-alta-safra\/#primaryimage\"},\"thumbnailUrl\":\"https:\/\/files.sunoresearch.com.br\/n\/uploads\/2021\/07\/b4a052f4-mitre.jpg\",\"keywords\":[\"Banco Safra\",\"Especialistas\",\"Mitre (MTRE3)\"],\"articleSection\":[\"Neg\u00f3cios\"],\"inLanguage\":\"pt-BR\"},{\"@type\":\"WebPage\",\"@id\":\"https:\/\/www.suno.com.br\/noticias\/mitre-mtre3-tem-potencial-de-alta-safra\/\",\"url\":\"https:\/\/www.suno.com.br\/noticias\/mitre-mtre3-tem-potencial-de-alta-safra\/\",\"name\":\"Mitre (MTRE3) tem potencial de alta de 50%, prev\u00ea Safra\",\"isPartOf\":{\"@id\":\"https:\/\/www.suno.com.br\/noticias\/#website\"},\"primaryImageOfPage\":{\"@id\":\"https:\/\/www.suno.com.br\/noticias\/mitre-mtre3-tem-potencial-de-alta-safra\/#primaryimage\"},\"image\":{\"@id\":\"https:\/\/www.suno.com.br\/noticias\/mitre-mtre3-tem-potencial-de-alta-safra\/#primaryimage\"},\"thumbnailUrl\":\"https:\/\/files.sunoresearch.com.br\/n\/uploads\/2021\/07\/b4a052f4-mitre.jpg\",\"datePublished\":\"2021-07-16T19:25:51+00:00\",\"dateModified\":\"2021-07-16T21:02:04+00:00\",\"description\":\"O Safra iniciou a cobertura da construtora Mitre (MTRE3) com classifica\u00e7\u00e3o de compra e pre\u00e7o-alvo de R$ 17,80. Clique aqui e saiba mais!\",\"breadcrumb\":{\"@id\":\"https:\/\/www.suno.com.br\/noticias\/mitre-mtre3-tem-potencial-de-alta-safra\/#breadcrumb\"},\"inLanguage\":\"pt-BR\",\"potentialAction\":[{\"@type\":\"ReadAction\",\"target\":[\"https:\/\/www.suno.com.br\/noticias\/mitre-mtre3-tem-potencial-de-alta-safra\/\"]}]},{\"@type\":\"ImageObject\",\"inLanguage\":\"pt-BR\",\"@id\":\"https:\/\/www.suno.com.br\/noticias\/mitre-mtre3-tem-potencial-de-alta-safra\/#primaryimage\",\"url\":\"https:\/\/files.sunoresearch.com.br\/n\/uploads\/2021\/07\/b4a052f4-mitre.jpg\",\"contentUrl\":\"https:\/\/files.sunoresearch.com.br\/n\/uploads\/2021\/07\/b4a052f4-mitre.jpg\",\"width\":1419,\"height\":650,\"caption\":\"Mitre. Foto: Reprodu\u00e7\u00e3o Facebook\"},{\"@type\":\"BreadcrumbList\",\"@id\":\"https:\/\/www.suno.com.br\/noticias\/mitre-mtre3-tem-potencial-de-alta-safra\/#breadcrumb\",\"itemListElement\":[{\"@type\":\"ListItem\",\"position\":1,\"name\":\"Not\u00edcias\",\"item\":\"https:\/\/www.suno.com.br\/noticias\/\"},{\"@type\":\"ListItem\",\"position\":2,\"name\":\"Neg\u00f3cios\",\"item\":\"https:\/\/www.suno.com.br\/noticias\/negocios\/\"},{\"@type\":\"ListItem\",\"position\":3,\"name\":\"Mitre (MTRE3) tem potencial de alta de 50%, prev\u00ea Safra\"}]},{\"@type\":\"WebSite\",\"@id\":\"https:\/\/www.suno.com.br\/noticias\/#website\",\"url\":\"https:\/\/www.suno.com.br\/noticias\/\",\"name\":\"Suno Not\u00edcias\",\"description\":\"Seu portal de informa\u00e7\u00e3o sobre o mundo dos investimentos\",\"publisher\":{\"@id\":\"https:\/\/www.suno.com.br\/noticias\/#organization\"},\"potentialAction\":[{\"@type\":\"SearchAction\",\"target\":{\"@type\":\"EntryPoint\",\"urlTemplate\":\"https:\/\/www.suno.com.br\/noticias\/?s={search_term_string}\"},\"query-input\":{\"@type\":\"PropertyValueSpecification\",\"valueRequired\":true,\"valueName\":\"search_term_string\"}}],\"inLanguage\":\"pt-BR\"},{\"@type\":\"Organization\",\"@id\":\"https:\/\/www.suno.com.br\/noticias\/#organization\",\"name\":\"Suno Not\u00edcias\",\"url\":\"https:\/\/www.suno.com.br\/noticias\/\",\"logo\":{\"@type\":\"ImageObject\",\"inLanguage\":\"pt-BR\",\"@id\":\"https:\/\/www.suno.com.br\/noticias\/#\/schema\/logo\/image\/\",\"url\":\"https:\/\/files.sunoresearch.com.br\/n\/uploads\/2021\/09\/suno-logo.png\",\"contentUrl\":\"https:\/\/files.sunoresearch.com.br\/n\/uploads\/2021\/09\/suno-logo.png\",\"width\":180,\"height\":180,\"caption\":\"Suno Not\u00edcias\"},\"image\":{\"@id\":\"https:\/\/www.suno.com.br\/noticias\/#\/schema\/logo\/image\/\"},\"sameAs\":[\"https:\/\/facebook.com\/sunoresearch\",\"https:\/\/x.com\/sunoresearch\",\"https:\/\/www.instagram.com\/suno\",\"https:\/\/www.linkedin.com\/company\/suno-research\/\",\"https:\/\/www.youtube.com\/c\/sunoresearch\"]},{\"@type\":\"Person\",\"@id\":\"https:\/\/www.suno.com.br\/noticias\/#\/schema\/person\/3df0d2808748b74496efe5dbeaef2c72\",\"name\":\"Laura Moutinho\",\"image\":{\"@type\":\"ImageObject\",\"inLanguage\":\"pt-BR\",\"@id\":\"https:\/\/www.suno.com.br\/noticias\/#\/schema\/person\/image\/\",\"url\":\"https:\/\/secure.gravatar.com\/avatar\/7571c7c8ca3a6fca5e41384ece5557ff?s=96&r=g\",\"contentUrl\":\"https:\/\/secure.gravatar.com\/avatar\/7571c7c8ca3a6fca5e41384ece5557ff?s=96&r=g\",\"caption\":\"Laura Moutinho\"},\"description\":\"Estagi\u00e1ria na Suno Not\u00edcias, escreve not\u00edcias que afetam o mercado financeiro. Estuda administra\u00e7\u00e3o na Universidade Presbiteriana Mackenzie.\",\"url\":\"https:\/\/www.suno.com.br\/noticias\/author\/laura-moutinho\/\"}]}<\/script>\n<!-- \/ Yoast SEO plugin. -->","yoast_head_json":{"title":"Mitre (MTRE3) tem potencial de alta de 50%, prev\u00ea Safra","description":"O Safra iniciou a cobertura da construtora Mitre (MTRE3) com classifica\u00e7\u00e3o de compra e pre\u00e7o-alvo de R$ 17,80. Clique aqui e saiba mais!","robots":{"index":"index","follow":"follow","max-snippet":"max-snippet:-1","max-image-preview":"max-image-preview:large","max-video-preview":"max-video-preview:-1"},"canonical":"https:\/\/www.suno.com.br\/noticias\/mitre-mtre3-tem-potencial-de-alta-safra\/","og_locale":"pt_BR","og_type":"article","og_title":"Mitre (MTRE3) tem potencial de alta de 50%, prev\u00ea Safra","og_description":"O Safra iniciou a cobertura da construtora Mitre (MTRE3) com classifica\u00e7\u00e3o de compra e pre\u00e7o-alvo de R$ 17,80. Clique aqui e saiba mais!","og_url":"https:\/\/www.suno.com.br\/noticias\/mitre-mtre3-tem-potencial-de-alta-safra\/","og_site_name":"Suno Not\u00edcias","article_publisher":"https:\/\/facebook.com\/sunoresearch","og_image":[{"width":1419,"height":650,"url":"https:\/\/files.sunoresearch.com.br\/n\/uploads\/2021\/07\/b4a052f4-mitre.jpg","type":"image\/jpeg"}],"author":"Laura Moutinho","twitter_card":"summary_large_image","twitter_creator":"@sunoresearch","twitter_site":"@sunoresearch","twitter_misc":{"Escrito por":"Laura Moutinho","Est. tempo de leitura":"2 minutos"},"schema":{"@context":"https:\/\/schema.org","@graph":[{"@type":"NewsArticle","@id":"https:\/\/www.suno.com.br\/noticias\/mitre-mtre3-tem-potencial-de-alta-safra\/#article","isPartOf":{"@id":"https:\/\/www.suno.com.br\/noticias\/mitre-mtre3-tem-potencial-de-alta-safra\/"},"author":{"name":"Laura Moutinho","@id":"https:\/\/www.suno.com.br\/noticias\/#\/schema\/person\/3df0d2808748b74496efe5dbeaef2c72"},"headline":"Mitre (MTRE3) tem potencial de alta de 50%, prev\u00ea Safra","datePublished":"2021-07-16T19:25:51+00:00","dateModified":"2021-07-16T21:02:04+00:00","mainEntityOfPage":{"@id":"https:\/\/www.suno.com.br\/noticias\/mitre-mtre3-tem-potencial-de-alta-safra\/"},"wordCount":381,"publisher":{"@id":"https:\/\/www.suno.com.br\/noticias\/#organization"},"image":{"@id":"https:\/\/www.suno.com.br\/noticias\/mitre-mtre3-tem-potencial-de-alta-safra\/#primaryimage"},"thumbnailUrl":"https:\/\/files.sunoresearch.com.br\/n\/uploads\/2021\/07\/b4a052f4-mitre.jpg","keywords":["Banco Safra","Especialistas","Mitre (MTRE3)"],"articleSection":["Neg\u00f3cios"],"inLanguage":"pt-BR"},{"@type":"WebPage","@id":"https:\/\/www.suno.com.br\/noticias\/mitre-mtre3-tem-potencial-de-alta-safra\/","url":"https:\/\/www.suno.com.br\/noticias\/mitre-mtre3-tem-potencial-de-alta-safra\/","name":"Mitre (MTRE3) tem potencial de alta de 50%, prev\u00ea Safra","isPartOf":{"@id":"https:\/\/www.suno.com.br\/noticias\/#website"},"primaryImageOfPage":{"@id":"https:\/\/www.suno.com.br\/noticias\/mitre-mtre3-tem-potencial-de-alta-safra\/#primaryimage"},"image":{"@id":"https:\/\/www.suno.com.br\/noticias\/mitre-mtre3-tem-potencial-de-alta-safra\/#primaryimage"},"thumbnailUrl":"https:\/\/files.sunoresearch.com.br\/n\/uploads\/2021\/07\/b4a052f4-mitre.jpg","datePublished":"2021-07-16T19:25:51+00:00","dateModified":"2021-07-16T21:02:04+00:00","description":"O Safra iniciou a cobertura da construtora Mitre (MTRE3) com classifica\u00e7\u00e3o de compra e pre\u00e7o-alvo de R$ 17,80. Clique aqui e saiba mais!","breadcrumb":{"@id":"https:\/\/www.suno.com.br\/noticias\/mitre-mtre3-tem-potencial-de-alta-safra\/#breadcrumb"},"inLanguage":"pt-BR","potentialAction":[{"@type":"ReadAction","target":["https:\/\/www.suno.com.br\/noticias\/mitre-mtre3-tem-potencial-de-alta-safra\/"]}]},{"@type":"ImageObject","inLanguage":"pt-BR","@id":"https:\/\/www.suno.com.br\/noticias\/mitre-mtre3-tem-potencial-de-alta-safra\/#primaryimage","url":"https:\/\/files.sunoresearch.com.br\/n\/uploads\/2021\/07\/b4a052f4-mitre.jpg","contentUrl":"https:\/\/files.sunoresearch.com.br\/n\/uploads\/2021\/07\/b4a052f4-mitre.jpg","width":1419,"height":650,"caption":"Mitre. Foto: Reprodu\u00e7\u00e3o Facebook"},{"@type":"BreadcrumbList","@id":"https:\/\/www.suno.com.br\/noticias\/mitre-mtre3-tem-potencial-de-alta-safra\/#breadcrumb","itemListElement":[{"@type":"ListItem","position":1,"name":"Not\u00edcias","item":"https:\/\/www.suno.com.br\/noticias\/"},{"@type":"ListItem","position":2,"name":"Neg\u00f3cios","item":"https:\/\/www.suno.com.br\/noticias\/negocios\/"},{"@type":"ListItem","position":3,"name":"Mitre (MTRE3) tem potencial de alta de 50%, prev\u00ea Safra"}]},{"@type":"WebSite","@id":"https:\/\/www.suno.com.br\/noticias\/#website","url":"https:\/\/www.suno.com.br\/noticias\/","name":"Suno Not\u00edcias","description":"Seu portal de informa\u00e7\u00e3o sobre o mundo dos investimentos","publisher":{"@id":"https:\/\/www.suno.com.br\/noticias\/#organization"},"potentialAction":[{"@type":"SearchAction","target":{"@type":"EntryPoint","urlTemplate":"https:\/\/www.suno.com.br\/noticias\/?s={search_term_string}"},"query-input":{"@type":"PropertyValueSpecification","valueRequired":true,"valueName":"search_term_string"}}],"inLanguage":"pt-BR"},{"@type":"Organization","@id":"https:\/\/www.suno.com.br\/noticias\/#organization","name":"Suno Not\u00edcias","url":"https:\/\/www.suno.com.br\/noticias\/","logo":{"@type":"ImageObject","inLanguage":"pt-BR","@id":"https:\/\/www.suno.com.br\/noticias\/#\/schema\/logo\/image\/","url":"https:\/\/files.sunoresearch.com.br\/n\/uploads\/2021\/09\/suno-logo.png","contentUrl":"https:\/\/files.sunoresearch.com.br\/n\/uploads\/2021\/09\/suno-logo.png","width":180,"height":180,"caption":"Suno Not\u00edcias"},"image":{"@id":"https:\/\/www.suno.com.br\/noticias\/#\/schema\/logo\/image\/"},"sameAs":["https:\/\/facebook.com\/sunoresearch","https:\/\/x.com\/sunoresearch","https:\/\/www.instagram.com\/suno","https:\/\/www.linkedin.com\/company\/suno-research\/","https:\/\/www.youtube.com\/c\/sunoresearch"]},{"@type":"Person","@id":"https:\/\/www.suno.com.br\/noticias\/#\/schema\/person\/3df0d2808748b74496efe5dbeaef2c72","name":"Laura Moutinho","image":{"@type":"ImageObject","inLanguage":"pt-BR","@id":"https:\/\/www.suno.com.br\/noticias\/#\/schema\/person\/image\/","url":"https:\/\/secure.gravatar.com\/avatar\/7571c7c8ca3a6fca5e41384ece5557ff?s=96&r=g","contentUrl":"https:\/\/secure.gravatar.com\/avatar\/7571c7c8ca3a6fca5e41384ece5557ff?s=96&r=g","caption":"Laura Moutinho"},"description":"Estagi\u00e1ria na Suno Not\u00edcias, escreve not\u00edcias que afetam o mercado financeiro. Estuda administra\u00e7\u00e3o na Universidade Presbiteriana Mackenzie.","url":"https:\/\/www.suno.com.br\/noticias\/author\/laura-moutinho\/"}]}},"default_loop_html":"<div class=\"cardsPage__listCard__boxs\"><div class=\"cardsPage__listCard__boxs__img\"><a href=\"https:\/\/www.suno.com.br\/noticias\/mitre-mtre3-tem-potencial-de-alta-safra\/\"><img class=\"mask\" src=\"https:\/\/www.suno.com.br\/noticias\/wp-content\/themes\/suno\/resources\/images\/spotlight\/spotlight1img\/bg-mask.png\" alt=\"Image Mask\"\/><img src=\"https:\/\/files.sunoresearch.com.br\/n\/uploads\/2021\/07\/b4a052f4-mitre-400x200.jpg\" alt=\"Mitre (MTRE3) tem potencial de alta de 50%, prev\u00ea Safra\"\/><\/a><span class=\"spotlightCategory\"><a href=\"https:\/\/www.suno.com.br\/noticias\/negocios\/\">Neg\u00f3cios<\/a><\/span><\/div><div class=\"cardsPage__listCard__boxs__content\"><a href=\"https:\/\/www.suno.com.br\/noticias\/mitre-mtre3-tem-potencial-de-alta-safra\/\"><h2 class=\"content__title\">Mitre (MTRE3) tem potencial de alta de 50%, prev\u00ea Safra<\/h2><\/a><div class=\"newsContent__article__meta\"><div class=\"newsContent__article__meta__authorBox\"><a href=\"https:\/\/www.suno.com.br\/noticias\/author\/laura-moutinho\/\" class=\"authorBox__avatar noMobi\"><img src=\"https:\/\/files.sunoresearch.com.br\/n\/uploads\/2020\/08\/531ff69d-whatsapp-image-2020-08-03-at-14.54.38-150x150.webp\" alt=\"Laura Moutinho\"><\/a><div class=\"authorBox__name\"><span>por\n\t\t\t<a href=\"https:\/\/www.suno.com.br\/noticias\/author\/laura-moutinho\/\"><span itemprop=\"author\">Laura Moutinho<\/span><\/a><\/span><time datetime=\"2021-07-16T16:25:51-03:00\" itemprop=\"datePublished\">16\/07\/2021 16:25<\/time><\/div><\/div><\/div><\/div><\/div>","single_layout":"posts","amp_enabled":true,"_links":{"self":[{"href":"https:\/\/www.suno.com.br\/noticias\/wp-json\/wp\/v2\/posts\/166665"}],"collection":[{"href":"https:\/\/www.suno.com.br\/noticias\/wp-json\/wp\/v2\/posts"}],"about":[{"href":"https:\/\/www.suno.com.br\/noticias\/wp-json\/wp\/v2\/types\/post"}],"author":[{"embeddable":true,"href":"https:\/\/www.suno.com.br\/noticias\/wp-json\/wp\/v2\/users\/39"}],"replies":[{"embeddable":true,"href":"https:\/\/www.suno.com.br\/noticias\/wp-json\/wp\/v2\/comments?post=166665"}],"version-history":[{"count":3,"href":"https:\/\/www.suno.com.br\/noticias\/wp-json\/wp\/v2\/posts\/166665\/revisions"}],"predecessor-version":[{"id":166738,"href":"https:\/\/www.suno.com.br\/noticias\/wp-json\/wp\/v2\/posts\/166665\/revisions\/166738"}],"wp:featuredmedia":[{"embeddable":true,"href":"https:\/\/www.suno.com.br\/noticias\/wp-json\/wp\/v2\/media\/166693"}],"wp:attachment":[{"href":"https:\/\/www.suno.com.br\/noticias\/wp-json\/wp\/v2\/media?parent=166665"}],"wp:term":[{"taxonomy":"category","embeddable":true,"href":"https:\/\/www.suno.com.br\/noticias\/wp-json\/wp\/v2\/categories?post=166665"},{"taxonomy":"post_tag","embeddable":true,"href":"https:\/\/www.suno.com.br\/noticias\/wp-json\/wp\/v2\/tags?post=166665"},{"taxonomy":"suno_strategy","embeddable":true,"href":"https:\/\/www.suno.com.br\/noticias\/wp-json\/wp\/v2\/suno_strategy?post=166665"}],"curies":[{"name":"wp","href":"https:\/\/api.w.org\/{rel}","templated":true}]}}