{"id":166614,"date":"2021-07-16T15:15:24","date_gmt":"2021-07-16T18:15:24","guid":{"rendered":"https:\/\/www.suno.com.br\/noticias\/?p=166614"},"modified":"2021-07-16T15:15:24","modified_gmt":"2021-07-16T18:15:24","slug":"credores-contestam-plano-recuperacao-samarco","status":"publish","type":"post","link":"https:\/\/www.suno.com.br\/noticias\/credores-contestam-plano-recuperacao-samarco\/","title":{"rendered":"Samarco: Credores contestam plano de recupera\u00e7\u00e3o judicial"},"content":{"rendered":"<p>Os credores da <strong>Samarco<\/strong>, <a class=\"suno-keyword\" href=\"https:\/\/www.suno.com.br\/artigos\/joint-venture\/\" target=\"_blank\" rel=\"noopener noreferrer\" data-force=\"no\" data-priority=\"2\">joint venture<\/a> da <a href=\"https:\/\/www.suno.com.br\/acoes\/vale3\/\" target=\"_blank\" rel=\"noopener noreferrer\">Vale (VALE3)<\/a> em conjunto com a BHP Billiton Brasil, formalizaram na \u00faltima quinta-feira (15) sua posi\u00e7\u00e3o contr\u00e1ria ao plano de<a href=\"https:\/\/www.suno.com.br\/artigos\/recuperacao-judicial\/\"> recupera\u00e7\u00e3o judicial<\/a> da mineradora.<\/p>\t<div class=\"wrapper-featured-image\">\n\t\t<figure class=\"spotlightImg\">\n\n\t\t\t<picture>\n\t\t\t\t<source media=\"(max-width: 768px)\" srcset=\"https:\/\/files.sunoresearch.com.br\/n\/uploads\/2021\/06\/f6d00e0e-open-pit-mining-1327116_1920-400x200.webp\">\n\t\t\t\t<img loading=\"lazy\" decoding=\"async\" class=\"newsContent__article__imgCapa lazyloadDisabled \" src=\"https:\/\/files.sunoresearch.com.br\/n\/uploads\/2021\/06\/f6d00e0e-open-pit-mining-1327116_1920-800x450.webp\" width=\"800\" height=\"450\" alt=\"Samarco: Credores contestam plano de recupera\u00e7\u00e3o judicial\" fetchpriority=high \/>\n\t\t\t<\/picture>\n\n\t\t\t<figcaption class=\"wp-caption-text wp-caption-text--show\">Minera\u00e7\u00e3o. Foto: Pixabay<\/figcaption>\n\t\t<\/figure>\n\t<\/div>\n\n\n\t<p>\n\t\t<a href=\"https:\/\/lp.suno.com.br\/planilha-controle-gastos\/\" target=\"_blank\" data-element=\"shortcode-suno-banner\" title=\"Banner SUNO, clique e saiba mais\">\n\t\t\t<picture>\n\t\t\t\t<source media=\"(max-width: 500px)\" srcset=\"https:\/\/files.sunoresearch.com.br\/n\/uploads\/2023\/03\/400x300-Planilha-controle-de-gastos.png\">\n\t\t\t\t<img class=\"newsContent__article__imgCapa newsContent__article__imgCapa--banner\"\n\t\t\t\t\tsrc=\"https:\/\/files.sunoresearch.com.br\/n\/uploads\/2023\/03\/1420x240-Planilha-controle-de-gastos.png\"\n\t\t\t\t\tdata-promo-id=\"101751\"\t\t\t\t\t\t\t\t\t\twidth='1420' height='240'\t\t\t\t\talt=\"https:\/\/files.sunoresearch.com.br\/n\/uploads\/2023\/03\/1420x240-Planilha-controle-de-gastos.png\"\n\t\t\t\t>\n\t\t\t<\/picture>\n\t\t<\/a>\n\t<\/p>\n\n\n<p>Em novo pedido feito \u00e0 Justi\u00e7a, o grupo formado por fundos estrangeiros &#8211; entre eles, York e Ashmore -, detentores de R$ 21 bilh\u00f5es do total de R$ 50 bilh\u00f5es da <strong>d\u00edvida da empresa<\/strong>, afirma que o atual plano Samarco \u00e9 &#8220;ilegal e invi\u00e1vel&#8221;.<\/p>\n<p>Na pr\u00e1tica, dizem os fundos, a Samarco pede o perd\u00e3o de d\u00edvidas aos seus <strong>credores<\/strong> e beneficia apenas seus s\u00f3cios, a brasileira <strong>Vale<\/strong> a australiana<strong> BHP Billiton<\/strong>. A mineradora esteve no centro da trag\u00e9dia de <strong>Mariana<\/strong> (MG), em 2015, e ficou v\u00e1rios anos sem operar.<\/p>\n<p>No documento, que foi apresentado ontem, os credores dizem n\u00e3o ter sido procurados pela companhia para negociar os termos e condi\u00e7\u00f5es de pagamento propostas no plano. &#8220;Apesar da intera\u00e7\u00e3o entre os credores e o devedor ser o ponto nevr\u00e1lgico para o sucesso de qualquer recupera\u00e7\u00e3o judicial, a Samarco preferiu um voo solo, apresentando proposta unilateral que s\u00f3 beneficia as <strong>acionistas<\/strong> &#8211; verdadeiras respons\u00e1veis pela crise que culminou no pedido&#8221;, aponta a peti\u00e7\u00e3o.<\/p>\n\t<p>\n\t\t<a href=\"https:\/\/lp.suno.com.br\/planilha-da-vida-financeira\/\" target=\"_blank\" data-element=\"shortcode-suno-banner\" title=\"Banner SUNO, clique e saiba mais\">\n\t\t\t<picture>\n\t\t\t\t<source media=\"(max-width: 500px)\" srcset=\"https:\/\/files.sunoresearch.com.br\/n\/uploads\/2023\/04\/400x300-Planilha-vida-financeira-true.png\">\n\t\t\t\t<img class=\"newsContent__article__imgCapa newsContent__article__imgCapa--banner\"\n\t\t\t\t\tsrc=\"https:\/\/files.sunoresearch.com.br\/n\/uploads\/2023\/04\/1420x240-Planilha-vida-financeira-true.png\"\n\t\t\t\t\tdata-promo-id=\"106682\"\t\t\t\t\t\t\t\t\t\twidth='1420' height='240'\t\t\t\t\talt=\"https:\/\/files.sunoresearch.com.br\/n\/uploads\/2023\/04\/1420x240-Planilha-vida-financeira-true.png\"\n\t\t\t\t>\n\t\t\t<\/picture>\n\t\t<\/a>\n\t<\/p>\n\n\n<p>&#8220;O plano n\u00e3o serve como base para uma negocia\u00e7\u00e3o&#8221;, afirma Paulo Padis, s\u00f3cio da Padis Mattar Advogados, que representa o grupo de credores que concentra 80% das d\u00edvidas, sem contar os d\u00e9bitos com BHP e Vale. Por isso, os fundos pedem a realiza\u00e7\u00e3o de assembleia dos credores sobre o plano.<\/p>\n<p>O advogado explica que o plano for\u00e7a os credores a serem <strong>acionistas da Samarco.<\/strong> Isso porque a outra alternativa &#8211; que envolve a redu\u00e7\u00e3o de 85% no pagamento da d\u00edvida, com o restante parcelado em v\u00e1rios anos &#8211; n\u00e3o teria condi\u00e7\u00f5es de ser aprovada por &#8220;nenhum credor consciente&#8221;.<\/p>\n<p>Conforme fonte pr\u00f3xima \u00e0 Samarco, a nova peti\u00e7\u00e3o dos credores seria uma tentativa de &#8220;gerar tumulto&#8221;. A fonte disse ainda que uma antecipa\u00e7\u00e3o da assembleia fora do prazo processual &#8220;n\u00e3o tem a menor chance de ocorrer&#8221;.<\/p>\n<h2>Samarco chamou estrat\u00e9gia dos fundos de &#8220;chantagem&#8221;<\/h2>\n<p>O contra-ataque dos credores ocorre duas semanas depois de a Samarco chamar a estrat\u00e9gia dos fundos de &#8220;chantagem&#8221;. Em resposta, Marcos Pitanga, do escrit\u00f3rio Ferro Castro Neves, que tamb\u00e9m representa os credores, diz que existe um desalinhamento entre Vale e BHP e os demais credores. Isso, segundo ele, porque as duas gigantes mundiais de minera\u00e7\u00e3o t\u00eam pouco interesse na Samarco, ao contr\u00e1rio do grupo, que precisa que ela volte a operar para ser ressarcido.<\/p>\n\n\t<div data-element=\"shortcode-read-more\" class=\"readToo\">\n\t\t\t\t<span class=\"readToo__title\">Veja tamb\u00e9m<\/span>\n\t\t\t\t<ul class=\"readToo__list\">\n\t\t\t<li><a href=\"https:\/\/www.suno.com.br\/noticias\/samarco-nao-deve-pagar-mariana-credores\/\">Samarco n\u00e3o deve pagar por Mariana, defendem credores<\/a><\/li><li><a href=\"https:\/\/www.suno.com.br\/noticias\/vale-vale3-samarco-pedido-recuperacao-judicial\/\">Vale (VALE3): Samarco ajuizou pedido de recupera\u00e7\u00e3o judicial<\/a><\/li>\t\t<\/ul>\n\t<\/div>\n\n\n<p>Para os credores, as condi\u00e7\u00f5es do plano s\u00e3o abusivas e evidenciam &#8220;postura ardilosa das acionistas, que abusam de sua condi\u00e7\u00e3o de controladoras para (&#8230;) extra\u00edrem dela valor em detrimento da coletividade de credores&#8221;. Segundo Padis, os advogados da Samarco trabalham em prol dos acionistas, e n\u00e3o da companhia em si.<\/p>\n<p>Procurada, a <strong>Samarco<\/strong> disse que responder\u00e1 nos autos do processo. Vale e BHP n\u00e3o comentaram.<\/p>\n<p><em>Com informa\u00e7\u00f5es do Estad\u00e3o Conte\u00fado e do jornal O Estado de S. Paulo.<\/em><\/p>\n\t<p>\n\t\t<a href=\"https:\/\/lp.suno.com.br\/planilha-de-controle-de-investimentos\/\" target=\"_blank\" data-element=\"shortcode-suno-banner\" title=\"Banner SUNO, clique e saiba mais\">\n\t\t\t<picture>\n\t\t\t\t<source media=\"(max-width: 500px)\" srcset=\"https:\/\/files.sunoresearch.com.br\/n\/uploads\/2023\/03\/400x300-Controle-de-Investimentos.png\">\n\t\t\t\t<img class=\"newsContent__article__imgCapa newsContent__article__imgCapa--banner\"\n\t\t\t\t\tsrc=\"https:\/\/files.sunoresearch.com.br\/n\/uploads\/2023\/03\/1420x240-Controle-de-Investimentos.png\"\n\t\t\t\t\tdata-promo-id=\"75934\"\t\t\t\t\t\t\t\t\t\twidth='1420' height='240'\t\t\t\t\talt=\"https:\/\/files.sunoresearch.com.br\/n\/uploads\/2023\/03\/1420x240-Controle-de-Investimentos.png\"\n\t\t\t\t>\n\t\t\t<\/picture>\n\t\t<\/a>\n\t<\/p>\n\n\n","protected":false},"excerpt":{"rendered":"<p>Os credores da Samarco, joint venture da Vale (VALE3) em conjunto com a BHP Billiton Brasil, formalizaram na \u00faltima quinta-feira (15) sua posi\u00e7\u00e3o contr\u00e1ria ao plano de recupera\u00e7\u00e3o judicial da mineradora. CSN Minera\u00e7\u00e3o (CMIN3). Foto: Pixabay Em novo pedido feito \u00e0 Justi\u00e7a, o grupo formado por fundos estrangeiros &#8211; entre eles, York e Ashmore -, [&hellip;]<\/p>\n","protected":false},"author":39,"featured_media":155944,"comment_status":"closed","ping_status":"closed","sticky":false,"template":"","format":"standard","meta":[],"categories":[64],"tags":[314,1035,676],"suno_strategy":[],"class_list":["post-166614","post","type-post","status-publish","format-standard","has-post-thumbnail","hentry","category-negocios","tag-recuperacao-judicial","tag-samarco","tag-vale-vale3"],"yoast_head":"<!-- This site is optimized with the Yoast SEO plugin v24.4 - https:\/\/yoast.com\/wordpress\/plugins\/seo\/ -->\n<title>Samarco: Credores contestam plano de recupera\u00e7\u00e3o judicial<\/title>\n<meta name=\"description\" content=\"Os credores da Samarco formalizaram sua posi\u00e7\u00e3o contr\u00e1ria ao plano de recupera\u00e7\u00e3o judicial da mineradora. Clique aqui e saiba mais!\" \/>\n<meta name=\"robots\" content=\"index, follow, max-snippet:-1, max-image-preview:large, max-video-preview:-1\" \/>\n<link rel=\"canonical\" href=\"https:\/\/www.suno.com.br\/noticias\/credores-contestam-plano-recuperacao-samarco\/\" \/>\n<meta property=\"og:locale\" content=\"pt_BR\" \/>\n<meta property=\"og:type\" content=\"article\" \/>\n<meta property=\"og:title\" content=\"Samarco: Credores contestam plano de recupera\u00e7\u00e3o judicial\" \/>\n<meta property=\"og:description\" content=\"Os credores da Samarco formalizaram sua posi\u00e7\u00e3o contr\u00e1ria ao plano de recupera\u00e7\u00e3o judicial da mineradora. Clique aqui e saiba mais!\" \/>\n<meta property=\"og:url\" content=\"https:\/\/www.suno.com.br\/noticias\/credores-contestam-plano-recuperacao-samarco\/\" \/>\n<meta property=\"og:site_name\" content=\"Suno Not\u00edcias\" \/>\n<meta property=\"article:publisher\" content=\"https:\/\/facebook.com\/sunoresearch\" \/>\n<meta property=\"og:image\" content=\"https:\/\/files.sunoresearch.com.br\/n\/uploads\/2021\/06\/f6d00e0e-open-pit-mining-1327116_1920.jpg\" \/>\n\t<meta property=\"og:image:width\" content=\"1920\" \/>\n\t<meta property=\"og:image:height\" content=\"1059\" \/>\n\t<meta property=\"og:image:type\" content=\"image\/jpeg\" \/>\n<meta name=\"author\" content=\"Laura Moutinho\" \/>\n<meta name=\"twitter:card\" content=\"summary_large_image\" \/>\n<meta name=\"twitter:creator\" content=\"@sunoresearch\" \/>\n<meta name=\"twitter:site\" content=\"@sunoresearch\" \/>\n<meta name=\"twitter:label1\" content=\"Escrito por\" \/>\n\t<meta name=\"twitter:data1\" content=\"Laura Moutinho\" \/>\n\t<meta name=\"twitter:label2\" content=\"Est. tempo de leitura\" \/>\n\t<meta name=\"twitter:data2\" content=\"3 minutos\" \/>\n<script type=\"application\/ld+json\" class=\"yoast-schema-graph\">{\"@context\":\"https:\/\/schema.org\",\"@graph\":[{\"@type\":\"NewsArticle\",\"@id\":\"https:\/\/www.suno.com.br\/noticias\/credores-contestam-plano-recuperacao-samarco\/#article\",\"isPartOf\":{\"@id\":\"https:\/\/www.suno.com.br\/noticias\/credores-contestam-plano-recuperacao-samarco\/\"},\"author\":{\"name\":\"Laura Moutinho\",\"@id\":\"https:\/\/www.suno.com.br\/noticias\/#\/schema\/person\/3df0d2808748b74496efe5dbeaef2c72\"},\"headline\":\"Samarco: Credores contestam plano de recupera\u00e7\u00e3o judicial\",\"datePublished\":\"2021-07-16T18:15:24+00:00\",\"mainEntityOfPage\":{\"@id\":\"https:\/\/www.suno.com.br\/noticias\/credores-contestam-plano-recuperacao-samarco\/\"},\"wordCount\":553,\"publisher\":{\"@id\":\"https:\/\/www.suno.com.br\/noticias\/#organization\"},\"image\":{\"@id\":\"https:\/\/www.suno.com.br\/noticias\/credores-contestam-plano-recuperacao-samarco\/#primaryimage\"},\"thumbnailUrl\":\"https:\/\/files.sunoresearch.com.br\/n\/uploads\/2021\/06\/f6d00e0e-open-pit-mining-1327116_1920-jpg.webp\",\"keywords\":[\"recupera\u00e7\u00e3o judicial\",\"Samarco\",\"Vale (VALE3)\"],\"articleSection\":[\"Neg\u00f3cios\"],\"inLanguage\":\"pt-BR\"},{\"@type\":\"WebPage\",\"@id\":\"https:\/\/www.suno.com.br\/noticias\/credores-contestam-plano-recuperacao-samarco\/\",\"url\":\"https:\/\/www.suno.com.br\/noticias\/credores-contestam-plano-recuperacao-samarco\/\",\"name\":\"Samarco: Credores contestam plano de recupera\u00e7\u00e3o judicial\",\"isPartOf\":{\"@id\":\"https:\/\/www.suno.com.br\/noticias\/#website\"},\"primaryImageOfPage\":{\"@id\":\"https:\/\/www.suno.com.br\/noticias\/credores-contestam-plano-recuperacao-samarco\/#primaryimage\"},\"image\":{\"@id\":\"https:\/\/www.suno.com.br\/noticias\/credores-contestam-plano-recuperacao-samarco\/#primaryimage\"},\"thumbnailUrl\":\"https:\/\/files.sunoresearch.com.br\/n\/uploads\/2021\/06\/f6d00e0e-open-pit-mining-1327116_1920-jpg.webp\",\"datePublished\":\"2021-07-16T18:15:24+00:00\",\"description\":\"Os credores da Samarco formalizaram sua posi\u00e7\u00e3o contr\u00e1ria ao plano de recupera\u00e7\u00e3o judicial da mineradora. Clique aqui e saiba mais!\",\"breadcrumb\":{\"@id\":\"https:\/\/www.suno.com.br\/noticias\/credores-contestam-plano-recuperacao-samarco\/#breadcrumb\"},\"inLanguage\":\"pt-BR\",\"potentialAction\":[{\"@type\":\"ReadAction\",\"target\":[\"https:\/\/www.suno.com.br\/noticias\/credores-contestam-plano-recuperacao-samarco\/\"]}]},{\"@type\":\"ImageObject\",\"inLanguage\":\"pt-BR\",\"@id\":\"https:\/\/www.suno.com.br\/noticias\/credores-contestam-plano-recuperacao-samarco\/#primaryimage\",\"url\":\"https:\/\/files.sunoresearch.com.br\/n\/uploads\/2021\/06\/f6d00e0e-open-pit-mining-1327116_1920-jpg.webp\",\"contentUrl\":\"https:\/\/files.sunoresearch.com.br\/n\/uploads\/2021\/06\/f6d00e0e-open-pit-mining-1327116_1920-jpg.webp\",\"width\":1920,\"height\":1059,\"caption\":\"Minera\u00e7\u00e3o. Foto: Pixabay\"},{\"@type\":\"BreadcrumbList\",\"@id\":\"https:\/\/www.suno.com.br\/noticias\/credores-contestam-plano-recuperacao-samarco\/#breadcrumb\",\"itemListElement\":[{\"@type\":\"ListItem\",\"position\":1,\"name\":\"Not\u00edcias\",\"item\":\"https:\/\/www.suno.com.br\/noticias\/\"},{\"@type\":\"ListItem\",\"position\":2,\"name\":\"Neg\u00f3cios\",\"item\":\"https:\/\/www.suno.com.br\/noticias\/negocios\/\"},{\"@type\":\"ListItem\",\"position\":3,\"name\":\"Samarco: Credores contestam plano de recupera\u00e7\u00e3o judicial\"}]},{\"@type\":\"WebSite\",\"@id\":\"https:\/\/www.suno.com.br\/noticias\/#website\",\"url\":\"https:\/\/www.suno.com.br\/noticias\/\",\"name\":\"Suno Not\u00edcias\",\"description\":\"Seu portal de informa\u00e7\u00e3o sobre o mundo dos investimentos\",\"publisher\":{\"@id\":\"https:\/\/www.suno.com.br\/noticias\/#organization\"},\"potentialAction\":[{\"@type\":\"SearchAction\",\"target\":{\"@type\":\"EntryPoint\",\"urlTemplate\":\"https:\/\/www.suno.com.br\/noticias\/?s={search_term_string}\"},\"query-input\":{\"@type\":\"PropertyValueSpecification\",\"valueRequired\":true,\"valueName\":\"search_term_string\"}}],\"inLanguage\":\"pt-BR\"},{\"@type\":\"Organization\",\"@id\":\"https:\/\/www.suno.com.br\/noticias\/#organization\",\"name\":\"Suno Not\u00edcias\",\"url\":\"https:\/\/www.suno.com.br\/noticias\/\",\"logo\":{\"@type\":\"ImageObject\",\"inLanguage\":\"pt-BR\",\"@id\":\"https:\/\/www.suno.com.br\/noticias\/#\/schema\/logo\/image\/\",\"url\":\"https:\/\/files.sunoresearch.com.br\/n\/uploads\/2021\/09\/suno-logo.png\",\"contentUrl\":\"https:\/\/files.sunoresearch.com.br\/n\/uploads\/2021\/09\/suno-logo.png\",\"width\":180,\"height\":180,\"caption\":\"Suno Not\u00edcias\"},\"image\":{\"@id\":\"https:\/\/www.suno.com.br\/noticias\/#\/schema\/logo\/image\/\"},\"sameAs\":[\"https:\/\/facebook.com\/sunoresearch\",\"https:\/\/x.com\/sunoresearch\",\"https:\/\/www.instagram.com\/suno\",\"https:\/\/www.linkedin.com\/company\/suno-research\/\",\"https:\/\/www.youtube.com\/c\/sunoresearch\"]},{\"@type\":\"Person\",\"@id\":\"https:\/\/www.suno.com.br\/noticias\/#\/schema\/person\/3df0d2808748b74496efe5dbeaef2c72\",\"name\":\"Laura Moutinho\",\"image\":{\"@type\":\"ImageObject\",\"inLanguage\":\"pt-BR\",\"@id\":\"https:\/\/www.suno.com.br\/noticias\/#\/schema\/person\/image\/\",\"url\":\"https:\/\/secure.gravatar.com\/avatar\/7571c7c8ca3a6fca5e41384ece5557ff?s=96&r=g\",\"contentUrl\":\"https:\/\/secure.gravatar.com\/avatar\/7571c7c8ca3a6fca5e41384ece5557ff?s=96&r=g\",\"caption\":\"Laura Moutinho\"},\"description\":\"Estagi\u00e1ria na Suno Not\u00edcias, escreve not\u00edcias que afetam o mercado financeiro. Estuda administra\u00e7\u00e3o na Universidade Presbiteriana Mackenzie.\",\"url\":\"https:\/\/www.suno.com.br\/noticias\/author\/laura-moutinho\/\"}]}<\/script>\n<!-- \/ Yoast SEO plugin. -->","yoast_head_json":{"title":"Samarco: Credores contestam plano de recupera\u00e7\u00e3o judicial","description":"Os credores da Samarco formalizaram sua posi\u00e7\u00e3o contr\u00e1ria ao plano de recupera\u00e7\u00e3o judicial da mineradora. Clique aqui e saiba mais!","robots":{"index":"index","follow":"follow","max-snippet":"max-snippet:-1","max-image-preview":"max-image-preview:large","max-video-preview":"max-video-preview:-1"},"canonical":"https:\/\/www.suno.com.br\/noticias\/credores-contestam-plano-recuperacao-samarco\/","og_locale":"pt_BR","og_type":"article","og_title":"Samarco: Credores contestam plano de recupera\u00e7\u00e3o judicial","og_description":"Os credores da Samarco formalizaram sua posi\u00e7\u00e3o contr\u00e1ria ao plano de recupera\u00e7\u00e3o judicial da mineradora. Clique aqui e saiba mais!","og_url":"https:\/\/www.suno.com.br\/noticias\/credores-contestam-plano-recuperacao-samarco\/","og_site_name":"Suno Not\u00edcias","article_publisher":"https:\/\/facebook.com\/sunoresearch","og_image":[{"width":1920,"height":1059,"url":"https:\/\/files.sunoresearch.com.br\/n\/uploads\/2021\/06\/f6d00e0e-open-pit-mining-1327116_1920.jpg","type":"image\/jpeg"}],"author":"Laura Moutinho","twitter_card":"summary_large_image","twitter_creator":"@sunoresearch","twitter_site":"@sunoresearch","twitter_misc":{"Escrito por":"Laura Moutinho","Est. tempo de leitura":"3 minutos"},"schema":{"@context":"https:\/\/schema.org","@graph":[{"@type":"NewsArticle","@id":"https:\/\/www.suno.com.br\/noticias\/credores-contestam-plano-recuperacao-samarco\/#article","isPartOf":{"@id":"https:\/\/www.suno.com.br\/noticias\/credores-contestam-plano-recuperacao-samarco\/"},"author":{"name":"Laura Moutinho","@id":"https:\/\/www.suno.com.br\/noticias\/#\/schema\/person\/3df0d2808748b74496efe5dbeaef2c72"},"headline":"Samarco: Credores contestam plano de recupera\u00e7\u00e3o judicial","datePublished":"2021-07-16T18:15:24+00:00","mainEntityOfPage":{"@id":"https:\/\/www.suno.com.br\/noticias\/credores-contestam-plano-recuperacao-samarco\/"},"wordCount":553,"publisher":{"@id":"https:\/\/www.suno.com.br\/noticias\/#organization"},"image":{"@id":"https:\/\/www.suno.com.br\/noticias\/credores-contestam-plano-recuperacao-samarco\/#primaryimage"},"thumbnailUrl":"https:\/\/files.sunoresearch.com.br\/n\/uploads\/2021\/06\/f6d00e0e-open-pit-mining-1327116_1920-jpg.webp","keywords":["recupera\u00e7\u00e3o judicial","Samarco","Vale (VALE3)"],"articleSection":["Neg\u00f3cios"],"inLanguage":"pt-BR"},{"@type":"WebPage","@id":"https:\/\/www.suno.com.br\/noticias\/credores-contestam-plano-recuperacao-samarco\/","url":"https:\/\/www.suno.com.br\/noticias\/credores-contestam-plano-recuperacao-samarco\/","name":"Samarco: Credores contestam plano de recupera\u00e7\u00e3o judicial","isPartOf":{"@id":"https:\/\/www.suno.com.br\/noticias\/#website"},"primaryImageOfPage":{"@id":"https:\/\/www.suno.com.br\/noticias\/credores-contestam-plano-recuperacao-samarco\/#primaryimage"},"image":{"@id":"https:\/\/www.suno.com.br\/noticias\/credores-contestam-plano-recuperacao-samarco\/#primaryimage"},"thumbnailUrl":"https:\/\/files.sunoresearch.com.br\/n\/uploads\/2021\/06\/f6d00e0e-open-pit-mining-1327116_1920-jpg.webp","datePublished":"2021-07-16T18:15:24+00:00","description":"Os credores da Samarco formalizaram sua posi\u00e7\u00e3o contr\u00e1ria ao plano de recupera\u00e7\u00e3o judicial da mineradora. Clique aqui e saiba mais!","breadcrumb":{"@id":"https:\/\/www.suno.com.br\/noticias\/credores-contestam-plano-recuperacao-samarco\/#breadcrumb"},"inLanguage":"pt-BR","potentialAction":[{"@type":"ReadAction","target":["https:\/\/www.suno.com.br\/noticias\/credores-contestam-plano-recuperacao-samarco\/"]}]},{"@type":"ImageObject","inLanguage":"pt-BR","@id":"https:\/\/www.suno.com.br\/noticias\/credores-contestam-plano-recuperacao-samarco\/#primaryimage","url":"https:\/\/files.sunoresearch.com.br\/n\/uploads\/2021\/06\/f6d00e0e-open-pit-mining-1327116_1920-jpg.webp","contentUrl":"https:\/\/files.sunoresearch.com.br\/n\/uploads\/2021\/06\/f6d00e0e-open-pit-mining-1327116_1920-jpg.webp","width":1920,"height":1059,"caption":"Minera\u00e7\u00e3o. Foto: Pixabay"},{"@type":"BreadcrumbList","@id":"https:\/\/www.suno.com.br\/noticias\/credores-contestam-plano-recuperacao-samarco\/#breadcrumb","itemListElement":[{"@type":"ListItem","position":1,"name":"Not\u00edcias","item":"https:\/\/www.suno.com.br\/noticias\/"},{"@type":"ListItem","position":2,"name":"Neg\u00f3cios","item":"https:\/\/www.suno.com.br\/noticias\/negocios\/"},{"@type":"ListItem","position":3,"name":"Samarco: Credores contestam plano de recupera\u00e7\u00e3o judicial"}]},{"@type":"WebSite","@id":"https:\/\/www.suno.com.br\/noticias\/#website","url":"https:\/\/www.suno.com.br\/noticias\/","name":"Suno Not\u00edcias","description":"Seu portal de informa\u00e7\u00e3o sobre o mundo dos investimentos","publisher":{"@id":"https:\/\/www.suno.com.br\/noticias\/#organization"},"potentialAction":[{"@type":"SearchAction","target":{"@type":"EntryPoint","urlTemplate":"https:\/\/www.suno.com.br\/noticias\/?s={search_term_string}"},"query-input":{"@type":"PropertyValueSpecification","valueRequired":true,"valueName":"search_term_string"}}],"inLanguage":"pt-BR"},{"@type":"Organization","@id":"https:\/\/www.suno.com.br\/noticias\/#organization","name":"Suno Not\u00edcias","url":"https:\/\/www.suno.com.br\/noticias\/","logo":{"@type":"ImageObject","inLanguage":"pt-BR","@id":"https:\/\/www.suno.com.br\/noticias\/#\/schema\/logo\/image\/","url":"https:\/\/files.sunoresearch.com.br\/n\/uploads\/2021\/09\/suno-logo.png","contentUrl":"https:\/\/files.sunoresearch.com.br\/n\/uploads\/2021\/09\/suno-logo.png","width":180,"height":180,"caption":"Suno Not\u00edcias"},"image":{"@id":"https:\/\/www.suno.com.br\/noticias\/#\/schema\/logo\/image\/"},"sameAs":["https:\/\/facebook.com\/sunoresearch","https:\/\/x.com\/sunoresearch","https:\/\/www.instagram.com\/suno","https:\/\/www.linkedin.com\/company\/suno-research\/","https:\/\/www.youtube.com\/c\/sunoresearch"]},{"@type":"Person","@id":"https:\/\/www.suno.com.br\/noticias\/#\/schema\/person\/3df0d2808748b74496efe5dbeaef2c72","name":"Laura Moutinho","image":{"@type":"ImageObject","inLanguage":"pt-BR","@id":"https:\/\/www.suno.com.br\/noticias\/#\/schema\/person\/image\/","url":"https:\/\/secure.gravatar.com\/avatar\/7571c7c8ca3a6fca5e41384ece5557ff?s=96&r=g","contentUrl":"https:\/\/secure.gravatar.com\/avatar\/7571c7c8ca3a6fca5e41384ece5557ff?s=96&r=g","caption":"Laura Moutinho"},"description":"Estagi\u00e1ria na Suno Not\u00edcias, escreve not\u00edcias que afetam o mercado financeiro. Estuda administra\u00e7\u00e3o na Universidade Presbiteriana Mackenzie.","url":"https:\/\/www.suno.com.br\/noticias\/author\/laura-moutinho\/"}]}},"default_loop_html":"<div class=\"cardsPage__listCard__boxs\"><div class=\"cardsPage__listCard__boxs__img\"><a href=\"https:\/\/www.suno.com.br\/noticias\/vale-vale3-samarco-pedido-recuperacao-judicial\/\"><img class=\"mask\" src=\"https:\/\/www.suno.com.br\/noticias\/wp-content\/themes\/suno\/resources\/images\/spotlight\/spotlight1img\/bg-mask.png\" alt=\"Image Mask\"\/><img src=\"https:\/\/files.sunoresearch.com.br\/n\/uploads\/2021\/04\/5f84ff18-setor-mineracao-400x200.webp\" alt=\"Vale (VALE3): Samarco ajuizou pedido de recupera\u00e7\u00e3o judicial\"\/><\/a><span class=\"spotlightCategory\"><a href=\"https:\/\/www.suno.com.br\/noticias\/negocios\/\">Neg\u00f3cios<\/a><\/span><\/div><div class=\"cardsPage__listCard__boxs__content\"><a href=\"https:\/\/www.suno.com.br\/noticias\/vale-vale3-samarco-pedido-recuperacao-judicial\/\"><h2 class=\"content__title\">Vale (VALE3): Samarco ajuizou pedido de recupera\u00e7\u00e3o judicial<\/h2><\/a><div class=\"newsContent__article__meta\"><div class=\"newsContent__article__meta__authorBox\"><a href=\"https:\/\/www.suno.com.br\/noticias\/author\/laura-moutinho\/\" class=\"authorBox__avatar noMobi\"><img src=\"https:\/\/files.sunoresearch.com.br\/n\/uploads\/2020\/08\/531ff69d-whatsapp-image-2020-08-03-at-14.54.38-150x150.webp\" alt=\"Laura Moutinho\"><\/a><div class=\"authorBox__name\"><span>por\n\t\t\t<a href=\"https:\/\/www.suno.com.br\/noticias\/author\/laura-moutinho\/\"><span itemprop=\"author\">Laura Moutinho<\/span><\/a><\/span><time datetime=\"2021-04-09T18:41:11-03:00\" itemprop=\"datePublished\">09\/04\/2021 18:41<\/time><\/div><\/div><\/div><\/div><\/div>","single_layout":"posts","amp_enabled":true,"_links":{"self":[{"href":"https:\/\/www.suno.com.br\/noticias\/wp-json\/wp\/v2\/posts\/166614"}],"collection":[{"href":"https:\/\/www.suno.com.br\/noticias\/wp-json\/wp\/v2\/posts"}],"about":[{"href":"https:\/\/www.suno.com.br\/noticias\/wp-json\/wp\/v2\/types\/post"}],"author":[{"embeddable":true,"href":"https:\/\/www.suno.com.br\/noticias\/wp-json\/wp\/v2\/users\/39"}],"replies":[{"embeddable":true,"href":"https:\/\/www.suno.com.br\/noticias\/wp-json\/wp\/v2\/comments?post=166614"}],"version-history":[{"count":2,"href":"https:\/\/www.suno.com.br\/noticias\/wp-json\/wp\/v2\/posts\/166614\/revisions"}],"predecessor-version":[{"id":166657,"href":"https:\/\/www.suno.com.br\/noticias\/wp-json\/wp\/v2\/posts\/166614\/revisions\/166657"}],"wp:featuredmedia":[{"embeddable":true,"href":"https:\/\/www.suno.com.br\/noticias\/wp-json\/wp\/v2\/media\/155944"}],"wp:attachment":[{"href":"https:\/\/www.suno.com.br\/noticias\/wp-json\/wp\/v2\/media?parent=166614"}],"wp:term":[{"taxonomy":"category","embeddable":true,"href":"https:\/\/www.suno.com.br\/noticias\/wp-json\/wp\/v2\/categories?post=166614"},{"taxonomy":"post_tag","embeddable":true,"href":"https:\/\/www.suno.com.br\/noticias\/wp-json\/wp\/v2\/tags?post=166614"},{"taxonomy":"suno_strategy","embeddable":true,"href":"https:\/\/www.suno.com.br\/noticias\/wp-json\/wp\/v2\/suno_strategy?post=166614"}],"curies":[{"name":"wp","href":"https:\/\/api.w.org\/{rel}","templated":true}]}}