{"id":166525,"date":"2021-07-16T11:20:07","date_gmt":"2021-07-16T14:20:07","guid":{"rendered":"https:\/\/www.suno.com.br\/noticias\/?p=166525"},"modified":"2021-07-16T11:22:01","modified_gmt":"2021-07-16T14:22:01","slug":"moderna-sp-entrada-dispara-abertura-mercado","status":"publish","type":"post","link":"https:\/\/www.suno.com.br\/noticias\/moderna-sp-entrada-dispara-abertura-mercado\/","title":{"rendered":"Moderna anuncia entrada no S&#038;P 500 e dispara 9% na abertura de mercado"},"content":{"rendered":"<p>A <strong>Moderna<\/strong> (BVMF: M1RN34), que ganhou notoriedade com a fabrica\u00e7\u00e3o de uma das vacinas da Covid-19, anunciou que passar\u00e1 a integrar o \u00edndice <a class=\"suno-keyword\" href=\"https:\/\/www.suno.com.br\/artigos\/sp-500\/\" target=\"_blank\" rel=\"noopener noreferrer\" data-force=\"no\" data-priority=\"3\">S&amp;P 500<\/a> e sobe 9% nas negocia\u00e7\u00f5es de abertura de mercado na Nasdaq, onde a companhia j\u00e1 \u00e9 listada.<\/p>\t<div class=\"wrapper-featured-image\">\n\t\t<figure class=\"spotlightImg\">\n\n\t\t\t<picture>\n\t\t\t\t<source media=\"(max-width: 768px)\" srcset=\"https:\/\/files.sunoresearch.com.br\/n\/uploads\/2021\/01\/883d00f8-vacina-400x200.webp\">\n\t\t\t\t<img loading=\"lazy\" decoding=\"async\" class=\"newsContent__article__imgCapa lazyloadDisabled \" src=\"https:\/\/files.sunoresearch.com.br\/n\/uploads\/2021\/01\/883d00f8-vacina-800x450.webp\" width=\"800\" height=\"450\" alt=\"Moderna anuncia entrada no S&#038;P 500 e dispara 9% na abertura de mercado\" fetchpriority=high \/>\n\t\t\t<\/picture>\n\n\t\t\t<figcaption class=\"wp-caption-text wp-caption-text--show\">Moderna reverte preju\u00edzo e lucro no 4T21 supera expectativas - Foto: Reprodu\u00e7\u00e3o<\/figcaption>\n\t\t<\/figure>\n\t<\/div>\n\n\n\t<p>\n\t\t<a href=\"https:\/\/lp.suno.com.br\/planilha-controle-gastos\/\" target=\"_blank\" data-element=\"shortcode-suno-banner\" title=\"Banner SUNO, clique e saiba mais\">\n\t\t\t<picture>\n\t\t\t\t<source media=\"(max-width: 500px)\" srcset=\"https:\/\/files.sunoresearch.com.br\/n\/uploads\/2023\/03\/400x300-Planilha-controle-de-gastos.png\">\n\t\t\t\t<img class=\"newsContent__article__imgCapa newsContent__article__imgCapa--banner\"\n\t\t\t\t\tsrc=\"https:\/\/files.sunoresearch.com.br\/n\/uploads\/2023\/03\/1420x240-Planilha-controle-de-gastos.png\"\n\t\t\t\t\tdata-promo-id=\"101751\"\t\t\t\t\t\t\t\t\t\twidth='1420' height='240'\t\t\t\t\talt=\"https:\/\/files.sunoresearch.com.br\/n\/uploads\/2023\/03\/1420x240-Planilha-controle-de-gastos.png\"\n\t\t\t\t>\n\t\t\t<\/picture>\n\t\t<\/a>\n\t<\/p>\n\n\n<p>Com a entrada da Moderna no \u00edndice, quem sai \u00e9 a <strong>Alexion<\/strong>, que ser\u00e1 comprada por outra fabricante de vacinas da Covid, a AstraZeneca.<\/p>\n<p>A qualquer momento do ano uma empresa <a href=\"https:\/\/statusinvest.com.br\/indices\/eua\/sp-500\">pode entrar ou sair do <strong>S&amp;P<\/strong><\/a>, apesar de trimestralmente o comit\u00ea do \u00edndice do Dow Jones se reunir para reavaliar as companhias listadas.<\/p>\n<p>Como requisito para entrar no \u00edndice, est\u00e3o:<\/p>\n<ul>\n<li>A empresa tem de estar sediada nos EUA<\/li>\n<li>J\u00e1 estar listada na <strong>NYSE<\/strong>, no <strong>Nasdaq<\/strong> ou na <strong>CBOE<\/strong><\/li>\n<li>Ter um\u00a0<em><strong>market<\/strong> <strong>cap<\/strong><\/em> superior a US$ 8,2 bilh\u00f5es<\/li>\n<li>Reportar quatro trimestres <a href=\"https:\/\/www.suno.com.br\/artigos\/lucro-liquido\/\">seguidos de <strong>lucro<\/strong><\/a><\/li>\n<\/ul>\n<p>Com a escalada da farmac\u00eautica na pandemia, seu <strong><a class=\"suno-keyword\" href=\"https:\/\/www.suno.com.br\/artigos\/valor-de-mercado\/\" target=\"_blank\" rel=\"noopener noreferrer\" data-force=\"no\" data-priority=\"1\">valor de mercado<\/a><\/strong> j\u00e1 ultrapassou a casa dos US$ 100 bilh\u00f5es. A ideia da companhia \u00e9 ampliar sua receita com medicamentos para doen\u00e7as card\u00edacas, c\u00e2ncer e doen\u00e7as gen\u00e9ticas raras, assim como vacinas para outros v\u00edrus.<\/p>\n\t<div data-element=\"shortcode-read-more\" class=\"knowMore\">\n\t\t\t\t<span class=\"knowMore__title\">Leia mais<\/span>\n\t\t\t\t<a class=\"knowMore__link\" href=\"https:\/\/www.suno.com.br\/noticias\/nasdaq-acoes-valorizaram-abril-2021\/\">\n\t\t\tNASDAQ: Al\u00e9m da Alphabet e Moderna, veja as a\u00e7\u00f5es que mais valorizaram em abril\t\t<\/a>\n\t<\/div>\n\n\n<p>Al\u00e9m disso, a companhia deseja produzir cerca de 1 bilh\u00e3o de doses de <strong>vacina<\/strong> contra o <strong>coronav\u00edrus<\/strong> em 2021, al\u00e9m de 3 bilh\u00f5es de doses para o ano que vem. Ambas as metas foram divulgadas em falas p\u00fablicas dos executivos da companhia.<\/p>\n\t<p>\n\t\t<a href=\"https:\/\/lp.suno.com.br\/planilha-da-vida-financeira\/\" target=\"_blank\" data-element=\"shortcode-suno-banner\" title=\"Banner SUNO, clique e saiba mais\">\n\t\t\t<picture>\n\t\t\t\t<source media=\"(max-width: 500px)\" srcset=\"https:\/\/files.sunoresearch.com.br\/n\/uploads\/2023\/04\/400x300-Planilha-vida-financeira-true.png\">\n\t\t\t\t<img class=\"newsContent__article__imgCapa newsContent__article__imgCapa--banner\"\n\t\t\t\t\tsrc=\"https:\/\/files.sunoresearch.com.br\/n\/uploads\/2023\/04\/1420x240-Planilha-vida-financeira-true.png\"\n\t\t\t\t\tdata-promo-id=\"106682\"\t\t\t\t\t\t\t\t\t\twidth='1420' height='240'\t\t\t\t\talt=\"https:\/\/files.sunoresearch.com.br\/n\/uploads\/2023\/04\/1420x240-Planilha-vida-financeira-true.png\"\n\t\t\t\t>\n\t\t\t<\/picture>\n\t\t<\/a>\n\t<\/p>\n\n\n<p>O executivo-chefe da companhia, St\u00e9phane Bancel, tamb\u00e9m citou que uma eventual quebra na patente de <strong>imunizantes<\/strong> contra o v\u00edrus teria \u201cpouco impacto, no\u00a0<a class=\"suno-keyword\" href=\"https:\/\/www.suno.com.br\/artigos\/curto-prazo\/\" target=\"_blank\" rel=\"noopener noreferrer\" data-force=\"no\" data-priority=\"1\">curto prazo<\/a>\u201c, j\u00e1 que as empresas respons\u00e1veis possuem as mat\u00e9rias-primas e os processos para ger\u00e1-la<\/p>\n<h2>Moderna tem escalada no pre\u00e7o das a\u00e7\u00f5es<\/h2>\n<p>Se considerarmos o per\u00edodo desde julho do ano passado at\u00e9 a atualidade, a <strong>Moderna<\/strong> apresentou uma alta de US$ 94,85 d\u00f3lares para atuais US$ 259,57, com a maior parte da valoriza\u00e7\u00e3o sendo neste ano, dado que nos primeiros preg\u00f5es de 2021 a cota\u00e7\u00e3o era de cerca de US$ 111 por a\u00e7\u00e3o ordin\u00e1ria.<\/p>\n\t<p>\n\t\t<a href=\"https:\/\/lp.suno.com.br\/planilha-de-controle-de-investimentos\/\" target=\"_blank\" data-element=\"shortcode-suno-banner\" title=\"Banner SUNO, clique e saiba mais\">\n\t\t\t<picture>\n\t\t\t\t<source media=\"(max-width: 500px)\" srcset=\"https:\/\/files.sunoresearch.com.br\/n\/uploads\/2023\/03\/400x300-Controle-de-Investimentos.png\">\n\t\t\t\t<img class=\"newsContent__article__imgCapa newsContent__article__imgCapa--banner\"\n\t\t\t\t\tsrc=\"https:\/\/files.sunoresearch.com.br\/n\/uploads\/2023\/03\/1420x240-Controle-de-Investimentos.png\"\n\t\t\t\t\tdata-promo-id=\"75934\"\t\t\t\t\t\t\t\t\t\twidth='1420' height='240'\t\t\t\t\talt=\"https:\/\/files.sunoresearch.com.br\/n\/uploads\/2023\/03\/1420x240-Controle-de-Investimentos.png\"\n\t\t\t\t>\n\t\t\t<\/picture>\n\t\t<\/a>\n\t<\/p>\n\n\n","protected":false},"excerpt":{"rendered":"<p>A Moderna (BVMF: M1RN34), que ganhou notoriedade com a fabrica\u00e7\u00e3o de uma das vacinas da Covid-19, anunciou que passar\u00e1 a integrar o \u00edndice S&amp;P 500 e sobe 9% nas negocia\u00e7\u00f5es de abertura de mercado na Nasdaq, onde a companhia j\u00e1 \u00e9 listada. Moderna reverte preju\u00edzo e lucro no 4T21 supera expectativas &#8211; Foto: Reprodu\u00e7\u00e3o Com [&hellip;]<\/p>\n","protected":false},"author":73,"featured_media":111263,"comment_status":"closed","ping_status":"closed","sticky":false,"template":"","format":"standard","meta":[],"categories":[64],"tags":[36602,964,2667,2337],"suno_strategy":[],"class_list":["post-166525","post","type-post","status-publish","format-standard","has-post-thumbnail","hentry","category-negocios","tag-moderna","tag-nasdaq","tag-sp-500","tag-standard-poors-sp"],"yoast_head":"<!-- This site is optimized with the Yoast SEO plugin v24.4 - https:\/\/yoast.com\/wordpress\/plugins\/seo\/ -->\n<title>Moderna anuncia entrada no S&amp;P e dispara 9% na abertura de mercado<\/title>\n<meta name=\"description\" content=\"Moderna j\u00e1 citou que pretende produzir, ainda neste ano, um total de 1 bilh\u00e3o de doses da vacina. Clique aqui e leia mais.\" \/>\n<meta name=\"robots\" content=\"index, follow, max-snippet:-1, max-image-preview:large, max-video-preview:-1\" \/>\n<link rel=\"canonical\" href=\"https:\/\/www.suno.com.br\/noticias\/moderna-sp-entrada-dispara-abertura-mercado\/\" \/>\n<meta property=\"og:locale\" content=\"pt_BR\" \/>\n<meta property=\"og:type\" content=\"article\" \/>\n<meta property=\"og:title\" content=\"Moderna anuncia entrada no S&amp;P e dispara 9% na abertura de mercado\" \/>\n<meta property=\"og:description\" content=\"Moderna j\u00e1 citou que pretende produzir, ainda neste ano, um total de 1 bilh\u00e3o de doses da vacina. Clique aqui e leia mais.\" \/>\n<meta property=\"og:url\" content=\"https:\/\/www.suno.com.br\/noticias\/moderna-sp-entrada-dispara-abertura-mercado\/\" \/>\n<meta property=\"og:site_name\" content=\"Suno Not\u00edcias\" \/>\n<meta property=\"article:publisher\" content=\"https:\/\/facebook.com\/sunoresearch\" \/>\n<meta property=\"og:image\" content=\"https:\/\/files.sunoresearch.com.br\/n\/uploads\/2021\/01\/883d00f8-vacina.jpg\" \/>\n\t<meta property=\"og:image:width\" content=\"1234\" \/>\n\t<meta property=\"og:image:height\" content=\"810\" \/>\n\t<meta property=\"og:image:type\" content=\"image\/jpeg\" \/>\n<meta name=\"author\" content=\"Eduardo Vargas\" \/>\n<meta name=\"twitter:card\" content=\"summary_large_image\" \/>\n<meta name=\"twitter:creator\" content=\"@sunoresearch\" \/>\n<meta name=\"twitter:site\" content=\"@sunoresearch\" \/>\n<meta name=\"twitter:label1\" content=\"Escrito por\" \/>\n\t<meta name=\"twitter:data1\" content=\"Eduardo Vargas\" \/>\n\t<meta name=\"twitter:label2\" content=\"Est. tempo de leitura\" \/>\n\t<meta name=\"twitter:data2\" content=\"2 minutos\" \/>\n<script type=\"application\/ld+json\" class=\"yoast-schema-graph\">{\"@context\":\"https:\/\/schema.org\",\"@graph\":[{\"@type\":\"NewsArticle\",\"@id\":\"https:\/\/www.suno.com.br\/noticias\/moderna-sp-entrada-dispara-abertura-mercado\/#article\",\"isPartOf\":{\"@id\":\"https:\/\/www.suno.com.br\/noticias\/moderna-sp-entrada-dispara-abertura-mercado\/\"},\"author\":{\"name\":\"Eduardo Vargas\",\"@id\":\"https:\/\/www.suno.com.br\/noticias\/#\/schema\/person\/7f4d362bf3518e76090143ae77bb49a5\"},\"headline\":\"Moderna anuncia entrada no S&#038;P 500 e dispara 9% na abertura de mercado\",\"datePublished\":\"2021-07-16T14:20:07+00:00\",\"dateModified\":\"2021-07-16T14:22:01+00:00\",\"mainEntityOfPage\":{\"@id\":\"https:\/\/www.suno.com.br\/noticias\/moderna-sp-entrada-dispara-abertura-mercado\/\"},\"wordCount\":370,\"publisher\":{\"@id\":\"https:\/\/www.suno.com.br\/noticias\/#organization\"},\"image\":{\"@id\":\"https:\/\/www.suno.com.br\/noticias\/moderna-sp-entrada-dispara-abertura-mercado\/#primaryimage\"},\"thumbnailUrl\":\"https:\/\/files.sunoresearch.com.br\/n\/uploads\/2021\/01\/883d00f8-vacina-jpg.webp\",\"keywords\":[\"Moderna\",\"Nasdaq\",\"S&amp;P 500\",\"Standard &amp; Poor's (S&amp;P)\"],\"articleSection\":[\"Neg\u00f3cios\"],\"inLanguage\":\"pt-BR\"},{\"@type\":\"WebPage\",\"@id\":\"https:\/\/www.suno.com.br\/noticias\/moderna-sp-entrada-dispara-abertura-mercado\/\",\"url\":\"https:\/\/www.suno.com.br\/noticias\/moderna-sp-entrada-dispara-abertura-mercado\/\",\"name\":\"Moderna anuncia entrada no S&P e dispara 9% na abertura de mercado\",\"isPartOf\":{\"@id\":\"https:\/\/www.suno.com.br\/noticias\/#website\"},\"primaryImageOfPage\":{\"@id\":\"https:\/\/www.suno.com.br\/noticias\/moderna-sp-entrada-dispara-abertura-mercado\/#primaryimage\"},\"image\":{\"@id\":\"https:\/\/www.suno.com.br\/noticias\/moderna-sp-entrada-dispara-abertura-mercado\/#primaryimage\"},\"thumbnailUrl\":\"https:\/\/files.sunoresearch.com.br\/n\/uploads\/2021\/01\/883d00f8-vacina-jpg.webp\",\"datePublished\":\"2021-07-16T14:20:07+00:00\",\"dateModified\":\"2021-07-16T14:22:01+00:00\",\"description\":\"Moderna j\u00e1 citou que pretende produzir, ainda neste ano, um total de 1 bilh\u00e3o de doses da vacina. Clique aqui e leia mais.\",\"breadcrumb\":{\"@id\":\"https:\/\/www.suno.com.br\/noticias\/moderna-sp-entrada-dispara-abertura-mercado\/#breadcrumb\"},\"inLanguage\":\"pt-BR\",\"potentialAction\":[{\"@type\":\"ReadAction\",\"target\":[\"https:\/\/www.suno.com.br\/noticias\/moderna-sp-entrada-dispara-abertura-mercado\/\"]}]},{\"@type\":\"ImageObject\",\"inLanguage\":\"pt-BR\",\"@id\":\"https:\/\/www.suno.com.br\/noticias\/moderna-sp-entrada-dispara-abertura-mercado\/#primaryimage\",\"url\":\"https:\/\/files.sunoresearch.com.br\/n\/uploads\/2021\/01\/883d00f8-vacina-jpg.webp\",\"contentUrl\":\"https:\/\/files.sunoresearch.com.br\/n\/uploads\/2021\/01\/883d00f8-vacina-jpg.webp\",\"width\":1234,\"height\":810,\"caption\":\"Moderna reverte preju\u00edzo e lucro no 4T21 supera expectativas - Foto: Reprodu\u00e7\u00e3o\"},{\"@type\":\"BreadcrumbList\",\"@id\":\"https:\/\/www.suno.com.br\/noticias\/moderna-sp-entrada-dispara-abertura-mercado\/#breadcrumb\",\"itemListElement\":[{\"@type\":\"ListItem\",\"position\":1,\"name\":\"Not\u00edcias\",\"item\":\"https:\/\/www.suno.com.br\/noticias\/\"},{\"@type\":\"ListItem\",\"position\":2,\"name\":\"Neg\u00f3cios\",\"item\":\"https:\/\/www.suno.com.br\/noticias\/negocios\/\"},{\"@type\":\"ListItem\",\"position\":3,\"name\":\"Moderna anuncia entrada no S&#038;P 500 e dispara 9% na abertura de mercado\"}]},{\"@type\":\"WebSite\",\"@id\":\"https:\/\/www.suno.com.br\/noticias\/#website\",\"url\":\"https:\/\/www.suno.com.br\/noticias\/\",\"name\":\"Suno Not\u00edcias\",\"description\":\"Seu portal de informa\u00e7\u00e3o sobre o mundo dos investimentos\",\"publisher\":{\"@id\":\"https:\/\/www.suno.com.br\/noticias\/#organization\"},\"potentialAction\":[{\"@type\":\"SearchAction\",\"target\":{\"@type\":\"EntryPoint\",\"urlTemplate\":\"https:\/\/www.suno.com.br\/noticias\/?s={search_term_string}\"},\"query-input\":{\"@type\":\"PropertyValueSpecification\",\"valueRequired\":true,\"valueName\":\"search_term_string\"}}],\"inLanguage\":\"pt-BR\"},{\"@type\":\"Organization\",\"@id\":\"https:\/\/www.suno.com.br\/noticias\/#organization\",\"name\":\"Suno Not\u00edcias\",\"url\":\"https:\/\/www.suno.com.br\/noticias\/\",\"logo\":{\"@type\":\"ImageObject\",\"inLanguage\":\"pt-BR\",\"@id\":\"https:\/\/www.suno.com.br\/noticias\/#\/schema\/logo\/image\/\",\"url\":\"https:\/\/files.sunoresearch.com.br\/n\/uploads\/2021\/09\/suno-logo.png\",\"contentUrl\":\"https:\/\/files.sunoresearch.com.br\/n\/uploads\/2021\/09\/suno-logo.png\",\"width\":180,\"height\":180,\"caption\":\"Suno Not\u00edcias\"},\"image\":{\"@id\":\"https:\/\/www.suno.com.br\/noticias\/#\/schema\/logo\/image\/\"},\"sameAs\":[\"https:\/\/facebook.com\/sunoresearch\",\"https:\/\/x.com\/sunoresearch\",\"https:\/\/www.instagram.com\/suno\",\"https:\/\/www.linkedin.com\/company\/suno-research\/\",\"https:\/\/www.youtube.com\/c\/sunoresearch\"]},{\"@type\":\"Person\",\"@id\":\"https:\/\/www.suno.com.br\/noticias\/#\/schema\/person\/7f4d362bf3518e76090143ae77bb49a5\",\"name\":\"Eduardo Vargas\",\"image\":{\"@type\":\"ImageObject\",\"inLanguage\":\"pt-BR\",\"@id\":\"https:\/\/www.suno.com.br\/noticias\/#\/schema\/person\/image\/\",\"url\":\"https:\/\/secure.gravatar.com\/avatar\/dac340933427a22924c9f99d1eb2e3f2?s=96&r=g\",\"contentUrl\":\"https:\/\/secure.gravatar.com\/avatar\/dac340933427a22924c9f99d1eb2e3f2?s=96&r=g\",\"caption\":\"Eduardo Vargas\"},\"description\":\"Jornalista formado pela UFSC, cobre macroeconomia, neg\u00f3cios e startups para o Suno Not\u00edcias, escrevendo principalmente not\u00edcias sobre o mercado financeiro e a bolsa de valores. No YouTube e no Instagram, \u00e9 respons\u00e1vel pela produ\u00e7\u00e3o de Reels e Shorts do Suno Not\u00edcias. Anteriormente, trabalhou cobrindo economia e cotidiano no ND+ e para o ND, maior jornal impresso de Santa Catarina. Cursou um semestre letivo de Estudos de M\u00eddia na Universidad de Buenos Aires.\",\"url\":\"https:\/\/www.suno.com.br\/noticias\/author\/eduardo-vargas\/\"}]}<\/script>\n<!-- \/ Yoast SEO plugin. -->","yoast_head_json":{"title":"Moderna anuncia entrada no S&P e dispara 9% na abertura de mercado","description":"Moderna j\u00e1 citou que pretende produzir, ainda neste ano, um total de 1 bilh\u00e3o de doses da vacina. Clique aqui e leia mais.","robots":{"index":"index","follow":"follow","max-snippet":"max-snippet:-1","max-image-preview":"max-image-preview:large","max-video-preview":"max-video-preview:-1"},"canonical":"https:\/\/www.suno.com.br\/noticias\/moderna-sp-entrada-dispara-abertura-mercado\/","og_locale":"pt_BR","og_type":"article","og_title":"Moderna anuncia entrada no S&P e dispara 9% na abertura de mercado","og_description":"Moderna j\u00e1 citou que pretende produzir, ainda neste ano, um total de 1 bilh\u00e3o de doses da vacina. Clique aqui e leia mais.","og_url":"https:\/\/www.suno.com.br\/noticias\/moderna-sp-entrada-dispara-abertura-mercado\/","og_site_name":"Suno Not\u00edcias","article_publisher":"https:\/\/facebook.com\/sunoresearch","og_image":[{"width":1234,"height":810,"url":"https:\/\/files.sunoresearch.com.br\/n\/uploads\/2021\/01\/883d00f8-vacina.jpg","type":"image\/jpeg"}],"author":"Eduardo Vargas","twitter_card":"summary_large_image","twitter_creator":"@sunoresearch","twitter_site":"@sunoresearch","twitter_misc":{"Escrito por":"Eduardo Vargas","Est. tempo de leitura":"2 minutos"},"schema":{"@context":"https:\/\/schema.org","@graph":[{"@type":"NewsArticle","@id":"https:\/\/www.suno.com.br\/noticias\/moderna-sp-entrada-dispara-abertura-mercado\/#article","isPartOf":{"@id":"https:\/\/www.suno.com.br\/noticias\/moderna-sp-entrada-dispara-abertura-mercado\/"},"author":{"name":"Eduardo Vargas","@id":"https:\/\/www.suno.com.br\/noticias\/#\/schema\/person\/7f4d362bf3518e76090143ae77bb49a5"},"headline":"Moderna anuncia entrada no S&#038;P 500 e dispara 9% na abertura de mercado","datePublished":"2021-07-16T14:20:07+00:00","dateModified":"2021-07-16T14:22:01+00:00","mainEntityOfPage":{"@id":"https:\/\/www.suno.com.br\/noticias\/moderna-sp-entrada-dispara-abertura-mercado\/"},"wordCount":370,"publisher":{"@id":"https:\/\/www.suno.com.br\/noticias\/#organization"},"image":{"@id":"https:\/\/www.suno.com.br\/noticias\/moderna-sp-entrada-dispara-abertura-mercado\/#primaryimage"},"thumbnailUrl":"https:\/\/files.sunoresearch.com.br\/n\/uploads\/2021\/01\/883d00f8-vacina-jpg.webp","keywords":["Moderna","Nasdaq","S&amp;P 500","Standard &amp; Poor's (S&amp;P)"],"articleSection":["Neg\u00f3cios"],"inLanguage":"pt-BR"},{"@type":"WebPage","@id":"https:\/\/www.suno.com.br\/noticias\/moderna-sp-entrada-dispara-abertura-mercado\/","url":"https:\/\/www.suno.com.br\/noticias\/moderna-sp-entrada-dispara-abertura-mercado\/","name":"Moderna anuncia entrada no S&P e dispara 9% na abertura de mercado","isPartOf":{"@id":"https:\/\/www.suno.com.br\/noticias\/#website"},"primaryImageOfPage":{"@id":"https:\/\/www.suno.com.br\/noticias\/moderna-sp-entrada-dispara-abertura-mercado\/#primaryimage"},"image":{"@id":"https:\/\/www.suno.com.br\/noticias\/moderna-sp-entrada-dispara-abertura-mercado\/#primaryimage"},"thumbnailUrl":"https:\/\/files.sunoresearch.com.br\/n\/uploads\/2021\/01\/883d00f8-vacina-jpg.webp","datePublished":"2021-07-16T14:20:07+00:00","dateModified":"2021-07-16T14:22:01+00:00","description":"Moderna j\u00e1 citou que pretende produzir, ainda neste ano, um total de 1 bilh\u00e3o de doses da vacina. Clique aqui e leia mais.","breadcrumb":{"@id":"https:\/\/www.suno.com.br\/noticias\/moderna-sp-entrada-dispara-abertura-mercado\/#breadcrumb"},"inLanguage":"pt-BR","potentialAction":[{"@type":"ReadAction","target":["https:\/\/www.suno.com.br\/noticias\/moderna-sp-entrada-dispara-abertura-mercado\/"]}]},{"@type":"ImageObject","inLanguage":"pt-BR","@id":"https:\/\/www.suno.com.br\/noticias\/moderna-sp-entrada-dispara-abertura-mercado\/#primaryimage","url":"https:\/\/files.sunoresearch.com.br\/n\/uploads\/2021\/01\/883d00f8-vacina-jpg.webp","contentUrl":"https:\/\/files.sunoresearch.com.br\/n\/uploads\/2021\/01\/883d00f8-vacina-jpg.webp","width":1234,"height":810,"caption":"Moderna reverte preju\u00edzo e lucro no 4T21 supera expectativas - Foto: Reprodu\u00e7\u00e3o"},{"@type":"BreadcrumbList","@id":"https:\/\/www.suno.com.br\/noticias\/moderna-sp-entrada-dispara-abertura-mercado\/#breadcrumb","itemListElement":[{"@type":"ListItem","position":1,"name":"Not\u00edcias","item":"https:\/\/www.suno.com.br\/noticias\/"},{"@type":"ListItem","position":2,"name":"Neg\u00f3cios","item":"https:\/\/www.suno.com.br\/noticias\/negocios\/"},{"@type":"ListItem","position":3,"name":"Moderna anuncia entrada no S&#038;P 500 e dispara 9% na abertura de mercado"}]},{"@type":"WebSite","@id":"https:\/\/www.suno.com.br\/noticias\/#website","url":"https:\/\/www.suno.com.br\/noticias\/","name":"Suno Not\u00edcias","description":"Seu portal de informa\u00e7\u00e3o sobre o mundo dos investimentos","publisher":{"@id":"https:\/\/www.suno.com.br\/noticias\/#organization"},"potentialAction":[{"@type":"SearchAction","target":{"@type":"EntryPoint","urlTemplate":"https:\/\/www.suno.com.br\/noticias\/?s={search_term_string}"},"query-input":{"@type":"PropertyValueSpecification","valueRequired":true,"valueName":"search_term_string"}}],"inLanguage":"pt-BR"},{"@type":"Organization","@id":"https:\/\/www.suno.com.br\/noticias\/#organization","name":"Suno Not\u00edcias","url":"https:\/\/www.suno.com.br\/noticias\/","logo":{"@type":"ImageObject","inLanguage":"pt-BR","@id":"https:\/\/www.suno.com.br\/noticias\/#\/schema\/logo\/image\/","url":"https:\/\/files.sunoresearch.com.br\/n\/uploads\/2021\/09\/suno-logo.png","contentUrl":"https:\/\/files.sunoresearch.com.br\/n\/uploads\/2021\/09\/suno-logo.png","width":180,"height":180,"caption":"Suno Not\u00edcias"},"image":{"@id":"https:\/\/www.suno.com.br\/noticias\/#\/schema\/logo\/image\/"},"sameAs":["https:\/\/facebook.com\/sunoresearch","https:\/\/x.com\/sunoresearch","https:\/\/www.instagram.com\/suno","https:\/\/www.linkedin.com\/company\/suno-research\/","https:\/\/www.youtube.com\/c\/sunoresearch"]},{"@type":"Person","@id":"https:\/\/www.suno.com.br\/noticias\/#\/schema\/person\/7f4d362bf3518e76090143ae77bb49a5","name":"Eduardo Vargas","image":{"@type":"ImageObject","inLanguage":"pt-BR","@id":"https:\/\/www.suno.com.br\/noticias\/#\/schema\/person\/image\/","url":"https:\/\/secure.gravatar.com\/avatar\/dac340933427a22924c9f99d1eb2e3f2?s=96&r=g","contentUrl":"https:\/\/secure.gravatar.com\/avatar\/dac340933427a22924c9f99d1eb2e3f2?s=96&r=g","caption":"Eduardo Vargas"},"description":"Jornalista formado pela UFSC, cobre macroeconomia, neg\u00f3cios e startups para o Suno Not\u00edcias, escrevendo principalmente not\u00edcias sobre o mercado financeiro e a bolsa de valores. No YouTube e no Instagram, \u00e9 respons\u00e1vel pela produ\u00e7\u00e3o de Reels e Shorts do Suno Not\u00edcias. Anteriormente, trabalhou cobrindo economia e cotidiano no ND+ e para o ND, maior jornal impresso de Santa Catarina. Cursou um semestre letivo de Estudos de M\u00eddia na Universidad de Buenos Aires.","url":"https:\/\/www.suno.com.br\/noticias\/author\/eduardo-vargas\/"}]}},"default_loop_html":"<div class=\"cardsPage__listCard__boxs\"><div class=\"cardsPage__listCard__boxs__img\"><a href=\"https:\/\/www.suno.com.br\/noticias\/moderna-sp-entrada-dispara-abertura-mercado\/\"><img class=\"mask\" src=\"https:\/\/www.suno.com.br\/noticias\/wp-content\/themes\/suno\/resources\/images\/spotlight\/spotlight1img\/bg-mask.png\" alt=\"Image Mask\"\/><img src=\"https:\/\/files.sunoresearch.com.br\/n\/uploads\/2021\/01\/883d00f8-vacina-400x200.webp\" alt=\"Moderna anuncia entrada no S&#038;P 500 e dispara 9% na abertura de mercado\"\/><\/a><span class=\"spotlightCategory\"><a href=\"https:\/\/www.suno.com.br\/noticias\/negocios\/\">Neg\u00f3cios<\/a><\/span><\/div><div class=\"cardsPage__listCard__boxs__content\"><a href=\"https:\/\/www.suno.com.br\/noticias\/moderna-sp-entrada-dispara-abertura-mercado\/\"><h2 class=\"content__title\">Moderna anuncia entrada no S&#038;P 500 e dispara 9% na abertura de mercado<\/h2><\/a><div class=\"newsContent__article__meta\"><div class=\"newsContent__article__meta__authorBox\"><a href=\"https:\/\/www.suno.com.br\/noticias\/author\/eduardo-vargas\/\" class=\"authorBox__avatar noMobi\"><img src=\"https:\/\/secure.gravatar.com\/avatar\/dac340933427a22924c9f99d1eb2e3f2?s=96&#038;r=g\" alt=\"Eduardo Vargas\"><\/a><div class=\"authorBox__name\"><span>por\n\t\t\t<a href=\"https:\/\/www.suno.com.br\/noticias\/author\/eduardo-vargas\/\"><span itemprop=\"author\">Eduardo Vargas<\/span><\/a><\/span><time datetime=\"2021-07-16T11:20:07-03:00\" itemprop=\"datePublished\">16\/07\/2021 11:20<\/time><\/div><\/div><\/div><\/div><\/div>","single_layout":"posts","amp_enabled":true,"_links":{"self":[{"href":"https:\/\/www.suno.com.br\/noticias\/wp-json\/wp\/v2\/posts\/166525"}],"collection":[{"href":"https:\/\/www.suno.com.br\/noticias\/wp-json\/wp\/v2\/posts"}],"about":[{"href":"https:\/\/www.suno.com.br\/noticias\/wp-json\/wp\/v2\/types\/post"}],"author":[{"embeddable":true,"href":"https:\/\/www.suno.com.br\/noticias\/wp-json\/wp\/v2\/users\/73"}],"replies":[{"embeddable":true,"href":"https:\/\/www.suno.com.br\/noticias\/wp-json\/wp\/v2\/comments?post=166525"}],"version-history":[{"count":3,"href":"https:\/\/www.suno.com.br\/noticias\/wp-json\/wp\/v2\/posts\/166525\/revisions"}],"predecessor-version":[{"id":166592,"href":"https:\/\/www.suno.com.br\/noticias\/wp-json\/wp\/v2\/posts\/166525\/revisions\/166592"}],"wp:featuredmedia":[{"embeddable":true,"href":"https:\/\/www.suno.com.br\/noticias\/wp-json\/wp\/v2\/media\/111263"}],"wp:attachment":[{"href":"https:\/\/www.suno.com.br\/noticias\/wp-json\/wp\/v2\/media?parent=166525"}],"wp:term":[{"taxonomy":"category","embeddable":true,"href":"https:\/\/www.suno.com.br\/noticias\/wp-json\/wp\/v2\/categories?post=166525"},{"taxonomy":"post_tag","embeddable":true,"href":"https:\/\/www.suno.com.br\/noticias\/wp-json\/wp\/v2\/tags?post=166525"},{"taxonomy":"suno_strategy","embeddable":true,"href":"https:\/\/www.suno.com.br\/noticias\/wp-json\/wp\/v2\/suno_strategy?post=166525"}],"curies":[{"name":"wp","href":"https:\/\/api.w.org\/{rel}","templated":true}]}}