{"id":16633,"date":"2019-02-26T13:17:02","date_gmt":"2019-02-26T16:17:02","guid":{"rendered":"https:\/\/www.suno.com.br\/noticias\/?p=16633"},"modified":"2019-02-26T13:17:02","modified_gmt":"2019-02-26T16:17:02","slug":"ford-sindicato-reunem-marco","status":"publish","type":"post","link":"https:\/\/www.suno.com.br\/noticias\/ford-sindicato-reunem-marco\/","title":{"rendered":"Ford: Sindicato e dire\u00e7\u00e3o mundial da empresa se re\u00fanem em 7 de mar\u00e7o"},"content":{"rendered":"<p>Reuni\u00e3o entre o Sindicato dos Metal\u00fargicos do ABC e a dire\u00e7\u00e3o mundial da Ford foi marcada para o dia 7 de mar\u00e7o.<\/p>\t<div class=\"wrapper-featured-image\">\n\t\t<figure class=\"spotlightImg\">\n\n\t\t\t<picture>\n\t\t\t\t<source media=\"(max-width: 768px)\" srcset=\"https:\/\/files.sunoresearch.com.br\/n\/uploads\/2019\/02\/19731c91-ford-400x200.webp\">\n\t\t\t\t<img loading=\"lazy\" decoding=\"async\" class=\"newsContent__article__imgCapa lazyloadDisabled newsContent__article__imgCapa--noCaption\" src=\"https:\/\/files.sunoresearch.com.br\/n\/uploads\/2019\/02\/19731c91-ford-png.webp\" width=\"800\" height=\"450\" alt=\"Ford: Sindicato e dire\u00e7\u00e3o mundial da empresa se re\u00fanem em 7 de mar\u00e7o\" fetchpriority=high \/>\n\t\t\t<\/picture>\n\n\t\t\t<figcaption class=\"wp-caption-text wp-caption-text--hide\">Ford: Sindicato e dire\u00e7\u00e3o mundial da empresa se re\u00fanem em 7 de mar\u00e7o<\/figcaption>\n\t\t<\/figure>\n\t<\/div>\n\n\n<p>No entanto, o objetivo \u00e9 reverter a decis\u00e3o de fechar a f\u00e1brica da <strong>Ford<\/strong> em <strong>S\u00e3o Bernardo do Campo<\/strong>. A informa\u00e7\u00e3o foi dada aos trabalhadores por meio de uma assembleia do<strong> Sindicato dos Metal\u00fargicos do ABC<\/strong> realizada na porta da empresa, nesta ter\u00e7a-feira (26).<\/p>\n<p><a href=\"https:\/\/www.suno.com.br\/noticias\/ford-motivos-fechamento-unidade-sbc\/\">Saiba mais:\u00a0Ford: 3 motivos que levaram ao fechamento da unidade de S\u00e3o Bernardo<\/a><\/p>\n<p><a href=\"https:\/\/www.suno.com.br\/noticias\/fechamento-fabrica-ford-trabalhadores\/\">Saiba mais:\u00a0Fechamento de f\u00e1brica da Ford afeta at\u00e9 24 mil trabalhadores<\/a><\/p>\n<h2>Entenda o caso<\/h2>\n<p>Na \u00faltima ter\u00e7a-feira (19), a Ford anunciou o fechamento de sua f\u00e1brica em S\u00e3o Bernardo do Campo.<\/p>\n<p>A montadora norte-americana informou que vai sair do mercado de caminh\u00f5es. De acordo com a <strong>Ford,<\/strong> essa medida \u00e9 uma dos passos para &#8220;o retorno a lucratividade sustent\u00e1vel de suas opera\u00e7\u00f5es na <strong>Am\u00e9rica do Sul&#8221;.<\/strong><\/p>\n<p>O fechamento da planta na <strong>Grande S\u00e3o Paulo<\/strong> dever\u00e1 ocorrer ao longo de 2019. Hoje a f\u00e1brica de <strong>S\u00e3o Bernardo<\/strong> produz caminh\u00f5es e o modelo <strong>Fiesta.\u00a0<\/strong>Segundo a Ford, o custo dessa opera\u00e7\u00e3o ser\u00e1 de cerca US$ 460 milh\u00f5es.<\/p>\n<h3>Consequ\u00eancias do fechamento<\/h3>\n<p>O fechamento da f\u00e1brica da Ford em <strong>S\u00e3o Bernardo<\/strong>\u00a0pode afetar 24 mil trabalhadores. Um n\u00famero quase dez vezes maior do que as 2,8 mil demiss\u00f5es anunciadas pela montadora norte-americana.<\/p>\n<p>O c\u00e1lculo foi realizado pelo Departamento Intersindical de Estat\u00edstica e Estudos Socioecon\u00f4micos (Dieese) e pelo\u00a0<strong>Sindicato dos Metal\u00fargicos do ABC<\/strong>.<\/p>\n<p>De acordo com o <strong>Dieese<\/strong>, distribuidores e fornecedores da planta de <strong>S\u00e3o Bernardo<\/strong> acabar\u00e3o falindo nos pr\u00f3ximos meses. Isso por causa da impossibilidade de substituir a demanda de produtos e servi\u00e7os da <strong>Ford.<\/strong> Esse efeito cascata, segundo o Dieese, \u00e9 ainda dif\u00edcil de mesurar com precis\u00e3o.<\/p>\n<p>Entretanto, a <strong>montadora<\/strong> norte-americana j\u00e1 deixou claro que n\u00e3o remanejar\u00e1\u00a0praticamente nenhum funcion\u00e1rio.<\/p>\n<p>Isso porque unidades da <strong>Ford<\/strong> em Taubat\u00e9 (SP) e Cama\u00e7ari (BA) j\u00e1 t\u00eam seu org\u00e2nico completo. Al\u00e9m disso, a <strong>nova f\u00e1brica<\/strong> na Bahia seria distante demais para realizar um reajuste de <strong>funcion\u00e1rios paulistas<\/strong>.<\/p>\n","protected":false},"excerpt":{"rendered":"<p>Reuni\u00e3o entre o Sindicato dos Metal\u00fargicos do ABC e a dire\u00e7\u00e3o mundial da Ford foi marcada para o dia 7 de mar\u00e7o. Ford: Sindicato e dire\u00e7\u00e3o mundial da empresa se re\u00fanem em 7 de mar\u00e7o No entanto, o objetivo \u00e9 reverter a decis\u00e3o de fechar a f\u00e1brica da Ford em S\u00e3o Bernardo do Campo. A [&hellip;]<\/p>\n","protected":false},"author":11,"featured_media":15893,"comment_status":"closed","ping_status":"closed","sticky":false,"template":"","format":"standard","meta":[],"categories":[61],"tags":[870],"suno_strategy":[],"class_list":["post-16633","post","type-post","status-publish","format-standard","has-post-thumbnail","hentry","category-politica","tag-ford-fdmo34"],"yoast_head":"<!-- This site is optimized with the Yoast SEO plugin v24.4 - https:\/\/yoast.com\/wordpress\/plugins\/seo\/ -->\n<title>Ford: Sindicato e dire\u00e7\u00e3o mundial da empresa se re\u00fanem em 7 de mar\u00e7o<\/title>\n<meta name=\"description\" content=\"Ford informou o fechamento da f\u00e1brica na \u00faltima ter\u00e7a (19); Com isso, cerca de 24 mil empregos seriam perdidos. Clique para saber mais.\" \/>\n<meta name=\"robots\" content=\"index, follow, max-snippet:-1, max-image-preview:large, max-video-preview:-1\" \/>\n<link rel=\"canonical\" href=\"https:\/\/www.suno.com.br\/noticias\/ford-sindicato-reunem-marco\/\" \/>\n<meta property=\"og:locale\" content=\"pt_BR\" \/>\n<meta property=\"og:type\" content=\"article\" \/>\n<meta property=\"og:title\" content=\"Ford: Sindicato e dire\u00e7\u00e3o mundial da empresa se re\u00fanem em 7 de mar\u00e7o\" \/>\n<meta property=\"og:description\" content=\"Ford informou o fechamento da f\u00e1brica na \u00faltima ter\u00e7a (19); Com isso, cerca de 24 mil empregos seriam perdidos. Clique para saber mais.\" \/>\n<meta property=\"og:url\" content=\"https:\/\/www.suno.com.br\/noticias\/ford-sindicato-reunem-marco\/\" \/>\n<meta property=\"og:site_name\" content=\"Suno Not\u00edcias\" \/>\n<meta property=\"article:publisher\" content=\"https:\/\/facebook.com\/sunoresearch\" \/>\n<meta property=\"og:image\" content=\"https:\/\/files.sunoresearch.com.br\/n\/uploads\/2019\/02\/19731c91-ford.png\" \/>\n\t<meta property=\"og:image:width\" content=\"700\" \/>\n\t<meta property=\"og:image:height\" content=\"355\" \/>\n\t<meta property=\"og:image:type\" content=\"image\/png\" \/>\n<meta name=\"author\" content=\"Renan Bandeira\" \/>\n<meta name=\"twitter:card\" content=\"summary_large_image\" \/>\n<meta name=\"twitter:creator\" content=\"@sunoresearch\" \/>\n<meta name=\"twitter:site\" content=\"@sunoresearch\" \/>\n<meta name=\"twitter:label1\" content=\"Escrito por\" \/>\n\t<meta name=\"twitter:data1\" content=\"Renan Bandeira\" \/>\n\t<meta name=\"twitter:label2\" content=\"Est. tempo de leitura\" \/>\n\t<meta name=\"twitter:data2\" content=\"2 minutos\" \/>\n<script type=\"application\/ld+json\" class=\"yoast-schema-graph\">{\"@context\":\"https:\/\/schema.org\",\"@graph\":[{\"@type\":\"NewsArticle\",\"@id\":\"https:\/\/www.suno.com.br\/noticias\/ford-sindicato-reunem-marco\/#article\",\"isPartOf\":{\"@id\":\"https:\/\/www.suno.com.br\/noticias\/ford-sindicato-reunem-marco\/\"},\"author\":{\"name\":\"Renan Bandeira\",\"@id\":\"https:\/\/www.suno.com.br\/noticias\/#\/schema\/person\/fc144a1c6108bd1dcd43784e88a3c138\"},\"headline\":\"Ford: Sindicato e dire\u00e7\u00e3o mundial da empresa se re\u00fanem em 7 de mar\u00e7o\",\"datePublished\":\"2019-02-26T16:17:02+00:00\",\"mainEntityOfPage\":{\"@id\":\"https:\/\/www.suno.com.br\/noticias\/ford-sindicato-reunem-marco\/\"},\"wordCount\":382,\"publisher\":{\"@id\":\"https:\/\/www.suno.com.br\/noticias\/#organization\"},\"image\":{\"@id\":\"https:\/\/www.suno.com.br\/noticias\/ford-sindicato-reunem-marco\/#primaryimage\"},\"thumbnailUrl\":\"https:\/\/files.sunoresearch.com.br\/n\/uploads\/2019\/02\/19731c91-ford-png.webp\",\"keywords\":[\"Ford (FDMO34)\"],\"articleSection\":[\"Pol\u00edtica\"],\"inLanguage\":\"pt-BR\"},{\"@type\":\"WebPage\",\"@id\":\"https:\/\/www.suno.com.br\/noticias\/ford-sindicato-reunem-marco\/\",\"url\":\"https:\/\/www.suno.com.br\/noticias\/ford-sindicato-reunem-marco\/\",\"name\":\"Ford: Sindicato e dire\u00e7\u00e3o mundial da empresa se re\u00fanem em 7 de mar\u00e7o\",\"isPartOf\":{\"@id\":\"https:\/\/www.suno.com.br\/noticias\/#website\"},\"primaryImageOfPage\":{\"@id\":\"https:\/\/www.suno.com.br\/noticias\/ford-sindicato-reunem-marco\/#primaryimage\"},\"image\":{\"@id\":\"https:\/\/www.suno.com.br\/noticias\/ford-sindicato-reunem-marco\/#primaryimage\"},\"thumbnailUrl\":\"https:\/\/files.sunoresearch.com.br\/n\/uploads\/2019\/02\/19731c91-ford-png.webp\",\"datePublished\":\"2019-02-26T16:17:02+00:00\",\"description\":\"Ford informou o fechamento da f\u00e1brica na \u00faltima ter\u00e7a (19); Com isso, cerca de 24 mil empregos seriam perdidos. Clique para saber mais.\",\"breadcrumb\":{\"@id\":\"https:\/\/www.suno.com.br\/noticias\/ford-sindicato-reunem-marco\/#breadcrumb\"},\"inLanguage\":\"pt-BR\",\"potentialAction\":[{\"@type\":\"ReadAction\",\"target\":[\"https:\/\/www.suno.com.br\/noticias\/ford-sindicato-reunem-marco\/\"]}]},{\"@type\":\"ImageObject\",\"inLanguage\":\"pt-BR\",\"@id\":\"https:\/\/www.suno.com.br\/noticias\/ford-sindicato-reunem-marco\/#primaryimage\",\"url\":\"https:\/\/files.sunoresearch.com.br\/n\/uploads\/2019\/02\/19731c91-ford-png.webp\",\"contentUrl\":\"https:\/\/files.sunoresearch.com.br\/n\/uploads\/2019\/02\/19731c91-ford-png.webp\",\"width\":700,\"height\":355,\"caption\":\"Ford: Sindicato e dire\u00e7\u00e3o mundial da empresa se re\u00fanem em 7 de mar\u00e7o\"},{\"@type\":\"BreadcrumbList\",\"@id\":\"https:\/\/www.suno.com.br\/noticias\/ford-sindicato-reunem-marco\/#breadcrumb\",\"itemListElement\":[{\"@type\":\"ListItem\",\"position\":1,\"name\":\"Not\u00edcias\",\"item\":\"https:\/\/www.suno.com.br\/noticias\/\"},{\"@type\":\"ListItem\",\"position\":2,\"name\":\"Pol\u00edtica\",\"item\":\"https:\/\/www.suno.com.br\/noticias\/politica\/\"},{\"@type\":\"ListItem\",\"position\":3,\"name\":\"Ford: Sindicato e dire\u00e7\u00e3o mundial da empresa se re\u00fanem em 7 de mar\u00e7o\"}]},{\"@type\":\"WebSite\",\"@id\":\"https:\/\/www.suno.com.br\/noticias\/#website\",\"url\":\"https:\/\/www.suno.com.br\/noticias\/\",\"name\":\"Suno Not\u00edcias\",\"description\":\"Seu portal de informa\u00e7\u00e3o sobre o mundo dos investimentos\",\"publisher\":{\"@id\":\"https:\/\/www.suno.com.br\/noticias\/#organization\"},\"potentialAction\":[{\"@type\":\"SearchAction\",\"target\":{\"@type\":\"EntryPoint\",\"urlTemplate\":\"https:\/\/www.suno.com.br\/noticias\/?s={search_term_string}\"},\"query-input\":{\"@type\":\"PropertyValueSpecification\",\"valueRequired\":true,\"valueName\":\"search_term_string\"}}],\"inLanguage\":\"pt-BR\"},{\"@type\":\"Organization\",\"@id\":\"https:\/\/www.suno.com.br\/noticias\/#organization\",\"name\":\"Suno Not\u00edcias\",\"url\":\"https:\/\/www.suno.com.br\/noticias\/\",\"logo\":{\"@type\":\"ImageObject\",\"inLanguage\":\"pt-BR\",\"@id\":\"https:\/\/www.suno.com.br\/noticias\/#\/schema\/logo\/image\/\",\"url\":\"https:\/\/files.sunoresearch.com.br\/n\/uploads\/2021\/09\/suno-logo.png\",\"contentUrl\":\"https:\/\/files.sunoresearch.com.br\/n\/uploads\/2021\/09\/suno-logo.png\",\"width\":180,\"height\":180,\"caption\":\"Suno Not\u00edcias\"},\"image\":{\"@id\":\"https:\/\/www.suno.com.br\/noticias\/#\/schema\/logo\/image\/\"},\"sameAs\":[\"https:\/\/facebook.com\/sunoresearch\",\"https:\/\/x.com\/sunoresearch\",\"https:\/\/www.instagram.com\/suno\",\"https:\/\/www.linkedin.com\/company\/suno-research\/\",\"https:\/\/www.youtube.com\/c\/sunoresearch\"]},{\"@type\":\"Person\",\"@id\":\"https:\/\/www.suno.com.br\/noticias\/#\/schema\/person\/fc144a1c6108bd1dcd43784e88a3c138\",\"name\":\"Renan Bandeira\",\"image\":{\"@type\":\"ImageObject\",\"inLanguage\":\"pt-BR\",\"@id\":\"https:\/\/www.suno.com.br\/noticias\/#\/schema\/person\/image\/\",\"url\":\"https:\/\/secure.gravatar.com\/avatar\/68359cdb608f14f11bbefcb78f3fc747?s=96&r=g\",\"contentUrl\":\"https:\/\/secure.gravatar.com\/avatar\/68359cdb608f14f11bbefcb78f3fc747?s=96&r=g\",\"caption\":\"Renan Bandeira\"},\"description\":\"Renan Bandeira escreve sobre pol\u00edtica e economia para o portal da Suno Research. Antes da Suno, trabalhou em uma rede de televis\u00e3o, onde fazia reportagens sobre os mesmos temas. Estuda na Universidade Metodista de S\u00e3o Paulo.\",\"url\":\"https:\/\/www.suno.com.br\/noticias\/author\/renan-bandeira\/\"}]}<\/script>\n<!-- \/ Yoast SEO plugin. -->","yoast_head_json":{"title":"Ford: Sindicato e dire\u00e7\u00e3o mundial da empresa se re\u00fanem em 7 de mar\u00e7o","description":"Ford informou o fechamento da f\u00e1brica na \u00faltima ter\u00e7a (19); Com isso, cerca de 24 mil empregos seriam perdidos. Clique para saber mais.","robots":{"index":"index","follow":"follow","max-snippet":"max-snippet:-1","max-image-preview":"max-image-preview:large","max-video-preview":"max-video-preview:-1"},"canonical":"https:\/\/www.suno.com.br\/noticias\/ford-sindicato-reunem-marco\/","og_locale":"pt_BR","og_type":"article","og_title":"Ford: Sindicato e dire\u00e7\u00e3o mundial da empresa se re\u00fanem em 7 de mar\u00e7o","og_description":"Ford informou o fechamento da f\u00e1brica na \u00faltima ter\u00e7a (19); Com isso, cerca de 24 mil empregos seriam perdidos. Clique para saber mais.","og_url":"https:\/\/www.suno.com.br\/noticias\/ford-sindicato-reunem-marco\/","og_site_name":"Suno Not\u00edcias","article_publisher":"https:\/\/facebook.com\/sunoresearch","og_image":[{"width":700,"height":355,"url":"https:\/\/files.sunoresearch.com.br\/n\/uploads\/2019\/02\/19731c91-ford.png","type":"image\/png"}],"author":"Renan Bandeira","twitter_card":"summary_large_image","twitter_creator":"@sunoresearch","twitter_site":"@sunoresearch","twitter_misc":{"Escrito por":"Renan Bandeira","Est. tempo de leitura":"2 minutos"},"schema":{"@context":"https:\/\/schema.org","@graph":[{"@type":"NewsArticle","@id":"https:\/\/www.suno.com.br\/noticias\/ford-sindicato-reunem-marco\/#article","isPartOf":{"@id":"https:\/\/www.suno.com.br\/noticias\/ford-sindicato-reunem-marco\/"},"author":{"name":"Renan Bandeira","@id":"https:\/\/www.suno.com.br\/noticias\/#\/schema\/person\/fc144a1c6108bd1dcd43784e88a3c138"},"headline":"Ford: Sindicato e dire\u00e7\u00e3o mundial da empresa se re\u00fanem em 7 de mar\u00e7o","datePublished":"2019-02-26T16:17:02+00:00","mainEntityOfPage":{"@id":"https:\/\/www.suno.com.br\/noticias\/ford-sindicato-reunem-marco\/"},"wordCount":382,"publisher":{"@id":"https:\/\/www.suno.com.br\/noticias\/#organization"},"image":{"@id":"https:\/\/www.suno.com.br\/noticias\/ford-sindicato-reunem-marco\/#primaryimage"},"thumbnailUrl":"https:\/\/files.sunoresearch.com.br\/n\/uploads\/2019\/02\/19731c91-ford-png.webp","keywords":["Ford (FDMO34)"],"articleSection":["Pol\u00edtica"],"inLanguage":"pt-BR"},{"@type":"WebPage","@id":"https:\/\/www.suno.com.br\/noticias\/ford-sindicato-reunem-marco\/","url":"https:\/\/www.suno.com.br\/noticias\/ford-sindicato-reunem-marco\/","name":"Ford: Sindicato e dire\u00e7\u00e3o mundial da empresa se re\u00fanem em 7 de mar\u00e7o","isPartOf":{"@id":"https:\/\/www.suno.com.br\/noticias\/#website"},"primaryImageOfPage":{"@id":"https:\/\/www.suno.com.br\/noticias\/ford-sindicato-reunem-marco\/#primaryimage"},"image":{"@id":"https:\/\/www.suno.com.br\/noticias\/ford-sindicato-reunem-marco\/#primaryimage"},"thumbnailUrl":"https:\/\/files.sunoresearch.com.br\/n\/uploads\/2019\/02\/19731c91-ford-png.webp","datePublished":"2019-02-26T16:17:02+00:00","description":"Ford informou o fechamento da f\u00e1brica na \u00faltima ter\u00e7a (19); Com isso, cerca de 24 mil empregos seriam perdidos. Clique para saber mais.","breadcrumb":{"@id":"https:\/\/www.suno.com.br\/noticias\/ford-sindicato-reunem-marco\/#breadcrumb"},"inLanguage":"pt-BR","potentialAction":[{"@type":"ReadAction","target":["https:\/\/www.suno.com.br\/noticias\/ford-sindicato-reunem-marco\/"]}]},{"@type":"ImageObject","inLanguage":"pt-BR","@id":"https:\/\/www.suno.com.br\/noticias\/ford-sindicato-reunem-marco\/#primaryimage","url":"https:\/\/files.sunoresearch.com.br\/n\/uploads\/2019\/02\/19731c91-ford-png.webp","contentUrl":"https:\/\/files.sunoresearch.com.br\/n\/uploads\/2019\/02\/19731c91-ford-png.webp","width":700,"height":355,"caption":"Ford: Sindicato e dire\u00e7\u00e3o mundial da empresa se re\u00fanem em 7 de mar\u00e7o"},{"@type":"BreadcrumbList","@id":"https:\/\/www.suno.com.br\/noticias\/ford-sindicato-reunem-marco\/#breadcrumb","itemListElement":[{"@type":"ListItem","position":1,"name":"Not\u00edcias","item":"https:\/\/www.suno.com.br\/noticias\/"},{"@type":"ListItem","position":2,"name":"Pol\u00edtica","item":"https:\/\/www.suno.com.br\/noticias\/politica\/"},{"@type":"ListItem","position":3,"name":"Ford: Sindicato e dire\u00e7\u00e3o mundial da empresa se re\u00fanem em 7 de mar\u00e7o"}]},{"@type":"WebSite","@id":"https:\/\/www.suno.com.br\/noticias\/#website","url":"https:\/\/www.suno.com.br\/noticias\/","name":"Suno Not\u00edcias","description":"Seu portal de informa\u00e7\u00e3o sobre o mundo dos investimentos","publisher":{"@id":"https:\/\/www.suno.com.br\/noticias\/#organization"},"potentialAction":[{"@type":"SearchAction","target":{"@type":"EntryPoint","urlTemplate":"https:\/\/www.suno.com.br\/noticias\/?s={search_term_string}"},"query-input":{"@type":"PropertyValueSpecification","valueRequired":true,"valueName":"search_term_string"}}],"inLanguage":"pt-BR"},{"@type":"Organization","@id":"https:\/\/www.suno.com.br\/noticias\/#organization","name":"Suno Not\u00edcias","url":"https:\/\/www.suno.com.br\/noticias\/","logo":{"@type":"ImageObject","inLanguage":"pt-BR","@id":"https:\/\/www.suno.com.br\/noticias\/#\/schema\/logo\/image\/","url":"https:\/\/files.sunoresearch.com.br\/n\/uploads\/2021\/09\/suno-logo.png","contentUrl":"https:\/\/files.sunoresearch.com.br\/n\/uploads\/2021\/09\/suno-logo.png","width":180,"height":180,"caption":"Suno Not\u00edcias"},"image":{"@id":"https:\/\/www.suno.com.br\/noticias\/#\/schema\/logo\/image\/"},"sameAs":["https:\/\/facebook.com\/sunoresearch","https:\/\/x.com\/sunoresearch","https:\/\/www.instagram.com\/suno","https:\/\/www.linkedin.com\/company\/suno-research\/","https:\/\/www.youtube.com\/c\/sunoresearch"]},{"@type":"Person","@id":"https:\/\/www.suno.com.br\/noticias\/#\/schema\/person\/fc144a1c6108bd1dcd43784e88a3c138","name":"Renan Bandeira","image":{"@type":"ImageObject","inLanguage":"pt-BR","@id":"https:\/\/www.suno.com.br\/noticias\/#\/schema\/person\/image\/","url":"https:\/\/secure.gravatar.com\/avatar\/68359cdb608f14f11bbefcb78f3fc747?s=96&r=g","contentUrl":"https:\/\/secure.gravatar.com\/avatar\/68359cdb608f14f11bbefcb78f3fc747?s=96&r=g","caption":"Renan Bandeira"},"description":"Renan Bandeira escreve sobre pol\u00edtica e economia para o portal da Suno Research. Antes da Suno, trabalhou em uma rede de televis\u00e3o, onde fazia reportagens sobre os mesmos temas. Estuda na Universidade Metodista de S\u00e3o Paulo.","url":"https:\/\/www.suno.com.br\/noticias\/author\/renan-bandeira\/"}]}},"default_loop_html":"<div class=\"cardsPage__listCard__boxs\"><div class=\"cardsPage__listCard__boxs__img\"><a href=\"https:\/\/www.suno.com.br\/noticias\/ford-sindicato-reunem-marco\/\"><img class=\"mask\" src=\"https:\/\/www.suno.com.br\/noticias\/wp-content\/themes\/suno\/resources\/images\/spotlight\/spotlight1img\/bg-mask.png\" alt=\"Image Mask\"\/><img src=\"https:\/\/files.sunoresearch.com.br\/n\/uploads\/2019\/02\/19731c91-ford-400x200.webp\" alt=\"Ford: Sindicato e dire\u00e7\u00e3o mundial da empresa se re\u00fanem em 7 de mar\u00e7o\"\/><\/a><span class=\"spotlightCategory\"><a href=\"https:\/\/www.suno.com.br\/noticias\/politica\/\">Pol\u00edtica<\/a><\/span><\/div><div class=\"cardsPage__listCard__boxs__content\"><a href=\"https:\/\/www.suno.com.br\/noticias\/ford-sindicato-reunem-marco\/\"><h2 class=\"content__title\">Ford: Sindicato e dire\u00e7\u00e3o mundial da empresa se re\u00fanem em 7 de mar\u00e7o<\/h2><\/a><div class=\"newsContent__article__meta\"><div class=\"newsContent__article__meta__authorBox\"><a href=\"https:\/\/www.suno.com.br\/noticias\/author\/renan-bandeira\/\" class=\"authorBox__avatar noMobi\"><img src=\"https:\/\/secure.gravatar.com\/avatar\/68359cdb608f14f11bbefcb78f3fc747?s=96&#038;r=g\" alt=\"Renan Bandeira\"><\/a><div class=\"authorBox__name\"><span>por\n\t\t\t<a href=\"https:\/\/www.suno.com.br\/noticias\/author\/renan-bandeira\/\"><span itemprop=\"author\">Renan Bandeira<\/span><\/a><\/span><time datetime=\"2019-02-26T13:17:02-03:00\" itemprop=\"datePublished\">26\/02\/2019 13:17<\/time><\/div><\/div><\/div><\/div><\/div>","single_layout":"posts","amp_enabled":true,"_links":{"self":[{"href":"https:\/\/www.suno.com.br\/noticias\/wp-json\/wp\/v2\/posts\/16633"}],"collection":[{"href":"https:\/\/www.suno.com.br\/noticias\/wp-json\/wp\/v2\/posts"}],"about":[{"href":"https:\/\/www.suno.com.br\/noticias\/wp-json\/wp\/v2\/types\/post"}],"author":[{"embeddable":true,"href":"https:\/\/www.suno.com.br\/noticias\/wp-json\/wp\/v2\/users\/11"}],"replies":[{"embeddable":true,"href":"https:\/\/www.suno.com.br\/noticias\/wp-json\/wp\/v2\/comments?post=16633"}],"version-history":[{"count":0,"href":"https:\/\/www.suno.com.br\/noticias\/wp-json\/wp\/v2\/posts\/16633\/revisions"}],"wp:featuredmedia":[{"embeddable":true,"href":"https:\/\/www.suno.com.br\/noticias\/wp-json\/wp\/v2\/media\/15893"}],"wp:attachment":[{"href":"https:\/\/www.suno.com.br\/noticias\/wp-json\/wp\/v2\/media?parent=16633"}],"wp:term":[{"taxonomy":"category","embeddable":true,"href":"https:\/\/www.suno.com.br\/noticias\/wp-json\/wp\/v2\/categories?post=16633"},{"taxonomy":"post_tag","embeddable":true,"href":"https:\/\/www.suno.com.br\/noticias\/wp-json\/wp\/v2\/tags?post=16633"},{"taxonomy":"suno_strategy","embeddable":true,"href":"https:\/\/www.suno.com.br\/noticias\/wp-json\/wp\/v2\/suno_strategy?post=16633"}],"curies":[{"name":"wp","href":"https:\/\/api.w.org\/{rel}","templated":true}]}}