{"id":166251,"date":"2021-07-15T12:17:59","date_gmt":"2021-07-15T15:17:59","guid":{"rendered":"https:\/\/www.suno.com.br\/noticias\/?p=166251"},"modified":"2021-07-15T12:18:11","modified_gmt":"2021-07-15T15:18:11","slug":"meta-inflacao-eua-fed-jerome-powell","status":"publish","type":"post","link":"https:\/\/www.suno.com.br\/noticias\/meta-inflacao-eua-fed-jerome-powell\/","title":{"rendered":"Infla\u00e7\u00e3o est\u00e1 &#8216;bem acima&#8217; da meta e representa desafios, diz Powell"},"content":{"rendered":"<p>O presidente do <a href=\"https:\/\/www.suno.com.br\/artigos\/fed\/\">Federal Reserve (Fed)<\/a>, Jerome Powell, reconheceu que a <strong>infla\u00e7\u00e3o<\/strong> est\u00e1 &#8220;bem acima&#8221; do que a institui\u00e7\u00e3o esperava e que a autoridade monet\u00e1ria enfretar\u00e1 desafios. A declara\u00e7\u00e3o foi dada nesta quinta-feira (15), em depoimento no Comit\u00ea Banc\u00e1rio do Senado.<\/p>\t<div class=\"wrapper-featured-image\">\n\t\t<figure class=\"spotlightImg\">\n\n\t\t\t<picture>\n\t\t\t\t<source media=\"(max-width: 768px)\" srcset=\"https:\/\/files.sunoresearch.com.br\/n\/uploads\/2021\/04\/b0ce30fc-49614546592_a4fbe678c2_o-400x200.webp\">\n\t\t\t\t<img loading=\"lazy\" decoding=\"async\" class=\"newsContent__article__imgCapa lazyloadDisabled \" src=\"https:\/\/files.sunoresearch.com.br\/n\/uploads\/2021\/04\/b0ce30fc-49614546592_a4fbe678c2_o-800x450.webp\" width=\"800\" height=\"450\" alt=\"Infla\u00e7\u00e3o est\u00e1 &#8216;bem acima&#8217; da meta e representa desafios, diz Powell\" fetchpriority=high \/>\n\t\t\t<\/picture>\n\n\t\t\t<figcaption class=\"wp-caption-text wp-caption-text--show\">Powell. Foto: Reprodu\u00e7\u00e3o\/Federal Reserve<\/figcaption>\n\t\t<\/figure>\n\t<\/div>\n\n\n\t<p>\n\t\t<a href=\"https:\/\/lp.suno.com.br\/planilha-controle-gastos\/\" target=\"_blank\" data-element=\"shortcode-suno-banner\" title=\"Banner SUNO, clique e saiba mais\">\n\t\t\t<picture>\n\t\t\t\t<source media=\"(max-width: 500px)\" srcset=\"https:\/\/files.sunoresearch.com.br\/n\/uploads\/2023\/03\/400x300-Planilha-controle-de-gastos.png\">\n\t\t\t\t<img class=\"newsContent__article__imgCapa newsContent__article__imgCapa--banner\"\n\t\t\t\t\tsrc=\"https:\/\/files.sunoresearch.com.br\/n\/uploads\/2023\/03\/1420x240-Planilha-controle-de-gastos.png\"\n\t\t\t\t\tdata-promo-id=\"101751\"\t\t\t\t\t\t\t\t\t\twidth='1420' height='240'\t\t\t\t\talt=\"https:\/\/files.sunoresearch.com.br\/n\/uploads\/2023\/03\/1420x240-Planilha-controle-de-gastos.png\"\n\t\t\t\t>\n\t\t\t<\/picture>\n\t\t<\/a>\n\t<\/p>\n\n\n<p>Powell disse que, se o car\u00e1ter tempor\u00e1rio da escala dos pre\u00e7os se confirmar, n\u00e3o h\u00e1 motivos para tomar novas medidas. &#8220;Infla\u00e7\u00e3o que temos agora n\u00e3o est\u00e1 moderadamente acima de 2%, est\u00e1 bem acima&#8221;, comentou o l\u00edder do Fed, que acrescentou que &#8220;n\u00e3o est\u00e1 confort\u00e1vel&#8221; com o movimento.<\/p>\n<p>Powell destacou ainda que o fechamento de escolas por conta da pandemia \u00e9 um dos fatores que explicam o desemprego ainda elevado no pa\u00eds.<\/p>\n<h2>D\u00edvida p\u00fablica em meio \u00e0 escalada de pre\u00e7os<\/h2>\n<p><a href=\"https:\/\/www.suno.com.br\/tudo-sobre\/jerome-powell\/\"><strong>Jerome Powell<\/strong><\/a> reiterou que a d\u00edvida p\u00fablica nos Estados Unidos &#8220;n\u00e3o est\u00e1 em uma trajet\u00f3ria sustent\u00e1vel&#8221;.<\/p>\n<p>Durante o depoimento, Powell afirmou que, em algum momento, ser\u00e1 preciso estabilizar o endividamento, mas ponderou que isso deve ocorrer quando a economia estiver completamente recuperada da crise provocada pelo coronav\u00edrus.<\/p>\n\t<div data-element=\"shortcode-read-more\" class=\"knowMore\">\n\t\t\t\t<span class=\"knowMore__title\">Saiba mais<\/span>\n\t\t\t\t<a class=\"knowMore__link\" href=\"https:\/\/www.suno.com.br\/noticias\/bce-meta-inflacao-revisao-politica-monetaria\/\">\n\t\t\tBCE firma meta de 2% para infla\u00e7\u00e3o ao revisar pol\u00edtica monet\u00e1ria\t\t<\/a>\n\t<\/div>\n\n\n<p>Powell, no entanto, comentou que n\u00e3o h\u00e1 evid\u00eancias de problemas significativos para o financiamento do <strong>d\u00e9ficit fiscal<\/strong> em curto e m\u00e9dio prazos, j\u00e1 que &#8220;o d\u00f3lar ainda \u00e9 a moeda de reserva global&#8221;.<\/p>\n<p>Al\u00e9m disso, o presidente do Fed caracterizou o estado atual do <strong>sistema financeiro<\/strong> e banc\u00e1rio dos Estados Unidos como &#8220;forte&#8221;, durante o depoimento. Powell disse que os bancos &#8220;fizeram seu trabalho&#8221; durante a crise provocada pelo coronav\u00edrus.<\/p>\n<p>O l\u00edder do <strong>Fed<\/strong> comentou que as institui\u00e7\u00f5es financeiras est\u00e3o &#8220;bem capitalizadas&#8221; e destacou que os testes de estresses implementados pela autoridade monet\u00e1ria mantiveram a &#8220;severidade&#8221;.<\/p>\n<p>Ele acrescentou que estaria preparado para elevar os requisitos de capitais, caso necess\u00e1rio.<\/p>\n<h2>Pol\u00edtica contribuiu para infla\u00e7\u00e3o de im\u00f3veis<\/h2>\n<p>Jerome Powell, admitiu, durante o depoimento ao Senado, que a <a class=\"suno-keyword\" href=\"https:\/\/www.suno.com.br\/artigos\/politica-monetaria\/\" target=\"_blank\" rel=\"noopener noreferrer\" data-force=\"no\" data-priority=\"1\">pol\u00edtica monet\u00e1ria<\/a> relaxada contribui para a recente escalada dos pre\u00e7os de im\u00f3veis residenciais.<\/p>\n<p>Segundo ele, o tema tem sido discutido no <a href=\"https:\/\/www.suno.com.br\/artigos\/fomc\/\">Comit\u00ea Federal de Mercado Aberto (<strong>Fomc<\/strong><\/a>, na sigla em ingl\u00eas) e voltar\u00e1 a ser abordado no pr\u00f3ximo encontro.<\/p>\n\t<p>\n\t\t<a href=\"\" target=\"_blank\" data-element=\"shortcode-suno-banner\" title=\"Banner SUNO, clique e saiba mais\">\n\t\t\t<picture>\n\t\t\t\t<source media=\"(max-width: 500px)\" srcset=\"\">\n\t\t\t\t<img class=\"newsContent__article__imgCapa newsContent__article__imgCapa--banner\"\n\t\t\t\t\tsrc=\"\"\n\t\t\t\t\tdata-promo-id=\"92668\"\t\t\t\t\t\t\t\t\t\t\t\t\t\t\talt=\"\"\n\t\t\t\t>\n\t\t\t<\/picture>\n\t\t<\/a>\n\t<\/p>\n\n\n<p>Powell comentou que os pre\u00e7os de casas est\u00e3o subindo a &#8220;um ritmo muito alto&#8221;. Sobre a emiss\u00e3o de moedas digitais pelo BC americano, o l\u00edder do Fed comentou que ainda n\u00e3o decidiu se os benef\u00edcios do instrumento superam os riscos.<\/p>\n<p>O presidente do Federal Reserve disse, ainda, que pode demorar alguns anos at\u00e9 que as din\u00e2micas da for\u00e7a de trabalho estejam claras. Por isso, o Fed pode come\u00e7ar a retirar <strong>est\u00edmulos<\/strong> antes de entend\u00ea-las complemente.<\/p>\n<p>No in\u00edcio do depoimento ao comit\u00ea do Senado, Powell repetiu o testemunho feito ontem ao Comit\u00ea de Servi\u00e7os Financeiros da C\u00e2mara dos Representantes.<\/p>\n<p>No discurso, Powell refor\u00e7ou o compromisso com a manuten\u00e7\u00e3o da pol\u00edtica monet\u00e1ria enquanto os objetivos de <strong>infla\u00e7\u00e3o<\/strong> e mercado de trabalho nos Estados Unidos n\u00e3o forem alcan\u00e7ados.<\/p>\n<p><em>(Com informa\u00e7\u00f5es do Estad\u00e3o Conte\u00fado)<\/em><\/p>\n\t<p>\n\t\t<a href=\"https:\/\/lp.suno.com.br\/planilha-de-controle-de-investimentos\/\" target=\"_blank\" data-element=\"shortcode-suno-banner\" title=\"Banner SUNO, clique e saiba mais\">\n\t\t\t<picture>\n\t\t\t\t<source media=\"(max-width: 500px)\" srcset=\"https:\/\/files.sunoresearch.com.br\/n\/uploads\/2023\/03\/400x300-Controle-de-Investimentos.png\">\n\t\t\t\t<img class=\"newsContent__article__imgCapa newsContent__article__imgCapa--banner\"\n\t\t\t\t\tsrc=\"https:\/\/files.sunoresearch.com.br\/n\/uploads\/2023\/03\/1420x240-Controle-de-Investimentos.png\"\n\t\t\t\t\tdata-promo-id=\"75934\"\t\t\t\t\t\t\t\t\t\twidth='1420' height='240'\t\t\t\t\talt=\"https:\/\/files.sunoresearch.com.br\/n\/uploads\/2023\/03\/1420x240-Controle-de-Investimentos.png\"\n\t\t\t\t>\n\t\t\t<\/picture>\n\t\t<\/a>\n\t<\/p>\n\n\n","protected":false},"excerpt":{"rendered":"<p>O presidente do Federal Reserve (Fed), Jerome Powell, reconheceu que a infla\u00e7\u00e3o est\u00e1 &#8220;bem acima&#8221; do que a institui\u00e7\u00e3o esperava e que a autoridade monet\u00e1ria enfretar\u00e1 desafios. A declara\u00e7\u00e3o foi dada nesta quinta-feira (15), em depoimento no Comit\u00ea Banc\u00e1rio do Senado. Powell. Foto: Reprodu\u00e7\u00e3o\/Federal Reserve Powell disse que, se o car\u00e1ter tempor\u00e1rio da escala dos [&hellip;]<\/p>\n","protected":false},"author":24,"featured_media":138786,"comment_status":"closed","ping_status":"closed","sticky":false,"template":"","format":"standard","meta":[],"categories":[63],"tags":[793,776,850,2448],"suno_strategy":[],"class_list":["post-166251","post","type-post","status-publish","format-standard","has-post-thumbnail","hentry","category-internacional","tag-estados-unidos-eua","tag-federal-reseve-fed","tag-inflacao","tag-politica-monetaria"],"yoast_head":"<!-- This site is optimized with the Yoast SEO plugin v24.4 - https:\/\/yoast.com\/wordpress\/plugins\/seo\/ -->\n<title>Infla\u00e7\u00e3o est\u00e1 &#039;bem acima&#039; da meta e representa desafios, diz Powell<\/title>\n<meta name=\"description\" content=\"O presidente do Federal Reserve (Fed), Jerome Powell, reconheceu que a infla\u00e7\u00e3o est\u00e1 &quot;bem acima&quot; do que a institui\u00e7\u00e3o esperava. Saiba mais.\" \/>\n<meta name=\"robots\" content=\"index, follow, max-snippet:-1, max-image-preview:large, max-video-preview:-1\" \/>\n<link rel=\"canonical\" href=\"https:\/\/www.suno.com.br\/noticias\/meta-inflacao-eua-fed-jerome-powell\/\" \/>\n<meta property=\"og:locale\" content=\"pt_BR\" \/>\n<meta property=\"og:type\" content=\"article\" \/>\n<meta property=\"og:title\" content=\"Infla\u00e7\u00e3o est\u00e1 &#039;bem acima&#039; da meta e representa desafios, diz Powell\" \/>\n<meta property=\"og:description\" content=\"O presidente do Federal Reserve (Fed), Jerome Powell, reconheceu que a infla\u00e7\u00e3o est\u00e1 &quot;bem acima&quot; do que a institui\u00e7\u00e3o esperava. Saiba mais.\" \/>\n<meta property=\"og:url\" content=\"https:\/\/www.suno.com.br\/noticias\/meta-inflacao-eua-fed-jerome-powell\/\" \/>\n<meta property=\"og:site_name\" content=\"Suno Not\u00edcias\" \/>\n<meta property=\"article:publisher\" content=\"https:\/\/facebook.com\/sunoresearch\" \/>\n<meta property=\"og:image\" content=\"https:\/\/files.sunoresearch.com.br\/n\/uploads\/2021\/04\/b0ce30fc-49614546592_a4fbe678c2_o.jpg\" \/>\n\t<meta property=\"og:image:width\" content=\"1200\" \/>\n\t<meta property=\"og:image:height\" content=\"800\" \/>\n\t<meta property=\"og:image:type\" content=\"image\/jpeg\" \/>\n<meta name=\"author\" content=\"Jader Lazarini\" \/>\n<meta name=\"twitter:card\" content=\"summary_large_image\" \/>\n<meta name=\"twitter:creator\" content=\"@sunoresearch\" \/>\n<meta name=\"twitter:site\" content=\"@sunoresearch\" \/>\n<meta name=\"twitter:label1\" content=\"Escrito por\" \/>\n\t<meta name=\"twitter:data1\" content=\"Jader Lazarini\" \/>\n\t<meta name=\"twitter:label2\" content=\"Est. tempo de leitura\" \/>\n\t<meta name=\"twitter:data2\" content=\"3 minutos\" \/>\n<script type=\"application\/ld+json\" class=\"yoast-schema-graph\">{\"@context\":\"https:\/\/schema.org\",\"@graph\":[{\"@type\":\"NewsArticle\",\"@id\":\"https:\/\/www.suno.com.br\/noticias\/meta-inflacao-eua-fed-jerome-powell\/#article\",\"isPartOf\":{\"@id\":\"https:\/\/www.suno.com.br\/noticias\/meta-inflacao-eua-fed-jerome-powell\/\"},\"author\":{\"name\":\"Jader Lazarini\",\"@id\":\"https:\/\/www.suno.com.br\/noticias\/#\/schema\/person\/918d79de1f0281f01599b93f9ea6e23f\"},\"headline\":\"Infla\u00e7\u00e3o est\u00e1 &#8216;bem acima&#8217; da meta e representa desafios, diz Powell\",\"datePublished\":\"2021-07-15T15:17:59+00:00\",\"dateModified\":\"2021-07-15T15:18:11+00:00\",\"mainEntityOfPage\":{\"@id\":\"https:\/\/www.suno.com.br\/noticias\/meta-inflacao-eua-fed-jerome-powell\/\"},\"wordCount\":554,\"publisher\":{\"@id\":\"https:\/\/www.suno.com.br\/noticias\/#organization\"},\"image\":{\"@id\":\"https:\/\/www.suno.com.br\/noticias\/meta-inflacao-eua-fed-jerome-powell\/#primaryimage\"},\"thumbnailUrl\":\"https:\/\/files.sunoresearch.com.br\/n\/uploads\/2021\/04\/b0ce30fc-49614546592_a4fbe678c2_o-jpg.webp\",\"keywords\":[\"Estados Unidos (EUA)\",\"Federal Reserve (FED)\",\"infla\u00e7\u00e3o\",\"pol\u00edtica monet\u00e1ria\"],\"articleSection\":[\"Internacional\"],\"inLanguage\":\"pt-BR\"},{\"@type\":\"WebPage\",\"@id\":\"https:\/\/www.suno.com.br\/noticias\/meta-inflacao-eua-fed-jerome-powell\/\",\"url\":\"https:\/\/www.suno.com.br\/noticias\/meta-inflacao-eua-fed-jerome-powell\/\",\"name\":\"Infla\u00e7\u00e3o est\u00e1 'bem acima' da meta e representa desafios, diz Powell\",\"isPartOf\":{\"@id\":\"https:\/\/www.suno.com.br\/noticias\/#website\"},\"primaryImageOfPage\":{\"@id\":\"https:\/\/www.suno.com.br\/noticias\/meta-inflacao-eua-fed-jerome-powell\/#primaryimage\"},\"image\":{\"@id\":\"https:\/\/www.suno.com.br\/noticias\/meta-inflacao-eua-fed-jerome-powell\/#primaryimage\"},\"thumbnailUrl\":\"https:\/\/files.sunoresearch.com.br\/n\/uploads\/2021\/04\/b0ce30fc-49614546592_a4fbe678c2_o-jpg.webp\",\"datePublished\":\"2021-07-15T15:17:59+00:00\",\"dateModified\":\"2021-07-15T15:18:11+00:00\",\"description\":\"O presidente do Federal Reserve (Fed), Jerome Powell, reconheceu que a infla\u00e7\u00e3o est\u00e1 \\\"bem acima\\\" do que a institui\u00e7\u00e3o esperava. Saiba mais.\",\"breadcrumb\":{\"@id\":\"https:\/\/www.suno.com.br\/noticias\/meta-inflacao-eua-fed-jerome-powell\/#breadcrumb\"},\"inLanguage\":\"pt-BR\",\"potentialAction\":[{\"@type\":\"ReadAction\",\"target\":[\"https:\/\/www.suno.com.br\/noticias\/meta-inflacao-eua-fed-jerome-powell\/\"]}]},{\"@type\":\"ImageObject\",\"inLanguage\":\"pt-BR\",\"@id\":\"https:\/\/www.suno.com.br\/noticias\/meta-inflacao-eua-fed-jerome-powell\/#primaryimage\",\"url\":\"https:\/\/files.sunoresearch.com.br\/n\/uploads\/2021\/04\/b0ce30fc-49614546592_a4fbe678c2_o-jpg.webp\",\"contentUrl\":\"https:\/\/files.sunoresearch.com.br\/n\/uploads\/2021\/04\/b0ce30fc-49614546592_a4fbe678c2_o-jpg.webp\",\"width\":1200,\"height\":800,\"caption\":\"Powell. Foto: Reprodu\u00e7\u00e3o\/Federal Reserve\"},{\"@type\":\"BreadcrumbList\",\"@id\":\"https:\/\/www.suno.com.br\/noticias\/meta-inflacao-eua-fed-jerome-powell\/#breadcrumb\",\"itemListElement\":[{\"@type\":\"ListItem\",\"position\":1,\"name\":\"Not\u00edcias\",\"item\":\"https:\/\/www.suno.com.br\/noticias\/\"},{\"@type\":\"ListItem\",\"position\":2,\"name\":\"Internacional\",\"item\":\"https:\/\/www.suno.com.br\/noticias\/internacional\/\"},{\"@type\":\"ListItem\",\"position\":3,\"name\":\"Infla\u00e7\u00e3o est\u00e1 &#8216;bem acima&#8217; da meta e representa desafios, diz Powell\"}]},{\"@type\":\"WebSite\",\"@id\":\"https:\/\/www.suno.com.br\/noticias\/#website\",\"url\":\"https:\/\/www.suno.com.br\/noticias\/\",\"name\":\"Suno Not\u00edcias\",\"description\":\"Seu portal de informa\u00e7\u00e3o sobre o mundo dos investimentos\",\"publisher\":{\"@id\":\"https:\/\/www.suno.com.br\/noticias\/#organization\"},\"potentialAction\":[{\"@type\":\"SearchAction\",\"target\":{\"@type\":\"EntryPoint\",\"urlTemplate\":\"https:\/\/www.suno.com.br\/noticias\/?s={search_term_string}\"},\"query-input\":{\"@type\":\"PropertyValueSpecification\",\"valueRequired\":true,\"valueName\":\"search_term_string\"}}],\"inLanguage\":\"pt-BR\"},{\"@type\":\"Organization\",\"@id\":\"https:\/\/www.suno.com.br\/noticias\/#organization\",\"name\":\"Suno Not\u00edcias\",\"url\":\"https:\/\/www.suno.com.br\/noticias\/\",\"logo\":{\"@type\":\"ImageObject\",\"inLanguage\":\"pt-BR\",\"@id\":\"https:\/\/www.suno.com.br\/noticias\/#\/schema\/logo\/image\/\",\"url\":\"https:\/\/files.sunoresearch.com.br\/n\/uploads\/2021\/09\/suno-logo.png\",\"contentUrl\":\"https:\/\/files.sunoresearch.com.br\/n\/uploads\/2021\/09\/suno-logo.png\",\"width\":180,\"height\":180,\"caption\":\"Suno Not\u00edcias\"},\"image\":{\"@id\":\"https:\/\/www.suno.com.br\/noticias\/#\/schema\/logo\/image\/\"},\"sameAs\":[\"https:\/\/facebook.com\/sunoresearch\",\"https:\/\/x.com\/sunoresearch\",\"https:\/\/www.instagram.com\/suno\",\"https:\/\/www.linkedin.com\/company\/suno-research\/\",\"https:\/\/www.youtube.com\/c\/sunoresearch\"]},{\"@type\":\"Person\",\"@id\":\"https:\/\/www.suno.com.br\/noticias\/#\/schema\/person\/918d79de1f0281f01599b93f9ea6e23f\",\"name\":\"Jader Lazarini\",\"image\":{\"@type\":\"ImageObject\",\"inLanguage\":\"pt-BR\",\"@id\":\"https:\/\/www.suno.com.br\/noticias\/#\/schema\/person\/image\/\",\"url\":\"https:\/\/secure.gravatar.com\/avatar\/3c1ad8caa51589841baeb923fcddea97?s=96&r=g\",\"contentUrl\":\"https:\/\/secure.gravatar.com\/avatar\/3c1ad8caa51589841baeb923fcddea97?s=96&r=g\",\"caption\":\"Jader Lazarini\"},\"description\":\"Jader Lazarini escreve sobre investimentos, finan\u00e7as, economia e neg\u00f3cios. \u00c9 bacharel em Rela\u00e7\u00f5es Internacionais e analista CNPI (2619).\",\"url\":\"https:\/\/www.suno.com.br\/noticias\/author\/jader-lazarini\/\"}]}<\/script>\n<!-- \/ Yoast SEO plugin. -->","yoast_head_json":{"title":"Infla\u00e7\u00e3o est\u00e1 'bem acima' da meta e representa desafios, diz Powell","description":"O presidente do Federal Reserve (Fed), Jerome Powell, reconheceu que a infla\u00e7\u00e3o est\u00e1 \"bem acima\" do que a institui\u00e7\u00e3o esperava. Saiba mais.","robots":{"index":"index","follow":"follow","max-snippet":"max-snippet:-1","max-image-preview":"max-image-preview:large","max-video-preview":"max-video-preview:-1"},"canonical":"https:\/\/www.suno.com.br\/noticias\/meta-inflacao-eua-fed-jerome-powell\/","og_locale":"pt_BR","og_type":"article","og_title":"Infla\u00e7\u00e3o est\u00e1 'bem acima' da meta e representa desafios, diz Powell","og_description":"O presidente do Federal Reserve (Fed), Jerome Powell, reconheceu que a infla\u00e7\u00e3o est\u00e1 \"bem acima\" do que a institui\u00e7\u00e3o esperava. Saiba mais.","og_url":"https:\/\/www.suno.com.br\/noticias\/meta-inflacao-eua-fed-jerome-powell\/","og_site_name":"Suno Not\u00edcias","article_publisher":"https:\/\/facebook.com\/sunoresearch","og_image":[{"width":1200,"height":800,"url":"https:\/\/files.sunoresearch.com.br\/n\/uploads\/2021\/04\/b0ce30fc-49614546592_a4fbe678c2_o.jpg","type":"image\/jpeg"}],"author":"Jader Lazarini","twitter_card":"summary_large_image","twitter_creator":"@sunoresearch","twitter_site":"@sunoresearch","twitter_misc":{"Escrito por":"Jader Lazarini","Est. tempo de leitura":"3 minutos"},"schema":{"@context":"https:\/\/schema.org","@graph":[{"@type":"NewsArticle","@id":"https:\/\/www.suno.com.br\/noticias\/meta-inflacao-eua-fed-jerome-powell\/#article","isPartOf":{"@id":"https:\/\/www.suno.com.br\/noticias\/meta-inflacao-eua-fed-jerome-powell\/"},"author":{"name":"Jader Lazarini","@id":"https:\/\/www.suno.com.br\/noticias\/#\/schema\/person\/918d79de1f0281f01599b93f9ea6e23f"},"headline":"Infla\u00e7\u00e3o est\u00e1 &#8216;bem acima&#8217; da meta e representa desafios, diz Powell","datePublished":"2021-07-15T15:17:59+00:00","dateModified":"2021-07-15T15:18:11+00:00","mainEntityOfPage":{"@id":"https:\/\/www.suno.com.br\/noticias\/meta-inflacao-eua-fed-jerome-powell\/"},"wordCount":554,"publisher":{"@id":"https:\/\/www.suno.com.br\/noticias\/#organization"},"image":{"@id":"https:\/\/www.suno.com.br\/noticias\/meta-inflacao-eua-fed-jerome-powell\/#primaryimage"},"thumbnailUrl":"https:\/\/files.sunoresearch.com.br\/n\/uploads\/2021\/04\/b0ce30fc-49614546592_a4fbe678c2_o-jpg.webp","keywords":["Estados Unidos (EUA)","Federal Reserve (FED)","infla\u00e7\u00e3o","pol\u00edtica monet\u00e1ria"],"articleSection":["Internacional"],"inLanguage":"pt-BR"},{"@type":"WebPage","@id":"https:\/\/www.suno.com.br\/noticias\/meta-inflacao-eua-fed-jerome-powell\/","url":"https:\/\/www.suno.com.br\/noticias\/meta-inflacao-eua-fed-jerome-powell\/","name":"Infla\u00e7\u00e3o est\u00e1 'bem acima' da meta e representa desafios, diz Powell","isPartOf":{"@id":"https:\/\/www.suno.com.br\/noticias\/#website"},"primaryImageOfPage":{"@id":"https:\/\/www.suno.com.br\/noticias\/meta-inflacao-eua-fed-jerome-powell\/#primaryimage"},"image":{"@id":"https:\/\/www.suno.com.br\/noticias\/meta-inflacao-eua-fed-jerome-powell\/#primaryimage"},"thumbnailUrl":"https:\/\/files.sunoresearch.com.br\/n\/uploads\/2021\/04\/b0ce30fc-49614546592_a4fbe678c2_o-jpg.webp","datePublished":"2021-07-15T15:17:59+00:00","dateModified":"2021-07-15T15:18:11+00:00","description":"O presidente do Federal Reserve (Fed), Jerome Powell, reconheceu que a infla\u00e7\u00e3o est\u00e1 \"bem acima\" do que a institui\u00e7\u00e3o esperava. Saiba mais.","breadcrumb":{"@id":"https:\/\/www.suno.com.br\/noticias\/meta-inflacao-eua-fed-jerome-powell\/#breadcrumb"},"inLanguage":"pt-BR","potentialAction":[{"@type":"ReadAction","target":["https:\/\/www.suno.com.br\/noticias\/meta-inflacao-eua-fed-jerome-powell\/"]}]},{"@type":"ImageObject","inLanguage":"pt-BR","@id":"https:\/\/www.suno.com.br\/noticias\/meta-inflacao-eua-fed-jerome-powell\/#primaryimage","url":"https:\/\/files.sunoresearch.com.br\/n\/uploads\/2021\/04\/b0ce30fc-49614546592_a4fbe678c2_o-jpg.webp","contentUrl":"https:\/\/files.sunoresearch.com.br\/n\/uploads\/2021\/04\/b0ce30fc-49614546592_a4fbe678c2_o-jpg.webp","width":1200,"height":800,"caption":"Powell. Foto: Reprodu\u00e7\u00e3o\/Federal Reserve"},{"@type":"BreadcrumbList","@id":"https:\/\/www.suno.com.br\/noticias\/meta-inflacao-eua-fed-jerome-powell\/#breadcrumb","itemListElement":[{"@type":"ListItem","position":1,"name":"Not\u00edcias","item":"https:\/\/www.suno.com.br\/noticias\/"},{"@type":"ListItem","position":2,"name":"Internacional","item":"https:\/\/www.suno.com.br\/noticias\/internacional\/"},{"@type":"ListItem","position":3,"name":"Infla\u00e7\u00e3o est\u00e1 &#8216;bem acima&#8217; da meta e representa desafios, diz Powell"}]},{"@type":"WebSite","@id":"https:\/\/www.suno.com.br\/noticias\/#website","url":"https:\/\/www.suno.com.br\/noticias\/","name":"Suno Not\u00edcias","description":"Seu portal de informa\u00e7\u00e3o sobre o mundo dos investimentos","publisher":{"@id":"https:\/\/www.suno.com.br\/noticias\/#organization"},"potentialAction":[{"@type":"SearchAction","target":{"@type":"EntryPoint","urlTemplate":"https:\/\/www.suno.com.br\/noticias\/?s={search_term_string}"},"query-input":{"@type":"PropertyValueSpecification","valueRequired":true,"valueName":"search_term_string"}}],"inLanguage":"pt-BR"},{"@type":"Organization","@id":"https:\/\/www.suno.com.br\/noticias\/#organization","name":"Suno Not\u00edcias","url":"https:\/\/www.suno.com.br\/noticias\/","logo":{"@type":"ImageObject","inLanguage":"pt-BR","@id":"https:\/\/www.suno.com.br\/noticias\/#\/schema\/logo\/image\/","url":"https:\/\/files.sunoresearch.com.br\/n\/uploads\/2021\/09\/suno-logo.png","contentUrl":"https:\/\/files.sunoresearch.com.br\/n\/uploads\/2021\/09\/suno-logo.png","width":180,"height":180,"caption":"Suno Not\u00edcias"},"image":{"@id":"https:\/\/www.suno.com.br\/noticias\/#\/schema\/logo\/image\/"},"sameAs":["https:\/\/facebook.com\/sunoresearch","https:\/\/x.com\/sunoresearch","https:\/\/www.instagram.com\/suno","https:\/\/www.linkedin.com\/company\/suno-research\/","https:\/\/www.youtube.com\/c\/sunoresearch"]},{"@type":"Person","@id":"https:\/\/www.suno.com.br\/noticias\/#\/schema\/person\/918d79de1f0281f01599b93f9ea6e23f","name":"Jader Lazarini","image":{"@type":"ImageObject","inLanguage":"pt-BR","@id":"https:\/\/www.suno.com.br\/noticias\/#\/schema\/person\/image\/","url":"https:\/\/secure.gravatar.com\/avatar\/3c1ad8caa51589841baeb923fcddea97?s=96&r=g","contentUrl":"https:\/\/secure.gravatar.com\/avatar\/3c1ad8caa51589841baeb923fcddea97?s=96&r=g","caption":"Jader Lazarini"},"description":"Jader Lazarini escreve sobre investimentos, finan\u00e7as, economia e neg\u00f3cios. \u00c9 bacharel em Rela\u00e7\u00f5es Internacionais e analista CNPI (2619).","url":"https:\/\/www.suno.com.br\/noticias\/author\/jader-lazarini\/"}]}},"default_loop_html":"<div class=\"cardsPage__listCard__boxs\"><div class=\"cardsPage__listCard__boxs__img\"><a href=\"https:\/\/www.suno.com.br\/noticias\/meta-inflacao-eua-fed-jerome-powell\/\"><img class=\"mask\" src=\"https:\/\/www.suno.com.br\/noticias\/wp-content\/themes\/suno\/resources\/images\/spotlight\/spotlight1img\/bg-mask.png\" alt=\"Image Mask\"\/><img src=\"https:\/\/files.sunoresearch.com.br\/n\/uploads\/2021\/04\/b0ce30fc-49614546592_a4fbe678c2_o-400x200.webp\" alt=\"Infla\u00e7\u00e3o est\u00e1 &#8216;bem acima&#8217; da meta e representa desafios, diz Powell\"\/><\/a><span class=\"spotlightCategory\"><a href=\"https:\/\/www.suno.com.br\/noticias\/internacional\/\">Internacional<\/a><\/span><\/div><div class=\"cardsPage__listCard__boxs__content\"><a href=\"https:\/\/www.suno.com.br\/noticias\/meta-inflacao-eua-fed-jerome-powell\/\"><h2 class=\"content__title\">Infla\u00e7\u00e3o est\u00e1 &#8216;bem acima&#8217; da meta e representa desafios, diz Powell<\/h2><\/a><div class=\"newsContent__article__meta\"><div class=\"newsContent__article__meta__authorBox\"><a href=\"https:\/\/www.suno.com.br\/noticias\/author\/jader-lazarini\/\" class=\"authorBox__avatar noMobi\"><img src=\"https:\/\/files.sunoresearch.com.br\/n\/uploads\/2021\/01\/178e6598-foto-perfil-2-150x150.jpg\" alt=\"Jader Lazarini\"><\/a><div class=\"authorBox__name\"><span>por\n\t\t\t<a href=\"https:\/\/www.suno.com.br\/noticias\/author\/jader-lazarini\/\"><span itemprop=\"author\">Jader Lazarini<\/span><\/a><\/span><time datetime=\"2021-07-15T12:17:59-03:00\" itemprop=\"datePublished\">15\/07\/2021 12:17<\/time><\/div><\/div><\/div><\/div><\/div>","single_layout":"posts","amp_enabled":true,"_links":{"self":[{"href":"https:\/\/www.suno.com.br\/noticias\/wp-json\/wp\/v2\/posts\/166251"}],"collection":[{"href":"https:\/\/www.suno.com.br\/noticias\/wp-json\/wp\/v2\/posts"}],"about":[{"href":"https:\/\/www.suno.com.br\/noticias\/wp-json\/wp\/v2\/types\/post"}],"author":[{"embeddable":true,"href":"https:\/\/www.suno.com.br\/noticias\/wp-json\/wp\/v2\/users\/24"}],"replies":[{"embeddable":true,"href":"https:\/\/www.suno.com.br\/noticias\/wp-json\/wp\/v2\/comments?post=166251"}],"version-history":[{"count":3,"href":"https:\/\/www.suno.com.br\/noticias\/wp-json\/wp\/v2\/posts\/166251\/revisions"}],"predecessor-version":[{"id":166270,"href":"https:\/\/www.suno.com.br\/noticias\/wp-json\/wp\/v2\/posts\/166251\/revisions\/166270"}],"wp:featuredmedia":[{"embeddable":true,"href":"https:\/\/www.suno.com.br\/noticias\/wp-json\/wp\/v2\/media\/138786"}],"wp:attachment":[{"href":"https:\/\/www.suno.com.br\/noticias\/wp-json\/wp\/v2\/media?parent=166251"}],"wp:term":[{"taxonomy":"category","embeddable":true,"href":"https:\/\/www.suno.com.br\/noticias\/wp-json\/wp\/v2\/categories?post=166251"},{"taxonomy":"post_tag","embeddable":true,"href":"https:\/\/www.suno.com.br\/noticias\/wp-json\/wp\/v2\/tags?post=166251"},{"taxonomy":"suno_strategy","embeddable":true,"href":"https:\/\/www.suno.com.br\/noticias\/wp-json\/wp\/v2\/suno_strategy?post=166251"}],"curies":[{"name":"wp","href":"https:\/\/api.w.org\/{rel}","templated":true}]}}