{"id":16614,"date":"2019-02-26T11:19:40","date_gmt":"2019-02-26T14:19:40","guid":{"rendered":"https:\/\/www.suno.com.br\/noticias\/?p=16614"},"modified":"2019-02-26T17:10:29","modified_gmt":"2019-02-26T20:10:29","slug":"embraer-boeing-acionistas-aprovam","status":"publish","type":"post","link":"https:\/\/www.suno.com.br\/noticias\/embraer-boeing-acionistas-aprovam\/","title":{"rendered":"Assembleia de acionistas da Embraer aprova acordo com a Boeing"},"content":{"rendered":"<p>A\u00a0<strong>Assembleia Geral dos Acionistas<\/strong> da <strong>Embraer<\/strong> (EMBR3) aprovou o acordo da venda da divis\u00e3o comercial da empresa, para a norte-americana <strong>Boeing<\/strong> (BOEI34) nesta ter\u00e7a-feira (26).<\/p>\t<div class=\"wrapper-featured-image\">\n\t\t<figure class=\"spotlightImg\">\n\n\t\t\t<picture>\n\t\t\t\t<source media=\"(max-width: 768px)\" srcset=\"https:\/\/files.sunoresearch.com.br\/n\/uploads\/2018\/12\/e6d85e24-embraer-400x200.webp\">\n\t\t\t\t<img loading=\"lazy\" decoding=\"async\" class=\"newsContent__article__imgCapa lazyloadDisabled newsContent__article__imgCapa--noCaption\" src=\"https:\/\/files.sunoresearch.com.br\/n\/uploads\/2018\/12\/e6d85e24-embraer-800x450.webp\" width=\"800\" height=\"450\" alt=\"Assembleia de acionistas da Embraer aprova acordo com a Boeing\" fetchpriority=high \/>\n\t\t\t<\/picture>\n\n\t\t\t<figcaption class=\"wp-caption-text wp-caption-text--hide\">Acionistas da Embraer aprovam acordo com a Boeing. (divulga\u00e7\u00e3o)<\/figcaption>\n\t\t<\/figure>\n\t<\/div>\n\n\n<p>A negocia\u00e7\u00e3o entre a <strong>Embraer<\/strong> e a <strong>Boeing<\/strong> necessitava do <strong>aval<\/strong> dos investidores para prosseguir. O pr\u00f3ximo passo da <strong>opera\u00e7\u00e3o<\/strong> \u00e9 a autoriza\u00e7\u00e3o para o acordo pelas <strong>autoridades regulat\u00f3rias<\/strong>.<\/p>\n<p style=\"text-align: center;\"><iframe loading=\"lazy\" src=\"https:\/\/www.youtube.com\/embed\/tpG5xCcSG3E\" width=\"560\" height=\"315\" frameborder=\"0\" allowfullscreen=\"allowfullscreen\"><\/iframe><\/p>\n<p>Conforme a <strong>Embraer<\/strong>, 96,8% dos votos v\u00e1lidos foram favor\u00e1veis \u00e0 transa\u00e7\u00e3o. Com a participa\u00e7\u00e3o de aproximadamente 67% de todas as a\u00e7\u00f5es em circula\u00e7\u00e3o.<\/p>\n<p>\u00c0s 10h44, as <strong>a\u00e7\u00f5es<\/strong> da <strong>Embraer<\/strong> tinham valoriza\u00e7\u00e3o de 4,33% na <a href=\"https:\/\/www.suno.com.br\/artigos\/b3\/\">B3<\/a> (<a href=\"https:\/\/www.suno.com.br\/artigos\/bmf\/\">BM&amp;F<\/a> <a href=\"https:\/\/www.suno.com.br\/artigos\/bovespa-precedente-b3\/\">Bovespa<\/a>).<\/p>\n<p><a href=\"https:\/\/www.suno.com.br\/noticias\/acionistas-minoria-embraer-tentam-investida-contra-boeing\/\">Saiba mais &#8211;\u00a0Acionistas de minoria da Embraer tentam investida contra a Boeing<\/a><\/p>\n<h2>Joint-venture<\/h2>\n<p>O <strong>acordo<\/strong> aprovado pelos acionistas estabelece os<strong> termos da cria\u00e7\u00e3o<\/strong> de uma <strong><a href=\"https:\/\/www.suno.com.br\/artigos\/joint-venture\/\">joint-venture<\/a><\/strong> (empresa conjunta) composta pelas opera\u00e7\u00f5es de aeronaves comerciais e servi\u00e7os da <strong>Embraer<\/strong>.<\/p>\n<p>A <strong>Boeing<\/strong> ter\u00e1 participa\u00e7\u00e3o de 80% na nova empresa ao fazer um pagamento de US$ 4,2 bilh\u00f5es. A <strong>Embraer<\/strong> ficar\u00e1 com os 20% restantes.\u00a0No total, a empresa \u00e9 avaliada em\u00a0US$ 5,26 bilh\u00f5es.<\/p>\n<p>A nova sociedade tem o nome provis\u00f3rio de <strong>JV Avia\u00e7\u00e3o Comercial<\/strong> ou Nova Sociedade.<\/p>\n<p>A cria\u00e7\u00e3o de uma<strong> joint-venture<\/strong> para estimular novos mercados para o avi\u00e3o multimiss\u00e3o KC-390 tamb\u00e9m foi aprovada pela assembleia dos acionistas. A <strong>Embraer<\/strong> deter\u00e1 51% das a\u00e7\u00f5es de tal empresa, enquanto a <strong>Boeing<\/strong> obter\u00e1 os 49% restantes.<\/p>\n<h2>Justi\u00e7a revoga liminar<\/h2>\n<p>A <strong>Justi\u00e7a Federal<\/strong> de S\u00e3o Paulo revogou nesta ter\u00e7a-feira (26) a liminar que suspendia a assembleia-geral extraordin\u00e1ria da <strong>Embraer<\/strong>.<\/p>\n<p>O impasse impedia a realiza\u00e7\u00e3o dos passos finais da<strong> opera\u00e7\u00e3o de venda<\/strong> da divis\u00e3o de <strong>avia\u00e7\u00e3o comercial<\/strong> da produtora brasileira \u00e0 <strong>Boeing<\/strong>.<\/p>\n<p>A <strong>suspens\u00e3o<\/strong> decorreu de uma <strong>a\u00e7\u00e3o civil<\/strong> p\u00fablica movida pelos sindicatos:<\/p>\n<ul>\n<li>dos Metal\u00fargicos de S\u00e3o Jos\u00e9 dos Campos e Regi\u00e3o;<\/li>\n<li>dos trabalhadores nas Ind\u00fastrias Metal\u00fargicas Mec\u00e2nicas e de Materiais El\u00e9tricos de Araraquara e Am\u00e9rico Brasiliense.<\/li>\n<li>de Metal\u00fargicos de Botucatu e Regi\u00e3o;<\/li>\n<li>e pela Confedera\u00e7\u00e3o Nacional dos Trabalhadores Metal\u00fargicos (CNTM).<\/li>\n<\/ul>\n<p><a href=\"https:\/\/www.suno.com.br\/noticias\/justica-revoga-liminar-mantem-assembleia-acionistas-embraer\/\">Saiba mais &#8211; Justi\u00e7a revoga liminar e mant\u00e9m assembleia-geral da Embraer<\/a><\/p>\n<h2>Resist\u00eancia de sindicatos e acionistas<\/h2>\n<p>Al\u00e9m dos sindicatos, tamb\u00e9m uma parte minorit\u00e1ria dos acionistas da <strong>Embraer<\/strong> se op\u00f5e a venda. Mesmo com a oferta de US$ 1,6 bilh\u00e3o em dividendos apresentada pela <strong>Boeing.<\/strong><\/p>\n<p>Entre os opositores est\u00e1 a <strong>Associa\u00e7\u00e3o Brasileira de Investidores (ABRADIN),<\/strong> liderada pelo economista Aur\u00e9lio Valporto. A associa\u00e7\u00e3o critica v\u00e1rios aspectos da opera\u00e7\u00e3o, e chegou a iniciar uma a\u00e7\u00e3o civil p\u00fablica na semana passada, cassada pela <strong>Justi\u00e7a.<\/strong><\/p>\n<p>Al\u00e9m disso, fontes pr\u00f3ximas ao Pal\u00e1cio do Planalto informaram na semana passada que o <strong>governo<\/strong> estaria avaliando a possibilidade de rever a fus\u00e3o.<\/p>\n<p>O <strong>Executivo<\/strong> det\u00eam a <strong>golden-share<\/strong> sobre as a\u00e7\u00f5es da Embraer, com poder de veto sobe decis\u00f5es estrat\u00e9gicas, como a venda. Na \u00faltima ter\u00e7a-feira o\u00a0vice-presidente Hamilton Mour\u00e3o se reuniu com a <strong>ABRADIN,<\/strong> analisando partes do acordo relativas a quest\u00f5es militares. Entre elas, o destino do avi\u00e3o cargueiro <strong>KC 390<\/strong> e da nova <strong><a href=\"https:\/\/www.suno.com.br\/artigos\/joint-venture\/\">joint-venture<\/a><\/strong> na \u00e1rea militar &#8211; a <strong>EB Defense<\/strong> &#8211; que a <strong>Embraer<\/strong> e a <strong>Boeing<\/strong> criar\u00e3o para comercializar o avi\u00e3o.<\/p>\n","protected":false},"excerpt":{"rendered":"<p>A\u00a0Assembleia Geral dos Acionistas da Embraer (EMBR3) aprovou o acordo da venda da divis\u00e3o comercial da empresa, para a norte-americana Boeing (BOEI34) nesta ter\u00e7a-feira (26). Acionistas da Embraer aprovam acordo com a Boeing. (divulga\u00e7\u00e3o) A negocia\u00e7\u00e3o entre a Embraer e a Boeing necessitava do aval dos investidores para prosseguir. O pr\u00f3ximo passo da opera\u00e7\u00e3o \u00e9 [&hellip;]<\/p>\n","protected":false},"author":12,"featured_media":8292,"comment_status":"closed","ping_status":"closed","sticky":false,"template":"","format":"standard","meta":[],"categories":[64],"tags":[828,460],"suno_strategy":[],"class_list":["post-16614","post","type-post","status-publish","format-standard","has-post-thumbnail","hentry","category-negocios","tag-boeing-boei34","tag-embraer-embr3"],"yoast_head":"<!-- This site is optimized with the Yoast SEO plugin v24.4 - https:\/\/yoast.com\/wordpress\/plugins\/seo\/ -->\n<title>Assembleia de acionistas da Embraer aprovam acordo com a Boeing<\/title>\n<meta name=\"description\" content=\"A\u00a0Assembleia Geral dos Acionistas da Embraer aprovou o acordo da venda da divis\u00e3o comercial \u00e0 Boeing. Clique para saber mais.\" \/>\n<meta name=\"robots\" content=\"index, follow, max-snippet:-1, max-image-preview:large, max-video-preview:-1\" \/>\n<link rel=\"canonical\" href=\"https:\/\/www.suno.com.br\/noticias\/embraer-boeing-acionistas-aprovam\/\" \/>\n<meta property=\"og:locale\" content=\"pt_BR\" \/>\n<meta property=\"og:type\" content=\"article\" \/>\n<meta property=\"og:title\" content=\"Assembleia de acionistas da Embraer aprovam acordo com a Boeing\" \/>\n<meta property=\"og:description\" content=\"A\u00a0Assembleia Geral dos Acionistas da Embraer aprovou o acordo da venda da divis\u00e3o comercial \u00e0 Boeing. Clique para saber mais.\" \/>\n<meta property=\"og:url\" content=\"https:\/\/www.suno.com.br\/noticias\/embraer-boeing-acionistas-aprovam\/\" \/>\n<meta property=\"og:site_name\" content=\"Suno Not\u00edcias\" \/>\n<meta property=\"article:publisher\" content=\"https:\/\/facebook.com\/sunoresearch\" \/>\n<meta property=\"og:image\" content=\"https:\/\/files.sunoresearch.com.br\/n\/uploads\/2018\/12\/e6d85e24-embraer.jpeg\" \/>\n\t<meta property=\"og:image:width\" content=\"1024\" \/>\n\t<meta property=\"og:image:height\" content=\"678\" \/>\n\t<meta property=\"og:image:type\" content=\"image\/jpeg\" \/>\n<meta name=\"author\" content=\"Amanda Gushiken\" \/>\n<meta name=\"twitter:card\" content=\"summary_large_image\" \/>\n<meta name=\"twitter:creator\" content=\"@sunoresearch\" \/>\n<meta name=\"twitter:site\" content=\"@sunoresearch\" \/>\n<meta name=\"twitter:label1\" content=\"Escrito por\" \/>\n\t<meta name=\"twitter:data1\" content=\"Amanda Gushiken\" \/>\n\t<meta name=\"twitter:label2\" content=\"Est. tempo de leitura\" \/>\n\t<meta name=\"twitter:data2\" content=\"3 minutos\" \/>\n<script type=\"application\/ld+json\" class=\"yoast-schema-graph\">{\"@context\":\"https:\/\/schema.org\",\"@graph\":[{\"@type\":\"NewsArticle\",\"@id\":\"https:\/\/www.suno.com.br\/noticias\/embraer-boeing-acionistas-aprovam\/#article\",\"isPartOf\":{\"@id\":\"https:\/\/www.suno.com.br\/noticias\/embraer-boeing-acionistas-aprovam\/\"},\"author\":{\"name\":\"Amanda Gushiken\",\"@id\":\"https:\/\/www.suno.com.br\/noticias\/#\/schema\/person\/a5b06fa4e879d8e8e119c6ed3cd630d1\"},\"headline\":\"Assembleia de acionistas da Embraer aprova acordo com a Boeing\",\"datePublished\":\"2019-02-26T14:19:40+00:00\",\"dateModified\":\"2019-02-26T20:10:29+00:00\",\"mainEntityOfPage\":{\"@id\":\"https:\/\/www.suno.com.br\/noticias\/embraer-boeing-acionistas-aprovam\/\"},\"wordCount\":561,\"publisher\":{\"@id\":\"https:\/\/www.suno.com.br\/noticias\/#organization\"},\"image\":{\"@id\":\"https:\/\/www.suno.com.br\/noticias\/embraer-boeing-acionistas-aprovam\/#primaryimage\"},\"thumbnailUrl\":\"https:\/\/files.sunoresearch.com.br\/n\/uploads\/2018\/12\/e6d85e24-embraer-jpeg.webp\",\"keywords\":[\"Boeing (BOEI34)\",\"Embraer (EMBR3)\"],\"articleSection\":[\"Neg\u00f3cios\"],\"inLanguage\":\"pt-BR\"},{\"@type\":\"WebPage\",\"@id\":\"https:\/\/www.suno.com.br\/noticias\/embraer-boeing-acionistas-aprovam\/\",\"url\":\"https:\/\/www.suno.com.br\/noticias\/embraer-boeing-acionistas-aprovam\/\",\"name\":\"Assembleia de acionistas da Embraer aprovam acordo com a Boeing\",\"isPartOf\":{\"@id\":\"https:\/\/www.suno.com.br\/noticias\/#website\"},\"primaryImageOfPage\":{\"@id\":\"https:\/\/www.suno.com.br\/noticias\/embraer-boeing-acionistas-aprovam\/#primaryimage\"},\"image\":{\"@id\":\"https:\/\/www.suno.com.br\/noticias\/embraer-boeing-acionistas-aprovam\/#primaryimage\"},\"thumbnailUrl\":\"https:\/\/files.sunoresearch.com.br\/n\/uploads\/2018\/12\/e6d85e24-embraer-jpeg.webp\",\"datePublished\":\"2019-02-26T14:19:40+00:00\",\"dateModified\":\"2019-02-26T20:10:29+00:00\",\"description\":\"A\u00a0Assembleia Geral dos Acionistas da Embraer aprovou o acordo da venda da divis\u00e3o comercial \u00e0 Boeing. Clique para saber mais.\",\"breadcrumb\":{\"@id\":\"https:\/\/www.suno.com.br\/noticias\/embraer-boeing-acionistas-aprovam\/#breadcrumb\"},\"inLanguage\":\"pt-BR\",\"potentialAction\":[{\"@type\":\"ReadAction\",\"target\":[\"https:\/\/www.suno.com.br\/noticias\/embraer-boeing-acionistas-aprovam\/\"]}]},{\"@type\":\"ImageObject\",\"inLanguage\":\"pt-BR\",\"@id\":\"https:\/\/www.suno.com.br\/noticias\/embraer-boeing-acionistas-aprovam\/#primaryimage\",\"url\":\"https:\/\/files.sunoresearch.com.br\/n\/uploads\/2018\/12\/e6d85e24-embraer-jpeg.webp\",\"contentUrl\":\"https:\/\/files.sunoresearch.com.br\/n\/uploads\/2018\/12\/e6d85e24-embraer-jpeg.webp\",\"width\":1024,\"height\":678,\"caption\":\"Acionistas da Embraer aprovam acordo com a Boeing. (divulga\u00e7\u00e3o)\"},{\"@type\":\"BreadcrumbList\",\"@id\":\"https:\/\/www.suno.com.br\/noticias\/embraer-boeing-acionistas-aprovam\/#breadcrumb\",\"itemListElement\":[{\"@type\":\"ListItem\",\"position\":1,\"name\":\"Not\u00edcias\",\"item\":\"https:\/\/www.suno.com.br\/noticias\/\"},{\"@type\":\"ListItem\",\"position\":2,\"name\":\"Neg\u00f3cios\",\"item\":\"https:\/\/www.suno.com.br\/noticias\/negocios\/\"},{\"@type\":\"ListItem\",\"position\":3,\"name\":\"Assembleia de acionistas da Embraer aprova acordo com a Boeing\"}]},{\"@type\":\"WebSite\",\"@id\":\"https:\/\/www.suno.com.br\/noticias\/#website\",\"url\":\"https:\/\/www.suno.com.br\/noticias\/\",\"name\":\"Suno Not\u00edcias\",\"description\":\"Seu portal de informa\u00e7\u00e3o sobre o mundo dos investimentos\",\"publisher\":{\"@id\":\"https:\/\/www.suno.com.br\/noticias\/#organization\"},\"potentialAction\":[{\"@type\":\"SearchAction\",\"target\":{\"@type\":\"EntryPoint\",\"urlTemplate\":\"https:\/\/www.suno.com.br\/noticias\/?s={search_term_string}\"},\"query-input\":{\"@type\":\"PropertyValueSpecification\",\"valueRequired\":true,\"valueName\":\"search_term_string\"}}],\"inLanguage\":\"pt-BR\"},{\"@type\":\"Organization\",\"@id\":\"https:\/\/www.suno.com.br\/noticias\/#organization\",\"name\":\"Suno Not\u00edcias\",\"url\":\"https:\/\/www.suno.com.br\/noticias\/\",\"logo\":{\"@type\":\"ImageObject\",\"inLanguage\":\"pt-BR\",\"@id\":\"https:\/\/www.suno.com.br\/noticias\/#\/schema\/logo\/image\/\",\"url\":\"https:\/\/files.sunoresearch.com.br\/n\/uploads\/2021\/09\/suno-logo.png\",\"contentUrl\":\"https:\/\/files.sunoresearch.com.br\/n\/uploads\/2021\/09\/suno-logo.png\",\"width\":180,\"height\":180,\"caption\":\"Suno Not\u00edcias\"},\"image\":{\"@id\":\"https:\/\/www.suno.com.br\/noticias\/#\/schema\/logo\/image\/\"},\"sameAs\":[\"https:\/\/facebook.com\/sunoresearch\",\"https:\/\/x.com\/sunoresearch\",\"https:\/\/www.instagram.com\/suno\",\"https:\/\/www.linkedin.com\/company\/suno-research\/\",\"https:\/\/www.youtube.com\/c\/sunoresearch\"]},{\"@type\":\"Person\",\"@id\":\"https:\/\/www.suno.com.br\/noticias\/#\/schema\/person\/a5b06fa4e879d8e8e119c6ed3cd630d1\",\"name\":\"Amanda Gushiken\",\"image\":{\"@type\":\"ImageObject\",\"inLanguage\":\"pt-BR\",\"@id\":\"https:\/\/www.suno.com.br\/noticias\/#\/schema\/person\/image\/\",\"url\":\"https:\/\/secure.gravatar.com\/avatar\/ecd84705e6b65e3685ae80d725501fbe?s=96&r=g\",\"contentUrl\":\"https:\/\/secure.gravatar.com\/avatar\/ecd84705e6b65e3685ae80d725501fbe?s=96&r=g\",\"caption\":\"Amanda Gushiken\"},\"description\":\"Amanda Sayuri Gushiken escreve sobre finan\u00e7as e neg\u00f3cios para o portal Suno Not\u00edcias. Antes, trabalhou selecionando not\u00edcias da imprensa para clientes do mercado financeiro. Tamb\u00e9m desenvolveu pesquisa acad\u00eamica pela Universidade Anhembi Morumbi na \u00e1rea de Teorias da Comunica\u00e7\u00e3o e \u00e9 fot\u00f3grafa nas horas vagas.\",\"url\":\"https:\/\/www.suno.com.br\/noticias\/author\/amanda\/\"}]}<\/script>\n<!-- \/ Yoast SEO plugin. -->","yoast_head_json":{"title":"Assembleia de acionistas da Embraer aprovam acordo com a Boeing","description":"A\u00a0Assembleia Geral dos Acionistas da Embraer aprovou o acordo da venda da divis\u00e3o comercial \u00e0 Boeing. Clique para saber mais.","robots":{"index":"index","follow":"follow","max-snippet":"max-snippet:-1","max-image-preview":"max-image-preview:large","max-video-preview":"max-video-preview:-1"},"canonical":"https:\/\/www.suno.com.br\/noticias\/embraer-boeing-acionistas-aprovam\/","og_locale":"pt_BR","og_type":"article","og_title":"Assembleia de acionistas da Embraer aprovam acordo com a Boeing","og_description":"A\u00a0Assembleia Geral dos Acionistas da Embraer aprovou o acordo da venda da divis\u00e3o comercial \u00e0 Boeing. Clique para saber mais.","og_url":"https:\/\/www.suno.com.br\/noticias\/embraer-boeing-acionistas-aprovam\/","og_site_name":"Suno Not\u00edcias","article_publisher":"https:\/\/facebook.com\/sunoresearch","og_image":[{"width":1024,"height":678,"url":"https:\/\/files.sunoresearch.com.br\/n\/uploads\/2018\/12\/e6d85e24-embraer.jpeg","type":"image\/jpeg"}],"author":"Amanda Gushiken","twitter_card":"summary_large_image","twitter_creator":"@sunoresearch","twitter_site":"@sunoresearch","twitter_misc":{"Escrito por":"Amanda Gushiken","Est. tempo de leitura":"3 minutos"},"schema":{"@context":"https:\/\/schema.org","@graph":[{"@type":"NewsArticle","@id":"https:\/\/www.suno.com.br\/noticias\/embraer-boeing-acionistas-aprovam\/#article","isPartOf":{"@id":"https:\/\/www.suno.com.br\/noticias\/embraer-boeing-acionistas-aprovam\/"},"author":{"name":"Amanda Gushiken","@id":"https:\/\/www.suno.com.br\/noticias\/#\/schema\/person\/a5b06fa4e879d8e8e119c6ed3cd630d1"},"headline":"Assembleia de acionistas da Embraer aprova acordo com a Boeing","datePublished":"2019-02-26T14:19:40+00:00","dateModified":"2019-02-26T20:10:29+00:00","mainEntityOfPage":{"@id":"https:\/\/www.suno.com.br\/noticias\/embraer-boeing-acionistas-aprovam\/"},"wordCount":561,"publisher":{"@id":"https:\/\/www.suno.com.br\/noticias\/#organization"},"image":{"@id":"https:\/\/www.suno.com.br\/noticias\/embraer-boeing-acionistas-aprovam\/#primaryimage"},"thumbnailUrl":"https:\/\/files.sunoresearch.com.br\/n\/uploads\/2018\/12\/e6d85e24-embraer-jpeg.webp","keywords":["Boeing (BOEI34)","Embraer (EMBR3)"],"articleSection":["Neg\u00f3cios"],"inLanguage":"pt-BR"},{"@type":"WebPage","@id":"https:\/\/www.suno.com.br\/noticias\/embraer-boeing-acionistas-aprovam\/","url":"https:\/\/www.suno.com.br\/noticias\/embraer-boeing-acionistas-aprovam\/","name":"Assembleia de acionistas da Embraer aprovam acordo com a Boeing","isPartOf":{"@id":"https:\/\/www.suno.com.br\/noticias\/#website"},"primaryImageOfPage":{"@id":"https:\/\/www.suno.com.br\/noticias\/embraer-boeing-acionistas-aprovam\/#primaryimage"},"image":{"@id":"https:\/\/www.suno.com.br\/noticias\/embraer-boeing-acionistas-aprovam\/#primaryimage"},"thumbnailUrl":"https:\/\/files.sunoresearch.com.br\/n\/uploads\/2018\/12\/e6d85e24-embraer-jpeg.webp","datePublished":"2019-02-26T14:19:40+00:00","dateModified":"2019-02-26T20:10:29+00:00","description":"A\u00a0Assembleia Geral dos Acionistas da Embraer aprovou o acordo da venda da divis\u00e3o comercial \u00e0 Boeing. Clique para saber mais.","breadcrumb":{"@id":"https:\/\/www.suno.com.br\/noticias\/embraer-boeing-acionistas-aprovam\/#breadcrumb"},"inLanguage":"pt-BR","potentialAction":[{"@type":"ReadAction","target":["https:\/\/www.suno.com.br\/noticias\/embraer-boeing-acionistas-aprovam\/"]}]},{"@type":"ImageObject","inLanguage":"pt-BR","@id":"https:\/\/www.suno.com.br\/noticias\/embraer-boeing-acionistas-aprovam\/#primaryimage","url":"https:\/\/files.sunoresearch.com.br\/n\/uploads\/2018\/12\/e6d85e24-embraer-jpeg.webp","contentUrl":"https:\/\/files.sunoresearch.com.br\/n\/uploads\/2018\/12\/e6d85e24-embraer-jpeg.webp","width":1024,"height":678,"caption":"Acionistas da Embraer aprovam acordo com a Boeing. (divulga\u00e7\u00e3o)"},{"@type":"BreadcrumbList","@id":"https:\/\/www.suno.com.br\/noticias\/embraer-boeing-acionistas-aprovam\/#breadcrumb","itemListElement":[{"@type":"ListItem","position":1,"name":"Not\u00edcias","item":"https:\/\/www.suno.com.br\/noticias\/"},{"@type":"ListItem","position":2,"name":"Neg\u00f3cios","item":"https:\/\/www.suno.com.br\/noticias\/negocios\/"},{"@type":"ListItem","position":3,"name":"Assembleia de acionistas da Embraer aprova acordo com a Boeing"}]},{"@type":"WebSite","@id":"https:\/\/www.suno.com.br\/noticias\/#website","url":"https:\/\/www.suno.com.br\/noticias\/","name":"Suno Not\u00edcias","description":"Seu portal de informa\u00e7\u00e3o sobre o mundo dos investimentos","publisher":{"@id":"https:\/\/www.suno.com.br\/noticias\/#organization"},"potentialAction":[{"@type":"SearchAction","target":{"@type":"EntryPoint","urlTemplate":"https:\/\/www.suno.com.br\/noticias\/?s={search_term_string}"},"query-input":{"@type":"PropertyValueSpecification","valueRequired":true,"valueName":"search_term_string"}}],"inLanguage":"pt-BR"},{"@type":"Organization","@id":"https:\/\/www.suno.com.br\/noticias\/#organization","name":"Suno Not\u00edcias","url":"https:\/\/www.suno.com.br\/noticias\/","logo":{"@type":"ImageObject","inLanguage":"pt-BR","@id":"https:\/\/www.suno.com.br\/noticias\/#\/schema\/logo\/image\/","url":"https:\/\/files.sunoresearch.com.br\/n\/uploads\/2021\/09\/suno-logo.png","contentUrl":"https:\/\/files.sunoresearch.com.br\/n\/uploads\/2021\/09\/suno-logo.png","width":180,"height":180,"caption":"Suno Not\u00edcias"},"image":{"@id":"https:\/\/www.suno.com.br\/noticias\/#\/schema\/logo\/image\/"},"sameAs":["https:\/\/facebook.com\/sunoresearch","https:\/\/x.com\/sunoresearch","https:\/\/www.instagram.com\/suno","https:\/\/www.linkedin.com\/company\/suno-research\/","https:\/\/www.youtube.com\/c\/sunoresearch"]},{"@type":"Person","@id":"https:\/\/www.suno.com.br\/noticias\/#\/schema\/person\/a5b06fa4e879d8e8e119c6ed3cd630d1","name":"Amanda Gushiken","image":{"@type":"ImageObject","inLanguage":"pt-BR","@id":"https:\/\/www.suno.com.br\/noticias\/#\/schema\/person\/image\/","url":"https:\/\/secure.gravatar.com\/avatar\/ecd84705e6b65e3685ae80d725501fbe?s=96&r=g","contentUrl":"https:\/\/secure.gravatar.com\/avatar\/ecd84705e6b65e3685ae80d725501fbe?s=96&r=g","caption":"Amanda Gushiken"},"description":"Amanda Sayuri Gushiken escreve sobre finan\u00e7as e neg\u00f3cios para o portal Suno Not\u00edcias. Antes, trabalhou selecionando not\u00edcias da imprensa para clientes do mercado financeiro. Tamb\u00e9m desenvolveu pesquisa acad\u00eamica pela Universidade Anhembi Morumbi na \u00e1rea de Teorias da Comunica\u00e7\u00e3o e \u00e9 fot\u00f3grafa nas horas vagas.","url":"https:\/\/www.suno.com.br\/noticias\/author\/amanda\/"}]}},"default_loop_html":"<div class=\"cardsPage__listCard__boxs\"><div class=\"cardsPage__listCard__boxs__img\"><a href=\"https:\/\/www.suno.com.br\/noticias\/embraer-boeing-acionistas-aprovam\/\"><img class=\"mask\" src=\"https:\/\/www.suno.com.br\/noticias\/wp-content\/themes\/suno\/resources\/images\/spotlight\/spotlight1img\/bg-mask.png\" alt=\"Image Mask\"\/><img src=\"https:\/\/files.sunoresearch.com.br\/n\/uploads\/2018\/12\/e6d85e24-embraer-400x200.webp\" alt=\"Assembleia de acionistas da Embraer aprova acordo com a Boeing\"\/><\/a><span class=\"spotlightCategory\"><a href=\"https:\/\/www.suno.com.br\/noticias\/negocios\/\">Neg\u00f3cios<\/a><\/span><\/div><div class=\"cardsPage__listCard__boxs__content\"><a href=\"https:\/\/www.suno.com.br\/noticias\/embraer-boeing-acionistas-aprovam\/\"><h2 class=\"content__title\">Assembleia de acionistas da Embraer aprova acordo com a Boeing<\/h2><\/a><div class=\"newsContent__article__meta\"><div class=\"newsContent__article__meta__authorBox\"><a href=\"https:\/\/www.suno.com.br\/noticias\/author\/amanda\/\" class=\"authorBox__avatar noMobi\"><img src=\"https:\/\/files.sunoresearch.com.br\/n\/uploads\/2018\/11\/c6ad30be-amanda-150x150.webp\" alt=\"Amanda Gushiken\"><\/a><div class=\"authorBox__name\"><span>por\n\t\t\t<a href=\"https:\/\/www.suno.com.br\/noticias\/author\/amanda\/\"><span itemprop=\"author\">Amanda Gushiken<\/span><\/a><\/span><time datetime=\"2019-02-26T11:19:40-03:00\" itemprop=\"datePublished\">26\/02\/2019 11:19<\/time><\/div><\/div><\/div><\/div><\/div>","single_layout":"posts","amp_enabled":true,"_links":{"self":[{"href":"https:\/\/www.suno.com.br\/noticias\/wp-json\/wp\/v2\/posts\/16614"}],"collection":[{"href":"https:\/\/www.suno.com.br\/noticias\/wp-json\/wp\/v2\/posts"}],"about":[{"href":"https:\/\/www.suno.com.br\/noticias\/wp-json\/wp\/v2\/types\/post"}],"author":[{"embeddable":true,"href":"https:\/\/www.suno.com.br\/noticias\/wp-json\/wp\/v2\/users\/12"}],"replies":[{"embeddable":true,"href":"https:\/\/www.suno.com.br\/noticias\/wp-json\/wp\/v2\/comments?post=16614"}],"version-history":[{"count":0,"href":"https:\/\/www.suno.com.br\/noticias\/wp-json\/wp\/v2\/posts\/16614\/revisions"}],"wp:featuredmedia":[{"embeddable":true,"href":"https:\/\/www.suno.com.br\/noticias\/wp-json\/wp\/v2\/media\/8292"}],"wp:attachment":[{"href":"https:\/\/www.suno.com.br\/noticias\/wp-json\/wp\/v2\/media?parent=16614"}],"wp:term":[{"taxonomy":"category","embeddable":true,"href":"https:\/\/www.suno.com.br\/noticias\/wp-json\/wp\/v2\/categories?post=16614"},{"taxonomy":"post_tag","embeddable":true,"href":"https:\/\/www.suno.com.br\/noticias\/wp-json\/wp\/v2\/tags?post=16614"},{"taxonomy":"suno_strategy","embeddable":true,"href":"https:\/\/www.suno.com.br\/noticias\/wp-json\/wp\/v2\/suno_strategy?post=16614"}],"curies":[{"name":"wp","href":"https:\/\/api.w.org\/{rel}","templated":true}]}}