{"id":16579,"date":"2019-02-26T09:09:55","date_gmt":"2019-02-26T12:09:55","guid":{"rendered":"https:\/\/www.suno.com.br\/noticias\/?p=16579"},"modified":"2019-04-09T17:08:14","modified_gmt":"2019-04-09T20:08:14","slug":"justica-revoga-liminar-mantem-assembleia-acionistas-embraer","status":"publish","type":"post","link":"https:\/\/www.suno.com.br\/noticias\/justica-revoga-liminar-mantem-assembleia-acionistas-embraer\/","title":{"rendered":"Justi\u00e7a revoga liminar e mant\u00e9m assembleia-geral da Embraer"},"content":{"rendered":"<p>A <strong>Justi\u00e7a Federal<\/strong> de S\u00e3o Paulo revogou nesta ter\u00e7a-feira (26) a liminar que suspendia a assembleia-geral extraordin\u00e1ria da Embraer (EMBR3). O impasse impedia a realiza\u00e7\u00e3o dos passos finais da opera\u00e7\u00e3o de venda da divis\u00e3o de avia\u00e7\u00e3o comercial da produtora brasileira \u00e0 <strong>Boeing<\/strong> (BOEI34).<\/p>\t<div class=\"wrapper-featured-image\">\n\t\t<figure class=\"spotlightImg\">\n\n\t\t\t<picture>\n\t\t\t\t<source media=\"(max-width: 768px)\" srcset=\"https:\/\/files.sunoresearch.com.br\/n\/uploads\/2018\/12\/9c147246-embraer-400x200.webp\">\n\t\t\t\t<img loading=\"lazy\" decoding=\"async\" class=\"newsContent__article__imgCapa lazyloadDisabled newsContent__article__imgCapa--noCaption\" src=\"https:\/\/files.sunoresearch.com.br\/n\/uploads\/2018\/12\/9c147246-embraer-800x450.webp\" width=\"800\" height=\"450\" alt=\"Justi\u00e7a revoga liminar e mant\u00e9m assembleia-geral da Embraer\" fetchpriority=high \/>\n\t\t\t<\/picture>\n\n\t\t\t<figcaption class=\"wp-caption-text wp-caption-text--hide\">Embraer Boeing<\/figcaption>\n\t\t<\/figure>\n\t<\/div>\n\n\n<p><a href=\"https:\/\/www.suno.com.br\/noticias\/embraer-boeing-justica-assembleia-acionistas\/\">Saiba mais: Embraer recorrer\u00e1 decis\u00e3o de suspender assembleia de acionistas\u00a0<\/a><\/p>\n<p>A assembleia-geral extraordin\u00e1ria da <strong>Embraer<\/strong> est\u00e1 agendada para acontecer nesta ter\u00e7a-feira. Ela tinha sido suspensa ap\u00f3s uma liminar concedida na \u00faltima sexta-feira (22) pelo juiz Victorio Giuzio Neto, da 24\u00aa Vara C\u00edvel Federal de S\u00e3o Paulo. A suspens\u00e3o decorreu de uma a\u00e7\u00e3o civil p\u00fablica movida pelos sindicatos:<\/p>\n<ul>\n<li>dos Metal\u00fargicos de S\u00e3o Jos\u00e9 dos Campos e Regi\u00e3o;<\/li>\n<li>dos trabalhadores nas Ind\u00fastrias Metal\u00fargicas Mec\u00e2nicas e de Materiais El\u00e9tricos de Araraquara e Am\u00e9rico Brasiliense.<\/li>\n<li>de Metal\u00fargicos de Botucatu e Regi\u00e3o;<\/li>\n<li>e pela Confedera\u00e7\u00e3o Nacional dos Trabalhadores Metal\u00fargicos (CNTM).<\/li>\n<\/ul>\n<p style=\"text-align: center;\"><iframe loading=\"lazy\" src=\"https:\/\/www.youtube.com\/embed\/tpG5xCcSG3E\" width=\"560\" height=\"315\" frameborder=\"0\" allowfullscreen=\"allowfullscreen\"><\/iframe><\/p>\n<p>Durante a assembl\u00e9ia, os acionistas da <strong>Embraer<\/strong> deliberar\u00e3o sobre a venda da divis\u00e3o de <strong>avia\u00e7\u00e3o comercial<\/strong> para a <strong>Boeing.<\/strong> Ap\u00f3s essa passagem, as duas empresas poder\u00e3o assinar o acordo final. Entretanto, as autoridades reguladoras brasileiras e internacionais &#8211; nos <strong>Estados Unidos, Europa, China <\/strong>e\u00a0<strong>\u00c1frica do Sul<\/strong> &#8211; dever\u00e3o aprovar a venda.<\/p>\n<p>Os sindicatos autores da <strong>a\u00e7\u00e3o<\/strong> argumentam que houve identifica\u00e7\u00e3o de &#8220;riscos ao pa\u00eds&#8221; e <strong>viola\u00e7\u00f5es legais<\/strong> recorrentes da realiza\u00e7\u00e3o da venda.\u00a0Na vis\u00e3o dos <strong>sindicatos<\/strong>, a <strong>transa\u00e7\u00e3o<\/strong> entre a fabricante de avi\u00f5es norte-americana e a brasileira mascara a <strong>aquisi\u00e7\u00e3o<\/strong> &#8220;pura e simples da empresa nacional, o chamado\u00a0<a href=\"https:\/\/www.suno.com.br\/artigos\/aquisicao-hostil\/\">takeover<\/a> (aquisi\u00e7\u00e3o hostil)&#8221;.<\/p>\n<h2>Recurso na Justi\u00e7a e na CVM<\/h2>\n<p>Al\u00e9m do recurso apresentado na Justi\u00e7a, acionistas da <strong>Embraer<\/strong> tinham recorrido \u00e0 <strong>CVM<\/strong> para suspender a assembleia. Entretanto, a <strong>Comiss\u00e3o de Valores Mobili\u00e1rios<\/strong> (CVM) rejeitou o pedido.<\/p>\n<p><a href=\"https:\/\/www.suno.com.br\/noticias\/acionistas-minoria-embraer-tentam-investida-contra-boeing\/\">Saiba mais: Acionistas de minoria da Embraer tentam investida contra a Boeing\u00a0<\/a><\/p>\n<h2>Resist\u00eancia de sindicatos e acionistas<\/h2>\n<p>Al\u00e9m dos sindicatos, tamb\u00e9m uma parte minorit\u00e1ria dos acionistas da <strong>Embraer<\/strong> se op\u00f5e a venda. Mesmo com a oferta de US$ 1,6 bilh\u00e3o em dividendos apresentada pela <strong>Boeing.<\/strong><\/p>\n<p>Entre os opositores est\u00e1 a <strong>Associa\u00e7\u00e3o Brasileira de Investidores (ABRADIN),<\/strong> liderada pelo economista Aur\u00e9lio Valporto. A associa\u00e7\u00e3o critica v\u00e1rios aspectos da opera\u00e7\u00e3o e chegou a iniciar uma a\u00e7\u00e3o civil p\u00fablica na semana passada, cassada pela <strong>Justi\u00e7a.<\/strong><\/p>\n<p><a href=\"https:\/\/www.suno.com.br\/noticias\/justica-extingue-processo-acionistas-contra-embraer\/\">Saiba mais: Justi\u00e7a extingue processo de acionistas contra a Embraer\u00a0<\/a><\/p>\n<p>Al\u00e9m disso, fontes pr\u00f3ximas ao Pal\u00e1cio do Planalto informaram na semana passada que o <strong>governo<\/strong> estaria avaliando a possibilidade de rever a fus\u00e3o.<\/p>\n<p>O <strong>Executivo<\/strong> det\u00eam a <strong>golden-share<\/strong> sobre as a\u00e7\u00f5es da Embraer, com poder de veto sobe decis\u00f5es estrat\u00e9gicas, como a venda. Na \u00faltima ter\u00e7a-feira o\u00a0vice-presidente Hamilton Mour\u00e3o se reuniu com a <strong>ABRADIN,<\/strong> analisando partes do acordo relativas a quest\u00f5es militares. Entre elas, o destino do avi\u00e3o cargueiro <strong>KC 390<\/strong> e da nova <strong><a href=\"https:\/\/www.suno.com.br\/artigos\/joint-venture\/\">joint-venture<\/a><\/strong> na \u00e1rea militar &#8211; a <strong>EB Defense<\/strong> &#8211; que a <strong>Embraer<\/strong> e a <strong>Boeing<\/strong> criar\u00e3o para comercializar o avi\u00e3o.<\/p>\n<p>&nbsp;<\/p>\n<p><a href=\"https:\/\/www.suno.com.br\/noticias\/embraer-acionistas-aprovam-acordo-com-boeing\/\">Saiba mais &#8211; Embraer: acionistas aprovam acordo com Boeing<\/a><\/p>\n<h2>Relembre o caso<\/h2>\n<p>A <strong>Embraer<\/strong> aprovou com a <strong>Boeing<\/strong> os termos do acordo de fus\u00e3o em julho de 2018. O contrato prev\u00ea a cria\u00e7\u00e3o de uma\u00a0<a href=\"https:\/\/www.suno.com.br\/artigos\/joint-venture\/\"><strong>joint venture<\/strong><\/a><strong>,<\/strong> ou seja, uma nova empresa de avia\u00e7\u00e3o comercial no Brasil.<\/p>\n<p>A nova sociedade tem o nome provis\u00f3rio de <strong>JV Avia\u00e7\u00e3o Comercial<\/strong> ou Nova Sociedade. Entretanto, a empresa, avaliada em US$ 5,26 bilh\u00f5es, n\u00e3o ter\u00e1 esse nome ap\u00f3s a conclus\u00e3o de opera\u00e7\u00e3o.<\/p>\n<p><a href=\"https:\/\/www.suno.com.br\/noticias\/boeing-embraer-emprego\/\">Saiba mais: Joint-venture entre Embraer e Boeing deve empregar 9.000<\/a><\/p>\n<p>Inicialmente, quando as duas <strong>fabricantes de aeronaves<\/strong> assinaram um memorando, o valor era estimado em US$ 4,75 bilh\u00f5es. Entretanto, a Boeing aumentou seu aporte financeiro na nova empresa.\u00a0 Nos termos do acordo, a <strong>Boeing<\/strong> ficar\u00e1 com 80% do neg\u00f3cio, enquanto a <strong>Embraer,<\/strong> os 20% restantes.<\/p>\n<p><a href=\"https:\/\/www.suno.com.br\/noticias\/embraer-entrega-181-jatos-2018\/\">Saiba mais: Embraer entrega 181 jatos em 2018, 14% a menos que em 2017\u00a0<\/a><\/p>\n<p>A <strong>Boeing<\/strong> pagar\u00e1 US$ 4,2 bilh\u00f5es (ou R$ 16,4 bilh\u00f5es), cerca de 10% a mais do que era previsto. No entanto, este valor supera em mais de 7% o valor de mercado total da fabricante brasileira. O maior valor de mercado j\u00e1 registrado pela <strong>Embraer<\/strong> foi em novembro de 2015, quando a companhia atingiu R$ 22,39 bilh\u00f5es.<\/p>\n<p>Al\u00e9m disso, os 20% de propriedade da <strong>fabricante brasileira<\/strong> poder\u00e3o ser vendidos para a <strong>Boeing<\/strong> a qualquer momento, por meio de uma op\u00e7\u00e3o de venda.<\/p>\n<p><a href=\"https:\/\/www.suno.com.br\/noticias\/ministro-governo-acordo-embraer-boeing\/\">Saiba mais:\u00a0Ministro diz que governo n\u00e3o pensa em cessar acordo Embraer-Boeing<\/a><\/p>\n<h3>Nova empresa<\/h3>\n<p>A <strong>Boeing<\/strong> far\u00e1 o controle operacional e de gest\u00e3o da nova empresa. Os executivos da <strong>joint<\/strong>&#8211;<strong>venture<\/strong> responder\u00e3o diretamente ao presidente e CEO da Boeing, Dennis Muilenburg. Todavia, a opera\u00e7\u00e3o, se aprovada, ser\u00e1 liderada por uma equipe de executivos no <strong>Brasil.<\/strong><\/p>\n<p>A <strong>Embraer<\/strong> manter\u00e1 o poder de decis\u00e3o para temas espec\u00edficos que foram definidos em conjunto, como a transfer\u00eancia das opera\u00e7\u00f5es do <strong>Brasil.<\/strong><\/p>\n<p>Em 2017, a \u00e1rea de avia\u00e7\u00e3o comercial da fabricante brasileira\u00a0representava 57,6% da receita l\u00edquida da empresa. Essa \u00e1rea foi respons\u00e1vel por US$ 10,7 bilh\u00f5es de um total de US$ 18,7 bilh\u00f5es da receita da <strong>Embraer.<\/strong><\/p>\n<p>No entanto, a<strong> Boeing<\/strong> apresenta uma receita anual cerca de 16 vezes mais alta que a da <strong>Embraer.<\/strong> Em 2017, a brasileira faturou US$ 5,8 bilh\u00f5es, enquanto a fabricante norte-americana US$ 93,3 bilh\u00f5es.<\/p>\n<p>A <strong>Boeing<\/strong> \u00e9 a principal fabricante de avi\u00f5es comerciais para voos de longo alcance. Por outro lado, a <strong>Embraer<\/strong> lidera o mercado de jatos regionais, com aeronaves para v\u00f4os a dist\u00e2ncias menores.<\/p>\n<p>A <strong>Embraer <\/strong>(EMBR3) espera um resultado de aproximadamente US$ 3 bilh\u00f5es na fus\u00e3o com a <strong>Boeing\u00a0<\/strong>(BOEI34), descontados os custos de separa\u00e7\u00e3o.<\/p>\n","protected":false},"excerpt":{"rendered":"<p>A Justi\u00e7a Federal de S\u00e3o Paulo revogou nesta ter\u00e7a-feira (26) a liminar que suspendia a assembleia-geral extraordin\u00e1ria da Embraer (EMBR3). O impasse impedia a realiza\u00e7\u00e3o dos passos finais da opera\u00e7\u00e3o de venda da divis\u00e3o de avia\u00e7\u00e3o comercial da produtora brasileira \u00e0 Boeing (BOEI34). Embraer Boeing Saiba mais: Embraer recorrer\u00e1 decis\u00e3o de suspender assembleia de acionistas\u00a0 [&hellip;]<\/p>\n","protected":false},"author":9,"featured_media":9624,"comment_status":"closed","ping_status":"closed","sticky":false,"template":"","format":"standard","meta":[],"categories":[60],"tags":[828,460],"suno_strategy":[],"class_list":["post-16579","post","type-post","status-publish","format-standard","has-post-thumbnail","hentry","category-mercado","tag-boeing-boei34","tag-embraer-embr3"],"yoast_head":"<!-- This site is optimized with the Yoast SEO plugin v24.4 - https:\/\/yoast.com\/wordpress\/plugins\/seo\/ -->\n<title>Justi\u00e7a revoga liminar e mant\u00e9m assembleia de acionistas da Embraer<\/title>\n<meta name=\"robots\" content=\"index, follow, max-snippet:-1, max-image-preview:large, max-video-preview:-1\" \/>\n<link rel=\"canonical\" href=\"https:\/\/www.suno.com.br\/noticias\/justica-revoga-liminar-mantem-assembleia-acionistas-embraer\/\" \/>\n<meta property=\"og:locale\" content=\"pt_BR\" \/>\n<meta property=\"og:type\" content=\"article\" \/>\n<meta property=\"og:title\" content=\"Justi\u00e7a revoga liminar e mant\u00e9m assembleia de acionistas da Embraer\" \/>\n<meta property=\"og:description\" content=\"A Justi\u00e7a Federal de S\u00e3o Paulo revogou nesta ter\u00e7a-feira (26) a liminar que suspendia a assembleia-geral extraordin\u00e1ria da Embraer (EMBR3). O impasse impedia a realiza\u00e7\u00e3o dos passos finais da opera\u00e7\u00e3o de venda da divis\u00e3o de avia\u00e7\u00e3o comercial da produtora brasileira \u00e0 Boeing (BOEI34). Embraer Boeing Saiba mais: Embraer recorrer\u00e1 decis\u00e3o de suspender assembleia de acionistas\u00a0 [&hellip;]\" \/>\n<meta property=\"og:url\" content=\"https:\/\/www.suno.com.br\/noticias\/justica-revoga-liminar-mantem-assembleia-acionistas-embraer\/\" \/>\n<meta property=\"og:site_name\" content=\"Suno Not\u00edcias\" \/>\n<meta property=\"article:publisher\" content=\"https:\/\/facebook.com\/sunoresearch\" \/>\n<meta property=\"og:image\" content=\"https:\/\/files.sunoresearch.com.br\/n\/uploads\/2018\/12\/9c147246-embraer.jpg\" \/>\n\t<meta property=\"og:image:width\" content=\"1140\" \/>\n\t<meta property=\"og:image:height\" content=\"760\" \/>\n\t<meta property=\"og:image:type\" content=\"image\/jpeg\" \/>\n<meta name=\"author\" content=\"Carlo Cauti\" \/>\n<meta name=\"twitter:card\" content=\"summary_large_image\" \/>\n<meta name=\"twitter:creator\" content=\"@sunoresearch\" \/>\n<meta name=\"twitter:site\" content=\"@sunoresearch\" \/>\n<meta name=\"twitter:label1\" content=\"Escrito por\" \/>\n\t<meta name=\"twitter:data1\" content=\"Carlo Cauti\" \/>\n\t<meta name=\"twitter:label2\" content=\"Est. tempo de leitura\" \/>\n\t<meta name=\"twitter:data2\" content=\"5 minutos\" \/>\n<script type=\"application\/ld+json\" class=\"yoast-schema-graph\">{\"@context\":\"https:\/\/schema.org\",\"@graph\":[{\"@type\":\"NewsArticle\",\"@id\":\"https:\/\/www.suno.com.br\/noticias\/justica-revoga-liminar-mantem-assembleia-acionistas-embraer\/#article\",\"isPartOf\":{\"@id\":\"https:\/\/www.suno.com.br\/noticias\/justica-revoga-liminar-mantem-assembleia-acionistas-embraer\/\"},\"author\":{\"name\":\"Carlo Cauti\",\"@id\":\"https:\/\/www.suno.com.br\/noticias\/#\/schema\/person\/e6e0f723cc177805027f4566c1d5e0c8\"},\"headline\":\"Justi\u00e7a revoga liminar e mant\u00e9m assembleia-geral da Embraer\",\"datePublished\":\"2019-02-26T12:09:55+00:00\",\"dateModified\":\"2019-04-09T20:08:14+00:00\",\"mainEntityOfPage\":{\"@id\":\"https:\/\/www.suno.com.br\/noticias\/justica-revoga-liminar-mantem-assembleia-acionistas-embraer\/\"},\"wordCount\":983,\"publisher\":{\"@id\":\"https:\/\/www.suno.com.br\/noticias\/#organization\"},\"image\":{\"@id\":\"https:\/\/www.suno.com.br\/noticias\/justica-revoga-liminar-mantem-assembleia-acionistas-embraer\/#primaryimage\"},\"thumbnailUrl\":\"https:\/\/files.sunoresearch.com.br\/n\/uploads\/2018\/12\/9c147246-embraer-jpg.webp\",\"keywords\":[\"Boeing (BOEI34)\",\"Embraer (EMBR3)\"],\"articleSection\":[\"Mercado\"],\"inLanguage\":\"pt-BR\"},{\"@type\":\"WebPage\",\"@id\":\"https:\/\/www.suno.com.br\/noticias\/justica-revoga-liminar-mantem-assembleia-acionistas-embraer\/\",\"url\":\"https:\/\/www.suno.com.br\/noticias\/justica-revoga-liminar-mantem-assembleia-acionistas-embraer\/\",\"name\":\"Justi\u00e7a revoga liminar e mant\u00e9m assembleia de acionistas da Embraer\",\"isPartOf\":{\"@id\":\"https:\/\/www.suno.com.br\/noticias\/#website\"},\"primaryImageOfPage\":{\"@id\":\"https:\/\/www.suno.com.br\/noticias\/justica-revoga-liminar-mantem-assembleia-acionistas-embraer\/#primaryimage\"},\"image\":{\"@id\":\"https:\/\/www.suno.com.br\/noticias\/justica-revoga-liminar-mantem-assembleia-acionistas-embraer\/#primaryimage\"},\"thumbnailUrl\":\"https:\/\/files.sunoresearch.com.br\/n\/uploads\/2018\/12\/9c147246-embraer-jpg.webp\",\"datePublished\":\"2019-02-26T12:09:55+00:00\",\"dateModified\":\"2019-04-09T20:08:14+00:00\",\"breadcrumb\":{\"@id\":\"https:\/\/www.suno.com.br\/noticias\/justica-revoga-liminar-mantem-assembleia-acionistas-embraer\/#breadcrumb\"},\"inLanguage\":\"pt-BR\",\"potentialAction\":[{\"@type\":\"ReadAction\",\"target\":[\"https:\/\/www.suno.com.br\/noticias\/justica-revoga-liminar-mantem-assembleia-acionistas-embraer\/\"]}]},{\"@type\":\"ImageObject\",\"inLanguage\":\"pt-BR\",\"@id\":\"https:\/\/www.suno.com.br\/noticias\/justica-revoga-liminar-mantem-assembleia-acionistas-embraer\/#primaryimage\",\"url\":\"https:\/\/files.sunoresearch.com.br\/n\/uploads\/2018\/12\/9c147246-embraer-jpg.webp\",\"contentUrl\":\"https:\/\/files.sunoresearch.com.br\/n\/uploads\/2018\/12\/9c147246-embraer-jpg.webp\",\"width\":1140,\"height\":760,\"caption\":\"Embraer Boeing\"},{\"@type\":\"BreadcrumbList\",\"@id\":\"https:\/\/www.suno.com.br\/noticias\/justica-revoga-liminar-mantem-assembleia-acionistas-embraer\/#breadcrumb\",\"itemListElement\":[{\"@type\":\"ListItem\",\"position\":1,\"name\":\"Not\u00edcias\",\"item\":\"https:\/\/www.suno.com.br\/noticias\/\"},{\"@type\":\"ListItem\",\"position\":2,\"name\":\"Mercado\",\"item\":\"https:\/\/www.suno.com.br\/noticias\/mercado\/\"},{\"@type\":\"ListItem\",\"position\":3,\"name\":\"Justi\u00e7a revoga liminar e mant\u00e9m assembleia-geral da Embraer\"}]},{\"@type\":\"WebSite\",\"@id\":\"https:\/\/www.suno.com.br\/noticias\/#website\",\"url\":\"https:\/\/www.suno.com.br\/noticias\/\",\"name\":\"Suno Not\u00edcias\",\"description\":\"Seu portal de informa\u00e7\u00e3o sobre o mundo dos investimentos\",\"publisher\":{\"@id\":\"https:\/\/www.suno.com.br\/noticias\/#organization\"},\"potentialAction\":[{\"@type\":\"SearchAction\",\"target\":{\"@type\":\"EntryPoint\",\"urlTemplate\":\"https:\/\/www.suno.com.br\/noticias\/?s={search_term_string}\"},\"query-input\":{\"@type\":\"PropertyValueSpecification\",\"valueRequired\":true,\"valueName\":\"search_term_string\"}}],\"inLanguage\":\"pt-BR\"},{\"@type\":\"Organization\",\"@id\":\"https:\/\/www.suno.com.br\/noticias\/#organization\",\"name\":\"Suno Not\u00edcias\",\"url\":\"https:\/\/www.suno.com.br\/noticias\/\",\"logo\":{\"@type\":\"ImageObject\",\"inLanguage\":\"pt-BR\",\"@id\":\"https:\/\/www.suno.com.br\/noticias\/#\/schema\/logo\/image\/\",\"url\":\"https:\/\/files.sunoresearch.com.br\/n\/uploads\/2021\/09\/suno-logo.png\",\"contentUrl\":\"https:\/\/files.sunoresearch.com.br\/n\/uploads\/2021\/09\/suno-logo.png\",\"width\":180,\"height\":180,\"caption\":\"Suno Not\u00edcias\"},\"image\":{\"@id\":\"https:\/\/www.suno.com.br\/noticias\/#\/schema\/logo\/image\/\"},\"sameAs\":[\"https:\/\/facebook.com\/sunoresearch\",\"https:\/\/x.com\/sunoresearch\",\"https:\/\/www.instagram.com\/suno\",\"https:\/\/www.linkedin.com\/company\/suno-research\/\",\"https:\/\/www.youtube.com\/c\/sunoresearch\"]},{\"@type\":\"Person\",\"@id\":\"https:\/\/www.suno.com.br\/noticias\/#\/schema\/person\/e6e0f723cc177805027f4566c1d5e0c8\",\"name\":\"Carlo Cauti\",\"image\":{\"@type\":\"ImageObject\",\"inLanguage\":\"pt-BR\",\"@id\":\"https:\/\/www.suno.com.br\/noticias\/#\/schema\/person\/image\/\",\"url\":\"https:\/\/secure.gravatar.com\/avatar\/3ada9e0bd164c23abd4792a9606d583c?s=96&r=g\",\"contentUrl\":\"https:\/\/secure.gravatar.com\/avatar\/3ada9e0bd164c23abd4792a9606d583c?s=96&r=g\",\"caption\":\"Carlo Cauti\"},\"description\":\"Editor multim\u00eddia do SUNO Not\u00edcias. Italiano, formado em Ci\u00eancias Pol\u00edticas pela universidade LUISS G. Carli de Roma e mestre cum laude em Rela\u00e7\u00f5es Internacionais, Jornalismo Internacional e de Guerra e em Economia Internacional. Concluiu tamb\u00e9m um MBA em Finan\u00e7as na B3. No Brasil, teve passagem por ve\u00edculos como Estad\u00e3o, Globo, Veja e EXAME. e nas ag\u00eancias de not\u00edcias italianas ANSA e NOVA.\",\"url\":\"https:\/\/www.suno.com.br\/noticias\/author\/carlo-cauti\/\"}]}<\/script>\n<!-- \/ Yoast SEO plugin. -->","yoast_head_json":{"title":"Justi\u00e7a revoga liminar e mant\u00e9m assembleia de acionistas da Embraer","robots":{"index":"index","follow":"follow","max-snippet":"max-snippet:-1","max-image-preview":"max-image-preview:large","max-video-preview":"max-video-preview:-1"},"canonical":"https:\/\/www.suno.com.br\/noticias\/justica-revoga-liminar-mantem-assembleia-acionistas-embraer\/","og_locale":"pt_BR","og_type":"article","og_title":"Justi\u00e7a revoga liminar e mant\u00e9m assembleia de acionistas da Embraer","og_description":"A Justi\u00e7a Federal de S\u00e3o Paulo revogou nesta ter\u00e7a-feira (26) a liminar que suspendia a assembleia-geral extraordin\u00e1ria da Embraer (EMBR3). O impasse impedia a realiza\u00e7\u00e3o dos passos finais da opera\u00e7\u00e3o de venda da divis\u00e3o de avia\u00e7\u00e3o comercial da produtora brasileira \u00e0 Boeing (BOEI34). Embraer Boeing Saiba mais: Embraer recorrer\u00e1 decis\u00e3o de suspender assembleia de acionistas\u00a0 [&hellip;]","og_url":"https:\/\/www.suno.com.br\/noticias\/justica-revoga-liminar-mantem-assembleia-acionistas-embraer\/","og_site_name":"Suno Not\u00edcias","article_publisher":"https:\/\/facebook.com\/sunoresearch","og_image":[{"width":1140,"height":760,"url":"https:\/\/files.sunoresearch.com.br\/n\/uploads\/2018\/12\/9c147246-embraer.jpg","type":"image\/jpeg"}],"author":"Carlo Cauti","twitter_card":"summary_large_image","twitter_creator":"@sunoresearch","twitter_site":"@sunoresearch","twitter_misc":{"Escrito por":"Carlo Cauti","Est. tempo de leitura":"5 minutos"},"schema":{"@context":"https:\/\/schema.org","@graph":[{"@type":"NewsArticle","@id":"https:\/\/www.suno.com.br\/noticias\/justica-revoga-liminar-mantem-assembleia-acionistas-embraer\/#article","isPartOf":{"@id":"https:\/\/www.suno.com.br\/noticias\/justica-revoga-liminar-mantem-assembleia-acionistas-embraer\/"},"author":{"name":"Carlo Cauti","@id":"https:\/\/www.suno.com.br\/noticias\/#\/schema\/person\/e6e0f723cc177805027f4566c1d5e0c8"},"headline":"Justi\u00e7a revoga liminar e mant\u00e9m assembleia-geral da Embraer","datePublished":"2019-02-26T12:09:55+00:00","dateModified":"2019-04-09T20:08:14+00:00","mainEntityOfPage":{"@id":"https:\/\/www.suno.com.br\/noticias\/justica-revoga-liminar-mantem-assembleia-acionistas-embraer\/"},"wordCount":983,"publisher":{"@id":"https:\/\/www.suno.com.br\/noticias\/#organization"},"image":{"@id":"https:\/\/www.suno.com.br\/noticias\/justica-revoga-liminar-mantem-assembleia-acionistas-embraer\/#primaryimage"},"thumbnailUrl":"https:\/\/files.sunoresearch.com.br\/n\/uploads\/2018\/12\/9c147246-embraer-jpg.webp","keywords":["Boeing (BOEI34)","Embraer (EMBR3)"],"articleSection":["Mercado"],"inLanguage":"pt-BR"},{"@type":"WebPage","@id":"https:\/\/www.suno.com.br\/noticias\/justica-revoga-liminar-mantem-assembleia-acionistas-embraer\/","url":"https:\/\/www.suno.com.br\/noticias\/justica-revoga-liminar-mantem-assembleia-acionistas-embraer\/","name":"Justi\u00e7a revoga liminar e mant\u00e9m assembleia de acionistas da Embraer","isPartOf":{"@id":"https:\/\/www.suno.com.br\/noticias\/#website"},"primaryImageOfPage":{"@id":"https:\/\/www.suno.com.br\/noticias\/justica-revoga-liminar-mantem-assembleia-acionistas-embraer\/#primaryimage"},"image":{"@id":"https:\/\/www.suno.com.br\/noticias\/justica-revoga-liminar-mantem-assembleia-acionistas-embraer\/#primaryimage"},"thumbnailUrl":"https:\/\/files.sunoresearch.com.br\/n\/uploads\/2018\/12\/9c147246-embraer-jpg.webp","datePublished":"2019-02-26T12:09:55+00:00","dateModified":"2019-04-09T20:08:14+00:00","breadcrumb":{"@id":"https:\/\/www.suno.com.br\/noticias\/justica-revoga-liminar-mantem-assembleia-acionistas-embraer\/#breadcrumb"},"inLanguage":"pt-BR","potentialAction":[{"@type":"ReadAction","target":["https:\/\/www.suno.com.br\/noticias\/justica-revoga-liminar-mantem-assembleia-acionistas-embraer\/"]}]},{"@type":"ImageObject","inLanguage":"pt-BR","@id":"https:\/\/www.suno.com.br\/noticias\/justica-revoga-liminar-mantem-assembleia-acionistas-embraer\/#primaryimage","url":"https:\/\/files.sunoresearch.com.br\/n\/uploads\/2018\/12\/9c147246-embraer-jpg.webp","contentUrl":"https:\/\/files.sunoresearch.com.br\/n\/uploads\/2018\/12\/9c147246-embraer-jpg.webp","width":1140,"height":760,"caption":"Embraer Boeing"},{"@type":"BreadcrumbList","@id":"https:\/\/www.suno.com.br\/noticias\/justica-revoga-liminar-mantem-assembleia-acionistas-embraer\/#breadcrumb","itemListElement":[{"@type":"ListItem","position":1,"name":"Not\u00edcias","item":"https:\/\/www.suno.com.br\/noticias\/"},{"@type":"ListItem","position":2,"name":"Mercado","item":"https:\/\/www.suno.com.br\/noticias\/mercado\/"},{"@type":"ListItem","position":3,"name":"Justi\u00e7a revoga liminar e mant\u00e9m assembleia-geral da Embraer"}]},{"@type":"WebSite","@id":"https:\/\/www.suno.com.br\/noticias\/#website","url":"https:\/\/www.suno.com.br\/noticias\/","name":"Suno Not\u00edcias","description":"Seu portal de informa\u00e7\u00e3o sobre o mundo dos investimentos","publisher":{"@id":"https:\/\/www.suno.com.br\/noticias\/#organization"},"potentialAction":[{"@type":"SearchAction","target":{"@type":"EntryPoint","urlTemplate":"https:\/\/www.suno.com.br\/noticias\/?s={search_term_string}"},"query-input":{"@type":"PropertyValueSpecification","valueRequired":true,"valueName":"search_term_string"}}],"inLanguage":"pt-BR"},{"@type":"Organization","@id":"https:\/\/www.suno.com.br\/noticias\/#organization","name":"Suno Not\u00edcias","url":"https:\/\/www.suno.com.br\/noticias\/","logo":{"@type":"ImageObject","inLanguage":"pt-BR","@id":"https:\/\/www.suno.com.br\/noticias\/#\/schema\/logo\/image\/","url":"https:\/\/files.sunoresearch.com.br\/n\/uploads\/2021\/09\/suno-logo.png","contentUrl":"https:\/\/files.sunoresearch.com.br\/n\/uploads\/2021\/09\/suno-logo.png","width":180,"height":180,"caption":"Suno Not\u00edcias"},"image":{"@id":"https:\/\/www.suno.com.br\/noticias\/#\/schema\/logo\/image\/"},"sameAs":["https:\/\/facebook.com\/sunoresearch","https:\/\/x.com\/sunoresearch","https:\/\/www.instagram.com\/suno","https:\/\/www.linkedin.com\/company\/suno-research\/","https:\/\/www.youtube.com\/c\/sunoresearch"]},{"@type":"Person","@id":"https:\/\/www.suno.com.br\/noticias\/#\/schema\/person\/e6e0f723cc177805027f4566c1d5e0c8","name":"Carlo Cauti","image":{"@type":"ImageObject","inLanguage":"pt-BR","@id":"https:\/\/www.suno.com.br\/noticias\/#\/schema\/person\/image\/","url":"https:\/\/secure.gravatar.com\/avatar\/3ada9e0bd164c23abd4792a9606d583c?s=96&r=g","contentUrl":"https:\/\/secure.gravatar.com\/avatar\/3ada9e0bd164c23abd4792a9606d583c?s=96&r=g","caption":"Carlo Cauti"},"description":"Editor multim\u00eddia do SUNO Not\u00edcias. Italiano, formado em Ci\u00eancias Pol\u00edticas pela universidade LUISS G. Carli de Roma e mestre cum laude em Rela\u00e7\u00f5es Internacionais, Jornalismo Internacional e de Guerra e em Economia Internacional. Concluiu tamb\u00e9m um MBA em Finan\u00e7as na B3. No Brasil, teve passagem por ve\u00edculos como Estad\u00e3o, Globo, Veja e EXAME. e nas ag\u00eancias de not\u00edcias italianas ANSA e NOVA.","url":"https:\/\/www.suno.com.br\/noticias\/author\/carlo-cauti\/"}]}},"default_loop_html":"<div class=\"cardsPage__listCard__boxs\"><div class=\"cardsPage__listCard__boxs__img\"><a href=\"https:\/\/www.suno.com.br\/noticias\/justica-revoga-liminar-mantem-assembleia-acionistas-embraer\/\"><img class=\"mask\" src=\"https:\/\/www.suno.com.br\/noticias\/wp-content\/themes\/suno\/resources\/images\/spotlight\/spotlight1img\/bg-mask.png\" alt=\"Image Mask\"\/><img src=\"https:\/\/files.sunoresearch.com.br\/n\/uploads\/2018\/12\/9c147246-embraer-400x200.webp\" alt=\"Justi\u00e7a revoga liminar e mant\u00e9m assembleia-geral da Embraer\"\/><\/a><span class=\"spotlightCategory\"><a href=\"https:\/\/www.suno.com.br\/noticias\/mercado\/\">Mercado<\/a><\/span><\/div><div class=\"cardsPage__listCard__boxs__content\"><a href=\"https:\/\/www.suno.com.br\/noticias\/justica-revoga-liminar-mantem-assembleia-acionistas-embraer\/\"><h2 class=\"content__title\">Justi\u00e7a revoga liminar e mant\u00e9m assembleia-geral da Embraer<\/h2><\/a><div class=\"newsContent__article__meta\"><div class=\"newsContent__article__meta__authorBox\"><a href=\"https:\/\/www.suno.com.br\/noticias\/author\/carlo-cauti\/\" class=\"authorBox__avatar noMobi\"><img src=\"https:\/\/files.sunoresearch.com.br\/n\/uploads\/2020\/08\/e3745f9a-perfil-carlo-cauti-150x150.webp\" alt=\"Carlo Cauti\"><\/a><div class=\"authorBox__name\"><span>por\n\t\t\t<a href=\"https:\/\/www.suno.com.br\/noticias\/author\/carlo-cauti\/\"><span itemprop=\"author\">Carlo Cauti<\/span><\/a><\/span><time datetime=\"2019-02-26T09:09:55-03:00\" itemprop=\"datePublished\">26\/02\/2019 09:09<\/time><\/div><\/div><\/div><\/div><\/div>","single_layout":"posts","amp_enabled":true,"_links":{"self":[{"href":"https:\/\/www.suno.com.br\/noticias\/wp-json\/wp\/v2\/posts\/16579"}],"collection":[{"href":"https:\/\/www.suno.com.br\/noticias\/wp-json\/wp\/v2\/posts"}],"about":[{"href":"https:\/\/www.suno.com.br\/noticias\/wp-json\/wp\/v2\/types\/post"}],"author":[{"embeddable":true,"href":"https:\/\/www.suno.com.br\/noticias\/wp-json\/wp\/v2\/users\/9"}],"replies":[{"embeddable":true,"href":"https:\/\/www.suno.com.br\/noticias\/wp-json\/wp\/v2\/comments?post=16579"}],"version-history":[{"count":0,"href":"https:\/\/www.suno.com.br\/noticias\/wp-json\/wp\/v2\/posts\/16579\/revisions"}],"wp:featuredmedia":[{"embeddable":true,"href":"https:\/\/www.suno.com.br\/noticias\/wp-json\/wp\/v2\/media\/9624"}],"wp:attachment":[{"href":"https:\/\/www.suno.com.br\/noticias\/wp-json\/wp\/v2\/media?parent=16579"}],"wp:term":[{"taxonomy":"category","embeddable":true,"href":"https:\/\/www.suno.com.br\/noticias\/wp-json\/wp\/v2\/categories?post=16579"},{"taxonomy":"post_tag","embeddable":true,"href":"https:\/\/www.suno.com.br\/noticias\/wp-json\/wp\/v2\/tags?post=16579"},{"taxonomy":"suno_strategy","embeddable":true,"href":"https:\/\/www.suno.com.br\/noticias\/wp-json\/wp\/v2\/suno_strategy?post=16579"}],"curies":[{"name":"wp","href":"https:\/\/api.w.org\/{rel}","templated":true}]}}