{"id":165782,"date":"2021-07-14T10:06:30","date_gmt":"2021-07-14T13:06:30","guid":{"rendered":"https:\/\/www.suno.com.br\/noticias\/?p=165782"},"modified":"2021-07-14T10:06:30","modified_gmt":"2021-07-14T13:06:30","slug":"cba-cbav3-acao-1120-estreia-b3-valendo-r-67-bilhoes","status":"publish","type":"post","link":"https:\/\/www.suno.com.br\/noticias\/cba-cbav3-acao-1120-estreia-b3-valendo-r-67-bilhoes\/","title":{"rendered":"CBA (CBAV3) precifica a\u00e7\u00e3o a R$ 11,20 e estreia na Bolsa amanh\u00e3 valendo R$ 6,7 bilh\u00f5es"},"content":{"rendered":"<p>A Companhia Brasileira de Alum\u00ednio, a <a href=\"https:\/\/www.suno.com.br\/acoes\/cbav3\"><strong>CBA<\/strong> (CBAV3)<\/a>, uma das principais empresas do conglomerado da fam\u00edlia Erm\u00edrio de Moraes, do Grupo Votorantim, conseguiu levantar R$ 1,61 bilh\u00e3o com sua oferta inicial <a href=\"https:\/\/statusinvest.com.br\/ipo\/acoes\">de a\u00e7\u00f5es (IPO, pela sigla em ingl\u00eas)<\/a> ap\u00f3s fixar pre\u00e7o por a\u00e7\u00e3o em\u00a0R$ 11,20.<\/p>\t<div class=\"wrapper-featured-image\">\n\t\t<figure class=\"spotlightImg\">\n\n\t\t\t<picture>\n\t\t\t\t<source media=\"(max-width: 768px)\" srcset=\"https:\/\/files.sunoresearch.com.br\/n\/uploads\/2021\/06\/0bd03f9f-banner-about-400x200.webp\">\n\t\t\t\t<img loading=\"lazy\" decoding=\"async\" class=\"newsContent__article__imgCapa lazyloadDisabled \" src=\"https:\/\/files.sunoresearch.com.br\/n\/uploads\/2021\/06\/0bd03f9f-banner-about-800x450.webp\" width=\"800\" height=\"450\" alt=\"CBA (CBAV3) precifica a\u00e7\u00e3o a R$ 11,20 e estreia na Bolsa amanh\u00e3 valendo R$ 6,7 bilh\u00f5es\" fetchpriority=high \/>\n\t\t\t<\/picture>\n\n\t\t\t<figcaption class=\"wp-caption-text wp-caption-text--show\">CBA conclui compra de fatia remanescente na Alux por R$ 98 milh\u00f5es. Foto: Divulga\u00e7\u00e3o.<\/figcaption>\n\t\t<\/figure>\n\t<\/div>\n\n\n\t<p>\n\t\t<a href=\"https:\/\/lp.suno.com.br\/planilha-controle-gastos\/\" target=\"_blank\" data-element=\"shortcode-suno-banner\" title=\"Banner SUNO, clique e saiba mais\">\n\t\t\t<picture>\n\t\t\t\t<source media=\"(max-width: 500px)\" srcset=\"https:\/\/files.sunoresearch.com.br\/n\/uploads\/2023\/03\/400x300-Planilha-controle-de-gastos.png\">\n\t\t\t\t<img class=\"newsContent__article__imgCapa newsContent__article__imgCapa--banner\"\n\t\t\t\t\tsrc=\"https:\/\/files.sunoresearch.com.br\/n\/uploads\/2023\/03\/1420x240-Planilha-controle-de-gastos.png\"\n\t\t\t\t\tdata-promo-id=\"101751\"\t\t\t\t\t\t\t\t\t\twidth='1420' height='240'\t\t\t\t\talt=\"https:\/\/files.sunoresearch.com.br\/n\/uploads\/2023\/03\/1420x240-Planilha-controle-de-gastos.png\"\n\t\t\t\t>\n\t\t\t<\/picture>\n\t\t<\/a>\n\t<\/p>\n\n\n<p>A CBA, assim, deve estrear nesta quinta-feira (15) na <a class=\"suno-keyword\" href=\"https:\/\/www.suno.com.br\/artigos\/bolsa-de-valores\/\" target=\"_blank\" rel=\"noopener noreferrer\" data-force=\"no\" data-priority=\"3\">Bolsa de Valores<\/a> de S\u00e3o Paulo, a B3, com <a class=\"suno-keyword\" href=\"https:\/\/www.suno.com.br\/artigos\/valor-de-mercado\/\" target=\"_blank\" rel=\"noopener noreferrer\" data-force=\"no\" data-priority=\"1\">valor de mercado<\/a> de R$ 6,7 bilh\u00f5es.<\/p>\n<p>Na oferta, o grupo Votorantim realizou a venda de uma fatia de sua participa\u00e7\u00e3o, <a href=\"https:\/\/www.suno.com.br\/artigos\/como-investir-em-acoes-na-bolsa-de-valores\/\">opera\u00e7\u00e3o pela qual embolsou R$ 910 milh\u00f5es<\/a>, conforme fontes. A CBA ser\u00e1 <a href=\"https:\/\/www.suno.com.br\/artigos\/empresa-capital-aberto\/\">a segunda empresa do grupo a ter <strong>capital<\/strong> <strong>aberto<\/strong><\/a>. A primeira foi a Nexa, que atua no segmento de minera\u00e7\u00e3o. Ainda tem na mesa a venda de sua participa\u00e7\u00e3o no <strong>Banco BV<\/strong>, depois de tentar, em mais de uma ocasi\u00e3o, realizar uma <a class=\"suno-keyword\" href=\"https:\/\/www.suno.com.br\/artigos\/oferta-de-acoes\/\" target=\"_blank\" rel=\"noopener noreferrer\" data-force=\"no\" data-priority=\"1\">oferta de a\u00e7\u00f5es<\/a> na Bolsa.<\/p>\n\t<div data-element=\"shortcode-read-more\" class=\"knowMore\">\n\t\t\t\t<span class=\"knowMore__title\">Leia mais<\/span>\n\t\t\t\t<a class=\"knowMore__link\" href=\"https:\/\/www.suno.com.br\/noticias\/ipo-safra-semana-movimentar-9-bilhoes-novo-recorde\/\">\n\t\t\tIPOs: Nova safra de empresas na bolsa deve levantar volume recorde\t\t<\/a>\n\t<\/div>\n\n\n<p>Com a precifica\u00e7\u00e3o a R$ 11,20, as a\u00e7\u00f5es ficam abaixo do chamado piso da faixa indicativa para o <strong>IPO<\/strong>, de R$ 14 a R$ 18 &#8211; ou seja, houve um desconto de 20%. Como houve um desconto em rela\u00e7\u00e3o ao pre\u00e7o inicialmente proposto, a decis\u00e3o do grupo foi de n\u00e3o vender o lote adicional da oferta.<\/p>\n<p>Com essa movimenta\u00e7\u00e3o, a CBA conseguiu pr\u00eamio em rela\u00e7\u00e3o a outras empresas do setor de minera\u00e7\u00e3o e metalurgia, de 35% sobre a <strong>Alcoa<\/strong> (NYSE: AA), 43% sobre <a href=\"https:\/\/www.suno.com.br\/acoes\/ggbr4\/\"><strong>Gerdau<\/strong> (GGBR4)<\/a> e 72% sobre <a href=\"https:\/\/www.suno.com.br\/acoes\/vale3\/\"><strong>Vale<\/strong> (VALE3)<\/a>. Na compara\u00e7\u00e3o dos m\u00faltiplos, o EV\/Ebitda da CBA \u00e9 de 5 vezes. Enquanto o da Vale \u00e9 de 2,9x da Alcoa de 3,7x, dada a proje\u00e7\u00e3o para 2021.<\/p>\n<p>Os recursos da oferta que ir\u00e3o para o caixa da empresa v\u00e3o financiar projetos de expans\u00e3o e aquisi\u00e7\u00f5es, conforme informa\u00e7\u00f5es do prospecto do IPO. Estruturaram a oferta o Bank of America, <a href=\"https:\/\/www.suno.com.br\/acoes\/bpac11\/\">BTG Pactual (BPAC11)<\/a>, Bradesco BBI, Citi, XP e UBS BB.<\/p>\n<h2>Perfil da CBA<\/h2>\n<p>A companhia possui atualmente tr\u00eas unidades de explora\u00e7\u00e3o de <strong>bauxita<\/strong>, localizadas em Barro Alto (GO), Zona da Mata (MG) e Po\u00e7os de Caldas (MG), com potencial para garantir a autossufici\u00eancia no suprimento do min\u00e9rio para a produ\u00e7\u00e3o do alum\u00ednio por um per\u00edodo acima de 20 anos.<\/p>\n<p>No ano passado, a CBA produziu 1,7 milh\u00e3o de toneladas de bauxita processada e 307 mil toneladas de alum\u00ednio fundido. O faturamento anual da empresa \u00e9 de R$ 5,4 bilh\u00f5es.<\/p>\n\t<p>\n\t\t<a href=\"https:\/\/lp.suno.com.br\/planilha-da-vida-financeira\/\" target=\"_blank\" data-element=\"shortcode-suno-banner\" title=\"Banner SUNO, clique e saiba mais\">\n\t\t\t<picture>\n\t\t\t\t<source media=\"(max-width: 500px)\" srcset=\"https:\/\/files.sunoresearch.com.br\/n\/uploads\/2023\/04\/400x300-Planilha-vida-financeira-true.png\">\n\t\t\t\t<img class=\"newsContent__article__imgCapa newsContent__article__imgCapa--banner\"\n\t\t\t\t\tsrc=\"https:\/\/files.sunoresearch.com.br\/n\/uploads\/2023\/04\/1420x240-Planilha-vida-financeira-true.png\"\n\t\t\t\t\tdata-promo-id=\"106682\"\t\t\t\t\t\t\t\t\t\twidth='1420' height='240'\t\t\t\t\talt=\"https:\/\/files.sunoresearch.com.br\/n\/uploads\/2023\/04\/1420x240-Planilha-vida-financeira-true.png\"\n\t\t\t\t>\n\t\t\t<\/picture>\n\t\t<\/a>\n\t<\/p>\n\n\n<p>A casa de an\u00e1lise <strong>Suno Research<\/strong> disse, em relat\u00f3rio, que um dos riscos relacionados \u00e0 CBA tem rela\u00e7\u00e3o com a &#8220;<a href=\"https:\/\/www.suno.com.br\/artigos\/icb\/\">depend\u00eancia do pre\u00e7o da commodity<\/a> e de um cen\u00e1rio macroecon\u00f4mico favor\u00e1vel&#8221;, al\u00e9m da d\u00edvida em d\u00f3lar. Por isso, tinha indicado a clientes para n\u00e3o entrarem na oferta se o pre\u00e7o inicial fosse mantido.<\/p>\n<p>No geral, contudo, apontou a empresa como bem posicionada. &#8220;\u00c9 evidente que a Companhia Brasileira de Alum\u00ednio est\u00e1 situada em \u00f3timo mercado e bem posicionada em rela\u00e7\u00e3o a seus concorrentes&#8221;, destaca, em documento enviado a clientes. Dentre os pontos positivos, a Suno citou o uso de energia limpa no processo produtivo.<\/p>\n<p>A semana est\u00e1 movimentada para as ofertas de a\u00e7\u00f5es na B3. Al\u00e9m da <strong>CBA<\/strong>, na segunda-feira a rede de academias <a href=\"https:\/\/www.suno.com.br\/acoes\/smft3\/\">Smart Fit (SMFT3)<\/a> j\u00e1 havia conclu\u00eddo opera\u00e7\u00e3o que movimentou R$ 2,3 bilh\u00f5es. Hoje, ser\u00e1 a vez da InterCement, segunda maior empresa de cimentos do Pa\u00eds.<\/p>\n<p><strong><em>Com informa\u00e7\u00f5es do Estad\u00e3o Conte\u00fado<\/em><\/strong><\/p>\n\t<p>\n\t\t<a href=\"https:\/\/lp.suno.com.br\/planilha-de-controle-de-investimentos\/\" target=\"_blank\" data-element=\"shortcode-suno-banner\" title=\"Banner SUNO, clique e saiba mais\">\n\t\t\t<picture>\n\t\t\t\t<source media=\"(max-width: 500px)\" srcset=\"https:\/\/files.sunoresearch.com.br\/n\/uploads\/2023\/03\/400x300-Controle-de-Investimentos.png\">\n\t\t\t\t<img class=\"newsContent__article__imgCapa newsContent__article__imgCapa--banner\"\n\t\t\t\t\tsrc=\"https:\/\/files.sunoresearch.com.br\/n\/uploads\/2023\/03\/1420x240-Controle-de-Investimentos.png\"\n\t\t\t\t\tdata-promo-id=\"75934\"\t\t\t\t\t\t\t\t\t\twidth='1420' height='240'\t\t\t\t\talt=\"https:\/\/files.sunoresearch.com.br\/n\/uploads\/2023\/03\/1420x240-Controle-de-Investimentos.png\"\n\t\t\t\t>\n\t\t\t<\/picture>\n\t\t<\/a>\n\t<\/p>\n\n\n","protected":false},"excerpt":{"rendered":"<p>A Companhia Brasileira de Alum\u00ednio, a CBA (CBAV3), uma das principais empresas do conglomerado da fam\u00edlia Erm\u00edrio de Moraes, do Grupo Votorantim, conseguiu levantar R$ 1,61 bilh\u00e3o com sua oferta inicial de a\u00e7\u00f5es (IPO, pela sigla em ingl\u00eas) ap\u00f3s fixar pre\u00e7o por a\u00e7\u00e3o em\u00a0R$ 11,20. CBA conclui compra de fatia remanescente na Alux por R$ [&hellip;]<\/p>\n","protected":false},"author":73,"featured_media":159908,"comment_status":"closed","ping_status":"closed","sticky":false,"template":"","format":"standard","meta":[],"categories":[64],"tags":[367,1937,399,106319,1279,319],"suno_strategy":[],"class_list":["post-165782","post","type-post","status-publish","format-standard","has-post-thumbnail","hentry","category-negocios","tag-b3-b3sa3","tag-bolsa-de-valores-de-sao-paulo-b3","tag-btg-pactual-bpac11-bpac3-bpac5","tag-cba-cbav3","tag-grupo-votorantim","tag-ipo-oferta-inicial-de-acoes"],"yoast_head":"<!-- This site is optimized with the Yoast SEO plugin v24.4 - https:\/\/yoast.com\/wordpress\/plugins\/seo\/ -->\n<title>CBA (CBAV3) precifica a\u00e7\u00e3o a R$ 11,20 e estreia na B3 valendo R$ 6,7bi<\/title>\n<meta name=\"description\" content=\"Na oferta da CBA, o grupo Votorantim realizou vendeu uma fatia de sua participa\u00e7\u00e3o, embolsando R$ 910 milh\u00f5es. Clique aqui e leia mais.\" \/>\n<meta name=\"robots\" content=\"index, follow, max-snippet:-1, max-image-preview:large, max-video-preview:-1\" \/>\n<link rel=\"canonical\" href=\"https:\/\/www.suno.com.br\/noticias\/cba-cbav3-acao-1120-estreia-b3-valendo-r-67-bilhoes\/\" \/>\n<meta property=\"og:locale\" content=\"pt_BR\" \/>\n<meta property=\"og:type\" content=\"article\" \/>\n<meta property=\"og:title\" content=\"CBA (CBAV3) precifica a\u00e7\u00e3o a R$ 11,20 e estreia na B3 valendo R$ 6,7bi\" \/>\n<meta property=\"og:description\" content=\"Na oferta da CBA, o grupo Votorantim realizou vendeu uma fatia de sua participa\u00e7\u00e3o, embolsando R$ 910 milh\u00f5es. Clique aqui e leia mais.\" \/>\n<meta property=\"og:url\" content=\"https:\/\/www.suno.com.br\/noticias\/cba-cbav3-acao-1120-estreia-b3-valendo-r-67-bilhoes\/\" \/>\n<meta property=\"og:site_name\" content=\"Suno Not\u00edcias\" \/>\n<meta property=\"article:publisher\" content=\"https:\/\/facebook.com\/sunoresearch\" \/>\n<meta property=\"og:image\" content=\"https:\/\/files.sunoresearch.com.br\/n\/uploads\/2021\/06\/0bd03f9f-banner-about.jpg\" \/>\n\t<meta property=\"og:image:width\" content=\"2182\" \/>\n\t<meta property=\"og:image:height\" content=\"852\" \/>\n\t<meta property=\"og:image:type\" content=\"image\/jpeg\" \/>\n<meta name=\"author\" content=\"Eduardo Vargas\" \/>\n<meta name=\"twitter:card\" content=\"summary_large_image\" \/>\n<meta name=\"twitter:creator\" content=\"@sunoresearch\" \/>\n<meta name=\"twitter:site\" content=\"@sunoresearch\" \/>\n<meta name=\"twitter:label1\" content=\"Escrito por\" \/>\n\t<meta name=\"twitter:data1\" content=\"Eduardo Vargas\" \/>\n\t<meta name=\"twitter:label2\" content=\"Est. tempo de leitura\" \/>\n\t<meta name=\"twitter:data2\" content=\"3 minutos\" \/>\n<script type=\"application\/ld+json\" class=\"yoast-schema-graph\">{\"@context\":\"https:\/\/schema.org\",\"@graph\":[{\"@type\":\"NewsArticle\",\"@id\":\"https:\/\/www.suno.com.br\/noticias\/cba-cbav3-acao-1120-estreia-b3-valendo-r-67-bilhoes\/#article\",\"isPartOf\":{\"@id\":\"https:\/\/www.suno.com.br\/noticias\/cba-cbav3-acao-1120-estreia-b3-valendo-r-67-bilhoes\/\"},\"author\":{\"name\":\"Eduardo Vargas\",\"@id\":\"https:\/\/www.suno.com.br\/noticias\/#\/schema\/person\/7f4d362bf3518e76090143ae77bb49a5\"},\"headline\":\"CBA (CBAV3) precifica a\u00e7\u00e3o a R$ 11,20 e estreia na Bolsa amanh\u00e3 valendo R$ 6,7 bilh\u00f5es\",\"datePublished\":\"2021-07-14T13:06:30+00:00\",\"mainEntityOfPage\":{\"@id\":\"https:\/\/www.suno.com.br\/noticias\/cba-cbav3-acao-1120-estreia-b3-valendo-r-67-bilhoes\/\"},\"wordCount\":616,\"publisher\":{\"@id\":\"https:\/\/www.suno.com.br\/noticias\/#organization\"},\"image\":{\"@id\":\"https:\/\/www.suno.com.br\/noticias\/cba-cbav3-acao-1120-estreia-b3-valendo-r-67-bilhoes\/#primaryimage\"},\"thumbnailUrl\":\"https:\/\/files.sunoresearch.com.br\/n\/uploads\/2021\/06\/0bd03f9f-banner-about-jpg.webp\",\"keywords\":[\"B3 (B3SA3)\",\"Bolsa de Valores de S\u00e3o Paulo (B3)\",\"BTG Pactual (BPAC11\/BPAC3\/BPAC5)\",\"CBA (CBAV3)\",\"Grupo Votorantim\",\"IPO (Oferta Inicial de A\u00e7\u00f5es)\"],\"articleSection\":[\"Neg\u00f3cios\"],\"inLanguage\":\"pt-BR\"},{\"@type\":\"WebPage\",\"@id\":\"https:\/\/www.suno.com.br\/noticias\/cba-cbav3-acao-1120-estreia-b3-valendo-r-67-bilhoes\/\",\"url\":\"https:\/\/www.suno.com.br\/noticias\/cba-cbav3-acao-1120-estreia-b3-valendo-r-67-bilhoes\/\",\"name\":\"CBA (CBAV3) precifica a\u00e7\u00e3o a R$ 11,20 e estreia na B3 valendo R$ 6,7bi\",\"isPartOf\":{\"@id\":\"https:\/\/www.suno.com.br\/noticias\/#website\"},\"primaryImageOfPage\":{\"@id\":\"https:\/\/www.suno.com.br\/noticias\/cba-cbav3-acao-1120-estreia-b3-valendo-r-67-bilhoes\/#primaryimage\"},\"image\":{\"@id\":\"https:\/\/www.suno.com.br\/noticias\/cba-cbav3-acao-1120-estreia-b3-valendo-r-67-bilhoes\/#primaryimage\"},\"thumbnailUrl\":\"https:\/\/files.sunoresearch.com.br\/n\/uploads\/2021\/06\/0bd03f9f-banner-about-jpg.webp\",\"datePublished\":\"2021-07-14T13:06:30+00:00\",\"description\":\"Na oferta da CBA, o grupo Votorantim realizou vendeu uma fatia de sua participa\u00e7\u00e3o, embolsando R$ 910 milh\u00f5es. Clique aqui e leia mais.\",\"breadcrumb\":{\"@id\":\"https:\/\/www.suno.com.br\/noticias\/cba-cbav3-acao-1120-estreia-b3-valendo-r-67-bilhoes\/#breadcrumb\"},\"inLanguage\":\"pt-BR\",\"potentialAction\":[{\"@type\":\"ReadAction\",\"target\":[\"https:\/\/www.suno.com.br\/noticias\/cba-cbav3-acao-1120-estreia-b3-valendo-r-67-bilhoes\/\"]}]},{\"@type\":\"ImageObject\",\"inLanguage\":\"pt-BR\",\"@id\":\"https:\/\/www.suno.com.br\/noticias\/cba-cbav3-acao-1120-estreia-b3-valendo-r-67-bilhoes\/#primaryimage\",\"url\":\"https:\/\/files.sunoresearch.com.br\/n\/uploads\/2021\/06\/0bd03f9f-banner-about-jpg.webp\",\"contentUrl\":\"https:\/\/files.sunoresearch.com.br\/n\/uploads\/2021\/06\/0bd03f9f-banner-about-jpg.webp\",\"width\":2182,\"height\":852,\"caption\":\"CBA conclui compra de fatia remanescente na Alux por R$ 98 milh\u00f5es. Foto: Divulga\u00e7\u00e3o.\"},{\"@type\":\"BreadcrumbList\",\"@id\":\"https:\/\/www.suno.com.br\/noticias\/cba-cbav3-acao-1120-estreia-b3-valendo-r-67-bilhoes\/#breadcrumb\",\"itemListElement\":[{\"@type\":\"ListItem\",\"position\":1,\"name\":\"Not\u00edcias\",\"item\":\"https:\/\/www.suno.com.br\/noticias\/\"},{\"@type\":\"ListItem\",\"position\":2,\"name\":\"Neg\u00f3cios\",\"item\":\"https:\/\/www.suno.com.br\/noticias\/negocios\/\"},{\"@type\":\"ListItem\",\"position\":3,\"name\":\"CBA (CBAV3) precifica a\u00e7\u00e3o a R$ 11,20 e estreia na Bolsa amanh\u00e3 valendo R$ 6,7 bilh\u00f5es\"}]},{\"@type\":\"WebSite\",\"@id\":\"https:\/\/www.suno.com.br\/noticias\/#website\",\"url\":\"https:\/\/www.suno.com.br\/noticias\/\",\"name\":\"Suno Not\u00edcias\",\"description\":\"Seu portal de informa\u00e7\u00e3o sobre o mundo dos investimentos\",\"publisher\":{\"@id\":\"https:\/\/www.suno.com.br\/noticias\/#organization\"},\"potentialAction\":[{\"@type\":\"SearchAction\",\"target\":{\"@type\":\"EntryPoint\",\"urlTemplate\":\"https:\/\/www.suno.com.br\/noticias\/?s={search_term_string}\"},\"query-input\":{\"@type\":\"PropertyValueSpecification\",\"valueRequired\":true,\"valueName\":\"search_term_string\"}}],\"inLanguage\":\"pt-BR\"},{\"@type\":\"Organization\",\"@id\":\"https:\/\/www.suno.com.br\/noticias\/#organization\",\"name\":\"Suno Not\u00edcias\",\"url\":\"https:\/\/www.suno.com.br\/noticias\/\",\"logo\":{\"@type\":\"ImageObject\",\"inLanguage\":\"pt-BR\",\"@id\":\"https:\/\/www.suno.com.br\/noticias\/#\/schema\/logo\/image\/\",\"url\":\"https:\/\/files.sunoresearch.com.br\/n\/uploads\/2021\/09\/suno-logo.png\",\"contentUrl\":\"https:\/\/files.sunoresearch.com.br\/n\/uploads\/2021\/09\/suno-logo.png\",\"width\":180,\"height\":180,\"caption\":\"Suno Not\u00edcias\"},\"image\":{\"@id\":\"https:\/\/www.suno.com.br\/noticias\/#\/schema\/logo\/image\/\"},\"sameAs\":[\"https:\/\/facebook.com\/sunoresearch\",\"https:\/\/x.com\/sunoresearch\",\"https:\/\/www.instagram.com\/suno\",\"https:\/\/www.linkedin.com\/company\/suno-research\/\",\"https:\/\/www.youtube.com\/c\/sunoresearch\"]},{\"@type\":\"Person\",\"@id\":\"https:\/\/www.suno.com.br\/noticias\/#\/schema\/person\/7f4d362bf3518e76090143ae77bb49a5\",\"name\":\"Eduardo Vargas\",\"image\":{\"@type\":\"ImageObject\",\"inLanguage\":\"pt-BR\",\"@id\":\"https:\/\/www.suno.com.br\/noticias\/#\/schema\/person\/image\/\",\"url\":\"https:\/\/secure.gravatar.com\/avatar\/dac340933427a22924c9f99d1eb2e3f2?s=96&r=g\",\"contentUrl\":\"https:\/\/secure.gravatar.com\/avatar\/dac340933427a22924c9f99d1eb2e3f2?s=96&r=g\",\"caption\":\"Eduardo Vargas\"},\"description\":\"Jornalista formado pela UFSC, cobre macroeconomia, neg\u00f3cios e startups para o Suno Not\u00edcias, escrevendo principalmente not\u00edcias sobre o mercado financeiro e a bolsa de valores. No YouTube e no Instagram, \u00e9 respons\u00e1vel pela produ\u00e7\u00e3o de Reels e Shorts do Suno Not\u00edcias. Anteriormente, trabalhou cobrindo economia e cotidiano no ND+ e para o ND, maior jornal impresso de Santa Catarina. Cursou um semestre letivo de Estudos de M\u00eddia na Universidad de Buenos Aires.\",\"url\":\"https:\/\/www.suno.com.br\/noticias\/author\/eduardo-vargas\/\"}]}<\/script>\n<!-- \/ Yoast SEO plugin. -->","yoast_head_json":{"title":"CBA (CBAV3) precifica a\u00e7\u00e3o a R$ 11,20 e estreia na B3 valendo R$ 6,7bi","description":"Na oferta da CBA, o grupo Votorantim realizou vendeu uma fatia de sua participa\u00e7\u00e3o, embolsando R$ 910 milh\u00f5es. Clique aqui e leia mais.","robots":{"index":"index","follow":"follow","max-snippet":"max-snippet:-1","max-image-preview":"max-image-preview:large","max-video-preview":"max-video-preview:-1"},"canonical":"https:\/\/www.suno.com.br\/noticias\/cba-cbav3-acao-1120-estreia-b3-valendo-r-67-bilhoes\/","og_locale":"pt_BR","og_type":"article","og_title":"CBA (CBAV3) precifica a\u00e7\u00e3o a R$ 11,20 e estreia na B3 valendo R$ 6,7bi","og_description":"Na oferta da CBA, o grupo Votorantim realizou vendeu uma fatia de sua participa\u00e7\u00e3o, embolsando R$ 910 milh\u00f5es. Clique aqui e leia mais.","og_url":"https:\/\/www.suno.com.br\/noticias\/cba-cbav3-acao-1120-estreia-b3-valendo-r-67-bilhoes\/","og_site_name":"Suno Not\u00edcias","article_publisher":"https:\/\/facebook.com\/sunoresearch","og_image":[{"width":2182,"height":852,"url":"https:\/\/files.sunoresearch.com.br\/n\/uploads\/2021\/06\/0bd03f9f-banner-about.jpg","type":"image\/jpeg"}],"author":"Eduardo Vargas","twitter_card":"summary_large_image","twitter_creator":"@sunoresearch","twitter_site":"@sunoresearch","twitter_misc":{"Escrito por":"Eduardo Vargas","Est. tempo de leitura":"3 minutos"},"schema":{"@context":"https:\/\/schema.org","@graph":[{"@type":"NewsArticle","@id":"https:\/\/www.suno.com.br\/noticias\/cba-cbav3-acao-1120-estreia-b3-valendo-r-67-bilhoes\/#article","isPartOf":{"@id":"https:\/\/www.suno.com.br\/noticias\/cba-cbav3-acao-1120-estreia-b3-valendo-r-67-bilhoes\/"},"author":{"name":"Eduardo Vargas","@id":"https:\/\/www.suno.com.br\/noticias\/#\/schema\/person\/7f4d362bf3518e76090143ae77bb49a5"},"headline":"CBA (CBAV3) precifica a\u00e7\u00e3o a R$ 11,20 e estreia na Bolsa amanh\u00e3 valendo R$ 6,7 bilh\u00f5es","datePublished":"2021-07-14T13:06:30+00:00","mainEntityOfPage":{"@id":"https:\/\/www.suno.com.br\/noticias\/cba-cbav3-acao-1120-estreia-b3-valendo-r-67-bilhoes\/"},"wordCount":616,"publisher":{"@id":"https:\/\/www.suno.com.br\/noticias\/#organization"},"image":{"@id":"https:\/\/www.suno.com.br\/noticias\/cba-cbav3-acao-1120-estreia-b3-valendo-r-67-bilhoes\/#primaryimage"},"thumbnailUrl":"https:\/\/files.sunoresearch.com.br\/n\/uploads\/2021\/06\/0bd03f9f-banner-about-jpg.webp","keywords":["B3 (B3SA3)","Bolsa de Valores de S\u00e3o Paulo (B3)","BTG Pactual (BPAC11\/BPAC3\/BPAC5)","CBA (CBAV3)","Grupo Votorantim","IPO (Oferta Inicial de A\u00e7\u00f5es)"],"articleSection":["Neg\u00f3cios"],"inLanguage":"pt-BR"},{"@type":"WebPage","@id":"https:\/\/www.suno.com.br\/noticias\/cba-cbav3-acao-1120-estreia-b3-valendo-r-67-bilhoes\/","url":"https:\/\/www.suno.com.br\/noticias\/cba-cbav3-acao-1120-estreia-b3-valendo-r-67-bilhoes\/","name":"CBA (CBAV3) precifica a\u00e7\u00e3o a R$ 11,20 e estreia na B3 valendo R$ 6,7bi","isPartOf":{"@id":"https:\/\/www.suno.com.br\/noticias\/#website"},"primaryImageOfPage":{"@id":"https:\/\/www.suno.com.br\/noticias\/cba-cbav3-acao-1120-estreia-b3-valendo-r-67-bilhoes\/#primaryimage"},"image":{"@id":"https:\/\/www.suno.com.br\/noticias\/cba-cbav3-acao-1120-estreia-b3-valendo-r-67-bilhoes\/#primaryimage"},"thumbnailUrl":"https:\/\/files.sunoresearch.com.br\/n\/uploads\/2021\/06\/0bd03f9f-banner-about-jpg.webp","datePublished":"2021-07-14T13:06:30+00:00","description":"Na oferta da CBA, o grupo Votorantim realizou vendeu uma fatia de sua participa\u00e7\u00e3o, embolsando R$ 910 milh\u00f5es. Clique aqui e leia mais.","breadcrumb":{"@id":"https:\/\/www.suno.com.br\/noticias\/cba-cbav3-acao-1120-estreia-b3-valendo-r-67-bilhoes\/#breadcrumb"},"inLanguage":"pt-BR","potentialAction":[{"@type":"ReadAction","target":["https:\/\/www.suno.com.br\/noticias\/cba-cbav3-acao-1120-estreia-b3-valendo-r-67-bilhoes\/"]}]},{"@type":"ImageObject","inLanguage":"pt-BR","@id":"https:\/\/www.suno.com.br\/noticias\/cba-cbav3-acao-1120-estreia-b3-valendo-r-67-bilhoes\/#primaryimage","url":"https:\/\/files.sunoresearch.com.br\/n\/uploads\/2021\/06\/0bd03f9f-banner-about-jpg.webp","contentUrl":"https:\/\/files.sunoresearch.com.br\/n\/uploads\/2021\/06\/0bd03f9f-banner-about-jpg.webp","width":2182,"height":852,"caption":"CBA conclui compra de fatia remanescente na Alux por R$ 98 milh\u00f5es. Foto: Divulga\u00e7\u00e3o."},{"@type":"BreadcrumbList","@id":"https:\/\/www.suno.com.br\/noticias\/cba-cbav3-acao-1120-estreia-b3-valendo-r-67-bilhoes\/#breadcrumb","itemListElement":[{"@type":"ListItem","position":1,"name":"Not\u00edcias","item":"https:\/\/www.suno.com.br\/noticias\/"},{"@type":"ListItem","position":2,"name":"Neg\u00f3cios","item":"https:\/\/www.suno.com.br\/noticias\/negocios\/"},{"@type":"ListItem","position":3,"name":"CBA (CBAV3) precifica a\u00e7\u00e3o a R$ 11,20 e estreia na Bolsa amanh\u00e3 valendo R$ 6,7 bilh\u00f5es"}]},{"@type":"WebSite","@id":"https:\/\/www.suno.com.br\/noticias\/#website","url":"https:\/\/www.suno.com.br\/noticias\/","name":"Suno Not\u00edcias","description":"Seu portal de informa\u00e7\u00e3o sobre o mundo dos investimentos","publisher":{"@id":"https:\/\/www.suno.com.br\/noticias\/#organization"},"potentialAction":[{"@type":"SearchAction","target":{"@type":"EntryPoint","urlTemplate":"https:\/\/www.suno.com.br\/noticias\/?s={search_term_string}"},"query-input":{"@type":"PropertyValueSpecification","valueRequired":true,"valueName":"search_term_string"}}],"inLanguage":"pt-BR"},{"@type":"Organization","@id":"https:\/\/www.suno.com.br\/noticias\/#organization","name":"Suno Not\u00edcias","url":"https:\/\/www.suno.com.br\/noticias\/","logo":{"@type":"ImageObject","inLanguage":"pt-BR","@id":"https:\/\/www.suno.com.br\/noticias\/#\/schema\/logo\/image\/","url":"https:\/\/files.sunoresearch.com.br\/n\/uploads\/2021\/09\/suno-logo.png","contentUrl":"https:\/\/files.sunoresearch.com.br\/n\/uploads\/2021\/09\/suno-logo.png","width":180,"height":180,"caption":"Suno Not\u00edcias"},"image":{"@id":"https:\/\/www.suno.com.br\/noticias\/#\/schema\/logo\/image\/"},"sameAs":["https:\/\/facebook.com\/sunoresearch","https:\/\/x.com\/sunoresearch","https:\/\/www.instagram.com\/suno","https:\/\/www.linkedin.com\/company\/suno-research\/","https:\/\/www.youtube.com\/c\/sunoresearch"]},{"@type":"Person","@id":"https:\/\/www.suno.com.br\/noticias\/#\/schema\/person\/7f4d362bf3518e76090143ae77bb49a5","name":"Eduardo Vargas","image":{"@type":"ImageObject","inLanguage":"pt-BR","@id":"https:\/\/www.suno.com.br\/noticias\/#\/schema\/person\/image\/","url":"https:\/\/secure.gravatar.com\/avatar\/dac340933427a22924c9f99d1eb2e3f2?s=96&r=g","contentUrl":"https:\/\/secure.gravatar.com\/avatar\/dac340933427a22924c9f99d1eb2e3f2?s=96&r=g","caption":"Eduardo Vargas"},"description":"Jornalista formado pela UFSC, cobre macroeconomia, neg\u00f3cios e startups para o Suno Not\u00edcias, escrevendo principalmente not\u00edcias sobre o mercado financeiro e a bolsa de valores. No YouTube e no Instagram, \u00e9 respons\u00e1vel pela produ\u00e7\u00e3o de Reels e Shorts do Suno Not\u00edcias. Anteriormente, trabalhou cobrindo economia e cotidiano no ND+ e para o ND, maior jornal impresso de Santa Catarina. Cursou um semestre letivo de Estudos de M\u00eddia na Universidad de Buenos Aires.","url":"https:\/\/www.suno.com.br\/noticias\/author\/eduardo-vargas\/"}]}},"default_loop_html":"<div class=\"cardsPage__listCard__boxs\"><div class=\"cardsPage__listCard__boxs__img\"><a href=\"https:\/\/www.suno.com.br\/noticias\/cba-cbav3-acao-1120-estreia-b3-valendo-r-67-bilhoes\/\"><img class=\"mask\" src=\"https:\/\/www.suno.com.br\/noticias\/wp-content\/themes\/suno\/resources\/images\/spotlight\/spotlight1img\/bg-mask.png\" alt=\"Image Mask\"\/><img src=\"https:\/\/files.sunoresearch.com.br\/n\/uploads\/2021\/06\/0bd03f9f-banner-about-400x200.webp\" alt=\"CBA (CBAV3) precifica a\u00e7\u00e3o a R$ 11,20 e estreia na Bolsa amanh\u00e3 valendo R$ 6,7 bilh\u00f5es\"\/><\/a><span class=\"spotlightCategory\"><a href=\"https:\/\/www.suno.com.br\/noticias\/negocios\/\">Neg\u00f3cios<\/a><\/span><\/div><div class=\"cardsPage__listCard__boxs__content\"><a href=\"https:\/\/www.suno.com.br\/noticias\/cba-cbav3-acao-1120-estreia-b3-valendo-r-67-bilhoes\/\"><h2 class=\"content__title\">CBA (CBAV3) precifica a\u00e7\u00e3o a R$ 11,20 e estreia na Bolsa amanh\u00e3 valendo R$ 6,7 bilh\u00f5es<\/h2><\/a><div class=\"newsContent__article__meta\"><div class=\"newsContent__article__meta__authorBox\"><a href=\"https:\/\/www.suno.com.br\/noticias\/author\/eduardo-vargas\/\" class=\"authorBox__avatar noMobi\"><img src=\"https:\/\/secure.gravatar.com\/avatar\/dac340933427a22924c9f99d1eb2e3f2?s=96&#038;r=g\" alt=\"Eduardo Vargas\"><\/a><div class=\"authorBox__name\"><span>por\n\t\t\t<a href=\"https:\/\/www.suno.com.br\/noticias\/author\/eduardo-vargas\/\"><span itemprop=\"author\">Eduardo Vargas<\/span><\/a><\/span><time datetime=\"2021-07-14T10:06:30-03:00\" itemprop=\"datePublished\">14\/07\/2021 10:06<\/time><\/div><\/div><\/div><\/div><\/div>","single_layout":"posts","amp_enabled":true,"_links":{"self":[{"href":"https:\/\/www.suno.com.br\/noticias\/wp-json\/wp\/v2\/posts\/165782"}],"collection":[{"href":"https:\/\/www.suno.com.br\/noticias\/wp-json\/wp\/v2\/posts"}],"about":[{"href":"https:\/\/www.suno.com.br\/noticias\/wp-json\/wp\/v2\/types\/post"}],"author":[{"embeddable":true,"href":"https:\/\/www.suno.com.br\/noticias\/wp-json\/wp\/v2\/users\/73"}],"replies":[{"embeddable":true,"href":"https:\/\/www.suno.com.br\/noticias\/wp-json\/wp\/v2\/comments?post=165782"}],"version-history":[{"count":4,"href":"https:\/\/www.suno.com.br\/noticias\/wp-json\/wp\/v2\/posts\/165782\/revisions"}],"predecessor-version":[{"id":165838,"href":"https:\/\/www.suno.com.br\/noticias\/wp-json\/wp\/v2\/posts\/165782\/revisions\/165838"}],"wp:featuredmedia":[{"embeddable":true,"href":"https:\/\/www.suno.com.br\/noticias\/wp-json\/wp\/v2\/media\/159908"}],"wp:attachment":[{"href":"https:\/\/www.suno.com.br\/noticias\/wp-json\/wp\/v2\/media?parent=165782"}],"wp:term":[{"taxonomy":"category","embeddable":true,"href":"https:\/\/www.suno.com.br\/noticias\/wp-json\/wp\/v2\/categories?post=165782"},{"taxonomy":"post_tag","embeddable":true,"href":"https:\/\/www.suno.com.br\/noticias\/wp-json\/wp\/v2\/tags?post=165782"},{"taxonomy":"suno_strategy","embeddable":true,"href":"https:\/\/www.suno.com.br\/noticias\/wp-json\/wp\/v2\/suno_strategy?post=165782"}],"curies":[{"name":"wp","href":"https:\/\/api.w.org\/{rel}","templated":true}]}}