{"id":16550,"date":"2019-02-25T19:16:39","date_gmt":"2019-02-25T22:16:39","guid":{"rendered":"https:\/\/www.suno.com.br\/noticias\/?p=16550"},"modified":"2019-02-25T19:16:39","modified_gmt":"2019-02-25T22:16:39","slug":"venezuela-sem-medidas-extremas-mourao","status":"publish","type":"post","link":"https:\/\/www.suno.com.br\/noticias\/venezuela-sem-medidas-extremas-mourao\/","title":{"rendered":"Venezuela: Democracia deve vir sem qualquer medida extrema, diz Mour\u00e3o"},"content":{"rendered":"<p>O <a href=\"http:\/\/www2.planalto.gov.br\/\">vice-presidente da Rep\u00fablica<\/a>, Hamilton Mour\u00e3o, fez um discurso contra o ditador venezuelano Nicol\u00e1s Maduro nesta segunda (25) em Bogot\u00e1, na Col\u00f4mbia. Ele chamou seu governo de &#8220;criminoso&#8221; e disse que o retorno da Venezuela \u00e0 democracia deve se dar sem medidas extremas.<\/p>\t<div class=\"wrapper-featured-image\">\n\t\t<figure class=\"spotlightImg\">\n\n\t\t\t<picture>\n\t\t\t\t<source media=\"(max-width: 768px)\" srcset=\"https:\/\/files.sunoresearch.com.br\/n\/uploads\/2019\/02\/ee6c9266-reforma-da-previd\u00eancia-400x200.webp\">\n\t\t\t\t<img loading=\"lazy\" decoding=\"async\" class=\"newsContent__article__imgCapa lazyloadDisabled newsContent__article__imgCapa--noCaption\" src=\"https:\/\/files.sunoresearch.com.br\/n\/uploads\/2019\/02\/ee6c9266-reforma-da-previd\u00eancia-800x450.webp\" width=\"800\" height=\"450\" alt=\"Venezuela: Democracia deve vir sem qualquer medida extrema, diz Mour\u00e3o\" fetchpriority=high \/>\n\t\t\t<\/picture>\n\n\t\t\t<figcaption class=\"wp-caption-text wp-caption-text--hide\">Mour\u00e3o discursa no Grupo de Lima contra o regime da Venezuela<\/figcaption>\n\t\t<\/figure>\n\t<\/div>\n\n\n<p>&#8220;O <strong>Brasil<\/strong> acredita que \u00e9 poss\u00edvel fazer a <strong>Venezuela<\/strong> voltar ao conv\u00edvio democr\u00e1tico das <strong>Am\u00e9ricas,<\/strong> <strong>sem qualquer medida extrema<\/strong> que nos confunda, enquanto na\u00e7\u00f5es <strong>democr\u00e1ticas,<\/strong> com aqueles que ser\u00e3o julgados pela hist\u00f3ria como agressores, invasores e violadores das soberanias nacionais&#8221;, declarou.<\/p>\n<p><a href=\"https:\/\/www.suno.com.br\/noticias\/exercito-venezuela-confronto-brasil\/\">Saiba mais: Ex\u00e9rcito e venezuelanos entram em confronto na fronteira do Brasil<\/a><\/p>\n<p>Ele deixou claro, no entanto, que a <strong>altern\u00e2ncia de poder<\/strong> vai necessitar ajuda externa. &#8220;\u00c0 luz dos acontecimentos acumulados h\u00e1 mais de uma d\u00e9cada, sabemos que a <strong>Venezuela<\/strong> n\u00e3o vai conseguir se livrar sozinha da opress\u00e3o do <strong>regime chavista.<\/strong> A hora \u00e9 de solidariedade <strong>latino-americana&#8221;,<\/strong> disse.<\/p>\n<p><strong>Mour\u00e3o<\/strong> participou de reuni\u00e3o do <strong>Grupo de Lima<\/strong> para debater solu\u00e7\u00f5es para a crise venezuelana. Ele e o ministro de <strong>Rela\u00e7\u00f5es Exteriores, Ernesto Ara\u00fajo,<\/strong> representaram o Brasil no encontro. O vice-presidente dos <strong>Estados Unidos, Mike Pence,<\/strong> foi convidado especial do evento, apesar de o Pa\u00eds n\u00e3o compor oficialmente o grupo, e prometeu &#8220;san\u00e7\u00f5es mais fortes&#8221; \u00e0 ditadura.<\/p>\n<p><a href=\"https:\/\/www.suno.com.br\/noticias\/venezuela-governo-brasileiro-condena\/\">Saiba mais: Venezuela: Governo brasileiro condena atos de viol\u00eancia na fronteira<\/a><\/p>\n<p>O vice-presidente brasileiro optou por outra via de resolu\u00e7\u00e3o. Para ele, a press\u00e3o deveria vir por parte de organiza\u00e7\u00f5es internacionais, como as <strong>Na\u00e7\u00f5es Unidas (ONU)<\/strong> e a <strong>Organiza\u00e7\u00e3o dos Estados Americanos (OEA)<\/strong>, al\u00e9m de ag\u00eancias de aplica\u00e7\u00e3o de tratados internacionais.<\/p>\n<p><a href=\"https:\/\/www.suno.com.br\/noticias\/fronteira-venezuela-tres-mortes-confronto\/\">Saiba mais: Mais tr\u00eas pessoas morrem em conflito na fronteira com a Venezuela<\/a><\/p>\n<h2>O Grupo de Lima<\/h2>\n<p>Criado em 2017 por iniciativa do <strong>governo peruano<\/strong> a fim de pressionar o regime de <strong>Nicol\u00e1s Maduro<\/strong> a recuar do autoritarismo, o <strong>Grupo de Lima<\/strong> conta com 14 pa\u00edses, incluindo o <strong>Peru:<\/strong><\/p>\n<ul>\n<li>Peru<\/li>\n<li>Brasil<\/li>\n<li>Argentina<\/li>\n<li>Canad\u00e1<\/li>\n<li>Col\u00f4mbia<\/li>\n<li>Chile<\/li>\n<li>M\u00e9xico<\/li>\n<li>Paraguai<\/li>\n<li>Panam\u00e1<\/li>\n<li>Honduras<\/li>\n<li>Guiana<\/li>\n<li>Guatemala<\/li>\n<li>Costa Rica<\/li>\n<li>Santa L\u00facia<\/li>\n<\/ul>\n<p>&nbsp;<\/p>\n","protected":false},"excerpt":{"rendered":"<p>O vice-presidente da Rep\u00fablica, Hamilton Mour\u00e3o, fez um discurso contra o ditador venezuelano Nicol\u00e1s Maduro nesta segunda (25) em Bogot\u00e1, na Col\u00f4mbia. Ele chamou seu governo de &#8220;criminoso&#8221; e disse que o retorno da Venezuela \u00e0 democracia deve se dar sem medidas extremas. Mour\u00e3o discursa no Grupo de Lima contra o regime da Venezuela &#8220;O [&hellip;]<\/p>\n","protected":false},"author":13,"featured_media":13838,"comment_status":"closed","ping_status":"closed","sticky":false,"template":"","format":"standard","meta":[],"categories":[63],"tags":[1019,804],"suno_strategy":[],"class_list":["post-16550","post","type-post","status-publish","format-standard","has-post-thumbnail","hentry","category-internacional","tag-hamilton-mourao","tag-venezuela"],"yoast_head":"<!-- This site is optimized with the Yoast SEO plugin v24.4 - https:\/\/yoast.com\/wordpress\/plugins\/seo\/ -->\n<title>Venezuela: Democracia deve vir sem medidas extremas, diz Mour\u00e3o<\/title>\n<meta name=\"description\" content=\"O vice-presidente Mour\u00e3o Hamilton disse que o retorno da Venezuela \u00e0 democracia deve se dar sem medidas extremas. Clique e saiba mais\" \/>\n<meta name=\"robots\" content=\"index, follow, max-snippet:-1, max-image-preview:large, max-video-preview:-1\" \/>\n<link rel=\"canonical\" href=\"https:\/\/www.suno.com.br\/noticias\/venezuela-sem-medidas-extremas-mourao\/\" \/>\n<meta property=\"og:locale\" content=\"pt_BR\" \/>\n<meta property=\"og:type\" content=\"article\" \/>\n<meta property=\"og:title\" content=\"Venezuela: Democracia deve vir sem medidas extremas, diz Mour\u00e3o\" \/>\n<meta property=\"og:description\" content=\"O vice-presidente Mour\u00e3o Hamilton disse que o retorno da Venezuela \u00e0 democracia deve se dar sem medidas extremas. Clique e saiba mais\" \/>\n<meta property=\"og:url\" content=\"https:\/\/www.suno.com.br\/noticias\/venezuela-sem-medidas-extremas-mourao\/\" \/>\n<meta property=\"og:site_name\" content=\"Suno Not\u00edcias\" \/>\n<meta property=\"article:publisher\" content=\"https:\/\/facebook.com\/sunoresearch\" \/>\n<meta property=\"og:image\" content=\"https:\/\/files.sunoresearch.com.br\/n\/uploads\/2019\/02\/ee6c9266-reforma-da-previd\u00eancia.jpg\" \/>\n\t<meta property=\"og:image:width\" content=\"1140\" \/>\n\t<meta property=\"og:image:height\" content=\"760\" \/>\n\t<meta property=\"og:image:type\" content=\"image\/jpeg\" \/>\n<meta name=\"author\" content=\"Guilherme Caetano\" \/>\n<meta name=\"twitter:card\" content=\"summary_large_image\" \/>\n<meta name=\"twitter:creator\" content=\"@sunoresearch\" \/>\n<meta name=\"twitter:site\" content=\"@sunoresearch\" \/>\n<meta name=\"twitter:label1\" content=\"Escrito por\" \/>\n\t<meta name=\"twitter:data1\" content=\"Guilherme Caetano\" \/>\n\t<meta name=\"twitter:label2\" content=\"Est. tempo de leitura\" \/>\n\t<meta name=\"twitter:data2\" content=\"2 minutos\" \/>\n<script type=\"application\/ld+json\" class=\"yoast-schema-graph\">{\"@context\":\"https:\/\/schema.org\",\"@graph\":[{\"@type\":\"NewsArticle\",\"@id\":\"https:\/\/www.suno.com.br\/noticias\/venezuela-sem-medidas-extremas-mourao\/#article\",\"isPartOf\":{\"@id\":\"https:\/\/www.suno.com.br\/noticias\/venezuela-sem-medidas-extremas-mourao\/\"},\"author\":{\"name\":\"Guilherme Caetano\",\"@id\":\"https:\/\/www.suno.com.br\/noticias\/#\/schema\/person\/0d0c9687cd2f600c564f25980c140de9\"},\"headline\":\"Venezuela: Democracia deve vir sem qualquer medida extrema, diz Mour\u00e3o\",\"datePublished\":\"2019-02-25T22:16:39+00:00\",\"mainEntityOfPage\":{\"@id\":\"https:\/\/www.suno.com.br\/noticias\/venezuela-sem-medidas-extremas-mourao\/\"},\"wordCount\":359,\"publisher\":{\"@id\":\"https:\/\/www.suno.com.br\/noticias\/#organization\"},\"image\":{\"@id\":\"https:\/\/www.suno.com.br\/noticias\/venezuela-sem-medidas-extremas-mourao\/#primaryimage\"},\"thumbnailUrl\":\"https:\/\/files.sunoresearch.com.br\/n\/uploads\/2019\/02\/ee6c9266-reforma-da-previd\u00eancia-jpg.webp\",\"keywords\":[\"Hamilton Mour\u00e3o\",\"Venezuela\"],\"articleSection\":[\"Internacional\"],\"inLanguage\":\"pt-BR\"},{\"@type\":\"WebPage\",\"@id\":\"https:\/\/www.suno.com.br\/noticias\/venezuela-sem-medidas-extremas-mourao\/\",\"url\":\"https:\/\/www.suno.com.br\/noticias\/venezuela-sem-medidas-extremas-mourao\/\",\"name\":\"Venezuela: Democracia deve vir sem medidas extremas, diz Mour\u00e3o\",\"isPartOf\":{\"@id\":\"https:\/\/www.suno.com.br\/noticias\/#website\"},\"primaryImageOfPage\":{\"@id\":\"https:\/\/www.suno.com.br\/noticias\/venezuela-sem-medidas-extremas-mourao\/#primaryimage\"},\"image\":{\"@id\":\"https:\/\/www.suno.com.br\/noticias\/venezuela-sem-medidas-extremas-mourao\/#primaryimage\"},\"thumbnailUrl\":\"https:\/\/files.sunoresearch.com.br\/n\/uploads\/2019\/02\/ee6c9266-reforma-da-previd\u00eancia-jpg.webp\",\"datePublished\":\"2019-02-25T22:16:39+00:00\",\"description\":\"O vice-presidente Mour\u00e3o Hamilton disse que o retorno da Venezuela \u00e0 democracia deve se dar sem medidas extremas. Clique e saiba mais\",\"breadcrumb\":{\"@id\":\"https:\/\/www.suno.com.br\/noticias\/venezuela-sem-medidas-extremas-mourao\/#breadcrumb\"},\"inLanguage\":\"pt-BR\",\"potentialAction\":[{\"@type\":\"ReadAction\",\"target\":[\"https:\/\/www.suno.com.br\/noticias\/venezuela-sem-medidas-extremas-mourao\/\"]}]},{\"@type\":\"ImageObject\",\"inLanguage\":\"pt-BR\",\"@id\":\"https:\/\/www.suno.com.br\/noticias\/venezuela-sem-medidas-extremas-mourao\/#primaryimage\",\"url\":\"https:\/\/files.sunoresearch.com.br\/n\/uploads\/2019\/02\/ee6c9266-reforma-da-previd\u00eancia-jpg.webp\",\"contentUrl\":\"https:\/\/files.sunoresearch.com.br\/n\/uploads\/2019\/02\/ee6c9266-reforma-da-previd\u00eancia-jpg.webp\",\"width\":1140,\"height\":760,\"caption\":\"Mour\u00e3o discursa no Grupo de Lima contra o regime da Venezuela\"},{\"@type\":\"BreadcrumbList\",\"@id\":\"https:\/\/www.suno.com.br\/noticias\/venezuela-sem-medidas-extremas-mourao\/#breadcrumb\",\"itemListElement\":[{\"@type\":\"ListItem\",\"position\":1,\"name\":\"Not\u00edcias\",\"item\":\"https:\/\/www.suno.com.br\/noticias\/\"},{\"@type\":\"ListItem\",\"position\":2,\"name\":\"Internacional\",\"item\":\"https:\/\/www.suno.com.br\/noticias\/internacional\/\"},{\"@type\":\"ListItem\",\"position\":3,\"name\":\"Venezuela: Democracia deve vir sem qualquer medida extrema, diz Mour\u00e3o\"}]},{\"@type\":\"WebSite\",\"@id\":\"https:\/\/www.suno.com.br\/noticias\/#website\",\"url\":\"https:\/\/www.suno.com.br\/noticias\/\",\"name\":\"Suno Not\u00edcias\",\"description\":\"Seu portal de informa\u00e7\u00e3o sobre o mundo dos investimentos\",\"publisher\":{\"@id\":\"https:\/\/www.suno.com.br\/noticias\/#organization\"},\"potentialAction\":[{\"@type\":\"SearchAction\",\"target\":{\"@type\":\"EntryPoint\",\"urlTemplate\":\"https:\/\/www.suno.com.br\/noticias\/?s={search_term_string}\"},\"query-input\":{\"@type\":\"PropertyValueSpecification\",\"valueRequired\":true,\"valueName\":\"search_term_string\"}}],\"inLanguage\":\"pt-BR\"},{\"@type\":\"Organization\",\"@id\":\"https:\/\/www.suno.com.br\/noticias\/#organization\",\"name\":\"Suno Not\u00edcias\",\"url\":\"https:\/\/www.suno.com.br\/noticias\/\",\"logo\":{\"@type\":\"ImageObject\",\"inLanguage\":\"pt-BR\",\"@id\":\"https:\/\/www.suno.com.br\/noticias\/#\/schema\/logo\/image\/\",\"url\":\"https:\/\/files.sunoresearch.com.br\/n\/uploads\/2021\/09\/suno-logo.png\",\"contentUrl\":\"https:\/\/files.sunoresearch.com.br\/n\/uploads\/2021\/09\/suno-logo.png\",\"width\":180,\"height\":180,\"caption\":\"Suno Not\u00edcias\"},\"image\":{\"@id\":\"https:\/\/www.suno.com.br\/noticias\/#\/schema\/logo\/image\/\"},\"sameAs\":[\"https:\/\/facebook.com\/sunoresearch\",\"https:\/\/x.com\/sunoresearch\",\"https:\/\/www.instagram.com\/suno\",\"https:\/\/www.linkedin.com\/company\/suno-research\/\",\"https:\/\/www.youtube.com\/c\/sunoresearch\"]},{\"@type\":\"Person\",\"@id\":\"https:\/\/www.suno.com.br\/noticias\/#\/schema\/person\/0d0c9687cd2f600c564f25980c140de9\",\"name\":\"Guilherme Caetano\",\"image\":{\"@type\":\"ImageObject\",\"inLanguage\":\"pt-BR\",\"@id\":\"https:\/\/www.suno.com.br\/noticias\/#\/schema\/person\/image\/\",\"url\":\"https:\/\/secure.gravatar.com\/avatar\/e48357351a01702a0d19307070e081bf?s=96&r=g\",\"contentUrl\":\"https:\/\/secure.gravatar.com\/avatar\/e48357351a01702a0d19307070e081bf?s=96&r=g\",\"caption\":\"Guilherme Caetano\"},\"description\":\"Formado em jornalismo pela Escola de Comunica\u00e7\u00f5es e Artes da USP, Guilherme Caetano escreve para o portal de not\u00edcias da Suno Research. Passou pelas reda\u00e7\u00f5es da Folha de S.Paulo e da revista \u00c9poca.\",\"url\":\"https:\/\/www.suno.com.br\/noticias\/author\/guilherme-caetano\/\"}]}<\/script>\n<!-- \/ Yoast SEO plugin. -->","yoast_head_json":{"title":"Venezuela: Democracia deve vir sem medidas extremas, diz Mour\u00e3o","description":"O vice-presidente Mour\u00e3o Hamilton disse que o retorno da Venezuela \u00e0 democracia deve se dar sem medidas extremas. Clique e saiba mais","robots":{"index":"index","follow":"follow","max-snippet":"max-snippet:-1","max-image-preview":"max-image-preview:large","max-video-preview":"max-video-preview:-1"},"canonical":"https:\/\/www.suno.com.br\/noticias\/venezuela-sem-medidas-extremas-mourao\/","og_locale":"pt_BR","og_type":"article","og_title":"Venezuela: Democracia deve vir sem medidas extremas, diz Mour\u00e3o","og_description":"O vice-presidente Mour\u00e3o Hamilton disse que o retorno da Venezuela \u00e0 democracia deve se dar sem medidas extremas. Clique e saiba mais","og_url":"https:\/\/www.suno.com.br\/noticias\/venezuela-sem-medidas-extremas-mourao\/","og_site_name":"Suno Not\u00edcias","article_publisher":"https:\/\/facebook.com\/sunoresearch","og_image":[{"width":1140,"height":760,"url":"https:\/\/files.sunoresearch.com.br\/n\/uploads\/2019\/02\/ee6c9266-reforma-da-previd\u00eancia.jpg","type":"image\/jpeg"}],"author":"Guilherme Caetano","twitter_card":"summary_large_image","twitter_creator":"@sunoresearch","twitter_site":"@sunoresearch","twitter_misc":{"Escrito por":"Guilherme Caetano","Est. tempo de leitura":"2 minutos"},"schema":{"@context":"https:\/\/schema.org","@graph":[{"@type":"NewsArticle","@id":"https:\/\/www.suno.com.br\/noticias\/venezuela-sem-medidas-extremas-mourao\/#article","isPartOf":{"@id":"https:\/\/www.suno.com.br\/noticias\/venezuela-sem-medidas-extremas-mourao\/"},"author":{"name":"Guilherme Caetano","@id":"https:\/\/www.suno.com.br\/noticias\/#\/schema\/person\/0d0c9687cd2f600c564f25980c140de9"},"headline":"Venezuela: Democracia deve vir sem qualquer medida extrema, diz Mour\u00e3o","datePublished":"2019-02-25T22:16:39+00:00","mainEntityOfPage":{"@id":"https:\/\/www.suno.com.br\/noticias\/venezuela-sem-medidas-extremas-mourao\/"},"wordCount":359,"publisher":{"@id":"https:\/\/www.suno.com.br\/noticias\/#organization"},"image":{"@id":"https:\/\/www.suno.com.br\/noticias\/venezuela-sem-medidas-extremas-mourao\/#primaryimage"},"thumbnailUrl":"https:\/\/files.sunoresearch.com.br\/n\/uploads\/2019\/02\/ee6c9266-reforma-da-previd\u00eancia-jpg.webp","keywords":["Hamilton Mour\u00e3o","Venezuela"],"articleSection":["Internacional"],"inLanguage":"pt-BR"},{"@type":"WebPage","@id":"https:\/\/www.suno.com.br\/noticias\/venezuela-sem-medidas-extremas-mourao\/","url":"https:\/\/www.suno.com.br\/noticias\/venezuela-sem-medidas-extremas-mourao\/","name":"Venezuela: Democracia deve vir sem medidas extremas, diz Mour\u00e3o","isPartOf":{"@id":"https:\/\/www.suno.com.br\/noticias\/#website"},"primaryImageOfPage":{"@id":"https:\/\/www.suno.com.br\/noticias\/venezuela-sem-medidas-extremas-mourao\/#primaryimage"},"image":{"@id":"https:\/\/www.suno.com.br\/noticias\/venezuela-sem-medidas-extremas-mourao\/#primaryimage"},"thumbnailUrl":"https:\/\/files.sunoresearch.com.br\/n\/uploads\/2019\/02\/ee6c9266-reforma-da-previd\u00eancia-jpg.webp","datePublished":"2019-02-25T22:16:39+00:00","description":"O vice-presidente Mour\u00e3o Hamilton disse que o retorno da Venezuela \u00e0 democracia deve se dar sem medidas extremas. Clique e saiba mais","breadcrumb":{"@id":"https:\/\/www.suno.com.br\/noticias\/venezuela-sem-medidas-extremas-mourao\/#breadcrumb"},"inLanguage":"pt-BR","potentialAction":[{"@type":"ReadAction","target":["https:\/\/www.suno.com.br\/noticias\/venezuela-sem-medidas-extremas-mourao\/"]}]},{"@type":"ImageObject","inLanguage":"pt-BR","@id":"https:\/\/www.suno.com.br\/noticias\/venezuela-sem-medidas-extremas-mourao\/#primaryimage","url":"https:\/\/files.sunoresearch.com.br\/n\/uploads\/2019\/02\/ee6c9266-reforma-da-previd\u00eancia-jpg.webp","contentUrl":"https:\/\/files.sunoresearch.com.br\/n\/uploads\/2019\/02\/ee6c9266-reforma-da-previd\u00eancia-jpg.webp","width":1140,"height":760,"caption":"Mour\u00e3o discursa no Grupo de Lima contra o regime da Venezuela"},{"@type":"BreadcrumbList","@id":"https:\/\/www.suno.com.br\/noticias\/venezuela-sem-medidas-extremas-mourao\/#breadcrumb","itemListElement":[{"@type":"ListItem","position":1,"name":"Not\u00edcias","item":"https:\/\/www.suno.com.br\/noticias\/"},{"@type":"ListItem","position":2,"name":"Internacional","item":"https:\/\/www.suno.com.br\/noticias\/internacional\/"},{"@type":"ListItem","position":3,"name":"Venezuela: Democracia deve vir sem qualquer medida extrema, diz Mour\u00e3o"}]},{"@type":"WebSite","@id":"https:\/\/www.suno.com.br\/noticias\/#website","url":"https:\/\/www.suno.com.br\/noticias\/","name":"Suno Not\u00edcias","description":"Seu portal de informa\u00e7\u00e3o sobre o mundo dos investimentos","publisher":{"@id":"https:\/\/www.suno.com.br\/noticias\/#organization"},"potentialAction":[{"@type":"SearchAction","target":{"@type":"EntryPoint","urlTemplate":"https:\/\/www.suno.com.br\/noticias\/?s={search_term_string}"},"query-input":{"@type":"PropertyValueSpecification","valueRequired":true,"valueName":"search_term_string"}}],"inLanguage":"pt-BR"},{"@type":"Organization","@id":"https:\/\/www.suno.com.br\/noticias\/#organization","name":"Suno Not\u00edcias","url":"https:\/\/www.suno.com.br\/noticias\/","logo":{"@type":"ImageObject","inLanguage":"pt-BR","@id":"https:\/\/www.suno.com.br\/noticias\/#\/schema\/logo\/image\/","url":"https:\/\/files.sunoresearch.com.br\/n\/uploads\/2021\/09\/suno-logo.png","contentUrl":"https:\/\/files.sunoresearch.com.br\/n\/uploads\/2021\/09\/suno-logo.png","width":180,"height":180,"caption":"Suno Not\u00edcias"},"image":{"@id":"https:\/\/www.suno.com.br\/noticias\/#\/schema\/logo\/image\/"},"sameAs":["https:\/\/facebook.com\/sunoresearch","https:\/\/x.com\/sunoresearch","https:\/\/www.instagram.com\/suno","https:\/\/www.linkedin.com\/company\/suno-research\/","https:\/\/www.youtube.com\/c\/sunoresearch"]},{"@type":"Person","@id":"https:\/\/www.suno.com.br\/noticias\/#\/schema\/person\/0d0c9687cd2f600c564f25980c140de9","name":"Guilherme Caetano","image":{"@type":"ImageObject","inLanguage":"pt-BR","@id":"https:\/\/www.suno.com.br\/noticias\/#\/schema\/person\/image\/","url":"https:\/\/secure.gravatar.com\/avatar\/e48357351a01702a0d19307070e081bf?s=96&r=g","contentUrl":"https:\/\/secure.gravatar.com\/avatar\/e48357351a01702a0d19307070e081bf?s=96&r=g","caption":"Guilherme Caetano"},"description":"Formado em jornalismo pela Escola de Comunica\u00e7\u00f5es e Artes da USP, Guilherme Caetano escreve para o portal de not\u00edcias da Suno Research. Passou pelas reda\u00e7\u00f5es da Folha de S.Paulo e da revista \u00c9poca.","url":"https:\/\/www.suno.com.br\/noticias\/author\/guilherme-caetano\/"}]}},"default_loop_html":"<div class=\"cardsPage__listCard__boxs\"><div class=\"cardsPage__listCard__boxs__img\"><a href=\"https:\/\/www.suno.com.br\/noticias\/venezuela-sem-medidas-extremas-mourao\/\"><img class=\"mask\" src=\"https:\/\/www.suno.com.br\/noticias\/wp-content\/themes\/suno\/resources\/images\/spotlight\/spotlight1img\/bg-mask.png\" alt=\"Image Mask\"\/><img src=\"https:\/\/files.sunoresearch.com.br\/n\/uploads\/2019\/02\/ee6c9266-reforma-da-previd\u00eancia-400x200.webp\" alt=\"Venezuela: Democracia deve vir sem qualquer medida extrema, diz Mour\u00e3o\"\/><\/a><span class=\"spotlightCategory\"><a href=\"https:\/\/www.suno.com.br\/noticias\/internacional\/\">Internacional<\/a><\/span><\/div><div class=\"cardsPage__listCard__boxs__content\"><a href=\"https:\/\/www.suno.com.br\/noticias\/venezuela-sem-medidas-extremas-mourao\/\"><h2 class=\"content__title\">Venezuela: Democracia deve vir sem qualquer medida extrema, diz Mour\u00e3o<\/h2><\/a><div class=\"newsContent__article__meta\"><div class=\"newsContent__article__meta__authorBox\"><a href=\"https:\/\/www.suno.com.br\/noticias\/author\/guilherme-caetano\/\" class=\"authorBox__avatar noMobi\"><img src=\"https:\/\/secure.gravatar.com\/avatar\/e48357351a01702a0d19307070e081bf?s=96&#038;r=g\" alt=\"Guilherme Caetano\"><\/a><div class=\"authorBox__name\"><span>por\n\t\t\t<a href=\"https:\/\/www.suno.com.br\/noticias\/author\/guilherme-caetano\/\"><span itemprop=\"author\">Guilherme Caetano<\/span><\/a><\/span><time datetime=\"2019-02-25T19:16:39-03:00\" itemprop=\"datePublished\">25\/02\/2019 19:16<\/time><\/div><\/div><\/div><\/div><\/div>","single_layout":"posts","amp_enabled":true,"_links":{"self":[{"href":"https:\/\/www.suno.com.br\/noticias\/wp-json\/wp\/v2\/posts\/16550"}],"collection":[{"href":"https:\/\/www.suno.com.br\/noticias\/wp-json\/wp\/v2\/posts"}],"about":[{"href":"https:\/\/www.suno.com.br\/noticias\/wp-json\/wp\/v2\/types\/post"}],"author":[{"embeddable":true,"href":"https:\/\/www.suno.com.br\/noticias\/wp-json\/wp\/v2\/users\/13"}],"replies":[{"embeddable":true,"href":"https:\/\/www.suno.com.br\/noticias\/wp-json\/wp\/v2\/comments?post=16550"}],"version-history":[{"count":0,"href":"https:\/\/www.suno.com.br\/noticias\/wp-json\/wp\/v2\/posts\/16550\/revisions"}],"wp:featuredmedia":[{"embeddable":true,"href":"https:\/\/www.suno.com.br\/noticias\/wp-json\/wp\/v2\/media\/13838"}],"wp:attachment":[{"href":"https:\/\/www.suno.com.br\/noticias\/wp-json\/wp\/v2\/media?parent=16550"}],"wp:term":[{"taxonomy":"category","embeddable":true,"href":"https:\/\/www.suno.com.br\/noticias\/wp-json\/wp\/v2\/categories?post=16550"},{"taxonomy":"post_tag","embeddable":true,"href":"https:\/\/www.suno.com.br\/noticias\/wp-json\/wp\/v2\/tags?post=16550"},{"taxonomy":"suno_strategy","embeddable":true,"href":"https:\/\/www.suno.com.br\/noticias\/wp-json\/wp\/v2\/suno_strategy?post=16550"}],"curies":[{"name":"wp","href":"https:\/\/api.w.org\/{rel}","templated":true}]}}