{"id":165426,"date":"2021-07-13T07:49:39","date_gmt":"2021-07-13T10:49:39","guid":{"rendered":"https:\/\/www.suno.com.br\/noticias\/?p=165426"},"modified":"2021-07-13T10:40:40","modified_gmt":"2021-07-13T13:40:40","slug":"bolsonaro-sanciona-privatizacao-eletrobras-elet3","status":"publish","type":"post","link":"https:\/\/www.suno.com.br\/noticias\/bolsonaro-sanciona-privatizacao-eletrobras-elet3\/","title":{"rendered":"Bolsonaro sanciona MP da privatiza\u00e7\u00e3o da Eletrobras (ELET3); veja os pr\u00f3ximos passos"},"content":{"rendered":"<p>O presidente Jair Bolsonaro sancionou, com vetos, a medida provis\u00f3ria (MP) da privatiza\u00e7\u00e3o da <a href=\"https:\/\/www.suno.com.br\/acoes\/elet3\/\"><strong>Eletrobras<\/strong> (ELET3)<\/a>. A san\u00e7\u00e3o foi publicada no Di\u00e1rio Oficial da Uni\u00e3o (DOU) desta ter\u00e7a-feira (13).<\/p>\t<div class=\"wrapper-featured-image\">\n\t\t<figure class=\"spotlightImg\">\n\n\t\t\t<picture>\n\t\t\t\t<source media=\"(max-width: 768px)\" srcset=\"https:\/\/files.sunoresearch.com.br\/n\/uploads\/2021\/05\/d1a6d65e-eletrobras-05-1-400x200.webp\">\n\t\t\t\t<img loading=\"lazy\" decoding=\"async\" class=\"newsContent__article__imgCapa lazyloadDisabled \" src=\"https:\/\/files.sunoresearch.com.br\/n\/uploads\/2021\/05\/d1a6d65e-eletrobras-05-1-800x450.webp\" width=\"800\" height=\"450\" alt=\"Bolsonaro sanciona MP da privatiza\u00e7\u00e3o da Eletrobras (ELET3); veja os pr\u00f3ximos passos\" fetchpriority=high \/>\n\t\t\t<\/picture>\n\n\t\t\t<figcaption class=\"wp-caption-text wp-caption-text--show\">Funcion\u00e1rio Eletrobras (ELET3) em usina e\u00f3lica. Foto: Divulga\u00e7\u00e3o<\/figcaption>\n\t\t<\/figure>\n\t<\/div>\n\n\n\t<p>\n\t\t<a href=\"https:\/\/lp.suno.com.br\/planilha-controle-gastos\/\" target=\"_blank\" data-element=\"shortcode-suno-banner\" title=\"Banner SUNO, clique e saiba mais\">\n\t\t\t<picture>\n\t\t\t\t<source media=\"(max-width: 500px)\" srcset=\"https:\/\/files.sunoresearch.com.br\/n\/uploads\/2023\/03\/400x300-Planilha-controle-de-gastos.png\">\n\t\t\t\t<img class=\"newsContent__article__imgCapa newsContent__article__imgCapa--banner\"\n\t\t\t\t\tsrc=\"https:\/\/files.sunoresearch.com.br\/n\/uploads\/2023\/03\/1420x240-Planilha-controle-de-gastos.png\"\n\t\t\t\t\tdata-promo-id=\"101751\"\t\t\t\t\t\t\t\t\t\twidth='1420' height='240'\t\t\t\t\talt=\"https:\/\/files.sunoresearch.com.br\/n\/uploads\/2023\/03\/1420x240-Planilha-controle-de-gastos.png\"\n\t\t\t\t>\n\t\t\t<\/picture>\n\t\t<\/a>\n\t<\/p>\n\n\n<p>Entre os pontos vetados pelo mandat\u00e1rio, est\u00e1 o trecho referente \u00e0 aquisi\u00e7\u00e3o de <strong>a\u00e7\u00f5es<\/strong> com desconto por parte de colaboradores da Eletrobras. O texto aprovado pelo Congresso diz que at\u00e9 1% das a\u00e7\u00f5es da <strong>Uni\u00e3o<\/strong> poder\u00e1 ser adquirido por empregados demitidos ap\u00f3s o <a class=\"suno-keyword\" href=\"https:\/\/www.suno.com.br\/artigos\/aumento-capital\/\" target=\"_blank\" rel=\"noopener noreferrer\" data-force=\"no\" data-priority=\"1\">aumento de capital<\/a>.<\/p>\n<p>Ao vetar este trecho, <strong>Bolsonaro<\/strong> diz que a medida contraria o interesse p\u00fablico e pode causar &#8220;distor\u00e7\u00e3o no processo de precifica\u00e7\u00e3o das novas a\u00e7\u00f5es&#8221;.<\/p>\n<p>Tamb\u00e9m foi vetado o ponto que obriga o governo a reaproveitar empregados da Eletrobras e suas subsidi\u00e1rias demitidos at\u00e9 um ano <a href=\"https:\/\/www.suno.com.br\/artigos\/privatizacao\/\">ap\u00f3s a <strong>privatiza\u00e7\u00e3o<\/strong><\/a>. Ao revogar o trecho, o presidente alega que este ponto &#8220;viola o princ\u00edpio do concurso p\u00fablico e aumenta as despesas&#8221;.<\/p>\n\t<div data-element=\"shortcode-read-more\" class=\"knowMore\">\n\t\t\t\t<span class=\"knowMore__title\">Saiba mais<\/span>\n\t\t\t\t<a class=\"knowMore__link\" href=\"https:\/\/www.suno.com.br\/noticias\/jabutis-da-mp-da-eletrobras-elet3-guedes\/\">\n\t\t\t&#039;Jabutis&#039; da MP da Eletrobras (ELET3) &#039;v\u00e3o evaporar&#039;, diz Guedes\t\t<\/a>\n\t<\/div>\n\n\n<p>Al\u00e9m disso, tamb\u00e9m foi vetada a extin\u00e7\u00e3o, da incorpora\u00e7\u00e3o, fus\u00e3o ou mudan\u00e7a de domic\u00edlio estadual, por uma d\u00e9cada, das subsidi\u00e1rias Chesf (PE), Furnas (RJ), Eletronorte (DF), e CGT Eletrosul (SC).<\/p>\n<p>Na vis\u00e3o da <strong>Guide Investimentos<\/strong>, os vetos s\u00e3o positivos. &#8220;Vemos com bons olhos a maior parte dos vetos, que de fato, devem trazer maior flexibilidade e competitividade para a empresa, tornando-a mais atraente para investidores.&#8221;<\/p>\n<h2>Os pr\u00f3ximos passos da privatiza\u00e7\u00e3o da Eletrobras<\/h2>\n<p>No dia 23 de fevereiro deste ano, o governo entregou ao Congresso a MP que visava acelerar a privatiza\u00e7\u00e3o da Eletrobras. A medida foi aprovada pela <strong>C\u00e2mara dos Deputados<\/strong> no dia 19 de maio, sendo aprovada pelo <strong>Senado<\/strong> no dia 17 de junho, mas com altera\u00e7\u00f5es.<\/p>\n<p>Com isso, a C\u00e2mara voltou avaliar o texto e aprovar a MP no dia 21 de junho, a um dia do prazo estabelecido. Agora, com a san\u00e7\u00e3o publicada no DOU, o texto tem for\u00e7a de lei. H\u00e1, entretanto, a necessidade de ser ratificado pelo Congresso em at\u00e9 120 dias para se tornar lei em definitivo.<\/p>\n\t<p>\n\t\t<a href=\"https:\/\/lp.suno.com.br\/planilha-da-vida-financeira\/\" target=\"_blank\" data-element=\"shortcode-suno-banner\" title=\"Banner SUNO, clique e saiba mais\">\n\t\t\t<picture>\n\t\t\t\t<source media=\"(max-width: 500px)\" srcset=\"https:\/\/files.sunoresearch.com.br\/n\/uploads\/2023\/04\/400x300-Planilha-vida-financeira-true.png\">\n\t\t\t\t<img class=\"newsContent__article__imgCapa newsContent__article__imgCapa--banner\"\n\t\t\t\t\tsrc=\"https:\/\/files.sunoresearch.com.br\/n\/uploads\/2023\/04\/1420x240-Planilha-vida-financeira-true.png\"\n\t\t\t\t\tdata-promo-id=\"106682\"\t\t\t\t\t\t\t\t\t\twidth='1420' height='240'\t\t\t\t\talt=\"https:\/\/files.sunoresearch.com.br\/n\/uploads\/2023\/04\/1420x240-Planilha-vida-financeira-true.png\"\n\t\t\t\t>\n\t\t\t<\/picture>\n\t\t<\/a>\n\t<\/p>\n\n\n<p>A previs\u00e3o do governo \u00e9 desestatizar a empresa at\u00e9 fevereiro de 2022, com a conclus\u00e3o de todos os procedimentos necess\u00e1rios. Um dos passos s\u00e3o os estudos do <a href=\"https:\/\/www.suno.com.br\/artigos\/bndes\/\">Banco Nacional de Desenvolvimento Econ\u00f4mico e Social (<strong>BNDES<\/strong>)<\/a>, respons\u00e1vel pela estrutura\u00e7\u00e3o do processo.<\/p>\n<p>O banco de fomento recentemente publicou o contrato do cons\u00f3rcio que conduzir\u00e1 a modelagem da privatiza\u00e7\u00e3o, al\u00e9m da estrutura\u00e7\u00e3o financeira e relat\u00f3rio final do processo.<\/p>\n<p>O cons\u00f3rcio Genial-Tauil e Chequer conduzir\u00e1 as tratativas, com um contrato firmado no valor de R$ 3,89 milh\u00f5es, segundo o documento publicado pelo BNDES.<\/p>\n<p>O modelo da privatiza\u00e7\u00e3o n\u00e3o ser\u00e1 o <a href=\"https:\/\/www.suno.com.br\/noticias\/eletrobras-elet3-guedes-privatizacao-mp\/\">&#8220;cl\u00e1ssica&#8221;, como o ministro da Economia, Paulo Guedes, gostaria<\/a>. A <strong>Eletrobras<\/strong> far\u00e1 uma oferta subsequente de a\u00e7\u00f5es (follow-on) a qual a Uni\u00e3o n\u00e3o acompanhar\u00e1. Com isso, o governo ver\u00e1 sua participa\u00e7\u00e3o na empresa cair de 60% para 45%.<\/p>\n\t<p>\n\t\t<a href=\"https:\/\/lp.suno.com.br\/planilha-de-controle-de-investimentos\/\" target=\"_blank\" data-element=\"shortcode-suno-banner\" title=\"Banner SUNO, clique e saiba mais\">\n\t\t\t<picture>\n\t\t\t\t<source media=\"(max-width: 500px)\" srcset=\"https:\/\/files.sunoresearch.com.br\/n\/uploads\/2023\/03\/400x300-Controle-de-Investimentos.png\">\n\t\t\t\t<img class=\"newsContent__article__imgCapa newsContent__article__imgCapa--banner\"\n\t\t\t\t\tsrc=\"https:\/\/files.sunoresearch.com.br\/n\/uploads\/2023\/03\/1420x240-Controle-de-Investimentos.png\"\n\t\t\t\t\tdata-promo-id=\"75934\"\t\t\t\t\t\t\t\t\t\twidth='1420' height='240'\t\t\t\t\talt=\"https:\/\/files.sunoresearch.com.br\/n\/uploads\/2023\/03\/1420x240-Controle-de-Investimentos.png\"\n\t\t\t\t>\n\t\t\t<\/picture>\n\t\t<\/a>\n\t<\/p>\n\n\n","protected":false},"excerpt":{"rendered":"<p>O presidente Jair Bolsonaro sancionou, com vetos, a medida provis\u00f3ria (MP) da privatiza\u00e7\u00e3o da Eletrobras (ELET3). A san\u00e7\u00e3o foi publicada no Di\u00e1rio Oficial da Uni\u00e3o (DOU) desta ter\u00e7a-feira (13). Funcion\u00e1rio Eletrobras (ELET3) em usina e\u00f3lica. Foto: Divulga\u00e7\u00e3o Entre os pontos vetados pelo mandat\u00e1rio, est\u00e1 o trecho referente \u00e0 aquisi\u00e7\u00e3o de a\u00e7\u00f5es com desconto por parte [&hellip;]<\/p>\n","protected":false},"author":24,"featured_media":150268,"comment_status":"closed","ping_status":"closed","sticky":false,"template":"","format":"standard","meta":[],"categories":[64],"tags":[455,105816,1436,719,104992],"suno_strategy":[],"class_list":["post-165426","post","type-post","status-publish","format-standard","has-post-thumbnail","hentry","category-negocios","tag-eletrobras-elet3-elet5-elet6","tag-especialistas","tag-follow-on-oferta-subsequente-de-acoes","tag-jair-bolsonaro","tag-privatizacao-da-eletrobras"],"yoast_head":"<!-- This site is optimized with the Yoast SEO plugin v24.4 - https:\/\/yoast.com\/wordpress\/plugins\/seo\/ -->\n<title>Bolsonaro sanciona MP da privatiza\u00e7\u00e3o da Eletrobras (ELET3)<\/title>\n<meta name=\"description\" content=\"O presidente Jair Bolsonaro sancionou, com vetos, a medida provis\u00f3ria (MP) da privatiza\u00e7\u00e3o da Eletrobras (ELET3). Clique e saiba mais.\" \/>\n<meta name=\"robots\" content=\"index, follow, max-snippet:-1, max-image-preview:large, max-video-preview:-1\" \/>\n<link rel=\"canonical\" href=\"https:\/\/www.suno.com.br\/noticias\/bolsonaro-sanciona-privatizacao-eletrobras-elet3\/\" \/>\n<meta property=\"og:locale\" content=\"pt_BR\" \/>\n<meta property=\"og:type\" content=\"article\" \/>\n<meta property=\"og:title\" content=\"Bolsonaro sanciona MP da privatiza\u00e7\u00e3o da Eletrobras (ELET3)\" \/>\n<meta property=\"og:description\" content=\"O presidente Jair Bolsonaro sancionou, com vetos, a medida provis\u00f3ria (MP) da privatiza\u00e7\u00e3o da Eletrobras (ELET3). Clique e saiba mais.\" \/>\n<meta property=\"og:url\" content=\"https:\/\/www.suno.com.br\/noticias\/bolsonaro-sanciona-privatizacao-eletrobras-elet3\/\" \/>\n<meta property=\"og:site_name\" content=\"Suno Not\u00edcias\" \/>\n<meta property=\"article:publisher\" content=\"https:\/\/facebook.com\/sunoresearch\" \/>\n<meta property=\"og:image\" content=\"https:\/\/files.sunoresearch.com.br\/n\/uploads\/2021\/05\/d1a6d65e-eletrobras-05-1.jpg\" \/>\n\t<meta property=\"og:image:width\" content=\"1200\" \/>\n\t<meta property=\"og:image:height\" content=\"800\" \/>\n\t<meta property=\"og:image:type\" content=\"image\/jpeg\" \/>\n<meta name=\"author\" content=\"Jader Lazarini\" \/>\n<meta name=\"twitter:card\" content=\"summary_large_image\" \/>\n<meta name=\"twitter:creator\" content=\"@sunoresearch\" \/>\n<meta name=\"twitter:site\" content=\"@sunoresearch\" \/>\n<meta name=\"twitter:label1\" content=\"Escrito por\" \/>\n\t<meta name=\"twitter:data1\" content=\"Jader Lazarini\" \/>\n\t<meta name=\"twitter:label2\" content=\"Est. tempo de leitura\" \/>\n\t<meta name=\"twitter:data2\" content=\"3 minutos\" \/>\n<script type=\"application\/ld+json\" class=\"yoast-schema-graph\">{\"@context\":\"https:\/\/schema.org\",\"@graph\":[{\"@type\":\"NewsArticle\",\"@id\":\"https:\/\/www.suno.com.br\/noticias\/bolsonaro-sanciona-privatizacao-eletrobras-elet3\/#article\",\"isPartOf\":{\"@id\":\"https:\/\/www.suno.com.br\/noticias\/bolsonaro-sanciona-privatizacao-eletrobras-elet3\/\"},\"author\":{\"name\":\"Jader Lazarini\",\"@id\":\"https:\/\/www.suno.com.br\/noticias\/#\/schema\/person\/918d79de1f0281f01599b93f9ea6e23f\"},\"headline\":\"Bolsonaro sanciona MP da privatiza\u00e7\u00e3o da Eletrobras (ELET3); veja os pr\u00f3ximos passos\",\"datePublished\":\"2021-07-13T10:49:39+00:00\",\"dateModified\":\"2021-07-13T13:40:40+00:00\",\"mainEntityOfPage\":{\"@id\":\"https:\/\/www.suno.com.br\/noticias\/bolsonaro-sanciona-privatizacao-eletrobras-elet3\/\"},\"wordCount\":529,\"publisher\":{\"@id\":\"https:\/\/www.suno.com.br\/noticias\/#organization\"},\"image\":{\"@id\":\"https:\/\/www.suno.com.br\/noticias\/bolsonaro-sanciona-privatizacao-eletrobras-elet3\/#primaryimage\"},\"thumbnailUrl\":\"https:\/\/files.sunoresearch.com.br\/n\/uploads\/2021\/05\/d1a6d65e-eletrobras-05-1-jpg.webp\",\"keywords\":[\"Eletrobras (ELET3\/ELET5\/ELET6)\",\"Especialistas\",\"Follow-on (Oferta Subsequente de A\u00e7\u00f5es)\",\"Jair Bolsonaro\",\"privatiza\u00e7\u00e3o da Eletrobras\"],\"articleSection\":[\"Neg\u00f3cios\"],\"inLanguage\":\"pt-BR\"},{\"@type\":\"WebPage\",\"@id\":\"https:\/\/www.suno.com.br\/noticias\/bolsonaro-sanciona-privatizacao-eletrobras-elet3\/\",\"url\":\"https:\/\/www.suno.com.br\/noticias\/bolsonaro-sanciona-privatizacao-eletrobras-elet3\/\",\"name\":\"Bolsonaro sanciona MP da privatiza\u00e7\u00e3o da Eletrobras (ELET3)\",\"isPartOf\":{\"@id\":\"https:\/\/www.suno.com.br\/noticias\/#website\"},\"primaryImageOfPage\":{\"@id\":\"https:\/\/www.suno.com.br\/noticias\/bolsonaro-sanciona-privatizacao-eletrobras-elet3\/#primaryimage\"},\"image\":{\"@id\":\"https:\/\/www.suno.com.br\/noticias\/bolsonaro-sanciona-privatizacao-eletrobras-elet3\/#primaryimage\"},\"thumbnailUrl\":\"https:\/\/files.sunoresearch.com.br\/n\/uploads\/2021\/05\/d1a6d65e-eletrobras-05-1-jpg.webp\",\"datePublished\":\"2021-07-13T10:49:39+00:00\",\"dateModified\":\"2021-07-13T13:40:40+00:00\",\"description\":\"O presidente Jair Bolsonaro sancionou, com vetos, a medida provis\u00f3ria (MP) da privatiza\u00e7\u00e3o da Eletrobras (ELET3). Clique e saiba mais.\",\"breadcrumb\":{\"@id\":\"https:\/\/www.suno.com.br\/noticias\/bolsonaro-sanciona-privatizacao-eletrobras-elet3\/#breadcrumb\"},\"inLanguage\":\"pt-BR\",\"potentialAction\":[{\"@type\":\"ReadAction\",\"target\":[\"https:\/\/www.suno.com.br\/noticias\/bolsonaro-sanciona-privatizacao-eletrobras-elet3\/\"]}]},{\"@type\":\"ImageObject\",\"inLanguage\":\"pt-BR\",\"@id\":\"https:\/\/www.suno.com.br\/noticias\/bolsonaro-sanciona-privatizacao-eletrobras-elet3\/#primaryimage\",\"url\":\"https:\/\/files.sunoresearch.com.br\/n\/uploads\/2021\/05\/d1a6d65e-eletrobras-05-1-jpg.webp\",\"contentUrl\":\"https:\/\/files.sunoresearch.com.br\/n\/uploads\/2021\/05\/d1a6d65e-eletrobras-05-1-jpg.webp\",\"width\":1200,\"height\":800,\"caption\":\"Funcion\u00e1rio Eletrobras (ELET3) em usina e\u00f3lica. Foto: Divulga\u00e7\u00e3o\"},{\"@type\":\"BreadcrumbList\",\"@id\":\"https:\/\/www.suno.com.br\/noticias\/bolsonaro-sanciona-privatizacao-eletrobras-elet3\/#breadcrumb\",\"itemListElement\":[{\"@type\":\"ListItem\",\"position\":1,\"name\":\"Not\u00edcias\",\"item\":\"https:\/\/www.suno.com.br\/noticias\/\"},{\"@type\":\"ListItem\",\"position\":2,\"name\":\"Neg\u00f3cios\",\"item\":\"https:\/\/www.suno.com.br\/noticias\/negocios\/\"},{\"@type\":\"ListItem\",\"position\":3,\"name\":\"Bolsonaro sanciona MP da privatiza\u00e7\u00e3o da Eletrobras (ELET3); veja os pr\u00f3ximos passos\"}]},{\"@type\":\"WebSite\",\"@id\":\"https:\/\/www.suno.com.br\/noticias\/#website\",\"url\":\"https:\/\/www.suno.com.br\/noticias\/\",\"name\":\"Suno Not\u00edcias\",\"description\":\"Seu portal de informa\u00e7\u00e3o sobre o mundo dos investimentos\",\"publisher\":{\"@id\":\"https:\/\/www.suno.com.br\/noticias\/#organization\"},\"potentialAction\":[{\"@type\":\"SearchAction\",\"target\":{\"@type\":\"EntryPoint\",\"urlTemplate\":\"https:\/\/www.suno.com.br\/noticias\/?s={search_term_string}\"},\"query-input\":{\"@type\":\"PropertyValueSpecification\",\"valueRequired\":true,\"valueName\":\"search_term_string\"}}],\"inLanguage\":\"pt-BR\"},{\"@type\":\"Organization\",\"@id\":\"https:\/\/www.suno.com.br\/noticias\/#organization\",\"name\":\"Suno Not\u00edcias\",\"url\":\"https:\/\/www.suno.com.br\/noticias\/\",\"logo\":{\"@type\":\"ImageObject\",\"inLanguage\":\"pt-BR\",\"@id\":\"https:\/\/www.suno.com.br\/noticias\/#\/schema\/logo\/image\/\",\"url\":\"https:\/\/files.sunoresearch.com.br\/n\/uploads\/2021\/09\/suno-logo.png\",\"contentUrl\":\"https:\/\/files.sunoresearch.com.br\/n\/uploads\/2021\/09\/suno-logo.png\",\"width\":180,\"height\":180,\"caption\":\"Suno Not\u00edcias\"},\"image\":{\"@id\":\"https:\/\/www.suno.com.br\/noticias\/#\/schema\/logo\/image\/\"},\"sameAs\":[\"https:\/\/facebook.com\/sunoresearch\",\"https:\/\/x.com\/sunoresearch\",\"https:\/\/www.instagram.com\/suno\",\"https:\/\/www.linkedin.com\/company\/suno-research\/\",\"https:\/\/www.youtube.com\/c\/sunoresearch\"]},{\"@type\":\"Person\",\"@id\":\"https:\/\/www.suno.com.br\/noticias\/#\/schema\/person\/918d79de1f0281f01599b93f9ea6e23f\",\"name\":\"Jader Lazarini\",\"image\":{\"@type\":\"ImageObject\",\"inLanguage\":\"pt-BR\",\"@id\":\"https:\/\/www.suno.com.br\/noticias\/#\/schema\/person\/image\/\",\"url\":\"https:\/\/secure.gravatar.com\/avatar\/3c1ad8caa51589841baeb923fcddea97?s=96&r=g\",\"contentUrl\":\"https:\/\/secure.gravatar.com\/avatar\/3c1ad8caa51589841baeb923fcddea97?s=96&r=g\",\"caption\":\"Jader Lazarini\"},\"description\":\"Jader Lazarini escreve sobre investimentos, finan\u00e7as, economia e neg\u00f3cios. \u00c9 bacharel em Rela\u00e7\u00f5es Internacionais e analista CNPI (2619).\",\"url\":\"https:\/\/www.suno.com.br\/noticias\/author\/jader-lazarini\/\"}]}<\/script>\n<!-- \/ Yoast SEO plugin. -->","yoast_head_json":{"title":"Bolsonaro sanciona MP da privatiza\u00e7\u00e3o da Eletrobras (ELET3)","description":"O presidente Jair Bolsonaro sancionou, com vetos, a medida provis\u00f3ria (MP) da privatiza\u00e7\u00e3o da Eletrobras (ELET3). Clique e saiba mais.","robots":{"index":"index","follow":"follow","max-snippet":"max-snippet:-1","max-image-preview":"max-image-preview:large","max-video-preview":"max-video-preview:-1"},"canonical":"https:\/\/www.suno.com.br\/noticias\/bolsonaro-sanciona-privatizacao-eletrobras-elet3\/","og_locale":"pt_BR","og_type":"article","og_title":"Bolsonaro sanciona MP da privatiza\u00e7\u00e3o da Eletrobras (ELET3)","og_description":"O presidente Jair Bolsonaro sancionou, com vetos, a medida provis\u00f3ria (MP) da privatiza\u00e7\u00e3o da Eletrobras (ELET3). Clique e saiba mais.","og_url":"https:\/\/www.suno.com.br\/noticias\/bolsonaro-sanciona-privatizacao-eletrobras-elet3\/","og_site_name":"Suno Not\u00edcias","article_publisher":"https:\/\/facebook.com\/sunoresearch","og_image":[{"width":1200,"height":800,"url":"https:\/\/files.sunoresearch.com.br\/n\/uploads\/2021\/05\/d1a6d65e-eletrobras-05-1.jpg","type":"image\/jpeg"}],"author":"Jader Lazarini","twitter_card":"summary_large_image","twitter_creator":"@sunoresearch","twitter_site":"@sunoresearch","twitter_misc":{"Escrito por":"Jader Lazarini","Est. tempo de leitura":"3 minutos"},"schema":{"@context":"https:\/\/schema.org","@graph":[{"@type":"NewsArticle","@id":"https:\/\/www.suno.com.br\/noticias\/bolsonaro-sanciona-privatizacao-eletrobras-elet3\/#article","isPartOf":{"@id":"https:\/\/www.suno.com.br\/noticias\/bolsonaro-sanciona-privatizacao-eletrobras-elet3\/"},"author":{"name":"Jader Lazarini","@id":"https:\/\/www.suno.com.br\/noticias\/#\/schema\/person\/918d79de1f0281f01599b93f9ea6e23f"},"headline":"Bolsonaro sanciona MP da privatiza\u00e7\u00e3o da Eletrobras (ELET3); veja os pr\u00f3ximos passos","datePublished":"2021-07-13T10:49:39+00:00","dateModified":"2021-07-13T13:40:40+00:00","mainEntityOfPage":{"@id":"https:\/\/www.suno.com.br\/noticias\/bolsonaro-sanciona-privatizacao-eletrobras-elet3\/"},"wordCount":529,"publisher":{"@id":"https:\/\/www.suno.com.br\/noticias\/#organization"},"image":{"@id":"https:\/\/www.suno.com.br\/noticias\/bolsonaro-sanciona-privatizacao-eletrobras-elet3\/#primaryimage"},"thumbnailUrl":"https:\/\/files.sunoresearch.com.br\/n\/uploads\/2021\/05\/d1a6d65e-eletrobras-05-1-jpg.webp","keywords":["Eletrobras (ELET3\/ELET5\/ELET6)","Especialistas","Follow-on (Oferta Subsequente de A\u00e7\u00f5es)","Jair Bolsonaro","privatiza\u00e7\u00e3o da Eletrobras"],"articleSection":["Neg\u00f3cios"],"inLanguage":"pt-BR"},{"@type":"WebPage","@id":"https:\/\/www.suno.com.br\/noticias\/bolsonaro-sanciona-privatizacao-eletrobras-elet3\/","url":"https:\/\/www.suno.com.br\/noticias\/bolsonaro-sanciona-privatizacao-eletrobras-elet3\/","name":"Bolsonaro sanciona MP da privatiza\u00e7\u00e3o da Eletrobras (ELET3)","isPartOf":{"@id":"https:\/\/www.suno.com.br\/noticias\/#website"},"primaryImageOfPage":{"@id":"https:\/\/www.suno.com.br\/noticias\/bolsonaro-sanciona-privatizacao-eletrobras-elet3\/#primaryimage"},"image":{"@id":"https:\/\/www.suno.com.br\/noticias\/bolsonaro-sanciona-privatizacao-eletrobras-elet3\/#primaryimage"},"thumbnailUrl":"https:\/\/files.sunoresearch.com.br\/n\/uploads\/2021\/05\/d1a6d65e-eletrobras-05-1-jpg.webp","datePublished":"2021-07-13T10:49:39+00:00","dateModified":"2021-07-13T13:40:40+00:00","description":"O presidente Jair Bolsonaro sancionou, com vetos, a medida provis\u00f3ria (MP) da privatiza\u00e7\u00e3o da Eletrobras (ELET3). Clique e saiba mais.","breadcrumb":{"@id":"https:\/\/www.suno.com.br\/noticias\/bolsonaro-sanciona-privatizacao-eletrobras-elet3\/#breadcrumb"},"inLanguage":"pt-BR","potentialAction":[{"@type":"ReadAction","target":["https:\/\/www.suno.com.br\/noticias\/bolsonaro-sanciona-privatizacao-eletrobras-elet3\/"]}]},{"@type":"ImageObject","inLanguage":"pt-BR","@id":"https:\/\/www.suno.com.br\/noticias\/bolsonaro-sanciona-privatizacao-eletrobras-elet3\/#primaryimage","url":"https:\/\/files.sunoresearch.com.br\/n\/uploads\/2021\/05\/d1a6d65e-eletrobras-05-1-jpg.webp","contentUrl":"https:\/\/files.sunoresearch.com.br\/n\/uploads\/2021\/05\/d1a6d65e-eletrobras-05-1-jpg.webp","width":1200,"height":800,"caption":"Funcion\u00e1rio Eletrobras (ELET3) em usina e\u00f3lica. Foto: Divulga\u00e7\u00e3o"},{"@type":"BreadcrumbList","@id":"https:\/\/www.suno.com.br\/noticias\/bolsonaro-sanciona-privatizacao-eletrobras-elet3\/#breadcrumb","itemListElement":[{"@type":"ListItem","position":1,"name":"Not\u00edcias","item":"https:\/\/www.suno.com.br\/noticias\/"},{"@type":"ListItem","position":2,"name":"Neg\u00f3cios","item":"https:\/\/www.suno.com.br\/noticias\/negocios\/"},{"@type":"ListItem","position":3,"name":"Bolsonaro sanciona MP da privatiza\u00e7\u00e3o da Eletrobras (ELET3); veja os pr\u00f3ximos passos"}]},{"@type":"WebSite","@id":"https:\/\/www.suno.com.br\/noticias\/#website","url":"https:\/\/www.suno.com.br\/noticias\/","name":"Suno Not\u00edcias","description":"Seu portal de informa\u00e7\u00e3o sobre o mundo dos investimentos","publisher":{"@id":"https:\/\/www.suno.com.br\/noticias\/#organization"},"potentialAction":[{"@type":"SearchAction","target":{"@type":"EntryPoint","urlTemplate":"https:\/\/www.suno.com.br\/noticias\/?s={search_term_string}"},"query-input":{"@type":"PropertyValueSpecification","valueRequired":true,"valueName":"search_term_string"}}],"inLanguage":"pt-BR"},{"@type":"Organization","@id":"https:\/\/www.suno.com.br\/noticias\/#organization","name":"Suno Not\u00edcias","url":"https:\/\/www.suno.com.br\/noticias\/","logo":{"@type":"ImageObject","inLanguage":"pt-BR","@id":"https:\/\/www.suno.com.br\/noticias\/#\/schema\/logo\/image\/","url":"https:\/\/files.sunoresearch.com.br\/n\/uploads\/2021\/09\/suno-logo.png","contentUrl":"https:\/\/files.sunoresearch.com.br\/n\/uploads\/2021\/09\/suno-logo.png","width":180,"height":180,"caption":"Suno Not\u00edcias"},"image":{"@id":"https:\/\/www.suno.com.br\/noticias\/#\/schema\/logo\/image\/"},"sameAs":["https:\/\/facebook.com\/sunoresearch","https:\/\/x.com\/sunoresearch","https:\/\/www.instagram.com\/suno","https:\/\/www.linkedin.com\/company\/suno-research\/","https:\/\/www.youtube.com\/c\/sunoresearch"]},{"@type":"Person","@id":"https:\/\/www.suno.com.br\/noticias\/#\/schema\/person\/918d79de1f0281f01599b93f9ea6e23f","name":"Jader Lazarini","image":{"@type":"ImageObject","inLanguage":"pt-BR","@id":"https:\/\/www.suno.com.br\/noticias\/#\/schema\/person\/image\/","url":"https:\/\/secure.gravatar.com\/avatar\/3c1ad8caa51589841baeb923fcddea97?s=96&r=g","contentUrl":"https:\/\/secure.gravatar.com\/avatar\/3c1ad8caa51589841baeb923fcddea97?s=96&r=g","caption":"Jader Lazarini"},"description":"Jader Lazarini escreve sobre investimentos, finan\u00e7as, economia e neg\u00f3cios. \u00c9 bacharel em Rela\u00e7\u00f5es Internacionais e analista CNPI (2619).","url":"https:\/\/www.suno.com.br\/noticias\/author\/jader-lazarini\/"}]}},"default_loop_html":"<div class=\"cardsPage__listCard__boxs\"><div class=\"cardsPage__listCard__boxs__img\"><a href=\"https:\/\/www.suno.com.br\/noticias\/bolsonaro-sanciona-privatizacao-eletrobras-elet3\/\"><img class=\"mask\" src=\"https:\/\/www.suno.com.br\/noticias\/wp-content\/themes\/suno\/resources\/images\/spotlight\/spotlight1img\/bg-mask.png\" alt=\"Image Mask\"\/><img src=\"https:\/\/files.sunoresearch.com.br\/n\/uploads\/2021\/05\/d1a6d65e-eletrobras-05-1-400x200.webp\" alt=\"Bolsonaro sanciona MP da privatiza\u00e7\u00e3o da Eletrobras (ELET3); veja os pr\u00f3ximos passos\"\/><\/a><span class=\"spotlightCategory\"><a href=\"https:\/\/www.suno.com.br\/noticias\/negocios\/\">Neg\u00f3cios<\/a><\/span><\/div><div class=\"cardsPage__listCard__boxs__content\"><a href=\"https:\/\/www.suno.com.br\/noticias\/bolsonaro-sanciona-privatizacao-eletrobras-elet3\/\"><h2 class=\"content__title\">Bolsonaro sanciona MP da privatiza\u00e7\u00e3o da Eletrobras (ELET3); veja os pr\u00f3ximos passos<\/h2><\/a><div class=\"newsContent__article__meta\"><div class=\"newsContent__article__meta__authorBox\"><a href=\"https:\/\/www.suno.com.br\/noticias\/author\/jader-lazarini\/\" class=\"authorBox__avatar noMobi\"><img src=\"https:\/\/files.sunoresearch.com.br\/n\/uploads\/2021\/01\/178e6598-foto-perfil-2-150x150.jpg\" alt=\"Jader Lazarini\"><\/a><div class=\"authorBox__name\"><span>por\n\t\t\t<a href=\"https:\/\/www.suno.com.br\/noticias\/author\/jader-lazarini\/\"><span itemprop=\"author\">Jader Lazarini<\/span><\/a><\/span><time datetime=\"2021-07-13T07:49:39-03:00\" itemprop=\"datePublished\">13\/07\/2021 07:49<\/time><\/div><\/div><\/div><\/div><\/div>","single_layout":"posts","amp_enabled":true,"_links":{"self":[{"href":"https:\/\/www.suno.com.br\/noticias\/wp-json\/wp\/v2\/posts\/165426"}],"collection":[{"href":"https:\/\/www.suno.com.br\/noticias\/wp-json\/wp\/v2\/posts"}],"about":[{"href":"https:\/\/www.suno.com.br\/noticias\/wp-json\/wp\/v2\/types\/post"}],"author":[{"embeddable":true,"href":"https:\/\/www.suno.com.br\/noticias\/wp-json\/wp\/v2\/users\/24"}],"replies":[{"embeddable":true,"href":"https:\/\/www.suno.com.br\/noticias\/wp-json\/wp\/v2\/comments?post=165426"}],"version-history":[{"count":3,"href":"https:\/\/www.suno.com.br\/noticias\/wp-json\/wp\/v2\/posts\/165426\/revisions"}],"predecessor-version":[{"id":165498,"href":"https:\/\/www.suno.com.br\/noticias\/wp-json\/wp\/v2\/posts\/165426\/revisions\/165498"}],"wp:featuredmedia":[{"embeddable":true,"href":"https:\/\/www.suno.com.br\/noticias\/wp-json\/wp\/v2\/media\/150268"}],"wp:attachment":[{"href":"https:\/\/www.suno.com.br\/noticias\/wp-json\/wp\/v2\/media?parent=165426"}],"wp:term":[{"taxonomy":"category","embeddable":true,"href":"https:\/\/www.suno.com.br\/noticias\/wp-json\/wp\/v2\/categories?post=165426"},{"taxonomy":"post_tag","embeddable":true,"href":"https:\/\/www.suno.com.br\/noticias\/wp-json\/wp\/v2\/tags?post=165426"},{"taxonomy":"suno_strategy","embeddable":true,"href":"https:\/\/www.suno.com.br\/noticias\/wp-json\/wp\/v2\/suno_strategy?post=165426"}],"curies":[{"name":"wp","href":"https:\/\/api.w.org\/{rel}","templated":true}]}}