{"id":165306,"date":"2021-07-12T17:41:10","date_gmt":"2021-07-12T20:41:10","guid":{"rendered":"https:\/\/www.suno.com.br\/noticias\/?p=165306"},"modified":"2021-07-12T17:43:04","modified_gmt":"2021-07-12T20:43:04","slug":"dolar-cair-12072021","status":"publish","type":"post","link":"https:\/\/www.suno.com.br\/noticias\/dolar-cair-12072021\/","title":{"rendered":"D\u00f3lar volta a cair e fecha aos R$ 5,17"},"content":{"rendered":"<p>O <strong><a href=\"https:\/\/www.suno.com.br\/artigos\/mercado-de-cambio\/\">d\u00f3lar<\/a><\/strong> encerrou esta segunda-feira (12) em queda, interrompendo as \u00faltimas oito sess\u00f5es de alta. Hoje, a moeda caiu 1,25%, aos R$ 5,17.<\/p>\t<div class=\"wrapper-featured-image\">\n\t\t<figure class=\"spotlightImg\">\n\n\t\t\t<picture>\n\t\t\t\t<source media=\"(max-width: 768px)\" srcset=\"https:\/\/files.sunoresearch.com.br\/n\/uploads\/2021\/03\/d233c565-dollars-499481_1280-400x200.webp\">\n\t\t\t\t<img loading=\"lazy\" decoding=\"async\" class=\"newsContent__article__imgCapa lazyloadDisabled \" src=\"https:\/\/files.sunoresearch.com.br\/n\/uploads\/2021\/03\/d233c565-dollars-499481_1280-800x450.webp\" width=\"800\" height=\"450\" alt=\"D\u00f3lar volta a cair e fecha aos R$ 5,17\" fetchpriority=high \/>\n\t\t\t<\/picture>\n\n\t\t\t<figcaption class=\"wp-caption-text wp-caption-text--show\">D\u00f3lar cota\u00e7\u00e3o. Foto: Gerd Altmann, por Pixabay.<\/figcaption>\n\t\t<\/figure>\n\t<\/div>\n\n\n\t<p>\n\t\t<a href=\"https:\/\/lp.suno.com.br\/planilha-controle-gastos\/\" target=\"_blank\" data-element=\"shortcode-suno-banner\" title=\"Banner SUNO, clique e saiba mais\">\n\t\t\t<picture>\n\t\t\t\t<source media=\"(max-width: 500px)\" srcset=\"https:\/\/files.sunoresearch.com.br\/n\/uploads\/2023\/03\/400x300-Planilha-controle-de-gastos.png\">\n\t\t\t\t<img class=\"newsContent__article__imgCapa newsContent__article__imgCapa--banner\"\n\t\t\t\t\tsrc=\"https:\/\/files.sunoresearch.com.br\/n\/uploads\/2023\/03\/1420x240-Planilha-controle-de-gastos.png\"\n\t\t\t\t\tdata-promo-id=\"101751\"\t\t\t\t\t\t\t\t\t\twidth='1420' height='240'\t\t\t\t\talt=\"https:\/\/files.sunoresearch.com.br\/n\/uploads\/2023\/03\/1420x240-Planilha-controle-de-gastos.png\"\n\t\t\t\t>\n\t\t\t<\/picture>\n\t\t<\/a>\n\t<\/p>\n\n\n<p>Na \u00faltima quinta-feira (8), antes do feriado, o d\u00f3lar fechou em seu maior valor registrado desde 26 de maio, em uma alta de 0,29% aos R$ 5,255.<\/p>\n<p>De acordo com Rodolfo Carneiro, especialista da Valor Investimentos, as perspectivas para a semana s\u00e3o sobre o envio da reforma tribut\u00e1ria ao Congresso, a vacina\u00e7\u00e3o no Pa\u00eds e a variante Delta do coronav\u00edrus, que aumenta os riscos de um novo lockdown.<\/p>\n\t<p>\n\t\t<a href=\"https:\/\/lp.suno.com.br\/planilha-da-vida-financeira\/\" target=\"_blank\" data-element=\"shortcode-suno-banner\" title=\"Banner SUNO, clique e saiba mais\">\n\t\t\t<picture>\n\t\t\t\t<source media=\"(max-width: 500px)\" srcset=\"https:\/\/files.sunoresearch.com.br\/n\/uploads\/2023\/04\/400x300-Planilha-vida-financeira-true.png\">\n\t\t\t\t<img class=\"newsContent__article__imgCapa newsContent__article__imgCapa--banner\"\n\t\t\t\t\tsrc=\"https:\/\/files.sunoresearch.com.br\/n\/uploads\/2023\/04\/1420x240-Planilha-vida-financeira-true.png\"\n\t\t\t\t\tdata-promo-id=\"106682\"\t\t\t\t\t\t\t\t\t\twidth='1420' height='240'\t\t\t\t\talt=\"https:\/\/files.sunoresearch.com.br\/n\/uploads\/2023\/04\/1420x240-Planilha-vida-financeira-true.png\"\n\t\t\t\t>\n\t\t\t<\/picture>\n\t\t<\/a>\n\t<\/p>\n\n\n<h2>Not\u00edcias que movimentam o d\u00f3lar hoje<\/h2>\n<p>Confira algumas not\u00edcias que movimentaram o mercado hoje:<\/p>\n<ul>\n<li>D\u00f3lar para 2021 passa de R$ 5,04 para R$ 5,05, projeta Focus<\/li>\n<li>Rendimentos de fundos imobili\u00e1rios n\u00e3o ser\u00e3o tributados, diz site<\/li>\n<li>Yellen insta UE a manter pol\u00edtica fiscal expansionista para apoiar retomada<\/li>\n<\/ul>\n<h2>Boletim Focus<\/h2>\n<p>O <a class=\"suno-keyword\" href=\"https:\/\/www.suno.com.br\/artigos\/boletim-focus\/\" target=\"_blank\" rel=\"noopener noreferrer\" data-force=\"no\" data-priority=\"2\">Boletim Focus<\/a>, divulgado na manh\u00e3 desta segunda-feira (12), pelo Banco Central (BC), mostrou altera\u00e7\u00e3o no cen\u00e1rio para a moeda norte-americana em 2021. A mediana das expectativas para o <strong>d\u00f3lar<\/strong> no fim per\u00edodo foi de R$ 5,04 para R$ 5,05, ante R$ 5,18 de um m\u00eas atr\u00e1s.<\/p>\n<p>Para 2022, a proje\u00e7\u00e3o para o d\u00f3lar permaneceu em R$ 5,20, mesmo valor de quatro pesquisas atr\u00e1s. A proje\u00e7\u00e3o anual de c\u00e2mbio publicada no Focus passou a ser calculada com base na m\u00e9dia para a taxa no m\u00eas de dezembro, e n\u00e3o mais no valor projetado para o \u00faltimo dia \u00fatil de cada ano.<\/p>\n<p>A mudan\u00e7a foi anunciada em janeiro passado pelo BC. Com isso, a autarquia espera trazer maior precis\u00e3o para as proje\u00e7\u00f5es cambiais do <a class=\"suno-keyword\" href=\"https:\/\/www.suno.com.br\/artigos\/mercado-financeiro\/\" target=\"_blank\" rel=\"noopener noreferrer\" data-force=\"no\" data-priority=\"2\">mercado financeiro<\/a>.<\/p>\n<h2>Rendimentos de fundos imobili\u00e1rios<\/h2>\n<p>Os rendimentos de <strong>fundos de imobili\u00e1rios<\/strong> (FIIs) continuar\u00e3o isentos de imposto de renda ao contr\u00e1rio do previa a proposta de <a class=\"suno-keyword\" href=\"https:\/\/www.suno.com.br\/artigos\/reforma-tributaria\/\" target=\"_blank\" rel=\"noopener noreferrer\" data-force=\"no\" data-priority=\"2\">reforma tribut\u00e1ria<\/a> enviada pela equipe econ\u00f4mica \u00e0 C\u00e2mara dos Deputados. A informa\u00e7\u00e3o \u00e9 do <em>Poder 360<\/em>.<\/p>\n<p>A retirada da medida que tributaria rendimentos de fundos imobili\u00e1rios conta com o apoio do ministro da Economia, Paulo Guedes, e do presidente da C\u00e2mara dos Deputados, Arthur Lira. De acordo com a reportagem, a expectativa \u00e9 de que a mudan\u00e7a seja anunciada nesta semana, no novo relat\u00f3rio elaborado pelo deputado Celso Sabino (PSDB-PA).<\/p>\n<p>O texto do Executivo modificaria os <strong>rendimentos de FIIs<\/strong> com cotas negociadas em Bolsa distribu\u00eddos a <a class=\"suno-keyword\" href=\"https:\/\/www.suno.com.br\/artigos\/pessoa-fisica\/\" target=\"_blank\" rel=\"noopener noreferrer\" data-force=\"no\" data-priority=\"1\">pessoa f\u00edsica<\/a>. A partir de 2022, os ganhos de capital, al\u00e9m da amortiza\u00e7\u00e3o e da aliena\u00e7\u00e3o de cotas, passariam a estar sujeitos a uma al\u00edquota de 15%.<\/p>\n<h2>EUA e UE<\/h2>\n<p>Em discurso durante c\u00fapula do Eurogrupo, que re\u00fane ministros das finan\u00e7as da zona do euro, a secret\u00e1ria do Tesouro dos Estados Unidos, Janet Yellen, defendeu nesta segunda-feira, 12, a continua\u00e7\u00e3o de medidas fiscais que apoiem a economia nos dois lados do Atl\u00e2ntico pelo menos at\u00e9 2022.<\/p>\n<p>No evento, Yellen ressaltou os principais pontos da agenda econ\u00f4mica do presidente americano, Joe Biden, e disse que o governo est\u00e1 &#8220;comprometido&#8221; com pol\u00edticas para al\u00e9m do pacote de US$ 1,9 trilh\u00e3o aprovado em mar\u00e7o, como investimentos em infraestrutura.<\/p>\n<p>A secret\u00e1ria tamb\u00e9m elogiou a resposta da Uni\u00e3o Europeia (UE) \u00e0 crise econ\u00f4mica provocada pelo coronav\u00edrus, tanto a n\u00edvel do bloco como nacional. &#8220;E o BCE respondeu r\u00e1pida e vigorosamente com uma s\u00e9rie de a\u00e7\u00f5es que contiveram com sucesso os spreads soberanos e ajudaram a preservar as condi\u00e7\u00f5es financeiras favor\u00e1veis&#8221;, destacou.<\/p>\n<h2>Fechamento do c\u00e2mbio hoje<\/h2>\n<p>Al\u00e9m do <a class=\"suno-keyword\" href=\"https:\/\/www.suno.com.br\/artigos\/dolar-comercial\/\" target=\"_blank\" rel=\"noopener noreferrer\" data-force=\"no\" data-priority=\"2\">d\u00f3lar comercial<\/a>, confira a cota\u00e7\u00e3o das principais moedas hoje:<\/p>\n<ul>\n<li><strong>Euro:<\/strong> -1,45% aos R$ 6,13<\/li>\n<li><strong>Libra:<\/strong> -1,35% aos R$ 7,18<\/li>\n<li><strong>Bitcoin:<\/strong> -4,9% aos R$ 171.841,922<\/li>\n<li><strong>D\u00f3lar turismo: <\/strong>-1,66% aos R$ 5,33<\/li>\n<\/ul>\n<h2>\u00daltima cota\u00e7\u00e3o do d\u00f3lar<\/h2>\n<p>Na \u00faltima sess\u00e3o, sexta-feira (9), o <strong>d\u00f3lar<\/strong> encerrou o preg\u00e3o em queda de 0,37%, negociado a R$ 5,23.<\/p>\n\t<p>\n\t\t<a href=\"https:\/\/lp.suno.com.br\/planilha-de-controle-de-investimentos\/\" target=\"_blank\" data-element=\"shortcode-suno-banner\" title=\"Banner SUNO, clique e saiba mais\">\n\t\t\t<picture>\n\t\t\t\t<source media=\"(max-width: 500px)\" srcset=\"https:\/\/files.sunoresearch.com.br\/n\/uploads\/2023\/03\/400x300-Controle-de-Investimentos.png\">\n\t\t\t\t<img class=\"newsContent__article__imgCapa newsContent__article__imgCapa--banner\"\n\t\t\t\t\tsrc=\"https:\/\/files.sunoresearch.com.br\/n\/uploads\/2023\/03\/1420x240-Controle-de-Investimentos.png\"\n\t\t\t\t\tdata-promo-id=\"75934\"\t\t\t\t\t\t\t\t\t\twidth='1420' height='240'\t\t\t\t\talt=\"https:\/\/files.sunoresearch.com.br\/n\/uploads\/2023\/03\/1420x240-Controle-de-Investimentos.png\"\n\t\t\t\t>\n\t\t\t<\/picture>\n\t\t<\/a>\n\t<\/p>\n\n\n","protected":false},"excerpt":{"rendered":"<p>O d\u00f3lar encerrou esta segunda-feira (12) em queda, interrompendo as \u00faltimas oito sess\u00f5es de alta. Hoje, a moeda caiu 1,25%, aos R$ 5,17. D\u00f3lar cota\u00e7\u00e3o. Foto: Gerd Altmann, por Pixabay. Na \u00faltima quinta-feira (8), antes do feriado, o d\u00f3lar fechou em seu maior valor registrado desde 26 de maio, em uma alta de 0,29% aos [&hellip;]<\/p>\n","protected":false},"author":56,"featured_media":135825,"comment_status":"closed","ping_status":"closed","sticky":false,"template":"","format":"standard","meta":[],"categories":[60],"tags":[834,326,105816,105308],"suno_strategy":[],"class_list":["post-165306","post","type-post","status-publish","format-standard","has-post-thumbnail","hentry","category-mercado","tag-boletim-focus","tag-dolar","tag-especialistas","tag-janet-yellen"],"yoast_head":"<!-- This site is optimized with the Yoast SEO plugin v24.4 - https:\/\/yoast.com\/wordpress\/plugins\/seo\/ -->\n<title>D\u00f3lar volta a cair e fecha preg\u00e3o negociado a R$ 5,174<\/title>\n<meta name=\"description\" content=\"O d\u00f3lar encerrou esta segunda-feira em queda, interrompendo as \u00faltimas oito sess\u00f5es de alta. Hoje, a moeda caiu 1,25%. Clique aqui e confira.\" \/>\n<meta name=\"robots\" content=\"index, follow, max-snippet:-1, max-image-preview:large, max-video-preview:-1\" \/>\n<link rel=\"canonical\" href=\"https:\/\/www.suno.com.br\/noticias\/dolar-cair-12072021\/\" \/>\n<meta property=\"og:locale\" content=\"pt_BR\" \/>\n<meta property=\"og:type\" content=\"article\" \/>\n<meta property=\"og:title\" content=\"D\u00f3lar volta a cair e fecha preg\u00e3o negociado a R$ 5,174\" \/>\n<meta property=\"og:description\" content=\"O d\u00f3lar encerrou esta segunda-feira em queda, interrompendo as \u00faltimas oito sess\u00f5es de alta. Hoje, a moeda caiu 1,25%. Clique aqui e confira.\" \/>\n<meta property=\"og:url\" content=\"https:\/\/www.suno.com.br\/noticias\/dolar-cair-12072021\/\" \/>\n<meta property=\"og:site_name\" content=\"Suno Not\u00edcias\" \/>\n<meta property=\"article:publisher\" content=\"https:\/\/facebook.com\/sunoresearch\" \/>\n<meta property=\"og:image\" content=\"https:\/\/files.sunoresearch.com.br\/n\/uploads\/2021\/03\/d233c565-dollars-499481_1280.jpg\" \/>\n\t<meta property=\"og:image:width\" content=\"1280\" \/>\n\t<meta property=\"og:image:height\" content=\"905\" \/>\n\t<meta property=\"og:image:type\" content=\"image\/jpeg\" \/>\n<meta name=\"author\" content=\"Rafaela La Regina\" \/>\n<meta name=\"twitter:card\" content=\"summary_large_image\" \/>\n<meta name=\"twitter:creator\" content=\"@sunoresearch\" \/>\n<meta name=\"twitter:site\" content=\"@sunoresearch\" \/>\n<meta name=\"twitter:label1\" content=\"Escrito por\" \/>\n\t<meta name=\"twitter:data1\" content=\"Rafaela La Regina\" \/>\n\t<meta name=\"twitter:label2\" content=\"Est. tempo de leitura\" \/>\n\t<meta name=\"twitter:data2\" content=\"3 minutos\" \/>\n<script type=\"application\/ld+json\" class=\"yoast-schema-graph\">{\"@context\":\"https:\/\/schema.org\",\"@graph\":[{\"@type\":\"NewsArticle\",\"@id\":\"https:\/\/www.suno.com.br\/noticias\/dolar-cair-12072021\/#article\",\"isPartOf\":{\"@id\":\"https:\/\/www.suno.com.br\/noticias\/dolar-cair-12072021\/\"},\"author\":{\"name\":\"Rafaela La Regina\",\"@id\":\"https:\/\/www.suno.com.br\/noticias\/#\/schema\/person\/e672ca8cea627fe715fa29bca7da95e0\"},\"headline\":\"D\u00f3lar volta a cair e fecha aos R$ 5,17\",\"datePublished\":\"2021-07-12T20:41:10+00:00\",\"dateModified\":\"2021-07-12T20:43:04+00:00\",\"mainEntityOfPage\":{\"@id\":\"https:\/\/www.suno.com.br\/noticias\/dolar-cair-12072021\/\"},\"wordCount\":665,\"publisher\":{\"@id\":\"https:\/\/www.suno.com.br\/noticias\/#organization\"},\"image\":{\"@id\":\"https:\/\/www.suno.com.br\/noticias\/dolar-cair-12072021\/#primaryimage\"},\"thumbnailUrl\":\"https:\/\/files.sunoresearch.com.br\/n\/uploads\/2021\/03\/d233c565-dollars-499481_1280-jpg.webp\",\"keywords\":[\"Boletim Focus\",\"d\u00f3lar\",\"Especialistas\",\"Janet Yellen\"],\"articleSection\":[\"Mercado\"],\"inLanguage\":\"pt-BR\"},{\"@type\":\"WebPage\",\"@id\":\"https:\/\/www.suno.com.br\/noticias\/dolar-cair-12072021\/\",\"url\":\"https:\/\/www.suno.com.br\/noticias\/dolar-cair-12072021\/\",\"name\":\"D\u00f3lar volta a cair e fecha preg\u00e3o negociado a R$ 5,174\",\"isPartOf\":{\"@id\":\"https:\/\/www.suno.com.br\/noticias\/#website\"},\"primaryImageOfPage\":{\"@id\":\"https:\/\/www.suno.com.br\/noticias\/dolar-cair-12072021\/#primaryimage\"},\"image\":{\"@id\":\"https:\/\/www.suno.com.br\/noticias\/dolar-cair-12072021\/#primaryimage\"},\"thumbnailUrl\":\"https:\/\/files.sunoresearch.com.br\/n\/uploads\/2021\/03\/d233c565-dollars-499481_1280-jpg.webp\",\"datePublished\":\"2021-07-12T20:41:10+00:00\",\"dateModified\":\"2021-07-12T20:43:04+00:00\",\"description\":\"O d\u00f3lar encerrou esta segunda-feira em queda, interrompendo as \u00faltimas oito sess\u00f5es de alta. Hoje, a moeda caiu 1,25%. Clique aqui e confira.\",\"breadcrumb\":{\"@id\":\"https:\/\/www.suno.com.br\/noticias\/dolar-cair-12072021\/#breadcrumb\"},\"inLanguage\":\"pt-BR\",\"potentialAction\":[{\"@type\":\"ReadAction\",\"target\":[\"https:\/\/www.suno.com.br\/noticias\/dolar-cair-12072021\/\"]}]},{\"@type\":\"ImageObject\",\"inLanguage\":\"pt-BR\",\"@id\":\"https:\/\/www.suno.com.br\/noticias\/dolar-cair-12072021\/#primaryimage\",\"url\":\"https:\/\/files.sunoresearch.com.br\/n\/uploads\/2021\/03\/d233c565-dollars-499481_1280-jpg.webp\",\"contentUrl\":\"https:\/\/files.sunoresearch.com.br\/n\/uploads\/2021\/03\/d233c565-dollars-499481_1280-jpg.webp\",\"width\":1280,\"height\":905,\"caption\":\"D\u00f3lar cota\u00e7\u00e3o. Foto: Gerd Altmann, por Pixabay.\"},{\"@type\":\"BreadcrumbList\",\"@id\":\"https:\/\/www.suno.com.br\/noticias\/dolar-cair-12072021\/#breadcrumb\",\"itemListElement\":[{\"@type\":\"ListItem\",\"position\":1,\"name\":\"Not\u00edcias\",\"item\":\"https:\/\/www.suno.com.br\/noticias\/\"},{\"@type\":\"ListItem\",\"position\":2,\"name\":\"Mercado\",\"item\":\"https:\/\/www.suno.com.br\/noticias\/mercado\/\"},{\"@type\":\"ListItem\",\"position\":3,\"name\":\"D\u00f3lar volta a cair e fecha aos R$ 5,17\"}]},{\"@type\":\"WebSite\",\"@id\":\"https:\/\/www.suno.com.br\/noticias\/#website\",\"url\":\"https:\/\/www.suno.com.br\/noticias\/\",\"name\":\"Suno Not\u00edcias\",\"description\":\"Seu portal de informa\u00e7\u00e3o sobre o mundo dos investimentos\",\"publisher\":{\"@id\":\"https:\/\/www.suno.com.br\/noticias\/#organization\"},\"potentialAction\":[{\"@type\":\"SearchAction\",\"target\":{\"@type\":\"EntryPoint\",\"urlTemplate\":\"https:\/\/www.suno.com.br\/noticias\/?s={search_term_string}\"},\"query-input\":{\"@type\":\"PropertyValueSpecification\",\"valueRequired\":true,\"valueName\":\"search_term_string\"}}],\"inLanguage\":\"pt-BR\"},{\"@type\":\"Organization\",\"@id\":\"https:\/\/www.suno.com.br\/noticias\/#organization\",\"name\":\"Suno Not\u00edcias\",\"url\":\"https:\/\/www.suno.com.br\/noticias\/\",\"logo\":{\"@type\":\"ImageObject\",\"inLanguage\":\"pt-BR\",\"@id\":\"https:\/\/www.suno.com.br\/noticias\/#\/schema\/logo\/image\/\",\"url\":\"https:\/\/files.sunoresearch.com.br\/n\/uploads\/2021\/09\/suno-logo.png\",\"contentUrl\":\"https:\/\/files.sunoresearch.com.br\/n\/uploads\/2021\/09\/suno-logo.png\",\"width\":180,\"height\":180,\"caption\":\"Suno Not\u00edcias\"},\"image\":{\"@id\":\"https:\/\/www.suno.com.br\/noticias\/#\/schema\/logo\/image\/\"},\"sameAs\":[\"https:\/\/facebook.com\/sunoresearch\",\"https:\/\/x.com\/sunoresearch\",\"https:\/\/www.instagram.com\/suno\",\"https:\/\/www.linkedin.com\/company\/suno-research\/\",\"https:\/\/www.youtube.com\/c\/sunoresearch\"]},{\"@type\":\"Person\",\"@id\":\"https:\/\/www.suno.com.br\/noticias\/#\/schema\/person\/e672ca8cea627fe715fa29bca7da95e0\",\"name\":\"Rafaela La Regina\",\"image\":{\"@type\":\"ImageObject\",\"inLanguage\":\"pt-BR\",\"@id\":\"https:\/\/www.suno.com.br\/noticias\/#\/schema\/person\/image\/\",\"url\":\"https:\/\/secure.gravatar.com\/avatar\/d2c75a52d243deb93d0465fdcb21bd37?s=96&r=g\",\"contentUrl\":\"https:\/\/secure.gravatar.com\/avatar\/d2c75a52d243deb93d0465fdcb21bd37?s=96&r=g\",\"caption\":\"Rafaela La Regina\"},\"description\":\"Estagi\u00e1ria no Suno Not\u00edcias. Escreve sobre economia, pol\u00edtica e neg\u00f3cios. Estuda Rela\u00e7\u00f5es Internacionais no IBMEC-SP.\",\"url\":\"https:\/\/www.suno.com.br\/noticias\/author\/rafaela-la-regina\/\"}]}<\/script>\n<!-- \/ Yoast SEO plugin. -->","yoast_head_json":{"title":"D\u00f3lar volta a cair e fecha preg\u00e3o negociado a R$ 5,174","description":"O d\u00f3lar encerrou esta segunda-feira em queda, interrompendo as \u00faltimas oito sess\u00f5es de alta. Hoje, a moeda caiu 1,25%. Clique aqui e confira.","robots":{"index":"index","follow":"follow","max-snippet":"max-snippet:-1","max-image-preview":"max-image-preview:large","max-video-preview":"max-video-preview:-1"},"canonical":"https:\/\/www.suno.com.br\/noticias\/dolar-cair-12072021\/","og_locale":"pt_BR","og_type":"article","og_title":"D\u00f3lar volta a cair e fecha preg\u00e3o negociado a R$ 5,174","og_description":"O d\u00f3lar encerrou esta segunda-feira em queda, interrompendo as \u00faltimas oito sess\u00f5es de alta. Hoje, a moeda caiu 1,25%. Clique aqui e confira.","og_url":"https:\/\/www.suno.com.br\/noticias\/dolar-cair-12072021\/","og_site_name":"Suno Not\u00edcias","article_publisher":"https:\/\/facebook.com\/sunoresearch","og_image":[{"width":1280,"height":905,"url":"https:\/\/files.sunoresearch.com.br\/n\/uploads\/2021\/03\/d233c565-dollars-499481_1280.jpg","type":"image\/jpeg"}],"author":"Rafaela La Regina","twitter_card":"summary_large_image","twitter_creator":"@sunoresearch","twitter_site":"@sunoresearch","twitter_misc":{"Escrito por":"Rafaela La Regina","Est. tempo de leitura":"3 minutos"},"schema":{"@context":"https:\/\/schema.org","@graph":[{"@type":"NewsArticle","@id":"https:\/\/www.suno.com.br\/noticias\/dolar-cair-12072021\/#article","isPartOf":{"@id":"https:\/\/www.suno.com.br\/noticias\/dolar-cair-12072021\/"},"author":{"name":"Rafaela La Regina","@id":"https:\/\/www.suno.com.br\/noticias\/#\/schema\/person\/e672ca8cea627fe715fa29bca7da95e0"},"headline":"D\u00f3lar volta a cair e fecha aos R$ 5,17","datePublished":"2021-07-12T20:41:10+00:00","dateModified":"2021-07-12T20:43:04+00:00","mainEntityOfPage":{"@id":"https:\/\/www.suno.com.br\/noticias\/dolar-cair-12072021\/"},"wordCount":665,"publisher":{"@id":"https:\/\/www.suno.com.br\/noticias\/#organization"},"image":{"@id":"https:\/\/www.suno.com.br\/noticias\/dolar-cair-12072021\/#primaryimage"},"thumbnailUrl":"https:\/\/files.sunoresearch.com.br\/n\/uploads\/2021\/03\/d233c565-dollars-499481_1280-jpg.webp","keywords":["Boletim Focus","d\u00f3lar","Especialistas","Janet Yellen"],"articleSection":["Mercado"],"inLanguage":"pt-BR"},{"@type":"WebPage","@id":"https:\/\/www.suno.com.br\/noticias\/dolar-cair-12072021\/","url":"https:\/\/www.suno.com.br\/noticias\/dolar-cair-12072021\/","name":"D\u00f3lar volta a cair e fecha preg\u00e3o negociado a R$ 5,174","isPartOf":{"@id":"https:\/\/www.suno.com.br\/noticias\/#website"},"primaryImageOfPage":{"@id":"https:\/\/www.suno.com.br\/noticias\/dolar-cair-12072021\/#primaryimage"},"image":{"@id":"https:\/\/www.suno.com.br\/noticias\/dolar-cair-12072021\/#primaryimage"},"thumbnailUrl":"https:\/\/files.sunoresearch.com.br\/n\/uploads\/2021\/03\/d233c565-dollars-499481_1280-jpg.webp","datePublished":"2021-07-12T20:41:10+00:00","dateModified":"2021-07-12T20:43:04+00:00","description":"O d\u00f3lar encerrou esta segunda-feira em queda, interrompendo as \u00faltimas oito sess\u00f5es de alta. Hoje, a moeda caiu 1,25%. Clique aqui e confira.","breadcrumb":{"@id":"https:\/\/www.suno.com.br\/noticias\/dolar-cair-12072021\/#breadcrumb"},"inLanguage":"pt-BR","potentialAction":[{"@type":"ReadAction","target":["https:\/\/www.suno.com.br\/noticias\/dolar-cair-12072021\/"]}]},{"@type":"ImageObject","inLanguage":"pt-BR","@id":"https:\/\/www.suno.com.br\/noticias\/dolar-cair-12072021\/#primaryimage","url":"https:\/\/files.sunoresearch.com.br\/n\/uploads\/2021\/03\/d233c565-dollars-499481_1280-jpg.webp","contentUrl":"https:\/\/files.sunoresearch.com.br\/n\/uploads\/2021\/03\/d233c565-dollars-499481_1280-jpg.webp","width":1280,"height":905,"caption":"D\u00f3lar cota\u00e7\u00e3o. Foto: Gerd Altmann, por Pixabay."},{"@type":"BreadcrumbList","@id":"https:\/\/www.suno.com.br\/noticias\/dolar-cair-12072021\/#breadcrumb","itemListElement":[{"@type":"ListItem","position":1,"name":"Not\u00edcias","item":"https:\/\/www.suno.com.br\/noticias\/"},{"@type":"ListItem","position":2,"name":"Mercado","item":"https:\/\/www.suno.com.br\/noticias\/mercado\/"},{"@type":"ListItem","position":3,"name":"D\u00f3lar volta a cair e fecha aos R$ 5,17"}]},{"@type":"WebSite","@id":"https:\/\/www.suno.com.br\/noticias\/#website","url":"https:\/\/www.suno.com.br\/noticias\/","name":"Suno Not\u00edcias","description":"Seu portal de informa\u00e7\u00e3o sobre o mundo dos investimentos","publisher":{"@id":"https:\/\/www.suno.com.br\/noticias\/#organization"},"potentialAction":[{"@type":"SearchAction","target":{"@type":"EntryPoint","urlTemplate":"https:\/\/www.suno.com.br\/noticias\/?s={search_term_string}"},"query-input":{"@type":"PropertyValueSpecification","valueRequired":true,"valueName":"search_term_string"}}],"inLanguage":"pt-BR"},{"@type":"Organization","@id":"https:\/\/www.suno.com.br\/noticias\/#organization","name":"Suno Not\u00edcias","url":"https:\/\/www.suno.com.br\/noticias\/","logo":{"@type":"ImageObject","inLanguage":"pt-BR","@id":"https:\/\/www.suno.com.br\/noticias\/#\/schema\/logo\/image\/","url":"https:\/\/files.sunoresearch.com.br\/n\/uploads\/2021\/09\/suno-logo.png","contentUrl":"https:\/\/files.sunoresearch.com.br\/n\/uploads\/2021\/09\/suno-logo.png","width":180,"height":180,"caption":"Suno Not\u00edcias"},"image":{"@id":"https:\/\/www.suno.com.br\/noticias\/#\/schema\/logo\/image\/"},"sameAs":["https:\/\/facebook.com\/sunoresearch","https:\/\/x.com\/sunoresearch","https:\/\/www.instagram.com\/suno","https:\/\/www.linkedin.com\/company\/suno-research\/","https:\/\/www.youtube.com\/c\/sunoresearch"]},{"@type":"Person","@id":"https:\/\/www.suno.com.br\/noticias\/#\/schema\/person\/e672ca8cea627fe715fa29bca7da95e0","name":"Rafaela La Regina","image":{"@type":"ImageObject","inLanguage":"pt-BR","@id":"https:\/\/www.suno.com.br\/noticias\/#\/schema\/person\/image\/","url":"https:\/\/secure.gravatar.com\/avatar\/d2c75a52d243deb93d0465fdcb21bd37?s=96&r=g","contentUrl":"https:\/\/secure.gravatar.com\/avatar\/d2c75a52d243deb93d0465fdcb21bd37?s=96&r=g","caption":"Rafaela La Regina"},"description":"Estagi\u00e1ria no Suno Not\u00edcias. Escreve sobre economia, pol\u00edtica e neg\u00f3cios. Estuda Rela\u00e7\u00f5es Internacionais no IBMEC-SP.","url":"https:\/\/www.suno.com.br\/noticias\/author\/rafaela-la-regina\/"}]}},"default_loop_html":"<div class=\"cardsPage__listCard__boxs\"><div class=\"cardsPage__listCard__boxs__img\"><a href=\"https:\/\/www.suno.com.br\/noticias\/dolar-cair-12072021\/\"><img class=\"mask\" src=\"https:\/\/www.suno.com.br\/noticias\/wp-content\/themes\/suno\/resources\/images\/spotlight\/spotlight1img\/bg-mask.png\" alt=\"Image Mask\"\/><img src=\"https:\/\/files.sunoresearch.com.br\/n\/uploads\/2021\/03\/d233c565-dollars-499481_1280-400x200.webp\" alt=\"D\u00f3lar volta a cair e fecha aos R$ 5,17\"\/><\/a><span class=\"spotlightCategory\"><a href=\"https:\/\/www.suno.com.br\/noticias\/mercado\/\">Mercado<\/a><\/span><\/div><div class=\"cardsPage__listCard__boxs__content\"><a href=\"https:\/\/www.suno.com.br\/noticias\/dolar-cair-12072021\/\"><h2 class=\"content__title\">D\u00f3lar volta a cair e fecha aos R$ 5,17<\/h2><\/a><div class=\"newsContent__article__meta\"><div class=\"newsContent__article__meta__authorBox\"><a href=\"https:\/\/www.suno.com.br\/noticias\/author\/rafaela-la-regina\/\" class=\"authorBox__avatar noMobi\"><img src=\"https:\/\/secure.gravatar.com\/avatar\/d2c75a52d243deb93d0465fdcb21bd37?s=96&#038;r=g\" alt=\"Rafaela La Regina\"><\/a><div class=\"authorBox__name\"><span>por\n\t\t\t<a href=\"https:\/\/www.suno.com.br\/noticias\/author\/rafaela-la-regina\/\"><span itemprop=\"author\">Rafaela La Regina<\/span><\/a><\/span><time datetime=\"2021-07-12T17:41:10-03:00\" itemprop=\"datePublished\">12\/07\/2021 17:41<\/time><\/div><\/div><\/div><\/div><\/div>","single_layout":"posts","amp_enabled":true,"_links":{"self":[{"href":"https:\/\/www.suno.com.br\/noticias\/wp-json\/wp\/v2\/posts\/165306"}],"collection":[{"href":"https:\/\/www.suno.com.br\/noticias\/wp-json\/wp\/v2\/posts"}],"about":[{"href":"https:\/\/www.suno.com.br\/noticias\/wp-json\/wp\/v2\/types\/post"}],"author":[{"embeddable":true,"href":"https:\/\/www.suno.com.br\/noticias\/wp-json\/wp\/v2\/users\/56"}],"replies":[{"embeddable":true,"href":"https:\/\/www.suno.com.br\/noticias\/wp-json\/wp\/v2\/comments?post=165306"}],"version-history":[{"count":3,"href":"https:\/\/www.suno.com.br\/noticias\/wp-json\/wp\/v2\/posts\/165306\/revisions"}],"predecessor-version":[{"id":165317,"href":"https:\/\/www.suno.com.br\/noticias\/wp-json\/wp\/v2\/posts\/165306\/revisions\/165317"}],"wp:featuredmedia":[{"embeddable":true,"href":"https:\/\/www.suno.com.br\/noticias\/wp-json\/wp\/v2\/media\/135825"}],"wp:attachment":[{"href":"https:\/\/www.suno.com.br\/noticias\/wp-json\/wp\/v2\/media?parent=165306"}],"wp:term":[{"taxonomy":"category","embeddable":true,"href":"https:\/\/www.suno.com.br\/noticias\/wp-json\/wp\/v2\/categories?post=165306"},{"taxonomy":"post_tag","embeddable":true,"href":"https:\/\/www.suno.com.br\/noticias\/wp-json\/wp\/v2\/tags?post=165306"},{"taxonomy":"suno_strategy","embeddable":true,"href":"https:\/\/www.suno.com.br\/noticias\/wp-json\/wp\/v2\/suno_strategy?post=165306"}],"curies":[{"name":"wp","href":"https:\/\/api.w.org\/{rel}","templated":true}]}}