{"id":16530,"date":"2019-02-25T17:02:13","date_gmt":"2019-02-25T20:02:13","guid":{"rendered":"https:\/\/www.suno.com.br\/noticias\/?p=16530"},"modified":"2019-02-25T17:02:42","modified_gmt":"2019-02-25T20:02:42","slug":"balanca-comercial-saldo-positivo-3","status":"publish","type":"post","link":"https:\/\/www.suno.com.br\/noticias\/balanca-comercial-saldo-positivo-3\/","title":{"rendered":"Balan\u00e7a comercial tem super\u00e1vit de US$ 3,59 bi na parcial deste m\u00eas"},"content":{"rendered":"<p>A balan\u00e7a comercial registrou um saldo positivo (super\u00e1vit) de US$ 3,59 bilh\u00f5es na parcial de fevereiro.<\/p>\t<div class=\"wrapper-featured-image\">\n\t\t<figure class=\"spotlightImg\">\n\n\t\t\t<picture>\n\t\t\t\t<source media=\"(max-width: 768px)\" srcset=\"https:\/\/files.sunoresearch.com.br\/n\/uploads\/2019\/02\/8e5b1252-balan\u00e7a-comercial-2-400x200.webp\">\n\t\t\t\t<img loading=\"lazy\" decoding=\"async\" class=\"newsContent__article__imgCapa lazyloadDisabled newsContent__article__imgCapa--noCaption\" src=\"https:\/\/files.sunoresearch.com.br\/n\/uploads\/2019\/02\/8e5b1252-balan\u00e7a-comercial-2-800x450.webp\" width=\"800\" height=\"450\" alt=\"Balan\u00e7a comercial tem super\u00e1vit de US$ 3,59 bi na parcial deste m\u00eas\" fetchpriority=high \/>\n\t\t\t<\/picture>\n\n\t\t\t<figcaption class=\"wp-caption-text wp-caption-text--hide\">A balan\u00e7a comercial brasileira reportou um super\u00e1vit de  US$ 3,732 bilh\u00f5es em novembro desse ano<\/figcaption>\n\t\t<\/figure>\n\t<\/div>\n\n\n<p>Os dados foram divulgados nesta segunda-feira (25) pelo <strong>Minist\u00e9rio da Economia<\/strong>.\u00a0De acordo com o <strong>governo<\/strong>, na parcial do m\u00eas a <strong>balan\u00e7a comercial<\/strong> registrou:<\/p>\n<ul>\n<li>US$ 13,785 bilh\u00f5es em <strong>exporta\u00e7\u00f5es<\/strong> (queda de 10,9% em compara\u00e7\u00e3o com fevereiro de 2018);<\/li>\n<li>US$ 10,194 bilh\u00f5es em <strong>importa\u00e7\u00f5es<\/strong> (queda de 20,4% na mesma base de compara\u00e7\u00e3o);<\/li>\n<\/ul>\n<p><a href=\"https:\/\/www.suno.com.br\/noticias\/gasto-brasileiros-exterior-janeiro\/\">Saiba mais:\u00a0BC: contas externas t\u00eam d\u00e9ficit de US$ 6,548 bi em janeiro<\/a><\/p>\n<p>Nas <strong>exporta\u00e7\u00f5es<\/strong>, houve redu\u00e7\u00e3o nas vendas de produtos manufaturados (-22,9%) e semimanufaturados (-14,2%). Por outo lado, os produtos b\u00e1sicos cresceram 9,4%.<\/p>\n<p>No caso das <strong>importa\u00e7\u00f5es<\/strong>, tiveram queda em rela\u00e7\u00e3o ao ano passado os seguintes produtos:<\/p>\n<ul>\n<li>combust\u00edveis e lubrificantes (-26,1%);<\/li>\n<li>equipamentos el\u00e9tricos e eletr\u00f4nicos (-13,2%);<\/li>\n<li>ve\u00edculos autom\u00f3veis e partes (-19,3%);<\/li>\n<li>equipamentos mec\u00e2nicos (-8,7%);<\/li>\n<li>qu\u00edmicos org\u00e2nicos e inorg\u00e2nicos (-7,7%);<\/li>\n<\/ul>\n<h2>Balan\u00e7a comercial no acumulado de 2019<\/h2>\n<p>No acumulado do ano, a <strong>balan\u00e7a comercial<\/strong> obteve um <strong>super\u00e1vit<\/strong> de US$ 5,784 bilh\u00f5es. Por\u00e9m, houve uma redu\u00e7\u00e3o de 19,2% em compara\u00e7\u00e3o com o mesmo per\u00edodo do ano passado, quando o <strong>super\u00e1vit<\/strong> foi de US$ 7,154 bilh\u00f5es.\u00a0A\u00a0<strong>balan\u00e7a comercial<\/strong> registrou:<\/p>\n<ul>\n<li>US$ 32,364 bilh\u00f5es, m\u00e9dia di\u00e1ria de US$ 851 milh\u00f5es em <strong>exporta\u00e7\u00f5es<\/strong> (queda de 1,2% em rela\u00e7\u00e3o ao ano passado);<\/li>\n<li>US$ 26,580 bilh\u00f5es, m\u00e9dia di\u00e1ria de US$ 699 milh\u00f5es em <strong>importa\u00e7\u00f5es<\/strong> (aumento de 4,5% em rela\u00e7\u00e3o ao mesmo per\u00edodo de 2018);<\/li>\n<\/ul>\n<h2>Balan\u00e7a comercial de 2018<\/h2>\n<p>No acumulado do ano de 2018, a <strong>balan\u00e7a comercial<\/strong> obteve um <strong>super\u00e1vit<\/strong> de US$ 58,3 bilh\u00f5es. Esse <strong>saldo positivo<\/strong> foi gerado pela eleva\u00e7\u00e3o das <strong>exporta\u00e7\u00f5es<\/strong> de produtos b\u00e1sicos. Por\u00e9m, o saldo da balan\u00e7a comercial foi 13% menor do que o registrado em 2017. As informa\u00e7\u00f5es s\u00e3o do <strong>Minist\u00e9rio da Economia<\/strong>.<\/p>\n<p><a href=\"https:\/\/www.suno.com.br\/noticias\/guerra-comercial-china-eua-trump-tarifas\/\">Saiba mais: Trump adia alta de tarifas sobre a China e d\u00e1 respiro \u00e0 guerra comercial<\/a><\/p>\n<p>Para 2019, o <strong>mercado financeiro<\/strong> espera uma nova piora no <strong>saldo comercial<\/strong>. De acordo com o <strong>Boletim Focus<\/strong> <a href=\"https:\/\/www.suno.com.br\/noticias\/boletim-focus-02252019\/\">divulgado pelo <strong>Banco Central<\/strong>\u00a0nesta segunda-feira (25)<\/a>, as expectativas s\u00e3o de um saldo positivo de US$ 51 bilh\u00f5es nas <strong>transa\u00e7\u00f5es comerciais<\/strong> do Pa\u00eds com o exterior.<\/p>\n<p>Por outro lado, o <strong>Banco Central<\/strong>\u00a0prev\u00ea um super\u00e1vit de US$ 38 bilh\u00f5es na balan\u00e7a comercial desde ano. As <strong>exporta\u00e7\u00f5es<\/strong> devem chegar a US$ 250 bilh\u00f5es e as <strong>importa\u00e7\u00f5es<\/strong> a US$ 212 bilh\u00f5es.<\/p>\n<p><a href=\"https:\/\/www.suno.com.br\/noticias\/gasto-brasileiros-exterior-janeiro\/\">Saiba mais: Gasto dos brasileiros no exterior cai 15,6% em janeiro e soma US$ 1,7 bi<\/a><\/p>\n<p>J\u00e1 a <strong>Associa\u00e7\u00e3o de Com\u00e9rcio Exterior do Brasil (AEB)<\/strong> calcula um super\u00e1vit da <strong>balan\u00e7a comercial<\/strong> menor, de US$ 32 bilh\u00f5es.<\/p>\n","protected":false},"excerpt":{"rendered":"<p>A balan\u00e7a comercial registrou um saldo positivo (super\u00e1vit) de US$ 3,59 bilh\u00f5es na parcial de fevereiro. A balan\u00e7a comercial brasileira reportou um super\u00e1vit de US$ 3,732 bilh\u00f5es em novembro desse ano Os dados foram divulgados nesta segunda-feira (25) pelo Minist\u00e9rio da Economia.\u00a0De acordo com o governo, na parcial do m\u00eas a balan\u00e7a comercial registrou: US$ [&hellip;]<\/p>\n","protected":false},"author":14,"featured_media":16533,"comment_status":"closed","ping_status":"closed","sticky":false,"template":"","format":"standard","meta":[],"categories":[62],"tags":[914,707,706],"suno_strategy":[],"class_list":["post-16530","post","type-post","status-publish","format-standard","has-post-thumbnail","hentry","category-economia","tag-balanca-comercial","tag-exportacoes","tag-importacoes"],"yoast_head":"<!-- This site is optimized with the Yoast SEO plugin v24.4 - https:\/\/yoast.com\/wordpress\/plugins\/seo\/ -->\n<title>Balan\u00e7a comercial tem super\u00e1vit de US$ 3,59 bi na parcial deste m\u00eas<\/title>\n<meta name=\"description\" content=\"Os dados da balan\u00e7a comercial foram divulgados nesta segunda-feira (25); houve uma queda em rela\u00e7\u00e3o a 2018. Clique para saber mais\" \/>\n<meta name=\"robots\" content=\"index, follow, max-snippet:-1, max-image-preview:large, max-video-preview:-1\" \/>\n<link rel=\"canonical\" href=\"https:\/\/www.suno.com.br\/noticias\/balanca-comercial-saldo-positivo-3\/\" \/>\n<meta property=\"og:locale\" content=\"pt_BR\" \/>\n<meta property=\"og:type\" content=\"article\" \/>\n<meta property=\"og:title\" content=\"Balan\u00e7a comercial tem super\u00e1vit de US$ 3,59 bi na parcial deste m\u00eas\" \/>\n<meta property=\"og:description\" content=\"Os dados da balan\u00e7a comercial foram divulgados nesta segunda-feira (25); houve uma queda em rela\u00e7\u00e3o a 2018. Clique para saber mais\" \/>\n<meta property=\"og:url\" content=\"https:\/\/www.suno.com.br\/noticias\/balanca-comercial-saldo-positivo-3\/\" \/>\n<meta property=\"og:site_name\" content=\"Suno Not\u00edcias\" \/>\n<meta property=\"article:publisher\" content=\"https:\/\/facebook.com\/sunoresearch\" \/>\n<meta property=\"og:image\" content=\"https:\/\/files.sunoresearch.com.br\/n\/uploads\/2019\/02\/8e5b1252-balan\u00e7a-comercial-2.jpg\" \/>\n\t<meta property=\"og:image:width\" content=\"1024\" \/>\n\t<meta property=\"og:image:height\" content=\"768\" \/>\n\t<meta property=\"og:image:type\" content=\"image\/jpeg\" \/>\n<meta name=\"author\" content=\"Renan Dantas\" \/>\n<meta name=\"twitter:card\" content=\"summary_large_image\" \/>\n<meta name=\"twitter:creator\" content=\"@sunoresearch\" \/>\n<meta name=\"twitter:site\" content=\"@sunoresearch\" \/>\n<meta name=\"twitter:label1\" content=\"Escrito por\" \/>\n\t<meta name=\"twitter:data1\" content=\"Renan Dantas\" \/>\n\t<meta name=\"twitter:label2\" content=\"Est. tempo de leitura\" \/>\n\t<meta name=\"twitter:data2\" content=\"2 minutos\" \/>\n<script type=\"application\/ld+json\" class=\"yoast-schema-graph\">{\"@context\":\"https:\/\/schema.org\",\"@graph\":[{\"@type\":\"NewsArticle\",\"@id\":\"https:\/\/www.suno.com.br\/noticias\/balanca-comercial-saldo-positivo-3\/#article\",\"isPartOf\":{\"@id\":\"https:\/\/www.suno.com.br\/noticias\/balanca-comercial-saldo-positivo-3\/\"},\"author\":{\"name\":\"Renan Dantas\",\"@id\":\"https:\/\/www.suno.com.br\/noticias\/#\/schema\/person\/3f7693d5795a3f6d5ce15309ee785699\"},\"headline\":\"Balan\u00e7a comercial tem super\u00e1vit de US$ 3,59 bi na parcial deste m\u00eas\",\"datePublished\":\"2019-02-25T20:02:13+00:00\",\"dateModified\":\"2019-02-25T20:02:42+00:00\",\"mainEntityOfPage\":{\"@id\":\"https:\/\/www.suno.com.br\/noticias\/balanca-comercial-saldo-positivo-3\/\"},\"wordCount\":466,\"publisher\":{\"@id\":\"https:\/\/www.suno.com.br\/noticias\/#organization\"},\"image\":{\"@id\":\"https:\/\/www.suno.com.br\/noticias\/balanca-comercial-saldo-positivo-3\/#primaryimage\"},\"thumbnailUrl\":\"https:\/\/files.sunoresearch.com.br\/n\/uploads\/2019\/02\/8e5b1252-balan\u00e7a-comercial-2-jpg.webp\",\"keywords\":[\"balan\u00e7a comercial\",\"exporta\u00e7\u00f5es\",\"importa\u00e7\u00f5es\"],\"articleSection\":[\"Economia\"],\"inLanguage\":\"pt-BR\"},{\"@type\":\"WebPage\",\"@id\":\"https:\/\/www.suno.com.br\/noticias\/balanca-comercial-saldo-positivo-3\/\",\"url\":\"https:\/\/www.suno.com.br\/noticias\/balanca-comercial-saldo-positivo-3\/\",\"name\":\"Balan\u00e7a comercial tem super\u00e1vit de US$ 3,59 bi na parcial deste m\u00eas\",\"isPartOf\":{\"@id\":\"https:\/\/www.suno.com.br\/noticias\/#website\"},\"primaryImageOfPage\":{\"@id\":\"https:\/\/www.suno.com.br\/noticias\/balanca-comercial-saldo-positivo-3\/#primaryimage\"},\"image\":{\"@id\":\"https:\/\/www.suno.com.br\/noticias\/balanca-comercial-saldo-positivo-3\/#primaryimage\"},\"thumbnailUrl\":\"https:\/\/files.sunoresearch.com.br\/n\/uploads\/2019\/02\/8e5b1252-balan\u00e7a-comercial-2-jpg.webp\",\"datePublished\":\"2019-02-25T20:02:13+00:00\",\"dateModified\":\"2019-02-25T20:02:42+00:00\",\"description\":\"Os dados da balan\u00e7a comercial foram divulgados nesta segunda-feira (25); houve uma queda em rela\u00e7\u00e3o a 2018. Clique para saber mais\",\"breadcrumb\":{\"@id\":\"https:\/\/www.suno.com.br\/noticias\/balanca-comercial-saldo-positivo-3\/#breadcrumb\"},\"inLanguage\":\"pt-BR\",\"potentialAction\":[{\"@type\":\"ReadAction\",\"target\":[\"https:\/\/www.suno.com.br\/noticias\/balanca-comercial-saldo-positivo-3\/\"]}]},{\"@type\":\"ImageObject\",\"inLanguage\":\"pt-BR\",\"@id\":\"https:\/\/www.suno.com.br\/noticias\/balanca-comercial-saldo-positivo-3\/#primaryimage\",\"url\":\"https:\/\/files.sunoresearch.com.br\/n\/uploads\/2019\/02\/8e5b1252-balan\u00e7a-comercial-2-jpg.webp\",\"contentUrl\":\"https:\/\/files.sunoresearch.com.br\/n\/uploads\/2019\/02\/8e5b1252-balan\u00e7a-comercial-2-jpg.webp\",\"width\":1024,\"height\":768,\"caption\":\"A balan\u00e7a comercial brasileira reportou um super\u00e1vit de US$ 3,732 bilh\u00f5es em novembro desse ano\"},{\"@type\":\"BreadcrumbList\",\"@id\":\"https:\/\/www.suno.com.br\/noticias\/balanca-comercial-saldo-positivo-3\/#breadcrumb\",\"itemListElement\":[{\"@type\":\"ListItem\",\"position\":1,\"name\":\"Not\u00edcias\",\"item\":\"https:\/\/www.suno.com.br\/noticias\/\"},{\"@type\":\"ListItem\",\"position\":2,\"name\":\"Economia\",\"item\":\"https:\/\/www.suno.com.br\/noticias\/economia\/\"},{\"@type\":\"ListItem\",\"position\":3,\"name\":\"Balan\u00e7a comercial tem super\u00e1vit de US$ 3,59 bi na parcial deste m\u00eas\"}]},{\"@type\":\"WebSite\",\"@id\":\"https:\/\/www.suno.com.br\/noticias\/#website\",\"url\":\"https:\/\/www.suno.com.br\/noticias\/\",\"name\":\"Suno Not\u00edcias\",\"description\":\"Seu portal de informa\u00e7\u00e3o sobre o mundo dos investimentos\",\"publisher\":{\"@id\":\"https:\/\/www.suno.com.br\/noticias\/#organization\"},\"potentialAction\":[{\"@type\":\"SearchAction\",\"target\":{\"@type\":\"EntryPoint\",\"urlTemplate\":\"https:\/\/www.suno.com.br\/noticias\/?s={search_term_string}\"},\"query-input\":{\"@type\":\"PropertyValueSpecification\",\"valueRequired\":true,\"valueName\":\"search_term_string\"}}],\"inLanguage\":\"pt-BR\"},{\"@type\":\"Organization\",\"@id\":\"https:\/\/www.suno.com.br\/noticias\/#organization\",\"name\":\"Suno Not\u00edcias\",\"url\":\"https:\/\/www.suno.com.br\/noticias\/\",\"logo\":{\"@type\":\"ImageObject\",\"inLanguage\":\"pt-BR\",\"@id\":\"https:\/\/www.suno.com.br\/noticias\/#\/schema\/logo\/image\/\",\"url\":\"https:\/\/files.sunoresearch.com.br\/n\/uploads\/2021\/09\/suno-logo.png\",\"contentUrl\":\"https:\/\/files.sunoresearch.com.br\/n\/uploads\/2021\/09\/suno-logo.png\",\"width\":180,\"height\":180,\"caption\":\"Suno Not\u00edcias\"},\"image\":{\"@id\":\"https:\/\/www.suno.com.br\/noticias\/#\/schema\/logo\/image\/\"},\"sameAs\":[\"https:\/\/facebook.com\/sunoresearch\",\"https:\/\/x.com\/sunoresearch\",\"https:\/\/www.instagram.com\/suno\",\"https:\/\/www.linkedin.com\/company\/suno-research\/\",\"https:\/\/www.youtube.com\/c\/sunoresearch\"]},{\"@type\":\"Person\",\"@id\":\"https:\/\/www.suno.com.br\/noticias\/#\/schema\/person\/3f7693d5795a3f6d5ce15309ee785699\",\"name\":\"Renan Dantas\",\"image\":{\"@type\":\"ImageObject\",\"inLanguage\":\"pt-BR\",\"@id\":\"https:\/\/www.suno.com.br\/noticias\/#\/schema\/person\/image\/\",\"url\":\"https:\/\/secure.gravatar.com\/avatar\/1787b83e7484a08e51d62ac8b41c8396?s=96&r=g\",\"contentUrl\":\"https:\/\/secure.gravatar.com\/avatar\/1787b83e7484a08e51d62ac8b41c8396?s=96&r=g\",\"caption\":\"Renan Dantas\"},\"description\":\"Escreve sobre pol\u00edtica e mercado financeiro para o portal Suno Not\u00edcias. Antes, atuou na assessoria de comunica\u00e7\u00e3o do Minist\u00e9rio P\u00fablico do Trabalho e na R\u00e1dio Mackenzie, onde apresentava e produzia um programa sobre artistas da m\u00fasica brasileira. \u00c9 estudante na Universidade Presbiteriana Mackenzie.\",\"url\":\"https:\/\/www.suno.com.br\/noticias\/author\/renan-dantas\/\"}]}<\/script>\n<!-- \/ Yoast SEO plugin. -->","yoast_head_json":{"title":"Balan\u00e7a comercial tem super\u00e1vit de US$ 3,59 bi na parcial deste m\u00eas","description":"Os dados da balan\u00e7a comercial foram divulgados nesta segunda-feira (25); houve uma queda em rela\u00e7\u00e3o a 2018. Clique para saber mais","robots":{"index":"index","follow":"follow","max-snippet":"max-snippet:-1","max-image-preview":"max-image-preview:large","max-video-preview":"max-video-preview:-1"},"canonical":"https:\/\/www.suno.com.br\/noticias\/balanca-comercial-saldo-positivo-3\/","og_locale":"pt_BR","og_type":"article","og_title":"Balan\u00e7a comercial tem super\u00e1vit de US$ 3,59 bi na parcial deste m\u00eas","og_description":"Os dados da balan\u00e7a comercial foram divulgados nesta segunda-feira (25); houve uma queda em rela\u00e7\u00e3o a 2018. Clique para saber mais","og_url":"https:\/\/www.suno.com.br\/noticias\/balanca-comercial-saldo-positivo-3\/","og_site_name":"Suno Not\u00edcias","article_publisher":"https:\/\/facebook.com\/sunoresearch","og_image":[{"width":1024,"height":768,"url":"https:\/\/files.sunoresearch.com.br\/n\/uploads\/2019\/02\/8e5b1252-balan\u00e7a-comercial-2.jpg","type":"image\/jpeg"}],"author":"Renan Dantas","twitter_card":"summary_large_image","twitter_creator":"@sunoresearch","twitter_site":"@sunoresearch","twitter_misc":{"Escrito por":"Renan Dantas","Est. tempo de leitura":"2 minutos"},"schema":{"@context":"https:\/\/schema.org","@graph":[{"@type":"NewsArticle","@id":"https:\/\/www.suno.com.br\/noticias\/balanca-comercial-saldo-positivo-3\/#article","isPartOf":{"@id":"https:\/\/www.suno.com.br\/noticias\/balanca-comercial-saldo-positivo-3\/"},"author":{"name":"Renan Dantas","@id":"https:\/\/www.suno.com.br\/noticias\/#\/schema\/person\/3f7693d5795a3f6d5ce15309ee785699"},"headline":"Balan\u00e7a comercial tem super\u00e1vit de US$ 3,59 bi na parcial deste m\u00eas","datePublished":"2019-02-25T20:02:13+00:00","dateModified":"2019-02-25T20:02:42+00:00","mainEntityOfPage":{"@id":"https:\/\/www.suno.com.br\/noticias\/balanca-comercial-saldo-positivo-3\/"},"wordCount":466,"publisher":{"@id":"https:\/\/www.suno.com.br\/noticias\/#organization"},"image":{"@id":"https:\/\/www.suno.com.br\/noticias\/balanca-comercial-saldo-positivo-3\/#primaryimage"},"thumbnailUrl":"https:\/\/files.sunoresearch.com.br\/n\/uploads\/2019\/02\/8e5b1252-balan\u00e7a-comercial-2-jpg.webp","keywords":["balan\u00e7a comercial","exporta\u00e7\u00f5es","importa\u00e7\u00f5es"],"articleSection":["Economia"],"inLanguage":"pt-BR"},{"@type":"WebPage","@id":"https:\/\/www.suno.com.br\/noticias\/balanca-comercial-saldo-positivo-3\/","url":"https:\/\/www.suno.com.br\/noticias\/balanca-comercial-saldo-positivo-3\/","name":"Balan\u00e7a comercial tem super\u00e1vit de US$ 3,59 bi na parcial deste m\u00eas","isPartOf":{"@id":"https:\/\/www.suno.com.br\/noticias\/#website"},"primaryImageOfPage":{"@id":"https:\/\/www.suno.com.br\/noticias\/balanca-comercial-saldo-positivo-3\/#primaryimage"},"image":{"@id":"https:\/\/www.suno.com.br\/noticias\/balanca-comercial-saldo-positivo-3\/#primaryimage"},"thumbnailUrl":"https:\/\/files.sunoresearch.com.br\/n\/uploads\/2019\/02\/8e5b1252-balan\u00e7a-comercial-2-jpg.webp","datePublished":"2019-02-25T20:02:13+00:00","dateModified":"2019-02-25T20:02:42+00:00","description":"Os dados da balan\u00e7a comercial foram divulgados nesta segunda-feira (25); houve uma queda em rela\u00e7\u00e3o a 2018. Clique para saber mais","breadcrumb":{"@id":"https:\/\/www.suno.com.br\/noticias\/balanca-comercial-saldo-positivo-3\/#breadcrumb"},"inLanguage":"pt-BR","potentialAction":[{"@type":"ReadAction","target":["https:\/\/www.suno.com.br\/noticias\/balanca-comercial-saldo-positivo-3\/"]}]},{"@type":"ImageObject","inLanguage":"pt-BR","@id":"https:\/\/www.suno.com.br\/noticias\/balanca-comercial-saldo-positivo-3\/#primaryimage","url":"https:\/\/files.sunoresearch.com.br\/n\/uploads\/2019\/02\/8e5b1252-balan\u00e7a-comercial-2-jpg.webp","contentUrl":"https:\/\/files.sunoresearch.com.br\/n\/uploads\/2019\/02\/8e5b1252-balan\u00e7a-comercial-2-jpg.webp","width":1024,"height":768,"caption":"A balan\u00e7a comercial brasileira reportou um super\u00e1vit de US$ 3,732 bilh\u00f5es em novembro desse ano"},{"@type":"BreadcrumbList","@id":"https:\/\/www.suno.com.br\/noticias\/balanca-comercial-saldo-positivo-3\/#breadcrumb","itemListElement":[{"@type":"ListItem","position":1,"name":"Not\u00edcias","item":"https:\/\/www.suno.com.br\/noticias\/"},{"@type":"ListItem","position":2,"name":"Economia","item":"https:\/\/www.suno.com.br\/noticias\/economia\/"},{"@type":"ListItem","position":3,"name":"Balan\u00e7a comercial tem super\u00e1vit de US$ 3,59 bi na parcial deste m\u00eas"}]},{"@type":"WebSite","@id":"https:\/\/www.suno.com.br\/noticias\/#website","url":"https:\/\/www.suno.com.br\/noticias\/","name":"Suno Not\u00edcias","description":"Seu portal de informa\u00e7\u00e3o sobre o mundo dos investimentos","publisher":{"@id":"https:\/\/www.suno.com.br\/noticias\/#organization"},"potentialAction":[{"@type":"SearchAction","target":{"@type":"EntryPoint","urlTemplate":"https:\/\/www.suno.com.br\/noticias\/?s={search_term_string}"},"query-input":{"@type":"PropertyValueSpecification","valueRequired":true,"valueName":"search_term_string"}}],"inLanguage":"pt-BR"},{"@type":"Organization","@id":"https:\/\/www.suno.com.br\/noticias\/#organization","name":"Suno Not\u00edcias","url":"https:\/\/www.suno.com.br\/noticias\/","logo":{"@type":"ImageObject","inLanguage":"pt-BR","@id":"https:\/\/www.suno.com.br\/noticias\/#\/schema\/logo\/image\/","url":"https:\/\/files.sunoresearch.com.br\/n\/uploads\/2021\/09\/suno-logo.png","contentUrl":"https:\/\/files.sunoresearch.com.br\/n\/uploads\/2021\/09\/suno-logo.png","width":180,"height":180,"caption":"Suno Not\u00edcias"},"image":{"@id":"https:\/\/www.suno.com.br\/noticias\/#\/schema\/logo\/image\/"},"sameAs":["https:\/\/facebook.com\/sunoresearch","https:\/\/x.com\/sunoresearch","https:\/\/www.instagram.com\/suno","https:\/\/www.linkedin.com\/company\/suno-research\/","https:\/\/www.youtube.com\/c\/sunoresearch"]},{"@type":"Person","@id":"https:\/\/www.suno.com.br\/noticias\/#\/schema\/person\/3f7693d5795a3f6d5ce15309ee785699","name":"Renan Dantas","image":{"@type":"ImageObject","inLanguage":"pt-BR","@id":"https:\/\/www.suno.com.br\/noticias\/#\/schema\/person\/image\/","url":"https:\/\/secure.gravatar.com\/avatar\/1787b83e7484a08e51d62ac8b41c8396?s=96&r=g","contentUrl":"https:\/\/secure.gravatar.com\/avatar\/1787b83e7484a08e51d62ac8b41c8396?s=96&r=g","caption":"Renan Dantas"},"description":"Escreve sobre pol\u00edtica e mercado financeiro para o portal Suno Not\u00edcias. Antes, atuou na assessoria de comunica\u00e7\u00e3o do Minist\u00e9rio P\u00fablico do Trabalho e na R\u00e1dio Mackenzie, onde apresentava e produzia um programa sobre artistas da m\u00fasica brasileira. \u00c9 estudante na Universidade Presbiteriana Mackenzie.","url":"https:\/\/www.suno.com.br\/noticias\/author\/renan-dantas\/"}]}},"default_loop_html":"<div class=\"cardsPage__listCard__boxs\"><div class=\"cardsPage__listCard__boxs__img\"><a href=\"https:\/\/www.suno.com.br\/noticias\/balanca-comercial-saldo-positivo-3\/\"><img class=\"mask\" src=\"https:\/\/www.suno.com.br\/noticias\/wp-content\/themes\/suno\/resources\/images\/spotlight\/spotlight1img\/bg-mask.png\" alt=\"Image Mask\"\/><img src=\"https:\/\/files.sunoresearch.com.br\/n\/uploads\/2019\/02\/8e5b1252-balan\u00e7a-comercial-2-400x200.webp\" alt=\"Balan\u00e7a comercial tem super\u00e1vit de US$ 3,59 bi na parcial deste m\u00eas\"\/><\/a><span class=\"spotlightCategory\"><a href=\"https:\/\/www.suno.com.br\/noticias\/economia\/\">Economia<\/a><\/span><\/div><div class=\"cardsPage__listCard__boxs__content\"><a href=\"https:\/\/www.suno.com.br\/noticias\/balanca-comercial-saldo-positivo-3\/\"><h2 class=\"content__title\">Balan\u00e7a comercial tem super\u00e1vit de US$ 3,59 bi na parcial deste m\u00eas<\/h2><\/a><div class=\"newsContent__article__meta\"><div class=\"newsContent__article__meta__authorBox\"><a href=\"https:\/\/www.suno.com.br\/noticias\/author\/renan-dantas\/\" class=\"authorBox__avatar noMobi\"><img src=\"https:\/\/secure.gravatar.com\/avatar\/1787b83e7484a08e51d62ac8b41c8396?s=96&#038;r=g\" alt=\"Renan Dantas\"><\/a><div class=\"authorBox__name\"><span>por\n\t\t\t<a href=\"https:\/\/www.suno.com.br\/noticias\/author\/renan-dantas\/\"><span itemprop=\"author\">Renan Dantas<\/span><\/a><\/span><time datetime=\"2019-02-25T17:02:13-03:00\" itemprop=\"datePublished\">25\/02\/2019 17:02<\/time><\/div><\/div><\/div><\/div><\/div>","single_layout":"posts","amp_enabled":true,"_links":{"self":[{"href":"https:\/\/www.suno.com.br\/noticias\/wp-json\/wp\/v2\/posts\/16530"}],"collection":[{"href":"https:\/\/www.suno.com.br\/noticias\/wp-json\/wp\/v2\/posts"}],"about":[{"href":"https:\/\/www.suno.com.br\/noticias\/wp-json\/wp\/v2\/types\/post"}],"author":[{"embeddable":true,"href":"https:\/\/www.suno.com.br\/noticias\/wp-json\/wp\/v2\/users\/14"}],"replies":[{"embeddable":true,"href":"https:\/\/www.suno.com.br\/noticias\/wp-json\/wp\/v2\/comments?post=16530"}],"version-history":[{"count":0,"href":"https:\/\/www.suno.com.br\/noticias\/wp-json\/wp\/v2\/posts\/16530\/revisions"}],"wp:featuredmedia":[{"embeddable":true,"href":"https:\/\/www.suno.com.br\/noticias\/wp-json\/wp\/v2\/media\/16533"}],"wp:attachment":[{"href":"https:\/\/www.suno.com.br\/noticias\/wp-json\/wp\/v2\/media?parent=16530"}],"wp:term":[{"taxonomy":"category","embeddable":true,"href":"https:\/\/www.suno.com.br\/noticias\/wp-json\/wp\/v2\/categories?post=16530"},{"taxonomy":"post_tag","embeddable":true,"href":"https:\/\/www.suno.com.br\/noticias\/wp-json\/wp\/v2\/tags?post=16530"},{"taxonomy":"suno_strategy","embeddable":true,"href":"https:\/\/www.suno.com.br\/noticias\/wp-json\/wp\/v2\/suno_strategy?post=16530"}],"curies":[{"name":"wp","href":"https:\/\/api.w.org\/{rel}","templated":true}]}}