{"id":165255,"date":"2021-07-12T16:41:43","date_gmt":"2021-07-12T19:41:43","guid":{"rendered":"https:\/\/www.suno.com.br\/noticias\/?p=165255"},"modified":"2021-07-13T07:09:49","modified_gmt":"2021-07-13T10:09:49","slug":"will-bank-recebe-aporte-r-250-mi-xp-private-equity-atmos-capital","status":"publish","type":"post","link":"https:\/\/www.suno.com.br\/noticias\/will-bank-recebe-aporte-r-250-mi-xp-private-equity-atmos-capital\/","title":{"rendered":"Banco digital will bank recebe aporte de R$ 250 mi de XP Private Equity e Atmos Capital"},"content":{"rendered":"<p>O <a class=\"suno-keyword\" href=\"https:\/\/www.suno.com.br\/artigos\/banco-digital\/\" target=\"_blank\" rel=\"noopener noreferrer\" data-force=\"no\" data-priority=\"2\">banco digital<\/a> <strong>will bank<\/strong> recebeu um aporte minorit\u00e1rio de capital de R$ 250 milh\u00f5es de um grupo de investidores liderado pelo fundo de <a class=\"suno-keyword\" href=\"https:\/\/www.suno.com.br\/artigos\/private-equity\/\" target=\"_blank\" rel=\"noopener noreferrer\" data-force=\"no\" data-priority=\"1\">Private Equity<\/a> da XP e pela gestora Atmos Capital, conforme informou nesta segunda-feira (12).<\/p>\t<div class=\"wrapper-featured-image\">\n\t\t<figure class=\"spotlightImg\">\n\n\t\t\t<picture>\n\t\t\t\t<source media=\"(max-width: 768px)\" srcset=\"https:\/\/files.sunoresearch.com.br\/n\/uploads\/2021\/07\/10c8a2d5-119450394_168261498245240_3328115130614450926_n-400x200.jpg\">\n\t\t\t\t<img loading=\"lazy\" decoding=\"async\" class=\"newsContent__article__imgCapa lazyloadDisabled \" src=\"https:\/\/files.sunoresearch.com.br\/n\/uploads\/2021\/07\/10c8a2d5-119450394_168261498245240_3328115130614450926_n-800x450.jpg\" width=\"800\" height=\"450\" alt=\"Banco digital will bank recebe aporte de R$ 250 mi de XP Private Equity e Atmos Capital\" fetchpriority=high \/>\n\t\t\t<\/picture>\n\n\t\t\t<figcaption class=\"wp-caption-text wp-caption-text--show\">Banco digital will bank. Foto: Reprodu\u00e7\u00e3o Facebook<\/figcaption>\n\t\t<\/figure>\n\t<\/div>\n\n\n\t<p>\n\t\t<a href=\"https:\/\/lp.suno.com.br\/planilha-controle-gastos\/\" target=\"_blank\" data-element=\"shortcode-suno-banner\" title=\"Banner SUNO, clique e saiba mais\">\n\t\t\t<picture>\n\t\t\t\t<source media=\"(max-width: 500px)\" srcset=\"https:\/\/files.sunoresearch.com.br\/n\/uploads\/2023\/03\/400x300-Planilha-controle-de-gastos.png\">\n\t\t\t\t<img class=\"newsContent__article__imgCapa newsContent__article__imgCapa--banner\"\n\t\t\t\t\tsrc=\"https:\/\/files.sunoresearch.com.br\/n\/uploads\/2023\/03\/1420x240-Planilha-controle-de-gastos.png\"\n\t\t\t\t\tdata-promo-id=\"101751\"\t\t\t\t\t\t\t\t\t\twidth='1420' height='240'\t\t\t\t\talt=\"https:\/\/files.sunoresearch.com.br\/n\/uploads\/2023\/03\/1420x240-Planilha-controle-de-gastos.png\"\n\t\t\t\t>\n\t\t\t<\/picture>\n\t\t<\/a>\n\t<\/p>\n\n\n<p>O aporte pelos investidores ser\u00e1 um refor\u00e7o na base de capital do will bank, suportando o crescimento acelerado da companhia e o desenvolvimento de novas linhas de produto nos pr\u00f3ximos anos, al\u00e9m de contribuir com a governan\u00e7a corporativa do banco digital, afirmou em nota.<\/p>\n<p>Co-fundador e CEO da companhia, Felipe Felix, complementa que o banco possui um grande diferencial tecnol\u00f3gico e foi a primeira startup a oferecer conta digital integrada com cart\u00e3o de cr\u00e9dito no Brasil, no in\u00edcio de 2017.<\/p>\n<p>&#8220;Com grande parte dos funcion\u00e1rios nas \u00e1reas de tecnologia e dados, temos muita agilidade e flexibilidade para desenvolver novos produtos e melhorias, evoluindo a vida financeira dos nossos clientes de algo sem gra\u00e7a e burocr\u00e1tico para uma experi\u00eancia prazerosa, positiva e completa&#8221;.<\/p>\n<p>&#8220;Estamos muito felizes em firmar uma parceria com uma base de investidores de alto n\u00edvel, que nos permitir\u00e1 continuar crescendo de forma acelerada e sustent\u00e1vel para transformar a vida de milh\u00f5es de brasileiros&#8221;, continuou.<\/p>\n\t<p>\n\t\t<a href=\"https:\/\/lp.suno.com.br\/planilha-da-vida-financeira\/\" target=\"_blank\" data-element=\"shortcode-suno-banner\" title=\"Banner SUNO, clique e saiba mais\">\n\t\t\t<picture>\n\t\t\t\t<source media=\"(max-width: 500px)\" srcset=\"https:\/\/files.sunoresearch.com.br\/n\/uploads\/2023\/04\/400x300-Planilha-vida-financeira-true.png\">\n\t\t\t\t<img class=\"newsContent__article__imgCapa newsContent__article__imgCapa--banner\"\n\t\t\t\t\tsrc=\"https:\/\/files.sunoresearch.com.br\/n\/uploads\/2023\/04\/1420x240-Planilha-vida-financeira-true.png\"\n\t\t\t\t\tdata-promo-id=\"106682\"\t\t\t\t\t\t\t\t\t\twidth='1420' height='240'\t\t\t\t\talt=\"https:\/\/files.sunoresearch.com.br\/n\/uploads\/2023\/04\/1420x240-Planilha-vida-financeira-true.png\"\n\t\t\t\t>\n\t\t\t<\/picture>\n\t\t<\/a>\n\t<\/p>\n\n\n<p>De acordo com Chu Kong, head do fundo de<strong> Private Equity da XP<\/strong>, &#8220;o investimento no will \u00e9 uma grande oportunidade de ingressar no mercado de alto crescimento dos bancos digitais, que tem democratizado o acesso ao sistema financeiro. O will se destaca por contar com um forte e experiente time de gest\u00e3o, com profundo conhecimento do seu p\u00fablico alvo&#8221;.<\/p>\n<p>Erik Lassner, da gestora <strong>Atmos Capital<\/strong>, adiciona que &#8220;a rentabilidade da companhia est\u00e1 relacionada principalmente ao alto \u00edndice de crescimento org\u00e2nico de clientes, devido \u00e0 qualidade do produto e ao posicionamento da marca, focado em um p\u00fablico historicamente mal servido pelo sistema financeiro tradicional&#8221;.<\/p>\n<p>A companhia estima que uma grande parcela dos clientes do <strong>will bank<\/strong> n\u00e3o tinham cart\u00e3o de cr\u00e9dito quando teve seu cr\u00e9dito aprovado.<\/p>\n\t<p>\n\t\t<a href=\"https:\/\/lp.suno.com.br\/planilha-de-controle-de-investimentos\/\" target=\"_blank\" data-element=\"shortcode-suno-banner\" title=\"Banner SUNO, clique e saiba mais\">\n\t\t\t<picture>\n\t\t\t\t<source media=\"(max-width: 500px)\" srcset=\"https:\/\/files.sunoresearch.com.br\/n\/uploads\/2023\/03\/400x300-Controle-de-Investimentos.png\">\n\t\t\t\t<img class=\"newsContent__article__imgCapa newsContent__article__imgCapa--banner\"\n\t\t\t\t\tsrc=\"https:\/\/files.sunoresearch.com.br\/n\/uploads\/2023\/03\/1420x240-Controle-de-Investimentos.png\"\n\t\t\t\t\tdata-promo-id=\"75934\"\t\t\t\t\t\t\t\t\t\twidth='1420' height='240'\t\t\t\t\talt=\"https:\/\/files.sunoresearch.com.br\/n\/uploads\/2023\/03\/1420x240-Controle-de-Investimentos.png\"\n\t\t\t\t>\n\t\t\t<\/picture>\n\t\t<\/a>\n\t<\/p>\n\n\n<p>&nbsp;<\/p>\n","protected":false},"excerpt":{"rendered":"<p>O banco digital will bank recebeu um aporte minorit\u00e1rio de capital de R$ 250 milh\u00f5es de um grupo de investidores liderado pelo fundo de Private Equity da XP e pela gestora Atmos Capital, conforme informou nesta segunda-feira (12). Banco digital will bank. Foto: Reprodu\u00e7\u00e3o Facebook O aporte pelos investidores ser\u00e1 um refor\u00e7o na base de [&hellip;]<\/p>\n","protected":false},"author":56,"featured_media":165289,"comment_status":"closed","ping_status":"closed","sticky":false,"template":"","format":"standard","meta":[],"categories":[106394],"tags":[888],"suno_strategy":[],"class_list":["post-165255","post","type-post","status-publish","format-standard","has-post-thumbnail","hentry","category-startups","tag-xp-investimentos"],"yoast_head":"<!-- This site is optimized with the Yoast SEO plugin v24.4 - https:\/\/yoast.com\/wordpress\/plugins\/seo\/ -->\n<title>Will bank recebe aporte de R$ 250 mi de XP Private Equity e Atmos Capital<\/title>\n<meta name=\"description\" content=\"O aporte ser\u00e1 um refor\u00e7o na base de capital do will bank, suportando o crescimento acelerado da companhia, disse o banco digital. Veja mais.\" \/>\n<meta name=\"robots\" content=\"index, follow, max-snippet:-1, max-image-preview:large, max-video-preview:-1\" \/>\n<link rel=\"canonical\" href=\"https:\/\/www.suno.com.br\/noticias\/will-bank-recebe-aporte-r-250-mi-xp-private-equity-atmos-capital\/\" \/>\n<meta property=\"og:locale\" content=\"pt_BR\" \/>\n<meta property=\"og:type\" content=\"article\" \/>\n<meta property=\"og:title\" content=\"Will bank recebe aporte de R$ 250 mi de XP Private Equity e Atmos Capital\" \/>\n<meta property=\"og:description\" content=\"O aporte ser\u00e1 um refor\u00e7o na base de capital do will bank, suportando o crescimento acelerado da companhia, disse o banco digital. Veja mais.\" \/>\n<meta property=\"og:url\" content=\"https:\/\/www.suno.com.br\/noticias\/will-bank-recebe-aporte-r-250-mi-xp-private-equity-atmos-capital\/\" \/>\n<meta property=\"og:site_name\" content=\"Suno Not\u00edcias\" \/>\n<meta property=\"article:publisher\" content=\"https:\/\/facebook.com\/sunoresearch\" \/>\n<meta property=\"og:image\" content=\"https:\/\/files.sunoresearch.com.br\/n\/uploads\/2021\/07\/10c8a2d5-119450394_168261498245240_3328115130614450926_n-rotated.jpg\" \/>\n\t<meta property=\"og:image:width\" content=\"1350\" \/>\n\t<meta property=\"og:image:height\" content=\"1080\" \/>\n\t<meta property=\"og:image:type\" content=\"image\/jpeg\" \/>\n<meta name=\"author\" content=\"Rafaela La Regina\" \/>\n<meta name=\"twitter:card\" content=\"summary_large_image\" \/>\n<meta name=\"twitter:creator\" content=\"@sunoresearch\" \/>\n<meta name=\"twitter:site\" content=\"@sunoresearch\" \/>\n<meta name=\"twitter:label1\" content=\"Escrito por\" \/>\n\t<meta name=\"twitter:data1\" content=\"Rafaela La Regina\" \/>\n\t<meta name=\"twitter:label2\" content=\"Est. tempo de leitura\" \/>\n\t<meta name=\"twitter:data2\" content=\"2 minutos\" \/>\n<script type=\"application\/ld+json\" class=\"yoast-schema-graph\">{\"@context\":\"https:\/\/schema.org\",\"@graph\":[{\"@type\":\"NewsArticle\",\"@id\":\"https:\/\/www.suno.com.br\/noticias\/will-bank-recebe-aporte-r-250-mi-xp-private-equity-atmos-capital\/#article\",\"isPartOf\":{\"@id\":\"https:\/\/www.suno.com.br\/noticias\/will-bank-recebe-aporte-r-250-mi-xp-private-equity-atmos-capital\/\"},\"author\":{\"name\":\"Rafaela La Regina\",\"@id\":\"https:\/\/www.suno.com.br\/noticias\/#\/schema\/person\/e672ca8cea627fe715fa29bca7da95e0\"},\"headline\":\"Banco digital will bank recebe aporte de R$ 250 mi de XP Private Equity e Atmos Capital\",\"datePublished\":\"2021-07-12T19:41:43+00:00\",\"dateModified\":\"2021-07-13T10:09:49+00:00\",\"mainEntityOfPage\":{\"@id\":\"https:\/\/www.suno.com.br\/noticias\/will-bank-recebe-aporte-r-250-mi-xp-private-equity-atmos-capital\/\"},\"wordCount\":366,\"publisher\":{\"@id\":\"https:\/\/www.suno.com.br\/noticias\/#organization\"},\"image\":{\"@id\":\"https:\/\/www.suno.com.br\/noticias\/will-bank-recebe-aporte-r-250-mi-xp-private-equity-atmos-capital\/#primaryimage\"},\"thumbnailUrl\":\"https:\/\/files.sunoresearch.com.br\/n\/uploads\/2021\/07\/10c8a2d5-119450394_168261498245240_3328115130614450926_n-rotated.jpg\",\"keywords\":[\"XP Investimentos\"],\"articleSection\":[\"Startups\"],\"inLanguage\":\"pt-BR\"},{\"@type\":\"WebPage\",\"@id\":\"https:\/\/www.suno.com.br\/noticias\/will-bank-recebe-aporte-r-250-mi-xp-private-equity-atmos-capital\/\",\"url\":\"https:\/\/www.suno.com.br\/noticias\/will-bank-recebe-aporte-r-250-mi-xp-private-equity-atmos-capital\/\",\"name\":\"Will bank recebe aporte de R$ 250 mi de XP Private Equity e Atmos Capital\",\"isPartOf\":{\"@id\":\"https:\/\/www.suno.com.br\/noticias\/#website\"},\"primaryImageOfPage\":{\"@id\":\"https:\/\/www.suno.com.br\/noticias\/will-bank-recebe-aporte-r-250-mi-xp-private-equity-atmos-capital\/#primaryimage\"},\"image\":{\"@id\":\"https:\/\/www.suno.com.br\/noticias\/will-bank-recebe-aporte-r-250-mi-xp-private-equity-atmos-capital\/#primaryimage\"},\"thumbnailUrl\":\"https:\/\/files.sunoresearch.com.br\/n\/uploads\/2021\/07\/10c8a2d5-119450394_168261498245240_3328115130614450926_n-rotated.jpg\",\"datePublished\":\"2021-07-12T19:41:43+00:00\",\"dateModified\":\"2021-07-13T10:09:49+00:00\",\"description\":\"O aporte ser\u00e1 um refor\u00e7o na base de capital do will bank, suportando o crescimento acelerado da companhia, disse o banco digital. Veja mais.\",\"breadcrumb\":{\"@id\":\"https:\/\/www.suno.com.br\/noticias\/will-bank-recebe-aporte-r-250-mi-xp-private-equity-atmos-capital\/#breadcrumb\"},\"inLanguage\":\"pt-BR\",\"potentialAction\":[{\"@type\":\"ReadAction\",\"target\":[\"https:\/\/www.suno.com.br\/noticias\/will-bank-recebe-aporte-r-250-mi-xp-private-equity-atmos-capital\/\"]}]},{\"@type\":\"ImageObject\",\"inLanguage\":\"pt-BR\",\"@id\":\"https:\/\/www.suno.com.br\/noticias\/will-bank-recebe-aporte-r-250-mi-xp-private-equity-atmos-capital\/#primaryimage\",\"url\":\"https:\/\/files.sunoresearch.com.br\/n\/uploads\/2021\/07\/10c8a2d5-119450394_168261498245240_3328115130614450926_n-rotated.jpg\",\"contentUrl\":\"https:\/\/files.sunoresearch.com.br\/n\/uploads\/2021\/07\/10c8a2d5-119450394_168261498245240_3328115130614450926_n-rotated.jpg\",\"width\":1350,\"height\":1080,\"caption\":\"Banco digital will bank. Foto: Reprodu\u00e7\u00e3o Facebook\"},{\"@type\":\"BreadcrumbList\",\"@id\":\"https:\/\/www.suno.com.br\/noticias\/will-bank-recebe-aporte-r-250-mi-xp-private-equity-atmos-capital\/#breadcrumb\",\"itemListElement\":[{\"@type\":\"ListItem\",\"position\":1,\"name\":\"Not\u00edcias\",\"item\":\"https:\/\/www.suno.com.br\/noticias\/\"},{\"@type\":\"ListItem\",\"position\":2,\"name\":\"Startups\",\"item\":\"https:\/\/www.suno.com.br\/noticias\/startups\/\"},{\"@type\":\"ListItem\",\"position\":3,\"name\":\"Banco digital will bank recebe aporte de R$ 250 mi de XP Private Equity e Atmos Capital\"}]},{\"@type\":\"WebSite\",\"@id\":\"https:\/\/www.suno.com.br\/noticias\/#website\",\"url\":\"https:\/\/www.suno.com.br\/noticias\/\",\"name\":\"Suno Not\u00edcias\",\"description\":\"Seu portal de informa\u00e7\u00e3o sobre o mundo dos investimentos\",\"publisher\":{\"@id\":\"https:\/\/www.suno.com.br\/noticias\/#organization\"},\"potentialAction\":[{\"@type\":\"SearchAction\",\"target\":{\"@type\":\"EntryPoint\",\"urlTemplate\":\"https:\/\/www.suno.com.br\/noticias\/?s={search_term_string}\"},\"query-input\":{\"@type\":\"PropertyValueSpecification\",\"valueRequired\":true,\"valueName\":\"search_term_string\"}}],\"inLanguage\":\"pt-BR\"},{\"@type\":\"Organization\",\"@id\":\"https:\/\/www.suno.com.br\/noticias\/#organization\",\"name\":\"Suno Not\u00edcias\",\"url\":\"https:\/\/www.suno.com.br\/noticias\/\",\"logo\":{\"@type\":\"ImageObject\",\"inLanguage\":\"pt-BR\",\"@id\":\"https:\/\/www.suno.com.br\/noticias\/#\/schema\/logo\/image\/\",\"url\":\"https:\/\/files.sunoresearch.com.br\/n\/uploads\/2021\/09\/suno-logo.png\",\"contentUrl\":\"https:\/\/files.sunoresearch.com.br\/n\/uploads\/2021\/09\/suno-logo.png\",\"width\":180,\"height\":180,\"caption\":\"Suno Not\u00edcias\"},\"image\":{\"@id\":\"https:\/\/www.suno.com.br\/noticias\/#\/schema\/logo\/image\/\"},\"sameAs\":[\"https:\/\/facebook.com\/sunoresearch\",\"https:\/\/x.com\/sunoresearch\",\"https:\/\/www.instagram.com\/suno\",\"https:\/\/www.linkedin.com\/company\/suno-research\/\",\"https:\/\/www.youtube.com\/c\/sunoresearch\"]},{\"@type\":\"Person\",\"@id\":\"https:\/\/www.suno.com.br\/noticias\/#\/schema\/person\/e672ca8cea627fe715fa29bca7da95e0\",\"name\":\"Rafaela La Regina\",\"image\":{\"@type\":\"ImageObject\",\"inLanguage\":\"pt-BR\",\"@id\":\"https:\/\/www.suno.com.br\/noticias\/#\/schema\/person\/image\/\",\"url\":\"https:\/\/secure.gravatar.com\/avatar\/d2c75a52d243deb93d0465fdcb21bd37?s=96&r=g\",\"contentUrl\":\"https:\/\/secure.gravatar.com\/avatar\/d2c75a52d243deb93d0465fdcb21bd37?s=96&r=g\",\"caption\":\"Rafaela La Regina\"},\"description\":\"Estagi\u00e1ria no Suno Not\u00edcias. Escreve sobre economia, pol\u00edtica e neg\u00f3cios. Estuda Rela\u00e7\u00f5es Internacionais no IBMEC-SP.\",\"url\":\"https:\/\/www.suno.com.br\/noticias\/author\/rafaela-la-regina\/\"}]}<\/script>\n<!-- \/ Yoast SEO plugin. -->","yoast_head_json":{"title":"Will bank recebe aporte de R$ 250 mi de XP Private Equity e Atmos Capital","description":"O aporte ser\u00e1 um refor\u00e7o na base de capital do will bank, suportando o crescimento acelerado da companhia, disse o banco digital. Veja mais.","robots":{"index":"index","follow":"follow","max-snippet":"max-snippet:-1","max-image-preview":"max-image-preview:large","max-video-preview":"max-video-preview:-1"},"canonical":"https:\/\/www.suno.com.br\/noticias\/will-bank-recebe-aporte-r-250-mi-xp-private-equity-atmos-capital\/","og_locale":"pt_BR","og_type":"article","og_title":"Will bank recebe aporte de R$ 250 mi de XP Private Equity e Atmos Capital","og_description":"O aporte ser\u00e1 um refor\u00e7o na base de capital do will bank, suportando o crescimento acelerado da companhia, disse o banco digital. Veja mais.","og_url":"https:\/\/www.suno.com.br\/noticias\/will-bank-recebe-aporte-r-250-mi-xp-private-equity-atmos-capital\/","og_site_name":"Suno Not\u00edcias","article_publisher":"https:\/\/facebook.com\/sunoresearch","og_image":[{"width":1350,"height":1080,"url":"https:\/\/files.sunoresearch.com.br\/n\/uploads\/2021\/07\/10c8a2d5-119450394_168261498245240_3328115130614450926_n-rotated.jpg","type":"image\/jpeg"}],"author":"Rafaela La Regina","twitter_card":"summary_large_image","twitter_creator":"@sunoresearch","twitter_site":"@sunoresearch","twitter_misc":{"Escrito por":"Rafaela La Regina","Est. tempo de leitura":"2 minutos"},"schema":{"@context":"https:\/\/schema.org","@graph":[{"@type":"NewsArticle","@id":"https:\/\/www.suno.com.br\/noticias\/will-bank-recebe-aporte-r-250-mi-xp-private-equity-atmos-capital\/#article","isPartOf":{"@id":"https:\/\/www.suno.com.br\/noticias\/will-bank-recebe-aporte-r-250-mi-xp-private-equity-atmos-capital\/"},"author":{"name":"Rafaela La Regina","@id":"https:\/\/www.suno.com.br\/noticias\/#\/schema\/person\/e672ca8cea627fe715fa29bca7da95e0"},"headline":"Banco digital will bank recebe aporte de R$ 250 mi de XP Private Equity e Atmos Capital","datePublished":"2021-07-12T19:41:43+00:00","dateModified":"2021-07-13T10:09:49+00:00","mainEntityOfPage":{"@id":"https:\/\/www.suno.com.br\/noticias\/will-bank-recebe-aporte-r-250-mi-xp-private-equity-atmos-capital\/"},"wordCount":366,"publisher":{"@id":"https:\/\/www.suno.com.br\/noticias\/#organization"},"image":{"@id":"https:\/\/www.suno.com.br\/noticias\/will-bank-recebe-aporte-r-250-mi-xp-private-equity-atmos-capital\/#primaryimage"},"thumbnailUrl":"https:\/\/files.sunoresearch.com.br\/n\/uploads\/2021\/07\/10c8a2d5-119450394_168261498245240_3328115130614450926_n-rotated.jpg","keywords":["XP Investimentos"],"articleSection":["Startups"],"inLanguage":"pt-BR"},{"@type":"WebPage","@id":"https:\/\/www.suno.com.br\/noticias\/will-bank-recebe-aporte-r-250-mi-xp-private-equity-atmos-capital\/","url":"https:\/\/www.suno.com.br\/noticias\/will-bank-recebe-aporte-r-250-mi-xp-private-equity-atmos-capital\/","name":"Will bank recebe aporte de R$ 250 mi de XP Private Equity e Atmos Capital","isPartOf":{"@id":"https:\/\/www.suno.com.br\/noticias\/#website"},"primaryImageOfPage":{"@id":"https:\/\/www.suno.com.br\/noticias\/will-bank-recebe-aporte-r-250-mi-xp-private-equity-atmos-capital\/#primaryimage"},"image":{"@id":"https:\/\/www.suno.com.br\/noticias\/will-bank-recebe-aporte-r-250-mi-xp-private-equity-atmos-capital\/#primaryimage"},"thumbnailUrl":"https:\/\/files.sunoresearch.com.br\/n\/uploads\/2021\/07\/10c8a2d5-119450394_168261498245240_3328115130614450926_n-rotated.jpg","datePublished":"2021-07-12T19:41:43+00:00","dateModified":"2021-07-13T10:09:49+00:00","description":"O aporte ser\u00e1 um refor\u00e7o na base de capital do will bank, suportando o crescimento acelerado da companhia, disse o banco digital. Veja mais.","breadcrumb":{"@id":"https:\/\/www.suno.com.br\/noticias\/will-bank-recebe-aporte-r-250-mi-xp-private-equity-atmos-capital\/#breadcrumb"},"inLanguage":"pt-BR","potentialAction":[{"@type":"ReadAction","target":["https:\/\/www.suno.com.br\/noticias\/will-bank-recebe-aporte-r-250-mi-xp-private-equity-atmos-capital\/"]}]},{"@type":"ImageObject","inLanguage":"pt-BR","@id":"https:\/\/www.suno.com.br\/noticias\/will-bank-recebe-aporte-r-250-mi-xp-private-equity-atmos-capital\/#primaryimage","url":"https:\/\/files.sunoresearch.com.br\/n\/uploads\/2021\/07\/10c8a2d5-119450394_168261498245240_3328115130614450926_n-rotated.jpg","contentUrl":"https:\/\/files.sunoresearch.com.br\/n\/uploads\/2021\/07\/10c8a2d5-119450394_168261498245240_3328115130614450926_n-rotated.jpg","width":1350,"height":1080,"caption":"Banco digital will bank. Foto: Reprodu\u00e7\u00e3o Facebook"},{"@type":"BreadcrumbList","@id":"https:\/\/www.suno.com.br\/noticias\/will-bank-recebe-aporte-r-250-mi-xp-private-equity-atmos-capital\/#breadcrumb","itemListElement":[{"@type":"ListItem","position":1,"name":"Not\u00edcias","item":"https:\/\/www.suno.com.br\/noticias\/"},{"@type":"ListItem","position":2,"name":"Startups","item":"https:\/\/www.suno.com.br\/noticias\/startups\/"},{"@type":"ListItem","position":3,"name":"Banco digital will bank recebe aporte de R$ 250 mi de XP Private Equity e Atmos Capital"}]},{"@type":"WebSite","@id":"https:\/\/www.suno.com.br\/noticias\/#website","url":"https:\/\/www.suno.com.br\/noticias\/","name":"Suno Not\u00edcias","description":"Seu portal de informa\u00e7\u00e3o sobre o mundo dos investimentos","publisher":{"@id":"https:\/\/www.suno.com.br\/noticias\/#organization"},"potentialAction":[{"@type":"SearchAction","target":{"@type":"EntryPoint","urlTemplate":"https:\/\/www.suno.com.br\/noticias\/?s={search_term_string}"},"query-input":{"@type":"PropertyValueSpecification","valueRequired":true,"valueName":"search_term_string"}}],"inLanguage":"pt-BR"},{"@type":"Organization","@id":"https:\/\/www.suno.com.br\/noticias\/#organization","name":"Suno Not\u00edcias","url":"https:\/\/www.suno.com.br\/noticias\/","logo":{"@type":"ImageObject","inLanguage":"pt-BR","@id":"https:\/\/www.suno.com.br\/noticias\/#\/schema\/logo\/image\/","url":"https:\/\/files.sunoresearch.com.br\/n\/uploads\/2021\/09\/suno-logo.png","contentUrl":"https:\/\/files.sunoresearch.com.br\/n\/uploads\/2021\/09\/suno-logo.png","width":180,"height":180,"caption":"Suno Not\u00edcias"},"image":{"@id":"https:\/\/www.suno.com.br\/noticias\/#\/schema\/logo\/image\/"},"sameAs":["https:\/\/facebook.com\/sunoresearch","https:\/\/x.com\/sunoresearch","https:\/\/www.instagram.com\/suno","https:\/\/www.linkedin.com\/company\/suno-research\/","https:\/\/www.youtube.com\/c\/sunoresearch"]},{"@type":"Person","@id":"https:\/\/www.suno.com.br\/noticias\/#\/schema\/person\/e672ca8cea627fe715fa29bca7da95e0","name":"Rafaela La Regina","image":{"@type":"ImageObject","inLanguage":"pt-BR","@id":"https:\/\/www.suno.com.br\/noticias\/#\/schema\/person\/image\/","url":"https:\/\/secure.gravatar.com\/avatar\/d2c75a52d243deb93d0465fdcb21bd37?s=96&r=g","contentUrl":"https:\/\/secure.gravatar.com\/avatar\/d2c75a52d243deb93d0465fdcb21bd37?s=96&r=g","caption":"Rafaela La Regina"},"description":"Estagi\u00e1ria no Suno Not\u00edcias. Escreve sobre economia, pol\u00edtica e neg\u00f3cios. Estuda Rela\u00e7\u00f5es Internacionais no IBMEC-SP.","url":"https:\/\/www.suno.com.br\/noticias\/author\/rafaela-la-regina\/"}]}},"default_loop_html":"<div class=\"cardsPage__listCard__boxs\"><div class=\"cardsPage__listCard__boxs__img\"><a href=\"https:\/\/www.suno.com.br\/noticias\/will-bank-recebe-aporte-r-250-mi-xp-private-equity-atmos-capital\/\"><img class=\"mask\" src=\"https:\/\/www.suno.com.br\/noticias\/wp-content\/themes\/suno\/resources\/images\/spotlight\/spotlight1img\/bg-mask.png\" alt=\"Image Mask\"\/><img src=\"https:\/\/files.sunoresearch.com.br\/n\/uploads\/2021\/07\/10c8a2d5-119450394_168261498245240_3328115130614450926_n-400x200.jpg\" alt=\"Banco digital will bank recebe aporte de R$ 250 mi de XP Private Equity e Atmos Capital\"\/><\/a><span class=\"spotlightCategory\"><a href=\"https:\/\/www.suno.com.br\/noticias\/startups\/\">Startups<\/a><\/span><\/div><div class=\"cardsPage__listCard__boxs__content\"><a href=\"https:\/\/www.suno.com.br\/noticias\/will-bank-recebe-aporte-r-250-mi-xp-private-equity-atmos-capital\/\"><h2 class=\"content__title\">Banco digital will bank recebe aporte de R$ 250 mi de XP Private Equity e Atmos Capital<\/h2><\/a><div class=\"newsContent__article__meta\"><div class=\"newsContent__article__meta__authorBox\"><a href=\"https:\/\/www.suno.com.br\/noticias\/author\/rafaela-la-regina\/\" class=\"authorBox__avatar noMobi\"><img src=\"https:\/\/secure.gravatar.com\/avatar\/d2c75a52d243deb93d0465fdcb21bd37?s=96&#038;r=g\" alt=\"Rafaela La Regina\"><\/a><div class=\"authorBox__name\"><span>por\n\t\t\t<a href=\"https:\/\/www.suno.com.br\/noticias\/author\/rafaela-la-regina\/\"><span itemprop=\"author\">Rafaela La Regina<\/span><\/a><\/span><time datetime=\"2021-07-12T16:41:43-03:00\" itemprop=\"datePublished\">12\/07\/2021 16:41<\/time><\/div><\/div><\/div><\/div><\/div>","single_layout":"posts","amp_enabled":true,"_links":{"self":[{"href":"https:\/\/www.suno.com.br\/noticias\/wp-json\/wp\/v2\/posts\/165255"}],"collection":[{"href":"https:\/\/www.suno.com.br\/noticias\/wp-json\/wp\/v2\/posts"}],"about":[{"href":"https:\/\/www.suno.com.br\/noticias\/wp-json\/wp\/v2\/types\/post"}],"author":[{"embeddable":true,"href":"https:\/\/www.suno.com.br\/noticias\/wp-json\/wp\/v2\/users\/56"}],"replies":[{"embeddable":true,"href":"https:\/\/www.suno.com.br\/noticias\/wp-json\/wp\/v2\/comments?post=165255"}],"version-history":[{"count":1,"href":"https:\/\/www.suno.com.br\/noticias\/wp-json\/wp\/v2\/posts\/165255\/revisions"}],"predecessor-version":[{"id":165290,"href":"https:\/\/www.suno.com.br\/noticias\/wp-json\/wp\/v2\/posts\/165255\/revisions\/165290"}],"wp:featuredmedia":[{"embeddable":true,"href":"https:\/\/www.suno.com.br\/noticias\/wp-json\/wp\/v2\/media\/165289"}],"wp:attachment":[{"href":"https:\/\/www.suno.com.br\/noticias\/wp-json\/wp\/v2\/media?parent=165255"}],"wp:term":[{"taxonomy":"category","embeddable":true,"href":"https:\/\/www.suno.com.br\/noticias\/wp-json\/wp\/v2\/categories?post=165255"},{"taxonomy":"post_tag","embeddable":true,"href":"https:\/\/www.suno.com.br\/noticias\/wp-json\/wp\/v2\/tags?post=165255"},{"taxonomy":"suno_strategy","embeddable":true,"href":"https:\/\/www.suno.com.br\/noticias\/wp-json\/wp\/v2\/suno_strategy?post=165255"}],"curies":[{"name":"wp","href":"https:\/\/api.w.org\/{rel}","templated":true}]}}