{"id":165232,"date":"2021-07-12T14:54:30","date_gmt":"2021-07-12T17:54:30","guid":{"rendered":"https:\/\/www.suno.com.br\/noticias\/?p=165232"},"modified":"2021-07-12T14:54:30","modified_gmt":"2021-07-12T17:54:30","slug":"elon-musk-tribunais-defender-aquisicao-solarcity-tesla","status":"publish","type":"post","link":"https:\/\/www.suno.com.br\/noticias\/elon-musk-tribunais-defender-aquisicao-solarcity-tesla\/","title":{"rendered":"Elon Musk vai aos tribunais defender aquisi\u00e7\u00e3o da SolarCity pela Tesla (TSLA34)"},"content":{"rendered":"<p>O CEO da <strong>Tesla<\/strong> (TSLA34), <strong><a class=\"suno-keyword\" href=\"https:\/\/www.suno.com.br\/tudo-sobre\/elon-musk\/\" target=\"_blank\" rel=\"noopener noreferrer\" data-force=\"no\" data-priority=\"2\">Elon Musk<\/a><\/strong>, defendeu a compra da SolarCity Corp pela fabricante de ve\u00edculos el\u00e9tricos no tribunal nesta segunda-feira (12), afirmando a um juiz de Delaware n\u00e3o ter agido indevidamente durante o processo de negocia\u00e7\u00e3o. As informa\u00e7\u00f5es s\u00e3o do &#8220;<em>Wall Street Journal<\/em>&#8220;.<\/p>\t<div class=\"wrapper-featured-image\">\n\t\t<figure class=\"spotlightImg\">\n\n\t\t\t<picture>\n\t\t\t\t<source media=\"(max-width: 768px)\" srcset=\"https:\/\/files.sunoresearch.com.br\/n\/uploads\/2021\/04\/2e47c27d-tesla-3088569_1280-400x200.webp\">\n\t\t\t\t<img loading=\"lazy\" decoding=\"async\" class=\"newsContent__article__imgCapa lazyloadDisabled \" src=\"https:\/\/files.sunoresearch.com.br\/n\/uploads\/2021\/04\/2e47c27d-tesla-3088569_1280-800x450.webp\" width=\"800\" height=\"450\" alt=\"Elon Musk vai aos tribunais defender aquisi\u00e7\u00e3o da SolarCity pela Tesla (TSLA34)\" fetchpriority=high \/>\n\t\t\t<\/picture>\n\n\t\t\t<figcaption class=\"wp-caption-text wp-caption-text--show\">Tesla, montadora de Elon Musk, segue no topo das a\u00e7\u00f5es mais negociadas, por\u00e9m perde o Top 1 nos BDRs -  Foto: Pixabay<\/figcaption>\n\t\t<\/figure>\n\t<\/div>\n\n\n\t<p>\n\t\t<a href=\"https:\/\/lp.suno.com.br\/planilha-controle-gastos\/\" target=\"_blank\" data-element=\"shortcode-suno-banner\" title=\"Banner SUNO, clique e saiba mais\">\n\t\t\t<picture>\n\t\t\t\t<source media=\"(max-width: 500px)\" srcset=\"https:\/\/files.sunoresearch.com.br\/n\/uploads\/2023\/03\/400x300-Planilha-controle-de-gastos.png\">\n\t\t\t\t<img class=\"newsContent__article__imgCapa newsContent__article__imgCapa--banner\"\n\t\t\t\t\tsrc=\"https:\/\/files.sunoresearch.com.br\/n\/uploads\/2023\/03\/1420x240-Planilha-controle-de-gastos.png\"\n\t\t\t\t\tdata-promo-id=\"101751\"\t\t\t\t\t\t\t\t\t\twidth='1420' height='240'\t\t\t\t\talt=\"https:\/\/files.sunoresearch.com.br\/n\/uploads\/2023\/03\/1420x240-Planilha-controle-de-gastos.png\"\n\t\t\t\t>\n\t\t\t<\/picture>\n\t\t<\/a>\n\t<\/p>\n\n\n<p>O caso remonta a 2016, quando Musk era presidente de ambas as empresas, ent\u00e3o n\u00e3o lucrativas. Sua solu\u00e7\u00e3o para melhorar a perspectiva delas era combin\u00e1-las em uma parceria de cerca de US$ 2,1 bilh\u00f5es para estabelecer um \u00fanico neg\u00f3cio de energia limpa.<\/p>\n<p>Os demandantes, que incluem v\u00e1rios fundos de pens\u00e3o que possu\u00edam a\u00e7\u00f5es da Tesla, caracterizaram o neg\u00f3cio como um esquema para se beneficiar e resgatar uma empresa de energia solar \u00e0 beira da insolv\u00eancia.<\/p>\n<p>Musk foi a primeira testemunha chamada no Tribunal da Chancelaria de Delaware em um julgamento que deve durar cerca de duas semanas. Os advogados de <strong>Musk<\/strong> conceberam a aquisi\u00e7\u00e3o como uma oportunidade de realizar seu objetivo de longa data de criar uma empresa de energia sustent\u00e1vel verticalmente integrada.<\/p>\n\t<p>\n\t\t<a href=\"\" target=\"_blank\" data-element=\"shortcode-suno-banner\" title=\"Banner SUNO, clique e saiba mais\">\n\t\t\t<picture>\n\t\t\t\t<source media=\"(max-width: 500px)\" srcset=\"\">\n\t\t\t\t<img class=\"newsContent__article__imgCapa newsContent__article__imgCapa--banner\"\n\t\t\t\t\tsrc=\"\"\n\t\t\t\t\tdata-promo-id=\"77030\"\t\t\t\t\t\t\t\t\t\t\t\t\t\t\talt=\"\"\n\t\t\t\t>\n\t\t\t<\/picture>\n\t\t<\/a>\n\t<\/p>\n\n\n<p>O executivo, que possu\u00eda cerca de 22% da Tesla na \u00e9poca, controlava a transa\u00e7\u00e3o. Provar essa afirma\u00e7\u00e3o \u00e9 um desafio pois Musk era um acionista minorit\u00e1rio da Tesla e os acionistas da empresa aprovaram a aquisi\u00e7\u00e3o, conforme informou o jornal. Os advogados de Musk disseram que a <strong>SolarCity<\/strong> valia mais do que a Tesla pagou por ela e os membros do conselho da fabricante de ve\u00edculos el\u00e9tricos, que inclu\u00edam o irm\u00e3o de Elon, <strong>Kimbal Musk<\/strong>, agiram de forma independente.<\/p>\n<p>Um advogado dos demandantes, Randall Baron, mais tarde questionou o executivo, perguntando por que o desempenho da SolarCity variou significativamente das proje\u00e7\u00f5es que a Tesla deu aos acionistas em 2016.\u00a0 Musk culpou o decl\u00ednio na instala\u00e7\u00e3o de pain\u00e9is solares e participa\u00e7\u00e3o de mercado \u00e0 necessidade da Tesla para se concentrar no desenvolvimento de seu carro Modelo 3 em 2017 e 2018. Na \u00e9poca, a Tesla estava lutando para trazer o carro para o mercado.<\/p>\n\t<p>\n\t\t<a href=\"\" target=\"_blank\" data-element=\"shortcode-suno-banner\" title=\"Banner SUNO, clique e saiba mais\">\n\t\t\t<picture>\n\t\t\t\t<source media=\"(max-width: 500px)\" srcset=\"\">\n\t\t\t\t<img class=\"newsContent__article__imgCapa newsContent__article__imgCapa--banner\"\n\t\t\t\t\tsrc=\"\"\n\t\t\t\t\tdata-promo-id=\"92668\"\t\t\t\t\t\t\t\t\t\t\t\t\t\t\talt=\"\"\n\t\t\t\t>\n\t\t\t<\/picture>\n\t\t<\/a>\n\t<\/p>\n\n\n<p>Mais recentemente, disse Musk, a pandemia de coronav\u00edrus afetou a capacidade da Tesla de obter licen\u00e7as para instala\u00e7\u00f5es solares residenciais.<\/p>\n<p>\u201cAcho que a SolarCity teria se sa\u00eddo bem sozinha e a Tesla sozinha, mas, a <a class=\"suno-keyword\" href=\"https:\/\/www.suno.com.br\/artigos\/longo-prazo\/\" target=\"_blank\" rel=\"noopener noreferrer\" data-force=\"no\" data-priority=\"1\">longo prazo<\/a>, elas s\u00e3o melhores juntas. E \u00e9 isso que o futuro mostrar\u00e1 \u201d, disse <strong>Musk<\/strong> em depoimento.<\/p>\n<p>&nbsp;<\/p>\n\t<p>\n\t\t<a href=\"https:\/\/lp.suno.com.br\/planilha-de-controle-de-investimentos\/\" target=\"_blank\" data-element=\"shortcode-suno-banner\" title=\"Banner SUNO, clique e saiba mais\">\n\t\t\t<picture>\n\t\t\t\t<source media=\"(max-width: 500px)\" srcset=\"https:\/\/files.sunoresearch.com.br\/n\/uploads\/2023\/03\/400x300-Controle-de-Investimentos.png\">\n\t\t\t\t<img class=\"newsContent__article__imgCapa newsContent__article__imgCapa--banner\"\n\t\t\t\t\tsrc=\"https:\/\/files.sunoresearch.com.br\/n\/uploads\/2023\/03\/1420x240-Controle-de-Investimentos.png\"\n\t\t\t\t\tdata-promo-id=\"75934\"\t\t\t\t\t\t\t\t\t\twidth='1420' height='240'\t\t\t\t\talt=\"https:\/\/files.sunoresearch.com.br\/n\/uploads\/2023\/03\/1420x240-Controle-de-Investimentos.png\"\n\t\t\t\t>\n\t\t\t<\/picture>\n\t\t<\/a>\n\t<\/p>\n\n\n","protected":false},"excerpt":{"rendered":"<p>O CEO da Tesla (TSLA34), Elon Musk, defendeu a compra da SolarCity Corp pela fabricante de ve\u00edculos el\u00e9tricos no tribunal nesta segunda-feira (12), afirmando a um juiz de Delaware n\u00e3o ter agido indevidamente durante o processo de negocia\u00e7\u00e3o. As informa\u00e7\u00f5es s\u00e3o do &#8220;Wall Street Journal&#8220;. Tesla, montadora de Elon Musk, segue no topo das a\u00e7\u00f5es [&hellip;]<\/p>\n","protected":false},"author":56,"featured_media":142430,"comment_status":"closed","ping_status":"closed","sticky":false,"template":"","format":"standard","meta":[],"categories":[64],"tags":[726,727],"suno_strategy":[],"class_list":["post-165232","post","type-post","status-publish","format-standard","has-post-thumbnail","hentry","category-negocios","tag-elon-musk","tag-tesla-tsla34"],"yoast_head":"<!-- This site is optimized with the Yoast SEO plugin v24.4 - https:\/\/yoast.com\/wordpress\/plugins\/seo\/ -->\n<title>Elon Musk vai aos tribunais defender aquisi\u00e7\u00e3o da SolarCity pela Tesla (TSLA34)<\/title>\n<meta name=\"description\" content=\"Elon Musk defendeu a compra da SolarCity Corp pela fabricante de ve\u00edculos el\u00e9tricos no tribunal nesta segunda-feira. Veja mais aqui.\" \/>\n<meta name=\"robots\" content=\"index, follow, max-snippet:-1, max-image-preview:large, max-video-preview:-1\" \/>\n<link rel=\"canonical\" href=\"https:\/\/www.suno.com.br\/noticias\/elon-musk-tribunais-defender-aquisicao-solarcity-tesla\/\" \/>\n<meta property=\"og:locale\" content=\"pt_BR\" \/>\n<meta property=\"og:type\" content=\"article\" \/>\n<meta property=\"og:title\" content=\"Elon Musk vai aos tribunais defender aquisi\u00e7\u00e3o da SolarCity pela Tesla (TSLA34)\" \/>\n<meta property=\"og:description\" content=\"Elon Musk defendeu a compra da SolarCity Corp pela fabricante de ve\u00edculos el\u00e9tricos no tribunal nesta segunda-feira. Veja mais aqui.\" \/>\n<meta property=\"og:url\" content=\"https:\/\/www.suno.com.br\/noticias\/elon-musk-tribunais-defender-aquisicao-solarcity-tesla\/\" \/>\n<meta property=\"og:site_name\" content=\"Suno Not\u00edcias\" \/>\n<meta property=\"article:publisher\" content=\"https:\/\/facebook.com\/sunoresearch\" \/>\n<meta property=\"og:image\" content=\"https:\/\/files.sunoresearch.com.br\/n\/uploads\/2021\/04\/2e47c27d-tesla-3088569_1280.jpg\" \/>\n\t<meta property=\"og:image:width\" content=\"1280\" \/>\n\t<meta property=\"og:image:height\" content=\"960\" \/>\n\t<meta property=\"og:image:type\" content=\"image\/jpeg\" \/>\n<meta name=\"author\" content=\"Rafaela La Regina\" \/>\n<meta name=\"twitter:card\" content=\"summary_large_image\" \/>\n<meta name=\"twitter:creator\" content=\"@sunoresearch\" \/>\n<meta name=\"twitter:site\" content=\"@sunoresearch\" \/>\n<meta name=\"twitter:label1\" content=\"Escrito por\" \/>\n\t<meta name=\"twitter:data1\" content=\"Rafaela La Regina\" \/>\n\t<meta name=\"twitter:label2\" content=\"Est. tempo de leitura\" \/>\n\t<meta name=\"twitter:data2\" content=\"2 minutos\" \/>\n<script type=\"application\/ld+json\" class=\"yoast-schema-graph\">{\"@context\":\"https:\/\/schema.org\",\"@graph\":[{\"@type\":\"NewsArticle\",\"@id\":\"https:\/\/www.suno.com.br\/noticias\/elon-musk-tribunais-defender-aquisicao-solarcity-tesla\/#article\",\"isPartOf\":{\"@id\":\"https:\/\/www.suno.com.br\/noticias\/elon-musk-tribunais-defender-aquisicao-solarcity-tesla\/\"},\"author\":{\"name\":\"Rafaela La Regina\",\"@id\":\"https:\/\/www.suno.com.br\/noticias\/#\/schema\/person\/e672ca8cea627fe715fa29bca7da95e0\"},\"headline\":\"Elon Musk vai aos tribunais defender aquisi\u00e7\u00e3o da SolarCity pela Tesla (TSLA34)\",\"datePublished\":\"2021-07-12T17:54:30+00:00\",\"mainEntityOfPage\":{\"@id\":\"https:\/\/www.suno.com.br\/noticias\/elon-musk-tribunais-defender-aquisicao-solarcity-tesla\/\"},\"wordCount\":426,\"publisher\":{\"@id\":\"https:\/\/www.suno.com.br\/noticias\/#organization\"},\"image\":{\"@id\":\"https:\/\/www.suno.com.br\/noticias\/elon-musk-tribunais-defender-aquisicao-solarcity-tesla\/#primaryimage\"},\"thumbnailUrl\":\"https:\/\/files.sunoresearch.com.br\/n\/uploads\/2021\/04\/2e47c27d-tesla-3088569_1280-jpg.webp\",\"keywords\":[\"Elon Musk\",\"Tesla (TSLA34)\"],\"articleSection\":[\"Neg\u00f3cios\"],\"inLanguage\":\"pt-BR\"},{\"@type\":\"WebPage\",\"@id\":\"https:\/\/www.suno.com.br\/noticias\/elon-musk-tribunais-defender-aquisicao-solarcity-tesla\/\",\"url\":\"https:\/\/www.suno.com.br\/noticias\/elon-musk-tribunais-defender-aquisicao-solarcity-tesla\/\",\"name\":\"Elon Musk vai aos tribunais defender aquisi\u00e7\u00e3o da SolarCity pela Tesla (TSLA34)\",\"isPartOf\":{\"@id\":\"https:\/\/www.suno.com.br\/noticias\/#website\"},\"primaryImageOfPage\":{\"@id\":\"https:\/\/www.suno.com.br\/noticias\/elon-musk-tribunais-defender-aquisicao-solarcity-tesla\/#primaryimage\"},\"image\":{\"@id\":\"https:\/\/www.suno.com.br\/noticias\/elon-musk-tribunais-defender-aquisicao-solarcity-tesla\/#primaryimage\"},\"thumbnailUrl\":\"https:\/\/files.sunoresearch.com.br\/n\/uploads\/2021\/04\/2e47c27d-tesla-3088569_1280-jpg.webp\",\"datePublished\":\"2021-07-12T17:54:30+00:00\",\"description\":\"Elon Musk defendeu a compra da SolarCity Corp pela fabricante de ve\u00edculos el\u00e9tricos no tribunal nesta segunda-feira. Veja mais aqui.\",\"breadcrumb\":{\"@id\":\"https:\/\/www.suno.com.br\/noticias\/elon-musk-tribunais-defender-aquisicao-solarcity-tesla\/#breadcrumb\"},\"inLanguage\":\"pt-BR\",\"potentialAction\":[{\"@type\":\"ReadAction\",\"target\":[\"https:\/\/www.suno.com.br\/noticias\/elon-musk-tribunais-defender-aquisicao-solarcity-tesla\/\"]}]},{\"@type\":\"ImageObject\",\"inLanguage\":\"pt-BR\",\"@id\":\"https:\/\/www.suno.com.br\/noticias\/elon-musk-tribunais-defender-aquisicao-solarcity-tesla\/#primaryimage\",\"url\":\"https:\/\/files.sunoresearch.com.br\/n\/uploads\/2021\/04\/2e47c27d-tesla-3088569_1280-jpg.webp\",\"contentUrl\":\"https:\/\/files.sunoresearch.com.br\/n\/uploads\/2021\/04\/2e47c27d-tesla-3088569_1280-jpg.webp\",\"width\":1280,\"height\":960,\"caption\":\"Tesla, montadora de Elon Musk, segue no topo das a\u00e7\u00f5es mais negociadas, por\u00e9m perde o Top 1 nos BDRs - Foto: Pixabay\"},{\"@type\":\"BreadcrumbList\",\"@id\":\"https:\/\/www.suno.com.br\/noticias\/elon-musk-tribunais-defender-aquisicao-solarcity-tesla\/#breadcrumb\",\"itemListElement\":[{\"@type\":\"ListItem\",\"position\":1,\"name\":\"Not\u00edcias\",\"item\":\"https:\/\/www.suno.com.br\/noticias\/\"},{\"@type\":\"ListItem\",\"position\":2,\"name\":\"Neg\u00f3cios\",\"item\":\"https:\/\/www.suno.com.br\/noticias\/negocios\/\"},{\"@type\":\"ListItem\",\"position\":3,\"name\":\"Elon Musk vai aos tribunais defender aquisi\u00e7\u00e3o da SolarCity pela Tesla (TSLA34)\"}]},{\"@type\":\"WebSite\",\"@id\":\"https:\/\/www.suno.com.br\/noticias\/#website\",\"url\":\"https:\/\/www.suno.com.br\/noticias\/\",\"name\":\"Suno Not\u00edcias\",\"description\":\"Seu portal de informa\u00e7\u00e3o sobre o mundo dos investimentos\",\"publisher\":{\"@id\":\"https:\/\/www.suno.com.br\/noticias\/#organization\"},\"potentialAction\":[{\"@type\":\"SearchAction\",\"target\":{\"@type\":\"EntryPoint\",\"urlTemplate\":\"https:\/\/www.suno.com.br\/noticias\/?s={search_term_string}\"},\"query-input\":{\"@type\":\"PropertyValueSpecification\",\"valueRequired\":true,\"valueName\":\"search_term_string\"}}],\"inLanguage\":\"pt-BR\"},{\"@type\":\"Organization\",\"@id\":\"https:\/\/www.suno.com.br\/noticias\/#organization\",\"name\":\"Suno Not\u00edcias\",\"url\":\"https:\/\/www.suno.com.br\/noticias\/\",\"logo\":{\"@type\":\"ImageObject\",\"inLanguage\":\"pt-BR\",\"@id\":\"https:\/\/www.suno.com.br\/noticias\/#\/schema\/logo\/image\/\",\"url\":\"https:\/\/files.sunoresearch.com.br\/n\/uploads\/2021\/09\/suno-logo.png\",\"contentUrl\":\"https:\/\/files.sunoresearch.com.br\/n\/uploads\/2021\/09\/suno-logo.png\",\"width\":180,\"height\":180,\"caption\":\"Suno Not\u00edcias\"},\"image\":{\"@id\":\"https:\/\/www.suno.com.br\/noticias\/#\/schema\/logo\/image\/\"},\"sameAs\":[\"https:\/\/facebook.com\/sunoresearch\",\"https:\/\/x.com\/sunoresearch\",\"https:\/\/www.instagram.com\/suno\",\"https:\/\/www.linkedin.com\/company\/suno-research\/\",\"https:\/\/www.youtube.com\/c\/sunoresearch\"]},{\"@type\":\"Person\",\"@id\":\"https:\/\/www.suno.com.br\/noticias\/#\/schema\/person\/e672ca8cea627fe715fa29bca7da95e0\",\"name\":\"Rafaela La Regina\",\"image\":{\"@type\":\"ImageObject\",\"inLanguage\":\"pt-BR\",\"@id\":\"https:\/\/www.suno.com.br\/noticias\/#\/schema\/person\/image\/\",\"url\":\"https:\/\/secure.gravatar.com\/avatar\/d2c75a52d243deb93d0465fdcb21bd37?s=96&r=g\",\"contentUrl\":\"https:\/\/secure.gravatar.com\/avatar\/d2c75a52d243deb93d0465fdcb21bd37?s=96&r=g\",\"caption\":\"Rafaela La Regina\"},\"description\":\"Estagi\u00e1ria no Suno Not\u00edcias. Escreve sobre economia, pol\u00edtica e neg\u00f3cios. Estuda Rela\u00e7\u00f5es Internacionais no IBMEC-SP.\",\"url\":\"https:\/\/www.suno.com.br\/noticias\/author\/rafaela-la-regina\/\"}]}<\/script>\n<!-- \/ Yoast SEO plugin. -->","yoast_head_json":{"title":"Elon Musk vai aos tribunais defender aquisi\u00e7\u00e3o da SolarCity pela Tesla (TSLA34)","description":"Elon Musk defendeu a compra da SolarCity Corp pela fabricante de ve\u00edculos el\u00e9tricos no tribunal nesta segunda-feira. Veja mais aqui.","robots":{"index":"index","follow":"follow","max-snippet":"max-snippet:-1","max-image-preview":"max-image-preview:large","max-video-preview":"max-video-preview:-1"},"canonical":"https:\/\/www.suno.com.br\/noticias\/elon-musk-tribunais-defender-aquisicao-solarcity-tesla\/","og_locale":"pt_BR","og_type":"article","og_title":"Elon Musk vai aos tribunais defender aquisi\u00e7\u00e3o da SolarCity pela Tesla (TSLA34)","og_description":"Elon Musk defendeu a compra da SolarCity Corp pela fabricante de ve\u00edculos el\u00e9tricos no tribunal nesta segunda-feira. Veja mais aqui.","og_url":"https:\/\/www.suno.com.br\/noticias\/elon-musk-tribunais-defender-aquisicao-solarcity-tesla\/","og_site_name":"Suno Not\u00edcias","article_publisher":"https:\/\/facebook.com\/sunoresearch","og_image":[{"width":1280,"height":960,"url":"https:\/\/files.sunoresearch.com.br\/n\/uploads\/2021\/04\/2e47c27d-tesla-3088569_1280.jpg","type":"image\/jpeg"}],"author":"Rafaela La Regina","twitter_card":"summary_large_image","twitter_creator":"@sunoresearch","twitter_site":"@sunoresearch","twitter_misc":{"Escrito por":"Rafaela La Regina","Est. tempo de leitura":"2 minutos"},"schema":{"@context":"https:\/\/schema.org","@graph":[{"@type":"NewsArticle","@id":"https:\/\/www.suno.com.br\/noticias\/elon-musk-tribunais-defender-aquisicao-solarcity-tesla\/#article","isPartOf":{"@id":"https:\/\/www.suno.com.br\/noticias\/elon-musk-tribunais-defender-aquisicao-solarcity-tesla\/"},"author":{"name":"Rafaela La Regina","@id":"https:\/\/www.suno.com.br\/noticias\/#\/schema\/person\/e672ca8cea627fe715fa29bca7da95e0"},"headline":"Elon Musk vai aos tribunais defender aquisi\u00e7\u00e3o da SolarCity pela Tesla (TSLA34)","datePublished":"2021-07-12T17:54:30+00:00","mainEntityOfPage":{"@id":"https:\/\/www.suno.com.br\/noticias\/elon-musk-tribunais-defender-aquisicao-solarcity-tesla\/"},"wordCount":426,"publisher":{"@id":"https:\/\/www.suno.com.br\/noticias\/#organization"},"image":{"@id":"https:\/\/www.suno.com.br\/noticias\/elon-musk-tribunais-defender-aquisicao-solarcity-tesla\/#primaryimage"},"thumbnailUrl":"https:\/\/files.sunoresearch.com.br\/n\/uploads\/2021\/04\/2e47c27d-tesla-3088569_1280-jpg.webp","keywords":["Elon Musk","Tesla (TSLA34)"],"articleSection":["Neg\u00f3cios"],"inLanguage":"pt-BR"},{"@type":"WebPage","@id":"https:\/\/www.suno.com.br\/noticias\/elon-musk-tribunais-defender-aquisicao-solarcity-tesla\/","url":"https:\/\/www.suno.com.br\/noticias\/elon-musk-tribunais-defender-aquisicao-solarcity-tesla\/","name":"Elon Musk vai aos tribunais defender aquisi\u00e7\u00e3o da SolarCity pela Tesla (TSLA34)","isPartOf":{"@id":"https:\/\/www.suno.com.br\/noticias\/#website"},"primaryImageOfPage":{"@id":"https:\/\/www.suno.com.br\/noticias\/elon-musk-tribunais-defender-aquisicao-solarcity-tesla\/#primaryimage"},"image":{"@id":"https:\/\/www.suno.com.br\/noticias\/elon-musk-tribunais-defender-aquisicao-solarcity-tesla\/#primaryimage"},"thumbnailUrl":"https:\/\/files.sunoresearch.com.br\/n\/uploads\/2021\/04\/2e47c27d-tesla-3088569_1280-jpg.webp","datePublished":"2021-07-12T17:54:30+00:00","description":"Elon Musk defendeu a compra da SolarCity Corp pela fabricante de ve\u00edculos el\u00e9tricos no tribunal nesta segunda-feira. Veja mais aqui.","breadcrumb":{"@id":"https:\/\/www.suno.com.br\/noticias\/elon-musk-tribunais-defender-aquisicao-solarcity-tesla\/#breadcrumb"},"inLanguage":"pt-BR","potentialAction":[{"@type":"ReadAction","target":["https:\/\/www.suno.com.br\/noticias\/elon-musk-tribunais-defender-aquisicao-solarcity-tesla\/"]}]},{"@type":"ImageObject","inLanguage":"pt-BR","@id":"https:\/\/www.suno.com.br\/noticias\/elon-musk-tribunais-defender-aquisicao-solarcity-tesla\/#primaryimage","url":"https:\/\/files.sunoresearch.com.br\/n\/uploads\/2021\/04\/2e47c27d-tesla-3088569_1280-jpg.webp","contentUrl":"https:\/\/files.sunoresearch.com.br\/n\/uploads\/2021\/04\/2e47c27d-tesla-3088569_1280-jpg.webp","width":1280,"height":960,"caption":"Tesla, montadora de Elon Musk, segue no topo das a\u00e7\u00f5es mais negociadas, por\u00e9m perde o Top 1 nos BDRs - Foto: Pixabay"},{"@type":"BreadcrumbList","@id":"https:\/\/www.suno.com.br\/noticias\/elon-musk-tribunais-defender-aquisicao-solarcity-tesla\/#breadcrumb","itemListElement":[{"@type":"ListItem","position":1,"name":"Not\u00edcias","item":"https:\/\/www.suno.com.br\/noticias\/"},{"@type":"ListItem","position":2,"name":"Neg\u00f3cios","item":"https:\/\/www.suno.com.br\/noticias\/negocios\/"},{"@type":"ListItem","position":3,"name":"Elon Musk vai aos tribunais defender aquisi\u00e7\u00e3o da SolarCity pela Tesla (TSLA34)"}]},{"@type":"WebSite","@id":"https:\/\/www.suno.com.br\/noticias\/#website","url":"https:\/\/www.suno.com.br\/noticias\/","name":"Suno Not\u00edcias","description":"Seu portal de informa\u00e7\u00e3o sobre o mundo dos investimentos","publisher":{"@id":"https:\/\/www.suno.com.br\/noticias\/#organization"},"potentialAction":[{"@type":"SearchAction","target":{"@type":"EntryPoint","urlTemplate":"https:\/\/www.suno.com.br\/noticias\/?s={search_term_string}"},"query-input":{"@type":"PropertyValueSpecification","valueRequired":true,"valueName":"search_term_string"}}],"inLanguage":"pt-BR"},{"@type":"Organization","@id":"https:\/\/www.suno.com.br\/noticias\/#organization","name":"Suno Not\u00edcias","url":"https:\/\/www.suno.com.br\/noticias\/","logo":{"@type":"ImageObject","inLanguage":"pt-BR","@id":"https:\/\/www.suno.com.br\/noticias\/#\/schema\/logo\/image\/","url":"https:\/\/files.sunoresearch.com.br\/n\/uploads\/2021\/09\/suno-logo.png","contentUrl":"https:\/\/files.sunoresearch.com.br\/n\/uploads\/2021\/09\/suno-logo.png","width":180,"height":180,"caption":"Suno Not\u00edcias"},"image":{"@id":"https:\/\/www.suno.com.br\/noticias\/#\/schema\/logo\/image\/"},"sameAs":["https:\/\/facebook.com\/sunoresearch","https:\/\/x.com\/sunoresearch","https:\/\/www.instagram.com\/suno","https:\/\/www.linkedin.com\/company\/suno-research\/","https:\/\/www.youtube.com\/c\/sunoresearch"]},{"@type":"Person","@id":"https:\/\/www.suno.com.br\/noticias\/#\/schema\/person\/e672ca8cea627fe715fa29bca7da95e0","name":"Rafaela La Regina","image":{"@type":"ImageObject","inLanguage":"pt-BR","@id":"https:\/\/www.suno.com.br\/noticias\/#\/schema\/person\/image\/","url":"https:\/\/secure.gravatar.com\/avatar\/d2c75a52d243deb93d0465fdcb21bd37?s=96&r=g","contentUrl":"https:\/\/secure.gravatar.com\/avatar\/d2c75a52d243deb93d0465fdcb21bd37?s=96&r=g","caption":"Rafaela La Regina"},"description":"Estagi\u00e1ria no Suno Not\u00edcias. Escreve sobre economia, pol\u00edtica e neg\u00f3cios. Estuda Rela\u00e7\u00f5es Internacionais no IBMEC-SP.","url":"https:\/\/www.suno.com.br\/noticias\/author\/rafaela-la-regina\/"}]}},"default_loop_html":"<div class=\"cardsPage__listCard__boxs\"><div class=\"cardsPage__listCard__boxs__img\"><a href=\"https:\/\/www.suno.com.br\/noticias\/elon-musk-tribunais-defender-aquisicao-solarcity-tesla\/\"><img class=\"mask\" src=\"https:\/\/www.suno.com.br\/noticias\/wp-content\/themes\/suno\/resources\/images\/spotlight\/spotlight1img\/bg-mask.png\" alt=\"Image Mask\"\/><img src=\"https:\/\/files.sunoresearch.com.br\/n\/uploads\/2021\/04\/2e47c27d-tesla-3088569_1280-400x200.webp\" alt=\"Elon Musk vai aos tribunais defender aquisi\u00e7\u00e3o da SolarCity pela Tesla (TSLA34)\"\/><\/a><span class=\"spotlightCategory\"><a href=\"https:\/\/www.suno.com.br\/noticias\/negocios\/\">Neg\u00f3cios<\/a><\/span><\/div><div class=\"cardsPage__listCard__boxs__content\"><a href=\"https:\/\/www.suno.com.br\/noticias\/elon-musk-tribunais-defender-aquisicao-solarcity-tesla\/\"><h2 class=\"content__title\">Elon Musk vai aos tribunais defender aquisi\u00e7\u00e3o da SolarCity pela Tesla (TSLA34)<\/h2><\/a><div class=\"newsContent__article__meta\"><div class=\"newsContent__article__meta__authorBox\"><a href=\"https:\/\/www.suno.com.br\/noticias\/author\/rafaela-la-regina\/\" class=\"authorBox__avatar noMobi\"><img src=\"https:\/\/secure.gravatar.com\/avatar\/d2c75a52d243deb93d0465fdcb21bd37?s=96&#038;r=g\" alt=\"Rafaela La Regina\"><\/a><div class=\"authorBox__name\"><span>por\n\t\t\t<a href=\"https:\/\/www.suno.com.br\/noticias\/author\/rafaela-la-regina\/\"><span itemprop=\"author\">Rafaela La Regina<\/span><\/a><\/span><time datetime=\"2021-07-12T14:54:30-03:00\" itemprop=\"datePublished\">12\/07\/2021 14:54<\/time><\/div><\/div><\/div><\/div><\/div>","single_layout":"posts","amp_enabled":true,"_links":{"self":[{"href":"https:\/\/www.suno.com.br\/noticias\/wp-json\/wp\/v2\/posts\/165232"}],"collection":[{"href":"https:\/\/www.suno.com.br\/noticias\/wp-json\/wp\/v2\/posts"}],"about":[{"href":"https:\/\/www.suno.com.br\/noticias\/wp-json\/wp\/v2\/types\/post"}],"author":[{"embeddable":true,"href":"https:\/\/www.suno.com.br\/noticias\/wp-json\/wp\/v2\/users\/56"}],"replies":[{"embeddable":true,"href":"https:\/\/www.suno.com.br\/noticias\/wp-json\/wp\/v2\/comments?post=165232"}],"version-history":[{"count":2,"href":"https:\/\/www.suno.com.br\/noticias\/wp-json\/wp\/v2\/posts\/165232\/revisions"}],"predecessor-version":[{"id":165254,"href":"https:\/\/www.suno.com.br\/noticias\/wp-json\/wp\/v2\/posts\/165232\/revisions\/165254"}],"wp:featuredmedia":[{"embeddable":true,"href":"https:\/\/www.suno.com.br\/noticias\/wp-json\/wp\/v2\/media\/142430"}],"wp:attachment":[{"href":"https:\/\/www.suno.com.br\/noticias\/wp-json\/wp\/v2\/media?parent=165232"}],"wp:term":[{"taxonomy":"category","embeddable":true,"href":"https:\/\/www.suno.com.br\/noticias\/wp-json\/wp\/v2\/categories?post=165232"},{"taxonomy":"post_tag","embeddable":true,"href":"https:\/\/www.suno.com.br\/noticias\/wp-json\/wp\/v2\/tags?post=165232"},{"taxonomy":"suno_strategy","embeddable":true,"href":"https:\/\/www.suno.com.br\/noticias\/wp-json\/wp\/v2\/suno_strategy?post=165232"}],"curies":[{"name":"wp","href":"https:\/\/api.w.org\/{rel}","templated":true}]}}